{"id":5699,"date":"2020-08-31T15:49:26","date_gmt":"2020-08-31T15:49:26","guid":{"rendered":"https:\/\/www.planbwagen.de\/?p=5699"},"modified":"2021-03-12T10:22:03","modified_gmt":"2021-03-12T10:22:03","slug":"fursten-forest-4x4training-mit-axel-froehlich","status":"publish","type":"post","link":"https:\/\/www.planbwagen.de\/nl\/duitsland\/fursten-forest-4x4training-met-axel-froehlich\/","title":{"rendered":"Furstenwald - 4x4training met Axel Fr\u00f6hlich"},"content":{"rendered":"<p>[et_pb_section fb_built=&#8220;1&#8243; _builder_version=&#8220;4.5.1&#8243; _module_preset=&#8220;default&#8220;][et_pb_row column_structure=&#8220;1_3,1_3,1_3&#8243; _builder_version=&#8220;4.5.1&#8243; _module_preset=&#8220;default&#8220;][et_pb_column type=&#8220;1_3&#8243; _builder_version=&#8220;4.5.1&#8243; _module_preset=&#8220;default&#8220;][et_pb_image src=&#8220;https:\/\/www.planbwagen.de\/wp-content\/uploads\/2020\/09\/1-40.jpg&#8220; title_text=&#8220;1&#8243; _builder_version=&#8220;4.5.1&#8243; _module_preset=&#8220;default&#8220;][\/et_pb_image][\/et_pb_column][et_pb_column type=&#8220;1_3&#8243; _builder_version=&#8220;4.5.1&#8243; _module_preset=&#8220;default&#8220;][et_pb_image src=&#8220;https:\/\/www.planbwagen.de\/wp-content\/uploads\/2020\/09\/2-35.jpg&#8220; title_text=&#8220;2&#8243; _builder_version=&#8220;4.5.1&#8243; _module_preset=&#8220;default&#8220;][\/et_pb_image][\/et_pb_column][et_pb_column type=&#8220;1_3&#8243; _builder_version=&#8220;4.5.1&#8243; _module_preset=&#8220;default&#8220;][et_pb_image src=&#8220;https:\/\/www.planbwagen.de\/wp-content\/uploads\/2020\/09\/3-32.jpg&#8220; title_text=&#8220;3&#8243; _builder_version=&#8220;4.5.1&#8243; _module_preset=&#8220;default&#8220;][\/et_pb_image][\/et_pb_column][\/et_pb_row][et_pb_row _builder_version=&#8220;4.5.1&#8243; _module_preset=&#8220;default&#8220;][et_pb_column type=&#8220;4_4&#8243; _builder_version=&#8220;4.5.1&#8243; _module_preset=&#8220;default&#8220;][et_pb_text _builder_version=&#8220;4.5.1&#8243; _module_preset=&#8220;default&#8220;]<\/p>\n<p>De eerste bestemming op onze lange reis ligt ten noorden van de stad F\u00fcrstenau. Hier, vlakbij de Duits-Nederlandse grens, ligt het grootste openluchtgebied van Europa - het Furstenwald. Een 400 hectare groot voormalig oefenterrein van de Duitse strijdkrachten heeft een vreedzame bestemming gekregen. Maar wat brengt ons hier? Axel Fr\u00f6hlich van de <a href=\"https:\/\/www.4x4training.de\/\" target=\"_blank\" title=\"https:\/\/www.4x4training.de\/\" rel=\"noopener noreferrer\">4x4training.nl<\/a> heeft uitgenodigd voor de Overlanding Rijopleiding. Deze training, die is afgestemd op terreinbussen, biedt de mogelijkheid om de grenzen van je voertuig te verkennen.\u00a0<\/p>\n<p>Als wir am Freitag Abend eintreffen,\u00a0sto\u00dfen wir als erstes auf @nurmalkurzraus. Ihn und seinen Seikel VW T5 &#8218;kennen&#8216; wir bereits von seinem Instagram Account. Wir verstehen uns vom ersten Moment an. Schnell stellt sich heraus, dass wir sowohl privat als auch gesch\u00e4ftlich etliche Parallelen haben. Vielleicht liegt es daran. Schon bald sto\u00dfen weitere Busse hinzu. Neben mehreren VW T5 und T6, sowie zwei VW Crafter ist auch ein \u00e4lterer Ford dabei. Alle vereint nicht nur, dass Sie Offroad Erfahrungen sammeln wollen, sondern auch, ein lockerer und \u00e4u\u00dferst sympathischer Umgang. Am n\u00e4chsten Morgen st\u00f6\u00dft dann Axel, im VW Touareg und sein Partner Helmut im Lada Niva dazu. &#8211; Es kann also los gehen.<\/p>\n<p>[\/et_pb_text][\/et_pb_column][\/et_pb_row][et_pb_row column_structure=&#8220;1_3,1_3,1_3&#8243; _builder_version=&#8220;4.5.1&#8243; _module_preset=&#8220;default&#8220;][et_pb_column type=&#8220;1_3&#8243; _builder_version=&#8220;4.5.1&#8243; _module_preset=&#8220;default&#8220;][et_pb_image src=&#8220;https:\/\/www.planbwagen.de\/wp-content\/uploads\/2020\/09\/4-25.jpg&#8220; title_text=&#8220;4&#8243; _builder_version=&#8220;4.5.1&#8243; _module_preset=&#8220;default&#8220;][\/et_pb_image][\/et_pb_column][et_pb_column type=&#8220;1_3&#8243; _builder_version=&#8220;4.5.1&#8243; _module_preset=&#8220;default&#8220;][et_pb_image src=&#8220;https:\/\/www.planbwagen.de\/wp-content\/uploads\/2020\/09\/5-22.jpg&#8220; title_text=&#8220;5&#8243; _builder_version=&#8220;4.5.1&#8243; _module_preset=&#8220;default&#8220;][\/et_pb_image][\/et_pb_column][et_pb_column type=&#8220;1_3&#8243; _builder_version=&#8220;4.5.1&#8243; _module_preset=&#8220;default&#8220;][et_pb_image src=&#8220;https:\/\/www.planbwagen.de\/wp-content\/uploads\/2020\/09\/6-18.jpg&#8220; title_text=&#8220;6&#8243; _builder_version=&#8220;4.5.1&#8243; _module_preset=&#8220;default&#8220;][\/et_pb_image][\/et_pb_column][\/et_pb_row][et_pb_row _builder_version=&#8220;4.5.1&#8243; _module_preset=&#8220;default&#8220;][et_pb_column type=&#8220;4_4&#8243; _builder_version=&#8220;4.5.1&#8243; _module_preset=&#8220;default&#8220;][et_pb_text _builder_version=&#8220;4.5.1&#8243; _module_preset=&#8220;default&#8220;]<\/p>\n<p>Im Fursten Forest erwartet uns mittelschweres bis schweres Gel\u00e4nde. Wir wollen uns auf das Mittelschwere konzentrieren. Aufgrund seiner Gr\u00f6\u00dfe bietet das Areal genug M\u00f6glichkeiten sich zu verirren. Es gibt verschiedene neue Einrichtungen f\u00fcr Allradfahrer und andere Gel\u00e4ndefahrer, wie eine Br\u00fccke, eine Wippe, Kreuzachsen und eine Winde. Letztere nehmen wir nur in Augenschein. Wer seinen Bulli zerlegen m\u00f6chte, bekommt hier die M\u00f6glichkeit. Wir fahren erst einmal in eine alte Sandgrabung. Hier kann das Fahren in der W\u00fcste perfekt simuliert werden. Schnell entdecken wir die Grenzen unserer Fahrzeuge. Erstmals kommen Sandbleche und Schaufeln zum Einsatz. Hier zeigt sich aber auch, dass eine Investition in verst\u00e4rkte Abschlepp\u00f6sen &#8222;Berge\u00f6sen&#8220; f\u00fcr alle Sinn machen, die ihr Fahrzeug abseits der Stra\u00dfe bewegen wollen. Da Bergung, bzw. Eigenbergung ein fester Bestandteil des Trainings ist, galt es bereits im Vorfeld Schaufeln, Seile, Bergegurte, Sandbleche, Kompressoren und Wagenheber einzupacken.<\/p>\n<p>Letztere kamen im n\u00e4chsten Stepp zum Vorschein. &#8222;Wechselt bitte ein Rad&#8220; kam die nette Aufforderung. Dies f\u00fchrte teils zu langen Gesichtern. Denn der Original Wagenheber funktioniert hier drau\u00dfen aufgrund der geringen H\u00f6he und Belastbarkeit nicht. Wir hatten uns im Vorfeld f\u00fcr einen hydraulischen Teleskop-Wagenheber, bis 5000 kg entschieden. Das h\u00e4tte gereicht. Doch es ging mehr darum die m\u00f6gliche Problematik aufzuzeigen, als um unn\u00f6tige Arbeit. &#8211; Gl\u00fcck gehabt. Dem ein oder anderen wurde es auch so warm genug.<\/p>\n<p>[\/et_pb_text][\/et_pb_column][\/et_pb_row][et_pb_row column_structure=&#8220;1_3,1_3,1_3&#8243; _builder_version=&#8220;4.5.1&#8243; _module_preset=&#8220;default&#8220;][et_pb_column type=&#8220;1_3&#8243; _builder_version=&#8220;4.5.1&#8243; _module_preset=&#8220;default&#8220;][et_pb_image src=&#8220;https:\/\/www.planbwagen.de\/wp-content\/uploads\/2020\/09\/7-13.jpg&#8220; title_text=&#8220;7&#8243; _builder_version=&#8220;4.5.1&#8243; _module_preset=&#8220;default&#8220;][\/et_pb_image][\/et_pb_column][et_pb_column type=&#8220;1_3&#8243; _builder_version=&#8220;4.5.1&#8243; _module_preset=&#8220;default&#8220;][et_pb_image src=&#8220;https:\/\/www.planbwagen.de\/wp-content\/uploads\/2020\/09\/8-12.jpg&#8220; title_text=&#8220;8&#8243; _builder_version=&#8220;4.5.1&#8243; _module_preset=&#8220;default&#8220;][\/et_pb_image][\/et_pb_column][et_pb_column type=&#8220;1_3&#8243; _builder_version=&#8220;4.5.1&#8243; _module_preset=&#8220;default&#8220;][et_pb_image src=&#8220;https:\/\/www.planbwagen.de\/wp-content\/uploads\/2020\/09\/9-9.jpg&#8220; title_text=&#8220;9&#8243; _builder_version=&#8220;4.5.1&#8243; _module_preset=&#8220;default&#8220;][\/et_pb_image][\/et_pb_column][\/et_pb_row][et_pb_row _builder_version=&#8220;4.5.1&#8243; _module_preset=&#8220;default&#8220;][et_pb_column type=&#8220;4_4&#8243; _builder_version=&#8220;4.5.1&#8243; _module_preset=&#8220;default&#8220;][et_pb_text _builder_version=&#8220;4.5.1&#8243; _module_preset=&#8220;default&#8220;]<\/p>\n<p>Als n\u00e4chstes folgten Forst Durchfahrten, der Boden war teils sandig, teils lehmig. Diverse Wasserl\u00f6cher boten die M\u00f6glichkeit den Bus zu versenken. Eine gute M\u00f6glichkeit um auf entsprechende Gefahren zu sensibilisieren. Ein Stock zeigt schnell, wie tief eine &#8222;kleine&#8220; Pf\u00fctze sein kann. So lernen wir Pf\u00fctzen und Schlamm besser zu umgehen. Doch manchmal muss man halt auch durch. Umso wichtiger ist nachher den Bulli sauber zu machen. Schlammspritzer m\u00f6gen cool aussehen, doch Schlammablagerungen im Keilriemen oder Unterboden sind es nicht.<\/p>\n<p>Gepantserde heuvels maken het mogelijk om te leren hoe je over bergkammen rijdt. Dit kan alleen door er overheen te rijden om de asafstand te verkleinen en ervoor te zorgen dat alle banden in contact zijn met de grond. Dit lukt meestal, maar niet altijd. - Maar hoe deed BUTCH het?<\/p>\n<p>Matig tot slecht. - Op bospaden deed hij het aanvankelijk erg goed, zelfs een modderige passage werd met vlag en wimpel doorstaan. De wip was ook geen groot obstakel. Maar een schuine helling brak onze nek, of beter gezegd BUTCHs nek, nee, een aandrijfas. Het was dus meer een beenbreuk. Hij beheerste de afdaling uitstekend. Maar toen we de beklimming onder de knie moesten krijgen, werden we ruw wakker geschud. Er klonk een luide knal. Het was meteen duidelijk dat er iets elementairs was losgebroken. BUTCH rolde langzaam achteruit de heuvel af. De vernielde aandrijfas werd ter plekke verwijderd. Daarna moest BUTCH van het veld worden getrokken.<\/p>\n<p>Sp\u00e4testens hier war ich f\u00fcr die Berge\u00f6sen dankbar. Doch dass das Bergetraining soweit ging, hatte ich nicht gedacht. Ich freue mich schon auf die Diskussion, dass der T4 der letzte Bulli und eigentlich nur T1, T2 oder T3 etwas taugen. Ja, heute sind wir ebenfalls &#8222;etwas&#8220; niedergeschlagen. Und mein Verst\u00e4ndnis VW gegen\u00fcber war sp\u00e4testens auf dem Tiefpunkt, als es hie\u00df, man sei sich nicht sicher ob und bis wann eine Antriebswelle zu liefern sei. Doch was ist die Alternative? BUTCH verkaufen um auf einen T3 umzusteigen? Sicher nicht. Denn alle anderen T5 und T6 haben sich gut geschlagen. Und obwohl ja viele, uns eingeschlossen, auf T1 bis T3 stehen, gibt es scheinbar nur noch wenige, die bereit sind damit auf gro\u00dfe Tour zu gehen und darin zu leben. Zu knapp ist der Platz und noch knapper der Komfort. Viel h\u00e4ufiger haben wir unterwegs traumhaft restaurierte Bullis gesehen, die zwar eine durchgestylte Campingausstattung besitzen, deren Fahrer aber abends doch in die Herberge oder ins Hotel geht. Oder den T3, der sich zwar auf den Campingplatz stellt, f\u00fcrs Gel\u00e4nde jedoch ein Quad zieht. &#8211; F\u00fcr uns keine echte Alternative.<\/p>\n<p>Misschien was het de chauffeur? - Axel, onze coach, zegt van niet, ik heb alles goed gedaan. - Misschien had ik gewoon pech en had onze aandrijfas vanaf het begin een probleem. Misschien had de hogere vering ook invloed, maar dat betwijfel ik. - We zullen nu zien wat ons te wachten staat en zullen verslag uitbrengen. Feit is dat ons humeur voorlopig op een dieptepunt is.<\/p>\n<p>[\/et_pb_text][\/et_pb_column][\/et_pb_row][et_pb_row _builder_version=&#8220;4.5.1&#8243; _module_preset=&#8220;default&#8220;][et_pb_column type=&#8220;4_4&#8243; _builder_version=&#8220;4.5.1&#8243; _module_preset=&#8220;default&#8220;][et_pb_image src=&#8220;https:\/\/www.planbwagen.de\/wp-content\/uploads\/2020\/09\/12-2.jpg&#8220; title_text=&#8220;12&#8243; align=&#8220;center&#8220; _builder_version=&#8220;4.5.1&#8243; _module_preset=&#8220;default&#8220;][\/et_pb_image][\/et_pb_column][\/et_pb_row][et_pb_row _builder_version=&#8220;4.5.1&#8243; _module_preset=&#8220;default&#8220;][et_pb_column type=&#8220;4_4&#8243; _builder_version=&#8220;4.5.1&#8243; _module_preset=&#8220;default&#8220;][et_pb_text _builder_version=&#8220;4.5.1&#8243; _module_preset=&#8220;default&#8220;]<\/p>\n<p>Auch wenn es so aussieht, als ob ich die Antriebswelle wie ein Zepter vor mir her trage, mir war eher danach sie als Keule zu benutzen. Wie h\u00e4tte mein Vater gesagt? &#8222;Mit dieser Technik konnte man keinen Krieg gewinnen&#8220; &#8211; Glaubt mir jetzt noch jemand, dass dieser ein Pazifist war? &#8211; Vielleicht nicht, doch ich wei\u00df es.<\/p>\n<p>So oder so bin ich ziemlich gefrustet. &#8211; Doch was macht die weltbeste Ehefrau? &#8211; Sie zaubert eine zwanzig Jahre alte Flasche Sp\u00e4tburgunder S von Meyer-N\u00e4kel heraus. &#8222;Die habe ich f\u00fcr einen besonderen Anlass aufbewahrt. Das ist sicher der richtige Moment&#8220; &#8211; \u00dcberall wo wir sind ist oben. Und sollten wir mal unten sein, dann ist halt unten oben. Ich stecke mir dazu eine Zigarre an. Wenn nicht jetzt, wann dann?<\/p>\n<p>[\/et_pb_text][\/et_pb_column][\/et_pb_row][\/et_pb_section]<\/p>","protected":false},"excerpt":{"rendered":"<p>[et_pb_section fb_built=&#8220;1&#8243; _builder_version=&#8220;4.5.1&#8243; _module_preset=&#8220;default&#8220;][et_pb_row column_structure=&#8220;1_3,1_3,1_3&#8243; _builder_version=&#8220;4.5.1&#8243; _module_preset=&#8220;default&#8220;][et_pb_column type=&#8220;1_3&#8243; _builder_version=&#8220;4.5.1&#8243; _module_preset=&#8220;default&#8220;][et_pb_image src=&#8220;https:\/\/www.planbwagen.de\/wp-content\/uploads\/2020\/09\/1-40.jpg&#8220; title_text=&#8220;1&#8243; _builder_version=&#8220;4.5.1&#8243; _module_preset=&#8220;default&#8220;][\/et_pb_image][\/et_pb_column][et_pb_column type=&#8220;1_3&#8243; _builder_version=&#8220;4.5.1&#8243; _module_preset=&#8220;default&#8220;][et_pb_image src=&#8220;https:\/\/www.planbwagen.de\/wp-content\/uploads\/2020\/09\/2-35.jpg&#8220; title_text=&#8220;2&#8243; _builder_version=&#8220;4.5.1&#8243; _module_preset=&#8220;default&#8220;][\/et_pb_image][\/et_pb_column][et_pb_column type=&#8220;1_3&#8243; _builder_version=&#8220;4.5.1&#8243; _module_preset=&#8220;default&#8220;][et_pb_image src=&#8220;https:\/\/www.planbwagen.de\/wp-content\/uploads\/2020\/09\/3-32.jpg&#8220; title_text=&#8220;3&#8243; _builder_version=&#8220;4.5.1&#8243; _module_preset=&#8220;default&#8220;][\/et_pb_image][\/et_pb_column][\/et_pb_row][et_pb_row _builder_version=&#8220;4.5.1&#8243; _module_preset=&#8220;default&#8220;][et_pb_column type=&#8220;4_4&#8243; _builder_version=&#8220;4.5.1&#8243; _module_preset=&#8220;default&#8220;][et_pb_text _builder_version=&#8220;4.5.1&#8243; _module_preset=&#8220;default&#8220;] Das erste Ziel unserer langen Reise liegt n\u00f6rdlich des Ortes F\u00fcrstenau. Hier, nahe der deutsch, holl\u00e4ndischen Grenze befindet sich das [&hellip;]<\/p>","protected":false},"author":1,"featured_media":5702,"comment_status":"open","ping_status":"open","sticky":false,"template":"","format":"standard","meta":{"_et_pb_use_builder":"on","_et_pb_old_content":"","_et_gb_content_width":"","footnotes":""},"categories":[12],"tags":[],"class_list":["post-5699","post","type-post","status-publish","format-standard","has-post-thumbnail","hentry","category-deutschland"],"_links":{"self":[{"href":"https:\/\/www.planbwagen.de\/nl\/wp-json\/wp\/v2\/posts\/5699","targetHints":{"allow":["GET"]}}],"collection":[{"href":"https:\/\/www.planbwagen.de\/nl\/wp-json\/wp\/v2\/posts"}],"about":[{"href":"https:\/\/www.planbwagen.de\/nl\/wp-json\/wp\/v2\/types\/post"}],"author":[{"embeddable":true,"href":"https:\/\/www.planbwagen.de\/nl\/wp-json\/wp\/v2\/users\/1"}],"replies":[{"embeddable":true,"href":"https:\/\/www.planbwagen.de\/nl\/wp-json\/wp\/v2\/comments?post=5699"}],"version-history":[{"count":6,"href":"https:\/\/www.planbwagen.de\/nl\/wp-json\/wp\/v2\/posts\/5699\/revisions"}],"predecessor-version":[{"id":10857,"href":"https:\/\/www.planbwagen.de\/nl\/wp-json\/wp\/v2\/posts\/5699\/revisions\/10857"}],"wp:featuredmedia":[{"embeddable":true,"href":"https:\/\/www.planbwagen.de\/nl\/wp-json\/wp\/v2\/media\/5702"}],"wp:attachment":[{"href":"https:\/\/www.planbwagen.de\/nl\/wp-json\/wp\/v2\/media?parent=5699"}],"wp:term":[{"taxonomy":"category","embeddable":true,"href":"https:\/\/www.planbwagen.de\/nl\/wp-json\/wp\/v2\/categories?post=5699"},{"taxonomy":"post_tag","embeddable":true,"href":"https:\/\/www.planbwagen.de\/nl\/wp-json\/wp\/v2\/tags?post=5699"}],"curies":[{"name":"wp","href":"https:\/\/api.w.org\/{rel}","templated":true}]}}