{"id":2086,"date":"2019-08-18T19:23:10","date_gmt":"2019-08-18T19:23:10","guid":{"rendered":""},"modified":"2020-09-25T14:44:23","modified_gmt":"2020-09-25T14:44:23","slug":"tag-no-12-abschied-nehmen","status":"publish","type":"post","link":"https:\/\/www.planbwagen.de\/nl\/kroatie\/dag-nr-12-afscheid-nemen\/","title":{"rendered":"Dag 12 - Afscheid nemen"},"content":{"rendered":"<p>[et_pb_section fb_built=&#8220;1&#8243; _builder_version=&#8220;3.22&#8243;][et_pb_row _builder_version=&#8220;4.5.1&#8243; _module_preset=&#8220;default&#8220;][et_pb_column type=&#8220;4_4&#8243; _builder_version=&#8220;4.5.1&#8243; _module_preset=&#8220;default&#8220;][et_pb_text _builder_version=&#8220;4.5.1&#8243; _module_preset=&#8220;default&#8220;]<\/p>\n<p><span>We genieten van de laatste dag van onze vakantie. Morgen willen we op weg naar huis. We zwemmen en pootjebaden de hele dag. Tussendoor genieten we van een beetje zon. Maar het voelt alsof de zon sneller ondergaat dan de vorige dagen. We besluiten nog een fles wijn leeg te drinken en de laatste sigaar op te steken. We zitten tot lang na zonsondergang op het strand en genieten van de zwoele nacht.\u00a0<\/span><\/p>\n<p>[\/et_pb_text][\/et_pb_column][\/et_pb_row][et_pb_row column_structure=&#8220;1_2,1_2&#8243; _builder_version=&#8220;4.5.1&#8243; _module_preset=&#8220;default&#8220;][et_pb_column type=&#8220;1_2&#8243; _builder_version=&#8220;4.5.1&#8243; _module_preset=&#8220;default&#8220;][et_pb_image src=&#8220;https:\/\/www.planbwagen.de\/wp-content\/uploads\/2020\/08\/b-1.jpg&#8220; alt=&#8220;Distelzweig an der Frontscheibe eines T5 California&#8220; _builder_version=&#8220;4.5.1&#8243; _module_preset=&#8220;default&#8220;][\/et_pb_image][\/et_pb_column][et_pb_column type=&#8220;1_2&#8243; _builder_version=&#8220;4.5.1&#8243; _module_preset=&#8220;default&#8220;][et_pb_text _builder_version=&#8220;4.5.1&#8243; _module_preset=&#8220;default&#8220;]<\/p>\n<p>Conclusie: We hebben echt genoten van Kroati\u00eb. We komen terug, maar we weten nog niet zeker wanneer en hoe. De volgende dag gaan we vroeg op pad. Dit keer kiezen we de directe route richting Oostenrijk. We schieten veel beter op dan verwacht. In Oostenrijk hebben we een kleine onbedoelde tussenstop. Bij een tolstation rijden we vanzelfsprekend door, omdat we een Go Box hebben. Helaas zijn we vergeten dat deze geldig is in Frankrijk, Itali\u00eb, Spanje en Portugal, maar niet in Oostenrijk. Na een korte discussie mogen we doorrijden. Blijkbaar is een sterke claim hier meer geldig dan een zwakke waarheid. Pas later besef ik mijn fout. - Gelukkig maar!<\/p>\n<p>Tegen de avond rijst de vraag of we de spoorweg weer moeten verlaten of moeten doorrijden. - Het vooruitzicht van een knus bed en een verfrissende douche houdt ons op de been. Torgit en ik blijven elkaar afwisselen, we zijn gewoon een team. Laat in de avond komen we aan in Keulen. We zijn weer thuis. Tenminste voor een korte tijd. Over een paar weken begint immers onze 315 graden tour.\u00a0<\/p>\n<p>Van Keulen 315 graden naar de kust en dan zuidwaarts. Maar eerst zijn we in K\u00f6lle aan de Rijn.\u00a0<\/p>\n<p>Maar we hebben iets meegenomen. Een disteltak zal ons de komende maanden vergezellen met Hector en een paar ervaringen. De komende dagen zullen we een paar verbeteringen aan onze uitrusting aanbrengen. Maar daarover meer in onze paklijst. Tot snel!<\/p>\n<p>[\/et_pb_text][\/et_pb_column][\/et_pb_row][\/et_pb_section]<\/p>","protected":false},"excerpt":{"rendered":"<p>[et_pb_section fb_built=&#8220;1&#8243; _builder_version=&#8220;3.22&#8243;][et_pb_row _builder_version=&#8220;4.5.1&#8243; _module_preset=&#8220;default&#8220;][et_pb_column type=&#8220;4_4&#8243; _builder_version=&#8220;4.5.1&#8243; _module_preset=&#8220;default&#8220;][et_pb_text _builder_version=&#8220;4.5.1&#8243; _module_preset=&#8220;default&#8220;] Den letzten Tag unseres Urlaubes genie\u00dfen wir noch voller Entspannung. Morgen wollen wir den Heimweg antreten. Wir schwimmen und paddeln den ganzen Tag. Zwischendurch genie\u00dfen wir noch ein wenig die Sonne. Doch selbige neigt sich gef\u00fchlt schneller dem Horizont, als an den Tagen zuvor. Wir [&hellip;]<\/p>","protected":false},"author":1,"featured_media":3664,"comment_status":"open","ping_status":"open","sticky":false,"template":"","format":"standard","meta":{"_et_pb_use_builder":"on","_et_pb_old_content":"<div id=\"content_start\">\u00a0<\/div><article class=\"j-blog\"><div class=\"n j-blog-meta j-blog-post--header\"><div class=\"j-text j-module n\"><a class=\"j-blog-post--category\" href=\"https:\/\/www.gluecksmuskel.de\/hectors-reisen\/croatia-kroatien\/\"> Croatia - Kroatien <\/a> \u00a0\u00b7\u00a0 <span class=\"j-text j-blog-post--date\"> 18. August 2019 <\/span><\/div><h1 class=\"j-blog-header j-blog-headline j-blog-post--headline\">Tag No. 12 - Abschied nehmen<\/h1><\/div><div class=\"post j-blog-content\"><div id=\"cc-matrix-3599153026\"><div id=\"cc-m-12541447926\" class=\"j-module n j-imageSubtitle \"><figure class=\"cc-imagewrapper cc-m-image-align-1 cc-m-width-maxed\"><img id=\"cc-m-imagesubtitle-image-12541447926\" class=\"\" src=\"https:\/\/planbwagen.de\/wp-content\/uploads\/2020\/07\/image-9-2-2-6.jpg\" sizes=\"(min-width: 1040px) 1040px, 100vw\" alt=\"\" data-src-width=\"9912\" data-src-height=\"3656\" data-src=\"https:\/\/planbwagen.de\/wp-content\/uploads\/2020\/07\/image-9-2-2-6.jpg\" data-image-id=\"8104100626\" data-pfsrc=\"https:\/\/planbwagen.de\/wp-content\/uploads\/2020\/07\/image-9-2-2-6.jpg\" \/><\/figure><div class=\"cc-clear\">\u00a0<\/div><p><script id=\"cc-m-reg-12541447926\">\/\/ <![CDATA[ window.regModule(\"module_imageSubtitle\", {\"data\":{\"imageExists\":true,\"hyperlink\":\"\",\"hyperlink_target\":\"\",\"hyperlinkAsString\":\"\",\"pinterest\":\"0\",\"id\":12541447926,\"widthEqualsContent\":\"1\",\"resizeWidth\":\"1040\",\"resizeHeight\":384},\"id\":12541447926}); \/\/ ]]> <\/script><\/p><\/div><div id=\"cc-m-12541448026\" class=\"j-module n j-text \"><p>Den letzten Tag unseres Urlaubes genie\u00dfen wir noch voller Entspannung. Morgen wollen wir den Heimweg antreten. Wir schwimmen und paddeln den ganzen Tag. Zwischendurch genie\u00dfen wir noch ein wenig die Sonne. Doch selbige neigt sich gef\u00fchlt schneller dem Horizont, als an den Tagen zuvor. Wir beschlie\u00dfen noch eine Flasche Wein zu k\u00f6pfen und die letzte Zigarre zu befeuern. So sitzen wir bis weit nach Sonnenuntergang am Strand und genie\u00dfen die laue Nacht.<\/p><\/div><div id=\"cc-m-12541448126\" class=\"j-module n j-textWithImage \"><figure class=\"cc-imagewrapper cc-m-image-align-1\"><img id=\"cc-m-textwithimage-image-12541448126\" class=\"\" src=\"https:\/\/planbwagen.de\/wp-content\/uploads\/2020\/07\/image-8-5-7-5.jpg\" sizes=\"(min-width: 384px) 384px, 100vw\" alt=\"\" data-src-width=\"3024\" data-src-height=\"4032\" data-src=\"https:\/\/planbwagen.de\/wp-content\/uploads\/2020\/07\/image-8-5-7-5.jpg\" data-image-id=\"8104100726\" data-pfsrc=\"https:\/\/planbwagen.de\/wp-content\/uploads\/2020\/07\/image-8-5-7-5.jpg\" \/><\/figure><div><div id=\"cc-m-textwithimage-12541448126\" class=\"cc-m-textwithimage-inline-rte\" data-name=\"text\" data-action=\"text\"><p>Fazit: Kroatien hat uns sehr gut gefallen. Wir kommen wieder, nur das wann und wie lassen wir offen. Am n\u00e4chsten Tag starten wir fr\u00fch. Diesmal w\u00e4hlen wir die direkte Tour in Richtung \u00d6sterreich. Wir kommen deutlich besser durch als gedacht. In \u00d6sterreich haben wir noch ein kleinen ungewollten Zwischenstop. An\u00a0einer Mautstelle fahren wir mit einer Selbstverst\u00e4ndlichkeit durch, haben wir doch eine Go Box. Leider haben wir vergessen, dass diese zwar in Frankreich, Italien, Spanien und Portugal, jedoch nicht in \u00d6sterreich gilt. Nach kurzer Diskussion l\u00e4sst man uns fahren. Scheinbar gilt hier eine starke Behauptung mehr, als eine schwache Wahrheit. Erst sp\u00e4ter erkenne ich meinen Fehler. - Gl\u00fcck gehabt!<\/p><p>Gegen Abend stellt sich uns die Frage, ob wir nochmals von der Bahn fahren oder durchziehen. - Die Aussicht auf das heimelige Bett und eine erfrischende Dusche l\u00e4sst uns weiter fahren. Torgit und ich wechseln uns stetig ab, sind halt ein Team. Sp\u00e4t nachts kommen wir in K\u00f6ln an. Die Heimat hat uns wieder. Zumindest f\u00fcr eine kurze Zeit. Denn in ein paar Wochen soll ja unsere 315 Grad Tour starten.<\/p><p>Von K\u00f6ln 315 Grad an die K\u00fcste und dann immer gen S\u00fcden. Doch erst einmal sind wir in K\u00f6lle am Rhein.<\/p><p>Doch wir haben etwas mitgebracht. Ein Distelzweig soll uns in den kommenden Monaten mit Hector begleiten und ein paar Erfahrungen. Wir werden in den<\/p><p>kommenden Tagen noch ein wenig an unserer Ausr\u00fcstung verbessern. Doch dazu mehr in unserer Packliste. Bis bald!<\/p><\/div><\/div><div class=\"cc-clear\">\u00a0<\/div><p><script id=\"cc-m-reg-12541448126\">\/\/ <![CDATA[ window.regModule(\"module_textWithImage\", {\"data\":{\"imageExists\":true,\"hyperlink\":\"\",\"hyperlink_target\":\"\",\"hyperlinkAsString\":\"\",\"pinterest\":\"0\",\"id\":12541448126,\"widthEqualsContent\":\"0\",\"resizeWidth\":\"384\",\"resizeHeight\":288},\"id\":12541448126}); \/\/ ]]> <\/script><\/p><\/div><div id=\"cc-m-12572169026\" class=\"j-module n j-text \"><p style=\"text-align: right;\">\u00a0 \u00a0\u00a0<a class=\"j-calltoaction-link j-calltoaction-link-style-2\" style=\"font-size: 16px; background-color: #ffcc00; border-width: 2px; border-color: #ffcc00; color: #ffffff; user-select: text; padding: 10px 20px; line-height: 1.5; border-radius: 0px; -webkit-appearance: none; margin: 1em 0px;\" title=\"Tag No. 1 - go North West\" href=\"\/2019\/09\/08\/123\/\" data-action=\"button\" data-title=\"Sunny Side Up\">Sunny Side Up\u00a0 \u00a0\u00a0<\/a><\/p><p style=\"text-align: right;\"><a class=\"j-calltoaction-link j-calltoaction-link-style-2\" style=\"background-color: #ffcc00; border-width: 2px; border-color: #ffcc00; color: #ffffff; user-select: text; padding: 10px 20px; font-size: 16px; line-height: 1.5; border-radius: 0px; -webkit-appearance: none; margin: 1em 0px;\" title=\"Tag No. 11 - Insel Krk\" href=\"\/2019\/08\/17\/tag-no-11-insel-krk\/\" data-action=\"button\" data-title=\"Sunny Side Down\"> Sunny Side Down\u00a0 \u00a0\u00a0<\/a><\/p><\/div><\/div><\/div><div class=\"j-module n j-text j-blog-post--tags-wrapper\"><span class=\"j-blog-post--tags--template\" style=\"display: none;\"><a class=\"j-blog-post--tag\" href=\"https:\/\/www.gluecksmuskel.de\/hectors-reisen\/?tag=tagPlaceholder\">tagPlaceholder<\/a><\/span><span class=\"j-blog-post--tags-label\" style=\"display: none;\">Tags:<\/span><\/div><div class=\"n j-comment\"><div id=\"commentsModule12541447526\"><p id=\"skiptoform12541447526\" class=\"skiptoform\"><a href=\"#\" data-id=\"12541447526\" data-action=\"goToForm\">Kommentar schreiben<\/a><\/p><div id=\"numComments12541447526\" class=\"j-blog-comment-counter\">Kommentare: <i class=\"cc-comments-count\">0<\/i><\/div><ul id=\"commentOutput12541447526\" class=\"com-list-noava\"><li id=\"commentFormContainer12541447526\" class=\"commentstd clearover cc-m-comment-loading\"><a name=\"commentForm12541447526\"><\/a><\/li><\/ul><div id=\"commentError12541447526\" class=\"message-error\" style=\"display: none;\">\u00a0<\/div><div id=\"commentSuccess12541447526\" class=\"message-ok\" style=\"display: none;\">\u00a0<\/div><\/div><p><script>\/\/ <![CDATA[ window.regModule(\"module_comment\", {\"data\":{\"id\":\"12541447526\",\"closed\":\"0\",\"captcha\":\"2d54e7533599ac1ce50d4cd8c9efc34b\",\"avatar\":false,\"lang\":{\"comment\":\"Kommentar\",\"comments\":\"Kommentare\"}}}); \/\/ ]]> <\/script><\/p><\/div><\/article>","_et_gb_content_width":"","footnotes":""},"categories":[11],"tags":[],"class_list":["post-2086","post","type-post","status-publish","format-standard","has-post-thumbnail","hentry","category-kroatien"],"_links":{"self":[{"href":"https:\/\/www.planbwagen.de\/nl\/wp-json\/wp\/v2\/posts\/2086","targetHints":{"allow":["GET"]}}],"collection":[{"href":"https:\/\/www.planbwagen.de\/nl\/wp-json\/wp\/v2\/posts"}],"about":[{"href":"https:\/\/www.planbwagen.de\/nl\/wp-json\/wp\/v2\/types\/post"}],"author":[{"embeddable":true,"href":"https:\/\/www.planbwagen.de\/nl\/wp-json\/wp\/v2\/users\/1"}],"replies":[{"embeddable":true,"href":"https:\/\/www.planbwagen.de\/nl\/wp-json\/wp\/v2\/comments?post=2086"}],"version-history":[{"count":8,"href":"https:\/\/www.planbwagen.de\/nl\/wp-json\/wp\/v2\/posts\/2086\/revisions"}],"predecessor-version":[{"id":8805,"href":"https:\/\/www.planbwagen.de\/nl\/wp-json\/wp\/v2\/posts\/2086\/revisions\/8805"}],"wp:featuredmedia":[{"embeddable":true,"href":"https:\/\/www.planbwagen.de\/nl\/wp-json\/wp\/v2\/media\/3664"}],"wp:attachment":[{"href":"https:\/\/www.planbwagen.de\/nl\/wp-json\/wp\/v2\/media?parent=2086"}],"wp:term":[{"taxonomy":"category","embeddable":true,"href":"https:\/\/www.planbwagen.de\/nl\/wp-json\/wp\/v2\/categories?post=2086"},{"taxonomy":"post_tag","embeddable":true,"href":"https:\/\/www.planbwagen.de\/nl\/wp-json\/wp\/v2\/tags?post=2086"}],"curies":[{"name":"wp","href":"https:\/\/api.w.org\/{rel}","templated":true}]}}