{"id":2064,"date":"2019-09-07T20:23:09","date_gmt":"2019-09-07T20:23:09","guid":{"rendered":""},"modified":"2020-09-15T08:43:11","modified_gmt":"2020-09-15T08:43:11","slug":"cap-blanc-nez","status":"publish","type":"post","link":"https:\/\/www.planbwagen.de\/nl\/frankrijk\/cap-blanc-nez\/","title":{"rendered":"Cap Blanc-Nez"},"content":{"rendered":"<p>[et_pb_section fb_built=&#8220;1&#8243; _builder_version=&#8220;3.22&#8243;][et_pb_row column_structure=&#8220;1_2,1_2&#8243; _builder_version=&#8220;4.5.1&#8243; _module_preset=&#8220;default&#8220;][et_pb_column type=&#8220;1_2&#8243; _builder_version=&#8220;4.5.1&#8243; _module_preset=&#8220;default&#8220;][et_pb_image src=&#8220;https:\/\/www.planbwagen.de\/wp-content\/uploads\/2020\/08\/1-41.jpg&#8220; title_text=&#8220;1&#8243; _builder_version=&#8220;4.5.1&#8243; _module_preset=&#8220;default&#8220;][\/et_pb_image][\/et_pb_column][et_pb_column type=&#8220;1_2&#8243; _builder_version=&#8220;4.5.1&#8243; _module_preset=&#8220;default&#8220;][et_pb_text _builder_version=&#8220;4.5.1&#8243; _module_preset=&#8220;default&#8220;]<\/p>\n<p>Wij gaan verder langs de kust. Onze eerste bestemming zijn de kliffen van Cap Blanc-Nez, 10 kilometer ten westen van Calais.<\/p>\n<p>De 134 meter hoge Cap is niet alleen de meest noordelijke klif van Frankrijk, maar garandeert ook uitzicht op Dover. Groot-Brittanni\u00eb lijkt binnen handbereik.  De snelheid waarmee de veerboten de zee oversteken tussen Calais en Dover maakt duidelijk waarom zeilers respect hebben voor dit gebied.<\/p>\n<p>[\/et_pb_text][\/et_pb_column][\/et_pb_row][et_pb_row _builder_version=&#8220;4.5.1&#8243; _module_preset=&#8220;default&#8220;][et_pb_column type=&#8220;4_4&#8243; _builder_version=&#8220;4.5.1&#8243; _module_preset=&#8220;default&#8220;][et_pb_text _builder_version=&#8220;4.5.1&#8243; _module_preset=&#8220;default&#8220;]<\/p>\n<p>Het Kanaal is tenslotte de drukste scheepvaartroute ter wereld. Helaas past ons originele VW-fietsenrek niet onder de houten schors (2,10 m). Daarom moeten we een stukje buiten de gebaande paden parkeren. Maar de korte wandeling doet ons goed. Je proeft de zilte lucht. \"Fleur de Sel\" is gratis voor ons, maar niet voor niets. Iets verderop gaan we naar het strand. Wederom met een hoogtebeperking van 2.10, maar dit keer met ijzeren spijlen die aan kettingen hangen. Vanaf de zee zijn de krijtrotsen nog indrukwekkender. Het water loopt uit de stenen. - We rijden verder langs de Route du Cap, Fort Cap Gris Nez, Battery Todt, Audresselles... Hoogtepunt van de dag: we blijven de route van de Trail C\u00f4te d'Opale kruisen. De deelnemers aan de marathon lijken een symbool van vrede in deze regio die wordt gekenmerkt door voormalige Duitse bunkers en Franse forten. - Vanaf Boulogne-sur-Mer verlaten we de kust om een paar kilometer richting Neslette te fietsen.<\/p>\n<p>Bei Neslette, einer Gemeinde mit 85 Einwohnern im D\u00e9partement Somme, verlassen wir die Autobahn um im Camping &#8222;Aux Cygnes d&#8217;Opale&#8220;,\u00a0 direkt am See unseren Schlafplatz zu finden. \u2013 Erkenntnis des Tages: Gr\u00f6\u00dfe kann ein Vorteil sein, muss aber nicht! (Wir werden \u00fcber eine Modifikation unseres Gep\u00e4cktr\u00e4gers nachdenken)<\/p>\n<p>[\/et_pb_text][\/et_pb_column][\/et_pb_row][\/et_pb_section]<\/p>","protected":false},"excerpt":{"rendered":"<p>[et_pb_section fb_built=&#8220;1&#8243; _builder_version=&#8220;3.22&#8243;][et_pb_row column_structure=&#8220;1_2,1_2&#8243; _builder_version=&#8220;4.5.1&#8243; _module_preset=&#8220;default&#8220;][et_pb_column type=&#8220;1_2&#8243; _builder_version=&#8220;4.5.1&#8243; _module_preset=&#8220;default&#8220;][et_pb_image src=&#8220;https:\/\/www.planbwagen.de\/wp-content\/uploads\/2020\/08\/1-41.jpg&#8220; title_text=&#8220;1&#8243; _builder_version=&#8220;4.5.1&#8243; _module_preset=&#8220;default&#8220;][\/et_pb_image][\/et_pb_column][et_pb_column type=&#8220;1_2&#8243; _builder_version=&#8220;4.5.1&#8243; _module_preset=&#8220;default&#8220;][et_pb_text _builder_version=&#8220;4.5.1&#8243; _module_preset=&#8220;default&#8220;] F\u00fcr uns geht es weiter die K\u00fcste entlang. Erstes Ziel ist die 10 Kilometer westlich von Calais liegenden Steilklippen des Cap Blanc-Nez. Das 134 Meter hohe Cap, ist nicht nur die n\u00f6rdlichste Steilklippe Frankreichs, sondern garantiert ebenfalls [&hellip;]<\/p>","protected":false},"author":1,"featured_media":3689,"comment_status":"open","ping_status":"open","sticky":false,"template":"","format":"standard","meta":{"_et_pb_use_builder":"on","_et_pb_old_content":"<p>\u00a0<\/p><div id=\"content_start\">\u00a0<\/div><article class=\"j-blog\"><div class=\"n j-blog-meta j-blog-post--header\"><div class=\"j-text j-module n\"><a class=\"j-blog-post--category\" href=\"https:\/\/www.gluecksmuskel.de\/hectors-reisen\/france-frankreich\/\"> France - Frankreich <\/a> \u00a0\u00b7\u00a0 <span class=\"j-text j-blog-post--date\"> 07. September 2019 <\/span><\/div><h1 class=\"j-blog-header j-blog-headline j-blog-post--headline\">Cap Blanc-Nez<\/h1><\/div><div class=\"post j-blog-content\"><div id=\"cc-matrix-3595596026\"><div id=\"cc-m-12527473526\" class=\"j-module n j-textWithImage \"><figure class=\"cc-imagewrapper cc-m-image-align-1\"><img id=\"cc-m-textwithimage-image-12527473526\" class=\"\" src=\"https:\/\/planbwagen.de\/wp-content\/uploads\/2020\/07\/image-8-1-8-7.jpg\" sizes=\"(min-width: 520px) 520px, 100vw\" alt=\"\" data-src-width=\"4032\" data-src-height=\"3024\" data-src=\"https:\/\/planbwagen.de\/wp-content\/uploads\/2020\/07\/image-8-1-8-7.jpg\" data-image-id=\"8094189026\" data-pfsrc=\"https:\/\/planbwagen.de\/wp-content\/uploads\/2020\/07\/image-8-1-8-7.jpg\" \/><\/figure><div><div id=\"cc-m-textwithimage-12527473526\" class=\"cc-m-textwithimage-inline-rte\" data-name=\"text\" data-action=\"text\"><p class=\"MsoNormal\"><span style=\"font-family: '-webkit-standard',serif; color: black;\">F\u00fcr\u00a0<\/span><span style=\"color: #000000; font-family: -webkit-standard, serif;\">uns geht es weiter die K\u00fcste entlang. Erstes Ziel ist die 10 Kilometer westlich von Calais liegenden Steilklippen des Cap Blanc-Nez.<\/span><\/p><p class=\"MsoNormal\"><span style=\"color: #000000; font-family: -webkit-standard, serif;\">\u00a0<\/span><\/p><p class=\"MsoNormal\"><span style=\"color: #000000; font-family: -webkit-standard, serif;\">Das 134 Meter hohe Cap, ist nicht nur die n\u00f6rdlichste Steilklippe Frankreichs, sondern garantiert ebenfalls einen Blick auf Dover. Gro\u00dfbritannien scheint zum Greifen nah.\u00a0 Die Geschwindigkeit mit der die F\u00e4hren das Meer zwischen Calais und Dover \u00fcberqueren macht deutlich, warum Segler diesem Gebiet Respekt zollen. Ist der \u00c4rmelkanal doch die am st\u00e4rksten befahrene Schiffsroute der Welt. Leider passt unser Original VW Fahrradtr\u00e4ger nicht unter die Holzbarken (2,10m). Darum m\u00fcssen wir etwas abseits parken. Doch die kleine Wanderung tut uns gut. Man kann die salzige Luft schmecken. \u201eFleur de Sel\u201c f\u00fcr uns kostenlos, aber nicht umsonst. Ein St\u00fcckchen weiter geht es zum Strand. Wieder mit H\u00f6heneinschr\u00e4nkung 2,10. Diesmal aber mir an Ketten h\u00e4ngenden Eisenstangen. Von der Seeseite sind die Kreidefelsen noch beeindruckender. Wasser l\u00e4uft aus den Steinen. - Wir fahren weiter, immer die Route du Cap entlang, Fort Cap Gris Nez, Batterie Todt, Audresselles... Highligt des Tages: Wir kreuzen immer wieder die Route des Trail C\u00f4te d'Opale. Die Teilnehmer des Marathons wirken wie ein Symbol des Friedens in dieser durch ehemalige deutsche Bunker und franz\u00f6sische Forts gepr\u00e4gten Region. \u2013 Ab Boulogne-sur-Mer verlassen wir die K\u00fcste um ein paar Kilometer in Richtung\u00a0<\/span><span style=\"color: #000000; font-family: -webkit-standard, serif;\">Neslette<\/span><span style=\"color: #000000; font-family: -webkit-standard, serif;\">\u00a0zu fahren.<\/span><\/p><p class=\"MsoNormal\"><span style=\"color: #000000; font-family: -webkit-standard, serif;\">\u00a0<\/span><\/p><p class=\"MsoNormal\"><span style=\"color: #000000; font-family: -webkit-standard, serif;\">Bei Neslette, einer Gemeinde mit 85 Einwohnern im D\u00e9partement Somme, verlassen wir die Autobahn um im Camping \"Aux Cygnes d'Opale\",\u00a0 direkt am See unseren Schlafplatz zu finden. \u2013 Erkenntnis des Tages: Gr\u00f6\u00dfe kann ein Vorteil sein, muss aber nicht! (Wir werden \u00fcber eine Modifikation unseres Gep\u00e4cktr\u00e4gers nachdenken)<\/span><\/p><p class=\"MsoNormal\"><span style=\"color: #000000; font-family: -webkit-standard, serif;\">\u00a0<\/span><\/p><p class=\"MsoNormal\"><span style=\"color: #000000; font-family: -webkit-standard, serif;\">\u00a0<\/span><\/p><\/div><\/div><div class=\"cc-clear\">\u00a0<\/div><\/div><div id=\"cc-m-12528027226\" class=\"j-module n j-imageSubtitle \"><figure class=\"cc-imagewrapper cc-m-image-align-3 cc-m-width-maxed\"><img id=\"cc-m-imagesubtitle-image-12528027226\" class=\"\" src=\"https:\/\/planbwagen.de\/wp-content\/uploads\/2020\/07\/image-0-0-2-1.jpg\" sizes=\"(min-width: 1040px) 1040px, 100vw\" alt=\"\" data-src-width=\"4032\" data-src-height=\"3024\" data-src=\"https:\/\/planbwagen.de\/wp-content\/uploads\/2020\/07\/image-0-0-2-1.jpg\" data-image-id=\"8094472926\" data-pfsrc=\"https:\/\/planbwagen.de\/wp-content\/uploads\/2020\/07\/image-0-0-2-1.jpg\" \/><\/figure><div class=\"cc-clear\">\u00a0<\/div><\/div><div id=\"cc-m-12572189826\" class=\"j-module n j-text \"><p style=\"text-align: right;\">\u00a0 \u00a0\u00a0<a class=\"j-calltoaction-link j-calltoaction-link-style-2\" style=\"font-size: 16px; background-color: #ffcc00; border-width: 2px; border-color: #ffcc00; color: #ffffff; user-select: text; padding: 10px 20px; line-height: 1.5; border-radius: 0px; -webkit-appearance: none; margin: 1em 0px;\" title=\"Tag No. 5 - Der Tag erwacht ...\" href=\"\/2019\/09\/08\/tag-no-5-der-tag-erwacht\/\" data-action=\"button\" data-title=\"Sunny Side Up\">Sunny Side Up\u00a0 \u00a0\u00a0<\/a><\/p><p style=\"text-align: right;\"><a class=\"j-calltoaction-link j-calltoaction-link-style-2\" style=\"background-color: #ffcc00; border-width: 2px; border-color: #ffcc00; color: #ffffff; user-select: text; padding: 10px 20px; font-size: 16px; line-height: 1.5; border-radius: 0px; -webkit-appearance: none; margin: 1em 0px;\" title=\"Tag No. 4 - Nur die Liebe z\u00e4hlt ...\" href=\"\/2019\/09\/06\/tag-no-4\/\" data-action=\"button\" data-title=\"Sunny Side Down\"> Sunny Side Down\u00a0 \u00a0\u00a0<\/a><\/p><p>\u00a0<\/p><\/div><\/div><\/div><div class=\"j-module n j-text j-blog-post--tags-wrapper\"><span class=\"j-blog-post--tags--template\" style=\"display: none;\"><a class=\"j-blog-post--tag\" href=\"https:\/\/www.gluecksmuskel.de\/hectors-reisen\/?tag=tagPlaceholder\">tagPlaceholder<\/a><\/span><span class=\"j-blog-post--tags-label\" style=\"display: none;\">Tags:<\/span><\/div><div class=\"n j-comment\"><div id=\"commentsModule12527473126\"><p id=\"skiptoform12527473126\" class=\"skiptoform\"><a href=\"#\" data-id=\"12527473126\" data-action=\"goToForm\">Kommentar schreiben<\/a><\/p><div id=\"numComments12527473126\" class=\"j-blog-comment-counter\">Kommentare: <i class=\"cc-comments-count\">0<\/i><\/div><ul id=\"commentOutput12527473126\" class=\"com-list-noava\"><li id=\"commentFormContainer12527473126\" class=\"commentstd clearover\"><strong class=\"number\">#1<\/strong><br \/><div class=\"com-meta\">\u00a0<\/div><p><a name=\"commentForm12527473126\"><\/a><\/p><div class=\"commententry cc-com-entry\"><form id=\"commentform12527473126\" action=\"\" enctype=\"application\/x-www-form-urlencoded\" method=\"post\"><div><label class=\"required\" for=\"name12527473126\">Name: *<\/label><br \/><input id=\"name12527473126\" class=\"single\" name=\"name\" type=\"text\" value=\"\" \/><\/div><div><label class=\"required\" for=\"comment12527473126\">Eintrag: *<\/label><br \/><textarea id=\"comment12527473126\" cols=\"80\" name=\"comment\" rows=\"6\"><\/textarea><\/div><div><label class=\"required\" for=\"privacyPolicy12527473126\">Es gilt die <a href=\"\/j\/privacy\" target=\"_blank\" rel=\"noopener noreferrer\">Datenschutzerkl\u00e4rung<\/a>. *<\/label><br \/><input name=\"privacyPolicy\" type=\"hidden\" value=\"0\" \/><input id=\"privacyPolicy12527473126\" name=\"privacyPolicy\" type=\"checkbox\" value=\"1\" \/><\/div><div><input id=\"submit12527473126\" name=\"Senden\" type=\"submit\" value=\"Senden\" \/><\/div><dl class=\"zend_form\"><dt id=\"mandFields-label\"><\/dt><\/dl><div style=\"margin-top: 4px;\">* Pflichtfelder<\/div><\/form><\/div><div class=\"c\">\u00a0<\/div><\/li><\/ul><div id=\"commentError12527473126\" class=\"message-error\" style=\"display: none;\">\u00a0<\/div><div id=\"commentSuccess12527473126\" class=\"message-ok\" style=\"display: none;\">\u00a0<\/div><\/div><p><script>\/\/ <![CDATA[ window.regModule(\"module_comment\", {\"data\":{\"id\":\"12527473126\",\"closed\":\"0\",\"captcha\":\"953d4deb135c42bcdb9ae0d2a757a9b5\",\"avatar\":false,\"lang\":{\"comment\":\"Kommentar\",\"comments\":\"Kommentare\"}}}); \/\/ ]]> <\/script><\/p><\/div><\/article><p>\u00a0<\/p>","_et_gb_content_width":"","footnotes":""},"categories":[10],"tags":[],"class_list":["post-2064","post","type-post","status-publish","format-standard","has-post-thumbnail","hentry","category-frankreich"],"_links":{"self":[{"href":"https:\/\/www.planbwagen.de\/nl\/wp-json\/wp\/v2\/posts\/2064","targetHints":{"allow":["GET"]}}],"collection":[{"href":"https:\/\/www.planbwagen.de\/nl\/wp-json\/wp\/v2\/posts"}],"about":[{"href":"https:\/\/www.planbwagen.de\/nl\/wp-json\/wp\/v2\/types\/post"}],"author":[{"embeddable":true,"href":"https:\/\/www.planbwagen.de\/nl\/wp-json\/wp\/v2\/users\/1"}],"replies":[{"embeddable":true,"href":"https:\/\/www.planbwagen.de\/nl\/wp-json\/wp\/v2\/comments?post=2064"}],"version-history":[{"count":7,"href":"https:\/\/www.planbwagen.de\/nl\/wp-json\/wp\/v2\/posts\/2064\/revisions"}],"predecessor-version":[{"id":7836,"href":"https:\/\/www.planbwagen.de\/nl\/wp-json\/wp\/v2\/posts\/2064\/revisions\/7836"}],"wp:featuredmedia":[{"embeddable":true,"href":"https:\/\/www.planbwagen.de\/nl\/wp-json\/wp\/v2\/media\/3689"}],"wp:attachment":[{"href":"https:\/\/www.planbwagen.de\/nl\/wp-json\/wp\/v2\/media?parent=2064"}],"wp:term":[{"taxonomy":"category","embeddable":true,"href":"https:\/\/www.planbwagen.de\/nl\/wp-json\/wp\/v2\/categories?post=2064"},{"taxonomy":"post_tag","embeddable":true,"href":"https:\/\/www.planbwagen.de\/nl\/wp-json\/wp\/v2\/tags?post=2064"}],"curies":[{"name":"wp","href":"https:\/\/api.w.org\/{rel}","templated":true}]}}