{"id":2043,"date":"2019-09-10T19:23:08","date_gmt":"2019-09-10T19:23:08","guid":{"rendered":""},"modified":"2020-09-15T08:41:59","modified_gmt":"2020-09-15T08:41:59","slug":"tag-no-7-die-welt-steht-kopf-omaha-beach","status":"publish","type":"post","link":"https:\/\/www.planbwagen.de\/nl\/frankrijk\/dag-nr-7-de-wereld-staat-op-zijn-kop-omaha-beach\/","title":{"rendered":"Dag 7 - De wereld op zijn kop - Omaha Beach"},"content":{"rendered":"<p>[et_pb_section fb_built=&#8220;1&#8243; _builder_version=&#8220;3.22&#8243;][et_pb_row _builder_version=&#8220;4.5.1&#8243; _module_preset=&#8220;default&#8220; column_structure=&#8220;1_2,1_2&#8243;][et_pb_column _builder_version=&#8220;4.5.1&#8243; _module_preset=&#8220;default&#8220; type=&#8220;1_2&#8243;][et_pb_image src=&#8220;https:\/\/www.planbwagen.de\/wp-content\/uploads\/2020\/08\/11-10.jpg&#8220; _builder_version=&#8220;4.5.1&#8243; _module_preset=&#8220;default&#8220; title_text=&#8220;11&#8243; hover_enabled=&#8220;0&#8243;][\/et_pb_image][\/et_pb_column][et_pb_column _builder_version=&#8220;4.5.1&#8243; _module_preset=&#8220;default&#8220; type=&#8220;1_2&#8243;][et_pb_text _builder_version=&#8220;4.5.1&#8243; _module_preset=&#8220;default&#8220; hover_enabled=&#8220;0&#8243;]<\/p>\n<p><span style=\"font-size: 16px;\">Op de zevende dag moet je rusten. - We doen het vandaag rustig aan, maar tegelijkertijd gebruiken we de tijd om het schip leeg te maken.<\/span><\/p>\n<p><span style=\"font-size: 16px;\">Alles wordt gelucht, de was wordt gewassen (onze waslijn bewijst hier zijn waarde - foto volgt!), de bandenspanning en olie worden gecontroleerd, enzovoort. Daarna gaan we stevig ontbijten.<\/span><\/p>\n<p>[\/et_pb_text][\/et_pb_column][\/et_pb_row][et_pb_row _builder_version=&#8220;4.5.1&#8243; _module_preset=&#8220;default&#8220;][et_pb_column _builder_version=&#8220;4.5.1&#8243; _module_preset=&#8220;default&#8220; type=&#8220;4_4&#8243;][et_pb_text _builder_version=&#8220;4.5.1&#8243; _module_preset=&#8220;default&#8220; hover_enabled=&#8220;0&#8243;]<\/p>\n<p><span style=\"font-size: 16px;\">Gewapend gaan we op weg naar het strand, Omaha Beach. Alles wat er te schrijven valt over dit strand, het belang ervan tijdens de Tweede Wereldoorlog, D-Day, is zeker al geschreven. - Daarom voeg ik, Marc, simpelweg mijn gevoelens toe over deze dag: Het brede zandstrand maakt een vredige, vriendelijke indruk op een zonnige dag als vandaag. Maar iedereen die de film \"Saving Private Ryan\" heeft gezien, weet welke gruwelen zich hier op D-Day hebben afgespeeld.<\/span><\/p>\n<p><span style=\"font-size: 16px;\">Maar D-Day is niet alleen een symbool van gruwel, maar ook van vrijheid.  Iedereen die de oorlogsverhalen van onze ouders of grootouders kent, weet dat we de langste, meest vreedzame en vrije tijd in de geschiedenis van Europa meemaken. Zelfs mijn vader, die in de laatste dagen van de oorlog als zogenaamde \"weerwolf\" werd opgeroepen, hoewel het Ruhrgebied al omsingeld was, moest meemaken dat zijn beste vriend in zijn armen stierf. Des te onbegrijpelijker is het voor mij dat er in ons vaderland weer mensen zijn die roepen om de \"sterke man\". - Ik dank hen voor mijn pacifistische opvoeding en de vrijheid die begon op D-Day. Want niet alleen de Fransen werden bevrijd. - Elke vrijdenkende Duitser werd ook bevrijd.<\/span><\/p>\n<p>[\/et_pb_text][\/et_pb_column][\/et_pb_row][et_pb_row _builder_version=&#8220;4.5.1&#8243; _module_preset=&#8220;default&#8220; column_structure=&#8220;1_2,1_2&#8243;][et_pb_column _builder_version=&#8220;4.5.1&#8243; _module_preset=&#8220;default&#8220; type=&#8220;1_2&#8243;][et_pb_image src=&#8220;https:\/\/www.planbwagen.de\/wp-content\/uploads\/2020\/08\/22-2.jpg&#8220; _builder_version=&#8220;4.5.1&#8243; _module_preset=&#8220;default&#8220; title_text=&#8220;22&#8243; hover_enabled=&#8220;0&#8243;][\/et_pb_image][\/et_pb_column][et_pb_column _builder_version=&#8220;4.5.1&#8243; _module_preset=&#8220;default&#8220; type=&#8220;1_2&#8243;][et_pb_image src=&#8220;https:\/\/www.planbwagen.de\/wp-content\/uploads\/2020\/08\/33-1.jpg&#8220; _builder_version=&#8220;4.5.1&#8243; _module_preset=&#8220;default&#8220; title_text=&#8220;33&#8243; hover_enabled=&#8220;0&#8243;][\/et_pb_image][\/et_pb_column][\/et_pb_row][\/et_pb_section]<\/p>","protected":false},"excerpt":{"rendered":"<p>[et_pb_section fb_built=&#8220;1&#8243; _builder_version=&#8220;3.22&#8243;][et_pb_row _builder_version=&#8220;4.5.1&#8243; _module_preset=&#8220;default&#8220; column_structure=&#8220;1_2,1_2&#8243;][et_pb_column _builder_version=&#8220;4.5.1&#8243; _module_preset=&#8220;default&#8220; type=&#8220;1_2&#8243;][et_pb_image src=&#8220;https:\/\/www.planbwagen.de\/wp-content\/uploads\/2020\/08\/11-10.jpg&#8220; _builder_version=&#8220;4.5.1&#8243; _module_preset=&#8220;default&#8220; title_text=&#8220;11&#8243; hover_enabled=&#8220;0&#8243;][\/et_pb_image][\/et_pb_column][et_pb_column _builder_version=&#8220;4.5.1&#8243; _module_preset=&#8220;default&#8220; type=&#8220;1_2&#8243;][et_pb_text _builder_version=&#8220;4.5.1&#8243; _module_preset=&#8220;default&#8220; hover_enabled=&#8220;0&#8243;] Am siebten Tag soll man ruhen. \u2013 Wir lassen es heute zwar ruhig angehen, nutzen die Zeit jedoch gleichzeitig um klar Schiff zu machen. Es wird alles gel\u00fcftet, W\u00e4sche wird gewaschen, (hierbei bew\u00e4hrt sich unsere [&hellip;]<\/p>","protected":false},"author":1,"featured_media":3685,"comment_status":"open","ping_status":"open","sticky":false,"template":"","format":"standard","meta":{"_et_pb_use_builder":"on","_et_pb_old_content":"<div id=\"content_start\">\u00a0<\/div><article class=\"j-blog\"><div class=\"n j-blog-meta j-blog-post--header\"><div class=\"j-text j-module n\"><a class=\"j-blog-post--category\" href=\"https:\/\/www.gluecksmuskel.de\/hectors-reisen\/france-frankreich\/\"> France - Frankreich <\/a> \u00a0\u00b7\u00a0 <span class=\"j-text j-blog-post--date\"> 10. September 2019 <\/span><\/div><h1 class=\"j-blog-header j-blog-headline j-blog-post--headline\">Tag No. 7 - Die Welt steht Kopf - Omaha Beach<\/h1><\/div><div class=\"post j-blog-content\"><div id=\"cc-matrix-3595810326\"><div id=\"cc-m-12530764126\" class=\"j-module n j-textWithImage \"><figure class=\"cc-imagewrapper cc-m-image-align-1\"><img id=\"cc-m-textwithimage-image-12530764126\" class=\"\" src=\"https:\/\/planbwagen.de\/wp-content\/uploads\/2020\/07\/image-1-3-2-9.jpg\" sizes=\"(min-width: 520px) 520px, 100vw\" alt=\"\" data-src-width=\"4032\" data-src-height=\"3024\" data-src=\"https:\/\/planbwagen.de\/wp-content\/uploads\/2020\/07\/image-1-3-2-9.jpg\" data-image-id=\"8095695926\" data-pfsrc=\"https:\/\/planbwagen.de\/wp-content\/uploads\/2020\/07\/image-1-3-2-9.jpg\" \/><\/figure><div><div id=\"cc-m-textwithimage-12530764126\" class=\"cc-m-textwithimage-inline-rte\" data-name=\"text\" data-action=\"text\"><p><span style=\"font-size: 16px;\">Am siebten Tag soll man ruhen. \u2013 Wir lassen es heute zwar ruhig angehen, nutzen die Zeit jedoch gleichzeitig um klar Schiff zu machen.<\/span><\/p><p><span style=\"font-size: 16px;\">\u00a0<\/span><\/p><p><span style=\"font-size: 16px;\">Es wird alles gel\u00fcftet, W\u00e4sche wird gewaschen, (hierbei bew\u00e4hrt sich unsere W\u00e4scheleine. - Foto folgt!), Reifendruck und \u00d6l wird kontrolliert, usw. Dann wird erst einmal ausgiebig gefr\u00fchst\u00fcckt.<\/span><\/p><p><span style=\"font-size: 16px;\">\u00a0<\/span><\/p><p><span style=\"font-size: 16px;\">Entsprechend gewappnet geht es zum Strand, dem Omaha Beach. Zu diesem Strand, seiner Bedeutung im Zweiten Weltkrieg, dem D-Day wurde sicher bereits alles geschrieben, was es zu schreiben gibt. \u2013 Deshalb erg\u00e4nze ich, Marc, einfach mal meine Gef\u00fchle am heutigen Tag: Der breite Sandstrand macht an einem sonnigen Tag, wie heute, einen friedlichen, freundlichen Eindruck. Doch jeder, der den Film \u201eDer Soldat James Ryan\u201c gesehen hat, wei\u00df welch ein Horror sich am D-Day hier abgespielt hat.<\/span><\/p><p>\u00a0<\/p><p>\u00a0<\/p><p><span style=\"font-size: 16px;\">Doch der D-Day ist nicht nur ein Symbol des Schreckens, sondern auch der Freiheit.\u00a0 Wer die Kriegsgeschichten unserer Eltern oder Gro\u00dfeltern kennt, wei\u00df zu sch\u00e4tzen, dass wir in der Geschichte Europas die l\u00e4ngste, friedvollste und freieste Zeit in der Geschichte erleben. Noch mein Vater, der in den letzten Tagen des Krieges, als sogenannter \u201eWerwolf\u201c gezogen wurde, obwohl das Ruhrgebiet bereits eingekesselt war, musst erleben, dass sein bester Freund, in seinen Armen starb. Umso unverst\u00e4ndlicher ist es mir, dass es in unserer Heimat wieder Menschen gibt, die nach dem \u201estarken Mann\u201c rufen. - Da danke ich doch f\u00fcr meine pazifistische Erziehung und die Freiheit, die am D-Day Ihren Anfang hatte. Denn nicht nur die Franzosen wurden befreit. - Jeder freidenkende Deutsche ebenfalls.<\/span><\/p><p class=\"MsoNormal\">\u00a0<\/p><\/div><\/div><div class=\"cc-clear\">\u00a0<\/div><\/div><div id=\"cc-m-12529364826\" class=\"j-module n j-gallery \"><div id=\"cc-m-gallery-12529364826\" class=\"cc-m-gallery-container cc-m-gallery-cool clearover\"><div id=\"gallery_thumb_8095049826\" class=\"cc-m-gallery-cool-item\"><div><a rel=\"lightbox[12529364826]\" data-href=\"https:\/\/planbwagen.de\/wp-content\/uploads\/attachments\/image.jpg\" data-title=\"\" data-index=\"0\"> <img style=\"height: 277px; width: 370px; margin-bottom: 3px;\" src=\"https:\/\/planbwagen.de\/wp-content\/uploads\/2020\/07\/image-3-4-8-2.jpg\" alt=\"\" data-orig-width=\"2048\" data-orig-height=\"1536\" \/> <\/a><\/div><\/div><div id=\"gallery_thumb_8095050026\" class=\"cc-m-gallery-cool-item\"><div><a rel=\"lightbox[12529364826]\" data-href=\"https:\/\/planbwagen.de\/wp-content\/uploads\/attachments\/image.jpg\" data-title=\"\" data-index=\"1\"> <img style=\"height: 277px; width: 370px; margin-bottom: 3px;\" src=\"https:\/\/planbwagen.de\/wp-content\/uploads\/2020\/07\/image-0-4-6-4.jpg\" alt=\"\" data-orig-width=\"2048\" data-orig-height=\"1536\" \/> <\/a><\/div><\/div><\/div><\/div><div id=\"cc-m-12572190826\" class=\"j-module n j-text \"><p style=\"text-align: right;\">\u00a0 \u00a0\u00a0<a class=\"j-calltoaction-link j-calltoaction-link-style-2\" style=\"font-size: 16px; background-color: #ffcc00; border-width: 2px; border-color: #ffcc00; color: #ffffff; user-select: text; padding: 10px 20px; line-height: 1.5; border-radius: 0px; -webkit-appearance: none; margin: 1em 0px;\" title=\"Tag No. 9 - turquoise et vert\" href=\"\/2019\/09\/12\/tag-no-9-turquoise-et-vert\/\" data-action=\"button\" data-title=\"Sunny Side Up\">Sunny Side Up\u00a0 \u00a0\u00a0<\/a><\/p><p style=\"text-align: right;\"><a class=\"j-calltoaction-link j-calltoaction-link-style-2\" style=\"background-color: #ffcc00; border-width: 2px; border-color: #ffcc00; color: #ffffff; user-select: text; padding: 10px 20px; font-size: 16px; line-height: 1.5; border-radius: 0px; -webkit-appearance: none; margin: 1em 0px;\" title=\"Tag No. 6 - Ein Baum, wie eine Kirche\" href=\"\/2019\/09\/09\/tag-no-6-ein-baum-wie-eine-kirche\/\" data-action=\"button\" data-title=\"Sunny Side Down\"> Sunny Side Down\u00a0 \u00a0\u00a0<\/a><\/p><p>\u00a0<\/p><\/div><\/div><\/div><div class=\"j-module n j-text j-blog-post--tags-wrapper\"><span class=\"j-blog-post--tags--template\" style=\"display: none;\"><a class=\"j-blog-post--tag\" href=\"https:\/\/www.gluecksmuskel.de\/hectors-reisen\/?tag=tagPlaceholder\">tagPlaceholder<\/a><\/span><span class=\"j-blog-post--tags-label\" style=\"display: none;\">Tags:<\/span><\/div><div class=\"n j-comment\"><div id=\"commentsModule12528030626\"><p id=\"skiptoform12528030626\" class=\"skiptoform\"><a href=\"#\" data-id=\"12528030626\" data-action=\"goToForm\">Kommentar schreiben<\/a><\/p><div id=\"numComments12528030626\" class=\"j-blog-comment-counter\">Kommentare: <i class=\"cc-comments-count\">0<\/i><\/div><ul id=\"commentOutput12528030626\" class=\"com-list-noava\"><li id=\"commentFormContainer12528030626\" class=\"commentstd clearover cc-m-comment-loading\"><a name=\"commentForm12528030626\"><\/a><\/li><\/ul><div id=\"commentError12528030626\" class=\"message-error\" style=\"display: none;\">\u00a0<\/div><div id=\"commentSuccess12528030626\" class=\"message-ok\" style=\"display: none;\">\u00a0<\/div><\/div><p><script>\/\/ <![CDATA[ window.regModule(\"module_comment\", {\"data\":{\"id\":\"12528030626\",\"closed\":\"0\",\"captcha\":\"994fcdaf4fbacbd08d7b28757ec9ad45\",\"avatar\":false,\"lang\":{\"comment\":\"Kommentar\",\"comments\":\"Kommentare\"}}}); \/\/ ]]> <\/script><\/p><\/div><\/article>","_et_gb_content_width":"","footnotes":""},"categories":[10],"tags":[],"class_list":["post-2043","post","type-post","status-publish","format-standard","has-post-thumbnail","hentry","category-frankreich"],"_links":{"self":[{"href":"https:\/\/www.planbwagen.de\/nl\/wp-json\/wp\/v2\/posts\/2043","targetHints":{"allow":["GET"]}}],"collection":[{"href":"https:\/\/www.planbwagen.de\/nl\/wp-json\/wp\/v2\/posts"}],"about":[{"href":"https:\/\/www.planbwagen.de\/nl\/wp-json\/wp\/v2\/types\/post"}],"author":[{"embeddable":true,"href":"https:\/\/www.planbwagen.de\/nl\/wp-json\/wp\/v2\/users\/1"}],"replies":[{"embeddable":true,"href":"https:\/\/www.planbwagen.de\/nl\/wp-json\/wp\/v2\/comments?post=2043"}],"version-history":[{"count":7,"href":"https:\/\/www.planbwagen.de\/nl\/wp-json\/wp\/v2\/posts\/2043\/revisions"}],"predecessor-version":[{"id":7832,"href":"https:\/\/www.planbwagen.de\/nl\/wp-json\/wp\/v2\/posts\/2043\/revisions\/7832"}],"wp:featuredmedia":[{"embeddable":true,"href":"https:\/\/www.planbwagen.de\/nl\/wp-json\/wp\/v2\/media\/3685"}],"wp:attachment":[{"href":"https:\/\/www.planbwagen.de\/nl\/wp-json\/wp\/v2\/media?parent=2043"}],"wp:term":[{"taxonomy":"category","embeddable":true,"href":"https:\/\/www.planbwagen.de\/nl\/wp-json\/wp\/v2\/categories?post=2043"},{"taxonomy":"post_tag","embeddable":true,"href":"https:\/\/www.planbwagen.de\/nl\/wp-json\/wp\/v2\/tags?post=2043"}],"curies":[{"name":"wp","href":"https:\/\/api.w.org\/{rel}","templated":true}]}}