{"id":2022,"date":"2019-09-14T19:23:07","date_gmt":"2019-09-14T19:23:07","guid":{"rendered":""},"modified":"2020-09-15T08:41:10","modified_gmt":"2020-09-15T08:41:10","slug":"tag-no-11-sunny-side-up-pointe-de-grouin","status":"publish","type":"post","link":"https:\/\/www.planbwagen.de\/nl\/frankrijk\/dag-nr-11-sunny-side-up-pointe-de-grouin\/","title":{"rendered":"Dag 11 - Sunny Side Up - Pointe de Grouin"},"content":{"rendered":"<p>[et_pb_section fb_built=&#8220;1&#8243; _builder_version=&#8220;3.22&#8243;][et_pb_row _builder_version=&#8220;4.5.1&#8243; _module_preset=&#8220;default&#8220;][et_pb_column _builder_version=&#8220;4.5.1&#8243; _module_preset=&#8220;default&#8220; type=&#8220;4_4&#8243;][et_pb_image src=&#8220;https:\/\/www.planbwagen.de\/wp-content\/uploads\/2020\/08\/1-36.jpg&#8220; _builder_version=&#8220;4.5.1&#8243; _module_preset=&#8220;default&#8220; title_text=&#8220;1&#8243; hover_enabled=&#8220;0&#8243;][\/et_pb_image][et_pb_text _builder_version=&#8220;4.5.1&#8243; _module_preset=&#8220;default&#8220; hover_enabled=&#8220;0&#8243;]<\/p>\n<p>Eindelijk is het zover, de langverwachte zon. - We verlaten Camping Grouin en dit uitzicht. Vervolgens willen we de Pointe de Grouin verkennen. Er is een parkeerplaats een paar honderd meter achter de camping. Vanaf hier leidt een klein pad naar de bizarre rotsen van de landtong. Hier zitten en genieten van de zilte lucht, kijken naar de vissers en staren naar het ruige Ile des Landes maakt je gewoon gelukkig. Wie had gedacht dat er na dit uitzicht een nog mooier uitzicht op ons wacht?<\/p>\n<p>[\/et_pb_text][\/et_pb_column][\/et_pb_row][et_pb_row _builder_version=&#8220;4.5.1&#8243; _module_preset=&#8220;default&#8220; column_structure=&#8220;1_4,1_4,1_4,1_4&#8243;][et_pb_column _builder_version=&#8220;4.5.1&#8243; _module_preset=&#8220;default&#8220; type=&#8220;1_4&#8243;][et_pb_image src=&#8220;https:\/\/www.planbwagen.de\/wp-content\/uploads\/2020\/08\/2-34.jpg&#8220; _builder_version=&#8220;4.5.1&#8243; _module_preset=&#8220;default&#8220; title_text=&#8220;2&#8243; hover_enabled=&#8220;0&#8243;][\/et_pb_image][\/et_pb_column][et_pb_column _builder_version=&#8220;4.5.1&#8243; _module_preset=&#8220;default&#8220; type=&#8220;1_4&#8243;][et_pb_image src=&#8220;https:\/\/www.planbwagen.de\/wp-content\/uploads\/2020\/08\/3-30.jpg&#8220; _builder_version=&#8220;4.5.1&#8243; _module_preset=&#8220;default&#8220; title_text=&#8220;3&#8243; hover_enabled=&#8220;0&#8243;][\/et_pb_image][\/et_pb_column][et_pb_column _builder_version=&#8220;4.5.1&#8243; _module_preset=&#8220;default&#8220; type=&#8220;1_4&#8243;][et_pb_image src=&#8220;https:\/\/www.planbwagen.de\/wp-content\/uploads\/2020\/08\/4-29.jpg&#8220; _builder_version=&#8220;4.5.1&#8243; _module_preset=&#8220;default&#8220; title_text=&#8220;4&#8243; hover_enabled=&#8220;0&#8243;][\/et_pb_image][\/et_pb_column][et_pb_column _builder_version=&#8220;4.5.1&#8243; _module_preset=&#8220;default&#8220; type=&#8220;1_4&#8243;][et_pb_image src=&#8220;https:\/\/www.planbwagen.de\/wp-content\/uploads\/2020\/08\/5-24.jpg&#8220; _builder_version=&#8220;4.5.1&#8243; _module_preset=&#8220;default&#8220; title_text=&#8220;5&#8243; hover_enabled=&#8220;0&#8243;][\/et_pb_image][\/et_pb_column][\/et_pb_row][et_pb_row _builder_version=&#8220;4.5.1&#8243; _module_preset=&#8220;default&#8220;][et_pb_column _builder_version=&#8220;4.5.1&#8243; _module_preset=&#8220;default&#8220; type=&#8220;4_4&#8243;][et_pb_text _builder_version=&#8220;4.5.1&#8243; _module_preset=&#8220;default&#8220; hover_enabled=&#8220;0&#8243;]<\/p>\n<p>Vorne auf der Spitze steht eine kleine aus Bruchstein gemauerter Halbkreis. Hier hat man zwei Fliesen aufgesetzt, die das Bild, das man dahinter sieht, entsprechend erl\u00e4utert. Hier finden sich Erkl\u00e4rungen der einzelnen Inseln, des Leuchtturms, usw. Zuerst sehe ich Le Mont-Saint-Michel auf der Fliese und erst dann sehe ich in weiter Ferne Le Mont-Saint-Michel aus der See herausragen. Wie auf fast allen Vorspr\u00fcngen ist auch hier einer der vielen WW2 Bunkeranlagen zu sehen. Mich fasziniert aber weniger der Bunker, als die Street Art: Eine mit franz\u00f6sischen Barett versehene Eierhandgranate, welche ein Schwein jagt. &#8211; &#8222;sale Boche&#8220;? &#8211; Erinnert mich ein wenig an den Film Inglourious Basterds.<\/p>\n<p>We wandelen terug richting Bulli. - Opnieuw gaan we langs de kust richting Saint-Malo. Bij Le Verger slaan we af richting strand: volgens de borden is de weg maar maximaal 1,70 meter breed, maar de Bulli past nog steeds. Door het riet bereiken we een prachtig zandstrand. Nu is het tijd om te zwemmen. De Atlantische Oceaan is niet bepaald warm, maar wel heerlijk verfrissend. Voordat we het strand verlaten en onze weg vervolgen, bezoeken we de Chapelle du Verger, een kapel uit 1869, die naar verluidt is gebouwd op een gebedsplaats voor zeelieden uit Cancalais.<\/p>\n<p>We rijden maar langzaam door Saint-Malo met Hector. Er is hier gewoon te veel te doen omdat het zaterdag is en we nog boodschappen moeten doen. Over boodschappen doen gesproken, de supermarkten doen me denken aan de KDW. Het aanbod is sensationeel. Hier zijn twee voorbeelden: Een deel van de selectie visconserven en de bijbehorende versafdeling.<\/p>\n<p>[\/et_pb_text][\/et_pb_column][\/et_pb_row][et_pb_row _builder_version=&#8220;4.5.1&#8243; _module_preset=&#8220;default&#8220; column_structure=&#8220;1_2,1_2&#8243;][et_pb_column _builder_version=&#8220;4.5.1&#8243; _module_preset=&#8220;default&#8220; type=&#8220;1_2&#8243;][et_pb_image src=&#8220;https:\/\/www.planbwagen.de\/wp-content\/uploads\/2020\/08\/6-21.jpg&#8220; _builder_version=&#8220;4.5.1&#8243; _module_preset=&#8220;default&#8220; title_text=&#8220;6&#8243; hover_enabled=&#8220;0&#8243;][\/et_pb_image][\/et_pb_column][et_pb_column _builder_version=&#8220;4.5.1&#8243; _module_preset=&#8220;default&#8220; type=&#8220;1_2&#8243;][et_pb_image src=&#8220;https:\/\/www.planbwagen.de\/wp-content\/uploads\/2020\/08\/7-18.jpg&#8220; _builder_version=&#8220;4.5.1&#8243; _module_preset=&#8220;default&#8220; title_text=&#8220;7&#8243; hover_enabled=&#8220;0&#8243;][\/et_pb_image][\/et_pb_column][\/et_pb_row][et_pb_row _builder_version=&#8220;4.5.1&#8243; _module_preset=&#8220;default&#8220;][et_pb_column _builder_version=&#8220;4.5.1&#8243; _module_preset=&#8220;default&#8220; type=&#8220;4_4&#8243;][et_pb_text _builder_version=&#8220;4.5.1&#8243; _module_preset=&#8220;default&#8220; hover_enabled=&#8220;0&#8243;]<\/p>\n<p>Unseren Platz f\u00fcr die Nacht finden wir auf dem Camping de la Baie, an der Rue Tertre de la Fontaine, zwischen der Landspitze Le Grouinde la Fosse und dem Pointe du Chatelet. &#8211; Wir sind sp\u00e4t dran, als wir um kurz nach 18:00 Uhr in den Platz einfahren wollen, blockiert uns ein Fahrzeug den Weg. &#8211; Die &#8222;Chefin&#8220; auf dem Weg nach Hause. Doch Sie \u00f6ffnet uns nicht nur die Pforte, sondern wie haben auch noch freie Platzwahl.* &#8211; Wir stellen uns in die erste Reihe in Richtung Meer und bauen erst mal auf. Erst als Torgit mit einem Glas Wein und ich mit einem Glas Whisky in der Hand endlich sitzen, bemerken wir wie wunderbar der Ausblick wirklich ist. Direkt gegen\u00fcber liegt das Fort la Latte, eines unserer morgigen Ziele.<\/p>\n<p>&nbsp;<\/p>\n<p>*Inzicht van de dag: De laatste zal uiteindelijk de eerste zijn.<\/p>\n<p>[\/et_pb_text][\/et_pb_column][\/et_pb_row][et_pb_row _builder_version=&#8220;4.5.1&#8243; _module_preset=&#8220;default&#8220; column_structure=&#8220;1_2,1_2&#8243;][et_pb_column _builder_version=&#8220;4.5.1&#8243; _module_preset=&#8220;default&#8220; type=&#8220;1_2&#8243;][et_pb_image src=&#8220;https:\/\/www.planbwagen.de\/wp-content\/uploads\/2020\/08\/8-15.jpg&#8220; _builder_version=&#8220;4.5.1&#8243; _module_preset=&#8220;default&#8220; title_text=&#8220;8&#8243; hover_enabled=&#8220;0&#8243;][\/et_pb_image][\/et_pb_column][et_pb_column _builder_version=&#8220;4.5.1&#8243; _module_preset=&#8220;default&#8220; type=&#8220;1_2&#8243;][et_pb_image src=&#8220;https:\/\/www.planbwagen.de\/wp-content\/uploads\/2020\/08\/9-13.jpg&#8220; _builder_version=&#8220;4.5.1&#8243; _module_preset=&#8220;default&#8220; title_text=&#8220;9&#8243; hover_enabled=&#8220;0&#8243;][\/et_pb_image][\/et_pb_column][\/et_pb_row][\/et_pb_section]<\/p>","protected":false},"excerpt":{"rendered":"<p>[et_pb_section fb_built=&#8220;1&#8243; _builder_version=&#8220;3.22&#8243;][et_pb_row _builder_version=&#8220;4.5.1&#8243; _module_preset=&#8220;default&#8220;][et_pb_column _builder_version=&#8220;4.5.1&#8243; _module_preset=&#8220;default&#8220; type=&#8220;4_4&#8243;][et_pb_image src=&#8220;https:\/\/www.planbwagen.de\/wp-content\/uploads\/2020\/08\/1-36.jpg&#8220; _builder_version=&#8220;4.5.1&#8243; _module_preset=&#8220;default&#8220; title_text=&#8220;1&#8243; hover_enabled=&#8220;0&#8243;][\/et_pb_image][et_pb_text _builder_version=&#8220;4.5.1&#8243; _module_preset=&#8220;default&#8220; hover_enabled=&#8220;0&#8243;] Endlich ist sie da, die lang erwartete Sonne. &#8211; Wir verlassen Camping Grouin und diesen Ausblick. Als n\u00e4chstes wollen wir den Pointe de Grouin erkunden. Bereits einige hundert Meter hinter dem Campingplatz befindet sich ein Parkplatz. Von hier gelangt [&hellip;]<\/p>","protected":false},"author":1,"featured_media":3682,"comment_status":"open","ping_status":"open","sticky":false,"template":"","format":"standard","meta":{"_et_pb_use_builder":"on","_et_pb_old_content":"<p>\u00a0<\/p><div id=\"content_start\">\u00a0<\/div><article class=\"j-blog\"><div class=\"n j-blog-meta j-blog-post--header\"><div class=\"j-text j-module n\"><a class=\"j-blog-post--category\" href=\"https:\/\/www.gluecksmuskel.de\/hectors-reisen\/france-frankreich\/\"> France - Frankreich <\/a> \u00a0\u00b7\u00a0 <span class=\"j-text j-blog-post--date\"> 14. September 2019 <\/span><\/div><h1 class=\"j-blog-header j-blog-headline j-blog-post--headline\">Tag No. 11 - Sunny Side up - Pointe de Grouin<\/h1><\/div><div class=\"post j-blog-content\"><div id=\"cc-matrix-3597140426\"><div id=\"cc-m-12572191326\" class=\"j-module n j-spacing \"><div class=\"cc-m-spacer\" style=\"height: 21px;\">\u00a0<\/div><\/div><div id=\"cc-m-12531929626\" class=\"j-module n j-imageSubtitle \"><figure class=\"cc-imagewrapper cc-m-image-align-1 cc-m-width-maxed\"><img id=\"cc-m-imagesubtitle-image-12531929626\" class=\"\" src=\"https:\/\/planbwagen.de\/wp-content\/uploads\/2020\/07\/image-4-0-1-5.jpg\" sizes=\"(min-width: 1040px) 1040px, 100vw\" alt=\"\" data-src-width=\"9074\" data-src-height=\"3894\" data-src=\"https:\/\/planbwagen.de\/wp-content\/uploads\/2020\/07\/image-4-0-1-5.jpg\" data-image-id=\"8096373326\" data-pfsrc=\"https:\/\/planbwagen.de\/wp-content\/uploads\/2020\/07\/image-4-0-1-5.jpg\" \/><\/figure><div class=\"cc-clear\">\u00a0<\/div><\/div><div id=\"cc-m-12531922026\" class=\"j-module n j-text \"><p>\u00a0<\/p><p>Endlich ist sie da, die lang erwartete Sonne. - Wir verlassen Camping Grouin und diesen Ausblick. Als n\u00e4chstes wollen wir\u00a0den Pointe de Grouin erkunden. Bereits einige hundert Meter hinter dem Campingplatz befindet sich ein Parkplatz. Von hier gelangt man einen kleinen\u00a0Pfad\u00a0zu den\u00a0bizarren Felsen der Landspitze. Hier zu sitzen und die salzige Luft zu genie\u00dfen, den Anglern zuzusehen und die schroffe Ile des Landes zu betrachten, macht einfach gl\u00fccklich. Wer h\u00e4tte gedacht, dass uns nach diesem Ausblick, ein noch sch\u00f6nerer erwartet?<\/p><p>\u00a0<\/p><\/div><div id=\"cc-m-12531930326\" class=\"j-module n j-gallery \"><div id=\"cc-m-gallery-12531930326\" class=\"cc-m-gallery-container cc-m-gallery-cool clearover\"><div id=\"gallery_thumb_8096450026\" class=\"cc-m-gallery-cool-item\"><div><a rel=\"lightbox[12531930326]\" data-href=\"https:\/\/planbwagen.de\/wp-content\/uploads\/attachments\/image.jpg\" data-title=\"\" data-index=\"0\"> <img style=\"height: 277px; width: 370px; margin-bottom: 3px;\" src=\"https:\/\/planbwagen.de\/wp-content\/uploads\/2020\/07\/image-9-1-4.jpg\" alt=\"\" data-orig-width=\"2048\" data-orig-height=\"1536\" \/> <\/a><\/div><\/div><div id=\"gallery_thumb_8096373626\" class=\"cc-m-gallery-cool-item\"><div><a rel=\"lightbox[12531930326]\" data-href=\"https:\/\/planbwagen.de\/wp-content\/uploads\/attachments\/image.jpg\" data-title=\"\" data-index=\"1\"> <img style=\"height: 277px; width: 370px; margin-bottom: 3px;\" src=\"https:\/\/planbwagen.de\/wp-content\/uploads\/2020\/07\/image-1-8-5-3.jpg\" alt=\"\" data-orig-width=\"2048\" data-orig-height=\"1536\" \/> <\/a><\/div><\/div><div id=\"gallery_thumb_8096373826\" class=\"cc-m-gallery-cool-item\"><div><a rel=\"lightbox[12531930326]\" data-href=\"https:\/\/planbwagen.de\/wp-content\/uploads\/attachments\/image.jpg\" data-title=\"\" data-index=\"2\"> <img style=\"height: 157px; width: 157px; margin-bottom: 3px; margin-right: 3px;\" src=\"https:\/\/planbwagen.de\/wp-content\/uploads\/2020\/07\/image-3-5-6.jpg\" alt=\"\" data-orig-width=\"2048\" data-orig-height=\"2048\" \/> <\/a><\/div><\/div><div id=\"gallery_thumb_8096373526\" class=\"cc-m-gallery-cool-item\"><div><a rel=\"lightbox[12531930326]\" data-href=\"https:\/\/planbwagen.de\/wp-content\/uploads\/attachments\/image.jpg\" data-title=\"\" data-index=\"3\"> <img style=\"height: 157px; width: 210px; margin-bottom: 3px;\" src=\"https:\/\/planbwagen.de\/wp-content\/uploads\/2020\/07\/image-5-2-0-9.jpg\" alt=\"\" data-orig-width=\"2048\" data-orig-height=\"1536\" \/> <\/a><\/div><\/div><\/div><\/div><div id=\"cc-m-12531930226\" class=\"j-module n j-text \"><p>\u00a0<\/p><p>Vorne auf der Spitze steht eine kleine aus\u00a0 Bruchstein gemauerter Halbkreis. Hier hat man zwei Fliesen aufgesetzt, die das Bild, das man dahinter sieht, entsprechend erl\u00e4utert. Hier finden sich Erkl\u00e4rungen der einzelnen Inseln, des Leuchtturms, usw. Zuerst\u00a0sehe ich Le\u00a0Mont-Saint-Michel auf der Fliese und erst dann\u00a0sehe ich in weiter Ferne Le\u00a0Mont-Saint-Michel\u00a0aus der See herausragen. Wie auf fast allen Vorspr\u00fcngen ist auch hier einer der vielen WW2 Bunkeranlagen zu sehen. Mich fasziniert aber weniger der Bunker, als die Street Art: Eine mit franz\u00f6sischen Barett versehene Eierhandgranate, welche ein Schwein jagt. - \"sale Boche\"?\u00a0 - Erinnert mich ein wenig an den Film Inglourious Basterds.<\/p><p>\u00a0<\/p><p>Wir wandern wieder in Richtung Bulli. -\u00a0Wieder geht es\u00a0die K\u00fcste lang Richtung\u00a0Saint-Malo. Bei\u00a0Le Verger biegen wir in Richtung Strand: Laut Hinweisschildern ist die Stra\u00dfe nur bis 1.70m Breite zu befahren, doch der Bulli passt dennoch. Durch Schilfgras gelangen wir an einen sehr sch\u00f6nen Sandstrand. Nun ist Baden angesagt. Der Atlantik ist nicht gerade warm, daf\u00fcr aber herrlich erfrischend. Bevor wir vom Strand wieder auf unserer Tor weiter fahren, besichtigen wir noch die Chapelle du Verger, eine Kapelle,\u00a0aus dem Jahre 1869. Angeblich wurde die Kapelle auf einer Gebetsst\u00e4tte der Cancalaiser Seeleute\u00a0 errichtet.<\/p><p>\u00a0<\/p><p>\u00a0<\/p><p>Saint-Malo durchfahren wir nur langsam mit Hector. Aufgrund des Samstags ist uns hier einfach zu viel los und wir m\u00fcsse ja noch einkaufen. Apropos einkaufen, die Superm\u00e4rkte erinnern mich ans KDW. Die Auswahl ist sensationell. Hier zwei Beispiele: Jeweils ein Ausschnitt der Fischdosenauswahl. bzw. der entsprechenden Frischeabteilung.<\/p><p>\u00a0<\/p><\/div><div id=\"cc-m-12531930726\" class=\"j-module n j-gallery \"><div id=\"cc-m-gallery-12531930726\" class=\"cc-m-gallery-container cc-m-gallery-cool clearover\"><div id=\"gallery_thumb_8096374126\" class=\"cc-m-gallery-cool-item\"><div><a rel=\"lightbox[12531930726]\" data-href=\"https:\/\/planbwagen.de\/wp-content\/uploads\/attachments\/image.jpg\" data-title=\"\" data-index=\"0\"> <img style=\"height: 277px; width: 370px; margin-bottom: 20px;\" src=\"https:\/\/planbwagen.de\/wp-content\/uploads\/2020\/07\/image-5-6-5-9.jpg\" alt=\"\" data-orig-width=\"2048\" data-orig-height=\"1536\" \/> <\/a><\/div><\/div><div id=\"gallery_thumb_8096374226\" class=\"cc-m-gallery-cool-item\"><div><a rel=\"lightbox[12531930726]\" data-href=\"https:\/\/planbwagen.de\/wp-content\/uploads\/attachments\/image.jpg\" data-title=\"\" data-index=\"1\"> <img style=\"height: 277px; width: 370px; margin-bottom: 20px;\" src=\"https:\/\/planbwagen.de\/wp-content\/uploads\/2020\/07\/image-0-4-8.jpg\" alt=\"\" data-orig-width=\"2048\" data-orig-height=\"1536\" \/> <\/a><\/div><\/div><\/div><\/div><div id=\"cc-m-12532021026\" class=\"j-module n j-text \"><p>Unseren Platz f\u00fcr die Nacht finden wir auf dem Camping de la Baie, an der Rue Tertre de la Fontaine, zwischen der Landspitze Le Grouinde la Fosse und dem Pointe du Chatelet. - Wir sind sp\u00e4t dran, als wir um kurz nach 18:00 Uhr in den Platz einfahren wollen, blockiert uns ein Fahrzeug den Weg. - Die \"Chefin\" auf dem Weg nach Hause. Doch Sie \u00f6ffnet uns nicht nur die Pforte, sondern wie haben auch noch freie Platzwahl.* - Wir stellen uns in die erste Reihe in Richtung Meer und bauen erst mal auf. Erst als\u00a0Torgit mit einem Glas Wein und ich mit einem Glas Whisky in der Hand endlich sitzen, bemerken wir wie wunderbar der Ausblick wirklich ist. Direkt gegen\u00fcber liegt das Fort la Latte, eines unserer morgigen Ziele.<\/p><p>\u00a0<\/p><p>*Erkenntnis des Tages: Die Letzten werden doch die Ersten sein.<\/p><p>\u00a0<\/p><\/div><div id=\"cc-m-12532024626\" class=\"j-module n j-gallery \"><div id=\"cc-m-gallery-12532024626\" class=\"cc-m-gallery-container cc-m-gallery-cool clearover\"><div id=\"gallery_thumb_8096449426\" class=\"cc-m-gallery-cool-item\"><div><a rel=\"lightbox[12532024626]\" data-href=\"https:\/\/planbwagen.de\/wp-content\/uploads\/attachments\/image.jpg\" data-title=\"\" data-index=\"0\"> <img style=\"height: 277px; width: 370px; margin-bottom: 20px;\" src=\"https:\/\/planbwagen.de\/wp-content\/uploads\/2020\/07\/image-2-7-6.jpg\" alt=\"\" data-orig-width=\"2048\" data-orig-height=\"1536\" \/> <\/a><\/div><\/div><div id=\"gallery_thumb_8096449526\" class=\"cc-m-gallery-cool-item\"><div><a rel=\"lightbox[12532024626]\" data-href=\"https:\/\/planbwagen.de\/wp-content\/uploads\/attachments\/image.jpg\" data-title=\"\" data-index=\"1\"> <img style=\"height: 277px; width: 370px; margin-bottom: 20px;\" src=\"https:\/\/planbwagen.de\/wp-content\/uploads\/2020\/07\/image-0-3-5-5.jpg\" alt=\"\" data-orig-width=\"2048\" data-orig-height=\"1536\" \/> <\/a><\/div><\/div><\/div><\/div><div id=\"cc-m-12572191526\" class=\"j-module n j-text \"><p style=\"text-align: right;\">\u00a0 \u00a0\u00a0<a class=\"j-calltoaction-link j-calltoaction-link-style-2\" style=\"font-size: 16px; background-color: #ffcc00; border-width: 2px; border-color: #ffcc00; color: #ffffff; user-select: text; padding: 10px 20px; line-height: 1.5; border-radius: 0px; -webkit-appearance: none; margin: 1em 0px;\" title=\"Tag No. 12 - Pinguine in der Bretagne?\" href=\"\/2019\/09\/15\/tag-no-12-pinguine-in-der-bretagne\/\" data-action=\"button\" data-title=\"Sunny Side Up\">Sunny Side Up\u00a0 \u00a0\u00a0<\/a><\/p><p style=\"text-align: right;\"><a class=\"j-calltoaction-link j-calltoaction-link-style-2\" style=\"background-color: #ffcc00; border-width: 2px; border-color: #ffcc00; color: #ffffff; user-select: text; padding: 10px 20px; font-size: 16px; line-height: 1.5; border-radius: 0px; -webkit-appearance: none; margin: 1em 0px;\" title=\"Tag No. 10 - Durchfahrt verboten\" href=\"\/2019\/09\/13\/tag-no-10-durchfahrt-verboten\/\" data-action=\"button\" data-title=\"Sunny Side Down\"> Sunny Side Down\u00a0 \u00a0\u00a0<\/a><\/p><p>\u00a0<\/p><\/div><\/div><\/div><div class=\"j-module n j-text j-blog-post--tags-wrapper\"><span class=\"j-blog-post--tags--template\" style=\"display: none;\"><a class=\"j-blog-post--tag\" href=\"https:\/\/www.gluecksmuskel.de\/hectors-reisen\/?tag=tagPlaceholder\">tagPlaceholder<\/a><\/span><span class=\"j-blog-post--tags-label\" style=\"display: none;\">Tags:<\/span><\/div><div class=\"n j-comment\"><div id=\"commentsModule12531921426\"><p id=\"skiptoform12531921426\" class=\"skiptoform\"><a href=\"#\" data-id=\"12531921426\" data-action=\"goToForm\">Kommentar schreiben<\/a><\/p><div id=\"numComments12531921426\" class=\"j-blog-comment-counter\">Kommentare: <i class=\"cc-comments-count\">0<\/i><\/div><ul id=\"commentOutput12531921426\" class=\"com-list-noava\"><li id=\"commentFormContainer12531921426\" class=\"commentstd clearover\"><strong class=\"number\">#1<\/strong><br \/><div class=\"com-meta\">\u00a0<\/div><p><a name=\"commentForm12531921426\"><\/a><\/p><div class=\"commententry cc-com-entry\"><form id=\"commentform12531921426\" action=\"\" enctype=\"application\/x-www-form-urlencoded\" method=\"post\"><div><label class=\"required\" for=\"name12531921426\">Name: *<\/label><br \/><input id=\"name12531921426\" class=\"single\" name=\"name\" type=\"text\" value=\"\" \/><\/div><div><label class=\"required\" for=\"comment12531921426\">Eintrag: *<\/label><br \/><textarea id=\"comment12531921426\" cols=\"80\" name=\"comment\" rows=\"6\"><\/textarea><\/div><div><label class=\"required\" for=\"privacyPolicy12531921426\">Es gilt die <a href=\"\/j\/privacy\" target=\"_blank\" rel=\"noopener noreferrer\">Datenschutzerkl\u00e4rung<\/a>. *<\/label><br \/><input name=\"privacyPolicy\" type=\"hidden\" value=\"0\" \/><input id=\"privacyPolicy12531921426\" name=\"privacyPolicy\" type=\"checkbox\" value=\"1\" \/><\/div><div><input id=\"submit12531921426\" name=\"Senden\" type=\"submit\" value=\"Senden\" \/><\/div><dl class=\"zend_form\"><dt id=\"mandFields-label\"><\/dt><\/dl><div style=\"margin-top: 4px;\">* Pflichtfelder<\/div><\/form><\/div><div class=\"c\">\u00a0<\/div><\/li><\/ul><div id=\"commentError12531921426\" class=\"message-error\" style=\"display: none;\">\u00a0<\/div><div id=\"commentSuccess12531921426\" class=\"message-ok\" style=\"display: none;\">\u00a0<\/div><\/div><p><script>\/\/ <![CDATA[ window.regModule(\"module_comment\", {\"data\":{\"id\":\"12531921426\",\"closed\":\"0\",\"captcha\":\"e339d5e6401fbaa814ab30c2d3385887\",\"avatar\":false,\"lang\":{\"comment\":\"Kommentar\",\"comments\":\"Kommentare\"}}}); \/\/ ]]> <\/script><\/p><\/div><\/article><p>\u00a0<\/p>","_et_gb_content_width":"","footnotes":""},"categories":[10],"tags":[],"class_list":["post-2022","post","type-post","status-publish","format-standard","has-post-thumbnail","hentry","category-frankreich"],"_links":{"self":[{"href":"https:\/\/www.planbwagen.de\/nl\/wp-json\/wp\/v2\/posts\/2022","targetHints":{"allow":["GET"]}}],"collection":[{"href":"https:\/\/www.planbwagen.de\/nl\/wp-json\/wp\/v2\/posts"}],"about":[{"href":"https:\/\/www.planbwagen.de\/nl\/wp-json\/wp\/v2\/types\/post"}],"author":[{"embeddable":true,"href":"https:\/\/www.planbwagen.de\/nl\/wp-json\/wp\/v2\/users\/1"}],"replies":[{"embeddable":true,"href":"https:\/\/www.planbwagen.de\/nl\/wp-json\/wp\/v2\/comments?post=2022"}],"version-history":[{"count":6,"href":"https:\/\/www.planbwagen.de\/nl\/wp-json\/wp\/v2\/posts\/2022\/revisions"}],"predecessor-version":[{"id":7829,"href":"https:\/\/www.planbwagen.de\/nl\/wp-json\/wp\/v2\/posts\/2022\/revisions\/7829"}],"wp:featuredmedia":[{"embeddable":true,"href":"https:\/\/www.planbwagen.de\/nl\/wp-json\/wp\/v2\/media\/3682"}],"wp:attachment":[{"href":"https:\/\/www.planbwagen.de\/nl\/wp-json\/wp\/v2\/media?parent=2022"}],"wp:term":[{"taxonomy":"category","embeddable":true,"href":"https:\/\/www.planbwagen.de\/nl\/wp-json\/wp\/v2\/categories?post=2022"},{"taxonomy":"post_tag","embeddable":true,"href":"https:\/\/www.planbwagen.de\/nl\/wp-json\/wp\/v2\/tags?post=2022"}],"curies":[{"name":"wp","href":"https:\/\/api.w.org\/{rel}","templated":true}]}}