{"id":2005,"date":"2019-09-16T19:23:06","date_gmt":"2019-09-16T19:23:06","guid":{"rendered":""},"modified":"2020-09-15T08:40:01","modified_gmt":"2020-09-15T08:40:01","slug":"tag-no-13-wartet-das-ungluck-auf-uns-abbaye-maritime-de-beauport","status":"publish","type":"post","link":"https:\/\/www.planbwagen.de\/nl\/frankrijk\/dag-nr-13-ongeluk-wacht-op-ons-abbaye-maritime-de-beauport\/","title":{"rendered":"Dag 13 - Staat ons ongeluk te wachten? - Abdij Maritiem van Beauport"},"content":{"rendered":"<p>[et_pb_section fb_built=&#8220;1&#8243; _builder_version=&#8220;3.22&#8243;][et_pb_row _builder_version=&#8220;4.5.1&#8243; _module_preset=&#8220;default&#8220; column_structure=&#8220;1_3,1_3,1_3&#8243;][et_pb_column _builder_version=&#8220;4.5.1&#8243; _module_preset=&#8220;default&#8220; type=&#8220;1_3&#8243;][et_pb_image src=&#8220;https:\/\/www.planbwagen.de\/wp-content\/uploads\/2020\/08\/1-34.jpg&#8220; _builder_version=&#8220;4.5.1&#8243; _module_preset=&#8220;default&#8220; title_text=&#8220;1&#8243; hover_enabled=&#8220;0&#8243;][\/et_pb_image][\/et_pb_column][et_pb_column _builder_version=&#8220;4.5.1&#8243; _module_preset=&#8220;default&#8220; type=&#8220;1_3&#8243;][et_pb_image src=&#8220;https:\/\/www.planbwagen.de\/wp-content\/uploads\/2020\/08\/2-32.jpg&#8220; _builder_version=&#8220;4.5.1&#8243; _module_preset=&#8220;default&#8220; hover_enabled=&#8220;0&#8243; title_text=&#8220;2&#8243;][\/et_pb_image][\/et_pb_column][et_pb_column _builder_version=&#8220;4.5.1&#8243; _module_preset=&#8220;default&#8220; type=&#8220;1_3&#8243;][et_pb_image src=&#8220;https:\/\/www.planbwagen.de\/wp-content\/uploads\/2020\/08\/3-28.jpg&#8220; _builder_version=&#8220;4.5.1&#8243; _module_preset=&#8220;default&#8220; title_text=&#8220;3&#8243; hover_enabled=&#8220;0&#8243;][\/et_pb_image][\/et_pb_column][\/et_pb_row][et_pb_row _builder_version=&#8220;4.5.1&#8243; _module_preset=&#8220;default&#8220;][et_pb_column _builder_version=&#8220;4.5.1&#8243; _module_preset=&#8220;default&#8220; type=&#8220;4_4&#8243;][et_pb_text _builder_version=&#8220;4.5.1&#8243; _module_preset=&#8220;default&#8220; hover_enabled=&#8220;0&#8243;]<\/p>\n<p>Het weerbericht voorspelde wisselvallig weer. Daarom besloten we vandaag wat afstand af te leggen. - Wisselvallig weer, maar afwisselend zonnig en licht bewolkt. We vertrokken rond 9.30 uur vanaf Camping des Hautes Grees, in Rue Saint-Michel, in Erquy, een schone maar onspectaculaire camping, langs Pl\u00e9neuf-Val-Andr\u00e9 met zijn prachtige zandstrand.<\/p>\n<p>Vervolgens reizen we via Saint-Brieuc naar Binic. We kunnen met het busje tot aan de kademuur van de haven rijden. Daar maken we gebruik van voor onze ontbijtpauze. Vanaf hier hebben we een prachtig uitzicht over het lange zandstrand en een openluchtzwembad. Een of twee stand-up paddlers profiteren van de zachte zee. We laten onze benen over de kademuur hangen en genieten van ons ontbijt. Tenminste, tot het moment dat een bouwvakker meent de meeuwen te moeten voeren. Vanaf dat moment is het gedaan met de rust.<\/p>\n<p>We rijden verder naar Lanloup. De plaatselijke dorpskerk nodigt uit om even te blijven staan. De verzonken zijdeur en het oude leien dak maken het de moeite waard om er even bij stil te staan.<\/p>\n<p>[\/et_pb_text][\/et_pb_column][\/et_pb_row][et_pb_row _builder_version=&#8220;4.5.1&#8243; _module_preset=&#8220;default&#8220; column_structure=&#8220;1_3,1_3,1_3&#8243;][et_pb_column _builder_version=&#8220;4.5.1&#8243; _module_preset=&#8220;default&#8220; type=&#8220;1_3&#8243;][et_pb_image src=&#8220;https:\/\/www.planbwagen.de\/wp-content\/uploads\/2020\/08\/4-28.jpg&#8220; _builder_version=&#8220;4.5.1&#8243; _module_preset=&#8220;default&#8220; title_text=&#8220;4&#8243; hover_enabled=&#8220;0&#8243;][\/et_pb_image][\/et_pb_column][et_pb_column _builder_version=&#8220;4.5.1&#8243; _module_preset=&#8220;default&#8220; type=&#8220;1_3&#8243;][et_pb_image src=&#8220;https:\/\/www.planbwagen.de\/wp-content\/uploads\/2020\/08\/5-23.jpg&#8220; _builder_version=&#8220;4.5.1&#8243; _module_preset=&#8220;default&#8220; title_text=&#8220;5&#8243; hover_enabled=&#8220;0&#8243;][\/et_pb_image][\/et_pb_column][et_pb_column _builder_version=&#8220;4.5.1&#8243; _module_preset=&#8220;default&#8220; type=&#8220;1_3&#8243;][et_pb_image src=&#8220;https:\/\/www.planbwagen.de\/wp-content\/uploads\/2020\/08\/6-20.jpg&#8220; _builder_version=&#8220;4.5.1&#8243; _module_preset=&#8220;default&#8220; title_text=&#8220;6&#8243; hover_enabled=&#8220;0&#8243;][\/et_pb_image][\/et_pb_column][\/et_pb_row][et_pb_row _builder_version=&#8220;4.5.1&#8243; _module_preset=&#8220;default&#8220;][et_pb_column _builder_version=&#8220;4.5.1&#8243; _module_preset=&#8220;default&#8220; type=&#8220;4_4&#8243;][et_pb_text _builder_version=&#8220;4.5.1&#8243; _module_preset=&#8220;default&#8220; hover_enabled=&#8220;0&#8243;]<\/p>\n<p>Toch gaan we door naar de Abbaye Maritime de Beauport, op ongeveer 3 kilometer van Paimpol. De abdij werd in 1202 gebouwd in de kleine baai van Paimpol, op een heuvel die uitkijkt over de zee en het eiland Saint-Riom.<\/p>\n<p>F\u00fcr alle die zu Fu\u00df weiter gehen wollen: Hier steht km &#8222;0&#8220;, als Ausgangspunkt, auf den Jakobsweg. &#8222;Nur&#8220; 1.800 km Fu\u00dfweg, bis nach Santiago de Compostela, in Spanien. &#8211; Wir fahren lieber weiter:<\/p>\n<p>[\/et_pb_text][\/et_pb_column][\/et_pb_row][et_pb_row _builder_version=&#8220;4.5.1&#8243; _module_preset=&#8220;default&#8220; column_structure=&#8220;1_4,1_4,1_4,1_4&#8243;][et_pb_column _builder_version=&#8220;4.5.1&#8243; _module_preset=&#8220;default&#8220; type=&#8220;1_4&#8243;][et_pb_image src=&#8220;https:\/\/www.planbwagen.de\/wp-content\/uploads\/2020\/08\/7-17.jpg&#8220; _builder_version=&#8220;4.5.1&#8243; _module_preset=&#8220;default&#8220; title_text=&#8220;7&#8243; hover_enabled=&#8220;0&#8243;][\/et_pb_image][\/et_pb_column][et_pb_column _builder_version=&#8220;4.5.1&#8243; _module_preset=&#8220;default&#8220; type=&#8220;1_4&#8243;][et_pb_image src=&#8220;https:\/\/www.planbwagen.de\/wp-content\/uploads\/2020\/08\/8-14.jpg&#8220; _builder_version=&#8220;4.5.1&#8243; _module_preset=&#8220;default&#8220; title_text=&#8220;8&#8243; hover_enabled=&#8220;0&#8243;][\/et_pb_image][\/et_pb_column][et_pb_column _builder_version=&#8220;4.5.1&#8243; _module_preset=&#8220;default&#8220; type=&#8220;1_4&#8243;][et_pb_image src=&#8220;https:\/\/www.planbwagen.de\/wp-content\/uploads\/2020\/08\/9-12.jpg&#8220; _builder_version=&#8220;4.5.1&#8243; _module_preset=&#8220;default&#8220; title_text=&#8220;9&#8243; hover_enabled=&#8220;0&#8243;][\/et_pb_image][\/et_pb_column][et_pb_column _builder_version=&#8220;4.5.1&#8243; _module_preset=&#8220;default&#8220; type=&#8220;1_4&#8243;][et_pb_image src=&#8220;https:\/\/www.planbwagen.de\/wp-content\/uploads\/2020\/08\/10-11.jpg&#8220; _builder_version=&#8220;4.5.1&#8243; _module_preset=&#8220;default&#8220; title_text=&#8220;10&#8243; hover_enabled=&#8220;0&#8243;][\/et_pb_image][\/et_pb_column][\/et_pb_row][et_pb_row _builder_version=&#8220;4.5.1&#8243; _module_preset=&#8220;default&#8220;][et_pb_column _builder_version=&#8220;4.5.1&#8243; _module_preset=&#8220;default&#8220; type=&#8220;4_4&#8243;][et_pb_text _builder_version=&#8220;4.5.1&#8243; _module_preset=&#8220;default&#8220; hover_enabled=&#8220;0&#8243;]<\/p>\n<p>Vanaf hier verlaten we voorlopig de kust en gaan we richting Camping de ROZ AR MOR, net ten zuiden van Tr\u00e9beurden. We bereiken onze kampeerplaats voor de nacht rond 18.00 uur. De camping ligt direct aan zee, met een adembenemend uitzicht op de baai van Lannion.<\/p>\n<p>Dichtbij de GR34 gelegen, biedt het een goede toegang om te wandelen. Onze staanplaats is de laatste, of eigenlijk de eerste, voor het zandstrand. Vanaf hier leiden een paar treden direct naar het zand. Er is geen twijfel mogelijk over welke we als eerste bezoeken. - Vandaag genieten we van het geluid van de golven en een glas Bordeaux tijdens het koken. - De cider hebben we gisteren al leeggemaakt.<\/p>\n<p>Is de Bordeaux al een voorproefje van de komende tour? Misschien.<\/p>\n<p>Heeft dag 13 ons ongeluk gebracht? - Nee, het was een rustige en ontspannen dag.<\/p>\n<p>Inzicht van de dag: er geen hebben is zeker ook een manier om te kalmeren.<\/p>\n<p>[\/et_pb_text][\/et_pb_column][\/et_pb_row][\/et_pb_section]<\/p>","protected":false},"excerpt":{"rendered":"<p>[et_pb_section fb_built=&#8220;1&#8243; _builder_version=&#8220;3.22&#8243;][et_pb_row _builder_version=&#8220;4.5.1&#8243; _module_preset=&#8220;default&#8220; column_structure=&#8220;1_3,1_3,1_3&#8243;][et_pb_column _builder_version=&#8220;4.5.1&#8243; _module_preset=&#8220;default&#8220; type=&#8220;1_3&#8243;][et_pb_image src=&#8220;https:\/\/www.planbwagen.de\/wp-content\/uploads\/2020\/08\/1-34.jpg&#8220; _builder_version=&#8220;4.5.1&#8243; _module_preset=&#8220;default&#8220; title_text=&#8220;1&#8243; hover_enabled=&#8220;0&#8243;][\/et_pb_image][\/et_pb_column][et_pb_column _builder_version=&#8220;4.5.1&#8243; _module_preset=&#8220;default&#8220; type=&#8220;1_3&#8243;][et_pb_image src=&#8220;https:\/\/www.planbwagen.de\/wp-content\/uploads\/2020\/08\/2-32.jpg&#8220; _builder_version=&#8220;4.5.1&#8243; _module_preset=&#8220;default&#8220; hover_enabled=&#8220;0&#8243; title_text=&#8220;2&#8243;][\/et_pb_image][\/et_pb_column][et_pb_column _builder_version=&#8220;4.5.1&#8243; _module_preset=&#8220;default&#8220; type=&#8220;1_3&#8243;][et_pb_image src=&#8220;https:\/\/www.planbwagen.de\/wp-content\/uploads\/2020\/08\/3-28.jpg&#8220; _builder_version=&#8220;4.5.1&#8243; _module_preset=&#8220;default&#8220; title_text=&#8220;3&#8243; hover_enabled=&#8220;0&#8243;][\/et_pb_image][\/et_pb_column][\/et_pb_row][et_pb_row _builder_version=&#8220;4.5.1&#8243; _module_preset=&#8220;default&#8220;][et_pb_column _builder_version=&#8220;4.5.1&#8243; _module_preset=&#8220;default&#8220; type=&#8220;4_4&#8243;][et_pb_text _builder_version=&#8220;4.5.1&#8243; _module_preset=&#8220;default&#8220; hover_enabled=&#8220;0&#8243;] Die Wettervorhersage k\u00fcndigte wechselndes Wetter an. Deshalb haben wir beschlossen heute etwas Strecke zu machen. &#8211; Wechselndes [&hellip;]<\/p>","protected":false},"author":1,"featured_media":3680,"comment_status":"open","ping_status":"open","sticky":false,"template":"","format":"standard","meta":{"_et_pb_use_builder":"on","_et_pb_old_content":"<p>\u00a0<\/p><div id=\"content_start\">\u00a0<\/div><article class=\"j-blog\"><div class=\"n j-blog-meta j-blog-post--header\"><div class=\"j-text j-module n\"><a class=\"j-blog-post--category\" href=\"https:\/\/www.gluecksmuskel.de\/hectors-reisen\/france-frankreich\/\"> France - Frankreich <\/a> \u00a0\u00b7\u00a0 <span class=\"j-text j-blog-post--date\"> 16. September 2019 <\/span><\/div><h1 class=\"j-blog-header j-blog-headline j-blog-post--headline\">Tag No. 13 - Wartet das Ungl\u00fcck auf uns? - Abbaye Maritime de Beauport<\/h1><\/div><div class=\"post j-blog-content\"><div id=\"cc-matrix-3597227526\"><div id=\"cc-m-12572192026\" class=\"j-module n j-spacing \"><div class=\"cc-m-spacer\" style=\"height: 15px;\">\u00a0<\/div><\/div><div id=\"cc-m-12532591426\" class=\"j-module n j-gallery \"><div id=\"cc-m-gallery-12532591426\" class=\"cc-m-gallery-container cc-m-gallery-cool clearover\"><div id=\"gallery_thumb_8096977726\" class=\"cc-m-gallery-cool-item\"><div><a rel=\"lightbox[12532591426]\" data-href=\"https:\/\/planbwagen.de\/wp-content\/uploads\/attachments\/image.jpg\" data-title=\"\" data-index=\"0\"> <img style=\"height: 277px; width: 370px; margin-bottom: 3px;\" src=\"https:\/\/planbwagen.de\/wp-content\/uploads\/2020\/07\/image-6-9-7-5.jpg\" alt=\"\" data-orig-width=\"2048\" data-orig-height=\"1536\" \/> <\/a><\/div><\/div><div id=\"gallery_thumb_8096977826\" class=\"cc-m-gallery-cool-item\"><div><a rel=\"lightbox[12532591426]\" data-href=\"https:\/\/planbwagen.de\/wp-content\/uploads\/attachments\/image.jpg\" data-title=\"\" data-index=\"1\"> <img style=\"height: 176px; width: 132px; margin-bottom: 3px; margin-right: 3px;\" src=\"https:\/\/planbwagen.de\/wp-content\/uploads\/2020\/07\/image-3-3-2-6.jpg\" alt=\"\" data-orig-width=\"1536\" data-orig-height=\"2048\" \/> <\/a><\/div><\/div><div id=\"gallery_thumb_8096977926\" class=\"cc-m-gallery-cool-item\"><div><a rel=\"lightbox[12532591426]\" data-href=\"https:\/\/planbwagen.de\/wp-content\/uploads\/attachments\/image.jpg\" data-title=\"\" data-index=\"2\"> <img style=\"height: 176px; width: 235px; margin-bottom: 3px;\" src=\"https:\/\/planbwagen.de\/wp-content\/uploads\/2020\/07\/image-4-4-9.jpg\" alt=\"\" data-orig-width=\"2048\" data-orig-height=\"1536\" \/> <\/a><\/div><\/div><\/div><\/div><div id=\"cc-m-12532449126\" class=\"j-module n j-text \"><p>\u00a0<\/p><p>Die Wettervorhersage k\u00fcndigte wechselndes Wetter an. Deshalb haben wir beschlossen heute etwas Strecke zu machen. - Wechselndes Wetter passt, doch wechselnd zwischen sonnig und leicht bew\u00f6lkt. Wir starten gegen 9:30 vom\u00a0Camping des Hautes Grees,\u00a0in der Rue Saint-Michel, in Erquy, einem sauberen aber auch unspektakul\u00e4ren Platz, vorbei an\u00a0Pl\u00e9neuf-Val-Andr\u00e9 mit seinem wunderbaren Sandstrand.<\/p><p>\u00a0<\/p><p>Als n\u00e4chstes geht es\u00a0\u00fcber Saint-Brieuc nach\u00a0Binic. Wir k\u00f6nnen mit dem Bulli bis auf die Kaimauer des Hafens fahren. Dies nutzen wir f\u00fcr unsere Fr\u00fchst\u00fcckspause. Von hier aus hat man einen wunderbaren Blick \u00fcber den langen Sandstrand und ein Freiwasserschwimmbad. Die sanfte See nutzt der ein oder andere Stand Up Paddler. Wir lassen die Beine \u00fcber die Kaimauer h\u00e4ngen und genie\u00dfen unser Fr\u00fchst\u00fcck. Zumindest bis zu dem Moment, an dem ein Bauarbeiter meint die M\u00f6wen f\u00fcttern zu m\u00fcssen. Ab dann ist der Frieden vorbei.<\/p><p>\u00a0<\/p><p>Wir ziehen weiter bis Lanloup. Die hiesige Dorfkirche l\u00e4dt zum verweilen ein.\u00a0Ihre\u00a0zur\u00fcckgesetzte Seitenpforte und\u00a0das alte Schieferdach machen sie wert inne zu halten.<\/p><p>\u00a0<\/p><\/div><div id=\"cc-m-12532544126\" class=\"j-module n j-gallery \"><div id=\"cc-m-gallery-12532544126\" class=\"cc-m-gallery-container cc-m-gallery-cool clearover\"><div id=\"gallery_thumb_8096939526\" class=\"cc-m-gallery-cool-item\"><div><a rel=\"lightbox[12532544126]\" data-href=\"https:\/\/planbwagen.de\/wp-content\/uploads\/attachments\/image.jpg\" data-title=\"\" data-index=\"0\"> <img style=\"height: 172px; width: 129px; margin-bottom: 10px; margin-right: 10px;\" src=\"https:\/\/planbwagen.de\/wp-content\/uploads\/2020\/07\/image-9-5-2-9.jpg\" alt=\"\" data-orig-width=\"1536\" data-orig-height=\"2048\" \/> <\/a><\/div><\/div><div id=\"gallery_thumb_8096939626\" class=\"cc-m-gallery-cool-item\"><div><a rel=\"lightbox[12532544126]\" data-href=\"https:\/\/planbwagen.de\/wp-content\/uploads\/attachments\/image.jpg\" data-title=\"\" data-index=\"1\"> <img style=\"height: 172px; width: 231px; margin-bottom: 10px;\" src=\"https:\/\/planbwagen.de\/wp-content\/uploads\/2020\/07\/image-5-5-0.jpg\" alt=\"\" data-orig-width=\"2048\" data-orig-height=\"1536\" \/> <\/a><\/div><\/div><div id=\"gallery_thumb_8096939726\" class=\"cc-m-gallery-cool-item\"><div><a rel=\"lightbox[12532544126]\" data-href=\"https:\/\/planbwagen.de\/wp-content\/uploads\/attachments\/image.jpg\" data-title=\"\" data-index=\"2\"> <img style=\"height: 277px; width: 370px; margin-bottom: 10px;\" src=\"https:\/\/planbwagen.de\/wp-content\/uploads\/2020\/07\/image-3-3-6.jpg\" alt=\"\" data-orig-width=\"2048\" data-orig-height=\"1536\" \/> <\/a><\/div><\/div><\/div><\/div><div id=\"cc-m-12532543926\" class=\"j-module n j-text \"><p>\u00a0<\/p><p>F\u00fcr uns geht es dennoch weiter\u00a0zur Abbaye Maritime de Beauport, ca. 3 km vor\u00a0Paimpol\u00a0gelegen. Die Abtei wurde, 1202 in der kleinen Bucht von Paimpol, auf einer Anh\u00f6he erbaut und thront \u00fcber dem Meer und der Insel Saint Riom.<\/p><p>F\u00fcr alle die zu Fu\u00df weiter gehen wollen: Hier steht\u00a0km \"0\", als Ausgangspunkt,\u00a0auf den Jakobsweg. \"Nur\" 1.800 km Fu\u00dfweg, bis nach Santiago de Compostela, in Spanien. - Wir fahren lieber weiter:<\/p><p>\u00a0<\/p><\/div><div id=\"cc-m-12532589326\" class=\"j-module n j-gallery \"><div id=\"cc-m-gallery-12532589326\" class=\"cc-m-gallery-container cc-m-gallery-cool clearover\"><div id=\"gallery_thumb_8096975226\" class=\"cc-m-gallery-cool-item\"><div><a rel=\"lightbox[12532589326]\" data-href=\"https:\/\/planbwagen.de\/wp-content\/uploads\/attachments\/image.jpg\" data-title=\"\" data-index=\"0\"> <img style=\"height: 176px; width: 132px; margin-bottom: 3px; margin-right: 3px;\" src=\"https:\/\/planbwagen.de\/wp-content\/uploads\/2020\/07\/image-3-4-7.jpg\" alt=\"\" data-orig-width=\"1536\" data-orig-height=\"2048\" \/> <\/a><\/div><\/div><div id=\"gallery_thumb_8096975326\" class=\"cc-m-gallery-cool-item\"><div><a rel=\"lightbox[12532589326]\" data-href=\"https:\/\/planbwagen.de\/wp-content\/uploads\/attachments\/image.jpg\" data-title=\"\" data-index=\"1\"> <img style=\"height: 176px; width: 235px; margin-bottom: 3px;\" src=\"https:\/\/planbwagen.de\/wp-content\/uploads\/2020\/07\/image-4-7-9-2-6.jpg\" alt=\"\" data-orig-width=\"2048\" data-orig-height=\"1536\" \/> <\/a><\/div><\/div><div id=\"gallery_thumb_8096975626\" class=\"cc-m-gallery-cool-item\"><div><a rel=\"lightbox[12532589326]\" data-href=\"https:\/\/planbwagen.de\/wp-content\/uploads\/attachments\/image.jpg\" data-title=\"\" data-index=\"2\"> <img style=\"height: 244px; width: 183px; margin-bottom: 3px; margin-right: 3px;\" src=\"https:\/\/planbwagen.de\/wp-content\/uploads\/2020\/07\/image-0-8-2.jpg\" alt=\"\" data-orig-width=\"1536\" data-orig-height=\"2048\" \/> <\/a><\/div><\/div><div id=\"gallery_thumb_8096993026\" class=\"cc-m-gallery-cool-item\"><div><a rel=\"lightbox[12532589326]\" data-href=\"https:\/\/planbwagen.de\/wp-content\/uploads\/attachments\/image.jpg\" data-title=\"\" data-index=\"3\"> <img style=\"height: 244px; width: 184px; margin-bottom: 3px;\" src=\"https:\/\/planbwagen.de\/wp-content\/uploads\/2020\/07\/image-0-6-8-3.jpg\" alt=\"\" data-orig-width=\"1536\" data-orig-height=\"2048\" \/> <\/a><\/div><\/div><\/div><\/div><div id=\"cc-m-12532589026\" class=\"j-module n j-text \"><p>\u00a0<\/p><p>Ab hier verlassen wir vorerst die K\u00fcste und kreuzen Richtung Camping de ROZ AR MOR, etwas s\u00fcdlich von Tr\u00e9beurden. Unseren Platz f\u00fcr die Nacht erreichen wir gegen 18 Uhr. Der Platz ist direkt am Meer gelegen, mit atemberaubendem Blick auf die Bucht von Lannion .<\/p><p>\u00a0<\/p><p>In der N\u00e4he des GR34 gelegen , bietet er\u00a0eine gute Anbindung zum\u00a0 f\u00fcr Wandern. Unser Stellplatz ist der letzte, bzw. der erste vorm Sandstrand. Von hier f\u00fchren einige wenige Stufen direkt in den Sand. Es ist wohl keine Frage, was wir als erstes besuchen. - Beim Kochen genie\u00dfen wir heute den Klang der Wellen und ein Glas Bordeaux. - Den Cidre haben wir bereits gestern geleert.<\/p><p>\u00a0<\/p><p>Ist der Bordeaux bereits ein Vorgeschmack auf die kommende Tour? Vielleicht.<\/p><p>Hat uns Tag No. 13 Pech oder Ungl\u00fcck gebracht? - Nein, es war ein ruhiger und entspannter Tag.<\/p><p>\u00a0<\/p><p>Erkenntnis des Tages: Keine zu haben, ist sicher auch eine Form zur Ruhe zu kommen.<\/p><\/div><div id=\"cc-m-12572192126\" class=\"j-module n j-text \"><p style=\"text-align: right;\">\u00a0 \u00a0\u00a0<a class=\"j-calltoaction-link j-calltoaction-link-style-2\" style=\"font-size: 16px; background-color: #ffcc00; border-width: 2px; border-color: #ffcc00; color: #ffffff; user-select: text; padding: 10px 20px; line-height: 1.5; border-radius: 0px; -webkit-appearance: none; margin: 1em 0px;\" title=\"Tag No. 14 - Zur\u00fcck in die Zukunft\" href=\"\/2019\/09\/17\/tag-no-14-zur%C3%BCck-in-die-zukunft\/\" data-action=\"button\" data-title=\"Sunny Side Up\">Sunny Side Up\u00a0 \u00a0\u00a0<\/a><\/p><p style=\"text-align: right;\"><a class=\"j-calltoaction-link j-calltoaction-link-style-2\" style=\"background-color: #ffcc00; border-width: 2px; border-color: #ffcc00; color: #ffffff; user-select: text; padding: 10px 20px; font-size: 16px; line-height: 1.5; border-radius: 0px; -webkit-appearance: none; margin: 1em 0px;\" title=\"Tag No. 12 - Pinguine in der Bretagne?\" href=\"\/2019\/09\/15\/tag-no-12-pinguine-in-der-bretagne\/\" data-action=\"button\" data-title=\"Sunny Side Down\"> Sunny Side Down\u00a0 \u00a0\u00a0<\/a><\/p><p>\u00a0<\/p><\/div><\/div><\/div><div class=\"j-module n j-text j-blog-post--tags-wrapper\"><span class=\"j-blog-post--tags--template\" style=\"display: none;\"><a class=\"j-blog-post--tag\" href=\"https:\/\/www.gluecksmuskel.de\/hectors-reisen\/?tag=tagPlaceholder\">tagPlaceholder<\/a><\/span><span class=\"j-blog-post--tags-label\" style=\"display: none;\">Tags:<\/span><\/div><div class=\"n j-comment\"><div id=\"commentsModule12532448126\"><p id=\"skiptoform12532448126\" class=\"skiptoform\"><a href=\"#\" data-id=\"12532448126\" data-action=\"goToForm\">Kommentar schreiben<\/a><\/p><div id=\"numComments12532448126\" class=\"j-blog-comment-counter\">Kommentare: <i class=\"cc-comments-count\">0<\/i><\/div><ul id=\"commentOutput12532448126\" class=\"com-list-noava\"><li id=\"commentFormContainer12532448126\" class=\"commentstd clearover\"><strong class=\"number\">#1<\/strong><br \/><div class=\"com-meta\">\u00a0<\/div><p><a name=\"commentForm12532448126\"><\/a><\/p><div class=\"commententry cc-com-entry\"><form id=\"commentform12532448126\" action=\"\" enctype=\"application\/x-www-form-urlencoded\" method=\"post\"><div><label class=\"required\" for=\"name12532448126\">Name: *<\/label><br \/><input id=\"name12532448126\" class=\"single\" name=\"name\" type=\"text\" value=\"\" \/><\/div><div><label class=\"required\" for=\"comment12532448126\">Eintrag: *<\/label><br \/><textarea id=\"comment12532448126\" cols=\"80\" name=\"comment\" rows=\"6\"><\/textarea><\/div><div><label class=\"required\" for=\"privacyPolicy12532448126\">Es gilt die <a href=\"\/j\/privacy\" target=\"_blank\" rel=\"noopener noreferrer\">Datenschutzerkl\u00e4rung<\/a>. *<\/label><br \/><input name=\"privacyPolicy\" type=\"hidden\" value=\"0\" \/><input id=\"privacyPolicy12532448126\" name=\"privacyPolicy\" type=\"checkbox\" value=\"1\" \/><\/div><div><input id=\"submit12532448126\" name=\"Senden\" type=\"submit\" value=\"Senden\" \/><\/div><dl class=\"zend_form\"><dt id=\"mandFields-label\"><\/dt><\/dl><div style=\"margin-top: 4px;\">* Pflichtfelder<\/div><\/form><\/div><div class=\"c\">\u00a0<\/div><\/li><\/ul><div id=\"commentError12532448126\" class=\"message-error\" style=\"display: none;\">\u00a0<\/div><div id=\"commentSuccess12532448126\" class=\"message-ok\" style=\"display: none;\">\u00a0<\/div><\/div><p><script>\/\/ <![CDATA[ window.regModule(\"module_comment\", {\"data\":{\"id\":\"12532448126\",\"closed\":\"0\",\"captcha\":\"022a9d65047df8625fb21de40cb87088\",\"avatar\":false,\"lang\":{\"comment\":\"Kommentar\",\"comments\":\"Kommentare\"}}}); \/\/ ]]> <\/script><\/p><\/div><\/article><p>\u00a0<\/p>","_et_gb_content_width":"","footnotes":""},"categories":[10],"tags":[],"class_list":["post-2005","post","type-post","status-publish","format-standard","has-post-thumbnail","hentry","category-frankreich"],"_links":{"self":[{"href":"https:\/\/www.planbwagen.de\/nl\/wp-json\/wp\/v2\/posts\/2005","targetHints":{"allow":["GET"]}}],"collection":[{"href":"https:\/\/www.planbwagen.de\/nl\/wp-json\/wp\/v2\/posts"}],"about":[{"href":"https:\/\/www.planbwagen.de\/nl\/wp-json\/wp\/v2\/types\/post"}],"author":[{"embeddable":true,"href":"https:\/\/www.planbwagen.de\/nl\/wp-json\/wp\/v2\/users\/1"}],"replies":[{"embeddable":true,"href":"https:\/\/www.planbwagen.de\/nl\/wp-json\/wp\/v2\/comments?post=2005"}],"version-history":[{"count":7,"href":"https:\/\/www.planbwagen.de\/nl\/wp-json\/wp\/v2\/posts\/2005\/revisions"}],"predecessor-version":[{"id":7827,"href":"https:\/\/www.planbwagen.de\/nl\/wp-json\/wp\/v2\/posts\/2005\/revisions\/7827"}],"wp:featuredmedia":[{"embeddable":true,"href":"https:\/\/www.planbwagen.de\/nl\/wp-json\/wp\/v2\/media\/3680"}],"wp:attachment":[{"href":"https:\/\/www.planbwagen.de\/nl\/wp-json\/wp\/v2\/media?parent=2005"}],"wp:term":[{"taxonomy":"category","embeddable":true,"href":"https:\/\/www.planbwagen.de\/nl\/wp-json\/wp\/v2\/categories?post=2005"},{"taxonomy":"post_tag","embeddable":true,"href":"https:\/\/www.planbwagen.de\/nl\/wp-json\/wp\/v2\/tags?post=2005"}],"curies":[{"name":"wp","href":"https:\/\/api.w.org\/{rel}","templated":true}]}}