{"id":16078,"date":"2023-06-15T14:33:09","date_gmt":"2023-06-15T12:33:09","guid":{"rendered":"https:\/\/www.planbwagen.de\/?p=16078"},"modified":"2023-10-31T11:57:49","modified_gmt":"2023-10-31T09:57:49","slug":"palazzo-vetrano-unser-nachhaltigkeitskonzept-nachhaltig-reisen","status":"publish","type":"post","link":"https:\/\/www.planbwagen.de\/nl\/ccc-camper-opruimactie\/palazzo-vetrano-ons-duurzaamheidsconcept-duurzaam-reizen\/","title":{"rendered":"PALAZZO VETRANO - Ons duurzaamheidsconcept - Duurzaam reizen ?? ?? ??"},"content":{"rendered":"<p>[et_pb_section fb_built=&#8220;1&#8243; _builder_version=&#8220;4.5.1&#8243; _module_preset=&#8220;default&#8220;][et_pb_row _builder_version=&#8220;4.5.1&#8243; _module_preset=&#8220;default&#8220;][et_pb_column type=&#8220;4_4&#8243; _builder_version=&#8220;4.5.1&#8243; _module_preset=&#8220;default&#8220;][et_pb_text _builder_version=&#8220;4.5.1&#8243; _module_preset=&#8220;default&#8220;]<\/p>\n<p>Wil jij ook je ecologische voetafdruk tijdens het reizen verkleinen? Hoe kunnen we je ondersteunen?<\/p>\n<p>We zien dit als onze gezamenlijke bijdrage aan het verminderen van de impact op het milieu, het behouden van natuurlijke hulpbronnen en het bevorderen van maatschappelijk verantwoord gedrag zonder de les te lezen. We willen ook bewust afzien van het bekende vingerwijzen.<\/p>\n<p>Maar hoe breng je ecologische, economische en sociale overwegingen onder in een vakantiewoning?<\/p>\n<p>We realiseerden ons al snel dat het niet zo eenvoudig was. Sicili\u00eb en Palermo in het bijzonder zijn zeker geen bakens van duurzaam denken en handelen.<\/p>\n<p>Plastic vermijden en afval scheiden lijken vreemde woorden. Maar er zijn ook positieve dingen te melden. De eerste bushaltes worden momenteel uitgerust met oplaadstations. En in de opslagmarkt worden Itali\u00eb en Sicili\u00eb in het bijzonder naast Duitsland gezien als pioniers op het gebied van hernieuwbare energie.<\/p>\n<p>Er is veel te doen. Daarom willen we onszelf er niet van weerhouden om onze bescheiden bijdrage te leveren.<br \/> Ja, het woord bescheiden is ook bewust gekozen. Want we staan zeker nog maar aan het begin. We dragen ons steentje bij voor zover we dat kunnen. Trouw aan het motto:<\/p>\n<p>[\/et_pb_text][\/et_pb_column][\/et_pb_row][et_pb_row _builder_version=&#8220;4.5.1&#8243; _module_preset=&#8220;default&#8220;][et_pb_column type=&#8220;4_4&#8243; _builder_version=&#8220;4.5.1&#8243; _module_preset=&#8220;default&#8220;][et_pb_text _builder_version=&#8220;4.5.1&#8243; _module_preset=&#8220;default&#8220;]<\/p>\n<p style=\"text-align: center;\"><strong><em>&#8222;Was wir heute tun, entscheidet dar\u00fcber, wie die Welt morgen aussieht.\u201d<\/em><\/strong><br \/><strong><em> - Marie barones Ebner von Eschenbach<\/em><\/strong><\/p>\n<p>[\/et_pb_text][\/et_pb_column][\/et_pb_row][et_pb_row column_structure=&#8220;1_2,1_2&#8243; _builder_version=&#8220;4.5.1&#8243; _module_preset=&#8220;default&#8220;][et_pb_column type=&#8220;1_2&#8243; _builder_version=&#8220;4.5.1&#8243; _module_preset=&#8220;default&#8220;][et_pb_image src=&#8220;https:\/\/www.planbwagen.de\/wp-content\/uploads\/2023\/06\/69d5ed8c-8b3b-483a-a8ae-d5b294ebf6f4-1024&#215;682.jpg&#8220; title_text=&#8220;69d5ed8c-8b3b-483a-a8ae-d5b294ebf6f4&#8243; _builder_version=&#8220;4.5.1&#8243; _module_preset=&#8220;default&#8220;][\/et_pb_image][\/et_pb_column][et_pb_column type=&#8220;1_2&#8243; _builder_version=&#8220;4.5.1&#8243; _module_preset=&#8220;default&#8220;][et_pb_image src=&#8220;https:\/\/www.planbwagen.de\/wp-content\/uploads\/2023\/06\/d1efdc9b-0902-479f-8d9f-b288089c15fe-1-1024&#215;683.jpg&#8220; title_text=&#8220;d1efdc9b-0902-479f-8d9f-b288089c15fe&#8220; _builder_version=&#8220;4.5.1&#8243; _module_preset=&#8220;default&#8220;][\/et_pb_image][\/et_pb_column][\/et_pb_row][et_pb_row _builder_version=&#8220;4.5.1&#8243; _module_preset=&#8220;default&#8220;][et_pb_column type=&#8220;4_4&#8243; _builder_version=&#8220;4.5.1&#8243; _module_preset=&#8220;default&#8220;][et_pb_text _builder_version=&#8220;4.5.1&#8243; _module_preset=&#8220;default&#8220;]<\/p>\n<p><span style=\"font-size: 18px;\"><\/span><\/p>\n<p><span style=\"font-size: 18px;\">Wat is onze ecologische voetafdruk? Hoe zit het met onze ecologische voetafdruk?<\/span><\/p>\n<div id=\"ez-toc-container\" class=\"ez-toc-v2_0_76 counter-hierarchy ez-toc-counter ez-toc-grey ez-toc-container-direction\">\n<p class=\"ez-toc-title\" style=\"cursor:inherit\">Content<\/p>\n<label for=\"ez-toc-cssicon-toggle-item-69f4c9826c777\" class=\"ez-toc-cssicon-toggle-label\"><span class=\"\"><span class=\"eztoc-hide\" style=\"display:none;\">Toggle<\/span><span class=\"ez-toc-icon-toggle-span\"><svg style=\"fill: #999;color:#999\" xmlns=\"http:\/\/www.w3.org\/2000\/svg\" class=\"list-377408\" width=\"20px\" height=\"20px\" viewbox=\"0 0 24 24\" fill=\"none\"><path d=\"M6 6H4v2h2V6zm14 0H8v2h12V6zM4 11h2v2H4v-2zm16 0H8v2h12v-2zM4 16h2v2H4v-2zm16 0H8v2h12v-2z\" fill=\"currentColor\"><\/path><\/svg><svg style=\"fill: #999;color:#999\" class=\"arrow-unsorted-368013\" xmlns=\"http:\/\/www.w3.org\/2000\/svg\" width=\"10px\" height=\"10px\" viewbox=\"0 0 24 24\" version=\"1.2\" baseprofile=\"tiny\"><path d=\"M18.2 9.3l-6.2-6.3-6.2 6.3c-.2.2-.3.4-.3.7s.1.5.3.7c.2.2.4.3.7.3h11c.3 0 .5-.1.7-.3.2-.2.3-.5.3-.7s-.1-.5-.3-.7zM5.8 14.7l6.2 6.3 6.2-6.3c.2-.2.3-.5.3-.7s-.1-.5-.3-.7c-.2-.2-.4-.3-.7-.3h-11c-.3 0-.5.1-.7.3-.2.2-.3.5-.3.7s.1.5.3.7z\"\/><\/svg><\/span><\/span><\/label><input type=\"checkbox\"  id=\"ez-toc-cssicon-toggle-item-69f4c9826c777\"  aria-label=\"Toggle\" \/><nav><ul class='ez-toc-list ez-toc-list-level-1' ><li class='ez-toc-page-1 ez-toc-heading-level-2'><a class=\"ez-toc-link ez-toc-heading-1\" href=\"https:\/\/www.planbwagen.de\/nl\/ccc-camper-opruimactie\/palazzo-vetrano-ons-duurzaamheidsconcept-duurzaam-reizen\/#Hier_ein_Katalog_unserer_bisherigen_Massnahmen\" >Hier volgt een overzicht van onze maatregelen tot nu toe:<\/a><ul class='ez-toc-list-level-3' ><li class='ez-toc-heading-level-3'><a class=\"ez-toc-link ez-toc-heading-2\" href=\"https:\/\/www.planbwagen.de\/nl\/ccc-camper-opruimactie\/palazzo-vetrano-ons-duurzaamheidsconcept-duurzaam-reizen\/#Solare_Stromerzeugung_und_-speicherung\" >Opwekking en opslag van zonne-energie<\/a><\/li><li class='ez-toc-page-1 ez-toc-heading-level-3'><a class=\"ez-toc-link ez-toc-heading-3\" href=\"https:\/\/www.planbwagen.de\/nl\/ccc-camper-opruimactie\/palazzo-vetrano-ons-duurzaamheidsconcept-duurzaam-reizen\/#Heizen_%E2%80%93_Trocknen_%E2%80%93_Kuhlen\" >Verwarmen - Drogen - Koelen<\/a><\/li><li class='ez-toc-page-1 ez-toc-heading-level-3'><a class=\"ez-toc-link ez-toc-heading-4\" href=\"https:\/\/www.planbwagen.de\/nl\/ccc-camper-opruimactie\/palazzo-vetrano-ons-duurzaamheidsconcept-duurzaam-reizen\/#Strom_Licht\" >Stroom &amp; Licht<\/a><\/li><li class='ez-toc-page-1 ez-toc-heading-level-3'><a class=\"ez-toc-link ez-toc-heading-5\" href=\"https:\/\/www.planbwagen.de\/nl\/ccc-camper-opruimactie\/palazzo-vetrano-ons-duurzaamheidsconcept-duurzaam-reizen\/#Trinkwasser\" >Drinkwater<\/a><\/li><li class='ez-toc-page-1 ez-toc-heading-level-3'><a class=\"ez-toc-link ez-toc-heading-6\" href=\"https:\/\/www.planbwagen.de\/nl\/ccc-camper-opruimactie\/palazzo-vetrano-ons-duurzaamheidsconcept-duurzaam-reizen\/#Plastik\" >Kunststof<\/a><\/li><li class='ez-toc-page-1 ez-toc-heading-level-3'><a class=\"ez-toc-link ez-toc-heading-7\" href=\"https:\/\/www.planbwagen.de\/nl\/ccc-camper-opruimactie\/palazzo-vetrano-ons-duurzaamheidsconcept-duurzaam-reizen\/#Einrichtung\" >Inrichting<\/a><\/li><li class='ez-toc-page-1 ez-toc-heading-level-3'><a class=\"ez-toc-link ez-toc-heading-8\" href=\"https:\/\/www.planbwagen.de\/nl\/ccc-camper-opruimactie\/palazzo-vetrano-ons-duurzaamheidsconcept-duurzaam-reizen\/#Anreise\" >Reis<\/a><\/li><li class='ez-toc-page-1 ez-toc-heading-level-3'><a class=\"ez-toc-link ez-toc-heading-9\" href=\"https:\/\/www.planbwagen.de\/nl\/ccc-camper-opruimactie\/palazzo-vetrano-ons-duurzaamheidsconcept-duurzaam-reizen\/#Eigenverantwortung\" >Persoonlijke verantwoordelijkheid<\/a><\/li><li class='ez-toc-page-1 ez-toc-heading-level-3'><a class=\"ez-toc-link ez-toc-heading-10\" href=\"https:\/\/www.planbwagen.de\/nl\/ccc-camper-opruimactie\/palazzo-vetrano-ons-duurzaamheidsconcept-duurzaam-reizen\/#Essen_Soziales\" >Voeding en sociale zaken<\/a><\/li><li class='ez-toc-page-1 ez-toc-heading-level-3'><a class=\"ez-toc-link ez-toc-heading-11\" href=\"https:\/\/www.planbwagen.de\/nl\/ccc-camper-opruimactie\/palazzo-vetrano-ons-duurzaamheidsconcept-duurzaam-reizen\/#CleanUp\" >CleanUp<\/a><\/li><li class='ez-toc-page-1 ez-toc-heading-level-3'><a class=\"ez-toc-link ez-toc-heading-12\" href=\"https:\/\/www.planbwagen.de\/nl\/ccc-camper-opruimactie\/palazzo-vetrano-ons-duurzaamheidsconcept-duurzaam-reizen\/#Fazit\" >Conclusie<\/a><\/li><\/ul><\/li><\/ul><\/nav><\/div>\n<h2><span class=\"ez-toc-section\" id=\"Hier_ein_Katalog_unserer_bisherigen_Massnahmen\"><\/span>Hier volgt een overzicht van onze maatregelen tot nu toe:<span class=\"ez-toc-section-end\"><\/span><\/h2>\n<p>&nbsp;<\/p>\n<h3><span class=\"ez-toc-section\" id=\"Solare_Stromerzeugung_und_-speicherung\"><\/span>Opwekking en opslag van zonne-energie<span class=\"ez-toc-section-end\"><\/span><\/h3>\n<p>De Siciliaanse zon levert een belangrijke bijdrage aan ons duurzaamheidsconcept. Hij schijnt gemiddeld 7,4 uur per dag. Dit is niet alleen goed voor de ziel en de vitamine D-balans, maar vooral voor ons milieu.<\/p>\n<h3><span class=\"ez-toc-section\" id=\"Heizen_%E2%80%93_Trocknen_%E2%80%93_Kuhlen\"><\/span>Verwarmen - Drogen - Koelen<span class=\"ez-toc-section-end\"><\/span><\/h3>\n<p>Hernieuwbare energie levert hier een belangrijke bijdrage. De warmtepomp van het energiezuinige split airconditioningsysteem maakt het niet alleen mogelijk om de natuurlijke omgevingswarmte uit de lucht te benutten. Het dient ook als primaire warmtebron. CO2-vrij dankzij een combinatie met een zonne-\/ fotovolta\u00efsch systeem, elektriciteitsopslag en groene stroom.<\/p>\n<p>De vakantiewoning heeft ook een Bosch condensatieketel van de nieuwste generatie. Deze is echter alleen bedoeld als secundaire warmtebron en terugvalsysteem.<\/p>\n<h3><span class=\"ez-toc-section\" id=\"Strom_Licht\"><\/span>Stroom &amp; Licht<span class=\"ez-toc-section-end\"><\/span><\/h3>\n<p>De focus lag hierbij op kleurweergave, dimmen en energie-effici\u00ebntie. LED's garanderen een langdurig en duurzaam gebruik van de armaturen.<\/p>\n<p>Naast verlichting stond ook het vermijden van onnodig elektriciteitsverbruik op onze agenda. Alle huishoudelijke apparaten zijn zoveel mogelijk geselecteerd op basis van energiecriteria. Bovendien kunnen we met een centrale schakelaar alle stroomvoorzieningen uitschakelen (met uitzondering van de koelkast) wanneer we de flat verlaten. Gewoon eco, logisch?<\/p>\n<h3><span class=\"ez-toc-section\" id=\"Trinkwasser\"><\/span>Drinkwater<span class=\"ez-toc-section-end\"><\/span><\/h3>\n<p>Het kraanwater wordt niet alleen regelmatig getest volgens de EU-richtlijnen. We vinden ook dat de smaak uitzonderlijk goed is. Daarom gebruiken we het als drinkwater. Zo hoeven wij en jij geen onnodige flessen mee te nemen. We hoeven je toch niet te vertellen dat dit waardevol drinkwater is dat je moet bewaren? PS: Vergeet je drinkfles niet!<\/p>\n<h3><span class=\"ez-toc-section\" id=\"Plastik\"><\/span>Kunststof<span class=\"ez-toc-section-end\"><\/span><\/h3>\n<p>Thuis plastic afval vermijden is in het dagelijks leven vaak al een uitdaging. Op vakantie is dit vaak dubbel zo moeilijk. We hebben al wat voorbereidend werk gedaan om dit ook voor jou op vakantie mogelijk te maken.<\/p>\n<p>We hebben het gebruik van plastic voor serviesgoed en bestek bewust zoveel mogelijk vermeden. Maar de doorslaggevende bijdrage ligt vlak voor onze deur. De Mercato Ballar\u00f2, traditioneel en bekend om zijn regionale assortiment seizoensfruit, groenten, vis en duurzaam vlees.<\/p>\n<p>Er zijn verschillende onverpakte winkels op loopafstand. Onze gasten kunnen de exacte locatie vinden op hun digitale stadsplattegrond. Onze vakantiewoning Palazzo Vetrano is uitgerust met glazen opbergers, een boodschappenmand en boodschappentas.<\/p>\n<p>[\/et_pb_text][\/et_pb_column][\/et_pb_row][et_pb_row column_structure=&#8220;1_2,1_2&#8243; _builder_version=&#8220;4.5.1&#8243; _module_preset=&#8220;default&#8220;][et_pb_column type=&#8220;1_2&#8243; _builder_version=&#8220;4.5.1&#8243; _module_preset=&#8220;default&#8220;][et_pb_image src=&#8220;https:\/\/www.planbwagen.de\/wp-content\/uploads\/2023\/06\/X-Wohnku\u0308che-Details-Palermo-Blu-Centro-Storico-Ballaro\u0300-Pallazzo-Vertrano-Casa-Vacanza-00003-1024&#215;682.jpg&#8220; alt=&#8220;Nachhaltigkeit: glas, Porzellan, Mehrweg, statt Plastik und Einweg&#8220; _builder_version=&#8220;4.5.1&#8243; _module_preset=&#8220;default&#8220;][\/et_pb_image][\/et_pb_column][et_pb_column type=&#8220;1_2&#8243; _builder_version=&#8220;4.5.1&#8243; _module_preset=&#8220;default&#8220;][et_pb_image src=&#8220;https:\/\/www.planbwagen.de\/wp-content\/uploads\/2023\/06\/Nachhaltig-1-1024&#215;682.jpg&#8220; alt=&#8220;Nachhaltigkeit: glas, Porzellan, Mehrweg, statt Plastik und Einweg&#8220; _builder_version=&#8220;4.5.1&#8243; _module_preset=&#8220;default&#8220;][\/et_pb_image][\/et_pb_column][\/et_pb_row][et_pb_row _builder_version=&#8220;4.5.1&#8243; _module_preset=&#8220;default&#8220;][et_pb_column type=&#8220;4_4&#8243; _builder_version=&#8220;4.5.1&#8243; _module_preset=&#8220;default&#8220;][et_pb_text _builder_version=&#8220;4.5.1&#8243; _module_preset=&#8220;default&#8220;]<\/p>\n<h3><span class=\"ez-toc-section\" id=\"Einrichtung\"><\/span>Inrichting<span class=\"ez-toc-section-end\"><\/span><\/h3>\n<p>Bij de selectie van onze vintage meubelen hebben we naast het uiterlijk en de kwaliteit ook gelet op duurzaamheid en een lange levensduur. De meeste van onze stukken komen uit Palermo en omgeving en hebben al andere mensen gelukkig gemaakt. Ons messing bed kan zeker worden omschreven als intergenerationeel. Als we er samen voor kunnen zorgen dat deze meubels op een gegeven moment ook de volgende generatie gelukkig maken, hebben we een duurzame stap voorwaarts gezet.<\/p>\n<p>Natuurlijk zijn er ook een paar meubels van IKEA. Hun klanten moeten zich bij ons ook thuis voelen. We hopen dat we de juiste duurzame producten hebben gevonden.<\/p>\n<p>[\/et_pb_text][\/et_pb_column][\/et_pb_row][et_pb_row column_structure=&#8220;1_2,1_2&#8243; _builder_version=&#8220;4.5.1&#8243; _module_preset=&#8220;default&#8220;][et_pb_column type=&#8220;1_2&#8243; _builder_version=&#8220;4.5.1&#8243; _module_preset=&#8220;default&#8220;][et_pb_image src=&#8220;https:\/\/www.planbwagen.de\/wp-content\/uploads\/2023\/03\/5-Schlafen-1-Palermo-Blu-Centro-Storico-Ballaro\u0300-Pallazzo-Vertrano-Casa-Vacanza-00006-1-1024&#215;683.jpg&#8220; alt=&#8220;Schlafen 1, Palermo Blu, Centro Storico, Ballaro\u0300, Pallazzo Vertrano, Casa Vacanza&#8220; title_text=&#8220;Schlafen 1, Palermo Blu, Centro Storico, Ballaro\u0300, Pallazzo Vertrano, Casa Vacanza&#8220; _builder_version=&#8220;4.5.1&#8243; _module_preset=&#8220;default&#8220;][\/et_pb_image][\/et_pb_column][et_pb_column type=&#8220;1_2&#8243; _builder_version=&#8220;4.5.1&#8243; _module_preset=&#8220;default&#8220;][et_pb_image src=&#8220;https:\/\/www.planbwagen.de\/wp-content\/uploads\/2023\/03\/31-Schlafen-1-Details-Palermo-Blu-Centro-Storico-Ballaro\u0300-Pallazzo-Vertrano-Casa-Vacanza-00003-1024&#215;683.jpg&#8220; alt=&#8220;Schlafen 1 Details, Palermo Blu, Centro Storico, Ballaro\u0300, Pallazzo Vertrano, Casa Vacanza&#8220; title_text=&#8220;Schlafen 1 Details, Palermo Blu, Centro Storico, Ballaro\u0300, Pallazzo Vertrano, Casa Vacanza&#8220; _builder_version=&#8220;4.5.1&#8243; _module_preset=&#8220;default&#8220;][\/et_pb_image][\/et_pb_column][\/et_pb_row][et_pb_row _builder_version=&#8220;4.5.1&#8243; _module_preset=&#8220;default&#8220;][et_pb_column type=&#8220;4_4&#8243; _builder_version=&#8220;4.5.1&#8243; _module_preset=&#8220;default&#8220;][et_pb_text _builder_version=&#8220;4.5.1&#8243; _module_preset=&#8220;default&#8220;]<\/p>\n<p><span style=\"color: #333333; font-family: 'DCC Ash', Helvetica, Arial, Lucida, sans-serif; font-size: 22px;\">Bouwmaterialen<\/span><\/p>\n<p>Deuren en ramen zijn gemaakt van hout, een hernieuwbaar bouwmateriaal. De thermisch isolerende beglazing beschermt tegen kou en warmte. We vonden het spannend dat onze aannemer van tevoren al had nagedacht over een duurzame selectie van bouwmaterialen. Dit had ik niet verwacht op Sicili\u00eb.<\/p>\n<h3><span class=\"ez-toc-section\" id=\"Anreise\"><\/span>Reis<span class=\"ez-toc-section-end\"><\/span><\/h3>\n<p>De meest klimaatvriendelijke manier om Sicili\u00eb te bereiken is natuurlijk te voet of met de fiets. Je kunt ook met de auto of trein reizen. De auto is bijvoorbeeld een uur sneller op de route van Frankfurt naar de veerboothaven van Genua. Maar wat is relaxter? Vooral omdat de veerboothaven van Palermo onbetaalbaar is.\u00a0<\/p>\n<p>Als je geen tijd hebt, kun je nog steeds met het vliegtuig naar Sicili\u00eb reizen zonder de schande van het vliegen. Bijna alle luchtvaartmaatschappijen bieden nu CO2-compensatie aan. Het waarschijnlijk betere alternatief zijn non-profitorganisaties\u00a0<span>Aanbieders zoals\u00a0<\/span><a href=\"https:\/\/www.atmosfair.de\/de\/kompensieren\/flug\/\">atmosfair<\/a><span>. Ze berekenen bijvoorbeeld de klimaatimpact van een vlucht voor twee personen, van Keulen naar Palermo, voor een retourvlucht, op 1.200 kg CO2. Dat is iets minder dan 22% van de vaak genoemde vlucht naar Bali. Het compensatiebedrag hiervoor komt overeen met \u20ac28\u00a0<\/span><span>Hier kun je niet alleen berekenen hoeveel CO2 je met je vlucht uitstoot, maar ook direct en eenvoudig wereldwijde compensatieprogramma's ondersteunen.\u00a0<\/span><\/p>\n<p>Vanaf het vliegveld van Palermo kun je rechtstreeks met de trein naar het\u00a0<span>Palermo Centraal Station en dus <\/span>naar het oude stadscentrum.\u00a0\u00a0<\/p>\n<p>[\/et_pb_text][\/et_pb_column][\/et_pb_row][et_pb_row column_structure=&#8220;1_2,1_2&#8243; _builder_version=&#8220;4.5.1&#8243; _module_preset=&#8220;default&#8220;][et_pb_column type=&#8220;1_2&#8243; _builder_version=&#8220;4.5.1&#8243; _module_preset=&#8220;default&#8220;][et_pb_image src=&#8220;https:\/\/www.planbwagen.de\/wp-content\/uploads\/2023\/06\/IMG_5472-2-1024&#215;576.jpg&#8220; title_text=&#8220;IMG_5472 2&#8243; _builder_version=&#8220;4.5.1&#8243; _module_preset=&#8220;default&#8220;][\/et_pb_image][\/et_pb_column][et_pb_column type=&#8220;1_2&#8243; _builder_version=&#8220;4.5.1&#8243; _module_preset=&#8220;default&#8220;][et_pb_image src=&#8220;https:\/\/www.planbwagen.de\/wp-content\/uploads\/2023\/06\/IMG_5478-2-1024&#215;576.jpg&#8220; title_text=&#8220;IMG_5478 2&#8243; _builder_version=&#8220;4.5.1&#8243; _module_preset=&#8220;default&#8220;][\/et_pb_image][\/et_pb_column][\/et_pb_row][et_pb_row _builder_version=&#8220;4.5.1&#8243; _module_preset=&#8220;default&#8220;][et_pb_column type=&#8220;4_4&#8243; _builder_version=&#8220;4.5.1&#8243; _module_preset=&#8220;default&#8220;][et_pb_text _builder_version=&#8220;4.5.1&#8243; _module_preset=&#8220;default&#8220;]<\/p>\n<p><span style=\"color: #333333; font-family: 'DCC Ash', Helvetica, Arial, Lucida, sans-serif; font-size: 22px;\">Transportmiddelen op locatie<\/span><\/p>\n<p><span><\/span><\/p>\n<p>Het oude centrum van Palermo is trouwens prima te voet te verkennen. Voor iedereen die van fietsen houdt, hebben we huurmogelijkheden op loopafstand in onze digitale stadsplattegrond opgenomen. Reizen over land kun je gemakkelijk organiseren met de bus, trein of veerboot. Zo hoef je geen auto te huren. Zuinig en ecologisch tegelijk.<\/p>\n<h3><span class=\"ez-toc-section\" id=\"Eigenverantwortung\"><\/span>Persoonlijke verantwoordelijkheid<span class=\"ez-toc-section-end\"><\/span><\/h3>\n<p>Over onze persoonlijke <a href=\"https:\/\/www.planbwagen.de\/nl\/ccc-camper-opruimactie\/co2-voetafdruk-hoe-ecologisch-zijn-we\/\">CO2-voetafdruk<\/a> We hebben hier al over geschreven in een apart artikel. We werken er nog steeds aan. Hoewel we nog verre van perfect zijn. Zoals ik al zei, het gaat er niet om met de vinger naar iemand te wijzen, maar om gezamenlijke inspanningen te bevorderen.<\/p>\n<h3><span class=\"ez-toc-section\" id=\"Essen_Soziales\"><\/span>Voeding en sociale zaken<span class=\"ez-toc-section-end\"><\/span><\/h3>\n<p>Bij ons favoriete restaurant Moltivolti kun je niet alleen lekker eten, maar ook hun sociale betrokkenheid in Ballar\u00f2 steunen.\u00a0<\/p>\n<h3><span class=\"ez-toc-section\" id=\"CleanUp\"><\/span>CleanUp<span class=\"ez-toc-section-end\"><\/span><\/h3>\n<p><a href=\"https:\/\/www.planbwagen.de\/nl\/ccc-camper-opruimactie\/schoonmaak-verantwoord-vanlife\/\">Hier<\/a> geven we informatie over onze persoonlijke inzet tijdens het reizen. Omdat plastic afval vandaag de dag een alomtegenwoordige uitdaging is.<\/p>\n<h3><span class=\"ez-toc-section\" id=\"Fazit\"><\/span>Conclusie<span class=\"ez-toc-section-end\"><\/span><\/h3>\n<p>We zijn niet perfect. Maar het zijn de kleine stapjes die tellen. Daarom kijken we ernaar uit om samen met u onze bijdrage te leveren.<\/p>\n<p>[\/et_pb_text][\/et_pb_column][\/et_pb_row][et_pb_row _builder_version=&#8220;4.5.1&#8243; _module_preset=&#8220;default&#8220;][et_pb_column type=&#8220;4_4&#8243; _builder_version=&#8220;4.5.1&#8243; _module_preset=&#8220;default&#8220;][et_pb_text _builder_version=&#8220;4.5.1&#8243; _module_preset=&#8220;default&#8220; custom_padding=&#8220;||2px|||&#8220;]<\/p>\n<p style=\"text-align: center;\"><span style=\"font-size: 12pt;\"><strong><em>Red de wereld. Er is geen planeet B<\/em><\/strong><\/span><\/p>\n<p>[\/et_pb_text][\/et_pb_column][\/et_pb_row][et_pb_row column_structure=&#8220;1_2,1_2&#8243; _builder_version=&#8220;4.5.1&#8243; _module_preset=&#8220;default&#8220;][et_pb_column type=&#8220;1_2&#8243; _builder_version=&#8220;4.5.1&#8243; _module_preset=&#8220;default&#8220;][et_pb_image src=&#8220;https:\/\/www.planbwagen.de\/wp-content\/uploads\/2023\/05\/Casa-Pieve-00012-1024&#215;576.jpg&#8220; alt=&#8220;Casa Pieve: Tiny House im Olivenhain oberhalb von Bagheria&#8220; title_text=&#8220;Casa Pieve&#8220; _builder_version=&#8220;4.5.1&#8243; _module_preset=&#8220;default&#8220;][\/et_pb_image][\/et_pb_column][et_pb_column type=&#8220;1_2&#8243; _builder_version=&#8220;4.5.1&#8243; _module_preset=&#8220;default&#8220;][et_pb_image src=&#8220;https:\/\/www.planbwagen.de\/wp-content\/uploads\/2023\/05\/Casa-Pieve-00009-1024&#215;576.jpg&#8220; alt=&#8220;Casa Pieve&#8220; _builder_version=&#8220;4.5.1&#8243; _module_preset=&#8220;default&#8220;][\/et_pb_image][\/et_pb_column][\/et_pb_row][\/et_pb_section]<\/p>","protected":false},"excerpt":{"rendered":"<p>[et_pb_section fb_built=&#8220;1&#8243; _builder_version=&#8220;4.5.1&#8243; _module_preset=&#8220;default&#8220;][et_pb_row _builder_version=&#8220;4.5.1&#8243; _module_preset=&#8220;default&#8220;][et_pb_column type=&#8220;4_4&#8243; _builder_version=&#8220;4.5.1&#8243; _module_preset=&#8220;default&#8220;][et_pb_text _builder_version=&#8220;4.5.1&#8243; _module_preset=&#8220;default&#8220;] Du m\u00f6chtest auch auf Reisen Deinen \u00f6kologischen Fu\u00dfabdruck verkleinern? Wie k\u00f6nnen wir hierbei unterst\u00fctzen? Wir sehen dies als unseren gemeinsamen Beitrag Umweltauswirkungen zu reduzieren, nat\u00fcrliche Ressourcen zu schonen und sozial verantwortliches Verhalten zu f\u00f6rdern, ohne zu belehren. Auch auf den bekannten Fingerzeig m\u00f6chten wir [&hellip;]<\/p>","protected":false},"author":2,"featured_media":16086,"comment_status":"open","ping_status":"open","sticky":false,"template":"","format":"standard","meta":{"_et_pb_use_builder":"on","_et_pb_old_content":"","_et_gb_content_width":"","footnotes":""},"categories":[24,32,39],"tags":[],"class_list":["post-16078","post","type-post","status-publish","format-standard","has-post-thumbnail","hentry","category-ccc-camper-cleanup-campaign","category-italien","category-sizilien"],"_links":{"self":[{"href":"https:\/\/www.planbwagen.de\/nl\/wp-json\/wp\/v2\/posts\/16078","targetHints":{"allow":["GET"]}}],"collection":[{"href":"https:\/\/www.planbwagen.de\/nl\/wp-json\/wp\/v2\/posts"}],"about":[{"href":"https:\/\/www.planbwagen.de\/nl\/wp-json\/wp\/v2\/types\/post"}],"author":[{"embeddable":true,"href":"https:\/\/www.planbwagen.de\/nl\/wp-json\/wp\/v2\/users\/2"}],"replies":[{"embeddable":true,"href":"https:\/\/www.planbwagen.de\/nl\/wp-json\/wp\/v2\/comments?post=16078"}],"version-history":[{"count":26,"href":"https:\/\/www.planbwagen.de\/nl\/wp-json\/wp\/v2\/posts\/16078\/revisions"}],"predecessor-version":[{"id":16213,"href":"https:\/\/www.planbwagen.de\/nl\/wp-json\/wp\/v2\/posts\/16078\/revisions\/16213"}],"wp:featuredmedia":[{"embeddable":true,"href":"https:\/\/www.planbwagen.de\/nl\/wp-json\/wp\/v2\/media\/16086"}],"wp:attachment":[{"href":"https:\/\/www.planbwagen.de\/nl\/wp-json\/wp\/v2\/media?parent=16078"}],"wp:term":[{"taxonomy":"category","embeddable":true,"href":"https:\/\/www.planbwagen.de\/nl\/wp-json\/wp\/v2\/categories?post=16078"},{"taxonomy":"post_tag","embeddable":true,"href":"https:\/\/www.planbwagen.de\/nl\/wp-json\/wp\/v2\/tags?post=16078"}],"curies":[{"name":"wp","href":"https:\/\/api.w.org\/{rel}","templated":true}]}}