{"id":9464,"date":"2020-10-31T19:06:09","date_gmt":"2020-10-31T19:06:09","guid":{"rendered":"https:\/\/www.planbwagen.de\/?p=9464"},"modified":"2020-10-31T19:07:59","modified_gmt":"2020-10-31T19:07:59","slug":"lockdown-in-sardinien-und-faehre-nach-sizilien","status":"publish","type":"post","link":"https:\/\/www.planbwagen.de\/it\/italia\/blocco-in-sardegna-e-traghetto-per-la-sicilia\/","title":{"rendered":"Blocco in Sardegna e traghetto per la Sicilia"},"content":{"rendered":"<p>[et_pb_section fb_built=&#8220;1&#8243; _builder_version=&#8220;4.5.1&#8243; _module_preset=&#8220;default&#8220;][et_pb_row _builder_version=&#8220;4.5.1&#8243; _module_preset=&#8220;default&#8220;][et_pb_column type=&#8220;4_4&#8243; _builder_version=&#8220;4.5.1&#8243; _module_preset=&#8220;default&#8220;][et_pb_text _builder_version=&#8220;4.5.1&#8243; _module_preset=&#8220;default&#8220;]<\/p>\n<div id=\"ez-toc-container\" class=\"ez-toc-v2_0_76 counter-hierarchy ez-toc-counter ez-toc-grey ez-toc-container-direction\">\n<p class=\"ez-toc-title\" style=\"cursor:inherit\">Content<\/p>\n<label for=\"ez-toc-cssicon-toggle-item-69ec792e75f1d\" class=\"ez-toc-cssicon-toggle-label\"><span class=\"\"><span class=\"eztoc-hide\" style=\"display:none;\">Toggle<\/span><span class=\"ez-toc-icon-toggle-span\"><svg style=\"fill: #999;color:#999\" xmlns=\"http:\/\/www.w3.org\/2000\/svg\" class=\"list-377408\" width=\"20px\" height=\"20px\" viewbox=\"0 0 24 24\" fill=\"none\"><path d=\"M6 6H4v2h2V6zm14 0H8v2h12V6zM4 11h2v2H4v-2zm16 0H8v2h12v-2zM4 16h2v2H4v-2zm16 0H8v2h12v-2z\" fill=\"currentColor\"><\/path><\/svg><svg style=\"fill: #999;color:#999\" class=\"arrow-unsorted-368013\" xmlns=\"http:\/\/www.w3.org\/2000\/svg\" width=\"10px\" height=\"10px\" viewbox=\"0 0 24 24\" version=\"1.2\" baseprofile=\"tiny\"><path d=\"M18.2 9.3l-6.2-6.3-6.2 6.3c-.2.2-.3.4-.3.7s.1.5.3.7c.2.2.4.3.7.3h11c.3 0 .5-.1.7-.3.2-.2.3-.5.3-.7s-.1-.5-.3-.7zM5.8 14.7l6.2 6.3 6.2-6.3c.2-.2.3-.5.3-.7s-.1-.5-.3-.7c-.2-.2-.4-.3-.7-.3h-11c-.3 0-.5.1-.7.3-.2.2-.3.5-.3.7s.1.5.3.7z\"\/><\/svg><\/span><\/span><\/label><input type=\"checkbox\"  id=\"ez-toc-cssicon-toggle-item-69ec792e75f1d\"  aria-label=\"Toggle\" \/><nav><ul class='ez-toc-list ez-toc-list-level-1' ><li class='ez-toc-page-1 ez-toc-heading-level-2'><a class=\"ez-toc-link ez-toc-heading-1\" href=\"https:\/\/www.planbwagen.de\/it\/italia\/blocco-in-sardegna-e-traghetto-per-la-sicilia\/#Lockdown_in_Sardinien\" >Blocco in Sardegna<\/a><\/li><li class='ez-toc-page-1 ez-toc-heading-level-2'><a class=\"ez-toc-link ez-toc-heading-2\" href=\"https:\/\/www.planbwagen.de\/it\/italia\/blocco-in-sardegna-e-traghetto-per-la-sicilia\/#Die_App_fur_die_Fahre_Aferry\" >L'app per il traghetto: Aferry<\/a><\/li><li class='ez-toc-page-1 ez-toc-heading-level-2'><a class=\"ez-toc-link ez-toc-heading-3\" href=\"https:\/\/www.planbwagen.de\/it\/italia\/blocco-in-sardegna-e-traghetto-per-la-sicilia\/#Dune_di_Piscinas\" >Dune di Piscinas<\/a><\/li><li class='ez-toc-page-1 ez-toc-heading-level-2'><a class=\"ez-toc-link ez-toc-heading-4\" href=\"https:\/\/www.planbwagen.de\/it\/italia\/blocco-in-sardegna-e-traghetto-per-la-sicilia\/#In_Cagliari_vor_der_Fahre\" >A Cagliari davanti al traghetto<\/a><\/li><li class='ez-toc-page-1 ez-toc-heading-level-2'><a class=\"ez-toc-link ez-toc-heading-5\" href=\"https:\/\/www.planbwagen.de\/it\/italia\/blocco-in-sardegna-e-traghetto-per-la-sicilia\/#Es_geht_los_auf_die_Fahre\" >In partenza per il traghetto<\/a><\/li><li class='ez-toc-page-1 ez-toc-heading-level-2'><a class=\"ez-toc-link ez-toc-heading-6\" href=\"https:\/\/www.planbwagen.de\/it\/italia\/blocco-in-sardegna-e-traghetto-per-la-sicilia\/#Das_Chaos_an_der_Fahre\" >Il caos al traghetto<\/a><\/li><li class='ez-toc-page-1 ez-toc-heading-level-2'><a class=\"ez-toc-link ez-toc-heading-7\" href=\"https:\/\/www.planbwagen.de\/it\/italia\/blocco-in-sardegna-e-traghetto-per-la-sicilia\/#Und_weiter_gehts_auf_die_Fahre\" >E via verso il traghetto<\/a><\/li><li class='ez-toc-page-1 ez-toc-heading-level-2'><a class=\"ez-toc-link ez-toc-heading-8\" href=\"https:\/\/www.planbwagen.de\/it\/italia\/blocco-in-sardegna-e-traghetto-per-la-sicilia\/#Uberfahrt_nach_Palermo\" >Attraversamento di Palermo<\/a><\/li><\/ul><\/nav><\/div>\n<h2 style=\"text-align: justify;\"><span class=\"ez-toc-section\" id=\"Lockdown_in_Sardinien\"><\/span><span style=\"font-size: xx-large;\">Blocco in Sardegna<\/span><span class=\"ez-toc-section-end\"><\/span><\/h2>\n<p style=\"text-align: justify;\">Stamattina abbiamo ricevuto la notizia dell'imminente blocco a causa di Corona in Sardegna, con la sospensione del collegamento traghetti. Era inevitabile che accadesse prima o poi, ma non ci aspettavamo che accadesse cos\u00ec presto. Non \u00e8 del tutto chiaro se il servizio di traghetto verr\u00e0 interrotto del tutto. Ma almeno sar\u00e0 pi\u00f9 difficile prendere un traghetto verso sud. Probabilmente ci saranno ancora traghetti per coloro che tornano nei loro Paesi d'origine, ma noi non vogliamo andarci.<\/p>\n<p style=\"text-align: justify;\">Il blocco sar\u00e0 limitato a 2 settimane per il momento. Quello che seguir\u00e0 \u00e8 incerto, come lo sono molte cose in questi tempi di incertezza. Vogliamo restare in Sardegna? E se il blocco venisse prolungato? E se rimanessimo bloccati qui pi\u00f9 a lungo? E magari passare l'inverno in Sardegna? In realt\u00e0, volevamo rimanere qui solo per qualche settimana e poi lasciarci andare verso sud con il sole e le temperature calde per trascorrere l'inverno in Sicilia. Il tempo sta diventando sempre pi\u00f9 imprevedibile a livello globale, ma presumiamo che l'inverno in Sicilia sia generalmente pi\u00f9 mite che in Sardegna.<\/p>\n<p style=\"text-align: justify;\">\n<h2 style=\"text-align: justify;\"><span class=\"ez-toc-section\" id=\"Die_App_fur_die_Fahre_Aferry\"><\/span><span style=\"font-size: xx-large;\">L'app per il traghetto: Aferry<\/span><span class=\"ez-toc-section-end\"><\/span><\/h2>\n<p style=\"text-align: justify;\">\n<p style=\"text-align: justify;\">Ecco perch\u00e9 non ci piace particolarmente l'idea di rimanere bloccati in Sardegna durante l'inverno. Controlliamo i collegamenti dei traghetti con l'app Aferry. \u00c8 ancora possibile prenotare i traghetti, ci sono ancora alcuni posti disponibili.<\/p>\n<p style=\"text-align: justify;\">Vogliamo andare a trovare i nostri amici a Milano e riporre l\u00ec alcune cose che probabilmente non vogliamo portare con noi nel nostro viaggio? Una piccola verifica e una breve consultazione con Ilka di Milano chiariscono che c'\u00e8 il rischio che non ci lascino guidare di nuovo verso sud. Il rischio \u00e8 troppo grande per noi, quindi questa non \u00e8 un'opzione per noi.<\/p>\n<p style=\"text-align: justify;\">Non rendiamo facile la decisione. E poi prenotare un traghetto da Cagliari a Palermo. Purtroppo la nostra Moby preferita non \u00e8 disponibile. Questa volta optiamo per la Tirrenia, che probabilmente non \u00e8 neanche cos\u00ec male. Poich\u00e9 il traghetto \u00e8 di nuovo notturno, prenotiamo un'altra cabina. Alla nostra et\u00e0 non vogliamo pi\u00f9 passare la notte in cabina.<\/p>\n<p>[\/et_pb_text][\/et_pb_column][\/et_pb_row][et_pb_row _builder_version=&#8220;4.5.1&#8243; _module_preset=&#8220;default&#8220;][et_pb_column type=&#8220;4_4&#8243; _builder_version=&#8220;4.5.1&#8243; _module_preset=&#8220;default&#8220;][et_pb_text _builder_version=&#8220;4.5.1&#8243; _module_preset=&#8220;default&#8220;]<\/p>\n<h2><span class=\"ez-toc-section\" id=\"Dune_di_Piscinas\"><\/span><span style=\"font-size: xx-large;\">Dune di Piscinas<\/span><span class=\"ez-toc-section-end\"><\/span><\/h2>\n<p>Visto che abbiamo ancora tempo, ci dirigiamo prima verso la Duna di Piscinas. In realt\u00e0, vogliamo solo scattare qualche foto. Ma, come spesso accade nella vita, le cose vanno diversamente da come pensiamo. Ecco le <a href=\"https:\/\/www.planbwagen.de\/it\/italia\/dune-di-piscinas-dji-mavic-air-2\/\">Impressioni sulla duna<\/a>.\u00a0<\/p>\n<p>[\/et_pb_text][\/et_pb_column][\/et_pb_row][et_pb_row column_structure=&#8220;1_4,1_2,1_4&#8243; _builder_version=&#8220;4.5.1&#8243; _module_preset=&#8220;default&#8220;][et_pb_column type=&#8220;1_4&#8243; _builder_version=&#8220;4.5.1&#8243; _module_preset=&#8220;default&#8220;][et_pb_image src=&#8220;https:\/\/www.planbwagen.de\/wp-content\/uploads\/2020\/10\/IMG_4310-638&#215;1024.jpg&#8220; alt=&#8220;App SiciliaSiCura&#8220; title_text=&#8220;IMG_4310&#8243; _builder_version=&#8220;4.5.1&#8243; _module_preset=&#8220;default&#8220;][\/et_pb_image][\/et_pb_column][et_pb_column type=&#8220;1_2&#8243; _builder_version=&#8220;4.5.1&#8243; _module_preset=&#8220;default&#8220;][et_pb_image src=&#8220;https:\/\/www.planbwagen.de\/wp-content\/uploads\/2020\/10\/IMG_0479-1024&#215;768.jpg&#8220; alt=&#8220;Kabine der Tirrenia F\u00e4hre nach Palermo&#8220; title_text=&#8220;IMG_0479&#8243; _builder_version=&#8220;4.5.1&#8243; _module_preset=&#8220;default&#8220;][\/et_pb_image][\/et_pb_column][et_pb_column type=&#8220;1_4&#8243; _builder_version=&#8220;4.5.1&#8243; _module_preset=&#8220;default&#8220;][et_pb_image src=&#8220;https:\/\/www.planbwagen.de\/wp-content\/uploads\/2020\/10\/IMG_4338-765&#215;1024.jpg&#8220; title_text=&#8220;IMG_4338&#8243; _builder_version=&#8220;4.5.1&#8243; _module_preset=&#8220;default&#8220;][\/et_pb_image][\/et_pb_column][\/et_pb_row][et_pb_row _builder_version=&#8220;4.5.1&#8243; _module_preset=&#8220;default&#8220;][et_pb_column type=&#8220;4_4&#8243; _builder_version=&#8220;4.5.1&#8243; _module_preset=&#8220;default&#8220;][et_pb_text _builder_version=&#8220;4.5.1&#8243; _module_preset=&#8220;default&#8220;]<\/p>\n<p style=\"text-align: justify;\">Poi guidiamo tranquillamente verso Cagliari. Ci fermiamo brevemente al prossimo supermercato per fare rifornimento. Non si sa mai. Solo che non mi \u00e8 permesso di comprare pomodori, Marc preferisce guardare la Sicilia.<\/p>\n<p style=\"text-align: justify;\">\n<h2 style=\"text-align: justify;\"><span class=\"ez-toc-section\" id=\"In_Cagliari_vor_der_Fahre\"><\/span><span style=\"font-size: xx-large;\">A Cagliari davanti al traghetto<\/span><span class=\"ez-toc-section-end\"><\/span><\/h2>\n<p style=\"text-align: justify;\">\n<p style=\"text-align: justify;\">A Cagliari troviamo il parcheggio proprio accanto al molo dei traghetti. Io (Torgit) mi avvio, perch\u00e9 questa volta non abbiamo stampato il biglietto, ma solo quello online. Ci sar\u00e0 un check-in da qualche parte, dove il nostro biglietto online potr\u00e0 essere cambiato con un biglietto vero. Questo \u00e8 quanto sappiamo dai nostri precedenti viaggi in traghetto. Dopo mezz'ora e molte domande, \u00e8 chiaro che possiamo semplicemente portare il nostro biglietto online sul traghetto.<\/p>\n<p style=\"text-align: justify;\">Troviamo rapidamente i binari per l'ingresso del traghetto. Qui tutto sembra piuttosto piccolo. Siamo abituati a cose pi\u00f9 grandi. Siamo troppo in anticipo. Una buona occasione per mangiare qualcosa prima. Poi Marc prende il suo libro e si sdraia sul muro della banchina. Dopo un po' torna e apre l'ufficio nel furgone, chiama la banca, Dio e il mondo.<\/p>\n<p style=\"text-align: justify;\">\n<h2 style=\"text-align: justify;\"><span class=\"ez-toc-section\" id=\"Es_geht_los_auf_die_Fahre\"><\/span><span style=\"font-size: xx-large;\">In partenza per il traghetto<\/span><span class=\"ez-toc-section-end\"><\/span><\/h2>\n<p style=\"text-align: justify;\">\n<p style=\"text-align: justify;\">Poi \u00e8 ora di andare, possiamo salire sul traghetto. Marc mette in moto il furgone e cerca gli occhiali. E poi il dramma si compie: Marc non trova gli occhiali. A parte il fatto che i suoi occhiali Casall hanno pi\u00f9 di 20 anni, quindi \u00e8 un dramma quando spariscono, gli servono anche per guidare. Che sfortuna. Vi ricordate il nostro <a href=\"https:\/\/www.planbwagen.de\/it\/croazia\/giorno-n-10-isola-rab-i-vestiti-nuovi-del-re\/\">Il dramma dei traghetti in Croazia<\/a>? Per favore, non di nuovo. Corre velocemente verso il muro della banchina, ma lei non c'\u00e8 pi\u00f9. I grandi occhiali di Marc sono semplicemente spariti, potrei piangere. Ma piangere non serve in questo momento, Marc non pu\u00f2 guidare senza. Cos\u00ec mi metto al posto di guida. Marc sembra scettico: \"Hai mai guidato su un traghetto?\". No, perch\u00e9? \u00c8 la domanda sbagliata in questo momento, non mi d\u00e0 coraggio e non abbiamo altra scelta. Ci uniamo alla coda per il traghetto.<\/p>\n<p style=\"text-align: justify;\">\n<h2 style=\"text-align: justify;\"><span class=\"ez-toc-section\" id=\"Das_Chaos_an_der_Fahre\"><\/span><span style=\"font-size: xx-large;\">Il caos al traghetto<\/span><span class=\"ez-toc-section-end\"><\/span><\/h2>\n<p style=\"text-align: justify;\">\n<p style=\"text-align: justify;\">Ben presto diventa chiaro che qui regna il caos. Il traghetto dice qualcosa in greco, \u00e8 davvero diretto a Palermo? Anche se la Grecia non sarebbe male, anche l\u00ec fa caldo, il cibo \u00e8 delizioso e anche i numeri delle casse di Corona sono migliori. Mentre partiamo, 4 corsie diventano una. Un'impresa divertente. Una signora del check-in in particolare attira la nostra attenzione. Cerca con determinazione di risolvere il caos. Sembra un piccolo sergente. Indossiamo le nostre maschere. Al primo controllo, il nostro Maxtrax e la borsa dell'acqua sul cofano vengono esaminati criticamente e dobbiamo aprire le porte scorrevoli. No, non stiamo contrabbandando persone. Marc scende improvvisamente dal furgone, va sul retro e apre il portellone posteriore. E, meraviglia, torna con gli occhiali. Li aveva riposti l\u00ec nella sua mente. Cambiamo posto, tutto \u00e8 di nuovo a posto con il mondo.<\/p>\n<p style=\"text-align: justify;\">\n<h2 style=\"text-align: justify;\"><span class=\"ez-toc-section\" id=\"Und_weiter_gehts_auf_die_Fahre\"><\/span><span style=\"font-size: xx-large;\">E via verso il traghetto<\/span><span class=\"ez-toc-section-end\"><\/span><\/h2>\n<p style=\"text-align: justify;\">\n<p style=\"text-align: justify;\">Il nostro biglietto online viene scansionato e un adesivo viene applicato sullo specchietto retrovisore. Poi viene misurata la temperatura. Tutto va bene. Ma le nostre maschere di stoffa sono indesiderate. Qui in Italia le mascherine mediche sono obbligatorie. Purtroppo non ne abbiamo. Dovremmo procurarcele alla reception del traghetto, poi ci viene permesso di passare. Il parcheggio \u00e8 un po' caotico, ma non spettacolare. Prepariamo alcune cose per la cena e prendiamo la chiave della cabina alla reception. Quando chiediamo delle maschere, otteniamo solo stupore. Poi ci vengono consegnati dei pezzi molto strani, mai visti prima. Naturalmente le maschere sono obbligatorie su tutto il traghetto. Poi ci spostiamo nella nostra cabina. La cabina Tirrenia \u00e8 ok, ma a noi \u00e8 piaciuta di pi\u00f9 la cabina Moby. Qui c'\u00e8 la TV, ma tutto sembra un po' pi\u00f9 vecchio. E comunque a noi la TV non interessa.<\/p>\n<p style=\"text-align: justify;\">\n<h2 style=\"text-align: justify;\"><span class=\"ez-toc-section\" id=\"Uberfahrt_nach_Palermo\"><\/span><span style=\"font-size: xx-large;\">Attraversamento di Palermo<\/span><span class=\"ez-toc-section-end\"><\/span><\/h2>\n<p style=\"text-align: justify;\">\n<p style=\"text-align: justify;\">La traversata \u00e8 tranquilla. Non dormo mai bene sui traghetti, ma con i tappi per le orecchie va bene. Abbiamo scaricato l'app SiciliaSiCura e abbiamo compilato tutto con attenzione. Se avete problemi o domande sull'app, non esitate a contattarci. Poich\u00e9 trascorriamo l'intera traversata nella nostra cabina e non ci avviciniamo a nessun altro, ci sentiamo al sicuro. Quando siamo arrivati in Sicilia, nessuno si \u00e8 interessato a noi. Abbiamo lasciato il traghetto senza alcun controllo. Qui in Sicilia nessuno ha misurato la temperatura o controllato se avevamo installato l'app obbligatoria. Lo troviamo un po' strano, ma in questo modo possiamo muoverci pi\u00f9 velocemente senza ingorghi.<\/p>\n<p style=\"text-align: justify;\">\n<p style=\"text-align: justify;\">A causa di tutta l'agitazione causata dalla scomparsa degli occhiali di Marc, purtroppo oggi non abbiamo una foto del traghetto per voi.<\/p>\n<p style=\"text-align: justify;\">Lasciare la Sardegna \u00e8 stata la decisione giusta? A posteriori, avremmo potuto rimanere in Sardegna. Ma chi poteva sapere che la chiusura sarebbe stata annunciata ma non attuata? Se lo avessimo saputo prima, saremmo rimasti.<\/p>\n<p>[\/et_pb_text][\/et_pb_column][\/et_pb_row][\/et_pb_section]<\/p>","protected":false},"excerpt":{"rendered":"<p>[et_pb_section fb_built=&#8220;1&#8243; _builder_version=&#8220;4.5.1&#8243; _module_preset=&#8220;default&#8220;][et_pb_row _builder_version=&#8220;4.5.1&#8243; _module_preset=&#8220;default&#8220;][et_pb_column type=&#8220;4_4&#8243; _builder_version=&#8220;4.5.1&#8243; _module_preset=&#8220;default&#8220;][et_pb_text _builder_version=&#8220;4.5.1&#8243; _module_preset=&#8220;default&#8220;] Lockdown in Sardinien Heute morgen kam die Nachricht vom bevorstehenden Lockdown wegen Corona auf Sardinien, mit Einstellung der F\u00e4hrverbindung. Irgendwann musste es wohl so kommen, aber so schnell haben wir es nicht erwartet. Es ist nicht ganz klar, ob der F\u00e4hrverkehr ganz eingestellt wird. [&hellip;]<\/p>","protected":false},"author":1,"featured_media":9465,"comment_status":"open","ping_status":"open","sticky":false,"template":"","format":"standard","meta":{"_et_pb_use_builder":"on","_et_pb_old_content":"","_et_gb_content_width":"","footnotes":""},"categories":[32],"tags":[],"class_list":["post-9464","post","type-post","status-publish","format-standard","has-post-thumbnail","hentry","category-italien"],"_links":{"self":[{"href":"https:\/\/www.planbwagen.de\/it\/wp-json\/wp\/v2\/posts\/9464","targetHints":{"allow":["GET"]}}],"collection":[{"href":"https:\/\/www.planbwagen.de\/it\/wp-json\/wp\/v2\/posts"}],"about":[{"href":"https:\/\/www.planbwagen.de\/it\/wp-json\/wp\/v2\/types\/post"}],"author":[{"embeddable":true,"href":"https:\/\/www.planbwagen.de\/it\/wp-json\/wp\/v2\/users\/1"}],"replies":[{"embeddable":true,"href":"https:\/\/www.planbwagen.de\/it\/wp-json\/wp\/v2\/comments?post=9464"}],"version-history":[{"count":17,"href":"https:\/\/www.planbwagen.de\/it\/wp-json\/wp\/v2\/posts\/9464\/revisions"}],"predecessor-version":[{"id":9522,"href":"https:\/\/www.planbwagen.de\/it\/wp-json\/wp\/v2\/posts\/9464\/revisions\/9522"}],"wp:featuredmedia":[{"embeddable":true,"href":"https:\/\/www.planbwagen.de\/it\/wp-json\/wp\/v2\/media\/9465"}],"wp:attachment":[{"href":"https:\/\/www.planbwagen.de\/it\/wp-json\/wp\/v2\/media?parent=9464"}],"wp:term":[{"taxonomy":"category","embeddable":true,"href":"https:\/\/www.planbwagen.de\/it\/wp-json\/wp\/v2\/categories?post=9464"},{"taxonomy":"post_tag","embeddable":true,"href":"https:\/\/www.planbwagen.de\/it\/wp-json\/wp\/v2\/tags?post=9464"}],"curies":[{"name":"wp","href":"https:\/\/api.w.org\/{rel}","templated":true}]}}