{"id":9257,"date":"2020-10-17T11:33:21","date_gmt":"2020-10-17T11:33:21","guid":{"rendered":"https:\/\/www.planbwagen.de\/?p=9257"},"modified":"2020-10-17T11:35:48","modified_gmt":"2020-10-17T11:35:48","slug":"torre-pendente-di-pisa-pisa-ist-mehr-als-der-schiefe-turm","status":"publish","type":"post","link":"https:\/\/www.planbwagen.de\/it\/italia\/torre-pendente-di-pisa-pisa-e-piu-della-torre-pendente\/","title":{"rendered":"Torre pendente di Pisa - Pisa \u00e8 pi\u00f9 della torre pendente"},"content":{"rendered":"<p>[et_pb_section fb_built=&#8220;1&#8243; _builder_version=&#8220;4.5.1&#8243; _module_preset=&#8220;default&#8220;][et_pb_row column_structure=&#8220;1_3,1_3,1_3&#8243; _builder_version=&#8220;4.5.1&#8243; _module_preset=&#8220;default&#8220;][et_pb_column type=&#8220;1_3&#8243; _builder_version=&#8220;4.5.1&#8243; _module_preset=&#8220;default&#8220;][et_pb_image src=&#8220;https:\/\/www.planbwagen.de\/wp-content\/uploads\/2020\/10\/IMG_0167-768&#215;1024.jpg&#8220; alt=&#8220;Santa Maria Assunta, auch Dom zu Pisa&#8220; _builder_version=&#8220;4.5.1&#8243; _module_preset=&#8220;default&#8220;][\/et_pb_image][\/et_pb_column][et_pb_column type=&#8220;1_3&#8243; _builder_version=&#8220;4.5.1&#8243; _module_preset=&#8220;default&#8220;][et_pb_image src=&#8220;https:\/\/www.planbwagen.de\/wp-content\/uploads\/2020\/10\/IMG_0163-768&#215;1024.jpg&#8220; alt=&#8220;Santa Maria Assunta, auch Dom zu Pisa von au\u00dfen&#8220; _builder_version=&#8220;4.5.1&#8243; _module_preset=&#8220;default&#8220;][\/et_pb_image][\/et_pb_column][et_pb_column type=&#8220;1_3&#8243; _builder_version=&#8220;4.5.1&#8243; _module_preset=&#8220;default&#8220;][et_pb_image src=&#8220;https:\/\/www.planbwagen.de\/wp-content\/uploads\/2020\/10\/IMG_0169-768&#215;1024.jpg&#8220; alt=&#8220;Santa Maria Assunta, auch Dom zu Pisa&#8220; _builder_version=&#8220;4.5.1&#8243; _module_preset=&#8220;default&#8220;][\/et_pb_image][\/et_pb_column][\/et_pb_row][et_pb_row _builder_version=&#8220;4.5.1&#8243; _module_preset=&#8220;default&#8220;][et_pb_column type=&#8220;4_4&#8243; _builder_version=&#8220;4.5.1&#8243; _module_preset=&#8220;default&#8220;][et_pb_text _builder_version=&#8220;4.5.1&#8243; _module_preset=&#8220;default&#8220; min_height=&#8220;631px&#8220;]<\/p>\n<p>Ieri nessuno dei due aveva voglia di uscire a causa della pioggia incessante. La visita alla citt\u00e0 vecchia \u00e8 stata rimandata a oggi.<\/p>\n<p>Questo tempo non \u00e8 il nostro. Lo avevamo immaginato diverso. Quindi, ancora una volta, stiamo seguendo il motto \"inseguire il sole\" per vedere dove il tempo \u00e8 migliore. Vogliamo trascorrere l'inverno in Sicilia, quindi ora la domanda \u00e8 se dobbiamo viaggiare lentamente attraverso la terraferma o prima verso le isole della Corsica o della Sardegna? Le temperature ci invogliano ad andare in Sardegna. Anche Orkan, alias \"Nurmalkurzraus\", si trova l\u00ec, ci piacerebbe rivederlo e fare qualche bella escursione in fuoristrada con lui.<\/p>\n<p>Cos\u00ec prenotiamo spontaneamente il traghetto da Livorno a Olbia. Livorno si trova a 30 minuti a sud di Pisa. L'app Aferry facilita la prenotazione, ma la scelta dei traghetti non \u00e8 molto ampia al momento a causa della mancanza di domanda. Ci sono dei traghetti la sera alle 21 e alle 22.  Ne prenotiamo uno con Moby per il giorno successivo. Poich\u00e9 non abbiamo pi\u00f9 l'et\u00e0 per passare la notte in piedi, prenotiamo una cabina aggiuntiva. Dobbiamo anche compilare un modulo online per entrare in Sardegna a causa del Covid. Riceviamo la conferma online come e-mail, non dobbiamo stampare nulla. Purtroppo sui nostri biglietti del traghetto c'\u00e8 scritto che bisogna stamparli. Naturalmente non abbiamo una stampante a bordo. Siamo ancora pi\u00f9 felici di essere in quello che sembra il campeggio pi\u00f9 amichevole d'Europa, perch\u00e9 ci stampano subito i biglietti.<\/p>\n<p>Purtroppo il mattino seguente il tempo non \u00e8 migliore di quello di ieri. Piove e ha piovuto tutta la notte. L'intero campeggio \u00e8 un pasticcio di fango. Ci rilassiamo con una buona tazza di caff\u00e8. I nostri campeggiatori vicini lasciano lentamente il campeggio, o meglio vogliono andarsene, il che non \u00e8 cos\u00ec facile nel fango. Non tutti sono attrezzati come noi e pochi di loro escono da soli, ma vengono tirati fuori da una piccola miniescavatrice. Uno dopo l'altro arrivano i nuovi campeggiatori e la reception li manda a dare un'occhiata al sito \"perch\u00e9 \u00e8 un po' bagnato\". Dopo diversi giri della piazzola, i nuovi campeggiatori se ne vanno di nuovo, troppo infangati. Non \u00e8 solo Covid a rovinare gli affari del campeggio, ora anche la pioggia sta peggiorando.<\/p>\n<p>Vista l'ora tarda, per prima cosa prepariamo l'auto per il viaggio di ritorno e riempiamo tutti e tre i serbatoi d'acqua e la sacca idrica dell'esercito svizzero. Poi parcheggiamo Butch davanti alla reception e iniziamo a infangarci i piedi e le scarpe.<\/p>\n<p>Sapevate che met\u00e0 dei 90.000 abitanti di Pisa sono studenti? Perch\u00e9 a Pisa ci sono diverse universit\u00e0 d'\u00e9lite. Non vediamo l'ora di scoprire questa vivace citt\u00e0 studentesca.<\/p>\n<p>Il nostro amico Micha di Colonia ci ha consigliato questo campeggio, Torre Pendente, perch\u00e9, come suggerisce il nome, \u00e8 a pochi passi dal centro storico e dalla torre pendente.<\/p>\n<p>[\/et_pb_text][\/et_pb_column][\/et_pb_row][et_pb_row column_structure=&#8220;1_3,1_3,1_3&#8243; _builder_version=&#8220;4.5.1&#8243; _module_preset=&#8220;default&#8220;][et_pb_column type=&#8220;1_3&#8243; _builder_version=&#8220;4.5.1&#8243; _module_preset=&#8220;default&#8220;][et_pb_image src=&#8220;https:\/\/www.planbwagen.de\/wp-content\/uploads\/2020\/10\/IMG_0184-768&#215;1024.jpg&#8220; alt=&#8220;marc st\u00fctzt den schiefen Turm von Pisa&#8220; _builder_version=&#8220;4.5.1&#8243; _module_preset=&#8220;default&#8220;][\/et_pb_image][\/et_pb_column][et_pb_column type=&#8220;1_3&#8243; _builder_version=&#8220;4.5.1&#8243; _module_preset=&#8220;default&#8220;][et_pb_image src=&#8220;https:\/\/www.planbwagen.de\/wp-content\/uploads\/2020\/10\/IMG_0180-1024&#215;768.jpg&#8220; alt=&#8220;Torgit von dem schiefen Turm von Pisa&#8220; _builder_version=&#8220;4.5.1&#8243; _module_preset=&#8220;default&#8220;][\/et_pb_image][\/et_pb_column][et_pb_column type=&#8220;1_3&#8243; _builder_version=&#8220;4.5.1&#8243; _module_preset=&#8220;default&#8220;][et_pb_image src=&#8220;https:\/\/www.planbwagen.de\/wp-content\/uploads\/2020\/10\/IMG_0207.jpg&#8220; alt=&#8220;Torgit st\u00fctzt den schiefen Turm von Pisa&#8220; title_text=&#8220;IMG_0207&#8243; _builder_version=&#8220;4.5.1&#8243; _module_preset=&#8220;default&#8220;][\/et_pb_image][\/et_pb_column][\/et_pb_row][et_pb_row _builder_version=&#8220;4.5.1&#8243; _module_preset=&#8220;default&#8220;][et_pb_column type=&#8220;4_4&#8243; _builder_version=&#8220;4.5.1&#8243; _module_preset=&#8220;default&#8220;][et_pb_text _builder_version=&#8220;4.5.1&#8243; _module_preset=&#8220;default&#8220;]<\/p>\n<p>La pioggia si attenua lentamente e ci avviamo a piedi verso il centro storico. In fondo alla strada e sulla sinistra: non potrebbe essere pi\u00f9 facile. Dopo 10 minuti attraversiamo la Porta Nuova delle mura cittadine per entrare in Piazza del Duomo. Siamo sorpresi di quanto sia deserta. Certo, ci sono alcuni turisti, ma non cos\u00ec tanti come ci aspettavamo. Proseguiamo fino a Piazza dei Miracoli. Praticamente tutti i luoghi d'interesse di Pisa sono vicini alla piazza.<\/p>\n<p>Il Duomo, la Torre pendente, il Battistero, il cimitero di Camposanto, il Museo del Sinopie e il Museo Opera del Duomo.<br \/> La prima cosa che notiamo, ovviamente, \u00e8 la torre pendente. Probabilmente tutti la riconoscono dalle foto. Ma sapevate che questa torre non \u00e8 isolata, ma \u00e8 il campanile della cattedrale? Dopo qualche scatto esterno, visitiamo la cattedrale. La visita \u00e8 gratuita, ma \u00e8 necessario un biglietto. Troviamo subito la biglietteria e prendiamo il biglietto.<\/p>\n<p>Attualmente \u00e8 in corso una mostra di Igor Mitoraj al Museo del Sinopie. Abbiamo amato questo artista fin dalla nostra vacanza in Sicilia di 3 anni fa. Siamo rimasti particolarmente colpiti dalla sua statua ad Agrigento.<\/p>\n<p>Qui a Pisa, troviamo la \"Statua dell'Angelo Caduto\" pi\u00f9 bella. \u00c8 possibile visitare la mostra fino al 7 gennaio 2021.<\/p>\n<p>[\/et_pb_text][\/et_pb_column][\/et_pb_row][et_pb_row column_structure=&#8220;1_3,1_3,1_3&#8243; _builder_version=&#8220;4.5.1&#8243; _module_preset=&#8220;default&#8220;][et_pb_column type=&#8220;1_3&#8243; _builder_version=&#8220;4.5.1&#8243; _module_preset=&#8220;default&#8220;][et_pb_image src=&#8220;https:\/\/www.planbwagen.de\/wp-content\/uploads\/2020\/10\/IMG_0191-1-1024&#215;768.jpg&#8220; alt=&#8220;B\u00fcste von Igor Mitoraj  in Pisa&#8220; _builder_version=&#8220;4.5.1&#8243; _module_preset=&#8220;default&#8220;][\/et_pb_image][\/et_pb_column][et_pb_column type=&#8220;1_3&#8243; _builder_version=&#8220;4.5.1&#8243; _module_preset=&#8220;default&#8220;][et_pb_image src=&#8220;https:\/\/www.planbwagen.de\/wp-content\/uploads\/2020\/10\/IMG_0218-768&#215;1024.jpg&#8220; alt=&#8220;Igor Mitoraj B\u00fcste in Pisa&#8220; title_text=&#8220;IMG_0218&#8243; _builder_version=&#8220;4.5.1&#8243; _module_preset=&#8220;default&#8220;][\/et_pb_image][\/et_pb_column][et_pb_column type=&#8220;1_3&#8243; _builder_version=&#8220;4.5.1&#8243; _module_preset=&#8220;default&#8220;][et_pb_image src=&#8220;https:\/\/www.planbwagen.de\/wp-content\/uploads\/2020\/10\/IMG_3152-2.jpg&#8220; alt=&#8220;Igor Mitoraj B\u00fcste in Sizilien&#8220; _builder_version=&#8220;4.5.1&#8243; _module_preset=&#8220;default&#8220;][\/et_pb_image][\/et_pb_column][\/et_pb_row][et_pb_row _builder_version=&#8220;4.5.1&#8243; _module_preset=&#8220;default&#8220;][et_pb_column type=&#8220;4_4&#8243; _builder_version=&#8220;4.5.1&#8243; _module_preset=&#8220;default&#8220;][et_pb_text _builder_version=&#8220;4.5.1&#8243; _module_preset=&#8220;default&#8220;]<\/p>\n<p>I pochi turisti presenti in piazza fanno ogni sorta di contorsioni impossibili per ottenere la foto migliore e pi\u00f9 originale con la torre pendente. Alcuni la sostengono con le mani, altri la calpestano, altri ancora la allontanano con il sedere o la avvolgono in un cono gelato. Non ci sono limiti all'immaginazione. Su Instagram ci sono idee pi\u00f9 che sufficienti sotto l'hashtag appropriato.<\/p>\n<p>Non stupitevi se nelle foto indossiamo delle maschere, perch\u00e9 qui in Italia le maschere sono obbligatorie negli spazi pubblici. Le infrazioni saranno punite con una multa di 80 euro.\u00a0<\/p>\n<p>Tornati al campeggio, ci dirigiamo verso Livorno. Alla prima occasione, ci fermiamo in un supermercato e facciamo il pieno di provviste sufficienti per qualche giorno in caso di emergenza. Poi ci dirigiamo verso il traghetto. Siamo in perfetto orario. Non dobbiamo scambiare il nostro biglietto stampato con un altro, possiamo fare subito il check-in. \u00c8 ora di cena, il pane \u00e8 delizioso e l'insalata di calamari ancora di pi\u00f9. Per finire, abbiamo il tiramis\u00f9.<\/p>\n<p>La mia conclusione: Pisa \u00e8 piccola e bella, merita assolutamente una visita.<\/p>\n<p>&nbsp;<\/p>\n<p>[\/et_pb_text][\/et_pb_column][\/et_pb_row][et_pb_row column_structure=&#8220;1_3,1_3,1_3&#8243; _builder_version=&#8220;4.5.1&#8243; _module_preset=&#8220;default&#8220;][et_pb_column type=&#8220;1_3&#8243; _builder_version=&#8220;4.5.1&#8243; _module_preset=&#8220;default&#8220;][et_pb_image src=&#8220;https:\/\/www.planbwagen.de\/wp-content\/uploads\/2020\/10\/IMG_3777-1024&#215;768.jpg&#8220; alt=&#8220;planBwagen an der Moby F\u00e4hre in Livorno, Italien&#8220; _builder_version=&#8220;4.5.1&#8243; _module_preset=&#8220;default&#8220;][\/et_pb_image][\/et_pb_column][et_pb_column type=&#8220;1_3&#8243; _builder_version=&#8220;4.5.1&#8243; _module_preset=&#8220;default&#8220;][et_pb_image src=&#8220;https:\/\/www.planbwagen.de\/wp-content\/uploads\/2020\/10\/IMG_0226-2-768&#215;1024.jpg&#8220; alt=&#8220;In camouflage folierter VW T6.1 SpaceCamper mit Ddelt 4&#215;4 Felgen, vor Moby F\u00e4hre Livorno&#8220; _builder_version=&#8220;4.5.1&#8243; _module_preset=&#8220;default&#8220;][\/et_pb_image][\/et_pb_column][et_pb_column type=&#8220;1_3&#8243; _builder_version=&#8220;4.5.1&#8243; _module_preset=&#8220;default&#8220;][et_pb_image src=&#8220;https:\/\/www.planbwagen.de\/wp-content\/uploads\/2020\/10\/IMG_0225-1024&#215;768.jpg&#8220; alt=&#8220;In camouflage folierter VW T6.1 SpaceCamper mit Ddelt 4&#215;4 Felgen, vor Moby F\u00e4hre Livorno&#8220; title_text=&#8220;IMG_0225&#8243; _builder_version=&#8220;4.5.1&#8243; _module_preset=&#8220;default&#8220;][\/et_pb_image][\/et_pb_column][\/et_pb_row][\/et_pb_section]<\/p>","protected":false},"excerpt":{"rendered":"<p>[et_pb_section fb_built=&#8220;1&#8243; _builder_version=&#8220;4.5.1&#8243; _module_preset=&#8220;default&#8220;][et_pb_row column_structure=&#8220;1_3,1_3,1_3&#8243; _builder_version=&#8220;4.5.1&#8243; _module_preset=&#8220;default&#8220;][et_pb_column type=&#8220;1_3&#8243; _builder_version=&#8220;4.5.1&#8243; _module_preset=&#8220;default&#8220;][et_pb_image src=&#8220;https:\/\/www.planbwagen.de\/wp-content\/uploads\/2020\/10\/IMG_0167-768&#215;1024.jpg&#8220; alt=&#8220;Santa Maria Assunta, auch Dom zu Pisa&#8220; _builder_version=&#8220;4.5.1&#8243; _module_preset=&#8220;default&#8220;][\/et_pb_image][\/et_pb_column][et_pb_column type=&#8220;1_3&#8243; _builder_version=&#8220;4.5.1&#8243; _module_preset=&#8220;default&#8220;][et_pb_image src=&#8220;https:\/\/www.planbwagen.de\/wp-content\/uploads\/2020\/10\/IMG_0163-768&#215;1024.jpg&#8220; alt=&#8220;Santa Maria Assunta, auch Dom zu Pisa von au\u00dfen&#8220; _builder_version=&#8220;4.5.1&#8243; _module_preset=&#8220;default&#8220;][\/et_pb_image][\/et_pb_column][et_pb_column type=&#8220;1_3&#8243; _builder_version=&#8220;4.5.1&#8243; _module_preset=&#8220;default&#8220;][et_pb_image src=&#8220;https:\/\/www.planbwagen.de\/wp-content\/uploads\/2020\/10\/IMG_0169-768&#215;1024.jpg&#8220; alt=&#8220;Santa Maria Assunta, auch Dom zu Pisa&#8220; _builder_version=&#8220;4.5.1&#8243; _module_preset=&#8220;default&#8220;][\/et_pb_image][\/et_pb_column][\/et_pb_row][et_pb_row _builder_version=&#8220;4.5.1&#8243; _module_preset=&#8220;default&#8220;][et_pb_column type=&#8220;4_4&#8243; _builder_version=&#8220;4.5.1&#8243; _module_preset=&#8220;default&#8220;][et_pb_text _builder_version=&#8220;4.5.1&#8243; _module_preset=&#8220;default&#8220; [&hellip;]<\/p>","protected":false},"author":1,"featured_media":9259,"comment_status":"open","ping_status":"open","sticky":false,"template":"","format":"standard","meta":{"_et_pb_use_builder":"on","_et_pb_old_content":"","_et_gb_content_width":"","footnotes":""},"categories":[32],"tags":[],"class_list":["post-9257","post","type-post","status-publish","format-standard","has-post-thumbnail","hentry","category-italien"],"_links":{"self":[{"href":"https:\/\/www.planbwagen.de\/it\/wp-json\/wp\/v2\/posts\/9257","targetHints":{"allow":["GET"]}}],"collection":[{"href":"https:\/\/www.planbwagen.de\/it\/wp-json\/wp\/v2\/posts"}],"about":[{"href":"https:\/\/www.planbwagen.de\/it\/wp-json\/wp\/v2\/types\/post"}],"author":[{"embeddable":true,"href":"https:\/\/www.planbwagen.de\/it\/wp-json\/wp\/v2\/users\/1"}],"replies":[{"embeddable":true,"href":"https:\/\/www.planbwagen.de\/it\/wp-json\/wp\/v2\/comments?post=9257"}],"version-history":[{"count":6,"href":"https:\/\/www.planbwagen.de\/it\/wp-json\/wp\/v2\/posts\/9257\/revisions"}],"predecessor-version":[{"id":9281,"href":"https:\/\/www.planbwagen.de\/it\/wp-json\/wp\/v2\/posts\/9257\/revisions\/9281"}],"wp:featuredmedia":[{"embeddable":true,"href":"https:\/\/www.planbwagen.de\/it\/wp-json\/wp\/v2\/media\/9259"}],"wp:attachment":[{"href":"https:\/\/www.planbwagen.de\/it\/wp-json\/wp\/v2\/media?parent=9257"}],"wp:term":[{"taxonomy":"category","embeddable":true,"href":"https:\/\/www.planbwagen.de\/it\/wp-json\/wp\/v2\/categories?post=9257"},{"taxonomy":"post_tag","embeddable":true,"href":"https:\/\/www.planbwagen.de\/it\/wp-json\/wp\/v2\/tags?post=9257"}],"curies":[{"name":"wp","href":"https:\/\/api.w.org\/{rel}","templated":true}]}}