{"id":4199,"date":"2020-08-09T13:55:27","date_gmt":"2020-08-09T13:55:27","guid":{"rendered":"https:\/\/planbwagen.de\/?p=4199"},"modified":"2021-03-29T10:12:11","modified_gmt":"2021-03-29T10:12:11","slug":"sometimes-you-have-to-say-goodbye","status":"publish","type":"post","link":"https:\/\/www.planbwagen.de\/it\/porto-di-casa\/a-volte-bisogna-dire-addio\/","title":{"rendered":"&#8222;Sometimes you have to say goodbye&#8230;"},"content":{"rendered":"<p>[et_pb_section fb_built=&#8220;1&#8243; _builder_version=&#8220;3.22&#8243;][et_pb_row _builder_version=&#8220;4.5.1&#8243; _module_preset=&#8220;default&#8220;][et_pb_column type=&#8220;4_4&#8243; _builder_version=&#8220;4.5.1&#8243; _module_preset=&#8220;default&#8220;][et_pb_image src=&#8220;https:\/\/www.planbwagen.de\/wp-content\/uploads\/2020\/08\/1-21.jpg&#8220; alt=&#8220;Steve McQueen in K\u00f6ln&#8220; title_text=&#8220;1&#8243; _builder_version=&#8220;4.5.1&#8243; _module_preset=&#8220;default&#8220;][\/et_pb_image][\/et_pb_column][\/et_pb_row][et_pb_row _builder_version=&#8220;4.5.1&#8243; _module_preset=&#8220;default&#8220;][et_pb_column type=&#8220;4_4&#8243; _builder_version=&#8220;4.5.1&#8243; _module_preset=&#8220;default&#8220;][et_pb_text _builder_version=&#8220;4.5.1&#8243; _module_preset=&#8220;default&#8220;]<\/p>\n<p>Nel soggiorno del nostro appartamento a Colonia erano appese due foto con le sembianze di Steve McQueen. Perch\u00e9 proprio Steve McQueen? Definirlo un modello sarebbe un po' esagerato. Dal mio punto di vista, quell'uomo era semplicemente un figo. - Quando un uomo \u00e8 un uomo? - Gr\u00f6nemeyer non \u00e8 stato l'unico a porsi questa domanda. - Per quanto amassi la sua canzone M\u00e4nner, alla fine c'erano ancora troppe domande senza risposta.\u00a0<\/p>\n<p>&nbsp;<\/p>\n<p><span><em><strong>&#8222;M\u00e4nner sind einsame Streiter &#8211; M\u00fcssen durch jede Wand, m\u00fcssen immer weiter&#8220;<\/strong><\/em><\/span><\/p>\n<p>&nbsp;<\/p>\n<p>Zumindest diese Textzeile hat sich bei mir f\u00fcr immer eingepr\u00e4gt. &#8211; Steve McQueen wirkt hingegen auf mich so, als ob er sich diese Frage niemals gestellt hat. Er hatte andere Fragen:\u00a0&#8222;I&#8217;m not sure whether I&#8217;am an actor who races or a racer who acts&#8220; &#8211; Ansonsten war f\u00fcr ihn klar,\u00a0&#8222;I live for myself and I answer to nobody.&#8220;<\/p>\n<p>&nbsp;<\/p>\n<p>McQueen ist Motorrad und Rennwagen gefahren wie ein ganz Gro\u00dfer. Sein Motorradtrip nach Kuba endete mit einer Verhaftung. Er galt als Freund von Sinatra, war ein Waffennarr, hat geboxt,\u00a0 geraucht wie ein Schlot und zum Ausgleich Gewichte gestemmt. Wochenlang ist er allein durch die Wildnis gezogen.\u00a0 Dann hatte er einen zotteligen Bart und langen Haare,\u00a0er sah aus\u00a0&#8222;wie ein ungewaschener Fernfahrer&#8220; \u2013\u00a0Doch wenn er einen Anzug angezogen hat, sa\u00df\u00a0dieser tadellos. &#8211; Sein Film\u00a0\u201eLe Mans\u201c war kein Kassenschlager, au\u00dfer f\u00fcr TAG Heuer. Das Bild, auf dem Steve McQueen deren markanten Chronographen Monaco am Armgelenk trug, ging um die Welt. &#8211; Seine Witwe sagt \u00fcber ihn: &#8222;Er hat sich vor nichts und niemandem gef\u00fcrchtet&#8220; &#8211; Sicherlich war McQueen ein extremer Charakter, doch genau dies finde ich an ihm spannend.\u00a0<\/p>\n<p>&nbsp;<\/p>\n<p>Von Typen wie ihm, kann man\u00a0nicht nur\u00a0lernen, sich stilvoll zu kleiden, sonder vor allem &#8222;sei dein eigener Held&#8220;.<\/p>\n<p>&nbsp;<\/p>\n<p>Doch vor allem war er der Meister der\u00a0Coolness. Diese sicherte\u00a0ihm nicht nur einen, sondern gleich zwei Pl\u00e4tze in unserem Wohnzimmer.\u00a0 Am liebsten h\u00e4tte ich beide Bilder mit in den Bulli genommen. Doch das erwies sich nicht als so einfach. Das gr\u00f6\u00dfere der Beiden muss er jedoch mit einem echten Helden teilen. Pink Panther, doch dies ist eine andere Geschichte. Dieses Pop Art &#8222;Ensemble&#8220; wird f\u00fcr uns von guten Freunden aufbewahrt. Von dem Kleineren, welches Steve mit Pistole auf seiner privaten Couch zeigt,\u00a0 haben wir uns getrennt. Doch nicht so ganz, denn es fand in abgewandelter Form seinen Platz in BUTCH.\u00a0<\/p>\n<p>&nbsp;<\/p>\n<p>E portiamo con noi qualcosa di diverso da lui nel nostro viaggio. Dopo anni nella grande citt\u00e0, siamo attratti dal mezzo del nulla. Ecco perch\u00e9 la sua citazione \u00e8 perfetta per questa nuova fase della nostra vita:<\/p>\n<p>&nbsp;<\/p>\n<p><span><em><strong>&#8222;I would rather wake up in the middle of nowhere than in\u00a0any city on earth&#8220;<\/strong><\/em><\/span><\/p>\n<p>[\/et_pb_text][\/et_pb_column][\/et_pb_row][et_pb_row column_structure=&#8220;1_3,1_3,1_3&#8243; _builder_version=&#8220;4.5.1&#8243; _module_preset=&#8220;default&#8220;][et_pb_column type=&#8220;1_3&#8243; _builder_version=&#8220;4.5.1&#8243; _module_preset=&#8220;default&#8220;][et_pb_image src=&#8220;https:\/\/www.planbwagen.de\/wp-content\/uploads\/2020\/08\/2-19.jpg&#8220; alt=&#8220;Steve McQueen im planBwagen VW T6.1 SpaceCamper&#8220; _builder_version=&#8220;4.5.1&#8243; _module_preset=&#8220;default&#8220;][\/et_pb_image][\/et_pb_column][et_pb_column type=&#8220;1_3&#8243; _builder_version=&#8220;4.5.1&#8243; _module_preset=&#8220;default&#8220;][et_pb_image src=&#8220;https:\/\/www.planbwagen.de\/wp-content\/uploads\/2020\/08\/3-18.jpg&#8220; alt=&#8220;Steve McQueen im planBwagen VW T6.1 SpaceCamper&#8220; title_text=&#8220;3&#8243; _builder_version=&#8220;4.5.1&#8243; _module_preset=&#8220;default&#8220;][\/et_pb_image][\/et_pb_column][et_pb_column type=&#8220;1_3&#8243; _builder_version=&#8220;4.5.1&#8243; _module_preset=&#8220;default&#8220;][et_pb_image src=&#8220;https:\/\/www.planbwagen.de\/wp-content\/uploads\/2020\/08\/4-17.jpg&#8220; alt=&#8220;Steve McQueen im planBwagen VW T6.1 SpaceCamper&#8220; _builder_version=&#8220;4.5.1&#8243; _module_preset=&#8220;default&#8220;][\/et_pb_image][\/et_pb_column][\/et_pb_row][\/et_pb_section]<\/p>","protected":false},"excerpt":{"rendered":"<p>[et_pb_section fb_built=&#8220;1&#8243; _builder_version=&#8220;3.22&#8243;][et_pb_row _builder_version=&#8220;4.5.1&#8243; _module_preset=&#8220;default&#8220;][et_pb_column type=&#8220;4_4&#8243; _builder_version=&#8220;4.5.1&#8243; _module_preset=&#8220;default&#8220;][et_pb_image src=&#8220;https:\/\/www.planbwagen.de\/wp-content\/uploads\/2020\/08\/1-21.jpg&#8220; alt=&#8220;Steve McQueen in K\u00f6ln&#8220; title_text=&#8220;1&#8243; _builder_version=&#8220;4.5.1&#8243; _module_preset=&#8220;default&#8220;][\/et_pb_image][\/et_pb_column][\/et_pb_row][et_pb_row _builder_version=&#8220;4.5.1&#8243; _module_preset=&#8220;default&#8220;][et_pb_column type=&#8220;4_4&#8243; _builder_version=&#8220;4.5.1&#8243; _module_preset=&#8220;default&#8220;][et_pb_text _builder_version=&#8220;4.5.1&#8243; _module_preset=&#8220;default&#8220;] Im Wohnzimmer unserer\u00a0K\u00f6lner Wohnung\u00a0hingen gleich zwei Bilder mit dem Konterfei von Steve McQueen. Warum gerade Steve McQueen? Ihn ein Vorbild zu nennen w\u00e4re etwas \u00fcbertrieben.\u00a0Aus meiner Sicht war der Typ einfach ziemlich [&hellip;]<\/p>","protected":false},"author":1,"featured_media":4200,"comment_status":"open","ping_status":"open","sticky":false,"template":"","format":"standard","meta":{"_et_pb_use_builder":"on","_et_pb_old_content":"<p><strong>...to the things you know and hello to the things you don't.\"<\/strong><\/p><p><strong>Steve McQueen<\/strong><\/p><p><img class=\"size-medium wp-image-4201 aligncenter\" src=\"https:\/\/planbwagen.de\/wp-content\/uploads\/2020\/08\/1-3-300x77.jpg\" alt=\"\" width=\"300\" height=\"77\" \/><\/p><p>Im Wohnzimmer unserer\u00a0K\u00f6lner Wohnung\u00a0hingen gleich zwei Bilder mit dem Konterfei von Steve McQueen. Warum gerade Steve McQueen? Ihn ein Vorbild zu nennen w\u00e4re etwas \u00fcbertrieben.\u00a0Aus meiner Sicht war der Typ einfach ziemlich cool. - Wann ist ein Mann ein Mann? - Diese Frage hat sich nicht nur Gr\u00f6nemeyer gestellt. - So sehr ich seinen Song M\u00e4nner geliebt habe, blieben am Ende doch zu viele Fragen offen.<\/p><p><em><strong><img class=\"size-medium wp-image-4202 alignleft\" src=\"https:\/\/planbwagen.de\/wp-content\/uploads\/2020\/08\/2-2-225x300.jpg\" alt=\"\" width=\"225\" height=\"300\" \/>\"M\u00e4nner sind einsame Streiter - M\u00fcssen durch jede Wand, m\u00fcssen immer weiter\"<\/strong><\/em><\/p><p>Zumindest diese Textzeile hat sich bei mir f\u00fcr immer eingepr\u00e4gt. - Steve McQueen wirkt hingegen auf mich so, als ob er sich diese Frage niemals gestellt hat. Er hatte andere Fragen:\u00a0\"I'm not sure whether I'am an actor who races or a racer who acts\" - Ansonsten war f\u00fcr ihn klar,\u00a0\"I live for myself and I answer to nobody.\"<\/p><p>McQueen ist Motorrad und Rennwagen gefahren wie ein ganz Gro\u00dfer. Sein Motorradtrip nach Kuba endete mit einer Verhaftung. Er galt als Freund von Sinatra, war ein Waffennarr, hat geboxt,\u00a0 geraucht wie ein Schlot und zum Ausgleich Gewichte gestemmt. Wochenlang ist er allein durch die Wildnis gezogen.\u00a0 Dann hatte er einen zotteligen Bart und langen Haare,\u00a0er sah aus\u00a0\"wie ein ungewaschener Fernfahrer\" \u2013\u00a0Doch wenn er einen Anzug angezogen hat, sa\u00df\u00a0dieser tadellos. - Sein Film\u00a0\u201eLe Mans\u201c war kein Kassenschlager, au\u00dfer f\u00fcr TAG Heuer. Das Bild, auf dem Steve McQueen deren markanten Chronographen Monaco am Armgelenk trug, ging um die Welt. - Seine Witwe sagt \u00fcber ihn: \"Er hat sich vor nichts und niemandem gef\u00fcrchtet\" - Sicherlich war McQueen ein extremer Charakter, doch genau dies finde ich an ihm spannend.<\/p><p>Von Typen wie ihm, kann man\u00a0nicht nur\u00a0lernen, sich stilvoll zu kleiden, sonder vor allem \"sei dein eigener Held\".<\/p><p><img class=\"size-medium wp-image-4203 alignright\" src=\"https:\/\/planbwagen.de\/wp-content\/uploads\/2020\/08\/3-1-300x225.jpg\" alt=\"\" width=\"300\" height=\"225\" \/>Doch vor allem war er der Meister der\u00a0Coolness. Diese sicherte\u00a0ihm nicht nur einen, sondern gleich zwei Pl\u00e4tze in unserem Wohnzimmer.\u00a0 Am liebsten h\u00e4tte ich beide Bilder mit in den Bulli genommen. Doch das erwies sich nicht als so einfach. Das gr\u00f6\u00dfere der Beiden muss er jedoch mit einem echten Helden teilen. Pink Panther, doch dies ist eine andere Geschichte. Dieses Pop Art \"Ensemble\" wird f\u00fcr uns von guten Freunden aufbewahrt. Von dem Kleineren, welches Steve mit Pistole auf seiner privaten Couch zeigt,\u00a0 haben wir uns getrennt. Doch nicht so ganz, denn es fand in abgewandelter Form seinen Platz in BUTCH.<\/p><p>Und noch etwas von ihm nehmen wir mit auf die Reise. Nach Jahren in der gro\u00dfen Stadt, zieht es uns ja bekanntlich ins Nirgendwo. Deshalb passt sein Zitat perfekt zu diesem, neuen Lebensabschnitt:<\/p><p><em><strong>\"I would rather wake up in the middle of nowhere than in\u00a0any city on earth\"<img class=\"size-medium wp-image-4204 aligncenter\" src=\"https:\/\/planbwagen.de\/wp-content\/uploads\/2020\/08\/4-2-300x300.jpg\" alt=\"\" width=\"300\" height=\"300\" \/><\/strong><\/em><\/p>","_et_gb_content_width":"","footnotes":""},"categories":[14],"tags":[],"class_list":["post-4199","post","type-post","status-publish","format-standard","has-post-thumbnail","hentry","category-heimathafen"],"_links":{"self":[{"href":"https:\/\/www.planbwagen.de\/it\/wp-json\/wp\/v2\/posts\/4199","targetHints":{"allow":["GET"]}}],"collection":[{"href":"https:\/\/www.planbwagen.de\/it\/wp-json\/wp\/v2\/posts"}],"about":[{"href":"https:\/\/www.planbwagen.de\/it\/wp-json\/wp\/v2\/types\/post"}],"author":[{"embeddable":true,"href":"https:\/\/www.planbwagen.de\/it\/wp-json\/wp\/v2\/users\/1"}],"replies":[{"embeddable":true,"href":"https:\/\/www.planbwagen.de\/it\/wp-json\/wp\/v2\/comments?post=4199"}],"version-history":[{"count":6,"href":"https:\/\/www.planbwagen.de\/it\/wp-json\/wp\/v2\/posts\/4199\/revisions"}],"predecessor-version":[{"id":11097,"href":"https:\/\/www.planbwagen.de\/it\/wp-json\/wp\/v2\/posts\/4199\/revisions\/11097"}],"wp:featuredmedia":[{"embeddable":true,"href":"https:\/\/www.planbwagen.de\/it\/wp-json\/wp\/v2\/media\/4200"}],"wp:attachment":[{"href":"https:\/\/www.planbwagen.de\/it\/wp-json\/wp\/v2\/media?parent=4199"}],"wp:term":[{"taxonomy":"category","embeddable":true,"href":"https:\/\/www.planbwagen.de\/it\/wp-json\/wp\/v2\/categories?post=4199"},{"taxonomy":"post_tag","embeddable":true,"href":"https:\/\/www.planbwagen.de\/it\/wp-json\/wp\/v2\/tags?post=4199"}],"curies":[{"name":"wp","href":"https:\/\/api.w.org\/{rel}","templated":true}]}}