{"id":373,"date":"2020-03-13T19:20:59","date_gmt":"2020-03-13T19:20:59","guid":{"rendered":""},"modified":"2020-09-18T08:35:33","modified_gmt":"2020-09-18T08:35:33","slug":"tag-no-191-corona-ist-mehr-als-ein-bier","status":"publish","type":"post","link":"https:\/\/www.planbwagen.de\/it\/spagna\/tag-no-191-corona-e-piu-di-una-birra\/","title":{"rendered":"Giorno n. 191 - Corona \u00e8 pi\u00f9 di una birra"},"content":{"rendered":"<p>[et_pb_section fb_built=&#8220;1&#8243; _builder_version=&#8220;3.22&#8243;][et_pb_row column_structure=&#8220;1_2,1_2&#8243; _builder_version=&#8220;4.5.1&#8243; _module_preset=&#8220;default&#8220;][et_pb_column type=&#8220;1_2&#8243; _builder_version=&#8220;4.5.1&#8243; _module_preset=&#8220;default&#8220;][et_pb_image src=&#8220;https:\/\/www.planbwagen.de\/wp-content\/uploads\/2020\/09\/1-63.jpg&#8220; title_text=&#8220;1&#8243; _builder_version=&#8220;4.5.1&#8243; _module_preset=&#8220;default&#8220; hover_enabled=&#8220;0&#8243; alt=&#8220;Segelboot kurz nach Sonnenuntergang in der Bucht Beniras, ibiza&#8220;][\/et_pb_image][\/et_pb_column][et_pb_column type=&#8220;1_2&#8243; _builder_version=&#8220;4.5.1&#8243; _module_preset=&#8220;default&#8220;][et_pb_image src=&#8220;https:\/\/www.planbwagen.de\/wp-content\/uploads\/2020\/09\/2-58.jpg&#8220; title_text=&#8220;2&#8243; _builder_version=&#8220;4.5.1&#8243; _module_preset=&#8220;default&#8220; hover_enabled=&#8220;0&#8243; alt=&#8220;Baum als Sitzbank in der Bucht Beniras, ibiza&#8220;][\/et_pb_image][\/et_pb_column][\/et_pb_row][et_pb_row _builder_version=&#8220;4.5.1&#8243; _module_preset=&#8220;default&#8220;][et_pb_column type=&#8220;4_4&#8243; _builder_version=&#8220;4.5.1&#8243; _module_preset=&#8220;default&#8220;][et_pb_text _builder_version=&#8220;4.5.1&#8243; _module_preset=&#8220;default&#8220;]<\/p>\n<p>Oggi \u00e8 venerd\u00ec 13. Questo dovrebbe farci riflettere? Io dico di no. Questa mattina tutto \u00e8 ancora rilassato. Abbiamo dormito bene e stiamo ancora attingendo all'energia positiva del giorno precedente. Mentre Torgit prepara il muesli, io faccio qualche ricerca sui fari dell'isola. - Siamo rimasti cos\u00ec colpiti dai fari degli ultimi giorni che vogliamo usare i nostri ultimi tre giorni sull'isola per esplorare i fari rimanenti. Alla faccia del piano. - Ma proprio mentre siamo seduti nel furgone con il nostro muesli in mano, Ilona viene a farci visita. - La finca dove \u00e8 parcheggiato il suo furgone non \u00e8 molto lontana.<\/p>\n<p>Ci racconta che Geronimo e lei sono andati a fare shopping questa mattina. Ma la cosa si \u00e8 rivelata pi\u00f9 difficile del previsto. Dopo aver saputo che i primi test per il Covid-19, il coronavirus, avevano dimostrato che era arrivato anche sull'isola, probabilmente si sarebbe scatenato il panico. - Anche in questo caso, ci sarebbero stati acquisti da panico.<\/p>\n<p>Dopo aver riflettuto un attimo, decidiamo di non prenderla alla leggera. Ci dirigiamo verso i supermercati pi\u00f9 vicini e ci rendiamo conto che il panico si \u00e8 fatto davvero sentire. Per quanto l'isola fosse rilassata e tranquilla fino a un attimo prima, l'atmosfera \u00e8 improvvisamente cambiata. Il tono \u00e8 estremamente aggressivo.<\/p>\n<p>L'acqua \u00e8 il problema numero uno per noi. - Il primo mercato ha gi\u00e0 finito l'acqua. Cos\u00ec Torgit e io ci dividiamo. Io vado al mercato successivo. Proprio mentre sto mettendo l'ultima tanica da 5 litri nel carrello della spesa, Torgit mi chiama. Ha appena ricevuto una consegna ripetuta, che ha appena acquistato. - Prendiamo farina d'avena, muesli, latte, latte d'avena, un grosso sacchetto di arance, riso, lenticchie e fagioli. Nel carrello c'\u00e8 anche Ginger. Come si addice a un vero e proprio acquisto di criceti, ci impossessiamo dell'ultima carta igienica.<\/p>\n<p>Poi partiamo per Ibiza. Vogliamo verificare se possiamo prendere un traghetto prima. Se ci fosse stata una chiusura a Ibiza, non eravamo sicuri che saremmo riusciti a lasciare l'isola. - Quando arriviamo sul posto, gli sportelli hanno appena chiuso. Riaprono alle 17:00. Quando arriva il momento, si \u00e8 gi\u00e0 formata una coda. Anche qui l'atmosfera \u00e8 molto tesa. Siamo quinti in fila e riusciamo a prenotare nuovamente il traghetto per domani mattina alle 11.00.<\/p>\n<p>So fahren wir zum letzten Mal nach Benirras. Als wir Hector geparkt haben, stellen wir fest, dass uns unsere Au\u00dfendusche abhanden gekommen ist. Ob uns diese geklaut wurde oder aus der Sicherung gerissen wurde, ist nicht nachvollziehbar. Doch wie sagt das K\u00f6lsch? &#8222;Wat fott es, es fott&#8220;<\/p>\n<p>Prima di tutto, riponiamo i nostri acquisti. Dobbiamo riordinare alcune cose. I prossimi giorni ci mostreranno cosa succeder\u00e0. - Ma una cosa sembra certa: i nostri giorni sull'isola sembrano essere contati. Ma dobbiamo assolutamente tornare per esplorare i fari.<\/p>\n<p>Ora ci dirigiamo verso la spiaggia per l'ultima volta. Il sole \u00e8 appena tramontato. - Un veliero \u00e8 ormeggiato nella baia e i bonghi risuonano di nuovo nella baia. - \u00c8 il momento di salutarsi. - L'umore \u00e8 sommesso. - Dovremo vedere come riusciremo a scrivere nei prossimi giorni. - Ma torneremo, senza dubbio.<\/p>\n<p>Anche in questo caso ci concentriamo sull'essenziale: Et h\u00e4tt noch jot jejange<\/p>\n<p>PS: Victoria ci ha inviato un ringraziamento e la sua foto di ieri sera. - Sicuramente un bel finale.<\/p>\n<p>[\/et_pb_text][et_pb_image src=&#8220;https:\/\/www.planbwagen.de\/wp-content\/uploads\/2020\/09\/4-49.jpg&#8220; title_text=&#8220;4&#8243; _builder_version=&#8220;4.5.1&#8243; _module_preset=&#8220;default&#8220; hover_enabled=&#8220;0&#8243; alt=&#8220;Herzstern im Sonnenuntergang der Bucht Beniras, ibiza&#8220;][\/et_pb_image][\/et_pb_column][\/et_pb_row][\/et_pb_section]<\/p>","protected":false},"excerpt":{"rendered":"<p>[et_pb_section fb_built=&#8220;1&#8243; _builder_version=&#8220;3.22&#8243;][et_pb_row column_structure=&#8220;1_2,1_2&#8243; _builder_version=&#8220;4.5.1&#8243; _module_preset=&#8220;default&#8220;][et_pb_column type=&#8220;1_2&#8243; _builder_version=&#8220;4.5.1&#8243; _module_preset=&#8220;default&#8220;][et_pb_image src=&#8220;https:\/\/www.planbwagen.de\/wp-content\/uploads\/2020\/09\/1-63.jpg&#8220; title_text=&#8220;1&#8243; _builder_version=&#8220;4.5.1&#8243; _module_preset=&#8220;default&#8220; hover_enabled=&#8220;0&#8243; alt=&#8220;Segelboot kurz nach Sonnenuntergang in der Bucht Beniras, ibiza&#8220;][\/et_pb_image][\/et_pb_column][et_pb_column type=&#8220;1_2&#8243; _builder_version=&#8220;4.5.1&#8243; _module_preset=&#8220;default&#8220;][et_pb_image src=&#8220;https:\/\/www.planbwagen.de\/wp-content\/uploads\/2020\/09\/2-58.jpg&#8220; title_text=&#8220;2&#8243; _builder_version=&#8220;4.5.1&#8243; _module_preset=&#8220;default&#8220; hover_enabled=&#8220;0&#8243; alt=&#8220;Baum als Sitzbank in der Bucht Beniras, ibiza&#8220;][\/et_pb_image][\/et_pb_column][\/et_pb_row][et_pb_row _builder_version=&#8220;4.5.1&#8243; _module_preset=&#8220;default&#8220;][et_pb_column type=&#8220;4_4&#8243; _builder_version=&#8220;4.5.1&#8243; _module_preset=&#8220;default&#8220;][et_pb_text _builder_version=&#8220;4.5.1&#8243; _module_preset=&#8220;default&#8220;] Heute ist Freitag der 13. &#8211; H\u00e4tte uns das [&hellip;]<\/p>","protected":false},"author":1,"featured_media":4157,"comment_status":"open","ping_status":"open","sticky":false,"template":"","format":"standard","meta":{"_et_pb_use_builder":"on","_et_pb_old_content":"<p>\u00a0<\/p><div id=\"content_start\">\u00a0<\/div><article class=\"j-blog\"><div class=\"n j-blog-meta j-blog-post--header\"><div class=\"j-text j-module n\"><a class=\"j-blog-post--category\" href=\"https:\/\/www.gluecksmuskel.de\/hectors-reisen\/spain-spanien\/\"> Spain - Spanien <\/a> \u00a0\u00b7\u00a0 <span class=\"j-text j-blog-post--date\"> 13. M\u00e4rz 2020 <\/span><\/div><h1 class=\"j-blog-header j-blog-headline j-blog-post--headline\">Tag No. 191 - Corona ist mehr als ein Bier<\/h1><\/div><div class=\"post j-blog-content\"><div id=\"cc-matrix-3608799726\"><div id=\"cc-m-12585156126\" class=\"j-module n j-spacing \"><div class=\"cc-m-spacer\" style=\"height: 20px;\">\u00a0<\/div><\/div><div id=\"cc-m-12585151026\" class=\"j-module n j-gallery \"><div id=\"cc-m-gallery-12585151026\" class=\"cc-m-gallery-container cc-m-gallery-cool clearover\"><div id=\"gallery_thumb_8137692626\" class=\"cc-m-gallery-cool-item\"><div><a rel=\"lightbox[12585151026]\" data-href=\"https:\/\/planbwagen.de\/wp-content\/uploads\/attachments\/image.jpg\" data-title=\"\" data-index=\"0\"> <img style=\"height: 277px; width: 370px; margin-bottom: 3px;\" src=\"https:\/\/planbwagen.de\/wp-content\/uploads\/2020\/07\/image-7-7-2.jpg\" alt=\"\" data-orig-width=\"2048\" data-orig-height=\"1536\" \/> <\/a><\/div><\/div><div id=\"gallery_thumb_8137692726\" class=\"cc-m-gallery-cool-item\"><div><a rel=\"lightbox[12585151026]\" data-href=\"https:\/\/planbwagen.de\/wp-content\/uploads\/attachments\/image.jpg\" data-title=\"\" data-index=\"1\"> <img style=\"height: 277px; width: 370px; margin-bottom: 3px;\" src=\"https:\/\/planbwagen.de\/wp-content\/uploads\/2020\/07\/image-9-8-6.jpg\" alt=\"\" data-orig-width=\"2048\" data-orig-height=\"1536\" \/> <\/a><\/div><\/div><div id=\"gallery_thumb_8137692826\" class=\"cc-m-gallery-cool-item\"><div><a rel=\"lightbox[12585151026]\" data-href=\"https:\/\/planbwagen.de\/wp-content\/uploads\/attachments\/image.jpg\" data-title=\"\" data-index=\"2\"> <img style=\"height: 277px; width: 370px; margin-bottom: 3px;\" src=\"https:\/\/planbwagen.de\/wp-content\/uploads\/2020\/07\/image-1-1-8.jpg\" alt=\"\" data-orig-width=\"2048\" data-orig-height=\"1536\" \/> <\/a><\/div><\/div><\/div><\/div><div id=\"cc-m-12585150926\" class=\"j-module n j-text \"><p>\u00a0<\/p><p>Heute ist Freitag der 13. - H\u00e4tte uns das zu denken geben sollen? Ich sage nein! -\u00a0Am heutige Morgen ist alles noch entspannt. Wir haben ausgeschlafen und zehren noch von der positiven Energie des letzten Tages. W\u00e4hrend\u00a0 Torgit unser M\u00fcsli vorbereitet, recherchiere ich noch ein wenig \u00fcber die Leuchtt\u00fcrme der Insel. - Wir sind durch die Leuchtt\u00fcrme der letzen Tage so begeistert, dass wir unsere letzen drei Tage auf der Insel dazu nutzen wollen, die restlichen Leuchtt\u00fcrme zu erkunden. Soweit der Plan. - doch als\u00a0wir gerade mit unserem M\u00fcsli in der Hand im Bulli sitzen, kommt uns Ilona besuchen. - Die Finca, auf deren Gel\u00e4nde ihr Van parkt, ist nicht all zu weit entfernt.<\/p><p>\u00a0<\/p><p>Sie berichtet uns, dass Geronimo und sie heute Morgen einkaufen waren. Doch dies h\u00e4tte sich schwieriger gestaltet als gedacht. Nach dem bekannt wurde, dass auch auf Ibiza die ersten\u00a0Tests\u00a0auf Covid-19, dem Coronavirus\u00a0ergeben h\u00e4tten, dass dieser nun auch auf der Insel angekommen w\u00e4re, w\u00fcrde wohl Panik ausbrechen. - Auch hier g\u00e4be es nun Hamsterk\u00e4ufe.<\/p><p>\u00a0<\/p><p>Nach kurzer \u00dcberlegung entscheiden wir uns daf\u00fcr dies nicht auf die leichte Schulter zu nehmen. So fahren wir zu den n\u00e4chsten Superm\u00e4rkten und m\u00fcssen feststellen, die Panik ist wirklich angekommen. So entspannt und chillig die Insel gerade noch war, die Stimmung hat sich schlagartig gedreht. Es herrscht ein \u00e4u\u00dferst aggressiver Ton.<\/p><p>F\u00fcr uns ist Wasser Thema Nummer Eins. - Im ersten Markt gibt es schon kein Wasser mehr. So trennen sich Torgit und ich. Ich fahre zum n\u00e4chsten Markt. Als ich gerade die letzten 5-Liter Kanister in den Einkaufswagen lege, ruft mich Torgit an. Bei ihr kam gerade eine Nachlieferung, welche sie direkt aufgekauft hat. -\u00a0Wir ergattern Haferflocken, M\u00fcsli, Milch, Hafermilch, einen gro\u00dfen Sack Orangen, Reis, Linsen und Bohnen. Ingwer liegt ebenfalls im Einkaufswagen. Wie es sich f\u00fcr einen ordentlichen Hamsterkauf geh\u00f6rt, ergattern wir das letzte Toilettenpapier.<\/p><p>\u00a0<\/p><p>Dann machen wir uns auf nach Ibiza. Wir wollen checken, ob wir eine fr\u00fchere F\u00e4hre ergattern. Wenn es auf Ibiza zu einem Shut Down kommen sollte, w\u00e4re uns zu unsicher ob wir noch von der Insel k\u00e4men. - Als wir vor Ort ankommen, haben die Schalter gerade geschlossen. Sie \u00f6ffnen wieder um 17:00 Uhr. Als es soweit ist, hat sich bereits eine Schlange gebildet. Auch hier ist die Stimmung sehr angespannt.\u00a0Als f\u00fcnfte in der Reihe schaffen wir es und k\u00f6nnen die F\u00e4hre auf morgen fr\u00fch um 11:00 Uhr umbuchen.<\/p><p>\u00a0<\/p><p>So fahren wir zum letzten Mal nach Benirras. Als wir Hector geparkt haben, stellen wir fest, dass uns unsere Au\u00dfendusche abhanden gekommen ist. Ob uns diese geklaut wurde oder aus der Sicherung gerissen wurde, ist nicht nachvollziehbar. Doch wie sagt das K\u00f6lsch?\u00a0\"Wat fott es, es fott\"<\/p><p>\u00a0<\/p><p>Wir verstauen erst einmal unseren Einkauf. Dazu muss einiges umger\u00e4umt werden. In den n\u00e4chsten Tagen wird sich zeigen wie es weiter geht. - Doch eines scheint sicher, unsere Tage auf der Insel scheinen gez\u00e4hlt. Doch wir m\u00fcssen definitiv wieder kommen und die Leuchtt\u00fcrme erkunden.<\/p><p>\u00a0<\/p><p>Jetzt geht es noch ein letztes Mal zum Strand. Die Sonne ist gerade untergegangen. - Es liegt ein Segelschiff in der Bucht, und wieder klingen die Bongos durch die Bucht. - Es ist Zeit Abschied zu nehmen. - Es herrscht eine gedr\u00fcckte Stimmung. - Wir m\u00fcssen in den n\u00e4chsten Tagen mal schauen wie wir zum bloggen kommen. - Doch wir kommen wieder, keine Frage.<\/p><p>\u00a0<\/p><p>Wir besinnen uns auch hier auf das Wesentliche:\u00a0Et h\u00e4tt noch immer jot jejange<\/p><p>\u00a0<\/p><p>PS: Victoria hat uns heute noch einen Dank und ihr Bild vom gestrigen Abend gesandt. - Sicher ein sch\u00f6ner Abschluss.<\/p><p>\u00a0<\/p><\/div><div id=\"cc-m-12585155226\" class=\"j-module n j-imageSubtitle \"><figure class=\"cc-imagewrapper cc-m-image-align-1 cc-m-width-maxed\"><img id=\"cc-m-imagesubtitle-image-12585155226\" class=\"\" src=\"https:\/\/planbwagen.de\/wp-content\/uploads\/2020\/07\/image-7-8-8-4.jpg\" sizes=\"(min-width: 1040px) 1040px, 100vw\" alt=\"\" data-src-width=\"1190\" data-src-height=\"1600\" data-src=\"https:\/\/planbwagen.de\/wp-content\/uploads\/2020\/07\/image-7-8-8-4.jpg\" data-image-id=\"8137694426\" data-pfsrc=\"https:\/\/planbwagen.de\/wp-content\/uploads\/2020\/07\/image-7-8-8-4.jpg\" \/><\/figure><div class=\"cc-clear\">\u00a0<\/div><\/div><div id=\"cc-m-12585156026\" class=\"j-module n j-text \"><p style=\"text-align: right;\"><a class=\"j-calltoaction-link j-calltoaction-link-style-2\" style=\"font-size: 16px; background-color: #ffcc00; border-width: 2px; border-color: #ffcc00; color: #ffffff; user-select: text; padding: 10px 20px; line-height: 1.5; border-radius: 0px; -webkit-appearance: none; margin: 1em 0px;\" title=\"Tag No. 192 - Abschied von Ibiza\" href=\"\/2020\/03\/14\/tag-no-192-abschied-von-ibiza\/\" data-action=\"button\" data-title=\"Sunny Side Up\"> Sunny Side Up\u00a0 \u00a0\u00a0<\/a><\/p><p style=\"text-align: right;\"><a class=\"j-calltoaction-link j-calltoaction-link-style-2\" style=\"background-color: #ffcc00; border-width: 2px; border-color: #ffcc00; color: #ffffff; user-select: text; padding: 10px 20px; font-size: 16px; line-height: 1.5; border-radius: 0px; -webkit-appearance: none; margin: 1em 0px;\" title=\"Tag No. 190 - Ibiza erwacht aus dem Winterschlaf\" href=\"\/2020\/03\/12\/tag-no-190-ibiza-erwacht-aus-dem-winterschlaf\/\" data-action=\"button\" data-title=\"Sunny Side Down\"> Sunny Side Down\u00a0 \u00a0\u00a0<\/a><\/p><\/div><\/div><\/div><div class=\"j-module n j-text j-blog-post--tags-wrapper\"><span class=\"j-blog-post--tags--template\" style=\"display: none;\"><a class=\"j-blog-post--tag\" href=\"https:\/\/www.gluecksmuskel.de\/hectors-reisen\/?tag=tagPlaceholder\">tagPlaceholder<\/a><\/span><span class=\"j-blog-post--tags-label\" style=\"display: none;\">Tags:<\/span><\/div><div id=\"flexsocialbuttons\" class=\"n\"><div class=\"cc-sharebuttons-element cc-sharebuttons-size-16 cc-sharebuttons-style-colored cc-sharebuttons-design-square cc-sharebuttons-align-left\">\u00a0<\/div><\/div><div class=\"n j-comment\"><div id=\"commentsModule12585150026\"><p id=\"skiptoform12585150026\" class=\"skiptoform\"><a href=\"#\" data-id=\"12585150026\" data-action=\"goToForm\">Kommentar schreiben<\/a><\/p><div id=\"numComments12585150026\" class=\"j-blog-comment-counter\">Kommentare: <i class=\"cc-comments-count\">0<\/i><\/div><ul id=\"commentOutput12585150026\" class=\"com-list-noava\"><li id=\"commentFormContainer12585150026\" class=\"commentstd clearover cc-m-comment-loading\"><a name=\"commentForm12585150026\"><\/a><\/li><\/ul><div id=\"commentError12585150026\" class=\"message-error\" style=\"display: none;\">\u00a0<\/div><div id=\"commentSuccess12585150026\" class=\"message-ok\" style=\"display: none;\">\u00a0<\/div><\/div><p><script>\/\/ <![CDATA[ window.regModule(\"module_comment\", {\"data\":{\"id\":\"12585150026\",\"closed\":\"0\",\"captcha\":\"4a686f9bbe7b2e0cc2ba04e14649e259\",\"avatar\":false,\"lang\":{\"comment\":\"Kommentar\",\"comments\":\"Kommentare\"}}}); \/\/ ]]> <\/script><\/p><\/div><\/article><p>\u00a0<\/p>","_et_gb_content_width":"","footnotes":""},"categories":[9],"tags":[],"class_list":["post-373","post","type-post","status-publish","format-standard","has-post-thumbnail","hentry","category-spanien"],"_links":{"self":[{"href":"https:\/\/www.planbwagen.de\/it\/wp-json\/wp\/v2\/posts\/373","targetHints":{"allow":["GET"]}}],"collection":[{"href":"https:\/\/www.planbwagen.de\/it\/wp-json\/wp\/v2\/posts"}],"about":[{"href":"https:\/\/www.planbwagen.de\/it\/wp-json\/wp\/v2\/types\/post"}],"author":[{"embeddable":true,"href":"https:\/\/www.planbwagen.de\/it\/wp-json\/wp\/v2\/users\/1"}],"replies":[{"embeddable":true,"href":"https:\/\/www.planbwagen.de\/it\/wp-json\/wp\/v2\/comments?post=373"}],"version-history":[{"count":7,"href":"https:\/\/www.planbwagen.de\/it\/wp-json\/wp\/v2\/posts\/373\/revisions"}],"predecessor-version":[{"id":8400,"href":"https:\/\/www.planbwagen.de\/it\/wp-json\/wp\/v2\/posts\/373\/revisions\/8400"}],"wp:featuredmedia":[{"embeddable":true,"href":"https:\/\/www.planbwagen.de\/it\/wp-json\/wp\/v2\/media\/4157"}],"wp:attachment":[{"href":"https:\/\/www.planbwagen.de\/it\/wp-json\/wp\/v2\/media?parent=373"}],"wp:term":[{"taxonomy":"category","embeddable":true,"href":"https:\/\/www.planbwagen.de\/it\/wp-json\/wp\/v2\/categories?post=373"},{"taxonomy":"post_tag","embeddable":true,"href":"https:\/\/www.planbwagen.de\/it\/wp-json\/wp\/v2\/tags?post=373"}],"curies":[{"name":"wp","href":"https:\/\/api.w.org\/{rel}","templated":true}]}}