{"id":2125,"date":"2019-08-08T19:23:12","date_gmt":"2019-08-08T19:23:12","guid":{"rendered":""},"modified":"2023-11-22T20:46:10","modified_gmt":"2023-11-22T18:46:10","slug":"tag-no-1-zuruck-in-die-zukunft","status":"publish","type":"post","link":"https:\/\/www.planbwagen.de\/it\/croazia\/giorno-n-1-ritorno-al-futuro\/","title":{"rendered":"Giorno n. 1 - Ritorno al futuro"},"content":{"rendered":"<p>[et_pb_section fb_built=&#8220;1&#8243; _builder_version=&#8220;3.22&#8243;][et_pb_row column_structure=&#8220;1_2,1_2&#8243; _builder_version=&#8220;4.5.1&#8243; _module_preset=&#8220;default&#8220;][et_pb_column type=&#8220;1_2&#8243; _builder_version=&#8220;4.5.1&#8243; _module_preset=&#8220;default&#8220;][et_pb_image src=&#8220;https:\/\/www.planbwagen.de\/wp-content\/uploads\/2020\/08\/1-25.jpg&#8220; alt=&#8220;wei\u00dfer VW T5 California Fahrert\u00fcr innen mit Hausbar&#8220; _builder_version=&#8220;4.5.1&#8243; _module_preset=&#8220;default&#8220;][\/et_pb_image][\/et_pb_column][et_pb_column type=&#8220;1_2&#8243; _builder_version=&#8220;4.5.1&#8243; _module_preset=&#8220;default&#8220;][et_pb_image src=&#8220;https:\/\/www.planbwagen.de\/wp-content\/uploads\/2020\/08\/2-23.jpg&#8220; alt=&#8220;Blick durch offene Schiebet\u00fcr in gem\u00fctlichen wei\u00dfen VW T5 California&#8220; _builder_version=&#8220;4.5.1&#8243; _module_preset=&#8220;default&#8220;][\/et_pb_image][\/et_pb_column][\/et_pb_row][et_pb_row _builder_version=&#8220;4.5.1&#8243; _module_preset=&#8220;default&#8220;][et_pb_column type=&#8220;4_4&#8243; _builder_version=&#8220;4.5.1&#8243; _module_preset=&#8220;default&#8220;][et_pb_text _builder_version=&#8220;4.5.1&#8243; _module_preset=&#8220;default&#8220;]<\/p>\n<div class=\"post j-blog-content\" style=\"text-align: center;\"><\/div>\n<h2 class=\"post j-blog-content\" style=\"text-align: justify;\">Prefazione:<\/h2>\n<p style=\"text-align: justify;\">Il bello dell'era digitale \u00e8 che a volte si pu\u00f2 anche riavvolgere. Come quando mi sdraiavo a pancia in gi\u00f9 davanti al mio registratore e, stop, riavvolgevo. - Questo esisteva gi\u00e0 nell'era analogica. Quindi torniamo indietro, al primo giorno del nostro lungo viaggio. Oggi \u00e8 l'8 agosto 2019. Quello che non so oggi \u00e8 che questo viaggio durer\u00e0 molto pi\u00f9 a lungo di quanto avrei mai potuto immaginare. Perch\u00e9 l'8 agosto tutto sembra ancora una breve vacanza. Ho lasciato da poco il mio lavoro, che finora ha occupato quasi tutta la mia vita.<\/p>\n<p style=\"text-align: justify;\">Perch\u00e9 non mi rendeva pi\u00f9 felice e perch\u00e9 sapevo che c'era di pi\u00f9 l\u00e0 fuori, da qualche parte. Pi\u00f9 vita, pi\u00f9 felicit\u00e0. Ma niente di tutto questo \u00e8 tangibile oggi, 8 agosto 2019. Non avrei mai pensato che questo sarebbe stato l'inizio di una vita da zingara. Ma una cosa la sapevo gi\u00e0 oggi. Io, che non avevo mai tenuto un diario in tutta la mia vita, volevo scrivere le mie esperienze.<\/p>\n<p style=\"text-align: justify;\">Sapevo di doverlo rendere tangibile, riga per riga, per non dimenticarlo in seguito ed essere sicuro di averlo vissuto. Se volete, vi porter\u00f2 con me. Perdonatemi, il mio stile di scrittura \u00e8 a volte un po' accidentato. Non tutti i giorni sono ugualmente emozionanti e devo avvertirvi. Ci saranno giorni belli, ma anche giorni meno belli. Ma una cosa \u00e8 certa: senza Torgit non avrei mai osato. Quindi, cominciamo...<\/p>\n<p style=\"text-align: justify;\">...Pochi giorni fa abbiamo acquistato spontaneamente una VW California usata. Le \u00e8 gi\u00e0 stato dato un nome, Hector. \u00c8 la prima auto della mia vita con un nome proprio. Ho avuto molte auto, ma questa \u00e8 qualcosa di speciale, un vero DNA BULLI. Quindi merita anche un nome.\u00a0<\/p>\n<p style=\"text-align: center;\"><span style=\"font-size: x-large;\"><strong><em>&#8222;Wenn man so will<\/em><\/strong><\/span><br \/><span style=\"font-size: x-large;\"><strong><em>Siete la meta di un lungo viaggio...?<\/em><em>&#8222;<\/em><\/strong><\/span><\/p>\n<p style=\"text-align: justify;\">Oggi Hector e noi partiamo per il nostro primo tour pi\u00f9 lungo. - Ci siamo conosciuti un po' prima con un breve viaggio nell'Hunsr\u00fcck e nell'Eifel. Ma prima di partire insieme per il nostro giro della penisola iberica, vogliamo assolutamente fare un giro un po' pi\u00f9 lungo per essere sicuri di non dimenticare nulla di importante.<\/p>\n<p style=\"text-align: justify;\">In ogni caso, il bar della casa \u00e8 gi\u00e0 pronto. Anche la pelle di mucca ha trovato il suo posto. Ma ci\u00f2 che ci stava particolarmente a cuore \u00e8 il nostro tappeto d'ingresso, che ci accoglie ogni giorno con un sorriso.<\/p>\n<p style=\"text-align: center;\"><span><strong><em>&#8222;&#8230;Die Perfektion der besten Art und Weise<\/em><\/strong><\/span><br \/><span><strong><em>In stillen Momenten leise&#8230;&#8220;<\/em><\/strong><\/span><\/p>\n<p style=\"text-align: justify;\">Abbiamo deciso la nostra destinazione solo negli ultimi giorni. Vogliamo partire dalla Croazia. Da un lato, un compagno di squadra di lunga data (\u00bd austriaco - \u00bd croato) da anni parla di Rovigno, la sua citt\u00e0 natale, come la pi\u00f9 bella della Croazia, se non del mondo. D'altra parte, il mio buon amico Micha \u00e8 appena stato nella regione con il suo furgone e anche lui ne parla benissimo. \u00a0<\/p>\n<p style=\"text-align: justify;\">Per me un viaggio in Croazia \u00e8 un viaggio nel passato. - Da bambino trascorrevo spesso le vacanze vicino a Zara, di cui ho un ottimo ricordo. D'altra parte, ci sono stato di nuovo con la mia ex ragazza poco dopo la guerra dei Balcani, di cui ho ricordi meno belli. - No, non era a causa della ex, ma perch\u00e9 c'era ancora molto dell'influenza della guerra. Ma a Colonia il cielo era leggermente nuvoloso e la Croazia promette sole e calore. Ci aspettano quindi alcuni giorni di pace e di sole.<\/p>\n<p style=\"text-align: center;\"><span><strong><em>&#8222;&#8230;Die Schaumkrone der Woge der Begeisterung<\/em><\/strong><\/span><br \/><span><strong><em>Bergauf, mein Antrieb und Schwung&#8230;&#8220;<\/em><\/strong><\/span><\/p>\n<p style=\"text-align: justify;\">Poich\u00e9 noi, in quanto abitanti di Colonia, amiamo la cattedrale, ci salutiamo in conformit\u00e0 con il nostro status. Caff\u00e8 con vista sul Reno e sulla cattedrale. - Sono sicuro che alcuni di voi conoscono la prospettiva della scena del crimine di Colonia.  Qui, i detective Freddy e Max si godono patatine e birra K\u00f6lsch davanti alla \"Wurstbraterei\". - Ma oggi non c'\u00e8 traccia del chiosco di currywurst. Nella vita reale si trova nel Rheinauhafen. - Ma noi vogliamo bere un caff\u00e8 e vedere la cattedrale, non mangiare salsicce.\u00a0<\/p>\n<p style=\"text-align: justify;\">Nel pomeriggio si sistemano gli ultimi scatoloni, si prepara il SUP e si parte per il tour. Oggi la nostra destinazione \u00e8 il lago Chiemsee. - Durante la notte attraversiamo Monaco, il lago Chiemsee \u00e8 vicino, ma va tutto bene. - Senza ulteriori indugi, decidiamo di lasciare il Chiemsee sulla sinistra e di deviare dal percorso principale a Rosenheim per passare da Kitzb\u00fchel, un po' pi\u00f9 in l\u00e0 tra le montagne dell'Austria.\u00a0<\/p>\n<p style=\"text-align: center;\"><span><strong><em>&#8222;&#8230;Ich wollte dir nur mal eben sagen<br \/>Dass du das Gr\u00f6\u00dfte f\u00fcr mich bist&#8230;&#8220;<\/em><\/strong><\/span><\/p>\n<p><strong><em> <\/em><\/strong><\/p>\n<p><strong><em><\/em><\/strong><\/p>\n<p style=\"text-align: justify;\">Solo a notte fonda lasciamo la strada e ci immettiamo in un sentiero sterrato, che lentamente si intreccia con alberi a destra e a sinistra. Troviamo subito un posto accogliente. Cos\u00ec ripieghiamo il tetto e dispieghiamo il letto. Solo quando il letto \u00e8 pronto ci rendiamo conto del rumore che c'\u00e8 fuori. Siamo troppo stanchi per indagare sulle cause. Ora dormiamo, il che \u00e8 facile grazie alla nostra stanchezza.\u00a0<\/p>\n<p style=\"text-align: center;\"><span><strong><em>&#8222;&#8230;Und sichergehen, ob du denn dasselbe f\u00fcr mich f\u00fchlst<br \/>F\u00fcr mich f\u00fchlst&#8220;\u00a0<br \/><span style=\"font-size: x-small;\">Sportfreunde Stiller<\/span><\/em><\/strong><\/span><\/p>\n<p>[\/et_pb_text][\/et_pb_column][\/et_pb_row][\/et_pb_section]<\/p>","protected":false},"excerpt":{"rendered":"<p>[et_pb_section fb_built=&#8220;1&#8243; _builder_version=&#8220;3.22&#8243;][et_pb_row column_structure=&#8220;1_2,1_2&#8243; _builder_version=&#8220;4.5.1&#8243; _module_preset=&#8220;default&#8220;][et_pb_column type=&#8220;1_2&#8243; _builder_version=&#8220;4.5.1&#8243; _module_preset=&#8220;default&#8220;][et_pb_image src=&#8220;https:\/\/www.planbwagen.de\/wp-content\/uploads\/2020\/08\/1-25.jpg&#8220; alt=&#8220;wei\u00dfer VW T5 California Fahrert\u00fcr innen mit Hausbar&#8220; _builder_version=&#8220;4.5.1&#8243; _module_preset=&#8220;default&#8220;][\/et_pb_image][\/et_pb_column][et_pb_column type=&#8220;1_2&#8243; _builder_version=&#8220;4.5.1&#8243; _module_preset=&#8220;default&#8220;][et_pb_image src=&#8220;https:\/\/www.planbwagen.de\/wp-content\/uploads\/2020\/08\/2-23.jpg&#8220; alt=&#8220;Blick durch offene Schiebet\u00fcr in gem\u00fctlichen wei\u00dfen VW T5 California&#8220; _builder_version=&#8220;4.5.1&#8243; _module_preset=&#8220;default&#8220;][\/et_pb_image][\/et_pb_column][\/et_pb_row][et_pb_row _builder_version=&#8220;4.5.1&#8243; _module_preset=&#8220;default&#8220;][et_pb_column type=&#8220;4_4&#8243; _builder_version=&#8220;4.5.1&#8243; _module_preset=&#8220;default&#8220;][et_pb_text _builder_version=&#8220;4.5.1&#8243; _module_preset=&#8220;default&#8220;] Vorwort: Das sch\u00f6ne am digitalen Zeitalter ist, dass man auch mal zur\u00fcckspulen [&hellip;]<\/p>","protected":false},"author":1,"featured_media":2685,"comment_status":"open","ping_status":"open","sticky":false,"template":"","format":"standard","meta":{"_et_pb_use_builder":"on","_et_pb_old_content":"<div id=\"content_start\">\u00a0<\/div><article class=\"j-blog\"><div class=\"n j-blog-meta j-blog-post--header\"><div class=\"j-text j-module n\"><a class=\"j-blog-post--category\" href=\"https:\/\/www.gluecksmuskel.de\/hectors-reisen\/croatia-kroatien\/\"> Croatia - Kroatien <\/a> \u00a0\u00b7\u00a0 <span class=\"j-text j-blog-post--date\"> 08. August 2019 <\/span><\/div><h1 class=\"j-blog-header j-blog-headline j-blog-post--headline\">Tag No. 1 - Zur\u00fcck in die Zukunft<\/h1><\/div><div class=\"post j-blog-content\"><div id=\"cc-matrix-3598255426\"><div id=\"cc-m-12537709626\" class=\"j-module n j-spacing \"><div class=\"cc-m-spacer\" style=\"height: 32px;\">\u00a0<\/div><\/div><div id=\"cc-m-12537698826\" class=\"j-module n j-gallery \"><div id=\"cc-m-gallery-12537698826\" class=\"cc-m-gallery-container cc-m-gallery-cool clearover\"><div id=\"gallery_thumb_8101175826\" class=\"cc-m-gallery-cool-item\"><div><a rel=\"lightbox[12537698826]\" data-href=\"https:\/\/planbwagen.de\/wp-content\/uploads\/attachments\/image.jpg\" data-title=\"\" data-index=\"0\">\u00a0 <\/a><\/div><\/div><div id=\"gallery_thumb_8101175626\" class=\"cc-m-gallery-cool-item\"><div><a rel=\"lightbox[12537698826]\" data-href=\"https:\/\/planbwagen.de\/wp-content\/uploads\/attachments\/image.jpg\" data-title=\"\" data-index=\"1\">\u00a0 <\/a><\/div><\/div><div id=\"gallery_thumb_8101437126\" class=\"cc-m-gallery-cool-item\"><div><a rel=\"lightbox[12537698826]\" data-href=\"https:\/\/planbwagen.de\/wp-content\/uploads\/attachments\/image.jpg\" data-title=\"\" data-index=\"2\">\u00a0 <\/a><\/div><\/div><\/div><\/div><div id=\"cc-m-12537699726\" class=\"j-module n j-text \"><p><a rel=\"lightbox[12537698826]\" data-href=\"https:\/\/planbwagen.de\/wp-content\/uploads\/attachments\/image.jpg\" data-title=\"\" data-index=\"0\"> <img class=\"alignleft\" style=\"height: 176px; width: 132px; margin-bottom: 3px; margin-right: 3px;\" src=\"https:\/\/planbwagen.de\/wp-content\/uploads\/2020\/07\/image-9-8-7-5.jpg\" alt=\"\" data-orig-width=\"1536\" data-orig-height=\"2048\" \/> <\/a>Heute soll es\u00a0mit Hector und uns auf die erste l\u00e4ngere Tour gehen. - Wir haben uns vorab, auf einem Kurztrip im Hunsr\u00fcck und der Eifel ein wenig vertraut gemacht. Doch bevor wir uns gemeinsam, auf unsere Tour um die Iberische Halbinsel begeben, wollen wir auf jeden Fall noch eine etwas l\u00e4ngere Tour machen, um sicher zu stellen, dass wir\u00a0nichts\u00a0wesentliches vergessen.<\/p><p>Die Hausbar ist auf jeden Fall schon eingerichtet. Und auch das Kuhfell hat seinen Platz gefunden. Was uns aber besonders wichtig war, ist unser Eingangsteppich, welcher uns t\u00e4glich mit einem L\u00e4cheln begr\u00fc\u00dft.<\/p><p>Unser Reiseziel haben wir erst in den letzten Tagen bestimmt. Wir wollen nach Kroatien starten. Zum einem schw\u00e4rmt\u00a0ein langj\u00e4hriger Teamkollege ( \u00bd \u00d6sterreicher -\u00a0 \u00bd Kroate) seit Jahren von seiner Heimatstadt Rovinj, als der sch\u00f6nsten Stadt Kroatiens, wenn nicht der Welt. Zum anderen war mein guter Freund Micha, gerade mit seinem Bulli\u00a0in der Region und schw\u00e4rmt ebenfalls in h\u00f6chsten T\u00f6nen.<\/p><p>F\u00fcr mich ist die Reise nach Kroatien eine Reise in die Vergangenheit. - Als Kind habe ich des \u00f6fteren den Urlaub in der N\u00e4he von Zadar verbracht, woran ich sehr gute Erinnerungen habe. Zum anderen war ich<a rel=\"lightbox[12537698826]\" data-href=\"https:\/\/planbwagen.de\/wp-content\/uploads\/attachments\/image.jpg\" data-title=\"\" data-index=\"1\">\u00a0 <\/a>\u00a0<a rel=\"lightbox[12537698826]\" data-href=\"https:\/\/planbwagen.de\/wp-content\/uploads\/attachments\/image.jpg\" data-title=\"\" data-index=\"1\"> <img class=\"alignright\" style=\"height: 176px; width: 235px; margin-bottom: 3px;\" src=\"https:\/\/planbwagen.de\/wp-content\/uploads\/2020\/07\/image-0-2-7-7.jpg\" alt=\"\" data-orig-width=\"2048\" data-orig-height=\"1536\" \/> <\/a> mit meiner Ex-Freundin, kurz nach dem Balkankrieg noch einmal vor Ort, woran ich weniger gute Erinnerungen habe.\u00a0- Nein, es lag nicht an der Ex, sondern daran, dass noch viel von den Einfl\u00fcssen des Krieges zu sp\u00fcren war. Doch in K\u00f6ln war der Himmel leicht bew\u00f6lkt und Kroatien verspricht Sonne und W\u00e4rme.\u00a0Deshalb freuen wir uns auf ein paar, friedliche und sonnige\u00a0Tage .<\/p><p>Da wir als K\u00f6lner den Dom lieben, nehmen wir standesgem\u00e4\u00df Abschied. Kaffee mit Blick auf Rhein und Dom. - Sicher kennt der ein oder andere die Perspektive aus dem K\u00f6lner Tatort.\u00a0\u00a0Hier genie\u00dfen ansonsten die Kommissare Freddy und Max vor der \u201eWurstbraterei\u201d\u00a0Pommes und K\u00f6lsch. - Doch von der Currywurstbude ist heute nichts zu sehen. Denn im wahren Leben steht\u00a0die Bude im Rheinauhafen. - Doch wir wollen ja Kaffeetrinken, dabei den Dom sehen und nicht W\u00fcrstchen essen.<\/p><p><a rel=\"lightbox[12537698826]\" data-href=\"https:\/\/planbwagen.de\/wp-content\/uploads\/attachments\/image.jpg\" data-title=\"\" data-index=\"2\"> <img class=\"alignleft\" style=\"height: 176px; width: 132px; margin-bottom: 3px;\" src=\"https:\/\/planbwagen.de\/wp-content\/uploads\/2020\/07\/image-9-8-0-2.jpg\" alt=\"\" data-orig-width=\"1536\" data-orig-height=\"2048\" \/> <\/a>Am Nachmittag sind dann die letzten Kisten verstaut, das SUP eingepackt und wir machen uns auf die Tour. Heute ist unser Ziel der Chiemsee. - In der Nacht durchqueren wir M\u00fcnchen, der Chiemsee ist nah, doch es l\u00e4uft gerade so gut. - Kurzerhand beschlie\u00dfen wir den Chiemsee links liegen zu lassen und statt dessen bei Rosenheim von der Hauptroute abzuweichen und \u00fcber Kitzb\u00fchel, noch ein wenig durch die Berge \u00d6sterreichs zu fahren.<\/p><p>Erst sp\u00e4t nachts verlassen wir die Stra\u00dfe und biegen in einen Feldweg ein, der langsam links und rechts von B\u00e4umen umrankt ist. Schnell finden wir ein kuscheliges Pl\u00e4tzchen. Also das Dach hochgeklappt und Bettchen ausgeklappt. Erst als das Bett gerichtet ist, stellen wir fest, wie laut es drau\u00dfen ist. Wir sind zu m\u00fcde, um der Ursache nachzugehen. Jetzt wird erst einmal geschlafen, was uns dank der M\u00fcdigkeit leicht f\u00e4llt.<\/p><\/div><div id=\"cc-m-12572160926\" class=\"j-module n j-callToAction \"><div class=\"j-calltoaction-wrapper j-calltoaction-align-3\"><a class=\"j-calltoaction-link j-calltoaction-link-style-2\" href=\"\/2019\/08\/09\/tag-no-2-und-3-die-balkanroute\/\" data-action=\"button\" data-title=\"Sunny Side Up\"> Sunny Side Up <\/a><\/div><\/div><\/div><\/div><div class=\"j-module n j-text j-blog-post--tags-wrapper\"><span class=\"j-blog-post--tags--template\" style=\"display: none;\"><a class=\"j-blog-post--tag\" href=\"https:\/\/www.gluecksmuskel.de\/hectors-reisen\/?tag=tagPlaceholder\">tagPlaceholder<\/a><\/span><span class=\"j-blog-post--tags-label\" style=\"display: none;\">Tags:<\/span><\/div><div class=\"n j-comment\"><div id=\"commentsModule12537694026\"><p id=\"skiptoform12537694026\" class=\"skiptoform\"><a href=\"#\" data-id=\"12537694026\" data-action=\"goToForm\">Kommentar schreiben<\/a><\/p><div id=\"numComments12537694026\" class=\"j-blog-comment-counter\">Kommentare: <i class=\"cc-comments-count\">0<\/i><\/div><ul id=\"commentOutput12537694026\" class=\"com-list-noava\"><li id=\"commentFormContainer12537694026\" class=\"commentstd clearover\"><strong class=\"number\">#1<\/strong><br \/><div class=\"com-meta\">\u00a0<\/div><p><a name=\"commentForm12537694026\"><\/a><\/p><div class=\"commententry cc-com-entry\"><form id=\"commentform12537694026\" action=\"\" enctype=\"application\/x-www-form-urlencoded\" method=\"post\"><div><label class=\"required\" for=\"name12537694026\">Name: *<\/label><br \/><input id=\"name12537694026\" class=\"single\" name=\"name\" type=\"text\" value=\"\" \/><\/div><div><label class=\"required\" for=\"comment12537694026\">Eintrag: *<\/label><br \/><textarea id=\"comment12537694026\" cols=\"80\" name=\"comment\" rows=\"6\"><\/textarea><\/div><div><label class=\"required\" for=\"privacyPolicy12537694026\">Es gilt die <a href=\"\/j\/privacy\" target=\"_blank\" rel=\"noopener noreferrer\">Datenschutzerkl\u00e4rung<\/a>. *<\/label><br \/><input name=\"privacyPolicy\" type=\"hidden\" value=\"0\" \/><input id=\"privacyPolicy12537694026\" name=\"privacyPolicy\" type=\"checkbox\" value=\"1\" \/><\/div><div><input id=\"submit12537694026\" name=\"Senden\" type=\"submit\" value=\"Senden\" \/><\/div><dl class=\"zend_form\"><dt id=\"mandFields-label\"><\/dt><\/dl><div style=\"margin-top: 4px;\">* Pflichtfelder<\/div><\/form><\/div><div class=\"c\">\u00a0<\/div><\/li><\/ul><div id=\"commentError12537694026\" class=\"message-error\" style=\"display: none;\">\u00a0<\/div><div id=\"commentSuccess12537694026\" class=\"message-ok\" style=\"display: none;\">\u00a0<\/div><\/div><p><script>\/\/ <![CDATA[ window.regModule(\"module_comment\", {\"data\":{\"id\":\"12537694026\",\"closed\":\"0\",\"captcha\":\"83a843abb1c695fa29d34ab72d0b0d45\",\"avatar\":false,\"lang\":{\"comment\":\"Kommentar\",\"comments\":\"Kommentare\"}}}); \/\/ ]]> <\/script><\/p><\/div><\/article>","_et_gb_content_width":"","footnotes":""},"categories":[11],"tags":[],"class_list":["post-2125","post","type-post","status-publish","format-standard","has-post-thumbnail","hentry","category-kroatien"],"_links":{"self":[{"href":"https:\/\/www.planbwagen.de\/it\/wp-json\/wp\/v2\/posts\/2125","targetHints":{"allow":["GET"]}}],"collection":[{"href":"https:\/\/www.planbwagen.de\/it\/wp-json\/wp\/v2\/posts"}],"about":[{"href":"https:\/\/www.planbwagen.de\/it\/wp-json\/wp\/v2\/types\/post"}],"author":[{"embeddable":true,"href":"https:\/\/www.planbwagen.de\/it\/wp-json\/wp\/v2\/users\/1"}],"replies":[{"embeddable":true,"href":"https:\/\/www.planbwagen.de\/it\/wp-json\/wp\/v2\/comments?post=2125"}],"version-history":[{"count":14,"href":"https:\/\/www.planbwagen.de\/it\/wp-json\/wp\/v2\/posts\/2125\/revisions"}],"predecessor-version":[{"id":8711,"href":"https:\/\/www.planbwagen.de\/it\/wp-json\/wp\/v2\/posts\/2125\/revisions\/8711"}],"wp:featuredmedia":[{"embeddable":true,"href":"https:\/\/www.planbwagen.de\/it\/wp-json\/wp\/v2\/media\/2685"}],"wp:attachment":[{"href":"https:\/\/www.planbwagen.de\/it\/wp-json\/wp\/v2\/media?parent=2125"}],"wp:term":[{"taxonomy":"category","embeddable":true,"href":"https:\/\/www.planbwagen.de\/it\/wp-json\/wp\/v2\/categories?post=2125"},{"taxonomy":"post_tag","embeddable":true,"href":"https:\/\/www.planbwagen.de\/it\/wp-json\/wp\/v2\/tags?post=2125"}],"curies":[{"name":"wp","href":"https:\/\/api.w.org\/{rel}","templated":true}]}}