{"id":2112,"date":"2019-08-12T19:23:12","date_gmt":"2019-08-12T19:23:12","guid":{"rendered":"https:\/\/planbwagen.de\/uncategorized\/https-www-gluecksmuskel-de-hectors-reisen-croatia-kroatien\/"},"modified":"2020-09-24T11:06:45","modified_gmt":"2020-09-24T11:06:45","slug":"https-www-gluecksmuskel-de-hectors-reisen-croatia-kroatien","status":"publish","type":"post","link":"https:\/\/www.planbwagen.de\/it\/croazia\/https-www-gluecksmuskel-it-hectors-travel-croatia-croatia\/","title":{"rendered":"Giorno n. 6 - Zara - I suoni del mare"},"content":{"rendered":"<p>[et_pb_section fb_built=&#8220;1&#8243; _builder_version=&#8220;3.22&#8243;][et_pb_row _builder_version=&#8220;4.5.1&#8243; _module_preset=&#8220;default&#8220;][et_pb_column type=&#8220;4_4&#8243; _builder_version=&#8220;4.5.1&#8243; _module_preset=&#8220;default&#8220;][et_pb_text _builder_version=&#8220;4.5.1&#8243; _module_preset=&#8220;default&#8220;]<\/p>\n<p style=\"text-align: justify;\">Anche se non vado nella citt\u00e0 vecchia di Zara da circa 45 anni, ho ancora in mente le immagini delle bancarelle di un bazar, di quelli che oggi si trovano solo in Oriente. Ovunque si vendevano tappeti e borse di una specie di moquette. Aglio e cipolle in abbondanza. Frutta e verdura erano esposte in grandi ceste. Le donne anziane vendevano \u0161ljivovica, olive, olio d'oliva e formaggio.\u00a0<\/p>\n<p style=\"text-align: justify;\">Ci muoviamo tra i vicoli della citt\u00e0 vecchia di Zara.\u00a0<\/p>\n<p style=\"text-align: justify;\">Sebbene Zara non possa negare il suo passato veneziano e romano, molto \u00e8 cambiato. - Dove un tempo attraccavano i traghetti per l'Italia, ora delle scalinate invitano a soffermarsi. Siamo rimasti particolarmente colpiti dal cosiddetto organo marino (Morske orgulje) dell'architetto Nikola Ba\u0161i\u0107. Il movimento delle onde crea musica forzando l'aria nelle canne dell'organo.  In questo modo vengono prodotte diverse tonalit\u00e0. Vale assolutamente la pena di ascoltarlo! Ci godiamo la pace e la tranquillit\u00e0 sui gradini dopo la lunga passeggiata nel centro storico di Zara.<\/p>\n<p style=\"text-align: justify;\">Bei unserem Spaziergang sehen\u00a0wir pl\u00f6tzlich Hinweise einer Ausstellung. Angeblich werden Werke des spanischen Surrealisten Salvador Dali in Zadar gezeigt. &#8211; Das lassen wir uns nat\u00fcrlich nicht entgehen.\u00a0Es werden \u00fcber 200 Bilder,\u00a0Wandteppiche, Skulpturen\u00a0und Reliefs des K\u00fcnstlers ausgestellt. &#8211;\u00a0Dachte ich fr\u00fcher an Dali,\u00a0kamen mir vor\u00a0allem die weichen Uhren des K\u00fcnstlers in den Sinn. Das ist nicht meines, habe ich gedacht. Dann stand ich vor seinem Werk &#8222;El concilio ecum\u00e9nico&#8220; im Dali Museum in\u00a0Saint Petersburg und war nur noch begeistert. Heute\u00a0ist sein Werk &#8222;La gare de Perpignan&#8220; (&#8222;Der Bahnhof von Perpignan&#8220;)\u00a0ein absoluter Liebling von mir. Netterweise h\u00e4ngt es im\u00a0K\u00f6lner Museum Ludwig. So kann ich es jederzeit betrachten. &#8211; Die Ausstellung in Zadar zeigte zwar nicht solche Highlights, daf\u00fcr jedoch einen spannende Eindruck in fr\u00fche Werke des K\u00fcnstlers. So war diese Ausstellung mein heutiges Zadar Highlight.\u00a0<\/p>\n<p>[\/et_pb_text][\/et_pb_column][\/et_pb_row][\/et_pb_section]<\/p>","protected":false},"excerpt":{"rendered":"<p>[et_pb_section fb_built=&#8220;1&#8243; _builder_version=&#8220;3.22&#8243;][et_pb_row _builder_version=&#8220;4.5.1&#8243; _module_preset=&#8220;default&#8220;][et_pb_column type=&#8220;4_4&#8243; _builder_version=&#8220;4.5.1&#8243; _module_preset=&#8220;default&#8220;][et_pb_text _builder_version=&#8220;4.5.1&#8243; _module_preset=&#8220;default&#8220;] Obwohl ich seit ca. 45 Jahren nicht mehr in der Altstadt von Zadar war, habe ich immer noch die Bilder mit St\u00e4nden eines Bazars im Kopf, wie man\u00a0solche heute nur noch im Orient findet. \u00dcberall wurden Teppiche und Taschen aus einer Art Teppich feilgeboten. Knoblauch [&hellip;]<\/p>","protected":false},"author":1,"featured_media":2694,"comment_status":"open","ping_status":"open","sticky":false,"template":"","format":"standard","meta":{"_et_pb_use_builder":"on","_et_pb_old_content":"<div id=\"content_start\"><\/div>\r\n<article class=\"j-blog\">\r\n<div class=\"n j-blog-meta j-blog-post--header\">\r\n<div class=\"j-text j-module n\">                     <a href=\"https:\/\/www.gluecksmuskel.de\/hectors-reisen\/croatia-kroatien\/\" class=\"j-blog-post--category\">                 Croatia - Kroatien            <\/a>         \u00a0\u00b7\u00a0        <span class=\"j-text j-blog-post--date\">             12. August 2019        <\/span><\/div>\r\n<h1 class=\"j-blog-header j-blog-headline j-blog-post--headline\">Tag No. 6 - Zadar - Die Kl\u00e4nge des Meeres<\/h1>\r\n<\/div>\r\n<div class=\"post j-blog-content\">\r\n<div id=\"cc-matrix-3599150026\">\r\n<div id=\"cc-m-12541626426\" class=\"j-module n j-text \">\r\n\r\n     \u00a0\r\n\r\nObwohl ich seit ca. 45 Jahren nicht mehr in der Altstadt von Zadar war, habe ich immer noch die Bilder mit St\u00e4nden eines Bazars im Kopf, wie man\u00a0solche heute nur noch im Orient findet.     \u00dcberall wurden Teppiche und Taschen aus einer Art Teppich feilgeboten. Knoblauch und Zwiebeln in H\u00fclle und F\u00fclle. Obst und Gem\u00fcse wurde in gro\u00dfen K\u00f6rben zur Schau gestellt.\u00a0Alte Frauen     verkauften \u0161ljivovica, Oliven, Oliven\u00f6l und K\u00e4se.\u00a0\r\n\r\n\u00a0\r\n\r\nObwohl Zadar seine\u00a0venezianische und r\u00f6mische Vergangenheit nicht verleugnen kann, hat sich vieles ver\u00e4ndert. - Dort wo fr\u00fcher die F\u00e4hren nach Italien anlegten, laden heute Stufen zum     Verweilen ein. Uns hat vor allem die sogenannte\u00a0Meeresorgel (Morske orgulje) des Architekten Nikola Ba\u0161i\u0107 beeindruckt. Die Wellenbewegung erzeugt Musik, indem Luft in Orgelpfeifen gepresst     wird.\u00a0 So werden verschiedene T\u00f6ne erzeugt. Absolut h\u00f6renswert!\r\n\r\n\u00a0\r\n\r\nBei unserem Spaziergang sehen\u00a0wir pl\u00f6tzlich Hinweise einer Ausstellung. Angeblich werden Werke des spanischen Surrealisten Salvador Dali in Zadar gezeigt. - Das lassen wir uns nat\u00fcrlich     nicht entgehen.\u00a0Er werden \u00fcber 200 Bilder,\u00a0Wandteppiche, Skulpturen\u00a0und Reliefs des K\u00fcnstlers ausgestellt. -\u00a0Dachte ich fr\u00fcher an Dali,\u00a0kamen mir vor\u00a0allem die     weichen Uhren des K\u00fcnstlers in den Sinn. Das ist nicht meines, habe ich gedacht. Dann stand ich vor seinem Werk \"El concilio ecum\u00e9nico\" im Dali Museum in\u00a0Saint Petersburg und war nur noch     begeistert. Heute\u00a0ist sein Werk \"La gare de Perpignan\" (\"Der Bahnhof von Perpignan\")\u00a0ein absoluter Liebling von mir. Netterweise h\u00e4ngt es im\u00a0K\u00f6lner Museum Ludwig. So kann ich es     jederzeit betrachten. - Die Ausstellung in Zadar zeigte zwar nicht solche Highlights, daf\u00fcr jedoch einen spannende Eindruck in fr\u00fche Werke des K\u00fcnstlers. So war diese Ausstellung mein heutiges     Zadar Highlight.\u00a0\r\n\r\n\u00a0\r\n\r\n<\/div>\r\n<div id=\"cc-m-12541432626\" class=\"j-module n j-imageSubtitle \">\r\n<figure class=\"cc-imagewrapper cc-m-image-align-3 cc-m-width-maxed\"> <img sizes=\"(min-width: 1040px) 1040px, 100vw\" id=\"cc-m-imagesubtitle-image-12541432626\" src=\"https:\/\/planbwagen.de\/wp-content\/uploads\/2020\/07\/image-8-2-5-9.jpg\" alt=\"\" class=\"\" data-src-width=\"4032\" data-src-height=\"3024\" data-src=\"https:\/\/planbwagen.de\/wp-content\/uploads\/2020\/07\/image-8-2-5-9.jpg\" data-image-id=\"8104094826\" data-pfsrc=\"https:\/\/planbwagen.de\/wp-content\/uploads\/2020\/07\/image-8-2-5-9.jpg\"><\/figure>\r\n<div class=\"cc-clear\"><\/div>\r\n<\/div>\r\n<div id=\"cc-m-12542640026\" class=\"j-module n j-text \">\r\n\r\n     \u00a0\r\n\r\nIm Anschluss unseres Ausstellungsbesuches machen wir uns auf zu den Krka Wasserf\u00e4llen.\u00a0\r\n\r\n<\/div>\r\n<div id=\"cc-m-12572166926\" class=\"j-module n j-text \">\r\n<p style=\"text-align: right;\">     \u00a0 \u00a0\u00a0<a class=\"j-calltoaction-link j-calltoaction-link-style-2\" data-action=\"button\" href=\"\/2019\/08\/13\/tag-no-7-krka-wasserf%C3%A4lle\/\" data-title=\"Sunny Side Up\" style=\"font-size: 16px; background-color: #ffcc00; border-width: 2px; border-color: #ffcc00; color: #ffffff; user-select: text; padding: 10px 20px; line-height: 1.5; border-radius: 0px; -webkit-appearance: none; margin: 1em 0px;\" title=\"Tag No. 7 - Krka Wasserf\u00e4lle\">Sunny Side Up\u00a0 \u00a0\u00a0<\/a>\u00a0<\/p>\r\n<p style=\"text-align: right;\">     <a class=\"j-calltoaction-link j-calltoaction-link-style-2\" data-action=\"button\" href=\"\/2019\/08\/11\/tag-no-5-punta-skala\/\" data-title=\"Sunny Side Down\" title=\"Tag No. 5 - Punta Skala\" style=\"background-color: #ffcc00; border-width: 2px; border-color: #ffcc00; color: #ffffff; user-select: text; padding: 10px 20px; font-size: 16px; line-height: 1.5; border-radius: 0px; -webkit-appearance: none; margin: 1em 0px;\">     Sunny Side Down\u00a0 \u00a0\u00a0<\/a><\/p>\r\n     \u00a0\r\n\r\n<\/div>\r\n<\/div>\r\n<\/div>\r\n<div class=\"j-module n j-text j-blog-post--tags-wrapper\"><span class=\"j-blog-post--tags--template\" style=\"display: none;\"><a class=\"j-blog-post--tag\" href=\"https:\/\/www.gluecksmuskel.de\/hectors-reisen\/?tag=tagPlaceholder\">tagPlaceholder<\/a><\/span><span class=\"j-blog-post--tags-label\" style=\"display: none;\">Tags:<\/span> <span class=\"j-blog-post--tags-list\"><\/span><\/div>\r\n<div class=\"n j-comment\">\r\n<div id=\"commentsModule12541430026\">\r\n<p id=\"skiptoform12541430026\" class=\"skiptoform\"><a href=\"#\" data-id=\"12541430026\" data-action=\"goToForm\">Kommentar schreiben<\/a><\/p>\r\n\r\n<div class=\"j-blog-comment-counter\" id=\"numComments12541430026\"> Kommentare: <i class=\"cc-comments-count\">0<\/i><\/div>\r\n<ul class=\"com-list-noava\" id=\"commentOutput12541430026\">\r\n \t<li id=\"commentFormContainer12541430026\" class=\"commentstd clearover\"><strong class=\"number\">#1<\/strong>\r\n<div class=\"com-meta\"><span id=\"commentNick12541430026\" style=\"font-weight: bold;\"><\/span><\/div>\r\n<a name=\"commentForm12541430026\"><\/a>\r\n<div class=\"commententry cc-com-entry\">\r\n<form id=\"commentform12541430026\" enctype=\"application\/x-www-form-urlencoded\" method=\"post\" action=\"\">\r\n<dl class=\"zend_form\">\r\n<div><label for=\"name12541430026\" class=\"required\">Name: *<\/label>\r\n<input type=\"text\" name=\"name\" id=\"name12541430026\" value=\"\" class=\"single\"><\/div>\r\n<div><label for=\"comment12541430026\" class=\"required\">Eintrag: *<\/label>\r\n<textarea name=\"comment\" id=\"comment12541430026\" rows=\"6\" cols=\"80\"><\/textarea><\/div>\r\n<div><label for=\"privacyPolicy12541430026\" class=\"required\">Es gilt die <a href=\"\/j\/privacy\" target=\"_blank\" rel=\"noopener noreferrer\">Datenschutzerkl\u00e4rung<\/a>. *<\/label>\r\n<input type=\"hidden\" name=\"privacyPolicy\" value=\"0\"><input type=\"checkbox\" name=\"privacyPolicy\" id=\"privacyPolicy12541430026\" value=\"1\"><\/div>\r\n<div> <input type=\"submit\" name=\"Senden\" id=\"submit12541430026\" value=\"Senden\"><\/div>\r\n \t<dt id=\"mandFields-label\">\u00a0<\/dt>\r\n<div style=\"margin-top: 4px;\"> * Pflichtfelder<\/div><\/dl>\r\n<\/form><\/div>\r\n<div class=\"c\"><\/div><\/li>\r\n<\/ul>\r\n<div id=\"commentError12541430026\" class=\"message-error\" style=\"display: none;\"><\/div>\r\n<div id=\"commentSuccess12541430026\" class=\"message-ok\" style=\"display: none;\"><\/div>\r\n<\/div>\r\n<script>\/\/ <![CDATA[      window.regModule(\"module_comment\", {\"data\":{\"id\":\"12541430026\",\"closed\":\"0\",\"captcha\":\"88b1714769b538920f33c7b328fcaeed\",\"avatar\":false,\"lang\":{\"comment\":\"Kommentar\",\"comments\":\"Kommentare\"}}}); \/\/ ]]> <\/script>\r\n\r\n<\/div>\r\n<\/article>","_et_gb_content_width":"","footnotes":""},"categories":[11],"tags":[],"class_list":["post-2112","post","type-post","status-publish","format-standard","has-post-thumbnail","hentry","category-kroatien"],"_links":{"self":[{"href":"https:\/\/www.planbwagen.de\/it\/wp-json\/wp\/v2\/posts\/2112","targetHints":{"allow":["GET"]}}],"collection":[{"href":"https:\/\/www.planbwagen.de\/it\/wp-json\/wp\/v2\/posts"}],"about":[{"href":"https:\/\/www.planbwagen.de\/it\/wp-json\/wp\/v2\/types\/post"}],"author":[{"embeddable":true,"href":"https:\/\/www.planbwagen.de\/it\/wp-json\/wp\/v2\/users\/1"}],"replies":[{"embeddable":true,"href":"https:\/\/www.planbwagen.de\/it\/wp-json\/wp\/v2\/comments?post=2112"}],"version-history":[{"count":7,"href":"https:\/\/www.planbwagen.de\/it\/wp-json\/wp\/v2\/posts\/2112\/revisions"}],"predecessor-version":[{"id":8728,"href":"https:\/\/www.planbwagen.de\/it\/wp-json\/wp\/v2\/posts\/2112\/revisions\/8728"}],"wp:featuredmedia":[{"embeddable":true,"href":"https:\/\/www.planbwagen.de\/it\/wp-json\/wp\/v2\/media\/2694"}],"wp:attachment":[{"href":"https:\/\/www.planbwagen.de\/it\/wp-json\/wp\/v2\/media?parent=2112"}],"wp:term":[{"taxonomy":"category","embeddable":true,"href":"https:\/\/www.planbwagen.de\/it\/wp-json\/wp\/v2\/categories?post=2112"},{"taxonomy":"post_tag","embeddable":true,"href":"https:\/\/www.planbwagen.de\/it\/wp-json\/wp\/v2\/tags?post=2112"}],"curies":[{"name":"wp","href":"https:\/\/api.w.org\/{rel}","templated":true}]}}