{"id":2032,"date":"2019-09-13T19:23:08","date_gmt":"2019-09-13T19:23:08","guid":{"rendered":""},"modified":"2020-09-15T08:41:24","modified_gmt":"2020-09-15T08:41:24","slug":"tag-no-10-durchfahrt-verboten-le-mont-saint-michel","status":"publish","type":"post","link":"https:\/\/www.planbwagen.de\/it\/francia\/giorno-n-10-passaggio-vietato-le-mont-saint-michel\/","title":{"rendered":"Giorno n. 10 - Senza transito - Le Mont-Saint-Michel"},"content":{"rendered":"<p>[et_pb_section fb_built=&#8220;1&#8243; _builder_version=&#8220;3.22&#8243;][et_pb_row _builder_version=&#8220;4.5.1&#8243; _module_preset=&#8220;default&#8220; column_structure=&#8220;1_4,1_4,1_4,1_4&#8243;][et_pb_column _builder_version=&#8220;4.5.1&#8243; _module_preset=&#8220;default&#8220; type=&#8220;1_4&#8243;][et_pb_image src=&#8220;https:\/\/www.planbwagen.de\/wp-content\/uploads\/2020\/08\/1-37.jpg&#8220; _builder_version=&#8220;4.5.1&#8243; _module_preset=&#8220;default&#8220; title_text=&#8220;1&#8243; hover_enabled=&#8220;0&#8243;][\/et_pb_image][\/et_pb_column][et_pb_column _builder_version=&#8220;4.5.1&#8243; _module_preset=&#8220;default&#8220; type=&#8220;1_4&#8243;][et_pb_image src=&#8220;https:\/\/www.planbwagen.de\/wp-content\/uploads\/2020\/08\/2-35.jpg&#8220; _builder_version=&#8220;4.5.1&#8243; _module_preset=&#8220;default&#8220; title_text=&#8220;2&#8243; hover_enabled=&#8220;0&#8243;][\/et_pb_image][\/et_pb_column][et_pb_column _builder_version=&#8220;4.5.1&#8243; _module_preset=&#8220;default&#8220; type=&#8220;1_4&#8243;][et_pb_image src=&#8220;https:\/\/www.planbwagen.de\/wp-content\/uploads\/2020\/08\/3-31.jpg&#8220; _builder_version=&#8220;4.5.1&#8243; _module_preset=&#8220;default&#8220; title_text=&#8220;3&#8243; hover_enabled=&#8220;0&#8243;][\/et_pb_image][\/et_pb_column][et_pb_column _builder_version=&#8220;4.5.1&#8243; _module_preset=&#8220;default&#8220; type=&#8220;1_4&#8243;][et_pb_image src=&#8220;https:\/\/www.planbwagen.de\/wp-content\/uploads\/2020\/08\/4-30.jpg&#8220; _builder_version=&#8220;4.5.1&#8243; _module_preset=&#8220;default&#8220; title_text=&#8220;4&#8243; hover_enabled=&#8220;0&#8243;][\/et_pb_image][\/et_pb_column][\/et_pb_row][et_pb_row _builder_version=&#8220;4.5.1&#8243; _module_preset=&#8220;default&#8220;][et_pb_column _builder_version=&#8220;4.5.1&#8243; _module_preset=&#8220;default&#8220; type=&#8220;4_4&#8243;][et_pb_text _builder_version=&#8220;4.5.1&#8243; _module_preset=&#8220;default&#8220; hover_enabled=&#8220;0&#8243;]<\/p>\n<p>Oggi torniamo a Le Mont-Saint-Michel. Lasciamo il parcheggio con trasferimento in autobus a sinistra e preferiamo partire in mountain bike al numero 48 di Route de la Rive Ardevon, 50170 Pontorson. Da qui non ci sono montagne, ma una fantastica vista su Le Mont-Saint-Michel. Da qui si pu\u00f2 partire direttamente attraverso un sentiero nascosto, lontano dalle folle di turisti. Si passa per i sentieri dei campi e per i grandi recinti di pecore. Poco prima del ponte, ci si ricongiunge al sentiero principale. La citt\u00e0 non \u00e8 solo bella, ma anche piuttosto affollata. Il flusso di turisti passa davanti ai negozi per turisti subito dopo la porta della citt\u00e0. Il primo vicolo sembra rivelare una bugia. Il vicolo pi\u00f9 stretto del mondo si trova davvero a KRK, in Croazia? Non lo sappiamo. Per caso, poi, giriamo nel secondo vicolo a sinistra. - Da qui in poi, la citt\u00e0 sembra un altro posto. Ci arrampichiamo da soli, su sentieri tortuosi, con una splendida vista sulla laguna e sui tetti della citt\u00e0, fino all'ex abbazia benedettina. Lungo la strada incontriamo un gabbiano. \u00c8 una mia impressione o c'\u00e8 davvero un gabbiano, con la fierezza di un'aquila. Il gabbiano Jonathan?<\/p>\n<p>[\/et_pb_text][\/et_pb_column][\/et_pb_row][et_pb_row _builder_version=&#8220;4.5.1&#8243; _module_preset=&#8220;default&#8220;][et_pb_column _builder_version=&#8220;4.5.1&#8243; _module_preset=&#8220;default&#8220; type=&#8220;4_4&#8243;][et_pb_image src=&#8220;https:\/\/www.planbwagen.de\/wp-content\/uploads\/2020\/08\/5-27.jpg&#8220; _builder_version=&#8220;4.5.1&#8243; _module_preset=&#8220;default&#8220; title_text=&#8220;5&#8243; hover_enabled=&#8220;0&#8243;][\/et_pb_image][et_pb_text _builder_version=&#8220;4.5.1&#8243; _module_preset=&#8220;default&#8220; hover_enabled=&#8220;0&#8243;]<\/p>\n<p>Torniamo indietro per la strada che abbiamo percorso. A Les Mares ci fermiamo al ristorante La Gourmandise per mangiare le cozze.<\/p>\n<p>Sicuramente in Bretagna si devono mangiare le cozze. Anche le nostre sono sicuramente ottime, ma pensiamo che questo sia un \"bisticcio\" per pochi contenuti. - Siamo gi\u00e0 tornati sulla strada o sui sentieri sterrati. Passaggio vietato? Rispettiamo le regole, almeno al cartello della foto. - Roz-sur-Couesnon, Saint-Marcan. A Cherrueix, si procede di nuovo parallelamente al mare, Le Vivier-sur-Mer, Saint-Beno\u00eet-des-Ondes, fino a raggiungere il porto di Cancale. La marea \u00e8 bassa e le barche sono incagliate. Un'immagine tranquilla, il tempo per il primo sigaro di questo tour. Un bicchiere di Caol Ila per accompagnarlo. D'ora in poi, Torgit pu\u00f2 continuare. Ma non abbiamo molta strada da fare. Al Camping Grouin, a La Pointe du Grouin, allestiamo il nostro posto letto con vista sulla costa rocciosa.<\/p>\n<p>&nbsp;<\/p>\n<p>*Non \u00e8 sempre necessario nuotare controcorrente, ma si pu\u00f2 anche svoltare a sinistra.<\/p>\n<p>[\/et_pb_text][et_pb_image src=&#8220;https:\/\/www.planbwagen.de\/wp-content\/uploads\/2020\/08\/6-22.jpg&#8220; _builder_version=&#8220;4.5.1&#8243; _module_preset=&#8220;default&#8220; title_text=&#8220;6&#8243; hover_enabled=&#8220;0&#8243;][\/et_pb_image][\/et_pb_column][\/et_pb_row][\/et_pb_section]<\/p>","protected":false},"excerpt":{"rendered":"<p>[et_pb_section fb_built=&#8220;1&#8243; _builder_version=&#8220;3.22&#8243;][et_pb_row _builder_version=&#8220;4.5.1&#8243; _module_preset=&#8220;default&#8220; column_structure=&#8220;1_4,1_4,1_4,1_4&#8243;][et_pb_column _builder_version=&#8220;4.5.1&#8243; _module_preset=&#8220;default&#8220; type=&#8220;1_4&#8243;][et_pb_image src=&#8220;https:\/\/www.planbwagen.de\/wp-content\/uploads\/2020\/08\/1-37.jpg&#8220; _builder_version=&#8220;4.5.1&#8243; _module_preset=&#8220;default&#8220; title_text=&#8220;1&#8243; hover_enabled=&#8220;0&#8243;][\/et_pb_image][\/et_pb_column][et_pb_column _builder_version=&#8220;4.5.1&#8243; _module_preset=&#8220;default&#8220; type=&#8220;1_4&#8243;][et_pb_image src=&#8220;https:\/\/www.planbwagen.de\/wp-content\/uploads\/2020\/08\/2-35.jpg&#8220; _builder_version=&#8220;4.5.1&#8243; _module_preset=&#8220;default&#8220; title_text=&#8220;2&#8243; hover_enabled=&#8220;0&#8243;][\/et_pb_image][\/et_pb_column][et_pb_column _builder_version=&#8220;4.5.1&#8243; _module_preset=&#8220;default&#8220; type=&#8220;1_4&#8243;][et_pb_image src=&#8220;https:\/\/www.planbwagen.de\/wp-content\/uploads\/2020\/08\/3-31.jpg&#8220; _builder_version=&#8220;4.5.1&#8243; _module_preset=&#8220;default&#8220; title_text=&#8220;3&#8243; hover_enabled=&#8220;0&#8243;][\/et_pb_image][\/et_pb_column][et_pb_column _builder_version=&#8220;4.5.1&#8243; _module_preset=&#8220;default&#8220; type=&#8220;1_4&#8243;][et_pb_image src=&#8220;https:\/\/www.planbwagen.de\/wp-content\/uploads\/2020\/08\/4-30.jpg&#8220; _builder_version=&#8220;4.5.1&#8243; _module_preset=&#8220;default&#8220; title_text=&#8220;4&#8243; hover_enabled=&#8220;0&#8243;][\/et_pb_image][\/et_pb_column][\/et_pb_row][et_pb_row _builder_version=&#8220;4.5.1&#8243; _module_preset=&#8220;default&#8220;][et_pb_column _builder_version=&#8220;4.5.1&#8243; _module_preset=&#8220;default&#8220; type=&#8220;4_4&#8243;][et_pb_text _builder_version=&#8220;4.5.1&#8243; _module_preset=&#8220;default&#8220; hover_enabled=&#8220;0&#8243;] Heute geht es zur\u00fcck nach Le Mont-Saint-Michel. Die Parkplatzanlage [&hellip;]<\/p>","protected":false},"author":1,"featured_media":3683,"comment_status":"open","ping_status":"open","sticky":false,"template":"","format":"standard","meta":{"_et_pb_use_builder":"on","_et_pb_old_content":"<div id=\"content_start\">\u00a0<\/div><article class=\"j-blog\"><div class=\"n j-blog-meta j-blog-post--header\"><div class=\"j-text j-module n\"><a class=\"j-blog-post--category\" href=\"https:\/\/www.gluecksmuskel.de\/hectors-reisen\/france-frankreich\/\"> France - Frankreich <\/a> \u00a0\u00b7\u00a0 <span class=\"j-text j-blog-post--date\"> 13. September 2019 <\/span><\/div><h1 class=\"j-blog-header j-blog-headline j-blog-post--headline\">Tag No. 10 - Durchfahrt verboten - Le Mont-Saint-Michel<\/h1><\/div><div class=\"post j-blog-content\"><div id=\"cc-matrix-3597092926\"><div id=\"cc-m-12572208326\" class=\"j-module n j-spacing \"><div class=\"cc-m-spacer\" style=\"height: 19px;\">\u00a0<\/div><\/div><div id=\"cc-m-12531689726\" class=\"j-module n j-gallery \"><div id=\"cc-m-gallery-12531689726\" class=\"cc-m-gallery-container cc-m-gallery-cool clearover\"><div id=\"gallery_thumb_8096237626\" class=\"cc-m-gallery-cool-item\"><div><a rel=\"lightbox[12531689726]\" data-href=\"https:\/\/planbwagen.de\/wp-content\/uploads\/attachments\/image.jpg\" data-title=\"\" data-index=\"0\"> <img style=\"height: 176px; width: 132px; margin-bottom: 3px; margin-right: 3px;\" src=\"https:\/\/planbwagen.de\/wp-content\/uploads\/2020\/07\/image-3-0-8-9.jpg\" alt=\"\" data-orig-width=\"1536\" data-orig-height=\"2048\" \/> <\/a><\/div><\/div><div id=\"gallery_thumb_8096237726\" class=\"cc-m-gallery-cool-item\"><div><a rel=\"lightbox[12531689726]\" data-href=\"https:\/\/planbwagen.de\/wp-content\/uploads\/attachments\/image.jpg\" data-title=\"\" data-index=\"1\"> <img style=\"height: 176px; width: 235px; margin-bottom: 3px;\" src=\"https:\/\/planbwagen.de\/wp-content\/uploads\/2020\/07\/image-7-9-8-7.jpg\" alt=\"\" data-orig-width=\"2048\" data-orig-height=\"1536\" \/> <\/a><\/div><\/div><div id=\"gallery_thumb_8096237826\" class=\"cc-m-gallery-cool-item\"><div><a rel=\"lightbox[12531689726]\" data-href=\"https:\/\/planbwagen.de\/wp-content\/uploads\/attachments\/image.jpg\" data-title=\"\" data-index=\"2\"> <img style=\"height: 244px; width: 183px; margin-bottom: 3px; margin-right: 3px;\" src=\"https:\/\/planbwagen.de\/wp-content\/uploads\/2020\/07\/image-6-3-3.jpg\" alt=\"\" data-orig-width=\"1536\" data-orig-height=\"2048\" \/> <\/a><\/div><\/div><div id=\"gallery_thumb_8096237926\" class=\"cc-m-gallery-cool-item\"><div><a rel=\"lightbox[12531689726]\" data-href=\"https:\/\/planbwagen.de\/wp-content\/uploads\/attachments\/image.jpg\" data-title=\"\" data-index=\"3\"> <img style=\"height: 244px; width: 184px; margin-bottom: 3px;\" src=\"https:\/\/planbwagen.de\/wp-content\/uploads\/2020\/07\/image-5-9-8.jpg\" alt=\"\" data-orig-width=\"1536\" data-orig-height=\"2048\" \/> <\/a><\/div><\/div><\/div><\/div><div id=\"cc-m-12531689426\" class=\"j-module n j-text \"><p>\u00a0<\/p><p>Heute geht es zur\u00fcck nach Le Mont-Saint-Michel. Die Parkplatzanlage mit Bustransfer lassen wir links liegen und starten lieber per Mountainbike in der 48 Route de la Rive Ardevon, 50170 Pontorson. Von hier aus hat man zwar keine Mountains, aber daf\u00fcr einen fantastischen Blick auf Le Mont-Saint-Michel.\u00a0 Ab hier k\u00f6nnt ihr direkt \u00fcber einen Schleichweg, abseits des Touristenstroms starten. Es geht \u00fcber Feldwege und riesige Schafskoppeln. Kurz vor der Br\u00fccke trifft man wieder auf den Hauptweg. Das St\u00e4dtchen selber ist nicht nur sch\u00f6n, sondern auch ziemlich \u00fcberlaufen. Der Touristenstrom quetscht sich, direkt nach dem Stadttor an Touril\u00e4den vorbei. Schon die erste Gasse scheint eine L\u00fcge aufzudecken. Ob die wohl engste Gasse der Welt wirklich auf KRK in Kroatien liegt? Wir wissen es nicht. Zuf\u00e4llig biegen wir dann in die zweite Gasse zur linken Seite ein. - Ab hier ist die Stadt wie ausgewechselt. Wir steigen ganz allein, \u00fcber verschlungene Pfade, mit tollem Blick \u00fcber die Lagune und die D\u00e4cher der Stadt, hoch zur ehemaligen Benediktiner-Abtei. Auf dem Weg dorthin treffen wir auf eine M\u00f6we. Geht es nur mir so oder gibt es da wirklich eine M\u00f6we, mit dem Stolz eines Adlers. Die M\u00f6we Jonathan?<\/p><p>\u00a0<\/p><\/div><div id=\"cc-m-12531691326\" class=\"j-module n j-imageSubtitle \"><figure class=\"cc-imagewrapper cc-m-image-align-1 cc-m-width-maxed\"><img id=\"cc-m-imagesubtitle-image-12531691326\" class=\"\" src=\"https:\/\/planbwagen.de\/wp-content\/uploads\/2020\/07\/image-0-2-9-4.jpg\" sizes=\"(min-width: 1040px) 1040px, 100vw\" alt=\"\" data-src-width=\"4032\" data-src-height=\"3024\" data-src=\"https:\/\/planbwagen.de\/wp-content\/uploads\/2020\/07\/image-0-2-9-4.jpg\" data-image-id=\"8096239026\" data-pfsrc=\"https:\/\/planbwagen.de\/wp-content\/uploads\/2020\/07\/image-0-2-9-4.jpg\" \/><\/figure><div class=\"cc-clear\">\u00a0<\/div><\/div><div id=\"cc-m-12531691226\" class=\"j-module n j-text \"><p>\u00a0<\/p><p>Wie wir gekommen sind, so geht es zur\u00fcck. In Les Mares, halten wir am Restaurant La Gourmandise, um Muscheln zu essen.<\/p><p>Sicherlich sollte man in der Bretagne Muscheln essen. Unsere sind sicherlich auch vorz\u00fcglich, doch wir finden, das ist \u201eZankerei\u201c f\u00fcr wenig Inhalt. \u2013 Schon sind wir wieder auf der Stra\u00dfe oder auf Feldwegen. Durchfahrt verboten? Wir halten uns an die Regeln, zumindest beim Schild auf dem Foto. - Roz-sur-Couesnon, Saint-Marcan. Bei Cherrueix geht es wieder parallel zum Meer, Le Vivier-sur-Mer, Saint-Beno\u00eet-des-Ondes, bis zum Hafen von Cancale. Es herrscht Ebbe und die Boote liegen auf Grund. Ein friedliches Bild, Zeit f\u00fcr die erste Zigarre auf dieser Tour. Dazu ein Glas Caol Ila. Ab jetzt darf Torgit weiterfahren. Doch wir haben es nicht mehr weit. Auf dem Camping Grouin, am La Pointe du Grouin schlagen wir unsere Schlafstelle, mit Blick auf die felsige K\u00fcste, auf.<\/p><p>\u00a0<\/p><p>*Erkenntnis des Tages: Man muss nicht immer gegen den Strom schwimmen, man darf auch ruhig mal links abbiegen.<\/p><p>\u00a0<\/p><\/div><div id=\"cc-m-12531690326\" class=\"j-module n j-imageSubtitle \"><figure class=\"cc-imagewrapper cc-m-image-align-1 cc-m-width-maxed\"><img id=\"cc-m-imagesubtitle-image-12531690326\" class=\"\" src=\"https:\/\/planbwagen.de\/wp-content\/uploads\/2020\/07\/image-5-4-7-1-6.jpg\" sizes=\"(min-width: 1040px) 1040px, 100vw\" alt=\"\" data-src-width=\"4032\" data-src-height=\"3024\" data-src=\"https:\/\/planbwagen.de\/wp-content\/uploads\/2020\/07\/image-5-4-7-1-6.jpg\" data-image-id=\"8096238026\" data-pfsrc=\"https:\/\/planbwagen.de\/wp-content\/uploads\/2020\/07\/image-5-4-7-1-6.jpg\" \/><\/figure><div class=\"cc-clear\">\u00a0<\/div><\/div><div id=\"cc-m-12572208426\" class=\"j-module n j-text \"><p style=\"text-align: right;\">\u00a0 \u00a0\u00a0<a class=\"j-calltoaction-link j-calltoaction-link-style-2\" style=\"font-size: 16px; background-color: #ffcc00; border-width: 2px; border-color: #ffcc00; color: #ffffff; user-select: text; padding: 10px 20px; line-height: 1.5; border-radius: 0px; -webkit-appearance: none; margin: 1em 0px;\" title=\"Tag No. 11 - Sunny Side up\" href=\"\/2019\/09\/14\/tag-no-11-sunny-side-up\/\" data-action=\"button\" data-title=\"Sunny Side Up\">Sunny Side Up\u00a0 \u00a0\u00a0<\/a><\/p><p style=\"text-align: right;\"><a class=\"j-calltoaction-link j-calltoaction-link-style-2\" style=\"background-color: #ffcc00; border-width: 2px; border-color: #ffcc00; color: #ffffff; user-select: text; padding: 10px 20px; font-size: 16px; line-height: 1.5; border-radius: 0px; -webkit-appearance: none; margin: 1em 0px;\" title=\"Tag No. 9 - turquoise et vert\" href=\"\/2019\/09\/12\/tag-no-9-turquoise-et-vert\/\" data-action=\"button\" data-title=\"Sunny Side Down\"> Sunny Side Down\u00a0 \u00a0\u00a0<\/a><\/p><p>\u00a0<\/p><\/div><\/div><\/div><div class=\"j-module n j-text j-blog-post--tags-wrapper\"><span class=\"j-blog-post--tags--template\" style=\"display: none;\"><a class=\"j-blog-post--tag\" href=\"https:\/\/www.gluecksmuskel.de\/hectors-reisen\/?tag=tagPlaceholder\">tagPlaceholder<\/a><\/span><span class=\"j-blog-post--tags-label\" style=\"display: none;\">Tags:<\/span><\/div><div class=\"n j-comment\"><div id=\"commentsModule12531689226\"><p id=\"skiptoform12531689226\" class=\"skiptoform\"><a href=\"#\" data-id=\"12531689226\" data-action=\"goToForm\">Kommentar schreiben<\/a><\/p><div id=\"numComments12531689226\" class=\"j-blog-comment-counter\">Kommentare: <i class=\"cc-comments-count\">0<\/i><\/div><ul id=\"commentOutput12531689226\" class=\"com-list-noava\"><li id=\"commentFormContainer12531689226\" class=\"commentstd clearover\"><strong class=\"number\">#1<\/strong><br \/><div class=\"com-meta\">\u00a0<\/div><p><a name=\"commentForm12531689226\"><\/a><\/p><div class=\"commententry cc-com-entry\"><form id=\"commentform12531689226\" action=\"\" enctype=\"application\/x-www-form-urlencoded\" method=\"post\"><div><label class=\"required\" for=\"name12531689226\">Name: *<\/label><br \/><input id=\"name12531689226\" class=\"single\" name=\"name\" type=\"text\" value=\"\" \/><\/div><div><label class=\"required\" for=\"comment12531689226\">Eintrag: *<\/label><br \/><textarea id=\"comment12531689226\" cols=\"80\" name=\"comment\" rows=\"6\"><\/textarea><\/div><div><label class=\"required\" for=\"privacyPolicy12531689226\">Es gilt die <a href=\"\/j\/privacy\" target=\"_blank\" rel=\"noopener noreferrer\">Datenschutzerkl\u00e4rung<\/a>. *<\/label><br \/><input name=\"privacyPolicy\" type=\"hidden\" value=\"0\" \/><input id=\"privacyPolicy12531689226\" name=\"privacyPolicy\" type=\"checkbox\" value=\"1\" \/><\/div><div><input id=\"submit12531689226\" name=\"Senden\" type=\"submit\" value=\"Senden\" \/><\/div><dl class=\"zend_form\"><dt id=\"mandFields-label\"><\/dt><\/dl><div style=\"margin-top: 4px;\">* Pflichtfelder<\/div><\/form><\/div><div class=\"c\">\u00a0<\/div><\/li><\/ul><div id=\"commentError12531689226\" class=\"message-error\" style=\"display: none;\">\u00a0<\/div><div id=\"commentSuccess12531689226\" class=\"message-ok\" style=\"display: none;\">\u00a0<\/div><\/div><p><script>\/\/ <![CDATA[ window.regModule(\"module_comment\", {\"data\":{\"id\":\"12531689226\",\"closed\":\"0\",\"captcha\":\"1376ff826d2af6580ec9d51d5be0f27a\",\"avatar\":false,\"lang\":{\"comment\":\"Kommentar\",\"comments\":\"Kommentare\"}}}); \/\/ ]]> <\/script><\/p><\/div><\/article>","_et_gb_content_width":"","footnotes":""},"categories":[10],"tags":[],"class_list":["post-2032","post","type-post","status-publish","format-standard","has-post-thumbnail","hentry","category-frankreich"],"_links":{"self":[{"href":"https:\/\/www.planbwagen.de\/it\/wp-json\/wp\/v2\/posts\/2032","targetHints":{"allow":["GET"]}}],"collection":[{"href":"https:\/\/www.planbwagen.de\/it\/wp-json\/wp\/v2\/posts"}],"about":[{"href":"https:\/\/www.planbwagen.de\/it\/wp-json\/wp\/v2\/types\/post"}],"author":[{"embeddable":true,"href":"https:\/\/www.planbwagen.de\/it\/wp-json\/wp\/v2\/users\/1"}],"replies":[{"embeddable":true,"href":"https:\/\/www.planbwagen.de\/it\/wp-json\/wp\/v2\/comments?post=2032"}],"version-history":[{"count":7,"href":"https:\/\/www.planbwagen.de\/it\/wp-json\/wp\/v2\/posts\/2032\/revisions"}],"predecessor-version":[{"id":7830,"href":"https:\/\/www.planbwagen.de\/it\/wp-json\/wp\/v2\/posts\/2032\/revisions\/7830"}],"wp:featuredmedia":[{"embeddable":true,"href":"https:\/\/www.planbwagen.de\/it\/wp-json\/wp\/v2\/media\/3683"}],"wp:attachment":[{"href":"https:\/\/www.planbwagen.de\/it\/wp-json\/wp\/v2\/media?parent=2032"}],"wp:term":[{"taxonomy":"category","embeddable":true,"href":"https:\/\/www.planbwagen.de\/it\/wp-json\/wp\/v2\/categories?post=2032"},{"taxonomy":"post_tag","embeddable":true,"href":"https:\/\/www.planbwagen.de\/it\/wp-json\/wp\/v2\/tags?post=2032"}],"curies":[{"name":"wp","href":"https:\/\/api.w.org\/{rel}","templated":true}]}}