{"id":200,"date":"2020-05-17T19:20:49","date_gmt":"2020-05-17T19:20:49","guid":{"rendered":""},"modified":"2020-09-08T17:58:59","modified_gmt":"2020-09-08T17:58:59","slug":"teneriffa-spain","status":"publish","type":"post","link":"https:\/\/www.planbwagen.de\/it\/amici-butch\/tenerife-spagna\/","title":{"rendered":"Tenerife - Spagna - Andrea &amp; Craig - La nostra ricerca della felicit\u00e0 inizia a Colonia"},"content":{"rendered":"<p>[et_pb_section fb_built=&#8220;1&#8243; _builder_version=&#8220;3.22&#8243;][et_pb_row column_structure=&#8220;1_3,1_3,1_3&#8243; _builder_version=&#8220;4.5.1&#8243; _module_preset=&#8220;default&#8220;][et_pb_column type=&#8220;1_3&#8243; _builder_version=&#8220;4.5.1&#8243; _module_preset=&#8220;default&#8220;][et_pb_image src=&#8220;https:\/\/planbwagen.de\/wp-content\/uploads\/2020\/08\/fghj.png&#8220; title_text=&#8220;fghj&#8220; _builder_version=&#8220;4.5.1&#8243; _module_preset=&#8220;default&#8220;][\/et_pb_image][\/et_pb_column][et_pb_column type=&#8220;1_3&#8243; _builder_version=&#8220;4.5.1&#8243; _module_preset=&#8220;default&#8220;][et_pb_image src=&#8220;https:\/\/planbwagen.de\/wp-content\/uploads\/2020\/08\/rtk.jpg&#8220; title_text=&#8220;rtk&#8220; _builder_version=&#8220;4.5.1&#8243; _module_preset=&#8220;default&#8220;][\/et_pb_image][\/et_pb_column][et_pb_column type=&#8220;1_3&#8243; _builder_version=&#8220;4.5.1&#8243; _module_preset=&#8220;default&#8220;][et_pb_image src=&#8220;https:\/\/planbwagen.de\/wp-content\/uploads\/2020\/08\/dcfvb.jpg&#8220; title_text=&#8220;dcfvb&#8220; _builder_version=&#8220;4.5.1&#8243; _module_preset=&#8220;default&#8220;][\/et_pb_image][\/et_pb_column][\/et_pb_row][et_pb_row _builder_version=&#8220;4.5.1&#8243; _module_preset=&#8220;default&#8220;][et_pb_column type=&#8220;4_4&#8243; _builder_version=&#8220;4.5.1&#8243; _module_preset=&#8220;default&#8220;][et_pb_text _builder_version=&#8220;4.5.1&#8243; _module_preset=&#8220;default&#8220;]<\/p>\n<p>La storia della felicit\u00e0 inizia a Colonia.<\/p>\n<p>Mi chiamo Andrea, ho 45 anni e amo la libert\u00e0, la vita. Preferisco circondarmi di persone che rispettano la vita e che, tra l'altro, hanno un po' di empatia.<\/p>\n<p>&nbsp;<\/p>\n<p>Per me la felicit\u00e0 \u00e8 anche sentire le piccole cose della vita: poter vivere l'amore, avere amici e aiutare gli animali. S\u00ec, e non dimentichiamo che un buon pasto e un buon vino sono per me puro lusso.<\/p>\n<p>&nbsp;<\/p>\n<p>Nella citt\u00e0 carnevalesca di Colonia, la vita mi sembrava gi\u00e0 molto buona, pi\u00f9 libera, pi\u00f9 rilassata. La mentalit\u00e0 della gente di Colonia \u00e8 unica per me, proprio come il paragrafo 10 della Costituzione di Colonia - \"Drinkste eine met?\".<\/p>\n<p>Il lavoro (redattore televisivo) mi ha portato dal gigante di Berlino a Colonia e poco dopo direttamente nell'appartamento condiviso da Marc.<\/p>\n<p>Stavo cercando una stanza - doveva essere solo temporanea - ma si \u00e8 trasformata in qualche anno. Per favore, non datemi delle date, sono davvero pessima in questo, ma sono passati almeno 11 anni.<\/p>\n<p>Da qui in poi, la fortuna ha fatto il suo corso.<\/p>\n<p>&nbsp;<\/p>\n<p>A questo punto devo dire che non potete immaginare quanto sia stato bello trovare questo appartamento in condivisione! Si potrebbe dire che ho trovato una vera e propria casa. Nel centro della citt\u00e0, ma tranquilla e verdeggiante, con un grande giardino e l'arredamento pi\u00f9 raffinato. Ma ci\u00f2 che ha reso questo appartamento condiviso il mio luogo di benessere sono state le persone, in particolare Marc, che mi ha aiutato pi\u00f9 di una volta. - Grazie ancora a questo punto!<\/p>\n<p>&nbsp;<\/p>\n<p>La mia eterna singletudine, o il continuo cambio di partner, si \u00e8 finalmente conclusa qui. Ho incontrato Craig, sudafricano, ed \u00e8 difficile da credere: stiamo insieme da oltre 8 anni! Craig mi rende felice, mi permette di essere ci\u00f2 che sono. Questo non \u00e8 scontato, perch\u00e9 per la maggior parte dei ragazzi che ho conosciuto \u00e8 impensabile. (Marc, conosci alcuni di questi nasi di cartone)<\/p>\n<p>&nbsp;<\/p>\n<p>E, come potrebbe essere altrimenti, la fortuna ha continuato a fare il suo corso.<\/p>\n<p>Nel frattempo, la nostra unione si era sviluppata in una piccola famiglia - no, non un bambino - un cane di nome Emma. L'abbiamo salvata dal rifugio per animali di Bonn. Un vero cane di strada, proveniente dalla capitale della Bulgaria.<\/p>\n<p>&nbsp;<\/p>\n<p>Un anno dopo abbiamo deciso di fare una cosa davvero folle: abbiamo deciso di voltare le spalle alla Germania per un po'.<\/p>\n<p>Come poteva essere altrimenti: eravamo naturalmente attratti dal sole e dal mare.<\/p>\n<p>Non che pensiate che abbiamo pianificato tutto questo da tempo... no.<\/p>\n<p>Siamo pi\u00f9 avventurosi tra gli emigranti, cos\u00ec almeno non ci annoiamo. E cos\u00ec \u00e8 stato...<\/p>\n<p>&nbsp;<\/p>\n<p>La nostra destinazione era Tenerife. Perch\u00e9? Beh, \u00e8 abbastanza lontana, sempre calda, per lo pi\u00f9 soleggiata e abbiamo gi\u00e0 avuto amici del posto.<\/p>\n<p>A Colonia \u00e8 successo tutto molto velocemente. Abbiamo acquistato un T4 per non meno di 3000 euro, abbiamo cancellato il nostro appartamento e siamo partiti.<\/p>\n<p>&nbsp;<\/p>\n<p>Va detto che abbiamo stipato l'autobus cos\u00ec tanto di roba che non c'era quasi pi\u00f9 spazio. Davanti, noi tre, per i prossimi 2600 chilometri verso Huelva.<\/p>\n<p>Qui in Andalusia il nostro traghetto \u00e8 partito per le Isole Canarie...<\/p>\n<p>[\/et_pb_text][\/et_pb_column][\/et_pb_row][et_pb_row column_structure=&#8220;1_3,1_3,1_3&#8243; _builder_version=&#8220;4.5.1&#8243; _module_preset=&#8220;default&#8220;][et_pb_column type=&#8220;1_3&#8243; _builder_version=&#8220;4.5.1&#8243; _module_preset=&#8220;default&#8220;][et_pb_image src=&#8220;https:\/\/planbwagen.de\/wp-content\/uploads\/2020\/08\/sdefrtz.jpg&#8220; title_text=&#8220;sdefrtz&#8220; _builder_version=&#8220;4.5.1&#8243; _module_preset=&#8220;default&#8220;][\/et_pb_image][\/et_pb_column][et_pb_column type=&#8220;1_3&#8243; _builder_version=&#8220;4.5.1&#8243; _module_preset=&#8220;default&#8220;][et_pb_image src=&#8220;https:\/\/planbwagen.de\/wp-content\/uploads\/2020\/08\/swderftg.jpg&#8220; title_text=&#8220;swderftg&#8220; _builder_version=&#8220;4.5.1&#8243; _module_preset=&#8220;default&#8220;][\/et_pb_image][\/et_pb_column][et_pb_column type=&#8220;1_3&#8243; _builder_version=&#8220;4.5.1&#8243; _module_preset=&#8220;default&#8220;][et_pb_image src=&#8220;https:\/\/planbwagen.de\/wp-content\/uploads\/2020\/08\/xcvb.jpg&#8220; title_text=&#8220;xcvb&#8220; _builder_version=&#8220;4.5.1&#8243; _module_preset=&#8220;default&#8220;][\/et_pb_image][\/et_pb_column][\/et_pb_row][et_pb_row _builder_version=&#8220;4.5.1&#8243; _module_preset=&#8220;default&#8220;][et_pb_column type=&#8220;4_4&#8243; _builder_version=&#8220;4.5.1&#8243; _module_preset=&#8220;default&#8220;][et_pb_text _builder_version=&#8220;4.5.1&#8243; _module_preset=&#8220;default&#8220;]<\/p>\n<p>Ora abbiamo 6 anni di vita isolana alle spalle. Un periodo con molti alti e bassi, ma che ci ha permesso di crescere in modo tale da poter correggere ancora una volta la definizione di felicit\u00e0.<\/p>\n<p>Un piccolo approfondimento: Tenerife \u00e8 la pi\u00f9 grande delle 7 isole Canarie. Con i suoi 80 chilometri di lunghezza, in realt\u00e0 non \u00e8 particolarmente grande in proporzione, ma se vivete qui per un po', scoprirete che guidare da nord a sud \u00e8 \"lontano\". \u00c8 divertente.<\/p>\n<p>&nbsp;<\/p>\n<p>Poter trascorrere la propria vita qui significa (ancora) avere qualit\u00e0 di vita, almeno per quanto riguarda il clima.<\/p>\n<p>Tuttavia, il turismo sta rubando sempre pi\u00f9 spazio alla gente del posto, soprattutto in termini di sostentamento. I prezzi delle case sono aumentati a dismisura, come ovunque, lo so. \u00c8 una follia.<\/p>\n<p>\u00c8 meraviglioso andare in vacanza qui, ma vivere qui \u00e8 tutta un'altra cosa.<\/p>\n<p>Quello che non mi piace qui \u00e8 tutta la spazzatura che si trova ovunque. Come dice il proverbio? Non \u00e8 tutto oro quello che luccica. \uf04a<\/p>\n<p>Tenerife \u00e8 comunque un luogo molto bello che dovreste sperimentare, perch\u00e9 qui l'energia \u00e8 molto speciale.<\/p>\n<p>Quindi la felicit\u00e0 \u00e8 ci\u00f2 che si fa.<\/p>\n<p>In realt\u00e0 viviamo nel nostro furgone per motivi economici, ma ora lo facciamo per convinzione.<\/p>\n<p>Rinunciare non \u00e8 mai stata un'opzione.<\/p>\n<p>Soprattutto, la felicit\u00e0 \u00e8 anche essere in salute, essere vicini agli elementi della natura, aver trovato la pace e, soprattutto, aver perso la paura.<\/p>\n<p>\u00c8 la nostra prigione interiore, che ci priva della libert\u00e0 che tutti desideriamo nel profondo.<\/p>\n<p>Dove una volta c'era la paura, inizia la vita vera, nella responsabilit\u00e0 personale - un tema molto attuale, a mio avviso.<\/p>\n<p>Dalla mia esperienza personale posso dire: vivete i vostri sogni, non abbiate paura e ascoltate la vostra voce interiore, il vostro istinto.<\/p>\n<p>Anche questa vita \u00e8 stata un grande passo per me all'inizio, ma oggi sono una persona diversa.<\/p>\n<p>E d'ora in poi la vita nel furgone \u00e8 in cima alla lista dei miei obiettivi, perch\u00e9 il viaggio continua.<\/p>\n<p>Hasta luego Tenriffa - perch\u00e9 alla lunga qui ci si annoia un po'. \uf04a<\/p>\n<p>&nbsp;<\/p>\n<p>Le storie che la vita scrive, le avete vissute tutti. Se anche voi volete raccontarmi la vostra storia, mi piacerebbe fare un video con voi. Date un'occhiata al mio canale YouTube YOUandMii...<\/p>\n<p><div class=\"ikn-evt-container\">\r\n    <iframe\r\n            width=\"100%\"\r\n            class=\"ikn-evt-iframe\"\r\n            srcdoc=\"<style>\n    * {\n    padding:0;\n    margin:0;\n    overflow:hidden\n}\n\nhtml, body {\n    height:100%\n}\n\n.ikn-evt-container {\n    position: relative;\n    padding-bottom: 56.25%;\n    height: 0;\n}\n\n.ikn-evt-container iframe {\n    position: absolute;\n    top: 0;\n    left: 0;\n    width: 100%;\n    height: 100%;\n}\n\n.ikn-evt-frame {\n    display: block;\n    position: relative;\n    padding-bottom: 56.23%;\n    height: 0;\n    overflow: hidden;\n    max-width: 100%;\n    background: #000;\n}\n\n.ikn-evt-frame img.ikn-evt-thumbnail {\n    bottom: 0;\n    display: block;\n    left: 0;\n    margin: auto;\n    max-width: 100%;\n    width: 100%;\n    position: absolute;\n    right: 0;\n    top: 0;\n    border: none;\n    height: auto;\n    cursor: pointer;\n    -webkit-transition: .4s all;\n    -moz-transition: .4s all;\n    transition: .4s all;\n}\n\n.ikn-evt-frame[data-source=youtube] img.ikn-evt-thumbnail {\n    top: -63px;\n    bottom: -63px;\n}\n\n.ikn-evt-frame:hover img.ikn-evt-thumbnail {\n    -webkit-filter: brightness(75%);\n}\n\n.ikn-evt-frame .ikn-evt-play-button {\n    height: 20%;\n    width: 13%;\n    left: 44%;\n    top: 42%;\n    position: absolute;\n    cursor: pointer;\n    z-index: 1;\n    background-size: contain !important;\n}\n\n.ikn-evt-frame .ikn-evt-heading {\n    width: 100%;\n    position: absolute;\n    top: 0;\n    background: rgba(0, 0, 0, .5);\n    left: 0;\n    padding: 0.7em;\n    box-sizing: border-box;\n}\n\n.ikn-evt-frame .ikn-evt-heading .ikn-evt-heading-title {\n    font-weight: bold;\n    font-size: 1.5em;\n    color: #FFFFFF;\n    line-height: 30px;\n    margin: 0;\n    cursor: pointer;\n}.ikn-evt-frame[data-source=youtube] \r\n            .ikn-evt-play-button {background:url('https:\/\/www.planbwagen.de\/wp-content\/plugins\/embed-video-thumbnail\/assets\/images\/youtube-72-72.png') no-repeat;}.ikn-evt-frame[data-source=vimeo] \r\n            .ikn-evt-play-button {background:url('https:\/\/www.planbwagen.de\/wp-content\/plugins\/embed-video-thumbnail\/assets\/images\/play-default.png') no-repeat;}.ikn-evt-frame[data-source=dailymotion] \r\n            .ikn-evt-play-button {background:url('https:\/\/www.planbwagen.de\/wp-content\/plugins\/embed-video-thumbnail\/assets\/images\/play-default.png') no-repeat;}.ikn-evt-frame[data-source=facebook] \r\n            .ikn-evt-play-button {background:url('https:\/\/www.planbwagen.de\/wp-content\/plugins\/embed-video-thumbnail\/assets\/images\/play-default.png') no-repeat;}<\/style><div    class='ikn-evt-frame'    data-source='youtube'>    <a class='ikn-evt-link' href='\/\/www.youtube-nocookie.com\/embed\/ZmXhVGyQyxc?feature=oembed&controls=1&autoplay=1&enablejsapi=1&rel=1'>        <span class='ikn-evt-play-button'><\/span>                    <img                class='ikn-evt-thumbnail'                src='\/wp-content\/uploads\/ikana-embed-video-thumbnail\/youtube\/ZmXhVGyQyxc-hqdefault.jpg'                alt='ZmXhVGyQyxc'            \/>                    <\/a><\/div><script>\n    document\n        .querySelector('.ikn-evt-link')\n        .addEventListener('click', function(e) {\n                e.preventDefault();\n                e.stopPropagation();\n                window.location.replace(this.href);\n                return false;\n            }\n        )\n    ;\n<\/script>\"\r\n            frameborder=\"0\"\r\n            allow=\"accelerometer; encrypted-media; gyroscope; picture-in-picture\"\r\n            allowfullscreen\r\n title=\"ZmXhVGyQyxc\"\r\n            loading=\"lazy\"\r\n            src=\"\/\/www.youtube-nocookie.com\/embed\/ZmXhVGyQyxc?feature=oembed&controls=1&autoplay=1&enablejsapi=1&rel=1\"\r\n    ><\/iframe>\r\n<\/div><\/p>\n<p>&nbsp;<\/p>\n<p>... o scrivetemi un'e-mail a: andrea@youandmii.de<\/p>\n<p>&nbsp;<\/p>\n<p>Grazie! Gracias!<\/p>\n<p>[\/et_pb_text][\/et_pb_column][\/et_pb_row][\/et_pb_section]<\/p>","protected":false},"excerpt":{"rendered":"<p>[et_pb_section fb_built=&#8220;1&#8243; _builder_version=&#8220;3.22&#8243;][et_pb_row column_structure=&#8220;1_3,1_3,1_3&#8243; _builder_version=&#8220;4.5.1&#8243; _module_preset=&#8220;default&#8220;][et_pb_column type=&#8220;1_3&#8243; _builder_version=&#8220;4.5.1&#8243; _module_preset=&#8220;default&#8220;][et_pb_image src=&#8220;https:\/\/planbwagen.de\/wp-content\/uploads\/2020\/08\/fghj.png&#8220; title_text=&#8220;fghj&#8220; _builder_version=&#8220;4.5.1&#8243; _module_preset=&#8220;default&#8220;][\/et_pb_image][\/et_pb_column][et_pb_column type=&#8220;1_3&#8243; _builder_version=&#8220;4.5.1&#8243; _module_preset=&#8220;default&#8220;][et_pb_image src=&#8220;https:\/\/planbwagen.de\/wp-content\/uploads\/2020\/08\/rtk.jpg&#8220; title_text=&#8220;rtk&#8220; _builder_version=&#8220;4.5.1&#8243; _module_preset=&#8220;default&#8220;][\/et_pb_image][\/et_pb_column][et_pb_column type=&#8220;1_3&#8243; _builder_version=&#8220;4.5.1&#8243; _module_preset=&#8220;default&#8220;][et_pb_image src=&#8220;https:\/\/planbwagen.de\/wp-content\/uploads\/2020\/08\/dcfvb.jpg&#8220; title_text=&#8220;dcfvb&#8220; _builder_version=&#8220;4.5.1&#8243; _module_preset=&#8220;default&#8220;][\/et_pb_image][\/et_pb_column][\/et_pb_row][et_pb_row _builder_version=&#8220;4.5.1&#8243; _module_preset=&#8220;default&#8220;][et_pb_column type=&#8220;4_4&#8243; _builder_version=&#8220;4.5.1&#8243; _module_preset=&#8220;default&#8220;][et_pb_text _builder_version=&#8220;4.5.1&#8243; _module_preset=&#8220;default&#8220;] Die Geschichte vom Gl\u00fcck beginnt in K\u00f6ln. Mein Name ist Andrea, ich bin 45 Jahre jung und liebe die Freiheit, das [&hellip;]<\/p>","protected":false},"author":1,"featured_media":4220,"comment_status":"open","ping_status":"open","sticky":false,"template":"","format":"standard","meta":{"_et_pb_use_builder":"on","_et_pb_old_content":"<div id=\"content_start\">\u00a0<\/div><article class=\"j-blog\"><div class=\"n j-blog-meta j-blog-post--header\"><div class=\"j-text j-module n\"><a class=\"j-blog-post--category\" href=\"https:\/\/www.gluecksmuskel.de\/hectors-reisen\/butch-friends\/\"> Butch & Friends <\/a> \u00a0\u00b7\u00a0 <span class=\"j-text j-blog-post--date\"> 17. Mai 2020 <\/span><\/div><h1 class=\"j-blog-header j-blog-headline j-blog-post--headline\">Teneriffa - Spain<\/h1><\/div><div class=\"post j-blog-content\"><div id=\"cc-matrix-3626980526\"><div id=\"cc-m-12644971326\" class=\"j-module n j-spacing \"><div class=\"cc-m-spacer\" style=\"height: 20px;\">\u00a0<\/div><\/div><div id=\"cc-m-12640092926\" class=\"j-module n j-gallery \"><div id=\"cc-m-gallery-12640092926\" class=\"cc-m-gallery-container cc-m-gallery-cool clearover\"><div id=\"gallery_thumb_8163001626\" class=\"cc-m-gallery-cool-item\"><div><a rel=\"lightbox[12640092926]\" data-href=\"https:\/\/planbwagen.de\/wp-content\/uploads\/attachments\/image.png\" data-title=\"\" data-index=\"0\">\u00a0 <\/a><\/div><\/div><div id=\"gallery_thumb_8163001426\" class=\"cc-m-gallery-cool-item\"><div><a rel=\"lightbox[12640092926]\" data-href=\"https:\/\/planbwagen.de\/wp-content\/uploads\/attachments\/image.jpg\" data-title=\"\" data-index=\"1\">\u00a0 <\/a><\/div><\/div><div id=\"gallery_thumb_8163001126\" class=\"cc-m-gallery-cool-item\"><div><a rel=\"lightbox[12640092926]\" data-href=\"https:\/\/planbwagen.de\/wp-content\/uploads\/attachments\/image.png\" data-title=\"\" data-index=\"0\">\u00a0 <\/a><\/div><\/div><\/div><\/div><div id=\"cc-m-12640092526\" class=\"j-module n j-text \"><p><a rel=\"lightbox[12640092926]\" data-href=\"https:\/\/planbwagen.de\/wp-content\/uploads\/attachments\/image.png\" data-title=\"\" data-index=\"0\"> <img class=\"alignleft\" style=\"height: 247px; width: 370px; margin-bottom: 3px;\" src=\"https:\/\/planbwagen.de\/wp-content\/uploads\/2020\/07\/image-7-0-2.png\" alt=\"\" data-orig-width=\"1724\" data-orig-height=\"1154\" \/>\u00a0<\/a> Die Geschichte vom Gl\u00fcck beginnt in K\u00f6ln.<\/p><p>Mein Name ist Andrea, ich bin 45 Jahre jung und liebe die Freiheit, das Leben. Ich\u00a0 bevorzuge es, mich mit Wesen zu umgeben, die das Leben respektieren und etwas Empathie \u00fcbrig haben, das nur nebenbei.<\/p><p>Gl\u00fcck ist f\u00fcr mich, auch die kleinen Dinge im Leben zu sp\u00fcren \u2013 Liebe erfahren zu d\u00fcrfen, Freunde zu haben und Tieren zu helfen. Ja und nicht zu vergessen: ein gutes Essen und ein guter Wein sind f\u00fcr mich purer Luxus.<\/p><p>In der Karnevalsstadt K\u00f6ln f\u00fchlte sich das Leben schon sehr gut an, freier, ungezwungener. Die Mentalit\u00e4t der K\u00f6lner ist f\u00fcr mich einzigartig, ganz nach \u00a710 aus dem K\u00f6lschen Grundgesetz \u2013 \u201eDrinkste eine met?\u201c.<\/p><p><a rel=\"lightbox[12640092926]\" data-href=\"https:\/\/planbwagen.de\/wp-content\/uploads\/attachments\/image.jpg\" data-title=\"\" data-index=\"1\"> <img class=\"alignright\" style=\"height: 246px; width: 370px; margin-bottom: 3px;\" src=\"https:\/\/planbwagen.de\/wp-content\/uploads\/2020\/07\/image-1-7.jpg\" alt=\"\" data-orig-width=\"2048\" data-orig-height=\"1366\" \/> <\/a>Vom Moloch Berlin trieb mich der Job (TV Redakteurin) nach K\u00f6ln und wenig sp\u00e4ter\u00a0 direkt zu Marc in die WG.<\/p><p>Ich suchte ein Zimmer \u2013 es sollte nur vorr\u00fcbergehend sein \u2013 daraus wurden allerdings ein paar Jahre. Nagelt mich bitte nicht auf Jahreszahlen fest, darin bin ich ganz schlecht, aber es ist jetzt mindesten 11 Jahre her.<\/p><p>Von hier an, nahm das Gl\u00fcck seinen Lauf.<\/p><p>An dieser Stelle muss ich erw\u00e4hnen, Ihr k\u00f6nnt Euch nicht vorstellen, wie geil ich diese WG fand! Ich hatte, man kann es so sagen, ein wirkliches Zuhause gefunden.\u00a0 Mitten in der Stadt, dennoch ruhig und gr\u00fcn, mit einem tollen Garten und einer Einrichtung vom Feinsten. Was diese WG allerdings zu meinem Ort des Wohlf\u00fchlens machte, waren die Menschen, insbesondere Marc, der mir wirklich nicht nur einmal aus der Patsche geholfen hat. - Danke nochmals an dieser Stelle!<\/p><p><a rel=\"lightbox[12640092926]\" data-href=\"https:\/\/planbwagen.de\/wp-content\/uploads\/attachments\/image.jpg\" data-title=\"\" data-index=\"2\"> <img class=\"alignleft\" style=\"height: 277px; width: 370px; margin-bottom: 3px;\" src=\"https:\/\/planbwagen.de\/wp-content\/uploads\/2020\/07\/image-6-0-5.jpg\" alt=\"\" data-orig-width=\"2048\" data-orig-height=\"1536\" \/><\/a>Mein ewiges Singledasein, oder das st\u00e4ndige Partnerwechseln fand hier auch endlich ein Ende. Ich lernte Craig aus S\u00fcdafrika kennen und kaum zu glauben \u2013 wir sind\u00a0 jetzt \u00fcber 8 Jahre zusammen! Craig macht mich gl\u00fccklich, ich darf\u00a0 sein, so wie ich bin. Nicht selbstverst\u00e4ndlich, denn f\u00fcr die meisten Typen, die ich kennengelernt habe, undenkbar. (Marc, Du kennt ja einige dieser Pappnasen)<\/p><p>Und, wie kann es anders sein, das Gl\u00fcck zog weiter seine Runden.<\/p><p>Inzwischen hatte sich unsere Zweisamkeit zu einer kleinen Familie entwickelt \u2013 nein, kein Kind \u2013 ein Hund namens Emma. Wir erl\u00f6sten sie aus dem Bonner Tierheim. Ein echter Stra\u00dfenhund, aus der Hauptstadt Bulgariens.<\/p><p>Ein Jahr sp\u00e4ter entschieden wir uns dann, mal was ganz Verr\u00fccktes zu tun \u2013 wir beschlossen, Deutschland f\u00fcr eine Weile den R\u00fccken zu kehren.<\/p><p>Wie soll es anders sein - uns zog es nat\u00fcrlich in die Sonne, ans Meer.<\/p><p><a rel=\"lightbox[12640093126]\" data-href=\"https:\/\/planbwagen.de\/wp-content\/uploads\/attachments\/image.jpg\" data-title=\"\" data-index=\"0\"> <img class=\"alignright\" style=\"height: 277px; width: 370px; margin-bottom: 3px;\" src=\"https:\/\/planbwagen.de\/wp-content\/uploads\/2020\/07\/image-0-1-9.jpg\" alt=\"\" data-orig-width=\"2048\" data-orig-height=\"1536\" \/> <\/a>Nicht, dass Ihr nun denkt, wir h\u00e4tten das alles von\u00a0 langer Hand geplant...n\u00f6\u00f6\u00f6.<\/p><p>Wir sind da eher die Abenteurer unter den Auswanderern, so kommt wenigstens keine Langeweile auf.\u00a0 Und so war es auch...<\/p><p>Teneriffa hie\u00df unser Ziel. Warum? Nun ja, es ist weit genug weg, immer warm, meistens Sonne und wir hatten schon mal ans\u00e4ssige Freunde dort.<\/p><p>In K\u00f6ln ging dann alles sehr schnell. Wir kauften uns einen T4 f\u00fcr sage und schreibe 3000\u20ac , l\u00f6sten unsere Wohnung auf und los gings.<\/p><p>Man muss dazu sagen, wir haben den Bus so mit Zeugs vollgestopft, das wirklich kaum noch Platz war. Vorn, zu dritt, f\u00fcr die n\u00e4chsten 2600km Richtung Huelva.<\/p><p>Hier in Andalusien legte unsere F\u00e4hre Richtung Kanarische Inseln ab...<\/p><\/div><div id=\"cc-m-12640093126\" class=\"j-module n j-gallery \"><div id=\"cc-m-gallery-12640093126\" class=\"cc-m-gallery-container cc-m-gallery-cool clearover\"><div id=\"gallery_thumb_8163001726\" class=\"cc-m-gallery-cool-item\"><div><a rel=\"lightbox[12640093126]\" data-href=\"https:\/\/planbwagen.de\/wp-content\/uploads\/attachments\/image.jpg\" data-title=\"\" data-index=\"0\">\u00a0 <\/a><\/div><\/div><div id=\"gallery_thumb_8163001926\" class=\"cc-m-gallery-cool-item\"><div><a rel=\"lightbox[12640093126]\" data-href=\"https:\/\/planbwagen.de\/wp-content\/uploads\/attachments\/image.jpg\" data-title=\"\" data-index=\"1\">\u00a0 <\/a><\/div><\/div><div id=\"gallery_thumb_8163001826\" class=\"cc-m-gallery-cool-item\"><div><a rel=\"lightbox[12640093126]\" data-href=\"https:\/\/planbwagen.de\/wp-content\/uploads\/attachments\/image.jpg\" data-title=\"\" data-index=\"2\">\u00a0 <\/a><\/div><\/div><\/div><\/div><div id=\"cc-m-12640093026\" class=\"j-module n j-text \"><p><a rel=\"lightbox[12640093126]\" data-href=\"https:\/\/planbwagen.de\/wp-content\/uploads\/attachments\/image.jpg\" data-title=\"\" data-index=\"1\"> <img class=\"alignleft\" style=\"height: 176px; width: 132px; margin-bottom: 3px; margin-right: 3px;\" src=\"https:\/\/planbwagen.de\/wp-content\/uploads\/2020\/07\/image-8-1-1.jpg\" alt=\"\" data-orig-width=\"960\" data-orig-height=\"1280\" \/> <\/a>Inzwischen liegen 6 Jahre Inselleben hinter uns. Eine Zeit mit vielen Ups and Downs, die uns jedoch so haben wachsen lassen, dass man die Definition Gl\u00fcck noch einmal etwas korrigieren kann.<\/p><p>Als kleiner Einblick - Teneriffa ist die Gr\u00f6\u00dfte aller 7 Kanarischen Inseln. Mit 80 km L\u00e4nge eigentlich im Verh\u00e4ltnis gesehen, nicht besonders gro\u00df, aber wenn man eine Weile hier lebt, empfindet man eine Fahrt von Nord nach S\u00fcd als \u201eweit\u201c. Irgendwie lustig.<\/p><p>Hier sein Leben verbringen zu d\u00fcrfen, bedeutet (noch) Lebensqualit\u00e4t zu haben, zumindest was das Wetter betrifft.<\/p><p>Der Tourismus jedoch nimmt den Einheimischen hier mehr und mehr den Raum, insbesondere in existenzieller Hinsicht. Die Wohnungspreise sind immens gestiegen, wie \u00fcberall, ich wei\u00df. Einfach verr\u00fcckt.<\/p><p><a rel=\"lightbox[12640093126]\" data-href=\"https:\/\/planbwagen.de\/wp-content\/uploads\/attachments\/image.jpg\" data-title=\"\" data-index=\"2\"> <img class=\"alignright\" style=\"height: 176px; width: 235px; margin-bottom: 3px;\" src=\"https:\/\/planbwagen.de\/wp-content\/uploads\/2020\/07\/image-5-7.jpg\" alt=\"\" data-orig-width=\"2048\" data-orig-height=\"1536\" \/> <\/a>Es ist zwar wundersch\u00f6n hier Urlaub zu machen, aber hier zu leben, eine ganz andere Nummer.<\/p><p>Was mir hier nicht gef\u00e4llt, ist der viele M\u00fcll, der \u00fcberall rumliegt.\u00a0 Wie sagt man also so sch\u00f6n? Es ist nicht alles Gold, was gl\u00e4nzt. \uf04a<\/p><p>Teneriffa ist dennoch ein sehr sch\u00f6ner Ort, den man erlebt haben sollte, denn die Energie hier, ist eine ganz besondere.<\/p><p>Gl\u00fcck ist also,\u00a0 was man draus macht.<\/p><p>Wir leben in unserem Bulli eigentlich aus finanziellen Gr\u00fcnden \u2013 heute jedoch aus \u00dcberzeugung.<\/p><p>Aufgeben war niemals eine Option.<\/p><p>Gl\u00fcck ist vor allem auch, gesund zu sein, den Elementen der Natur nah zu sein, die Ruhe gefunden zu haben und vor allem, Angst zu verlieren.<\/p><p>Diese ist unser inneres Gef\u00e4ngnis, sie raubt uns die Freiheit, die wir uns doch alle tief im Innern w\u00fcnschen.<\/p><p>Da, wo einmal die Angst ihren Platz hatte, beginnt das wahre Leben, in der Eigenverantwortung \u2013 wie ich finde, doch ein sehr aktuelles Thema.<\/p><p>Aus eigener Erfahrung kann ich sagen, lebt Eure Tr\u00e4ume, f\u00fcrchtet Euch nicht und h\u00f6rt auf Eure innere Stimme, auf das Bauchgef\u00fchl.<\/p><p>F\u00fcr mich war dieses Leben am Anfang auch ein gro\u00dfer Schritt, heute bin ich ein anderer Mensch.<\/p><p>Und das Leben im Van, steht von nun an ganz oben auf meiner Ziel-Liste, denn die Reise geht weiter.<\/p><p>Hasta luego Tenriffa \u2013 denn auf Dauer kommt hier doch ein wenig Langeweile auf. \uf04a<\/p><p>Geschichten die das Leben schreibt,\u00a0 Ihr habt sie alle erlebt. Wenn Du mir Deine Geschichte auch erz\u00e4hlen m\u00f6chtest, dann mache ich gern ein Video mit Dir. Schau einfach mal rein auf meinem YouTube Kanal YOUandMii...<\/p><p>https:\/\/youtu.be\/ZmXhVGyQyxc<\/p><p>... oder schreib mir eine E-Mail unter: andrea@youandmii.de<\/p><p>Danke! Gracias!<\/p><\/div><div id=\"cc-m-12644976126\" class=\"j-module n j-text \"><p style=\"text-align: right;\"><a class=\"j-calltoaction-link j-calltoaction-link-style-2\" style=\"font-size: 16px; background-color: #ffcc00; border-width: 2px; border-color: #ffcc00; color: #ffffff; user-select: text; padding: 10px 20px; line-height: 1.5; border-radius: 0px; -webkit-appearance: none; margin: 1em 0px;\" title=\"Von Darmstadt gen Norden\" href=\"\/2020\/06\/04\/von-darmstadt-gen-norden\/\" data-action=\"button\" data-title=\"Sunny Side Up\"> Sunny Side Up\u00a0 \u00a0\u00a0<\/a><\/p><p style=\"text-align: right;\"><a class=\"j-calltoaction-link j-calltoaction-link-style-2\" style=\"background-color: #ffcc00; border-width: 2px; border-color: #ffcc00; color: #ffffff; user-select: text; padding: 10px 20px; font-size: 16px; line-height: 1.5; border-radius: 0px; -webkit-appearance: none; margin: 1em 0px;\" title=\"Dickes B: Unsere neue Wohnzimmercouch\" href=\"\/2020\/05\/09\/dickes-b-unsere-neue-wohnzimmercouch\/\" data-action=\"button\" data-title=\"Sunny Side Down\"> Sunny Side Down\u00a0 \u00a0\u00a0<\/a><\/p><\/div><\/div><\/div><div class=\"j-module n j-text j-blog-post--tags-wrapper\"><span class=\"j-blog-post--tags--template\" style=\"display: none;\"><a class=\"j-blog-post--tag\" href=\"https:\/\/www.gluecksmuskel.de\/hectors-reisen\/?tag=tagPlaceholder\">tagPlaceholder<\/a><\/span><span class=\"j-blog-post--tags-label\" style=\"display: inline;\">Tags:<\/span> <span class=\"j-blog-post--tags-list\"><a class=\"j-blog-post--tag\" href=\"https:\/\/www.gluecksmuskel.de\/hectors-reisen\/?tag=gl%C3%BCck\">gl\u00fcck<\/a>, <a class=\"j-blog-post--tag\" href=\"https:\/\/www.gluecksmuskel.de\/hectors-reisen\/?tag=bulli\">bulli<\/a>, <a class=\"j-blog-post--tag\" href=\"https:\/\/www.gluecksmuskel.de\/hectors-reisen\/?tag=Teneriffa\">Teneriffa<\/a>, <a class=\"j-blog-post--tag\" href=\"https:\/\/www.gluecksmuskel.de\/hectors-reisen\/?tag=auswandern\">auswandern<\/a>, <a class=\"j-blog-post--tag\" href=\"https:\/\/www.gluecksmuskel.de\/hectors-reisen\/?tag=Deutsche+auf+Teneriffa\">Deutsche auf Teneriffa<\/a>, <a class=\"j-blog-post--tag\" href=\"https:\/\/www.gluecksmuskel.de\/hectors-reisen\/?tag=so+fand+ich+mein+Gl%C3%BCck\">so fand ich mein Gl\u00fcck<\/a>, <a class=\"j-blog-post--tag\" href=\"https:\/\/www.gluecksmuskel.de\/hectors-reisen\/?tag=wir+wandern+aus\">wir wandern aus<\/a>, <a class=\"j-blog-post--tag\" href=\"https:\/\/www.gluecksmuskel.de\/hectors-reisen\/?tag=T4\">T4<\/a>, <a class=\"j-blog-post--tag\" href=\"https:\/\/www.gluecksmuskel.de\/hectors-reisen\/?tag=Aufgeben+ist+keine+Option\">Aufgeben ist keine Option<\/a>, <a class=\"j-blog-post--tag\" href=\"https:\/\/www.gluecksmuskel.de\/hectors-reisen\/?tag=lebe+deinen+Traum\">lebe deinen Traum<\/a>, <a class=\"j-blog-post--tag\" href=\"https:\/\/www.gluecksmuskel.de\/hectors-reisen\/?tag=Gl%C3%BCck+ist\">Gl\u00fcck ist<\/a><\/span><\/div><div id=\"flexsocialbuttons\" class=\"n\"><div class=\"cc-sharebuttons-element cc-sharebuttons-size-16 cc-sharebuttons-style-colored cc-sharebuttons-design-square cc-sharebuttons-align-left\">\u00a0<\/div><\/div><div class=\"n j-comment\"><div id=\"commentsModule12640092226\"><p id=\"skiptoform12640092226\" class=\"skiptoform\"><a href=\"#\" data-id=\"12640092226\" data-action=\"goToForm\">Kommentar schreiben<\/a><\/p><div id=\"numComments12640092226\" class=\"j-blog-comment-counter\">Kommentare: <i class=\"cc-comments-count\">0<\/i><\/div><ul id=\"commentOutput12640092226\" class=\"com-list-noava\"><li id=\"commentFormContainer12640092226\" class=\"commentstd clearover cc-m-comment-loading\"><a name=\"commentForm12640092226\"><\/a><\/li><\/ul><div id=\"commentError12640092226\" class=\"message-error\" style=\"display: none;\">\u00a0<\/div><div id=\"commentSuccess12640092226\" class=\"message-ok\" style=\"display: none;\">\u00a0<\/div><\/div><p><script>\/\/ <![CDATA[ window.regModule(\"module_comment\", {\"data\":{\"id\":\"12640092226\",\"closed\":\"0\",\"captcha\":\"6b8c4aa141208a8510c8c8c9ef0d0e70\",\"avatar\":false,\"lang\":{\"comment\":\"Kommentar\",\"comments\":\"Kommentare\"}}}); \/\/ ]]> <\/script><\/p><\/div><\/article>","_et_gb_content_width":"","footnotes":""},"categories":[18],"tags":[],"class_list":["post-200","post","type-post","status-publish","format-standard","has-post-thumbnail","hentry","category-butch-friends"],"_links":{"self":[{"href":"https:\/\/www.planbwagen.de\/it\/wp-json\/wp\/v2\/posts\/200","targetHints":{"allow":["GET"]}}],"collection":[{"href":"https:\/\/www.planbwagen.de\/it\/wp-json\/wp\/v2\/posts"}],"about":[{"href":"https:\/\/www.planbwagen.de\/it\/wp-json\/wp\/v2\/types\/post"}],"author":[{"embeddable":true,"href":"https:\/\/www.planbwagen.de\/it\/wp-json\/wp\/v2\/users\/1"}],"replies":[{"embeddable":true,"href":"https:\/\/www.planbwagen.de\/it\/wp-json\/wp\/v2\/comments?post=200"}],"version-history":[{"count":10,"href":"https:\/\/www.planbwagen.de\/it\/wp-json\/wp\/v2\/posts\/200\/revisions"}],"predecessor-version":[{"id":7531,"href":"https:\/\/www.planbwagen.de\/it\/wp-json\/wp\/v2\/posts\/200\/revisions\/7531"}],"wp:featuredmedia":[{"embeddable":true,"href":"https:\/\/www.planbwagen.de\/it\/wp-json\/wp\/v2\/media\/4220"}],"wp:attachment":[{"href":"https:\/\/www.planbwagen.de\/it\/wp-json\/wp\/v2\/media?parent=200"}],"wp:term":[{"taxonomy":"category","embeddable":true,"href":"https:\/\/www.planbwagen.de\/it\/wp-json\/wp\/v2\/categories?post=200"},{"taxonomy":"post_tag","embeddable":true,"href":"https:\/\/www.planbwagen.de\/it\/wp-json\/wp\/v2\/tags?post=200"}],"curies":[{"name":"wp","href":"https:\/\/api.w.org\/{rel}","templated":true}]}}