{"id":1869,"date":"2019-10-01T19:22:58","date_gmt":"2019-10-01T19:22:58","guid":{"rendered":""},"modified":"2020-11-04T13:20:02","modified_gmt":"2020-11-04T13:20:02","slug":"tag-no-28-guggenheim-bilbao","status":"publish","type":"post","link":"https:\/\/www.planbwagen.de\/it\/spagna\/giorno-n-28-guggenheim-bilbao\/","title":{"rendered":"Giorno n. 28 - Guggenheim-Bilbao"},"content":{"rendered":"<p>[et_pb_section fb_built=&#8220;1&#8243; _builder_version=&#8220;4.5.1&#8243; _module_preset=&#8220;default&#8220;][et_pb_row column_structure=&#8220;1_4,1_4,1_4,1_4&#8243; _builder_version=&#8220;4.5.1&#8243; _module_preset=&#8220;default&#8220;][et_pb_column type=&#8220;1_4&#8243; _builder_version=&#8220;4.5.1&#8243; _module_preset=&#8220;default&#8220;][et_pb_image src=&#8220;https:\/\/www.planbwagen.de\/wp-content\/uploads\/2020\/09\/1-53.jpg&#8220; title_text=&#8220;1&#8243; _builder_version=&#8220;4.5.1&#8243; _module_preset=&#8220;default&#8220;][\/et_pb_image][\/et_pb_column][et_pb_column type=&#8220;1_4&#8243; _builder_version=&#8220;4.5.1&#8243; _module_preset=&#8220;default&#8220;][et_pb_image src=&#8220;https:\/\/www.planbwagen.de\/wp-content\/uploads\/2020\/09\/2-49.jpg&#8220; title_text=&#8220;2&#8243; _builder_version=&#8220;4.5.1&#8243; _module_preset=&#8220;default&#8220;][\/et_pb_image][\/et_pb_column][et_pb_column type=&#8220;1_4&#8243; _builder_version=&#8220;4.5.1&#8243; _module_preset=&#8220;default&#8220;][et_pb_image src=&#8220;https:\/\/www.planbwagen.de\/wp-content\/uploads\/2020\/09\/3-44.jpg&#8220; title_text=&#8220;3&#8243; _builder_version=&#8220;4.5.1&#8243; _module_preset=&#8220;default&#8220;][\/et_pb_image][\/et_pb_column][et_pb_column type=&#8220;1_4&#8243; _builder_version=&#8220;4.5.1&#8243; _module_preset=&#8220;default&#8220;][et_pb_image src=&#8220;https:\/\/www.planbwagen.de\/wp-content\/uploads\/2020\/09\/4-39.jpg&#8220; title_text=&#8220;4&#8243; _builder_version=&#8220;4.5.1&#8243; _module_preset=&#8220;default&#8220;][\/et_pb_image][\/et_pb_column][\/et_pb_row][et_pb_row _builder_version=&#8220;4.5.1&#8243; _module_preset=&#8220;default&#8220;][et_pb_column type=&#8220;4_4&#8243; _builder_version=&#8220;4.5.1&#8243; _module_preset=&#8220;default&#8220;][et_pb_text _builder_version=&#8220;4.5.1&#8243; _module_preset=&#8220;default&#8220;]<\/p>\n<p>Wow, che serata, l'argomento computer mi ha accompagnato per molte ore. Soprattutto la tastiera spagnola. Z e Y invertite, \u00fc, \u00f6 e soprattutto la mia amata \u00e4 non erano presenti. Anche la nostra bella \u00df tedesca non si trovava da nessuna parte. Probabilmente si tratta solo di abituarsi.\u00a0<\/p>\n<p><span style=\"font-size: 18px;\">Ma se nel cuore della notte non avete le password necessarie per configurare le cose e sono piene di caratteri speciali, il vostro umore \u00e8 rovinato... Chi si porta dietro in vacanza i codici prodotto di Office, Parallels, Dropbox e altre cose? - Ma alla fine, forte del caff\u00e8 del mattino, riesco a far funzionare l'essenziale.<\/span><span style=\"font-size: 18px;\">\u00a0<\/span><\/p>\n<p>So steht unserem Besuch im Guggenheim Museum nichts mehr im Wege. Also wieder mit der Metro nach Bilbao, kleiner Zwischenstop im Brass und dann stehen wir endlich vor dem Guggenheim Museum. Hierzu ist sicherlich fast alles geschrieben worden, was man nur schreiben kann. \u2013 Deshalb schreibe ich einfach, welchen Eindruck die Ausstellung auf mich hatte. Mich hat sowohl das Geb\u00e4ude geflasht, sowohl von au\u00dfen, als auch innen.\u00a0 Allein die Materialien: Die Fassade aus Titan, Sandstein und Glas, in Verbindung mit Wellen, B\u00f6gen und Kurven. Wer wei\u00df wie aufwendig eine Zinkfassade ist, kann sich vorstellen, welch ein Aufwand hier betrieben wurde. &#8211; Aufgrund der Wirkung dieses Geb\u00e4udes kann ich gut verstehen, dass der US-Architekt Philip Johnson dieses mit den Worten &#8222;Wenn ein Bauwerk so ist wie dieses, dann schei\u00df auf die Kunst.&#8220; kommentierte. Was ich spannend finde, ist dass die\u00a0 Ausstellung, bereits im Au\u00dfenbereich und somit f\u00fcr jedermann zug\u00e4nglich, beginnt. Dass ich Puppy, einen monumentalen Westhighland Terrier in Form eines \u201eFlickenteppichs\u201c aus Blumen cool finden w\u00fcrde, h\u00e4tte ich nicht gedacht. \u2013 Doch genau das ist er. Maman, eine Spinnenskulptur sagte mir daf\u00fcr weniger. Obwohl es spannend war, welche Gef\u00fchle diese scheinbar bei vielen Betrachtern ausl\u00f6ste.\u00a0<\/p>\n<p>Anche all'interno c'era molto da vedere: Yves Klein, Robert Rauschenberg, Andy Warhol e Jeff Koons. Ma ancora una volta, sono stato particolarmente colpito da Gerhard Richter. - Patriottismo locale? No, il suo dipinto di Marina mi fa letteralmente sentire il mare. A voi, in questo caso a me, sembra di sentirne l'odore. Affascinante, trovo questo quadro pi\u00f9 reale di una fotografia patinata, anche se in alcune zone sembra troppo sbiadito. - Pi\u00f9 mare, questo \u00e8 il nostro motto.\u00a0<\/p>\n<p>[\/et_pb_text][\/et_pb_column][\/et_pb_row][et_pb_row column_structure=&#8220;1_4,1_4,1_4,1_4&#8243; _builder_version=&#8220;4.5.1&#8243; _module_preset=&#8220;default&#8220;][et_pb_column type=&#8220;1_4&#8243; _builder_version=&#8220;4.5.1&#8243; _module_preset=&#8220;default&#8220;][et_pb_image src=&#8220;https:\/\/www.planbwagen.de\/wp-content\/uploads\/2020\/09\/5-31.jpg&#8220; title_text=&#8220;5&#8243; _builder_version=&#8220;4.5.1&#8243; _module_preset=&#8220;default&#8220;][\/et_pb_image][\/et_pb_column][et_pb_column type=&#8220;1_4&#8243; _builder_version=&#8220;4.5.1&#8243; _module_preset=&#8220;default&#8220;][et_pb_image src=&#8220;https:\/\/www.planbwagen.de\/wp-content\/uploads\/2020\/09\/6-30.jpg&#8220; title_text=&#8220;6&#8243; _builder_version=&#8220;4.5.1&#8243; _module_preset=&#8220;default&#8220;][\/et_pb_image][\/et_pb_column][et_pb_column type=&#8220;1_4&#8243; _builder_version=&#8220;4.5.1&#8243; _module_preset=&#8220;default&#8220;][et_pb_image src=&#8220;https:\/\/www.planbwagen.de\/wp-content\/uploads\/2020\/09\/7-1.png&#8220; title_text=&#8220;7&#8243; _builder_version=&#8220;4.5.1&#8243; _module_preset=&#8220;default&#8220;][\/et_pb_image][\/et_pb_column][et_pb_column type=&#8220;1_4&#8243; _builder_version=&#8220;4.5.1&#8243; _module_preset=&#8220;default&#8220;][et_pb_image src=&#8220;https:\/\/www.planbwagen.de\/wp-content\/uploads\/2020\/09\/8-16.jpg&#8220; title_text=&#8220;8&#8243; _builder_version=&#8220;4.5.1&#8243; _module_preset=&#8220;default&#8220;][\/et_pb_image][\/et_pb_column][\/et_pb_row][et_pb_row _builder_version=&#8220;4.5.1&#8243; _module_preset=&#8220;default&#8220; custom_padding=&#8220;||0px|||&#8220; min_height=&#8220;57px&#8220; custom_margin=&#8220;|auto|-15px|auto||&#8220;][et_pb_column type=&#8220;4_4&#8243; _builder_version=&#8220;4.5.1&#8243; _module_preset=&#8220;default&#8220;][\/et_pb_column][\/et_pb_row][et_pb_row _builder_version=&#8220;4.5.1&#8243; _module_preset=&#8220;default&#8220; custom_padding=&#8220;0px|||||&#8220;][et_pb_column type=&#8220;4_4&#8243; _builder_version=&#8220;4.5.1&#8243; _module_preset=&#8220;default&#8220;][et_pb_text _builder_version=&#8220;4.5.1&#8243; _module_preset=&#8220;default&#8220;]<\/p>\n<p>Ma sono rimasto profondamente colpito anche dalle opere di Richard Serra. Le lastre d'acciaio, alte ben quattro metri, si rivelano certamente in modi diversi a ogni spettatore. Soprattutto, qui il tempo sembra perdersi. Tuttavia, sono rimasto particolarmente colpito dalla leggerezza di queste sculture che pesano tonnellate. Le forme mi hanno ricordato le dune di sabbia, il tempo sembra scivolare via. - Mi piacerebbe sapere cosa ne pensano gli altri spettatori.\u00a0<\/p>\n<p>&nbsp;<\/p>\n<p>Ci siamo divertiti e per Torgit la visita alla mostra del Guggenheim ha un altro significato. Un'altra spunta sulla lista delle cose da fare.<\/p>\n<p>[\/et_pb_text][\/et_pb_column][\/et_pb_row][et_pb_row column_structure=&#8220;1_4,1_4,1_4,1_4&#8243; _builder_version=&#8220;4.5.1&#8243; _module_preset=&#8220;default&#8220;][et_pb_column type=&#8220;1_4&#8243; _builder_version=&#8220;4.5.1&#8243; _module_preset=&#8220;default&#8220;][et_pb_image src=&#8220;https:\/\/www.planbwagen.de\/wp-content\/uploads\/2020\/09\/9-18.jpg&#8220; title_text=&#8220;9&#8243; _builder_version=&#8220;4.5.1&#8243; _module_preset=&#8220;default&#8220;][\/et_pb_image][\/et_pb_column][et_pb_column type=&#8220;1_4&#8243; _builder_version=&#8220;4.5.1&#8243; _module_preset=&#8220;default&#8220;][et_pb_image src=&#8220;https:\/\/www.planbwagen.de\/wp-content\/uploads\/2020\/09\/10-8.jpg&#8220; title_text=&#8220;10&#8243; _builder_version=&#8220;4.5.1&#8243; _module_preset=&#8220;default&#8220;][\/et_pb_image][\/et_pb_column][et_pb_column type=&#8220;1_4&#8243; _builder_version=&#8220;4.5.1&#8243; _module_preset=&#8220;default&#8220;][et_pb_image src=&#8220;https:\/\/www.planbwagen.de\/wp-content\/uploads\/2020\/09\/11-6.jpg&#8220; title_text=&#8220;11&#8243; _builder_version=&#8220;4.5.1&#8243; _module_preset=&#8220;default&#8220;][\/et_pb_image][\/et_pb_column][et_pb_column type=&#8220;1_4&#8243; _builder_version=&#8220;4.5.1&#8243; _module_preset=&#8220;default&#8220;][et_pb_image src=&#8220;https:\/\/www.planbwagen.de\/wp-content\/uploads\/2020\/09\/12-3.jpg&#8220; title_text=&#8220;12&#8243; _builder_version=&#8220;4.5.1&#8243; _module_preset=&#8220;default&#8220;][\/et_pb_image][\/et_pb_column][\/et_pb_row][et_pb_row _builder_version=&#8220;4.5.1&#8243; _module_preset=&#8220;default&#8220;][et_pb_column type=&#8220;4_4&#8243; _builder_version=&#8220;4.5.1&#8243; _module_preset=&#8220;default&#8220;][et_pb_text _builder_version=&#8220;4.5.1&#8243; _module_preset=&#8220;default&#8220;]<\/p>\n<div id=\"cc-m-12537608526\" class=\"j-module n j-text\">\n<p>Concludiamo il nostro viaggio a Bilbao con un bicchiere di vino e qualche pintxos al Cafe Iruna.<\/p>\n<p>Pi\u00f9 tardi, quando torniamo da Hector, troviamo nel quartiere una coppia di D\u00fcsseldorf e una di Colonia, unite a cena. Si scopre che si tratta di un'amicizia di lunga data tra camperisti. - Anche la coppia di Colonia viaggia con un California. Il loro decimo, a quanto pare. Vivere e viaggiare in un Calli sembra mantenerli giovani. Infatti, il leggermente ingrigito K\u00f6llner sostiene di avere pi\u00f9 di ottant'anni. Ma forse stava esagerando ? .\u00a0<\/p>\n<\/div>\n<p>[\/et_pb_text][\/et_pb_column][\/et_pb_row][\/et_pb_section]<\/p>","protected":false},"excerpt":{"rendered":"<p>[et_pb_section fb_built=&#8220;1&#8243; _builder_version=&#8220;4.5.1&#8243; _module_preset=&#8220;default&#8220;][et_pb_row column_structure=&#8220;1_4,1_4,1_4,1_4&#8243; _builder_version=&#8220;4.5.1&#8243; _module_preset=&#8220;default&#8220;][et_pb_column type=&#8220;1_4&#8243; _builder_version=&#8220;4.5.1&#8243; _module_preset=&#8220;default&#8220;][et_pb_image src=&#8220;https:\/\/www.planbwagen.de\/wp-content\/uploads\/2020\/09\/1-53.jpg&#8220; title_text=&#8220;1&#8243; _builder_version=&#8220;4.5.1&#8243; _module_preset=&#8220;default&#8220;][\/et_pb_image][\/et_pb_column][et_pb_column type=&#8220;1_4&#8243; _builder_version=&#8220;4.5.1&#8243; _module_preset=&#8220;default&#8220;][et_pb_image src=&#8220;https:\/\/www.planbwagen.de\/wp-content\/uploads\/2020\/09\/2-49.jpg&#8220; title_text=&#8220;2&#8243; _builder_version=&#8220;4.5.1&#8243; _module_preset=&#8220;default&#8220;][\/et_pb_image][\/et_pb_column][et_pb_column type=&#8220;1_4&#8243; _builder_version=&#8220;4.5.1&#8243; _module_preset=&#8220;default&#8220;][et_pb_image src=&#8220;https:\/\/www.planbwagen.de\/wp-content\/uploads\/2020\/09\/3-44.jpg&#8220; title_text=&#8220;3&#8243; _builder_version=&#8220;4.5.1&#8243; _module_preset=&#8220;default&#8220;][\/et_pb_image][\/et_pb_column][et_pb_column type=&#8220;1_4&#8243; _builder_version=&#8220;4.5.1&#8243; _module_preset=&#8220;default&#8220;][et_pb_image src=&#8220;https:\/\/www.planbwagen.de\/wp-content\/uploads\/2020\/09\/4-39.jpg&#8220; title_text=&#8220;4&#8243; _builder_version=&#8220;4.5.1&#8243; _module_preset=&#8220;default&#8220;][\/et_pb_image][\/et_pb_column][\/et_pb_row][et_pb_row _builder_version=&#8220;4.5.1&#8243; _module_preset=&#8220;default&#8220;][et_pb_column type=&#8220;4_4&#8243; _builder_version=&#8220;4.5.1&#8243; _module_preset=&#8220;default&#8220;][et_pb_text _builder_version=&#8220;4.5.1&#8243; _module_preset=&#8220;default&#8220;] Wow, was f\u00fcr eine Nacht, das Thema Rechner hat mich noch viele Stunden [&hellip;]<\/p>","protected":false},"author":1,"featured_media":3998,"comment_status":"open","ping_status":"open","sticky":false,"template":"","format":"standard","meta":{"_et_pb_use_builder":"on","_et_pb_old_content":"<div id=\"content_start\">\u00a0<\/div><article class=\"j-blog\"><div class=\"n j-blog-meta j-blog-post--header\"><div class=\"j-text j-module n\"><a class=\"j-blog-post--category\" href=\"https:\/\/www.gluecksmuskel.de\/hectors-reisen\/spain-spanien\/\"> Spain - Spanien <\/a> \u00a0\u00b7\u00a0 <span class=\"j-text j-blog-post--date\"> 01. Oktober 2019 <\/span><\/div><h1 class=\"j-blog-header j-blog-headline j-blog-post--headline\">Tag No. 28 - Guggenheim- Bilbao<\/h1><\/div><div class=\"post j-blog-content\"><div id=\"cc-matrix-3598231926\"><div id=\"cc-m-12572216726\" class=\"j-module n j-spacing \"><div class=\"cc-m-spacer\" style=\"height: 20px;\">\u00a0<\/div><\/div><div id=\"cc-m-12537605926\" class=\"j-module n j-gallery \"><div id=\"cc-m-gallery-12537605926\" class=\"cc-m-gallery-container cc-m-gallery-cool clearover\"><div id=\"gallery_thumb_8101111326\" class=\"cc-m-gallery-cool-item\"><div><a rel=\"lightbox[12537605926]\" data-href=\"https:\/\/planbwagen.de\/wp-content\/uploads\/attachments\/image.jpg\" data-title=\"\" data-index=\"0\"> <img style=\"height: 176px; width: 132px; margin-bottom: 3px; margin-right: 3px;\" src=\"https:\/\/planbwagen.de\/wp-content\/uploads\/2020\/07\/image-5-2-8-4.jpg\" alt=\"\" data-orig-width=\"1536\" data-orig-height=\"2048\" \/> <\/a><\/div><\/div><div id=\"gallery_thumb_8101111426\" class=\"cc-m-gallery-cool-item\"><div><a rel=\"lightbox[12537605926]\" data-href=\"https:\/\/planbwagen.de\/wp-content\/uploads\/attachments\/image.jpg\" data-title=\"\" data-index=\"1\"> <img style=\"height: 176px; width: 235px; margin-bottom: 3px;\" src=\"https:\/\/planbwagen.de\/wp-content\/uploads\/2020\/07\/image-8-0-4-5-0.jpg\" alt=\"\" data-orig-width=\"2048\" data-orig-height=\"1536\" \/> <\/a><\/div><\/div><div id=\"gallery_thumb_8101111526\" class=\"cc-m-gallery-cool-item\"><div><a rel=\"lightbox[12537605926]\" data-href=\"https:\/\/planbwagen.de\/wp-content\/uploads\/attachments\/image.jpg\" data-title=\"\" data-index=\"2\"> <img style=\"height: 244px; width: 183px; margin-bottom: 3px; margin-right: 3px;\" src=\"https:\/\/planbwagen.de\/wp-content\/uploads\/2020\/07\/image-2-8-6-5.jpg\" alt=\"\" data-orig-width=\"1536\" data-orig-height=\"2048\" \/> <\/a><\/div><\/div><div id=\"gallery_thumb_8101111626\" class=\"cc-m-gallery-cool-item\"><div><a rel=\"lightbox[12537605926]\" data-href=\"https:\/\/planbwagen.de\/wp-content\/uploads\/attachments\/image.jpg\" data-title=\"\" data-index=\"3\"> <img style=\"height: 244px; width: 184px; margin-bottom: 3px;\" src=\"https:\/\/planbwagen.de\/wp-content\/uploads\/2020\/07\/image-5-3-7.jpg\" alt=\"\" data-orig-width=\"1536\" data-orig-height=\"2048\" \/> <\/a><\/div><\/div><\/div><\/div><div id=\"cc-m-12537606026\" class=\"j-module n j-text \"><p>Wow, was f\u00fcr eine Nacht, das Thema Rechner hat mich noch viele Stunden begleitet. Vor allem die spanische Tastatur. Z und Y vertauscht, \u00fc, \u00f6 und vor allem mein geliebtes \u00e4 nicht vorhanden. Auch unser sch\u00f6nes deutsche \u00df nicht zu finden. Alles sicher nur eine Frage der Gew\u00f6hnung.<\/p><p>Doch wenn einem mitten in der Nacht, die zur Einrichtung notwendigen Passw\u00f6rter fehlen und diese dann auch noch vor Sonderzeichen wimmeln, ist es mit der Laune... Wer f\u00fchrt im Urlaub schon seine Produktkeys f\u00fcr Office, Parallels, Dropbox und Sonstiges mit? \u2013 Doch am Ende, vor allem durch den morgendlichen Kaffee gest\u00e4rkt, bekomme ich das Wesentliche zum Laufen.<\/p><p>So steht unserem Besuch im Guggenheim Museum nichts mehr im Wege. Also wieder mit der Metro nach Bilbao, kleiner Zwischenstop im Brass und dann stehen wir endlich vor dem Guggenheim Museum. Hierzu ist sicherlich fast alles geschrieben worden, was man nur schreiben kann. \u2013 Deshalb schreibe ich einfach, welchen Eindruck die Ausstellung auf mich hatte. Mich hat sowohl das Geb\u00e4ude geflasht, sowohl von au\u00dfen, als auch innen.\u00a0 Allein die Materialien: Die Fassade aus Titan, Sandstein und Glas, in Verbindung mit Wellen, B\u00f6gen und Kurven. Wer wei\u00df wie aufwendig eine Zinkfassade ist, kann sich vorstellen, welch ein Aufwand hier betrieben wurde. - Aufgrund der Wirkung dieses Geb\u00e4udes kann ich gut verstehen, dass der US-Architekt Philip Johnson dieses mit den Worten \"Wenn ein Bauwerk so ist wie dieses, dann schei\u00df auf die Kunst.\" kommentierte. Was ich spannend finde, ist dass die\u00a0 Ausstellung, bereits im Au\u00dfenbereich und somit f\u00fcr jedermann zug\u00e4nglich, beginnt. Dass ich Puppy, einen monumentalen Westhighland Terrier in Form eines \u201eFlickenteppichs\u201c aus Blumen cool finden w\u00fcrde, h\u00e4tte ich nicht gedacht. \u2013 Doch genau das ist er. Maman, eine Spinnenskulptur sagte mir daf\u00fcr weniger. Obwohl es spannend war, welche Gef\u00fchle diese scheinbar bei vielen Betrachtern ausl\u00f6ste.<\/p><p>Auch innen gab es einiges zu sehen: Yves Klein, Robert Rauschenberg, Andy Warhol und Jeff Koons. Doch mir hat es mal wieder Gerhard Richter im Besonderen angetan. - Lokalpatriotismus? Nein, sein Bild Marinas verleitet mich dazu das Meer f\u00f6rmlich zu sp\u00fcren. Man, in dem Falle ich, meint es riechen zu k\u00f6nnen. Faszinierend, ich empfinde dieses Bild realer, als eine Hochglanzfotografie, und dass obwohl es in verschiedenen Bereichen zu verwaschen wirkt. \u2013 Also mehr Meer, ganz unser Motto.<\/p><\/div><div id=\"cc-m-12537606126\" class=\"j-module n j-gallery \"><div id=\"cc-m-gallery-12537606126\" class=\"cc-m-gallery-container cc-m-gallery-cool clearover\"><div id=\"gallery_thumb_8101111926\" class=\"cc-m-gallery-cool-item\"><div><a rel=\"lightbox[12537606126]\" data-href=\"https:\/\/planbwagen.de\/wp-content\/uploads\/attachments\/image.jpg\" data-title=\"\" data-index=\"0\"> <img style=\"height: 176px; width: 132px; margin-bottom: 3px; margin-right: 3px;\" src=\"https:\/\/planbwagen.de\/wp-content\/uploads\/2020\/07\/image-6-5-1.jpg\" alt=\"\" data-orig-width=\"1536\" data-orig-height=\"2048\" \/> <\/a><\/div><\/div><div id=\"gallery_thumb_8101111726\" class=\"cc-m-gallery-cool-item\"><div><a rel=\"lightbox[12537606126]\" data-href=\"https:\/\/planbwagen.de\/wp-content\/uploads\/attachments\/image.jpg\" data-title=\"\" data-index=\"1\"> <img style=\"height: 176px; width: 235px; margin-bottom: 3px;\" src=\"https:\/\/planbwagen.de\/wp-content\/uploads\/2020\/07\/image-7-4-5-5.jpg\" alt=\"\" data-orig-width=\"2048\" data-orig-height=\"1536\" \/> <\/a><\/div><\/div><div id=\"gallery_thumb_8101112826\" class=\"cc-m-gallery-cool-item\"><div><a rel=\"lightbox[12537606126]\" data-href=\"https:\/\/planbwagen.de\/wp-content\/uploads\/attachments\/image.png\" data-title=\"\" data-index=\"2\"> <img style=\"height: 208px; width: 370px; margin-bottom: 3px;\" src=\"https:\/\/planbwagen.de\/wp-content\/uploads\/2020\/07\/image-9-3-8.png\" alt=\"\" data-orig-width=\"2048\" data-orig-height=\"1152\" \/> <\/a><\/div><\/div><div id=\"gallery_thumb_8101112426\" class=\"cc-m-gallery-cool-item\"><div><a rel=\"lightbox[12537606126]\" data-href=\"https:\/\/planbwagen.de\/wp-content\/uploads\/attachments\/image.jpg\" data-title=\"\" data-index=\"3\"> <img style=\"height: 208px; width: 156px; margin-bottom: 3px;\" src=\"https:\/\/planbwagen.de\/wp-content\/uploads\/2020\/07\/image-8-9-6.jpg\" alt=\"\" data-orig-width=\"1536\" data-orig-height=\"2048\" \/> <\/a><\/div><\/div><\/div><\/div><div id=\"cc-m-12537608426\" class=\"j-module n j-text \"><p>Aber auch die Werke Richard Serras haben mich zutiefst beeindruckt. Die gut vier Meter hohen Stahlplatten erschlie\u00dfen sich sicher f\u00fcr jeden Betrachter auf unterschiedliche Art und Weise. Vor allem die Zeit scheint sich hier zu verlieren. Mich hat aber vor allem die Leichtigkeit dieser tonnenschweren Skulpturen begeistert. Die Formen erinnerten mich an Sandd\u00fcnen, die Zeit schien zu rieseln. - Ich w\u00fcrde hierzu gern Empfindungen anderer Betrachter kennen lernen.<\/p><p>Uns hat es also gefallen, f\u00fcr Torgit hat der Besuch Guggenheim Ausstellung noch eine weitere Bedeutung. Wieder ein Hacken mehr auf der L\u00f6ffelliste.<\/p><\/div><div id=\"cc-m-12537606726\" class=\"j-module n j-gallery \"><div id=\"cc-m-gallery-12537606726\" class=\"cc-m-gallery-container cc-m-gallery-cool clearover\"><div id=\"gallery_thumb_8101113026\" class=\"cc-m-gallery-cool-item\"><div><a rel=\"lightbox[12537606726]\" data-href=\"https:\/\/planbwagen.de\/wp-content\/uploads\/attachments\/image.jpg\" data-title=\"\" data-index=\"0\"> <img style=\"height: 277px; width: 370px; margin-bottom: 3px;\" src=\"https:\/\/planbwagen.de\/wp-content\/uploads\/2020\/07\/image-7-1-2-0.jpg\" alt=\"\" data-orig-width=\"2048\" data-orig-height=\"1536\" \/> <\/a><\/div><\/div><div id=\"gallery_thumb_8101112226\" class=\"cc-m-gallery-cool-item\"><div><a rel=\"lightbox[12537606726]\" data-href=\"https:\/\/planbwagen.de\/wp-content\/uploads\/attachments\/image.jpg\" data-title=\"\" data-index=\"1\"> <img style=\"height: 244px; width: 183px; margin-bottom: 3px; margin-right: 3px;\" src=\"https:\/\/planbwagen.de\/wp-content\/uploads\/2020\/07\/image-9-6-8.jpg\" alt=\"\" data-orig-width=\"1536\" data-orig-height=\"2048\" \/> <\/a><\/div><\/div><div id=\"gallery_thumb_8101112026\" class=\"cc-m-gallery-cool-item\"><div><a rel=\"lightbox[12537606726]\" data-href=\"https:\/\/planbwagen.de\/wp-content\/uploads\/attachments\/image.jpg\" data-title=\"\" data-index=\"2\"> <img style=\"height: 244px; width: 184px; margin-bottom: 3px;\" src=\"https:\/\/planbwagen.de\/wp-content\/uploads\/2020\/07\/image-0-0-3.jpg\" alt=\"\" data-orig-width=\"1536\" data-orig-height=\"2048\" \/> <\/a><\/div><\/div><div id=\"gallery_thumb_8101112126\" class=\"cc-m-gallery-cool-item\"><div><a rel=\"lightbox[12537606726]\" data-href=\"https:\/\/planbwagen.de\/wp-content\/uploads\/attachments\/image.jpg\" data-title=\"\" data-index=\"3\"> <img style=\"height: 277px; width: 370px; margin-bottom: 3px;\" src=\"https:\/\/planbwagen.de\/wp-content\/uploads\/2020\/07\/image-1-3-2-8.jpg\" alt=\"\" data-orig-width=\"2048\" data-orig-height=\"1536\" \/> <\/a><\/div><\/div><\/div><\/div><div id=\"cc-m-12537608526\" class=\"j-module n j-text \"><p>Wir lassen unseren Trip nach Bilbao noch bei einem Glas Wein und ein paar Pintxos im Cafe Iruna ausklingen.<\/p><p>Sp\u00e4ter, als wir wieder bei Hector ankommen, finden wir in der Nachbarschaft sowohl ein D\u00fcsseldorfer, als auch ein K\u00f6lner Paar, beim Abendessen vereint. Es stellt sich heraus, dass es sich um eine langj\u00e4hrige Camperfreundschaft handelt. \u2013 Das K\u00f6lner Paar ist ebenfalls mit einem California unterwegs. Ihrem zehnten, wie sich herausstellt. Das Leben und Reisen im Calli, scheint jung zu halten. Denn der leicht ergraute K\u00f6llner behauptet jenseits der achtzig zu sein. Vielleicht hat er aber auch \u00fcbertrieben. ????<\/p><\/div><div id=\"cc-m-12572216826\" class=\"j-module n j-text \"><p style=\"text-align: right;\">\u00a0 \u00a0\u00a0<a class=\"j-calltoaction-link j-calltoaction-link-style-2\" style=\"font-size: 16px; background-color: #ffcc00; border-width: 2px; border-color: #ffcc00; color: #ffffff; user-select: text; padding: 10px 20px; line-height: 1.5; border-radius: 0px; -webkit-appearance: none; margin: 1em 0px;\" title=\"Tag No. 29 - Die Welt geht unter ...\" href=\"\/2019\/10\/02\/tag-no-29-die-welt-geht-unter\/\" data-action=\"button\" data-title=\"Sunny Side Up\">Sunny Side Up\u00a0 \u00a0\u00a0<\/a><\/p><p style=\"text-align: right;\"><a class=\"j-calltoaction-link j-calltoaction-link-style-2\" style=\"background-color: #ffcc00; border-width: 2px; border-color: #ffcc00; color: #ffffff; user-select: text; padding: 10px 20px; font-size: 16px; line-height: 1.5; border-radius: 0px; -webkit-appearance: none; margin: 1em 0px;\" title=\"Tag No. 27 - ... und es kam schlimmer\" href=\"\/2019\/10\/02\/tag-no-27-und-es-kam-schlimmer\/\" data-action=\"button\" data-title=\"Sunny Side Down\"> Sunny Side Down\u00a0 \u00a0\u00a0<\/a><\/p><\/div><\/div><\/div><div class=\"j-module n j-text j-blog-post--tags-wrapper\"><span class=\"j-blog-post--tags--template\" style=\"display: none;\"><a class=\"j-blog-post--tag\" href=\"https:\/\/www.gluecksmuskel.de\/hectors-reisen\/?tag=tagPlaceholder\">tagPlaceholder<\/a><\/span><span class=\"j-blog-post--tags-label\" style=\"display: none;\">Tags:<\/span><\/div><div class=\"n j-comment\"><div id=\"commentsModule12537605726\"><p id=\"skiptoform12537605726\" class=\"skiptoform\"><a href=\"#\" data-id=\"12537605726\" data-action=\"goToForm\">Kommentar schreiben<\/a><\/p><div id=\"numComments12537605726\" class=\"j-blog-comment-counter\">Kommentare: <i class=\"cc-comments-count\">0<\/i><\/div><ul id=\"commentOutput12537605726\" class=\"com-list-noava\"><li id=\"commentFormContainer12537605726\" class=\"commentstd clearover\"><strong class=\"number\">#1<\/strong><br \/><div class=\"com-meta\">\u00a0<\/div><p><a name=\"commentForm12537605726\"><\/a><\/p><div class=\"commententry cc-com-entry\"><form id=\"commentform12537605726\" action=\"\" enctype=\"application\/x-www-form-urlencoded\" method=\"post\"><div><label class=\"required\" for=\"name12537605726\">Name: *<\/label><br \/><input id=\"name12537605726\" class=\"single\" name=\"name\" type=\"text\" value=\"\" \/><\/div><div><label class=\"required\" for=\"comment12537605726\">Eintrag: *<\/label><br \/><textarea id=\"comment12537605726\" cols=\"80\" name=\"comment\" rows=\"6\"><\/textarea><\/div><div><label class=\"required\" for=\"privacyPolicy12537605726\">Es gilt die <a href=\"\/j\/privacy\" target=\"_blank\" rel=\"noopener noreferrer\">Datenschutzerkl\u00e4rung<\/a>. *<\/label><br \/><input name=\"privacyPolicy\" type=\"hidden\" value=\"0\" \/><input id=\"privacyPolicy12537605726\" name=\"privacyPolicy\" type=\"checkbox\" value=\"1\" \/><\/div><div><input id=\"submit12537605726\" name=\"Senden\" type=\"submit\" value=\"Senden\" \/><\/div><dl class=\"zend_form\"><dt id=\"mandFields-label\"><\/dt><\/dl><div style=\"margin-top: 4px;\">* Pflichtfelder<\/div><\/form><\/div><div class=\"c\">\u00a0<\/div><\/li><\/ul><div id=\"commentError12537605726\" class=\"message-error\" style=\"display: none;\">\u00a0<\/div><div id=\"commentSuccess12537605726\" class=\"message-ok\" style=\"display: none;\">\u00a0<\/div><\/div><p><script>\/\/ <![CDATA[ window.regModule(\"module_comment\", {\"data\":{\"id\":\"12537605726\",\"closed\":\"0\",\"captcha\":\"dc733f65af1cbb5412c774240db2d037\",\"avatar\":false,\"lang\":{\"comment\":\"Kommentar\",\"comments\":\"Kommentare\"}}}); \/\/ ]]> <\/script><\/p><\/div><\/article>","_et_gb_content_width":"","footnotes":""},"categories":[9],"tags":[],"class_list":["post-1869","post","type-post","status-publish","format-standard","has-post-thumbnail","hentry","category-spanien"],"_links":{"self":[{"href":"https:\/\/www.planbwagen.de\/it\/wp-json\/wp\/v2\/posts\/1869","targetHints":{"allow":["GET"]}}],"collection":[{"href":"https:\/\/www.planbwagen.de\/it\/wp-json\/wp\/v2\/posts"}],"about":[{"href":"https:\/\/www.planbwagen.de\/it\/wp-json\/wp\/v2\/types\/post"}],"author":[{"embeddable":true,"href":"https:\/\/www.planbwagen.de\/it\/wp-json\/wp\/v2\/users\/1"}],"replies":[{"embeddable":true,"href":"https:\/\/www.planbwagen.de\/it\/wp-json\/wp\/v2\/comments?post=1869"}],"version-history":[{"count":8,"href":"https:\/\/www.planbwagen.de\/it\/wp-json\/wp\/v2\/posts\/1869\/revisions"}],"predecessor-version":[{"id":9666,"href":"https:\/\/www.planbwagen.de\/it\/wp-json\/wp\/v2\/posts\/1869\/revisions\/9666"}],"wp:featuredmedia":[{"embeddable":true,"href":"https:\/\/www.planbwagen.de\/it\/wp-json\/wp\/v2\/media\/3998"}],"wp:attachment":[{"href":"https:\/\/www.planbwagen.de\/it\/wp-json\/wp\/v2\/media?parent=1869"}],"wp:term":[{"taxonomy":"category","embeddable":true,"href":"https:\/\/www.planbwagen.de\/it\/wp-json\/wp\/v2\/categories?post=1869"},{"taxonomy":"post_tag","embeddable":true,"href":"https:\/\/www.planbwagen.de\/it\/wp-json\/wp\/v2\/tags?post=1869"}],"curies":[{"name":"wp","href":"https:\/\/api.w.org\/{rel}","templated":true}]}}