{"id":1445,"date":"2019-11-25T19:22:23","date_gmt":"2019-11-25T19:22:23","guid":{"rendered":""},"modified":"2020-11-02T10:43:55","modified_gmt":"2020-11-02T10:43:55","slug":"tag-no-82-hoehle-von-benagil-unser-abschied-von-der-algarve","status":"publish","type":"post","link":"https:\/\/www.planbwagen.de\/it\/portogallo\/giorno-n-82-grotta-di-benagil-il-nostro-addio-allalgarve\/","title":{"rendered":"Giorno n. 82 - Grotta di Benagil - Il nostro addio all'Algarve"},"content":{"rendered":"<p>[et_pb_section fb_built=&#8220;1&#8243; _builder_version=&#8220;3.22&#8243;][et_pb_row column_structure=&#8220;1_3,1_3,1_3&#8243; _builder_version=&#8220;4.5.1&#8243; _module_preset=&#8220;default&#8220;][et_pb_column type=&#8220;1_3&#8243; _builder_version=&#8220;4.5.1&#8243; _module_preset=&#8220;default&#8220;][et_pb_image src=&#8220;https:\/\/www.planbwagen.de\/wp-content\/uploads\/2020\/09\/1-126.jpg&#8220; alt=&#8220;Kliff N\u00e4her der H\u00f6hle von Benagil an der Algarve,  oberhalb des  gleichnamigen Sandstrand Praia de Benagil.&#8220; _builder_version=&#8220;4.5.1&#8243; _module_preset=&#8220;default&#8220;][\/et_pb_image][\/et_pb_column][et_pb_column type=&#8220;1_3&#8243; _builder_version=&#8220;4.5.1&#8243; _module_preset=&#8220;default&#8220;][et_pb_image src=&#8220;https:\/\/www.planbwagen.de\/wp-content\/uploads\/2020\/09\/2-121.jpg&#8220; alt=&#8220;VW T5 California auf Kliff in der N\u00e4he der H\u00f6hle von Benagil an der Algarve,  oberhalb des  gleichnamigen Sandstrand Praia de Benagil.&#8220; title_text=&#8220;2&#8243; _builder_version=&#8220;4.5.1&#8243; _module_preset=&#8220;default&#8220;][\/et_pb_image][\/et_pb_column][et_pb_column type=&#8220;1_3&#8243; _builder_version=&#8220;4.5.1&#8243; _module_preset=&#8220;default&#8220;][et_pb_image src=&#8220;https:\/\/www.planbwagen.de\/wp-content\/uploads\/2020\/09\/3-112.jpg&#8220; alt=&#8220;Torgit N\u00e4he der H\u00f6hle von Benagil an der Algarve,  oberhalb des  gleichnamigen Sandstrand Praia de Benagil.&#8220; title_text=&#8220;3&#8243; _builder_version=&#8220;4.5.1&#8243; _module_preset=&#8220;default&#8220;][\/et_pb_image][\/et_pb_column][\/et_pb_row][et_pb_row _builder_version=&#8220;4.5.1&#8243; _module_preset=&#8220;default&#8220;][et_pb_column type=&#8220;4_4&#8243; _builder_version=&#8220;4.5.1&#8243; _module_preset=&#8220;default&#8220;][et_pb_text _builder_version=&#8220;4.5.1&#8243; _module_preset=&#8220;default&#8220;]<\/p>\n<div id=\"ez-toc-container\" class=\"ez-toc-v2_0_76 counter-hierarchy ez-toc-counter ez-toc-grey ez-toc-container-direction\">\n<p class=\"ez-toc-title\" style=\"cursor:inherit\">Content<\/p>\n<label for=\"ez-toc-cssicon-toggle-item-69f4b725403a0\" class=\"ez-toc-cssicon-toggle-label\"><span class=\"\"><span class=\"eztoc-hide\" style=\"display:none;\">Toggle<\/span><span class=\"ez-toc-icon-toggle-span\"><svg style=\"fill: #999;color:#999\" xmlns=\"http:\/\/www.w3.org\/2000\/svg\" class=\"list-377408\" width=\"20px\" height=\"20px\" viewbox=\"0 0 24 24\" fill=\"none\"><path d=\"M6 6H4v2h2V6zm14 0H8v2h12V6zM4 11h2v2H4v-2zm16 0H8v2h12v-2zM4 16h2v2H4v-2zm16 0H8v2h12v-2z\" fill=\"currentColor\"><\/path><\/svg><svg style=\"fill: #999;color:#999\" class=\"arrow-unsorted-368013\" xmlns=\"http:\/\/www.w3.org\/2000\/svg\" width=\"10px\" height=\"10px\" viewbox=\"0 0 24 24\" version=\"1.2\" baseprofile=\"tiny\"><path d=\"M18.2 9.3l-6.2-6.3-6.2 6.3c-.2.2-.3.4-.3.7s.1.5.3.7c.2.2.4.3.7.3h11c.3 0 .5-.1.7-.3.2-.2.3-.5.3-.7s-.1-.5-.3-.7zM5.8 14.7l6.2 6.3 6.2-6.3c.2-.2.3-.5.3-.7s-.1-.5-.3-.7c-.2-.2-.4-.3-.7-.3h-11c-.3 0-.5.1-.7.3-.2.2-.3.5-.3.7s.1.5.3.7z\"\/><\/svg><\/span><\/span><\/label><input type=\"checkbox\"  id=\"ez-toc-cssicon-toggle-item-69f4b725403a0\"  aria-label=\"Toggle\" \/><nav><ul class='ez-toc-list ez-toc-list-level-1' ><li class='ez-toc-page-1 ez-toc-heading-level-2'><a class=\"ez-toc-link ez-toc-heading-1\" href=\"https:\/\/www.planbwagen.de\/it\/portogallo\/giorno-n-82-grotta-di-benagil-il-nostro-addio-allalgarve\/#Neuer_Tagesrhythmus\" >Nuovo ritmo giornaliero<\/a><\/li><li class='ez-toc-page-1 ez-toc-heading-level-2'><a class=\"ez-toc-link ez-toc-heading-2\" href=\"https:\/\/www.planbwagen.de\/it\/portogallo\/giorno-n-82-grotta-di-benagil-il-nostro-addio-allalgarve\/#Hohle_von_Benagil\" >Grotta di Benagil<\/a><\/li><li class='ez-toc-page-1 ez-toc-heading-level-2'><a class=\"ez-toc-link ez-toc-heading-3\" href=\"https:\/\/www.planbwagen.de\/it\/portogallo\/giorno-n-82-grotta-di-benagil-il-nostro-addio-allalgarve\/#Die_Reisende\" >Il viaggiatore<\/a><\/li><li class='ez-toc-page-1 ez-toc-heading-level-2'><a class=\"ez-toc-link ez-toc-heading-4\" href=\"https:\/\/www.planbwagen.de\/it\/portogallo\/giorno-n-82-grotta-di-benagil-il-nostro-addio-allalgarve\/#Stellplatz_Skys_Pension\" >Pensione Pitch Skys<\/a><\/li><li class='ez-toc-page-1 ez-toc-heading-level-2'><a class=\"ez-toc-link ez-toc-heading-5\" href=\"https:\/\/www.planbwagen.de\/it\/portogallo\/giorno-n-82-grotta-di-benagil-il-nostro-addio-allalgarve\/#Der_NordVan\" >Il NordVan<\/a><\/li><li class='ez-toc-page-1 ez-toc-heading-level-2'><a class=\"ez-toc-link ez-toc-heading-6\" href=\"https:\/\/www.planbwagen.de\/it\/portogallo\/giorno-n-82-grotta-di-benagil-il-nostro-addio-allalgarve\/#RTL_Spendenmarathon\" >Telethon RTL<\/a><\/li><li class='ez-toc-page-1 ez-toc-heading-level-2'><a class=\"ez-toc-link ez-toc-heading-7\" href=\"https:\/\/www.planbwagen.de\/it\/portogallo\/giorno-n-82-grotta-di-benagil-il-nostro-addio-allalgarve\/#Udo_vom_Yukon\" >Udo dallo Yukon<\/a><\/li><li class='ez-toc-page-1 ez-toc-heading-level-2'><a class=\"ez-toc-link ez-toc-heading-8\" href=\"https:\/\/www.planbwagen.de\/it\/portogallo\/giorno-n-82-grotta-di-benagil-il-nostro-addio-allalgarve\/#Volkerverstandigung\" >Comprensione internazionale<\/a><\/li><\/ul><\/nav><\/div>\n<h2><span class=\"ez-toc-section\" id=\"Neuer_Tagesrhythmus\"><\/span>Nuovo ritmo giornaliero<span class=\"ez-toc-section-end\"><\/span><\/h2>\n<p>Dopo aver goduto del tramonto sulla scogliera tutto per noi ieri sera, abbiamo avuto la fortuna di poter ammirare l'alba nello stesso punto questa mattina. - Abbiamo solo dovuto girare la testa a sinistra invece che a destra. Nel frattempo i nostri ritmi sono cambiati notevolmente. Prima lavoravo spesso fino alle 21:00 o alle 22:00. - Poi cenavamo e guardavamo un film. - Raramente andavo a letto prima dell'una di notte. Anche nei giorni in cui facevo esercizio fisico al mattino, raramente lo facevo prima o all'alba. Qui \u00e8 completamente diverso. Quando il sole tramonta, anche la nostra serata finisce. Di solito andiamo a letto un'ora dopo. (Nota di Torgit: qui in Portogallo il sole tramonta pi\u00f9 tardi che in Germania)<\/p>\n<p>Poich\u00e9 inizia a piovere, partiamo oggi dopo il primo caff\u00e8. Altrimenti siamo troppo preoccupati che Hector rimanga bloccato. Ci rendiamo sempre pi\u00f9 conto che con Spector, come si chiamer\u00e0 il successore di Hector, avremo bisogno anche della trazione integrale.<\/p>\n<h2><span class=\"ez-toc-section\" id=\"Hohle_von_Benagil\"><\/span>Grotta di Benagil<span class=\"ez-toc-section-end\"><\/span><\/h2>\n<p>Proseguiamo un po' parallelamente alla scogliera e arriviamo alla grotta di Benagil. La grotta di Benagil, in Algarve, \u00e8 una delle attrazioni pi\u00f9 popolari del sud del Portogallo. Si trova direttamente sull'omonima spiaggia sabbiosa, Praia de Benagil. Da qui, basta una breve passeggiata per raggiungere questa spettacolare grotta. Ci sdraiamo a pancia in gi\u00f9 e guardiamo nel buio profondo. Il surf infuria sotto di noi. Una sensazione incredibile.\u00a0<\/p>\n<h2><span class=\"ez-toc-section\" id=\"Die_Reisende\"><\/span>Il viaggiatore<span class=\"ez-toc-section-end\"><\/span><\/h2>\n<p>Un po' pi\u00f9 in alto, sulla scogliera, una ragazza \u00e8 seduta sotto una sporgenza. Sembra cos\u00ec rilassata che devo disturbarla. Le parlo in inglese e le chiedo se vuole farsi una foto. Lei mi porge la sua GoPro ridendo. Invece di una foto, ricevo un video. Si scopre che anche lei \u00e8 una viaggiatrice.<\/p>\n<p>Anna kommt vom Dorf. Wisst ihr wie Landm\u00e4dchen ihre Heimat beschreiben? &#8211; &#8222;Kennt ihr Stuttgart? Kennt ihr vielleicht auch T\u00fcbingen? Vielleicht kenn ihr dann ja auch noch Balingen? Ich komme von einem kleinen Dorf in der N\u00e4he von Balingen, dass kennt sowieso keiner.&#8220; &#8211; Anna ist genauso sympathisch wie ihre Beschreibung. Wir w\u00fcnschen ihr viel Zufriedenheit auf ihrer Tour. &#8211; Torgit macht noch ein Suchbild von mir. &#8211; Sp\u00e4ter wandern wir durch den Regen zur\u00fcck zu Hector. Eine Jacke w\u00e4re sinnvoll gewesen.<\/p>\n<p>[\/et_pb_text][\/et_pb_column][\/et_pb_row][et_pb_row column_structure=&#8220;1_2,1_2&#8243; _builder_version=&#8220;4.5.1&#8243; _module_preset=&#8220;default&#8220;][et_pb_column type=&#8220;1_2&#8243; _builder_version=&#8220;4.5.1&#8243; _module_preset=&#8220;default&#8220;][et_pb_image src=&#8220;https:\/\/www.planbwagen.de\/wp-content\/uploads\/2020\/09\/5-88.jpg&#8220; alt=&#8220;M\u00e4dchen im Yogasitz in der N\u00e4he der H\u00f6hle von Benagil an der Algarve,  oberhalb des  gleichnamigen Sandstrand Praia de Benagil.&#8220; title_text=&#8220;5&#8243; _builder_version=&#8220;4.5.1&#8243; _module_preset=&#8220;default&#8220;][\/et_pb_image][\/et_pb_column][et_pb_column type=&#8220;1_2&#8243; _builder_version=&#8220;4.5.1&#8243; _module_preset=&#8220;default&#8220;][et_pb_image src=&#8220;https:\/\/www.planbwagen.de\/wp-content\/uploads\/2020\/09\/6-84.jpg&#8220; alt=&#8220;Blick in die H\u00f6hle von Benagil an der Algarve,  oberhalb des  gleichnamigen Sandstrand Praia de Benagil.&#8220; title_text=&#8220;6&#8243; _builder_version=&#8220;4.5.1&#8243; _module_preset=&#8220;default&#8220;][\/et_pb_image][\/et_pb_column][\/et_pb_row][et_pb_row _builder_version=&#8220;4.5.1&#8243; _module_preset=&#8220;default&#8220;][et_pb_column type=&#8220;4_4&#8243; _builder_version=&#8220;4.5.1&#8243; _module_preset=&#8220;default&#8220;][et_pb_text _builder_version=&#8220;4.5.1&#8243; _module_preset=&#8220;default&#8220;]<\/p>\n<h2><span class=\"ez-toc-section\" id=\"Stellplatz_Skys_Pension\"><\/span>Pensione Pitch Skys<span class=\"ez-toc-section-end\"><\/span><\/h2>\n<p>Dopo la colazione, partiamo per la nostra piazzola alla Skys Pension, vicino ad Almancil. \u00c8 qui che parcheggeremo Hector per i prossimi giorni. Sulla strada per la piazzola, vediamo una Bimobile molto bella e un Defender a una rotonda. Il mio interesse si accende. Solo quando sorpassiamo mi rendo conto che non avevo fatto attenzione al fatto che stavo guidando a 180 gradi nella direzione sbagliata. Cos\u00ec mi giro e torno indietro. - Perch\u00e9 Torgit sta ridendo di me?<\/p>\n<p>Sul posto incontriamo una comunit\u00e0 entusiasmante. - Rafael Paulo, il proprietario, si sente tedesco, anche se ha origini portoghesi. Tuttavia, la realizzazione del suo sogno di costruire case minuscole nella societ\u00e0 locale si scontra ripetutamente con dei limiti. - Come pensavo, il percorso per diventare proprietario qui \u00e8 molto pi\u00f9 impegnativo di quanto alcuni turisti possano immaginare. - Il campo \u00e8 decisamente rustico, ma questo viene messo in ombra dal modo aperto dei proprietari. - Ci sentiamo a casa.<\/p>\n<h2><span class=\"ez-toc-section\" id=\"Der_NordVan\"><\/span>Il NordVan<span class=\"ez-toc-section-end\"><\/span><\/h2>\n<p>Mentre parcheggiamo il nostro Hector, ci troviamo accanto Tanni con un T6 di NordVan, un'azienda di trasformazioni di Neum\u00fcnster.  Il concetto basato sul passo lungo sembra vincente, ma conferma ancora una volta la nostra scelta a favore di uno SpaceCamper. Tanni si \u00e8 presa un anno di pausa e lo descrive sul suo blog:\u00a0<a href=\"https:\/\/tanniontour.de\/\" target=\"_top\" rel=\"noopener noreferrer\">https:\/\/tanniontour.de\/<\/a>\u00a0<\/p>\n<p>&nbsp;<\/p>\n<h2><span class=\"ez-toc-section\" id=\"RTL_Spendenmarathon\"><\/span>Telethon RTL<span class=\"ez-toc-section-end\"><\/span><\/h2>\n<p>Hier habe ich endlich wieder die M\u00f6glichkeit gut online zu gehen. Spannend finde ich, dass das mobile Telefonnetz und das Datennetz oft gegens\u00e4tzlich funktionieren. &#8211; Pl\u00f6tzlich erinnert mich facebook an den RTL Spendenmarathon von vor drei Jahren. Nachdem ich in den letzten Jahren gemeinsam mit &#8222;meinem&#8220; Team auf Spinningrad, Kettcar und Tretroller mitgefahren bin, freue ich mich diesmal entspannt von der Ferne zuzusehen. Das Team OKAL hat sich, auch ohne mich, vorbildlich geschlagen. Weiter so!<\/p>\n<p>[\/et_pb_text][et_pb_image src=&#8220;https:\/\/www.planbwagen.de\/wp-content\/uploads\/2020\/09\/7-62.jpg&#8220; alt=&#8220;RTL Spendenmarathon Team H\u00e4usgen mit Joe Kelly&#8220; title_text=&#8220;7&#8243; _builder_version=&#8220;4.5.1&#8243; _module_preset=&#8220;default&#8220;][\/et_pb_image][et_pb_text _builder_version=&#8220;4.5.1&#8243; _module_preset=&#8220;default&#8220;]<\/p>\n<p>All'ora di pranzo, il campo \u00e8 letteralmente in mano ai tedeschi. Almeno si parla tedesco. Verso sera la situazione diventa pi\u00f9 cosmopolita. Il cerchio si allarga. Riconoscete questo? Un francese, un inglese e tre tedeschi seduti attorno a un fuoco? Poi ci sono polacchi, svedesi, svizzeri... - Dov'\u00e8 la battuta? Aspettate la fine.<\/p>\n<h2><span class=\"ez-toc-section\" id=\"Udo_vom_Yukon\"><\/span>Udo dallo Yukon<span class=\"ez-toc-section-end\"><\/span><\/h2>\n<p>Quando arrivo al caminetto, qualche minuto dopo, Torgit \u00e8 gi\u00e0 impegnato in una conversazione con Udo, un berlinese. - Berlino \u00e8 la parola sbagliata. Ma almeno Udo ha gestito per molti anni un'azienda con un partner commerciale a Berlino. Quella che era iniziata come una piccola attivit\u00e0 \u00e8 diventata un'azienda con 56 dipendenti. - Ma un giorno, alla giovane et\u00e0 di quasi 50 anni, Udo improvvisamente non volle pi\u00f9 avere questa responsabilit\u00e0. Da un giorno all'altro, ha venduto la sua mezza quota dell'azienda al suo socio per un euro, a condizione di essere libero lo stesso giorno. - Udo ha optato per una vita di libert\u00e0. Trascorse 15 anni in Canada, per la precisione nello Yukon.<\/p>\n<p>La corsa all'oro del Klondike, che all'epoca spinse molti avventurieri in questa zona, \u00e8 molto, molto tempo fa. Oggi, in un'area grande quasi due volte la Germania, vivono solo 38.000 persone, tre quarti delle quali nella sola citt\u00e0 di Whitehorse. Quindi c'\u00e8 molta pace e tranquillit\u00e0. Secondo le sue descrizioni, Udo viveva come si pu\u00f2 immaginare: Costruire una capanna di tronchi, fare escursioni in canoa sul fiume Yukon, viaggiare avanti e indietro con un pick-up, non solo attraverso il nord dell'America. Quando si parla di orsi, si limita a ridere: le zanzare sarebbero peggio. - Udo ha ormai 73 anni. Ma non \u00e8 affatto stufo di viaggiare e di vivere avventure. Almeno lo spera, perch\u00e9 una retina staccata potrebbe ostacolarlo. Per il resto, fa un'impressione pi\u00f9 che intelligente. \u00c8 ancora in tourn\u00e9e con Tiny, il suo cane. L'ultimo itinerario lo ha portato lungo il Mar Baltico, passando per la Polonia, l'Estonia, la Lituania, fino alla Scandinavia, alla Svezia, alla Finlandia, alle Lofoten e poi di nuovo alla Norvegia. I due hanno ancora molti progetti e si pu\u00f2 pensare che abbiano la fiducia necessaria per realizzarli.<\/p>\n<h2><span class=\"ez-toc-section\" id=\"Volkerverstandigung\"><\/span>Comprensione internazionale<span class=\"ez-toc-section-end\"><\/span><\/h2>\n<p>Doch wie war das noch mit dem Witz? &#8211; Bevor das Feuer nieder gebrannt ist, holt der Schweizer einige Instrumente, unter anderem ein Didgeridoo, eine Rassel, eine Fl\u00f6te aus seinem Van. &#8211; Schnell findet sich auch noch eine Gitarre. Der Reihe nach werden Songs vorgetragen. Der Franzose mit La Boh\u00e8me von Charles Aznavour, die Schweden mit Abba. Dann folgen St\u00fccke, die ich nicht kenne. Die Deutschen sind mal wieder sehr zur\u00fcckhaltend. &#8211; Ich \u00fcbernehme dann die Verantwortung mit einem Klassiker: Eisgek\u00fchlter Bommerlunder von den Toten Hosen. &#8211; Der Franzose ist begeistert, der Rest wei\u00df nichts damit anzufangen. &#8211; Ich geh dann mal schlafen. \ud83d\ude09<\/p>\n<p>Vi state ancora chiedendo dove fosse la battuta? - Avreste dovuto sentirmi cantare, era divertente, certo che lo era.<\/p>\n<p>Domani ci dirigeremo a Colonia. Faremo un ulteriore resoconto. - Lasciatevi sorprendere!<\/p>\n<p>Realizzazione del giorno: stiamo tornando a casa eppure stiamo perdendo la nostra casa. - Non vediamo l'ora di tornare in Algarve.<\/p>\n<p>[\/et_pb_text][\/et_pb_column][\/et_pb_row][et_pb_row column_structure=&#8220;1_2,1_2&#8243; _builder_version=&#8220;4.5.1&#8243; _module_preset=&#8220;default&#8220;][et_pb_column type=&#8220;1_2&#8243; _builder_version=&#8220;4.5.1&#8243; _module_preset=&#8220;default&#8220;][et_pb_image src=&#8220;https:\/\/www.planbwagen.de\/wp-content\/uploads\/2020\/09\/8-55.jpg&#8220; alt=&#8220;Campfeuer auf Stellplatz Skys Pension N\u00e4he Almancil&#8220; title_text=&#8220;8&#8243; _builder_version=&#8220;4.5.1&#8243; _module_preset=&#8220;default&#8220;][\/et_pb_image][\/et_pb_column][et_pb_column type=&#8220;1_2&#8243; _builder_version=&#8220;4.5.1&#8243; _module_preset=&#8220;default&#8220;][et_pb_image src=&#8220;https:\/\/www.planbwagen.de\/wp-content\/uploads\/2020\/09\/9-51.jpg&#8220; alt=&#8220;VW T6 NordVan neben VW T5 California auf dem Stellplatz Skys Pension N\u00e4he Almancil&#8220; title_text=&#8220;9&#8243; _builder_version=&#8220;4.5.1&#8243; _module_preset=&#8220;default&#8220;][\/et_pb_image][\/et_pb_column][\/et_pb_row][\/et_pb_section]<\/p>","protected":false},"excerpt":{"rendered":"<p>[et_pb_section fb_built=&#8220;1&#8243; _builder_version=&#8220;3.22&#8243;][et_pb_row column_structure=&#8220;1_3,1_3,1_3&#8243; _builder_version=&#8220;4.5.1&#8243; _module_preset=&#8220;default&#8220;][et_pb_column type=&#8220;1_3&#8243; _builder_version=&#8220;4.5.1&#8243; _module_preset=&#8220;default&#8220;][et_pb_image src=&#8220;https:\/\/www.planbwagen.de\/wp-content\/uploads\/2020\/09\/1-126.jpg&#8220; alt=&#8220;Kliff N\u00e4her der H\u00f6hle von Benagil an der Algarve, oberhalb des gleichnamigen Sandstrand Praia de Benagil.&#8220; _builder_version=&#8220;4.5.1&#8243; _module_preset=&#8220;default&#8220;][\/et_pb_image][\/et_pb_column][et_pb_column type=&#8220;1_3&#8243; _builder_version=&#8220;4.5.1&#8243; _module_preset=&#8220;default&#8220;][et_pb_image src=&#8220;https:\/\/www.planbwagen.de\/wp-content\/uploads\/2020\/09\/2-121.jpg&#8220; alt=&#8220;VW T5 California auf Kliff in der N\u00e4he der H\u00f6hle von Benagil an der Algarve, oberhalb des gleichnamigen Sandstrand Praia de Benagil.&#8220; title_text=&#8220;2&#8243; [&hellip;]<\/p>","protected":false},"author":1,"featured_media":2852,"comment_status":"open","ping_status":"open","sticky":false,"template":"","format":"standard","meta":{"_et_pb_use_builder":"on","_et_pb_old_content":"<div id=\"content_start\">\u00a0<\/div><article class=\"j-blog\"><div class=\"n j-blog-meta j-blog-post--header\"><div class=\"j-text j-module n\"><a class=\"j-blog-post--category\" href=\"https:\/\/www.gluecksmuskel.de\/hectors-reisen\/portugal\/\"> Portugal <\/a> \u00a0\u00b7\u00a0 <span class=\"j-text j-blog-post--date\"> 25. November 2019 <\/span><\/div><h1 class=\"j-blog-header j-blog-headline j-blog-post--headline\">Tag No. 82 - Abschied von der Algarve<\/h1><\/div><div class=\"post j-blog-content\"><div id=\"cc-matrix-3603354626\"><div id=\"cc-m-12556922026\" class=\"j-module n j-gallery \"><div id=\"cc-m-gallery-12556922026\" class=\"cc-m-gallery-container cc-m-gallery-cool clearover\"><div id=\"gallery_thumb_8114367626\" class=\"cc-m-gallery-cool-item\"><div><a rel=\"lightbox[12556922026]\" data-href=\"https:\/\/planbwagen.de\/wp-content\/uploads\/attachments\/image.jpg\" data-title=\"\" data-index=\"0\"> <img style=\"height: 277px; width: 370px; margin-bottom: 3px;\" src=\"https:\/\/planbwagen.de\/wp-content\/uploads\/2020\/07\/image-8-9-8-8.jpg\" alt=\"\" data-orig-width=\"2048\" data-orig-height=\"1536\" \/> <\/a><\/div><\/div><div id=\"gallery_thumb_8114367926\" class=\"cc-m-gallery-cool-item\"><div><a rel=\"lightbox[12556922026]\" data-href=\"https:\/\/planbwagen.de\/wp-content\/uploads\/attachments\/image.jpg\" data-title=\"\" data-index=\"1\"> <img style=\"height: 176px; width: 132px; margin-bottom: 3px; margin-right: 3px;\" src=\"https:\/\/planbwagen.de\/wp-content\/uploads\/2020\/07\/image-1-0-2-1.jpg\" alt=\"\" data-orig-width=\"1536\" data-orig-height=\"2048\" \/> <\/a><\/div><\/div><div id=\"gallery_thumb_8114367826\" class=\"cc-m-gallery-cool-item\"><div><a rel=\"lightbox[12556922026]\" data-href=\"https:\/\/planbwagen.de\/wp-content\/uploads\/attachments\/image.jpg\" data-title=\"\" data-index=\"2\"> <img style=\"height: 176px; width: 235px; margin-bottom: 3px;\" src=\"https:\/\/planbwagen.de\/wp-content\/uploads\/2020\/07\/image-2-5-0-1.jpg\" alt=\"\" data-orig-width=\"2048\" data-orig-height=\"1536\" \/> <\/a><\/div><\/div><\/div><\/div><div id=\"cc-m-12556921726\" class=\"j-module n j-text \"><p>\u00a0<\/p><p>Nachdem wir gestern Abend, f\u00fcr uns ganz alleine, auf dem Kliff den Sonnenuntergang genie\u00dfen durften, hatten wir heute morgen das Gl\u00fcck, ebenfalls den Sonnenaufgang am selbigen Platz zu bewundern. - Es galt nur den Kopf, statt nach rechts, nach links zu wenden. Inzwischen hat sich unser Rhythmus deutlich ge\u00e4ndert. Fr\u00fcher habe ich oft bis 21:00 oder 22:00 Uhr gearbeitet. - Danach wurde zu Abend gegessen, und dann noch ein Film geschaut. - Selten war ich vor 1:00 Uhr im Bett. Selbst an Tagen, an denen ich mich morgens mal sportlich\u00a0bet\u00e4tigt\u00a0habe,\u00a0war dies\u00a0selten\u00a0vor oder beim Sonnenaufgang. Hier ist es ganz anders. Wenn die Sonne untergegangen ist, geht auch\u00a0unser Abend zu Ende.\u00a0In der Regel sind wir eine Stunde sp\u00e4ter in der Koje. (Anm. von Torgit: Hier in Portugal geht die Sonne sp\u00e4ter unter als in Deutschland)<\/p><p>\u00a0<\/p><p>Da es zu regnen anf\u00e4ngt, starten wir heute auch nach dem ersten Kaffee durch. Die Sorge ansonsten Hector fest zu fahren, ist zu gro\u00df. Es\u00a0wird uns immer bewusster mit Spector, so wird Hector's Nachfolge hei\u00dfen, muss auch Allrad her.<\/p><p>\u00a0<\/p><p>Wir fahren ein St\u00fcckchen weiter parallel zum Kliff und kommen zu den H\u00f6hle von Benagil.\u00a0Von dort ist es nur ein kleiner Fu\u00dfmarsch bis zu einer spektakul\u00e4ren Grotte. Wir liegen auf dem Bauch und blicken ins tiefe Dunkel. Unter uns tobt die Brandung. Ein Wahnsinnsgef\u00fchl.<\/p><p>\u00a0<\/p><p>Ein St\u00fcckchen oberhalb am Kliff sitzt ein junges M\u00e4dchen unter einem Klippen\u00fcberhang. Sie wirkt so entspannt, da muss ich sie st\u00f6ren. Ich spreche sie auf Englisch an und frage, ob sie ein Bild von sich m\u00f6chte. Sie h\u00e4lt mir\u00a0lachend\u00a0ihre GoPro entgegen.\u00a0Statt Bild gibt es\u00a0halt ein Video. Es stellt sich heraus, dass sie ebenfalls eine Reisende ist. Anna kommt vom Dorf. Wisst ihr wie Landm\u00e4dchen ihre Heimat beschreiben? - \"Kennt ihr Stuttgart? Kennt ihr vielleicht auch T\u00fcbingen? Vielleicht\u00a0kenn ihr dann ja auch noch Balingen? Ich komme von einem kleinen Dorf in der N\u00e4he von Balingen, dass kennt sowieso keiner.\" - Anna ist genauso sympathisch wie ihre Beschreibung. Wir w\u00fcnschen ihr viel Zufriedenheit auf ihrer Tour. - Torgit macht noch ein Suchbild von mir. - Sp\u00e4ter\u00a0wandern wir durch den Regen zur\u00fcck zu Hector. Eine Jacke w\u00e4re sinnvoll gewesen.<\/p><p>\u00a0<\/p><\/div><div id=\"cc-m-12557130626\" class=\"j-module n j-gallery \"><div id=\"cc-m-gallery-12557130626\" class=\"cc-m-gallery-container cc-m-gallery-cool clearover\"><div id=\"gallery_thumb_8114569526\" class=\"cc-m-gallery-cool-item\"><div><a rel=\"lightbox[12557130626]\" data-href=\"https:\/\/planbwagen.de\/wp-content\/uploads\/attachments\/image.jpg\" data-title=\"\" data-index=\"0\"> <img style=\"height: 241px; width: 370px; margin-bottom: 3px;\" src=\"https:\/\/planbwagen.de\/wp-content\/uploads\/2020\/07\/image-9-5-8-0.jpg\" alt=\"\" data-orig-width=\"2048\" data-orig-height=\"1339\" \/> <\/a><\/div><\/div><div id=\"gallery_thumb_8114570226\" class=\"cc-m-gallery-cool-item\"><div><a rel=\"lightbox[12557130626]\" data-href=\"https:\/\/planbwagen.de\/wp-content\/uploads\/attachments\/image.jpg\" data-title=\"\" data-index=\"1\"> <img style=\"height: 277px; width: 370px; margin-bottom: 3px;\" src=\"https:\/\/planbwagen.de\/wp-content\/uploads\/2020\/07\/image-3-9-6-7.jpg\" alt=\"\" data-orig-width=\"2048\" data-orig-height=\"1536\" \/> <\/a><\/div><\/div><div id=\"gallery_thumb_8114570526\" class=\"cc-m-gallery-cool-item\"><div><a rel=\"lightbox[12557130626]\" data-href=\"https:\/\/planbwagen.de\/wp-content\/uploads\/attachments\/image.jpg\" data-title=\"\" data-index=\"2\"> <img style=\"height: 277px; width: 370px; margin-bottom: 3px;\" src=\"https:\/\/planbwagen.de\/wp-content\/uploads\/2020\/07\/image-5-4-5-8.jpg\" alt=\"\" data-orig-width=\"2048\" data-orig-height=\"1536\" \/> <\/a><\/div><\/div><\/div><\/div><div id=\"cc-m-12557130526\" class=\"j-module n j-text \"><p>\u00a0<\/p><p>Nach einem Fr\u00fchst\u00fcck machen wir uns auf zu unserem Stellplatz Skys Pension N\u00e4he Almancil. Hier werden wir Hector in den n\u00e4chsten Tagen parken.\u00a0Auf dem Weg zum Stellplatz sehen wir an einem Kreisverkehr ein sehr geiles Bimobil und einen Defender. Mein Interesse ist geweckt. Erst beim \u00dcberholen merke ich, dass ich \u00fcberhaupt nicht darauf geachtet habe, dass ich 180 Grad in die falsche Richtung gefahren bin. Also Kehrtwende und zur\u00fcck. - Warum lacht Torgit \u00fcber mich?<\/p><p>\u00a0<\/p><p>Vor Ort treffen wir auf eine spannende Gemeinschaft. - Rafael Paulo, der Besitzer f\u00fchlt sich als Deutscher, obwohl er portugiesische Wurzeln hat. Doch in der hiesigen Gesellschaft seinen Traum zur Realisierung von Tiny H\u00e4usern umzusetzen, st\u00f6\u00dft immer wieder an Grenzen. - Wie von mir gedacht, ist der Weg zum Eigentum hier deutlich herausfordernder, als es sich mancher Tourist denkt. - Der Stellplatz ist ausgesprochen rustikal, was aber durch die offene Art der Besitzer in den Hintergrund ger\u00e4t. - Wir f\u00fchlen uns wohl.<\/p><p>\u00a0<\/p><p>Als wir unseren Hector einparken, stellen wir uns neben Tanni mit einem T6 von\u00a0NordVan, einem Ausbauer aus Neum\u00fcnster.\u00a0\u00a0Das Konzept auf Basis des langen Radstandes scheint gelungen, best\u00e4tigt uns jedoch noch einmal in unserer Wahl f\u00fcr einen SpaceCamper. Tanni hat sich f\u00fcr ein Jahr eine Auszeit genommen und beschreibt diese auf ihrem Blog:\u00a0<a href=\"https:\/\/tanniontour.de\/\" target=\"_top\" rel=\"noopener noreferrer\">https:\/\/tanniontour.de\/<\/a><\/p><p>\u00a0<\/p><p>Hier habe ich endlich wieder die M\u00f6glichkeit gut online zu gehen. Spannend finde ich, dass das mobile Telefonnetz und das Datennetz oft gegens\u00e4tzlich funktionieren. - Pl\u00f6tzlich erinnert mich facebook an den RTL Spendenmarathon von vor drei Jahren. Nachdem ich in den letzten Jahren gemeinsam mit \"meinem\" Team auf Spinningrad, Kettcar und Tretroller mitgefahren bin, freue ich mich diesmal entspannt von der Ferne zuzusehen. Das Team OKAL hat sich, auch ohne mich, vorbildlich geschlagen. Weiter so!<\/p><p>\u00a0<\/p><\/div><div id=\"cc-m-12557138126\" class=\"j-module n j-imageSubtitle \"><figure class=\"cc-imagewrapper cc-m-image-align-3\"><img id=\"cc-m-imagesubtitle-image-12557138126\" class=\"\" src=\"https:\/\/planbwagen.de\/wp-content\/uploads\/2020\/07\/image-3-9-3-5.jpg\" sizes=\"(min-width: 896px) 896px, 100vw\" alt=\"\" data-src-width=\"896\" data-src-height=\"608\" data-src=\"https:\/\/planbwagen.de\/wp-content\/uploads\/2020\/07\/image-3-9-3-5.jpg\" data-image-id=\"8114574726\" data-pfsrc=\"https:\/\/planbwagen.de\/wp-content\/uploads\/2020\/07\/image-3-9-3-5.jpg\" \/><\/figure><div class=\"cc-clear\">\u00a0<\/div><\/div><div id=\"cc-m-12557137726\" class=\"j-module n j-text \"><p>\u00a0<\/p><p>Um die Mittagszeit ist der Stellplatz buchst\u00e4blich in Deutscher Hand. Zumindest\u00a0wird deutsch gesprochen. Gegen Abend wird es weltoffener. Der Kreis erweitert sich. Kennt ihr den? Ein Franzose, ein Engl\u00e4nder und drei Deutsche sitzen an einem Lagerfeuer? Kommen Polen, Schweden, Schweizer dazu... - Wo der Witz ist? Wartet auf das Ende.<\/p><p>\u00a0<\/p><p>Als ich ein paar Minuten sp\u00e4ter zur Feuerstelle komme, ist Torgit bereits in ein Gespr\u00e4ch mit Udo, einem Berliner vertieft. - Wobei Berliner eigentlich das falsche Wort ist. Doch zumindest hat Udo \u00fcber\u00a0viele Jahre in Berlin, mit einem Gesch\u00e4ftspartner, ein Unternehmen geleitet. Was zuerst als kleine Bude begann, war am Ende ein Unternehmen mit 56 Mitarbeitern. - Doch eines Tages, im jungen Alter von knapp 50, hatte Udo pl\u00f6tzlich keine Lust mehr auf die Verantwortung. Er\u00a0verkaufte seinen h\u00e4lftigen Anteil am Unternehmen, von einem auf den anderen Tag, f\u00fcr einen Euro mit der Bedingung, dass er am selben Tag frei w\u00e4re, an seinen Kompagnon.\u00a0- Udo hat sich f\u00fcr ein Leben in Freiheit entschieden. 15 Jahre verbrachte er in Kanada, genauer gesagt in Yukon. Der Klondike-Goldrausch, der damals viele Abenteurer in dieses Gebiet getrieben hat, ist lange, lange her. Heute leben auf einem Gebiet, was fast doppelt so gro\u00df wie Deutschland ist, nur 38.000 Einwohner, davon allein drei Viertel in der Stadt Whitehorse. Also Ruhe satt.\u00a0Udo lebte laut seinen Beschreibungen so, wie man sich das vorstellt: Blockh\u00fctte bauen, Kanutouren auf dem Yukon River, mit dem Pick-Up kreuz und quer, nicht nur durch den Norden Amerikas. Zum Thema B\u00e4ren lacht er nur, M\u00fccken w\u00e4ren schlimmer. - Inzwischen ist Udo 73 Jahre jung. Doch von Reisen und Abenteuer, hat er noch lange nicht die Nase voll. Das hofft er zumindest, denn\u00a0eine Netzhaut Abl\u00f6sung, k\u00f6nnte ihm in den Weg kommen. Ansonsten macht er einen mehr als pfiffigen Eindruck. Er ist immer noch mit Tiny, seinem Hund auf Tour. Seine letzte Route ging entlang der Ostsee, \u00fcber Polen, Estland, Litauen, hoch nach Skandinavien, Schweden, Finnland, Lofoten und dann zur\u00fcck \u00fcber Norwegen. Die beiden haben noch viel vor und man mag es ihnen zutrauen.<\/p><p>\u00a0<\/p><p>Doch wie war das noch mit dem Witz? - Bevor das\u00a0Feuer nieder gebrannt ist, holt der Schweizer einige Instrumente, unter anderem ein Didgeridoo, eine Rassel, eine Fl\u00f6te aus seinem Van. - Schnell findet sich auch noch eine Gitarre. Der Reihe nach werden Songs vorgetragen. Der Franzose mit La Boh\u00e8me von Charles Aznavour, die Schweden mit Abba. Dann folgen St\u00fccke, die ich nicht kenne. Die Deutschen sind mal wieder sehr zur\u00fcckhaltend. - Ich \u00fcbernehme\u00a0dann die Verantwortung mit einem Klassiker: Eisgek\u00fchlter Bommerlunder von den Toten Hosen. - Der Franzose ist begeistert, der Rest wei\u00df nichts damit anzufangen. - Ich geh dann mal schlafen. ;-)<\/p><p>\u00a0<\/p><p>Ihr fragt euch noch immer wo der Witz war? - Ihr h\u00e4ttet mich singen h\u00f6ren sollen, das war witzig, sicher das.<\/p><p>\u00a0<\/p><p>Morgen geht es Richtung K\u00f6ln. Wir werden weiter berichten. - Lasst Euch \u00fcberraschen.<\/p><p>\u00a0<\/p><p>Erkenntnis des Tages: Es geht nach Zuhause und dennoch verlieren wir unser Heim. - Wir freuen uns schon jetzt, wenn es zur\u00fcck an die Algarve geht.<\/p><p>\u00a0<\/p><\/div><div id=\"cc-m-12557100526\" class=\"j-module n j-gallery \"><div id=\"cc-m-gallery-12557100526\" class=\"cc-m-gallery-container cc-m-gallery-cool clearover\"><div id=\"gallery_thumb_8114534426\" class=\"cc-m-gallery-cool-item\"><div><a rel=\"lightbox[12557100526]\" data-href=\"https:\/\/planbwagen.de\/wp-content\/uploads\/attachments\/image.jpg\" data-title=\"\" data-index=\"0\"> <img style=\"height: 168px; width: 126px; margin-bottom: 20px; margin-right: 20px;\" src=\"https:\/\/planbwagen.de\/wp-content\/uploads\/2020\/07\/image-1-4-8-0-3.jpg\" alt=\"\" data-orig-width=\"1536\" data-orig-height=\"2048\" \/> <\/a><\/div><\/div><div id=\"gallery_thumb_8114578726\" class=\"cc-m-gallery-cool-item\"><div><a rel=\"lightbox[12557100526]\" data-href=\"https:\/\/planbwagen.de\/wp-content\/uploads\/attachments\/image.jpg\" data-title=\"\" data-index=\"1\"> <img style=\"height: 168px; width: 224px; margin-bottom: 20px;\" src=\"https:\/\/planbwagen.de\/wp-content\/uploads\/2020\/07\/image-6-8-4-6.jpg\" alt=\"\" data-orig-width=\"2048\" data-orig-height=\"1536\" \/> <\/a><\/div><\/div><\/div><\/div><div id=\"cc-m-12572903626\" class=\"j-module n j-text \"><p style=\"text-align: right;\"><a class=\"j-calltoaction-link j-calltoaction-link-style-2\" style=\"font-size: 16px; background-color: #ffcc00; border-width: 2px; border-color: #ffcc00; color: #ffffff; user-select: text; padding: 10px 20px; line-height: 1.5; border-radius: 0px; -webkit-appearance: none; margin: 1em 0px;\" title=\"Tag No. 83 - Auf nach K\u00f6lle\" href=\"\/2019\/11\/26\/tag-no-83-auf-nach-k%C3%B6lle\/\" data-action=\"button\" data-title=\"Sunny Side Up\"> Sunny Side Up\u00a0 \u00a0\u00a0<\/a><\/p><p style=\"text-align: right;\"><a class=\"j-calltoaction-link j-calltoaction-link-style-2\" style=\"background-color: #ffcc00; border-width: 2px; border-color: #ffcc00; color: #ffffff; user-select: text; padding: 10px 20px; font-size: 16px; line-height: 1.5; border-radius: 0px; -webkit-appearance: none; margin: 1em 0px;\" title=\"Tag No. 81 - Lighthouse2Lighthouse\" href=\"\/2019\/11\/24\/tag-no-81-lighthouse2lighthouse\/\" data-action=\"button\" data-title=\"Sunny Side Down\"> Sunny Side Down\u00a0 \u00a0\u00a0<\/a><\/p><\/div><\/div><\/div><div class=\"j-module n j-text j-blog-post--tags-wrapper\"><span class=\"j-blog-post--tags--template\" style=\"display: none;\"><a class=\"j-blog-post--tag\" href=\"https:\/\/www.gluecksmuskel.de\/hectors-reisen\/?tag=tagPlaceholder\">tagPlaceholder<\/a><\/span><span class=\"j-blog-post--tags-label\" style=\"display: none;\">Tags:<\/span><\/div><div class=\"n j-comment\"><div id=\"commentsModule12556921426\"><p id=\"skiptoform12556921426\" class=\"skiptoform\"><a href=\"#\" data-id=\"12556921426\" data-action=\"goToForm\">Kommentar schreiben<\/a><\/p><div id=\"numComments12556921426\" class=\"j-blog-comment-counter\">Kommentare: <i class=\"cc-comments-count\">0<\/i><\/div><ul id=\"commentOutput12556921426\" class=\"com-list-noava\"><li id=\"commentFormContainer12556921426\" class=\"commentstd clearover cc-m-comment-loading\"><a name=\"commentForm12556921426\"><\/a><\/li><\/ul><div id=\"commentError12556921426\" class=\"message-error\" style=\"display: none;\">\u00a0<\/div><div id=\"commentSuccess12556921426\" class=\"message-ok\" style=\"display: none;\">\u00a0<\/div><\/div><p><script>\/\/ <![CDATA[ window.regModule(\"module_comment\", {\"data\":{\"id\":\"12556921426\",\"closed\":\"0\",\"captcha\":\"0a7b0f18342d2be36cbcac4630595824\",\"avatar\":false,\"lang\":{\"comment\":\"Kommentar\",\"comments\":\"Kommentare\"}}}); \/\/ ]]> <\/script><\/p><\/div><\/article>","_et_gb_content_width":"","footnotes":""},"categories":[8],"tags":[],"class_list":["post-1445","post","type-post","status-publish","format-standard","has-post-thumbnail","hentry","category-portugal"],"_links":{"self":[{"href":"https:\/\/www.planbwagen.de\/it\/wp-json\/wp\/v2\/posts\/1445","targetHints":{"allow":["GET"]}}],"collection":[{"href":"https:\/\/www.planbwagen.de\/it\/wp-json\/wp\/v2\/posts"}],"about":[{"href":"https:\/\/www.planbwagen.de\/it\/wp-json\/wp\/v2\/types\/post"}],"author":[{"embeddable":true,"href":"https:\/\/www.planbwagen.de\/it\/wp-json\/wp\/v2\/users\/1"}],"replies":[{"embeddable":true,"href":"https:\/\/www.planbwagen.de\/it\/wp-json\/wp\/v2\/comments?post=1445"}],"version-history":[{"count":16,"href":"https:\/\/www.planbwagen.de\/it\/wp-json\/wp\/v2\/posts\/1445\/revisions"}],"predecessor-version":[{"id":9608,"href":"https:\/\/www.planbwagen.de\/it\/wp-json\/wp\/v2\/posts\/1445\/revisions\/9608"}],"wp:featuredmedia":[{"embeddable":true,"href":"https:\/\/www.planbwagen.de\/it\/wp-json\/wp\/v2\/media\/2852"}],"wp:attachment":[{"href":"https:\/\/www.planbwagen.de\/it\/wp-json\/wp\/v2\/media?parent=1445"}],"wp:term":[{"taxonomy":"category","embeddable":true,"href":"https:\/\/www.planbwagen.de\/it\/wp-json\/wp\/v2\/categories?post=1445"},{"taxonomy":"post_tag","embeddable":true,"href":"https:\/\/www.planbwagen.de\/it\/wp-json\/wp\/v2\/tags?post=1445"}],"curies":[{"name":"wp","href":"https:\/\/api.w.org\/{rel}","templated":true}]}}