{"id":1425,"date":"2019-11-28T19:22:21","date_gmt":"2019-11-28T19:22:21","guid":{"rendered":""},"modified":"2021-03-30T07:00:23","modified_gmt":"2021-03-30T07:00:23","slug":"last-call-detailausstattung-des-spacecamper","status":"publish","type":"post","link":"https:\/\/www.planbwagen.de\/it\/spacecamper-terranger-co\/dettagli-dellultima-chiamata-dello-spacecamper\/","title":{"rendered":"Ultima chiamata: equipaggiamento di dettaglio dello SpaceCamper - Viviamo che"},"content":{"rendered":"<p>[et_pb_section fb_built=&#8220;1&#8243; _builder_version=&#8220;3.22&#8243;][et_pb_row column_structure=&#8220;1_3,1_3,1_3&#8243; _builder_version=&#8220;4.5.1&#8243; _module_preset=&#8220;default&#8220;][et_pb_column type=&#8220;1_3&#8243; _builder_version=&#8220;4.5.1&#8243; _module_preset=&#8220;default&#8220;][et_pb_image src=&#8220;https:\/\/www.planbwagen.de\/wp-content\/uploads\/2020\/09\/1-157.jpg&#8220; title_text=&#8220;1&#8243; _builder_version=&#8220;4.5.1&#8243; _module_preset=&#8220;default&#8220;][\/et_pb_image][\/et_pb_column][et_pb_column type=&#8220;1_3&#8243; _builder_version=&#8220;4.5.1&#8243; _module_preset=&#8220;default&#8220;][et_pb_image src=&#8220;https:\/\/www.planbwagen.de\/wp-content\/uploads\/2020\/09\/2-156.jpg&#8220; title_text=&#8220;2&#8243; _builder_version=&#8220;4.5.1&#8243; _module_preset=&#8220;default&#8220;][\/et_pb_image][\/et_pb_column][et_pb_column type=&#8220;1_3&#8243; _builder_version=&#8220;4.5.1&#8243; _module_preset=&#8220;default&#8220;][et_pb_image src=&#8220;https:\/\/www.planbwagen.de\/wp-content\/uploads\/2020\/09\/3-138.jpg&#8220; title_text=&#8220;3&#8243; _builder_version=&#8220;4.5.1&#8243; _module_preset=&#8220;default&#8220;][\/et_pb_image][\/et_pb_column][\/et_pb_row][et_pb_row _builder_version=&#8220;4.5.1&#8243; _module_preset=&#8220;default&#8220;][et_pb_column type=&#8220;4_4&#8243; _builder_version=&#8220;4.5.1&#8243; _module_preset=&#8220;default&#8220;][et_pb_text _builder_version=&#8220;4.5.1&#8243; _module_preset=&#8220;default&#8220;]<\/p>\n<div id=\"ez-toc-container\" class=\"ez-toc-v2_0_76 counter-hierarchy ez-toc-counter ez-toc-grey ez-toc-container-direction\">\n<p class=\"ez-toc-title\" style=\"cursor:inherit\">Content<\/p>\n<label for=\"ez-toc-cssicon-toggle-item-69f2bdc65ab0d\" class=\"ez-toc-cssicon-toggle-label\"><span class=\"\"><span class=\"eztoc-hide\" style=\"display:none;\">Toggle<\/span><span class=\"ez-toc-icon-toggle-span\"><svg style=\"fill: #999;color:#999\" xmlns=\"http:\/\/www.w3.org\/2000\/svg\" class=\"list-377408\" width=\"20px\" height=\"20px\" viewbox=\"0 0 24 24\" fill=\"none\"><path d=\"M6 6H4v2h2V6zm14 0H8v2h12V6zM4 11h2v2H4v-2zm16 0H8v2h12v-2zM4 16h2v2H4v-2zm16 0H8v2h12v-2z\" fill=\"currentColor\"><\/path><\/svg><svg style=\"fill: #999;color:#999\" class=\"arrow-unsorted-368013\" xmlns=\"http:\/\/www.w3.org\/2000\/svg\" width=\"10px\" height=\"10px\" viewbox=\"0 0 24 24\" version=\"1.2\" baseprofile=\"tiny\"><path d=\"M18.2 9.3l-6.2-6.3-6.2 6.3c-.2.2-.3.4-.3.7s.1.5.3.7c.2.2.4.3.7.3h11c.3 0 .5-.1.7-.3.2-.2.3-.5.3-.7s-.1-.5-.3-.7zM5.8 14.7l6.2 6.3 6.2-6.3c.2-.2.3-.5.3-.7s-.1-.5-.3-.7c-.2-.2-.4-.3-.7-.3h-11c-.3 0-.5.1-.7.3-.2.2-.3.5-.3.7s.1.5.3.7z\"\/><\/svg><\/span><\/span><\/label><input type=\"checkbox\"  id=\"ez-toc-cssicon-toggle-item-69f2bdc65ab0d\"  aria-label=\"Toggle\" \/><nav><ul class='ez-toc-list ez-toc-list-level-1' ><li class='ez-toc-page-1 ez-toc-heading-level-2'><a class=\"ez-toc-link ez-toc-heading-1\" href=\"https:\/\/www.planbwagen.de\/it\/spacecamper-terranger-co\/dettagli-dellultima-chiamata-dello-spacecamper\/#Tagesmotto_Spacy\" >Motto del giorno Spacy:<\/a><\/li><li class='ez-toc-page-1 ez-toc-heading-level-2'><a class=\"ez-toc-link ez-toc-heading-2\" href=\"https:\/\/www.planbwagen.de\/it\/spacecamper-terranger-co\/dettagli-dellultima-chiamata-dello-spacecamper\/#Selbsterfahrung_VW_California\" >Esperienza autonoma VW California:<\/a><\/li><li class='ez-toc-page-1 ez-toc-heading-level-2'><a class=\"ez-toc-link ez-toc-heading-3\" href=\"https:\/\/www.planbwagen.de\/it\/spacecamper-terranger-co\/dettagli-dellultima-chiamata-dello-spacecamper\/#Bulli_Fangemeinde\" >Comunit\u00e0 di fan del Bulli:<\/a><\/li><li class='ez-toc-page-1 ez-toc-heading-level-2'><a class=\"ez-toc-link ez-toc-heading-4\" href=\"https:\/\/www.planbwagen.de\/it\/spacecamper-terranger-co\/dettagli-dellultima-chiamata-dello-spacecamper\/#Emotionale_Bemusterung\" >Campionamento emozionale:<\/a><\/li><li class='ez-toc-page-1 ez-toc-heading-level-2'><a class=\"ez-toc-link ez-toc-heading-5\" href=\"https:\/\/www.planbwagen.de\/it\/spacecamper-terranger-co\/dettagli-dellultima-chiamata-dello-spacecamper\/#Erganzende_Links\" >Link supplementari:<\/a><\/li><\/ul><\/nav><\/div>\n<h2><span class=\"ez-toc-section\" id=\"Tagesmotto_Spacy\"><\/span><span style=\"font-size: xx-large;\">Motto del giorno Spacy:<\/span><span class=\"ez-toc-section-end\"><\/span><\/h2>\n<p>Der heutige Tag steht ganz unter dem Motto SpaceCamper. Wir sind bereits fr\u00fch aufgestanden, und stehen p\u00fcnktlich um 7:30, Torgit vor dem B\u00e4cker und ich vor dem Metzger. Denn um 10:00 Uhr wollen wir bereits in Darmstadt, bei Spacecamper sein. Da wollen wir doch wenigstens ein Fr\u00fchst\u00fcck mitbringen. Inzwischen kennen wir von der Hausmesse, von der Caravan in D\u00fcsseldorf und von einigen Telefonaten schon den ein oder anderen Mitarbeiter im Hause Spacecamper. Bereits beim Eintreten werden wir sehr famili\u00e4r begr\u00fc\u00dft. Irgendwie sp\u00fcrt man im gesamten Haus, deren Motto, &#8222;wir lieben das&#8220;. &#8211; Ja, die lieben das. Die meisten Mitarbeiter fahren einen SpaceCamper und sind Camping Enthusiasten.<\/p>\n<p>Sebbene ci fossimo preparati adeguatamente all'appuntamento - eravamo gi\u00e0 stati in VW in precedenza e avevamo esaminato intensamente il Caravelle - le possibilit\u00e0 sono schiaccianti. Le decisioni da prendere sono davvero tante.<\/p>\n<h2><span class=\"ez-toc-section\" id=\"Selbsterfahrung_VW_California\"><\/span>Esperienza autonoma VW California:<span class=\"ez-toc-section-end\"><\/span><\/h2>\n<p>Abbiamo sicuramente l'enorme vantaggio di aver vissuto in una VW California per diverse settimane. Ora sappiamo cosa \u00e8 buono, ma sappiamo anche cosa potrebbe essere migliorato. La cosa bella di SpaceCamper \u00e8 che si pu\u00f2 davvero sentire quanta esperienza \u00e8 stata fatta nel progetto. Non c'\u00e8 una testa d'acqua che impedisca gli sviluppi.<\/p>\n<p>Con il Bulli e i clienti californiani, VW non solo ha un'enorme comunit\u00e0 di fan, ma soprattutto un'incredibile identificazione e conoscenza del cliente. Se non vi limitate a guidare il vostro veicolo, ma ci dormite, cucinate, vivete e lavorate, il Bulli diventer\u00e0 rapidamente la vostra casa.<\/p>\n<p>Forse non ci crederete, ma ci sono persone che per lavoro risiedono regolarmente in hotel a cinque stelle, ma la sera preferiscono andare a dormire nel parcheggio. Una volta pensavo che fosse una follia. Ora non pi\u00f9.<\/p>\n<h2><span class=\"ez-toc-section\" id=\"Bulli_Fangemeinde\"><\/span><span style=\"font-size: xx-large;\">Comunit\u00e0 di fan del Bulli:<\/span><span class=\"ez-toc-section-end\"><\/span><\/h2>\n<p>Quello che mi dispiace \u00e8 che gli sviluppatori VW non sembrano ritenere necessario ascoltare la loro comunit\u00e0 di fan. Perch\u00e9 quando leggo l'uno o l'altro post sui vari gruppi Facebook sul tema del Bulli o della California, penso: ehi, qui vengono gi\u00e0 postati suggerimenti sensati per un T3, T4, T5, T6, ma troppo pochi vengono attuati. - Che peccato! Quindi, alla fine, anche il know-how libero \u00e8 libero.\u00a0<\/p>\n<p>Spesso sono le piccole cose a risultare incomprensibili. Potete trovare due esempi di questo nel nostro <a href=\"https:\/\/www.planbwagen.de\/it\/spacecamper-terranger-co\/il-configuratore-vw-linee-di-equipaggiamento-trendline-comfortline-e-highline\/\">post successivo<\/a>. Si tratta del tema dell'ordine nella VW California e del configuratore online VW.\u00a0\u00a0<\/p>\n<p>Spesso si tratta di articoli da pochi centesimi, quindi non \u00e8 sempre una questione di soldi. Ieri, mentre eravamo seduti con Markus Liebenau, il responsabile delle vendite, ha preso nota di diversi nostri suggerimenti, dicendo: \"\u00c8 la seconda volta che lo sento e lo porter\u00f2 alla riunione del team. Dobbiamo trovare una soluzione\". - Anche con SpaceCamper non tutto \u00e8 possibile, perch\u00e9 si tratta di un'azienda modulare e non di un'azienda di ampliamento individuale. Ma si percepisce sempre che qui si cercano soluzioni. \u00c8 divertente.<\/p>\n<h2><span class=\"ez-toc-section\" id=\"Emotionale_Bemusterung\"><\/span><span style=\"font-size: xx-large;\">Campionamento emozionale:<\/span><span class=\"ez-toc-section-end\"><\/span><\/h2>\n<p>Ma alla fine si tratta anche di questioni emotive. Nel caso della casa, si tratta di argomenti come il bagno e la cucina. Quasi nessuno si sofferma sulla tecnologia della casa quanto sugli oggetti, i sanitari e le piastrelle del bagno. - Anche in questo caso si finisce per discutere pi\u00f9 a lungo del colore della pelle, del modulo della cucina e dei frontali in legno. Sebbene il tema dell'autosufficienza fosse molto, molto importante per noi in precedenza, \u00e8 qui che spendiamo meno tempo.<\/p>\n<p>Quando siamo seduti in macchina sulla via del ritorno, dopo 6 ore, siamo entrambi piuttosto esausti ma felici. Il tempo modesto in pista non cambia le cose.<\/p>\n<p>&nbsp;<\/p>\n<p>&nbsp;<\/p>\n<h2><span class=\"ez-toc-section\" id=\"Erganzende_Links\"><\/span><span style=\"font-size: xx-large;\">Link supplementari:<\/span><span class=\"ez-toc-section-end\"><\/span><\/h2>\n<p>PS: Qui potete trovare i nostri SpaceCampers <a href=\"https:\/\/www.planbwagen.de\/it\/spacecamper-terranger-co\/il-nostro-spacecamper-classicopen\/\">Dettagli sull'attrezzatura<\/a>, il nostro SpaceCamper <a href=\"https:\/\/www.planbwagen.de\/it\/spacecamper-terranger-co\/spacecamper-classicapre-la-trasformazione-del-camper\/\">Espansione<\/a>\u00a0e SpaceCamper<a href=\"https:\/\/www.planbwagen.de\/it\/spacecamper-terranger-co\/t5-califoria-incontra-t6-spacecamper\/\"> Consigli per gli addetti ai lavori<\/a>.<\/p>\n<p>Qui il nostro <a href=\"https:\/\/www.planbwagen.de\/it\/spacecamper-terranger-co\/tecnologia-offroad\/\">Modifiche offroad per TERRANGER<\/a>, informazioni sugli argomenti<a href=\"https:\/\/www.planbwagen.de\/it\/germania\/formazione-alla-guida-fuoristrada-terranger\/\">\u00a0Corso di guida fuoristrada Terranger<\/a>, <a href=\"https:\/\/www.planbwagen.de\/it\/trucchi\/camper-gestione-dellenergia-modulo-solare-borsa-solare-memoria-autocontrollo\/\">Gestione dell'energia<\/a>, FAI DA TE <a href=\"https:\/\/www.planbwagen.de\/it\/spacecamper-terranger-co\/doccia-da-strada-fai-da-te-doccia-da-campeggio\/\">Serbatoi d'acqua<\/a>, FAI DA TE <a href=\"https:\/\/www.planbwagen.de\/it\/spacecamper-terranger-co\/sistema-di-trasporto-posteriore-diy-o-originale-terranger\/\">Sistema di trasporto posteriore<\/a>, pit stop a\u00a0<a href=\"https:\/\/www.planbwagen.de\/it\/germania\/pit-stop-da-delta4x4-lo-specialista-della-messa-a-punto-dei-veicoli-fuoristrada\/\">delta4x4<\/a>, <a href=\"https:\/\/www.planbwagen.de\/it\/spacecamper-terranger-co\/butch-sta-andando-avanti-terranger-delta-4x4-sand-plate-co\/\">Fogli di sabbia<\/a>,\u00a0<a href=\"https:\/\/www.planbwagen.de\/it\/spacecamper-terranger-co\/foil-center-nrw-protezione-della-vernice-per-veicoli-con-foiling\/\">Rivestimento del veicolo<\/a> e <a href=\"https:\/\/www.planbwagen.de\/it\/spacecamper-terranger-co\/guarnizione-in-ceramica-glanzwerk-bornheim\/\">Guarnizione in ceramica<\/a>.<\/p>\n<p>Per concludere l'argomento <a href=\"https:\/\/www.planbwagen.de\/it\/spacecamper-terranger-co\/pirateria-di-prodotto-contraffazione-di-prodotto-pirateria-di-marchio-nei-tuner-offroad\/\">Pirateria dei prodotti<\/a> con sintonizzatori off-road.<\/p>\n<p>Gli argomenti <a href=\"https:\/\/www.planbwagen.de\/it\/elenco-degli-imballaggi\/\">Elenco degli imballaggi<\/a>, <a href=\"https:\/\/www.planbwagen.de\/it\/trucchi\/\">Suggerimenti e trucchi<\/a>, <a href=\"https:\/\/www.planbwagen.de\/it\/amici-butch\/\">BUTCH &amp; Amici<\/a>, <a href=\"https:\/\/www.planbwagen.de\/it\/porto-di-casa\/\">Porto di casa<\/a>, il <a href=\"https:\/\/www.planbwagen.de\/it\/blog-di-viaggio\/\">Blog di viaggio,<\/a>\u00a0l'argomento <a href=\"https:\/\/www.planbwagen.de\/it\/muscolo-della-felicita\/\">MUSCOLO FELICE<\/a>\u00a0e <a href=\"https:\/\/www.planbwagen.de\/it\/chi-siamo\/\">Chi siamo<\/a> hanno una propria sezione dedicata. Potete contattarci <a href=\"https:\/\/www.planbwagen.de\/it\/2266-2\/\">qui<\/a>.<\/p>\n<p>Und last but not least hier unsere Link\u00fcbersicht &#8222;<a href=\"https:\/\/www.planbwagen.de\/it\/ciao\/\">Seguire il sole<\/a>&#8222;. Damit ihr wisst wo man uns noch folgen kann.\u00a0<\/p>\n<p>Troverete la vostra strada. ? Se vi piacciono i post, ditelo e condividetelo, grazie!<\/p>\n<p>[\/et_pb_text][et_pb_image src=&#8220;https:\/\/www.planbwagen.de\/wp-content\/uploads\/2020\/09\/4-128.jpg&#8220; title_text=&#8220;4&#8243; _builder_version=&#8220;4.5.1&#8243; _module_preset=&#8220;default&#8220;][\/et_pb_image][\/et_pb_column][\/et_pb_row][\/et_pb_section]<\/p>","protected":false},"excerpt":{"rendered":"<p>[et_pb_section fb_built=&#8220;1&#8243; _builder_version=&#8220;3.22&#8243;][et_pb_row column_structure=&#8220;1_3,1_3,1_3&#8243; _builder_version=&#8220;4.5.1&#8243; _module_preset=&#8220;default&#8220;][et_pb_column type=&#8220;1_3&#8243; _builder_version=&#8220;4.5.1&#8243; _module_preset=&#8220;default&#8220;][et_pb_image src=&#8220;https:\/\/www.planbwagen.de\/wp-content\/uploads\/2020\/09\/1-157.jpg&#8220; title_text=&#8220;1&#8243; _builder_version=&#8220;4.5.1&#8243; _module_preset=&#8220;default&#8220;][\/et_pb_image][\/et_pb_column][et_pb_column type=&#8220;1_3&#8243; _builder_version=&#8220;4.5.1&#8243; _module_preset=&#8220;default&#8220;][et_pb_image src=&#8220;https:\/\/www.planbwagen.de\/wp-content\/uploads\/2020\/09\/2-156.jpg&#8220; title_text=&#8220;2&#8243; _builder_version=&#8220;4.5.1&#8243; _module_preset=&#8220;default&#8220;][\/et_pb_image][\/et_pb_column][et_pb_column type=&#8220;1_3&#8243; _builder_version=&#8220;4.5.1&#8243; _module_preset=&#8220;default&#8220;][et_pb_image src=&#8220;https:\/\/www.planbwagen.de\/wp-content\/uploads\/2020\/09\/3-138.jpg&#8220; title_text=&#8220;3&#8243; _builder_version=&#8220;4.5.1&#8243; _module_preset=&#8220;default&#8220;][\/et_pb_image][\/et_pb_column][\/et_pb_row][et_pb_row _builder_version=&#8220;4.5.1&#8243; _module_preset=&#8220;default&#8220;][et_pb_column type=&#8220;4_4&#8243; _builder_version=&#8220;4.5.1&#8243; _module_preset=&#8220;default&#8220;][et_pb_text _builder_version=&#8220;4.5.1&#8243; _module_preset=&#8220;default&#8220;] Tagesmotto Spacy: Der heutige Tag steht ganz unter dem Motto SpaceCamper. Wir sind bereits fr\u00fch aufgestanden, und stehen p\u00fcnktlich um 7:30, [&hellip;]<\/p>","protected":false},"author":1,"featured_media":4162,"comment_status":"open","ping_status":"open","sticky":false,"template":"","format":"standard","meta":{"_et_pb_use_builder":"on","_et_pb_old_content":"<div id=\"content_start\">\u00a0<\/div><article class=\"j-blog\"><div class=\"n j-blog-meta j-blog-post--header\"><div class=\"j-text j-module n\"><a class=\"j-blog-post--category\" href=\"https:\/\/www.gluecksmuskel.de\/hectors-reisen\/spacecamper-terranger-co\/\"> SpaceCamper, Terranger & Co. <\/a> \u00a0\u00b7\u00a0 <span class=\"j-text j-blog-post--date\"> 28. November 2019 <\/span><\/div><h1 class=\"j-blog-header j-blog-headline j-blog-post--headline\">Tag No. 85 - SpaceCamper - Wir leben das<\/h1><\/div><div class=\"post j-blog-content\"><div id=\"cc-matrix-3603545126\"><div id=\"cc-m-12572894926\" class=\"j-module n j-spacing \"><div class=\"cc-m-spacer\" style=\"height: 20px;\">\u00a0<\/div><\/div><div id=\"cc-m-12558102226\" class=\"j-module n j-gallery \"><div id=\"cc-m-gallery-12558102226\" class=\"cc-m-gallery-container cc-m-gallery-cool clearover\"><div id=\"gallery_thumb_8115278726\" class=\"cc-m-gallery-cool-item\"><div><a rel=\"lightbox[12558102226]\" data-href=\"https:\/\/planbwagen.de\/wp-content\/uploads\/attachments\/image.jpg\" data-title=\"\" data-index=\"0\"> <img style=\"height: 176px; width: 132px; margin-bottom: 3px; margin-right: 3px;\" src=\"https:\/\/planbwagen.de\/wp-content\/uploads\/2020\/07\/image-8-4-2-4.jpg\" alt=\"\" data-orig-width=\"1536\" data-orig-height=\"2048\" \/> <\/a><\/div><\/div><div id=\"gallery_thumb_8115279026\" class=\"cc-m-gallery-cool-item\"><div><a rel=\"lightbox[12558102226]\" data-href=\"https:\/\/planbwagen.de\/wp-content\/uploads\/attachments\/image.jpg\" data-title=\"\" data-index=\"1\"> <img style=\"height: 176px; width: 235px; margin-bottom: 3px;\" src=\"https:\/\/planbwagen.de\/wp-content\/uploads\/2020\/07\/image-6-4-8-8.jpg\" alt=\"\" data-orig-width=\"2048\" data-orig-height=\"1536\" \/> <\/a><\/div><\/div><div id=\"gallery_thumb_8115278826\" class=\"cc-m-gallery-cool-item\"><div><a rel=\"lightbox[12558102226]\" data-href=\"https:\/\/planbwagen.de\/wp-content\/uploads\/attachments\/image.jpg\" data-title=\"\" data-index=\"2\"> <img style=\"height: 176px; width: 132px; margin-bottom: 3px;\" src=\"https:\/\/planbwagen.de\/wp-content\/uploads\/2020\/07\/image-0-0-9-7.jpg\" alt=\"\" data-orig-width=\"1536\" data-orig-height=\"2048\" \/> <\/a><\/div><\/div><\/div><\/div><div id=\"cc-m-12558019426\" class=\"j-module n j-text \"><p>Der heutige Tag steht ganz unter dem Motto SpaceCamper. Wir sind bereits fr\u00fch aufgestanden, und stehen p\u00fcnktlich um 7:30, Torgit vor dem B\u00e4cker und ich vor dem Metzger. Denn um 10:00 Uhr wollen wir bereits in Darmstadt, bei Spacecamper sein. Da wollen wir doch wenigstens ein Fr\u00fchst\u00fcck mitbringen. Inzwischen kennen wir von der Hausmesse, von der Caravan in D\u00fcsseldorf und von einigen Telefonaten schon den ein oder anderen Mitarbeiter im Hause Spacecamper. Bereits beim Eintreten werden wir\u00a0sehr famili\u00e4r\u00a0begr\u00fc\u00dft. Irgendwie sp\u00fcrt man im gesamten Haus, deren Motto, \"wir lieben das\". - Ja, die lieben das. Die meisten Mitarbeiter fahren einen SpaceCamper und sind Camping Enthusiasten.<\/p><p>Obwohl wir uns auf den Termin entsprechend vorbereitet haben, wir waren ja schon vorher bei VW und haben die Caravelle intensiv begutachtet, erschlagen einen die M\u00f6glichkeiten. Es sind\u00a0somit unheimlich viele Entscheidungen zu treffen.<\/p><p>Dabei haben wir sicherlich schon den Riesenvorteil, dass mir nun schon etliche Wochen in einem VW California leben. Wir wissen inzwischen was gut ist, doch wir wissen auch was verbesserungsw\u00fcrdig ist. Das Sch\u00f6ne bei SpaceCamper ist, dass man hier wirklich sp\u00fcrt, wie viel Erfahrung in dem Projekt steckt. Hier ist kein Wasserkopf,\u00a0der Entwicklungen verhindert.<\/p><p>VW hat mit dem Bulli- und California-Kunden nicht nur eine\u00a0riesige Fan Gemeinde, sondern vor allem eine unheimliche Kunden Identifikation und Know How. Wer mit seinem Fahrzeug nicht\u00a0nur durch die Gegend f\u00e4hrt, sondern darin schl\u00e4ft, kocht, wohnt und arbeitet, f\u00fcr den ist der Bulli ganz schnell ein zu Hause.<\/p><p>Man mag es nicht glauben, doch es gibt Menschen, die beruflich regelm\u00e4\u00dfig in f\u00fcnf Sterne Hotels residieren, doch nachts zum Schlafen, lieber auf den Parkplatz gehen. Fr\u00fcher habe ich so etwas f\u00fcr verr\u00fcckt gehalten. Heute nicht mehr.<\/p><p>Was ich schade finde, ist, dass die VW Entwickler es scheinbar\u00a0nicht\u00a0f\u00fcr n\u00f6tig halten, einmal auf ihre Fan Gemeinde zu h\u00f6ren. Denn, wenn ich\u00a0den ein oder anderen post auf den diversen Facebook Gruppen zum Thema Bulli oder California lese, denke ich: hey hier werden schon bei einem T3, T4, T5, T6 sinnvolle\u00a0 Anregungen gepostet, doch es ger\u00e4t\u00a0viel zu wenig in die Umsetzung. - Schade! Somit ist kostenloses Know How am Ende auch umsonst.<\/p><p>Oft handelt es sich um Pfennigs-Artikel, es kann also nicht immer eine Sache des Geldes sein. Ganz anders bei Spacecamper: Als wir gestern mit Markus Liebenau, dem Vertriebsleiter zusammensitzen, notiert er sich mehrere unserer Anregungen, mit den Worten,\u201cdas\u00a0 h\u00f6re ich jetzt zum zweiten Mal, das nehme ich mit in unser Team Meeting. Hierzu m\u00fcssen wir L\u00f6sung finden.\u201c - Auch bei SpaceCamper\u00a0 geht nicht alles, es ist ja ein modularer und kein individueller Ausbauer.\u00a0Doch man sp\u00fcrt\u00a0immer, hier wird nach L\u00f6sungen gesucht. Das macht Spa\u00df.<\/p><p>Doch am Ende, geht es auch wieder um die emotionale Themen. Beim Haus sind das Themen wie B\u00e4der und K\u00fcchen. Kaum einer h\u00e4lt sich wirklich mit der Haus Technologie, so lange auf, wie mit\u00a0Badobjekten, Armaturen und\u00a0Fliesen. - Hier ist es genauso, am Ende diskutieren wir am l\u00e4ngsten \u00fcber die Lederfarbe, das K\u00fcchenmodul und die Holzfronten. Obwohl uns im Vorfeld das Thema Autarkie sehr, sehr wichtig war, verbrauchen wir hier die wenigste Zeit.<\/p><p>Als wir auf dem R\u00fcckweg, nach 6 Stunden im Auto sitzen, sind wir beide ziemlich platt aber gl\u00fccklich. Das \u00e4ndert sich auch nicht durch das bescheidene Wetter auf der Bahn.<\/p><p>Abends haben wir noch einen Termin bei einem Anwalt. Auch dieser Termin gestaltet sich positiv und konstruktiv. Als wir endlich zu Hause ankommen ,\u00a0sitzen\u00a0wir\u00a0noch ein wenig mit Steffen und Benjamin zusammen. Endlich mal wieder Zeit f\u00fcr Schmitz K\u00f6lsch. Etwas was ich unterwegs vermisse.<\/p><\/div><div id=\"cc-m-12558584626\" class=\"j-module n j-imageSubtitle \"><figure class=\"cc-imagewrapper cc-m-image-align-3\"><img id=\"cc-m-imagesubtitle-image-12558584626\" class=\"\" src=\"https:\/\/planbwagen.de\/wp-content\/uploads\/2020\/07\/image-5-5-4.jpg\" sizes=\"(min-width: 599px) 599px, 100vw\" alt=\"\" data-src-width=\"3024\" data-src-height=\"4032\" data-src=\"https:\/\/planbwagen.de\/wp-content\/uploads\/2020\/07\/image-5-5-4.jpg\" data-image-id=\"8115751126\" data-pfsrc=\"https:\/\/planbwagen.de\/wp-content\/uploads\/2020\/07\/image-5-5-4.jpg\" \/><\/figure><div class=\"cc-clear\">\u00a0<\/div><\/div><div id=\"cc-m-12572895026\" class=\"j-module n j-text \"><p style=\"text-align: right;\"><a class=\"j-calltoaction-link j-calltoaction-link-style-2\" style=\"font-size: 16px; background-color: #ffcc00; border-width: 2px; border-color: #ffcc00; color: #ffffff; user-select: text; padding: 10px 20px; line-height: 1.5; border-radius: 0px; -webkit-appearance: none; margin: 1em 0px;\" title=\"Tag No. 86 - Alltag und Lebenskunst\" href=\"\/2019\/11\/29\/tag-no-86-alltag-und-lebenskunst\/\" data-action=\"button\" data-title=\"Sunny Side Up\"> Sunny Side Up\u00a0 \u00a0\u00a0<\/a><\/p><p style=\"text-align: right;\"><a class=\"j-calltoaction-link j-calltoaction-link-style-2\" style=\"background-color: #ffcc00; border-width: 2px; border-color: #ffcc00; color: #ffffff; user-select: text; padding: 10px 20px; font-size: 16px; line-height: 1.5; border-radius: 0px; -webkit-appearance: none; margin: 1em 0px;\" title=\"Tag No. 84 - Zuhause und doch so fern...\" href=\"\/2019\/11\/27\/tag-no-84-zuhause-und-doch-so-fern\/\" data-action=\"button\" data-title=\"Sunny Side Down\"> Sunny Side Down\u00a0 \u00a0\u00a0<\/a><\/p><\/div><\/div><\/div><div class=\"j-module n j-text j-blog-post--tags-wrapper\"><span class=\"j-blog-post--tags--template\" style=\"display: none;\"><a class=\"j-blog-post--tag\" href=\"https:\/\/www.gluecksmuskel.de\/hectors-reisen\/?tag=tagPlaceholder\">tagPlaceholder<\/a><\/span><span class=\"j-blog-post--tags-label\" style=\"display: none;\">Tags:<\/span><\/div><div class=\"n j-comment\"><div id=\"commentsModule12557946226\"><p id=\"skiptoform12557946226\" class=\"skiptoform\"><a href=\"#\" data-id=\"12557946226\" data-action=\"goToForm\">Kommentar schreiben<\/a><\/p><div id=\"numComments12557946226\" class=\"j-blog-comment-counter\">Kommentare: <i class=\"cc-comments-count\">0<\/i><\/div><ul id=\"commentOutput12557946226\" class=\"com-list-noava\"><li id=\"commentFormContainer12557946226\" class=\"commentstd clearover cc-m-comment-loading\"><a name=\"commentForm12557946226\"><\/a><\/li><\/ul><div id=\"commentError12557946226\" class=\"message-error\" style=\"display: none;\">\u00a0<\/div><div id=\"commentSuccess12557946226\" class=\"message-ok\" style=\"display: none;\">\u00a0<\/div><\/div><p><script>\/\/ <![CDATA[ window.regModule(\"module_comment\", {\"data\":{\"id\":\"12557946226\",\"closed\":\"0\",\"captcha\":\"b971efd74498de64d2bb003aa2f45361\",\"avatar\":false,\"lang\":{\"comment\":\"Kommentar\",\"comments\":\"Kommentare\"}}}); \/\/ ]]> <\/script><\/p><\/div><\/article>","_et_gb_content_width":"","footnotes":""},"categories":[17],"tags":[],"class_list":["post-1425","post","type-post","status-publish","format-standard","has-post-thumbnail","hentry","category-spacecamper-terranger-co"],"_links":{"self":[{"href":"https:\/\/www.planbwagen.de\/it\/wp-json\/wp\/v2\/posts\/1425","targetHints":{"allow":["GET"]}}],"collection":[{"href":"https:\/\/www.planbwagen.de\/it\/wp-json\/wp\/v2\/posts"}],"about":[{"href":"https:\/\/www.planbwagen.de\/it\/wp-json\/wp\/v2\/types\/post"}],"author":[{"embeddable":true,"href":"https:\/\/www.planbwagen.de\/it\/wp-json\/wp\/v2\/users\/1"}],"replies":[{"embeddable":true,"href":"https:\/\/www.planbwagen.de\/it\/wp-json\/wp\/v2\/comments?post=1425"}],"version-history":[{"count":13,"href":"https:\/\/www.planbwagen.de\/it\/wp-json\/wp\/v2\/posts\/1425\/revisions"}],"predecessor-version":[{"id":11252,"href":"https:\/\/www.planbwagen.de\/it\/wp-json\/wp\/v2\/posts\/1425\/revisions\/11252"}],"wp:featuredmedia":[{"embeddable":true,"href":"https:\/\/www.planbwagen.de\/it\/wp-json\/wp\/v2\/media\/4162"}],"wp:attachment":[{"href":"https:\/\/www.planbwagen.de\/it\/wp-json\/wp\/v2\/media?parent=1425"}],"wp:term":[{"taxonomy":"category","embeddable":true,"href":"https:\/\/www.planbwagen.de\/it\/wp-json\/wp\/v2\/categories?post=1425"},{"taxonomy":"post_tag","embeddable":true,"href":"https:\/\/www.planbwagen.de\/it\/wp-json\/wp\/v2\/tags?post=1425"}],"curies":[{"name":"wp","href":"https:\/\/api.w.org\/{rel}","templated":true}]}}