{"id":13624,"date":"2021-07-21T18:55:08","date_gmt":"2021-07-21T16:55:08","guid":{"rendered":"https:\/\/www.planbwagen.de\/?p=13624"},"modified":"2021-07-21T18:58:13","modified_gmt":"2021-07-21T16:58:13","slug":"terranger-transpirenaica-tour-2021-pyrenaeen-tag-4","status":"publish","type":"post","link":"https:\/\/www.planbwagen.de\/it\/spagna\/tour-terranger-transpirenaica-2021-pirenei-giorno-4\/","title":{"rendered":"Tour Terranger Transpirenaica 2021 | Pirenei Giorno 4"},"content":{"rendered":"<p>[et_pb_section fb_built=&#8220;1&#8243; _builder_version=&#8220;4.5.1&#8243; _module_preset=&#8220;default&#8220;][et_pb_row _builder_version=&#8220;4.5.1&#8243; _module_preset=&#8220;default&#8220; link_option_url_new_window=&#8220;on&#8220;][et_pb_column type=&#8220;4_4&#8243; _builder_version=&#8220;4.5.1&#8243; _module_preset=&#8220;default&#8220;][et_pb_text _builder_version=&#8220;4.5.1&#8243; _module_preset=&#8220;default&#8220;]<\/p>\n<p style=\"text-align: justify;\">Lasciamo il Geiercamp e la provincia di Navarra con un sole splendente e un cielo azzurro. Un breve briefing su cosa ci aspetta oggi e poi si parte. Purtroppo i cavalli selvaggi ci hanno abbandonato durante la notte. Al loro posto sono arrivate le mucche.  La nostra destinazione odierna \u00e8 la regione di Aragona.<\/p>\n<p>[\/et_pb_text][\/et_pb_column][\/et_pb_row][et_pb_row _builder_version=&#8220;4.5.1&#8243; _module_preset=&#8220;default&#8220; link_option_url_new_window=&#8220;on&#8220;][et_pb_column type=&#8220;4_4&#8243; _builder_version=&#8220;4.5.1&#8243; _module_preset=&#8220;default&#8220;][et_pb_text _builder_version=&#8220;4.5.1&#8243; _module_preset=&#8220;default&#8220;]<\/p>\n<div id=\"ez-toc-container\" class=\"ez-toc-v2_0_76 counter-hierarchy ez-toc-counter ez-toc-grey ez-toc-container-direction\">\n<p class=\"ez-toc-title\" style=\"cursor:inherit\">Content<\/p>\n<label for=\"ez-toc-cssicon-toggle-item-69f4cde3b7ea5\" class=\"ez-toc-cssicon-toggle-label\"><span class=\"\"><span class=\"eztoc-hide\" style=\"display:none;\">Toggle<\/span><span class=\"ez-toc-icon-toggle-span\"><svg style=\"fill: #999;color:#999\" xmlns=\"http:\/\/www.w3.org\/2000\/svg\" class=\"list-377408\" width=\"20px\" height=\"20px\" viewbox=\"0 0 24 24\" fill=\"none\"><path d=\"M6 6H4v2h2V6zm14 0H8v2h12V6zM4 11h2v2H4v-2zm16 0H8v2h12v-2zM4 16h2v2H4v-2zm16 0H8v2h12v-2z\" fill=\"currentColor\"><\/path><\/svg><svg style=\"fill: #999;color:#999\" class=\"arrow-unsorted-368013\" xmlns=\"http:\/\/www.w3.org\/2000\/svg\" width=\"10px\" height=\"10px\" viewbox=\"0 0 24 24\" version=\"1.2\" baseprofile=\"tiny\"><path d=\"M18.2 9.3l-6.2-6.3-6.2 6.3c-.2.2-.3.4-.3.7s.1.5.3.7c.2.2.4.3.7.3h11c.3 0 .5-.1.7-.3.2-.2.3-.5.3-.7s-.1-.5-.3-.7zM5.8 14.7l6.2 6.3 6.2-6.3c.2-.2.3-.5.3-.7s-.1-.5-.3-.7c-.2-.2-.4-.3-.7-.3h-11c-.3 0-.5.1-.7.3-.2.2-.3.5-.3.7s.1.5.3.7z\"\/><\/svg><\/span><\/span><\/label><input type=\"checkbox\"  id=\"ez-toc-cssicon-toggle-item-69f4cde3b7ea5\"  aria-label=\"Toggle\" \/><nav><ul class='ez-toc-list ez-toc-list-level-1' ><li class='ez-toc-page-1 ez-toc-heading-level-2'><a class=\"ez-toc-link ez-toc-heading-1\" href=\"https:\/\/www.planbwagen.de\/it\/spagna\/tour-terranger-transpirenaica-2021-pirenei-giorno-4\/#Aragonien\" >Aragona<\/a><\/li><li class='ez-toc-page-1 ez-toc-heading-level-2'><a class=\"ez-toc-link ez-toc-heading-2\" href=\"https:\/\/www.planbwagen.de\/it\/spagna\/tour-terranger-transpirenaica-2021-pirenei-giorno-4\/#Valle_de_Hecho\" >Valle de Hecho<\/a><\/li><li class='ez-toc-page-1 ez-toc-heading-level-2'><a class=\"ez-toc-link ez-toc-heading-3\" href=\"https:\/\/www.planbwagen.de\/it\/spagna\/tour-terranger-transpirenaica-2021-pirenei-giorno-4\/#Estacion_International_de_Canfranc\" >Stazione Internazionale di Canfranc<\/a><\/li><\/ul><\/nav><\/div>\n<h2><span class=\"ez-toc-section\" id=\"Aragonien\"><\/span><span style=\"font-size: x-large;\">Aragona<\/span><span class=\"ez-toc-section-end\"><\/span><\/h2>\n<p style=\"text-align: justify;\">Aragona, nota anche come Aragona o Arag\u00f3. \u00c8 una comunit\u00e0 autonoma e corrisponde all'ex regno di Aragona, che prende il nome dal fiume Aragona.<\/p>\n<p>[\/et_pb_text][\/et_pb_column][\/et_pb_row][et_pb_row column_structure=&#8220;1_2,1_2&#8243; _builder_version=&#8220;4.5.1&#8243; _module_preset=&#8220;default&#8220;][et_pb_column type=&#8220;1_2&#8243; _builder_version=&#8220;4.5.1&#8243; _module_preset=&#8220;default&#8220;][et_pb_image src=&#8220;https:\/\/www.planbwagen.de\/wp-content\/uploads\/2021\/07\/25-briefing-IMG_2437-1024&#215;768.jpg&#8220; alt=&#8220;Morgendliches Briefing im Geiercamp in den Pyren\u00e4en&#8220; title_text=&#8220;25 briefing IMG_2437&#8243; _builder_version=&#8220;4.5.1&#8243; _module_preset=&#8220;default&#8220;][\/et_pb_image][\/et_pb_column][et_pb_column type=&#8220;1_2&#8243; _builder_version=&#8220;4.5.1&#8243; _module_preset=&#8220;default&#8220;][et_pb_image src=&#8220;https:\/\/www.planbwagen.de\/wp-content\/uploads\/2021\/07\/25-beast-IMG_2438-1024&#215;768.jpg&#8220; alt=&#8220;Terranger Doppelkabine DC-34 im Geiercamp in den Pyren\u00e4en&#8220; title_text=&#8220;25 beast IMG_2438&#8243; _builder_version=&#8220;4.5.1&#8243; _module_preset=&#8220;default&#8220;][\/et_pb_image][\/et_pb_column][\/et_pb_row][et_pb_row _builder_version=&#8220;4.5.1&#8243; _module_preset=&#8220;default&#8220; link_option_url_new_window=&#8220;on&#8220;][et_pb_column type=&#8220;4_4&#8243; _builder_version=&#8220;4.5.1&#8243; _module_preset=&#8220;default&#8220;][et_pb_text _builder_version=&#8220;4.5.1&#8243; _module_preset=&#8220;default&#8220;]<\/p>\n<h2 style=\"text-align: justify;\"><span class=\"ez-toc-section\" id=\"Valle_de_Hecho\"><\/span><span style=\"font-size: x-large;\">Valle de Hecho<\/span><span class=\"ez-toc-section-end\"><\/span><\/h2>\n<p style=\"text-align: justify;\">La tappa di oggi ci porta nella Valle de Hecho, parte della quale appartiene al Parco Naturale delle Valles Occidentali.<\/p>\n<p style=\"text-align: justify;\">Le valli profondamente incise sono state formate dai ghiacciai. Si vedono continuamente ruscelli, piccoli fiumi e laghi dall'acqua cristallina. Oggi attraversiamo le prime gallerie: il Tunel de Cotefablo, lungo 680 metri, e il Tunel de Gavin.<\/p>\n<p>[\/et_pb_text][\/et_pb_column][\/et_pb_row][et_pb_row _builder_version=&#8220;4.5.1&#8243; _module_preset=&#8220;default&#8220;][et_pb_column type=&#8220;4_4&#8243; _builder_version=&#8220;4.5.1&#8243; _module_preset=&#8220;default&#8220;][et_pb_image src=&#8220;https:\/\/www.planbwagen.de\/wp-content\/uploads\/2021\/07\/Tag-4-Thumbnail_2-Edit-1024&#215;576.jpg&#8220; alt=&#8220;Transpirenaica: Terranger Coast2Coast Tour | Mit VW T6.1 SpaceCamper \u00fcber die Pyren\u00e4en Tag 4&#8243; url=&#8220<div class=\"ikn-evt-container\">\r\n    <iframe\r\n            width=\"100%\"\r\n            class=\"ikn-evt-iframe\"\r\n            srcdoc=\"<style>\n    * {\n    padding:0;\n    margin:0;\n    overflow:hidden\n}\n\nhtml, body {\n    height:100%\n}\n\n.ikn-evt-container {\n    position: relative;\n    padding-bottom: 56.25%;\n    height: 0;\n}\n\n.ikn-evt-container iframe {\n    position: absolute;\n    top: 0;\n    left: 0;\n    width: 100%;\n    height: 100%;\n}\n\n.ikn-evt-frame {\n    display: block;\n    position: relative;\n    padding-bottom: 56.23%;\n    height: 0;\n    overflow: hidden;\n    max-width: 100%;\n    background: #000;\n}\n\n.ikn-evt-frame img.ikn-evt-thumbnail {\n    bottom: 0;\n    display: block;\n    left: 0;\n    margin: auto;\n    max-width: 100%;\n    width: 100%;\n    position: absolute;\n    right: 0;\n    top: 0;\n    border: none;\n    height: auto;\n    cursor: pointer;\n    -webkit-transition: .4s all;\n    -moz-transition: .4s all;\n    transition: .4s all;\n}\n\n.ikn-evt-frame[data-source=youtube] img.ikn-evt-thumbnail {\n    top: -63px;\n    bottom: -63px;\n}\n\n.ikn-evt-frame:hover img.ikn-evt-thumbnail {\n    -webkit-filter: brightness(75%);\n}\n\n.ikn-evt-frame .ikn-evt-play-button {\n    height: 20%;\n    width: 13%;\n    left: 44%;\n    top: 42%;\n    position: absolute;\n    cursor: pointer;\n    z-index: 1;\n    background-size: contain !important;\n}\n\n.ikn-evt-frame .ikn-evt-heading {\n    width: 100%;\n    position: absolute;\n    top: 0;\n    background: rgba(0, 0, 0, .5);\n    left: 0;\n    padding: 0.7em;\n    box-sizing: border-box;\n}\n\n.ikn-evt-frame .ikn-evt-heading .ikn-evt-heading-title {\n    font-weight: bold;\n    font-size: 1.5em;\n    color: #FFFFFF;\n    line-height: 30px;\n    margin: 0;\n    cursor: pointer;\n}.ikn-evt-frame[data-source=youtube] \r\n            .ikn-evt-play-button {background:url('https:\/\/www.planbwagen.de\/wp-content\/plugins\/embed-video-thumbnail\/assets\/images\/youtube-72-72.png') no-repeat;}.ikn-evt-frame[data-source=vimeo] \r\n            .ikn-evt-play-button {background:url('https:\/\/www.planbwagen.de\/wp-content\/plugins\/embed-video-thumbnail\/assets\/images\/play-default.png') no-repeat;}.ikn-evt-frame[data-source=dailymotion] \r\n            .ikn-evt-play-button {background:url('https:\/\/www.planbwagen.de\/wp-content\/plugins\/embed-video-thumbnail\/assets\/images\/play-default.png') no-repeat;}.ikn-evt-frame[data-source=facebook] \r\n            .ikn-evt-play-button {background:url('https:\/\/www.planbwagen.de\/wp-content\/plugins\/embed-video-thumbnail\/assets\/images\/play-default.png') no-repeat;}<\/style><div    class='ikn-evt-frame'    data-source='youtube'>    <a class='ikn-evt-link' href='\/\/www.youtube-nocookie.com\/embed\/uzgZ-DyQj-s?controls=1&autoplay=1&enablejsapi=1&rel=1'>        <span class='ikn-evt-play-button'><\/span>                    <img                class='ikn-evt-thumbnail'                src='\/wp-content\/uploads\/ikana-embed-video-thumbnail\/youtube\/uzgZ-DyQj-s-hqdefault.jpg'                alt='uzgZ-DyQj-s'            \/>                    <\/a><\/div><script>\n    document\n        .querySelector('.ikn-evt-link')\n        .addEventListener('click', function(e) {\n                e.preventDefault();\n                e.stopPropagation();\n                window.location.replace(this.href);\n                return false;\n            }\n        )\n    ;\n<\/script>\"\r\n            frameborder=\"0\"\r\n            allow=\"accelerometer; encrypted-media; gyroscope; picture-in-picture\"\r\n            allowfullscreen\r\n title=\"uzgZ-DyQj-s\"\r\n            loading=\"lazy\"\r\n            src=\"\/\/www.youtube-nocookie.com\/embed\/uzgZ-DyQj-s?controls=1&autoplay=1&enablejsapi=1&rel=1\"\r\n    ><\/iframe>\r\n<\/div>8220; url_new_window=&#8220;on&#8220; align=&#8220;center&#8220; _builder_version=&#8220;4.5.1&#8243; _module_preset=&#8220;default&#8220;][\/et_pb_image][\/et_pb_column][\/et_pb_row][et_pb_row _builder_version=&#8220;4.5.1&#8243; _module_preset=&#8220;default&#8220; link_option_url_new_window=&#8220;on&#8220;][et_pb_column type=&#8220;4_4&#8243; _builder_version=&#8220;4.5.1&#8243; _module_preset=&#8220;default&#8220;][et_pb_text _builder_version=&#8220;4.5.1&#8243; _module_preset=&#8220;default&#8220;]<\/p>\n<p style=\"text-align: justify;\">Il paesaggio \u00e8 molto verde e caratterizzato da boschi di latifoglie. Le balle rotonde di paglia sono ovunque. Mentre ieri era caratterizzata da molte persone, questa regione pu\u00f2 essere quasi descritta come solitaria.<\/p>\n<p>[\/et_pb_text][\/et_pb_column][\/et_pb_row][et_pb_row _builder_version=&#8220;4.5.1&#8243; _module_preset=&#8220;default&#8220;][et_pb_column type=&#8220;4_4&#8243; _builder_version=&#8220;4.5.1&#8243; _module_preset=&#8220;default&#8220;][et_pb_image src=&#8220;https:\/\/www.planbwagen.de\/wp-content\/uploads\/2021\/07\/butch-vor-kornfelder-1024&#215;576.jpeg&#8220; alt=&#8220;planBwagen im Kornfeld&#8220; title_text=&#8220;butch vor kornfelder&#8220; _builder_version=&#8220;4.5.1&#8243; _module_preset=&#8220;default&#8220;][\/et_pb_image][\/et_pb_column][\/et_pb_row][et_pb_row _builder_version=&#8220;4.5.1&#8243; _module_preset=&#8220;default&#8220; link_option_url_new_window=&#8220;on&#8220;][et_pb_column type=&#8220;4_4&#8243; _builder_version=&#8220;4.5.1&#8243; _module_preset=&#8220;default&#8220;][et_pb_text _builder_version=&#8220;4.5.1&#8243; _module_preset=&#8220;default&#8220;]<\/p>\n<p style=\"text-align: justify;\">Ma gli abitanti della valle sono di tutt'altro tipo. La Valle de Hecho \u00e8 nota per i suoi grifoni, che si librano sulle scogliere nelle ore del mattino e della sera. Le nostre aspettative non vengono deluse. Ben presto vediamo i maestosi uccelli volteggiare sopra di noi. \u00c8 un po' strano. Soprattutto quando ci si rende conto delle loro dimensioni. Un grifone adulto \u00e8 alto fino a 110 cm e ha un'apertura alare di 2,7 metri.<\/p>\n<p>[\/et_pb_text][\/et_pb_column][\/et_pb_row][et_pb_row column_structure=&#8220;1_2,1_2&#8243; _builder_version=&#8220;4.5.1&#8243; _module_preset=&#8220;default&#8220;][et_pb_column type=&#8220;1_2&#8243; _builder_version=&#8220;4.5.1&#8243; _module_preset=&#8220;default&#8220;][et_pb_image src=&#8220;https:\/\/www.planbwagen.de\/wp-content\/uploads\/2021\/07\/landschaft-1024&#215;768.jpeg&#8220; alt=&#8220;Valle de Hecho in den Pyren\u00e4en&#8220; title_text=&#8220;landschaft&#8220; _builder_version=&#8220;4.5.1&#8243; _module_preset=&#8220;default&#8220;][\/et_pb_image][\/et_pb_column][et_pb_column type=&#8220;1_2&#8243; _builder_version=&#8220;4.5.1&#8243; _module_preset=&#8220;default&#8220;][et_pb_image src=&#8220;https:\/\/www.planbwagen.de\/wp-content\/uploads\/2021\/07\/autocorso2-1024&#215;768.jpeg&#8220; alt=&#8220;Fahrzeuge der Terranger Transpirenaica Tour 2021&#8243; title_text=&#8220;autocorso2&#8243; _builder_version=&#8220;4.5.1&#8243; _module_preset=&#8220;default&#8220;][\/et_pb_image][\/et_pb_column][\/et_pb_row][et_pb_row _builder_version=&#8220;4.5.1&#8243; _module_preset=&#8220;default&#8220; link_option_url_new_window=&#8220;on&#8220;][et_pb_column type=&#8220;4_4&#8243; _builder_version=&#8220;4.5.1&#8243; _module_preset=&#8220;default&#8220;][et_pb_text _builder_version=&#8220;4.5.1&#8243; _module_preset=&#8220;default&#8220;]<\/p>\n<h2><span class=\"ez-toc-section\" id=\"Estacion_International_de_Canfranc\"><\/span><span style=\"font-size: x-large;\">Stazione Internazionale di Canfranc<\/span><span class=\"ez-toc-section-end\"><\/span><\/h2>\n<p style=\"text-align: justify;\">In questa zona remota, a quasi 1200 metri di altitudine, ci si potrebbe aspettare di tutto, ma non una grande stazione ferroviaria internazionale. Ma \u00e8 esattamente quello che troviamo. Si tratta della meravigliosa Estacion International de Canfranc.<\/p>\n<p>[\/et_pb_text][\/et_pb_column][\/et_pb_row][et_pb_row _builder_version=&#8220;4.5.1&#8243; _module_preset=&#8220;default&#8220;][et_pb_column type=&#8220;4_4&#8243; _builder_version=&#8220;4.5.1&#8243; _module_preset=&#8220;default&#8220;][et_pb_image src=&#8220;https:\/\/www.planbwagen.de\/wp-content\/uploads\/2021\/07\/Canfranc-IMG_2500-1024&#215;708.jpg&#8220; alt=&#8220;Bahnhof Canfranc&#8220; title_text=&#8220;Canfranc IMG_2500&#8243; _builder_version=&#8220;4.5.1&#8243; _module_preset=&#8220;default&#8220;][\/et_pb_image][\/et_pb_column][\/et_pb_row][et_pb_row _builder_version=&#8220;4.5.1&#8243; _module_preset=&#8220;default&#8220; link_option_url_new_window=&#8220;on&#8220;][et_pb_column type=&#8220;4_4&#8243; _builder_version=&#8220;4.5.1&#8243; _module_preset=&#8220;default&#8220;][et_pb_text _builder_version=&#8220;4.5.1&#8243; _module_preset=&#8220;default&#8220;]<\/p>\n<p style=\"text-align: justify;\">L'imponente edificio sembra essere stato strappato al tempo. Un palazzo a 3 piani riccamente decorato con 356 finestre e 156 porte<span>.\u00a0<\/span>Da lontano, potrebbe essere scambiato per una vecchia fabbrica o una centrale elettrica. Pietra, vetro e marmo formano un mix di Art Nouveau e Classicismo. La piattaforma, lunga 250 metri, non ha eguali in Europa.<\/p>\n<p style=\"text-align: justify;\">La stazione ferroviaria di Canfranc fu costruita da Alfonso XII e inaugurata nel 1928. Aveva lo scopo di collegare la Francia (Parigi) con la Spagna (Madrid). E quindi facilitare il commercio tra la Spagna e l'Europa occidentale.\u00a0<\/p>\n<p style=\"text-align: justify;\">La costruzione di questa linea ferroviaria \u00e8 stata un'impresa gigantesca. I lavori di costruzione delle gallerie e dei ponti sono durati 7 anni.<span style=\"font-size: 18px;\">\u00a0<\/span><\/p>\n<p style=\"text-align: justify;\">La sfida risiedeva nei diversi scartamenti dei binari. La Francia ha uno scartamento standard di 1435 mm, mentre in Spagna lo scartamento largo \u00e8 di 1668 mm. Il treno non poteva quindi semplicemente passare. Tutti i passeggeri dovevano cambiare treno con l'altro scartamento e tutte le merci dovevano essere ricaricate. Conseguenza: enormi strutture di movimentazione.<\/p>\n<p style=\"text-align: justify;\">Si dice che, al momento della sua costruzione, questa stazione fosse la seconda pi\u00f9 grande e pi\u00f9 alta d'Europa, dopo quella di Lipsia, con una lunghezza di ben 250 metri. L'intera struttura era una stazione a isola tra i due binari. Scartamento standard da un lato, scartamento ridotto dall'altro. Tutti i viaggiatori scendono, espletano le formalit\u00e0 di frontiera nell'edificio della stazione e risalgono su un treno dall'altra parte.<\/p>\n<p>[\/et_pb_text][\/et_pb_column][\/et_pb_row][et_pb_row column_structure=&#8220;3_5,2_5&#8243; _builder_version=&#8220;4.5.1&#8243; _module_preset=&#8220;default&#8220;][et_pb_column type=&#8220;3_5&#8243; _builder_version=&#8220;4.5.1&#8243; _module_preset=&#8220;default&#8220;][et_pb_image src=&#8220;https:\/\/www.planbwagen.de\/wp-content\/uploads\/2021\/07\/IMG_2496-1024&#215;1024.jpg&#8220; alt=&#8220;Wegweiser am Estacion International de Canfranc&#8220; title_text=&#8220;Wegweiser am Estacion International de CanfrancIMG_2496&#8243; _builder_version=&#8220;4.5.1&#8243; _module_preset=&#8220;default&#8220;][\/et_pb_image][\/et_pb_column][et_pb_column type=&#8220;2_5&#8243; _builder_version=&#8220;4.5.1&#8243; _module_preset=&#8220;default&#8220;][et_pb_image src=&#8220;https:\/\/www.planbwagen.de\/wp-content\/uploads\/2021\/07\/IMG_2498-768&#215;1024.jpg&#8220; alt=&#8220; Estacion International de Canfranc&#8220; title_text=&#8220;IMG_2498&#8243; _builder_version=&#8220;4.5.1&#8243; _module_preset=&#8220;default&#8220;][\/et_pb_image][\/et_pb_column][\/et_pb_row][et_pb_row _builder_version=&#8220;4.5.1&#8243; _module_preset=&#8220;default&#8220; link_option_url_new_window=&#8220;on&#8220;][et_pb_column type=&#8220;4_4&#8243; _builder_version=&#8220;4.5.1&#8243; _module_preset=&#8220;default&#8220;][et_pb_text _builder_version=&#8220;4.5.1&#8243; _module_preset=&#8220;default&#8220;]<\/p>\n<p style=\"text-align: justify;\">Si dice che sia stata la location del film Il Dottor Zivago.<\/p>\n<p style=\"text-align: justify;\">Ma la stazione non ha mai raggiunto il suo scopo. Il treno era semplicemente troppo lento sui binari tortuosi e ripidi. Inoltre, di tanto in tanto i servizi ferroviari venivano cancellati. Ad esempio, nel 1936-40 a causa della guerra civile spagnola.<\/p>\n<p style=\"text-align: justify;\">Durante la Seconda Guerra Mondiale, questa rotta era il principale punto di trasbordo dell'oro nazista verso il Portogallo e la Spagna in cambio di materie prime rilevanti per la guerra come il tungsteno.<\/p>\n<p style=\"text-align: justify;\">Quando il ponte sul lato francese croll\u00f2 nel 1970. Quando nel 1970 croll\u00f2 il ponte dell'Estanguet sul lato francese, non fu mai ricostruito. Allo stesso tempo, il traffico internazionale fu completamente interrotto.<\/p>\n<p style=\"text-align: justify;\">Il gigantesco errore di pianificazione diventa ancora pi\u00f9 evidente quando ci si rende conto che la citt\u00e0 conta solo 540 abitanti. Tuttavia, la stazione \u00e8 stata progettata per migliaia di viaggiatori, giorno dopo giorno. Dal 2018 \u00e8 in fase di restauro e ristrutturazione. Sono previsti un hotel di lusso e un centro per i pellegrini.<\/p>\n<p style=\"text-align: justify;\">Ora ci sono 6-8 treni regionali al giorno. Questo \u00e8 tutto.\u00a0<\/p>\n<p style=\"text-align: justify;\">\n<p>[\/et_pb_text][\/et_pb_column][\/et_pb_row][et_pb_row _builder_version=&#8220;4.5.1&#8243; _module_preset=&#8220;default&#8220;][et_pb_column type=&#8220;4_4&#8243; _builder_version=&#8220;4.5.1&#8243; _module_preset=&#8220;default&#8220;][et_pb_image src=&#8220;https:\/\/www.planbwagen.de\/wp-content\/uploads\/2021\/07\/beast-und-rot-camp-1024&#215;576.jpeg&#8220; alt=&#8220;Die Terranger  DC-34 Doppelkabine auf dem Campingplatz&#8220; title_text=&#8220;beast und rot camp&#8220; _builder_version=&#8220;4.5.1&#8243; _module_preset=&#8220;default&#8220;][\/et_pb_image][\/et_pb_column][\/et_pb_row][et_pb_row _builder_version=&#8220;4.5.1&#8243; _module_preset=&#8220;default&#8220; link_option_url_new_window=&#8220;on&#8220;][et_pb_column type=&#8220;4_4&#8243; _builder_version=&#8220;4.5.1&#8243; _module_preset=&#8220;default&#8220;][et_pb_text _builder_version=&#8220;4.5.1&#8243; _module_preset=&#8220;default&#8220;]<\/p>\n<p>Oggi passiamo la notte nel piccolo e incontaminato campeggio Viu Ordesa. Per prima cosa andiamo a fare la doccia.<\/p>\n<p>[\/et_pb_text][\/et_pb_column][\/et_pb_row][\/et_pb_section]<\/p>","protected":false},"excerpt":{"rendered":"<p>[et_pb_section fb_built=&#8220;1&#8243; _builder_version=&#8220;4.5.1&#8243; _module_preset=&#8220;default&#8220;][et_pb_row _builder_version=&#8220;4.5.1&#8243; _module_preset=&#8220;default&#8220; link_option_url_new_window=&#8220;on&#8220;][et_pb_column type=&#8220;4_4&#8243; _builder_version=&#8220;4.5.1&#8243; _module_preset=&#8220;default&#8220;][et_pb_text _builder_version=&#8220;4.5.1&#8243; _module_preset=&#8220;default&#8220;] Wir verlassen bei strahlendem Sonnenschein und blauem Himmel das Geiercamp und die Provinz Navarra. Noch ein kurzes Briefing, was uns heute erwartet, und dann geht&#8217;s auch schon los. Die Wildpferde haben uns leider \u00fcber Nacht verlassen. Daf\u00fcr haben K\u00fche ihren Platz eingenommen.\u00a0 Unser [&hellip;]<\/p>","protected":false},"author":1,"featured_media":13629,"comment_status":"open","ping_status":"open","sticky":false,"template":"","format":"standard","meta":{"_et_pb_use_builder":"on","_et_pb_old_content":"","_et_gb_content_width":"","footnotes":""},"categories":[9,38],"tags":[],"class_list":["post-13624","post","type-post","status-publish","format-standard","has-post-thumbnail","hentry","category-spanien","category-transpirenaica-terranger-coast2coast-tour"],"_links":{"self":[{"href":"https:\/\/www.planbwagen.de\/it\/wp-json\/wp\/v2\/posts\/13624","targetHints":{"allow":["GET"]}}],"collection":[{"href":"https:\/\/www.planbwagen.de\/it\/wp-json\/wp\/v2\/posts"}],"about":[{"href":"https:\/\/www.planbwagen.de\/it\/wp-json\/wp\/v2\/types\/post"}],"author":[{"embeddable":true,"href":"https:\/\/www.planbwagen.de\/it\/wp-json\/wp\/v2\/users\/1"}],"replies":[{"embeddable":true,"href":"https:\/\/www.planbwagen.de\/it\/wp-json\/wp\/v2\/comments?post=13624"}],"version-history":[{"count":24,"href":"https:\/\/www.planbwagen.de\/it\/wp-json\/wp\/v2\/posts\/13624\/revisions"}],"predecessor-version":[{"id":13942,"href":"https:\/\/www.planbwagen.de\/it\/wp-json\/wp\/v2\/posts\/13624\/revisions\/13942"}],"wp:featuredmedia":[{"embeddable":true,"href":"https:\/\/www.planbwagen.de\/it\/wp-json\/wp\/v2\/media\/13629"}],"wp:attachment":[{"href":"https:\/\/www.planbwagen.de\/it\/wp-json\/wp\/v2\/media?parent=13624"}],"wp:term":[{"taxonomy":"category","embeddable":true,"href":"https:\/\/www.planbwagen.de\/it\/wp-json\/wp\/v2\/categories?post=13624"},{"taxonomy":"post_tag","embeddable":true,"href":"https:\/\/www.planbwagen.de\/it\/wp-json\/wp\/v2\/tags?post=13624"}],"curies":[{"name":"wp","href":"https:\/\/api.w.org\/{rel}","templated":true}]}}