{"id":1043,"date":"2020-01-16T19:21:49","date_gmt":"2020-01-16T19:21:49","guid":{"rendered":""},"modified":"2021-07-03T20:00:37","modified_gmt":"2021-07-03T18:00:37","slug":"tag-no-134-tarifa-36-00-07-4-n-5-36-35-2-w-wie-wendepunkt","status":"publish","type":"post","link":"https:\/\/www.planbwagen.de\/it\/spagna\/tag-n-134-tarifa-36-00-07-4-n-5-36-35-2-w-come-punto-di-svolta\/","title":{"rendered":"Giorno n. 134 - Tarifa - 36\u00b000'07.4\u2033N 5\u00b036'35.2\u2033W - come punto di svolta"},"content":{"rendered":"<p>[et_pb_section fb_built=&#8220;1&#8243; _builder_version=&#8220;3.22&#8243;][et_pb_row _builder_version=&#8220;4.5.1&#8243; _module_preset=&#8220;default&#8220;][et_pb_column type=&#8220;4_4&#8243; _builder_version=&#8220;4.5.1&#8243; _module_preset=&#8220;default&#8220;][et_pb_text _builder_version=&#8220;4.5.1&#8243; _module_preset=&#8220;default&#8220;]<\/p>\n<p>Quando stamattina mi sveglio e guardo il mio cellulare, vedo che sono gi\u00e0 le sette e mezza. Ma vedo anche un duro commento di un lettore del nostro blog. - Ma di questo parler\u00f2 pi\u00f9 avanti, perch\u00e9 prima ho bisogno di un caff\u00e8. - Quando poco dopo ci affacciamo dall'autobus, tazza alla mano, la situazione \u00e8 molto pi\u00f9 colorata di ieri. Le nostre due ragazze austriache, ex vicine di casa, sono partite per il Marocco. - Due ragazze giovani, sportive, non troppo brutte, che attraversano il Marocco da sole in un autobus VW? - Mi sembra un'idea audace. E ho ancora pi\u00f9 rispetto per il loro coraggio. - Incrociamo quindi le dita affinch\u00e9 tutto vada bene. - Il vecchio Ford Transit di Sebastian, arrivato dalla Germania, \u00e8 stato lasciato indietro. - Oggi dormir\u00e0 fino a tardi, cosa che si merita, visto che ieri i ragazzi hanno passato molto tempo ad arrampicare.<\/p>\n<p>Pi\u00f9 tardi, anche due ragazzi si avviano verso il traghetto. Cos\u00ec, ancora una volta, \u00e8 arrivato il momento di salutarci. - Trovo sempre arricchente conoscere e apprezzare nuove persone con nuove idee e nuovi hobby. Ci rendiamo conto che in viaggio abbiamo contatti molto pi\u00f9 rapidi e intensi. Nel mio lavoro precedente avevo a che fare ogni giorno con persone diverse. - Ma qui impariamo ad apprezzare le persone ancora pi\u00f9 rapidamente. - Come sempre nella vita, ci sono persone cos\u00ec e cos\u00ec. - In questo tour impariamo anche a dire addio.<\/p>\n<p>Anche per noi \u00e8 arrivato il momento di lasciare la montagna. Oggi vogliamo fare una deviazione verso Tarifa. Appena arrivati a valle, vediamo alla nostra destra una lunga spiaggia sabbiosa: ci sbagliamo o ci sono dei campeggiatori? - Senza ulteriori indugi, decidiamo di fermarci e di esplorare l'area come possibile piazzola per la notte. - C'\u00e8 effettivamente un camper e dietro di esso un grande autobus, che a quanto pare \u00e8 stato trasformato in un camper. - All'improvviso vedo un altro vecchio autobus Mercedes dietro di esso. La combinazione di colori mi sembra familiare. E si scopre che si tratta di Pascal, che abbiamo incontrato qualche settimana fa al 70\u00b0 giorno del nostro viaggio in Portogallo, per la precisione vicino ad Aljezur. Poco dopo, anzi nove giorni dopo, lo abbiamo incontrato di nuovo a Praia do Burgau, vicino a Lagos. Una coincidenza? - Ma tutte le cose belle si fanno in tre, quindi lo incontriamo per la terza volta oggi, 64 giorni dopo il nostro primo incontro e quasi 500 chilometri pi\u00f9 a sud. - Non si tratta solo di salutarlo, ma anche di dargli il bentornato.<\/p>\n<p>[\/et_pb_text][\/et_pb_column][\/et_pb_row][et_pb_row column_structure=&#8220;1_3,1_3,1_3&#8243; _builder_version=&#8220;4.5.1&#8243; _module_preset=&#8220;default&#8220;][et_pb_column type=&#8220;1_3&#8243; _builder_version=&#8220;4.5.1&#8243; _module_preset=&#8220;default&#8220;][et_pb_image src=&#8220;https:\/\/www.planbwagen.de\/wp-content\/uploads\/2020\/09\/1-111.jpg&#8220; title_text=&#8220;1&#8243; _builder_version=&#8220;4.5.1&#8243; _module_preset=&#8220;default&#8220;][\/et_pb_image][\/et_pb_column][et_pb_column type=&#8220;1_3&#8243; _builder_version=&#8220;4.5.1&#8243; _module_preset=&#8220;default&#8220;][et_pb_image src=&#8220;https:\/\/www.planbwagen.de\/wp-content\/uploads\/2020\/09\/2-104.jpg&#8220; title_text=&#8220;2&#8243; _builder_version=&#8220;4.5.1&#8243; _module_preset=&#8220;default&#8220;][\/et_pb_image][\/et_pb_column][et_pb_column type=&#8220;1_3&#8243; _builder_version=&#8220;4.5.1&#8243; _module_preset=&#8220;default&#8220;][et_pb_image src=&#8220;https:\/\/www.planbwagen.de\/wp-content\/uploads\/2020\/09\/3-99.jpg&#8220; title_text=&#8220;3&#8243; _builder_version=&#8220;4.5.1&#8243; _module_preset=&#8220;default&#8220;][\/et_pb_image][\/et_pb_column][\/et_pb_row][et_pb_row _builder_version=&#8220;4.5.1&#8243; _module_preset=&#8220;default&#8220;][et_pb_column type=&#8220;4_4&#8243; _builder_version=&#8220;4.5.1&#8243; _module_preset=&#8220;default&#8220;][et_pb_text _builder_version=&#8220;4.5.1&#8243; _module_preset=&#8220;default&#8220;]<\/p>\n<p>Prendiamo appuntamento per pi\u00f9 tardi e ci dirigiamo verso Tarifa - prima dobbiamo esplorare un nuovo supermercato. Altrimenti la nostra colazione sarebbe in pessime condizioni. - Lungo la strada scopriamo la prima arte di strada. Il n. 1 di Axel Void, nato da madre haitiana e padre spagnolo, \u00e8 cresciuto in Spagna e ha studiato belle arti a Cadice. Ha vissuto a Berlino fino a quando si \u00e8 trasferito a Miami nel 2013. - N. 2 di Vincent Abadie Hafez - ZEPHA _ N. 3 Abdellatif Moustad.<\/p>\n<p>Siamo totalmente ispirati dal suo lavoro. - Pochi minuti dopo l'acquisto, ci sediamo su un muretto della spiaggia e non solo facciamo una ricca colazione, ma abbiamo anche la possibilit\u00e0 di chiacchierare di queste immagini.<\/p>\n<p>Qual \u00e8 la destinazione pi\u00f9 importante di Tarifa? Naturalmente l'Isla de Tarifa. Da qui l'Africa sembra cos\u00ec vicina da poterla toccare. In effetti, dista poco meno di 15 chilometri. Ma la cosa fondamentale \u00e8 che qui passa il confine tra l'Atlantico e il Mediterraneo.<\/p>\n<p>&nbsp;<\/p>\n<p>[\/et_pb_text][\/et_pb_column][\/et_pb_row][et_pb_row _builder_version=&#8220;4.5.1&#8243; _module_preset=&#8220;default&#8220;][et_pb_column _builder_version=&#8220;4.5.1&#8243; _module_preset=&#8220;default&#8220; type=&#8220;4_4&#8243;][et_pb_image src=&#8220;https:\/\/www.planbwagen.de\/wp-content\/uploads\/2021\/06\/Southernmost-Point-of-Continental-Europe-Tarifa-2020-Andalusien-Ca\u0301diz-1024&#215;576.png&#8220; _builder_version=&#8220;4.5.1&#8243; _module_preset=&#8220;default&#8220; alt=&#8220;Southernmost Point of Continental Europe, Tarifa, Andalusien, C\u00e1diz&#8220; title_text=&#8220;Southernmost Point of Continental Europe, Tarifa 2020, Andalusien, Ca\u0301diz&#8220; url=&#8220<div class=\"ikn-evt-container\">\r\n    <iframe\r\n            width=\"100%\"\r\n            class=\"ikn-evt-iframe\"\r\n            srcdoc=\"<style>\n    * {\n    padding:0;\n    margin:0;\n    overflow:hidden\n}\n\nhtml, body {\n    height:100%\n}\n\n.ikn-evt-container {\n    position: relative;\n    padding-bottom: 56.25%;\n    height: 0;\n}\n\n.ikn-evt-container iframe {\n    position: absolute;\n    top: 0;\n    left: 0;\n    width: 100%;\n    height: 100%;\n}\n\n.ikn-evt-frame {\n    display: block;\n    position: relative;\n    padding-bottom: 56.23%;\n    height: 0;\n    overflow: hidden;\n    max-width: 100%;\n    background: #000;\n}\n\n.ikn-evt-frame img.ikn-evt-thumbnail {\n    bottom: 0;\n    display: block;\n    left: 0;\n    margin: auto;\n    max-width: 100%;\n    width: 100%;\n    position: absolute;\n    right: 0;\n    top: 0;\n    border: none;\n    height: auto;\n    cursor: pointer;\n    -webkit-transition: .4s all;\n    -moz-transition: .4s all;\n    transition: .4s all;\n}\n\n.ikn-evt-frame[data-source=youtube] img.ikn-evt-thumbnail {\n    top: -63px;\n    bottom: -63px;\n}\n\n.ikn-evt-frame:hover img.ikn-evt-thumbnail {\n    -webkit-filter: brightness(75%);\n}\n\n.ikn-evt-frame .ikn-evt-play-button {\n    height: 20%;\n    width: 13%;\n    left: 44%;\n    top: 42%;\n    position: absolute;\n    cursor: pointer;\n    z-index: 1;\n    background-size: contain !important;\n}\n\n.ikn-evt-frame .ikn-evt-heading {\n    width: 100%;\n    position: absolute;\n    top: 0;\n    background: rgba(0, 0, 0, .5);\n    left: 0;\n    padding: 0.7em;\n    box-sizing: border-box;\n}\n\n.ikn-evt-frame .ikn-evt-heading .ikn-evt-heading-title {\n    font-weight: bold;\n    font-size: 1.5em;\n    color: #FFFFFF;\n    line-height: 30px;\n    margin: 0;\n    cursor: pointer;\n}.ikn-evt-frame[data-source=youtube] \r\n            .ikn-evt-play-button {background:url('https:\/\/www.planbwagen.de\/wp-content\/plugins\/embed-video-thumbnail\/assets\/images\/youtube-72-72.png') no-repeat;}.ikn-evt-frame[data-source=vimeo] \r\n            .ikn-evt-play-button {background:url('https:\/\/www.planbwagen.de\/wp-content\/plugins\/embed-video-thumbnail\/assets\/images\/play-default.png') no-repeat;}.ikn-evt-frame[data-source=dailymotion] \r\n            .ikn-evt-play-button {background:url('https:\/\/www.planbwagen.de\/wp-content\/plugins\/embed-video-thumbnail\/assets\/images\/play-default.png') no-repeat;}.ikn-evt-frame[data-source=facebook] \r\n            .ikn-evt-play-button {background:url('https:\/\/www.planbwagen.de\/wp-content\/plugins\/embed-video-thumbnail\/assets\/images\/play-default.png') no-repeat;}<\/style><div    class='ikn-evt-frame'    data-source='youtube'>    <a class='ikn-evt-link' href='\/\/www.youtube-nocookie.com\/embed\/i_nu8lFmU_0?controls=1&autoplay=1&enablejsapi=1&rel=1'>        <span class='ikn-evt-play-button'><\/span>                    <img                class='ikn-evt-thumbnail'                src='\/wp-content\/uploads\/ikana-embed-video-thumbnail\/youtube\/i_nu8lFmU_0-hqdefault.jpg'                alt='i_nu8lFmU_0'            \/>                    <\/a><\/div><script>\n    document\n        .querySelector('.ikn-evt-link')\n        .addEventListener('click', function(e) {\n                e.preventDefault();\n                e.stopPropagation();\n                window.location.replace(this.href);\n                return false;\n            }\n        )\n    ;\n<\/script>\"\r\n            frameborder=\"0\"\r\n            allow=\"accelerometer; encrypted-media; gyroscope; picture-in-picture\"\r\n            allowfullscreen\r\n title=\"i_nu8lFmU_0\"\r\n            loading=\"lazy\"\r\n            src=\"\/\/www.youtube-nocookie.com\/embed\/i_nu8lFmU_0?controls=1&autoplay=1&enablejsapi=1&rel=1\"\r\n    ><\/iframe>\r\n<\/div>8243; url_new_window=&#8220;on&#8220; align=&#8220;center&#8220; hover_enabled=&#8220;0&#8243;][\/et_pb_image][\/et_pb_column][\/et_pb_row][et_pb_row _builder_version=&#8220;4.5.1&#8243; _module_preset=&#8220;default&#8220;][et_pb_column _builder_version=&#8220;4.5.1&#8243; _module_preset=&#8220;default&#8220; type=&#8220;4_4&#8243;][et_pb_text _builder_version=&#8220;4.5.1&#8243; _module_preset=&#8220;default&#8220; hover_enabled=&#8220;0&#8243;]<\/p>\n<p>Ci troviamo ora sulla strada rialzata che porta all'isola. Alla nostra destra c'\u00e8 Playa Tarifa con vista sull'Atlantico e alla nostra sinistra Playa Chica con vista sul Mediterraneo. \u00c8 emozionante vedere che l'immagine reale coincide con la nostra immaginazione: sul lato atlantico, le onde si infrangono sulla spiaggia e i kiter si divertono. Un kiter in particolare, o meglio un team di kiter, attira la nostra attenzione. Perch\u00e9 la squadra comprende un maestro e un cane. Mentre il maestro corre su e gi\u00f9 per la spiaggia, il grosso cane nero corre su e gi\u00f9 per la riva a rotta di collo. - Sicuramente entrambi sanno cosa hanno fatto la sera. Quando il kiter raggiunge la spiaggia, il cane \u00e8 gi\u00e0 nella stessa posizione. - Ora c'\u00e8 un abbraccio tempestoso nell'acqua. Una squadra ben collaudata. - Sul lato opposto, verso il Mediterraneo, i bagnanti siedono al sole. Il mare sembra molto pi\u00f9 calmo, anche il vento sembra non avere effetto qui, come se non ci fosse solo un divario di acqua, ma anche di tempo. - Il meteorologo potrebbe certamente spiegarlo meglio.<\/p>\n<p>Ma vogliamo tornare da Pascal. - Poco dopo, parcheggiamo Hector proprio dietro la BIBO Beach House. Qui \u00e8 molto pi\u00f9 tranquillo che nella vicina Playa Valdevaqueros. - Ci sediamo al sole dietro il beach club e chiacchieriamo un po' con Pascal. - Una giornata molto rilassata. Ci piace talmente tanto che pensiamo di rimanere qui anche domani. Ma cosa sappiamo la sera di dove andremo domani?<\/p>\n<p>[\/et_pb_text][\/et_pb_column][\/et_pb_row][et_pb_row column_structure=&#8220;1_4,1_4,1_4,1_4&#8243; _builder_version=&#8220;4.5.1&#8243; _module_preset=&#8220;default&#8220;][et_pb_column type=&#8220;1_4&#8243; _builder_version=&#8220;4.5.1&#8243; _module_preset=&#8220;default&#8220;][et_pb_image src=&#8220;https:\/\/www.planbwagen.de\/wp-content\/uploads\/2020\/09\/4-89.jpg&#8220; title_text=&#8220;4&#8243; _builder_version=&#8220;4.5.1&#8243; _module_preset=&#8220;default&#8220;][\/et_pb_image][\/et_pb_column][et_pb_column type=&#8220;1_4&#8243; _builder_version=&#8220;4.5.1&#8243; _module_preset=&#8220;default&#8220;][et_pb_image src=&#8220;https:\/\/www.planbwagen.de\/wp-content\/uploads\/2020\/09\/5-76.jpg&#8220; title_text=&#8220;5&#8243; _builder_version=&#8220;4.5.1&#8243; _module_preset=&#8220;default&#8220;][\/et_pb_image][\/et_pb_column][et_pb_column type=&#8220;1_4&#8243; _builder_version=&#8220;4.5.1&#8243; _module_preset=&#8220;default&#8220;][et_pb_image src=&#8220;https:\/\/www.planbwagen.de\/wp-content\/uploads\/2020\/09\/6-73.jpg&#8220; title_text=&#8220;6&#8243; _builder_version=&#8220;4.5.1&#8243; _module_preset=&#8220;default&#8220;][\/et_pb_image][\/et_pb_column][et_pb_column type=&#8220;1_4&#8243; _builder_version=&#8220;4.5.1&#8243; _module_preset=&#8220;default&#8220;][et_pb_image src=&#8220;https:\/\/www.planbwagen.de\/wp-content\/uploads\/2020\/09\/7-52.jpg&#8220; title_text=&#8220;7&#8243; _builder_version=&#8220;4.5.1&#8243; _module_preset=&#8220;default&#8220;][\/et_pb_image][\/et_pb_column][\/et_pb_row][et_pb_row _builder_version=&#8220;4.5.1&#8243; _module_preset=&#8220;default&#8220;][et_pb_column type=&#8220;4_4&#8243; _builder_version=&#8220;4.5.1&#8243; _module_preset=&#8220;default&#8220;][et_pb_text _builder_version=&#8220;4.5.1&#8243; _module_preset=&#8220;default&#8220;]<\/p>\n<p style=\"text-align: center;\"><span style=\"font-size: 18px;\"><em><strong>&#8222;Wunderliches Wort: die Zeit vertreiben!<\/strong><\/em><\/span><\/p>\n<p style=\"text-align: center;\"><span style=\"font-size: 18px;\"><em><strong>Il problema sarebbe quello di trattenerli.<\/strong><\/em><\/span><\/p>\n<p style=\"text-align: center;\"><span style=\"font-size: 18px;\"><em><strong>Per chi non ha paura: dove sta?<\/strong><\/em><\/span><\/p>\n<p style=\"text-align: center;\"><span style=\"font-size: 18px;\"><em><strong>wo ein endlich Sein in alledem?&#8230;&#8220;<\/strong><\/em><\/span><\/p>\n<p>&nbsp;<\/p>\n<p>Ich hatte ja vorhin geschrieben, dass eine Leserin unseres Blogs, uns geschrieben hat, dass sie meine \u00c4u\u00dferungen zur Joghurtbecher -Fraktion\u00a0&#8222;echt schade findet,\u00a0vor allem, dass\u00a0die gro\u00dfen net gut weg kommen&#8220;.\u00a0&#8211; Sicherlich ein guter Anlass einmal dar\u00fcber nachzudenken. In der Kommunikation hei\u00dft es, es gibt ein Sender-Empf\u00e4nger Verh\u00e4ltnis. Es kommt diesbez\u00fcglich nicht darauf an, was der Sender denkt und meint zum Ausdruck zu bringen, sondern wie es beim Empf\u00e4nger ankommt. Also scheine ich mich falsch ausgedr\u00fcckt zu haben. &#8211; Deshalb erst einmal herzlichen Danke f\u00fcr den netten Text und das sehr sympathische Feedback.<\/p>\n<p>Ci riprovo: non si dice che nulla \u00e8 pi\u00f9 costante del cambiamento? - Ai tempi della mia giovinezza, gli orti erano considerati davvero, davvero poco cool. Chiunque ne avesse uno era considerato l'epitome della borghesia. Perci\u00f2 sono rimasta ancora pi\u00f9 scioccata quando, qualche anno fa, ho ricevuto un invito a visitare il loro orto da parte di una coppia di architetti alla moda.\u00a0<\/p>\n<p>Ma ci\u00f2 che ho trovato ha poco a che fare con il clich\u00e9 dello gnomo da giardino. Venivano ancora coltivate alcune verdure, ma ora erano biologiche e quindi piuttosto alla moda. No, non Klaus Hipp. Dovete decidere da soli se \u00e8 alla moda.<\/p>\n<p>Ma che ne era del pergolato? Un'ampia fascia di finestre portava la luce nella capanna. Le pareti brillavano di bianco. Tutto sembrava luminoso e accogliente. All'interno c'era un Bullerjan Free Flow FF17, quasi un'icona del design tra i caminetti. Nel caso in cui si volesse passare la notte in inverno, ci si sarebbe presi cura di lui. Proprio di fronte alla finestra c'era una sedia anni Settanta. Ma alla faccia dell'impagliatura, era una vera Eames. E quindi una poltrona lounge che considero non solo comoda, ma soprattutto molto, molto cool. L'intera capanna era arredata con gusto con accessori provenienti da varie vacanze della coppia di architetti. Il mondo intero in un pergolato. Anche la pelle di pecora sembrava molto bella. - Al posto del televisore, c'era una piccola libreria con letteratura appassionante. - C'era anche un piccolo bar, con tanto di humidor. - Ci si sarebbe potuti trasferire qui.<\/p>\n<p>Ma siccome era estate, si misero all'aperto intorno a un piccolo fal\u00f2. C'erano anche due amache. Ma una cosa era rimasta. Si beveva ancora birra in bottiglia. Ma che fine avevano fatto i giardinieri dell'orto? Forse, in un modo o nell'altro, erano stati dei pensatori lungimiranti, dopo tutto? Non \u00e8 rimasto solo questo giardino fresco. Nei dintorni di Berlino e Colonia, e certamente anche ad Amburgo, Francoforte e Monaco di Baviera, oggi si possono trovare molti giardinieri di lottizzazione cool. - Ci\u00f2 che ieri era considerato soffocante oggi \u00e8 alla moda.<\/p>\n<p>Questo non pu\u00f2 essere trasferito anche al mondo dei camper? Certo, c'\u00e8 sempre la coppia di pensionati che per prima cosa installa l'antenna parabolica, mette lo gnomo da giardino davanti alla porta e fa funzionare la TV o l'aspirapolvere. Che passano 4 mesi a svernare nello stesso campeggio. E se questo li rende felici, allora va bene. - Non ho la presunzione di giudicare, dico solo che non mi renderebbe felice. Ma grazie a Dio non siamo tutti uguali, altrimenti sarebbe piuttosto noioso, no?<\/p>\n<p>Ma a quanto pare ci sono sempre pi\u00f9 persone che sognano una vita libera e indipendente. Che vogliono che il loro veicolo sia altrettanto indipendente e autosufficiente. - Ma nonostante l'aumento delle immatricolazioni parli chiaro, i produttori sembrano ignorare i segnali o ignorare deliberatamente.<\/p>\n<p>Anche negli anni Settanta c'erano hippy che andavano fino in India con il loro autobus VW autocostruito. E oggi sembra esserci una nuova generazione di hippy. - Ecco a voi! - Ma ce n'\u00e8 solo una, quella hippy, o anche l'altra, quella borghese? Non voglio crederlo. Penso piuttosto che molti ripieghino su un camper classico perch\u00e9 non ci sono alternative o ce ne sono poche.<\/p>\n<p>E per spezzare un'altra lancia a favore dei camperisti bianchi, devo ammettere che tra i loro proprietari ho conosciuto alcuni ragazzi piuttosto in gamba. Ma la maggior parte di loro non ha iniziato con un camper bianco. Prima avevano un furgone, un Laplander o qualcos'altro di bello. Ma con l'avanzare dell'et\u00e0 o con l'arrivo dei figli, le loro esigenze di spazio e comfort sono aumentate. Il cuore batte ancora libero e selvaggio, ma le alternative sono limitate. - Quindi non si tratta di voi grandi, ogni tanto anche noi vorremmo avere un bagno tutto nostro. - Ma stranamente una cosa la sapevo gi\u00e0 da giovane:<\/p>\n<p>&nbsp;<\/p>\n<p style=\"text-align: center;\"><em><strong>&#8222;Vielleicht werde ich einmal gro\u00df, vielleicht werde ich alt und grau, doch nie, nie werde ich erwachsen&#8220;<\/strong><\/em><\/p>\n<p>&nbsp;<\/p>\n<p>Mir f\u00e4llt dazu das Gedicht &#8222;In meinem wilden Herzen&#8220; von Rilke ein.\u00a0<\/p>\n<p>&nbsp;<\/p>\n<p>&nbsp;<\/p>\n<p style=\"text-align: center;\"><span style=\"font-size: 18px;\"><em><strong>&#8222;&#8230;Sieh, der Tag verlangsamt sich, entgegen<\/strong><\/em><\/span><\/p>\n<p style=\"text-align: center;\"><span style=\"font-size: 18px;\"><em><strong>quella stanza che lo porta alla sera:<\/strong><\/em><\/span><\/p>\n<p style=\"text-align: center;\"><span style=\"font-size: 18px;\"><em><strong>Alzarsi \u00e8 diventato stare in piedi, e stare in piedi \u00e8 diventato sdraiarsi,<\/strong><\/em><\/span><\/p>\n<p style=\"text-align: center;\"><span style=\"font-size: 18px;\"><em><strong>und das willig Liegende verschwimmt &#8230;&#8220;<\/strong><\/em><\/span><\/p>\n<p>&nbsp;<\/p>\n<p>Abbiamo notato noi stessi quanto il mercato sia poco flessibile. O \u00e8 fuori dal mercato, o \u00e8 costoso, o \u00e8 fai-da-te. Ma studi come VisionVenture di Hymer dimostrano che le cose possono essere diverse. Ad esempio, in futuro ci saranno sicuramente vasetti di yogurt belli. Solo che non saranno pi\u00f9 bianchi. Infine, io adoro lo yogurt. Senza di esso, il mio muesli \u00e8 buono solo a met\u00e0.<\/p>\n<p>&nbsp;<\/p>\n<p style=\"text-align: center;\"><span style=\"font-size: 18px;\"><em><strong>...montagne che riposano, glorificate dalle stelle.<\/strong><\/em><\/span><\/p>\n<p style=\"text-align: center;\"><span style=\"font-size: 18px;\"><em><strong>ma il tempo sfarfalla anche in loro.<\/strong><\/em><\/span><\/p>\n<p style=\"text-align: center;\"><span style=\"font-size: 18px;\"><em><strong>Ah, nel mio cuore selvaggio dorme<\/strong><\/em><\/span><\/p>\n<p style=\"text-align: center;\"><span style=\"font-size: 18px;\"><em><strong>obdachlos die Unverg\u00e4nglichkeit.&#8220;<\/strong><\/em><\/span><\/p>\n<p style=\"text-align: center;\">\n<p style=\"text-align: center;\"><span style=\"font-size: 18px;\"><em><strong>PS: Una piccola raccomandazione per tutti coloro che hanno ancora un cuore selvaggio,<\/strong><\/em><\/span><\/p>\n<p style=\"text-align: center;\"><span style=\"font-size: 18px;\"><em><strong>Progetto Rilke, <\/strong><\/em><\/span><span style=\"font-size: 18px;\"><em><strong>Sch\u00f6nherz &amp; Fleer,\u00a0<\/strong><\/em><\/span><span style=\"font-size: 18px;\"><b><i>Laith Al-Deen:<\/i><\/b><\/span><\/p>\n<p>[\/et_pb_text][et_pb_button button_url=&#8220<div class=\"ikn-evt-container\">\r\n    <iframe\r\n            width=\"100%\"\r\n            class=\"ikn-evt-iframe\"\r\n            srcdoc=\"<style>\n    * {\n    padding:0;\n    margin:0;\n    overflow:hidden\n}\n\nhtml, body {\n    height:100%\n}\n\n.ikn-evt-container {\n    position: relative;\n    padding-bottom: 56.25%;\n    height: 0;\n}\n\n.ikn-evt-container iframe {\n    position: absolute;\n    top: 0;\n    left: 0;\n    width: 100%;\n    height: 100%;\n}\n\n.ikn-evt-frame {\n    display: block;\n    position: relative;\n    padding-bottom: 56.23%;\n    height: 0;\n    overflow: hidden;\n    max-width: 100%;\n    background: #000;\n}\n\n.ikn-evt-frame img.ikn-evt-thumbnail {\n    bottom: 0;\n    display: block;\n    left: 0;\n    margin: auto;\n    max-width: 100%;\n    width: 100%;\n    position: absolute;\n    right: 0;\n    top: 0;\n    border: none;\n    height: auto;\n    cursor: pointer;\n    -webkit-transition: .4s all;\n    -moz-transition: .4s all;\n    transition: .4s all;\n}\n\n.ikn-evt-frame[data-source=youtube] img.ikn-evt-thumbnail {\n    top: -63px;\n    bottom: -63px;\n}\n\n.ikn-evt-frame:hover img.ikn-evt-thumbnail {\n    -webkit-filter: brightness(75%);\n}\n\n.ikn-evt-frame .ikn-evt-play-button {\n    height: 20%;\n    width: 13%;\n    left: 44%;\n    top: 42%;\n    position: absolute;\n    cursor: pointer;\n    z-index: 1;\n    background-size: contain !important;\n}\n\n.ikn-evt-frame .ikn-evt-heading {\n    width: 100%;\n    position: absolute;\n    top: 0;\n    background: rgba(0, 0, 0, .5);\n    left: 0;\n    padding: 0.7em;\n    box-sizing: border-box;\n}\n\n.ikn-evt-frame .ikn-evt-heading .ikn-evt-heading-title {\n    font-weight: bold;\n    font-size: 1.5em;\n    color: #FFFFFF;\n    line-height: 30px;\n    margin: 0;\n    cursor: pointer;\n}.ikn-evt-frame[data-source=youtube] \r\n            .ikn-evt-play-button {background:url('https:\/\/www.planbwagen.de\/wp-content\/plugins\/embed-video-thumbnail\/assets\/images\/youtube-72-72.png') no-repeat;}.ikn-evt-frame[data-source=vimeo] \r\n            .ikn-evt-play-button {background:url('https:\/\/www.planbwagen.de\/wp-content\/plugins\/embed-video-thumbnail\/assets\/images\/play-default.png') no-repeat;}.ikn-evt-frame[data-source=dailymotion] \r\n            .ikn-evt-play-button {background:url('https:\/\/www.planbwagen.de\/wp-content\/plugins\/embed-video-thumbnail\/assets\/images\/play-default.png') no-repeat;}.ikn-evt-frame[data-source=facebook] \r\n            .ikn-evt-play-button {background:url('https:\/\/www.planbwagen.de\/wp-content\/plugins\/embed-video-thumbnail\/assets\/images\/play-default.png') no-repeat;}<\/style><div    class='ikn-evt-frame'    data-source='youtube'>    <a class='ikn-evt-link' href='\/\/www.youtube-nocookie.com\/embed\/-Qe-PIuWs7g?controls=1&autoplay=1&enablejsapi=1&rel=1'>        <span class='ikn-evt-play-button'><\/span>                    <img                class='ikn-evt-thumbnail'                src='\/wp-content\/uploads\/ikana-embed-video-thumbnail\/youtube\/-Qe-PIuWs7g-hqdefault.jpg'                alt='-Qe-PIuWs7g'            \/>                    <\/a><\/div><script>\n    document\n        .querySelector('.ikn-evt-link')\n        .addEventListener('click', function(e) {\n                e.preventDefault();\n                e.stopPropagation();\n                window.location.replace(this.href);\n                return false;\n            }\n        )\n    ;\n<\/script>\"\r\n            frameborder=\"0\"\r\n            allow=\"accelerometer; encrypted-media; gyroscope; picture-in-picture\"\r\n            allowfullscreen\r\n title=\"-Qe-PIuWs7g\"\r\n            loading=\"lazy\"\r\n            src=\"\/\/www.youtube-nocookie.com\/embed\/-Qe-PIuWs7g?controls=1&autoplay=1&enablejsapi=1&rel=1\"\r\n    ><\/iframe>\r\n<\/div>038;list=RD-Qe-PIuWs7g&#038;start_radio=1&#8243; url_new_window=&#8220;on&#8220; button_text=&#8220;Rilke Projekt&#8220; button_alignment=&#8220;center&#8220; _builder_version=&#8220;4.5.1&#8243; _module_preset=&#8220;default&#8220;][\/et_pb_button][et_pb_divider _builder_version=&#8220;4.5.1&#8243; _module_preset=&#8220;default&#8220;][\/et_pb_divider][\/et_pb_column][\/et_pb_row][et_pb_row _builder_version=&#8220;4.5.1&#8243; _module_preset=&#8220;default&#8220;][et_pb_column type=&#8220;4_4&#8243; _builder_version=&#8220;4.5.1&#8243; _module_preset=&#8220;default&#8220;][et_pb_text _builder_version=&#8220;4.5.1&#8243; _module_preset=&#8220;default&#8220;]<\/p>\n<p>PS: Heute ist \u00fcbrigens &#8222;Tag der italienischen K\u00fcche&#8220; &#8211; Italien isst mehr als Pasta und Pizza &#8211; Doch was w\u00e4ren wir auf unserer Tour ohne Nudeln? Und obwohl inzwischen gekl\u00e4rt scheint, dass die Erfinder der Pasta Chinesen waren, so mag ich es dennoch nicht glauben. Nur weil angeblich ein 4.000 Jahre alter Topf mit Nudeln in China gefunden wurde? &#8211; Wir alle wissen doch, dass die Chinesen in Richtung Plagiate keine Skrupel haben, oder? Das war doch sicher eine Raubkopie! &#8211; Und Pizza, ich meine so eine richtig gute Pizza, so eine wie beim Ristorante Toscanini in der K\u00f6lner S\u00fcdstadt, die fehlt mir auf dieser Tour wirklich. &#8211; Deshalb ist eines sicher, eine unserer n\u00e4chsten Touren f\u00fchrt nach Italien, Essen wie bei Nonna.<\/p>\n<p>[\/et_pb_text][\/et_pb_column][\/et_pb_row][\/et_pb_section]<\/p>","protected":false},"excerpt":{"rendered":"<p>[et_pb_section fb_built=&#8220;1&#8243; _builder_version=&#8220;3.22&#8243;][et_pb_row _builder_version=&#8220;4.5.1&#8243; _module_preset=&#8220;default&#8220;][et_pb_column type=&#8220;4_4&#8243; _builder_version=&#8220;4.5.1&#8243; _module_preset=&#8220;default&#8220;][et_pb_text _builder_version=&#8220;4.5.1&#8243; _module_preset=&#8220;default&#8220;] Als ich heute Morgen aufwache und auf mein Handy schaue, sehe ich, dass es schon halb Acht ist. Doch ich sehe auch den harschen Kommentar einer Leserinnen unseres Blogs. &#8211; Doch dazu sp\u00e4ter mehr, denn ich brauche nun erst einmal einen Kaffee. &#8211; Als wir [&hellip;]<\/p>","protected":false},"author":1,"featured_media":4061,"comment_status":"open","ping_status":"open","sticky":false,"template":"","format":"standard","meta":{"_et_pb_use_builder":"on","_et_pb_old_content":"<p>\u00a0<\/p><div id=\"content_start\">\u00a0<\/div><article class=\"j-blog\"><div class=\"n j-blog-meta j-blog-post--header\"><div class=\"j-text j-module n\"><a class=\"j-blog-post--category\" href=\"https:\/\/www.gluecksmuskel.de\/hectors-reisen\/spain-spanien\/\"> Spain - Spanien <\/a> \u00a0\u00b7\u00a0 <span class=\"j-text j-blog-post--date\"> 16. Januar 2020 <\/span><\/div><h1 class=\"j-blog-header j-blog-headline j-blog-post--headline\">Tag No. 134 - Tarifa - 36\u00b000'07.4\"N 5\u00b036'35.2\"W - wie Wendepunkt<\/h1><\/div><div class=\"post j-blog-content\"><div id=\"cc-matrix-3604522226\"><div id=\"cc-m-12572275126\" class=\"j-module n j-spacing \"><div class=\"cc-m-spacer\" style=\"height: 20px;\">\u00a0<\/div><\/div><div id=\"cc-m-12570066826\" class=\"j-module n j-video \"><div class=\"cc-m-video-gutter cc-m-video-align-center cc-m-video-ratio-2\" style=\"width: 1040px;\"><div class=\"cc-m-video-wrapper\"><p><iframe id=\"cc-m-video-container-12570066826\" class=\"cc-m-video-container\" src=\"https:\/\/www.youtube-nocookie.com\/embed\/i_nu8lFmU_0?wmode=transparent&vq=hd1080\" frameborder=\"0\" allowfullscreen=\"allowfullscreen\">             <\/iframe><\/p><div class=\"cc-m-video-overlay\">\u00a0<\/div><\/div><\/div><div class=\"cc-clear\">\u00a0<\/div><\/div><div id=\"cc-m-12570059826\" class=\"j-module n j-text \"><p>\u00a0<\/p><p>Als ich heute Morgen aufwache und auf mein Handy schaue, sehe ich, dass es schon halb Acht ist. Doch ich sehe auch den harschen Kommentar einer Leserinnen unseres Blogs. - Doch dazu sp\u00e4ter mehr, denn ich brauche nun erst einmal einen Kaffee. - Als wir\u00a0kurz drauf mit\u00a0\u00a0der\u00a0Tasse\u00a0in der Hand aus dem Bus blicken, ist es deutlich bunter als gestern. Unsere beiden \u00f6sterreichischen M\u00e4dels und bisherigen Nachbarinnen, haben sich auf den Weg Richtung Marokko gemacht. - Zwei junge, sportliche, nicht allzu h\u00e4ssliche M\u00e4dchen, allein im VW-Bus\u00a0durch Marokko!? - Ich halte das f\u00fcr gewagt. Umso mehr Respekt habe ich vor der Traute. - So dr\u00fccken wir die Daumen, dass alles gut geht. - Daf\u00fcr ist nun der alte Ford Transit von Sebastian aus Deutschland \u00fcbrig geblieben. - Er schl\u00e4ft heute aus, hat er sich auch verdient, die Jungs waren gestern lange klettern.<\/p><p>\u00a0<\/p><p>Sp\u00e4ter machen sich auch zwei der Jungs auf in Richtung F\u00e4hre. So ist es wieder einmal Zeit, sich zu verabschieden. - Ich finde es immer wieder bereichernd, neue Menschen, mit neuen Ideen,\u00a0sowie neuen Hobbys kennen und sch\u00e4tzen zu lernen. Wir stellen fest, dass wir deutlich schnellere und intensiverer Kontakte unterwegs haben. Durch meine bisherige T\u00e4tigkeit habe ich tagt\u00e4glich mit unterschiedlichen Menschen zu tun gehabt. - Doch hier lernen wir noch schneller Menschen einzusch\u00e4tzen. - Wie immer im Leben gibt es solche und solche. - Was wir auf dieser Tour auch lernen, ist Abschied zu nehmen.<\/p><p>\u00a0<\/p><p>Auch f\u00fcr uns wird es Zeit den Berg zu verlassen. Wir m\u00f6chten heute einen Abstecher nach Tarifa unternehmen. Kaum sind wir im Tal, sehen wir zu unserer Rechten einen langen Sandstrand. - T\u00e4uschen wir uns, oder stehen da Camper? - Wir beschlie\u00dfen kurzerhand zu halten, um die Gegend, als m\u00f6glichen Stellplatz f\u00fcr die Nacht zu erkunden. - Tats\u00e4chlich steht hier ein\u00a0Camper und dahinter ein gro\u00dfer Bus, welcher scheinbar\u00a0ebenfalls zum Wohnmobil ausgebaut ist. - Pl\u00f6tzlich sehe ich nochmals dahinter ein alten Mercedes Bus. Die Farbkombination kommt mir bekannt vor. Und wie sich herausstellt steht hier Pascal, den wir vor einigen Wochen, am 70. Tag unserer Reise in Portugal, genauer gesagt bei Aljezur kennen gelernt haben. Kurz drauf, bzw. neun Tage sp\u00e4ter haben wir ihn an der Praia do Burgau, in der N\u00e4he von Lagos wieder getroffen. Zufall? - Doch aller guten Dinge sind drei, so treffen wir ihn halt heute, 64 Tage nach unserem Kennenlernen und knapp 500 Kilometer weiter s\u00fcdlich ein drittes Mal. - So\u00a0gilt es nicht nur Abschied zu nehmen, sondern auch wieder willkommen zu hei\u00dfen.<\/p><p>\u00a0<\/p><\/div><div id=\"cc-m-12570076726\" class=\"j-module n j-gallery \"><div id=\"cc-m-gallery-12570076726\" class=\"cc-m-gallery-container cc-m-gallery-cool clearover\"><div id=\"gallery_thumb_8125057126\" class=\"cc-m-gallery-cool-item\"><div><a rel=\"lightbox[12570076726]\" data-href=\"https:\/\/planbwagen.de\/wp-content\/uploads\/attachments\/image.jpg\" data-title=\"\" data-index=\"0\"> <img style=\"height: 233px; width: 174px; margin-bottom: 20px; margin-right: 20px;\" src=\"https:\/\/planbwagen.de\/wp-content\/uploads\/2020\/07\/image-1-5-3-1.jpg\" alt=\"\" data-orig-width=\"1536\" data-orig-height=\"2048\" \/> <\/a><\/div><\/div><div id=\"gallery_thumb_8125057326\" class=\"cc-m-gallery-cool-item\"><div><a rel=\"lightbox[12570076726]\" data-href=\"https:\/\/planbwagen.de\/wp-content\/uploads\/attachments\/image.jpg\" data-title=\"\" data-index=\"1\"> <img style=\"height: 233px; width: 176px; margin-bottom: 20px;\" src=\"https:\/\/planbwagen.de\/wp-content\/uploads\/2020\/07\/image-3-1-9.jpg\" alt=\"\" data-orig-width=\"1536\" data-orig-height=\"2048\" \/> <\/a><\/div><\/div><div id=\"gallery_thumb_8125058226\" class=\"cc-m-gallery-cool-item\"><div><a rel=\"lightbox[12570076726]\" data-href=\"https:\/\/planbwagen.de\/wp-content\/uploads\/attachments\/image.jpg\" data-title=\"\" data-index=\"2\"> <img style=\"height: 233px; width: 174px; margin-bottom: 20px;\" src=\"https:\/\/planbwagen.de\/wp-content\/uploads\/2020\/07\/image-8-1-5-2.jpg\" alt=\"\" data-orig-width=\"1536\" data-orig-height=\"2048\" \/> <\/a><\/div><\/div><\/div><\/div><div id=\"cc-m-12570076526\" class=\"j-module n j-text \"><p>\u00a0<\/p><p>Wir verabreden uns auf sp\u00e4ter und fahren erst mal nach Tarifa. - Zuerst gilt es, einen neuen Supermarkt zu erkunden. Denn ansonsten\u00a0w\u00fcrde es um unser Fr\u00fchst\u00fcck\u00a0schlecht stehen.\u00a0- Auf dem Weg entdecken wir bereits die erste Street Art. No. 1 von Axel Void, der als Sohn einer haitianischen Mutter und eines spanischen Vaters geboren wurde, in Spanien aufwuchs und in C\u00e1diz Bildende Kunst studierte. Bis zu seinem Umzug nach Miami 2013 lebte er in Berlin. - No. 2 von\u00a0Vincent Abadie Hafez - ZEPHA _ No. 3\u00a0Abdellatif Moustad.<\/p><p>\u00a0<\/p><p>Wir sind total begeistert von seinem Werk. - So sitzen wir einige Minuten\u00a0nach unserem Einkauf\u00a0am Strand auf einer Mauer und fr\u00fchst\u00fccken\u00a0nicht nur ausgiebig, sondern k\u00f6nnen uns direkt ein wenig \u00fcber diese Bilder austauschen.<\/p><p>\u00a0<\/p><p>Was ist das wichtigste Ziel in Tarifa? Nat\u00fcrlich, die Isla de Tarifa. Von hier scheint Afrika zum Greifen nah. Tats\u00e4chlich\u00a0 sind es knapp 15 Kilometer. Doch das Entscheidende, hier verl\u00e4uft die Grenze zwischen Atlantik und\u00a0dem\u00a0Mittelmeer.<\/p><p>\u00a0<\/p><p>So stehen wir nun auf dem Damm zur Insel. Zu unser Rechten die Playa Tarifa mit Blick auf den Atlantik und auf der linken Seite die Playa Chica, mit Blick auf das Mittelmeer. Spannend, dass reale Bild, deckt sich mit der Vorstellung: Auf der atlantischen Seite schlagen\u00a0die Wellen an den Strand, und die\u00a0Kiter haben ihren Spa\u00df. Vor allem ein\u00a0Kiter, oder soll ich sagen ein Kite-Team, zieht unser besonderes Augenmerk auf sich. Denn zum Team geh\u00f6rt\u00a0Herrchen\u00a0und Hund. W\u00e4hrend das Herrchen den Strand auf und ab f\u00e4hrt, l\u00e4uft der dazugeh\u00f6rige gro\u00dfe schwarze Hund, mit einem Mordstempo, parallel dazu das Ufer auf und ab. - Sicherlich wissen beide, am Abend was sie getan haben. Als der\u00a0Kiter an den Strand f\u00e4hrt, ist der Hund schon auf gleicher Position. - Jetzt gibt es erst einmal eine st\u00fcrmische Umarmung im Wasser. Ein eingespieltes Team. - Auf der Gegenseite und somit in Richtung Mittelmeer,\u00a0sitzen\u00a0Badende in der Sonne. Das Meer scheint deutlich ruhiger, selbst der Wind scheint hier keine Wirkung zu haben, als ob es nicht nur eine Wasserschneide, sondern auch eine Wetterscheide gibt. - Der Wetterfrosch k\u00f6nnte das sicher besser erkl\u00e4ren.<\/p><p>\u00a0<\/p><p>Doch wir wollen\u00a0wieder zur\u00fcck zu Pascal.\u00a0- Kurz drauf\u00a0parken wir Hector direkt hinter dem BIBO Beach House. Hier ist es deutlich ruhiger\u00a0 als an der schr\u00e4g daneben liegenden Playa Valdevaqueros. - So sitzen wir hinter\u00a0dem Beach Club in der Sonne und unterhalten uns ein wenig mit Pascal. - Ein sehr entspannter Tag. Uns gef\u00e4llt es auf jeden Fall so gut, dass wir dr\u00fcber nachdenken, auch morgen noch hier zu bleiben. Doch was wissen wir abends, wo es uns morgen hin treibt?<\/p><p>\u00a0<\/p><\/div><div id=\"cc-m-12570238026\" class=\"j-module n j-gallery \"><div id=\"cc-m-gallery-12570238026\" class=\"cc-m-gallery-container cc-m-gallery-cool clearover\"><div id=\"gallery_thumb_8125154226\" class=\"cc-m-gallery-cool-item\"><div><a rel=\"lightbox[12570238026]\" data-href=\"https:\/\/planbwagen.de\/wp-content\/uploads\/attachments\/image.jpg\" data-title=\"\" data-index=\"0\"> <img style=\"height: 277px; width: 370px; margin-bottom: 3px;\" src=\"https:\/\/planbwagen.de\/wp-content\/uploads\/2020\/07\/image-2-1-0.jpg\" alt=\"\" data-orig-width=\"2048\" data-orig-height=\"1536\" \/> <\/a><\/div><\/div><div id=\"gallery_thumb_8125154326\" class=\"cc-m-gallery-cool-item\"><div><a rel=\"lightbox[12570238026]\" data-href=\"https:\/\/planbwagen.de\/wp-content\/uploads\/attachments\/image.jpg\" data-title=\"\" data-index=\"1\"> <img style=\"height: 176px; width: 132px; margin-bottom: 3px; margin-right: 3px;\" src=\"https:\/\/planbwagen.de\/wp-content\/uploads\/2020\/07\/image-4-7-8-9.jpg\" alt=\"\" data-orig-width=\"1536\" data-orig-height=\"2048\" \/> <\/a><\/div><\/div><div id=\"gallery_thumb_8125154426\" class=\"cc-m-gallery-cool-item\"><div><a rel=\"lightbox[12570238026]\" data-href=\"https:\/\/planbwagen.de\/wp-content\/uploads\/attachments\/image.jpg\" data-title=\"\" data-index=\"2\"> <img style=\"height: 176px; width: 235px; margin-bottom: 3px;\" src=\"https:\/\/planbwagen.de\/wp-content\/uploads\/2020\/07\/image-3-4-5.jpg\" alt=\"\" data-orig-width=\"2048\" data-orig-height=\"1536\" \/> <\/a><\/div><\/div><div id=\"gallery_thumb_8125154526\" class=\"cc-m-gallery-cool-item\"><div><a rel=\"lightbox[12570238026]\" data-href=\"https:\/\/planbwagen.de\/wp-content\/uploads\/attachments\/image.jpg\" data-title=\"\" data-index=\"3\"> <img style=\"height: 176px; width: 132px; margin-bottom: 3px;\" src=\"https:\/\/planbwagen.de\/wp-content\/uploads\/2020\/07\/image-8-3-6-3.jpg\" alt=\"\" data-orig-width=\"1536\" data-orig-height=\"2048\" \/> <\/a><\/div><\/div><\/div><\/div><div id=\"cc-m-12570067026\" class=\"j-module n j-text \"><p>\u00a0<\/p><p style=\"text-align: center;\"><span style=\"font-size: 18px;\"><em><strong>\"Wunderliches Wort: die Zeit vertreiben!<\/strong><\/em><\/span><\/p><p style=\"text-align: center;\"><span style=\"font-size: 18px;\"><em><strong>Sie zu halten, w\u00e4re das Problem.<\/strong><\/em><\/span><\/p><p style=\"text-align: center;\"><span style=\"font-size: 18px;\"><em><strong>Denn, wen \u00e4ngstigts nicht: wo ist ein Bleiben,<\/strong><\/em><\/span><\/p><p style=\"text-align: center;\"><span style=\"font-size: 18px;\"><em><strong>wo ein endlich Sein in alledem?...\"<\/strong><\/em><\/span><\/p><p>\u00a0<\/p><p>Ich hatte ja vorhin geschrieben, dass eine Leserin unseres Blogs, uns geschrieben hat, dass sie meine \u00c4u\u00dferungen zur Joghurtbecher -Fraktion\u00a0\"echt schade findet,\u00a0vor allem, dass\u00a0die gro\u00dfen net gut weg kommen\".\u00a0- Sicherlich ein guter Anlass einmal dar\u00fcber nachzudenken. In der Kommunikation hei\u00dft es, es gibt ein Sender-Empf\u00e4nger Verh\u00e4ltnis. Es kommt diesbez\u00fcglich nicht darauf an, was der Sender denkt und meint zum Ausdruck zu bringen, sondern wie es beim Empf\u00e4nger ankommt. Also scheine ich mich falsch ausgedr\u00fcckt zu haben. - Deshalb erst einmal herzlichen Danke f\u00fcr den netten Text und das sehr sympathische Feedback.<\/p><p>\u00a0<\/p><p>Ich versuche es noch einmal: Hei\u00dft es nicht, nichts ist best\u00e4ndiger als der Wandel? - In meiner Jugend\u00a0galten Schreberg\u00e4rten als wirklich, wirklich uncool. Wer einen solchen hatte, galt als Inbegriff des Spie\u00dfertums. Umso schockierter war ich, als ich vor ein paar Jahren, von einem trendigen Architektenpaar, eine Einladung in ihren Schrebergarten erhielt.<\/p><p>\u00a0<\/p><p>Doch was ich vorfand, hatte wenig mit dem erwarteten Gartenzwerg Klischee zu tun. Zwar wurde immer noch etwas Gem\u00fcse angebaut, doch dieses war nun Bio und\u00a0somit ganz hipp. Nein nicht Klaus Hipp. Ob dieser\u00a0hipp ist, solltet ihr selber entscheiden.<\/p><p>\u00a0<\/p><p>Doch was war da aus der Laube geworden? Ein gro\u00dfes Fensterband brachte Licht in die H\u00fctte. Die W\u00e4nde strahlten wei\u00df. Alles wirkte hell und freundlich. Innen stand nun ein Bullerjan Free Flow FF17, somit fast schon eine Designikone unter den Kaminen. F\u00fcr den Fall, dass man auch mal im Winter \u00fcbernachten wolle, war somit gesorgt. Direkt vor dem Fenster stand ein siebziger Jahre Chair. Doch von wegen spie\u00dfig, es war ein echter Eames. Und somit ein Lounge Stuhl, den ich nicht nur f\u00fcr bequem, sondern vor allem f\u00fcr sehr, sehr cool halte. Die ganze H\u00fctte war geschmackvoll, mit Accessoires verschiedener Urlaube des Architektenpaares, dekoriert. Die weite Welt in einer Laube. Selbst das Schaffell\u00a0wirkte hier ziemlich cool. - Statt Fernseher gab es ein kleines B\u00fccherregal mit spannender Literatur. - Sogar eine kleine Hausbar, samt Humidor war vorhanden. - Hier h\u00e4tte man direkt einziehen k\u00f6nnen.<\/p><p>\u00a0<\/p><p>Da\u00a0es jedoch Sommer war,\u00a0stand man drau\u00dfen um ein kleines Lagerfeuer herum. Zwei H\u00e4ngematten gab es auch noch. Doch eines war geblieben. Man\u00a0trank immer noch Bier aus Flaschen. Doch was war aus den Schreberg\u00e4rtnern geworden? Vielleicht waren sie doch auf die eine oder andere Art Vordenker? Es ist nicht bei\u00a0diesem einen coolen\u00a0Garten geblieben. Im Umland von Berlin und K\u00f6ln und sicherlich auch von Hamburg, Frankfurt und M\u00fcnchen findet man inzwischen viele coole Kleing\u00e4rtner. - Was gestern noch als spie\u00dfig galt, ist\u00a0heute hipp.<\/p><p>\u00a0<\/p><p>Kann man dies nicht auch auf die\u00a0Camper Welt \u00fcbertragen? Nat\u00fcrlich, es gibt immer noch das Rentner Paar, welches als erstes die Satellitensch\u00fcssel ausrichtet, den Gartenzwerg vor die T\u00fcr setzt und bei dem entweder der Fernseher oder der Staubsauger l\u00e4uft. Die 4 Monate auf dem gleichen Campingplatz \u00fcberwintern. Und wenn es sie gl\u00fccklich macht, dann bitte sch\u00f6n. - Ich ma\u00dfe mir nicht an, dar\u00fcber zu richten, ich sage nur, mich w\u00fcrde dies nicht gl\u00fccklich machen. Doch Gott sei Dank sind wir nicht alle gleich, w\u00e4re ja ansonsten ziemlich \u00f6de oder?<\/p><p>\u00a0<\/p><p>Doch scheinbar gibt es mehr und mehr Menschen, die von einem freien, einem unabh\u00e4ngigen Leben tr\u00e4umen. Die ihr Fahrzeug\u00a0ebenso unabh\u00e4ngig und autark gestalten wollen. - Doch obwohl die steigenden Zulassungszahlen eine\u00a0 deutliche\u00a0Sprache sprechen, scheinen die Hersteller die Zeichen entweder zu \u00fcberh\u00f6ren oder bewusst weg zu h\u00f6ren.<\/p><p>\u00a0<\/p><p>Auch\u00a0in den Siebzigern gab es Hippies, die mit ihrem selbst ausgebauten VW-Bus bis nach Indien\u00a0fuhren.\u00a0Und heute\u00a0scheint es eine neue Generation von\u00a0Hippies zu geben. - Bitte sch\u00f6n! - Doch gibt es nur das eine, sprich Hippie oder das andere, sprich Spie\u00dfer? Ich m\u00f6chte das nicht glauben. Ich denke eher, dass viele auf einen klassischen\u00a0Camper zur\u00fcckgreifen, weil es keine Alternative oder nur wenige Alternativen gibt.<\/p><p>\u00a0<\/p><p>Und um eine weitere Lanze, f\u00fcr die wei\u00dfe Ware zu brechen, muss ich ja eingestehen, dass ich inzwischen etliche ziemlich coole Typen unter deren Besitzern kennen gelernt habe. Doch meist haben diese nicht, mit einem wei\u00dfen\u00a0Wohnmobil angefangen. Vorher gab es einen Bulli, eine Lappl\u00e4nder oder sonst was Cooles. Doch mit zunehmendem Alter oder mit den Kindern wurde halt auch der Anspruch auf Raum und Comfort gr\u00f6\u00dfer. Das Herz schl\u00e4gt immer noch wild und frei, doch die Alternativen sind beschr\u00e4nkt. - Es geht also nicht um Euch Gro\u00dfen, ab und zu h\u00e4tten wir auch gern ein eigenes Bad. -\u00a0Doch eines wusste ich komischerweise bereits als junger Kerl:<\/p><p>\u00a0<\/p><p style=\"text-align: center;\"><em><strong>\"Vielleicht werde ich einmal gro\u00df, vielleicht werde ich alt und grau, doch nie, nie werde ich erwachsen\"<\/strong><\/em><\/p><p>\u00a0<\/p><p>Mir f\u00e4llt dazu das Gedicht \"In meinem wilden Herzen\" von Rilke ein.<\/p><p>\u00a0<\/p><p>\u00a0<\/p><p style=\"text-align: center;\"><span style=\"font-size: 18px;\"><em><strong>\"...Sieh, der Tag verlangsamt sich, entgegen<\/strong><\/em><\/span><\/p><p style=\"text-align: center;\"><span style=\"font-size: 18px;\"><em><strong>jenem Raum, der ihn nach Abend nimmt:<\/strong><\/em><\/span><\/p><p style=\"text-align: center;\"><span style=\"font-size: 18px;\"><em><strong>Aufstehn wurde Stehn, und Stehn wird Legen,<\/strong><\/em><\/span><\/p><p style=\"text-align: center;\"><span style=\"font-size: 18px;\"><em><strong>und das willig Liegende verschwimmt ...\"<\/strong><\/em><\/span><\/p><p>\u00a0<\/p><p>Wir merken\u00a0ja selbst, wie unflexibel der Markt sich gestaltet. Entweder von der Stange oder teuer oder Selbstausbau. Doch Studien wie die VisionVenture von Hymer zeigen, dass es auch anders geht. So wird es sicherlich in Zukunft auch coole Joghurtbecher geben. Die sind dann nur nicht mehr wei\u00df. Und zum Schluss noch ein Hinweis, ich liebe Joghurt. Ohne ihn schmeckt mein M\u00fcsli nur halb so gut.<\/p><p>\u00a0<\/p><p style=\"text-align: center;\"><span style=\"font-size: 18px;\"><em><strong>...Berge ruhn, von Sternen \u00fcberpr\u00e4chtigt; -<\/strong><\/em><\/span><\/p><p style=\"text-align: center;\"><span style=\"font-size: 18px;\"><em><strong>aber auch in ihnen flimmert Zeit.<\/strong><\/em><\/span><\/p><p style=\"text-align: center;\"><span style=\"font-size: 18px;\"><em><strong>Ach, in meinem wilden Herzen n\u00e4chtigt<\/strong><\/em><\/span><\/p><p>\u00a0<\/p><p style=\"text-align: center;\"><span style=\"font-size: 18px;\"><em><strong>obdachlos die Unverg\u00e4nglichkeit.\"<\/strong><\/em><\/span><\/p><p style=\"text-align: center;\"><span style=\"font-size: 18px;\"><em><strong>PS: Kleine Empfehlung f\u00fcr alle, die noch ein wildes Herz haben, Rilke Projekt, Sch\u00f6nherz & Fleer,\u00a0<\/strong><\/em><\/span><span style=\"font-size: 18px;\"><b><i>Laith Al-Deen:<\/i><\/b><\/span><\/p><\/div><div id=\"cc-m-12570253826\" class=\"j-module n j-callToAction \"><div class=\"j-calltoaction-wrapper j-calltoaction-align-2\"><a class=\"j-calltoaction-link j-calltoaction-link-style-3\" href=\"https:\/\/www.youtube.com\/watch?v=-Qe-PIuWs7g&list=RD-Qe-PIuWs7g&start_radio=1\" target=\"_blank\" rel=\"noopener noreferrer\" data-action=\"button\" data-title=\"Rilke Projekt\"> Rilke Projekt <\/a><\/div><\/div><div id=\"cc-m-12570423526\" class=\"j-module n j-hr \"><hr \/><\/div><div id=\"cc-m-12570423626\" class=\"j-module n j-text \"><p>\u00a0<\/p><p>PS: Heute ist \u00fcbrigens \"Tag der italienischen K\u00fcche\" - Italien isst mehr als Pasta und Pizza\u00a0\u00a0- Doch was w\u00e4ren wir auf unserer Tour ohne Nudeln? Und obwohl inzwischen gekl\u00e4rt scheint, dass die Erfinder der Pasta Chinesen waren, so mag ich es dennoch nicht glauben. Nur weil angeblich ein 4.000 Jahre alter Topf mit Nudeln in China gefunden wurde? - Wir alle wissen doch, dass die Chinesen in Richtung Plagiate keine Skrupel haben, oder? Das war doch sicher eine Raubkopie! - Und Pizza, ich meine so eine richtig gute Pizza, so eine wie beim\u00a0Ristorante Toscanini in der K\u00f6lner S\u00fcdstadt, die fehlt mir auf dieser Tour wirklich. - Deshalb ist eines sicher, eine unserer n\u00e4chsten Touren f\u00fchrt nach Italien, Essen wie bei Nonna.<\/p><p>\u00a0<\/p><\/div><div id=\"cc-m-12572275526\" class=\"j-module n j-text \"><p style=\"text-align: right;\">\u00a0\u00a0<a class=\"j-calltoaction-link j-calltoaction-link-style-2\" style=\"font-size: 16px; background-color: #ffcc00; border-width: 2px; border-color: #ffcc00; color: #ffffff; user-select: text; padding: 10px 20px; line-height: 1.5; border-radius: 0px; -webkit-appearance: none; margin: 1em 0px;\" title=\"Tag No. 135 - Lazy Day\" href=\"\/2020\/01\/17\/tag-no-135-lazy-day\/\" data-action=\"button\" data-title=\"Sunny Side Up\">Sunny Side Up\u00a0 \u00a0\u00a0<\/a><\/p><p style=\"text-align: right;\"><a class=\"j-calltoaction-link j-calltoaction-link-style-2\" style=\"background-color: #ffcc00; border-width: 2px; border-color: #ffcc00; color: #ffffff; user-select: text; padding: 10px 20px; font-size: 16px; line-height: 1.5; border-radius: 0px; -webkit-appearance: none; margin: 1em 0px;\" title=\"Tag No. 133 - Out of Africa\" href=\"\/2020\/01\/15\/tag-no-133-out-of-africa\/\" data-action=\"button\" data-title=\"Sunny Side Down\"> Sunny Side Down\u00a0 \u00a0\u00a0<\/a><\/p><\/div><\/div><\/div><div class=\"j-module n j-text j-blog-post--tags-wrapper\"><span class=\"j-blog-post--tags--template\" style=\"display: none;\"><a class=\"j-blog-post--tag\" href=\"https:\/\/www.gluecksmuskel.de\/hectors-reisen\/?tag=tagPlaceholder\">tagPlaceholder<\/a><\/span><span class=\"j-blog-post--tags-label\" style=\"display: inline;\">Tags:<\/span> <span class=\"j-blog-post--tags-list\"><a class=\"j-blog-post--tag\" href=\"https:\/\/www.gluecksmuskel.de\/hectors-reisen\/?tag=bulli\">bulli<\/a>, <a class=\"j-blog-post--tag\" href=\"https:\/\/www.gluecksmuskel.de\/hectors-reisen\/?tag=Strand\">Strand<\/a>, <a class=\"j-blog-post--tag\" href=\"https:\/\/www.gluecksmuskel.de\/hectors-reisen\/?tag=Beach\">Beach<\/a>, <a class=\"j-blog-post--tag\" href=\"https:\/\/www.gluecksmuskel.de\/hectors-reisen\/?tag=VW+Bus\">VW Bus<\/a>, <a class=\"j-blog-post--tag\" href=\"https:\/\/www.gluecksmuskel.de\/hectors-reisen\/?tag=Reise\">Reise<\/a>, <a class=\"j-blog-post--tag\" href=\"https:\/\/www.gluecksmuskel.de\/hectors-reisen\/?tag=spanien\">spanien<\/a>, <a class=\"j-blog-post--tag\" href=\"https:\/\/www.gluecksmuskel.de\/hectors-reisen\/?tag=andalusien\">andalusien<\/a>, <a class=\"j-blog-post--tag\" href=\"https:\/\/www.gluecksmuskel.de\/hectors-reisen\/?tag=Drohne\">Drohne<\/a>, <a class=\"j-blog-post--tag\" href=\"https:\/\/www.gluecksmuskel.de\/hectors-reisen\/?tag=Drohnenflug\">Drohnenflug<\/a>, <a class=\"j-blog-post--tag\" href=\"https:\/\/www.gluecksmuskel.de\/hectors-reisen\/?tag=Paar\">Paar<\/a>, <a class=\"j-blog-post--tag\" href=\"https:\/\/www.gluecksmuskel.de\/hectors-reisen\/?tag=Tarifa\">Tarifa<\/a>, <a class=\"j-blog-post--tag\" href=\"https:\/\/www.gluecksmuskel.de\/hectors-reisen\/?tag=T5\">T5<\/a>, <a class=\"j-blog-post--tag\" href=\"https:\/\/www.gluecksmuskel.de\/hectors-reisen\/?tag=Rilke\">Rilke<\/a>, <a class=\"j-blog-post--tag\" href=\"https:\/\/www.gluecksmuskel.de\/hectors-reisen\/?tag=Mittelmeer\">Mittelmeer<\/a>, <a class=\"j-blog-post--tag\" href=\"https:\/\/www.gluecksmuskel.de\/hectors-reisen\/?tag=Atlantik\">Atlantik<\/a>, <a class=\"j-blog-post--tag\" href=\"https:\/\/www.gluecksmuskel.de\/hectors-reisen\/?tag=Schrebergarten\">Schrebergarten<\/a><\/span><\/div><div class=\"n j-comment\"><div id=\"commentsModule12563229826\"><p id=\"skiptoform12563229826\" class=\"skiptoform\"><a href=\"#\" data-id=\"12563229826\" data-action=\"goToForm\">Kommentar schreiben<\/a><\/p><div id=\"numComments12563229826\" class=\"j-blog-comment-counter\">Kommentare: <i class=\"cc-comments-count\">0<\/i><\/div><ul id=\"commentOutput12563229826\" class=\"com-list-noava\"><li id=\"commentFormContainer12563229826\" class=\"commentstd clearover\"><strong class=\"number\">#1<\/strong><br \/><div class=\"com-meta\">\u00a0<\/div><p><a name=\"commentForm12563229826\"><\/a><\/p><div class=\"commententry cc-com-entry\"><form id=\"commentform12563229826\" action=\"\" enctype=\"application\/x-www-form-urlencoded\" method=\"post\"><div><label class=\"required\" for=\"name12563229826\">Name: *<\/label><br \/><input id=\"name12563229826\" class=\"single\" name=\"name\" type=\"text\" value=\"\" \/><\/div><div><label class=\"required\" for=\"comment12563229826\">Eintrag: *<\/label><br \/><textarea id=\"comment12563229826\" cols=\"80\" name=\"comment\" rows=\"6\"><\/textarea><\/div><div><label class=\"required\" for=\"privacyPolicy12563229826\">Es gilt die <a href=\"\/j\/privacy\" target=\"_blank\" rel=\"noopener noreferrer\">Datenschutzerkl\u00e4rung<\/a>. *<\/label><br \/><input name=\"privacyPolicy\" type=\"hidden\" value=\"0\" \/><input id=\"privacyPolicy12563229826\" name=\"privacyPolicy\" type=\"checkbox\" value=\"1\" \/><\/div><div><input id=\"submit12563229826\" name=\"Senden\" type=\"submit\" value=\"Senden\" \/><\/div><dl class=\"zend_form\"><dt id=\"mandFields-label\"><\/dt><\/dl><div style=\"margin-top: 4px;\">* Pflichtfelder<\/div><\/form><\/div><div class=\"c\">\u00a0<\/div><\/li><\/ul><div id=\"commentError12563229826\" class=\"message-error\" style=\"display: none;\">\u00a0<\/div><div id=\"commentSuccess12563229826\" class=\"message-ok\" style=\"display: none;\">\u00a0<\/div><\/div><p><script>\/\/ <![CDATA[ window.regModule(\"module_comment\", {\"data\":{\"id\":\"12563229826\",\"closed\":\"0\",\"captcha\":\"14ccada2942007deee909d7c386c5026\",\"avatar\":false,\"lang\":{\"comment\":\"Kommentar\",\"comments\":\"Kommentare\"}}}); \/\/ ]]> <\/script><\/p><\/div><\/article><p>\u00a0<\/p>","_et_gb_content_width":"","footnotes":""},"categories":[9],"tags":[],"class_list":["post-1043","post","type-post","status-publish","format-standard","has-post-thumbnail","hentry","category-spanien"],"_links":{"self":[{"href":"https:\/\/www.planbwagen.de\/it\/wp-json\/wp\/v2\/posts\/1043","targetHints":{"allow":["GET"]}}],"collection":[{"href":"https:\/\/www.planbwagen.de\/it\/wp-json\/wp\/v2\/posts"}],"about":[{"href":"https:\/\/www.planbwagen.de\/it\/wp-json\/wp\/v2\/types\/post"}],"author":[{"embeddable":true,"href":"https:\/\/www.planbwagen.de\/it\/wp-json\/wp\/v2\/users\/1"}],"replies":[{"embeddable":true,"href":"https:\/\/www.planbwagen.de\/it\/wp-json\/wp\/v2\/comments?post=1043"}],"version-history":[{"count":8,"href":"https:\/\/www.planbwagen.de\/it\/wp-json\/wp\/v2\/posts\/1043\/revisions"}],"predecessor-version":[{"id":13410,"href":"https:\/\/www.planbwagen.de\/it\/wp-json\/wp\/v2\/posts\/1043\/revisions\/13410"}],"wp:featuredmedia":[{"embeddable":true,"href":"https:\/\/www.planbwagen.de\/it\/wp-json\/wp\/v2\/media\/4061"}],"wp:attachment":[{"href":"https:\/\/www.planbwagen.de\/it\/wp-json\/wp\/v2\/media?parent=1043"}],"wp:term":[{"taxonomy":"category","embeddable":true,"href":"https:\/\/www.planbwagen.de\/it\/wp-json\/wp\/v2\/categories?post=1043"},{"taxonomy":"post_tag","embeddable":true,"href":"https:\/\/www.planbwagen.de\/it\/wp-json\/wp\/v2\/tags?post=1043"}],"curies":[{"name":"wp","href":"https:\/\/api.w.org\/{rel}","templated":true}]}}