{"id":9283,"date":"2020-10-18T19:47:58","date_gmt":"2020-10-18T19:47:58","guid":{"rendered":"https:\/\/www.planbwagen.de\/?p=9283"},"modified":"2021-07-03T13:42:55","modified_gmt":"2021-07-03T11:42:55","slug":"sardinien-sardigna-sardegna-sardenya-diese-insel-der-viele-namen","status":"publish","type":"post","link":"https:\/\/www.planbwagen.de\/fr\/italie\/sardaigne-sardigna-sardegna-sardenya-cette-ile-aux-nombreux-noms\/","title":{"rendered":"Sardaigne, Sardigna, Sardegna, Sardenya - Cette \u00eele aux nombreux noms."},"content":{"rendered":"<p>[et_pb_section fb_built=&#8220;1&#8243; _builder_version=&#8220;4.5.1&#8243; _module_preset=&#8220;default&#8220;][et_pb_row column_structure=&#8220;1_3,1_3,1_3&#8243; _builder_version=&#8220;4.5.1&#8243; _module_preset=&#8220;default&#8220; custom_padding=&#8220;||0px|||&#8220;][et_pb_column type=&#8220;1_3&#8243; _builder_version=&#8220;4.5.1&#8243; _module_preset=&#8220;default&#8220;][et_pb_image src=&#8220;https:\/\/www.planbwagen.de\/wp-content\/uploads\/2020\/10\/29ED2D28-333E-4064-B50F-60156BD7DCFD-819&#215;1024.jpg&#8220; alt=&#8220;Torgit blickt auf das Meer, in Olbia, Sardinien&#8220; _builder_version=&#8220;4.5.1&#8243; _module_preset=&#8220;default&#8220;][\/et_pb_image][\/et_pb_column][et_pb_column type=&#8220;1_3&#8243; _builder_version=&#8220;4.5.1&#8243; _module_preset=&#8220;default&#8220;][et_pb_image src=&#8220;https:\/\/www.planbwagen.de\/wp-content\/uploads\/2020\/10\/IMG_3797-2-300&#215;225.jpg&#8220; alt=&#8220;Marc vor dem planBwagen in Olbia, Sardinien&#8220; _builder_version=&#8220;4.5.1&#8243; _module_preset=&#8220;default&#8220;][\/et_pb_image][\/et_pb_column][et_pb_column type=&#8220;1_3&#8243; _builder_version=&#8220;4.5.1&#8243; _module_preset=&#8220;default&#8220;][et_pb_image src=&#8220;https:\/\/www.planbwagen.de\/wp-content\/uploads\/2020\/10\/IMG_3802-768&#215;1024.jpg&#8220; alt=&#8220;Moby F\u00e4hrschein auf Frontscheibe des SpaceCamper VW T6.1&#8243; _builder_version=&#8220;4.5.1&#8243; _module_preset=&#8220;default&#8220;][\/et_pb_image][\/et_pb_column][\/et_pb_row][et_pb_row _builder_version=&#8220;4.5.1&#8243; _module_preset=&#8220;default&#8220;][et_pb_column type=&#8220;4_4&#8243; _builder_version=&#8220;4.5.1&#8243; _module_preset=&#8220;default&#8220;][et_pb_text _builder_version=&#8220;4.5.1&#8243; _module_preset=&#8220;default&#8220;]<\/p>\n<p>\"Sandalyon\", c'est le nom que les Grecs ont donn\u00e9 \u00e0 cette \u00eele, car sa forme rappelle un peu celle d'une empreinte de pied. Nous nous effor\u00e7ons de garder notre empreinte sur l'\u00eele petite, tout en explorant l'\u00eele sous nos pieds et nos pneus.<\/p>\n<p>Torgit : arriv\u00e9e en Sardaigne<br \/> Le r\u00e9veil sonne \u00e0 6 heures, car l'arriv\u00e9e du ferry \u00e0 Olbia est pr\u00e9vue \u00e0 7 heures. La nuit a \u00e9t\u00e9 courte et agit\u00e9e. Hier soir, nous nous demandions comment nous allions pouvoir dormir avec la climatisation bruyante, mais le ferry est encore plus bruyant et cahoteux. Une fois de plus, j'adore mes Ohropax. Mais le ferry ne s'entend pas seulement, on le sent aussi dans l'estomac, et la houle en plus. En fait, c'est un miracle que nous ayons pu dormir.<\/p>\n<p>La douche r\u00e9veille nos esprits et nous sommes pr\u00eats pour le check-out. La sortie du ferry n'est pas spectaculaire. Nous sommes bien arriv\u00e9s en Sardaigne et sommes heureux de profiter du soleil et des temp\u00e9ratures douces. Pr\u00e8s de 20 degr\u00e9s avec un m\u00e9lange de soleil et de nuages nous rendent tr\u00e8s, tr\u00e8s heureux. Cela peut rester ainsi.<\/p>\n<p>Nous voyons certes beaucoup de policiers et on prend \u00e0 nouveau la temp\u00e9rature, mais personne ne veut voir notre formulaire d'entr\u00e9e. Je me rends compte que je n'ai pas pr\u00e9sent\u00e9 le bon formulaire hier soir lors de l'enregistrement. Voil\u00e0 pour la situation pr\u00e9tendument tendue. Les Italiens donnent l'impression d'\u00eatre d\u00e9tendus, ce qui fait leur r\u00e9putation. Cela semble \u00e9galement \u00eatre le cas pour les Sardes.<\/p>\n<p>[\/et_pb_text][\/et_pb_column][\/et_pb_row][et_pb_row _builder_version=&#8220;4.5.1&#8243; _module_preset=&#8220;default&#8220;][et_pb_column type=&#8220;4_4&#8243; _builder_version=&#8220;4.5.1&#8243; _module_preset=&#8220;default&#8220;][et_pb_image src=&#8220;https:\/\/www.planbwagen.de\/wp-content\/uploads\/2020\/10\/IMG_0243.jpg&#8220; alt=&#8220;Abendstimmung am Strand n\u00f6rdlich von Baia Sant&#8216; Anna, Sardinien, im Hintergrund der Camouflage planBwagen, T6.1 SpaceCamper mit Delta4x4 Personenschutzb\u00fcgel und Klassik_B Felge&#8220; _builder_version=&#8220;4.5.1&#8243; _module_preset=&#8220;default&#8220;][\/et_pb_image][\/et_pb_column][\/et_pb_row][et_pb_row _builder_version=&#8220;4.5.1&#8243; _module_preset=&#8220;default&#8220;][et_pb_column type=&#8220;4_4&#8243; _builder_version=&#8220;4.5.1&#8243; _module_preset=&#8220;default&#8220;][et_pb_text _builder_version=&#8220;4.5.1&#8243; _module_preset=&#8220;default&#8220;]<\/p>\n<p>Nous parcourons donc d'abord quelques m\u00e8tres jusqu'au premier mur de quai. C'est incroyable, nous n'avons fait que quelques m\u00e8tres et nous sommes d\u00e9j\u00e0 au bord de l'eau. Un panneau indique \"Parcheggio Gratuito Porto Turistico\" - parking gratuit, nous sommes aussi des touristes. Il faut donc d'abord respirer et regarder la mer et le port, et bien s\u00fbr se pr\u00e9parer un caf\u00e9. Ah oui, ne pas oublier le petit-d\u00e9jeuner. Ensuite, nous avons enfin le temps de compl\u00e9ter et de t\u00e9l\u00e9charger les articles du blog des derniers jours.<\/p>\n<p>Notre objectif du jour est bref. Nous voulons longer un peu la c\u00f4te est en direction du sud, explorer les premiers kilom\u00e8tres et chercher un endroit o\u00f9 dormir pour la premi\u00e8re nuit. Nous nous \u00e9cartons r\u00e9guli\u00e8rement de la route principale et cherchons les plus petites routes possibles, proches de la c\u00f4te. Cela se passe mieux que pr\u00e9vu.<\/p>\n<p>L'un de ces panoramas nous m\u00e8ne \u00e0 Porto Taverna. De petits bungalows flanquent ici la plage. Ici, quelques campeurs sont \u00e9galement install\u00e9s directement sur la plage. Nous voulons d'abord nous promener un peu sur la plage. Mais nous n'allons pas loin. Selon Trip Advisor, le caf\u00e9-restaurant 12.1 n'est que le num\u00e9ro 3 sur la plage. Mais cela suffit pour obtenir quatre \u00e9toiles. Nous nous asseyons au soleil et buvons un vin blanc noisette. Que demander de plus ? On pourrait rester assis ici pendant des heures.<\/p>\n<p>Mais nous devons continuer, car il faut trouver un bel endroit avant la nuit. Nous continuons donc \u00e0 longer la c\u00f4te. Un peu au nord de Baia Sant'Anna, nous trouvons ce que nous cherchons. Une petite route m\u00e8ne \u00e0 la plage. Au bord d'une lande, nous trouvons un petit coin \u00e0 l'abri du vent.<\/p>\n<p>[\/et_pb_text][\/et_pb_column][\/et_pb_row][et_pb_row _builder_version=&#8220;4.5.1&#8243; _module_preset=&#8220;default&#8220; min_height=&#8220;883px&#8220; custom_padding=&#8220;0px||1px|||&#8220;][et_pb_column type=&#8220;4_4&#8243; _builder_version=&#8220;4.5.1&#8243; _module_preset=&#8220;default&#8220;][et_pb_image src=&#8220;https:\/\/www.planbwagen.de\/wp-content\/uploads\/2020\/10\/IMG_0262.jpg&#8220; alt=&#8220;Aufgehende Sonne Am Strand n\u00f6rdlich von Baia Sant&#8217;Anna, Camouflage planBwagen, T6.1 SpaceCamper mit Delta4x4 Personenschutzb\u00fcgel und Klassik_B Felge&#8220; _builder_version=&#8220;4.5.1&#8243; _module_preset=&#8220;default&#8220; min_height=&#8220;834px&#8220;][\/et_pb_image][\/et_pb_column][\/et_pb_row][et_pb_row _builder_version=&#8220;4.5.1&#8243; _module_preset=&#8220;default&#8220; custom_padding=&#8220;||0px|||&#8220;][et_pb_column type=&#8220;4_4&#8243; _builder_version=&#8220;4.5.1&#8243; _module_preset=&#8220;default&#8220;][et_pb_text _builder_version=&#8220;4.5.1&#8243; _module_preset=&#8220;default&#8220; custom_margin=&#8220;-57px||-35px|||&#8220; custom_padding=&#8220;19px|||||&#8220;]<\/p>\n<p>&#8222;Wowh, Sardinien h\u00e4lt schon am ersten Abend, was es verspricht. Der Geruch von salziger Luft mischt sich mit dem Duft der Heide. Wir sind begeistert. Schnell stellen wir das Dach auf und beginnen zu kochen.<br \/> Le jour n\u00b01 en Sardaigne sera difficile \u00e0 surpasser.<\/p>\n<p>Le matin, nous sommes r\u00e9veill\u00e9s juste avant le lever du soleil par le chant d'un coq. Nous avons bien dormi. Nous sommes donc dehors de bonne heure et regardons le soleil se lever. Le deuxi\u00e8me jour en Sardaigne commence aussi bien que le premier s'est termin\u00e9. C'est \u00e0 nouveau la sensation du sud. Le caf\u00e9 a tout simplement meilleur go\u00fbt quand on sent le soleil sur sa peau.<\/p>\n<p>Et puis les fruits, c'est tout simplement divin. Nous avons achet\u00e9 par hasard du Pursha-Lime, la variante \"romaine\" presque sucr\u00e9e, d\u00e9licieux. Ainsi, le muesli aux fruits est deux fois plus savoureux.<\/p>\n<p>Nous commen\u00e7ons la journ\u00e9e de mani\u00e8re d\u00e9tendue. Je vais d'abord me baigner. Il fait d\u00e9j\u00e0 frais. Ensuite, un peu de sport matinal et de lecture.<\/p>\n<p>Plus tard, nous nous occupons encore un peu de BUTCH, notre SpaceCamper. Nous faisons encore un peu de tri et mettons notre filtre \u00e0 eau en route. Notre maison devient de plus en plus confortable.<\/p>\n<p>Un peu de vent se l\u00e8ve \u00e0 midi. Il fait nettement plus frais. Nous faisons d'abord la cuisine, des p\u00e2tes. Quoi d'autre ?<\/p>\n<p>Nous voulons aller encore un peu plus au sud, car c'est l\u00e0 que nous voulons\u00a0<a href=\"https:\/\/www.nurmalkurzraus.de\/\">&#8222;Nur mal kurz raus&#8220;<\/a> de se rencontrer. Tout est maintenant rang\u00e9.\u00a0<\/p>\n<p>Nous trouvons notre place au Capo Ferrato,\u00a0<a href=\"https:\/\/www.google.com\/search?q=39%C2%B017%2754.0%22N+9%C2%B037%2711.3%22E&amp;oq=39%C2%B017%2754.0%22N+9%C2%B037%2711.3%22E&amp;aqs=chrome..69i57j69i60l2j69i61.1271j0j4&amp;sourceid=chrome&amp;ie=UTF-8\">39\u00b017'54.0\u2033N 9\u00b037'11.3\u2033E<\/a>au sud-est de l'\u00eele. Mais il fait d\u00e9j\u00e0 nuit lorsque nous arrivons. La vue du matin sera-t-elle meilleure que celle de ce matin ? Nous nous laissons surprendre.<\/p>\n<p>&nbsp;<\/p>\n<p>[\/et_pb_text][\/et_pb_column][\/et_pb_row][et_pb_row _builder_version=&#8220;4.5.1&#8243; _module_preset=&#8220;default&#8220;][et_pb_column type=&#8220;4_4&#8243; _builder_version=&#8220;4.5.1&#8243; _module_preset=&#8220;default&#8220;][et_pb_image src=&#8220;https:\/\/www.planbwagen.de\/wp-content\/uploads\/2021\/06\/Sardinien-1024&#215;576.png&#8220; _builder_version=&#8220;4.5.1&#8243; _module_preset=&#8220;default&#8220; alt=&#8220;Terranger 4&#215;4 SpaceCamper auf Sardinien: Tag No. One&#8220; title_text=&#8220;Sardinien&#8220; url=&#8220<div class=\"ikn-evt-container\">\r\n    <iframe\r\n            width=\"100%\"\r\n            class=\"ikn-evt-iframe\"\r\n            srcdoc=\"<style>\n    * {\n    padding:0;\n    margin:0;\n    overflow:hidden\n}\n\nhtml, body {\n    height:100%\n}\n\n.ikn-evt-container {\n    position: relative;\n    padding-bottom: 56.25%;\n    height: 0;\n}\n\n.ikn-evt-container iframe {\n    position: absolute;\n    top: 0;\n    left: 0;\n    width: 100%;\n    height: 100%;\n}\n\n.ikn-evt-frame {\n    display: block;\n    position: relative;\n    padding-bottom: 56.23%;\n    height: 0;\n    overflow: hidden;\n    max-width: 100%;\n    background: #000;\n}\n\n.ikn-evt-frame img.ikn-evt-thumbnail {\n    bottom: 0;\n    display: block;\n    left: 0;\n    margin: auto;\n    max-width: 100%;\n    width: 100%;\n    position: absolute;\n    right: 0;\n    top: 0;\n    border: none;\n    height: auto;\n    cursor: pointer;\n    -webkit-transition: .4s all;\n    -moz-transition: .4s all;\n    transition: .4s all;\n}\n\n.ikn-evt-frame[data-source=youtube] img.ikn-evt-thumbnail {\n    top: -63px;\n    bottom: -63px;\n}\n\n.ikn-evt-frame:hover img.ikn-evt-thumbnail {\n    -webkit-filter: brightness(75%);\n}\n\n.ikn-evt-frame .ikn-evt-play-button {\n    height: 20%;\n    width: 13%;\n    left: 44%;\n    top: 42%;\n    position: absolute;\n    cursor: pointer;\n    z-index: 1;\n    background-size: contain !important;\n}\n\n.ikn-evt-frame .ikn-evt-heading {\n    width: 100%;\n    position: absolute;\n    top: 0;\n    background: rgba(0, 0, 0, .5);\n    left: 0;\n    padding: 0.7em;\n    box-sizing: border-box;\n}\n\n.ikn-evt-frame .ikn-evt-heading .ikn-evt-heading-title {\n    font-weight: bold;\n    font-size: 1.5em;\n    color: #FFFFFF;\n    line-height: 30px;\n    margin: 0;\n    cursor: pointer;\n}.ikn-evt-frame[data-source=youtube] \r\n            .ikn-evt-play-button {background:url('https:\/\/www.planbwagen.de\/wp-content\/plugins\/embed-video-thumbnail\/assets\/images\/youtube-72-72.png') no-repeat;}.ikn-evt-frame[data-source=vimeo] \r\n            .ikn-evt-play-button {background:url('https:\/\/www.planbwagen.de\/wp-content\/plugins\/embed-video-thumbnail\/assets\/images\/play-default.png') no-repeat;}.ikn-evt-frame[data-source=dailymotion] \r\n            .ikn-evt-play-button {background:url('https:\/\/www.planbwagen.de\/wp-content\/plugins\/embed-video-thumbnail\/assets\/images\/play-default.png') no-repeat;}.ikn-evt-frame[data-source=facebook] \r\n            .ikn-evt-play-button {background:url('https:\/\/www.planbwagen.de\/wp-content\/plugins\/embed-video-thumbnail\/assets\/images\/play-default.png') no-repeat;}<\/style><div    class='ikn-evt-frame'    data-source='youtube'>    <a class='ikn-evt-link' href='\/\/www.youtube-nocookie.com\/embed\/wFf4bJqK_rs?controls=1&autoplay=1&enablejsapi=1&rel=1'>        <span class='ikn-evt-play-button'><\/span>                    <img                class='ikn-evt-thumbnail'                src='\/wp-content\/uploads\/ikana-embed-video-thumbnail\/youtube\/wFf4bJqK_rs-hqdefault.jpg'                alt='wFf4bJqK_rs'            \/>                    <\/a><\/div><script>\n    document\n        .querySelector('.ikn-evt-link')\n        .addEventListener('click', function(e) {\n                e.preventDefault();\n                e.stopPropagation();\n                window.location.replace(this.href);\n                return false;\n            }\n        )\n    ;\n<\/script>\"\r\n            frameborder=\"0\"\r\n            allow=\"accelerometer; encrypted-media; gyroscope; picture-in-picture\"\r\n            allowfullscreen\r\n title=\"wFf4bJqK_rs\"\r\n            loading=\"lazy\"\r\n            src=\"\/\/www.youtube-nocookie.com\/embed\/wFf4bJqK_rs?controls=1&autoplay=1&enablejsapi=1&rel=1\"\r\n    ><\/iframe>\r\n<\/div>8220; url_new_window=&#8220;on&#8220; align=&#8220;center&#8220; hover_enabled=&#8220;0&#8243;][\/et_pb_image][\/et_pb_column][\/et_pb_row][\/et_pb_section]<\/p>","protected":false},"excerpt":{"rendered":"<p>[et_pb_section fb_built=&#8220;1&#8243; _builder_version=&#8220;4.5.1&#8243; _module_preset=&#8220;default&#8220;][et_pb_row column_structure=&#8220;1_3,1_3,1_3&#8243; _builder_version=&#8220;4.5.1&#8243; _module_preset=&#8220;default&#8220; custom_padding=&#8220;||0px|||&#8220;][et_pb_column type=&#8220;1_3&#8243; _builder_version=&#8220;4.5.1&#8243; _module_preset=&#8220;default&#8220;][et_pb_image src=&#8220;https:\/\/www.planbwagen.de\/wp-content\/uploads\/2020\/10\/29ED2D28-333E-4064-B50F-60156BD7DCFD-819&#215;1024.jpg&#8220; alt=&#8220;Torgit blickt auf das Meer, in Olbia, Sardinien&#8220; _builder_version=&#8220;4.5.1&#8243; _module_preset=&#8220;default&#8220;][\/et_pb_image][\/et_pb_column][et_pb_column type=&#8220;1_3&#8243; _builder_version=&#8220;4.5.1&#8243; _module_preset=&#8220;default&#8220;][et_pb_image src=&#8220;https:\/\/www.planbwagen.de\/wp-content\/uploads\/2020\/10\/IMG_3797-2-300&#215;225.jpg&#8220; alt=&#8220;Marc vor dem planBwagen in Olbia, Sardinien&#8220; _builder_version=&#8220;4.5.1&#8243; _module_preset=&#8220;default&#8220;][\/et_pb_image][\/et_pb_column][et_pb_column type=&#8220;1_3&#8243; _builder_version=&#8220;4.5.1&#8243; _module_preset=&#8220;default&#8220;][et_pb_image src=&#8220;https:\/\/www.planbwagen.de\/wp-content\/uploads\/2020\/10\/IMG_3802-768&#215;1024.jpg&#8220; alt=&#8220;Moby F\u00e4hrschein auf Frontscheibe des SpaceCamper VW T6.1&#8243; _builder_version=&#8220;4.5.1&#8243; _module_preset=&#8220;default&#8220;][\/et_pb_image][\/et_pb_column][\/et_pb_row][et_pb_row _builder_version=&#8220;4.5.1&#8243; _module_preset=&#8220;default&#8220;][et_pb_column type=&#8220;4_4&#8243; _builder_version=&#8220;4.5.1&#8243; _module_preset=&#8220;default&#8220;][et_pb_text _builder_version=&#8220;4.5.1&#8243; [&hellip;]<\/p>","protected":false},"author":1,"featured_media":9290,"comment_status":"open","ping_status":"open","sticky":false,"template":"","format":"standard","meta":{"_et_pb_use_builder":"on","_et_pb_old_content":"","_et_gb_content_width":"","footnotes":""},"categories":[32],"tags":[],"class_list":["post-9283","post","type-post","status-publish","format-standard","has-post-thumbnail","hentry","category-italien"],"_links":{"self":[{"href":"https:\/\/www.planbwagen.de\/fr\/wp-json\/wp\/v2\/posts\/9283","targetHints":{"allow":["GET"]}}],"collection":[{"href":"https:\/\/www.planbwagen.de\/fr\/wp-json\/wp\/v2\/posts"}],"about":[{"href":"https:\/\/www.planbwagen.de\/fr\/wp-json\/wp\/v2\/types\/post"}],"author":[{"embeddable":true,"href":"https:\/\/www.planbwagen.de\/fr\/wp-json\/wp\/v2\/users\/1"}],"replies":[{"embeddable":true,"href":"https:\/\/www.planbwagen.de\/fr\/wp-json\/wp\/v2\/comments?post=9283"}],"version-history":[{"count":9,"href":"https:\/\/www.planbwagen.de\/fr\/wp-json\/wp\/v2\/posts\/9283\/revisions"}],"predecessor-version":[{"id":13323,"href":"https:\/\/www.planbwagen.de\/fr\/wp-json\/wp\/v2\/posts\/9283\/revisions\/13323"}],"wp:featuredmedia":[{"embeddable":true,"href":"https:\/\/www.planbwagen.de\/fr\/wp-json\/wp\/v2\/media\/9290"}],"wp:attachment":[{"href":"https:\/\/www.planbwagen.de\/fr\/wp-json\/wp\/v2\/media?parent=9283"}],"wp:term":[{"taxonomy":"category","embeddable":true,"href":"https:\/\/www.planbwagen.de\/fr\/wp-json\/wp\/v2\/categories?post=9283"},{"taxonomy":"post_tag","embeddable":true,"href":"https:\/\/www.planbwagen.de\/fr\/wp-json\/wp\/v2\/tags?post=9283"}],"curies":[{"name":"wp","href":"https:\/\/api.w.org\/{rel}","templated":true}]}}