{"id":8770,"date":"2020-09-28T08:41:57","date_gmt":"2020-09-28T08:41:57","guid":{"rendered":"https:\/\/www.planbwagen.de\/?p=8770"},"modified":"2021-07-03T17:33:48","modified_gmt":"2021-07-03T15:33:48","slug":"von-koelle-am-rhein-nach-siegburg-auf-die-feuerwache","status":"publish","type":"post","link":"https:\/\/www.planbwagen.de\/fr\/allemagne\/de-koelle-am-rhein-a-siegburg-a-la-caserne-de-pompiers\/","title":{"rendered":"De K\u00f6lle am Rhein \u00e0 Siegburg, \u00e0 la caserne des pompiers"},"content":{"rendered":"<p>[et_pb_section fb_built=&#8220;1&#8243; _builder_version=&#8220;4.5.1&#8243; _module_preset=&#8220;default&#8220;][et_pb_row column_structure=&#8220;1_3,1_3,1_3&#8243; _builder_version=&#8220;4.5.1&#8243; _module_preset=&#8220;default&#8220;][et_pb_column type=&#8220;1_3&#8243; _builder_version=&#8220;4.5.1&#8243; _module_preset=&#8220;default&#8220;][et_pb_image src=&#8220;https:\/\/www.planbwagen.de\/wp-content\/uploads\/2020\/09\/IMG_9825-1024&#215;768.jpg&#8220; alt=&#8220;Wildcamper am Rhein, n\u00e4he K\u00f6ln. darunter ein Mercedes Kurzhauber, VW T5&#8243; _builder_version=&#8220;4.5.1&#8243; _module_preset=&#8220;default&#8220;][\/et_pb_image][\/et_pb_column][et_pb_column type=&#8220;1_3&#8243; _builder_version=&#8220;4.5.1&#8243; _module_preset=&#8220;default&#8220;][et_pb_image src=&#8220;https:\/\/www.planbwagen.de\/wp-content\/uploads\/2020\/09\/IMG_9838-225&#215;300.jpg&#8220; alt=&#8220;Warnschild mit Signallampe: Stopp! Hubschrauber landet bei der Feuerwehr Siegburg&#8220; title_text=&#8220;IMG_9838&#8243; align=&#8220;center&#8220; _builder_version=&#8220;4.5.1&#8243; _module_preset=&#8220;default&#8220;][\/et_pb_image][\/et_pb_column][et_pb_column type=&#8220;1_3&#8243; _builder_version=&#8220;4.5.1&#8243; _module_preset=&#8220;default&#8220;][et_pb_image src=&#8220;https:\/\/www.planbwagen.de\/wp-content\/uploads\/2020\/09\/IMG_9827-1024&#215;768.jpg&#8220; alt=&#8220;wei\u00dfer Mercedes Benz, Kurzhauber, ehemaliger Polizei Funkwagen&#8220; _builder_version=&#8220;4.5.1&#8243; _module_preset=&#8220;default&#8220;][\/et_pb_image][\/et_pb_column][\/et_pb_row][et_pb_row _builder_version=&#8220;4.5.1&#8243; _module_preset=&#8220;default&#8220; custom_padding=&#8220;11px|||||&#8220;][et_pb_column type=&#8220;4_4&#8243; _builder_version=&#8220;4.5.1&#8243; _module_preset=&#8220;default&#8220;][et_pb_text _builder_version=&#8220;4.5.1&#8243; _module_preset=&#8220;default&#8220;]<\/p>\n<div id=\"ez-toc-container\" class=\"ez-toc-v2_0_76 counter-hierarchy ez-toc-counter ez-toc-grey ez-toc-container-direction\">\n<p class=\"ez-toc-title\" style=\"cursor:inherit\">Content<\/p>\n<label for=\"ez-toc-cssicon-toggle-item-69f075bb3f2d7\" class=\"ez-toc-cssicon-toggle-label\"><span class=\"\"><span class=\"eztoc-hide\" style=\"display:none;\">Toggle<\/span><span class=\"ez-toc-icon-toggle-span\"><svg style=\"fill: #999;color:#999\" xmlns=\"http:\/\/www.w3.org\/2000\/svg\" class=\"list-377408\" width=\"20px\" height=\"20px\" viewbox=\"0 0 24 24\" fill=\"none\"><path d=\"M6 6H4v2h2V6zm14 0H8v2h12V6zM4 11h2v2H4v-2zm16 0H8v2h12v-2zM4 16h2v2H4v-2zm16 0H8v2h12v-2z\" fill=\"currentColor\"><\/path><\/svg><svg style=\"fill: #999;color:#999\" class=\"arrow-unsorted-368013\" xmlns=\"http:\/\/www.w3.org\/2000\/svg\" width=\"10px\" height=\"10px\" viewbox=\"0 0 24 24\" version=\"1.2\" baseprofile=\"tiny\"><path d=\"M18.2 9.3l-6.2-6.3-6.2 6.3c-.2.2-.3.4-.3.7s.1.5.3.7c.2.2.4.3.7.3h11c.3 0 .5-.1.7-.3.2-.2.3-.5.3-.7s-.1-.5-.3-.7zM5.8 14.7l6.2 6.3 6.2-6.3c.2-.2.3-.5.3-.7s-.1-.5-.3-.7c-.2-.2-.4-.3-.7-.3h-11c-.3 0-.5.1-.7.3-.2.2-.3.5-.3.7s.1.5.3.7z\"\/><\/svg><\/span><\/span><\/label><input type=\"checkbox\"  id=\"ez-toc-cssicon-toggle-item-69f075bb3f2d7\"  aria-label=\"Toggle\" \/><nav><ul class='ez-toc-list ez-toc-list-level-1' ><li class='ez-toc-page-1 ez-toc-heading-level-2'><a class=\"ez-toc-link ez-toc-heading-1\" href=\"https:\/\/www.planbwagen.de\/fr\/allemagne\/de-koelle-am-rhein-a-siegburg-a-la-caserne-de-pompiers\/#%E2%80%9EIch_bin_wieder_hier_%E2%80%93_In_meinem_Revier_%E2%80%93_War_nie_wirklich_weg%E2%80%9C\" >\"Je suis de retour ici - Sur mon territoire - N'a jamais vraiment \u00e9t\u00e9 absent\"<\/a><\/li><li class='ez-toc-page-1 ez-toc-heading-level-2'><a class=\"ez-toc-link ez-toc-heading-2\" href=\"https:\/\/www.planbwagen.de\/fr\/allemagne\/de-koelle-am-rhein-a-siegburg-a-la-caserne-de-pompiers\/#Marius\" >Marius<\/a><\/li><\/ul><\/nav><\/div>\n<h2 style=\"text-align: center;\"><span class=\"ez-toc-section\" id=\"%E2%80%9EIch_bin_wieder_hier_%E2%80%93_In_meinem_Revier_%E2%80%93_War_nie_wirklich_weg%E2%80%9C\"><\/span><span style=\"font-size: xx-large;\">\"Je suis de retour ici - Sur mon territoire - N'a jamais vraiment \u00e9t\u00e9 absent\" <\/span><span class=\"ez-toc-section-end\"><\/span><\/h2>\n<h2 style=\"text-align: center;\"><span class=\"ez-toc-section\" id=\"Marius\"><\/span><span style=\"font-size: large;\">Marius<\/span><span class=\"ez-toc-section-end\"><\/span><\/h2>\n<p><span style=\"font-size: 18px;\">Vous avez certainement remarqu\u00e9 que ces derniers jours, nous sommes devenus un peu plus calmes. Il y a plusieurs raisons \u00e0 cela : D'une part, nous sommes rentr\u00e9s \u00e0 Cologne plus vite que pr\u00e9vu, contrairement \u00e0 ce que nous avions pr\u00e9vu initialement. J'avais d\u00e9j\u00e0 fait savoir qu'un de \"mes\" collaborateurs \u00e9tait d\u00e9c\u00e9d\u00e9.<\/span><\/p>\n<p><span style=\"font-size: 18px;\">Der Tod ist und bleibt unberechenbar. Besonders tragisch empfinde ich pers\u00f6nlich F\u00e4lle, bei denen jemand Junges um&#8217;s Leben kommt. Dies war hier der Fall. In solchen F\u00e4llen ist es besonders schwierig, den Tod als &#8222;Teil des Lebens&#8220; zu akzeptieren. Es wirkt einfach sinnlos.<\/span><\/p>\n<p><span style=\"font-size: 18px;\">Pour nous, c'\u00e9tait en tout cas l'occasion de nous retrouver \u00e0 Cologne avec quelques anciens coll\u00e8gues pour boire quelques K\u00f6lsch en l'honneur du d\u00e9funt. Nous sommes donc de retour ici, sur notre territoire. Nous ne sommes jamais vraiment partis, nous nous sommes juste cach\u00e9s.\u00a0<\/span><\/p>\n<p><span style=\"font-size: 18px;\">Nous avons \u00e9galement pass\u00e9 beaucoup de temps \u00e0 transf\u00e9rer notre blog de JIMDO \u00e0 WordPress. Si j'avais su dans quoi nous nous embarquions, je ne suis pas s\u00fbr que nous aurions franchi le pas. Mais maintenant, nous allons plus loin. Car il<\/span><span style=\"font-size: 18px;\">\u00a0nous sommes tr\u00e8s heureux de voir qui nous atteignons avec notre message. Prenons un exemple : Nous sommes au Globetrotter et l'un des vendeurs nous aborde. Il nous avait contact\u00e9s auparavant via Instagram parce qu'il avait vu notre Bulli en chemin. C'est ainsi que l'on se voit par hasard en direct et en couleur. Frank, quant \u00e0 lui, prend des photos de paysages assez g\u00e9niales. Nous pouvons certainement encore apprendre quelque chose ici.\u00a0<\/span><\/p>\n<p>[\/et_pb_text][\/et_pb_column][\/et_pb_row][et_pb_row column_structure=&#8220;3_5,2_5&#8243; _builder_version=&#8220;4.5.1&#8243; _module_preset=&#8220;default&#8220;][et_pb_column type=&#8220;3_5&#8243; _builder_version=&#8220;4.5.1&#8243; _module_preset=&#8220;default&#8220;][et_pb_image src=&#8220;https:\/\/www.planbwagen.de\/wp-content\/uploads\/2020\/09\/Feuerwache-Siegburg-1024&#215;576.png&#8220; _builder_version=&#8220;4.5.1&#8243; _module_preset=&#8220;default&#8220; alt=&#8220;planBwagen zu Gast bei der Feuerwehr Siegburg&#8220; title_text=&#8220;Feuerwache Siegburg&#8220; url=&#8220<div class=\"ikn-evt-container\">\r\n    <iframe\r\n            width=\"100%\"\r\n            class=\"ikn-evt-iframe\"\r\n            srcdoc=\"<style>\n    * {\n    padding:0;\n    margin:0;\n    overflow:hidden\n}\n\nhtml, body {\n    height:100%\n}\n\n.ikn-evt-container {\n    position: relative;\n    padding-bottom: 56.25%;\n    height: 0;\n}\n\n.ikn-evt-container iframe {\n    position: absolute;\n    top: 0;\n    left: 0;\n    width: 100%;\n    height: 100%;\n}\n\n.ikn-evt-frame {\n    display: block;\n    position: relative;\n    padding-bottom: 56.23%;\n    height: 0;\n    overflow: hidden;\n    max-width: 100%;\n    background: #000;\n}\n\n.ikn-evt-frame img.ikn-evt-thumbnail {\n    bottom: 0;\n    display: block;\n    left: 0;\n    margin: auto;\n    max-width: 100%;\n    width: 100%;\n    position: absolute;\n    right: 0;\n    top: 0;\n    border: none;\n    height: auto;\n    cursor: pointer;\n    -webkit-transition: .4s all;\n    -moz-transition: .4s all;\n    transition: .4s all;\n}\n\n.ikn-evt-frame[data-source=youtube] img.ikn-evt-thumbnail {\n    top: -63px;\n    bottom: -63px;\n}\n\n.ikn-evt-frame:hover img.ikn-evt-thumbnail {\n    -webkit-filter: brightness(75%);\n}\n\n.ikn-evt-frame .ikn-evt-play-button {\n    height: 20%;\n    width: 13%;\n    left: 44%;\n    top: 42%;\n    position: absolute;\n    cursor: pointer;\n    z-index: 1;\n    background-size: contain !important;\n}\n\n.ikn-evt-frame .ikn-evt-heading {\n    width: 100%;\n    position: absolute;\n    top: 0;\n    background: rgba(0, 0, 0, .5);\n    left: 0;\n    padding: 0.7em;\n    box-sizing: border-box;\n}\n\n.ikn-evt-frame .ikn-evt-heading .ikn-evt-heading-title {\n    font-weight: bold;\n    font-size: 1.5em;\n    color: #FFFFFF;\n    line-height: 30px;\n    margin: 0;\n    cursor: pointer;\n}.ikn-evt-frame[data-source=youtube] \r\n            .ikn-evt-play-button {background:url('https:\/\/www.planbwagen.de\/wp-content\/plugins\/embed-video-thumbnail\/assets\/images\/youtube-72-72.png') no-repeat;}.ikn-evt-frame[data-source=vimeo] \r\n            .ikn-evt-play-button {background:url('https:\/\/www.planbwagen.de\/wp-content\/plugins\/embed-video-thumbnail\/assets\/images\/play-default.png') no-repeat;}.ikn-evt-frame[data-source=dailymotion] \r\n            .ikn-evt-play-button {background:url('https:\/\/www.planbwagen.de\/wp-content\/plugins\/embed-video-thumbnail\/assets\/images\/play-default.png') no-repeat;}.ikn-evt-frame[data-source=facebook] \r\n            .ikn-evt-play-button {background:url('https:\/\/www.planbwagen.de\/wp-content\/plugins\/embed-video-thumbnail\/assets\/images\/play-default.png') no-repeat;}<\/style><div    class='ikn-evt-frame'    data-source='youtube'>    <a class='ikn-evt-link' href='\/\/www.youtube-nocookie.com\/embed\/wGZPZrNH2h4?controls=1&autoplay=1&enablejsapi=1&rel=1'>        <span class='ikn-evt-play-button'><\/span>                    <img                class='ikn-evt-thumbnail'                src='\/wp-content\/uploads\/ikana-embed-video-thumbnail\/youtube\/wGZPZrNH2h4-hqdefault.jpg'                alt='wGZPZrNH2h4'            \/>                    <\/a><\/div><script>\n    document\n        .querySelector('.ikn-evt-link')\n        .addEventListener('click', function(e) {\n                e.preventDefault();\n                e.stopPropagation();\n                window.location.replace(this.href);\n                return false;\n            }\n        )\n    ;\n<\/script>\"\r\n            frameborder=\"0\"\r\n            allow=\"accelerometer; encrypted-media; gyroscope; picture-in-picture\"\r\n            allowfullscreen\r\n title=\"wGZPZrNH2h4\"\r\n            loading=\"lazy\"\r\n            src=\"\/\/www.youtube-nocookie.com\/embed\/wGZPZrNH2h4?controls=1&autoplay=1&enablejsapi=1&rel=1\"\r\n    ><\/iframe>\r\n<\/div>8243; url_new_window=&#8220;on&#8220; hover_enabled=&#8220;0&#8243;][\/et_pb_image][\/et_pb_column][\/et_pb_row][et_pb_row _builder_version=&#8220;4.5.1&#8243; _module_preset=&#8220;default&#8220;][et_pb_column type=&#8220;4_4&#8243; _builder_version=&#8220;4.5.1&#8243; _module_preset=&#8220;default&#8220;][et_pb_text _builder_version=&#8220;4.5.1&#8243; _module_preset=&#8220;default&#8220;]<\/p>\n<p>,Doch wenn man schon in K\u00f6lle ist, trifft man sich nat\u00fcrlich auch mit Freunden. Oder man besucht mal die hiesige Feuerwehr. In diesem Fall, wurden wir von einem der Feuerwehr- M\u00e4nner eingeladen. Der Hintergrund der Geschichte ist einfach. Es handelt sich um Roger, einen alten Kumpel von Torgit. Roger f\u00e4hrt selber einen Mercedes G, aus den 80er, welchen er zum Camper ausbaut. F\u00fcr uns ist der in die Jahre gekommene Mercedes G echt Old School. Damals h\u00e4tten wir &#8222;echt geil&#8220; gesagt.<\/p>\n<p>Heute w\u00fcrde man hip dazu sagen, deshalb darf er auch das H Kennzeichen tragen. Seine Tochter findet Papas &#8222;Karre&#8220; vor allem ziemlich cool. Gemeinsam fanden wir, dass es doch ein Campertreffen auf Augenh\u00f6he ist. Es gibt ja immer was zu entdecken. Und wenn man schon mal einen echten Firefighter kennt, wo trifft man sich dann. Klar doch, auf der Feuerwache. Die Kollegen waren ebenfalls begeistert. So kam es, dass wir spontan beschlossen haben ein paar Aufnahmen von den Boliden zu machen. Schnell gesellte sich noch ein weiterer Daimler hinzu. Der Feuerwehr Unimog. So stand am Ende unser SpaceCamper zwischen den Sternen. \u2728\u00a0<\/p>\n<p>[\/et_pb_text][\/et_pb_column][\/et_pb_row][et_pb_row column_structure=&#8220;1_3,1_3,1_3&#8243; _builder_version=&#8220;4.5.1&#8243; _module_preset=&#8220;default&#8220;][et_pb_column type=&#8220;1_3&#8243; _builder_version=&#8220;4.5.1&#8243; _module_preset=&#8220;default&#8220;][et_pb_image src=&#8220;https:\/\/www.planbwagen.de\/wp-content\/uploads\/2020\/09\/54188433-97e1-4f7c-90eb-ef31abac662f.jpg&#8220; alt=&#8220;Torgit, Marc und Michael. Selfi beim Kaffeetrinken&#8220; title_text=&#8220;IMG_9830 2&#8243; _builder_version=&#8220;4.5.1&#8243; _module_preset=&#8220;default&#8220;][\/et_pb_image][\/et_pb_column][et_pb_column type=&#8220;1_3&#8243; _builder_version=&#8220;4.5.1&#8243; _module_preset=&#8220;default&#8220;][et_pb_image src=&#8220;https:\/\/www.planbwagen.de\/wp-content\/uploads\/2020\/09\/8A9D8572-134A-4DC1-BF7E-9E24DDC2FA2F-819&#215;1024.jpg&#8220; alt=&#8220;planBwagen, SpaceCamper auf dem Helikopter Landeplatz der Feuerwehr in Siegburg&#8220; _builder_version=&#8220;4.5.1&#8243; _module_preset=&#8220;default&#8220;][\/et_pb_image][\/et_pb_column][et_pb_column type=&#8220;1_3&#8243; _builder_version=&#8220;4.5.1&#8243; _module_preset=&#8220;default&#8220;][et_pb_image src=&#8220;https:\/\/www.planbwagen.de\/wp-content\/uploads\/2020\/09\/IMG_9830-2-1024&#215;768.jpg&#8220; alt=&#8220;Feuerwehr in Siegburg. Oldtimer Mercedes G neben Spacecamper vor der Feuerwache.&#8220; title_text=&#8220;IMG_9830 2&#8243; _builder_version=&#8220;4.5.1&#8243; _module_preset=&#8220;default&#8220;][\/et_pb_image][\/et_pb_column][\/et_pb_row][\/et_pb_section]<\/p>","protected":false},"excerpt":{"rendered":"<p>[et_pb_section fb_built=&#8220;1&#8243; _builder_version=&#8220;4.5.1&#8243; _module_preset=&#8220;default&#8220;][et_pb_row column_structure=&#8220;1_3,1_3,1_3&#8243; _builder_version=&#8220;4.5.1&#8243; _module_preset=&#8220;default&#8220;][et_pb_column type=&#8220;1_3&#8243; _builder_version=&#8220;4.5.1&#8243; _module_preset=&#8220;default&#8220;][et_pb_image src=&#8220;https:\/\/www.planbwagen.de\/wp-content\/uploads\/2020\/09\/IMG_9825-1024&#215;768.jpg&#8220; alt=&#8220;Wildcamper am Rhein, n\u00e4he K\u00f6ln. darunter ein Mercedes Kurzhauber, VW T5&#8243; _builder_version=&#8220;4.5.1&#8243; _module_preset=&#8220;default&#8220;][\/et_pb_image][\/et_pb_column][et_pb_column type=&#8220;1_3&#8243; _builder_version=&#8220;4.5.1&#8243; _module_preset=&#8220;default&#8220;][et_pb_image src=&#8220;https:\/\/www.planbwagen.de\/wp-content\/uploads\/2020\/09\/IMG_9838-225&#215;300.jpg&#8220; alt=&#8220;Warnschild mit Signallampe: Stopp! Hubschrauber landet bei der Feuerwehr Siegburg&#8220; title_text=&#8220;IMG_9838&#8243; align=&#8220;center&#8220; _builder_version=&#8220;4.5.1&#8243; _module_preset=&#8220;default&#8220;][\/et_pb_image][\/et_pb_column][et_pb_column type=&#8220;1_3&#8243; _builder_version=&#8220;4.5.1&#8243; _module_preset=&#8220;default&#8220;][et_pb_image src=&#8220;https:\/\/www.planbwagen.de\/wp-content\/uploads\/2020\/09\/IMG_9827-1024&#215;768.jpg&#8220; alt=&#8220;wei\u00dfer Mercedes Benz, Kurzhauber, ehemaliger Polizei Funkwagen&#8220; _builder_version=&#8220;4.5.1&#8243; _module_preset=&#8220;default&#8220;][\/et_pb_image][\/et_pb_column][\/et_pb_row][et_pb_row [&hellip;]<\/p>","protected":false},"author":1,"featured_media":8814,"comment_status":"open","ping_status":"open","sticky":false,"template":"","format":"standard","meta":{"_et_pb_use_builder":"on","_et_pb_old_content":"","_et_gb_content_width":"","footnotes":""},"categories":[12,14],"tags":[],"class_list":["post-8770","post","type-post","status-publish","format-standard","has-post-thumbnail","hentry","category-deutschland","category-heimathafen"],"_links":{"self":[{"href":"https:\/\/www.planbwagen.de\/fr\/wp-json\/wp\/v2\/posts\/8770","targetHints":{"allow":["GET"]}}],"collection":[{"href":"https:\/\/www.planbwagen.de\/fr\/wp-json\/wp\/v2\/posts"}],"about":[{"href":"https:\/\/www.planbwagen.de\/fr\/wp-json\/wp\/v2\/types\/post"}],"author":[{"embeddable":true,"href":"https:\/\/www.planbwagen.de\/fr\/wp-json\/wp\/v2\/users\/1"}],"replies":[{"embeddable":true,"href":"https:\/\/www.planbwagen.de\/fr\/wp-json\/wp\/v2\/comments?post=8770"}],"version-history":[{"count":17,"href":"https:\/\/www.planbwagen.de\/fr\/wp-json\/wp\/v2\/posts\/8770\/revisions"}],"predecessor-version":[{"id":13362,"href":"https:\/\/www.planbwagen.de\/fr\/wp-json\/wp\/v2\/posts\/8770\/revisions\/13362"}],"wp:featuredmedia":[{"embeddable":true,"href":"https:\/\/www.planbwagen.de\/fr\/wp-json\/wp\/v2\/media\/8814"}],"wp:attachment":[{"href":"https:\/\/www.planbwagen.de\/fr\/wp-json\/wp\/v2\/media?parent=8770"}],"wp:term":[{"taxonomy":"category","embeddable":true,"href":"https:\/\/www.planbwagen.de\/fr\/wp-json\/wp\/v2\/categories?post=8770"},{"taxonomy":"post_tag","embeddable":true,"href":"https:\/\/www.planbwagen.de\/fr\/wp-json\/wp\/v2\/tags?post=8770"}],"curies":[{"name":"wp","href":"https:\/\/api.w.org\/{rel}","templated":true}]}}