{"id":638,"date":"2020-02-22T19:21:15","date_gmt":"2020-02-22T19:21:15","guid":{"rendered":""},"modified":"2020-09-22T09:37:36","modified_gmt":"2020-09-22T09:37:36","slug":"tag-no-171-valencia-tipps-tricks","status":"publish","type":"post","link":"https:\/\/www.planbwagen.de\/fr\/espagne\/jour-no-171-valencia-conseils-astuces\/","title":{"rendered":"Jour No. 171 - Valence - Conseils et astuces"},"content":{"rendered":"<p>[et_pb_section fb_built=&#8220;1&#8243; _builder_version=&#8220;3.22&#8243;][et_pb_row column_structure=&#8220;1_2,1_2&#8243; _builder_version=&#8220;4.5.1&#8243; _module_preset=&#8220;default&#8220;][et_pb_column type=&#8220;1_2&#8243; _builder_version=&#8220;4.5.1&#8243; _module_preset=&#8220;default&#8220;][et_pb_image src=&#8220;https:\/\/www.planbwagen.de\/wp-content\/uploads\/2020\/09\/1-83.jpg&#8220; alt=&#8220;Belebte Stra\u00dfe mit dem Torre de Santa Catalina im Hintergrund&#8220; title_text=&#8220;1&#8243; _builder_version=&#8220;4.5.1&#8243; _module_preset=&#8220;default&#8220;][\/et_pb_image][\/et_pb_column][et_pb_column type=&#8220;1_2&#8243; _builder_version=&#8220;4.5.1&#8243; _module_preset=&#8220;default&#8220;][et_pb_image src=&#8220;https:\/\/www.planbwagen.de\/wp-content\/uploads\/2020\/09\/3-72.jpg&#8220; alt=&#8220;Marc sitzt auf einem Zaun, vor dem Centro Cultural Bancaja (Bancaixa), ein Kulturzentrum &#8220; _builder_version=&#8220;4.5.1&#8243; _module_preset=&#8220;default&#8220;][\/et_pb_image][\/et_pb_column][\/et_pb_row][et_pb_row _builder_version=&#8220;4.5.1&#8243; _module_preset=&#8220;default&#8220;][et_pb_column type=&#8220;4_4&#8243; _builder_version=&#8220;4.5.1&#8243; _module_preset=&#8220;default&#8220;][et_pb_text _builder_version=&#8220;4.5.1&#8243; _module_preset=&#8220;default&#8220;]<\/p>\n<p>Pour une visite de Valence en camping-car, le camping Coll Verd est id\u00e9al. Il n'a rien de sp\u00e9cial, il est plut\u00f4t sobre et simple et on entend la voie rapide, mais le personnel est particuli\u00e8rement aimable et la situation est parfaite pour une visite touristique de Valence. Comme nous \u00e9tions en voyage pendant la journ\u00e9e et que nous n'avons pratiquement fait que dormir ici, le bruit de la route ne nous a pas d\u00e9rang\u00e9s. Il co\u00fbte \u20ac14,- avec la carte ACSI, \u00e9lectricit\u00e9 comprise. L'arr\u00eat de bus se trouve directement devant la porte, le trajet avec la ligne de bus 25 jusqu'au terminus Porta de la Mar dure environ 25 minutes. Le ticket \u00e0 1,50 \u20ac s'ach\u00e8te directement aupr\u00e8s du chauffeur de bus. Si l'on souhaite revenir apr\u00e8s la visite de la ville, il suffit de remonter dans le bus au m\u00eame arr\u00eat.<\/p>\n<p>[\/et_pb_text][\/et_pb_column][\/et_pb_row][et_pb_row column_structure=&#8220;1_4,1_4,1_4,1_4&#8243; _builder_version=&#8220;4.5.1&#8243; _module_preset=&#8220;default&#8220;][et_pb_column type=&#8220;1_4&#8243; _builder_version=&#8220;4.5.1&#8243; _module_preset=&#8220;default&#8220;][et_pb_image src=&#8220;https:\/\/www.planbwagen.de\/wp-content\/uploads\/2020\/09\/4-63.jpg&#8220; alt=&#8220;Spielplatz Parc Gulliver aus der Vogelperspektive&#8220; title_text=&#8220;Parc Guliver aus der Vogelperspektive&#8220; _builder_version=&#8220;4.5.1&#8243; _module_preset=&#8220;default&#8220;][\/et_pb_image][\/et_pb_column][et_pb_column type=&#8220;1_4&#8243; _builder_version=&#8220;4.5.1&#8243; _module_preset=&#8220;default&#8220;][et_pb_image src=&#8220;https:\/\/www.planbwagen.de\/wp-content\/uploads\/2020\/09\/5-54.jpg&#8220; alt=&#8220;B\u00fcste vor dem historischen Teatre Talia&#8220; title_text=&#8220;5&#8243; _builder_version=&#8220;4.5.1&#8243; _module_preset=&#8220;default&#8220;][\/et_pb_image][\/et_pb_column][et_pb_column type=&#8220;1_4&#8243; _builder_version=&#8220;4.5.1&#8243; _module_preset=&#8220;default&#8220;][et_pb_image src=&#8220;https:\/\/www.planbwagen.de\/wp-content\/uploads\/2020\/09\/6-50.jpg&#8220; title_text=&#8220;6&#8243; _builder_version=&#8220;4.5.1&#8243; _module_preset=&#8220;default&#8220;][\/et_pb_image][\/et_pb_column][et_pb_column type=&#8220;1_4&#8243; _builder_version=&#8220;4.5.1&#8243; _module_preset=&#8220;default&#8220;][et_pb_image src=&#8220;https:\/\/www.planbwagen.de\/wp-content\/uploads\/2020\/09\/7-33.jpg&#8220; alt=&#8220;Figut eines Drachen.Menschen auf der Pont del Regne&#8220; _builder_version=&#8220;4.5.1&#8243; _module_preset=&#8220;default&#8220;][\/et_pb_image][\/et_pb_column][\/et_pb_row][et_pb_row _builder_version=&#8220;4.5.1&#8243; _module_preset=&#8220;default&#8220;][et_pb_column type=&#8220;4_4&#8243; _builder_version=&#8220;4.5.1&#8243; _module_preset=&#8220;default&#8220;][et_pb_text _builder_version=&#8220;4.5.1&#8243; _module_preset=&#8220;default&#8220;]<\/p>\n<p>Valence est la troisi\u00e8me plus grande ville d'Espagne et se situe \u00e0 l'endroit o\u00f9 le fleuve Turia se jette dans la M\u00e9diterran\u00e9e. En 1957, apr\u00e8s une inondation catastrophique qui a fait de nombreux morts, il a \u00e9t\u00e9 d\u00e9cid\u00e9 de faire contourner la ville par le Turia en formant un grand arc. L'ancien lit du Turia, qui forme aujourd'hui un ruban vert \u00e0 travers la ville, a \u00e9t\u00e9 transform\u00e9 en parc paysager.<\/p>\n<div id=\"ez-toc-container\" class=\"ez-toc-v2_0_76 counter-hierarchy ez-toc-counter ez-toc-grey ez-toc-container-direction\">\n<p class=\"ez-toc-title\" style=\"cursor:inherit\">Content<\/p>\n<label for=\"ez-toc-cssicon-toggle-item-69edd01555830\" class=\"ez-toc-cssicon-toggle-label\"><span class=\"\"><span class=\"eztoc-hide\" style=\"display:none;\">Toggle<\/span><span class=\"ez-toc-icon-toggle-span\"><svg style=\"fill: #999;color:#999\" xmlns=\"http:\/\/www.w3.org\/2000\/svg\" class=\"list-377408\" width=\"20px\" height=\"20px\" viewbox=\"0 0 24 24\" fill=\"none\"><path d=\"M6 6H4v2h2V6zm14 0H8v2h12V6zM4 11h2v2H4v-2zm16 0H8v2h12v-2zM4 16h2v2H4v-2zm16 0H8v2h12v-2z\" fill=\"currentColor\"><\/path><\/svg><svg style=\"fill: #999;color:#999\" class=\"arrow-unsorted-368013\" xmlns=\"http:\/\/www.w3.org\/2000\/svg\" width=\"10px\" height=\"10px\" viewbox=\"0 0 24 24\" version=\"1.2\" baseprofile=\"tiny\"><path d=\"M18.2 9.3l-6.2-6.3-6.2 6.3c-.2.2-.3.4-.3.7s.1.5.3.7c.2.2.4.3.7.3h11c.3 0 .5-.1.7-.3.2-.2.3-.5.3-.7s-.1-.5-.3-.7zM5.8 14.7l6.2 6.3 6.2-6.3c.2-.2.3-.5.3-.7s-.1-.5-.3-.7c-.2-.2-.4-.3-.7-.3h-11c-.3 0-.5.1-.7.3-.2.2-.3.5-.3.7s.1.5.3.7z\"\/><\/svg><\/span><\/span><\/label><input type=\"checkbox\"  id=\"ez-toc-cssicon-toggle-item-69edd01555830\"  aria-label=\"Toggle\" \/><nav><ul class='ez-toc-list ez-toc-list-level-1' ><li class='ez-toc-page-1 ez-toc-heading-level-2'><a class=\"ez-toc-link ez-toc-heading-1\" href=\"https:\/\/www.planbwagen.de\/fr\/espagne\/jour-no-171-valencia-conseils-astuces\/#La_Ciutat_de_les_Arts_i_les_Ciencies\" >La Ciutat de les Arts i les Ci\u00e8ncies<\/a><\/li><li class='ez-toc-page-1 ez-toc-heading-level-2'><a class=\"ez-toc-link ez-toc-heading-2\" href=\"https:\/\/www.planbwagen.de\/fr\/espagne\/jour-no-171-valencia-conseils-astuces\/#Buslinie_25\" >Ligne de bus 25<\/a><\/li><li class='ez-toc-page-1 ez-toc-heading-level-2'><a class=\"ez-toc-link ez-toc-heading-3\" href=\"https:\/\/www.planbwagen.de\/fr\/espagne\/jour-no-171-valencia-conseils-astuces\/#Torre_de_Santa_Catalina\" >Torre de Santa Catalina<\/a><\/li><li class='ez-toc-page-1 ez-toc-heading-level-2'><a class=\"ez-toc-link ez-toc-heading-4\" href=\"https:\/\/www.planbwagen.de\/fr\/espagne\/jour-no-171-valencia-conseils-astuces\/#Horchateria_de_Santa_Catalina\" >Horchateria de Santa Catalina<\/a><\/li><li class='ez-toc-page-1 ez-toc-heading-level-2'><a class=\"ez-toc-link ez-toc-heading-5\" href=\"https:\/\/www.planbwagen.de\/fr\/espagne\/jour-no-171-valencia-conseils-astuces\/#Tribunal_de_las_Aguas\" >Tribunal de las Aguas<\/a><\/li><li class='ez-toc-page-1 ez-toc-heading-level-2'><a class=\"ez-toc-link ez-toc-heading-6\" href=\"https:\/\/www.planbwagen.de\/fr\/espagne\/jour-no-171-valencia-conseils-astuces\/#Mercat_Central\" >Mercat Central<\/a><\/li><li class='ez-toc-page-1 ez-toc-heading-level-2'><a class=\"ez-toc-link ez-toc-heading-7\" href=\"https:\/\/www.planbwagen.de\/fr\/espagne\/jour-no-171-valencia-conseils-astuces\/#Beste_Reisezeit\" >Meilleure p\u00e9riode pour voyager :<\/a><\/li><\/ul><\/nav><\/div>\n<h2><span class=\"ez-toc-section\" id=\"La_Ciutat_de_les_Arts_i_les_Ciencies\"><\/span>La Ciutat de les Arts i les Ci\u00e8ncies<span class=\"ez-toc-section-end\"><\/span><\/h2>\n<p>Ce\u00a0<strong>La Ciutat de les Arts i les Ci\u00e8ncies<\/strong>. se compose de :<\/p>\n<p>- Oceanogr\u00e0fic est le plus grand aquarium d'Europe avec des requins et un delphinarium. Ceux qui ne veulent pas faire la queue peuvent acheter leur billet en ligne pour 31,50 \u20ac.<br \/>- Museo de las Ci\u00e8ncies Pr\u00edncepe Felipe (Mus\u00e9e des sciences)<br \/>- L'Hemisf\u00e8ric (plan\u00e9tarium et cin\u00e9ma IMAX 3D)<br \/>- Palau de les Arts Reina Sof\u00eda (Op\u00e9ra)<br \/>- L'Umbracle est un beau jardin botanique qui sert de discoth\u00e8que la nuit.<br \/>- L'\u00c0gora est une salle de spectacle multifonctionnelle. Le b\u00e2timent elliptique mesure 70 m\u00e8tres de haut et peut accueillir 6.000 personnes. Elle a accueilli, entre autres, des tournois internationaux de tennis, des concerts, des foires et des expositions et a \u00e9t\u00e9 utilis\u00e9e comme patinoire en hiver.<\/p>\n<p>[\/et_pb_text][\/et_pb_column][\/et_pb_row][et_pb_row _builder_version=&#8220;4.5.1&#8243; _module_preset=&#8220;default&#8220;][et_pb_column type=&#8220;4_4&#8243; _builder_version=&#8220;4.5.1&#8243; _module_preset=&#8220;default&#8220;][et_pb_text _builder_version=&#8220;4.5.1&#8243; _module_preset=&#8220;default&#8220;]<\/p>\n<p>Ces b\u00e2timents monumentaux de l'architecte espagnol Santiago Calatrava valent la peine d'\u00eatre vus, ne serait-ce que pour leur architecture moderne, et sont un must pour tout photographe. Ceux qui souhaitent visiter plusieurs de ces b\u00e2timents peuvent acheter des billets combin\u00e9s en ligne \u00e0 un prix plus avantageux.<\/p>\n<h2><span class=\"ez-toc-section\" id=\"Buslinie_25\"><\/span>Ligne de bus 25<span class=\"ez-toc-section-end\"><\/span><\/h2>\n<p>Le bus 25 passe devant ce parc paysager, ce qui permet de s'orienter et de se faire une premi\u00e8re impression. Il y a plusieurs ponts sur l'ancien lit de la rivi\u00e8re. Il faut mentionner le Pont del Regne, que je trouve en fait peu spectaculaire, \u00e0 l'exception de la figure du dragon (voir photo).<\/p>\n<p>[\/et_pb_text][\/et_pb_column][\/et_pb_row][et_pb_row column_structure=&#8220;1_4,1_4,1_4,1_4&#8243; _builder_version=&#8220;4.5.1&#8243; _module_preset=&#8220;default&#8220;][et_pb_column type=&#8220;1_4&#8243; _builder_version=&#8220;4.5.1&#8243; _module_preset=&#8220;default&#8220;][et_pb_image src=&#8220;https:\/\/www.planbwagen.de\/wp-content\/uploads\/2020\/09\/8-30.jpg&#8220; title_text=&#8220;8&#8243; _builder_version=&#8220;4.5.1&#8243; _module_preset=&#8220;default&#8220;][\/et_pb_image][\/et_pb_column][et_pb_column type=&#8220;1_4&#8243; _builder_version=&#8220;4.5.1&#8243; _module_preset=&#8220;default&#8220;][et_pb_image src=&#8220;https:\/\/www.planbwagen.de\/wp-content\/uploads\/2020\/09\/9-29.jpg&#8220; title_text=&#8220;9&#8243; _builder_version=&#8220;4.5.1&#8243; _module_preset=&#8220;default&#8220;][\/et_pb_image][\/et_pb_column][et_pb_column type=&#8220;1_4&#8243; _builder_version=&#8220;4.5.1&#8243; _module_preset=&#8220;default&#8220;][et_pb_image src=&#8220;https:\/\/www.planbwagen.de\/wp-content\/uploads\/2020\/09\/10-18.jpg&#8220; alt=&#8220;Street Art einer jungen Frau mit drittem Auge auf der Stirn&#8220; title_text=&#8220;10&#8243; _builder_version=&#8220;4.5.1&#8243; _module_preset=&#8220;default&#8220;][\/et_pb_image][\/et_pb_column][et_pb_column type=&#8220;1_4&#8243; _builder_version=&#8220;4.5.1&#8243; _module_preset=&#8220;default&#8220;][et_pb_image src=&#8220;https:\/\/www.planbwagen.de\/wp-content\/uploads\/2020\/09\/11-15.jpg&#8220; title_text=&#8220;11&#8243; _builder_version=&#8220;4.5.1&#8243; _module_preset=&#8220;default&#8220;][\/et_pb_image][\/et_pb_column][\/et_pb_row][et_pb_row _builder_version=&#8220;4.5.1&#8243; _module_preset=&#8220;default&#8220;][et_pb_column type=&#8220;4_4&#8243; _builder_version=&#8220;4.5.1&#8243; _module_preset=&#8220;default&#8220;][et_pb_text _builder_version=&#8220;4.5.1&#8243; _module_preset=&#8220;default&#8220; custom_padding=&#8220;1px|||||&#8220;]<\/p>\n<div id=\"cc-m-12580502626\" class=\"j-module n j-text\">\n<p>\u00c0 c\u00f4t\u00e9 se trouve une grande aire de jeux, le Parc Gulliver. Ce n'est que vu d'en haut que l'on comprend pourquoi cette place porte son nom.\u00a0<\/p>\n<p>Nous continuons vers le Puente del Mar, qui m'enthousiasme avec ses deux sculptures de la Vierge et de saint Paquale. Il a \u00e9t\u00e9 construit en 1591 et mesure 160 m\u00e8tres de long. Les ponts suivants sont \u00e9galement beaux, le Pont de les Flors fait honneur \u00e0 son nom avec ses nombreuses fleurs.\u00a0<\/p>\n<p>Le terminus de la ligne de bus 25 est la Porta de la Mar. Cette r\u00e9plique d'une porte historique de la ville a \u00e9t\u00e9 construite \u00e0 la m\u00e9moire des victimes de la guerre civile espagnole de 1936-39.<\/p>\n<p>Le prochain beau b\u00e2timent que nous remarquons est le Centro Cultural Bancaja (Bancaixa), un centre culturel qui propose des expositions temporaires, des programmes culturels, des conf\u00e9rences et des ateliers.<\/p>\n<\/div>\n<p>[\/et_pb_text][\/et_pb_column][\/et_pb_row][et_pb_row column_structure=&#8220;1_6,1_6,1_6,1_6,1_6,1_6&#8243; _builder_version=&#8220;4.5.1&#8243; _module_preset=&#8220;default&#8220;][et_pb_column type=&#8220;1_6&#8243; _builder_version=&#8220;4.5.1&#8243; _module_preset=&#8220;default&#8220;][et_pb_image src=&#8220;https:\/\/www.planbwagen.de\/wp-content\/uploads\/2020\/09\/12-12.jpg&#8220; alt=&#8220;Torgit wartet auf Termin bei Mister A\u2019 \u2013 Fris\u00f6r &#038; Barber auf der Carrer de la Pau&#8220; title_text=&#8220;12&#8243; _builder_version=&#8220;4.5.1&#8243; _module_preset=&#8220;default&#8220;][\/et_pb_image][\/et_pb_column][et_pb_column type=&#8220;1_6&#8243; _builder_version=&#8220;4.5.1&#8243; _module_preset=&#8220;default&#8220;][et_pb_image src=&#8220;https:\/\/www.planbwagen.de\/wp-content\/uploads\/2020\/09\/13-9.jpg&#8220; alt=&#8220;Torgit mit der Friseurin Monica bei Mister A\u2019 \u2013 Fris\u00f6r &#038; Barber auf der Carrer de la Pau&#8220; title_text=&#8220;13&#8243; _builder_version=&#8220;4.5.1&#8243; _module_preset=&#8220;default&#8220;][\/et_pb_image][\/et_pb_column][et_pb_column type=&#8220;1_6&#8243; _builder_version=&#8220;4.5.1&#8243; _module_preset=&#8220;default&#8220;][et_pb_image src=&#8220;https:\/\/www.planbwagen.de\/wp-content\/uploads\/2020\/09\/14-7.jpg&#8220; alt=&#8220;Herrensalon Mister A\u2019 \u2013 Fris\u00f6r &#038; Barber cool in schwarz gehalten&#8220; title_text=&#8220;14&#8243; _builder_version=&#8220;4.5.1&#8243; _module_preset=&#8220;default&#8220;][\/et_pb_image][\/et_pb_column][et_pb_column type=&#8220;1_6&#8243; _builder_version=&#8220;4.5.1&#8243; _module_preset=&#8220;default&#8220;][et_pb_image src=&#8220;https:\/\/www.planbwagen.de\/wp-content\/uploads\/2020\/09\/15-7.jpg&#8220; alt=&#8220;Marc wartet gutgelaunt auf seinen Termin bei Mister A\u2019 \u2013 Fris\u00f6r &#038; Barber&#8220; title_text=&#8220;15&#8243; _builder_version=&#8220;4.5.1&#8243; _module_preset=&#8220;default&#8220;][\/et_pb_image][\/et_pb_column][et_pb_column type=&#8220;1_6&#8243; _builder_version=&#8220;4.5.1&#8243; _module_preset=&#8220;default&#8220;][et_pb_image src=&#8220;https:\/\/www.planbwagen.de\/wp-content\/uploads\/2020\/09\/16-7.jpg&#8220; alt=&#8220;Torgit erh\u00e4lt  eine Haarw\u00e4sche bei Mister A\u2019 \u2013 Fris\u00f6r &#038; Barber&#8220; title_text=&#8220;16&#8243; _builder_version=&#8220;4.5.1&#8243; _module_preset=&#8220;default&#8220;][\/et_pb_image][\/et_pb_column][et_pb_column type=&#8220;1_6&#8243; _builder_version=&#8220;4.5.1&#8243; _module_preset=&#8220;default&#8220;][et_pb_image src=&#8220;https:\/\/www.planbwagen.de\/wp-content\/uploads\/2020\/09\/17-7.jpg&#8220; alt=&#8220;Torgit begeistert in stylisch wei\u00dfen Studio bei Mister A\u2019 \u2013 Fris\u00f6r &#038; Barber auf der Carrer de la Pau&#8220; title_text=&#8220;17&#8243; _builder_version=&#8220;4.5.1&#8243; _module_preset=&#8220;default&#8220;][\/et_pb_image][\/et_pb_column][\/et_pb_row][et_pb_row _builder_version=&#8220;4.5.1&#8243; _module_preset=&#8220;default&#8220;][et_pb_column type=&#8220;4_4&#8243; _builder_version=&#8220;4.5.1&#8243; _module_preset=&#8220;default&#8220;][et_pb_text _builder_version=&#8220;4.5.1&#8243; _module_preset=&#8220;default&#8220;]<\/p>\n<h2><span class=\"ez-toc-section\" id=\"Torre_de_Santa_Catalina\"><\/span>Torre de Santa Catalina<span class=\"ez-toc-section-end\"><\/span><\/h2>\n<p>Nous fl\u00e2nons le long de la Carrer de la Pau, en ayant toujours la Torre de Santa Catalina en t\u00eate. Lorsque nous passons devant un coiffeur, nous nous regardons bri\u00e8vement et entrons. Nous en avons tous les deux besoin, s'il vous pla\u00eet. \u00c0 Cologne, je vais r\u00e9guli\u00e8rement chez le coiffeur toutes les trois semaines avec mes cheveux courts. Comme il y a si peu de coiffeurs sur la plage, mes cheveux n'ont pas \u00e9t\u00e9 coup\u00e9s depuis six semaines.<\/p>\n<p>C'est toujours un peu difficile de se confier \u00e0 un coiffeur inconnu, mais l\u00e0, nous avons toutes les deux eu un bon feeling. Et notre intuition \u00e9tait juste. Marc est super beau apr\u00e8s et moi aussi, j'ai \u00e9t\u00e9 super bien coiff\u00e9e par Monica. Nous avons pay\u00e9 43 euros pour nous deux et nous recommandons vivement 'Mister A' - Coiffeur &amp; Barber sur la Carrer de la Pau. Merci \u00e0 Monica, ma coiffeuse pr\u00e9f\u00e9r\u00e9e \u00e0 Valence. Nous nous sommes bien amus\u00e9s, elle ne parle pas anglais et moi je ne parle qu'un espagnol tr\u00e8s, tr\u00e8s rudimentaire. Mas corto !<\/p>\n<p>[\/et_pb_text][\/et_pb_column][\/et_pb_row][et_pb_row column_structure=&#8220;1_3,1_3,1_3&#8243; _builder_version=&#8220;4.5.1&#8243; _module_preset=&#8220;default&#8220;][et_pb_column type=&#8220;1_3&#8243; _builder_version=&#8220;4.5.1&#8243; _module_preset=&#8220;default&#8220;][et_pb_image src=&#8220;https:\/\/www.planbwagen.de\/wp-content\/uploads\/2020\/09\/18-7.jpg&#8220; alt=&#8220;Theke mit Churros in der Horchateria de Santa Catalina&#8220; title_text=&#8220;18&#8243; _builder_version=&#8220;4.5.1&#8243; _module_preset=&#8220;default&#8220;][\/et_pb_image][\/et_pb_column][et_pb_column type=&#8220;1_3&#8243; _builder_version=&#8220;4.5.1&#8243; _module_preset=&#8220;default&#8220;][et_pb_image src=&#8220;https:\/\/www.planbwagen.de\/wp-content\/uploads\/2020\/09\/19-4.jpg&#8220; alt=&#8220;Eingang mit handgemalten Fliesen der Horchateria de Santa Catalina, Valencia&#8220; title_text=&#8220;19&#8243; _builder_version=&#8220;4.5.1&#8243; _module_preset=&#8220;default&#8220;][\/et_pb_image][\/et_pb_column][et_pb_column type=&#8220;1_3&#8243; _builder_version=&#8220;4.5.1&#8243; _module_preset=&#8220;default&#8220;][et_pb_image src=&#8220;https:\/\/www.planbwagen.de\/wp-content\/uploads\/2020\/09\/20-3.jpg&#8220; alt=&#8220;Innenaufnahme im Cafe Horchateria de Santa Catalina&#8220; title_text=&#8220;20&#8243; _builder_version=&#8220;4.5.1&#8243; _module_preset=&#8220;default&#8220;][\/et_pb_image][\/et_pb_column][\/et_pb_row][et_pb_row _builder_version=&#8220;4.5.1&#8243; _module_preset=&#8220;default&#8220;][et_pb_column type=&#8220;4_4&#8243; _builder_version=&#8220;4.5.1&#8243; _module_preset=&#8220;default&#8220;][et_pb_text _builder_version=&#8220;4.5.1&#8243; _module_preset=&#8220;default&#8220;]<\/p>\n<h2><span class=\"ez-toc-section\" id=\"Horchateria_de_Santa_Catalina\"><\/span>Horchateria de Santa Catalina<span class=\"ez-toc-section-end\"><\/span><\/h2>\n<p>La Torre de Santa Catalina, que nous avions d\u00e9j\u00e0 vue auparavant, a \u00e9t\u00e9 construite au XVIIe si\u00e8cle dans le style baroque et fait partie de l'Esglesia Santa Catalina gothique, l'une des plus anciennes \u00e9glises de Valence, qui se trouve entre la Plaza de la Reina et la Plaza de la Virgen.<\/p>\n<p>En face, la Horchateria de Santa Catalina propose non seulement la fameuse horchata, un lait de souchet, mais aussi le meilleur chocolat chaud et les churros les plus incroyables de la ville. Comme c'est de notori\u00e9t\u00e9 publique, on y rencontre aussi quelques touristes.<\/p>\n<p>Nous trouvons que la Pla\u00e7a Redona, situ\u00e9e derri\u00e8re, n'est pas spectaculaire, car les magasins sont justement ferm\u00e9s.<\/p>\n<p>[\/et_pb_text][\/et_pb_column][\/et_pb_row][et_pb_row column_structure=&#8220;1_5,1_5,1_5,1_5,1_5&#8243; _builder_version=&#8220;4.5.1&#8243; _module_preset=&#8220;default&#8220;][et_pb_column type=&#8220;1_5&#8243; _builder_version=&#8220;4.5.1&#8243; _module_preset=&#8220;default&#8220;][et_pb_image src=&#8220;https:\/\/www.planbwagen.de\/wp-content\/uploads\/2020\/09\/21-3.jpg&#8220; alt=&#8220;Waffle Time, kleiner Waffelstand, mit t\u00fcrkiser Front&#8220; title_text=&#8220;21&#8243; _builder_version=&#8220;4.5.1&#8243; _module_preset=&#8220;default&#8220;][\/et_pb_image][\/et_pb_column][et_pb_column type=&#8220;1_5&#8243; _builder_version=&#8220;4.5.1&#8243; _module_preset=&#8220;default&#8220;][et_pb_image src=&#8220;https:\/\/www.planbwagen.de\/wp-content\/uploads\/2020\/09\/22-5.jpg&#8220; alt=&#8220;Street Art mit Taube.&#8220; title_text=&#8220;22&#8243; _builder_version=&#8220;4.5.1&#8243; _module_preset=&#8220;default&#8220;][\/et_pb_image][\/et_pb_column][et_pb_column type=&#8220;1_5&#8243; _builder_version=&#8220;4.5.1&#8243; _module_preset=&#8220;default&#8220;][et_pb_image src=&#8220;https:\/\/www.planbwagen.de\/wp-content\/uploads\/2020\/09\/23-3.jpg&#8220; alt=&#8220;Fassade eines Bankgeb\u00e4udes mit Balkon, welcher von Kipsfiguren gest\u00fctzt wird. &#8220; _builder_version=&#8220;4.5.1&#8243; _module_preset=&#8220;default&#8220;][\/et_pb_image][\/et_pb_column][et_pb_column type=&#8220;1_5&#8243; _builder_version=&#8220;4.5.1&#8243; _module_preset=&#8220;default&#8220;][et_pb_image src=&#8220;https:\/\/www.planbwagen.de\/wp-content\/uploads\/2020\/09\/24-3.jpg&#8220; alt=&#8220;Graffiti einer nackten Frau mit historischem Taucherhelm&#8220; _builder_version=&#8220;4.5.1&#8243; _module_preset=&#8220;default&#8220; hover_enabled=&#8220;0&#8243;][\/et_pb_image][\/et_pb_column][et_pb_column type=&#8220;1_5&#8243; _builder_version=&#8220;4.5.1&#8243; _module_preset=&#8220;default&#8220;][et_pb_image src=&#8220;https:\/\/www.planbwagen.de\/wp-content\/uploads\/2020\/09\/25-3.jpg&#8220; alt=&#8220;Marc vor Clot Vintage Secondhand-Laden am Plaza de Tossal&#8220; title_text=&#8220;25&#8243; _builder_version=&#8220;4.5.1&#8243; _module_preset=&#8220;default&#8220;][\/et_pb_image][\/et_pb_column][\/et_pb_row][et_pb_row _builder_version=&#8220;4.5.1&#8243; _module_preset=&#8220;default&#8220;][et_pb_column type=&#8220;4_4&#8243; _builder_version=&#8220;4.5.1&#8243; _module_preset=&#8220;default&#8220;][et_pb_text _builder_version=&#8220;4.5.1&#8243; _module_preset=&#8220;default&#8220;]<\/p>\n<h2><span class=\"ez-toc-section\" id=\"Tribunal_de_las_Aguas\"><\/span>Tribunal de las Aguas<span class=\"ez-toc-section-end\"><\/span><\/h2>\n<p>Nous continuons vers la cath\u00e9drale de Valence, La Seu, construite en 1262 sur une ancienne mosqu\u00e9e et remani\u00e9e plusieurs fois jusqu'au 18\u00e8me si\u00e8cle. Les trois grands portails valent la peine d'\u00eatre vus. Dans le portail de l'ap\u00f4tre se r\u00e9unit chaque jeudi le Tribunal de las Aguas, le plus ancien tribunal de l'eau d'Europe. C'est l\u00e0 que sont jug\u00e9s les droits d'eau des paysans et de leurs champs. Selon la ville de Valence, c'est ici que serait conserv\u00e9 le Saint Graal utilis\u00e9 par J\u00e9sus lors de la C\u00e8ne. La tour gothique de la cath\u00e9drale, la Torre El Micalet, a \u00e9t\u00e9 construite au 14\u00e8me si\u00e8cle et peut \u00eatre visit\u00e9e pour 2,-. Les 200 marches en valent la peine, car de l\u00e0-haut, la vue sur toute la ville de Valence est \u00e0 couper le souffle.<\/p>\n<p>Juste \u00e0 c\u00f4t\u00e9 se trouve la basilique de la Mare de Deu. Cette \u00e9glise baroque du 17\u00e8me si\u00e8cle est la seule \u00e9glise de Valence qui n'a pas \u00e9t\u00e9 construite sur les ruines d'un b\u00e2timent plus ancien. La densit\u00e9 d'\u00e9glises et de b\u00e2timents remarquables \u00e0 Valence est telle qu'il est difficile de savoir lesquels visiter ou par o\u00f9 commencer.<\/p>\n<p>Ensuite, nous remarquons la longue file d'attente devant l'historique Teatre Talia. Lors de notre prochaine visite, nous chercherons des billets plus t\u00f4t.<\/p>\n<p>Nous continuons \u00e0 nous laisser porter par le quartier cool de Carmen et atterrissons dans un magasin de seconde main Clot Vintage sur la Plaza de Tossal. On y trouve des v\u00eatements vraiment cools, \u00e7a nous rappelle un peu Cologne.<\/p>\n<p>[\/et_pb_text][\/et_pb_column][\/et_pb_row][et_pb_row column_structure=&#8220;1_3,1_3,1_3&#8243; _builder_version=&#8220;4.5.1&#8243; _module_preset=&#8220;default&#8220;][et_pb_column type=&#8220;1_3&#8243; _builder_version=&#8220;4.5.1&#8243; _module_preset=&#8220;default&#8220;][et_pb_image src=&#8220;https:\/\/www.planbwagen.de\/wp-content\/uploads\/2020\/09\/26-3.jpg&#8220; alt=&#8220;Obststand im Mercat Col\u00f3n mit Jugendstildecke&#8220; _builder_version=&#8220;4.5.1&#8243; _module_preset=&#8220;default&#8220;][\/et_pb_image][\/et_pb_column][et_pb_column type=&#8220;1_3&#8243; _builder_version=&#8220;4.5.1&#8243; _module_preset=&#8220;default&#8220;][et_pb_image src=&#8220;https:\/\/www.planbwagen.de\/wp-content\/uploads\/2020\/09\/27-1.jpg&#8220; alt=&#8220;Zwei Schweinek\u00f6pfe auf Theke im Mercat Col\u00f3n&#8220; title_text=&#8220;27&#8243; _builder_version=&#8220;4.5.1&#8243; _module_preset=&#8220;default&#8220;][\/et_pb_image][\/et_pb_column][et_pb_column type=&#8220;1_3&#8243; _builder_version=&#8220;4.5.1&#8243; _module_preset=&#8220;default&#8220;][et_pb_image src=&#8220;https:\/\/www.planbwagen.de\/wp-content\/uploads\/2020\/09\/28-1.jpg&#8220; alt=&#8220;Auslage beim Metzger, mit Hammelk\u00f6pfen, inklusive Augen, im Mercat Col\u00f3n&#8220; title_text=&#8220;28&#8243; _builder_version=&#8220;4.5.1&#8243; _module_preset=&#8220;default&#8220;][\/et_pb_image][\/et_pb_column][\/et_pb_row][et_pb_row _builder_version=&#8220;4.5.1&#8243; _module_preset=&#8220;default&#8220;][et_pb_column type=&#8220;4_4&#8243; _builder_version=&#8220;4.5.1&#8243; _module_preset=&#8220;default&#8220;][et_pb_text _builder_version=&#8220;4.5.1&#8243; _module_preset=&#8220;default&#8220;]<\/p>\n<h2><span class=\"ez-toc-section\" id=\"Mercat_Central\"><\/span>Mercat Central<span class=\"ez-toc-section-end\"><\/span><\/h2>\n<p>De la Pla\u00e7a del Mercat avec la belle Esglesia de Sant Joan del Mercat, notre visite de la ville se poursuit par le Mercat Central, dont le b\u00e2timent Art nouveau a \u00e9t\u00e9 construit en 1928. C'est le plus ancien march\u00e9 alimentaire d'Europe \u00e0 fonctionner en permanence. On dit qu'il y a ici 1000 stands, j'avoue que nous ne les avons pas compt\u00e9s. Le Mercat Col\u00f3n vaut \u00e9galement le coup d'\u0153il. Il s'agit \u00e9galement d'un b\u00e2timent Art nouveau datant de 1916. Outre le march\u00e9 proprement dit, on y trouve \u00e9galement des bars et des restaurants. Sur la Plaza Sant Vicent, l'h\u00f4tel de ville de Valence se cache malheureusement derri\u00e8re une cl\u00f4ture de chantier - La poste centrale, en face, est \u00e9galement tr\u00e8s bien. Dans la Carrer de Martinez Cubelles 7, nous tombons par hasard sur un restaurant sympa, le Hawai Pok\u00e8, et y mangeons un d\u00e9licieux bowl. Puis nous retournons \u00e0 l'arr\u00eat de bus Porta del Mar en passant par la Carrer de Colon.<\/p>\n<p>[\/et_pb_text][\/et_pb_column][\/et_pb_row][et_pb_row column_structure=&#8220;1_3,1_3,1_3&#8243; _builder_version=&#8220;4.5.1&#8243; _module_preset=&#8220;default&#8220;][et_pb_column type=&#8220;1_3&#8243; _builder_version=&#8220;4.5.1&#8243; _module_preset=&#8220;default&#8220;][et_pb_image src=&#8220;https:\/\/www.planbwagen.de\/wp-content\/uploads\/2020\/09\/29-1.jpg&#8220; alt=&#8220;Laden mit riesiger Auswahl an Espandrillos in diversen Farben&#8220; title_text=&#8220;29&#8243; _builder_version=&#8220;4.5.1&#8243; _module_preset=&#8220;default&#8220;][\/et_pb_image][\/et_pb_column][et_pb_column type=&#8220;1_3&#8243; _builder_version=&#8220;4.5.1&#8243; _module_preset=&#8220;default&#8220;][et_pb_image src=&#8220;https:\/\/www.planbwagen.de\/wp-content\/uploads\/2020\/09\/30-1.jpg&#8220; title_text=&#8220;30&#8243; _builder_version=&#8220;4.5.1&#8243; _module_preset=&#8220;default&#8220;][\/et_pb_image][\/et_pb_column][et_pb_column type=&#8220;1_3&#8243; _builder_version=&#8220;4.5.1&#8243; _module_preset=&#8220;default&#8220;][et_pb_image src=&#8220;https:\/\/www.planbwagen.de\/wp-content\/uploads\/2020\/09\/31-1.jpg&#8220; title_text=&#8220;31&#8243; _builder_version=&#8220;4.5.1&#8243; _module_preset=&#8220;default&#8220;][\/et_pb_image][\/et_pb_column][\/et_pb_row][et_pb_row _builder_version=&#8220;4.5.1&#8243; _module_preset=&#8220;default&#8220;][et_pb_column type=&#8220;4_4&#8243; _builder_version=&#8220;4.5.1&#8243; _module_preset=&#8220;default&#8220;][et_pb_text _builder_version=&#8220;4.5.1&#8243; _module_preset=&#8220;default&#8220;]<\/p>\n<h2><span class=\"ez-toc-section\" id=\"Beste_Reisezeit\"><\/span>Meilleure p\u00e9riode pour voyager :<span class=\"ez-toc-section-end\"><\/span><\/h2>\n<p style=\"text-align: justify;\">Comme il peut faire tr\u00e8s chaud et qu'il y a beaucoup de monde en plein \u00e9t\u00e9, le printemps et l'automne sont toujours recommand\u00e9s comme meilleure p\u00e9riode pour voyager. Nous sommes venus ici en hiver avec 20 degr\u00e9s et du soleil, et nous avons ador\u00e9. Bien s\u00fbr, cela ne garantit pas qu'il fasse toujours beau en hiver. Nous avons \u00e9galement connu quelques jours de pluie au cours des sept mois de notre voyage.<br \/>Il est bien connu que la plupart des mus\u00e9es sont ferm\u00e9s le lundi, mais voici un conseil particulier : le dimanche, l'entr\u00e9e des mus\u00e9es et b\u00e2timents publics est gratuite en Espagne.<\/p>\n<p>Se d\u00e9placer \u00e0 Valence :<\/p>\n<p>Valence dispose d'un excellent r\u00e9seau de transports en commun que nous avons volontiers utilis\u00e9. La ville se d\u00e9couvre aussi tr\u00e8s bien \u00e0 v\u00e9lo. Si vous n'avez pas votre propre v\u00e9lo, vous pouvez en louer un partout.<\/p>\n<p>[\/et_pb_text][\/et_pb_column][\/et_pb_row][\/et_pb_section]<\/p>","protected":false},"excerpt":{"rendered":"<p>[et_pb_section fb_built=&#8220;1&#8243; _builder_version=&#8220;3.22&#8243;][et_pb_row column_structure=&#8220;1_2,1_2&#8243; _builder_version=&#8220;4.5.1&#8243; _module_preset=&#8220;default&#8220;][et_pb_column type=&#8220;1_2&#8243; _builder_version=&#8220;4.5.1&#8243; _module_preset=&#8220;default&#8220;][et_pb_image src=&#8220;https:\/\/www.planbwagen.de\/wp-content\/uploads\/2020\/09\/1-83.jpg&#8220; alt=&#8220;Belebte Stra\u00dfe mit dem Torre de Santa Catalina im Hintergrund&#8220; title_text=&#8220;1&#8243; _builder_version=&#8220;4.5.1&#8243; _module_preset=&#8220;default&#8220;][\/et_pb_image][\/et_pb_column][et_pb_column type=&#8220;1_2&#8243; _builder_version=&#8220;4.5.1&#8243; _module_preset=&#8220;default&#8220;][et_pb_image src=&#8220;https:\/\/www.planbwagen.de\/wp-content\/uploads\/2020\/09\/3-72.jpg&#8220; alt=&#8220;Marc sitzt auf einem Zaun, vor dem Centro Cultural Bancaja (Bancaixa), ein Kulturzentrum &#8220; _builder_version=&#8220;4.5.1&#8243; _module_preset=&#8220;default&#8220;][\/et_pb_image][\/et_pb_column][\/et_pb_row][et_pb_row _builder_version=&#8220;4.5.1&#8243; _module_preset=&#8220;default&#8220;][et_pb_column type=&#8220;4_4&#8243; _builder_version=&#8220;4.5.1&#8243; _module_preset=&#8220;default&#8220;][et_pb_text _builder_version=&#8220;4.5.1&#8243; _module_preset=&#8220;default&#8220;] F\u00fcr einen Besuch von Valencia [&hellip;]<\/p>","protected":false},"author":1,"featured_media":4119,"comment_status":"open","ping_status":"open","sticky":false,"template":"","format":"standard","meta":{"_et_pb_use_builder":"on","_et_pb_old_content":"<p>\u00a0<\/p><div id=\"content_start\">\u00a0<\/div><article class=\"j-blog\"><div class=\"n j-blog-meta j-blog-post--header\"><div class=\"j-text j-module n\"><a class=\"j-blog-post--category\" href=\"https:\/\/www.gluecksmuskel.de\/hectors-reisen\/spain-spanien\/\"> Spain - Spanien <\/a> \u00a0\u00b7\u00a0 <span class=\"j-text j-blog-post--date\"> 22. Februar 2020 <\/span><\/div><h1 class=\"j-blog-header j-blog-headline j-blog-post--headline\">Tag No. 171 - Valencia - Tipps & Tricks<\/h1><\/div><div class=\"post j-blog-content\"><div id=\"cc-matrix-3607861326\"><div id=\"cc-m-12580509026\" class=\"j-module n j-spacing \"><div class=\"cc-m-spacer\" style=\"height: 20px;\">\u00a0<\/div><\/div><div id=\"cc-m-12580508926\" class=\"j-module n j-gallery \"><div id=\"cc-m-gallery-12580508926\" class=\"cc-m-gallery-container cc-m-gallery-cool clearover\"><div id=\"gallery_thumb_8133900726\" class=\"cc-m-gallery-cool-item\"><div><a rel=\"lightbox[12580508926]\" data-href=\"https:\/\/planbwagen.de\/wp-content\/uploads\/attachments\/image.jpg\" data-title=\"Torre de Santa Catalina, Valencia, Spanien\" data-index=\"0\"> <img style=\"height: 172px; width: 129px; margin-bottom: 3px; margin-right: 3px;\" src=\"https:\/\/planbwagen.de\/wp-content\/uploads\/2020\/07\/image-9-2-5.jpg\" alt=\"Torre de Santa Catalina, Valencia, Spanien\" data-orig-width=\"768\" data-orig-height=\"1024\" \/> <\/a><\/div><\/div><div id=\"gallery_thumb_8133900826\" class=\"cc-m-gallery-cool-item\"><div><a rel=\"lightbox[12580508926]\" data-href=\"https:\/\/planbwagen.de\/wp-content\/uploads\/attachments\/image.jpg\" data-title=\"Porta de la Mar, Valencia, Spanien\" data-index=\"1\"> <img style=\"height: 172px; width: 238px; margin-bottom: 3px;\" src=\"https:\/\/planbwagen.de\/wp-content\/uploads\/2020\/07\/image-0-3-9.jpg\" alt=\"Porta de la Mar, Valencia, Spanien\" data-orig-width=\"2048\" data-orig-height=\"1484\" \/> <\/a><\/div><\/div><div id=\"gallery_thumb_8133901026\" class=\"cc-m-gallery-cool-item\"><div><a rel=\"lightbox[12580508926]\" data-href=\"https:\/\/planbwagen.de\/wp-content\/uploads\/attachments\/image.jpg\" data-title=\"Centro Cultural Bancaja, Valencia, Spanien\" data-index=\"2\"> <img style=\"height: 172px; width: 129px; margin-bottom: 3px;\" src=\"https:\/\/planbwagen.de\/wp-content\/uploads\/2020\/07\/image-7-8-5.jpg\" alt=\"Centro Cultural Bancaja, Valencia, Spanien\" data-orig-width=\"1536\" data-orig-height=\"2048\" \/> <\/a><\/div><\/div><\/div><\/div><div id=\"cc-m-12580502326\" class=\"j-module n j-text \"><p>\u00a0<\/p><p style=\"text-align: justify;\">F\u00fcr einen Besuch von Valencia mit Camper bietet sich der Campingplatz Coll Verd an. Er ist nichts besonderes, eher schlicht und einfach und man h\u00f6rt die Schnellstra\u00dfe, aber das Personal ist besonders freundlich und die Lage ist f\u00fcr eine Sightseeingtour nach Valencia perfekt. Da wir tags\u00fcber unterwegs waren und hier praktisch nur geschlafen haben, hat uns der L\u00e4rm der Stra\u00dfe nicht gest\u00f6rt. Er kostet mit ACSI-Card \u20ac14,- incl Strom. Die Bushaltestelle ist direkt vor der T\u00fcre, die Fahrt mit der Buslinie 25 bis Endhaltestelle Porta de la Mar dauert ca. 25 Minuten. Das Ticket zu \u20ac 1,50 kauft man direkt beim Busfahrer. Wenn man nach der Stadtbesichtigung zur\u00fcck fahren m\u00f6chte, steigt man auch an derselben Bushaltestelle wieder ein.<\/p><p>\u00a0<\/p><\/div><div id=\"cc-m-12580507626\" class=\"j-module n j-gallery \"><div id=\"cc-m-gallery-12580507626\" class=\"cc-m-gallery-container cc-m-gallery-cool clearover\"><div id=\"gallery_thumb_8133897926\" class=\"cc-m-gallery-cool-item\"><div><a rel=\"lightbox[12580507626]\" data-href=\"https:\/\/planbwagen.de\/wp-content\/uploads\/attachments\/image.jpg\" data-title=\"Parc Gulliver Valencia Spanien\" data-index=\"0\"> <img style=\"height: 163px; width: 147px; margin-bottom: 3px; margin-right: 3px;\" src=\"https:\/\/planbwagen.de\/wp-content\/uploads\/2020\/07\/image-1-8-7.jpg\" alt=\"Parc Gulliver Valencia Spanien\" data-orig-width=\"1242\" data-orig-height=\"1371\" \/> <\/a><\/div><\/div><div id=\"gallery_thumb_8133993426\" class=\"cc-m-gallery-cool-item\"><div><a rel=\"lightbox[12580507626]\" data-href=\"https:\/\/planbwagen.de\/wp-content\/uploads\/attachments\/image.jpg\" data-title=\"Valencia Spanien\" data-index=\"1\"> <img style=\"height: 163px; width: 220px; margin-bottom: 3px;\" src=\"https:\/\/planbwagen.de\/wp-content\/uploads\/2020\/07\/image-1-7-2.jpg\" alt=\"Valencia Spanien\" data-orig-width=\"2048\" data-orig-height=\"1536\" \/> <\/a><\/div><\/div><div id=\"gallery_thumb_8133993526\" class=\"cc-m-gallery-cool-item\"><div><a rel=\"lightbox[12580507626]\" data-href=\"https:\/\/planbwagen.de\/wp-content\/uploads\/attachments\/image.jpg\" data-title=\"Valencia Spanien\" data-index=\"2\"> <img style=\"height: 183px; width: 122px; margin-bottom: 3px; margin-right: 3px;\" src=\"https:\/\/planbwagen.de\/wp-content\/uploads\/2020\/07\/image-5-6-6.jpg\" alt=\"Valencia Spanien\" data-orig-width=\"1366\" data-orig-height=\"2048\" \/> <\/a><\/div><\/div><div id=\"gallery_thumb_8133993626\" class=\"cc-m-gallery-cool-item\"><div><a rel=\"lightbox[12580507626]\" data-href=\"https:\/\/planbwagen.de\/wp-content\/uploads\/attachments\/image.jpg\" data-title=\"Pont del Regne, Valencia Spanien\" data-index=\"3\"> <img style=\"height: 183px; width: 245px; margin-bottom: 3px;\" src=\"https:\/\/planbwagen.de\/wp-content\/uploads\/2020\/07\/image-1-4-8.jpg\" alt=\"Pont del Regne, Valencia Spanien\" data-orig-width=\"1150\" data-orig-height=\"863\" \/> <\/a><\/div><\/div><\/div><\/div><div id=\"cc-m-12580502426\" class=\"j-module n j-text \"><p>\u00a0<\/p><p>Valencia ist die 3. gr\u00f6\u00dfte Stadt Spaniens und liegt dort, wo der Flu\u00df Turia ins Mittelmeer m\u00fcndet. 1957 beschloss man, nach einer Hochwasser-Katastrophe mit vielen Toten, den Turia in einem gro\u00dfen Bogen um die Stadt herum zu f\u00fchren. Das ehemaligen Flu\u00dfbett des Turia, das heute als gr\u00fcnes Band durch die Stadt f\u00fchrt, verwandelte man in einen Landschaftspark.<\/p><p>\u00a0<\/p><p>Dieser\u00a0<strong>La Ciutat de les Arts i les Ci\u00e8ncies<\/strong>. besteht aus:<\/p><p>- Oceanogr\u00e0fic ist das gr\u00f6\u00dfte Aquarium Europas mit Haien und Delfinarium. Wer nicht Schlange stehen m\u00f6chte, kauft das Ticket online\u00a0 \u00a0 \u00a0 f\u00fcr \u20ac 31,50.<\/p><p>- Museo de las Ci\u00e8ncies Pr\u00edncepe Felipe (Wissenschaftsmueum)<\/p><p>- L\u2019Hemisf\u00e8ric (Planetarium und 3D-IMAX-Kino)<\/p><p>- Palau de les Arts Reina Sof\u00eda (Opernhaus)<\/p><p>- L\u2019Umbracle ist ein sch\u00f6ner botanischer Garten, der nachts als Diskothek genutzt wird<\/p><p>- L\u2019\u00c0gora ist eine multifunktionale Veranstaltungshalle. Das elliptische Geb\u00e4ude ist 70m hoch und bietet 6.000 Menschen Platz. Unter\u00a0 \u00a0 \u00a0 \u00a0 \u00a0anderem fanden hier internationale Tennistuniere, Konzerte, Messen und Ausstellungen statt und im Winter wurde sie als Eislaufplatz\u00a0 \u00a0genutzt.<\/p><p>\u00a0<\/p><\/div><div id=\"cc-m-12580546026\" class=\"j-module n j-gallery \"><div id=\"cc-m-gallery-12580546026\" class=\"cc-m-gallery-container cc-m-gallery-slider cc-m-gallery-slider-fullscreen-enabled \"><div class=\"bx-wrapper\" style=\"max-width: 100%;\"><div class=\"bx-viewport\" style=\"width: 100%; overflow: hidden; position: relative;\" aria-live=\"polite\"><div class=\"bx-loading\">\u00a0<\/div><ul style=\"width: 6215%; position: relative;\"><li style=\"float: left; list-style: none; position: relative; width: 370px; margin-right: 2px;\"><a rel=\"lightbox[12580546026]\" data-href=\"https:\/\/planbwagen.de\/wp-content\/uploads\/2020\/07\/image-5-7-3.jpg\" data-title=\"Oceanogr\u00e0fic, La Ciutat de les Arts i les Ci\u00e8ncies, Valencia, Spanien\" data-index=\"0\"> <img style=\"height: 200px;\" src=\"https:\/\/planbwagen.de\/wp-content\/uploads\/2020\/07\/image-5-7-3.jpg\" alt=\"Oceanogr\u00e0fic, La Ciutat de les Arts i les Ci\u00e8ncies, Valencia, Spanien\" data-orig-width=\"2048\" data-orig-height=\"1447\" \/><br \/><\/a><div class=\"bx-caption\" style=\"width: 300px; margin-left: 35px;\">Oceanogr\u00e0fic, La Ciutat de les Arts i les Ci\u00e8ncies, Valencia, Spanien<\/div><p>\u00a0<\/p><\/li><li style=\"float: left; list-style: none; position: relative; width: 370px; margin-right: 2px;\"><a rel=\"lightbox[12580546026]\" data-href=\"https:\/\/planbwagen.de\/wp-content\/uploads\/2020\/07\/image-4-5.jpg\" data-title=\"La Ciutat de les Arts i les Ci\u00e8ncies, Valencia, Spanien\" data-index=\"1\"> <img style=\"height: 200px;\" src=\"https:\/\/planbwagen.de\/wp-content\/uploads\/2020\/07\/image-4-5.jpg\" alt=\"La Ciutat de les Arts i les Ci\u00e8ncies, Valencia, Spanien\" data-orig-width=\"1536\" data-orig-height=\"2048\" \/><br \/><\/a><div class=\"bx-caption\">La Ciutat de les Arts i les Ci\u00e8ncies, Valencia, Spanien<\/div><p>\u00a0<\/p><\/li><li style=\"float: left; list-style: none; position: relative; width: 370px; margin-right: 2px;\"><a rel=\"lightbox[12580546026]\" data-href=\"https:\/\/planbwagen.de\/wp-content\/uploads\/2020\/07\/image-9-0-6.jpg\" data-title=\"La Ciutat de les Arts i les Ci\u00e8ncies, Valencia, Spanien\" data-index=\"2\"> <img style=\"height: 200px;\" src=\"https:\/\/planbwagen.de\/wp-content\/uploads\/2020\/07\/image-9-0-6.jpg\" alt=\"La Ciutat de les Arts i les Ci\u00e8ncies, Valencia, Spanien\" data-orig-width=\"2048\" data-orig-height=\"1129\" \/><br \/><\/a><div class=\"bx-caption\">La Ciutat de les Arts i les Ci\u00e8ncies, Valencia, Spanien<\/div><p>\u00a0<\/p><\/li><li style=\"float: left; list-style: none; position: relative; width: 370px; margin-right: 2px;\"><a rel=\"lightbox[12580546026]\" data-href=\"https:\/\/planbwagen.de\/wp-content\/uploads\/2020\/07\/image-3-4-6.jpg\" data-title=\"La Ciutat de les Arts i les Ci\u00e8ncies, Valencia, Spanien\" data-index=\"3\"> <img style=\"height: 200px;\" src=\"https:\/\/planbwagen.de\/wp-content\/uploads\/2020\/07\/image-3-4-6.jpg\" alt=\"La Ciutat de les Arts i les Ci\u00e8ncies, Valencia, Spanien\" data-orig-width=\"2048\" data-orig-height=\"1147\" \/><br \/><\/a><div class=\"bx-caption\">La Ciutat de les Arts i les Ci\u00e8ncies, Valencia, Spanien<\/div><p>\u00a0<\/p><\/li><li style=\"float: left; list-style: none; position: relative; width: 370px; margin-right: 2px;\"><a rel=\"lightbox[12580546026]\" data-href=\"https:\/\/planbwagen.de\/wp-content\/uploads\/2020\/07\/image-6-9-6-0.jpg\" data-title=\"La Ciutat de les Arts i les Ci\u00e8ncies, Valencia, Spanien\" data-index=\"4\"> <img style=\"height: 200px;\" src=\"https:\/\/planbwagen.de\/wp-content\/uploads\/2020\/07\/image-6-9-6-0.jpg\" alt=\"La Ciutat de les Arts i les Ci\u00e8ncies, Valencia, Spanien\" data-orig-width=\"2048\" data-orig-height=\"1536\" \/><br \/><\/a><div class=\"bx-caption\">La Ciutat de les Arts i les Ci\u00e8ncies, Valencia, Spanien<\/div><p>\u00a0<\/p><\/li><li style=\"float: left; list-style: none; position: relative; width: 370px; margin-right: 2px;\"><a rel=\"lightbox[12580546026]\" data-href=\"https:\/\/planbwagen.de\/wp-content\/uploads\/2020\/07\/image-9-3-8-4.jpg\" data-title=\"La Ciutat de les Arts i les Ci\u00e8ncies, Valencia, Spanien\" data-index=\"5\"> <img style=\"height: 200px;\" src=\"https:\/\/planbwagen.de\/wp-content\/uploads\/2020\/07\/image-9-3-8-4.jpg\" alt=\"La Ciutat de les Arts i les Ci\u00e8ncies, Valencia, Spanien\" data-orig-width=\"2048\" data-orig-height=\"1537\" \/><br \/><\/a><div class=\"bx-caption\">La Ciutat de les Arts i les Ci\u00e8ncies, Valencia, Spanien<\/div><p>\u00a0<\/p><\/li><\/ul><\/div><div class=\"bx-controls bx-has-controls-direction bx-has-controls-auto\"><div class=\"bx-controls-direction\">\u00a0<\/div><div class=\"bx-controls-auto\"><div class=\"bx-controls-auto-item\">\u00a0<\/div><\/div><\/div><\/div><div class=\"cc-m-gallery-slider-bar\"><div class=\"cc-m-gallery-slider-thumbnails-wrapper\"><div class=\"cc-m-gallery-slider-thumbnails\" style=\"width: 174px;\"><a data-slide-index=\"0\"> <img src=\"https:\/\/planbwagen.de\/wp-content\/uploads\/2020\/07\/image-5-7-2-7.jpg\" alt=\"\" \/> <\/a> <a data-slide-index=\"1\"> <img src=\"https:\/\/planbwagen.de\/wp-content\/uploads\/2020\/07\/image-4-4-2-1.jpg\" alt=\"\" \/> <\/a> <a data-slide-index=\"2\"> <img src=\"https:\/\/planbwagen.de\/wp-content\/uploads\/2020\/07\/image-1-3-5.jpg\" alt=\"\" \/> <\/a> <a data-slide-index=\"3\"> <img src=\"https:\/\/planbwagen.de\/wp-content\/uploads\/2020\/07\/image-9-9-3-2.jpg\" alt=\"\" \/> <\/a> <a data-slide-index=\"4\"> <img src=\"https:\/\/planbwagen.de\/wp-content\/uploads\/2020\/07\/image-4-8-1.jpg\" alt=\"\" \/> <\/a> <a data-slide-index=\"5\"> <img src=\"https:\/\/planbwagen.de\/wp-content\/uploads\/2020\/07\/image-5-5-5.jpg\" alt=\"\" \/> <\/a><\/div><\/div><\/div><p>\u00a0<\/p><\/div><\/div><div id=\"cc-m-12580545626\" class=\"j-module n j-text \"><p>\u00a0<\/p><p>Diese monumentalen Geb\u00e4ude des spanischen Architekten Santiago Calatrava sind schon alleine aufgrund ihrer moderner Bauart sehenswert und f\u00fcr jeden Fotografen ein Muss. Wer mehrere dieser Geb\u00e4ude besuchen m\u00f6chte, kann kombinierte Tickets g\u00fcnstiger online kaufen.<\/p><p>\u00a0<\/p><p>Der Bus 25 f\u00e4hrt an diesem Landschaftspark vorbei, so kann man sich erst einmal orientieren und einen ersten Eindruck verschaffen. \u00dcber das alte Flu\u00dfbett gibt es einige Br\u00fccken. Erw\u00e4hnenswert ist die Pont del Regne, die ich eigentlich unspektakul\u00e4r finde, bis auf die Drachenfigur (siehe Foto).<\/p><p>\u00a0<\/p><\/div><div id=\"cc-m-12580510226\" class=\"j-module n j-gallery \"><div id=\"cc-m-gallery-12580510226\" class=\"cc-m-gallery-container cc-m-gallery-cool clearover\"><div id=\"gallery_thumb_8133907726\" class=\"cc-m-gallery-cool-item\"><div><a rel=\"lightbox[12580510226]\" data-href=\"https:\/\/planbwagen.de\/wp-content\/uploads\/attachments\/image.jpg\" data-title=\"Valencia, Spanien\" data-index=\"0\"> <img style=\"height: 244px; width: 183px; margin-bottom: 3px; margin-right: 3px;\" src=\"https:\/\/planbwagen.de\/wp-content\/uploads\/2020\/07\/image-9-1-1.jpg\" alt=\"Valencia, Spanien\" data-orig-width=\"1536\" data-orig-height=\"2048\" \/> <\/a><\/div><\/div><div id=\"gallery_thumb_8133908226\" class=\"cc-m-gallery-cool-item\"><div><a rel=\"lightbox[12580510226]\" data-href=\"https:\/\/planbwagen.de\/wp-content\/uploads\/attachments\/image.jpg\" data-title=\"Valencia, Spanien\" data-index=\"1\"> <img style=\"height: 244px; width: 184px; margin-bottom: 3px;\" src=\"https:\/\/planbwagen.de\/wp-content\/uploads\/2020\/07\/image-9-7-2.jpg\" alt=\"Valencia, Spanien\" data-orig-width=\"1536\" data-orig-height=\"2048\" \/> <\/a><\/div><\/div><div id=\"gallery_thumb_8133908426\" class=\"cc-m-gallery-cool-item\"><div><a rel=\"lightbox[12580510226]\" data-href=\"https:\/\/planbwagen.de\/wp-content\/uploads\/attachments\/image.jpg\" data-title=\"Streetart Valencia, Spanien\" data-index=\"2\"> <img style=\"height: 244px; width: 183px; margin-bottom: 3px; margin-right: 3px;\" src=\"https:\/\/planbwagen.de\/wp-content\/uploads\/2020\/07\/image-8-0-0.jpg\" alt=\"Streetart Valencia, Spanien\" data-orig-width=\"1536\" data-orig-height=\"2048\" \/> <\/a><\/div><\/div><div id=\"gallery_thumb_8133908626\" class=\"cc-m-gallery-cool-item\"><div><a rel=\"lightbox[12580510226]\" data-href=\"https:\/\/planbwagen.de\/wp-content\/uploads\/attachments\/image.jpg\" data-title=\"Valencia, Spanien\" data-index=\"3\"> <img style=\"height: 244px; width: 184px; margin-bottom: 3px;\" src=\"https:\/\/planbwagen.de\/wp-content\/uploads\/2020\/07\/image-3-5-8.jpg\" alt=\"Valencia, Spanien\" data-orig-width=\"1536\" data-orig-height=\"2048\" \/> <\/a><\/div><\/div><\/div><\/div><div id=\"cc-m-12580502626\" class=\"j-module n j-text \"><p>\u00a0<\/p><p>Daneben liegt ein gro\u00dfer Spielplatz Parc Gulliver. Erst aus der Vogelperspektive begreift man warum der Platz seinen Namen hat.<\/p><p>Weiter geht es zur\u00a0 Puente del Mar, die mich mit ihren beiden Skulpturen der hl. Jungfrau und des hl. Paquale begeistert. Sie wurde 1591 erbaut und ist 160m lang. Auch die folgenden Br\u00fccken sind sch\u00f6n, die Pont de les Flors macht mit ihren vielen Blumen ihrem Namen alle Ehre.<\/p><p>\u00a0<\/p><p>Die Endhaltestelle des Buslinie 25 ist die Porta de la Mar. Diese Replika eines historischen Stadttores wurde zum Gedenken an die Opfer des spanischen B\u00fcrgerkrieges 1936-39 errichtet.<\/p><p>\u00a0<\/p><p>Das n\u00e4chste sch\u00f6ne Geb\u00e4ude, das uns auff\u00e4llt ist das Centro Cultural Bancaja (Bancaixa), ein Kulturzentrum mit wechselnden Ausstellungen, Kulturprogrammen, Konferenzen und Workshops.<\/p><p>\u00a0<\/p><\/div><div id=\"cc-m-12580502926\" class=\"j-module n j-gallery \"><div id=\"cc-m-gallery-12580502926\" class=\"cc-m-gallery-container cc-m-gallery-cool clearover\"><div id=\"gallery_thumb_8133886226\" class=\"cc-m-gallery-cool-item\"><div><a rel=\"lightbox[12580502926]\" data-href=\"https:\/\/planbwagen.de\/wp-content\/uploads\/attachments\/image.jpg\" data-title=\"Torgit bei Fris\u00f6r Mister A in Valencia Spanien\" data-index=\"0\"> <img style=\"height: 176px; width: 132px; margin-bottom: 3px; margin-right: 3px;\" src=\"https:\/\/planbwagen.de\/wp-content\/uploads\/2020\/07\/image-5-2-3-0.jpg\" alt=\"Torgit bei Fris\u00f6r Mister A in Valencia Spanien\" data-orig-width=\"1536\" data-orig-height=\"2048\" \/> <\/a><\/div><\/div><div id=\"gallery_thumb_8133885626\" class=\"cc-m-gallery-cool-item\"><div><a rel=\"lightbox[12580502926]\" data-href=\"https:\/\/planbwagen.de\/wp-content\/uploads\/attachments\/image.jpg\" data-title=\"Torgit bei Fris\u00f6r Mister A in Valencia Spanien\" data-index=\"1\"> <img style=\"height: 176px; width: 235px; margin-bottom: 3px;\" src=\"https:\/\/planbwagen.de\/wp-content\/uploads\/2020\/07\/image-4-4-1.jpg\" alt=\"Torgit bei Fris\u00f6r Mister A in Valencia Spanien\" data-orig-width=\"2048\" data-orig-height=\"1536\" \/> <\/a><\/div><\/div><div id=\"gallery_thumb_8133885726\" class=\"cc-m-gallery-cool-item\"><div><a rel=\"lightbox[12580502926]\" data-href=\"https:\/\/planbwagen.de\/wp-content\/uploads\/attachments\/image.jpg\" data-title=\"Fris\u00f6r und Barber Mister A in Valencia Spanien\" data-index=\"2\"> <img style=\"height: 176px; width: 234px; margin-bottom: 3px; margin-right: 3px;\" src=\"https:\/\/planbwagen.de\/wp-content\/uploads\/2020\/07\/image-8-0-0-8.jpg\" alt=\"Fris\u00f6r und Barber Mister A in Valencia Spanien\" data-orig-width=\"2048\" data-orig-height=\"1536\" \/> <\/a><\/div><\/div><div id=\"gallery_thumb_8133886126\" class=\"cc-m-gallery-cool-item\"><div><a rel=\"lightbox[12580502926]\" data-href=\"https:\/\/planbwagen.de\/wp-content\/uploads\/attachments\/image.jpg\" data-title=\"Marc bei Fris\u00f6r Mister A in Valencia Spanien\" data-index=\"3\"> <img style=\"height: 176px; width: 133px; margin-bottom: 3px;\" src=\"https:\/\/planbwagen.de\/wp-content\/uploads\/2020\/07\/image-3-3-2.jpg\" alt=\"Marc bei Fris\u00f6r Mister A in Valencia Spanien\" data-orig-width=\"1536\" data-orig-height=\"2048\" \/> <\/a><\/div><\/div><div id=\"gallery_thumb_8133886826\" class=\"cc-m-gallery-cool-item\"><div><a rel=\"lightbox[12580502926]\" data-href=\"https:\/\/planbwagen.de\/wp-content\/uploads\/attachments\/image.jpg\" data-title=\"Torgit bei Fris\u00f6r Mister A in Valencia Spanien\" data-index=\"4\"> <img style=\"height: 176px; width: 234px; margin-bottom: 3px; margin-right: 3px;\" src=\"https:\/\/planbwagen.de\/wp-content\/uploads\/2020\/07\/image-2-5-7-7.jpg\" alt=\"Torgit bei Fris\u00f6r Mister A in Valencia Spanien\" data-orig-width=\"2048\" data-orig-height=\"1536\" \/> <\/a><\/div><\/div><div id=\"gallery_thumb_8133890426\" class=\"cc-m-gallery-cool-item\"><div><a rel=\"lightbox[12580502926]\" data-href=\"https:\/\/planbwagen.de\/wp-content\/uploads\/attachments\/image.jpg\" data-title=\"Torgit bei Fris\u00f6r Mister A in Valencia Spanien\" data-index=\"5\"> <img style=\"height: 176px; width: 133px; margin-bottom: 3px;\" src=\"https:\/\/planbwagen.de\/wp-content\/uploads\/2020\/07\/image-1-7-8-3.jpg\" alt=\"Torgit bei Fris\u00f6r Mister A in Valencia Spanien\" data-orig-width=\"1536\" data-orig-height=\"2048\" \/> <\/a><\/div><\/div><\/div><\/div><div id=\"cc-m-12580502726\" class=\"j-module n j-text \"><p>\u00a0<\/p><p style=\"text-align: justify;\">Wir bummeln die Carrer de la Pau entlang, immer den Torre de Santa Catalina vor Augen. Als wir an einem Fris\u00f6r vorbei kommen, schauen wir uns kurz an und gehen hinein. Wir haben es beide bitte n\u00f6tig. Gehe ich doch in K\u00f6ln regelm\u00e4\u00dfig mit meinen kurzen Haaren alle 3 Wochen zum Fris\u00f6r. Da es hier am Strand so wenige Fris\u00f6re gibt, wurden meine Haare bestimmt seit 6 Wochen nicht geschnitten, langsam wird es mal wieder Zeit. Es ist ja immer ein wenig sich in die H\u00e4nde eines fremden unbekannten Fris\u00f6rs zu begeben, aber hier haben wir beide sofort ein gutes Gef\u00fchl. Und unser Bauchgef\u00fchl hatte recht. Marc sieht super aus danach und auch ich wurde von Monica super h\u00fcbsch gemacht. Wir bezahlen \u20ac 43,- f\u00fcr uns beide und sprechen eine klare Empfehlung aus f\u00fcr \u201aMister A\u2019 \u2013 Fris\u00f6r & Barber auf der Carrer de la Pau. Danke an Monica, meine Lieblings-Fris\u00f6rin in Valencia. Wir hatten viel Spa\u00df, sie spricht kein Englisch und ich nur sehr, sehr rudiment\u00e4r spanisch. Mas corto !<\/p><p>\u00a0<\/p><\/div><div id=\"cc-m-12580506026\" class=\"j-module n j-gallery \"><div id=\"cc-m-gallery-12580506026\" class=\"cc-m-gallery-container cc-m-gallery-cool clearover\"><div id=\"gallery_thumb_8133896726\" class=\"cc-m-gallery-cool-item\"><div><a rel=\"lightbox[12580506026]\" data-href=\"https:\/\/planbwagen.de\/wp-content\/uploads\/attachments\/image.jpg\" data-title=\"Kuchen der Horchateria de Santa Catalina in Valencia Spanien\" data-index=\"0\"> <img style=\"height: 277px; width: 370px; margin-bottom: 3px;\" src=\"https:\/\/planbwagen.de\/wp-content\/uploads\/2020\/07\/image-6-5-5.jpg\" alt=\"Kuchen der Horchateria de Santa Catalina in Valencia Spanien\" data-orig-width=\"2048\" data-orig-height=\"1536\" \/> <\/a><\/div><\/div><div id=\"gallery_thumb_8133896326\" class=\"cc-m-gallery-cool-item\"><div><a rel=\"lightbox[12580506026]\" data-href=\"https:\/\/planbwagen.de\/wp-content\/uploads\/attachments\/image.jpg\" data-title=\"T\u00fcr der Horchateria de Santa Catalina in Valencia Spanien\" data-index=\"1\"> <img style=\"height: 176px; width: 132px; margin-bottom: 3px; margin-right: 3px;\" src=\"https:\/\/planbwagen.de\/wp-content\/uploads\/2020\/07\/image-5-6-6-9.jpg\" alt=\"T\u00fcr der Horchateria de Santa Catalina in Valencia Spanien\" data-orig-width=\"1536\" data-orig-height=\"2048\" \/> <\/a><\/div><\/div><div id=\"gallery_thumb_8133896626\" class=\"cc-m-gallery-cool-item\"><div><a rel=\"lightbox[12580506026]\" data-href=\"https:\/\/planbwagen.de\/wp-content\/uploads\/attachments\/image.jpg\" data-title=\"Horchateria de Santa Catalina innen in Valencia Spanien\" data-index=\"2\"> <img style=\"height: 176px; width: 235px; margin-bottom: 3px;\" src=\"https:\/\/planbwagen.de\/wp-content\/uploads\/2020\/07\/image-2-4-4.jpg\" alt=\"Horchateria de Santa Catalina innen in Valencia Spanien\" data-orig-width=\"2048\" data-orig-height=\"1536\" \/> <\/a><\/div><\/div><\/div><\/div><div id=\"cc-m-12580511826\" class=\"j-module n j-text \"><p>\u00a0<\/p><p>Der Torre de Santa Catalina, den wir vorher schon vor Augen hatten, wurde im 17. Jh im Barockstil errichtet und geh\u00f6rt zur gotischen Esglesia Santa Catalina, einer der \u00e4ltesten Kirchen Valencias, die zwischen dem Plaza de la Reina und dem Plaza de la Virgen steht.<\/p><p>Gegen\u00fcber in der Horchateria de Santa Catalina gibt es nicht nur die ber\u00fchmte Horchata, eine Erdmandelmilch, sondern auch die beste hei\u00dfe Schokolade und die tollsten Churros der Stadt. Da das allgemein bekannt ist, trifft man dort auch einige Touristen.<\/p><p>\u00a0<\/p><p>Den dahinter liegenden Pla\u00e7a Redona finden wir unspektakul\u00e4r, da die Gesch\u00e4fte gerade geschlossen haben.<\/p><p>\u00a0<\/p><\/div><div id=\"cc-m-12580511926\" class=\"j-module n j-gallery \"><div id=\"cc-m-gallery-12580511926\" class=\"cc-m-gallery-container cc-m-gallery-cool clearover\"><div id=\"gallery_thumb_8133912326\" class=\"cc-m-gallery-cool-item\"><div><a rel=\"lightbox[12580511926]\" data-href=\"https:\/\/planbwagen.de\/wp-content\/uploads\/attachments\/image.jpg\" data-title=\"Valencia, Spanien\" data-index=\"0\"> <img style=\"height: 244px; width: 183px; margin-bottom: 3px; margin-right: 3px;\" src=\"https:\/\/planbwagen.de\/wp-content\/uploads\/2020\/07\/image-4-8-5.jpg\" alt=\"Valencia, Spanien\" data-orig-width=\"1536\" data-orig-height=\"2048\" \/> <\/a><\/div><\/div><div id=\"gallery_thumb_8133912426\" class=\"cc-m-gallery-cool-item\"><div><a rel=\"lightbox[12580511926]\" data-href=\"https:\/\/planbwagen.de\/wp-content\/uploads\/attachments\/image.jpg\" data-title=\"Streetart Valencia, Spanien\" data-index=\"1\"> <img style=\"height: 244px; width: 184px; margin-bottom: 3px;\" src=\"https:\/\/planbwagen.de\/wp-content\/uploads\/2020\/07\/image-9-2-6.jpg\" alt=\"Streetart Valencia, Spanien\" data-orig-width=\"1536\" data-orig-height=\"2048\" \/> <\/a><\/div><\/div><div id=\"gallery_thumb_8133912826\" class=\"cc-m-gallery-cool-item\"><div><a rel=\"lightbox[12580511926]\" data-href=\"https:\/\/planbwagen.de\/wp-content\/uploads\/attachments\/image.jpg\" data-title=\"Valencia, Spanien\" data-index=\"2\"> <img style=\"height: 244px; width: 183px; margin-bottom: 3px; margin-right: 3px;\" src=\"https:\/\/planbwagen.de\/wp-content\/uploads\/2020\/07\/image-8-2-7.jpg\" alt=\"Valencia, Spanien\" data-orig-width=\"1536\" data-orig-height=\"2048\" \/> <\/a><\/div><\/div><div id=\"gallery_thumb_8133912726\" class=\"cc-m-gallery-cool-item\"><div><a rel=\"lightbox[12580511926]\" data-href=\"https:\/\/planbwagen.de\/wp-content\/uploads\/attachments\/image.jpg\" data-title=\"Streetart Valencia, Spanien\" data-index=\"3\"> <img style=\"height: 244px; width: 184px; margin-bottom: 3px;\" src=\"https:\/\/planbwagen.de\/wp-content\/uploads\/2020\/07\/image-6-6-1-9.jpg\" alt=\"Streetart Valencia, Spanien\" data-orig-width=\"1536\" data-orig-height=\"2048\" \/> <\/a><\/div><\/div><div id=\"gallery_thumb_8133912626\" class=\"cc-m-gallery-cool-item\"><div><a rel=\"lightbox[12580511926]\" data-href=\"https:\/\/planbwagen.de\/wp-content\/uploads\/attachments\/image.jpg\" data-title=\"Clot, Plaza de Tossal, Valencia, Spanien\" data-index=\"4\"> <img style=\"height: 244px; width: 183px; margin-bottom: 3px;\" src=\"https:\/\/planbwagen.de\/wp-content\/uploads\/2020\/07\/image-8-6-7-5.jpg\" alt=\"Clot, Plaza de Tossal, Valencia, Spanien\" data-orig-width=\"1536\" data-orig-height=\"2048\" \/> <\/a><\/div><\/div><\/div><\/div><div id=\"cc-m-12580495026\" class=\"j-module n j-text \"><p>\u00a0<\/p><p>Weiter geht\u2019s zur Kathedrale von Valencia, La Seu, die 1262 auf einer ehemaligen Moschee errichtet und bis zum 18 Jh. mehrmals umgestaltet wurde. Sehenswert sind die 3 gro\u00dfen Portale. In dem Apostelportal tagt jeden Donnerstag das Tribunal de las Aguas ,das \u00e4lteste Wassergericht Europas. Dort wird \u00fcber das Wasserrecht der Bauern und ihrer Felder gerichtet. Nach Angaben der Stadt Valencia wird hier der heilige Gral aufbewahrt, den Jesu beim letzten Abendmahl benutzt hat. Der gotische Turm der Kathedrale, der Torre El Micalet wurde im 14. Jh errichtet und kann f\u00fcr 2,- besichtigt werden. Die \u00fcber 200 Stufen lohnen sich, von dort oben ist die Aussicht \u00fcber ganz Valencia atemberaubend.<\/p><p>\u00a0<\/p><p>Direkt nebenan ist die Basilika de la Mare de Deu. Diese barocke Kirche aus dem 17. Jh ist die einzige Kirche Valencias, die nicht auf den \u00dcberresten eines \u00e4lteren Geb\u00e4udes errichtet wurde. Die Dichte der Kirchen und sehenswerten Geb\u00e4ude in Valencia ist so hoch, das man kaum wei\u00df, welche man besichtigt bzw. wo man anf\u00e4ngt.<\/p><p>\u00a0<\/p><p>Als n\u00e4chstes f\u00e4llt uns die lange Schlange vor dem historischen Teatre Talia auf. Bei unserem n\u00e4chsten Besuch werden wir uns fr\u00fcher um Tickets bem\u00fchen.<\/p><p>\u00a0<\/p><p>Wir lassen uns weiter durch das coole Viertel Carmen treiben und landen in einem Clot Vintage Secondhand-Laden am Plaza de Tossal. Hier gibt es wirklich coole Klamotten, erinnert uns ein bisschen an K\u00f6ln.<\/p><p>\u00a0<\/p><\/div><div id=\"cc-m-12580545426\" class=\"j-module n j-gallery \"><div id=\"cc-m-gallery-12580545426\" class=\"cc-m-gallery-container cc-m-gallery-cool clearover\"><div id=\"gallery_thumb_8133992026\" class=\"cc-m-gallery-cool-item\"><div><a rel=\"lightbox[12580545426]\" data-href=\"https:\/\/planbwagen.de\/wp-content\/uploads\/attachments\/image.jpg\" data-title=\"\" data-index=\"0\"> <img style=\"height: 293px; width: 370px; margin-bottom: 3px;\" src=\"https:\/\/planbwagen.de\/wp-content\/uploads\/2020\/07\/image-8-4-4-1.jpg\" alt=\"\" data-orig-width=\"2048\" data-orig-height=\"1627\" \/> <\/a><\/div><\/div><div id=\"gallery_thumb_8133992126\" class=\"cc-m-gallery-cool-item\"><div><a rel=\"lightbox[12580545426]\" data-href=\"https:\/\/planbwagen.de\/wp-content\/uploads\/attachments\/image.jpg\" data-title=\"\" data-index=\"1\"> <img style=\"height: 277px; width: 370px; margin-bottom: 3px;\" src=\"https:\/\/planbwagen.de\/wp-content\/uploads\/2020\/07\/image-1-9-6.jpg\" alt=\"\" data-orig-width=\"2048\" data-orig-height=\"1536\" \/> <\/a><\/div><\/div><div id=\"gallery_thumb_8133992226\" class=\"cc-m-gallery-cool-item\"><div><a rel=\"lightbox[12580545426]\" data-href=\"https:\/\/planbwagen.de\/wp-content\/uploads\/attachments\/image.jpg\" data-title=\"\" data-index=\"2\"> <img style=\"height: 277px; width: 370px; margin-bottom: 3px;\" src=\"https:\/\/planbwagen.de\/wp-content\/uploads\/2020\/07\/image-6-6-3.jpg\" alt=\"\" data-orig-width=\"2048\" data-orig-height=\"1536\" \/> <\/a><\/div><\/div><\/div><\/div><div id=\"cc-m-12580545326\" class=\"j-module n j-text \"><p>\u00a0<\/p><p>Vom Pla\u00e7a del Mercat mit der sch\u00f6nen Esglesia de Sant Joan del Mercat\u00a0\u00a0geht unser Stadtrundgang weiter zum Mercat Central, dessen Jugendstilgeb\u00e4ude 1928 erbaut wurde. Dies ist der \u00e4lteste Lebensmittelmarkt Europas, der dauerhaft in Betrieb ist. Hier soll es 1000 St\u00e4nde geben, ich gestehe, wir haben sie nicht gez\u00e4hlt. Sehenswert ist auch der Mercat Col\u00f3n. Auch ein Jugendstilgeb\u00e4ude von 1916. Neben dem eigentlich Markt, gibt es hier auch Bars und Restaurants. Am Plaza Sant Vicent versteckt sich die\u00a0 Valencia City Hall leider gerade hinter einem Bauzaun. \u2013 Toll ist auch die Hauptpost schr\u00e4g gegen\u00fcber. In der Carrer de Martinez Cubelles 7\u00a0 stolpern wir zuf\u00e4llig \u00fcber ein nettes Restaurant Hawai Pok\u00e8 und essen dort eine leckere Bowl. Dann schlendern wir \u00fcber die Carrer de Colon\u00a0 zur\u00fcck zur Bushaltestelle Porta del Mar.<\/p><p>\u00a0<\/p><p>\u00a0<\/p><\/div><div id=\"cc-m-12580510426\" class=\"j-module n j-gallery \"><div id=\"cc-m-gallery-12580510426\" class=\"cc-m-gallery-container cc-m-gallery-cool clearover\"><div id=\"gallery_thumb_8133909226\" class=\"cc-m-gallery-cool-item\"><div><a rel=\"lightbox[12580510426]\" data-href=\"https:\/\/planbwagen.de\/wp-content\/uploads\/attachments\/image.jpg\" data-title=\"\" data-index=\"0\"> <img style=\"height: 277px; width: 370px; margin-bottom: 3px;\" src=\"https:\/\/planbwagen.de\/wp-content\/uploads\/2020\/07\/image-5-8-8.jpg\" alt=\"\" data-orig-width=\"2048\" data-orig-height=\"1536\" \/> <\/a><\/div><\/div><div id=\"gallery_thumb_8133909526\" class=\"cc-m-gallery-cool-item\"><div><a rel=\"lightbox[12580510426]\" data-href=\"https:\/\/planbwagen.de\/wp-content\/uploads\/attachments\/image.jpg\" data-title=\"\" data-index=\"1\"> <img style=\"height: 244px; width: 183px; margin-bottom: 3px; margin-right: 3px;\" src=\"https:\/\/planbwagen.de\/wp-content\/uploads\/2020\/07\/image-0-3-6.jpg\" alt=\"\" data-orig-width=\"1536\" data-orig-height=\"2048\" \/> <\/a><\/div><\/div><div id=\"gallery_thumb_8133909626\" class=\"cc-m-gallery-cool-item\"><div><a rel=\"lightbox[12580510426]\" data-href=\"https:\/\/planbwagen.de\/wp-content\/uploads\/attachments\/image.jpg\" data-title=\"\" data-index=\"2\"> <img style=\"height: 244px; width: 184px; margin-bottom: 3px;\" src=\"https:\/\/planbwagen.de\/wp-content\/uploads\/2020\/07\/image-5-3-8-2.jpg\" alt=\"\" data-orig-width=\"1536\" data-orig-height=\"2048\" \/> <\/a><\/div><\/div><\/div><\/div><div id=\"cc-m-12580502826\" class=\"j-module n j-text \"><p>\u00a0<\/p><p>Beste Reisezeit:<\/p><p style=\"text-align: justify;\">Da es im Hochsommer sehr hei\u00df und sehr voll werden kann, wird immer Fr\u00fchjahr und Herbst als beste Reisezeit empfohlen. Wir waren im Winter hier bei 20 Grad und Sonne, und fanden es toll. Das ist nat\u00fcrlich keine Garantie, dass hier im Winter immer tolles Wetter ist. Auch wir haben in den 7 Monaten unserer Reise auch den ein oder anderen Regentag erlebt.<\/p><p>Dass montags die meisten Museen geschlossen sind, ist ja meist bekannt, aber hier noch ein besonderen Tipp:\u00a0 sonntags\u00a0 ist in Spanien der Eintritt in \u00f6ffentliche Museen und Geb\u00e4ude kostenfrei.<\/p><p>\u00a0<\/p><p>Fortbewegung in Valencia:<\/p><p>Valencia hat ein excellentes \u00d6PNV-Netz, das wir gerne genutzt haben. Die Stadt l\u00e4sst sich auch sehr gut mit dem Fahrrad erkunden. Wer kein eigenes Rad dabei hat, kann auch \u00fcberall R\u00e4der leihen.<\/p><p>\u00a0<\/p><\/div><div id=\"cc-m-12580512826\" class=\"j-module n j-text \"><p style=\"text-align: right;\"><a class=\"j-calltoaction-link j-calltoaction-link-style-2\" style=\"font-size: 16px; background-color: #ffcc00; border-width: 2px; border-color: #ffcc00; color: #ffffff; user-select: text; padding: 10px 20px; line-height: 1.5; border-radius: 0px; -webkit-appearance: none; margin: 1em 0px;\" title=\"Tag No. 172 - \"ned g'schimpfed is g'lobad g'nua!\"\" href=\"\/2020\/02\/23\/tag-no-172-ned-g-schimpfed-is-g-lobad-g-nua\/\" data-action=\"button\" data-title=\"Sunny Side Up\"> Sunny Side Up\u00a0 \u00a0\u00a0<\/a><\/p><p style=\"text-align: right;\"><a class=\"j-calltoaction-link j-calltoaction-link-style-2\" style=\"background-color: #ffcc00; border-width: 2px; border-color: #ffcc00; color: #ffffff; user-select: text; padding: 10px 20px; font-size: 16px; line-height: 1.5; border-radius: 0px; -webkit-appearance: none; margin: 1em 0px;\" title=\"Tag No. 170 - Biikebrennen an der Playa Naturista Gandia?\" href=\"\/2020\/02\/21\/tag-no-170-biikebrennen-an-der-playa-naturista-gandia\/\" data-action=\"button\" data-title=\"Sunny Side Down\"> Sunny Side Down\u00a0 \u00a0\u00a0<\/a><\/p><\/div><\/div><\/div><div class=\"j-module n j-text j-blog-post--tags-wrapper\"><span class=\"j-blog-post--tags--template\" style=\"display: none;\"><a class=\"j-blog-post--tag\" href=\"https:\/\/www.gluecksmuskel.de\/hectors-reisen\/?tag=tagPlaceholder\">tagPlaceholder<\/a><\/span><span class=\"j-blog-post--tags-label\" style=\"display: none;\">Tags:<\/span><\/div><div id=\"flexsocialbuttons\" class=\"n\"><div class=\"cc-sharebuttons-element cc-sharebuttons-size-16 cc-sharebuttons-style-colored cc-sharebuttons-design-square cc-sharebuttons-align-left\">\u00a0<\/div><\/div><div class=\"n j-comment\"><div id=\"commentsModule12580346726\"><p id=\"skiptoform12580346726\" class=\"skiptoform\"><a href=\"#\" data-id=\"12580346726\" data-action=\"goToForm\">Kommentar schreiben<\/a><\/p><div id=\"numComments12580346726\" class=\"j-blog-comment-counter\">Kommentare: <i class=\"cc-comments-count\">0<\/i><\/div><ul id=\"commentOutput12580346726\" class=\"com-list-noava\"><li id=\"commentFormContainer12580346726\" class=\"commentstd clearover cc-m-comment-loading\"><a name=\"commentForm12580346726\"><\/a><\/li><\/ul><div id=\"commentError12580346726\" class=\"message-error\" style=\"display: none;\">\u00a0<\/div><div id=\"commentSuccess12580346726\" class=\"message-ok\" style=\"display: none;\">\u00a0<\/div><\/div><p><script>\/\/ <![CDATA[ window.regModule(\"module_comment\", {\"data\":{\"id\":\"12580346726\",\"closed\":\"0\",\"captcha\":\"c7f11048f24117d4e65a343f02bbffe3\",\"avatar\":false,\"lang\":{\"comment\":\"Kommentar\",\"comments\":\"Kommentare\"}}}); \/\/ ]]> <\/script><\/p><\/div><\/article><p>\u00a0<\/p>","_et_gb_content_width":"","footnotes":""},"categories":[9],"tags":[],"class_list":["post-638","post","type-post","status-publish","format-standard","has-post-thumbnail","hentry","category-spanien"],"_links":{"self":[{"href":"https:\/\/www.planbwagen.de\/fr\/wp-json\/wp\/v2\/posts\/638","targetHints":{"allow":["GET"]}}],"collection":[{"href":"https:\/\/www.planbwagen.de\/fr\/wp-json\/wp\/v2\/posts"}],"about":[{"href":"https:\/\/www.planbwagen.de\/fr\/wp-json\/wp\/v2\/types\/post"}],"author":[{"embeddable":true,"href":"https:\/\/www.planbwagen.de\/fr\/wp-json\/wp\/v2\/users\/1"}],"replies":[{"embeddable":true,"href":"https:\/\/www.planbwagen.de\/fr\/wp-json\/wp\/v2\/comments?post=638"}],"version-history":[{"count":13,"href":"https:\/\/www.planbwagen.de\/fr\/wp-json\/wp\/v2\/posts\/638\/revisions"}],"predecessor-version":[{"id":8579,"href":"https:\/\/www.planbwagen.de\/fr\/wp-json\/wp\/v2\/posts\/638\/revisions\/8579"}],"wp:featuredmedia":[{"embeddable":true,"href":"https:\/\/www.planbwagen.de\/fr\/wp-json\/wp\/v2\/media\/4119"}],"wp:attachment":[{"href":"https:\/\/www.planbwagen.de\/fr\/wp-json\/wp\/v2\/media?parent=638"}],"wp:term":[{"taxonomy":"category","embeddable":true,"href":"https:\/\/www.planbwagen.de\/fr\/wp-json\/wp\/v2\/categories?post=638"},{"taxonomy":"post_tag","embeddable":true,"href":"https:\/\/www.planbwagen.de\/fr\/wp-json\/wp\/v2\/tags?post=638"}],"curies":[{"name":"wp","href":"https:\/\/api.w.org\/{rel}","templated":true}]}}