{"id":5753,"date":"2020-10-07T17:36:18","date_gmt":"2020-10-07T17:36:18","guid":{"rendered":"https:\/\/www.planbwagen.de\/?p=5753"},"modified":"2021-03-29T21:18:26","modified_gmt":"2021-03-29T21:18:26","slug":"hecktraegersystem-diy-oder-original-terranger","status":"publish","type":"post","link":"https:\/\/www.planbwagen.de\/fr\/spacecamper-terranger-co\/systeme-de-portage-arriere-diy-ou-original-terranger\/","title":{"rendered":"Hecktr\u00e4gersystem | DIY &#8211;  &#8222;Do it yourself&#8220; oder Original Terranger? | Der Vergleich"},"content":{"rendered":"<p>[et_pb_section fb_built=&#8220;1&#8243; _builder_version=&#8220;4.5.1&#8243; _module_preset=&#8220;default&#8220;][et_pb_row _builder_version=&#8220;4.5.1&#8243; _module_preset=&#8220;default&#8220;][et_pb_column type=&#8220;4_4&#8243; _builder_version=&#8220;4.5.1&#8243; _module_preset=&#8220;default&#8220;][et_pb_text _builder_version=&#8220;4.5.1&#8243; _module_preset=&#8220;default&#8220; min_height=&#8220;350px&#8220; custom_margin=&#8220;||-160px|||&#8220;]<\/p>\n<div id=\"ez-toc-container\" class=\"ez-toc-v2_0_76 counter-hierarchy ez-toc-counter ez-toc-grey ez-toc-container-direction\">\n<p class=\"ez-toc-title\" style=\"cursor:inherit\">Content<\/p>\n<label for=\"ez-toc-cssicon-toggle-item-69edff4111e9f\" class=\"ez-toc-cssicon-toggle-label\"><span class=\"\"><span class=\"eztoc-hide\" style=\"display:none;\">Toggle<\/span><span class=\"ez-toc-icon-toggle-span\"><svg style=\"fill: #999;color:#999\" xmlns=\"http:\/\/www.w3.org\/2000\/svg\" class=\"list-377408\" width=\"20px\" height=\"20px\" viewbox=\"0 0 24 24\" fill=\"none\"><path d=\"M6 6H4v2h2V6zm14 0H8v2h12V6zM4 11h2v2H4v-2zm16 0H8v2h12v-2zM4 16h2v2H4v-2zm16 0H8v2h12v-2z\" fill=\"currentColor\"><\/path><\/svg><svg style=\"fill: #999;color:#999\" class=\"arrow-unsorted-368013\" xmlns=\"http:\/\/www.w3.org\/2000\/svg\" width=\"10px\" height=\"10px\" viewbox=\"0 0 24 24\" version=\"1.2\" baseprofile=\"tiny\"><path d=\"M18.2 9.3l-6.2-6.3-6.2 6.3c-.2.2-.3.4-.3.7s.1.5.3.7c.2.2.4.3.7.3h11c.3 0 .5-.1.7-.3.2-.2.3-.5.3-.7s-.1-.5-.3-.7zM5.8 14.7l6.2 6.3 6.2-6.3c.2-.2.3-.5.3-.7s-.1-.5-.3-.7c-.2-.2-.4-.3-.7-.3h-11c-.3 0-.5.1-.7.3-.2.2-.3.5-.3.7s.1.5.3.7z\"\/><\/svg><\/span><\/span><\/label><input type=\"checkbox\"  id=\"ez-toc-cssicon-toggle-item-69edff4111e9f\"  aria-label=\"Toggle\" \/><nav><ul class='ez-toc-list ez-toc-list-level-1' ><li class='ez-toc-page-1 ez-toc-heading-level-2'><a class=\"ez-toc-link ez-toc-heading-1\" href=\"https:\/\/www.planbwagen.de\/fr\/spacecamper-terranger-co\/systeme-de-portage-arriere-diy-ou-original-terranger\/#Wohin_wohin_wohin\" >O\u00f9, o\u00f9, o\u00f9 ?<\/a><\/li><li class='ez-toc-page-1 ez-toc-heading-level-2'><a class=\"ez-toc-link ez-toc-heading-2\" href=\"https:\/\/www.planbwagen.de\/fr\/spacecamper-terranger-co\/systeme-de-portage-arriere-diy-ou-original-terranger\/#Hecktragersystem\" >Syst\u00e8me de portage arri\u00e8re<\/a><\/li><li class='ez-toc-page-1 ez-toc-heading-level-2'><a class=\"ez-toc-link ez-toc-heading-3\" href=\"https:\/\/www.planbwagen.de\/fr\/spacecamper-terranger-co\/systeme-de-portage-arriere-diy-ou-original-terranger\/#Modulares_Hecktragersystem\" >Syst\u00e8me de support arri\u00e8re modulaire :<\/a><\/li><li class='ez-toc-page-1 ez-toc-heading-level-2'><a class=\"ez-toc-link ez-toc-heading-4\" href=\"https:\/\/www.planbwagen.de\/fr\/spacecamper-terranger-co\/systeme-de-portage-arriere-diy-ou-original-terranger\/#Gasdruckfedern\" >Ressorts \u00e0 gaz :<\/a><\/li><li class='ez-toc-page-1 ez-toc-heading-level-2'><a class=\"ez-toc-link ez-toc-heading-5\" href=\"https:\/\/www.planbwagen.de\/fr\/spacecamper-terranger-co\/systeme-de-portage-arriere-diy-ou-original-terranger\/#Do_it_yourself_oder_Original\" >Do it yourself ou original ?<\/a><\/li><li class='ez-toc-page-1 ez-toc-heading-level-2'><a class=\"ez-toc-link ez-toc-heading-6\" href=\"https:\/\/www.planbwagen.de\/fr\/spacecamper-terranger-co\/systeme-de-portage-arriere-diy-ou-original-terranger\/#Arbeitsschritte\" >\u00e9tapes de travail :<\/a><\/li><li class='ez-toc-page-1 ez-toc-heading-level-2'><a class=\"ez-toc-link ez-toc-heading-7\" href=\"https:\/\/www.planbwagen.de\/fr\/spacecamper-terranger-co\/systeme-de-portage-arriere-diy-ou-original-terranger\/#Fazit\" >Conclusion :<\/a><\/li><li class='ez-toc-page-1 ez-toc-heading-level-2'><a class=\"ez-toc-link ez-toc-heading-8\" href=\"https:\/\/www.planbwagen.de\/fr\/spacecamper-terranger-co\/systeme-de-portage-arriere-diy-ou-original-terranger\/#Nachtrag\" >Addendum :<\/a><\/li><\/ul><\/nav><\/div>\n<h2 style=\"text-align: center;\"><span class=\"ez-toc-section\" id=\"Wohin_wohin_wohin\"><\/span><span style=\"font-size: xx-large;\"><strong>O\u00f9, o\u00f9, o\u00f9 ?<\/strong><\/span><span class=\"ez-toc-section-end\"><\/span><\/h2>\n<p>&nbsp;<\/p>\n<p><strong>O\u00f9 mettre la roue de secours ? - O\u00f9 mettre les v\u00e9los ? - O\u00f9 mettre le SUP, le n\u00e9opr\u00e8ne ?<\/strong><\/p>\n<h2><span class=\"ez-toc-section\" id=\"Hecktragersystem\"><\/span>Syst\u00e8me de portage arri\u00e8re<span class=\"ez-toc-section-end\"><\/span><\/h2>\n<p>D\u00e9j\u00e0 avec Hector, le pr\u00e9d\u00e9cesseur de BUTCH <a href=\"https:\/\/www.terranger.de\/Fahrrad-Hecktraeger-VW-Logo-fuer-VW-T6\">Logo<\/a> VW a fait ses preuves, d'une part. - D'autre part, nous avons aussi appris \u00e0 conna\u00eetre ses faiblesses. L'avantage de cette construction est que ce porte-v\u00e9los n'est justement pas mont\u00e9 sur le crochet d'attelage et qu'il ne g\u00eane pas aussi bien sur le terrain que lors de l'ouverture du hayon. En effet, ce mod\u00e8le est mont\u00e9 directement sur le hayon. Inconv\u00e9nient : le porte-v\u00e9los Logo n'est qu'un porte-v\u00e9los et non un syst\u00e8me de transport arri\u00e8re bien pens\u00e9.<\/p>\n<p>&nbsp;<\/p>\n<p>&nbsp;<\/p>\n<p>&nbsp;<\/p>\n<p>&nbsp;<\/p>\n<p>&nbsp;<\/p>\n<p>[\/et_pb_text][\/et_pb_column][\/et_pb_row][et_pb_row column_structure=&#8220;1_2,1_2&#8243; _builder_version=&#8220;4.5.1&#8243; _module_preset=&#8220;default&#8220; min_height=&#8220;553px&#8220;][et_pb_column type=&#8220;1_2&#8243; _builder_version=&#8220;4.5.1&#8243; _module_preset=&#8220;default&#8220;][et_pb_image src=&#8220;https:\/\/www.planbwagen.de\/wp-content\/uploads\/2020\/09\/1-43.jpg&#8220; alt=&#8220;Modulares DIY Hecktr\u00e4gersystem auf Basis des VW Logo Fahrradtr\u00e4ger hier ohne Reserverad&#8220; title_text=&#8220;Modulares DIY Hecktr\u00e4gersystem&#8220; _builder_version=&#8220;4.5.1&#8243; _module_preset=&#8220;default&#8220;][\/et_pb_image][\/et_pb_column][et_pb_column type=&#8220;1_2&#8243; _builder_version=&#8220;4.5.1&#8243; _module_preset=&#8220;default&#8220;][et_pb_image src=&#8220;https:\/\/www.planbwagen.de\/wp-content\/uploads\/2020\/09\/2-38.jpg&#8220; alt=&#8220;DIY Hecktr\u00e4gersystem mit Reserverad Klassik_B von Delta4x4&#8243; title_text=&#8220;DIX Heckt\u00e4ger&#8220; _builder_version=&#8220;4.5.1&#8243; _module_preset=&#8220;default&#8220;][\/et_pb_image][\/et_pb_column][\/et_pb_row][et_pb_row _builder_version=&#8220;4.5.1&#8243; _module_preset=&#8220;default&#8220;][et_pb_column type=&#8220;4_4&#8243; _builder_version=&#8220;4.5.1&#8243; _module_preset=&#8220;default&#8220;][et_pb_text _builder_version=&#8220;4.5.1&#8243; _module_preset=&#8220;default&#8220;]<span style=\"font-size: 18px;\">Un autre avantage du porte-v\u00e9los arri\u00e8re Logo est qu'il est fabriqu\u00e9 en aluminium. La construction est donc l\u00e9g\u00e8re. - Mais la structure haute sur le hayon a aussi ses inconv\u00e9nients. En effet, les v\u00e9los classiques d\u00e9passent trop vers le haut. Lors de notre dernier tour, cela a rendu de nombreuses plages et parkings inaccessibles en raison de la limitation de hauteur. De plus, le hayon ne pouvait plus \u00eatre ouvert lorsque le toit \u00e9tait sur\u00e9lev\u00e9, car le toit et le guidon se mettaient rapidement en travers. Dans l'ensemble, le porte-v\u00e9los semblait fortement surcharg\u00e9. Ce qui n'est pas \u00e9tonnant, car il n'a pas \u00e9t\u00e9 con\u00e7u pour r\u00e9pondre \u00e0 de telles exigences, car nous avions parfois install\u00e9 notre SUP et deux sacs \u00e0 eau. Comme je l'ai dit, il ne s'agit pas d'un syst\u00e8me de portage arri\u00e8re.<\/span><br \/>\n[\/et_pb_text][et_pb_image src=&#8220;https:\/\/www.planbwagen.de\/wp-content\/uploads\/2020\/09\/3-35.jpg&#8220; alt=&#8220;Wei\u00dfer VW T5 California mit bepackten Logo Fahrradtr\u00e4ger&#8220; _builder_version=&#8220;4.5.1&#8243; _module_preset=&#8220;default&#8220;][\/et_pb_image][et_pb_text _builder_version=&#8220;4.5.1&#8243; _module_preset=&#8220;default&#8220;]<\/p>\n<h2><span class=\"ez-toc-section\" id=\"Modulares_Hecktragersystem\"><\/span>Syst\u00e8me de support arri\u00e8re modulaire :<span class=\"ez-toc-section-end\"><\/span><\/h2>\n<p>Tout cela ne semblait pas seulement un peu aventureux, mais l'\u00e9tait aussi. Rien que l'on puisse recommander en toute bonne conscience. C'est pourquoi nous avons cherch\u00e9 un peu autour de nous. Nous sommes rapidement arriv\u00e9s sur le site de <a title=\"http:\/\/www.terranger.de\/epages\/62914780.sf\/de_DE\/?ObjectPath=\/Shops\/62914780\/Categories\/Produkte_Dienstleistungen\/Produkte_passend_fuer_VW_T6\/Hecktraegersystem_fuer_Ersatzrad_und_Kanister\" href=\"http:\/\/www.terranger.de\/epages\/62914780.sf\/de_DE\/?ObjectPath=\/Shops\/62914780\/Categories\/Produkte_Dienstleistungen\/Produkte_passend_fuer_VW_T6\/Hecktraegersystem_fuer_Ersatzrad_und_Kanister\" target=\"_blank\" rel=\"noopener noreferrer\">Terranger<\/a>. Unter der Beschreibung &#8222;Hecktr\u00e4gersystem, modular, flexibel, nachr\u00fcstbar!&#8220; fand sich schnell das Gesuchte. Eigentlich genau das, was wir suchten. In unserem Blog &#8211; &#8222;<a title=\"https:\/\/www.gluecksmuskel.de\/2020\/07\/20\/wer-hat-s-erfunden\/\" href=\"https:\/\/www.gluecksmuskel.de\/2020\/07\/20\/wer-hat-s-erfunden\/\" target=\"_blank\" rel=\"noopener noreferrer\">Qui l'a invent\u00e9<\/a>&#8220; &#8211; hatte ich ja schon ein wenig hierzu berichtet. &#8211; Dennoch was f\u00fcr Preise? &#8211; Ich fand das Ganze erst einmal viel zu teuer. &#8211; Das muss doch preiswerter gehen. &#8211; Also weitersuchen. &#8211; Bei <a title=\"https:\/\/shop.gmb-mount.de\/vw-bus\/t5-t6-4motion\/systemheck-t56\/\" href=\"https:\/\/shop.gmb-mount.de\/vw-bus\/t5-t6-4motion\/systemheck-t56\/\" target=\"_blank\" rel=\"noopener noreferrer\">Monture Gmb\u00a0<\/a>\u00a0nous avons d\u00e9couvert une solution moins ch\u00e8re, mais qui ne nous a pas convaincus personnellement. - Mais il s'agissait avant tout de notre premi\u00e8re impression personnelle et purement subjective. Cette variante est \u00e9galement bas\u00e9e sur le logo du porte-v\u00e9los arri\u00e8re. Le prix de base est certes attractif. Nous n'avons pas voulu r\u00e9partir notre charge sur deux profil\u00e9s transversaux en aluminium seulement. Faites-vous votre propre id\u00e9e.<\/p>\n<p>&nbsp;<\/p>\n<h2><span class=\"ez-toc-section\" id=\"Gasdruckfedern\"><\/span>Ressorts \u00e0 gaz :<span class=\"ez-toc-section-end\"><\/span><\/h2>\n<p>Doch wir fanden auf deren Seite etwas anderes. Mehr Last bedeutet vor allem auch mehr Gewicht auf der Heckklappe. Deshalb war von Anfang an klar, wir wollen auch die Gasdruckfedern verst\u00e4rken. Hier fanden wir ein auf den ersten Blick super klingendes Angebot.\u00a0Diese bieten hier einen Satz &#8222;Gasfedern f\u00fcr Heckklappe inkl. Verst\u00e4rkungen &#8211; 2x 2000 N &#8211; Einstellbar&#8220;. &#8211; 2000 N sind 500 Newton mehr, als z.B. Terranger dies anbietet.* &#8211; Auch der Preis schien durchaus attraktiv. &#8211; Also haben wir zugeschlagen. Ob dies die richtige Entscheidung war, gilt es noch zu kl\u00e4ren. Der Karosseriebauer der Kfz- Werkstatt unseres Vertrauens, hat uns schon mal, sehr nachdr\u00fccklich gewarnt. Die o.g. Verst\u00e4rkungen w\u00e4ren auf Dauer nicht ausreichend, um die auf die Heckklappe wirkenden Kr\u00e4fte ausreichend aufzufangen.<\/p>\n<p>Vielleicht resultiert daher der h\u00f6here Preis auf der Seite von Terranger. Auf jeden Fall, wirkt deren\u00a0Haltesatz f\u00fcr verst\u00e4rkte Gasfedern deutlichst massiver. *Zitat der Firma Terranger: &#8222;1500 Newton sind das maximale, was wir uns und der Heckklappe zur Zeit zutrauen&#8220;\u00a0 &#8211; Doch da war unser D\u00e4mpfer schon gekauft und montiert. &#8211; Auch die Bezeichnung einstellbar ist eindeutig zweideutig. Gew\u00fcnscht h\u00e4tte ich mir eine Gasfeder bei\u00a0dem, wie beim Fahrrad, durch eine Luftpumpe der Druck flexibel angepasst werden kann. So w\u00e4re man\u00a0variabel und unabh\u00e4ngig. Insbesondere falls mal kein Tr\u00e4ger montiert ist. Bei der erworbenen Variante kann\u00a0man lediglich\u00a0Druck\u00a0einmalig ablassen. Also Terranger, GMB-Mount &amp; Co., hier g\u00e4be es Nachholbedarf.<\/p>\n<h2><span class=\"ez-toc-section\" id=\"Do_it_yourself_oder_Original\"><\/span>Do it yourself ou original ?<span class=\"ez-toc-section-end\"><\/span><\/h2>\n<p>Also doch einen DIY\u00a0 &#8211;\u00a0sprich ein &#8222;Do it yourself&#8220; &#8211; Hecktr\u00e4ger? Dank @nurmalkurzraus fand ich auf seinem Instagram Account\u00a0\u00a0ein paar n\u00fctzliche Tipps. Jetzt bin ich nicht gerade der klassische Metallbauer. Doch wof\u00fcr hat man einen gro\u00dfen Bruder? Noch dazu einen mit Kompetenz in Stahl, Dank <a title=\"https:\/\/www.dhm-stahl.de\/\" href=\"https:\/\/www.dhm-stahl.de\/\" target=\"_blank\" rel=\"noopener noreferrer\">DHM<\/a>sa propre construction m\u00e9tallique. Un plan a rapidement vu le jour : reprendre les suggestions de @nurmalkurzraus, Terranger &amp; Co., les modifier et les rendre si possible moins ch\u00e8res. - Voil\u00e0 pour le plan.<br \/>\n[\/et_pb_text][\/et_pb_column][\/et_pb_row][et_pb_row column_structure=&#8220;1_3,1_3,1_3&#8243; _builder_version=&#8220;4.5.1&#8243; _module_preset=&#8220;default&#8220;][et_pb_column type=&#8220;1_3&#8243; _builder_version=&#8220;4.5.1&#8243; _module_preset=&#8220;default&#8220;][et_pb_image src=&#8220;https:\/\/www.planbwagen.de\/wp-content\/uploads\/2020\/09\/4-29.jpg&#8220; alt=&#8220;Modulares DIY Hecktr\u00e4gersystem auf Basis des VW Logo Fahrradtr\u00e4ger im Bau&#8220; _builder_version=&#8220;4.5.1&#8243; _module_preset=&#8220;default&#8220;][\/et_pb_image][\/et_pb_column][et_pb_column type=&#8220;1_3&#8243; _builder_version=&#8220;4.5.1&#8243; _module_preset=&#8220;default&#8220;][et_pb_image src=&#8220;https:\/\/www.planbwagen.de\/wp-content\/uploads\/2020\/09\/5-25.jpg&#8220; alt=&#8220;Modulares DIY Hecktr\u00e4gersystem auf Basis des VW Logo Fahrradtr\u00e4ger im Bau&#8220; _builder_version=&#8220;4.5.1&#8243; _module_preset=&#8220;default&#8220;][\/et_pb_image][\/et_pb_column][et_pb_column type=&#8220;1_3&#8243; _builder_version=&#8220;4.5.1&#8243; _module_preset=&#8220;default&#8220;][et_pb_image src=&#8220;https:\/\/www.planbwagen.de\/wp-content\/uploads\/2020\/09\/6-21.jpg&#8220; alt=&#8220;Modulares DIY Hecktr\u00e4gersystem auf Basis des VW Logo Fahrradtr\u00e4ger im Bau&#8220; _builder_version=&#8220;4.5.1&#8243; _module_preset=&#8220;default&#8220;][\/et_pb_image][\/et_pb_column][\/et_pb_row][et_pb_row _builder_version=&#8220;4.5.1&#8243; _module_preset=&#8220;default&#8220; custom_padding=&#8220;||0px|||&#8220;][et_pb_column type=&#8220;4_4&#8243; _builder_version=&#8220;4.5.1&#8243; _module_preset=&#8220;default&#8220;][et_pb_text _builder_version=&#8220;4.5.1&#8243; _module_preset=&#8220;default&#8220;]<\/p>\n<h2><span class=\"ez-toc-section\" id=\"Arbeitsschritte\"><\/span>\u00e9tapes de travail :<span class=\"ez-toc-section-end\"><\/span><\/h2>\n<p>Qu'est-ce qui en est r\u00e9sult\u00e9 ? - Tout d'abord, le porte-v\u00e9los arri\u00e8re a \u00e9t\u00e9 command\u00e9 directement chez VW avec la d\u00e9signation Logo. - L\u00e0 o\u00f9 il y a un logo, il y a un logo, non ? - Il y avait bien un logo, mais pas le bon. C'est pourquoi il faut faire attention, il existe une deuxi\u00e8me variante, plus r\u00e9cente. Elle co\u00fbte le m\u00eame prix que l'ancienne. Mais nouveau ne signifie pas forc\u00e9ment meilleur. Cette forme n'\u00e9tait pas adapt\u00e9e \u00e0 nos besoins. Le tout a donc \u00e9t\u00e9 renvoy\u00e9. Quelques jours plus tard, nous avions enfin le bon. A propos de l'entreprise <a title=\"https:\/\/relleum.design\/Zurrschienen\" href=\"https:\/\/relleum.design\/Zurrschienen\" target=\"_blank\" rel=\"noopener noreferrer\">relleum design\u00a0<\/a>\u00a0nous avons command\u00e9 des attelles Airlin. Le propri\u00e9taire, Monsieur Dirk M\u00fcller-Paul, nous a non seulement conseill\u00e9 de mani\u00e8re comp\u00e9tente, mais il nous a surtout livr\u00e9 rapidement. Sur demande, ils \u00e9taient d\u00e9j\u00e0 rev\u00eatus de poudre. - L'\u00e9tape suivante a consist\u00e9 \u00e0 tout d\u00e9monter. Percer des trous dans les rails et les <a title=\"https:\/\/amzn.to\/3ld8suC\" href=\"https:\/\/amzn.to\/3ld8suC\" target=\"_blank\" rel=\"noopener noreferrer\">Boulon en U en acier inoxydable<\/a> \u00e0 monter avec un filetage M 4.<\/p>\n<p>Afin de rendre plus difficile le d\u00e9montage et donc un \u00e9ventuel vol, des \u00e9crous antivol de la soci\u00e9t\u00e9\u00a0<a title=\"https:\/\/amzn.to\/2EuEBNx\" href=\"https:\/\/amzn.to\/2EuEBNx\" target=\"_blank\" rel=\"noopener noreferrer\">Toolcraft<\/a>\u00a0ont \u00e9t\u00e9 utilis\u00e9es. Les consoles en plastique ont \u00e9t\u00e9 remplac\u00e9es par des consoles en acier inoxydable. Pour assurer une plus grande stabilit\u00e9 entre le cadre en aluminium et les rails d'arrimage, un renfort transversal suppl\u00e9mentaire a \u00e9t\u00e9 mont\u00e9. Enfin, le tout a \u00e9t\u00e9 compl\u00e9t\u00e9 par un module de support de roue de secours.<\/p>\n<p>Il s'agissait maintenant de d\u00e9monter l'ensemble et de l'amener \u00e0 la peinture en poudre. Cela s'est fait chez\u00a0<a title=\"http:\/\/www.pajak-pulverbeschichtung.com\/STARTSEITE\/\" href=\"http:\/\/www.pajak-pulverbeschichtung.com\/STARTSEITE\/\" target=\"_blank\" rel=\"noopener noreferrer\">Rev\u00eatement en poudre Pajak<\/a> \u00e0 W\u00fcrselen, en Allemagne. Nous avons trouv\u00e9 un service rapide, de qualit\u00e9, comp\u00e9tent et surtout bon march\u00e9. Pour finir, nous avons tout assembl\u00e9 et mont\u00e9. Je suis ravi du r\u00e9sultat. Gr\u00e2ce au soutien de mon fr\u00e8re, tout s'est d\u00e9roul\u00e9 comme nous l'esp\u00e9rions.<br \/>\n[\/et_pb_text][et_pb_image src=&#8220;https:\/\/www.planbwagen.de\/wp-content\/uploads\/2020\/09\/7-16.jpg&#8220; title_text=&#8220;7&#8243; align=&#8220;center&#8220; _builder_version=&#8220;4.5.1&#8243; _module_preset=&#8220;default&#8220;][\/et_pb_image][et_pb_text _builder_version=&#8220;4.5.1&#8243; _module_preset=&#8220;default&#8220; min_height=&#8220;416px&#8220;]Nach getaner Arbeit muss die Dusche noch warten. Vorher erfolgte eine Projekt-Nachbesprechung, mit einem Drink, auf der Couch. &#8211; Das haben wir uns verdient.<\/p>\n<h2><span class=\"ez-toc-section\" id=\"Fazit\"><\/span>Conclusion :<span class=\"ez-toc-section-end\"><\/span><\/h2>\n<p>La conclusion commune de mon fr\u00e8re et de moi-m\u00eame est claire : Il y a une raison pour laquelle un syst\u00e8me de portage \u00e0 l'arri\u00e8re tel que celui propos\u00e9 par <a href=\"https:\/\/www.terranger.de\/epages\/62914780.sf\/de_DE\/?ObjectPath=\/Shops\/62914780\/Categories\/Produkte_Dienstleistungen\/Produkte_passend_fuer_VW_T6\/Hecktraegersystem_fuer_Ersatzrad_und_Kanister\">Terranger<\/a> zwar auf den ersten Blick teuer wirken, doch vielleicht auf den zweiten Blick viel preiswerter sind, als zuerst gedacht. Hier steckt viel mehr Kompetenz und Entwicklungsarbeit drin, als zuerst vermutet. Hinzu kommt, dass ein solcher Umbau mit deutlich mehr Arbeitseinsatz verbunden ist, als im Vorfeld gedacht. Ich bin von unserem Hecktr\u00e4ger durchaus \u00fcberzeugt und dennoch muss ich eingestehen, dass Details beim Terranger Hecktr\u00e4gersystem besser gel\u00f6st sind. Wer also viel handwerkliches Geschick mit bringt oder wie ich einen Bruder mit Metallbau besitzt, kann sich durchaus an einen DIY &#8211; Der &#8222;Do it yourself&#8220; &#8211; Hecktr\u00e4ger wagen. &#8211; Allen anderen empfehle ich, lieber ein wenig mehr Geld in die Hand zu nehmen und sich f\u00fcr das Original zu entscheiden.<\/p>\n<h2><span class=\"ez-toc-section\" id=\"Nachtrag\"><\/span>Addendum :<span class=\"ez-toc-section-end\"><\/span><\/h2>\n<p>Bien que nous ayons install\u00e9 des amortisseurs renforc\u00e9s \u00e0 2000 Nm, le poids du hayon et des roues pliantes \u00e9tait tout simplement trop \u00e9lev\u00e9 pour les maintenir en position haute. Nous avons donc imagin\u00e9 un nouveau concept d'habitacle, dans lequel les v\u00e9los pliants sont plac\u00e9s \u00e0 l'arri\u00e8re de l'habitacle. Nous le devons en grande partie \u00e0 Ben, l'un des directeurs de SpaceCamper. Cons\u00e9quence logique : une nouvelle transformation du porte-v\u00e9los arri\u00e8re. Le cadre de v\u00e9lo rabattable est supprim\u00e9. En revanche, nous avons d\u00e9velopp\u00e9 une plaque de fixation pour notre sac de SUP.<\/p>\n<p>Nous avons volontairement renonc\u00e9 \u00e0 un rev\u00eatement par poudre de la plaque d'aluminium, car celle-ci n'est pas visible lorsque le sac est mont\u00e9. Ainsi, notre arri\u00e8re est non seulement plus harmonieux, mais le v\u00e9hicule est aussi plus court d'environ 25 cm. Il en r\u00e9sulte deux avantages. La recherche d'une place de parking est plus facile et le danger potentiel pour les cyclistes est moindre. En cas de doute, on roule d\u00e9sormais contre un sac rembourr\u00e9 plut\u00f4t que devant un cadre en aluminium noir. Nous remercions une fois de plus la patience des professionnels de <a href=\"https:\/\/www.dhm-stahl.de\/\">DHM - Comp\u00e9tence en acier<\/a>.<\/p>\n<p>&nbsp;<\/p>\n<p>PS : Vous trouverez ici nos SpaceCampers <a href=\"https:\/\/www.planbwagen.de\/fr\/spacecamper-terranger-co\/notre-spacecamper-classicopen\/\">D\u00e9tails de l'\u00e9quipement<\/a>notre SpaceCamper <a href=\"https:\/\/www.planbwagen.de\/fr\/spacecamper-terranger-co\/spacecamper-classicopen-le-camping-car-amenage\/\">Extension<\/a>, les SpaceCamper <a href=\"https:\/\/www.planbwagen.de\/fr\/spacecamper-terranger-co\/last-call-detail-de-lequipement-du-spacecamper\/\">Detailausstattung &#8222;Last Call&#8220;<\/a>ainsi que SpaceCamper<a href=\"https:\/\/www.planbwagen.de\/fr\/spacecamper-terranger-co\/t5-califoria-rencontre-t6-spacecamper\/\"> Conseils d'initi\u00e9s<\/a>.<\/p>\n<p>Voici notre <a href=\"https:\/\/www.planbwagen.de\/fr\/spacecamper-terranger-co\/technique-offroad\/\">TERRANGER Modifications tout-terrain<\/a>, infos sur les th\u00e8mes<a href=\"https:\/\/www.planbwagen.de\/fr\/allemagne\/formation-a-la-conduite-en-campagne-de-terranger\/\">\u00a0Formation \u00e0 la conduite tout-terrain Terranger<\/a>, <a href=\"https:\/\/www.planbwagen.de\/fr\/conseils-astuces\/camping-car-gestion-de-lenergie-module-solaire-sac-solaire-stockage-en-autocontrole\/\">Gestion de l'\u00e9nergie<\/a>, DIY <a href=\"https:\/\/www.planbwagen.de\/fr\/spacecamper-terranger-co\/diy-road-shower-douche-de-camping\/\">R\u00e9servoirs d'eau<\/a>,\u00a0<a href=\"https:\/\/www.planbwagen.de\/fr\/conseils-astuces\/securite-des-vehicules-protection-contre-le-vol\/\">S\u00e9curit\u00e9 des v\u00e9hicules &amp; protection contre le vol<\/a>, arr\u00eat au stand chez\u00a0<a href=\"https:\/\/www.planbwagen.de\/fr\/allemagne\/arret-au-stand-chez-delta4x4-le-specialiste-du-tuning-de-vehicules-de-loisirs\/\">delta4x4<\/a>, <a href=\"https:\/\/www.planbwagen.de\/fr\/spacecamper-terranger-co\/butch-ca-avance-terranger-delta-4x4-toles-de-sable-co\/\">T\u00f4les de sable<\/a>,\u00a0<a href=\"https:\/\/www.planbwagen.de\/fr\/spacecamper-terranger-co\/foliencenter-nrw-film-pour-vehicules-protection-peinture\/\">Filmage de v\u00e9hicules<\/a> et <a href=\"https:\/\/www.planbwagen.de\/fr\/spacecamper-terranger-co\/vitrification-de-la-ceramique-glanzwerk-bornheim\/\">Scellement de la c\u00e9ramique<\/a>.<\/p>\n<p>Pour compl\u00e9ter le sujet <a href=\"https:\/\/www.planbwagen.de\/fr\/spacecamper-terranger-co\/contrefacon-de-produits-contrefacon-de-marques-chez-les-tuners-offroad\/\">Contrefa\u00e7on<\/a> chez les pr\u00e9parateurs tout-terrain.<\/p>\n<p>Les th\u00e8mes <a href=\"https:\/\/www.planbwagen.de\/fr\/liste-de-colisage\/\">Liste de colisage<\/a>, <a href=\"https:\/\/www.planbwagen.de\/fr\/conseils-astuces\/\">Conseils et astuces<\/a>, <a href=\"https:\/\/www.planbwagen.de\/fr\/butch-friends\/\">BUTCH &amp; Friends<\/a>, <a href=\"https:\/\/www.planbwagen.de\/fr\/port-dattache\/\">Port d'attache<\/a>, le <a href=\"https:\/\/www.planbwagen.de\/fr\/blogs-de-voyage\/\">Blogs de voyage,<\/a>\u00a0le th\u00e8me <a href=\"https:\/\/www.planbwagen.de\/fr\/muscle-de-la-joie\/\">MUSCLE DE BONHEUR<\/a>\u00a0ainsi que <a href=\"https:\/\/www.planbwagen.de\/fr\/a-propos-de-nous\/\">\u00c0 propos de nous<\/a> nous avons consacr\u00e9 des rubriques sp\u00e9cifiques. Vous pouvez nous contacter <a href=\"https:\/\/www.planbwagen.de\/fr\/2266-2\/\">ici<\/a>.<\/p>\n<p>Und last but not least hier unsere Link\u00fcbersicht &#8222;<a href=\"https:\/\/www.planbwagen.de\/fr\/hello\/\">Suivez le soleil<\/a>&#8222;. Damit ihr wisst wo man uns noch folgen kann.<\/p>\n<p>Vous vous y retrouverez. ? Si vous aimez ces articles, parlez-en autour de vous, merci !<br \/>\n[\/et_pb_text][\/et_pb_column][\/et_pb_row][et_pb_row column_structure=&#8220;1_4,1_4,1_4,1_4&#8243; _builder_version=&#8220;4.5.1&#8243; _module_preset=&#8220;default&#8220;][et_pb_column type=&#8220;1_4&#8243; _builder_version=&#8220;4.5.1&#8243; _module_preset=&#8220;default&#8220;][et_pb_image src=&#8220;https:\/\/www.planbwagen.de\/wp-content\/uploads\/2020\/02\/IMG_0086-768&#215;1024.jpg&#8220; alt=&#8220;Hecktr\u00e4ger planBwagen&#8220; title_text=&#8220;IMG_0086&#8243; _builder_version=&#8220;4.5.1&#8243; _module_preset=&#8220;default&#8220;][\/et_pb_image][\/et_pb_column][et_pb_column type=&#8220;1_4&#8243; _builder_version=&#8220;4.5.1&#8243; _module_preset=&#8220;default&#8220;][et_pb_image src=&#8220;https:\/\/www.planbwagen.de\/wp-content\/uploads\/2020\/02\/IMG_0092-768&#215;1024.jpg&#8220; alt=&#8220;Hecktr\u00e4ger des planBwagen&#8220; title_text=&#8220;IMG_0092&#8243; _builder_version=&#8220;4.5.1&#8243; _module_preset=&#8220;default&#8220;][\/et_pb_image][\/et_pb_column][et_pb_column type=&#8220;1_4&#8243; _builder_version=&#8220;4.5.1&#8243; _module_preset=&#8220;default&#8220;][et_pb_image src=&#8220;https:\/\/www.planbwagen.de\/wp-content\/uploads\/2020\/02\/IMG_0079-768&#215;1024.jpg&#8220; alt=&#8220;Hecktr\u00e4ger des planBwagen&#8220; title_text=&#8220;IMG_0079&#8243; _builder_version=&#8220;4.5.1&#8243; _module_preset=&#8220;default&#8220;][\/et_pb_image][\/et_pb_column][et_pb_column type=&#8220;1_4&#8243; _builder_version=&#8220;4.5.1&#8243; _module_preset=&#8220;default&#8220;][et_pb_image src=&#8220;https:\/\/www.planbwagen.de\/wp-content\/uploads\/2020\/02\/IMG_0091-768&#215;1024.jpg&#8220; alt=&#8220;Hecktr\u00e4ger des planBwagen&#8220; _builder_version=&#8220;4.5.1&#8243; _module_preset=&#8220;default&#8220;][\/et_pb_image][\/et_pb_column][\/et_pb_row][\/et_pb_section]<\/p>","protected":false},"excerpt":{"rendered":"<p>[et_pb_section fb_built=&#8220;1&#8243; _builder_version=&#8220;4.5.1&#8243; _module_preset=&#8220;default&#8220;][et_pb_row _builder_version=&#8220;4.5.1&#8243; _module_preset=&#8220;default&#8220;][et_pb_column type=&#8220;4_4&#8243; _builder_version=&#8220;4.5.1&#8243; _module_preset=&#8220;default&#8220;][et_pb_text _builder_version=&#8220;4.5.1&#8243; _module_preset=&#8220;default&#8220; min_height=&#8220;350px&#8220; custom_margin=&#8220;||-160px|||&#8220;] Wohin, wohin, wohin? &nbsp; Wohin mit dem Ersatzrad? &#8211; Wohin mit den Fahrr\u00e4dern? &#8211; Wohin mit dem SUP, dem Neopren? Hecktr\u00e4gersystem Bereits bei Hector, BUTCH&#8217;s Vorg\u00e4nger, hat sich der Logo Hecktr\u00e4ger von VW einerseits bew\u00e4hrt. &#8211; Andererseits haben wir auch seine Schw\u00e4chen [&hellip;]<\/p>","protected":false},"author":1,"featured_media":5754,"comment_status":"open","ping_status":"open","sticky":false,"template":"","format":"standard","meta":{"_et_pb_use_builder":"on","_et_pb_old_content":"","_et_gb_content_width":"","footnotes":""},"categories":[17],"tags":[],"class_list":["post-5753","post","type-post","status-publish","format-standard","has-post-thumbnail","hentry","category-spacecamper-terranger-co"],"_links":{"self":[{"href":"https:\/\/www.planbwagen.de\/fr\/wp-json\/wp\/v2\/posts\/5753","targetHints":{"allow":["GET"]}}],"collection":[{"href":"https:\/\/www.planbwagen.de\/fr\/wp-json\/wp\/v2\/posts"}],"about":[{"href":"https:\/\/www.planbwagen.de\/fr\/wp-json\/wp\/v2\/types\/post"}],"author":[{"embeddable":true,"href":"https:\/\/www.planbwagen.de\/fr\/wp-json\/wp\/v2\/users\/1"}],"replies":[{"embeddable":true,"href":"https:\/\/www.planbwagen.de\/fr\/wp-json\/wp\/v2\/comments?post=5753"}],"version-history":[{"count":37,"href":"https:\/\/www.planbwagen.de\/fr\/wp-json\/wp\/v2\/posts\/5753\/revisions"}],"predecessor-version":[{"id":11241,"href":"https:\/\/www.planbwagen.de\/fr\/wp-json\/wp\/v2\/posts\/5753\/revisions\/11241"}],"wp:featuredmedia":[{"embeddable":true,"href":"https:\/\/www.planbwagen.de\/fr\/wp-json\/wp\/v2\/media\/5754"}],"wp:attachment":[{"href":"https:\/\/www.planbwagen.de\/fr\/wp-json\/wp\/v2\/media?parent=5753"}],"wp:term":[{"taxonomy":"category","embeddable":true,"href":"https:\/\/www.planbwagen.de\/fr\/wp-json\/wp\/v2\/categories?post=5753"},{"taxonomy":"post_tag","embeddable":true,"href":"https:\/\/www.planbwagen.de\/fr\/wp-json\/wp\/v2\/tags?post=5753"}],"curies":[{"name":"wp","href":"https:\/\/api.w.org\/{rel}","templated":true}]}}