{"id":4186,"date":"2020-08-07T13:46:21","date_gmt":"2020-08-07T13:46:21","guid":{"rendered":"https:\/\/planbwagen.de\/?p=4186"},"modified":"2021-07-03T14:27:44","modified_gmt":"2021-07-03T12:27:44","slug":"foliencenter-nrw-fahrzeugfolierung-lackschutz","status":"publish","type":"post","link":"https:\/\/www.planbwagen.de\/fr\/spacecamper-terranger-co\/foliencenter-nrw-film-pour-vehicules-protection-peinture\/","title":{"rendered":"Pixeltarn au lieu de pure grey | Arr\u00eat au stand au Foliencenter-NRW | Filmage de v\u00e9hicules &amp; protection de peinture"},"content":{"rendered":"<p>[et_pb_section fb_built=&#8220;1&#8243; admin_label=&#8220;section&#8220; _builder_version=&#8220;3.22&#8243;][et_pb_row column_structure=&#8220;1_2,1_2&#8243; _builder_version=&#8220;4.5.1&#8243; _module_preset=&#8220;default&#8220;][et_pb_column type=&#8220;1_2&#8243; _builder_version=&#8220;4.5.1&#8243; _module_preset=&#8220;default&#8220;][et_pb_image src=&#8220;https:\/\/www.planbwagen.de\/wp-content\/uploads\/2020\/08\/2-20.jpg&#8220; alt=&#8220;VW T6.1 Folierung MARPART Digital urban pixeltarn&#8220; title_text=&#8220;2&#8243; _builder_version=&#8220;4.5.1&#8243; _module_preset=&#8220;default&#8220;][\/et_pb_image][\/et_pb_column][et_pb_column type=&#8220;1_2&#8243; _builder_version=&#8220;4.5.1&#8243; _module_preset=&#8220;default&#8220;][et_pb_image src=&#8220;https:\/\/www.planbwagen.de\/wp-content\/uploads\/2020\/08\/1-22.jpg&#8220; alt=&#8220;SpaceCamper foliert in MARPART Digital urban pixeltarn&#8220; title_text=&#8220;1&#8243; _builder_version=&#8220;4.5.1&#8243; _module_preset=&#8220;default&#8220; custom_margin=&#8220;||63px|||&#8220;][\/et_pb_image][\/et_pb_column][\/et_pb_row][et_pb_row _builder_version=&#8220;4.5.1&#8243; _module_preset=&#8220;default&#8220;][et_pb_column type=&#8220;4_4&#8243; _builder_version=&#8220;4.5.1&#8243; _module_preset=&#8220;default&#8220;][et_pb_text _builder_version=&#8220;4.5.1&#8243; _module_preset=&#8220;default&#8220; content__hover_enabled=&#8220;on|desktop&#8220;]<\/p>\n<div id=\"ez-toc-container\" class=\"ez-toc-v2_0_76 counter-hierarchy ez-toc-counter ez-toc-grey ez-toc-container-direction\">\n<p class=\"ez-toc-title\" style=\"cursor:inherit\">Content<\/p>\n<label for=\"ez-toc-cssicon-toggle-item-69f2fb5ea483c\" class=\"ez-toc-cssicon-toggle-label\"><span class=\"\"><span class=\"eztoc-hide\" style=\"display:none;\">Toggle<\/span><span class=\"ez-toc-icon-toggle-span\"><svg style=\"fill: #999;color:#999\" xmlns=\"http:\/\/www.w3.org\/2000\/svg\" class=\"list-377408\" width=\"20px\" height=\"20px\" viewbox=\"0 0 24 24\" fill=\"none\"><path d=\"M6 6H4v2h2V6zm14 0H8v2h12V6zM4 11h2v2H4v-2zm16 0H8v2h12v-2zM4 16h2v2H4v-2zm16 0H8v2h12v-2z\" fill=\"currentColor\"><\/path><\/svg><svg style=\"fill: #999;color:#999\" class=\"arrow-unsorted-368013\" xmlns=\"http:\/\/www.w3.org\/2000\/svg\" width=\"10px\" height=\"10px\" viewbox=\"0 0 24 24\" version=\"1.2\" baseprofile=\"tiny\"><path d=\"M18.2 9.3l-6.2-6.3-6.2 6.3c-.2.2-.3.4-.3.7s.1.5.3.7c.2.2.4.3.7.3h11c.3 0 .5-.1.7-.3.2-.2.3-.5.3-.7s-.1-.5-.3-.7zM5.8 14.7l6.2 6.3 6.2-6.3c.2-.2.3-.5.3-.7s-.1-.5-.3-.7c-.2-.2-.4-.3-.7-.3h-11c-.3 0-.5.1-.7.3-.2.2-.3.5-.3.7s.1.5.3.7z\"\/><\/svg><\/span><\/span><\/label><input type=\"checkbox\"  id=\"ez-toc-cssicon-toggle-item-69f2fb5ea483c\"  aria-label=\"Toggle\" \/><nav><ul class='ez-toc-list ez-toc-list-level-1' ><li class='ez-toc-page-1 ez-toc-heading-level-2'><a class=\"ez-toc-link ez-toc-heading-1\" href=\"https:\/\/www.planbwagen.de\/fr\/spacecamper-terranger-co\/foliencenter-nrw-film-pour-vehicules-protection-peinture\/#Pixeltarn_statt_Tarnumhang\" >Du camouflage en pixels au lieu de la cape de camouflage :<\/a><\/li><li class='ez-toc-page-1 ez-toc-heading-level-2'><a class=\"ez-toc-link ez-toc-heading-2\" href=\"https:\/\/www.planbwagen.de\/fr\/spacecamper-terranger-co\/foliencenter-nrw-film-pour-vehicules-protection-peinture\/#UCP_%E2%80%93_Universal_Camo_Pattern\" >UCP - Universal Camo Pattern :<\/a><\/li><li class='ez-toc-page-1 ez-toc-heading-level-2'><a class=\"ez-toc-link ez-toc-heading-3\" href=\"https:\/\/www.planbwagen.de\/fr\/spacecamper-terranger-co\/foliencenter-nrw-film-pour-vehicules-protection-peinture\/#Urban_Camo\" >Camo urbain :<\/a><\/li><li class='ez-toc-page-1 ez-toc-heading-level-2'><a class=\"ez-toc-link ez-toc-heading-4\" href=\"https:\/\/www.planbwagen.de\/fr\/spacecamper-terranger-co\/foliencenter-nrw-film-pour-vehicules-protection-peinture\/#Mausgrau_sprich_pure_grey\" >Gris souris, c'est-\u00e0-dire pure grey :<\/a><\/li><\/ul><\/nav><\/div>\n<h2><span class=\"ez-toc-section\" id=\"Pixeltarn_statt_Tarnumhang\"><\/span><span style=\"font-size: xx-large;\">Du camouflage en pixels au lieu de la cape de camouflage :<\/span><span class=\"ez-toc-section-end\"><\/span><\/h2>\n<p><span>Dans les livres de Harry Potter, une cape d'invisibilit\u00e9 magique appara\u00eet r\u00e9guli\u00e8rement. Il suffit de l'enfiler pour devenir invisible.<\/span><\/p>\n<p><span>Qui n'a jamais r\u00eav\u00e9 d'une telle cape d'invisibilit\u00e9 ? En Allemagne, le vert chasseur fait partie int\u00e9grante de la for\u00eat et de la campagne. Les Am\u00e9ricains, c'est bien connu, vont toujours plus loin. Ici, les v\u00eatements de camouflage font partie int\u00e9grante de la culture de la chasse. Devons-nous encore, pour des raisons traditionnelles, \u00e9mettre des r\u00e9serves sur les motifs de camouflage ? Je pense qu'en tant que pacifiste, on peut aussi souhaiter \u00eatre invisible. Et c'est exactement ce que nous voulons. Lorsque nous sommes dans la nature, nous voulons d\u00e9ranger le moins possible les hommes et les animaux. <\/span><\/p>\n<h2><span class=\"ez-toc-section\" id=\"UCP_%E2%80%93_Universal_Camo_Pattern\"><\/span><span style=\"font-size: xx-large;\">UCP - Universal Camo Pattern :<\/span><span class=\"ez-toc-section-end\"><\/span><\/h2>\n<p><span>Nous avons donc cherch\u00e9 quelques id\u00e9es. C'est ainsi que nous sommes tomb\u00e9s sur un camouflage universel pix\u00e9lis\u00e9,\u00a0<\/span>appel\u00e9 UCP - Universal Camo Pattern. - Il existe \u00e9galement dans les tons gris. Nous avons trouv\u00e9 cela moins militant que les camouflages appel\u00e9s \"Flecktarn\", \"Camouflage\" ou \"Woodland\".\u00a0<\/p>\n<p>[\/et_pb_text][\/et_pb_column][\/et_pb_row][et_pb_row column_structure=&#8220;1_2,1_2&#8243; _builder_version=&#8220;4.5.1&#8243; _module_preset=&#8220;default&#8220;][et_pb_column type=&#8220;1_2&#8243; _builder_version=&#8220;4.5.1&#8243; _module_preset=&#8220;default&#8220;][et_pb_image src=&#8220;https:\/\/www.planbwagen.de\/wp-content\/uploads\/2021\/06\/SpaceCamper-1024&#215;576.png&#8220; _builder_version=&#8220;4.5.1&#8243; _module_preset=&#8220;default&#8220; alt=&#8220;SpaceCamper statt California &#8211; BUTCH &#8211; VW T6.1 Overlander &#8211; Das Beste aus Terranger &#038; Delta4x4.&#8220; title_text=&#8220;SpaceCamper&#8220; url=&#8220<div class=\"ikn-evt-container\">\r\n    <iframe\r\n            width=\"100%\"\r\n            class=\"ikn-evt-iframe\"\r\n            srcdoc=\"<style>\n    * {\n    padding:0;\n    margin:0;\n    overflow:hidden\n}\n\nhtml, body {\n    height:100%\n}\n\n.ikn-evt-container {\n    position: relative;\n    padding-bottom: 56.25%;\n    height: 0;\n}\n\n.ikn-evt-container iframe {\n    position: absolute;\n    top: 0;\n    left: 0;\n    width: 100%;\n    height: 100%;\n}\n\n.ikn-evt-frame {\n    display: block;\n    position: relative;\n    padding-bottom: 56.23%;\n    height: 0;\n    overflow: hidden;\n    max-width: 100%;\n    background: #000;\n}\n\n.ikn-evt-frame img.ikn-evt-thumbnail {\n    bottom: 0;\n    display: block;\n    left: 0;\n    margin: auto;\n    max-width: 100%;\n    width: 100%;\n    position: absolute;\n    right: 0;\n    top: 0;\n    border: none;\n    height: auto;\n    cursor: pointer;\n    -webkit-transition: .4s all;\n    -moz-transition: .4s all;\n    transition: .4s all;\n}\n\n.ikn-evt-frame[data-source=youtube] img.ikn-evt-thumbnail {\n    top: -63px;\n    bottom: -63px;\n}\n\n.ikn-evt-frame:hover img.ikn-evt-thumbnail {\n    -webkit-filter: brightness(75%);\n}\n\n.ikn-evt-frame .ikn-evt-play-button {\n    height: 20%;\n    width: 13%;\n    left: 44%;\n    top: 42%;\n    position: absolute;\n    cursor: pointer;\n    z-index: 1;\n    background-size: contain !important;\n}\n\n.ikn-evt-frame .ikn-evt-heading {\n    width: 100%;\n    position: absolute;\n    top: 0;\n    background: rgba(0, 0, 0, .5);\n    left: 0;\n    padding: 0.7em;\n    box-sizing: border-box;\n}\n\n.ikn-evt-frame .ikn-evt-heading .ikn-evt-heading-title {\n    font-weight: bold;\n    font-size: 1.5em;\n    color: #FFFFFF;\n    line-height: 30px;\n    margin: 0;\n    cursor: pointer;\n}.ikn-evt-frame[data-source=youtube] \r\n            .ikn-evt-play-button {background:url('https:\/\/www.planbwagen.de\/wp-content\/plugins\/embed-video-thumbnail\/assets\/images\/youtube-72-72.png') no-repeat;}.ikn-evt-frame[data-source=vimeo] \r\n            .ikn-evt-play-button {background:url('https:\/\/www.planbwagen.de\/wp-content\/plugins\/embed-video-thumbnail\/assets\/images\/play-default.png') no-repeat;}.ikn-evt-frame[data-source=dailymotion] \r\n            .ikn-evt-play-button {background:url('https:\/\/www.planbwagen.de\/wp-content\/plugins\/embed-video-thumbnail\/assets\/images\/play-default.png') no-repeat;}.ikn-evt-frame[data-source=facebook] \r\n            .ikn-evt-play-button {background:url('https:\/\/www.planbwagen.de\/wp-content\/plugins\/embed-video-thumbnail\/assets\/images\/play-default.png') no-repeat;}<\/style><div    class='ikn-evt-frame'    data-source='youtube'>    <a class='ikn-evt-link' href='\/\/www.youtube-nocookie.com\/embed\/BPweLKFhvR8?controls=1&autoplay=1&enablejsapi=1&rel=1'>        <span class='ikn-evt-play-button'><\/span>                    <img                class='ikn-evt-thumbnail'                src='\/wp-content\/uploads\/ikana-embed-video-thumbnail\/youtube\/BPweLKFhvR8-hqdefault.jpg'                alt='BPweLKFhvR8'            \/>                    <\/a><\/div><script>\n    document\n        .querySelector('.ikn-evt-link')\n        .addEventListener('click', function(e) {\n                e.preventDefault();\n                e.stopPropagation();\n                window.location.replace(this.href);\n                return false;\n            }\n        )\n    ;\n<\/script>\"\r\n            frameborder=\"0\"\r\n            allow=\"accelerometer; encrypted-media; gyroscope; picture-in-picture\"\r\n            allowfullscreen\r\n title=\"BPweLKFhvR8\"\r\n            loading=\"lazy\"\r\n            src=\"\/\/www.youtube-nocookie.com\/embed\/BPweLKFhvR8?controls=1&autoplay=1&enablejsapi=1&rel=1\"\r\n    ><\/iframe>\r\n<\/div>8243; url_new_window=&#8220;on&#8220; hover_enabled=&#8220;0&#8243;][\/et_pb_image][\/et_pb_column][et_pb_column type=&#8220;1_2&#8243; _builder_version=&#8220;4.5.1&#8243; _module_preset=&#8220;default&#8220;][et_pb_text _builder_version=&#8220;4.5.1&#8243; _module_preset=&#8220;default&#8220;]<\/p>\n<p>Le hasard a voulu que nous tombions sur quelqu'un qui conduisait un SpaceCamper dans un tel camouflage. - Nous nous sommes rencontr\u00e9s et avons tout de suite \u00e9t\u00e9 enthousiasm\u00e9s. - Merci Kai.\u00a0<\/p>\n<h2><span class=\"ez-toc-section\" id=\"Urban_Camo\"><\/span><span style=\"font-size: xx-large;\">Camo urbain :<\/span><span class=\"ez-toc-section-end\"><\/span><\/h2>\n<p>Il para\u00eet que ce camouflage est \u00e9galement efficace en milieu urbain, ce dont je doute. Mais ce n'est pas vraiment ce qui nous int\u00e9resse.<\/p>\n<p>La question de savoir si le bus est plus beau est certainement, comme beaucoup de choses, une question de go\u00fbt. Un tel projet risque de polariser les opinions. M\u00eame mon ami Micha l'a d\u00e9conseill\u00e9 avec v\u00e9h\u00e9mence. Mais je peux \u00eatre t\u00eatu et je suis d'accord avec Ulrich Erckenbrecht sur ce point :<\/p>\n<p>[\/et_pb_text][\/et_pb_column][\/et_pb_row][et_pb_row _builder_version=&#8220;4.5.1&#8243; _module_preset=&#8220;default&#8220;][et_pb_column type=&#8220;4_4&#8243; _builder_version=&#8220;4.5.1&#8243; _module_preset=&#8220;default&#8220;][et_pb_text _builder_version=&#8220;4.5.1&#8243; _module_preset=&#8220;default&#8220;]<\/p>\n<p><span><em><strong>&#8222;\u00dcber Geschmack soll man nur mit jenen streiten, die welchen haben.&#8220;<\/strong><\/em><\/span><\/p>\n<p>&nbsp;<\/p>\n<p>[\/et_pb_text][\/et_pb_column][\/et_pb_row][et_pb_row column_structure=&#8220;1_3,1_3,1_3&#8243; _builder_version=&#8220;4.5.1&#8243; _module_preset=&#8220;default&#8220;][et_pb_column type=&#8220;1_3&#8243; _builder_version=&#8220;4.5.1&#8243; _module_preset=&#8220;default&#8220;][et_pb_image src=&#8220;https:\/\/www.planbwagen.de\/wp-content\/uploads\/2020\/08\/3-19.jpg&#8220; alt=&#8220;T6.1 SpaceCamper in pure gray auf Feld&#8220; _builder_version=&#8220;4.5.1&#8243; _module_preset=&#8220;default&#8220;][\/et_pb_image][\/et_pb_column][et_pb_column type=&#8220;1_3&#8243; _builder_version=&#8220;4.5.1&#8243; _module_preset=&#8220;default&#8220;][et_pb_image src=&#8220;https:\/\/www.planbwagen.de\/wp-content\/uploads\/2020\/08\/4-18.jpg&#8220; alt=&#8220;T6.1 SpaceCamper in pure gray auf Feld&#8220; _builder_version=&#8220;4.5.1&#8243; _module_preset=&#8220;default&#8220;][\/et_pb_image][\/et_pb_column][et_pb_column type=&#8220;1_3&#8243; _builder_version=&#8220;4.5.1&#8243; _module_preset=&#8220;default&#8220;][et_pb_image src=&#8220;https:\/\/www.planbwagen.de\/wp-content\/uploads\/2020\/08\/5-16.jpg&#8220; alt=&#8220;T6.1 SpaceCamper in pure gray auf Feld&#8220; _builder_version=&#8220;4.5.1&#8243; _module_preset=&#8220;default&#8220;][\/et_pb_image][\/et_pb_column][\/et_pb_row][et_pb_row _builder_version=&#8220;4.5.1&#8243; _module_preset=&#8220;default&#8220;][et_pb_column type=&#8220;4_4&#8243; _builder_version=&#8220;4.5.1&#8243; _module_preset=&#8220;default&#8220;][et_pb_text _builder_version=&#8220;4.5.1&#8243; _module_preset=&#8220;default&#8220;]<\/p>\n<h2><span class=\"ez-toc-section\" id=\"Mausgrau_sprich_pure_grey\"><\/span>Gris souris, c'est-\u00e0-dire pure grey :<span class=\"ez-toc-section-end\"><\/span><\/h2>\n<p>C'est pourquoi Micha a choisi le gris souris, et VW le gris pur - mais nous sommes d\u00e9j\u00e0 pass\u00e9s \u00e0 autre chose. Notre pixeltarn a \u00e9t\u00e9 fabriqu\u00e9 individuellement selon nos souhaits. La r\u00e9alisation de l'impression num\u00e9rique, le car wrapping, a \u00e9t\u00e9 effectu\u00e9e par le Foliencenter NRW \u00e0 Haan. J'avais auparavant consult\u00e9 deux autres sp\u00e9cialistes du film. Mais au final, comme la plupart du temps, c'est une question d'instinct. Outre la gentillesse du chef, ses dizaines d'ann\u00e9es d'exp\u00e9rience ont jou\u00e9 en ma faveur. - Nous sommes en tout cas satisfaits. L'avenir nous dira si le projet aura finalement l'effet escompt\u00e9. Mais nous constatons d\u00e8s les premi\u00e8res photos et les premiers films que cela fonctionne. Les couleurs ne sont pas clairement repr\u00e9sent\u00e9es. Parfois, la voiture para\u00eet verte sur les images, parfois violette. La derni\u00e8re tentative ? Non, nous restons sur le planB. Elle continue \u00e0 \u00eatre grise, non plus pure grey, mais plus Fifty Shades of Grey.<\/p>\n<p>La transformation de notre camping-car entre donc dans sa derni\u00e8re phase. Les caisses de rangement sont d\u00e9j\u00e0 emball\u00e9es et rang\u00e9es. Nous en reparlerons s\u00e9par\u00e9ment. - Il ne nous reste plus qu'\u00e0 terminer nos r\u00e9servoirs d'eau et le porte-v\u00e9los arri\u00e8re. Mais nous n'y reviendrons que la semaine prochaine.  - Pour finir, voici quelques impressions des diff\u00e9rentes phases du pelliculage.<\/p>\n<p>&nbsp;<\/p>\n<p>PS : Vous trouverez ici nos SpaceCampers <a href=\"https:\/\/www.planbwagen.de\/fr\/spacecamper-terranger-co\/notre-spacecamper-classicopen\/\">D\u00e9tails de l'\u00e9quipement<\/a>notre SpaceCamper <a href=\"https:\/\/www.planbwagen.de\/fr\/spacecamper-terranger-co\/spacecamper-classicopen-le-camping-car-amenage\/\">Extension<\/a>, les SpaceCamper <a href=\"https:\/\/www.planbwagen.de\/fr\/spacecamper-terranger-co\/last-call-detail-de-lequipement-du-spacecamper\/\">Detailausstattung &#8222;Last Call&#8220;<\/a>ainsi que SpaceCamper<a href=\"https:\/\/www.planbwagen.de\/fr\/spacecamper-terranger-co\/t5-califoria-rencontre-t6-spacecamper\/\"> Conseils d'initi\u00e9s<\/a>.<\/p>\n<p>Voici notre <a href=\"https:\/\/www.planbwagen.de\/fr\/spacecamper-terranger-co\/technique-offroad\/\">TERRANGER Modifications tout-terrain<\/a>, infos sur les th\u00e8mes<a href=\"https:\/\/www.planbwagen.de\/fr\/allemagne\/formation-a-la-conduite-en-campagne-de-terranger\/\">\u00a0Formation \u00e0 la conduite tout-terrain Terranger<\/a>, <a href=\"https:\/\/www.planbwagen.de\/fr\/conseils-astuces\/camping-car-gestion-de-lenergie-module-solaire-sac-solaire-stockage-en-autocontrole\/\">Gestion de l'\u00e9nergie<\/a>, DIY <a href=\"https:\/\/www.planbwagen.de\/fr\/spacecamper-terranger-co\/diy-road-shower-douche-de-camping\/\">R\u00e9servoirs d'eau<\/a>, DIY <a href=\"https:\/\/www.planbwagen.de\/fr\/spacecamper-terranger-co\/systeme-de-portage-arriere-diy-ou-original-terranger\/\">Syst\u00e8me de portage arri\u00e8re<\/a>, arr\u00eat au stand chez\u00a0<a href=\"https:\/\/www.planbwagen.de\/fr\/allemagne\/arret-au-stand-chez-delta4x4-le-specialiste-du-tuning-de-vehicules-de-loisirs\/\">delta4x4<\/a>, <a href=\"https:\/\/www.planbwagen.de\/fr\/spacecamper-terranger-co\/butch-ca-avance-terranger-delta-4x4-toles-de-sable-co\/\">T\u00f4les de sable<\/a>\u00a0et <a href=\"https:\/\/www.planbwagen.de\/fr\/spacecamper-terranger-co\/vitrification-de-la-ceramique-glanzwerk-bornheim\/\">Scellement de la c\u00e9ramique<\/a>.<\/p>\n<p>Pour compl\u00e9ter le sujet <a href=\"https:\/\/www.planbwagen.de\/fr\/spacecamper-terranger-co\/contrefacon-de-produits-contrefacon-de-marques-chez-les-tuners-offroad\/\">Contrefa\u00e7on<\/a> chez les pr\u00e9parateurs tout-terrain.<\/p>\n<p>Les th\u00e8mes <a href=\"https:\/\/www.planbwagen.de\/fr\/liste-de-colisage\/\">Liste de colisage<\/a>, <a href=\"https:\/\/www.planbwagen.de\/fr\/conseils-astuces\/\">Conseils et astuces<\/a>, <a href=\"https:\/\/www.planbwagen.de\/fr\/butch-friends\/\">BUTCH &amp; Friends<\/a>, <a href=\"https:\/\/www.planbwagen.de\/fr\/port-dattache\/\">Port d'attache<\/a>, le <a href=\"https:\/\/www.planbwagen.de\/fr\/blogs-de-voyage\/\">Blogs de voyage,<\/a>\u00a0le th\u00e8me <a href=\"https:\/\/www.planbwagen.de\/fr\/muscle-de-la-joie\/\">MUSCLE DE BONHEUR<\/a>\u00a0ainsi que <a href=\"https:\/\/www.planbwagen.de\/fr\/a-propos-de-nous\/\">\u00c0 propos de nous<\/a> nous avons consacr\u00e9 des rubriques sp\u00e9cifiques. Vous pouvez nous contacter <a href=\"https:\/\/www.planbwagen.de\/fr\/2266-2\/\">ici<\/a>.<\/p>\n<p>Und last but not least hier unsere Link\u00fcbersicht &#8222;<a href=\"https:\/\/www.planbwagen.de\/fr\/hello\/\">Suivez le soleil<\/a>&#8222;. Damit ihr wisst wo man uns noch folgen kann.\u00a0<\/p>\n<p>Vous vous y retrouverez. ? Si vous aimez ces articles, parlez-en autour de vous, merci !<\/p>\n<p>[\/et_pb_text][\/et_pb_column][\/et_pb_row][et_pb_row column_structure=&#8220;1_4,1_4,1_4,1_4&#8243; _builder_version=&#8220;4.5.1&#8243; _module_preset=&#8220;default&#8220;][et_pb_column type=&#8220;1_4&#8243; _builder_version=&#8220;4.5.1&#8243; _module_preset=&#8220;default&#8220;][et_pb_image src=&#8220;https:\/\/www.planbwagen.de\/wp-content\/uploads\/2020\/08\/6-14.jpg&#8220; alt=&#8220;planbwagen beim Foliencenter-NRW Pixeltarn camouflage&#8220; title_text=&#8220;6&#8243; _builder_version=&#8220;4.5.1&#8243; _module_preset=&#8220;default&#8220;][\/et_pb_image][\/et_pb_column][et_pb_column type=&#8220;1_4&#8243; _builder_version=&#8220;4.5.1&#8243; _module_preset=&#8220;default&#8220;][et_pb_image src=&#8220;https:\/\/www.planbwagen.de\/wp-content\/uploads\/2020\/08\/7-12.jpg&#8220; alt=&#8220;planbwagen beim Foliencenter-NRW Pixeltarn camouflage&#8220; _builder_version=&#8220;4.5.1&#8243; _module_preset=&#8220;default&#8220;][\/et_pb_image][\/et_pb_column][et_pb_column type=&#8220;1_4&#8243; _builder_version=&#8220;4.5.1&#8243; _module_preset=&#8220;default&#8220;][et_pb_image src=&#8220;https:\/\/www.planbwagen.de\/wp-content\/uploads\/2020\/08\/8-11.jpg&#8220; alt=&#8220;planbwagen beim Foliencenter-NRW Pixeltarn camouflage&#8220; _builder_version=&#8220;4.5.1&#8243; _module_preset=&#8220;default&#8220;][\/et_pb_image][\/et_pb_column][et_pb_column type=&#8220;1_4&#8243; _builder_version=&#8220;4.5.1&#8243; _module_preset=&#8220;default&#8220;][et_pb_image src=&#8220;https:\/\/www.planbwagen.de\/wp-content\/uploads\/2020\/08\/9-9.jpg&#8220; alt=&#8220;planbwagen beim Foliencenter-NRW Pixeltarn camouflage&#8220; _builder_version=&#8220;4.5.1&#8243; _module_preset=&#8220;default&#8220;][\/et_pb_image][\/et_pb_column][\/et_pb_row][\/et_pb_section]<\/p>","protected":false},"excerpt":{"rendered":"<p>[et_pb_section fb_built=&#8220;1&#8243; admin_label=&#8220;section&#8220; _builder_version=&#8220;3.22&#8243;][et_pb_row column_structure=&#8220;1_2,1_2&#8243; _builder_version=&#8220;4.5.1&#8243; _module_preset=&#8220;default&#8220;][et_pb_column type=&#8220;1_2&#8243; _builder_version=&#8220;4.5.1&#8243; _module_preset=&#8220;default&#8220;][et_pb_image src=&#8220;https:\/\/www.planbwagen.de\/wp-content\/uploads\/2020\/08\/2-20.jpg&#8220; alt=&#8220;VW T6.1 Folierung MARPART Digital urban pixeltarn&#8220; title_text=&#8220;2&#8243; _builder_version=&#8220;4.5.1&#8243; _module_preset=&#8220;default&#8220;][\/et_pb_image][\/et_pb_column][et_pb_column type=&#8220;1_2&#8243; _builder_version=&#8220;4.5.1&#8243; _module_preset=&#8220;default&#8220;][et_pb_image src=&#8220;https:\/\/www.planbwagen.de\/wp-content\/uploads\/2020\/08\/1-22.jpg&#8220; alt=&#8220;SpaceCamper foliert in MARPART Digital urban pixeltarn&#8220; title_text=&#8220;1&#8243; _builder_version=&#8220;4.5.1&#8243; _module_preset=&#8220;default&#8220; custom_margin=&#8220;||63px|||&#8220;][\/et_pb_image][\/et_pb_column][\/et_pb_row][et_pb_row _builder_version=&#8220;4.5.1&#8243; _module_preset=&#8220;default&#8220;][et_pb_column type=&#8220;4_4&#8243; _builder_version=&#8220;4.5.1&#8243; _module_preset=&#8220;default&#8220;][et_pb_text _builder_version=&#8220;4.5.1&#8243; _module_preset=&#8220;default&#8220; content__hover_enabled=&#8220;on|desktop&#8220;] Pixeltarn statt Tarnumhang: In den B\u00fcchern von Harry Potter taucht immer [&hellip;]<\/p>","protected":false},"author":1,"featured_media":4187,"comment_status":"open","ping_status":"open","sticky":false,"template":"","format":"standard","meta":{"_et_pb_use_builder":"on","_et_pb_old_content":"<img class=\"alignnone size-medium wp-image-4188\" src=\"https:\/\/planbwagen.de\/wp-content\/uploads\/2020\/08\/1-2-300x169.jpg\" alt=\"\" width=\"300\" height=\"169\" \/><img class=\"alignnone size-medium wp-image-4189\" src=\"https:\/\/planbwagen.de\/wp-content\/uploads\/2020\/08\/2-1-300x219.jpg\" alt=\"\" width=\"300\" height=\"219\" \/><img class=\"alignnone size-medium wp-image-4190\" src=\"https:\/\/planbwagen.de\/wp-content\/uploads\/2020\/08\/3-300x169.jpg\" alt=\"\" width=\"300\" height=\"169\" \/>\r\n\r\nIn den B\u00fcchern von Harry Potter taucht immer wieder ein magischer Tarnumhang auf. Einfach \u00fcberziehen und schon ist man unsichtbar.\r\n\r\nWer hat sich nicht schon mal einen solchen Tarnumhang gew\u00fcnscht? In Wald und Flur hat in Deutschland das sogenannte J\u00e4gergr\u00fcn seinen festen Bestandteil. Die Amis gehen ja bekanntlich immer einen Schritt weiter. Hier ist Tarnbekleidung ein fester Bestandteil der Jagdkultur. M\u00fcssen wir immer noch aus traditionellen Gr\u00fcnden, Vorbehalte gegen\u00fcber Tarnmustern haben? Ich glaube, man darf sich auch mal als Pazifist w\u00fcnschen unsichtbar zu sein. Und genau das wollen wir. Wenn wir in der freien Wildbahn stehen, wollen wir Mensch und Tier m\u00f6glichst wenig irritieren. Und deshalb haben wir uns ein paar Anregungen geholt. Hierbei stie\u00dfen wir auf eine pixelige Universaltarnung, genannt UCP - Universal Camo Pattern. - Diese gibt es auch in Graut\u00f6nen. Wir fanden dies weniger militant, als Flecktarn, Camouflage oder Woodland bezeichneten Tarnungen.\r\n\r\n[su_youtube url=\"https:\/\/youtu.be\/BPweLKFhvR8\" title=\"BUTCH - VW T6.1 Camper - SpaceCamper statt California, sowie das Beste aus Terranger & Delta4x4\"]\r\n\r\n\u00a0\r\n<div class=\"cc-m-hgrid-column last\">\r\n<div id=\"cc-matrix-3638943026\">\r\n<div id=\"cc-m-12681752926\" class=\"j-module n j-text \">\r\n\r\nDer Zufall wollte es, dass wir auf jemanden stie\u00dfen, der einen SpaceCamper in einer solchen Tarnung f\u00e4hrt. - Wir trafen uns und waren sofort begeistert. - Danke Kai.\r\n\r\nAngeblich soll diese Tarnung auch im st\u00e4dtischen Bereich wirken, was ich bezweifeln mag. Doch\u00a0darum ging es uns\u00a0ja auch weniger.\r\n\r\nOb der Bus dadurch besser aussieht, ist sicherlich, wie vieles Geschmacksache. So ein Projekt d\u00fcrfte polarisieren. Selbst mein Freund Micha, hat vehement abgeraten. Doch ich kann ja stur sein und halte es diesbez\u00fcglich mit Ulrich Erckenbrecht:\r\n\r\n<em><strong>\"\u00dcber Geschmack soll man nur mit jenen streiten, die welchen haben.\"<\/strong><\/em>\r\n\r\n<img class=\"alignnone size-medium wp-image-4191\" src=\"https:\/\/planbwagen.de\/wp-content\/uploads\/2020\/08\/4-1-300x225.jpg\" alt=\"\" width=\"300\" height=\"225\" \/><img class=\"alignnone size-medium wp-image-4192\" src=\"https:\/\/planbwagen.de\/wp-content\/uploads\/2020\/08\/5-300x225.jpg\" alt=\"\" width=\"300\" height=\"225\" \/><img class=\"alignnone size-medium wp-image-4193\" src=\"https:\/\/planbwagen.de\/wp-content\/uploads\/2020\/08\/6-300x225.jpg\" alt=\"\" width=\"300\" height=\"225\" \/>\r\n\r\nDeshalb f\u00fcr Micha noch einmal in mausgrau, bei VW sprich pure grey.\u00a0- Doch wir sind schon weiter. Unser Pixeltarn wurde individuell nach unseren W\u00fcnschen angefertigt. Die Umsetzung als Digitaldruck, Car Wrapping, erfolgte durch das Foliencenter NRW in Haan. Ich hatte mir vorher noch zwei andere Folierer angesehen. Doch am Ende ist es wie meistens eine Bauchsache. F\u00fcr mich sprach neben der netten Art des Chefs, die jahrzehntelange Erfahrung. - Wir sind auf jeden Fall zufrieden. Ob das Projekt am Ende die gew\u00fcnschte Wirkung erzielt, wird sich zeigen. Doch dass es wirkt, sehen wir bereits bei den ersten Fotos und Filmaufnahmen. Die Farben\u00a0werden nicht klar dargestellt. Manchmal wirkt das Auto auf Bildern gr\u00fcn, manchmal violett. Der letzte Versuch? Nein, wir bleiben bei PlanB. Es ist auch weiterhin grau, nicht mehr pure grey, sondern mehr\u00a0Fifty Shades of Grey.\r\n\r\nSomit gelangt unser Camperumbau in die letzte Phase. Die Staukisten sind bereits gepackt und verstaut. Dazu berichten wir noch mal separat. - Jetzt fehlt nur noch die Vollendung unserer Wassertanks, sowie der Hecktr\u00e4ger. Doch dazu kommen wir erst in der n\u00e4chsten Woche.\u00a0 - Zum Schluss noch ein paar Eindr\u00fccke\u00a0 von den einzelnen Phasen der Folierung.\r\n\r\n<img class=\"alignnone size-medium wp-image-4194\" src=\"https:\/\/planbwagen.de\/wp-content\/uploads\/2020\/08\/7-300x225.jpg\" alt=\"\" width=\"300\" height=\"225\" \/><img class=\"alignnone size-medium wp-image-4195\" src=\"https:\/\/planbwagen.de\/wp-content\/uploads\/2020\/08\/8-300x225.jpg\" alt=\"\" width=\"300\" height=\"225\" \/><img class=\"alignnone size-medium wp-image-4196\" src=\"https:\/\/planbwagen.de\/wp-content\/uploads\/2020\/08\/9-300x225.jpg\" alt=\"\" width=\"300\" height=\"225\" \/><img class=\"alignnone size-medium wp-image-4197\" src=\"https:\/\/planbwagen.de\/wp-content\/uploads\/2020\/08\/10-300x225.jpg\" alt=\"\" width=\"300\" height=\"225\" \/>\r\n\r\n<\/div>\r\n<\/div>\r\n<\/div>","_et_gb_content_width":"","footnotes":""},"categories":[17],"tags":[],"class_list":["post-4186","post","type-post","status-publish","format-standard","has-post-thumbnail","hentry","category-spacecamper-terranger-co"],"_links":{"self":[{"href":"https:\/\/www.planbwagen.de\/fr\/wp-json\/wp\/v2\/posts\/4186","targetHints":{"allow":["GET"]}}],"collection":[{"href":"https:\/\/www.planbwagen.de\/fr\/wp-json\/wp\/v2\/posts"}],"about":[{"href":"https:\/\/www.planbwagen.de\/fr\/wp-json\/wp\/v2\/types\/post"}],"author":[{"embeddable":true,"href":"https:\/\/www.planbwagen.de\/fr\/wp-json\/wp\/v2\/users\/1"}],"replies":[{"embeddable":true,"href":"https:\/\/www.planbwagen.de\/fr\/wp-json\/wp\/v2\/comments?post=4186"}],"version-history":[{"count":14,"href":"https:\/\/www.planbwagen.de\/fr\/wp-json\/wp\/v2\/posts\/4186\/revisions"}],"predecessor-version":[{"id":13337,"href":"https:\/\/www.planbwagen.de\/fr\/wp-json\/wp\/v2\/posts\/4186\/revisions\/13337"}],"wp:featuredmedia":[{"embeddable":true,"href":"https:\/\/www.planbwagen.de\/fr\/wp-json\/wp\/v2\/media\/4187"}],"wp:attachment":[{"href":"https:\/\/www.planbwagen.de\/fr\/wp-json\/wp\/v2\/media?parent=4186"}],"wp:term":[{"taxonomy":"category","embeddable":true,"href":"https:\/\/www.planbwagen.de\/fr\/wp-json\/wp\/v2\/categories?post=4186"},{"taxonomy":"post_tag","embeddable":true,"href":"https:\/\/www.planbwagen.de\/fr\/wp-json\/wp\/v2\/tags?post=4186"}],"curies":[{"name":"wp","href":"https:\/\/api.w.org\/{rel}","templated":true}]}}