{"id":3750,"date":"2020-07-25T10:27:35","date_gmt":"2020-07-25T10:27:35","guid":{"rendered":"https:\/\/planbwagen.de\/?p=3750"},"modified":"2020-11-02T18:57:19","modified_gmt":"2020-11-02T18:57:19","slug":"abschied-von-koelle","status":"publish","type":"post","link":"https:\/\/www.planbwagen.de\/fr\/port-dattache\/adieu-a-koelle\/","title":{"rendered":"Adieu \u00e0 K\u00f6lle"},"content":{"rendered":"<p>[et_pb_section fb_built=&#8220;1&#8243; _builder_version=&#8220;3.22&#8243;][et_pb_row column_structure=&#8220;1_3,1_3,1_3&#8243; _builder_version=&#8220;4.5.1&#8243; _module_preset=&#8220;default&#8220;][et_pb_column type=&#8220;1_3&#8243; _builder_version=&#8220;4.5.1&#8243; _module_preset=&#8220;default&#8220;][et_pb_image src=&#8220;https:\/\/www.planbwagen.de\/wp-content\/uploads\/2020\/09\/1-33.jpg&#8220; alt=&#8220;VW T6.1 pure gray mit langem Radstand und Delta4x4&#8243; _builder_version=&#8220;4.5.1&#8243; _module_preset=&#8220;default&#8220;][\/et_pb_image][\/et_pb_column][et_pb_column type=&#8220;1_3&#8243; _builder_version=&#8220;4.5.1&#8243; _module_preset=&#8220;default&#8220;][et_pb_image src=&#8220;https:\/\/www.planbwagen.de\/wp-content\/uploads\/2020\/09\/2-27.jpg&#8220; alt=&#8220; T6.1 pure gray  und Delta4x4 klassik_B&#8220; _builder_version=&#8220;4.5.1&#8243; _module_preset=&#8220;default&#8220;][\/et_pb_image][\/et_pb_column][et_pb_column type=&#8220;1_3&#8243; _builder_version=&#8220;4.5.1&#8243; _module_preset=&#8220;default&#8220;][et_pb_image src=&#8220;https:\/\/www.planbwagen.de\/wp-content\/uploads\/2020\/09\/3-24.jpg&#8220; alt=&#8220; T6.1 pure gray  und Delta4x4 klassik_B&#8220; _builder_version=&#8220;4.5.1&#8243; _module_preset=&#8220;default&#8220;][\/et_pb_image][\/et_pb_column][\/et_pb_row][et_pb_row _builder_version=&#8220;4.5.1&#8243; _module_preset=&#8220;default&#8220;][et_pb_column type=&#8220;4_4&#8243; _builder_version=&#8220;4.5.1&#8243; _module_preset=&#8220;default&#8220;][et_pb_text _builder_version=&#8220;4.5.1&#8243; _module_preset=&#8220;default&#8220;]<\/p>\n<p>Maintenant, c'est officiel. Torgit et moi sommes sans domicile fixe. - Dieu merci, nous ne sommes pas sans-abri. Mon fr\u00e8re Dirk nous a offert l'asile pour quelques jours. BUTCH, que nous avons r\u00e9cup\u00e9r\u00e9 jeudi chez SpaceCamper, est d\u00e9j\u00e0 de retour chez le carrossier. - Apr\u00e8s cela, notre camping-car est enfin pr\u00eat. Mais ce n'est pas la m\u00eame chose de voyager avec un camping-car ou de tra\u00eener sa propre coquille. Je me r\u00e9jouis de faire enfin partie du WAGENVOLK.<\/p>\n<p>Il y a quelques jours, une vieille connaissance m'a demand\u00e9 dans un commentaire ce qui avait chang\u00e9 ? \"Civilis\u00e9 au maximum, mais aussi motoris\u00e9, avec le meilleur \u00e9quipement high-tech et design possible, vous vous baladez d\u00e9sormais \u00e0 travers les paysages ?\u00a0<\/p>\n<p>&#8230;Glamping statt Glamliving. &#8230;Digital statt analog&#8230;\u00a0 &#8230;Drohne statt &#8222;the sound of silence\u201c <a href=\"https:\/\/www.gluecksmuskel.de\/2020\/07\/12\/das-letzte-mal-ums-horn\/\" title=\"La derni\u00e8re fois autour du cor...\">(version longue ici...)<\/a><\/p>\n<p>Qu'est-ce que je peux dire ? - Beaucoup, beaucoup, beaucoup : mais pour s'en rendre compte, il faut sans doute franchir le pas et vraiment liquider son m\u00e9nage. Et je ne parle pas de faire quelques cartons et de d\u00e9m\u00e9nager. Vendre presque tout ce que l'on a accumul\u00e9 pendant de tr\u00e8s nombreuses ann\u00e9es, c'est d\u00e9j\u00e0 une toute autre chose. - Mais nous n'avons pas fait que vendre. Rien que la semaine derni\u00e8re, nous avons d\u00e9pos\u00e9 une vingtaine de cartons de d\u00e9m\u00e9nagement dans notre coin. Ils ont \u00e9t\u00e9 litt\u00e9ralement pill\u00e9s. Le contenu \u00e9tait des choses pour lesquelles nous n'avions pas le temps, la force ou l'envie de les mettre en ligne sur Facebook, Ebay &amp; Co.\u00a0<\/p>\n<p>Mais avec le recul, je suis seulement contente que nous ayons d\u00e9j\u00e0 fait le m\u00e9nage avant notre derni\u00e8re tourn\u00e9e. Marie Kondo n'est certainement pas l'inventeur de son credo \"Est-ce que cela me rend heureuse ?\", le livre \"simplify your life\" de Werner Tiki K\u00fcstenmacher contenait d\u00e9j\u00e0 des \u00e9l\u00e9ments similaires. Mais cela ne m'a pas seulement aid\u00e9, cela m'a effray\u00e9 de voir \u00e0 quel point il reste peu de choses.<\/p>\n<p>Et oui, Madame K de K a bien s\u00fbr raison, notre mode de vie n'est toujours pas spartiate. Bien s\u00fbr, on pense plus au glamping qu'\u00e0 Spartacus. Pourquoi d'ailleurs, si je le voulais, je serais v\u00e9g\u00e9talien et je pourrais me passer de glaci\u00e8re. Ce n'\u00e9tait pas et ce n'est toujours pas le mien. Nous \u00e9tions confortablement install\u00e9s dans notre vie jusqu'\u00e0 pr\u00e9sent et un peu de confort peut aussi rester.<span style=\"font-size: 18px;\">\u00a0<\/span><\/p>\n<p>Et en voyant BUTCH, on se dit d\u00e9j\u00e0 : combien co\u00fbte cette bo\u00eete ? Et c'est justifi\u00e9. A ce prix-l\u00e0, on trouve d\u00e9j\u00e0 la plus petite Porsche avec \"presque\" tout l'\u00e9quipement. BUTCH offre bien plus. Un deux-pi\u00e8ces complet avec cuisine, couloir et salle de bain. Pas seulement un, mais deux lits. Petite kitchenette avec r\u00e9frig\u00e9rateur, armoire murale &amp; Co. Donc toujours un toit raisonnable.\u00a0<\/p>\n<p>Gypsy oui, sans-abri non.<\/p>\n<p>En conclusion, le d\u00e9m\u00e9nagement est termin\u00e9 et tout s'est bien pass\u00e9 pour nous. Hier, nous avons eu notre remise d'appartement. Nous sommes heureux que le stress soit pass\u00e9. Car ce qui serait peut-\u00eatre facile pour d'autres a \u00e9t\u00e9 un d\u00e9fi pour nous. C'est pourquoi nous allons maintenant respirer un peu pendant quelques jours.<\/p>\n<p>Ah oui, il y avait encore une chose \"Le num\u00e9rique plut\u00f4t que l'analogique...\". - Cette question ne s'est jamais pos\u00e9e pour moi. D\u00e8s que j'ai reconnu l'avantage \/ l'utilit\u00e9 du monde num\u00e9rique, je l'ai utilis\u00e9. La seule diff\u00e9rence est qu'avant, je n'avais ni le temps ni l'envie de tenir un journal. Que cela s'appelle maintenant un blog ne me d\u00e9range pas. Et je n'aurais pas non plus mis de serrure dessus avant. - Que ceux qui le souhaitent le lisent. - Et pour ce qui est du drone, je pense que c'est un sujet qui concerne les gar\u00e7ons. Les filles comprendront-elles ? Moi, \u00e7a me rend heureux.<\/p>\n<p>Et il y a une chose dont je suis s\u00fbr, c'est que si cela ne me rend plus heureux, je le vendrai ou je l'offrirai. - Alors qu'il fasse le bonheur des autres. \u00a0<\/p>\n<p>Und zum Schluss dieser Absatz nur f\u00fcr Frau K aus K:\u00a0 &#8222;The sound of silence&#8220; war noch nie meines. &#8211; Klasse Song, klar. Doch nicht vergessen, hier ging es Simon &amp; Garfunkel um die Vereinsamung\u00a0von Menschen in\u00a0einer oberfl\u00e4chlichen Gesellschaft. &#8211; Dann doch lieber &#8222;Enjoy The Silence&#8220; von Depeche Mode. &#8211; Dachte das w\u00e4re auch Deines. \ud83d\ude09<\/p>\n<p><span><em><strong>&#8222;&#8230;All I ever needed &#8211; Is here in my arms&#8220;<\/strong><\/em><\/span><\/p>\n<p>Et pourtant, tu as raison, Family&amp;Friends va me manquer quand je serai loin ! - Peut-\u00eatre aussi un peu mon hamac dans le jardin. - Et les nuits o\u00f9 le bunker tremblait. - Enjoy The Silence.<\/p>\n<p>[\/et_pb_text][\/et_pb_column][\/et_pb_row][et_pb_row column_structure=&#8220;1_3,1_3,1_3&#8243; _builder_version=&#8220;4.5.1&#8243; _module_preset=&#8220;default&#8220;][et_pb_column type=&#8220;1_3&#8243; _builder_version=&#8220;4.5.1&#8243; _module_preset=&#8220;default&#8220;][et_pb_image src=&#8220;https:\/\/www.planbwagen.de\/wp-content\/uploads\/2020\/09\/4-18.jpg&#8220; alt=&#8220;Marc von planBwagen&#8220; title_text=&#8220;4&#8243; _builder_version=&#8220;4.5.1&#8243; _module_preset=&#8220;default&#8220;][\/et_pb_image][\/et_pb_column][et_pb_column type=&#8220;1_3&#8243; _builder_version=&#8220;4.5.1&#8243; _module_preset=&#8220;default&#8220;][et_pb_image src=&#8220;https:\/\/www.planbwagen.de\/wp-content\/uploads\/2020\/09\/5-16.jpg&#8220; alt=&#8220;Torgit von planBwagen&#8220; title_text=&#8220;5&#8243; _builder_version=&#8220;4.5.1&#8243; _module_preset=&#8220;default&#8220;][\/et_pb_image][\/et_pb_column][et_pb_column type=&#8220;1_3&#8243; _builder_version=&#8220;4.5.1&#8243; _module_preset=&#8220;default&#8220;][et_pb_image src=&#8220;https:\/\/www.planbwagen.de\/wp-content\/uploads\/2020\/09\/6-13.jpg&#8220; title_text=&#8220;6&#8243; _builder_version=&#8220;4.5.1&#8243; _module_preset=&#8220;default&#8220;][\/et_pb_image][\/et_pb_column][\/et_pb_row][\/et_pb_section]<\/p>","protected":false},"excerpt":{"rendered":"<p>[et_pb_section fb_built=&#8220;1&#8243; _builder_version=&#8220;3.22&#8243;][et_pb_row column_structure=&#8220;1_3,1_3,1_3&#8243; _builder_version=&#8220;4.5.1&#8243; _module_preset=&#8220;default&#8220;][et_pb_column type=&#8220;1_3&#8243; _builder_version=&#8220;4.5.1&#8243; _module_preset=&#8220;default&#8220;][et_pb_image src=&#8220;https:\/\/www.planbwagen.de\/wp-content\/uploads\/2020\/09\/1-33.jpg&#8220; alt=&#8220;VW T6.1 pure gray mit langem Radstand und Delta4x4&#8243; _builder_version=&#8220;4.5.1&#8243; _module_preset=&#8220;default&#8220;][\/et_pb_image][\/et_pb_column][et_pb_column type=&#8220;1_3&#8243; _builder_version=&#8220;4.5.1&#8243; _module_preset=&#8220;default&#8220;][et_pb_image src=&#8220;https:\/\/www.planbwagen.de\/wp-content\/uploads\/2020\/09\/2-27.jpg&#8220; alt=&#8220; T6.1 pure gray und Delta4x4 klassik_B&#8220; _builder_version=&#8220;4.5.1&#8243; _module_preset=&#8220;default&#8220;][\/et_pb_image][\/et_pb_column][et_pb_column type=&#8220;1_3&#8243; _builder_version=&#8220;4.5.1&#8243; _module_preset=&#8220;default&#8220;][et_pb_image src=&#8220;https:\/\/www.planbwagen.de\/wp-content\/uploads\/2020\/09\/3-24.jpg&#8220; alt=&#8220; T6.1 pure gray und Delta4x4 klassik_B&#8220; _builder_version=&#8220;4.5.1&#8243; _module_preset=&#8220;default&#8220;][\/et_pb_image][\/et_pb_column][\/et_pb_row][et_pb_row _builder_version=&#8220;4.5.1&#8243; _module_preset=&#8220;default&#8220;][et_pb_column type=&#8220;4_4&#8243; _builder_version=&#8220;4.5.1&#8243; _module_preset=&#8220;default&#8220;][et_pb_text _builder_version=&#8220;4.5.1&#8243; _module_preset=&#8220;default&#8220;] Jetzt [&hellip;]<\/p>","protected":false},"author":1,"featured_media":3757,"comment_status":"open","ping_status":"open","sticky":false,"template":"","format":"standard","meta":{"_et_pb_use_builder":"on","_et_pb_old_content":"<p><img class=\"size-medium wp-image-3751 alignleft\" src=\"https:\/\/planbwagen.de\/wp-content\/uploads\/2020\/08\/a-300x225.jpg\" alt=\"\" width=\"300\" height=\"225\" \/>Jetzt ist es offiziell. Torgit und ich sind wohnungslos. - Obdachlos sind wir Gott sei Dank nicht. Mein Bruder Dirk hat uns f\u00fcr ein paar Tage Asyl angeboten. BUTCH, den wir am Donnerstag bei SpaceCamper abgeholt haben, steht schon wieder beim Folierer. \u2013 Danach ist es endlich soweit und unser Reisemobil ist fertig. Doch es ist schon etwas anderes, ob man mal mit einem Mobil verreist oder sein eigenes Schneckenhaus mit sich rumschleppt. Ich freue mich diebisch darauf endlich zum WAGENVOLK zu geh\u00f6ren.<\/p><p>\u00a0<\/p><p>Ich wurde vor ein paar Tagen, von einer alten Bekannten, in einem Kommentar gefragt, was sich eigentlich ge\u00e4ndert h\u00e4tte? \u201eMaximal-zivilisiert und auch motorisiert, mit bestm\u00f6glicher Hightech- als auch Designausstattung cruist ihr also fortan durch die Landschaften...<\/p><p>...Glamping statt Glamliving. ...Digital statt analog...\u00a0 ...Drohne statt \"the sound of silence\u201c <a title=\"Das letzte Mal ums Horn...\" href=\"https:\/\/planbwagen.de\/heimathafen\/das-letzte-mal-ums-horn-glucksmuskel-de-reiseblog-315grad-auf-der-suche-nach-dem-gluck\/\">(Langversion hier...)<img class=\"size-medium wp-image-3752 alignright\" src=\"https:\/\/planbwagen.de\/wp-content\/uploads\/2020\/08\/aa-300x225.jpg\" alt=\"\" width=\"300\" height=\"225\" \/><\/a><\/p><p>\u00a0<\/p><p>Was soll ich sagen? \u2013 Viel, sehr, sehr viel: Doch um sich dies bewusst zu machen, muss man wahrscheinlich den Schritt gehen und seinen Hausstand wirklich aufl\u00f6sen. Und ich meine nicht ein paar Kisten packen und umziehen. Fast alles zu verkaufen, was man \u00fcber viele, viele Jahre zusammen getragen hat, ist da schon ein ganz anderes Ding. \u2013 Doch wir haben ja nicht nur verkauft. Allein in der letzten Woche haben wir ca. 20 Umzugskartons bei uns an die Ecke gestellt. Dort wurden diese regelrecht gepl\u00fcndert. Inhalt waren Dinge f\u00fcr die uns die Zeit, die Kraft oder die Musse fehlte, auch noch diese in Facebook, Ebay & Co einzustellen.<\/p><p>\u00a0<\/p><p><img class=\"size-medium wp-image-3753 alignleft\" src=\"https:\/\/planbwagen.de\/wp-content\/uploads\/2020\/08\/aaa-300x225.jpg\" alt=\"\" width=\"300\" height=\"225\" \/>Doch im Nachhinein bin ich nur froh, dass wir bereits vor unserer letzten Tour ausgemistet haben. Marie Kondo ist ja sicherlich nicht die Erfinderin ihres Credos \u201emacht mich das gl\u00fccklich?\u201c, \u00e4hnliches stand schon in \u201esimplify your life\u201c von Werner Tiki K\u00fcstenmacher. Doch mir hat es nicht nur geholfen, mich hat es erschreckt, wie wenig hierbei \u00fcbrig bleibt.<\/p><p>\u00a0<\/p><p>Und ja, Frau K aus K hat nat\u00fcrlich recht, spartanisch ist unsere Art zu leben, immer noch nicht. Klar denkt man da mehr an Glamping, anstelle von Spartakus. Warum auch, wollte ich das, w\u00e4re ich Veganer und k\u00f6nnte auf eine K\u00fchlbox verzichten. Das war und ist nicht meines. Wir hatten es uns in unserem bisherigen Leben bequem gemacht und ein wenig Komfort darf auch bleiben.<\/p><p>Und beim Anblick von BUTCH denkt man schon, was kostet die Kiste. Und das ist auch berechtigt. Bekommt man zu diesem Preis auch schon einen den kleinsten Porsche mit \u201efast\u201c Vollausstattung. Da bietet BUTCH doch mehr. Komplette Zweiraumwohnung mit K\u00fcche, Diele, Bad. Nicht nur mit ein, sondern zwei Betten. Kleine K\u00fcchenzeile mit K\u00fchlschrank, Schrankwand & Co. Also immer noch ein vern\u00fcnftiges Dach \u00fcberm Kopf.<img class=\"size-medium wp-image-3754 alignright\" src=\"https:\/\/planbwagen.de\/wp-content\/uploads\/2020\/08\/g-225x300.jpg\" alt=\"\" width=\"225\" height=\"300\" \/><\/p><p>Gypsy ja, obdachlos nein.<\/p><p>Fazit ist, der Auszug ist vorbei und f\u00fcr uns hat alles gepasst. Gestern hatten wir unsere Wohnungs\u00fcbergabe. Wir freuen uns, dass der Stress vorbei ist. Denn was f\u00fcr andere vielleicht ganz einfach w\u00e4re, war f\u00fcr uns eine Herausforderung. Deshalb werden wir nun ein paar Tage durchatmen.<\/p><p>\u00a0<\/p><p>Ach ja, da war ja noch was \u201eDigital statt analog...\u201c \u2013 Diese Frage hat sich f\u00fcr mich nie gestellt. Sobald ich f\u00fcr mich den Vorteil \/ Nutzen in der digitalen Welt erkannt habe, habe ich diese auch genutzt. Der Unterschied ist nur, dass ich fr\u00fcher weder die Zeit, noch die Musse hatte ein Tagebuch zu f\u00fchren. Dass dies nun Blog hei\u00dft, ist mir doch egal. Und ich h\u00e4tte auch fr\u00fcher kein Schloss daran gemacht. \u2013 Mag es doch lesen, wer m\u00f6chte. \u2013 Und dass mit der Drohne, das ist glaube ich ein Jungs Thema. Ob das M\u00e4dchen verstehen? Mich macht es gl\u00fccklich.<\/p><p><img class=\"size-medium wp-image-3755 alignleft\" src=\"https:\/\/planbwagen.de\/wp-content\/uploads\/2020\/08\/gg-225x300.jpg\" alt=\"\" width=\"225\" height=\"300\" \/>Und eines wei\u00df ich genau, wenn es mich nicht mehr gl\u00fccklich macht, wird es verkauft oder verschenkt. \u2013 Dann lass es andere gl\u00fccklich machen.<img class=\"size-medium wp-image-3756 alignright\" src=\"https:\/\/planbwagen.de\/wp-content\/uploads\/2020\/08\/ggg-225x300.jpg\" alt=\"\" width=\"225\" height=\"300\" \/><\/p><p>\u00a0<\/p><p>Und zum Schluss dieser Absatz nur f\u00fcr Frau K aus K:\u00a0 \"The sound of silence\" war noch nie meines. - Klasse Song, klar. Doch nicht vergessen, hier ging es Simon & Garfunkel um die Vereinsamung\u00a0von Menschen in\u00a0einer oberfl\u00e4chlichen Gesellschaft. - Dann doch lieber \"Enjoy The Silence\" von Depeche Mode. - Dachte das w\u00e4re auch Deines. ;-)<\/p><p><em><strong>\"...All I ever needed - Is here in my arms\"<\/strong><\/em><\/p><p>Und\u00a0dennoch hast Du recht,\u00a0Family&Friends werde ich\u00a0in der Ferne vermissen! - Vielleicht auch ein wenig meine H\u00e4ngematte im Garten. - Und N\u00e4chte in denen der Bunker bebte. - Enjoy The Silence.<\/p>","_et_gb_content_width":"","footnotes":""},"categories":[14],"tags":[],"class_list":["post-3750","post","type-post","status-publish","format-standard","has-post-thumbnail","hentry","category-heimathafen"],"_links":{"self":[{"href":"https:\/\/www.planbwagen.de\/fr\/wp-json\/wp\/v2\/posts\/3750","targetHints":{"allow":["GET"]}}],"collection":[{"href":"https:\/\/www.planbwagen.de\/fr\/wp-json\/wp\/v2\/posts"}],"about":[{"href":"https:\/\/www.planbwagen.de\/fr\/wp-json\/wp\/v2\/types\/post"}],"author":[{"embeddable":true,"href":"https:\/\/www.planbwagen.de\/fr\/wp-json\/wp\/v2\/users\/1"}],"replies":[{"embeddable":true,"href":"https:\/\/www.planbwagen.de\/fr\/wp-json\/wp\/v2\/comments?post=3750"}],"version-history":[{"count":7,"href":"https:\/\/www.planbwagen.de\/fr\/wp-json\/wp\/v2\/posts\/3750\/revisions"}],"predecessor-version":[{"id":9651,"href":"https:\/\/www.planbwagen.de\/fr\/wp-json\/wp\/v2\/posts\/3750\/revisions\/9651"}],"wp:featuredmedia":[{"embeddable":true,"href":"https:\/\/www.planbwagen.de\/fr\/wp-json\/wp\/v2\/media\/3757"}],"wp:attachment":[{"href":"https:\/\/www.planbwagen.de\/fr\/wp-json\/wp\/v2\/media?parent=3750"}],"wp:term":[{"taxonomy":"category","embeddable":true,"href":"https:\/\/www.planbwagen.de\/fr\/wp-json\/wp\/v2\/categories?post=3750"},{"taxonomy":"post_tag","embeddable":true,"href":"https:\/\/www.planbwagen.de\/fr\/wp-json\/wp\/v2\/tags?post=3750"}],"curies":[{"name":"wp","href":"https:\/\/api.w.org\/{rel}","templated":true}]}}