{"id":2110,"date":"2019-08-13T19:23:11","date_gmt":"2019-08-13T19:23:11","guid":{"rendered":""},"modified":"2020-09-24T16:48:27","modified_gmt":"2020-09-24T16:48:27","slug":"tag-no-7-krka-wasserfalle","status":"publish","type":"post","link":"https:\/\/www.planbwagen.de\/fr\/croatie\/jour-no-7-chute-deau-de-krka\/","title":{"rendered":"7\u00e8me jour - Chutes de Krka"},"content":{"rendered":"<p>[et_pb_section fb_built=&#8220;1&#8243; _builder_version=&#8220;3.22&#8243;][et_pb_row _builder_version=&#8220;4.5.1&#8243; _module_preset=&#8220;default&#8220;][et_pb_column type=&#8220;4_4&#8243; _builder_version=&#8220;4.5.1&#8243; _module_preset=&#8220;default&#8220;][et_pb_text _builder_version=&#8220;4.5.1&#8243; _module_preset=&#8220;default&#8220;]<\/p>\n<p style=\"text-align: justify;\">Nous nous sommes mis un r\u00e9veil aujourd'hui avec l'intention de prendre le premier ferry pour le parc national. Nous voulons arriver avant les touristes.<\/p>\n<p style=\"text-align: justify;\">Mais lorsque nous arrivons \u00e0 la caisse, nous sommes malheureusement en retard de quelques minutes. Torgit affirme que le ferry est parti trop t\u00f4t. - Mais quoi qu'il en soit, nous devons attendre le prochain ferry.<\/p>\n<p style=\"text-align: justify;\">Une longue file d'attente se forme rapidement. Arriver t\u00f4t semble avoir \u00e9t\u00e9 une sage d\u00e9cision.<\/p>\n<p style=\"text-align: justify;\">Lorsque nous arrivons aux chutes, deux possibilit\u00e9s s'offrent \u00e0 nous : se baigner ou explorer la r\u00e9gion. - Nous optons pour l'alternative num\u00e9ro 2, qui s'av\u00e8re \u00eatre une bonne d\u00e9cision. Nous suivons donc les cascades jusqu'\u00e0 leur cours moyen.<\/p>\n<p style=\"text-align: justify;\">De l\u00e0, deux excursions en bateau sont propos\u00e9es. Nous optons spontan\u00e9ment pour la plus courte. Nous prenons donc un petit bateau pour nous rendre sur l'\u00eele de Visovac. Un monast\u00e8re franciscain s'y trouve depuis 1445. Nous avons l'occasion d'explorer un peu cette \u00eele magnifique.\u00a0<\/p>\n<p style=\"text-align: justify;\">Torgit, en tant que vieux fan de Winnetou, m'informe que des parties des films de Winnetou ont \u00e9t\u00e9 tourn\u00e9es dans ces cascades et dans les gorges de la rivi\u00e8re. Il n'y a certainement pas grand monde de notre \u00e2ge qui ne s'en souvienne pas !?<\/p>\n<p style=\"text-align: justify;\">Lorsque nous revenons de notre exploration du cours moyen vers le cours inf\u00e9rieur, notre d\u00e9cision se confirme. - Entre-temps, une bombe touristique semble avoir explos\u00e9 ici. On a l'impression que des milliers de touristes se baignent devant les chutes. Ce qui est passionnant, c'est qu'il y a partout des panneaux indiquant que la baignade est interdite. - Nous ne dirons pas si nous nous sommes aussi baign\u00e9s.\u00a0<\/p>\n<p>[\/et_pb_text][\/et_pb_column][\/et_pb_row][et_pb_row _builder_version=&#8220;4.5.1&#8243; _module_preset=&#8220;default&#8220;][et_pb_column type=&#8220;4_4&#8243; _builder_version=&#8220;4.5.1&#8243; _module_preset=&#8220;default&#8220;][et_pb_image src=&#8220;https:\/\/www.planbwagen.de\/wp-content\/uploads\/2020\/08\/1-27.jpg&#8220; title_text=&#8220;1&#8243; _builder_version=&#8220;4.5.1&#8243; _module_preset=&#8220;default&#8220; hover_enabled=&#8220;0&#8243; alt=&#8220;Blick \u00fcbers Wasser auf die Insel Visovac und das Franziskanerkloster bei strahlendem Sonnenschein&#8220;][\/et_pb_image][\/et_pb_column][\/et_pb_row][\/et_pb_section]<\/p>","protected":false},"excerpt":{"rendered":"<p>[et_pb_section fb_built=&#8220;1&#8243; _builder_version=&#8220;3.22&#8243;][et_pb_row _builder_version=&#8220;4.5.1&#8243; _module_preset=&#8220;default&#8220;][et_pb_column type=&#8220;4_4&#8243; _builder_version=&#8220;4.5.1&#8243; _module_preset=&#8220;default&#8220;][et_pb_text _builder_version=&#8220;4.5.1&#8243; _module_preset=&#8220;default&#8220;] Wir haben uns heute\u00a0einen Wecker\u00a0gestellt, mit dem Vorsatz die erste F\u00e4hre in den Nationalpark zu nehmen. Wir m\u00f6chten vor den Touristenstr\u00f6men dort ankommen Doch als wir am Kassengeb\u00e4ude ankommen, sind wir leider ein paar Minuten zu sp\u00e4t. Torgit behauptet die F\u00e4hre w\u00e4re zu fr\u00fch abgefahren. [&hellip;]<\/p>","protected":false},"author":1,"featured_media":3667,"comment_status":"open","ping_status":"open","sticky":false,"template":"","format":"standard","meta":{"_et_pb_use_builder":"on","_et_pb_old_content":"<p>\u00a0<\/p><div id=\"content_start\">\u00a0<\/div><article class=\"j-blog\"><div class=\"n j-blog-meta j-blog-post--header\"><div class=\"j-text j-module n\"><a class=\"j-blog-post--category\" href=\"https:\/\/www.gluecksmuskel.de\/hectors-reisen\/croatia-kroatien\/\"> Croatia - Kroatien <\/a> \u00a0\u00b7\u00a0 <span class=\"j-text j-blog-post--date\"> 13. August 2019 <\/span><\/div><h1 class=\"j-blog-header j-blog-headline j-blog-post--headline\">Tag No. 7 - Krka Wasserf\u00e4lle<\/h1><\/div><div class=\"post j-blog-content\"><div id=\"cc-matrix-3599150326\"><div id=\"cc-m-12541467226\" class=\"j-module n j-text \"><p>\u00a0<\/p><p>Wir haben uns heute\u00a0einen Wecker\u00a0gestellt, denn\u00a0unser Vorsatz, wir wollen die erste F\u00e4hre in den Nationalpark erreichen.<\/p><p>Doch als wir am Kassengeb\u00e4ude ankommen, sind wir leider ein paar Minuten zu sp\u00e4t. - Also auf die n\u00e4chste F\u00e4hre warten.<\/p><p>Schnell bildet sich eine lange Schlange. Fr\u00fch da zu sein, scheint eine kluge Entscheidung gewesen zu sein.<\/p><p>Als wir an den Wasserf\u00e4llen ankommen gibt es zwei M\u00f6glichkeiten, zuerst Baden oder die Gegend erkunden. - Wir entscheiden uns f\u00fcr Alternative Nummer 2. - Im Nachgang war auch dies eine guten Entscheidung. So folgen wir den Wasserf\u00e4llen zum Mittellauf.<\/p><p>\u00a0<\/p><p>Von dort werden zwei Bootstouren angeboten. Wir entscheiden uns spontan f\u00fcr die K\u00fcrzere. So fahren wir mit einem kleinen Boot zur Insel Visovac. Auf ihr befindet sich seit 1445\u00a0ein Franziskanerkloster. Wir bekommen die Gelegenheit die wundersch\u00f6ne Insel ein wenig zu erkunden.<\/p><p>\u00a0<\/p><p>Torgit, als alter Winnetou Fan, berichtet mir, dass an\u00a0diesen Wasserf\u00e4llen und in der Schlucht des Flusses Teile der Winnetou-Verfilmungen gedreht wurden. Es gibt sicherlich kaum jemand unseres Alters, der sich daran nicht erinnert!?<\/p><p>\u00a0<\/p><p>Als wir von unserer Erkundungstour vom Mittellauf zur\u00fcck zum Unterlauf kommen, best\u00e4tigt sich unsere Entscheidung. - Inzwischen scheint hier eine Turibombe hoch gegangen zu sein. Gef\u00fchlt, tausende von Touristen baden vor den Wasserf\u00e4llen. Das spannende daran ist, dass \u00fcberall Schilder stehen, dass Baden verboten sei. - Wir lassen mal offen, ob wir auch baden waren.<\/p><p>\u00a0<\/p><\/div><div id=\"cc-m-12541450126\" class=\"j-module n j-imageSubtitle \"><figure class=\"cc-imagewrapper cc-m-image-align-1 cc-m-width-maxed\"><img id=\"cc-m-imagesubtitle-image-12541450126\" class=\"\" src=\"https:\/\/planbwagen.de\/wp-content\/uploads\/2020\/07\/image-1-3-3-5.jpg\" sizes=\"(min-width: 1040px) 1040px, 100vw\" alt=\"\" data-src-width=\"4032\" data-src-height=\"3024\" data-src=\"https:\/\/planbwagen.de\/wp-content\/uploads\/2020\/07\/image-1-3-3-5.jpg\" data-image-id=\"8104102126\" data-pfsrc=\"https:\/\/planbwagen.de\/wp-content\/uploads\/2020\/07\/image-1-3-3-5.jpg\" \/><\/figure><div class=\"cc-clear\">\u00a0<\/div><\/div><div id=\"cc-m-12572167226\" class=\"j-module n j-text \"><p style=\"text-align: right;\">\u00a0 \u00a0\u00a0<a class=\"j-calltoaction-link j-calltoaction-link-style-2\" style=\"font-size: 16px; background-color: #ffcc00; border-width: 2px; border-color: #ffcc00; color: #ffffff; user-select: text; padding: 10px 20px; line-height: 1.5; border-radius: 0px; -webkit-appearance: none; margin: 1em 0px;\" title=\"Tag No. 8 und 9 - Insel Pag\" href=\"\/2019\/08\/14\/tag-no-8-und-9-insel-pag\/\" data-action=\"button\" data-title=\"Sunny Side Up\">Sunny Side Up\u00a0 \u00a0\u00a0<\/a><\/p><p style=\"text-align: right;\"><a class=\"j-calltoaction-link j-calltoaction-link-style-2\" style=\"background-color: #ffcc00; border-width: 2px; border-color: #ffcc00; color: #ffffff; user-select: text; padding: 10px 20px; font-size: 16px; line-height: 1.5; border-radius: 0px; -webkit-appearance: none; margin: 1em 0px;\" title=\"Tag No. 6 - Zadar\" href=\"\/2019\/08\/12\/tag-no-6-zadar\/\" data-action=\"button\" data-title=\"Sunny Side Down\"> Sunny Side Down\u00a0 \u00a0\u00a0<\/a><\/p><p>\u00a0<\/p><\/div><\/div><\/div><div class=\"j-module n j-text j-blog-post--tags-wrapper\"><span class=\"j-blog-post--tags--template\" style=\"display: none;\"><a class=\"j-blog-post--tag\" href=\"https:\/\/www.gluecksmuskel.de\/hectors-reisen\/?tag=tagPlaceholder\">tagPlaceholder<\/a><\/span><span class=\"j-blog-post--tags-label\" style=\"display: none;\">Tags:<\/span><\/div><div class=\"n j-comment\"><div id=\"commentsModule12541433026\"><p id=\"skiptoform12541433026\" class=\"skiptoform\"><a href=\"#\" data-id=\"12541433026\" data-action=\"goToForm\">Kommentar schreiben<\/a><\/p><div id=\"numComments12541433026\" class=\"j-blog-comment-counter\">Kommentare: <i class=\"cc-comments-count\">0<\/i><\/div><ul id=\"commentOutput12541433026\" class=\"com-list-noava\"><li id=\"commentFormContainer12541433026\" class=\"commentstd clearover\"><strong class=\"number\">#1<\/strong><br \/><div class=\"com-meta\">\u00a0<\/div><p><a name=\"commentForm12541433026\"><\/a><\/p><div class=\"commententry cc-com-entry\"><form id=\"commentform12541433026\" action=\"\" enctype=\"application\/x-www-form-urlencoded\" method=\"post\"><div><label class=\"required\" for=\"name12541433026\">Name: *<\/label><br \/><input id=\"name12541433026\" class=\"single\" name=\"name\" type=\"text\" value=\"\" \/><\/div><div><label class=\"required\" for=\"comment12541433026\">Eintrag: *<\/label><br \/><textarea id=\"comment12541433026\" cols=\"80\" name=\"comment\" rows=\"6\"><\/textarea><\/div><div><label class=\"required\" for=\"privacyPolicy12541433026\">Es gilt die <a href=\"\/j\/privacy\" target=\"_blank\" rel=\"noopener noreferrer\">Datenschutzerkl\u00e4rung<\/a>. *<\/label><br \/><input name=\"privacyPolicy\" type=\"hidden\" value=\"0\" \/><input id=\"privacyPolicy12541433026\" name=\"privacyPolicy\" type=\"checkbox\" value=\"1\" \/><\/div><div><input id=\"submit12541433026\" name=\"Senden\" type=\"submit\" value=\"Senden\" \/><\/div><dl class=\"zend_form\"><dt id=\"mandFields-label\"><\/dt><\/dl><div style=\"margin-top: 4px;\">* Pflichtfelder<\/div><\/form><\/div><div class=\"c\">\u00a0<\/div><\/li><\/ul><div id=\"commentError12541433026\" class=\"message-error\" style=\"display: none;\">\u00a0<\/div><div id=\"commentSuccess12541433026\" class=\"message-ok\" style=\"display: none;\">\u00a0<\/div><\/div><p><script>\/\/ <![CDATA[ window.regModule(\"module_comment\", {\"data\":{\"id\":\"12541433026\",\"closed\":\"0\",\"captcha\":\"f940899e1eead4877893b51279b9a5de\",\"avatar\":false,\"lang\":{\"comment\":\"Kommentar\",\"comments\":\"Kommentare\"}}}); \/\/ ]]> <\/script><\/p><\/div><\/article><p>\u00a0<\/p>","_et_gb_content_width":"","footnotes":""},"categories":[11],"tags":[],"class_list":["post-2110","post","type-post","status-publish","format-standard","has-post-thumbnail","hentry","category-kroatien"],"_links":{"self":[{"href":"https:\/\/www.planbwagen.de\/fr\/wp-json\/wp\/v2\/posts\/2110","targetHints":{"allow":["GET"]}}],"collection":[{"href":"https:\/\/www.planbwagen.de\/fr\/wp-json\/wp\/v2\/posts"}],"about":[{"href":"https:\/\/www.planbwagen.de\/fr\/wp-json\/wp\/v2\/types\/post"}],"author":[{"embeddable":true,"href":"https:\/\/www.planbwagen.de\/fr\/wp-json\/wp\/v2\/users\/1"}],"replies":[{"embeddable":true,"href":"https:\/\/www.planbwagen.de\/fr\/wp-json\/wp\/v2\/comments?post=2110"}],"version-history":[{"count":10,"href":"https:\/\/www.planbwagen.de\/fr\/wp-json\/wp\/v2\/posts\/2110\/revisions"}],"predecessor-version":[{"id":8766,"href":"https:\/\/www.planbwagen.de\/fr\/wp-json\/wp\/v2\/posts\/2110\/revisions\/8766"}],"wp:featuredmedia":[{"embeddable":true,"href":"https:\/\/www.planbwagen.de\/fr\/wp-json\/wp\/v2\/media\/3667"}],"wp:attachment":[{"href":"https:\/\/www.planbwagen.de\/fr\/wp-json\/wp\/v2\/media?parent=2110"}],"wp:term":[{"taxonomy":"category","embeddable":true,"href":"https:\/\/www.planbwagen.de\/fr\/wp-json\/wp\/v2\/categories?post=2110"},{"taxonomy":"post_tag","embeddable":true,"href":"https:\/\/www.planbwagen.de\/fr\/wp-json\/wp\/v2\/tags?post=2110"}],"curies":[{"name":"wp","href":"https:\/\/api.w.org\/{rel}","templated":true}]}}