{"id":1618,"date":"2019-11-07T19:22:41","date_gmt":"2019-11-07T19:22:41","guid":{"rendered":""},"modified":"2020-09-15T09:25:12","modified_gmt":"2020-09-15T09:25:12","slug":"tag-no-64-ein-schoner-tag-praia-dos-alteirinhos","status":"publish","type":"post","link":"https:\/\/www.planbwagen.de\/fr\/portugal\/jour-no-64-une-belle-journee-praia-dos-alteirinhos\/","title":{"rendered":"Jour No. 64 - Une belle journ\u00e9e ... - Praia dos Alteirinhos"},"content":{"rendered":"<p>[et_pb_section fb_built=&#8220;1&#8243; _builder_version=&#8220;3.22&#8243;][et_pb_row _builder_version=&#8220;4.5.1&#8243; _module_preset=&#8220;default&#8220;][et_pb_column _builder_version=&#8220;4.5.1&#8243; _module_preset=&#8220;default&#8220; type=&#8220;4_4&#8243;][et_pb_image src=&#8220;https:\/\/www.planbwagen.de\/wp-content\/uploads\/2020\/09\/1-36.jpg&#8220; _builder_version=&#8220;4.5.1&#8243; _module_preset=&#8220;default&#8220; title_text=&#8220;1&#8243; hover_enabled=&#8220;0&#8243;][\/et_pb_image][et_pb_text _builder_version=&#8220;4.5.1&#8243; _module_preset=&#8220;default&#8220; hover_enabled=&#8220;0&#8243;]<\/p>\n<p style=\"text-align: center;\"><em><strong><span style=\"font-size: 18px;\">&#8222;Ein sch\u00f6ner Tag! &#8211; Die Welt steht still, ein sch\u00f6ner Tag!<\/span><\/strong><\/em><\/p>\n<p style=\"text-align: center;\"><em><strong><span style=\"font-size: 18px;\">Komm, Welt, lass dich umarmen, welch ein Tag!&#8220;<\/span><\/strong><\/em><\/p>\n<p>[\/et_pb_text][et_pb_text _builder_version=&#8220;4.5.1&#8243; _module_preset=&#8220;default&#8220; hover_enabled=&#8220;0&#8243;]<\/p>\n<p>En voyage aussi, il y a des jours comme \u00e7a. Aujourd'hui, c'\u00e9tait un de ces jours-l\u00e0, un jour tellement magnifique qu'on aurait vraiment voulu embrasser le monde. - Nous avons \u00e9t\u00e9 r\u00e9veill\u00e9s par le soleil et, bien qu'il ne fasse pas vraiment chaud, il ne faisait pas froid non plus. - Le matin, nous avons d\u00fb r\u00e9gler quelques questions d'organisation, t\u00e9l\u00e9phoner \u00e0 notre conseiller fiscal, demander quelques conseils \u00e0 nos voisins, les experts du Portugal, faire un peu d'exercice matinal et ainsi de suite. D'une certaine mani\u00e8re, tout s'est d\u00e9roul\u00e9 de mani\u00e8re relativement d\u00e9tendue.<\/p>\n<p>L'apr\u00e8s-midi, nous avons repris nos v\u00e9los pour explorer la c\u00f4te. Mais aujourd'hui, nous devions nous diriger un peu vers le sud. Peu apr\u00e8s le village, le sentier de randonn\u00e9e Rota Vicentina a repris. - Il nous a men\u00e9s en haut des falaises. Apr\u00e8s quelques centaines de m\u00e8tres, on a d\u00e9j\u00e0 une vue fantastique sur une longue plage de sable. C\u00f4t\u00e9 terre, bord\u00e9e par la falaise, la plage est prot\u00e9g\u00e9e \u00e0 nos pieds - mais comment descendre ? - Nous d\u00e9couvrons alors une \u00e9troite passerelle en bois. Elle nous m\u00e8ne en bas par de nombreuses marches. Nous avons tout de suite compris que cette plage d\u00e9serte \u00e9tait la n\u00f4tre.<\/p>\n<p>[\/et_pb_text][\/et_pb_column][\/et_pb_row][et_pb_row _builder_version=&#8220;4.5.1&#8243; _module_preset=&#8220;default&#8220; column_structure=&#8220;1_3,1_3,1_3&#8243;][et_pb_column _builder_version=&#8220;4.5.1&#8243; _module_preset=&#8220;default&#8220; type=&#8220;1_3&#8243;][et_pb_image src=&#8220;https:\/\/www.planbwagen.de\/wp-content\/uploads\/2020\/09\/2-30.jpg&#8220; _builder_version=&#8220;4.5.1&#8243; _module_preset=&#8220;default&#8220; title_text=&#8220;2&#8243; hover_enabled=&#8220;0&#8243;][\/et_pb_image][\/et_pb_column][et_pb_column _builder_version=&#8220;4.5.1&#8243; _module_preset=&#8220;default&#8220; type=&#8220;1_3&#8243;][et_pb_image src=&#8220;https:\/\/www.planbwagen.de\/wp-content\/uploads\/2020\/09\/3-27.jpg&#8220; _builder_version=&#8220;4.5.1&#8243; _module_preset=&#8220;default&#8220; title_text=&#8220;3&#8243; hover_enabled=&#8220;0&#8243;][\/et_pb_image][\/et_pb_column][et_pb_column _builder_version=&#8220;4.5.1&#8243; _module_preset=&#8220;default&#8220; type=&#8220;1_3&#8243;][et_pb_image src=&#8220;https:\/\/www.planbwagen.de\/wp-content\/uploads\/2020\/09\/4-21.jpg&#8220; _builder_version=&#8220;4.5.1&#8243; _module_preset=&#8220;default&#8220; title_text=&#8220;4&#8243; hover_enabled=&#8220;0&#8243;][\/et_pb_image][\/et_pb_column][\/et_pb_row][et_pb_row _builder_version=&#8220;4.5.1&#8243; _module_preset=&#8220;default&#8220;][et_pb_column _builder_version=&#8220;4.5.1&#8243; _module_preset=&#8220;default&#8220; type=&#8220;4_4&#8243;][et_pb_text _builder_version=&#8220;4.5.1&#8243; _module_preset=&#8220;default&#8220; hover_enabled=&#8220;0&#8243;]<\/p>\n<p>Parall\u00e8lement au chemin, un petit ruisseau s'\u00e9lan\u00e7ait vers le bord pour s'y d\u00e9verser en cascade. - A peine arriv\u00e9 en bas, j'ai compris qu'il fallait se baigner. - C'est vrai, pas \"peut\", mais \"doit\", le contraire aurait \u00e9t\u00e9 criminel. - O\u00f9 peut-on encore trouver cela ? Une plage immense, des vagues, une falaise, une cascade et tout cela sans une seule \u00e2me humaine ? Torgit me regarde encore avec un peu d'irritation me d\u00e9barrasser de tous mes v\u00eatements en quelques secondes et courir dans l'eau. - Bon, j'avoue, apr\u00e8s quelques m\u00e8tres, je me suis arr\u00eat\u00e9, 14 degr\u00e9s, c'est d\u00e9j\u00e0 un peu frais. Mais s'asseoir dans les vagues, \u00e7a n'a pas de prix. - Mais ce que j'ai trouv\u00e9 particuli\u00e8rement excitant, c'est de prendre ensuite une douche sous la cascade. Par rapport \u00e0 la mer, l'eau douce m'a m\u00eame sembl\u00e9 un peu plus chaude. - Les photos de cette s\u00e9ance de douche ont malheureusement d\u00fb \u00eatre supprim\u00e9es en raison de l'autocontr\u00f4le volontaire.<\/p>\n<p>Apr\u00e8s une premi\u00e8re h\u00e9sitation, Torgit s'est lui aussi rapidement mis \u00e0 l'eau. Un seul randonneur a jet\u00e9 un coup d'\u0153il par-dessus la falaise, nous a vus, a pris ses photos et a disparu. Pour le journal naturiste, ce ne sera sans doute pas suffisant. Entre-temps, le soleil nous avait s\u00e9ch\u00e9s et nous d\u00e9cidons de faire une promenade sur la plage qui a fait son temps.<\/p>\n<p>[\/et_pb_text][et_pb_image src=&#8220;https:\/\/www.planbwagen.de\/wp-content\/uploads\/2020\/09\/5-19.jpg&#8220; _builder_version=&#8220;4.5.1&#8243; _module_preset=&#8220;default&#8220; title_text=&#8220;5&#8243; hover_enabled=&#8220;0&#8243;][\/et_pb_image][et_pb_text _builder_version=&#8220;4.5.1&#8243; _module_preset=&#8220;default&#8220; hover_enabled=&#8220;0&#8243;]<\/p>\n<p>Nachdem wir noch ein wenig \u00fcber die Klippen geklettert sind, konnten wir sogar den n\u00e4chsten und \u00fcbern\u00e4chsten Strand erkunden. Als ich \u00fcber die letzte Klippe klettere, fragt Torgit mich, ob es hier noch weiter geht. Ich sage nein, doch versuche es dennoch. Torgit versinkt bei Ihrem Versuch einen Weg zwischen zwei Klippen zu finden &#8222;ein wenig&#8220; in der n\u00e4chsten Welle. Doch dies f\u00f6rdert ehr den Spa\u00df, als das es ihn nimmt. &#8211; Einfach dumm aufs Meer zu schauen, nett, sehr, sehr nett. Als die Sonne uns nicht mehr genug w\u00e4rmt, machten wir uns auf den Heimweg. &#8211; Unterwegs merken wir, wie ausgek\u00fchlt wir sind.<\/p>\n<p>Uns war schnell klar, was es somit heute zum Abendessen gibt. &#8211; Suppe macht nicht nur gl\u00fccklich, sondern auch lecker warm. Abends kommen Gabi und Rainer, unsere aktuellen Nachbarn noch auf ein, zwei, drei Glas Rotwein vorbei. &#8211; Es ist spannend und am\u00fcsant zugleich, die Eindr\u00fccke der Generation T2 Bulli, alter Windsurfer der ersten Generation, in Verbindung mit dem T5 zu h\u00f6ren. Die Geschichten erinnern mich ein wenig an meine Anf\u00e4nge im Tauchen. Damals als &#8222;when Sex was safe and Diving dangerous &#8222;. Windsurfen hie\u00df noch Brett- oder Stehsegeln, die Auswahl der Bretter beschr\u00e4nkte sich zu ihren Anf\u00e4ngen wohl auf zwei Bretter: Den Windglider und den Windsurfer. &#8211; Die Geschichten h\u00f6ren sich ebenso spannend an, wie der Ausbau des ersten eigenen Postbullis. &#8222;Wir hatten keine Ahnung davon, doch wir haben das einfach gemacht. Auch heute wei\u00df ich nicht, wie ein Moto funktioniert, doch ich habe schon einige Motoren auf der K\u00fcchenbank zerlegt&#8220; Vieles hat sich in den letzten 40 Jahren getan. Ich habe keine Ahnung, wie die das damals ohne Youtube, facebook, Wiki und sonstiger Schwarmintelligenz hinbekommen haben. &#8211; Ein netter Abschluss. &#8211; Solche Tage kann es gerne \u00f6fters geben.<\/p>\n<p>Addendum : Les deux jeunes gens nous ont envoy\u00e9 une photo de leur Bulli depuis chez eux. - Nous pensons que cela a sa place ici.<\/p>\n<p>[\/et_pb_text][et_pb_image src=&#8220;https:\/\/www.planbwagen.de\/wp-content\/uploads\/2020\/09\/6-16.jpg&#8220; _builder_version=&#8220;4.5.1&#8243; _module_preset=&#8220;default&#8220; title_text=&#8220;6&#8243; hover_enabled=&#8220;0&#8243;][\/et_pb_image][et_pb_text _builder_version=&#8220;4.5.1&#8243; _module_preset=&#8220;default&#8220; hover_enabled=&#8220;0&#8243;]<\/p>\n<div id=\"cc-m-12563886326\" class=\"j-module n j-text\">\n<p>Torgit&#8217;s Erkenntnis des Tages: Es geht doch, auch wenn man, sorry Frau dabei auch mal baden geht. &#8211; &#8222;Sag mir nie, nie ich kann das nicht&#8220;<\/p>\n<p>&nbsp;<\/p>\n<p style=\"text-align: center;\"><em><strong><span style=\"font-size: 18px;\">&#8222;Denn du bist da, u<\/span><\/strong><strong><span style=\"font-size: 18px;\">et chaque r\u00eave \u00e0 port\u00e9e de main.<\/span><\/strong><\/em><\/p>\n<p style=\"text-align: center;\">\u00a0<em><strong><span style=\"font-size: 18px;\">Le bonheur a un nom, w<\/span><\/strong><strong><span style=\"font-size: 18px;\">elch ein Tag!&#8220;<\/span><\/strong><\/em><\/p>\n<\/div>\n<div id=\"cc-m-12573428626\" class=\"j-module n j-text\"><\/div>\n<p>[\/et_pb_text][\/et_pb_column][\/et_pb_row][\/et_pb_section]<\/p>","protected":false},"excerpt":{"rendered":"<p>[et_pb_section fb_built=&#8220;1&#8243; _builder_version=&#8220;3.22&#8243;][et_pb_row _builder_version=&#8220;4.5.1&#8243; _module_preset=&#8220;default&#8220;][et_pb_column _builder_version=&#8220;4.5.1&#8243; _module_preset=&#8220;default&#8220; type=&#8220;4_4&#8243;][et_pb_image src=&#8220;https:\/\/www.planbwagen.de\/wp-content\/uploads\/2020\/09\/1-36.jpg&#8220; _builder_version=&#8220;4.5.1&#8243; _module_preset=&#8220;default&#8220; title_text=&#8220;1&#8243; hover_enabled=&#8220;0&#8243;][\/et_pb_image][et_pb_text _builder_version=&#8220;4.5.1&#8243; _module_preset=&#8220;default&#8220; hover_enabled=&#8220;0&#8243;] &#8222;Ein sch\u00f6ner Tag! &#8211; Die Welt steht still, ein sch\u00f6ner Tag! Komm, Welt, lass dich umarmen, welch ein Tag!&#8220; [\/et_pb_text][et_pb_text _builder_version=&#8220;4.5.1&#8243; _module_preset=&#8220;default&#8220; hover_enabled=&#8220;0&#8243;] Auch auf Reisen gibt es solche und solche Tage. Heute war ein solcher, ein solch pr\u00e4chtiger [&hellip;]<\/p>","protected":false},"author":1,"featured_media":3948,"comment_status":"open","ping_status":"open","sticky":false,"template":"","format":"standard","meta":{"_et_pb_use_builder":"on","_et_pb_old_content":"<p>\u00a0<\/p><div id=\"content_start\">\u00a0<\/div><article class=\"j-blog\"><div class=\"n j-blog-meta j-blog-post--header\"><div class=\"j-text j-module n\"><a class=\"j-blog-post--category\" href=\"https:\/\/www.gluecksmuskel.de\/hectors-reisen\/portugal\/\"> Portugal <\/a> \u00a0\u00b7\u00a0 <span class=\"j-text j-blog-post--date\"> 07. November 2019 <\/span><\/div><h1 class=\"j-blog-header j-blog-headline j-blog-post--headline\">Tag No. 64 - Ein sch\u00f6ner Tag ... - Praia dos Alteirinhos<\/h1><\/div><div class=\"post j-blog-content\"><div id=\"cc-matrix-3602254126\"><div id=\"cc-m-12551548726\" class=\"j-module n j-imageSubtitle \"><figure class=\"cc-imagewrapper cc-m-image-align-1 cc-m-width-maxed\"><img id=\"cc-m-imagesubtitle-image-12551548726\" class=\"\" src=\"https:\/\/planbwagen.de\/wp-content\/uploads\/2020\/07\/image-4-5-9.jpg\" sizes=\"(min-width: 798px) 798px, 100vw\" alt=\"\" data-src-width=\"16382\" data-src-height=\"3724\" data-src=\"https:\/\/planbwagen.de\/wp-content\/uploads\/2020\/07\/image-4-5-9.jpg\" data-image-id=\"8110389626\" data-pfsrc=\"https:\/\/planbwagen.de\/wp-content\/uploads\/2020\/07\/image-4-5-9.jpg\" \/><\/figure><div class=\"cc-clear\">\u00a0<\/div><\/div><div id=\"cc-m-12551548626\" class=\"j-module n j-text \"><p style=\"text-align: center;\"><em><strong><span style=\"font-size: 18px;\">\"Ein sch\u00f6ner Tag! - Die Welt steht still, ein sch\u00f6ner Tag!<\/span><\/strong><\/em><\/p><p style=\"text-align: center;\"><em><strong><span style=\"font-size: 18px;\">Komm, Welt, lass dich umarmen, welch ein Tag!\"<\/span><\/strong><\/em><\/p><p>Auch auf Reisen gibt es solche und solche Tage. Heute war ein solcher, ein solch pr\u00e4chtiger Tag, dass man die Welt wirklich am liebsten einfach umarmt h\u00e4tte. - Wir wurden von der Sonne geweckt und obwohl es nicht richtig warm war, war es auch nicht kalt. - Am Vormittag hatten wir noch ein paar organisatorische Dinge zu erledigen, mit dem Steuerberater telefonieren, von unseren Nachbarn, den Portugal-Experten, ein paar Tipps abstauben, ein wenig Fr\u00fchsport und so weiter. Irgendwie lief alles relativ relaxt ab.<\/p><p>\u00a0<\/p><p>Am Nachmittag haben wir uns dann aufgemacht mit den Fahrr\u00e4dern wieder die K\u00fcste zu erkunden. Doch heute\u00a0sollte es ein wenig Richtung S\u00fcden gehen. Bereits kurz hinter dem Ort, begann wieder der Wanderweg Rota Vicentina. - Dieser f\u00fchrte uns hinauf auf die Klippen. Bereits nach einigen hundert Metern hat man einen fantastischen Ausblick auf einen langen Sandstrand.\u00a0 Zum Land hin, durch die Steilk\u00fcste eingefasst, liegt der Strand gesch\u00fctzt zu unseren F\u00fc\u00dfen - Doch wie runter kommen? - Da entdecken wir\u00a0 einen\u00a0 schmaler Holzsteg.\u00a0Dieser f\u00fchrt\u00a0\u00fcber etliche Stufen nach unten. Uns war sofort klar, dieser menschenlose Strand ist unser.<\/p><p>\u00a0<\/p><\/div><div id=\"cc-m-12551549326\" class=\"j-module n j-gallery \"><div id=\"cc-m-gallery-12551549326\" class=\"cc-m-gallery-container cc-m-gallery-cool clearover\"><div id=\"gallery_thumb_8110389826\" class=\"cc-m-gallery-cool-item\"><div><a rel=\"lightbox[12551549326]\" data-href=\"https:\/\/planbwagen.de\/wp-content\/uploads\/attachments\/image.jpg\" data-title=\"\" data-index=\"0\"> <img style=\"height: 277px; width: 370px; margin-bottom: 3px;\" src=\"https:\/\/planbwagen.de\/wp-content\/uploads\/2020\/07\/image-9-5-4-3.jpg\" alt=\"\" data-orig-width=\"2048\" data-orig-height=\"1536\" \/> <\/a><\/div><\/div><div id=\"gallery_thumb_8110390226\" class=\"cc-m-gallery-cool-item\"><div><a rel=\"lightbox[12551549326]\" data-href=\"https:\/\/planbwagen.de\/wp-content\/uploads\/attachments\/image.jpg\" data-title=\"\" data-index=\"1\"> <img style=\"height: 176px; width: 132px; margin-bottom: 3px; margin-right: 3px;\" src=\"https:\/\/planbwagen.de\/wp-content\/uploads\/2020\/07\/image-6-3-8-7.jpg\" alt=\"\" data-orig-width=\"1536\" data-orig-height=\"2048\" \/> <\/a><\/div><\/div><div id=\"gallery_thumb_8110389926\" class=\"cc-m-gallery-cool-item\"><div><a rel=\"lightbox[12551549326]\" data-href=\"https:\/\/planbwagen.de\/wp-content\/uploads\/attachments\/image.jpg\" data-title=\"\" data-index=\"2\"> <img style=\"height: 176px; width: 235px; margin-bottom: 3px;\" src=\"https:\/\/planbwagen.de\/wp-content\/uploads\/2020\/07\/image-2-5-3-5.jpg\" alt=\"\" data-orig-width=\"2048\" data-orig-height=\"1536\" \/> <\/a><\/div><\/div><\/div><\/div><div id=\"cc-m-12551549226\" class=\"j-module n j-text \"><p>\u00a0<\/p><p>Parallel zum Weg\u00a0schoss ein kleiner Bach zur Kante, um sich dort als Wasserfall zu ergie\u00dfen. - Kaum unten angekommen, war f\u00fcr mich bewusst, hier muss man schwimmen. - Richtig geh\u00f6rt, nicht kann, sondern muss, alles andere w\u00e4re str\u00e4flich gewesen. - Wo gibt es das denn noch? Ein riesiger Strand, Brandung, Cliff, Wasserfall und das alles ohne eine einzige Menschen Seele? - Torgit schaut noch etwas irritiert, wie ich mich in Sekundenschnelle s\u00e4mtlicher Kleidung\u00a0entledige und\u00a0ins Wasser laufe. - O.k. ich gebe zu, nach einigen Metern hielt ich erst mal inne, 14 Grad sind schon etwas frisch.\u00a0Doch\u00a0sich einfach in die Brandung zu setzen, war unbezahlbar.\u00a0- Doch besonders geil fand ich, danach unterm Wasserfall zu duschen. Im Vergleich zum Meer schien mir das S\u00fc\u00dfwasser sogar ein Tacken w\u00e4rmer. - Die Fotos dieser\u00a0Duschsession mussten\u00a0leider aufgrund der freiwilligen Selbstkontrolle entfallen.<\/p><p>\u00a0<\/p><p>Nach erstem Z\u00f6gern, war Torgit ebenfalls schnell im Wasser. Ein einzelner Wanderer blickte \u00fcber die Klippe, sah uns, macht seine Fotos und verschwand wieder. F\u00fcr die FKK Zeitung wird es\u00a0wohl nicht mehr reichen. Inzwischen hatte die Sonne uns getrocknet und wir\u00a0beschlie\u00dfen einen ausgedienten Strandspaziergang zu machen.<\/p><p>\u00a0<\/p><\/div><div id=\"cc-m-12551550726\" class=\"j-module n j-imageSubtitle \"><figure class=\"cc-imagewrapper cc-m-image-align-1 cc-m-width-maxed\"><img id=\"cc-m-imagesubtitle-image-12551550726\" class=\"\" src=\"https:\/\/planbwagen.de\/wp-content\/uploads\/2020\/07\/image-7-8-8-5.jpg\" sizes=\"(min-width: 798px) 798px, 100vw\" alt=\"\" data-src-width=\"16382\" data-src-height=\"3702\" data-src=\"https:\/\/planbwagen.de\/wp-content\/uploads\/2020\/07\/image-7-8-8-5.jpg\" data-image-id=\"8110390326\" data-pfsrc=\"https:\/\/planbwagen.de\/wp-content\/uploads\/2020\/07\/image-7-8-8-5.jpg\" \/><\/figure><div class=\"cc-clear\">\u00a0<\/div><\/div><div id=\"cc-m-12551550626\" class=\"j-module n j-text \"><p>\u00a0<\/p><p>Nachdem wir noch ein wenig \u00fcber die Klippen geklettert sind, konnten wir sogar den n\u00e4chsten und \u00fcbern\u00e4chsten Strand erkunden. Als ich \u00fcber die letzte Klippe klettere, fragt Torgit mich, ob es hier noch weiter geht. Ich sage nein, doch versuche es dennoch. Torgit versinkt bei Ihrem Versuch einen Weg zwischen zwei Klippen zu finden \"ein wenig\" in der n\u00e4chsten Welle. Doch dies f\u00f6rdert ehr den Spa\u00df, als das es ihn nimmt. - Einfach dumm aufs Meer zu schauen, nett, sehr, sehr nett.\u00a0Als die Sonne uns nicht mehr genug w\u00e4rmt,\u00a0machten wir uns auf den Heimweg. - Unterwegs merken wir, wie ausgek\u00fchlt wir sind.<\/p><p>\u00a0<\/p><p>Uns war schnell klar, was es somit heute zum Abendessen gibt. - Suppe macht nicht nur gl\u00fccklich, sondern auch lecker warm.\u00a0Abends kommen Gabi und Rainer, unsere aktuellen Nachbarn noch auf ein, zwei, drei Glas Rotwein vorbei. - Es ist spannend und am\u00fcsant zugleich, die Eindr\u00fccke der Generation T2 Bulli, alter Windsurfer der ersten Generation, in Verbindung mit dem T5 zu h\u00f6ren. Die Geschichten\u00a0erinnern mich ein wenig an meine Anf\u00e4nge im\u00a0Tauchen. Damals als\u00a0 \"when Sex was safe and Diving dangerous \". Windsurfen hie\u00df noch Brett- oder Stehsegeln, die Auswahl der Bretter beschr\u00e4nkte sich zu ihren Anf\u00e4ngen wohl auf zwei Bretter: Den Windglider und den Windsurfer. - Die Geschichten h\u00f6ren sich ebenso spannend an, wie der Ausbau des ersten eigenen Postbullis. \"Wir hatten keine Ahnung davon, doch wir haben das einfach gemacht. Auch heute wei\u00df ich nicht, wie ein Moto funktioniert, doch ich habe schon einige Motoren auf der K\u00fcchenbank zerlegt\" Vieles hat sich in den letzten 40 Jahren getan. Ich habe keine Ahnung, wie die das damals ohne Youtube, facebook, Wiki und sonstiger Schwarmintelligenz hinbekommen haben. - Ein netter Abschluss. - Solche Tage kann es gerne \u00f6fters geben.<\/p><p>\u00a0<\/p><p>Nachtrag: Die Beiden haben uns von Zuhause noch ein Bild von Ihrem Bulli gesandt. - Wir finden, das geh\u00f6rt hier hin.<\/p><p>\u00a0<\/p><\/div><div id=\"cc-m-12563886626\" class=\"j-module n j-imageSubtitle \"><figure class=\"cc-imagewrapper cc-m-image-align-3 cc-m-width-maxed\"><a rel=\"lightbox\" data-href=\"https:\/\/planbwagen.de\/wp-content\/uploads\/attachments\/image.jpg\" data-index=\"0\"><img id=\"cc-m-imagesubtitle-image-12563886626\" class=\"\" src=\"https:\/\/planbwagen.de\/wp-content\/uploads\/2020\/07\/image-1-8-2.jpg\" sizes=\"(min-width: 820px) 820px, 100vw\" alt=\"\" data-src-width=\"1650\" data-src-height=\"1122\" data-src=\"https:\/\/planbwagen.de\/wp-content\/uploads\/2020\/07\/image-1-8-2.jpg\" data-image-id=\"8119879726\" data-pfsrc=\"https:\/\/planbwagen.de\/wp-content\/uploads\/2020\/07\/image-1-8-2.jpg\" \/><\/a><\/figure><div class=\"cc-clear\">\u00a0<\/div><\/div><div id=\"cc-m-12563886326\" class=\"j-module n j-text \"><p>\u00a0<\/p><p>Torgit's Erkenntnis des Tages: Es geht doch, auch wenn man, sorry Frau dabei auch mal baden geht. - \"Sag mir nie, nie ich kann das nicht\"<\/p><p>\u00a0<\/p><p style=\"text-align: center;\"><em><strong><span style=\"font-size: 18px;\">\"Denn du bist da, u<\/span><\/strong><strong><span style=\"font-size: 18px;\">nd jeder Traum zum Greifen nah.<\/span><\/strong><\/em><\/p><p>\u00a0<\/p><p style=\"text-align: center;\">\u00a0<em><strong><span style=\"font-size: 18px;\">Das Gl\u00fcck hat einen\u00a0 Namen, w<\/span><\/strong><strong><span style=\"font-size: 18px;\">elch ein Tag!\"<\/span><\/strong><\/em><\/p><\/div><div id=\"cc-m-12573428626\" class=\"j-module n j-text \"><p style=\"text-align: right;\"><a class=\"j-calltoaction-link j-calltoaction-link-style-2\" style=\"font-size: 16px; background-color: #ffcc00; border-width: 2px; border-color: #ffcc00; color: #ffffff; user-select: text; padding: 10px 20px; line-height: 1.5; border-radius: 0px; -webkit-appearance: none; margin: 1em 0px;\" title=\"Tag No. 65 - Die L\u00f6ffelliste - Zambujeira do Mar\" href=\"\/2019\/11\/08\/tag-no\/\" data-action=\"button\" data-title=\"Sunny Side Up\"> Sunny Side Up\u00a0 \u00a0\u00a0<\/a><\/p><p style=\"text-align: right;\"><a class=\"j-calltoaction-link j-calltoaction-link-style-2\" style=\"background-color: #ffcc00; border-width: 2px; border-color: #ffcc00; color: #ffffff; user-select: text; padding: 10px 20px; font-size: 16px; line-height: 1.5; border-radius: 0px; -webkit-appearance: none; margin: 1em 0px;\" title=\"Tag No. 63 - Absturz !\" href=\"\/2019\/11\/06\/tag-no-63-absturz\/\" data-action=\"button\" data-title=\"Sunny Side Down\"> Sunny Side Down\u00a0 \u00a0\u00a0<\/a><\/p><\/div><\/div><\/div><div class=\"j-module n j-text j-blog-post--tags-wrapper\"><span class=\"j-blog-post--tags--template\" style=\"display: none;\"><a class=\"j-blog-post--tag\" href=\"https:\/\/www.gluecksmuskel.de\/hectors-reisen\/?tag=tagPlaceholder\">tagPlaceholder<\/a><\/span><span class=\"j-blog-post--tags-label\" style=\"display: none;\">Tags:<\/span><\/div><div class=\"n j-comment\"><div id=\"commentsModule12551548426\"><p id=\"skiptoform12551548426\" class=\"skiptoform\"><a href=\"#\" data-id=\"12551548426\" data-action=\"goToForm\">Kommentar schreiben<\/a><\/p><div id=\"numComments12551548426\" class=\"j-blog-comment-counter\">Kommentare: <i class=\"cc-comments-count\">0<\/i><\/div><ul id=\"commentOutput12551548426\" class=\"com-list-noava\"><li id=\"commentFormContainer12551548426\" class=\"commentstd clearover cc-m-comment-loading\"><a name=\"commentForm12551548426\"><\/a><\/li><\/ul><div id=\"commentError12551548426\" class=\"message-error\" style=\"display: none;\">\u00a0<\/div><div id=\"commentSuccess12551548426\" class=\"message-ok\" style=\"display: none;\">\u00a0<\/div><\/div><p><script>\/\/ <![CDATA[ window.regModule(\"module_comment\", {\"data\":{\"id\":\"12551548426\",\"closed\":\"0\",\"captcha\":\"6feea219bb27722d8b210cbcc47ee1f7\",\"avatar\":false,\"lang\":{\"comment\":\"Kommentar\",\"comments\":\"Kommentare\"}}}); \/\/ ]]> <\/script><\/p><\/div><\/article><p>\u00a0<\/p>","_et_gb_content_width":"","footnotes":""},"categories":[8],"tags":[],"class_list":["post-1618","post","type-post","status-publish","format-standard","has-post-thumbnail","hentry","category-portugal"],"_links":{"self":[{"href":"https:\/\/www.planbwagen.de\/fr\/wp-json\/wp\/v2\/posts\/1618","targetHints":{"allow":["GET"]}}],"collection":[{"href":"https:\/\/www.planbwagen.de\/fr\/wp-json\/wp\/v2\/posts"}],"about":[{"href":"https:\/\/www.planbwagen.de\/fr\/wp-json\/wp\/v2\/types\/post"}],"author":[{"embeddable":true,"href":"https:\/\/www.planbwagen.de\/fr\/wp-json\/wp\/v2\/users\/1"}],"replies":[{"embeddable":true,"href":"https:\/\/www.planbwagen.de\/fr\/wp-json\/wp\/v2\/comments?post=1618"}],"version-history":[{"count":6,"href":"https:\/\/www.planbwagen.de\/fr\/wp-json\/wp\/v2\/posts\/1618\/revisions"}],"predecessor-version":[{"id":7939,"href":"https:\/\/www.planbwagen.de\/fr\/wp-json\/wp\/v2\/posts\/1618\/revisions\/7939"}],"wp:featuredmedia":[{"embeddable":true,"href":"https:\/\/www.planbwagen.de\/fr\/wp-json\/wp\/v2\/media\/3948"}],"wp:attachment":[{"href":"https:\/\/www.planbwagen.de\/fr\/wp-json\/wp\/v2\/media?parent=1618"}],"wp:term":[{"taxonomy":"category","embeddable":true,"href":"https:\/\/www.planbwagen.de\/fr\/wp-json\/wp\/v2\/categories?post=1618"},{"taxonomy":"post_tag","embeddable":true,"href":"https:\/\/www.planbwagen.de\/fr\/wp-json\/wp\/v2\/tags?post=1618"}],"curies":[{"name":"wp","href":"https:\/\/api.w.org\/{rel}","templated":true}]}}