{"id":16078,"date":"2023-06-15T14:33:09","date_gmt":"2023-06-15T12:33:09","guid":{"rendered":"https:\/\/www.planbwagen.de\/?p=16078"},"modified":"2023-10-31T11:57:49","modified_gmt":"2023-10-31T09:57:49","slug":"palazzo-vetrano-unser-nachhaltigkeitskonzept-nachhaltig-reisen","status":"publish","type":"post","link":"https:\/\/www.planbwagen.de\/fr\/ccc-camper-cleanup-campaign\/palazzo-vetrano-notre-concept-de-durabilite-voyager-durablement\/","title":{"rendered":"PALAZZO VETRANO - Notre concept de durabilit\u00e9 - Voyager de mani\u00e8re durable ?? ?? ??"},"content":{"rendered":"<p>[et_pb_section fb_built=&#8220;1&#8243; _builder_version=&#8220;4.5.1&#8243; _module_preset=&#8220;default&#8220;][et_pb_row _builder_version=&#8220;4.5.1&#8243; _module_preset=&#8220;default&#8220;][et_pb_column type=&#8220;4_4&#8243; _builder_version=&#8220;4.5.1&#8243; _module_preset=&#8220;default&#8220;][et_pb_text _builder_version=&#8220;4.5.1&#8243; _module_preset=&#8220;default&#8220;]<\/p>\n<p>Tu souhaites \u00e9galement r\u00e9duire ton empreinte \u00e9cologique lorsque tu voyages ? Comment pouvons-nous t'aider ?<\/p>\n<p>Nous consid\u00e9rons cela comme notre contribution commune \u00e0 la r\u00e9duction de l'impact sur l'environnement, \u00e0 la pr\u00e9servation des ressources naturelles et \u00e0 la promotion d'un comportement socialement responsable, sans pour autant faire la le\u00e7on. Nous ne voulons pas non plus montrer du doigt.<\/p>\n<p>Mais comment concilier les int\u00e9r\u00eats \u00e9cologiques, \u00e9conomiques et sociaux sous le toit d'un logement de vacances ?<\/p>\n<p>Nous nous sommes vite rendu compte que ce n'\u00e9tait pas si simple. La Sicile et Palerme en particulier ne sont certainement pas des phares en mati\u00e8re de pens\u00e9e et d'action durables.<\/p>\n<p>La r\u00e9duction du plastique, le tri des d\u00e9chets semblent \u00eatre des mots \u00e9trangers. Mais il y a aussi du positif \u00e0 signaler. Les premiers arr\u00eats de bus sont actuellement \u00e9quip\u00e9s de stations de recharge. Et dans le domaine du march\u00e9 du stockage, l'Italie et surtout la Sicile sont consid\u00e9r\u00e9es, avec l'Allemagne, comme des pr\u00e9curseurs en mati\u00e8re d'\u00e9nergie renouvelable.<\/p>\n<p>Il y a beaucoup \u00e0 faire. C'est pourquoi nous ne voulons pas nous emp\u00eacher d'apporter notre modeste contribution.<br \/> Oui, le mot modeste a \u00e9galement \u00e9t\u00e9 choisi \u00e0 dessein. Car nous n'en sommes certainement qu'au d\u00e9but. Nous apportons notre contribution dans la mesure de nos possibilit\u00e9s. Librement selon la devise<\/p>\n<p>[\/et_pb_text][\/et_pb_column][\/et_pb_row][et_pb_row _builder_version=&#8220;4.5.1&#8243; _module_preset=&#8220;default&#8220;][et_pb_column type=&#8220;4_4&#8243; _builder_version=&#8220;4.5.1&#8243; _module_preset=&#8220;default&#8220;][et_pb_text _builder_version=&#8220;4.5.1&#8243; _module_preset=&#8220;default&#8220;]<\/p>\n<p style=\"text-align: center;\"><strong><em>&#8222;Was wir heute tun, entscheidet dar\u00fcber, wie die Welt morgen aussieht.\u201d<\/em><\/strong><br \/><strong><em> - Marie Freifrau Ebner von Eschenbach<\/em><\/strong><\/p>\n<p>[\/et_pb_text][\/et_pb_column][\/et_pb_row][et_pb_row column_structure=&#8220;1_2,1_2&#8243; _builder_version=&#8220;4.5.1&#8243; _module_preset=&#8220;default&#8220;][et_pb_column type=&#8220;1_2&#8243; _builder_version=&#8220;4.5.1&#8243; _module_preset=&#8220;default&#8220;][et_pb_image src=&#8220;https:\/\/www.planbwagen.de\/wp-content\/uploads\/2023\/06\/69d5ed8c-8b3b-483a-a8ae-d5b294ebf6f4-1024&#215;682.jpg&#8220; title_text=&#8220;69d5ed8c-8b3b-483a-a8ae-d5b294ebf6f4&#8243; _builder_version=&#8220;4.5.1&#8243; _module_preset=&#8220;default&#8220;][\/et_pb_image][\/et_pb_column][et_pb_column type=&#8220;1_2&#8243; _builder_version=&#8220;4.5.1&#8243; _module_preset=&#8220;default&#8220;][et_pb_image src=&#8220;https:\/\/www.planbwagen.de\/wp-content\/uploads\/2023\/06\/d1efdc9b-0902-479f-8d9f-b288089c15fe-1-1024&#215;683.jpg&#8220; title_text=&#8220;d1efdc9b-0902-479f-8d9f-b288089c15fe&#8220; _builder_version=&#8220;4.5.1&#8243; _module_preset=&#8220;default&#8220;][\/et_pb_image][\/et_pb_column][\/et_pb_row][et_pb_row _builder_version=&#8220;4.5.1&#8243; _module_preset=&#8220;default&#8220;][et_pb_column type=&#8220;4_4&#8243; _builder_version=&#8220;4.5.1&#8243; _module_preset=&#8220;default&#8220;][et_pb_text _builder_version=&#8220;4.5.1&#8243; _module_preset=&#8220;default&#8220;]<\/p>\n<p><span style=\"font-size: 18px;\"><\/span><\/p>\n<p><span style=\"font-size: 18px;\">Quel est notre bilan \u00e9cologique ? Qu'en est-il de notre empreinte \u00e9cologique ?<\/span><\/p>\n<div id=\"ez-toc-container\" class=\"ez-toc-v2_0_76 counter-hierarchy ez-toc-counter ez-toc-grey ez-toc-container-direction\">\n<p class=\"ez-toc-title\" style=\"cursor:inherit\">Content<\/p>\n<label for=\"ez-toc-cssicon-toggle-item-69f4c9b85be9c\" class=\"ez-toc-cssicon-toggle-label\"><span class=\"\"><span class=\"eztoc-hide\" style=\"display:none;\">Toggle<\/span><span class=\"ez-toc-icon-toggle-span\"><svg style=\"fill: #999;color:#999\" xmlns=\"http:\/\/www.w3.org\/2000\/svg\" class=\"list-377408\" width=\"20px\" height=\"20px\" viewbox=\"0 0 24 24\" fill=\"none\"><path d=\"M6 6H4v2h2V6zm14 0H8v2h12V6zM4 11h2v2H4v-2zm16 0H8v2h12v-2zM4 16h2v2H4v-2zm16 0H8v2h12v-2z\" fill=\"currentColor\"><\/path><\/svg><svg style=\"fill: #999;color:#999\" class=\"arrow-unsorted-368013\" xmlns=\"http:\/\/www.w3.org\/2000\/svg\" width=\"10px\" height=\"10px\" viewbox=\"0 0 24 24\" version=\"1.2\" baseprofile=\"tiny\"><path d=\"M18.2 9.3l-6.2-6.3-6.2 6.3c-.2.2-.3.4-.3.7s.1.5.3.7c.2.2.4.3.7.3h11c.3 0 .5-.1.7-.3.2-.2.3-.5.3-.7s-.1-.5-.3-.7zM5.8 14.7l6.2 6.3 6.2-6.3c.2-.2.3-.5.3-.7s-.1-.5-.3-.7c-.2-.2-.4-.3-.7-.3h-11c-.3 0-.5.1-.7.3-.2.2-.3.5-.3.7s.1.5.3.7z\"\/><\/svg><\/span><\/span><\/label><input type=\"checkbox\"  id=\"ez-toc-cssicon-toggle-item-69f4c9b85be9c\"  aria-label=\"Toggle\" \/><nav><ul class='ez-toc-list ez-toc-list-level-1' ><li class='ez-toc-page-1 ez-toc-heading-level-2'><a class=\"ez-toc-link ez-toc-heading-1\" href=\"https:\/\/www.planbwagen.de\/fr\/ccc-camper-cleanup-campaign\/palazzo-vetrano-notre-concept-de-durabilite-voyager-durablement\/#Hier_ein_Katalog_unserer_bisherigen_Massnahmen\" >Voici un catalogue des mesures que nous avons prises jusqu'\u00e0 pr\u00e9sent :<\/a><ul class='ez-toc-list-level-3' ><li class='ez-toc-heading-level-3'><a class=\"ez-toc-link ez-toc-heading-2\" href=\"https:\/\/www.planbwagen.de\/fr\/ccc-camper-cleanup-campaign\/palazzo-vetrano-notre-concept-de-durabilite-voyager-durablement\/#Solare_Stromerzeugung_und_-speicherung\" >Production et stockage d'\u00e9nergie solaire<\/a><\/li><li class='ez-toc-page-1 ez-toc-heading-level-3'><a class=\"ez-toc-link ez-toc-heading-3\" href=\"https:\/\/www.planbwagen.de\/fr\/ccc-camper-cleanup-campaign\/palazzo-vetrano-notre-concept-de-durabilite-voyager-durablement\/#Heizen_%E2%80%93_Trocknen_%E2%80%93_Kuhlen\" >Chauffage - S\u00e9chage - Refroidissement<\/a><\/li><li class='ez-toc-page-1 ez-toc-heading-level-3'><a class=\"ez-toc-link ez-toc-heading-4\" href=\"https:\/\/www.planbwagen.de\/fr\/ccc-camper-cleanup-campaign\/palazzo-vetrano-notre-concept-de-durabilite-voyager-durablement\/#Strom_Licht\" >\u00c9lectricit\u00e9 et lumi\u00e8re<\/a><\/li><li class='ez-toc-page-1 ez-toc-heading-level-3'><a class=\"ez-toc-link ez-toc-heading-5\" href=\"https:\/\/www.planbwagen.de\/fr\/ccc-camper-cleanup-campaign\/palazzo-vetrano-notre-concept-de-durabilite-voyager-durablement\/#Trinkwasser\" >Eau potable<\/a><\/li><li class='ez-toc-page-1 ez-toc-heading-level-3'><a class=\"ez-toc-link ez-toc-heading-6\" href=\"https:\/\/www.planbwagen.de\/fr\/ccc-camper-cleanup-campaign\/palazzo-vetrano-notre-concept-de-durabilite-voyager-durablement\/#Plastik\" >Plastique<\/a><\/li><li class='ez-toc-page-1 ez-toc-heading-level-3'><a class=\"ez-toc-link ez-toc-heading-7\" href=\"https:\/\/www.planbwagen.de\/fr\/ccc-camper-cleanup-campaign\/palazzo-vetrano-notre-concept-de-durabilite-voyager-durablement\/#Einrichtung\" >Installation<\/a><\/li><li class='ez-toc-page-1 ez-toc-heading-level-3'><a class=\"ez-toc-link ez-toc-heading-8\" href=\"https:\/\/www.planbwagen.de\/fr\/ccc-camper-cleanup-campaign\/palazzo-vetrano-notre-concept-de-durabilite-voyager-durablement\/#Anreise\" >Arriv\u00e9e<\/a><\/li><li class='ez-toc-page-1 ez-toc-heading-level-3'><a class=\"ez-toc-link ez-toc-heading-9\" href=\"https:\/\/www.planbwagen.de\/fr\/ccc-camper-cleanup-campaign\/palazzo-vetrano-notre-concept-de-durabilite-voyager-durablement\/#Eigenverantwortung\" >Responsabilit\u00e9 personnelle<\/a><\/li><li class='ez-toc-page-1 ez-toc-heading-level-3'><a class=\"ez-toc-link ez-toc-heading-10\" href=\"https:\/\/www.planbwagen.de\/fr\/ccc-camper-cleanup-campaign\/palazzo-vetrano-notre-concept-de-durabilite-voyager-durablement\/#Essen_Soziales\" >Alimentation &amp; affaires sociales<\/a><\/li><li class='ez-toc-page-1 ez-toc-heading-level-3'><a class=\"ez-toc-link ez-toc-heading-11\" href=\"https:\/\/www.planbwagen.de\/fr\/ccc-camper-cleanup-campaign\/palazzo-vetrano-notre-concept-de-durabilite-voyager-durablement\/#CleanUp\" >CleanUp<\/a><\/li><li class='ez-toc-page-1 ez-toc-heading-level-3'><a class=\"ez-toc-link ez-toc-heading-12\" href=\"https:\/\/www.planbwagen.de\/fr\/ccc-camper-cleanup-campaign\/palazzo-vetrano-notre-concept-de-durabilite-voyager-durablement\/#Fazit\" >Conclusion<\/a><\/li><\/ul><\/li><\/ul><\/nav><\/div>\n<h2><span class=\"ez-toc-section\" id=\"Hier_ein_Katalog_unserer_bisherigen_Massnahmen\"><\/span>Voici un catalogue des mesures que nous avons prises jusqu'\u00e0 pr\u00e9sent :<span class=\"ez-toc-section-end\"><\/span><\/h2>\n<p>&nbsp;<\/p>\n<h3><span class=\"ez-toc-section\" id=\"Solare_Stromerzeugung_und_-speicherung\"><\/span>Production et stockage d'\u00e9nergie solaire<span class=\"ez-toc-section-end\"><\/span><\/h3>\n<p>Le soleil de Sicile apporte une contribution essentielle \u00e0 notre concept de durabilit\u00e9. Il brille en moyenne 7,4 heures par jour. Cela n'est pas seulement bon pour l'\u00e2me, pour le taux de vitamine D, mais surtout pour notre environnement.<\/p>\n<h3><span class=\"ez-toc-section\" id=\"Heizen_%E2%80%93_Trocknen_%E2%80%93_Kuhlen\"><\/span>Chauffage - S\u00e9chage - Refroidissement<span class=\"ez-toc-section-end\"><\/span><\/h3>\n<p>L'\u00e9nergie renouvelable apporte ici une contribution essentielle. La pompe \u00e0 chaleur du climatiseur split \u00e0 haute efficacit\u00e9 \u00e9nerg\u00e9tique ne permet pas seulement d'utiliser la chaleur ambiante naturelle de l'air. Elle sert \u00e9galement de source de chaleur primaire. Sans CO2 gr\u00e2ce \u00e0 une combinaison avec une installation solaire\/photovolta\u00efque, un accumulateur d'\u00e9lectricit\u00e9 et de l'\u00e9lectricit\u00e9 verte.<\/p>\n<p>L'appartement dispose \u00e9galement d'une chaudi\u00e8re \u00e0 condensation Bosch de derni\u00e8re g\u00e9n\u00e9ration. Celle-ci n'est toutefois con\u00e7ue que comme source de chaleur secondaire et syst\u00e8me fall-back.<\/p>\n<h3><span class=\"ez-toc-section\" id=\"Strom_Licht\"><\/span>\u00c9lectricit\u00e9 et lumi\u00e8re<span class=\"ez-toc-section-end\"><\/span><\/h3>\n<p>Le rendu des couleurs, le Dim-To-Warm et l'efficacit\u00e9 \u00e9nerg\u00e9tique ont \u00e9t\u00e9 au centre des pr\u00e9occupations. Les LED garantissent une utilisation durable et de longue dur\u00e9e des luminaires.<\/p>\n<p>Outre l'\u00e9clairage, la pr\u00e9vention de la consommation inutile d'\u00e9lectricit\u00e9 \u00e9tait \u00e9galement \u00e0 l'ordre du jour. Tous les appareils m\u00e9nagers ont \u00e9t\u00e9 choisis, dans la mesure du possible, en fonction de crit\u00e8res \u00e9nerg\u00e9tiques. De plus, un interrupteur central permet de couper toute l'alimentation \u00e9lectrique (\u00e0 l'exception du r\u00e9frig\u00e9rateur) en quittant l'appartement. Tout simplement \u00e9colo, logique ?<\/p>\n<h3><span class=\"ez-toc-section\" id=\"Trinkwasser\"><\/span>Eau potable<span class=\"ez-toc-section-end\"><\/span><\/h3>\n<p>L'eau du robinet n'est pas seulement test\u00e9e \u00e0 intervalles r\u00e9guliers conform\u00e9ment aux directives de l'UE. Nous trouvons aussi son go\u00fbt exceptionnellement bon. C'est pourquoi nous l'utilisons comme eau potable. Cela nous \u00e9vite, ainsi qu'\u00e0 toi, de porter inutilement des bouteilles. Nous pouvons nous passer de la remarque selon laquelle il s'agit d'une eau potable pr\u00e9cieuse qu'il faut \u00e9conomiser, n'est-ce pas ? PS : N'oublie pas ta gourde !<\/p>\n<h3><span class=\"ez-toc-section\" id=\"Plastik\"><\/span>Plastique<span class=\"ez-toc-section-end\"><\/span><\/h3>\n<p>\u00c9viter les d\u00e9chets plastiques \u00e0 la maison est souvent d\u00e9j\u00e0 un d\u00e9fi au quotidien. En vacances, c'est souvent encore plus difficile. Pour te permettre de le faire aussi en vacances, nous avons d\u00e9j\u00e0 fait un peu de travail pr\u00e9paratoire.<\/p>\n<p>Nous avons donc d\u00e9lib\u00e9r\u00e9ment renonc\u00e9 au plastique pour la vaisselle et les couverts. Mais la contribution d\u00e9cisive se trouve juste devant la porte. Le Mercato Ballar\u00f2, traditionnel et connu pour son offre r\u00e9gionale de fruits et l\u00e9gumes de saison, de poisson et de viande durable.<\/p>\n<p>Plusieurs magasins de produits non emball\u00e9s se trouvent \u00e0 distance de marche. Nos h\u00f4tes trouveront l'emplacement exact sur leur plan de ville num\u00e9rique. Des r\u00e9cipients de stockage en verre, ainsi qu'un panier et un sac \u00e0 provisions font partie de l'\u00e9quipement de notre appartement de vacances Palazzo Vetrano.<\/p>\n<p>[\/et_pb_text][\/et_pb_column][\/et_pb_row][et_pb_row column_structure=&#8220;1_2,1_2&#8243; _builder_version=&#8220;4.5.1&#8243; _module_preset=&#8220;default&#8220;][et_pb_column type=&#8220;1_2&#8243; _builder_version=&#8220;4.5.1&#8243; _module_preset=&#8220;default&#8220;][et_pb_image src=&#8220;https:\/\/www.planbwagen.de\/wp-content\/uploads\/2023\/06\/X-Wohnku\u0308che-Details-Palermo-Blu-Centro-Storico-Ballaro\u0300-Pallazzo-Vertrano-Casa-Vacanza-00003-1024&#215;682.jpg&#8220; alt=&#8220;Nachhaltigkeit: glas, Porzellan, Mehrweg, statt Plastik und Einweg&#8220; _builder_version=&#8220;4.5.1&#8243; _module_preset=&#8220;default&#8220;][\/et_pb_image][\/et_pb_column][et_pb_column type=&#8220;1_2&#8243; _builder_version=&#8220;4.5.1&#8243; _module_preset=&#8220;default&#8220;][et_pb_image src=&#8220;https:\/\/www.planbwagen.de\/wp-content\/uploads\/2023\/06\/Nachhaltig-1-1024&#215;682.jpg&#8220; alt=&#8220;Nachhaltigkeit: glas, Porzellan, Mehrweg, statt Plastik und Einweg&#8220; _builder_version=&#8220;4.5.1&#8243; _module_preset=&#8220;default&#8220;][\/et_pb_image][\/et_pb_column][\/et_pb_row][et_pb_row _builder_version=&#8220;4.5.1&#8243; _module_preset=&#8220;default&#8220;][et_pb_column type=&#8220;4_4&#8243; _builder_version=&#8220;4.5.1&#8243; _module_preset=&#8220;default&#8220;][et_pb_text _builder_version=&#8220;4.5.1&#8243; _module_preset=&#8220;default&#8220;]<\/p>\n<h3><span class=\"ez-toc-section\" id=\"Einrichtung\"><\/span>Installation<span class=\"ez-toc-section-end\"><\/span><\/h3>\n<p>Lors de la s\u00e9lection de nos meubles vintage, nous avons mis l'accent sur l'aspect et la qualit\u00e9, mais aussi sur la durabilit\u00e9 et la long\u00e9vit\u00e9. Ainsi, la plupart de nos pi\u00e8ces proviennent de Palerme et de ses environs, et ont d\u00e9j\u00e0 fait le bonheur d'autres personnes auparavant. Notre lit en laiton peut certainement \u00eatre qualifi\u00e9 de transg\u00e9n\u00e9rationnel. Si nous parvenons ensemble \u00e0 ce que ces meubles fassent un jour le bonheur de la g\u00e9n\u00e9ration suivante, nous aurions fait un pas en avant durable.<\/p>\n<p>Bien s\u00fbr, on trouve aussi quelques rares objets d'ameublement d'IKEA. Leurs clients doivent aussi se sentir bien chez nous. Nous esp\u00e9rons avoir trouv\u00e9 les produits durables correspondants.<\/p>\n<p>[\/et_pb_text][\/et_pb_column][\/et_pb_row][et_pb_row column_structure=&#8220;1_2,1_2&#8243; _builder_version=&#8220;4.5.1&#8243; _module_preset=&#8220;default&#8220;][et_pb_column type=&#8220;1_2&#8243; _builder_version=&#8220;4.5.1&#8243; _module_preset=&#8220;default&#8220;][et_pb_image src=&#8220;https:\/\/www.planbwagen.de\/wp-content\/uploads\/2023\/03\/5-Schlafen-1-Palermo-Blu-Centro-Storico-Ballaro\u0300-Pallazzo-Vertrano-Casa-Vacanza-00006-1-1024&#215;683.jpg&#8220; alt=&#8220;Schlafen 1, Palermo Blu, Centro Storico, Ballaro\u0300, Pallazzo Vertrano, Casa Vacanza&#8220; title_text=&#8220;Schlafen 1, Palermo Blu, Centro Storico, Ballaro\u0300, Pallazzo Vertrano, Casa Vacanza&#8220; _builder_version=&#8220;4.5.1&#8243; _module_preset=&#8220;default&#8220;][\/et_pb_image][\/et_pb_column][et_pb_column type=&#8220;1_2&#8243; _builder_version=&#8220;4.5.1&#8243; _module_preset=&#8220;default&#8220;][et_pb_image src=&#8220;https:\/\/www.planbwagen.de\/wp-content\/uploads\/2023\/03\/31-Schlafen-1-Details-Palermo-Blu-Centro-Storico-Ballaro\u0300-Pallazzo-Vertrano-Casa-Vacanza-00003-1024&#215;683.jpg&#8220; alt=&#8220;Schlafen 1 Details, Palermo Blu, Centro Storico, Ballaro\u0300, Pallazzo Vertrano, Casa Vacanza&#8220; title_text=&#8220;Schlafen 1 Details, Palermo Blu, Centro Storico, Ballaro\u0300, Pallazzo Vertrano, Casa Vacanza&#8220; _builder_version=&#8220;4.5.1&#8243; _module_preset=&#8220;default&#8220;][\/et_pb_image][\/et_pb_column][\/et_pb_row][et_pb_row _builder_version=&#8220;4.5.1&#8243; _module_preset=&#8220;default&#8220;][et_pb_column type=&#8220;4_4&#8243; _builder_version=&#8220;4.5.1&#8243; _module_preset=&#8220;default&#8220;][et_pb_text _builder_version=&#8220;4.5.1&#8243; _module_preset=&#8220;default&#8220;]<\/p>\n<p><span style=\"color: #333333; font-family: 'DCC Ash', Helvetica, Arial, Lucida, sans-serif; font-size: 22px;\">Mat\u00e9riaux de construction<\/span><\/p>\n<p>Les portes et les fen\u00eatres sont fabriqu\u00e9es en bois, un mat\u00e9riau de construction renouvelable. Le vitrage thermo-isolant prot\u00e8ge du froid et de la chaleur. Ce que nous avons trouv\u00e9 passionnant, c'est que notre entrepreneur avait d\u00e9j\u00e0 r\u00e9fl\u00e9chi en amont \u00e0 un choix durable de mat\u00e9riaux de construction. Je ne m'attendais pas encore \u00e0 cela en Sicile.<\/p>\n<h3><span class=\"ez-toc-section\" id=\"Anreise\"><\/span>Arriv\u00e9e<span class=\"ez-toc-section-end\"><\/span><\/h3>\n<p>Bien s\u00fbr, le moyen le plus respectueux du climat pour se rendre en Sicile serait la marche ou le v\u00e9lo. Il est \u00e9galement possible de le faire en voiture ou en train. La voiture est certes plus rapide d'une heure sur le trajet entre Francfort et le port de ferry de G\u00eanes, par exemple. Mais qu'est-ce qui est plus relaxant ? D'autant plus que l'entr\u00e9e en ferry dans le port de Palerme est hors de prix.\u00a0<\/p>\n<p>Ceux qui n'ont pas le temps de le faire peuvent tout de m\u00eame prendre l'avion pour se rendre en Sicile sans avoir honte de voler. Presque toutes les compagnies a\u00e9riennes proposent d\u00e9sormais une compensation des \u00e9missions de CO2. Les organisations \u00e0 but non lucratif sont probablement la meilleure alternative.\u00a0<span>Des fournisseurs comme par exemple\u00a0<\/span><a href=\"https:\/\/www.atmosfair.de\/de\/kompensieren\/flug\/\">atmosfair<\/a><span>. Ceux-ci calculent par exemple l'impact climatique d'un vol pour deux personnes, de Cologne \u00e0 Palerme, \u00e0 l'aller comme au retour, \u00e0 1.200 kg de CO2. Cela correspond \u00e0 pr\u00e8s de 22% du vol souvent cit\u00e9 vers Bali. Le montant de la compensation correspond \u00e0 28,- \u20ac.\u00a0<\/span><span>Ici, tu peux non seulement calculer la quantit\u00e9 de CO2 \u00e9mise lors de ton vol, mais aussi soutenir directement et facilement des programmes de compensation dans le monde entier.\u00a0<\/span><\/p>\n<p>Depuis l'a\u00e9roport de Palerme, tu peux te rendre directement en train \u00e0 l'a\u00e9roport.\u00a0<span>Gare de Palerme Centrale et donc <\/span>dans la vieille ville.\u00a0\u00a0<\/p>\n<p>[\/et_pb_text][\/et_pb_column][\/et_pb_row][et_pb_row column_structure=&#8220;1_2,1_2&#8243; _builder_version=&#8220;4.5.1&#8243; _module_preset=&#8220;default&#8220;][et_pb_column type=&#8220;1_2&#8243; _builder_version=&#8220;4.5.1&#8243; _module_preset=&#8220;default&#8220;][et_pb_image src=&#8220;https:\/\/www.planbwagen.de\/wp-content\/uploads\/2023\/06\/IMG_5472-2-1024&#215;576.jpg&#8220; title_text=&#8220;IMG_5472 2&#8243; _builder_version=&#8220;4.5.1&#8243; _module_preset=&#8220;default&#8220;][\/et_pb_image][\/et_pb_column][et_pb_column type=&#8220;1_2&#8243; _builder_version=&#8220;4.5.1&#8243; _module_preset=&#8220;default&#8220;][et_pb_image src=&#8220;https:\/\/www.planbwagen.de\/wp-content\/uploads\/2023\/06\/IMG_5478-2-1024&#215;576.jpg&#8220; title_text=&#8220;IMG_5478 2&#8243; _builder_version=&#8220;4.5.1&#8243; _module_preset=&#8220;default&#8220;][\/et_pb_image][\/et_pb_column][\/et_pb_row][et_pb_row _builder_version=&#8220;4.5.1&#8243; _module_preset=&#8220;default&#8220;][et_pb_column type=&#8220;4_4&#8243; _builder_version=&#8220;4.5.1&#8243; _module_preset=&#8220;default&#8220;][et_pb_text _builder_version=&#8220;4.5.1&#8243; _module_preset=&#8220;default&#8220;]<\/p>\n<p><span style=\"color: #333333; font-family: 'DCC Ash', Helvetica, Arial, Lucida, sans-serif; font-size: 22px;\">Moyens de transport sur place<\/span><\/p>\n<p><span><\/span><\/p>\n<p>Tu peux parfaitement te d\u00e9placer \u00e0 pied dans la vieille ville de Palerme. Pour tous ceux qui aiment faire du v\u00e9lo, nous avons indiqu\u00e9 les possibilit\u00e9s de location \u00e0 pied sur notre plan de ville num\u00e9rique. Les d\u00e9placements interurbains peuvent \u00eatre organis\u00e9s facilement en bus, en train ou en ferry. Tu peux ainsi \u00e9conomiser une voiture de location. C'est \u00e0 la fois \u00e9conomique et \u00e9cologique.<\/p>\n<h3><span class=\"ez-toc-section\" id=\"Eigenverantwortung\"><\/span>Responsabilit\u00e9 personnelle<span class=\"ez-toc-section-end\"><\/span><\/h3>\n<p>A propos de notre personnel <a href=\"https:\/\/www.planbwagen.de\/fr\/ccc-camper-cleanup-campaign\/empreinte-carbone-comment-sommes-nous-ecologiques\/\">Empreinte carbone<\/a> nous l'avons d\u00e9j\u00e0 \u00e9crit dans un article s\u00e9par\u00e9. Nous continuons \u00e0 y travailler. M\u00eame si nous sommes encore loin d'\u00eatre parfaits. Comme je l'ai dit, il ne s'agit pas de pointer du doigt quelqu'un, mais d'encourager les efforts communs.<\/p>\n<h3><span class=\"ez-toc-section\" id=\"Essen_Soziales\"><\/span>Alimentation &amp; affaires sociales<span class=\"ez-toc-section-end\"><\/span><\/h3>\n<p>Dans notre restaurant pr\u00e9f\u00e9r\u00e9 Moltivolti, on ne mange pas seulement bien, mais on encourage en m\u00eame temps leur engagement social au Ballar\u00f2.\u00a0<\/p>\n<h3><span class=\"ez-toc-section\" id=\"CleanUp\"><\/span>CleanUp<span class=\"ez-toc-section-end\"><\/span><\/h3>\n<p><a href=\"https:\/\/www.planbwagen.de\/fr\/ccc-camper-cleanup-campaign\/cleanup-responsible-vanlife\/\">Ici<\/a> nous informons sur notre engagement personnel en voyage. Car les d\u00e9chets plastiques sont aujourd'hui un d\u00e9fi omnipr\u00e9sent.<\/p>\n<h3><span class=\"ez-toc-section\" id=\"Fazit\"><\/span>Conclusion<span class=\"ez-toc-section-end\"><\/span><\/h3>\n<p>Nous ne sommes pas parfaits. Mais ce sont les petits pas qui comptent. C'est pourquoi nous nous r\u00e9jouissons d'apporter notre contribution avec vous.<\/p>\n<p>[\/et_pb_text][\/et_pb_column][\/et_pb_row][et_pb_row _builder_version=&#8220;4.5.1&#8243; _module_preset=&#8220;default&#8220;][et_pb_column type=&#8220;4_4&#8243; _builder_version=&#8220;4.5.1&#8243; _module_preset=&#8220;default&#8220;][et_pb_text _builder_version=&#8220;4.5.1&#8243; _module_preset=&#8220;default&#8220; custom_padding=&#8220;||2px|||&#8220;]<\/p>\n<p style=\"text-align: center;\"><span style=\"font-size: 12pt;\"><strong><em>Sauvez la plan\u00e8te. Il n'y a pas de plan\u00e8te B<\/em><\/strong><\/span><\/p>\n<p>[\/et_pb_text][\/et_pb_column][\/et_pb_row][et_pb_row column_structure=&#8220;1_2,1_2&#8243; _builder_version=&#8220;4.5.1&#8243; _module_preset=&#8220;default&#8220;][et_pb_column type=&#8220;1_2&#8243; _builder_version=&#8220;4.5.1&#8243; _module_preset=&#8220;default&#8220;][et_pb_image src=&#8220;https:\/\/www.planbwagen.de\/wp-content\/uploads\/2023\/05\/Casa-Pieve-00012-1024&#215;576.jpg&#8220; alt=&#8220;Casa Pieve: Tiny House im Olivenhain oberhalb von Bagheria&#8220; title_text=&#8220;Casa Pieve&#8220; _builder_version=&#8220;4.5.1&#8243; _module_preset=&#8220;default&#8220;][\/et_pb_image][\/et_pb_column][et_pb_column type=&#8220;1_2&#8243; _builder_version=&#8220;4.5.1&#8243; _module_preset=&#8220;default&#8220;][et_pb_image src=&#8220;https:\/\/www.planbwagen.de\/wp-content\/uploads\/2023\/05\/Casa-Pieve-00009-1024&#215;576.jpg&#8220; alt=&#8220;Casa Pieve&#8220; _builder_version=&#8220;4.5.1&#8243; _module_preset=&#8220;default&#8220;][\/et_pb_image][\/et_pb_column][\/et_pb_row][\/et_pb_section]<\/p>","protected":false},"excerpt":{"rendered":"<p>[et_pb_section fb_built=&#8220;1&#8243; _builder_version=&#8220;4.5.1&#8243; _module_preset=&#8220;default&#8220;][et_pb_row _builder_version=&#8220;4.5.1&#8243; _module_preset=&#8220;default&#8220;][et_pb_column type=&#8220;4_4&#8243; _builder_version=&#8220;4.5.1&#8243; _module_preset=&#8220;default&#8220;][et_pb_text _builder_version=&#8220;4.5.1&#8243; _module_preset=&#8220;default&#8220;] Du m\u00f6chtest auch auf Reisen Deinen \u00f6kologischen Fu\u00dfabdruck verkleinern? Wie k\u00f6nnen wir hierbei unterst\u00fctzen? Wir sehen dies als unseren gemeinsamen Beitrag Umweltauswirkungen zu reduzieren, nat\u00fcrliche Ressourcen zu schonen und sozial verantwortliches Verhalten zu f\u00f6rdern, ohne zu belehren. Auch auf den bekannten Fingerzeig m\u00f6chten wir [&hellip;]<\/p>","protected":false},"author":2,"featured_media":16086,"comment_status":"open","ping_status":"open","sticky":false,"template":"","format":"standard","meta":{"_et_pb_use_builder":"on","_et_pb_old_content":"","_et_gb_content_width":"","footnotes":""},"categories":[24,32,39],"tags":[],"class_list":["post-16078","post","type-post","status-publish","format-standard","has-post-thumbnail","hentry","category-ccc-camper-cleanup-campaign","category-italien","category-sizilien"],"_links":{"self":[{"href":"https:\/\/www.planbwagen.de\/fr\/wp-json\/wp\/v2\/posts\/16078","targetHints":{"allow":["GET"]}}],"collection":[{"href":"https:\/\/www.planbwagen.de\/fr\/wp-json\/wp\/v2\/posts"}],"about":[{"href":"https:\/\/www.planbwagen.de\/fr\/wp-json\/wp\/v2\/types\/post"}],"author":[{"embeddable":true,"href":"https:\/\/www.planbwagen.de\/fr\/wp-json\/wp\/v2\/users\/2"}],"replies":[{"embeddable":true,"href":"https:\/\/www.planbwagen.de\/fr\/wp-json\/wp\/v2\/comments?post=16078"}],"version-history":[{"count":26,"href":"https:\/\/www.planbwagen.de\/fr\/wp-json\/wp\/v2\/posts\/16078\/revisions"}],"predecessor-version":[{"id":16213,"href":"https:\/\/www.planbwagen.de\/fr\/wp-json\/wp\/v2\/posts\/16078\/revisions\/16213"}],"wp:featuredmedia":[{"embeddable":true,"href":"https:\/\/www.planbwagen.de\/fr\/wp-json\/wp\/v2\/media\/16086"}],"wp:attachment":[{"href":"https:\/\/www.planbwagen.de\/fr\/wp-json\/wp\/v2\/media?parent=16078"}],"wp:term":[{"taxonomy":"category","embeddable":true,"href":"https:\/\/www.planbwagen.de\/fr\/wp-json\/wp\/v2\/categories?post=16078"},{"taxonomy":"post_tag","embeddable":true,"href":"https:\/\/www.planbwagen.de\/fr\/wp-json\/wp\/v2\/tags?post=16078"}],"curies":[{"name":"wp","href":"https:\/\/api.w.org\/{rel}","templated":true}]}}