{"id":15948,"date":"2023-05-08T10:00:53","date_gmt":"2023-05-08T08:00:53","guid":{"rendered":"https:\/\/www.planbwagen.de\/?p=15948"},"modified":"2024-10-24T19:12:28","modified_gmt":"2024-10-24T17:12:28","slug":"street-art-palermo-kalsa-graffiti-murale-wandmalerei-teil-2","status":"publish","type":"post","link":"https:\/\/www.planbwagen.de\/fr\/italie\/street-art-palermo-kalsa-graffiti-murale-peinture-murale-partie-2\/","title":{"rendered":"Street Art Palermo Kalsa | Graffiti | Murale | Peinture murale | Partie 2 de 5"},"content":{"rendered":"<p>[et_pb_section fb_built=&#8220;1&#8243; _builder_version=&#8220;4.5.1&#8243; _module_preset=&#8220;default&#8220;][et_pb_row _builder_version=&#8220;4.5.1&#8243; _module_preset=&#8220;default&#8220;][et_pb_column type=&#8220;4_4&#8243; _builder_version=&#8220;4.5.1&#8243; _module_preset=&#8220;default&#8220;][et_pb_text _builder_version=&#8220;4.5.1&#8243; _module_preset=&#8220;default&#8220; link_option_url_new_window=&#8220;on&#8220;]<\/p>\n<div id=\"ez-toc-container\" class=\"ez-toc-v2_0_76 counter-hierarchy ez-toc-counter ez-toc-grey ez-toc-container-direction\">\n<p class=\"ez-toc-title\" style=\"cursor:inherit\">Content<\/p>\n<label for=\"ez-toc-cssicon-toggle-item-69f282b222bf9\" class=\"ez-toc-cssicon-toggle-label\"><span class=\"\"><span class=\"eztoc-hide\" style=\"display:none;\">Toggle<\/span><span class=\"ez-toc-icon-toggle-span\"><svg style=\"fill: #999;color:#999\" xmlns=\"http:\/\/www.w3.org\/2000\/svg\" class=\"list-377408\" width=\"20px\" height=\"20px\" viewbox=\"0 0 24 24\" fill=\"none\"><path d=\"M6 6H4v2h2V6zm14 0H8v2h12V6zM4 11h2v2H4v-2zm16 0H8v2h12v-2zM4 16h2v2H4v-2zm16 0H8v2h12v-2z\" fill=\"currentColor\"><\/path><\/svg><svg style=\"fill: #999;color:#999\" class=\"arrow-unsorted-368013\" xmlns=\"http:\/\/www.w3.org\/2000\/svg\" width=\"10px\" height=\"10px\" viewbox=\"0 0 24 24\" version=\"1.2\" baseprofile=\"tiny\"><path d=\"M18.2 9.3l-6.2-6.3-6.2 6.3c-.2.2-.3.4-.3.7s.1.5.3.7c.2.2.4.3.7.3h11c.3 0 .5-.1.7-.3.2-.2.3-.5.3-.7s-.1-.5-.3-.7zM5.8 14.7l6.2 6.3 6.2-6.3c.2-.2.3-.5.3-.7s-.1-.5-.3-.7c-.2-.2-.4-.3-.7-.3h-11c-.3 0-.5.1-.7.3-.2.2-.3.5-.3.7s.1.5.3.7z\"\/><\/svg><\/span><\/span><\/label><input type=\"checkbox\"  id=\"ez-toc-cssicon-toggle-item-69f282b222bf9\"  aria-label=\"Toggle\" \/><nav><ul class='ez-toc-list ez-toc-list-level-1' ><li class='ez-toc-page-1 ez-toc-heading-level-2'><a class=\"ez-toc-link ez-toc-heading-1\" href=\"https:\/\/www.planbwagen.de\/fr\/italie\/street-art-palermo-kalsa-graffiti-murale-peinture-murale-partie-2\/#Palermo_Street_Art\" >Palermo Street Art<\/a><\/li><li class='ez-toc-page-1 ez-toc-heading-level-2'><a class=\"ez-toc-link ez-toc-heading-2\" href=\"https:\/\/www.planbwagen.de\/fr\/italie\/street-art-palermo-kalsa-graffiti-murale-peinture-murale-partie-2\/#Street_Art_Tribunali_o_Kalsa\" >Street Art : Tribunali o Kalsa<\/a><ul class='ez-toc-list-level-3' ><li class='ez-toc-heading-level-3'><a class=\"ez-toc-link ez-toc-heading-3\" href=\"https:\/\/www.planbwagen.de\/fr\/italie\/street-art-palermo-kalsa-graffiti-murale-peinture-murale-partie-2\/#%E2%80%9ESt_Rosalia%E2%80%9C-_Lucio_Bolognesi_%E2%80%93_Basik\" >&#8222;St. Rosalia&#8220;-\u00a0Lucio Bolognesi &#8211; Basik<\/a><\/li><li class='ez-toc-page-1 ez-toc-heading-level-3'><a class=\"ez-toc-link ez-toc-heading-4\" href=\"https:\/\/www.planbwagen.de\/fr\/italie\/street-art-palermo-kalsa-graffiti-murale-peinture-murale-partie-2\/#%E2%80%9EBakhita%E2%80%9C-_Rosk_Loste\" >&#8222;Bakhita&#8220;- Rosk &amp; Loste<\/a><\/li><li class='ez-toc-page-1 ez-toc-heading-level-3'><a class=\"ez-toc-link ez-toc-heading-5\" href=\"https:\/\/www.planbwagen.de\/fr\/italie\/street-art-palermo-kalsa-graffiti-murale-peinture-murale-partie-2\/#%E2%80%9EFederico_II%E2%80%9C_%E2%80%93_Camilla_%E2%80%9AFalsini\" >\u201eFederico II\u201c &#8211; Camilla &#8218;Falsini<\/a><\/li><li class='ez-toc-page-1 ez-toc-heading-level-3'><a class=\"ez-toc-link ez-toc-heading-6\" href=\"https:\/\/www.planbwagen.de\/fr\/italie\/street-art-palermo-kalsa-graffiti-murale-peinture-murale-partie-2\/#%E2%80%9EE_tempo_di_andare_avanti%E2%80%9C_%E2%80%93_TvBoy\" >&#8222;E tempo di andare avanti\u201c\u00a0 &#8211; TvBoy<\/a><\/li><li class='ez-toc-page-1 ez-toc-heading-level-3'><a class=\"ez-toc-link ez-toc-heading-7\" href=\"https:\/\/www.planbwagen.de\/fr\/italie\/street-art-palermo-kalsa-graffiti-murale-peinture-murale-partie-2\/#%E2%80%9EFalcone_e_Borsellino%E2%80%9C-_Rosk_Loste\" >&#8222;Falcone e Borsellino&#8220;- Rosk &amp; Loste<\/a><\/li><\/ul><\/li><li class='ez-toc-page-1 ez-toc-heading-level-2'><a class=\"ez-toc-link ez-toc-heading-8\" href=\"https:\/\/www.planbwagen.de\/fr\/italie\/street-art-palermo-kalsa-graffiti-murale-peinture-murale-partie-2\/#Momentaufnahme\" >Instantan\u00e9<\/a><\/li><li class='ez-toc-page-1 ez-toc-heading-level-2'><a class=\"ez-toc-link ez-toc-heading-9\" href=\"https:\/\/www.planbwagen.de\/fr\/italie\/street-art-palermo-kalsa-graffiti-murale-peinture-murale-partie-2\/#Mehrwert_%E2%80%93_Links\" >Valeur ajout\u00e9e - Liens<\/a><\/li><\/ul><\/nav><\/div>\n<h2><span class=\"ez-toc-section\" id=\"Palermo_Street_Art\"><\/span><span style=\"font-size: xx-large;\">Palermo Street Art<\/span><span class=\"ez-toc-section-end\"><\/span><\/h2>\n<p>In Teil 1 unserer\u00a0Serie &#8218;Streetart Palermo&#8216; berichten wir \u00fcber Street Art in Palermos Altstadtviertel Ballar\u00f2. In Teil drei folgen die Altstadtviertel La Loggia, sowie das Capo Viertel.<\/p>\n<p>Si vous ne connaissez pas encore cette premi\u00e8re partie, nous vous recommandons de commencer par celle-ci. Vous trouverez le lien <a href=\"https:\/\/www.planbwagen.de\/fr\/italie\/palermo-street-art-graffiti-murale-peinture-murale-one\/\" data-wplink-edit=\"true\">ici<\/a> ou \u00e0 la fin de cet article.<\/p>\n<p>Mais pour l'instant, consacrons-nous d'abord aux murales de la Kalsa.<\/p>\n<p>[\/et_pb_text][\/et_pb_column][\/et_pb_row][et_pb_row _builder_version=&#8220;4.5.1&#8243; _module_preset=&#8220;default&#8220;][et_pb_column type=&#8220;4_4&#8243; _builder_version=&#8220;4.5.1&#8243; _module_preset=&#8220;default&#8220;][et_pb_image src=&#8220;https:\/\/www.planbwagen.de\/wp-content\/uploads\/2023\/04\/Palermo-Street-Art-Graffiti-Murale00036-1024&#215;576.jpg&#8220; alt=&#8220;Street Art, Murale in , Palermo, Centro Storico, Pallazzo Vertrano, Palermo Blu &#8220; align=&#8220;center&#8220; _builder_version=&#8220;4.5.1&#8243; _module_preset=&#8220;default&#8220;][\/et_pb_image][\/et_pb_column][\/et_pb_row][et_pb_row _builder_version=&#8220;4.5.1&#8243; _module_preset=&#8220;default&#8220; custom_padding=&#8220;35px||12px|||&#8220;][et_pb_column type=&#8220;4_4&#8243; _builder_version=&#8220;4.5.1&#8243; _module_preset=&#8220;default&#8220;][et_pb_text _builder_version=&#8220;4.5.1&#8243; _module_preset=&#8220;default&#8220;]<\/p>\n<h2><span class=\"ez-toc-section\" id=\"Street_Art_Tribunali_o_Kalsa\"><\/span><span style=\"font-size: xx-large;\">Street Art : Tribunali o Kalsa<\/span><span class=\"ez-toc-section-end\"><\/span><\/h2>\n<p>Que peut-on faire avec trois fa\u00e7ades de 28 m\u00e8tres de haut et 15 m\u00e8tres de large, sans fen\u00eatres, de trois blocs de logements sociaux ?<\/p>\n<p>Dans la Via dello Spasimo, celle-ci a \u00e9t\u00e9 transform\u00e9e en toile dans le cadre d'un projet sponsoris\u00e9 par la Fondazione Federico II. Le th\u00e8me commun : l'hospitalit\u00e9 et l'int\u00e9gration.<\/p>\n<p>&nbsp;<\/p>\n<h3><span class=\"ez-toc-section\" id=\"%E2%80%9ESt_Rosalia%E2%80%9C-_Lucio_Bolognesi_%E2%80%93_Basik\"><\/span><span style=\"font-size: xx-large;\">&#8222;St. Rosalia&#8220;-\u00a0Lucio Bolognesi &#8211; Basik<\/span><span class=\"ez-toc-section-end\"><\/span><\/h3>\n<p>Cette peinture murale de la Via dello Spasimo est l'\u0153uvre de Lucio Bolognesi. Nom de l'artiste <a href=\"https:\/\/www.instagram.com\/basik\/\" target=\"_blank\" rel=\"noopener noreferrer\">Basik<\/a>.<\/p>\n<p>L'\u0153uvre montre plusieurs objets qui seraient li\u00e9s \u00e0 Sainte Rosalia, ainsi qu'\u00e0 d'autres patronnes de Palerme. Outre le Signore, au moins un saint patron parvient \u00e0 figurer sur cette peinture murale. Il s'agit du G\u00e9nie de Palerme, un saint patron antique datant probablement de l'\u00e9poque pr\u00e9-romaine.<\/p>\n<p>Les peintures murales de Basik m\u00ealent souvent des images du Moyen-\u00c2ge, de la Renaissance ainsi que de l'art moderne et contemporain. \u00c0 la fin des ann\u00e9es 1990, il \u00e9tait consid\u00e9r\u00e9 comme l'un des artistes de street art les plus influents d'Italie.<\/p>\n<p>Comme on trouve sur le net des informations contradictoires sur les objets repr\u00e9sent\u00e9s, nous avons demand\u00e9 \u00e0 quelqu'un qui s'y conna\u00eet, \u00e0 savoir Basik lui-m\u00eame.<\/p>\n<p>Nous avons re\u00e7u une r\u00e9ponse super rapide :<br \/>\"Santa Rosalia est effectivement repr\u00e9sent\u00e9e par le cr\u00e2ne, la couronne repr\u00e9sente le g\u00e9nie de Palerme. Les autres symboles se r\u00e9f\u00e8rent aux autres saints patrons.<\/p>\n<p>Christina, Agatha, Nymphe et Olive. - L'inscription sur le vase dor\u00e9 est \u00e9galement li\u00e9e \u00e0 une statue du g\u00e9nie, sur laquelle se trouve une inscription dont la phrase sur le tableau est une partie\".<\/p>\n<p>Tr\u00e8s sympathique ! Surtout qu'il se souvenait encore que la pince repr\u00e9sent\u00e9e faisait r\u00e9f\u00e9rence \u00e0 sainte Agathe. Il ne se souvenait pas vraiment des autres objets.<\/p>\n<p>C'est tr\u00e8s cool d'admettre simplement que l'on ne sait pas ou plus quelque chose. D'autres auraient racont\u00e9 n'importe quoi. Apr\u00e8s tout, Basik est un artiste, pas un professeur d'histoire.<\/p>\n<p>&nbsp;<\/p>\n<p>[\/et_pb_text][\/et_pb_column][\/et_pb_row][et_pb_row _builder_version=&#8220;4.5.1&#8243; _module_preset=&#8220;default&#8220;][et_pb_column type=&#8220;4_4&#8243; _builder_version=&#8220;4.5.1&#8243; _module_preset=&#8220;default&#8220;][et_pb_image src=&#8220;https:\/\/www.planbwagen.de\/wp-content\/uploads\/2023\/04\/Palermo-Street-Art-Graffiti-Murale00034-1024&#215;576.jpg&#8220; alt=&#8220;Palermo Street Art, Graffiti, Murale&#8220; title_text=&#8220;Palermo Street Art&#8220; align=&#8220;center&#8220; _builder_version=&#8220;4.5.1&#8243; _module_preset=&#8220;default&#8220;][\/et_pb_image][\/et_pb_column][\/et_pb_row][et_pb_row _builder_version=&#8220;4.5.1&#8243; _module_preset=&#8220;default&#8220;][et_pb_column type=&#8220;4_4&#8243; _builder_version=&#8220;4.5.1&#8243; _module_preset=&#8220;default&#8220;][et_pb_text _builder_version=&#8220;4.5.1&#8243; _module_preset=&#8220;default&#8220;]<\/p>\n<p>Mais la curiosit\u00e9 m'a pris et j'ai d\u00fb, j'ai voulu faire des recherches. - Que serions-nous sans Internet ? Une chose est vite devenue claire. \u00catre canonis\u00e9 signifie devoir souffrir. Ce n'est pas un travail tr\u00e8s agr\u00e9able.<\/p>\n<p><strong>Santa Agatha<\/strong><\/p>\n<p>a v\u00e9cu environ de 230 \u00e0 251 apr\u00e8s J\u00e9sus-Christ. Elle est morte dans d'atroces souffrances. Elle a \u00e9t\u00e9 amput\u00e9e des seins \u00e0 l'aide des pinces repr\u00e9sent\u00e9es. Elle a ensuite \u00e9t\u00e9 br\u00fbl\u00e9e.<\/p>\n<p><strong>Santa Cristina <\/strong><\/p>\n<p>a v\u00e9cu vers 304 apr\u00e8s J\u00e9sus-Christ. En raison de sa foi chr\u00e9tienne, elle fut non seulement enferm\u00e9e dans une tour par son propre p\u00e8re, mais aussi soumise \u00e0 d'innombrables tortures. Selon la l\u00e9gende, elle a surv\u00e9cu \u00e0 une roue enflamm\u00e9e et \u00e0 une tentative de noyade. Mais elle n'a pas surv\u00e9cu aux deux fl\u00e8ches repr\u00e9sent\u00e9es, son attribut de sainte.<\/p>\n<p>&nbsp;<\/p>\n<p style=\"text-align: center;\"><span style=\"font-size: x-large;\"><em><strong>\"Ils viennent tous les jours d\u00e9figurer nos villes. <\/strong><\/em><\/span><\/p>\n<p style=\"text-align: center;\"><span style=\"font-size: x-large;\"><em><strong>Ils laissent leurs inscriptions idiotes partout. <\/strong><\/em><\/span><\/p>\n<p style=\"text-align: center;\"><span style=\"font-size: x-large;\"><em><strong>Ils font du monde un endroit laid. <\/strong><\/em><\/span><\/p>\n<p style=\"text-align: center;\"><span style=\"font-size: x-large;\"><em><strong>Nous les appelons agences de publicit\u00e9 et urbanistes\".<\/strong><\/em><\/span><\/p>\n<p style=\"text-align: center;\">Banksy<\/p>\n<p>&nbsp;<\/p>\n<p><strong>Santa Ninfa<\/strong><\/p>\n<p>est n\u00e9e \u00e0 Palerme \u00e0 l'\u00e9poque de Constantin, selon un \u00e9crit du 12e si\u00e8cle. Elle \u00e9tait la fille du pr\u00e9fet Aureliano. Son p\u00e8re n'aimait pas du tout que Ninfa se convertisse au christianisme apr\u00e8s le sermon de l'\u00e9v\u00eaque Mamiliano de Palerme.<\/p>\n<p>Vous vous en doutez certainement, elle aussi a \u00e9t\u00e9 enferm\u00e9e et tortur\u00e9e sur ordre de son p\u00e8re. Il s'en est suivi l'intervention miraculeuse d'un ange. Il lib\u00e9ra Ninfa et l'emmena d'abord \u00e0 Rome, puis sur l'\u00eele de Giglio. Mais pour les saints, il n'y a pas de fin heureuse.  Peu de temps apr\u00e8s, elle mourut de faim dans un ermitage.<\/p>\n<p>Sa t\u00eate a \u00e9t\u00e9 transport\u00e9e dans la cath\u00e9drale de Palerme et plac\u00e9e sous un autel. Son attribut de saintet\u00e9 est le cr\u00e2ne repr\u00e9sent\u00e9.<\/p>\n<p><strong>Sant'Oliva<\/strong><\/p>\n<p>est n\u00e9e \u00e0 Palerme en 448 apr\u00e8s J\u00e9sus-Christ. On raconte qu'elle se rendit \u00e0 Tunis. L\u00e0, le sultan Amira l'a \u00e9galement soumise \u00e0 la torture et l'a abandonn\u00e9e dans le d\u00e9sert. Apr\u00e8s avoir surv\u00e9cu au soleil et aux animaux sauvages, elle a subi d'autres tortures. Enfin, Olivia a \u00e9t\u00e9 d\u00e9capit\u00e9e. Son attribut de saintet\u00e9 est la branche d'olivier repr\u00e9sent\u00e9e.<\/p>\n<p>Vous voyez, les saints n'ont pas un travail de r\u00eave. M\u00eame \u00e0 Palerme, ce n'est pas le cas. En revanche, on peut obtenir une statue de saint sur le Quattro Canti. Jusqu'\u00e0 pr\u00e9sent, je trouvais la fresque de Basik plut\u00f4t cool. D\u00e9sormais, je frissonnerai certainement un peu lorsque je passerai devant \u00e0 l'avenir.<\/p>\n<p>D\u00e9sol\u00e9 si c'\u00e9tait trop d\u00e9taill\u00e9. - Mais w<span style=\"font-size: 18px;\">e th\u00e8me n'est-il pas l'hospitalit\u00e9 et l'int\u00e9gration ?<\/span><\/p>\n<p>[\/et_pb_text][\/et_pb_column][\/et_pb_row][et_pb_row _builder_version=&#8220;4.5.1&#8243; _module_preset=&#8220;default&#8220;][et_pb_column type=&#8220;4_4&#8243; _builder_version=&#8220;4.5.1&#8243; _module_preset=&#8220;default&#8220;][et_pb_image src=&#8220;https:\/\/www.planbwagen.de\/wp-content\/uploads\/2023\/04\/Palermo-Street-Art-Graffiti-Murale00033-1024&#215;576.jpg&#8220; alt=&#8220;Palermo Street Art, Graffiti, Murale&#8220; align=&#8220;center&#8220; _builder_version=&#8220;4.5.1&#8243; _module_preset=&#8220;default&#8220;][\/et_pb_image][\/et_pb_column][\/et_pb_row][et_pb_row _builder_version=&#8220;4.5.1&#8243; _module_preset=&#8220;default&#8220;][et_pb_column type=&#8220;4_4&#8243; _builder_version=&#8220;4.5.1&#8243; _module_preset=&#8220;default&#8220;][et_pb_text _builder_version=&#8220;4.5.1&#8243; _module_preset=&#8220;default&#8220;]<\/p>\n<h3><span class=\"ez-toc-section\" id=\"%E2%80%9EBakhita%E2%80%9C-_Rosk_Loste\"><\/span><span style=\"font-size: xx-large;\">&#8222;Bakhita&#8220;- Rosk &amp; Loste<\/span><span class=\"ez-toc-section-end\"><\/span><\/h3>\n<p>Cette \u0153uvre est de <a href=\"https:\/\/www.instagram.com\/giuliorosk\/\" target=\"_blank\" rel=\"noopener noreferrer\">Maurizio Giulio Rosk<\/a> et Gebbia &amp;<a href=\"https:\/\/www.instagram.com\/loste_loste\/\" target=\"_blank\" rel=\"noopener noreferrer\"> Mirko Loste<\/a>appel\u00e9s Rosk &amp; Loste.  Tous sont des artistes, originaires de la ville sicilienne de Caltanissetta. Ils sont li\u00e9s par le street art et leurs \u00e9tudes communes \u00e0 l'Acad\u00e9mie des Beaux-Arts de Palerme. Ils jouissent aujourd'hui d'une reconnaissance internationale. Ils ont par exemple fait leur entr\u00e9e dans le magazine Rolling Stone.<\/p>\n<p>Son \u0153uvre Bakhita est un travail photor\u00e9aliste de grand format. La premi\u00e8re chose que l'on peut remarquer, ce sont les yeux brillants de la jeune femme repr\u00e9sent\u00e9e. Cette femme aux traits extra-europ\u00e9ens incarne parfaitement le th\u00e8me de l'int\u00e9gration.  Une aur\u00e9ole est plac\u00e9e derri\u00e8re la t\u00eate de la jeune fille. Un saint urbain, en quelque sorte.<\/p>\n<p><em>\u00a0<\/em><\/p>\n<p>[\/et_pb_text][\/et_pb_column][\/et_pb_row][et_pb_row _builder_version=&#8220;4.5.1&#8243; _module_preset=&#8220;default&#8220;][et_pb_column type=&#8220;4_4&#8243; _builder_version=&#8220;4.5.1&#8243; _module_preset=&#8220;default&#8220;][et_pb_image src=&#8220;https:\/\/www.planbwagen.de\/wp-content\/uploads\/2023\/04\/Palermo-Street-Art-Palermo-Street-Art-Graffiti-Stra\u00dfenkunst-Stra\u00dfenmalerei-Street-Art-Streetart00010-576&#215;1024.jpg&#8220; alt=&#8220;Palermo Street Art in der Kalsa&#8220; title_text=&#8220;Palermo, Street Art, Palermo Street Art, Graffiti, Stra\u00dfenkunst, Stra\u00dfenmalerei , Street-Art, Streetart00010&#8243; align=&#8220;center&#8220; _builder_version=&#8220;4.5.1&#8243; _module_preset=&#8220;default&#8220;][\/et_pb_image][\/et_pb_column][\/et_pb_row][et_pb_row _builder_version=&#8220;4.5.1&#8243; _module_preset=&#8220;default&#8220;][et_pb_column type=&#8220;4_4&#8243; _builder_version=&#8220;4.5.1&#8243; _module_preset=&#8220;default&#8220;][et_pb_text _builder_version=&#8220;4.5.1&#8243; _module_preset=&#8220;default&#8220;]<\/p>\n<h3><span class=\"ez-toc-section\" id=\"%E2%80%9EFederico_II%E2%80%9C_%E2%80%93_Camilla_%E2%80%9AFalsini\"><\/span><span style=\"font-size: xx-large;\">\u201eFederico II\u201c &#8211; Camilla &#8218;Falsini<\/span><span class=\"ez-toc-section-end\"><\/span><\/h3>\n<p><a href=\"https:\/\/www.instagram.com\/camillafalsini\/\" target=\"_blank\" rel=\"noopener noreferrer\">Camilla Falsini<\/a> a cr\u00e9\u00e9 la troisi\u00e8me \u0153uvre de cette s\u00e9rie. Elle est n\u00e9e \u00e0 Rome. C'est l\u00e0 qu'elle vit et travaille aujourd'hui en tant que peintre et illustratrice.<\/p>\n<p>Das Wandbild zeigt ein Kind mit seinem Schaukeldrachen, namens Drago. Laut K\u00fcnstlerin symbolisiert dieser &#8218;Nico&#8216; (sizilianische Bedeutung \u201eklein\u201c). Sowie die Offenheit der Kalsa f\u00fcr Religionen, Kulturen, Wissenschaften und K\u00fcnste.<\/p>\n<p>Chaque personne serait un NICO, il suffit de le souhaiter et de l'accueillir. L'id\u00e9e est donc de rendre hommage \u00e0 ce personnage historique, comme symbole d'accueil, d'inclusion et de curiosit\u00e9.<\/p>\n<p>Comme tout art, le street art rassemble ou divise.  Personnellement, je n'ai pas beaucoup de sympathie pour cette \u0153uvre. L'artiste ne semble pas non plus tr\u00e8s convaincue. Sur son site web, on trouve un grand nombre de peintures murales de diff\u00e9rentes ann\u00e9es. Cette \u0153uvre n'en fait pas partie.<\/p>\n<p>Peut-\u00eatre qu'elle a juste pass\u00e9 une mauvaise journ\u00e9e. - Qu'est-ce qui me fait penser cela ? L'\u0153uvre porte une sorte de signature : \"Fa Cagare\", ce qui signifie \"\u00e7a fait chier\" ou \"c'est \u00e0 vomir\". Je ne trouve pas \u00e7a si grave que \u00e7a. Mais comme je l'ai dit, l'art rassemble ou divise. - Qu'en pensez-vous ?<\/p>\n<p>[\/et_pb_text][\/et_pb_column][\/et_pb_row][et_pb_row column_structure=&#8220;1_2,1_2&#8243; _builder_version=&#8220;4.5.1&#8243; _module_preset=&#8220;default&#8220;][et_pb_column type=&#8220;1_2&#8243; _builder_version=&#8220;4.5.1&#8243; _module_preset=&#8220;default&#8220;][et_pb_image src=&#8220;https:\/\/www.planbwagen.de\/wp-content\/uploads\/2023\/03\/IMG_3296-576&#215;1024.jpg&#8220; alt=&#8220;Street Art Palermo&#8220; title_text=&#8220;Street Art Palermo&#8220; align=&#8220;center&#8220; _builder_version=&#8220;4.5.1&#8243; _module_preset=&#8220;default&#8220;][\/et_pb_image][\/et_pb_column][et_pb_column type=&#8220;1_2&#8243; _builder_version=&#8220;4.5.1&#8243; _module_preset=&#8220;default&#8220;][et_pb_image src=&#8220;https:\/\/www.planbwagen.de\/wp-content\/uploads\/2023\/04\/Palermo-Street-Art-Graffiti-Murale00010-576&#215;1024.jpg&#8220; alt=&#8220;TV Boy, Palermo Street Art, Graffiti, Murale&#8220; title_text=&#8220;Palermo Street Art, Graffiti, Murale00010&#8243; _builder_version=&#8220;4.5.1&#8243; _module_preset=&#8220;default&#8220;][\/et_pb_image][\/et_pb_column][\/et_pb_row][et_pb_row _builder_version=&#8220;4.5.1&#8243; _module_preset=&#8220;default&#8220;][et_pb_column type=&#8220;4_4&#8243; _builder_version=&#8220;4.5.1&#8243; _module_preset=&#8220;default&#8220;][et_pb_text _builder_version=&#8220;4.5.1&#8243; _module_preset=&#8220;default&#8220;]<\/p>\n<h3><span class=\"ez-toc-section\" id=\"%E2%80%9EE_tempo_di_andare_avanti%E2%80%9C_%E2%80%93_TvBoy\"><\/span><span style=\"font-size: xx-large;\">&#8222;E tempo di andare avanti\u201c\u00a0 &#8211; TvBoy<\/span><span class=\"ez-toc-section-end\"><\/span><\/h3>\n<p>L'artiste sicilien de street art Salvatore Benintende, nom d'artiste <a href=\"https:\/\/www.instagram.com\/tvboy\/\" target=\"_blank\" rel=\"noopener noreferrer\">TvBoy<\/a>, huldigt mit diesen Worten, den ehemaligen Mafia Richter Giovanni Falcone. Diese bedeuten so viel wie &#8222;Es ist Zeit weiterzugehen!&#8220;<\/p>\n<p>L'\u0153uvre a \u00e9t\u00e9 r\u00e9alis\u00e9e le jour anniversaire de l'attentat. L'attentat terroriste de la mafia sicilienne, qui a eu lieu le 23 mai 1992 sur l'autoroute A29 pr\u00e8s de la sortie de Capaci en Sicile, a fait de Falcone un martyr de sa cause.<\/p>\n<p>La sc\u00e8ne du street art parvient toujours \u00e0 \"r\u00e9animer\" les juges \u00e0 la bombe de peinture. L'\u0153uvre de la Via Lungarini se trouve \u00e0 proximit\u00e9 imm\u00e9diate de la Piazza Marina.<\/p>\n<p>Non loin de l\u00e0, sur la Piazza Cattolica, TV Boy a \u00e9galement immortalis\u00e9 le juge Paolo Borsellino. Tout comme Falcone, le juge Borsellino a \u00e9t\u00e9 assassin\u00e9 par la mafia en 1992. La mafia n'a plus d'amis dans la Kalsa ? Pourquoi pensez-vous que le juge a eu les yeux crev\u00e9s ?\u00a0<\/p>\n<p>[\/et_pb_text][\/et_pb_column][\/et_pb_row][et_pb_row _builder_version=&#8220;4.5.1&#8243; _module_preset=&#8220;default&#8220;][et_pb_column type=&#8220;4_4&#8243; _builder_version=&#8220;4.5.1&#8243; _module_preset=&#8220;default&#8220;][et_pb_image src=&#8220;https:\/\/www.planbwagen.de\/wp-content\/uploads\/2023\/04\/Palermo-Street-Art-Graffiti-Murale00000-576&#215;1024.jpg&#8220; alt=&#8220;Wandbild des ermordeten italienischen Richter und Mafia J\u00e4ger Giovanni Falcone und Paolo Borsellino im Gespr\u00e4ch da&#8220; title_text=&#8220;Palermo Street Art, Graffiti, Murale00000&#8243; align=&#8220;center&#8220; _builder_version=&#8220;4.5.1&#8243; _module_preset=&#8220;default&#8220;][\/et_pb_image][\/et_pb_column][\/et_pb_row][et_pb_row _builder_version=&#8220;4.5.1&#8243; _module_preset=&#8220;default&#8220;][et_pb_column type=&#8220;4_4&#8243; _builder_version=&#8220;4.5.1&#8243; _module_preset=&#8220;default&#8220;][et_pb_text _builder_version=&#8220;4.5.1&#8243; _module_preset=&#8220;default&#8220;]<\/p>\n<h3><span class=\"ez-toc-section\" id=\"%E2%80%9EFalcone_e_Borsellino%E2%80%9C-_Rosk_Loste\"><\/span><span style=\"font-size: xx-large;\">&#8222;Falcone e Borsellino&#8220;- Rosk &amp; Loste<\/span><span class=\"ez-toc-section-end\"><\/span><\/h3>\n<p>Cette fresque murale est \u00e9galement l'\u0153uvre des artistes palermitains Rosk &amp; Loste. Un coup d'\u0153il sur leurs comptes Instagram vaut la peine.<\/p>\n<p>Elle repr\u00e9sente \u00e9galement les juges et chasseurs de mafia italiens assassin\u00e9s Giovanni Falcone et Paolo Borsellino, ici en train de discuter. La fresque est inspir\u00e9e d'une photo prise le 27 mars 1992 \u00e0 Palerme par le photographe italien Tony Gentile. Elle a donc \u00e9t\u00e9 prise quelques mois seulement avant l'attentat.<\/p>\n<p>[\/et_pb_text][\/et_pb_column][\/et_pb_row][et_pb_row _builder_version=&#8220;4.5.1&#8243; _module_preset=&#8220;default&#8220;][et_pb_column type=&#8220;4_4&#8243; _builder_version=&#8220;4.5.1&#8243; _module_preset=&#8220;default&#8220;][et_pb_image src=&#8220;https:\/\/www.planbwagen.de\/wp-content\/uploads\/2023\/04\/Palermo-Street-Art-Graffiti-Murale00039-1024&#215;576.jpg&#8220; alt=&#8220;Palermo Street Art, Graffiti, Murale&#8220; align=&#8220;center&#8220; _builder_version=&#8220;4.5.1&#8243; _module_preset=&#8220;default&#8220;][\/et_pb_image][\/et_pb_column][\/et_pb_row][et_pb_row _builder_version=&#8220;4.5.1&#8243; _module_preset=&#8220;default&#8220;][et_pb_column type=&#8220;4_4&#8243; _builder_version=&#8220;4.5.1&#8243; _module_preset=&#8220;default&#8220;][et_pb_text _builder_version=&#8220;4.5.1&#8243; _module_preset=&#8220;default&#8220;]<\/p>\n<p><span style=\"font-size: x-large; color: #333333; font-family: 'DCC Ash', Helvetica, Arial, Lucida, sans-serif;\">\u00a0\"<span style=\"font-size: xx-large;\">Sant&#8216; Erasmo\u201c &#8211; Igor Scalisi\u00a0Palminteri<\/span><\/span><\/p>\n<p><a href=\"https:\/\/www.instagram.com\/igor_palminteri\/\" target=\"_blank\" rel=\"noopener noreferrer\">Igor Scalisi Palminteri<\/a> a de nouveau peint un saint au bord de la Kalsa, juste en face du petit port, Porticciolo di Sant'Erasmo.  - Apr\u00e8s San Benedetto il Moro et Santa Rosalia, tous deux \u00e0 Ballar\u00f2, c'est ici qu'a \u00e9t\u00e9 peint le saint patron des p\u00eacheurs.<\/p>\n<p>Mais il manque aussi bien les v\u00eatements sacr\u00e9s que la pastorale (b\u00e2ton de berger). \u00c0 la place, des rames et une bou\u00e9e de sauvetage orange (symbole du sauvetage des migrants en mer).<\/p>\n<p>L'artiste a d\u00e9di\u00e9 la fresque \u00e0 \"toutes les personnes qui ont particip\u00e9 au sauvetage des migrants en mer\".<\/p>\n<p>Zitat Igor Scalisi Palminteri: &#8222;Der Menschenfischer empf\u00e4ngt und sch\u00fctzt diejenigen, die auf dem Seeweg in Palermo ankommen\u201c<\/p>\n<p>Dans ce contexte, nous avons appris quelque chose sur le pass\u00e9 d'Igor Scalisi Palminteri, en tant que moine franciscain. On y d\u00e9couvre certainement ses motivations, souvent chr\u00e9tiennes, ainsi que son fort engagement social.<\/p>\n<p>\u201eAls sie mich baten, ein Wandgem\u00e4lde in Sant&#8217;Erasmo zu machen, dachte ich sofort an die Worte von Jesus Christus: &#8222;Ich werde euch zu Menschenfischern machen&#8220;.\u201c<\/p>\n<p>[\/et_pb_text][\/et_pb_column][\/et_pb_row][et_pb_row _builder_version=&#8220;4.5.1&#8243; _module_preset=&#8220;default&#8220;][et_pb_column type=&#8220;4_4&#8243; _builder_version=&#8220;4.5.1&#8243; _module_preset=&#8220;default&#8220;][et_pb_image src=&#8220;https:\/\/www.planbwagen.de\/wp-content\/uploads\/2023\/04\/City-Trip-1024&#215;683.jpg&#8220; title_text=&#8220;City Trip&#8220; align=&#8220;center&#8220; _builder_version=&#8220;4.5.1&#8243; _module_preset=&#8220;default&#8220;][\/et_pb_image][\/et_pb_column][\/et_pb_row][et_pb_row _builder_version=&#8220;4.5.1&#8243; _module_preset=&#8220;default&#8220;][et_pb_column type=&#8220;4_4&#8243; _builder_version=&#8220;4.5.1&#8243; _module_preset=&#8220;default&#8220;][et_pb_text _builder_version=&#8220;4.5.1&#8243; _module_preset=&#8220;default&#8220;]<\/p>\n<h2><span class=\"ez-toc-section\" id=\"Momentaufnahme\"><\/span><span style=\"font-size: xx-large;\">Instantan\u00e9<\/span><span class=\"ez-toc-section-end\"><\/span><\/h2>\n<p>&nbsp;<\/p>\n<p><span style=\"font-size: 18px;\">D'une part, les peintures murales sont \u00e9ph\u00e9m\u00e8res, d'autre part, les artistes de street art de Palerme sont particuli\u00e8rement actifs. C'est pourquoi nous consid\u00e9rons cet article comme un instantan\u00e9 ou un \u00e9tat des lieux.\u00a0\u00a0<\/span><span style=\"font-size: 18px;\">Aidez-nous en attirant notre attention sur des \u0153uvres anciennes ou nouvelles. Ainsi, nous pourrons au moins pr\u00e9server l'une ou l'autre \u0153uvre. Merci !<\/span><\/p>\n<p>Tu veux en savoir plus ? - Il reste encore beaucoup \u00e0 d\u00e9couvrir.<\/p>\n<h2><span class=\"ez-toc-section\" id=\"Mehrwert_%E2%80%93_Links\"><\/span><span>Valeur ajout\u00e9e - Liens<\/span><span class=\"ez-toc-section-end\"><\/span><\/h2>\n<p>Ciao, amoureux des voyages et des plaisirs de la vie ! Si tu es \u00e0 la recherche de la maison id\u00e9ale \u00e0 Palerme, nous avons ce qu'il te faut : Palazzo Vetrano, un appartement de vacances exceptionnel au c\u0153ur de la vieille ville. Un charme historique, un confort moderne et une situation imbattable dans le Centro Storico t'attendent ici.<\/p>\n<p>Et ce n'est que le d\u00e9but ! Plonge dans le monde vibrant de Palerme et d\u00e9couvre que le Centro Storico est bien plus qu'une vieille ville ordinaire. Accompagne-nous ensuite au Mercato di Ballaro, o\u00f9 tu ne trouveras pas seulement de la street food, mais o\u00f9 tu pourras aussi go\u00fbter un peu de l'\u00e2me de Palerme. Mais attention : la street food palermitaine peut rendre accro !<\/p>\n<p>Lorsque tu as suffisamment festoy\u00e9, laisse-toi envo\u00fbter par le street art de Palerme. Ici, les murs deviennent des toiles et les graffitis des \u0153uvres d'art. Et si tu veux sentir l'adr\u00e9naline couler dans tes veines, va voir la Targa Florio - une course de rue qui fait trembler la Sicile ! Tu pr\u00e9f\u00e8res d\u00e9couvrir un petit village de p\u00eacheurs ? - Pourquoi pas Cefal\u00f9 ? - Alors, d\u00e9couvre la diversit\u00e9 de Palerme et de la Sicile.<\/p>\n<p>D\u00e9marre ici :<\/p>\n<ul>\n<li><a href=\"https:\/\/palazzovetrano.it\/\">Palazzo Vetrano <\/a>- L'appartement de vacances un peu diff\u00e9rent<a href=\"https:\/\/palazzovetrano.it\/\">\u00a0<\/a><\/li>\n<li><a href=\"https:\/\/www.planbwagen.de\/fr\/italie\/palermo-centro-storico-plus-quune-vieille-ville\/\">Palermo Centro Storico : <\/a>Plus qu'une simple vieille ville ?<\/li>\n<li><a href=\"https:\/\/www.planbwagen.de\/fr\/italie\/ballaro\/\">Le march\u00e9 de Ballaro :<\/a>\u00a0Le plus vieux march\u00e9 de Palerme<\/li>\n<li><a href=\"https:\/\/www.planbwagen.de\/fr\/italie\/palermo-street-food-manger-rend-heureux\/\">La street food \u00e0 Palerme :<\/a><\/li>\n<li>Street Art Palermo : <a href=\"https:\/\/www.planbwagen.de\/fr\/italie\/palermo-street-art-graffiti-murale-peinture-murale-one\/\">Partie I<\/a> ou <a href=\"https:\/\/www.planbwagen.de\/fr\/italie\/street-art-palermo-kalsa-graffiti-murale-peinture-murale-partie-2\/\">Partie II<\/a>\u00a0ou<a href=\"https:\/\/www.planbwagen.de\/fr\/italie\/street-art-palermo-graffiti-peinture-murale-partie-3\/\"> Partie III<\/a> ou <a href=\"https:\/\/www.planbwagen.de\/fr\/italie\/street-art-palermo-neustadt-grafitti-murale-peinture-murale-partie-4\/\">Partie IV<\/a> et pour compl\u00e9ter <a href=\"https:\/\/www.planbwagen.de\/fr\/italie\/street-art-pruvincia-di-palermo-grafitti-murale-peinture-murale-partie-5\/\">Partie V<\/a><\/li>\n<li><a href=\"https:\/\/www.planbwagen.de\/fr\/italie\/targa-florio-la-course-sur-route-en-sicile\/\">Targa Florio partie I <\/a>et <a href=\"https:\/\/www.planbwagen.de\/fr\/italie\/targa-florio-1948-a-1977-la-course-continue\/\">Partie II <\/a>- La course<\/li>\n<li><a href=\"https:\/\/www.planbwagen.de\/fr\/italie\/cefalu-plage-et-tourisme\/\">Cefal\u00f9 <\/a>- Plus qu'un village de p\u00eacheurs<\/li>\n<li><a href=\"https:\/\/www.planbwagen.de\/fr\/italie\/la-madonie-et-les-plus-beaux-villages-de-sicile\/\">Madonie<\/a> - Tu aimes\u00a0<span>Nature, petits villages et cuisine locale d\u00e9licieuse<\/span><\/li>\n<\/ul>\n<p>Et si tu veux te retirer apr\u00e8s une journ\u00e9e passionnante, le Palazzo Vetrano t'attend, l'appartement parfait au Ballaro, dans le centre historique de Palerme. Ici, tu peux te d\u00e9tendre et planifier de nouvelles aventures. R\u00e9serve d\u00e8s aujourd'hui et fais de tes vacances de r\u00eave une r\u00e9alit\u00e9 !<\/p>\n<p>&nbsp;<\/p>\n<p>&nbsp;<\/p>\n<p>[\/et_pb_text][\/et_pb_column][\/et_pb_row][\/et_pb_section]<\/p>","protected":false},"excerpt":{"rendered":"<p>[et_pb_section fb_built=&#8220;1&#8243; _builder_version=&#8220;4.5.1&#8243; _module_preset=&#8220;default&#8220;][et_pb_row _builder_version=&#8220;4.5.1&#8243; _module_preset=&#8220;default&#8220;][et_pb_column type=&#8220;4_4&#8243; _builder_version=&#8220;4.5.1&#8243; _module_preset=&#8220;default&#8220;][et_pb_text _builder_version=&#8220;4.5.1&#8243; _module_preset=&#8220;default&#8220; link_option_url_new_window=&#8220;on&#8220;] Palermo Street Art In Teil 1 unserer\u00a0Serie &#8218;Streetart Palermo&#8216; berichten wir \u00fcber Street Art in Palermos Altstadtviertel Ballar\u00f2. In Teil drei folgen die Altstadtviertel La Loggia, sowie das Capo Viertel. Solltet ihr diesen 1. Teil noch nicht kennen, so empfehlen wir hiermit zu [&hellip;]<\/p>","protected":false},"author":1,"featured_media":15330,"comment_status":"open","ping_status":"open","sticky":false,"template":"","format":"standard","meta":{"_et_pb_use_builder":"on","_et_pb_old_content":"","_et_gb_content_width":"","footnotes":""},"categories":[32,39],"tags":[],"class_list":["post-15948","post","type-post","status-publish","format-standard","has-post-thumbnail","hentry","category-italien","category-sizilien"],"_links":{"self":[{"href":"https:\/\/www.planbwagen.de\/fr\/wp-json\/wp\/v2\/posts\/15948","targetHints":{"allow":["GET"]}}],"collection":[{"href":"https:\/\/www.planbwagen.de\/fr\/wp-json\/wp\/v2\/posts"}],"about":[{"href":"https:\/\/www.planbwagen.de\/fr\/wp-json\/wp\/v2\/types\/post"}],"author":[{"embeddable":true,"href":"https:\/\/www.planbwagen.de\/fr\/wp-json\/wp\/v2\/users\/1"}],"replies":[{"embeddable":true,"href":"https:\/\/www.planbwagen.de\/fr\/wp-json\/wp\/v2\/comments?post=15948"}],"version-history":[{"count":18,"href":"https:\/\/www.planbwagen.de\/fr\/wp-json\/wp\/v2\/posts\/15948\/revisions"}],"predecessor-version":[{"id":16890,"href":"https:\/\/www.planbwagen.de\/fr\/wp-json\/wp\/v2\/posts\/15948\/revisions\/16890"}],"wp:featuredmedia":[{"embeddable":true,"href":"https:\/\/www.planbwagen.de\/fr\/wp-json\/wp\/v2\/media\/15330"}],"wp:attachment":[{"href":"https:\/\/www.planbwagen.de\/fr\/wp-json\/wp\/v2\/media?parent=15948"}],"wp:term":[{"taxonomy":"category","embeddable":true,"href":"https:\/\/www.planbwagen.de\/fr\/wp-json\/wp\/v2\/categories?post=15948"},{"taxonomy":"post_tag","embeddable":true,"href":"https:\/\/www.planbwagen.de\/fr\/wp-json\/wp\/v2\/tags?post=15948"}],"curies":[{"name":"wp","href":"https:\/\/api.w.org\/{rel}","templated":true}]}}