{"id":1425,"date":"2019-11-28T19:22:21","date_gmt":"2019-11-28T19:22:21","guid":{"rendered":""},"modified":"2021-03-30T07:00:23","modified_gmt":"2021-03-30T07:00:23","slug":"last-call-detailausstattung-des-spacecamper","status":"publish","type":"post","link":"https:\/\/www.planbwagen.de\/fr\/spacecamper-terranger-co\/last-call-detail-de-lequipement-du-spacecamper\/","title":{"rendered":"Last Call : Equipement d\u00e9taill\u00e9 du SpaceCamper - Nous vivons cela"},"content":{"rendered":"<p>[et_pb_section fb_built=&#8220;1&#8243; _builder_version=&#8220;3.22&#8243;][et_pb_row column_structure=&#8220;1_3,1_3,1_3&#8243; _builder_version=&#8220;4.5.1&#8243; _module_preset=&#8220;default&#8220;][et_pb_column type=&#8220;1_3&#8243; _builder_version=&#8220;4.5.1&#8243; _module_preset=&#8220;default&#8220;][et_pb_image src=&#8220;https:\/\/www.planbwagen.de\/wp-content\/uploads\/2020\/09\/1-157.jpg&#8220; title_text=&#8220;1&#8243; _builder_version=&#8220;4.5.1&#8243; _module_preset=&#8220;default&#8220;][\/et_pb_image][\/et_pb_column][et_pb_column type=&#8220;1_3&#8243; _builder_version=&#8220;4.5.1&#8243; _module_preset=&#8220;default&#8220;][et_pb_image src=&#8220;https:\/\/www.planbwagen.de\/wp-content\/uploads\/2020\/09\/2-156.jpg&#8220; title_text=&#8220;2&#8243; _builder_version=&#8220;4.5.1&#8243; _module_preset=&#8220;default&#8220;][\/et_pb_image][\/et_pb_column][et_pb_column type=&#8220;1_3&#8243; _builder_version=&#8220;4.5.1&#8243; _module_preset=&#8220;default&#8220;][et_pb_image src=&#8220;https:\/\/www.planbwagen.de\/wp-content\/uploads\/2020\/09\/3-138.jpg&#8220; title_text=&#8220;3&#8243; _builder_version=&#8220;4.5.1&#8243; _module_preset=&#8220;default&#8220;][\/et_pb_image][\/et_pb_column][\/et_pb_row][et_pb_row _builder_version=&#8220;4.5.1&#8243; _module_preset=&#8220;default&#8220;][et_pb_column type=&#8220;4_4&#8243; _builder_version=&#8220;4.5.1&#8243; _module_preset=&#8220;default&#8220;][et_pb_text _builder_version=&#8220;4.5.1&#8243; _module_preset=&#8220;default&#8220;]<\/p>\n<div id=\"ez-toc-container\" class=\"ez-toc-v2_0_76 counter-hierarchy ez-toc-counter ez-toc-grey ez-toc-container-direction\">\n<p class=\"ez-toc-title\" style=\"cursor:inherit\">Content<\/p>\n<label for=\"ez-toc-cssicon-toggle-item-69f2e0a157256\" class=\"ez-toc-cssicon-toggle-label\"><span class=\"\"><span class=\"eztoc-hide\" style=\"display:none;\">Toggle<\/span><span class=\"ez-toc-icon-toggle-span\"><svg style=\"fill: #999;color:#999\" xmlns=\"http:\/\/www.w3.org\/2000\/svg\" class=\"list-377408\" width=\"20px\" height=\"20px\" viewbox=\"0 0 24 24\" fill=\"none\"><path d=\"M6 6H4v2h2V6zm14 0H8v2h12V6zM4 11h2v2H4v-2zm16 0H8v2h12v-2zM4 16h2v2H4v-2zm16 0H8v2h12v-2z\" fill=\"currentColor\"><\/path><\/svg><svg style=\"fill: #999;color:#999\" class=\"arrow-unsorted-368013\" xmlns=\"http:\/\/www.w3.org\/2000\/svg\" width=\"10px\" height=\"10px\" viewbox=\"0 0 24 24\" version=\"1.2\" baseprofile=\"tiny\"><path d=\"M18.2 9.3l-6.2-6.3-6.2 6.3c-.2.2-.3.4-.3.7s.1.5.3.7c.2.2.4.3.7.3h11c.3 0 .5-.1.7-.3.2-.2.3-.5.3-.7s-.1-.5-.3-.7zM5.8 14.7l6.2 6.3 6.2-6.3c.2-.2.3-.5.3-.7s-.1-.5-.3-.7c-.2-.2-.4-.3-.7-.3h-11c-.3 0-.5.1-.7.3-.2.2-.3.5-.3.7s.1.5.3.7z\"\/><\/svg><\/span><\/span><\/label><input type=\"checkbox\"  id=\"ez-toc-cssicon-toggle-item-69f2e0a157256\"  aria-label=\"Toggle\" \/><nav><ul class='ez-toc-list ez-toc-list-level-1' ><li class='ez-toc-page-1 ez-toc-heading-level-2'><a class=\"ez-toc-link ez-toc-heading-1\" href=\"https:\/\/www.planbwagen.de\/fr\/spacecamper-terranger-co\/last-call-detail-de-lequipement-du-spacecamper\/#Tagesmotto_Spacy\" >Devise du jour Spacy :<\/a><\/li><li class='ez-toc-page-1 ez-toc-heading-level-2'><a class=\"ez-toc-link ez-toc-heading-2\" href=\"https:\/\/www.planbwagen.de\/fr\/spacecamper-terranger-co\/last-call-detail-de-lequipement-du-spacecamper\/#Selbsterfahrung_VW_California\" >Exp\u00e9rience personnelle VW California :<\/a><\/li><li class='ez-toc-page-1 ez-toc-heading-level-2'><a class=\"ez-toc-link ez-toc-heading-3\" href=\"https:\/\/www.planbwagen.de\/fr\/spacecamper-terranger-co\/last-call-detail-de-lequipement-du-spacecamper\/#Bulli_Fangemeinde\" >La communaut\u00e9 des fans de Bulli :<\/a><\/li><li class='ez-toc-page-1 ez-toc-heading-level-2'><a class=\"ez-toc-link ez-toc-heading-4\" href=\"https:\/\/www.planbwagen.de\/fr\/spacecamper-terranger-co\/last-call-detail-de-lequipement-du-spacecamper\/#Emotionale_Bemusterung\" >\u00c9chantillonnage \u00e9motionnel :<\/a><\/li><li class='ez-toc-page-1 ez-toc-heading-level-2'><a class=\"ez-toc-link ez-toc-heading-5\" href=\"https:\/\/www.planbwagen.de\/fr\/spacecamper-terranger-co\/last-call-detail-de-lequipement-du-spacecamper\/#Erganzende_Links\" >Liens compl\u00e9mentaires :<\/a><\/li><\/ul><\/nav><\/div>\n<h2><span class=\"ez-toc-section\" id=\"Tagesmotto_Spacy\"><\/span><span style=\"font-size: xx-large;\">Devise du jour Spacy :<\/span><span class=\"ez-toc-section-end\"><\/span><\/h2>\n<p>Der heutige Tag steht ganz unter dem Motto SpaceCamper. Wir sind bereits fr\u00fch aufgestanden, und stehen p\u00fcnktlich um 7:30, Torgit vor dem B\u00e4cker und ich vor dem Metzger. Denn um 10:00 Uhr wollen wir bereits in Darmstadt, bei Spacecamper sein. Da wollen wir doch wenigstens ein Fr\u00fchst\u00fcck mitbringen. Inzwischen kennen wir von der Hausmesse, von der Caravan in D\u00fcsseldorf und von einigen Telefonaten schon den ein oder anderen Mitarbeiter im Hause Spacecamper. Bereits beim Eintreten werden wir sehr famili\u00e4r begr\u00fc\u00dft. Irgendwie sp\u00fcrt man im gesamten Haus, deren Motto, &#8222;wir lieben das&#8220;. &#8211; Ja, die lieben das. Die meisten Mitarbeiter fahren einen SpaceCamper und sind Camping Enthusiasten.<\/p>\n<p>Bien que nous nous soyons pr\u00e9par\u00e9s en cons\u00e9quence pour le rendez-vous, puisque nous \u00e9tions d\u00e9j\u00e0 all\u00e9s chez VW auparavant et que nous avions examin\u00e9 la Caravelle de mani\u00e8re approfondie, les possibilit\u00e9s nous submergent. Il y a donc beaucoup de d\u00e9cisions \u00e0 prendre.<\/p>\n<h2><span class=\"ez-toc-section\" id=\"Selbsterfahrung_VW_California\"><\/span>Exp\u00e9rience personnelle VW California :<span class=\"ez-toc-section-end\"><\/span><\/h2>\n<p>Nous avons certainement d\u00e9j\u00e0 l'avantage de vivre depuis plusieurs semaines dans un VW California. Nous savons maintenant ce qui est bien, mais nous savons aussi ce qui peut \u00eatre am\u00e9lior\u00e9. Ce qui est bien chez SpaceCamper, c'est que l'on sent vraiment l'exp\u00e9rience qui se cache dans le projet. Il n'y a pas de t\u00eate d'aqueduc qui emp\u00eache les d\u00e9veloppements.<\/p>\n<p>Avec les clients du Bulli et du California, VW ne dispose pas seulement d'une \u00e9norme communaut\u00e9 de fans, mais aussi et surtout d'une identification et d'un savoir-faire incroyables. Celui qui ne se contente pas de rouler avec son v\u00e9hicule, mais qui y dort, cuisine, vit et travaille, le Bulli devient tr\u00e8s vite sa maison.<\/p>\n<p>On ne le croirait pas, mais il y a des gens qui r\u00e9sident r\u00e9guli\u00e8rement dans des h\u00f4tels cinq \u00e9toiles pour leur travail, mais qui pr\u00e9f\u00e8rent aller dormir sur le parking la nuit. Autrefois, je trouvais cela fou. Aujourd'hui, ce n'est plus le cas.<\/p>\n<h2><span class=\"ez-toc-section\" id=\"Bulli_Fangemeinde\"><\/span><span style=\"font-size: xx-large;\">La communaut\u00e9 des fans de Bulli :<\/span><span class=\"ez-toc-section-end\"><\/span><\/h2>\n<p>Ce que je trouve dommage, c'est que les d\u00e9veloppeurs de VW ne semblent pas consid\u00e9rer comme n\u00e9cessaire d'\u00e9couter leur communaut\u00e9 de fans. En effet, lorsque je lis l'un ou l'autre message sur les diff\u00e9rents groupes Facebook consacr\u00e9s au Bulli ou au California, je me dis : h\u00e9, ici, on poste d\u00e9j\u00e0 des suggestions judicieuses pour un T3, T4, T5, T6, mais on ne les met pas assez en pratique. - C'est dommage ! Ainsi, le savoir-faire gratuit est finalement aussi gratuit.\u00a0<\/p>\n<p>Souvent, ce sont simplement des petits d\u00e9tails qui sont incompr\u00e9hensibles. Vous trouverez deux exemples dans notre <a href=\"https:\/\/www.planbwagen.de\/fr\/spacecamper-terranger-co\/le-configurateur-vw-lignes-dequipement-trendline-comfortline-et-highline\/\">prochain article de blog<\/a>. Celui-ci traite du th\u00e8me de l'ordre dans le VW California, ainsi que le configurateur VW en ligne.\u00a0\u00a0<\/p>\n<p>Il s'agit souvent d'articles \u00e0 un dollar, ce n'est donc pas toujours une question d'argent. Il en va tout autrement chez Spacecamper : hier, alors que nous \u00e9tions assis avec Markus Liebenau, le directeur des ventes, il a not\u00e9 plusieurs de nos suggestions en disant : \"C'est la deuxi\u00e8me fois que j'entends cela, je vais l'emmener \u00e0 notre r\u00e9union d'\u00e9quipe. Nous devons trouver une solution \u00e0 ce probl\u00e8me\". - M\u00eame chez SpaceCamper, tout n'est pas possible, car il s'agit d'un am\u00e9nageur modulaire et non individuel. Mais on sent toujours qu'ici, on cherche des solutions. C'est amusant.<\/p>\n<h2><span class=\"ez-toc-section\" id=\"Emotionale_Bemusterung\"><\/span><span style=\"font-size: xx-large;\">\u00c9chantillonnage \u00e9motionnel :<\/span><span class=\"ez-toc-section-end\"><\/span><\/h2>\n<p>Mais \u00e0 la fin, il s'agit aussi de th\u00e8mes \u00e9motionnels. Dans la maison, ce sont des th\u00e8mes comme les salles de bains et les cuisines. Rares sont ceux qui s'attardent autant sur la technologie de la maison que sur les objets de la salle de bains, la robinetterie et le carrelage. - Ici, c'est pareil, nous finissons par discuter le plus longtemps de la couleur du cuir, du module de cuisine et des fa\u00e7ades en bois. Bien que le th\u00e8me de l'autarcie ait \u00e9t\u00e9 tr\u00e8s, tr\u00e8s important pour nous en amont, c'est l\u00e0 que nous passons le moins de temps.<\/p>\n<p>Sur le chemin du retour, apr\u00e8s six heures, nous sommes tous les deux assez fatigu\u00e9s mais heureux. Le temps modeste sur la piste n'y change rien.<\/p>\n<p>&nbsp;<\/p>\n<p>&nbsp;<\/p>\n<h2><span class=\"ez-toc-section\" id=\"Erganzende_Links\"><\/span><span style=\"font-size: xx-large;\">Liens compl\u00e9mentaires :<\/span><span class=\"ez-toc-section-end\"><\/span><\/h2>\n<p>PS : Vous trouverez ici nos SpaceCampers <a href=\"https:\/\/www.planbwagen.de\/fr\/spacecamper-terranger-co\/notre-spacecamper-classicopen\/\">D\u00e9tails de l'\u00e9quipement<\/a>notre SpaceCamper <a href=\"https:\/\/www.planbwagen.de\/fr\/spacecamper-terranger-co\/spacecamper-classicopen-le-camping-car-amenage\/\">Extension<\/a>\u00a0ainsi que SpaceCamper<a href=\"https:\/\/www.planbwagen.de\/fr\/spacecamper-terranger-co\/t5-califoria-rencontre-t6-spacecamper\/\"> Conseils d'initi\u00e9s<\/a>.<\/p>\n<p>Voici notre <a href=\"https:\/\/www.planbwagen.de\/fr\/spacecamper-terranger-co\/technique-offroad\/\">TERRANGER Modifications tout-terrain<\/a>, infos sur les th\u00e8mes<a href=\"https:\/\/www.planbwagen.de\/fr\/allemagne\/formation-a-la-conduite-en-campagne-de-terranger\/\">\u00a0Formation \u00e0 la conduite tout-terrain Terranger<\/a>, <a href=\"https:\/\/www.planbwagen.de\/fr\/conseils-astuces\/camping-car-gestion-de-lenergie-module-solaire-sac-solaire-stockage-en-autocontrole\/\">Gestion de l'\u00e9nergie<\/a>, DIY <a href=\"https:\/\/www.planbwagen.de\/fr\/spacecamper-terranger-co\/diy-road-shower-douche-de-camping\/\">R\u00e9servoirs d'eau<\/a>, DIY <a href=\"https:\/\/www.planbwagen.de\/fr\/spacecamper-terranger-co\/systeme-de-portage-arriere-diy-ou-original-terranger\/\">Syst\u00e8me de portage arri\u00e8re<\/a>, arr\u00eat au stand chez\u00a0<a href=\"https:\/\/www.planbwagen.de\/fr\/allemagne\/arret-au-stand-chez-delta4x4-le-specialiste-du-tuning-de-vehicules-de-loisirs\/\">delta4x4<\/a>, <a href=\"https:\/\/www.planbwagen.de\/fr\/spacecamper-terranger-co\/butch-ca-avance-terranger-delta-4x4-toles-de-sable-co\/\">T\u00f4les de sable<\/a>,\u00a0<a href=\"https:\/\/www.planbwagen.de\/fr\/spacecamper-terranger-co\/foliencenter-nrw-film-pour-vehicules-protection-peinture\/\">Filmage de v\u00e9hicules<\/a> et <a href=\"https:\/\/www.planbwagen.de\/fr\/spacecamper-terranger-co\/vitrification-de-la-ceramique-glanzwerk-bornheim\/\">Scellement de la c\u00e9ramique<\/a>.<\/p>\n<p>Pour compl\u00e9ter le sujet <a href=\"https:\/\/www.planbwagen.de\/fr\/spacecamper-terranger-co\/contrefacon-de-produits-contrefacon-de-marques-chez-les-tuners-offroad\/\">Contrefa\u00e7on<\/a> chez les pr\u00e9parateurs tout-terrain.<\/p>\n<p>Les th\u00e8mes <a href=\"https:\/\/www.planbwagen.de\/fr\/liste-de-colisage\/\">Liste de colisage<\/a>, <a href=\"https:\/\/www.planbwagen.de\/fr\/conseils-astuces\/\">Conseils et astuces<\/a>, <a href=\"https:\/\/www.planbwagen.de\/fr\/butch-friends\/\">BUTCH &amp; Friends<\/a>, <a href=\"https:\/\/www.planbwagen.de\/fr\/port-dattache\/\">Port d'attache<\/a>, le <a href=\"https:\/\/www.planbwagen.de\/fr\/blogs-de-voyage\/\">Blogs de voyage,<\/a>\u00a0le th\u00e8me <a href=\"https:\/\/www.planbwagen.de\/fr\/muscle-de-la-joie\/\">MUSCLE DE BONHEUR<\/a>\u00a0ainsi que <a href=\"https:\/\/www.planbwagen.de\/fr\/a-propos-de-nous\/\">\u00c0 propos de nous<\/a> nous avons consacr\u00e9 des rubriques sp\u00e9cifiques. Vous pouvez nous contacter <a href=\"https:\/\/www.planbwagen.de\/fr\/2266-2\/\">ici<\/a>.<\/p>\n<p>Und last but not least hier unsere Link\u00fcbersicht &#8222;<a href=\"https:\/\/www.planbwagen.de\/fr\/hello\/\">Suivez le soleil<\/a>&#8222;. Damit ihr wisst wo man uns noch folgen kann.\u00a0<\/p>\n<p>Vous vous y retrouverez. ? Si vous aimez ces articles, parlez-en autour de vous, merci !<\/p>\n<p>[\/et_pb_text][et_pb_image src=&#8220;https:\/\/www.planbwagen.de\/wp-content\/uploads\/2020\/09\/4-128.jpg&#8220; title_text=&#8220;4&#8243; _builder_version=&#8220;4.5.1&#8243; _module_preset=&#8220;default&#8220;][\/et_pb_image][\/et_pb_column][\/et_pb_row][\/et_pb_section]<\/p>","protected":false},"excerpt":{"rendered":"<p>[et_pb_section fb_built=&#8220;1&#8243; _builder_version=&#8220;3.22&#8243;][et_pb_row column_structure=&#8220;1_3,1_3,1_3&#8243; _builder_version=&#8220;4.5.1&#8243; _module_preset=&#8220;default&#8220;][et_pb_column type=&#8220;1_3&#8243; _builder_version=&#8220;4.5.1&#8243; _module_preset=&#8220;default&#8220;][et_pb_image src=&#8220;https:\/\/www.planbwagen.de\/wp-content\/uploads\/2020\/09\/1-157.jpg&#8220; title_text=&#8220;1&#8243; _builder_version=&#8220;4.5.1&#8243; _module_preset=&#8220;default&#8220;][\/et_pb_image][\/et_pb_column][et_pb_column type=&#8220;1_3&#8243; _builder_version=&#8220;4.5.1&#8243; _module_preset=&#8220;default&#8220;][et_pb_image src=&#8220;https:\/\/www.planbwagen.de\/wp-content\/uploads\/2020\/09\/2-156.jpg&#8220; title_text=&#8220;2&#8243; _builder_version=&#8220;4.5.1&#8243; _module_preset=&#8220;default&#8220;][\/et_pb_image][\/et_pb_column][et_pb_column type=&#8220;1_3&#8243; _builder_version=&#8220;4.5.1&#8243; _module_preset=&#8220;default&#8220;][et_pb_image src=&#8220;https:\/\/www.planbwagen.de\/wp-content\/uploads\/2020\/09\/3-138.jpg&#8220; title_text=&#8220;3&#8243; _builder_version=&#8220;4.5.1&#8243; _module_preset=&#8220;default&#8220;][\/et_pb_image][\/et_pb_column][\/et_pb_row][et_pb_row _builder_version=&#8220;4.5.1&#8243; _module_preset=&#8220;default&#8220;][et_pb_column type=&#8220;4_4&#8243; _builder_version=&#8220;4.5.1&#8243; _module_preset=&#8220;default&#8220;][et_pb_text _builder_version=&#8220;4.5.1&#8243; _module_preset=&#8220;default&#8220;] Tagesmotto Spacy: Der heutige Tag steht ganz unter dem Motto SpaceCamper. Wir sind bereits fr\u00fch aufgestanden, und stehen p\u00fcnktlich um 7:30, [&hellip;]<\/p>","protected":false},"author":1,"featured_media":4162,"comment_status":"open","ping_status":"open","sticky":false,"template":"","format":"standard","meta":{"_et_pb_use_builder":"on","_et_pb_old_content":"<div id=\"content_start\">\u00a0<\/div><article class=\"j-blog\"><div class=\"n j-blog-meta j-blog-post--header\"><div class=\"j-text j-module n\"><a class=\"j-blog-post--category\" href=\"https:\/\/www.gluecksmuskel.de\/hectors-reisen\/spacecamper-terranger-co\/\"> SpaceCamper, Terranger & Co. <\/a> \u00a0\u00b7\u00a0 <span class=\"j-text j-blog-post--date\"> 28. November 2019 <\/span><\/div><h1 class=\"j-blog-header j-blog-headline j-blog-post--headline\">Tag No. 85 - SpaceCamper - Wir leben das<\/h1><\/div><div class=\"post j-blog-content\"><div id=\"cc-matrix-3603545126\"><div id=\"cc-m-12572894926\" class=\"j-module n j-spacing \"><div class=\"cc-m-spacer\" style=\"height: 20px;\">\u00a0<\/div><\/div><div id=\"cc-m-12558102226\" class=\"j-module n j-gallery \"><div id=\"cc-m-gallery-12558102226\" class=\"cc-m-gallery-container cc-m-gallery-cool clearover\"><div id=\"gallery_thumb_8115278726\" class=\"cc-m-gallery-cool-item\"><div><a rel=\"lightbox[12558102226]\" data-href=\"https:\/\/planbwagen.de\/wp-content\/uploads\/attachments\/image.jpg\" data-title=\"\" data-index=\"0\"> <img style=\"height: 176px; width: 132px; margin-bottom: 3px; margin-right: 3px;\" src=\"https:\/\/planbwagen.de\/wp-content\/uploads\/2020\/07\/image-8-4-2-4.jpg\" alt=\"\" data-orig-width=\"1536\" data-orig-height=\"2048\" \/> <\/a><\/div><\/div><div id=\"gallery_thumb_8115279026\" class=\"cc-m-gallery-cool-item\"><div><a rel=\"lightbox[12558102226]\" data-href=\"https:\/\/planbwagen.de\/wp-content\/uploads\/attachments\/image.jpg\" data-title=\"\" data-index=\"1\"> <img style=\"height: 176px; width: 235px; margin-bottom: 3px;\" src=\"https:\/\/planbwagen.de\/wp-content\/uploads\/2020\/07\/image-6-4-8-8.jpg\" alt=\"\" data-orig-width=\"2048\" data-orig-height=\"1536\" \/> <\/a><\/div><\/div><div id=\"gallery_thumb_8115278826\" class=\"cc-m-gallery-cool-item\"><div><a rel=\"lightbox[12558102226]\" data-href=\"https:\/\/planbwagen.de\/wp-content\/uploads\/attachments\/image.jpg\" data-title=\"\" data-index=\"2\"> <img style=\"height: 176px; width: 132px; margin-bottom: 3px;\" src=\"https:\/\/planbwagen.de\/wp-content\/uploads\/2020\/07\/image-0-0-9-7.jpg\" alt=\"\" data-orig-width=\"1536\" data-orig-height=\"2048\" \/> <\/a><\/div><\/div><\/div><\/div><div id=\"cc-m-12558019426\" class=\"j-module n j-text \"><p>Der heutige Tag steht ganz unter dem Motto SpaceCamper. Wir sind bereits fr\u00fch aufgestanden, und stehen p\u00fcnktlich um 7:30, Torgit vor dem B\u00e4cker und ich vor dem Metzger. Denn um 10:00 Uhr wollen wir bereits in Darmstadt, bei Spacecamper sein. Da wollen wir doch wenigstens ein Fr\u00fchst\u00fcck mitbringen. Inzwischen kennen wir von der Hausmesse, von der Caravan in D\u00fcsseldorf und von einigen Telefonaten schon den ein oder anderen Mitarbeiter im Hause Spacecamper. Bereits beim Eintreten werden wir\u00a0sehr famili\u00e4r\u00a0begr\u00fc\u00dft. Irgendwie sp\u00fcrt man im gesamten Haus, deren Motto, \"wir lieben das\". - Ja, die lieben das. Die meisten Mitarbeiter fahren einen SpaceCamper und sind Camping Enthusiasten.<\/p><p>Obwohl wir uns auf den Termin entsprechend vorbereitet haben, wir waren ja schon vorher bei VW und haben die Caravelle intensiv begutachtet, erschlagen einen die M\u00f6glichkeiten. Es sind\u00a0somit unheimlich viele Entscheidungen zu treffen.<\/p><p>Dabei haben wir sicherlich schon den Riesenvorteil, dass mir nun schon etliche Wochen in einem VW California leben. Wir wissen inzwischen was gut ist, doch wir wissen auch was verbesserungsw\u00fcrdig ist. Das Sch\u00f6ne bei SpaceCamper ist, dass man hier wirklich sp\u00fcrt, wie viel Erfahrung in dem Projekt steckt. Hier ist kein Wasserkopf,\u00a0der Entwicklungen verhindert.<\/p><p>VW hat mit dem Bulli- und California-Kunden nicht nur eine\u00a0riesige Fan Gemeinde, sondern vor allem eine unheimliche Kunden Identifikation und Know How. Wer mit seinem Fahrzeug nicht\u00a0nur durch die Gegend f\u00e4hrt, sondern darin schl\u00e4ft, kocht, wohnt und arbeitet, f\u00fcr den ist der Bulli ganz schnell ein zu Hause.<\/p><p>Man mag es nicht glauben, doch es gibt Menschen, die beruflich regelm\u00e4\u00dfig in f\u00fcnf Sterne Hotels residieren, doch nachts zum Schlafen, lieber auf den Parkplatz gehen. Fr\u00fcher habe ich so etwas f\u00fcr verr\u00fcckt gehalten. Heute nicht mehr.<\/p><p>Was ich schade finde, ist, dass die VW Entwickler es scheinbar\u00a0nicht\u00a0f\u00fcr n\u00f6tig halten, einmal auf ihre Fan Gemeinde zu h\u00f6ren. Denn, wenn ich\u00a0den ein oder anderen post auf den diversen Facebook Gruppen zum Thema Bulli oder California lese, denke ich: hey hier werden schon bei einem T3, T4, T5, T6 sinnvolle\u00a0 Anregungen gepostet, doch es ger\u00e4t\u00a0viel zu wenig in die Umsetzung. - Schade! Somit ist kostenloses Know How am Ende auch umsonst.<\/p><p>Oft handelt es sich um Pfennigs-Artikel, es kann also nicht immer eine Sache des Geldes sein. Ganz anders bei Spacecamper: Als wir gestern mit Markus Liebenau, dem Vertriebsleiter zusammensitzen, notiert er sich mehrere unserer Anregungen, mit den Worten,\u201cdas\u00a0 h\u00f6re ich jetzt zum zweiten Mal, das nehme ich mit in unser Team Meeting. Hierzu m\u00fcssen wir L\u00f6sung finden.\u201c - Auch bei SpaceCamper\u00a0 geht nicht alles, es ist ja ein modularer und kein individueller Ausbauer.\u00a0Doch man sp\u00fcrt\u00a0immer, hier wird nach L\u00f6sungen gesucht. Das macht Spa\u00df.<\/p><p>Doch am Ende, geht es auch wieder um die emotionale Themen. Beim Haus sind das Themen wie B\u00e4der und K\u00fcchen. Kaum einer h\u00e4lt sich wirklich mit der Haus Technologie, so lange auf, wie mit\u00a0Badobjekten, Armaturen und\u00a0Fliesen. - Hier ist es genauso, am Ende diskutieren wir am l\u00e4ngsten \u00fcber die Lederfarbe, das K\u00fcchenmodul und die Holzfronten. Obwohl uns im Vorfeld das Thema Autarkie sehr, sehr wichtig war, verbrauchen wir hier die wenigste Zeit.<\/p><p>Als wir auf dem R\u00fcckweg, nach 6 Stunden im Auto sitzen, sind wir beide ziemlich platt aber gl\u00fccklich. Das \u00e4ndert sich auch nicht durch das bescheidene Wetter auf der Bahn.<\/p><p>Abends haben wir noch einen Termin bei einem Anwalt. Auch dieser Termin gestaltet sich positiv und konstruktiv. Als wir endlich zu Hause ankommen ,\u00a0sitzen\u00a0wir\u00a0noch ein wenig mit Steffen und Benjamin zusammen. Endlich mal wieder Zeit f\u00fcr Schmitz K\u00f6lsch. Etwas was ich unterwegs vermisse.<\/p><\/div><div id=\"cc-m-12558584626\" class=\"j-module n j-imageSubtitle \"><figure class=\"cc-imagewrapper cc-m-image-align-3\"><img id=\"cc-m-imagesubtitle-image-12558584626\" class=\"\" src=\"https:\/\/planbwagen.de\/wp-content\/uploads\/2020\/07\/image-5-5-4.jpg\" sizes=\"(min-width: 599px) 599px, 100vw\" alt=\"\" data-src-width=\"3024\" data-src-height=\"4032\" data-src=\"https:\/\/planbwagen.de\/wp-content\/uploads\/2020\/07\/image-5-5-4.jpg\" data-image-id=\"8115751126\" data-pfsrc=\"https:\/\/planbwagen.de\/wp-content\/uploads\/2020\/07\/image-5-5-4.jpg\" \/><\/figure><div class=\"cc-clear\">\u00a0<\/div><\/div><div id=\"cc-m-12572895026\" class=\"j-module n j-text \"><p style=\"text-align: right;\"><a class=\"j-calltoaction-link j-calltoaction-link-style-2\" style=\"font-size: 16px; background-color: #ffcc00; border-width: 2px; border-color: #ffcc00; color: #ffffff; user-select: text; padding: 10px 20px; line-height: 1.5; border-radius: 0px; -webkit-appearance: none; margin: 1em 0px;\" title=\"Tag No. 86 - Alltag und Lebenskunst\" href=\"\/2019\/11\/29\/tag-no-86-alltag-und-lebenskunst\/\" data-action=\"button\" data-title=\"Sunny Side Up\"> Sunny Side Up\u00a0 \u00a0\u00a0<\/a><\/p><p style=\"text-align: right;\"><a class=\"j-calltoaction-link j-calltoaction-link-style-2\" style=\"background-color: #ffcc00; border-width: 2px; border-color: #ffcc00; color: #ffffff; user-select: text; padding: 10px 20px; font-size: 16px; line-height: 1.5; border-radius: 0px; -webkit-appearance: none; margin: 1em 0px;\" title=\"Tag No. 84 - Zuhause und doch so fern...\" href=\"\/2019\/11\/27\/tag-no-84-zuhause-und-doch-so-fern\/\" data-action=\"button\" data-title=\"Sunny Side Down\"> Sunny Side Down\u00a0 \u00a0\u00a0<\/a><\/p><\/div><\/div><\/div><div class=\"j-module n j-text j-blog-post--tags-wrapper\"><span class=\"j-blog-post--tags--template\" style=\"display: none;\"><a class=\"j-blog-post--tag\" href=\"https:\/\/www.gluecksmuskel.de\/hectors-reisen\/?tag=tagPlaceholder\">tagPlaceholder<\/a><\/span><span class=\"j-blog-post--tags-label\" style=\"display: none;\">Tags:<\/span><\/div><div class=\"n j-comment\"><div id=\"commentsModule12557946226\"><p id=\"skiptoform12557946226\" class=\"skiptoform\"><a href=\"#\" data-id=\"12557946226\" data-action=\"goToForm\">Kommentar schreiben<\/a><\/p><div id=\"numComments12557946226\" class=\"j-blog-comment-counter\">Kommentare: <i class=\"cc-comments-count\">0<\/i><\/div><ul id=\"commentOutput12557946226\" class=\"com-list-noava\"><li id=\"commentFormContainer12557946226\" class=\"commentstd clearover cc-m-comment-loading\"><a name=\"commentForm12557946226\"><\/a><\/li><\/ul><div id=\"commentError12557946226\" class=\"message-error\" style=\"display: none;\">\u00a0<\/div><div id=\"commentSuccess12557946226\" class=\"message-ok\" style=\"display: none;\">\u00a0<\/div><\/div><p><script>\/\/ <![CDATA[ window.regModule(\"module_comment\", {\"data\":{\"id\":\"12557946226\",\"closed\":\"0\",\"captcha\":\"b971efd74498de64d2bb003aa2f45361\",\"avatar\":false,\"lang\":{\"comment\":\"Kommentar\",\"comments\":\"Kommentare\"}}}); \/\/ ]]> <\/script><\/p><\/div><\/article>","_et_gb_content_width":"","footnotes":""},"categories":[17],"tags":[],"class_list":["post-1425","post","type-post","status-publish","format-standard","has-post-thumbnail","hentry","category-spacecamper-terranger-co"],"_links":{"self":[{"href":"https:\/\/www.planbwagen.de\/fr\/wp-json\/wp\/v2\/posts\/1425","targetHints":{"allow":["GET"]}}],"collection":[{"href":"https:\/\/www.planbwagen.de\/fr\/wp-json\/wp\/v2\/posts"}],"about":[{"href":"https:\/\/www.planbwagen.de\/fr\/wp-json\/wp\/v2\/types\/post"}],"author":[{"embeddable":true,"href":"https:\/\/www.planbwagen.de\/fr\/wp-json\/wp\/v2\/users\/1"}],"replies":[{"embeddable":true,"href":"https:\/\/www.planbwagen.de\/fr\/wp-json\/wp\/v2\/comments?post=1425"}],"version-history":[{"count":13,"href":"https:\/\/www.planbwagen.de\/fr\/wp-json\/wp\/v2\/posts\/1425\/revisions"}],"predecessor-version":[{"id":11252,"href":"https:\/\/www.planbwagen.de\/fr\/wp-json\/wp\/v2\/posts\/1425\/revisions\/11252"}],"wp:featuredmedia":[{"embeddable":true,"href":"https:\/\/www.planbwagen.de\/fr\/wp-json\/wp\/v2\/media\/4162"}],"wp:attachment":[{"href":"https:\/\/www.planbwagen.de\/fr\/wp-json\/wp\/v2\/media?parent=1425"}],"wp:term":[{"taxonomy":"category","embeddable":true,"href":"https:\/\/www.planbwagen.de\/fr\/wp-json\/wp\/v2\/categories?post=1425"},{"taxonomy":"post_tag","embeddable":true,"href":"https:\/\/www.planbwagen.de\/fr\/wp-json\/wp\/v2\/tags?post=1425"}],"curies":[{"name":"wp","href":"https:\/\/api.w.org\/{rel}","templated":true}]}}