{"id":1385,"date":"2019-12-02T19:22:11","date_gmt":"2019-12-02T19:22:11","guid":{"rendered":""},"modified":"2020-09-15T08:12:33","modified_gmt":"2020-09-15T08:12:33","slug":"tag-no-89-auf-und-umraumen-spacecamper","status":"publish","type":"post","link":"https:\/\/www.planbwagen.de\/fr\/portugal\/jour-no-89-sur-et-autour-du-spacecamper\/","title":{"rendered":"Jour No. 89 - Rangement - SpaceCamper"},"content":{"rendered":"<p>[et_pb_section fb_built=&#8220;1&#8243; _builder_version=&#8220;3.22&#8243;][et_pb_row _builder_version=&#8220;4.5.1&#8243; _module_preset=&#8220;default&#8220;][et_pb_column _builder_version=&#8220;4.5.1&#8243; _module_preset=&#8220;default&#8220; type=&#8220;4_4&#8243;][et_pb_text _builder_version=&#8220;4.5.1&#8243; _module_preset=&#8220;default&#8220; hover_enabled=&#8220;0&#8243;]<\/p>\n<p>Ces derniers jours \u00e0 Cologne, nous avons entendu plus souvent des phrases comme celle-ci :<\/p>\n<p>\u201eIhr Gl\u00fccklichen,\u00a0ihr habt es gut, ab in den S\u00fcden,\u00a0Sonne, Strand und Zweisamkeit.&#8220;<\/p>\n<p>Cela me rappelle un peu les paroles d'une chanson appropri\u00e9e :<\/p>\n<p>&nbsp;<\/p>\n<p style=\"text-align: center;\"><em><strong><span style=\"font-size: 16px;\">&#8222;Raus aus dem Regen, ins Leben, ab in den S\u00fcden, der Sonne entgegen, was erleben, einen heben,<\/span><\/strong><\/em><\/p>\n<p style=\"text-align: center;\"><em><strong><span style=\"font-size: 16px;\">et ensuite faire l'exp\u00e9rience du bikini. - C'est l\u00e0 que \u00e7a se corse, mec ! - Je sauve la journ\u00e9e, je dis que la f\u00eate commence,<\/span><\/strong><\/em><\/p>\n<p style=\"text-align: center;\"><em><strong><span style=\"font-size: 16px;\">und die Party geht ab&#8230;&#8220;<\/span><\/strong><\/em><\/p>\n<p>&nbsp;<\/p>\n<p>De temps en temps, on me demande : \"Quelle est votre temp\u00e9rature ? J'insiste sur le mot \"chaud\". Si nous r\u00e9pondons par le nombre de degr\u00e9s correspondant, ce qui signifie actuellement environ 15 degr\u00e9s, cela a l'air super. Car \u00e0 Cologne, il devrait faire environ dix degr\u00e9s de moins aujourd'hui !<\/p>\n<p>Il y a aussi moins de gris sur gris.  - Mais les Portugais nous disent que nous avons choisi un hiver froid. Tout est donc relatif. Le fait est que le ciel est rarement d'un bleu \u00e9clatant. Il para\u00eet que c'est souvent le cas \u00e0 cette \u00e9poque de l'ann\u00e9e.<\/p>\n<p>Quelqu'un se plaint-il ? Non, pas du tout. - Je remarque simplement que quatre jours en Allemagne, avec un vrai chauffage et tout, m'ont directement ramolli. Alors qu'avant, je me promenais encore en short \u00e0 la m\u00eame temp\u00e9rature, je mets maintenant un pull suppl\u00e9mentaire. Car 15\u00b0 au Portugal, c'est certes aussi 15\u00b0 en Allemagne. Mais la temp\u00e9rature ressentie est nettement plus basse. On sent que nous sommes au bord de l'Atlantique. Le vent souffle souvent en rafales et est froid. Les averses sont courtes mais violentes. Nous sommes heureux que notre Hector dispose d'un chauffage d'appoint dans ces moments-l\u00e0. Car de nombreux appartements semblent ne pas en \u00eatre \u00e9quip\u00e9s.<\/p>\n<p>[\/et_pb_text][\/et_pb_column][\/et_pb_row][et_pb_row _builder_version=&#8220;4.5.1&#8243; _module_preset=&#8220;default&#8220; column_structure=&#8220;1_3,1_3,1_3&#8243;][et_pb_column _builder_version=&#8220;4.5.1&#8243; _module_preset=&#8220;default&#8220; type=&#8220;1_3&#8243;][et_pb_image src=&#8220;https:\/\/www.planbwagen.de\/wp-content\/uploads\/2020\/09\/11-22.jpg&#8220; _builder_version=&#8220;4.5.1&#8243; _module_preset=&#8220;default&#8220; title_text=&#8220;11&#8243; hover_enabled=&#8220;0&#8243;][\/et_pb_image][\/et_pb_column][et_pb_column _builder_version=&#8220;4.5.1&#8243; _module_preset=&#8220;default&#8220; type=&#8220;1_3&#8243;][et_pb_image src=&#8220;https:\/\/www.planbwagen.de\/wp-content\/uploads\/2020\/09\/22-7.jpg&#8220; _builder_version=&#8220;4.5.1&#8243; _module_preset=&#8220;default&#8220; title_text=&#8220;22&#8243; hover_enabled=&#8220;0&#8243;][\/et_pb_image][\/et_pb_column][et_pb_column _builder_version=&#8220;4.5.1&#8243; _module_preset=&#8220;default&#8220; type=&#8220;1_3&#8243;][et_pb_image src=&#8220;https:\/\/www.planbwagen.de\/wp-content\/uploads\/2020\/09\/33-3.jpg&#8220; _builder_version=&#8220;4.5.1&#8243; _module_preset=&#8220;default&#8220; title_text=&#8220;33&#8243; hover_enabled=&#8220;0&#8243;][\/et_pb_image][\/et_pb_column][\/et_pb_row][et_pb_row _builder_version=&#8220;4.5.1&#8243; _module_preset=&#8220;default&#8220;][et_pb_column _builder_version=&#8220;4.5.1&#8243; _module_preset=&#8220;default&#8220; type=&#8220;4_4&#8243;][et_pb_text _builder_version=&#8220;4.5.1&#8243; _module_preset=&#8220;default&#8220; hover_enabled=&#8220;0&#8243;]<\/p>\n<p>Dass es heute sehr wechselhaft ist, passt uns gut in&#8217;s Konzept. &#8211; So haben wir Zeit in unserem Zuhause ein wenig Ordnung zu schaffen. Wir haben uns von SpaceCamper zwei Taschen f\u00fcr hinter die Vordersitze mitgebracht. Jetzt muss man erst mal pr\u00fcfen, was da rein kommt. &#8211; Frau und Mann sind da nicht immer einer Meinung. &#8211; Doch man(n) ist ja verst\u00e4ndnisvoll &#8230; (Anm. von Torgit: Haben wir nicht in diversen Seminaren gelernt, dass man sich auf seine St\u00e4rken konzentrieren soll? \ud83d\ude09\u00a0 Und jeder macht das, was er gut kann)<\/p>\n<p>Mettre de l'ordre dans un California est vraiment un d\u00e9fi. La banquette est toujours dans le chemin. Ainsi, j'ai au moins des exercices d'escalade r\u00e9guliers. De l'int\u00e9rieur, on ne peut pas acc\u00e9der \u00e0 l'arri\u00e8re de nos coffres \u00e0 poussi\u00e8re, ce qui est pratique. De l'ext\u00e9rieur non plus, du moins pas lorsque les v\u00e9los sont mont\u00e9s sur le porte-v\u00e9los et que le toit relevable est relev\u00e9. - Ce qui est g\u00e9n\u00e9ralement le cas lorsque nous sommes debout. J'esp\u00e8re que le SpaceCamper apportera une am\u00e9lioration consid\u00e9rable dans ce domaine. Mais nous ne pourrons le constater que l'ann\u00e9e prochaine.\u00a0<\/p>\n<p>Ce qui me vient \u00e0 l'esprit \u00e0 propos de l'espace de rangement, avez-vous tous ouvert votre porte du calendrier de l'Avent ? Non ? Vous n'en avez pas ? - Moi non plus, je n'avais plus de place. Ni dans les bagages d'avion, ni dans le Bulli. - Mais c'est cens\u00e9 faire une ligne fine. Alors ne vous \u00e9nervez pas.\u00a0<\/p>\n<p>J'ai ensuite retravaill\u00e9 notre image de d\u00e9part. C'est tr\u00e8s simple avec le logiciel ad\u00e9quat. S'il n'y avait pas Torgit : la police ne va pas du tout, tu dois changer la couleur, la taille de la police doit \u00eatre uniforme... Je ne dis que des femmes.<\/p>\n<p>Maintenant, je vais faire une petite recherche sur Google pour savoir comment un sac solaire peut et doit \u00eatre raccord\u00e9. Je suis curieux de savoir combien de temps durera le tutorat.<\/p>\n<p>Mais avant cela, il faut penser \u00e0 quelqu'un. Car, curieusement, plusieurs anniversaires figurent sur notre calendrier en d\u00e9cembre. Avant, j'affirmais que le printemps r\u00e9veillait le projet de la maison. Il semble que le printemps r\u00e9veille aussi tout autre chose. C'est pourquoi nous avons souhait\u00e9 ce matin un bon anniversaire \u00e0 Mira, notre belle-s\u0153ur \u00e0 Spee.<\/p>\n<p>Elle raconte qu'elle a toujours su que du sang tzigane coulait dans une maison, dans le cas de mon fr\u00e8re. Nous en sommes la preuve vivante, ou plut\u00f4t itin\u00e9rante.<\/p>\n<p>Ein guter Moment, um Torgit Leonard Cohen&#8217;s Song\u00a0&#8222;The Gypsy&#8217;s Wife&#8220; vorzuspielen. &#8211; Ich frag mich immer wieder, wie viele Zigarren und Whisky f\u00fcr so eine Stimme n\u00f6tig sind. Doch der Song\u00a0ist einfach gut:<\/p>\n<p>&nbsp;<\/p>\n<p style=\"text-align: center;\">Et o\u00f9, o\u00f9, o\u00f9 est ma femme gitane ce soir<\/p>\n<p style=\"text-align: center;\">J'ai entendu tous les rapports sauvages, ils ne peuvent pas \u00eatre justes<\/p>\n<p style=\"text-align: center;\">Mais quelle est cette t\u00eate avec qui elle danse sur le plancher de danse ?<\/p>\n<p style=\"text-align: center;\">dont l'obscurit\u00e9 s'enfonce un peu plus dans ses bras<\/p>\n<p style=\"text-align: center;\">Et o\u00f9, o\u00f9 est ma femme gitane ce soir ?<\/p>\n<p style=\"text-align: center;\">O\u00f9, o\u00f9 est ma femme gitane ce soir ?<\/p>\n<p style=\"text-align: center;\">Ah, les couteaux d'argent clignotent dans le vieux caf\u00e9 fatigu\u00e9<\/p>\n<p style=\"text-align: center;\">Un fant\u00f4me grimpe sur la table dans un d\u00e9shabill\u00e9 de mari\u00e9e<\/p>\n<p style=\"text-align: center;\">She says, &#8222;My body is the light, my body is the way&#8220;<\/p>\n<p style=\"text-align: center;\">Je l\u00e8ve mon bras contre tout cela et j'attrape le bouquet de la mari\u00e9e<\/p>\n<p style=\"text-align: center;\">Et o\u00f9, o\u00f9 est ma femme gitane ce soir ?<\/p>\n<p style=\"text-align: center;\">Trop t\u00f4t pour l'arc-en-ciel, trop t\u00f4t pour la dinde<\/p>\n<p style=\"text-align: center;\">Ce sont les jours finaux, c'est l'obscurit\u00e9, c'est le d\u00e9luge<\/p>\n<p style=\"text-align: center;\">Et il n'y a pas d'homme ou de femme qui ne puisse \u00eatre touch\u00e9<\/p>\n<p style=\"text-align: center;\">Mais toi qui viens entre eux, tu seras jug\u00e9<\/p>\n<p style=\"text-align: center;\">Et o\u00f9, o\u00f9 est ma femme gitane ce soir ?<\/p>\n<p style=\"text-align: center;\">\n<p>Also wo meine Zigeuner Frau heute Nacht war, wei\u00df ich genau, an meiner Seite, so wie jetzt. \ud83d\ude09<\/p>\n<p>Addendum : Au Portugal, on trouve toujours et partout du street art. Nous en avons d\u00e9couvert une aujourd'hui sur notre terrain. Elle \u00e9tait certainement d\u00e9j\u00e0 l\u00e0 hier, mais il y avait encore un camping-car devant.<\/p>\n<p>[\/et_pb_text][\/et_pb_column][\/et_pb_row][et_pb_row _builder_version=&#8220;4.5.1&#8243; _module_preset=&#8220;default&#8220; column_structure=&#8220;1_3,1_3,1_3&#8243;][et_pb_column _builder_version=&#8220;4.5.1&#8243; _module_preset=&#8220;default&#8220; type=&#8220;1_3&#8243;][et_pb_image src=&#8220;https:\/\/www.planbwagen.de\/wp-content\/uploads\/2020\/09\/44-3.jpg&#8220; _builder_version=&#8220;4.5.1&#8243; _module_preset=&#8220;default&#8220; title_text=&#8220;44&#8243; hover_enabled=&#8220;0&#8243;][\/et_pb_image][\/et_pb_column][et_pb_column _builder_version=&#8220;4.5.1&#8243; _module_preset=&#8220;default&#8220; type=&#8220;1_3&#8243;][et_pb_image src=&#8220;https:\/\/www.planbwagen.de\/wp-content\/uploads\/2020\/09\/55-2.jpg&#8220; _builder_version=&#8220;4.5.1&#8243; _module_preset=&#8220;default&#8220; title_text=&#8220;55&#8243; hover_enabled=&#8220;0&#8243;][\/et_pb_image][\/et_pb_column][et_pb_column _builder_version=&#8220;4.5.1&#8243; _module_preset=&#8220;default&#8220; type=&#8220;1_3&#8243;][et_pb_image src=&#8220;https:\/\/www.planbwagen.de\/wp-content\/uploads\/2020\/09\/66-2.jpg&#8220; _builder_version=&#8220;4.5.1&#8243; _module_preset=&#8220;default&#8220; title_text=&#8220;66&#8243; hover_enabled=&#8220;0&#8243;][\/et_pb_image][\/et_pb_column][\/et_pb_row][et_pb_row _builder_version=&#8220;4.5.1&#8243; _module_preset=&#8220;default&#8220;][et_pb_column _builder_version=&#8220;4.5.1&#8243; _module_preset=&#8220;default&#8220; type=&#8220;4_4&#8243;][et_pb_text _builder_version=&#8220;4.5.1&#8243; _module_preset=&#8220;default&#8220; hover_enabled=&#8220;0&#8243;]<\/p>\n<p>Il y a des choses que le bon sens ne peut pas expliquer. - Mais peut-\u00eatre trouverai-je encore une explication. La base de notre future maison est une VW Caravelle. Celle-ci existe en trois niveaux d'\u00e9quipement : Trendline, Comfortline et Highline.<\/p>\n<p>[\/et_pb_text][\/et_pb_column][\/et_pb_row][et_pb_row _builder_version=&#8220;4.5.1&#8243; _module_preset=&#8220;default&#8220; column_structure=&#8220;1_2,1_2&#8243;][et_pb_column _builder_version=&#8220;4.5.1&#8243; _module_preset=&#8220;default&#8220; type=&#8220;1_2&#8243;][et_pb_text _builder_version=&#8220;4.5.1&#8243; _module_preset=&#8220;default&#8220; hover_enabled=&#8220;0&#8243;]<\/p>\n<p>Votre contenu est ici. Modifiez ou supprimez ce texte en ligne ou dans le module Param\u00e8tres de contenu. Vous pouvez \u00e9galement donner un style \u00e0 chaque aspect de ce contenu dans le module Param\u00e8tres de conception et m\u00eame appliquer des CSS personnalis\u00e9s \u00e0 ce texte dans le module Param\u00e8tres avanc\u00e9s.<\/p>\n<p>[\/et_pb_text][\/et_pb_column][et_pb_column _builder_version=&#8220;4.5.1&#8243; _module_preset=&#8220;default&#8220; type=&#8220;1_2&#8243;][et_pb_image src=&#8220;https:\/\/www.planbwagen.de\/wp-content\/uploads\/2020\/09\/77.png&#8220; _builder_version=&#8220;4.5.1&#8243; _module_preset=&#8220;default&#8220; title_text=&#8220;77&#8243; hover_enabled=&#8220;0&#8243;][\/et_pb_image][\/et_pb_column][\/et_pb_row][et_pb_row _builder_version=&#8220;4.5.1&#8243; _module_preset=&#8220;default&#8220;][et_pb_column _builder_version=&#8220;4.5.1&#8243; _module_preset=&#8220;default&#8220; type=&#8220;4_4&#8243;][et_pb_text _builder_version=&#8220;4.5.1&#8243; _module_preset=&#8220;default&#8220; hover_enabled=&#8220;0&#8243;]<\/p>\n<p>Il doit bien y avoir une diff\u00e9rence quelque part. Mais c'est exactement l'inverse. C'est possible sur la variante de base, sur l'empattement court aussi. Mais pas sur la Comfortline empattement long. Y a-t-il une explication logique \u00e0 cela ? La photo montre la variante Trendline. Visuellement, elle correspond \u00e0 ce que nous souhaiterions. - Est-ce vraiment possible ? (Remarque de Torgit : on ach\u00e8te une nouvelle voiture pour tr\u00e8s, tr\u00e8s, tr\u00e8s cher et on a le choix entre des couleurs totalement impossibles. Ce n'est pas possible, n'est-ce pas ?)<\/p>\n<p>Constatation du jour : on peut savoir beaucoup de choses et ne pas tout comprendre.<\/p>\n<p>[\/et_pb_text][\/et_pb_column][\/et_pb_row][\/et_pb_section]<\/p>","protected":false},"excerpt":{"rendered":"<p>[et_pb_section fb_built=&#8220;1&#8243; _builder_version=&#8220;3.22&#8243;][et_pb_row _builder_version=&#8220;4.5.1&#8243; _module_preset=&#8220;default&#8220;][et_pb_column _builder_version=&#8220;4.5.1&#8243; _module_preset=&#8220;default&#8220; type=&#8220;4_4&#8243;][et_pb_text _builder_version=&#8220;4.5.1&#8243; _module_preset=&#8220;default&#8220; hover_enabled=&#8220;0&#8243;] In den letzten Tagen in K\u00f6ln h\u00f6rten wir h\u00e4ufiger S\u00e4tze wie diesen: \u201eIhr Gl\u00fccklichen,\u00a0ihr habt es gut, ab in den S\u00fcden,\u00a0Sonne, Strand und Zweisamkeit.&#8220; Das erinnert mich ein wenig an einen passenden Songtext: &nbsp; &#8222;Raus aus dem Regen, ins Leben, ab in den S\u00fcden, [&hellip;]<\/p>","protected":false},"author":1,"featured_media":3907,"comment_status":"open","ping_status":"open","sticky":false,"template":"","format":"standard","meta":{"_et_pb_use_builder":"on","_et_pb_old_content":"<p>\u00a0<\/p><div id=\"content_start\">\u00a0<\/div><article class=\"j-blog\"><div class=\"n j-blog-meta j-blog-post--header\"><div class=\"j-text j-module n\"><a class=\"j-blog-post--category\" href=\"https:\/\/www.gluecksmuskel.de\/hectors-reisen\/portugal\/\"> Portugal <\/a> \u00a0\u00b7\u00a0 <span class=\"j-text j-blog-post--date\"> 02. Dezember 2019 <\/span><\/div><h1 class=\"j-blog-header j-blog-headline j-blog-post--headline\">Tag No. 89 - Auf- und Umr\u00e4umen - SpaceCamper<\/h1><\/div><div class=\"post j-blog-content\"><div id=\"cc-matrix-3603709326\"><div id=\"cc-m-12558761826\" class=\"j-module n j-text \"><p>\u00a0<\/p><p>In den letzten Tagen in K\u00f6ln h\u00f6rten wir h\u00e4ufiger S\u00e4tze wie diesen:<\/p><p>\u201eIhr Gl\u00fccklichen,\u00a0ihr habt es gut, ab in den S\u00fcden,\u00a0Sonne, Strand und Zweisamkeit.\"<\/p><p>Das erinnert mich ein wenig an einen passenden Songtext:<\/p><p>\u00a0<\/p><p style=\"text-align: center;\"><em><strong><span style=\"font-size: 16px;\">\"Raus aus dem Regen, ins Leben, ab in den S\u00fcden, der Sonne entgegen, was erleben, einen heben,<\/span><\/strong><\/em><\/p><p style=\"text-align: center;\"><em><strong><span style=\"font-size: 16px;\">und dann Bikinis erleben. - Jetzt kommt es dick Mann! - Ich rette den Tag, ich sag, ab geht die Party,<\/span><\/strong><\/em><\/p><p style=\"text-align: center;\"><em><strong><span style=\"font-size: 16px;\">und die Party geht ab...\"<\/span><\/strong><\/em><\/p><p>\u00a0<\/p><p>Ab und zu kommt dann die Frage, wie warm habt ihr es denn? Die Betonung auf warm. Antworten\u00a0wir dann mit der entsprechenden Grad Zahl, was zur Zeit ungef\u00e4hr 15\u00b0Grad bedeutet, h\u00f6rt sich das nat\u00fcrlich super an. Denn in K\u00f6ln d\u00fcrften es heute etwa zehn Grad k\u00e4lter sein!?<\/p><p>\u00a0<\/p><p>Auch ist es hier weniger\u00a0grau in grau.\u00a0 - Doch die Portugiesen erz\u00e4hlen uns, dass wir uns einen kalten Winter ausgesucht h\u00e4tten. So ist alles relativ. Fakt ist, dass\u00a0der Himmel eher selten strahlend blau ist. Dies soll man ansonsten um diese Jahreszeit des \u00f6fteren haben.<\/p><p>\u00a0<\/p><p>Beklagt sich da jemand? Nein, ganz und gar nicht. - Ich merke lediglich, dass mich vier Tage in Deutschland, so mit richtiger Heizung und so, direkt wieder verweichlicht haben. Bin ich vorher noch bei\u00a0selber Temperatur, mit kurzen Hosen rumgelaufen, ziehe ich mir jetzt einen zus\u00e4tzlichen Pulli an. Denn 15\u00b0Grad in Portugal sind\u00a0zwar\u00a0auch 15\u00b0Grad in Deutschland. Doch die gef\u00fchlte Temperatur ist deutlich niedriger. Man sp\u00fcrt, dass wir uns am Atlantik befinden. Der Wind ist\u00a0 oft b\u00f6ig und kalt. Regenschauern sind kurz , aber heftig. Wir sind froh, dass unser Hector in solchen Momenten \u00fcber eine Standheizung verf\u00fcgt. Denn viele Apartments scheinen keine zu haben.<\/p><p>\u00a0<\/p><\/div><div id=\"cc-m-12559052826\" class=\"j-module n j-gallery \"><div id=\"cc-m-gallery-12559052826\" class=\"cc-m-gallery-container cc-m-gallery-cool clearover\"><div id=\"gallery_thumb_8116080226\" class=\"cc-m-gallery-cool-item\"><div><a rel=\"lightbox[12559052826]\" data-href=\"https:\/\/planbwagen.de\/wp-content\/uploads\/attachments\/image.jpg\" data-title=\"\" data-index=\"0\"> <img style=\"height: 176px; width: 132px; margin-bottom: 3px; margin-right: 3px;\" src=\"https:\/\/planbwagen.de\/wp-content\/uploads\/2020\/07\/image-0-3-1.jpg\" alt=\"\" data-orig-width=\"1536\" data-orig-height=\"2048\" \/> <\/a><\/div><\/div><div id=\"gallery_thumb_8116080326\" class=\"cc-m-gallery-cool-item\"><div><a rel=\"lightbox[12559052826]\" data-href=\"https:\/\/planbwagen.de\/wp-content\/uploads\/attachments\/image.jpg\" data-title=\"\" data-index=\"1\"> <img style=\"height: 176px; width: 235px; margin-bottom: 3px;\" src=\"https:\/\/planbwagen.de\/wp-content\/uploads\/2020\/07\/image-2-6-3-4.jpg\" alt=\"\" data-orig-width=\"2048\" data-orig-height=\"1536\" \/> <\/a><\/div><\/div><div id=\"gallery_thumb_8116080526\" class=\"cc-m-gallery-cool-item\"><div><a rel=\"lightbox[12559052826]\" data-href=\"https:\/\/planbwagen.de\/wp-content\/uploads\/attachments\/image.jpg\" data-title=\"\" data-index=\"2\"> <img style=\"height: 176px; width: 132px; margin-bottom: 3px;\" src=\"https:\/\/planbwagen.de\/wp-content\/uploads\/2020\/07\/image-5-6-1-4.jpg\" alt=\"\" data-orig-width=\"1536\" data-orig-height=\"2048\" \/> <\/a><\/div><\/div><\/div><\/div><div id=\"cc-m-12559052726\" class=\"j-module n j-text \"><p>\u00a0<\/p><p>Dass es heute sehr wechselhaft ist, passt uns gut in's Konzept. - So haben wir Zeit in unserem Zuhause ein wenig Ordnung zu schaffen. Wir haben uns von SpaceCamper zwei Taschen f\u00fcr hinter die Vordersitze mitgebracht. Jetzt muss man erst mal pr\u00fcfen, was da rein kommt. - Frau und Mann sind da nicht immer einer Meinung. - Doch man(n) ist ja verst\u00e4ndnisvoll ... (Anm. von Torgit: Haben wir nicht in diversen Seminaren gelernt, dass man sich auf seine St\u00e4rken konzentrieren soll? ;-)\u00a0 Und jeder macht das, was er gut kann)<\/p><p>\u00a0<\/p><p>In einem California Ordnung zu schaffen, ist wirklich eine Herausforderung. Die Sitzbank steht st\u00e4ndig im Weg rum. So habe ich wenigstens regelm\u00e4\u00dfige Kletter\u00fcbungen. Von innen kommt man praktischerweise nicht hinten an unsere Stauboxen. Von au\u00dfen auch nicht, zumindest nicht, wenn die Fahrr\u00e4der auf dem Fahrradtr\u00e4ger montiert sind und das Aufstelldach hochgestellt ist. - Was ja meist der Fall ist, wenn wir stehen. Hier erhoffe ich mir eine erhebliche Verbesserung durch den SpaceCamper. Doch das werden wir erst im n\u00e4chsten Jahr feststellen k\u00f6nnen.<\/p><p>\u00a0<\/p><p>Was mir gerade zum Thema Staufl\u00e4che einf\u00e4llt, habt ihr schon alle euer T\u00fcrchen im Adventskalender ge\u00f6ffnet? Nein? Ihr habt keinen? - Ich auch nicht, passte nicht mehr. Weder ins Fluggep\u00e4ck und auch nicht in den Bulli. - Doch das soll eine schlanke Linie machen. Also nicht \u00e4rgern.<\/p><p>\u00a0<\/p><p>Im Anschluss habe ich einmal unser Startbild \u00fcberarbeitet. Mit der entsprechenden Software ganz einfach. W\u00e4re da nicht Torgit: Die Schrift geht gar nicht, die Farbe musst Du \u00e4ndern, die Schriftgr\u00f6\u00dfe soll einheitlich... Ich sag nur Frauen.<\/p><p>\u00a0<\/p><p>Jetzt werde ich mal ein wenig googeln, wie denn so eine Solartasche angeschlossen werden kann und muss. Bin gespannt, wie lange die Nachhilfe dauert.<\/p><p>\u00a0<\/p><p>Doch vorher gilt es noch an Jemanden zu denken. Denn seltsamerweise stehen im Dezember etliche Geburtstage in unserem Kalender. Fr\u00fcher habe ich immer behauptet, der Fr\u00fchling\u00a0weckt das Hausprojekt. Der Fr\u00fchling scheint auch ganz andere Dinge zu wecken. Aus diesem Grunde haben wir heute Morgen unser Schw\u00e4gerin in Spee, Mira zu ihrem Geburtstag gratuliert.<\/p><p>\u00a0<\/p><p>Sie erz\u00e4hlt, dass sie schon immer gewusst h\u00e4tte, dass in einem H\u00e4usgen, in dem Falle in meinem Bruder, Zigeunerblut flie\u00dfen w\u00fcrde. Wir w\u00e4ren ja nun der lebende, nein der reisende Beweis.<\/p><p>\u00a0<\/p><p>Ein guter Moment, um Torgit Leonard Cohen's Song\u00a0\"The Gypsy's Wife\" vorzuspielen. - Ich frag mich immer wieder, wie viele Zigarren und Whisky f\u00fcr so eine Stimme n\u00f6tig sind. Doch der Song\u00a0ist einfach gut:<\/p><p>\u00a0<\/p><p style=\"text-align: center;\">And where, where, where is my Gypsy wife tonight<\/p><p style=\"text-align: center;\">I've heard all the wild reports, they can't be right<\/p><p style=\"text-align: center;\">But whose head is this she's dancing with on the threshing floor<\/p><p style=\"text-align: center;\">whose darkness deepens in her arms a little more<\/p><p style=\"text-align: center;\">And where, where is my Gypsy wife tonight?<\/p><p style=\"text-align: center;\">Where, where is my Gypsy wife tonight?<\/p><p style=\"text-align: center;\">Ah the silver knives are flashing in the tired old cafe<\/p><p style=\"text-align: center;\">A ghost climbs on the table in a bridal negligee<\/p><p style=\"text-align: center;\">She says, \"My body is the light, my body is the way\"<\/p><p style=\"text-align: center;\">I raise my arm against it all and I catch the bride's bouquet<\/p><p style=\"text-align: center;\">And where, where is my Gypsy wife tonight?<\/p><p style=\"text-align: center;\">Too early for the rainbow, too early for the dove<\/p><p style=\"text-align: center;\">These are the final days, this is the darkness, this is the flood<\/p><p style=\"text-align: center;\">And there is no man or woman who can't be touched<\/p><p style=\"text-align: center;\">But you who come between them will be judged<\/p><p style=\"text-align: center;\">And where, where is my Gypsy wife tonight?<\/p><p>Also wo meine Zigeuner Frau heute Nacht war, wei\u00df ich genau, an meiner Seite, so wie jetzt. ;-)<\/p><p>\u00a0<\/p><p>Nachtrag: StreetArt findet man in Portugal immer und \u00fcberall. Diese entdeckten wir heute auf unserem Platz. Sicher war sie schon gestern da, doch da stand davor noch ein Camper.<\/p><p>\u00a0<\/p><\/div><div id=\"cc-m-12558765626\" class=\"j-module n j-gallery \"><div id=\"cc-m-gallery-12558765626\" class=\"cc-m-gallery-container cc-m-gallery-cool clearover\"><div id=\"gallery_thumb_8115879026\" class=\"cc-m-gallery-cool-item\"><div><a rel=\"lightbox[12558765626]\" data-href=\"https:\/\/planbwagen.de\/wp-content\/uploads\/attachments\/image.jpg\" data-title=\"\" data-index=\"0\"> <img style=\"height: 277px; width: 370px; margin-bottom: 3px;\" src=\"https:\/\/planbwagen.de\/wp-content\/uploads\/2020\/07\/image-1-4-8-2.jpg\" alt=\"\" data-orig-width=\"2048\" data-orig-height=\"1536\" \/> <\/a><\/div><\/div><div id=\"gallery_thumb_8115880826\" class=\"cc-m-gallery-cool-item\"><div><a rel=\"lightbox[12558765626]\" data-href=\"https:\/\/planbwagen.de\/wp-content\/uploads\/attachments\/image.jpg\" data-title=\"\" data-index=\"1\"> <img style=\"height: 197px; width: 103px; margin-bottom: 3px; margin-right: 3px;\" src=\"https:\/\/planbwagen.de\/wp-content\/uploads\/2020\/07\/image-9-7-6-4.jpg\" alt=\"\" data-orig-width=\"1079\" data-orig-height=\"2048\" \/> <\/a><\/div><\/div><div id=\"gallery_thumb_8115881026\" class=\"cc-m-gallery-cool-item\"><div><a rel=\"lightbox[12558765626]\" data-href=\"https:\/\/planbwagen.de\/wp-content\/uploads\/attachments\/image.jpg\" data-title=\"\" data-index=\"2\"> <img style=\"height: 197px; width: 264px; margin-bottom: 3px;\" src=\"https:\/\/planbwagen.de\/wp-content\/uploads\/2020\/07\/image-5-2-5.jpg\" alt=\"\" data-orig-width=\"2048\" data-orig-height=\"1536\" \/> <\/a><\/div><\/div><\/div><\/div><div id=\"cc-m-12558805726\" class=\"j-module n j-text \"><p>\u00a0<\/p><p>Manche Dinge sind mit gesundem Menschenverstand nicht zu erkl\u00e4ren. - Doch vielleicht finde ich ja noch eine Erl\u00e4uterung. Die Basis f\u00fcr unser zuk\u00fcnftiges Zuhause ist ja eine VW Caravelle. Diese gibt es in den drei Ausstattungslinien Trendline, Comfortline und Highline.<\/p><p>\u00a0<\/p><\/div><div id=\"cc-m-12558805426\" class=\"j-module n j-textWithImage \"><figure class=\"cc-imagewrapper cc-m-image-align-2\"><img id=\"cc-m-textwithimage-image-12558805426\" class=\"\" src=\"https:\/\/planbwagen.de\/wp-content\/uploads\/2020\/07\/image-3-3.png\" sizes=\"(min-width: 520px) 520px, 100vw\" alt=\"\" data-src-width=\"2250\" data-src-height=\"1166\" data-src=\"https:\/\/planbwagen.de\/wp-content\/uploads\/2020\/07\/image-3-3.png\" data-image-id=\"8115925526\" data-pfsrc=\"https:\/\/planbwagen.de\/wp-content\/uploads\/2020\/07\/image-3-3.png\" \/><\/figure><div><div id=\"cc-m-textwithimage-12558805426\" class=\"cc-m-textwithimage-inline-rte\" data-name=\"text\" data-action=\"text\"><p>Dar\u00fcber hinaus gibt es zwei Radst\u00e4nde. Der lange Radstand\u00a0bietet\u00a040cm mehr Platz- - Vierzig Zentimeter k\u00f6nnen ganz sch\u00f6n gro\u00df sein. ;-)<\/p><p>\u00a0<\/p><p>Obwohl uns Hector in \"white and black\" sehr gut gef\u00e4llt, soll unser Neuer, Projektname Spector, etwas unauff\u00e4lliger werden, eine graue Maus halt. - Deswegen w\u00e4re mausgrau oder pure grey wie das bei Volkswagen hei\u00dft, auch unsere Wunschfarbe. Zumal das auch noch Standard ist. - Bis dahin total geil. Das gilt leider nicht f\u00fcr alle Ausstattungslinien. - Klar, die Basislinie Trendline wird das nicht k\u00f6nnen, denkt man sich zumindest.<\/p><p>\u00a0<\/p><p>Irgendwo muss ja der Unterschied sein. Doch es ist genau anders herum. Bei der Basisvariante geht es, beim kurzen Radstand auch. Nur bei der Comfortline langer Radstand nicht. Gibt es hierf\u00fcr eine logische Erkl\u00e4rung? Das Foto zeigt die Variante Trendline. Optisch genauso, wie wir diese gern h\u00e4tten. - Kann das wirklich sein? (Anm. von Torgit: Man kauft f\u00fcr sehr, sehr, sehr viel Geld ein neues Auto und hat die Wahl zwischen v\u00f6llig unm\u00f6glichen Farben. Kann doch nicht sein, oder?)<\/p><p>\u00a0<\/p><p>Erkenntnis des Tages: Man kann vieles wissen und dennoch nicht alles verstehen.<\/p><p>\u00a0<\/p><\/div><\/div><div class=\"cc-clear\">\u00a0<\/div><\/div><div id=\"cc-m-12558804526\" class=\"j-module n j-imageSubtitle \"><figure class=\"cc-imagewrapper cc-m-image-align-3 cc-m-width-maxed\"><img id=\"cc-m-imagesubtitle-image-12558804526\" class=\"\" src=\"https:\/\/planbwagen.de\/wp-content\/uploads\/2020\/07\/image-0-0.png\" sizes=\"(min-width: 1040px) 1040px, 100vw\" alt=\"\" data-src-width=\"2892\" data-src-height=\"1150\" data-src=\"https:\/\/planbwagen.de\/wp-content\/uploads\/2020\/07\/image-0-0.png\" data-image-id=\"8115923726\" data-pfsrc=\"https:\/\/planbwagen.de\/wp-content\/uploads\/2020\/07\/image-0-0.png\" \/><\/figure><div class=\"cc-clear\">\u00a0<\/div><\/div><div id=\"cc-m-12572893626\" class=\"j-module n j-text \"><p style=\"text-align: right;\"><a class=\"j-calltoaction-link j-calltoaction-link-style-2\" style=\"font-size: 16px; background-color: #ffcc00; border-width: 2px; border-color: #ffcc00; color: #ffffff; user-select: text; padding: 10px 20px; line-height: 1.5; border-radius: 0px; -webkit-appearance: none; margin: 1em 0px;\" title=\"Tag No. 90 - Frei und Wild\" href=\"\/2019\/12\/03\/tag-no-90-frei-und-wild\/\" data-action=\"button\" data-title=\"Sunny Side Up\"> Sunny Side Up\u00a0 \u00a0\u00a0<\/a><\/p><p style=\"text-align: right;\"><a class=\"j-calltoaction-link j-calltoaction-link-style-2\" style=\"background-color: #ffcc00; border-width: 2px; border-color: #ffcc00; color: #ffffff; user-select: text; padding: 10px 20px; font-size: 16px; line-height: 1.5; border-radius: 0px; -webkit-appearance: none; margin: 1em 0px;\" title=\"Tag No. 88 - Advent, Advent ein Lichtlein brennt...\" href=\"\/2019\/12\/01\/tag-no-88-advent-advent-ein-lichtlein-brennt\/\" data-action=\"button\" data-title=\"Sunny Side Down\"> Sunny Side Down\u00a0 \u00a0\u00a0<\/a><\/p><\/div><\/div><\/div><div class=\"j-module n j-text j-blog-post--tags-wrapper\"><span class=\"j-blog-post--tags--template\" style=\"display: none;\"><a class=\"j-blog-post--tag\" href=\"https:\/\/www.gluecksmuskel.de\/hectors-reisen\/?tag=tagPlaceholder\">tagPlaceholder<\/a><\/span><span class=\"j-blog-post--tags-label\" style=\"display: none;\">Tags:<\/span><\/div><div class=\"n j-comment\"><div id=\"commentsModule12558761626\"><p id=\"skiptoform12558761626\" class=\"skiptoform\"><a href=\"#\" data-id=\"12558761626\" data-action=\"goToForm\">Kommentar schreiben<\/a><\/p><div id=\"numComments12558761626\" class=\"j-blog-comment-counter\">Kommentare: <i class=\"cc-comments-count\">0<\/i><\/div><ul id=\"commentOutput12558761626\" class=\"com-list-noava\"><li id=\"commentFormContainer12558761626\" class=\"commentstd clearover cc-m-comment-loading\"><a name=\"commentForm12558761626\"><\/a><\/li><\/ul><div id=\"commentError12558761626\" class=\"message-error\" style=\"display: none;\">\u00a0<\/div><div id=\"commentSuccess12558761626\" class=\"message-ok\" style=\"display: none;\">\u00a0<\/div><\/div><p><script>\/\/ <![CDATA[ window.regModule(\"module_comment\", {\"data\":{\"id\":\"12558761626\",\"closed\":\"0\",\"captcha\":\"70a69f6f28d22cd89a3ae40a58ed93d3\",\"avatar\":false,\"lang\":{\"comment\":\"Kommentar\",\"comments\":\"Kommentare\"}}}); \/\/ ]]> <\/script><\/p><\/div><\/article><p>\u00a0<\/p>","_et_gb_content_width":"","footnotes":""},"categories":[8],"tags":[],"class_list":["post-1385","post","type-post","status-publish","format-standard","has-post-thumbnail","hentry","category-portugal"],"_links":{"self":[{"href":"https:\/\/www.planbwagen.de\/fr\/wp-json\/wp\/v2\/posts\/1385","targetHints":{"allow":["GET"]}}],"collection":[{"href":"https:\/\/www.planbwagen.de\/fr\/wp-json\/wp\/v2\/posts"}],"about":[{"href":"https:\/\/www.planbwagen.de\/fr\/wp-json\/wp\/v2\/types\/post"}],"author":[{"embeddable":true,"href":"https:\/\/www.planbwagen.de\/fr\/wp-json\/wp\/v2\/users\/1"}],"replies":[{"embeddable":true,"href":"https:\/\/www.planbwagen.de\/fr\/wp-json\/wp\/v2\/comments?post=1385"}],"version-history":[{"count":6,"href":"https:\/\/www.planbwagen.de\/fr\/wp-json\/wp\/v2\/posts\/1385\/revisions"}],"predecessor-version":[{"id":7793,"href":"https:\/\/www.planbwagen.de\/fr\/wp-json\/wp\/v2\/posts\/1385\/revisions\/7793"}],"wp:featuredmedia":[{"embeddable":true,"href":"https:\/\/www.planbwagen.de\/fr\/wp-json\/wp\/v2\/media\/3907"}],"wp:attachment":[{"href":"https:\/\/www.planbwagen.de\/fr\/wp-json\/wp\/v2\/media?parent=1385"}],"wp:term":[{"taxonomy":"category","embeddable":true,"href":"https:\/\/www.planbwagen.de\/fr\/wp-json\/wp\/v2\/categories?post=1385"},{"taxonomy":"post_tag","embeddable":true,"href":"https:\/\/www.planbwagen.de\/fr\/wp-json\/wp\/v2\/tags?post=1385"}],"curies":[{"name":"wp","href":"https:\/\/api.w.org\/{rel}","templated":true}]}}