{"id":13463,"date":"2021-07-10T17:12:53","date_gmt":"2021-07-10T15:12:53","guid":{"rendered":"https:\/\/www.planbwagen.de\/?p=13463"},"modified":"2021-07-11T18:26:54","modified_gmt":"2021-07-11T16:26:54","slug":"terranger-transpirenaica-tour-2021-pyrenaeen-tag-1","status":"publish","type":"post","link":"https:\/\/www.planbwagen.de\/fr\/espagne\/terranger-transpirenaica-tour-2021-pyrenees-jour-1\/","title":{"rendered":"Terranger Transpirenaica Tour 2021 | Pyr\u00e9n\u00e9es jour 1"},"content":{"rendered":"<p>[et_pb_section fb_built=&#8220;1&#8243; _builder_version=&#8220;4.5.1&#8243; _module_preset=&#8220;default&#8220;][et_pb_row _builder_version=&#8220;4.5.1&#8243; _module_preset=&#8220;default&#8220;][et_pb_column type=&#8220;4_4&#8243; _builder_version=&#8220;4.5.1&#8243; _module_preset=&#8220;default&#8220;][et_pb_text _builder_version=&#8220;4.5.1&#8243; _module_preset=&#8220;default&#8220; link_option_url_new_window=&#8220;on&#8220;]<\/p>\n<div id=\"ez-toc-container\" class=\"ez-toc-v2_0_76 counter-hierarchy ez-toc-counter ez-toc-grey ez-toc-container-direction\">\n<p class=\"ez-toc-title\" style=\"cursor:inherit\">Content<\/p>\n<label for=\"ez-toc-cssicon-toggle-item-69ec8d3f54271\" class=\"ez-toc-cssicon-toggle-label\"><span class=\"\"><span class=\"eztoc-hide\" style=\"display:none;\">Toggle<\/span><span class=\"ez-toc-icon-toggle-span\"><svg style=\"fill: #999;color:#999\" xmlns=\"http:\/\/www.w3.org\/2000\/svg\" class=\"list-377408\" width=\"20px\" height=\"20px\" viewbox=\"0 0 24 24\" fill=\"none\"><path d=\"M6 6H4v2h2V6zm14 0H8v2h12V6zM4 11h2v2H4v-2zm16 0H8v2h12v-2zM4 16h2v2H4v-2zm16 0H8v2h12v-2z\" fill=\"currentColor\"><\/path><\/svg><svg style=\"fill: #999;color:#999\" class=\"arrow-unsorted-368013\" xmlns=\"http:\/\/www.w3.org\/2000\/svg\" width=\"10px\" height=\"10px\" viewbox=\"0 0 24 24\" version=\"1.2\" baseprofile=\"tiny\"><path d=\"M18.2 9.3l-6.2-6.3-6.2 6.3c-.2.2-.3.4-.3.7s.1.5.3.7c.2.2.4.3.7.3h11c.3 0 .5-.1.7-.3.2-.2.3-.5.3-.7s-.1-.5-.3-.7zM5.8 14.7l6.2 6.3 6.2-6.3c.2-.2.3-.5.3-.7s-.1-.5-.3-.7c-.2-.2-.4-.3-.7-.3h-11c-.3 0-.5.1-.7.3-.2.2-.3.5-.3.7s.1.5.3.7z\"\/><\/svg><\/span><\/span><\/label><input type=\"checkbox\"  id=\"ez-toc-cssicon-toggle-item-69ec8d3f54271\"  aria-label=\"Toggle\" \/><nav><ul class='ez-toc-list ez-toc-list-level-1' ><li class='ez-toc-page-1 ez-toc-heading-level-2'><a class=\"ez-toc-link ez-toc-heading-1\" href=\"https:\/\/www.planbwagen.de\/fr\/espagne\/terranger-transpirenaica-tour-2021-pyrenees-jour-1\/#Transpirenaica\" >Transpirenaica<\/a><\/li><li class='ez-toc-page-1 ez-toc-heading-level-2'><a class=\"ez-toc-link ez-toc-heading-2\" href=\"https:\/\/www.planbwagen.de\/fr\/espagne\/terranger-transpirenaica-tour-2021-pyrenees-jour-1\/#Streckenverlauf\" >Parcours<\/a><\/li><li class='ez-toc-page-1 ez-toc-heading-level-2'><a class=\"ez-toc-link ez-toc-heading-3\" href=\"https:\/\/www.planbwagen.de\/fr\/espagne\/terranger-transpirenaica-tour-2021-pyrenees-jour-1\/#Terranger_Tour_2021\" >Terranger Tour 2021<\/a><\/li><li class='ez-toc-page-1 ez-toc-heading-level-2'><a class=\"ez-toc-link ez-toc-heading-4\" href=\"https:\/\/www.planbwagen.de\/fr\/espagne\/terranger-transpirenaica-tour-2021-pyrenees-jour-1\/#Zarautz\" >Zarautz<\/a><\/li><li class='ez-toc-page-1 ez-toc-heading-level-2'><a class=\"ez-toc-link ez-toc-heading-5\" href=\"https:\/\/www.planbwagen.de\/fr\/espagne\/terranger-transpirenaica-tour-2021-pyrenees-jour-1\/#Das_grose_Ankommen\" >La grande arriv\u00e9e<\/a><\/li><li class='ez-toc-page-1 ez-toc-heading-level-2'><a class=\"ez-toc-link ez-toc-heading-6\" href=\"https:\/\/www.planbwagen.de\/fr\/espagne\/terranger-transpirenaica-tour-2021-pyrenees-jour-1\/#Unsere_Gruppe\" >Notre groupe<\/a><\/li><\/ul><\/nav><\/div>\n<h2><span class=\"ez-toc-section\" id=\"Transpirenaica\"><\/span><span style=\"font-size: x-large;\">Transpirenaica<\/span><span class=\"ez-toc-section-end\"><\/span><\/h2>\n<p style=\"text-align: justify;\">La l\u00e9gendaire \"Transpirenaica\", \u00e9galement connue sous le nom de La Senda Pirenaica ou plus simplement Gran Recorrido 11 (GR11), m\u00e8ne de la M\u00e9diterran\u00e9e au golfe de Gascogne, ou du golfe de Gascogne \u00e0 la M\u00e9diterran\u00e9e. Cet itin\u00e9raire \u00e0 travers les Pyr\u00e9n\u00e9es est surtout emprunt\u00e9 par les randonneurs, mais aussi par les v\u00e9t\u00e9tistes.<\/p>\n<p>[\/et_pb_text][\/et_pb_column][\/et_pb_row][et_pb_row _builder_version=&#8220;4.5.1&#8243; _module_preset=&#8220;default&#8220;][et_pb_column type=&#8220;4_4&#8243; _builder_version=&#8220;4.5.1&#8243; _module_preset=&#8220;default&#8220;][et_pb_text _builder_version=&#8220;4.5.1&#8243; _module_preset=&#8220;default&#8220; link_option_url_new_window=&#8220;on&#8220;]<\/p>\n<h2><span class=\"ez-toc-section\" id=\"Streckenverlauf\"><\/span><span style=\"font-size: x-large;\">Parcours<\/span><span class=\"ez-toc-section-end\"><\/span><\/h2>\n<p style=\"text-align: justify;\">D'ouest en est, la Transpirenaica traverse le Pays basque, la Navarre, l'Aragon, l'Andorre et la Catalogne pour se terminer au Cap de Creus. La Transpirenaica franchit des d\u00e9nivel\u00e9s d'environ 46.000 m sur son parcours d'environ 800 km.<\/p>\n<p style=\"text-align: justify;\">Ainsi, un parcours pour les contrebandiers, les p\u00e8lerins, les aventuriers et les explorateurs.<\/p>\n<p style=\"text-align: justify;\">Mais peut-on aussi parcourir cette route avec un bus VW ? En collaboration avec l'entreprise Terrranger, nous voulons tenter l'aventure. Leur travers\u00e9e des Pyr\u00e9n\u00e9es coast2coast de cette ann\u00e9e ne se fait pas seulement d'est en ouest, mais aussi d'ouest en est.<\/p>\n<p>[\/et_pb_text][\/et_pb_column][\/et_pb_row][et_pb_row column_structure=&#8220;2_3,1_3&#8243; _builder_version=&#8220;4.5.1&#8243; _module_preset=&#8220;default&#8220;][et_pb_column type=&#8220;2_3&#8243; _builder_version=&#8220;4.5.1&#8243; _module_preset=&#8220;default&#8220;][et_pb_image src=&#8220;https:\/\/www.planbwagen.de\/wp-content\/uploads\/2021\/07\/20210622_191116-1024&#215;576.jpg&#8220; alt=&#8220;Blick vom Campingplatz Zarautz auf das Meer&#8220; title_text=&#8220;20210622_191116&#8243; _builder_version=&#8220;4.5.1&#8243; _module_preset=&#8220;default&#8220;][\/et_pb_image][\/et_pb_column][et_pb_column type=&#8220;1_3&#8243; _builder_version=&#8220;4.5.1&#8243; _module_preset=&#8220;default&#8220;][et_pb_image src=&#8220;https:\/\/www.planbwagen.de\/wp-content\/uploads\/2021\/07\/IMG_2148-768&#215;1024.jpg&#8220; alt=&#8220;Terranger Doppelkabine&#8220; title_text=&#8220;IMG_2148&#8243; _builder_version=&#8220;4.5.1&#8243; _module_preset=&#8220;default&#8220;][\/et_pb_image][\/et_pb_column][\/et_pb_row][et_pb_row _builder_version=&#8220;4.5.1&#8243; _module_preset=&#8220;default&#8220;][et_pb_column type=&#8220;4_4&#8243; _builder_version=&#8220;4.5.1&#8243; _module_preset=&#8220;default&#8220;][et_pb_text _builder_version=&#8220;4.5.1&#8243; _module_preset=&#8220;default&#8220; link_option_url_new_window=&#8220;on&#8220;]<\/p>\n<h2><span class=\"ez-toc-section\" id=\"Terranger_Tour_2021\"><\/span><span style=\"font-size: x-large;\">Terranger Tour 2021<\/span><span class=\"ez-toc-section-end\"><\/span><\/h2>\n<p style=\"text-align: justify;\">Le 1er groupe est parti il y a 9 jours de la M\u00e9diterran\u00e9e, a travers\u00e9 les Pyr\u00e9n\u00e9es et son tour se termine aujourd'hui ici, au bord de l'Atlantique. Nous, le 2e groupe, les rejoignons aujourd'hui et entamerons demain le m\u00eame tour dans la direction oppos\u00e9e.<\/p>\n<p style=\"text-align: justify;\">Il est donc certainement plus que l\u00e9gitime que cette aventure porte le nom de TRANSPIRENAICA 2021. Le tour est d'ailleurs soutenu par les sp\u00e9cialistes des voyages tout-terrain d'experience GmbH. Vous les connaissez peut-\u00eatre d\u00e9j\u00e0 gr\u00e2ce aux superbes trackbooks de Matthias G\u00f6ttenauer.<\/p>\n<p style=\"text-align: justify;\">Notre guide de l'\u00e9quipe Experience est Andreas Renz. C'est donc un v\u00e9ritable professionnel du tout-terrain. Chaque matin, il nous briefe sur les temps forts de la journ\u00e9e \u00e0 l'aide d'un tableau con\u00e7u avec beaucoup d'amour.<\/p>\n<p>[\/et_pb_text][\/et_pb_column][\/et_pb_row][et_pb_row column_structure=&#8220;1_4,1_2,1_4&#8243; _builder_version=&#8220;4.5.1&#8243; _module_preset=&#8220;default&#8220;][et_pb_column type=&#8220;1_4&#8243; _builder_version=&#8220;4.5.1&#8243; _module_preset=&#8220;default&#8220;][et_pb_image src=&#8220;https:\/\/www.planbwagen.de\/wp-content\/uploads\/2021\/07\/22-walkietalkies-IMG_7040-768&#215;1024.jpeg&#8220; alt=&#8220;Walkie-Talkies Ausgabe Terranger Transpirenaica Tour 2021&#8243; title_text=&#8220;Walkie-Talkies Ausgabe Terranger Transpirenaica Tour 2021&#8243; _builder_version=&#8220;4.5.1&#8243; _module_preset=&#8220;default&#8220;][\/et_pb_image][\/et_pb_column][et_pb_column type=&#8220;1_2&#8243; _builder_version=&#8220;4.5.1&#8243; _module_preset=&#8220;default&#8220;][et_pb_image src=&#8220;https:\/\/www.planbwagen.de\/wp-content\/uploads\/2021\/07\/IMG_2152-2.jpg&#8220; alt=&#8220;Terranger Doppelkabine&#8220; title_text=&#8220;IMG_2152 2&#8243; _builder_version=&#8220;4.5.1&#8243; _module_preset=&#8220;default&#8220;][\/et_pb_image][\/et_pb_column][et_pb_column type=&#8220;1_4&#8243; _builder_version=&#8220;4.5.1&#8243; _module_preset=&#8220;default&#8220;][et_pb_image src=&#8220;https:\/\/www.planbwagen.de\/wp-content\/uploads\/2021\/07\/20210622_185722-576&#215;1024.jpg&#8220; alt=&#8220;Andreas Renz vom experience GmbH Team&#8220; title_text=&#8220;20210622_185722&#8243; _builder_version=&#8220;4.5.1&#8243; _module_preset=&#8220;default&#8220;][\/et_pb_image][\/et_pb_column][\/et_pb_row][et_pb_row _builder_version=&#8220;4.5.1&#8243; _module_preset=&#8220;default&#8220;][et_pb_column type=&#8220;4_4&#8243; _builder_version=&#8220;4.5.1&#8243; _module_preset=&#8220;default&#8220;][et_pb_text _builder_version=&#8220;4.5.1&#8243; _module_preset=&#8220;default&#8220; link_option_url_new_window=&#8220;on&#8220;]<\/p>\n<h2><span class=\"ez-toc-section\" id=\"Zarautz\"><\/span><span style=\"font-size: x-large;\">Zarautz<\/span><span class=\"ez-toc-section-end\"><\/span><\/h2>\n<p style=\"text-align: justify;\">Aujourd'hui, pour notre premier jour du Terranger Transpirenaica Coast2Coast Tour 2021, c'est la grande arriv\u00e9e \u00e0 Zarautz. Et pour nous, le tour \u00e0 travers les Pyr\u00e9n\u00e9es commencera tr\u00e8s t\u00f4t demain matin.<\/p>\n<p style=\"text-align: justify;\">Au-dessus de la Playa de Zarautz, sur le <a href=\"http:\/\/www.grancampingzarautz.com\" target=\"_blank\" rel=\"noopener noreferrer\">Gran Camping Zarautz<\/a>\u00a0notre Revival Tour prend donc fin et notre prochaine grande aventure commence.<\/p>\n<p style=\"text-align: justify;\">Il y a pr\u00e8s de deux ans, nous avions d\u00e9j\u00e0 \u00e9chou\u00e9 sur ce terrain situ\u00e9 sur une montagne. De l\u00e0, on a une vue magnifique sur la mer et la baie de Zarautz.<\/p>\n<p style=\"text-align: justify;\">Il est certes possible de se rendre \u00e0 la plage \u00e0 pied, mais la mont\u00e9e, avec entre autres 440 marches, est un v\u00e9ritable d\u00e9fi. Mais cela en vaut la peine.<\/p>\n<p style=\"text-align: justify;\">Nous avons de tr\u00e8s bons souvenirs de la Playa de Zarautz. Une belle et longue plage de sable. La plus longue \u00e0 perte de vue et donc un hotspot pour les surfeurs.<\/p>\n<p style=\"text-align: justify;\">Conseil d'initi\u00e9 :<\/p>\n<p style=\"text-align: justify;\">Nous recommandons vivement le Shelter Surf Bar. Cappuccino d\u00e9licieux, \u00e0 tester absolument le brownie. Nous avons surtout craqu\u00e9 pour le vin blanc r\u00e9gional, un Arregi Getariako Txakolina.<\/p>\n<p style=\"text-align: justify;\">Aujourd'hui, nous laissons la plage et le bar de c\u00f4t\u00e9. Car notre prochaine aventure requiert toute notre attention. Aujourd'hui, nous rencontrons non seulement nos futurs co\u00e9quipiers du second tour, mais aussi les anciens vainqueurs du premier tour, ainsi que notre guide Andreas de l'\u00e9quipe Experience.<\/p>\n<p>[\/et_pb_text][\/et_pb_column][\/et_pb_row][et_pb_row column_structure=&#8220;1_2,1_2&#8243; _builder_version=&#8220;4.5.1&#8243; _module_preset=&#8220;default&#8220;][et_pb_column type=&#8220;1_2&#8243; _builder_version=&#8220;4.5.1&#8243; _module_preset=&#8220;default&#8220;][et_pb_image src=&#8220;https:\/\/www.planbwagen.de\/wp-content\/uploads\/2021\/07\/IMG_2146-2-1024&#215;768.jpg&#8220; alt=&#8220;Teilnehmer der Terranger Tour 2021&#8243; title_text=&#8220;IMG_2146&#8243; _builder_version=&#8220;4.5.1&#8243; _module_preset=&#8220;default&#8220;][\/et_pb_image][\/et_pb_column][et_pb_column type=&#8220;1_2&#8243; _builder_version=&#8220;4.5.1&#8243; _module_preset=&#8220;default&#8220;][et_pb_image src=&#8220;https:\/\/www.planbwagen.de\/wp-content\/uploads\/2021\/07\/IMG_2153.jpg&#8220; alt=&#8220;Terranger Doppelkabine&#8220; title_text=&#8220;IMG_2153&#8243; _builder_version=&#8220;4.5.1&#8243; _module_preset=&#8220;default&#8220;][\/et_pb_image][\/et_pb_column][\/et_pb_row][et_pb_row _builder_version=&#8220;4.5.1&#8243; _module_preset=&#8220;default&#8220;][et_pb_column type=&#8220;4_4&#8243; _builder_version=&#8220;4.5.1&#8243; _module_preset=&#8220;default&#8220;][et_pb_text _builder_version=&#8220;4.5.1&#8243; _module_preset=&#8220;default&#8220; link_option_url_new_window=&#8220;on&#8220;]<\/p>\n<h2><span class=\"ez-toc-section\" id=\"Das_grose_Ankommen\"><\/span><span style=\"font-size: x-large;\">La grande arriv\u00e9e<\/span><span class=\"ez-toc-section-end\"><\/span><\/h2>\n<p style=\"text-align: justify;\">Nous avons d\u00e9j\u00e0 vu les premi\u00e8res images du premier groupe lors de la premi\u00e8re partie de la course. Nous rencontrons donc non seulement des transformations Terranger passionnantes, mais aussi et surtout des pilotes encore plus passionnants, avec leur copilote. S'ensuit la discussion sur le tour. Et nous recevons nos talkies-walkies. Ces choses se sont av\u00e9r\u00e9es tr\u00e8s utiles pendant le tour.<\/p>\n<p style=\"text-align: justify;\">Ensuite, nous f\u00eatons d'abord la grande arriv\u00e9e avec un d\u00eener commun des deux groupes au restaurant 'Berazadi Berri', juste en dessous du camping avec une belle terrasse ext\u00e9rieure et un magnifique panorama sur la c\u00f4te.<\/p>\n<p style=\"text-align: justify;\">Lors du d\u00eener commun, on parle certes beaucoup d'essence, mais les premiers conseils suivent aussi. Nous en apprenons un peu plus sur nos impressions pr\u00e9c\u00e9dentes. Du premier groupe, nous connaissons Heiko, l'un des deux directeurs de Terranger, mais surtout Max, qui a particip\u00e9 avec nous \u00e0 l'entra\u00eenement offroad de Terranger et \u00e0 qui nous avons rendu visite r\u00e9cemment \u00e0 Berlin.<\/p>\n<p style=\"text-align: justify;\">Le 1er groupe raconte avec beaucoup d'enthousiasme les Pyr\u00e9n\u00e9es, bien qu'ils aient eu du mauvais temps. Nous avons d\u00e9j\u00e0 pu voir quelques photos et pouvons comprendre leur enthousiasme. Si une telle randonn\u00e9e est amusante par 17 degr\u00e9s maximum, sous la pluie et dans la boue, elle doit vraiment \u00eatre tr\u00e8s belle.<\/p>\n<p>[\/et_pb_text][\/et_pb_column][\/et_pb_row][et_pb_row column_structure=&#8220;1_2,1_2&#8243; _builder_version=&#8220;4.5.1&#8243; _module_preset=&#8220;default&#8220;][et_pb_column type=&#8220;1_2&#8243; _builder_version=&#8220;4.5.1&#8243; _module_preset=&#8220;default&#8220;][et_pb_image src=&#8220;https:\/\/www.planbwagen.de\/wp-content\/uploads\/2021\/07\/IMG_2175.jpg&#8220; alt=&#8220;Terranger Tour Briefing Andreas Renz von experience GmbH&#8220; title_text=&#8220;IMG_2175&#8243; _builder_version=&#8220;4.5.1&#8243; _module_preset=&#8220;default&#8220;][\/et_pb_image][\/et_pb_column][et_pb_column type=&#8220;1_2&#8243; _builder_version=&#8220;4.5.1&#8243; _module_preset=&#8220;default&#8220;][et_pb_image src=&#8220;https:\/\/www.planbwagen.de\/wp-content\/uploads\/2021\/07\/IMG_2178.jpg&#8220; alt=&#8220;Terranger Tour Gruppe 2&#8243; title_text=&#8220;IMG_2178&#8243; _builder_version=&#8220;4.5.1&#8243; _module_preset=&#8220;default&#8220;][\/et_pb_image][\/et_pb_column][\/et_pb_row][et_pb_row _builder_version=&#8220;4.5.1&#8243; _module_preset=&#8220;default&#8220;][et_pb_column type=&#8220;4_4&#8243; _builder_version=&#8220;4.5.1&#8243; _module_preset=&#8220;default&#8220;][et_pb_text _builder_version=&#8220;4.5.1&#8243; _module_preset=&#8220;default&#8220; link_option_url_new_window=&#8220;on&#8220;]<\/p>\n<h2><span class=\"ez-toc-section\" id=\"Unsere_Gruppe\"><\/span><span style=\"font-size: x-large;\">Notre groupe<\/span><span class=\"ez-toc-section-end\"><\/span><\/h2>\n<p style=\"text-align: justify;\">Parmi notre troupe, nous connaissons jusqu'\u00e0 pr\u00e9sent Andre, le deuxi\u00e8me directeur de Terranger, et sa partenaire Martina. Nous nous r\u00e9jouissons particuli\u00e8rement de les rencontrer. En effet, malgr\u00e9 une pluie battante, elle a toujours su mettre de bonne humeur lors de nos entra\u00eenements de conduite. Qui sait si nous n'aurons pas \u00e0 nouveau besoin de cette motivation. Car ce tour sera certainement un d\u00e9fi pour nous et notre SpaceCamper. Chris, le fr\u00e8re d'Andr\u00e9, est \u00e9galement de la partie. Lui aussi est un vrai professionnel du tout-terrain. Cela permet aux novices comme nous de se sentir \u00e0 l'aise. Bien s\u00fbr, nous avons d\u00e9j\u00e0 une certaine exp\u00e9rience du tout-terrain. Mais cela pourrait \u00eatre le prochain niveau.<\/p>\n<p>[\/et_pb_text][\/et_pb_column][\/et_pb_row][et_pb_row _builder_version=&#8220;4.5.1&#8243; _module_preset=&#8220;default&#8220;][et_pb_column type=&#8220;4_4&#8243; _builder_version=&#8220;4.5.1&#8243; _module_preset=&#8220;default&#8220;][et_pb_image src=&#8220;https:\/\/www.planbwagen.de\/wp-content\/uploads\/2021\/07\/28-autos-im-kreis-1024&#215;576.jpeg&#8220; alt=&#8220;Alle Fahrzeuge der Terranger Transpirenaica Tour 2021&#8243; title_text=&#8220;28 autos im kreis&#8220; _builder_version=&#8220;4.5.1&#8243; _module_preset=&#8220;default&#8220;][\/et_pb_image][\/et_pb_column][\/et_pb_row][et_pb_row _builder_version=&#8220;4.5.1&#8243; _module_preset=&#8220;default&#8220;][et_pb_column type=&#8220;4_4&#8243; _builder_version=&#8220;4.5.1&#8243; _module_preset=&#8220;default&#8220;][et_pb_text _builder_version=&#8220;4.5.1&#8243; _module_preset=&#8220;default&#8220; link_option_url_new_window=&#8220;on&#8220;]<\/p>\n<p>Dans notre groupe, il y a les v\u00e9hicules suivants : un KEC, une cabine double, 3 California Beach, un Amarok de notre guide et notre SpaceCamper. Donc un petit groupe vraiment sympa. Pourquoi je sais si bien qu'il y a trois Beach et pas d'Ocean ? Parce que cette question nous a effectivement \u00e9t\u00e9 pos\u00e9e sur Instagram. C'est toujours passionnant de voir les questions que se posent nos lecteurs.<\/p>\n<p>Pour que nous soyons reconnaissables en tant que groupe Terranger, chaque v\u00e9hicule re\u00e7oit un logo correspondant apr\u00e8s notre premi\u00e8re r\u00e9union de tourn\u00e9e. Chez nous, c'est un peu probl\u00e9matique \u00e0 cause de notre film. Le film sur le film ne partira probablement jamais. Nous mettons n\u00e9anmoins un point d'honneur \u00e0 d\u00e9corer notre BUTCH avec l'autocollant.<\/p>\n<p>[\/et_pb_text][\/et_pb_column][\/et_pb_row][et_pb_row _builder_version=&#8220;4.5.1&#8243; _module_preset=&#8220;default&#8220;][et_pb_column type=&#8220;4_4&#8243; _builder_version=&#8220;4.5.1&#8243; _module_preset=&#8220;default&#8220;][et_pb_image src=&#8220;https:\/\/www.planbwagen.de\/wp-content\/uploads\/2021\/07\/Tag-1-Thumbnail-2-1024&#215;576.jpg&#8220; alt=&#8220;Transpirenaica: Terranger Coast2Coast Tour | Mit VW T6.1 SpaceCamper \u00fcber die Pyren\u00e4en Tag 1&#8243; url=&#8220<div class=\"ikn-evt-container\">\r\n    <iframe\r\n            width=\"100%\"\r\n            class=\"ikn-evt-iframe\"\r\n            srcdoc=\"<style>\n    * {\n    padding:0;\n    margin:0;\n    overflow:hidden\n}\n\nhtml, body {\n    height:100%\n}\n\n.ikn-evt-container {\n    position: relative;\n    padding-bottom: 56.25%;\n    height: 0;\n}\n\n.ikn-evt-container iframe {\n    position: absolute;\n    top: 0;\n    left: 0;\n    width: 100%;\n    height: 100%;\n}\n\n.ikn-evt-frame {\n    display: block;\n    position: relative;\n    padding-bottom: 56.23%;\n    height: 0;\n    overflow: hidden;\n    max-width: 100%;\n    background: #000;\n}\n\n.ikn-evt-frame img.ikn-evt-thumbnail {\n    bottom: 0;\n    display: block;\n    left: 0;\n    margin: auto;\n    max-width: 100%;\n    width: 100%;\n    position: absolute;\n    right: 0;\n    top: 0;\n    border: none;\n    height: auto;\n    cursor: pointer;\n    -webkit-transition: .4s all;\n    -moz-transition: .4s all;\n    transition: .4s all;\n}\n\n.ikn-evt-frame[data-source=youtube] img.ikn-evt-thumbnail {\n    top: -63px;\n    bottom: -63px;\n}\n\n.ikn-evt-frame:hover img.ikn-evt-thumbnail {\n    -webkit-filter: brightness(75%);\n}\n\n.ikn-evt-frame .ikn-evt-play-button {\n    height: 20%;\n    width: 13%;\n    left: 44%;\n    top: 42%;\n    position: absolute;\n    cursor: pointer;\n    z-index: 1;\n    background-size: contain !important;\n}\n\n.ikn-evt-frame .ikn-evt-heading {\n    width: 100%;\n    position: absolute;\n    top: 0;\n    background: rgba(0, 0, 0, .5);\n    left: 0;\n    padding: 0.7em;\n    box-sizing: border-box;\n}\n\n.ikn-evt-frame .ikn-evt-heading .ikn-evt-heading-title {\n    font-weight: bold;\n    font-size: 1.5em;\n    color: #FFFFFF;\n    line-height: 30px;\n    margin: 0;\n    cursor: pointer;\n}.ikn-evt-frame[data-source=youtube] \r\n            .ikn-evt-play-button {background:url('https:\/\/www.planbwagen.de\/wp-content\/plugins\/embed-video-thumbnail\/assets\/images\/youtube-72-72.png') no-repeat;}.ikn-evt-frame[data-source=vimeo] \r\n            .ikn-evt-play-button {background:url('https:\/\/www.planbwagen.de\/wp-content\/plugins\/embed-video-thumbnail\/assets\/images\/play-default.png') no-repeat;}.ikn-evt-frame[data-source=dailymotion] \r\n            .ikn-evt-play-button {background:url('https:\/\/www.planbwagen.de\/wp-content\/plugins\/embed-video-thumbnail\/assets\/images\/play-default.png') no-repeat;}.ikn-evt-frame[data-source=facebook] \r\n            .ikn-evt-play-button {background:url('https:\/\/www.planbwagen.de\/wp-content\/plugins\/embed-video-thumbnail\/assets\/images\/play-default.png') no-repeat;}<\/style><div    class='ikn-evt-frame'    data-source='youtube'>    <a class='ikn-evt-link' href='\/\/www.youtube-nocookie.com\/embed\/-z7swp-lfWE?controls=1&autoplay=1&enablejsapi=1&rel=1'>        <span class='ikn-evt-play-button'><\/span>                    <img                class='ikn-evt-thumbnail'                src='\/wp-content\/uploads\/ikana-embed-video-thumbnail\/youtube\/-z7swp-lfWE-hqdefault.jpg'                alt='-z7swp-lfWE'            \/>                    <\/a><\/div><script>\n    document\n        .querySelector('.ikn-evt-link')\n        .addEventListener('click', function(e) {\n                e.preventDefault();\n                e.stopPropagation();\n                window.location.replace(this.href);\n                return false;\n            }\n        )\n    ;\n<\/script>\"\r\n            frameborder=\"0\"\r\n            allow=\"accelerometer; encrypted-media; gyroscope; picture-in-picture\"\r\n            allowfullscreen\r\n title=\"-z7swp-lfWE\"\r\n            loading=\"lazy\"\r\n            src=\"\/\/www.youtube-nocookie.com\/embed\/-z7swp-lfWE?controls=1&autoplay=1&enablejsapi=1&rel=1\"\r\n    ><\/iframe>\r\n<\/div>8220; url_new_window=&#8220;on&#8220; _builder_version=&#8220;4.5.1&#8243; _module_preset=&#8220;default&#8220;][\/et_pb_image][\/et_pb_column][\/et_pb_row][\/et_pb_section]<\/p>","protected":false},"excerpt":{"rendered":"<p>[et_pb_section fb_built=&#8220;1&#8243; _builder_version=&#8220;4.5.1&#8243; _module_preset=&#8220;default&#8220;][et_pb_row _builder_version=&#8220;4.5.1&#8243; _module_preset=&#8220;default&#8220;][et_pb_column type=&#8220;4_4&#8243; _builder_version=&#8220;4.5.1&#8243; _module_preset=&#8220;default&#8220;][et_pb_text _builder_version=&#8220;4.5.1&#8243; _module_preset=&#8220;default&#8220; link_option_url_new_window=&#8220;on&#8220;] Transpirenaica Vom Mittelmeer zur Biskaya, bzw. von der Biskaya zum Mittelmeer, f\u00fchrt die legend\u00e4re \u201eTranspirenaica\u201c, auch bekannt als La Senda Pirenaica oder schlicht Gran Recorrido 11 (GR11). Auf dieser Route quer durch die Pyren\u00e4en bewegen sich vor allem Wanderer, aber auch Mountainbiker. [\/et_pb_text][\/et_pb_column][\/et_pb_row][et_pb_row [&hellip;]<\/p>","protected":false},"author":1,"featured_media":13622,"comment_status":"open","ping_status":"open","sticky":false,"template":"","format":"standard","meta":{"_et_pb_use_builder":"on","_et_pb_old_content":"","_et_gb_content_width":"","footnotes":""},"categories":[9,38],"tags":[],"class_list":["post-13463","post","type-post","status-publish","format-standard","has-post-thumbnail","hentry","category-spanien","category-transpirenaica-terranger-coast2coast-tour"],"_links":{"self":[{"href":"https:\/\/www.planbwagen.de\/fr\/wp-json\/wp\/v2\/posts\/13463","targetHints":{"allow":["GET"]}}],"collection":[{"href":"https:\/\/www.planbwagen.de\/fr\/wp-json\/wp\/v2\/posts"}],"about":[{"href":"https:\/\/www.planbwagen.de\/fr\/wp-json\/wp\/v2\/types\/post"}],"author":[{"embeddable":true,"href":"https:\/\/www.planbwagen.de\/fr\/wp-json\/wp\/v2\/users\/1"}],"replies":[{"embeddable":true,"href":"https:\/\/www.planbwagen.de\/fr\/wp-json\/wp\/v2\/comments?post=13463"}],"version-history":[{"count":30,"href":"https:\/\/www.planbwagen.de\/fr\/wp-json\/wp\/v2\/posts\/13463\/revisions"}],"predecessor-version":[{"id":13803,"href":"https:\/\/www.planbwagen.de\/fr\/wp-json\/wp\/v2\/posts\/13463\/revisions\/13803"}],"wp:featuredmedia":[{"embeddable":true,"href":"https:\/\/www.planbwagen.de\/fr\/wp-json\/wp\/v2\/media\/13622"}],"wp:attachment":[{"href":"https:\/\/www.planbwagen.de\/fr\/wp-json\/wp\/v2\/media?parent=13463"}],"wp:term":[{"taxonomy":"category","embeddable":true,"href":"https:\/\/www.planbwagen.de\/fr\/wp-json\/wp\/v2\/categories?post=13463"},{"taxonomy":"post_tag","embeddable":true,"href":"https:\/\/www.planbwagen.de\/fr\/wp-json\/wp\/v2\/tags?post=13463"}],"curies":[{"name":"wp","href":"https:\/\/api.w.org\/{rel}","templated":true}]}}