{"id":1333,"date":"2019-12-10T20:22:08","date_gmt":"2019-12-10T20:22:08","guid":{"rendered":""},"modified":"2020-09-15T08:09:32","modified_gmt":"2020-09-15T08:09:32","slug":"tag-no-97-es-wird-eng-raumungen-an-den-stranden-der-algarve","status":"publish","type":"post","link":"https:\/\/www.planbwagen.de\/fr\/portugal\/jour-no-97-lespace-se-resserre-sur-les-plages-de-lalgarve\/","title":{"rendered":"Jour No. 97 - \u00c7a se corse ... - Expulsions sur les plages de l'Algarve ?"},"content":{"rendered":"<p>[et_pb_section fb_built=&#8220;1&#8243; _builder_version=&#8220;3.22&#8243;][et_pb_row _builder_version=&#8220;4.5.1&#8243; _module_preset=&#8220;default&#8220;][et_pb_column _builder_version=&#8220;4.5.1&#8243; _module_preset=&#8220;default&#8220; type=&#8220;4_4&#8243;][et_pb_text _builder_version=&#8220;4.5.1&#8243; _module_preset=&#8220;default&#8220; hover_enabled=&#8220;0&#8243;]<\/p>\n<p style=\"text-align: center;\"><strong><em><span style=\"font-size: 18px;\">\"Le plus pieux ne peut pas vivre en paix,\u00a0<\/span><\/em><\/strong><\/p>\n<p style=\"text-align: center;\"><strong><em><span style=\"font-size: 18px;\">si cela ne pla\u00eet pas au m\u00e9chant voisin\".<\/span><\/em><\/strong><\/p>\n<p style=\"text-align: center;\"><strong><em><span style=\"font-size: 18px;\">Friedrich von Schiller<\/span><\/em><\/strong><\/p>\n<p>&nbsp;<\/p>\n<p>Lorsque j'ouvre le premier \u0153il ce matin, j'entends notre porte coulissante. Marc installe le panneau solaire. Il revient en grommelant. Pendant la nuit, un nouveau venu s'est gliss\u00e9 deux voitures plus loin, si bien que nous sommes \u00e0 l'ombre. C'est idiot, car le c\u00e2ble de notre panneau solaire n'est malheureusement pas assez long pour \u00eatre plac\u00e9 au soleil. Mais rien n'y fait, on n'y peut rien maintenant. Comme le disait d\u00e9j\u00e0 ce bon vieux Schiller ...\u00a0<\/p>\n<p>Ce n'\u00e9tait certainement pas intentionnel. Comme \u00e0 l'a\u00e9roport, sur le tapis \u00e0 bagages, certains doivent se tenir tout devant pour que personne ne voie rien. La prochaine fois, il faudra trouver un c\u00e2ble plus long. M\u00eame si notre SpaceCamper sera \u00e9quip\u00e9 de deux panneaux solaires de 200 Wp install\u00e9s \u00e0 demeure sur le toit, nous emporterons aussi notre sac solaire actuel pour l'hiver, lorsque le soleil est bas.<\/p>\n<p>[\/et_pb_text][\/et_pb_column][\/et_pb_row][et_pb_row _builder_version=&#8220;4.5.1&#8243; _module_preset=&#8220;default&#8220; column_structure=&#8220;1_2,1_2&#8243;][et_pb_column _builder_version=&#8220;4.5.1&#8243; _module_preset=&#8220;default&#8220; type=&#8220;1_2&#8243;][et_pb_image src=&#8220;https:\/\/www.planbwagen.de\/wp-content\/uploads\/2020\/09\/1-47.jpg&#8220; _builder_version=&#8220;4.5.1&#8243; _module_preset=&#8220;default&#8220; title_text=&#8220;1&#8243; hover_enabled=&#8220;0&#8243;][\/et_pb_image][\/et_pb_column][et_pb_column _builder_version=&#8220;4.5.1&#8243; _module_preset=&#8220;default&#8220; type=&#8220;1_2&#8243;][et_pb_image src=&#8220;https:\/\/www.planbwagen.de\/wp-content\/uploads\/2020\/09\/2-42.jpg&#8220; _builder_version=&#8220;4.5.1&#8243; _module_preset=&#8220;default&#8220; title_text=&#8220;2&#8243; hover_enabled=&#8220;0&#8243;][\/et_pb_image][\/et_pb_column][\/et_pb_row][et_pb_row _builder_version=&#8220;4.5.1&#8243; _module_preset=&#8220;default&#8220;][et_pb_column _builder_version=&#8220;4.5.1&#8243; _module_preset=&#8220;default&#8220; type=&#8220;4_4&#8243;][et_pb_text _builder_version=&#8220;4.5.1&#8243; _module_preset=&#8220;default&#8220; hover_enabled=&#8220;0&#8243;]<\/p>\n<p>Nous buvons d'abord notre caf\u00e9 et nous sommes d\u00e9j\u00e0 presque heureux. Nous sommes vraiment heureux lorsque le soleil s'est d\u00e9j\u00e0 suffisamment d\u00e9plac\u00e9 pour que notre panneau solaire soit en plein soleil et ait d\u00e9j\u00e0 produit 20Wh. Avec cela, une ampoule de 40 W* peut rester allum\u00e9e une demi-heure, ou une ampoule de 20 W une heure enti\u00e8re. Notre nouveau SpaceCamper sera \u00e9quip\u00e9 d'ampoules LED qui consomment x fois moins d'\u00e9nergie. Je n'arrive pas \u00e0 faire le calcul. Je suis ing\u00e9nieur et il para\u00eet qu'ils ne savent pas compter. Je me souviens encore de la fois o\u00f9, \u00e0 la pr\u00e9fecture, nous avons eu entre les mains le test d'embauche pour les g\u00e9om\u00e8tres avec quatre ing\u00e9nieurs et o\u00f9 nous avons failli nous casser les oreilles. Seulement 20 ans plus t\u00f4t, j'ai d\u00fb bien r\u00e9ussir ce test, sinon je n'aurais probablement pas \u00e9t\u00e9 embauch\u00e9.<\/p>\n<p>\u00c0 la fin de la journ\u00e9e, ce sont tout de m\u00eame les petites choses qui rendent heureux. Comme un bon caf\u00e9. Ou un rayon de soleil qui chatouille le nez. Et bien s\u00fbr, toujours plus de mer.<\/p>\n<p>Apr\u00e8s le caf\u00e9, nous sortons au soleil, je bricole un peu sur le blog et Marc va se baigner. \u00c0 son retour, notre nouveau voisin se montre lui aussi et Marc va d'abord bavarder un peu. Je commence \u00e0 comprendre pourquoi Marc a gagn\u00e9 sa vie en parlant. C'est ce qui le rend heureux et ce qu'il fait vraiment bien. Quand je suis d\u00e9s\u00e9quilibr\u00e9e, je vais \u00e0 la mer ou je fais un jogging. Quand Marc est d\u00e9s\u00e9quilibr\u00e9, je l'envoie faire un brin de causette. Cela fait des merveilles pour nous deux.<\/p>\n<p>[\/et_pb_text][\/et_pb_column][\/et_pb_row][et_pb_row _builder_version=&#8220;4.5.1&#8243; _module_preset=&#8220;default&#8220; column_structure=&#8220;1_2,1_2&#8243;][et_pb_column _builder_version=&#8220;4.5.1&#8243; _module_preset=&#8220;default&#8220; type=&#8220;1_2&#8243;][et_pb_image src=&#8220;https:\/\/www.planbwagen.de\/wp-content\/uploads\/2020\/09\/3-39.jpg&#8220; _builder_version=&#8220;4.5.1&#8243; _module_preset=&#8220;default&#8220; title_text=&#8220;3&#8243; hover_enabled=&#8220;0&#8243;][\/et_pb_image][\/et_pb_column][et_pb_column _builder_version=&#8220;4.5.1&#8243; _module_preset=&#8220;default&#8220; type=&#8220;1_2&#8243;][et_pb_image src=&#8220;https:\/\/www.planbwagen.de\/wp-content\/uploads\/2020\/09\/4-31.jpg&#8220; _builder_version=&#8220;4.5.1&#8243; _module_preset=&#8220;default&#8220; title_text=&#8220;4&#8243; hover_enabled=&#8220;0&#8243;][\/et_pb_image][\/et_pb_column][\/et_pb_row][et_pb_row _builder_version=&#8220;4.5.1&#8243; _module_preset=&#8220;default&#8220;][et_pb_column _builder_version=&#8220;4.5.1&#8243; _module_preset=&#8220;default&#8220; type=&#8220;4_4&#8243;][et_pb_text _builder_version=&#8220;4.5.1&#8243; _module_preset=&#8220;default&#8220; hover_enabled=&#8220;0&#8243;]<\/p>\n<p>Plus tard, notre voisin nain de jardin passe et raconte que la GNR a d\u00e9blay\u00e9 la plage de l'autre c\u00f4t\u00e9 de la rivi\u00e8re aujourd'hui. En fait, les deux c\u00f4t\u00e9s sont toujours nettoy\u00e9s le m\u00eame jour. Comme ce n'est pas le cas aujourd'hui, ils viendront certainement demain. Marc et moi nous regardons. Que faire ? Croire le nain de jardin et partir ? Ou jouer au poker et rester sur place ? Nous d\u00e9cidons de rester.<\/p>\n<p>&nbsp;<\/p>\n<p>*Notes de la r\u00e9daction : des poires ? - Si l'on en croit Torgit, mon meilleur ami est certainement vendeur de poires, alors qu'il fait dans les ampoules. - Quand on pense aux bonnes vieilles ampoules, c'est comme le bon vieux mark allemand. On se sentait mieux avec. Mais les sentiments peuvent \u00eatre trompeurs. Et une chose est s\u00fbre : les g\u00e9n\u00e9rations Y et Z n'ont aucune id\u00e9e de ce dont nous parlons. Et c'est bien ainsi.<\/p>\n<p>Constatation du jour : parler, parler ne suffit pas pour \u00eatre heureux. - Ce n'\u00e9tait pas mon jour.<\/p>\n<p>[\/et_pb_text][\/et_pb_column][\/et_pb_row][\/et_pb_section]<\/p>","protected":false},"excerpt":{"rendered":"<p>[et_pb_section fb_built=&#8220;1&#8243; _builder_version=&#8220;3.22&#8243;][et_pb_row _builder_version=&#8220;4.5.1&#8243; _module_preset=&#8220;default&#8220;][et_pb_column _builder_version=&#8220;4.5.1&#8243; _module_preset=&#8220;default&#8220; type=&#8220;4_4&#8243;][et_pb_text _builder_version=&#8220;4.5.1&#8243; _module_preset=&#8220;default&#8220; hover_enabled=&#8220;0&#8243;] \u201eEs kann der Fr\u00f6mmste nicht in\u00a0Frieden leben,\u00a0 wenn es dem b\u00f6sen Nachbarn nicht gef\u00e4llt.\u201c Friedrich von Schiller &nbsp; Als ich heute morgen das erste Auge aufmache, h\u00f6re ich unsere Schiebet\u00fcre. Marc stellt das Solarmodul auf. Er kommt brummelig zur\u00fcck. \u00dcber Nacht hat sich 2 [&hellip;]<\/p>","protected":false},"author":1,"featured_media":3897,"comment_status":"open","ping_status":"open","sticky":false,"template":"","format":"standard","meta":{"_et_pb_use_builder":"on","_et_pb_old_content":"<div id=\"content_start\">\u00a0<\/div><article class=\"j-blog\"><div class=\"n j-blog-meta j-blog-post--header\"><div class=\"j-text j-module n\"><a class=\"j-blog-post--category\" href=\"https:\/\/www.gluecksmuskel.de\/hectors-reisen\/portugal\/\"> Portugal <\/a> \u00a0\u00b7\u00a0 <span class=\"j-text j-blog-post--date\"> 10. Dezember 2019 <\/span><\/div><h1 class=\"j-blog-header j-blog-headline j-blog-post--headline\">Tag No. 97 - Es wird eng ... - R\u00e4umungen an den Str\u00e4nden der Algarve?<\/h1><\/div><div class=\"post j-blog-content\"><div id=\"cc-matrix-3604227526\"><div id=\"cc-m-12561361826\" class=\"j-module n j-text \"><p style=\"text-align: center;\"><strong><em><span style=\"font-size: 18px;\">\u201eEs kann der Fr\u00f6mmste nicht in\u00a0Frieden leben,\u00a0<\/span><\/em><\/strong><\/p><p style=\"text-align: center;\"><strong><em><span style=\"font-size: 18px;\">wenn es dem b\u00f6sen Nachbarn nicht gef\u00e4llt.\u201c<\/span><\/em><\/strong><\/p><p style=\"text-align: center;\"><strong><em><span style=\"font-size: 18px;\">Friedrich von Schiller<\/span><\/em><\/strong><\/p><p>Als ich heute morgen das erste Auge aufmache, h\u00f6re ich unsere Schiebet\u00fcre. Marc stellt das Solarmodul auf. Er kommt brummelig zur\u00fcck. \u00dcber Nacht hat sich 2 Autos weiter ein Neuer so weit nach vorne geschlichen, dass wir im Schatten stehen. Bl\u00f6d, denn das Kabel unseres Solarpanels ist leider nicht lang genug, um es in der Sonne zu platzieren. Aber hilft ja nix, ist jetzt nicht zu \u00e4ndern. Wie sagte schon der gute alte Schiller ...<\/p><p>Es war bestimmt keine Absicht. Wie am Flughafen am Kofferband auch manche ganz vorne stehen m\u00fcssen, so dass keiner mehr etwas sieht. Bei n\u00e4chster Gelegenheit muss ein l\u00e4ngeres Kabel her. Auch wenn unser SpaceCamper zwei Solarmodule a 200Wp\u00a0fest verbaut auf dem Dach haben wird, werden wir unsere jetzige Solartasche auch mitnehmen f\u00fcr die Winterzeit, wenn die Sonne tief steht.<\/p><\/div><div id=\"cc-m-12561362826\" class=\"j-module n j-gallery \"><div id=\"cc-m-gallery-12561362826\" class=\"cc-m-gallery-container cc-m-gallery-cool clearover\"><div id=\"gallery_thumb_8117845926\" class=\"cc-m-gallery-cool-item\"><div><a rel=\"lightbox[12561362826]\" data-href=\"https:\/\/planbwagen.de\/wp-content\/uploads\/attachments\/image.jpg\" data-title=\"\" data-index=\"0\"> <img style=\"height: 277px; width: 370px; margin-bottom: 3px;\" src=\"https:\/\/planbwagen.de\/wp-content\/uploads\/2020\/07\/image-1-0-4-5.jpg\" alt=\"\" data-orig-width=\"2048\" data-orig-height=\"1536\" \/> <\/a><\/div><\/div><div id=\"gallery_thumb_8117846026\" class=\"cc-m-gallery-cool-item\"><div><a rel=\"lightbox[12561362826]\" data-href=\"https:\/\/planbwagen.de\/wp-content\/uploads\/attachments\/image.jpg\" data-title=\"\" data-index=\"1\"> <img style=\"height: 277px; width: 370px; margin-bottom: 3px;\" src=\"https:\/\/planbwagen.de\/wp-content\/uploads\/2020\/07\/image-6-3-2-8.jpg\" alt=\"\" data-orig-width=\"2048\" data-orig-height=\"1536\" \/> <\/a><\/div><\/div><\/div><\/div><div id=\"cc-m-12561362726\" class=\"j-module n j-text \"><p>Wir trinken erst mal unseren Kaffee und schon sind wir wieder fast gl\u00fccklich. Richtig gl\u00fccklich sind wir, als danach die Sonne schon so weit gewandert ist, dass unser Solarpanel in der Sonne steht und schon 20Wh erwirtschaftet hat. Damit k\u00f6nnte eine 40W Birne* eine halbe Stunde brennen, oder eine 20W Birne sogar eine ganze Stunde. Unser neuer SpaceCamper wird mit LED Lampen ausgestattet, die xmal weniger Energie verbrauchen. Das auszurechen \u00fcberfordert mich gerade. Ich bin Ingenieurin, und die k\u00f6nnen angeblich alle nicht rechnen. Ich kann mich noch daran erinnern, wie wir im Amt mit 4 Ingenieuren den Einstellungstest f\u00fcr Vermessungstechniker in die H\u00e4nde bekamen, und uns daran fast die Ohren gebrochen haben. Nur 20 Jahre vorher muss ich diesen Test gut bestanden haben, sonst w\u00e4re ich wohl nicht eingestellt worden.<\/p><p>Am Ende des Tages sind es doch die Kleinigkeiten, die gl\u00fccklich machen.\u00a0 Wie ein guter Kaffee. Oder ein Sonnenstrahl, der auf der Nase kitzelt. Und nat\u00fcrlich immer mehr Meer.<\/p><p>Nach dem Kaffee geht\u2019s raus in die Sonne, ich bastel ein wenig am Blog und Marc geht eine Runde schwimmen. Als er wiederkommt, l\u00e4sst sich auch unser neuer Nachbar blicken und Marc geht erst mal eine Runde quatschen. Langsam wird mir immer klarer, warum Marc sein ganzes Leben lang sein Geld mit reden verdient hat. Das ist, was ihn gl\u00fccklich macht, und was er wirklich gut kann. Wenn ich unausgeglichen bin, geh ich ans Meer oder eine Runde joggen. Wenn Marc unausgeglichen ist, schick ich ihn ne Runde quatschen. Das wirkt bei uns beiden Wunder.<\/p><\/div><div id=\"cc-m-12561363826\" class=\"j-module n j-gallery \"><div id=\"cc-m-gallery-12561363826\" class=\"cc-m-gallery-container cc-m-gallery-cool clearover\"><div id=\"gallery_thumb_8117846426\" class=\"cc-m-gallery-cool-item\"><div><a rel=\"lightbox[12561363826]\" data-href=\"https:\/\/planbwagen.de\/wp-content\/uploads\/attachments\/image.jpg\" data-title=\"\" data-index=\"0\"> <img style=\"height: 277px; width: 370px; margin-bottom: 3px;\" src=\"https:\/\/planbwagen.de\/wp-content\/uploads\/2020\/07\/image-9-4-2.jpg\" alt=\"\" data-orig-width=\"2048\" data-orig-height=\"1536\" \/> <\/a><\/div><\/div><div id=\"gallery_thumb_8117846226\" class=\"cc-m-gallery-cool-item\"><div><a rel=\"lightbox[12561363826]\" data-href=\"https:\/\/planbwagen.de\/wp-content\/uploads\/attachments\/image.jpg\" data-title=\"\" data-index=\"1\"> <img style=\"height: 277px; width: 370px; margin-bottom: 3px;\" src=\"https:\/\/planbwagen.de\/wp-content\/uploads\/2020\/07\/image-9-3-1.jpg\" alt=\"\" data-orig-width=\"2048\" data-orig-height=\"1536\" \/> <\/a><\/div><\/div><\/div><\/div><div id=\"cc-m-12561363726\" class=\"j-module n j-text \"><p>Sp\u00e4ter kommt unser Gartenzwerg-Nachbar vorbei und erz\u00e4hlt die GNR h\u00e4tte heute auf der anderen Seite des Flusses den Strand ger\u00e4umt. Eigentlich w\u00fcrden immer beide Seiten am selben Tag ger\u00e4umt. Da das heute nicht geschehen ist, k\u00e4men sie bestimmt morgen. Marc und ich gucken uns an. Was tun? Dem Gartenzwerg glauben und abfahren? Oder pokern und stehen bleiben? Wir entscheiden uns zu bleiben.<\/p><p>*Anmerkungen der Redaktionsleitung: Birnen? - Wenn es nach Torgit geht, ist mein bester Freund sicherlich Birnenverk\u00e4ufer, dabei macht der in Leuchtmitteln. - Beim Gedanken an die gute alte Gl\u00fchbirne ist das wie mit der guten alten Deutschen Mark. Gef\u00fchlt ging es einem besser damit. Doch Gef\u00fchle k\u00f6nnen t\u00e4uschen. Und eines d\u00fcrfte klar sein, die Generation Y und Z hat gar keine Ahnung wovon wir hier gerade reden. Und das ist auch gut so.<\/p><p>Erkenntnis des Tages: Reden, reden hilft nicht allein zum gl\u00fccklich sein. - Heute war nicht mein Tag.<\/p><\/div><div id=\"cc-m-12572890626\" class=\"j-module n j-text \"><p style=\"text-align: right;\"><a class=\"j-calltoaction-link j-calltoaction-link-style-2\" style=\"font-size: 16px; background-color: #ffcc00; border-width: 2px; border-color: #ffcc00; color: #ffffff; user-select: text; padding: 10px 20px; line-height: 1.5; border-radius: 0px; -webkit-appearance: none; margin: 1em 0px;\" title=\"Tag No. 98 - MUT\" href=\"\/2019\/12\/11\/tag-no-98-mut\/\" data-action=\"button\" data-title=\"Sunny Side Up\"> Sunny Side Up\u00a0 \u00a0\u00a0<\/a><\/p><p style=\"text-align: right;\"><a class=\"j-calltoaction-link j-calltoaction-link-style-2\" style=\"background-color: #ffcc00; border-width: 2px; border-color: #ffcc00; color: #ffffff; user-select: text; padding: 10px 20px; font-size: 16px; line-height: 1.5; border-radius: 0px; -webkit-appearance: none; margin: 1em 0px;\" title=\"Tag No. 96 - Von Rhein und Ahr nach Portugal\" href=\"\/2019\/12\/10\/tag-no-96-von-rhein-und-ahr-nach-portugal\/\" data-action=\"button\" data-title=\"Sunny Side Down\"> Sunny Side Down\u00a0 \u00a0\u00a0<\/a><\/p><\/div><\/div><\/div><div class=\"j-module n j-text j-blog-post--tags-wrapper\"><span class=\"j-blog-post--tags--template\" style=\"display: none;\"><a class=\"j-blog-post--tag\" href=\"https:\/\/www.gluecksmuskel.de\/hectors-reisen\/?tag=tagPlaceholder\">tagPlaceholder<\/a><\/span><span class=\"j-blog-post--tags-label\" style=\"display: none;\">Tags:<\/span><\/div><div class=\"n j-comment\"><div id=\"commentsModule12561360726\"><p id=\"skiptoform12561360726\" class=\"skiptoform\"><a href=\"#\" data-id=\"12561360726\" data-action=\"goToForm\">Kommentar schreiben<\/a><\/p><div id=\"numComments12561360726\" class=\"j-blog-comment-counter\">Kommentare: <i class=\"cc-comments-count\">0<\/i><\/div><ul id=\"commentOutput12561360726\" class=\"com-list-noava\"><li id=\"commentFormContainer12561360726\" class=\"commentstd clearover cc-m-comment-loading\"><a name=\"commentForm12561360726\"><\/a><\/li><\/ul><div id=\"commentError12561360726\" class=\"message-error\" style=\"display: none;\">\u00a0<\/div><div id=\"commentSuccess12561360726\" class=\"message-ok\" style=\"display: none;\">\u00a0<\/div><\/div><p><script>\/\/ <![CDATA[ window.regModule(\"module_comment\", {\"data\":{\"id\":\"12561360726\",\"closed\":\"0\",\"captcha\":\"1337cb69ccd472c96c5ff635f821a31d\",\"avatar\":false,\"lang\":{\"comment\":\"Kommentar\",\"comments\":\"Kommentare\"}}}); \/\/ ]]> <\/script><\/p><\/div><\/article>","_et_gb_content_width":"","footnotes":""},"categories":[8],"tags":[],"class_list":["post-1333","post","type-post","status-publish","format-standard","has-post-thumbnail","hentry","category-portugal"],"_links":{"self":[{"href":"https:\/\/www.planbwagen.de\/fr\/wp-json\/wp\/v2\/posts\/1333","targetHints":{"allow":["GET"]}}],"collection":[{"href":"https:\/\/www.planbwagen.de\/fr\/wp-json\/wp\/v2\/posts"}],"about":[{"href":"https:\/\/www.planbwagen.de\/fr\/wp-json\/wp\/v2\/types\/post"}],"author":[{"embeddable":true,"href":"https:\/\/www.planbwagen.de\/fr\/wp-json\/wp\/v2\/users\/1"}],"replies":[{"embeddable":true,"href":"https:\/\/www.planbwagen.de\/fr\/wp-json\/wp\/v2\/comments?post=1333"}],"version-history":[{"count":6,"href":"https:\/\/www.planbwagen.de\/fr\/wp-json\/wp\/v2\/posts\/1333\/revisions"}],"predecessor-version":[{"id":7784,"href":"https:\/\/www.planbwagen.de\/fr\/wp-json\/wp\/v2\/posts\/1333\/revisions\/7784"}],"wp:featuredmedia":[{"embeddable":true,"href":"https:\/\/www.planbwagen.de\/fr\/wp-json\/wp\/v2\/media\/3897"}],"wp:attachment":[{"href":"https:\/\/www.planbwagen.de\/fr\/wp-json\/wp\/v2\/media?parent=1333"}],"wp:term":[{"taxonomy":"category","embeddable":true,"href":"https:\/\/www.planbwagen.de\/fr\/wp-json\/wp\/v2\/categories?post=1333"},{"taxonomy":"post_tag","embeddable":true,"href":"https:\/\/www.planbwagen.de\/fr\/wp-json\/wp\/v2\/tags?post=1333"}],"curies":[{"name":"wp","href":"https:\/\/api.w.org\/{rel}","templated":true}]}}