{"id":13105,"date":"2021-06-09T08:29:05","date_gmt":"2021-06-09T06:29:05","guid":{"rendered":"https:\/\/www.planbwagen.de\/?p=13105"},"modified":"2021-06-09T08:29:08","modified_gmt":"2021-06-09T06:29:08","slug":"isaswomo-zu-gast-bei-planbwagen-ein-womo-veraendert-alles","status":"publish","type":"post","link":"https:\/\/www.planbwagen.de\/fr\/glueckstraining\/isaswomo-invite-par-planbwagen-un-camping-car-change-tout\/","title":{"rendered":"IsasWomo invit\u00e9 chez planBwagen | Un camping-car change tout"},"content":{"rendered":"<p>[et_pb_section fb_built=&#8220;1&#8243; _builder_version=&#8220;4.5.1&#8243; _module_preset=&#8220;default&#8220;][et_pb_row _builder_version=&#8220;4.5.1&#8243; _module_preset=&#8220;default&#8220; custom_margin=&#8220;|auto|-28px|auto||&#8220;][et_pb_column type=&#8220;4_4&#8243; _builder_version=&#8220;4.5.1&#8243; _module_preset=&#8220;default&#8220;][et_pb_text admin_label=&#8220;Text&#8220; _builder_version=&#8220;4.5.1&#8243; _module_preset=&#8220;default&#8220;]<\/p>\n<div id=\"ez-toc-container\" class=\"ez-toc-v2_0_76 counter-hierarchy ez-toc-counter ez-toc-grey ez-toc-container-direction\">\n<p class=\"ez-toc-title\" style=\"cursor:inherit\">Content<\/p>\n<label for=\"ez-toc-cssicon-toggle-item-69ec8e00b505c\" class=\"ez-toc-cssicon-toggle-label\"><span class=\"\"><span class=\"eztoc-hide\" style=\"display:none;\">Toggle<\/span><span class=\"ez-toc-icon-toggle-span\"><svg style=\"fill: #999;color:#999\" xmlns=\"http:\/\/www.w3.org\/2000\/svg\" class=\"list-377408\" width=\"20px\" height=\"20px\" viewbox=\"0 0 24 24\" fill=\"none\"><path d=\"M6 6H4v2h2V6zm14 0H8v2h12V6zM4 11h2v2H4v-2zm16 0H8v2h12v-2zM4 16h2v2H4v-2zm16 0H8v2h12v-2z\" fill=\"currentColor\"><\/path><\/svg><svg style=\"fill: #999;color:#999\" class=\"arrow-unsorted-368013\" xmlns=\"http:\/\/www.w3.org\/2000\/svg\" width=\"10px\" height=\"10px\" viewbox=\"0 0 24 24\" version=\"1.2\" baseprofile=\"tiny\"><path d=\"M18.2 9.3l-6.2-6.3-6.2 6.3c-.2.2-.3.4-.3.7s.1.5.3.7c.2.2.4.3.7.3h11c.3 0 .5-.1.7-.3.2-.2.3-.5.3-.7s-.1-.5-.3-.7zM5.8 14.7l6.2 6.3 6.2-6.3c.2-.2.3-.5.3-.7s-.1-.5-.3-.7c-.2-.2-.4-.3-.7-.3h-11c-.3 0-.5.1-.7.3-.2.2-.3.5-.3.7s.1.5.3.7z\"\/><\/svg><\/span><\/span><\/label><input type=\"checkbox\"  id=\"ez-toc-cssicon-toggle-item-69ec8e00b505c\"  aria-label=\"Toggle\" \/><nav><ul class='ez-toc-list ez-toc-list-level-1' ><li class='ez-toc-page-1 ez-toc-heading-level-2'><a class=\"ez-toc-link ez-toc-heading-1\" href=\"https:\/\/www.planbwagen.de\/fr\/glueckstraining\/isaswomo-invite-par-planbwagen-un-camping-car-change-tout\/#Gluck_ist_keine_Gluckssache\" >La chance n'est pas une question de chance<\/a><\/li><li class='ez-toc-page-1 ez-toc-heading-level-2'><a class=\"ez-toc-link ez-toc-heading-2\" href=\"https:\/\/www.planbwagen.de\/fr\/glueckstraining\/isaswomo-invite-par-planbwagen-un-camping-car-change-tout\/#Wenn_ein_kleines_altes_Wohnmobil_das_ganze_Leben_auf_den_Kopf_stellt%E2%80%A6\" >Quand un petit camping-car ancien bouleverse toute une vie<\/a><\/li><\/ul><\/nav><\/div>\n<h2 style=\"text-align: justify;\"><span class=\"ez-toc-section\" id=\"Gluck_ist_keine_Gluckssache\"><\/span>La chance n'est pas une question de chance<span class=\"ez-toc-section-end\"><\/span><\/h2>\n<p style=\"text-align: justify;\">Ou bien si ? Ceux qui suivent notre blog savent que le th\u00e8me du bonheur me tient particuli\u00e8rement \u00e0 c\u0153ur. Je crois fermement qu'avec une bonne attitude et un regard positif sur les choses, on peut donner un coup de pouce au bonheur. Mais il n'y a pas que le bonheur dans la vie, il y a aussi la malchance de temps en temps. Tous les coups du sort, tous les accidents ne peuvent pas \u00eatre effac\u00e9s par une attitude positive. En tant que personne handicap\u00e9e, je pense pouvoir l'\u00e9valuer. Dans mon cas, c'\u00e9tait une maladresse, un accident. Dans le jargon des assurances, on parle aussi d'\"accident\".<strong>PAUKE<\/strong>\" : un accident est un <strong>P<\/strong>soudainement de <strong>a<\/strong>\u00e9rieur <strong>u<\/strong>nvolontairement sur le <strong>K<\/strong>e corps <strong>e<\/strong>\u00e9v\u00e9nement inop\u00e9rant. Cet accident signifie pour moi que, quarante ans apr\u00e8s, je suis toujours aveugle de l'\u0153il gauche.\u00a0<\/p>\n<p style=\"text-align: justify;\">Klar, ein\u00e4ugig ist besser als blind. Mit einem gewissen Sarkasmus ist das ganz gut ertragbar. Schlie\u00dflich ist der &#8222;Ein\u00e4ugige unter den Blinden K\u00f6nig&#8220; &#8211; Erasmus. Und mein Lieblingswitz dazu: Sagt der Taube zum Blinden: Ich kann keine Behindertenwitze mehr h\u00f6ren. Antwortet der Blinde: Das sehe ich genauso.\u00a0<\/p>\n<p style=\"text-align: justify;\">D'une mani\u00e8re ou d'une autre, il y a des coups du sort dans la vie, sous lesquels l'un se brise et l'autre se renforce. Quand je suis tomb\u00e9 par hasard sur <a href=\"https:\/\/isaswomo.de\/\">IsasWomo<\/a> blog et que j'ai lu son histoire, je n'ai pas pu m'emp\u00eacher de demander \u00e0 Isa de partager son histoire avec nous. C'est ce qu'elle a fait. Je c\u00e8de donc la parole \u00e0 Isa :<\/p>\n<p style=\"text-align: justify;\"><strong style=\"font-size: 18px;\"><\/strong><\/p>\n<h2 style=\"text-align: justify;\"><span class=\"ez-toc-section\" id=\"Wenn_ein_kleines_altes_Wohnmobil_das_ganze_Leben_auf_den_Kopf_stellt%E2%80%A6\"><\/span>Quand un petit camping-car ancien bouleverse toute une vie<span class=\"ez-toc-section-end\"><\/span><\/h2>\n<p style=\"text-align: justify;\">Je m'appelle Isa et jusqu'\u00e0 l'\u00e2ge de 27 ans, je n'avais rien \u00e0 voir avec le camping. Mes parents partaient en vacances avec nous, les enfants, deux ou trois fois par an.<\/p>\n<p style=\"text-align: justify;\">Ma seule exp\u00e9rience en tant que campeuse remonte \u00e0 l'enfance, lors d'une nuit sous la tente, dans le jardin du centre de loisirs de Dortmund.<\/p>\n<p style=\"text-align: justify;\">Et pourtant, il \u00e9tait d\u00e9j\u00e0<strong> TOUJOURS<\/strong> da, der Traum von einem eigenen kleinen Wohnmobil. Das Bild, wie ich zwischen den D\u00fcnen eines Strandes sitze, neben mir liegt ein gro\u00dfer, wei\u00dfer Hund und im Hintergrund steht ein kleines, altes Wohnmobil mit einer leuchtend roten Markise (ganz wichtig \ud83d\ude42 ) hat sich eingebrannt.<\/p>\n<p style=\"text-align: justify;\">Je ne peux pas vous dire pourquoi, aussi loin que je me souvienne, j'ai toujours eu cette image en t\u00eate... je sais juste qu'elle est l\u00e0, exactement comme \u00e7a, depuis toujours !\u00a0<span style=\"font-size: 18px;\">Je ne connaissais pas le grand chien blanc, et encore moins ce que c'est que de voyager en camping-car.<\/span><\/p>\n<p style=\"text-align: justify;\"><span style=\"font-size: 18px;\">Pendant longtemps, il a aussi sembl\u00e9 que cette id\u00e9e restait un r\u00eave, car ma r\u00e9alit\u00e9 \u00e9tait diff\u00e9rente... tr\u00e8s diff\u00e9rente.<\/span><\/p>\n<p style=\"text-align: justify;\"><span style=\"font-size: 18px;\">Lors d'un camp d'entra\u00eenement en Espagne, j'ai eu ma premi\u00e8re hernie discale \u00e0 l'\u00e2ge de 16 ans. Aucun m\u00e9decin n'a pu dire jusqu'\u00e0 pr\u00e9sent pourquoi et si tout ce qui allait suivre \u00e9tait li\u00e9 au sport de comp\u00e9tition.<\/span><\/p>\n<p style=\"text-align: justify;\">Mais ce premier incident a \u00e9t\u00e9 suivi de 22 autres au cours des 6 ann\u00e9es suivantes, en m\u00e9lange avec 12 op\u00e9rations. Mais ce n'\u00e9tait malheureusement pas tout. Apr\u00e8s l'enraidissement d'une grande partie de ma colonne vert\u00e9brale et environ 6 mois apr\u00e8s l'obtention de mon dipl\u00f4me de kin\u00e9sith\u00e9rapeute, je suis retomb\u00e9e gravement malade.<\/p>\n<p style=\"text-align: justify;\"><strong>Mais cette fois, mon dos n'\u00e9tait pas en cause.<\/strong><\/p>\n<p style=\"text-align: justify;\">La malchance, coupl\u00e9e \u00e0 l'id\u00e9e que je ne devais en aucun cas \u00eatre en arr\u00eat de travail en raison de ma p\u00e9riode d'essai, a finalement fait que je suis rest\u00e9 13 semaines dans un \"coma artificiel\" et que j'ai pass\u00e9 les deux ann\u00e9es suivantes dans des cliniques de r\u00e9\u00e9ducation, assis presque constamment dans un fauteuil roulant.<\/p>\n<p style=\"text-align: justify;\">A cette \u00e9poque, j'allais si mal que quatre expertises diff\u00e9rentes ont conclu qu'il n'y avait pas de nouvel emploi, pas de reconversion, pas d'autres \u00e9tudes, la seule chose qui restait \u00e9tait la disponibilit\u00e9 permanente.<\/p>\n<p style=\"text-align: justify;\">Mon avenir professionnel \u00e9tait donc \u00e9galement fichu, le bac, les \u00e9tudes, les candidatures... tout cela pour rien !<\/p>\n<p style=\"text-align: justify;\"><strong>Heureusement, j'avais ma chienne Milla et ma famille !<\/strong><\/p>\n<p style=\"text-align: justify;\">Ma relation de longue date a pris fin pendant mon s\u00e9jour en fauteuil roulant, mais ma famille a toujours \u00e9t\u00e9 \u00e0 mes c\u00f4t\u00e9s. Ma m\u00e8re, en particulier, a pass\u00e9 une partie de la journ\u00e9e et de la nuit \u00e0 mon chevet, gr\u00e2ce \u00e0 un cong\u00e9 sp\u00e9cial et \u00e0 une chambre pour les proches, et je pense que sans mon chien, je n'aurais jamais fait l'effort de sortir de chez moi.<\/p>\n<p style=\"text-align: justify;\">\n<p>[\/et_pb_text][\/et_pb_column][\/et_pb_row][et_pb_row _builder_version=&#8220;4.5.1&#8243; _module_preset=&#8220;default&#8220;][et_pb_column type=&#8220;4_4&#8243; _builder_version=&#8220;4.5.1&#8243; _module_preset=&#8220;default&#8220;][et_pb_text _builder_version=&#8220;4.5.1&#8243; _module_preset=&#8220;default&#8220;]<\/p>\n<p style=\"text-align: justify;\"><strong>Environ deux ans et demi plus tard, je commen\u00e7ais \u00e0 aller mieux.<\/strong><\/p>\n<p style=\"text-align: justify;\">J'ai pu marcher \u00e0 nouveau \u00e0 moiti\u00e9 et j'ai repris courage... d'une mani\u00e8re ou d'une autre, \u00e7a continuerait, m\u00eame s'il y a vraiment quelque chose de plus agr\u00e9able que de savoir \u00e0 27 ans qu'on ne gagnera plus jamais d'argent en tant que pr\u00e9retrait\u00e9 en tant qu'employ\u00e9. Ce sentiment d'\u00eatre \"inutile\" toute sa vie est tout sauf \"amusant\". Sans compter qu'il me manquait l'argent pour vivre tout ce temps libre apr\u00e8s avoir aim\u00e9.<\/p>\n<p>[\/et_pb_text][\/et_pb_column][\/et_pb_row][et_pb_row column_structure=&#8220;2_3,1_3&#8243; _builder_version=&#8220;4.5.1&#8243; _module_preset=&#8220;default&#8220;][et_pb_column type=&#8220;2_3&#8243; _builder_version=&#8220;4.5.1&#8243; _module_preset=&#8220;default&#8220;][et_pb_text _builder_version=&#8220;4.5.1&#8243; _module_preset=&#8220;default&#8220;]<\/p>\n<p style=\"text-align: justify;\">\n<p style=\"text-align: justify;\">N\u00e9anmoins, comme je l'ai dit, ma sant\u00e9 s'am\u00e9liorait peu \u00e0 peu et le premier No\u00ebl sur deux jambes allait suivre.<\/p>\n<p style=\"text-align: justify;\">Alors qu'il y a quelques instants, tout semblait bien, si normal et enfin \u00e0 nouveau \u00e0 moiti\u00e9 heureux, d'un instant \u00e0 l'autre, rien n'\u00e9tait plus comme avant.<\/p>\n<p style=\"text-align: justify;\">Comme chaque ann\u00e9e, nous avons f\u00eat\u00e9 cette veille de No\u00ebl dans le grand cercle de ma famille et de mes proches.<\/p>\n<p style=\"text-align: justify;\">Tout \u00e9tait beau, festif et pourtant siooooo normal.<\/p>\n<p style=\"text-align: justify;\">Jusqu'\u00e0 ce que ma m\u00e8re, en rentrant de chez ses parents la veille de No\u00ebl, me dise qu'elle avait des naus\u00e9es, qu'elle s'est effondr\u00e9e \u00e0 c\u00f4t\u00e9 de moi dans la voiture et qu'elle est morte entre mes mains.\u00a0<\/p>\n<p style=\"text-align: justify;\">\n<p>[\/et_pb_text][\/et_pb_column][et_pb_column type=&#8220;1_3&#8243; _builder_version=&#8220;4.5.1&#8243; _module_preset=&#8220;default&#8220;][et_pb_image src=&#8220;https:\/\/www.planbwagen.de\/wp-content\/uploads\/2021\/06\/IsasWomo-Campingblog-1-683&#215;1024.jpeg&#8220; alt=&#8220;Isas Womo&#8220; title_text=&#8220;IsasWomo Campingblog 1&#8243; _builder_version=&#8220;4.5.1&#8243; _module_preset=&#8220;default&#8220;][\/et_pb_image][\/et_pb_column][\/et_pb_row][et_pb_row _builder_version=&#8220;4.5.1&#8243; _module_preset=&#8220;default&#8220;][et_pb_column type=&#8220;4_4&#8243; _builder_version=&#8220;4.5.1&#8243; _module_preset=&#8220;default&#8220;][et_pb_text _builder_version=&#8220;4.5.1&#8243; _module_preset=&#8220;default&#8220;]<\/p>\n<p><span style=\"font-size: 18px;\">La faute \u00e0 un gros vaisseau qui a \u00e9clat\u00e9. En novembre, elle a encore fait un check-up chez le m\u00e9decin... tout va bien ! Il y a des choses que l'on ne pourra jamais comprendre.<\/span><\/p>\n<p><span style=\"font-size: 18px;\">Ma m\u00e8re a toujours \u00e9t\u00e9 quelqu'un qui disait que lorsque je serais \u00e0 la retraite, je voudrais voyager, \u00e9tudier \u00e0 nouveau \u00e0 l'universit\u00e9 des seniors, prendre des cours d'aquarelle... puis je voudrais ceci, puis je deviendrais cela.<\/span><\/p>\n<p>[\/et_pb_text][\/et_pb_column][\/et_pb_row][et_pb_row _builder_version=&#8220;4.5.1&#8243; _module_preset=&#8220;default&#8220;][et_pb_column type=&#8220;4_4&#8243; _builder_version=&#8220;4.5.1&#8243; _module_preset=&#8220;default&#8220;][et_pb_text _builder_version=&#8220;4.5.1&#8243; _module_preset=&#8220;default&#8220;]<\/p>\n<p style=\"text-align: justify;\"><strong>Trop tard !<\/strong><\/p>\n<p style=\"text-align: justify;\">Tout ce qui s'est pass\u00e9 pendant ces ann\u00e9es m'a fait dire que je devais changer de vie, que \u00e7a ne pouvait pas continuer comme \u00e7a, et maintenant ma sant\u00e9 est \u00e0 peu pr\u00e8s bonne... si ce n'est pas maintenant, alors quand ?<\/p>\n<p style=\"text-align: justify;\">C'est ainsi que le r\u00eave d'un petit camping-car ancien m'est revenu \u00e0 l'esprit.<\/p>\n<p style=\"text-align: justify;\">Un an et une bonne centaine de v\u00e9hicules d'occasion plus tard, j'ai pu partir pour mon tout premier tour en camping-car.<\/p>\n<p style=\"text-align: justify;\">3 Tage M\u00f6hnesee, keine 100 Kilometer von zuhause entfernt und gespickt mit 327 Anf\u00e4ngerfehlern, aber f\u00fcr mich war es der Start zu einem ganz gro\u00dfen Abenteuer. \ud83d\ude42<\/p>\n<p style=\"text-align: justify;\">Bien s\u00fbr, toute ma famille \u00e9tait beaucoup moins convaincue que moi de mes projets de voyage, tout le monde s'inqui\u00e9tait beaucoup, la \"fille malade ne peut pas voyager seule comme \u00e7a\".<\/p>\n<p style=\"text-align: justify;\"><strong>Hmmmm... si !<\/strong><\/p>\n<p style=\"text-align: justify;\">De plus, il y a 7-8 ans, il n'y avait pratiquement pas d'informations en allemand sur le web concernant le voyage seul en camping-car. Il y avait beaucoup de choses sur le th\u00e8me du backpacking, mais rien sur le \"camping\" en solo avec un camping-car en tant que femme... Il n'y avait rien sur le sujet !<\/p>\n<p style=\"text-align: justify;\">C'est ainsi qu'\u00e0 un moment donn\u00e9, une chose en a entra\u00een\u00e9 une autre...<\/p>\n<p style=\"text-align: justify;\">M\u00eame si je comprenais tous ses soucis, les appels t\u00e9l\u00e9phoniques quotidiens avec la famille et les amis m'aga\u00e7aient. Parfois, mon t\u00e9l\u00e9phone portable sonnait pendant 3 \u00e0 4 heures sans interruption, parce que tout le monde voulait savoir si j'allais bien.<\/p>\n<p style=\"text-align: justify;\">De plus, comme je l'ai dit, il n'y avait pas d'informations d'autres campeurs solitaires sur le web, alors j'ai fait d'une pierre deux coups en cr\u00e9ant mon propre blog.<\/p>\n<p style=\"text-align: justify;\">Les amis et la famille pouvaient suivre r\u00e9guli\u00e8rement que j'allais bien et d'autres personnes ayant le m\u00eame r\u00eave pouvaient recevoir des informations.<\/p>\n<p style=\"text-align: justify;\">J'ai d'abord commenc\u00e9 \u00e0 bloguer via un portail gratuit tr\u00e8s simple, qui a toutefois cess\u00e9 de fonctionner au bout d'un an environ.<\/p>\n<p style=\"text-align: justify;\">Il \u00e9tait donc clair pour moi que je ne continuerais pas \u00e0 \u00e9crire. En effet, au bout d'un an, les plus grandes inqui\u00e9tudes de la famille et des amis s'\u00e9taient envol\u00e9es.<\/p>\n<p style=\"text-align: justify;\">Oben auf war es so, dass mir meine Schulzeit nicht unbedingt viel Freude am Schreiben gelassen hat. Laut meines Deutschlehrers bin ich wahnsinnig phantasielos, meine Ausdrucksweise ist mal gerade so ausreichend und ok, dass meine Rechtschreibung Z\u00fcge von Legasthenie zeigt, ist wahrscheinlich wirklich wahr.\u00a0 Nicht gerade die beste Grundlage f\u00fcr einen eigenen Blog! \ud83d\ude42<\/p>\n<p style=\"text-align: justify;\">Mais ensuite, j'ai re\u00e7u de plus en plus de messages de parfaits inconnus qui voulaient savoir comment continuer \u00e0 me suivre. \u00c0 un moment donn\u00e9, j'ai parl\u00e9 de ces messages \u00e0 une bonne amie qui m'a demand\u00e9, comme si elle avait un pistolet : \"Et pourquoi tu ne t'y prends pas correctement ? Tu as du temps et tu n'as rien \u00e0 perdre ?\".<\/p>\n<p style=\"text-align: justify;\">Mais je savais<strong> RIEN DU TOUT <\/strong>Je n'avais pas non plus les moyens de faire appel \u00e0 une agence co\u00fbteuse.<\/p>\n<p style=\"text-align: justify;\">J'ai donc pass\u00e9 les semaines et les mois suivants \u00e0 surfer presque jour et nuit sur le web, \u00e0 la recherche de toutes les informations n\u00e9cessaires pour cr\u00e9er mon propre blog.<\/p>\n<p>[\/et_pb_text][\/et_pb_column][\/et_pb_row][et_pb_row _builder_version=&#8220;4.5.1&#8243; _module_preset=&#8220;default&#8220;][et_pb_column type=&#8220;4_4&#8243; _builder_version=&#8220;4.5.1&#8243; _module_preset=&#8220;default&#8220;][et_pb_text _builder_version=&#8220;4.5.1&#8243; _module_preset=&#8220;default&#8220;]<\/p>\n<p style=\"text-align: justify;\"><strong>Un peu plus de 4 mois plus tard, IsasWomo \u00e9tait lanc\u00e9 !<\/strong><\/p>\n<p style=\"text-align: justify;\">La suite a \u00e9t\u00e9 un m\u00e9lange de beaucoup de travail et de chance !<\/p>\n<p>[\/et_pb_text][\/et_pb_column][\/et_pb_row][et_pb_row column_structure=&#8220;1_4,3_4&#8243; _builder_version=&#8220;4.5.1&#8243; _module_preset=&#8220;default&#8220;][et_pb_column type=&#8220;1_4&#8243; _builder_version=&#8220;4.5.1&#8243; _module_preset=&#8220;default&#8220;][et_pb_code _builder_version=&#8220;4.5.1&#8243; _module_preset=&#8220;default&#8220;]<iframe style=\"width:120px;height:240px;\" marginwidth=\"0\" marginheight=\"0\" scrolling=\"no\" frameborder=\"0\" src=\"\/\/ws-eu.amazon-adsystem.com\/widgets\/q?ServiceVersion=20070822&#038;OneJS=1&#038;Operation=GetAdHtml&#038;MarketPlace=DE&#038;source=ss&#038;ref=as_ss_li_til&#038;ad_type=product_link&#038;tracking_id=gluecksmuskel-21&#038;language=de_DE&#038;marketplace=amazon&#038;region=DE&#038;placement=3744874141&#038;asins=3744874141&#038;linkId=0d0ff52f745151dff275c876f4f6c5d7&#038;show_border=true&#038;link_opens_in_new_window=true\"><\/iframe>[\/et_pb_code][\/et_pb_column][et_pb_column type=&#8220;3_4&#8243; _builder_version=&#8220;4.5.1&#8243; _module_preset=&#8220;default&#8220;][et_pb_text _builder_version=&#8220;4.5.1&#8243; _module_preset=&#8220;default&#8220;]<\/p>\n<p style=\"text-align: justify;\">Je vais \u00eatre honn\u00eate : depuis qu'IsasWomo existe, il n'y a pas eu un seul jour que je n'ai pas pass\u00e9 sur le web \u00e0 des fins \"professionnelles\". Selon le plan de travail hebdomadaire en ligne, mon temps de travail quotidien sur le web est en moyenne de 9,5 heures. Mais cela comprend par exemple l'\u00e9criture de mails ou le temps pass\u00e9 sur une plateforme sociale. Il s'agit toutefois d'une moyenne pour tous les jours de la semaine, y compris les jours f\u00e9ri\u00e9s, les samedis, les dimanches ou autres.<\/p>\n<p>[\/et_pb_text][\/et_pb_column][\/et_pb_row][et_pb_row _builder_version=&#8220;4.5.1&#8243; _module_preset=&#8220;default&#8220;][et_pb_column type=&#8220;4_4&#8243; _builder_version=&#8220;4.5.1&#8243; _module_preset=&#8220;default&#8220;][et_pb_text _builder_version=&#8220;4.5.1&#8243; _module_preset=&#8220;default&#8220;]<\/p>\n<p style=\"text-align: justify;\">\n<p style=\"text-align: justify;\">Pourquoi je l'\u00e9cris si pr\u00e9cis\u00e9ment. Il ne s'agit pas de prouver \u00e0 quel point je suis \"assidu\"... c'est absurde, je suis ind\u00e9pendant et je dois me d\u00e9brouiller seul pour que mon travail fonctionne ! Je veux juste montrer qu'il est tout \u00e0 fait possible de gagner de l'argent en tant que \"blogueur de camping\" ou \"\u00e9crivain de camping\"... mais cela ne fonctionne pas avec un peu de \"blogging de loisir\" \u00e0 c\u00f4t\u00e9.<\/p>\n<p style=\"text-align: justify;\">\u00c0 part \u00e7a, j'ai eu de la chance !<\/p>\n<p style=\"text-align: justify;\">D\u00e8s le d\u00e9but, j'ai abord\u00e9 le th\u00e8me du voyage en solitaire dans un domaine qui \u00e9tait presque vide et qui a g\u00e9n\u00e9r\u00e9 assez rapidement un nombre de lecteurs relativement important. C'est ainsi que les premi\u00e8res petites demandes de coop\u00e9ration me sont parvenues au bout de quelques mois seulement et qu'au bout d'un an et demi, j'ai pu effectivement me mettre \u00e0 mon compte en tant que \"blogueuse camping\".<\/p>\n<p>[\/et_pb_text][\/et_pb_column][\/et_pb_row][et_pb_row _builder_version=&#8220;4.5.1&#8243; _module_preset=&#8220;default&#8220; min_height=&#8220;168px&#8220;][et_pb_column type=&#8220;4_4&#8243; _builder_version=&#8220;4.5.1&#8243; _module_preset=&#8220;default&#8220;][et_pb_text _builder_version=&#8220;4.5.1&#8243; _module_preset=&#8220;default&#8220;]<\/p>\n<p style=\"text-align: justify;\"><strong>Cela fait maintenant presque quatre ans que je travaille \u00e0 mon compte.<\/strong><\/p>\n<p style=\"text-align: justify;\">J'\u00e9cris pour mon blog, je fais des podcasts, mais j'\u00e9cris aussi beaucoup pour des revues, des magazines et d'autres sites ou j'aide les entreprises \u00e0 g\u00e9rer leur profil sur les m\u00e9dias sociaux.<\/p>\n<p style=\"text-align: justify;\">Quand je pense \u00e0 tout ce qui s'est pass\u00e9 au cours des dix derni\u00e8res ann\u00e9es, c'est de la PURE FOU !!!<\/p>\n<p>[\/et_pb_text][\/et_pb_column][\/et_pb_row][et_pb_row column_structure=&#8220;3_4,1_4&#8243; _builder_version=&#8220;4.5.1&#8243; _module_preset=&#8220;default&#8220; min_height=&#8220;291px&#8220;][et_pb_column type=&#8220;3_4&#8243; _builder_version=&#8220;4.5.1&#8243; _module_preset=&#8220;default&#8220;][et_pb_text _builder_version=&#8220;4.5.1&#8243; _module_preset=&#8220;default&#8220; min_height=&#8220;213px&#8220;]<\/p>\n<p style=\"text-align: justify;\">\n<p style=\"text-align: justify;\">Je ne pouvais pas \u00e9crire une carte avec des v\u0153ux de vacances sans avoir honte, et encore moins savoir comment obtenir un bon classement sur Google, ou bien il y avait des moments o\u00f9 je ne pouvais m\u00eame pas passer du lit au fauteuil roulant sans aide.<\/p>\n<p style=\"text-align: justify;\">Durch das kleine Reisemobil hat sich mein Leben um 180 Grad gewendet, mittlerweile\u00a0 bin ich Mitautorin des Buches &#8222;Wie hast Du das geschafft&#8220;\u00a0 und habe sogar mein eigenes Buch mit &#8222;500 Camping Hacks&#8220;\u00a0 ver\u00f6ffentlicht\u2026 das Leben ist absolut verr\u00fcckt!<\/p>\n<p>[\/et_pb_text][\/et_pb_column][et_pb_column type=&#8220;1_4&#8243; _builder_version=&#8220;4.5.1&#8243; _module_preset=&#8220;default&#8220;][et_pb_code _builder_version=&#8220;4.5.1&#8243; _module_preset=&#8220;default&#8220;]<iframe style=\"width:120px;height:240px;\" marginwidth=\"0\" marginheight=\"0\" scrolling=\"no\" frameborder=\"0\" src=\"\/\/ws-eu.amazon-adsystem.com\/widgets\/q?ServiceVersion=20070822&#038;OneJS=1&#038;Operation=GetAdHtml&#038;MarketPlace=DE&#038;source=ss&#038;ref=as_ss_li_til&#038;ad_type=product_link&#038;tracking_id=gluecksmuskel-21&#038;language=de_DE&#038;marketplace=amazon&#038;region=DE&#038;placement=3734312787&#038;asins=3734312787&#038;linkId=e5850e2c2503333ddb0d6ca1efbefd42&#038;show_border=true&#038;link_opens_in_new_window=true\"><\/iframe>[\/et_pb_code][\/et_pb_column][\/et_pb_row][et_pb_row _builder_version=&#8220;4.5.1&#8243; _module_preset=&#8220;default&#8220;][et_pb_column type=&#8220;4_4&#8243; _builder_version=&#8220;4.5.1&#8243; _module_preset=&#8220;default&#8220;][et_pb_text _builder_version=&#8220;4.5.1&#8243; _module_preset=&#8220;default&#8220;]<\/p>\n<p style=\"text-align: justify;\"><strong>Pourquoi je vous \u00e9cris tout \u00e7a ?<\/strong><\/p>\n<p style=\"text-align: justify;\">J'esp\u00e8re que mon \"voyage\" prouvera \u00e0 chacun d'entre vous qu'\u00e0 notre \u00e9poque, tout est possible ! M\u00eame l'achat d'un vieux petit camping-car peut vous permettre de vivre un tout nouvel avenir professionnel.<\/p>\n<p style=\"text-align: justify;\">Wie lange das alles so funktioniert\u2026 wer wei\u00df das schon? Aktuell geht es mir dank der Medikamente weitestgehend gut, ich genie\u00dfe jeden Tag den ich \u201eon Tour&#8220; gehen kann, ich freue mich \u00fcber jeden neuen Auftrag und auch wenn es vielleicht total unsympathisch klingt, aber ich bin echt stolz, dass mein Leben aktuell ist, wie es ist! (Abgesehen von Corona!!!)<\/p>\n<p style=\"text-align: justify;\">Ah, et parce que j'ai si peu \u00e9crit sur le camping proprement dit... la Su\u00e8de !<\/p>\n<p style=\"text-align: justify;\">Il y a quelque temps, j'ai pass\u00e9 un \u00e9t\u00e9 complet, ou plut\u00f4t presque 5 mois, en Su\u00e8de et c'\u00e9tait une p\u00e9riode de r\u00eave !<\/p>\n<p style=\"text-align: justify;\">J'ai trouv\u00e9 le nord encore plus beau que le sud, car dans le nord, la Su\u00e8de est encore telle que je l'ai toujours imagin\u00e9e. Des villages comme ceux de Michel de L\u00f6nneberger et d'immenses lacs que ma chienne et moi avions pour nous seuls.<\/p>\n<p style=\"text-align: justify;\">Si vous avez envie de conseils de camping, d'itin\u00e9raires \u00e9labor\u00e9s, de bonnes adresses et d'un regard dans les coulisses du secteur, vous pouvez bien s\u00fbr vous rendre sur IsasWomo ou IsasWomo dans les m\u00e9dias sociaux.<\/p>\n<p style=\"text-align: justify;\">Alors... ne vous d\u00e9couragez pas et vivez votre passion, maintenant... pas plus tard ! Vous verrez, parfois une petite passion peut r\u00e9v\u00e9ler des talents tout \u00e0 fait nouveaux et formidables.<\/p>\n<p style=\"text-align: justify;\">Nous savons tout d'hier, nous sentons tous le pr\u00e9sent... mais personne....niemand, personne, personne dans ce vaste monde ne conna\u00eet demain !<\/p>\n<p style=\"text-align: justify;\">In diesem Sinne\u2026 bleibt gesund \ud83d\ude09<\/p>\n<p style=\"text-align: justify;\">Votre Isa<\/p>\n<p style=\"text-align: justify;\">\n<p style=\"text-align: justify;\">\n<p style=\"text-align: justify;\">Isa \u00e9crit qu'elle a eu de la chance. Comment voyez-vous cela ? Ma d\u00e9finition de la chance est en tout cas compl\u00e9t\u00e9e par un autre point. La chance, c'est se lever encore et encore. Surtout l\u00e0 o\u00f9 d'autres restent assis. Merci Isa !<\/p>\n<p style=\"text-align: justify;\">\n<p>[\/et_pb_text][\/et_pb_column][\/et_pb_row][et_pb_row _builder_version=&#8220;4.5.1&#8243; _module_preset=&#8220;default&#8220;][et_pb_column type=&#8220;4_4&#8243; _builder_version=&#8220;4.5.1&#8243; _module_preset=&#8220;default&#8220;][et_pb_image src=&#8220;https:\/\/www.planbwagen.de\/wp-content\/uploads\/2021\/06\/Isa-arbeit-Womo-klein-1024&#215;683.jpeg&#8220; alt=&#8220;Isabel Speckmann&#8220; title_text=&#8220;Isa arbeit Womo klein&#8220; _builder_version=&#8220;4.5.1&#8243; _module_preset=&#8220;default&#8220;][\/et_pb_image][\/et_pb_column][\/et_pb_row][\/et_pb_section]<\/p>","protected":false},"excerpt":{"rendered":"<p>[et_pb_section fb_built=&#8220;1&#8243; _builder_version=&#8220;4.5.1&#8243; _module_preset=&#8220;default&#8220;][et_pb_row _builder_version=&#8220;4.5.1&#8243; _module_preset=&#8220;default&#8220; custom_margin=&#8220;|auto|-28px|auto||&#8220;][et_pb_column type=&#8220;4_4&#8243; _builder_version=&#8220;4.5.1&#8243; _module_preset=&#8220;default&#8220;][et_pb_text admin_label=&#8220;Text&#8220; _builder_version=&#8220;4.5.1&#8243; _module_preset=&#8220;default&#8220;] Gl\u00fcck ist keine Gl\u00fcckssache Oder doch? Wer unseren Blog verfolgt, wei\u00df, dass mir das Thema Gl\u00fcck besonders am Herzen liegt. Ich glaube fest daran, dass man mit der richtigen Einstellung, einem positiven Blick auf die Dinge dem Gl\u00fcck einen Schubs geben kann. [&hellip;]<\/p>","protected":false},"author":1,"featured_media":13111,"comment_status":"open","ping_status":"open","sticky":false,"template":"","format":"standard","meta":{"_et_pb_use_builder":"on","_et_pb_old_content":"","_et_gb_content_width":"","footnotes":""},"categories":[18,15],"tags":[],"class_list":["post-13105","post","type-post","status-publish","format-standard","has-post-thumbnail","hentry","category-butch-friends","category-glueckstraining"],"_links":{"self":[{"href":"https:\/\/www.planbwagen.de\/fr\/wp-json\/wp\/v2\/posts\/13105","targetHints":{"allow":["GET"]}}],"collection":[{"href":"https:\/\/www.planbwagen.de\/fr\/wp-json\/wp\/v2\/posts"}],"about":[{"href":"https:\/\/www.planbwagen.de\/fr\/wp-json\/wp\/v2\/types\/post"}],"author":[{"embeddable":true,"href":"https:\/\/www.planbwagen.de\/fr\/wp-json\/wp\/v2\/users\/1"}],"replies":[{"embeddable":true,"href":"https:\/\/www.planbwagen.de\/fr\/wp-json\/wp\/v2\/comments?post=13105"}],"version-history":[{"count":26,"href":"https:\/\/www.planbwagen.de\/fr\/wp-json\/wp\/v2\/posts\/13105\/revisions"}],"predecessor-version":[{"id":13169,"href":"https:\/\/www.planbwagen.de\/fr\/wp-json\/wp\/v2\/posts\/13105\/revisions\/13169"}],"wp:featuredmedia":[{"embeddable":true,"href":"https:\/\/www.planbwagen.de\/fr\/wp-json\/wp\/v2\/media\/13111"}],"wp:attachment":[{"href":"https:\/\/www.planbwagen.de\/fr\/wp-json\/wp\/v2\/media?parent=13105"}],"wp:term":[{"taxonomy":"category","embeddable":true,"href":"https:\/\/www.planbwagen.de\/fr\/wp-json\/wp\/v2\/categories?post=13105"},{"taxonomy":"post_tag","embeddable":true,"href":"https:\/\/www.planbwagen.de\/fr\/wp-json\/wp\/v2\/tags?post=13105"}],"curies":[{"name":"wp","href":"https:\/\/api.w.org\/{rel}","templated":true}]}}