{"id":12022,"date":"2021-06-14T17:34:50","date_gmt":"2021-06-14T15:34:50","guid":{"rendered":"https:\/\/www.planbwagen.de\/?p=12022"},"modified":"2023-05-27T13:10:22","modified_gmt":"2023-05-27T11:10:22","slug":"sizilien-camper-rundreise-fazit-nach-fuenf-monaten","status":"publish","type":"post","link":"https:\/\/www.planbwagen.de\/fr\/italie\/circuit-en-camping-car-en-sicile-bilan-apres-cinq-mois\/","title":{"rendered":"CIRCUIT EN CAMPING-CAR EN SICILE | BILAN APR\u00c8S CINQ MOIS"},"content":{"rendered":"<p>[et_pb_section fb_built=&#8220;1&#8243; _builder_version=&#8220;4.5.1&#8243; _module_preset=&#8220;default&#8220; link_option_url_new_window=&#8220;on&#8220;][et_pb_row _builder_version=&#8220;4.5.1&#8243; _module_preset=&#8220;default&#8220; link_option_url_new_window=&#8220;on&#8220;][et_pb_column type=&#8220;4_4&#8243; _builder_version=&#8220;4.5.1&#8243; _module_preset=&#8220;default&#8220;][et_pb_text _builder_version=&#8220;4.5.1&#8243; _module_preset=&#8220;default&#8220; link_option_url_new_window=&#8220;on&#8220;]<\/p>\n<div id=\"ez-toc-container\" class=\"ez-toc-v2_0_76 counter-hierarchy ez-toc-counter ez-toc-grey ez-toc-container-direction\">\n<p class=\"ez-toc-title\" style=\"cursor:inherit\">Content<\/p>\n<label for=\"ez-toc-cssicon-toggle-item-69f308420e244\" class=\"ez-toc-cssicon-toggle-label\"><span class=\"\"><span class=\"eztoc-hide\" style=\"display:none;\">Toggle<\/span><span class=\"ez-toc-icon-toggle-span\"><svg style=\"fill: #999;color:#999\" xmlns=\"http:\/\/www.w3.org\/2000\/svg\" class=\"list-377408\" width=\"20px\" height=\"20px\" viewbox=\"0 0 24 24\" fill=\"none\"><path d=\"M6 6H4v2h2V6zm14 0H8v2h12V6zM4 11h2v2H4v-2zm16 0H8v2h12v-2zM4 16h2v2H4v-2zm16 0H8v2h12v-2z\" fill=\"currentColor\"><\/path><\/svg><svg style=\"fill: #999;color:#999\" class=\"arrow-unsorted-368013\" xmlns=\"http:\/\/www.w3.org\/2000\/svg\" width=\"10px\" height=\"10px\" viewbox=\"0 0 24 24\" version=\"1.2\" baseprofile=\"tiny\"><path d=\"M18.2 9.3l-6.2-6.3-6.2 6.3c-.2.2-.3.4-.3.7s.1.5.3.7c.2.2.4.3.7.3h11c.3 0 .5-.1.7-.3.2-.2.3-.5.3-.7s-.1-.5-.3-.7zM5.8 14.7l6.2 6.3 6.2-6.3c.2-.2.3-.5.3-.7s-.1-.5-.3-.7c-.2-.2-.4-.3-.7-.3h-11c-.3 0-.5.1-.7.3-.2.2-.3.5-.3.7s.1.5.3.7z\"\/><\/svg><\/span><\/span><\/label><input type=\"checkbox\"  id=\"ez-toc-cssicon-toggle-item-69f308420e244\"  aria-label=\"Toggle\" \/><nav><ul class='ez-toc-list ez-toc-list-level-1' ><li class='ez-toc-page-1 ez-toc-heading-level-2'><a class=\"ez-toc-link ez-toc-heading-1\" href=\"https:\/\/www.planbwagen.de\/fr\/italie\/circuit-en-camping-car-en-sicile-bilan-apres-cinq-mois\/#Sizilien_Step_by_Step\" >La Sicile pas \u00e0 pas<\/a><\/li><li class='ez-toc-page-1 ez-toc-heading-level-2'><a class=\"ez-toc-link ez-toc-heading-2\" href=\"https:\/\/www.planbwagen.de\/fr\/italie\/circuit-en-camping-car-en-sicile-bilan-apres-cinq-mois\/#An_Abreise\" >Arriv\u00e9e et d\u00e9part<\/a><\/li><li class='ez-toc-page-1 ez-toc-heading-level-2'><a class=\"ez-toc-link ez-toc-heading-3\" href=\"https:\/\/www.planbwagen.de\/fr\/italie\/circuit-en-camping-car-en-sicile-bilan-apres-cinq-mois\/#Wild_Frei\" >Sauvage &amp; libre<\/a><\/li><li class='ez-toc-page-1 ez-toc-heading-level-2'><a class=\"ez-toc-link ez-toc-heading-4\" href=\"https:\/\/www.planbwagen.de\/fr\/italie\/circuit-en-camping-car-en-sicile-bilan-apres-cinq-mois\/#Die_Ankunft_in_Palermo_mit_der_Fahre\" >L'arriv\u00e9e \u00e0 Palerme en ferry<\/a><\/li><li class='ez-toc-page-1 ez-toc-heading-level-2'><a class=\"ez-toc-link ez-toc-heading-5\" href=\"https:\/\/www.planbwagen.de\/fr\/italie\/circuit-en-camping-car-en-sicile-bilan-apres-cinq-mois\/#San_Vito_Lo_Capo\" >San Vito Lo Capo<\/a><\/li><li class='ez-toc-page-1 ez-toc-heading-level-2'><a class=\"ez-toc-link ez-toc-heading-6\" href=\"https:\/\/www.planbwagen.de\/fr\/italie\/circuit-en-camping-car-en-sicile-bilan-apres-cinq-mois\/#Polizeieinsatz_Cala_di_Punta_Lunga\" >Op\u00e9ration de police | Cala di Punta Lunga\u00a0<\/a><\/li><li class='ez-toc-page-1 ez-toc-heading-level-2'><a class=\"ez-toc-link ez-toc-heading-7\" href=\"https:\/\/www.planbwagen.de\/fr\/italie\/circuit-en-camping-car-en-sicile-bilan-apres-cinq-mois\/#Cefalu\" >Cefalu<\/a><\/li><li class='ez-toc-page-1 ez-toc-heading-level-2'><a class=\"ez-toc-link ez-toc-heading-8\" href=\"https:\/\/www.planbwagen.de\/fr\/italie\/circuit-en-camping-car-en-sicile-bilan-apres-cinq-mois\/#Madonie\" >Madonie<\/a><\/li><li class='ez-toc-page-1 ez-toc-heading-level-2'><a class=\"ez-toc-link ez-toc-heading-9\" href=\"https:\/\/www.planbwagen.de\/fr\/italie\/circuit-en-camping-car-en-sicile-bilan-apres-cinq-mois\/#Custonaci_und_Buseto\" >Custonaci et Buseto<\/a><\/li><li class='ez-toc-page-1 ez-toc-heading-level-2'><a class=\"ez-toc-link ez-toc-heading-10\" href=\"https:\/\/www.planbwagen.de\/fr\/italie\/circuit-en-camping-car-en-sicile-bilan-apres-cinq-mois\/#Bergdorf_Erice\" >Village de montagne d'Erice<\/a><\/li><li class='ez-toc-page-1 ez-toc-heading-level-2'><a class=\"ez-toc-link ez-toc-heading-11\" href=\"https:\/\/www.planbwagen.de\/fr\/italie\/circuit-en-camping-car-en-sicile-bilan-apres-cinq-mois\/#Marsala\" >Marsala<\/a><\/li><li class='ez-toc-page-1 ez-toc-heading-level-2'><a class=\"ez-toc-link ez-toc-heading-12\" href=\"https:\/\/www.planbwagen.de\/fr\/italie\/circuit-en-camping-car-en-sicile-bilan-apres-cinq-mois\/#Tempelanlage_von_Segesta\" >Temple de S\u00e9geste\u00a0<\/a><\/li><li class='ez-toc-page-1 ez-toc-heading-level-2'><a class=\"ez-toc-link ez-toc-heading-13\" href=\"https:\/\/www.planbwagen.de\/fr\/italie\/circuit-en-camping-car-en-sicile-bilan-apres-cinq-mois\/#Riserva_Natura_Foce_Del_Belice_%E2%80%93_Ponte_Ferrovis\" >Riserva Natura Foce Del Belice - Ponte Ferrovis<\/a><\/li><li class='ez-toc-page-1 ez-toc-heading-level-2'><a class=\"ez-toc-link ez-toc-heading-14\" href=\"https:\/\/www.planbwagen.de\/fr\/italie\/circuit-en-camping-car-en-sicile-bilan-apres-cinq-mois\/#Menfi_%E2%80%93_Lido_Fiore\" >Menfi - Lido Fiore<\/a><\/li><li class='ez-toc-page-1 ez-toc-heading-level-2'><a class=\"ez-toc-link ez-toc-heading-15\" href=\"https:\/\/www.planbwagen.de\/fr\/italie\/circuit-en-camping-car-en-sicile-bilan-apres-cinq-mois\/#Di_Punta_Bianca_Haus_am_Meer\" >Di Punta Bianca | Maison \u00e0 la mer<\/a><\/li><li class='ez-toc-page-1 ez-toc-heading-level-2'><a class=\"ez-toc-link ez-toc-heading-16\" href=\"https:\/\/www.planbwagen.de\/fr\/italie\/circuit-en-camping-car-en-sicile-bilan-apres-cinq-mois\/#Tempel_der_Griechen_auf_Sizilien_Selinunt_Segesta_Agrigent\" >Temples grecs en Sicile : S\u00e9linonte | S\u00e9geste | Agrigente<\/a><\/li><li class='ez-toc-page-1 ez-toc-heading-level-2'><a class=\"ez-toc-link ez-toc-heading-17\" href=\"https:\/\/www.planbwagen.de\/fr\/italie\/circuit-en-camping-car-en-sicile-bilan-apres-cinq-mois\/#Diga_Nicoletti_Leonforte\" >Diga Nicoletti Leonforte<\/a><\/li><li class='ez-toc-page-1 ez-toc-heading-level-2'><a class=\"ez-toc-link ez-toc-heading-18\" href=\"https:\/\/www.planbwagen.de\/fr\/italie\/circuit-en-camping-car-en-sicile-bilan-apres-cinq-mois\/#Siziliens_Suden_Die_Isola_delle_Correnti_Statua_del_Cristo_Redentore\" >Le sud de la Sicile : L'Isola delle Correnti | Statua del Cristo Redentore<\/a><\/li><li class='ez-toc-page-1 ez-toc-heading-level-2'><a class=\"ez-toc-link ez-toc-heading-19\" href=\"https:\/\/www.planbwagen.de\/fr\/italie\/circuit-en-camping-car-en-sicile-bilan-apres-cinq-mois\/#Santa_Maria_del_Focallo\" >Santa Maria del Focallo<\/a><\/li><li class='ez-toc-page-1 ez-toc-heading-level-2'><a class=\"ez-toc-link ez-toc-heading-20\" href=\"https:\/\/www.planbwagen.de\/fr\/italie\/circuit-en-camping-car-en-sicile-bilan-apres-cinq-mois\/#Flora_Fauna_Beispiel_Roter_Eukalyptus_Baume\" >Flore &amp; Faune | Exemple d'arbres d'eucalyptus rouges<\/a><\/li><li class='ez-toc-page-1 ez-toc-heading-level-2'><a class=\"ez-toc-link ez-toc-heading-21\" href=\"https:\/\/www.planbwagen.de\/fr\/italie\/circuit-en-camping-car-en-sicile-bilan-apres-cinq-mois\/#Siziliens_Seen_Lago_Santa_Rosalia\" >Lacs de Sicile | Lago Santa Rosalia<\/a><\/li><li class='ez-toc-page-1 ez-toc-heading-level-2'><a class=\"ez-toc-link ez-toc-heading-22\" href=\"https:\/\/www.planbwagen.de\/fr\/italie\/circuit-en-camping-car-en-sicile-bilan-apres-cinq-mois\/#Die_Ostkuste_Siziliens\" >La c\u00f4te est de la Sicile<\/a><\/li><li class='ez-toc-page-1 ez-toc-heading-level-2'><a class=\"ez-toc-link ez-toc-heading-23\" href=\"https:\/\/www.planbwagen.de\/fr\/italie\/circuit-en-camping-car-en-sicile-bilan-apres-cinq-mois\/#Der_Atna_Mama_Etna\" >L'Etna | Mama Etna<\/a><\/li><li class='ez-toc-page-1 ez-toc-heading-level-2'><a class=\"ez-toc-link ez-toc-heading-24\" href=\"https:\/\/www.planbwagen.de\/fr\/italie\/circuit-en-camping-car-en-sicile-bilan-apres-cinq-mois\/#Syrakus_%E2%80%93_die_Perle_Siziliens\" >Syracuse - la perle de la Sicile<\/a><\/li><li class='ez-toc-page-1 ez-toc-heading-level-2'><a class=\"ez-toc-link ez-toc-heading-25\" href=\"https:\/\/www.planbwagen.de\/fr\/italie\/circuit-en-camping-car-en-sicile-bilan-apres-cinq-mois\/#Die_Schlucht_Cavagrande_del_Cassibile\" >Les gorges de Cavagrande del Cassibile<\/a><\/li><li class='ez-toc-page-1 ez-toc-heading-level-2'><a class=\"ez-toc-link ez-toc-heading-26\" href=\"https:\/\/www.planbwagen.de\/fr\/italie\/circuit-en-camping-car-en-sicile-bilan-apres-cinq-mois\/#Onroad_und_offroad_von_Brucoli_nach_Noto\" >Onroad et offroad de Brucoli \u00e0 Noto<\/a><\/li><li class='ez-toc-page-1 ez-toc-heading-level-2'><a class=\"ez-toc-link ez-toc-heading-27\" href=\"https:\/\/www.planbwagen.de\/fr\/italie\/circuit-en-camping-car-en-sicile-bilan-apres-cinq-mois\/#Noto_und_Noto_Antica\" >Noto et Noto Antica<\/a><\/li><li class='ez-toc-page-1 ez-toc-heading-level-2'><a class=\"ez-toc-link ez-toc-heading-28\" href=\"https:\/\/www.planbwagen.de\/fr\/italie\/circuit-en-camping-car-en-sicile-bilan-apres-cinq-mois\/#Isola_Bella\" >Isola Bella<\/a><\/li><li class='ez-toc-page-1 ez-toc-heading-level-2'><a class=\"ez-toc-link ez-toc-heading-29\" href=\"https:\/\/www.planbwagen.de\/fr\/italie\/circuit-en-camping-car-en-sicile-bilan-apres-cinq-mois\/#Taormina\" >Taormina<\/a><\/li><li class='ez-toc-page-1 ez-toc-heading-level-2'><a class=\"ez-toc-link ez-toc-heading-30\" href=\"https:\/\/www.planbwagen.de\/fr\/italie\/circuit-en-camping-car-en-sicile-bilan-apres-cinq-mois\/#Ponte_Dei_Saraceni\" >Ponte Dei Saraceni\u00a0<\/a><\/li><li class='ez-toc-page-1 ez-toc-heading-level-2'><a class=\"ez-toc-link ez-toc-heading-31\" href=\"https:\/\/www.planbwagen.de\/fr\/italie\/circuit-en-camping-car-en-sicile-bilan-apres-cinq-mois\/#Megaliti_di_Argimusco\" >M\u00e9galiti d'Argimusco<\/a><\/li><li class='ez-toc-page-1 ez-toc-heading-level-2'><a class=\"ez-toc-link ez-toc-heading-32\" href=\"https:\/\/www.planbwagen.de\/fr\/italie\/circuit-en-camping-car-en-sicile-bilan-apres-cinq-mois\/#Linguaglossa_Etna_Nord\" >Linguaglossa Etna Nord<\/a><\/li><li class='ez-toc-page-1 ez-toc-heading-level-2'><a class=\"ez-toc-link ez-toc-heading-33\" href=\"https:\/\/www.planbwagen.de\/fr\/italie\/circuit-en-camping-car-en-sicile-bilan-apres-cinq-mois\/#Cimitero_militare_germanico_di_Motta_SantAnastasia\" >Cimitero militare germanico di Motta Sant'Anastasia<\/a><\/li><li class='ez-toc-page-1 ez-toc-heading-level-2'><a class=\"ez-toc-link ez-toc-heading-34\" href=\"https:\/\/www.planbwagen.de\/fr\/italie\/circuit-en-camping-car-en-sicile-bilan-apres-cinq-mois\/#Licht_und_Schatten\" >Ombre et lumi\u00e8re<\/a><\/li><li class='ez-toc-page-1 ez-toc-heading-level-2'><a class=\"ez-toc-link ez-toc-heading-35\" href=\"https:\/\/www.planbwagen.de\/fr\/italie\/circuit-en-camping-car-en-sicile-bilan-apres-cinq-mois\/#Fazit\" >Conclusion<\/a><\/li><\/ul><\/nav><\/div>\n<h2><span class=\"ez-toc-section\" id=\"Sizilien_Step_by_Step\"><\/span><span style=\"font-size: x-large;\">La Sicile pas \u00e0 pas<\/span><span class=\"ez-toc-section-end\"><\/span><\/h2>\n<p>Au total, nous avons pass\u00e9 cinq mois en Sicile. Est-ce qu'il y aura beaucoup de conseils sur les campings ? Non, car nous n'en avons pas vu un seul. Des restaurants ? Non, pas non plus. Car ils \u00e9taient ferm\u00e9s, soit en raison de notre p\u00e9riode de voyage, soit gr\u00e2ce \u00e0 Corona. La plupart des mus\u00e9es, \u00e9glises, th\u00e9\u00e2tres et autres \u00e9taient \u00e9galement ferm\u00e9s et clou\u00e9s.<\/p>\n<p>On pourrait se demander ce que nous avons fait ici pendant tout ce temps. Nous pouvons garantir une chose : nous ne nous sommes jamais ennuy\u00e9s. Car nous \u00e9tions toujours en voyage. Aussi bien sur la route que hors de la route. De temps en temps, nous arrivions quelque part. Rester sur place fait tout simplement partie d'une multitude d'impressions. Car la Sicile est grande, tr\u00e8s grande. Pour \u00eatre pr\u00e9cis, elle s'\u00e9tend sur 25 426 km\u00b2, ce qui en fait la plus grande \u00eele de la M\u00e9diterran\u00e9e. Mais elle n'est pas seulement grande, elle est aussi et surtout complexe. Quand on pense \u00e0 la Sicile, on pense d'abord \u00e0 la mer et \u00e0 la plage. Mais 80% de sa superficie est constitu\u00e9e de montagnes et de collines.\u00a0<\/p>\n<p>Nous avons d\u00e9j\u00e0 trait\u00e9 certaines choses dans des articles s\u00e9par\u00e9s, que nous mettons en lien ici. Pour le reste, nous ne pouvons que vous donner un aper\u00e7u de notre voyage. Vous remarquerez vite que la Sicile prend du temps. Beaucoup de temps.<\/p>\n<h2><span class=\"ez-toc-section\" id=\"An_Abreise\"><\/span><span style=\"font-size: x-large;\">Arriv\u00e9e et d\u00e9part<\/span><span class=\"ez-toc-section-end\"><\/span><\/h2>\n<p>Bien que l'\u00eele de Sicile se trouve au sud-ouest de la \"pointe de la botte\" de l'Italie et donc tout au sud de l'Italie, elle est facilement accessible par ferry. Il existe des liaisons par ferry depuis G\u00eanes, au nord de l'Italie, Livourne, G\u00eanes, Naples, \u00e9galement en Italie continentale, ainsi que depuis Cagliari en Sardaigne. Ces liaisons passent toutes par Palerme, au nord de la Sicile. Il existe en outre une liaison de Villa San Giovanni \u00e0 Messine, au nord-est de la Sicile. C'est la liaison en ferry la plus courte, mais elle prend aussi le plus de temps. En effet, il faut compter 1.163 kilom\u00e8tres de route suppl\u00e9mentaires par rapport \u00e0 G\u00eanes. G\u00eanes est donc la liaison la plus connue.<br \/>La dur\u00e9e du ferry est d'environ 21 heures. Le co\u00fbt du voyage aller-retour, cabine double et van jusqu'\u00e0 6 m\u00e8tres inclus, est d'environ 550,- \u20ac. Comme les prix varient selon les compagnies, nous vous conseillons de jeter un coup d'\u0153il sur aferry.\u00a0<\/p>\n<p>Personnellement, nous avons choisi de faire le d\u00e9tour par Livourne. Nous avons ainsi pu faire un d\u00e9tour par Pise.\u00a0<\/p>\n<p>&nbsp;<\/p>\n<p>[\/et_pb_text][\/et_pb_column][\/et_pb_row][et_pb_row _builder_version=&#8220;4.5.1&#8243; _module_preset=&#8220;default&#8220;][et_pb_column type=&#8220;4_4&#8243; _builder_version=&#8220;4.5.1&#8243; _module_preset=&#8220;default&#8220;][et_pb_image src=&#8220;https:\/\/www.planbwagen.de\/wp-content\/uploads\/2021\/06\/On-Offroad-Roadtrip-Sizilien-1024&#215;576.jpg&#8220; alt=&#8220;Sizilien Roadtrip mit dem Van, T6.1 SpaceCamper&#8220; url=&#8220<div class=\"ikn-evt-container\">\r\n    <iframe\r\n            width=\"100%\"\r\n            class=\"ikn-evt-iframe\"\r\n            srcdoc=\"<style>\n    * {\n    padding:0;\n    margin:0;\n    overflow:hidden\n}\n\nhtml, body {\n    height:100%\n}\n\n.ikn-evt-container {\n    position: relative;\n    padding-bottom: 56.25%;\n    height: 0;\n}\n\n.ikn-evt-container iframe {\n    position: absolute;\n    top: 0;\n    left: 0;\n    width: 100%;\n    height: 100%;\n}\n\n.ikn-evt-frame {\n    display: block;\n    position: relative;\n    padding-bottom: 56.23%;\n    height: 0;\n    overflow: hidden;\n    max-width: 100%;\n    background: #000;\n}\n\n.ikn-evt-frame img.ikn-evt-thumbnail {\n    bottom: 0;\n    display: block;\n    left: 0;\n    margin: auto;\n    max-width: 100%;\n    width: 100%;\n    position: absolute;\n    right: 0;\n    top: 0;\n    border: none;\n    height: auto;\n    cursor: pointer;\n    -webkit-transition: .4s all;\n    -moz-transition: .4s all;\n    transition: .4s all;\n}\n\n.ikn-evt-frame[data-source=youtube] img.ikn-evt-thumbnail {\n    top: -63px;\n    bottom: -63px;\n}\n\n.ikn-evt-frame:hover img.ikn-evt-thumbnail {\n    -webkit-filter: brightness(75%);\n}\n\n.ikn-evt-frame .ikn-evt-play-button {\n    height: 20%;\n    width: 13%;\n    left: 44%;\n    top: 42%;\n    position: absolute;\n    cursor: pointer;\n    z-index: 1;\n    background-size: contain !important;\n}\n\n.ikn-evt-frame .ikn-evt-heading {\n    width: 100%;\n    position: absolute;\n    top: 0;\n    background: rgba(0, 0, 0, .5);\n    left: 0;\n    padding: 0.7em;\n    box-sizing: border-box;\n}\n\n.ikn-evt-frame .ikn-evt-heading .ikn-evt-heading-title {\n    font-weight: bold;\n    font-size: 1.5em;\n    color: #FFFFFF;\n    line-height: 30px;\n    margin: 0;\n    cursor: pointer;\n}.ikn-evt-frame[data-source=youtube] \r\n            .ikn-evt-play-button {background:url('https:\/\/www.planbwagen.de\/wp-content\/plugins\/embed-video-thumbnail\/assets\/images\/youtube-72-72.png') no-repeat;}.ikn-evt-frame[data-source=vimeo] \r\n            .ikn-evt-play-button {background:url('https:\/\/www.planbwagen.de\/wp-content\/plugins\/embed-video-thumbnail\/assets\/images\/play-default.png') no-repeat;}.ikn-evt-frame[data-source=dailymotion] \r\n            .ikn-evt-play-button {background:url('https:\/\/www.planbwagen.de\/wp-content\/plugins\/embed-video-thumbnail\/assets\/images\/play-default.png') no-repeat;}.ikn-evt-frame[data-source=facebook] \r\n            .ikn-evt-play-button {background:url('https:\/\/www.planbwagen.de\/wp-content\/plugins\/embed-video-thumbnail\/assets\/images\/play-default.png') no-repeat;}<\/style><div    class='ikn-evt-frame'    data-source='youtube'>    <a class='ikn-evt-link' href='\/\/www.youtube-nocookie.com\/embed\/SZakCzG7APY?controls=1&autoplay=1&enablejsapi=1&rel=1'>        <span class='ikn-evt-play-button'><\/span>                    <img                class='ikn-evt-thumbnail'                src='\/wp-content\/uploads\/ikana-embed-video-thumbnail\/youtube\/SZakCzG7APY-hqdefault.jpg'                alt='SZakCzG7APY'            \/>                    <\/a><\/div><script>\n    document\n        .querySelector('.ikn-evt-link')\n        .addEventListener('click', function(e) {\n                e.preventDefault();\n                e.stopPropagation();\n                window.location.replace(this.href);\n                return false;\n            }\n        )\n    ;\n<\/script>\"\r\n            frameborder=\"0\"\r\n            allow=\"accelerometer; encrypted-media; gyroscope; picture-in-picture\"\r\n            allowfullscreen\r\n title=\"SZakCzG7APY\"\r\n            loading=\"lazy\"\r\n            src=\"\/\/www.youtube-nocookie.com\/embed\/SZakCzG7APY?controls=1&autoplay=1&enablejsapi=1&rel=1\"\r\n    ><\/iframe>\r\n<\/div>038;t=2s&#8220; url_new_window=&#8220;on&#8220; align=&#8220;center&#8220; _builder_version=&#8220;4.5.1&#8243; _module_preset=&#8220;default&#8220;][\/et_pb_image][\/et_pb_column][\/et_pb_row][et_pb_row _builder_version=&#8220;4.5.1&#8243; _module_preset=&#8220;default&#8220;][et_pb_column type=&#8220;4_4&#8243; _builder_version=&#8220;4.5.1&#8243; _module_preset=&#8220;default&#8220;][et_pb_text _builder_version=&#8220;4.5.1&#8243; _module_preset=&#8220;default&#8220;]<\/p>\n<h2><span class=\"ez-toc-section\" id=\"Wild_Frei\"><\/span><span style=\"font-size: x-large;\">Sauvage &amp; libre<\/span><span class=\"ez-toc-section-end\"><\/span><\/h2>\n<p>En Sicile, nous trouvons g\u00e9n\u00e9ralement nos emplacements via googlemaps. Nous aimons trouver des plages tranquilles ou des endroits dans les montagnes o\u00f9 nous sommes tout seuls. Lorsque nous voyons des maisons sur le premier tron\u00e7on de la route sur la carte a\u00e9rienne, nous partons du principe que le chemin est relativement praticable. Malheureusement, cela s'av\u00e8re souvent \u00eatre une erreur.<\/p>\n<p>En effet, de nombreux b\u00e2timents ont \u00e9t\u00e9 abandonn\u00e9s et sont devenus des lieux perdus. C'est vraiment effrayant le nombre de b\u00e2timents abandonn\u00e9s. Et la route est alors g\u00e9n\u00e9ralement tout-terrain.<\/p>\n<p>Ce n'est pas grave pour notre v\u00e9hicule, c'est m\u00eame amusant. Mais cela bouleverse souvent notre emploi du temps. Et il arrive que la nuit tombe en plein milieu du parcours. Nos lazerlamps nous aident alors bien.<\/p>\n<p>Mais conduire hors route dans l'obscurit\u00e9 n'est pas vraiment amusant. En cas d'urgence, nous nous arr\u00eatons simplement et passons la nuit. Cela a bien fonctionn\u00e9 jusqu'\u00e0 pr\u00e9sent.<\/p>\n<p>&nbsp;<\/p>\n<h2><span class=\"ez-toc-section\" id=\"Die_Ankunft_in_Palermo_mit_der_Fahre\"><\/span><span style=\"font-size: x-large;\">L'arriv\u00e9e \u00e0 Palerme en ferry<\/span><span class=\"ez-toc-section-end\"><\/span><\/h2>\n<p>\u00c0 peine arriv\u00e9s en Sicile par le ferry depuis la Sardaigne, nous prenons d'abord la direction de l'ouest. Vous pouvez obtenir des impressions de notre premier jour en Sicile <a href=\"https:\/\/www.planbwagen.de\/fr\/italie\/sicile-larrivee-a-palerme-en-ferry\/\">ici<\/a>.<\/p>\n<p>[\/et_pb_text][\/et_pb_column][\/et_pb_row][et_pb_row column_structure=&#8220;1_2,1_2&#8243; _builder_version=&#8220;4.5.1&#8243; _module_preset=&#8220;default&#8220; link_option_url_new_window=&#8220;on&#8220;][et_pb_column type=&#8220;1_2&#8243; _builder_version=&#8220;4.5.1&#8243; _module_preset=&#8220;default&#8220;][et_pb_image src=&#8220;https:\/\/www.planbwagen.de\/wp-content\/uploads\/2021\/06\/Cala-di-Punta-Lunga-Sizilien-1024&#215;577.jpg&#8220; alt=&#8220;SpaceCamper VW T6.1, VANLIFE SIZILIEN &#8211; Cala Di Punta Lunga &#8211; Macari auf Sizilien, Drohnenaufnahmen mit dji Mavic Air 2&#8243; url=&#8220<div class=\"ikn-evt-container\">\r\n    <iframe\r\n            width=\"100%\"\r\n            class=\"ikn-evt-iframe\"\r\n            srcdoc=\"<style>\n    * {\n    padding:0;\n    margin:0;\n    overflow:hidden\n}\n\nhtml, body {\n    height:100%\n}\n\n.ikn-evt-container {\n    position: relative;\n    padding-bottom: 56.25%;\n    height: 0;\n}\n\n.ikn-evt-container iframe {\n    position: absolute;\n    top: 0;\n    left: 0;\n    width: 100%;\n    height: 100%;\n}\n\n.ikn-evt-frame {\n    display: block;\n    position: relative;\n    padding-bottom: 56.23%;\n    height: 0;\n    overflow: hidden;\n    max-width: 100%;\n    background: #000;\n}\n\n.ikn-evt-frame img.ikn-evt-thumbnail {\n    bottom: 0;\n    display: block;\n    left: 0;\n    margin: auto;\n    max-width: 100%;\n    width: 100%;\n    position: absolute;\n    right: 0;\n    top: 0;\n    border: none;\n    height: auto;\n    cursor: pointer;\n    -webkit-transition: .4s all;\n    -moz-transition: .4s all;\n    transition: .4s all;\n}\n\n.ikn-evt-frame[data-source=youtube] img.ikn-evt-thumbnail {\n    top: -63px;\n    bottom: -63px;\n}\n\n.ikn-evt-frame:hover img.ikn-evt-thumbnail {\n    -webkit-filter: brightness(75%);\n}\n\n.ikn-evt-frame .ikn-evt-play-button {\n    height: 20%;\n    width: 13%;\n    left: 44%;\n    top: 42%;\n    position: absolute;\n    cursor: pointer;\n    z-index: 1;\n    background-size: contain !important;\n}\n\n.ikn-evt-frame .ikn-evt-heading {\n    width: 100%;\n    position: absolute;\n    top: 0;\n    background: rgba(0, 0, 0, .5);\n    left: 0;\n    padding: 0.7em;\n    box-sizing: border-box;\n}\n\n.ikn-evt-frame .ikn-evt-heading .ikn-evt-heading-title {\n    font-weight: bold;\n    font-size: 1.5em;\n    color: #FFFFFF;\n    line-height: 30px;\n    margin: 0;\n    cursor: pointer;\n}.ikn-evt-frame[data-source=youtube] \r\n            .ikn-evt-play-button {background:url('https:\/\/www.planbwagen.de\/wp-content\/plugins\/embed-video-thumbnail\/assets\/images\/youtube-72-72.png') no-repeat;}.ikn-evt-frame[data-source=vimeo] \r\n            .ikn-evt-play-button {background:url('https:\/\/www.planbwagen.de\/wp-content\/plugins\/embed-video-thumbnail\/assets\/images\/play-default.png') no-repeat;}.ikn-evt-frame[data-source=dailymotion] \r\n            .ikn-evt-play-button {background:url('https:\/\/www.planbwagen.de\/wp-content\/plugins\/embed-video-thumbnail\/assets\/images\/play-default.png') no-repeat;}.ikn-evt-frame[data-source=facebook] \r\n            .ikn-evt-play-button {background:url('https:\/\/www.planbwagen.de\/wp-content\/plugins\/embed-video-thumbnail\/assets\/images\/play-default.png') no-repeat;}<\/style><div    class='ikn-evt-frame'    data-source='youtube'>    <a class='ikn-evt-link' href='\/\/www.youtube-nocookie.com\/embed\/H9ZYt2QWzJA?controls=1&autoplay=1&enablejsapi=1&rel=1'>        <span class='ikn-evt-play-button'><\/span>                    <img                class='ikn-evt-thumbnail'                src='\/wp-content\/uploads\/ikana-embed-video-thumbnail\/youtube\/H9ZYt2QWzJA-hqdefault.jpg'                alt='H9ZYt2QWzJA'            \/>                    <\/a><\/div><script>\n    document\n        .querySelector('.ikn-evt-link')\n        .addEventListener('click', function(e) {\n                e.preventDefault();\n                e.stopPropagation();\n                window.location.replace(this.href);\n                return false;\n            }\n        )\n    ;\n<\/script>\"\r\n            frameborder=\"0\"\r\n            allow=\"accelerometer; encrypted-media; gyroscope; picture-in-picture\"\r\n            allowfullscreen\r\n title=\"H9ZYt2QWzJA\"\r\n            loading=\"lazy\"\r\n            src=\"\/\/www.youtube-nocookie.com\/embed\/H9ZYt2QWzJA?controls=1&autoplay=1&enablejsapi=1&rel=1\"\r\n    ><\/iframe>\r\n<\/div>8220; url_new_window=&#8220;on&#8220; _builder_version=&#8220;4.5.1&#8243; _module_preset=&#8220;default&#8220;][\/et_pb_image][\/et_pb_column][\/et_pb_row][et_pb_row _builder_version=&#8220;4.5.1&#8243; _module_preset=&#8220;default&#8220; link_option_url_new_window=&#8220;on&#8220;][et_pb_column type=&#8220;4_4&#8243; _builder_version=&#8220;4.5.1&#8243; _module_preset=&#8220;default&#8220;][et_pb_text _builder_version=&#8220;4.5.1&#8243; _module_preset=&#8220;default&#8220; link_option_url_new_window=&#8220;on&#8220;]<\/p>\n<h2><span class=\"ez-toc-section\" id=\"San_Vito_Lo_Capo\"><\/span><span style=\"font-size: x-large;\">San Vito Lo Capo<\/span><span class=\"ez-toc-section-end\"><\/span><\/h2>\n<p>Avez-vous d\u00e9j\u00e0 \u00e9t\u00e9 \u00e0 San Vito Lo Capo ? Sur cette magnifique plage de sable blanc et cette mer turquoise ? Le village se trouve \u00e0 la pointe d'un cap situ\u00e9 au nord-ouest de la Sicile. Nous avons trouv\u00e9 des emplacements de r\u00eave \u00e0 la Cala Di Punta Lunga, ainsi qu'au paradis de l'escalade, la Grotta dei Cavalli. Continuer\u00a0<a href=\"https:\/\/www.planbwagen.de\/fr\/uncategorized\/san-vito-lo-capo-les-principaux-points-forts-et-conseils-pour-les-campeurs\/\">Points forts et conseils pour les campeurs <\/a><span style=\"font-size: 18px;\">se trouve dans l'article li\u00e9.<\/span><\/p>\n<h2><span class=\"ez-toc-section\" id=\"Polizeieinsatz_Cala_di_Punta_Lunga\"><\/span><span style=\"font-size: x-large;\">Op\u00e9ration de police | Cala di Punta Lunga\u00a0<\/span><span class=\"ez-toc-section-end\"><\/span><\/h2>\n<p>A peine sommes-nous debout, libres, pour la premi\u00e8re fois en Sicile, que nous faisons d\u00e9j\u00e0 la connaissance de ces messieurs bien habill\u00e9s de la police. Ces messieurs nous chassent-ils du paradis ? Si vous voulez le savoir, vous trouverez un article s\u00e9par\u00e9 \u00e0 ce sujet. <a href=\"https:\/\/www.planbwagen.de\/fr\/italie\/operation-de-police-a-la-cala-di-punta-lunga\/\">Article de blog<\/a>.\u00a0\u00a0<\/p>\n<h2><span class=\"ez-toc-section\" id=\"Cefalu\"><\/span><span style=\"font-size: x-large;\">Cefalu<\/span><span class=\"ez-toc-section-end\"><\/span><\/h2>\n<p>Nous nous dirigeons ensuite vers l'est de Palerme. Si l'on pr\u00e9voit un circuit, il est judicieux de terminer par Cefalu. Cette magnifique petite ville m\u00e9di\u00e9vale ne s\u00e9duit pas seulement par sa longue plage de sable blanc, mais aussi par sa vieille ville qui vaut le d\u00e9tour. Cette combinaison de vacances baln\u00e9aires et de visites touristiques fait de Cefal\u00f9 une destination id\u00e9ale. <a href=\"https:\/\/www.planbwagen.de\/fr\/italie\/cefalu-plage-et-tourisme\/\">Cefal\u00f9<\/a> \u00e0 quelque chose de tr\u00e8s sp\u00e9cial.<\/p>\n<p>Comme partout en Sicile, les Grecs, les Romains et les Arabes y ont laiss\u00e9 leurs traces. Mais ce sont surtout les Normands qui se sont \u00e9rig\u00e9s un monument avec l'imposante cath\u00e9drale, class\u00e9e au patrimoine mondial de l'UNESCO. Au-dessus de tout cela se dresse La Rocca di Cefal\u00f9, haute de 270 m\u00e8tres. Cet \u00e9norme rocher fait para\u00eetre m\u00eame l'imposante cath\u00e9drale minuscule.<\/p>\n<p>Nous fl\u00e2nons dans les ruelles \u00e9troites de la vieille ville et profitons de la vie anim\u00e9e qui nous entoure. En hiver, nous nous plaisons beaucoup ici. Dans notre article Cefal\u00f9 - plage et tourisme, vous trouverez quelques informations plus pr\u00e9cises. Le fait est que nous sommes tomb\u00e9s amoureux de cette ville. Pourquoi ? On peut le voir ici...<\/p>\n<p>[\/et_pb_text][\/et_pb_column][\/et_pb_row][et_pb_row column_structure=&#8220;1_2,1_2&#8243; _builder_version=&#8220;4.5.1&#8243; _module_preset=&#8220;default&#8220; link_option_url_new_window=&#8220;on&#8220;][et_pb_column type=&#8220;1_2&#8243; _builder_version=&#8220;4.5.1&#8243; _module_preset=&#8220;default&#8220;][et_pb_image src=&#8220;https:\/\/www.planbwagen.de\/wp-content\/uploads\/2021\/06\/cefalu-1-1024&#215;577.png&#8220; alt=&#8220;Cefal\u00f9 | Rocca di Cefal\u00f9 | near Palermo | Sicily | Sizilien aus der Luft&#8220; title_text=&#8220;cefalu&#8220; url=&#8220<div class=\"ikn-evt-container\">\r\n    <iframe\r\n            width=\"100%\"\r\n            class=\"ikn-evt-iframe\"\r\n            srcdoc=\"<style>\n    * {\n    padding:0;\n    margin:0;\n    overflow:hidden\n}\n\nhtml, body {\n    height:100%\n}\n\n.ikn-evt-container {\n    position: relative;\n    padding-bottom: 56.25%;\n    height: 0;\n}\n\n.ikn-evt-container iframe {\n    position: absolute;\n    top: 0;\n    left: 0;\n    width: 100%;\n    height: 100%;\n}\n\n.ikn-evt-frame {\n    display: block;\n    position: relative;\n    padding-bottom: 56.23%;\n    height: 0;\n    overflow: hidden;\n    max-width: 100%;\n    background: #000;\n}\n\n.ikn-evt-frame img.ikn-evt-thumbnail {\n    bottom: 0;\n    display: block;\n    left: 0;\n    margin: auto;\n    max-width: 100%;\n    width: 100%;\n    position: absolute;\n    right: 0;\n    top: 0;\n    border: none;\n    height: auto;\n    cursor: pointer;\n    -webkit-transition: .4s all;\n    -moz-transition: .4s all;\n    transition: .4s all;\n}\n\n.ikn-evt-frame[data-source=youtube] img.ikn-evt-thumbnail {\n    top: -63px;\n    bottom: -63px;\n}\n\n.ikn-evt-frame:hover img.ikn-evt-thumbnail {\n    -webkit-filter: brightness(75%);\n}\n\n.ikn-evt-frame .ikn-evt-play-button {\n    height: 20%;\n    width: 13%;\n    left: 44%;\n    top: 42%;\n    position: absolute;\n    cursor: pointer;\n    z-index: 1;\n    background-size: contain !important;\n}\n\n.ikn-evt-frame .ikn-evt-heading {\n    width: 100%;\n    position: absolute;\n    top: 0;\n    background: rgba(0, 0, 0, .5);\n    left: 0;\n    padding: 0.7em;\n    box-sizing: border-box;\n}\n\n.ikn-evt-frame .ikn-evt-heading .ikn-evt-heading-title {\n    font-weight: bold;\n    font-size: 1.5em;\n    color: #FFFFFF;\n    line-height: 30px;\n    margin: 0;\n    cursor: pointer;\n}.ikn-evt-frame[data-source=youtube] \r\n            .ikn-evt-play-button {background:url('https:\/\/www.planbwagen.de\/wp-content\/plugins\/embed-video-thumbnail\/assets\/images\/youtube-72-72.png') no-repeat;}.ikn-evt-frame[data-source=vimeo] \r\n            .ikn-evt-play-button {background:url('https:\/\/www.planbwagen.de\/wp-content\/plugins\/embed-video-thumbnail\/assets\/images\/play-default.png') no-repeat;}.ikn-evt-frame[data-source=dailymotion] \r\n            .ikn-evt-play-button {background:url('https:\/\/www.planbwagen.de\/wp-content\/plugins\/embed-video-thumbnail\/assets\/images\/play-default.png') no-repeat;}.ikn-evt-frame[data-source=facebook] \r\n            .ikn-evt-play-button {background:url('https:\/\/www.planbwagen.de\/wp-content\/plugins\/embed-video-thumbnail\/assets\/images\/play-default.png') no-repeat;}<\/style><div    class='ikn-evt-frame'    data-source='youtube'>    <a class='ikn-evt-link' href='\/\/www.youtube-nocookie.com\/embed\/SsQAAcmKSNo?controls=1&autoplay=1&enablejsapi=1&rel=1'>        <span class='ikn-evt-play-button'><\/span>                    <img                class='ikn-evt-thumbnail'                src='\/wp-content\/uploads\/ikana-embed-video-thumbnail\/youtube\/SsQAAcmKSNo-hqdefault.jpg'                alt='SsQAAcmKSNo'            \/>                    <\/a><\/div><script>\n    document\n        .querySelector('.ikn-evt-link')\n        .addEventListener('click', function(e) {\n                e.preventDefault();\n                e.stopPropagation();\n                window.location.replace(this.href);\n                return false;\n            }\n        )\n    ;\n<\/script>\"\r\n            frameborder=\"0\"\r\n            allow=\"accelerometer; encrypted-media; gyroscope; picture-in-picture\"\r\n            allowfullscreen\r\n title=\"SsQAAcmKSNo\"\r\n            loading=\"lazy\"\r\n            src=\"\/\/www.youtube-nocookie.com\/embed\/SsQAAcmKSNo?controls=1&autoplay=1&enablejsapi=1&rel=1\"\r\n    ><\/iframe>\r\n<\/div>8220; url_new_window=&#8220;on&#8220; _builder_version=&#8220;4.5.1&#8243; _module_preset=&#8220;default&#8220;][\/et_pb_image][\/et_pb_column][\/et_pb_row][et_pb_row _builder_version=&#8220;4.5.1&#8243; _module_preset=&#8220;default&#8220; link_option_url_new_window=&#8220;on&#8220;][et_pb_column type=&#8220;4_4&#8243; _builder_version=&#8220;4.5.1&#8243; _module_preset=&#8220;default&#8220;][et_pb_text _builder_version=&#8220;4.5.1&#8243; _module_preset=&#8220;default&#8220; link_option_url_new_window=&#8220;on&#8220;]<\/p>\n<h2><span class=\"ez-toc-section\" id=\"Madonie\"><\/span><span style=\"font-size: x-large;\">Madonie<\/span><span class=\"ez-toc-section-end\"><\/span><\/h2>\n<p>Pour les Siciliens, il n'y a pas qu'une seule Madonie, ils tiennent au pluriel, les Madonies. Cette cha\u00eene de montagnes, situ\u00e9e \u00e0 peu pr\u00e8s au milieu de la c\u00f4te nord de la Sicile, nous a laiss\u00e9 tant d'impressions que nous lui avons directement consacr\u00e9 plusieurs articles. Vous trouverez ici <a href=\"https:\/\/www.planbwagen.de\/fr\/italie\/la-madonie-et-les-plus-beaux-villages-de-sicile\/\">Les Madonies et les plus beaux villages de Sicile<\/a> ainsi qu'un article sur la <a href=\"https:\/\/www.planbwagen.de\/fr\/italie\/targa-florio-la-course-sur-route-en-sicile\/\">Targa Florio<\/a>La course de rue l\u00e9gendaire en Sicile.<\/p>\n<p>Wenn ich ein Fazit zu dieser Region geben soll: &#8222;Die Natur hier im Madoniengebirge ist so wundersch\u00f6n, da ist das Wetter fast unwichtig. Die Wolken \u00fcber den Bergen sind sch\u00f6ner als jede strahlende Sonne. Und das Wechselspiel von Sonne, Wolken und Nebel macht uns wieder einmal klar, wie klein der Mensch angesichts dieser Naturgewalten ist. Hier versagt jede WetterApp, und man kann die Tage nicht planen. Hier lebt man den Tag.\u00a0<span style=\"font-size: 18px;\">Et est.\u00a0<\/span>Einfach. Gl\u00fccklich.&#8220;<\/p>\n<p>[\/et_pb_text][\/et_pb_column][\/et_pb_row][et_pb_row column_structure=&#8220;1_2,1_2&#8243; _builder_version=&#8220;4.5.1&#8243; _module_preset=&#8220;default&#8220; link_option_url_new_window=&#8220;on&#8220;][et_pb_column type=&#8220;1_2&#8243; _builder_version=&#8220;4.5.1&#8243; _module_preset=&#8220;default&#8220;][et_pb_image src=&#8220;https:\/\/www.planbwagen.de\/wp-content\/uploads\/2021\/04\/IMG_1777-1024&#215;768.jpg&#8220; alt=&#8220;planBwagen, T6.1 SpaceCamper Marmor Steinbruch, Sardinien bei Wohnmobil Rundreise&#8220; _builder_version=&#8220;4.5.1&#8243; _module_preset=&#8220;default&#8220;][\/et_pb_image][\/et_pb_column][et_pb_column type=&#8220;1_2&#8243; _builder_version=&#8220;4.5.1&#8243; _module_preset=&#8220;default&#8220;][et_pb_image src=&#8220;https:\/\/www.planbwagen.de\/wp-content\/uploads\/2021\/04\/IMG_1826-1024&#215;768.jpg&#8220; alt=&#8220;Erice, planBwagen bei Sizilien Campervan Rundreise&#8220; _builder_version=&#8220;4.5.1&#8243; _module_preset=&#8220;default&#8220;][\/et_pb_image][\/et_pb_column][\/et_pb_row][et_pb_row _builder_version=&#8220;4.5.1&#8243; _module_preset=&#8220;default&#8220; custom_padding=&#8220;30px|||||&#8220; link_option_url_new_window=&#8220;on&#8220;][et_pb_column type=&#8220;4_4&#8243; _builder_version=&#8220;4.5.1&#8243; _module_preset=&#8220;default&#8220;][et_pb_text _builder_version=&#8220;4.5.1&#8243; _module_preset=&#8220;default&#8220; link_option_url_new_window=&#8220;on&#8220;]<\/p>\n<h2><span class=\"ez-toc-section\" id=\"Custonaci_und_Buseto\"><\/span><span style=\"font-size: x-large;\">Custonaci et Buseto<\/span><span class=\"ez-toc-section-end\"><\/span><\/h2>\n<p>Sur la route de Palerme en direction de San Vito Lo Capo, on passe presque in\u00e9vitablement entre Buseto et<span style=\"font-size: 18px;\">\u00a0Custonaci,\u00a0<\/span><span style=\"font-size: 18px;\">deux petites villes du consortium de communes de Trapani. Mais tout d'abord, les gigantesques carri\u00e8res de marbre attirent le regard de loin. D'un c\u00f4t\u00e9, c'est un gigantesque p\u00e9ch\u00e9 contre l'environnement, de l'autre, c'est incroyablement beau \u00e0 voir. Nous sommes partag\u00e9s.<\/span><\/p>\n<h2><span class=\"ez-toc-section\" id=\"Bergdorf_Erice\"><\/span><span style=\"font-size: x-large; color: #333333; font-family: 'DCC Ash', Helvetica, Arial, Lucida, sans-serif;\">Village de montagne d'Erice<\/span><span class=\"ez-toc-section-end\"><\/span><\/h2>\n<p><em>Cinquante nuances de Grey | <\/em>On peut faire mieux que \u00e7a. Vous connaissez des jours comme \u00e7a ? Tout se confond avec diverses nuances de gris ? Et pourtant, nous voulions juste parcourir le soi-disant magnifique village de montagne d'Erice. Ne nous laissez pas vous arr\u00eater, s'il vous pla\u00eet. Erice, qui tr\u00f4ne sur le Monte Erice du m\u00eame nom, \u00e0 environ 750 m\u00e8tres d'altitude, est surtout connu pour sa vue. Nous n'en avons entendu que du bien jusqu'\u00e0 pr\u00e9sent. Nous pouvons aussi imaginer cette petite ville magnifique, avec ses ruelles \u00e9troites et ses pav\u00e9s. Mais aujourd'hui, c'\u00e9tait tout simplement brumeux, il pleuvait, il n'y avait pas \u00e2me qui vive dans les rues, il faisait froid et gris, tout simplement gris. Le gris sous toutes ses facettes. En revanche, notre Butch se distinguait par ses couleurs. Ce n'est que plus tard que nous avons su quel jour c'\u00e9tait, c'\u00e9tait un jour de soupe. D\u00e9licieuse !<\/p>\n<p>&nbsp;<\/p>\n<p>[\/et_pb_text][\/et_pb_column][\/et_pb_row][et_pb_row _builder_version=&#8220;4.5.1&#8243; _module_preset=&#8220;default&#8220; link_option_url_new_window=&#8220;on&#8220;][et_pb_column type=&#8220;4_4&#8243; _builder_version=&#8220;4.5.1&#8243; _module_preset=&#8220;default&#8220;][et_pb_text _builder_version=&#8220;4.5.1&#8243; _module_preset=&#8220;default&#8220; link_option_url_new_window=&#8220;on&#8220;]<\/p>\n<h2><span class=\"ez-toc-section\" id=\"Marsala\"><\/span><span style=\"font-size: x-large;\">Marsala<\/span><span class=\"ez-toc-section-end\"><\/span><\/h2>\n<p>Nous n'y avons fait qu'un bref d\u00e9tour. En Sicile, Marsala est la Mecque du kite et de la planche \u00e0 voile.  \"Lo Stagnone\", l'immense lagune de la ville de Marsala, est magnifique. Mais pour faire de la planche \u00e0 voile, il faut du vent, beaucoup de vent si possible. Peu importe d'o\u00f9 vient le vent, l'essentiel est qu'il souffle. On dit de Marsala qu'il y a toujours une direction de vent. Notre premi\u00e8re impression est que c'est vrai. Il y avait tellement de vent que nous avons pr\u00e9f\u00e9r\u00e9 chercher un endroit plus prot\u00e9g\u00e9.<\/p>\n<p>On nous demande souvent ce que la police pense de notre Bulli. Surtout en ce qui concerne nos t\u00f4les de sable sur le capot. Jusqu'\u00e0 pr\u00e9sent, nous n'avons jamais vraiment pu r\u00e9pondre \u00e0 cette question. \u00c0 Cologne, la police n'a jamais fait attention \u00e0 nous. Et sur notre tourn\u00e9e jusqu'en Sicile, nous avons toujours vu la police et les policiers ont toujours regard\u00e9 de plus pr\u00e8s. Mais on nous a toujours fait signe de passer lors des contr\u00f4les de police.<\/p>\n<h2><span class=\"ez-toc-section\" id=\"Tempelanlage_von_Segesta\"><\/span><span style=\"font-size: x-large;\">Temple de S\u00e9geste\u00a0<\/span><span class=\"ez-toc-section-end\"><\/span><\/h2>\n<p>Nous n'avons malheureusement pu admirer les temples de S\u00e9geste que de loin. Ce qui \u00e9tait particuli\u00e8rement dommage, car le site est consid\u00e9r\u00e9 comme l'un des temples les mieux conserv\u00e9s au monde.<\/p>\n<p>On peut voir le temple depuis la rue, mais l'enceinte est cl\u00f4tur\u00e9e et il \u00e9tait ferm\u00e9, comme tous les mus\u00e9es ici en Sicile \u00e9taient justement ferm\u00e9s \u00e0 cause de Corona. Les places de parking \u00e9taient \u00e9galement ferm\u00e9es. Nous nous sommes gar\u00e9s devant sur la route de campagne et avons fait d\u00e9coller le drone. En un rien de temps, une voiture de police se trouvait \u00e0 c\u00f4t\u00e9 de nous. En parall\u00e8le, un garde est venu \u00e0 l'int\u00e9rieur de la cl\u00f4ture. Lorsque Marc a rapidement enfil\u00e9 son masque, les policiers ont hoch\u00e9 la t\u00eate et sont repartis. Nous avons fini de filmer et avons continu\u00e9 sur 100 m\u00e8tres dans un chemin de terre qui fait le tour du terrain, nous voulions nous garer et faire voler le drone. Et tout \u00e0 coup, la police est de nouveau \u00e0 c\u00f4t\u00e9 de nous. Ils \u00e9taient tr\u00e8s aimables et nous ont permis de prendre des photos en anglais. Chers policiers, votre rapidit\u00e9 nous a impressionn\u00e9s. Chapeau<\/p>\n<p>En Allemagne, nous aurions d\u00fb montrer au moins nos papiers, mais ici, tout est tr\u00e8s simple. Et pas un mot sur notre v\u00e9hicule.<\/p>\n<h2 class=\"_7UhW9       fKFbl yUEEX   KV-D4          uL8Hv\"><span class=\"ez-toc-section\" id=\"Riserva_Natura_Foce_Del_Belice_%E2%80%93_Ponte_Ferrovis\"><\/span><span style=\"font-size: x-large;\">Riserva Natura Foce Del Belice - Ponte Ferrovis<\/span><span class=\"ez-toc-section-end\"><\/span><\/h2>\n<p>Depuis aujourd'hui, toute la Sicile est en zone rouge. Cela rend les choses plus difficiles pour nous et la question se pose : rester ou quitter l'\u00eele ? Nous avons d\u00e9cid\u00e9 de rester et de voir ce qui se passe. Maintenant, il s'agit de voler discr\u00e8tement sous le radar et de continuer \u00e0 avancer lentement le long de la c\u00f4te en direction du sud.<\/p>\n<p>Nous sommes actuellement seuls au bord d'une petite r\u00e9serve naturelle, au milieu des oliviers et des roseaux. Derri\u00e8re la digue se trouve directement la mer avec une magnifique plage de sable.<\/p>\n<p>Le temps pourrait \u00eatre meilleur. 11 degr\u00e9s et de la pluie, ce n'est pas le temps de mes r\u00eaves, mais nous sommes confortablement install\u00e9s dans notre bulli, et les pr\u00e9visions s'am\u00e9liorent aussi.<\/p>\n<p>Et en fait, c'est comme \u00e0 la maison quand il fait mauvais temps : que faire ce soir ? Regarder un film avec un projecteur, lire ou bavarder avec des amis au t\u00e9l\u00e9phone ?<\/p>\n<h2 class=\"_7UhW9       fKFbl yUEEX   KV-D4          uL8Hv\"><span class=\"ez-toc-section\" id=\"Menfi_%E2%80%93_Lido_Fiore\"><\/span><span style=\"font-size: x-large;\">Menfi - Lido Fiore<\/span><span class=\"ez-toc-section-end\"><\/span><\/h2>\n<p>Nous trouvons l'un des plus beaux endroits de notre circuit \u00e0 proximit\u00e9 d'un Lost Place, derri\u00e8re un vieux complexe h\u00f4telier d\u00e9labr\u00e9. Nous y passons quelques jours de d\u00e9tente au bord de la mer, pour ainsi dire en premi\u00e8re ligne. De temps en temps, quelques moutons nous rendent visite. Sinon, seuls quelques cyclistes passent par l\u00e0.<\/p>\n<p>[\/et_pb_text][\/et_pb_column][\/et_pb_row][et_pb_row column_structure=&#8220;1_2,1_2&#8243; _builder_version=&#8220;4.5.1&#8243; _module_preset=&#8220;default&#8220;][et_pb_column type=&#8220;1_2&#8243; _builder_version=&#8220;4.5.1&#8243; _module_preset=&#8220;default&#8220;][et_pb_image src=&#8220;https:\/\/www.planbwagen.de\/wp-content\/uploads\/2021\/06\/OFFROAD-SIZILIEN-RISERVA-NATURALE-DI-PUNTA-BIANCA-HAUS-AM-MEER&#8211;1024&#215;576.jpg&#8220; alt=&#8220;OFFROAD SIZILIEN | RISERVA NATURALE DI PUNTA BIANCA | HAUS AM MEER&#8220; title_text=&#8220;OFFROAD SIZILIEN | RISERVA NATURALE DI PUNTA BIANCA | HAUS AM MEER&#8220; url=&#8220<div class=\"ikn-evt-container\">\r\n    <iframe\r\n            width=\"100%\"\r\n            class=\"ikn-evt-iframe\"\r\n            srcdoc=\"<style>\n    * {\n    padding:0;\n    margin:0;\n    overflow:hidden\n}\n\nhtml, body {\n    height:100%\n}\n\n.ikn-evt-container {\n    position: relative;\n    padding-bottom: 56.25%;\n    height: 0;\n}\n\n.ikn-evt-container iframe {\n    position: absolute;\n    top: 0;\n    left: 0;\n    width: 100%;\n    height: 100%;\n}\n\n.ikn-evt-frame {\n    display: block;\n    position: relative;\n    padding-bottom: 56.23%;\n    height: 0;\n    overflow: hidden;\n    max-width: 100%;\n    background: #000;\n}\n\n.ikn-evt-frame img.ikn-evt-thumbnail {\n    bottom: 0;\n    display: block;\n    left: 0;\n    margin: auto;\n    max-width: 100%;\n    width: 100%;\n    position: absolute;\n    right: 0;\n    top: 0;\n    border: none;\n    height: auto;\n    cursor: pointer;\n    -webkit-transition: .4s all;\n    -moz-transition: .4s all;\n    transition: .4s all;\n}\n\n.ikn-evt-frame[data-source=youtube] img.ikn-evt-thumbnail {\n    top: -63px;\n    bottom: -63px;\n}\n\n.ikn-evt-frame:hover img.ikn-evt-thumbnail {\n    -webkit-filter: brightness(75%);\n}\n\n.ikn-evt-frame .ikn-evt-play-button {\n    height: 20%;\n    width: 13%;\n    left: 44%;\n    top: 42%;\n    position: absolute;\n    cursor: pointer;\n    z-index: 1;\n    background-size: contain !important;\n}\n\n.ikn-evt-frame .ikn-evt-heading {\n    width: 100%;\n    position: absolute;\n    top: 0;\n    background: rgba(0, 0, 0, .5);\n    left: 0;\n    padding: 0.7em;\n    box-sizing: border-box;\n}\n\n.ikn-evt-frame .ikn-evt-heading .ikn-evt-heading-title {\n    font-weight: bold;\n    font-size: 1.5em;\n    color: #FFFFFF;\n    line-height: 30px;\n    margin: 0;\n    cursor: pointer;\n}.ikn-evt-frame[data-source=youtube] \r\n            .ikn-evt-play-button {background:url('https:\/\/www.planbwagen.de\/wp-content\/plugins\/embed-video-thumbnail\/assets\/images\/youtube-72-72.png') no-repeat;}.ikn-evt-frame[data-source=vimeo] \r\n            .ikn-evt-play-button {background:url('https:\/\/www.planbwagen.de\/wp-content\/plugins\/embed-video-thumbnail\/assets\/images\/play-default.png') no-repeat;}.ikn-evt-frame[data-source=dailymotion] \r\n            .ikn-evt-play-button {background:url('https:\/\/www.planbwagen.de\/wp-content\/plugins\/embed-video-thumbnail\/assets\/images\/play-default.png') no-repeat;}.ikn-evt-frame[data-source=facebook] \r\n            .ikn-evt-play-button {background:url('https:\/\/www.planbwagen.de\/wp-content\/plugins\/embed-video-thumbnail\/assets\/images\/play-default.png') no-repeat;}<\/style><div    class='ikn-evt-frame'    data-source='youtube'>    <a class='ikn-evt-link' href='\/\/www.youtube-nocookie.com\/embed\/06G4Wzme6Mk?controls=1&autoplay=1&enablejsapi=1&rel=1'>        <span class='ikn-evt-play-button'><\/span>                    <img                class='ikn-evt-thumbnail'                src='\/wp-content\/uploads\/ikana-embed-video-thumbnail\/youtube\/06G4Wzme6Mk-hqdefault.jpg'                alt='06G4Wzme6Mk'            \/>                    <\/a><\/div><script>\n    document\n        .querySelector('.ikn-evt-link')\n        .addEventListener('click', function(e) {\n                e.preventDefault();\n                e.stopPropagation();\n                window.location.replace(this.href);\n                return false;\n            }\n        )\n    ;\n<\/script>\"\r\n            frameborder=\"0\"\r\n            allow=\"accelerometer; encrypted-media; gyroscope; picture-in-picture\"\r\n            allowfullscreen\r\n title=\"06G4Wzme6Mk\"\r\n            loading=\"lazy\"\r\n            src=\"\/\/www.youtube-nocookie.com\/embed\/06G4Wzme6Mk?controls=1&autoplay=1&enablejsapi=1&rel=1\"\r\n    ><\/iframe>\r\n<\/div>8220; url_new_window=&#8220;on&#8220; _builder_version=&#8220;4.5.1&#8243; _module_preset=&#8220;default&#8220;][\/et_pb_image][\/et_pb_column][\/et_pb_row][et_pb_row _builder_version=&#8220;4.5.1&#8243; _module_preset=&#8220;default&#8220;][et_pb_column type=&#8220;4_4&#8243; _builder_version=&#8220;4.5.1&#8243; _module_preset=&#8220;default&#8220;][et_pb_text _builder_version=&#8220;4.5.1&#8243; _module_preset=&#8220;default&#8220; link_option_url_new_window=&#8220;on&#8220;]<\/p>\n<h2><span class=\"ez-toc-section\" id=\"Di_Punta_Bianca_Haus_am_Meer\"><\/span><span style=\"font-size: x-large;\">Di Punta Bianca | Maison \u00e0 la mer<\/span><span class=\"ez-toc-section-end\"><\/span><\/h2>\n<p>Se tenir seul, sauvage &amp; libre au bord de la mer ? Il faut alors sortir des sentiers battus. Dans un rapport sur les parcours tout-terrain en Sicile, nous avons trouv\u00e9 un trail vers la Punta Bianca. Voici les coordonn\u00e9es GPS : 37\u00b011'41.0\u2033N 13\u00b039'42.2\u2033E - Je n'aurais peut-\u00eatre pas d\u00fb me contenter de lire le titre \"facile\". Dans les derniers m\u00e8tres, nous nous sommes arr\u00eat\u00e9s \u00e0 cause de trous de boue.<\/p>\n<p>Mais il s'est av\u00e9r\u00e9 par la suite que nous avions apparemment aussi choisi l'acc\u00e8s le plus difficile. Sur Wikiloc, on trouve une alternative plus simple. Mais nous avons \u00e9t\u00e9 r\u00e9compens\u00e9s par une multitude de lieux perdus. La Punta Bianca est magnifique et vaut vraiment la peine d'un acc\u00e8s difficile. Une vieille maison en ruine devant des falaises de craie, un r\u00eave. Si le trajet quotidien \u00e9tait un peu plus facile, ce serait LA MAISON AU LIEU DE LA MER. La reconstruction serait d\u00e9j\u00e0 planifi\u00e9e dans la t\u00eate.<\/p>\n<h2><span class=\"ez-toc-section\" id=\"Tempel_der_Griechen_auf_Sizilien_Selinunt_Segesta_Agrigent\"><\/span><span style=\"font-size: x-large;\">Temples grecs en Sicile : S\u00e9linonte | S\u00e9geste | Agrigente<\/span><span class=\"ez-toc-section-end\"><\/span><\/h2>\n<p>La culture sicilienne a \u00e9t\u00e9 marqu\u00e9e par diverses conqu\u00eates. Les Ph\u00e9niciens, les Grecs et les Carthaginois, les Romains, les Arabes, les Normands et les Espagnols ont laiss\u00e9 leurs traces.\u00a0<span style=\"font-size: 18px;\">Mais les temples des Grecs sont plus qu'une simple trace. Le Tempio della Concordia, en particulier, est plus qu'impressionnant.<\/span><\/p>\n<p>Faut-il voir celui-ci ? Oui, il faut le voir. Mais il est vrai que l'on a rarement l'occasion de voir un temple aussi calme.<\/p>\n<p>Ce sont surtout les sculptures d'Igor Mitoraj qui nous enthousiasment. Bien que l'artiste ait voulu montrer l'imperfection de la nature humaine et sa l\u00e9g\u00e8re vuln\u00e9rabilit\u00e9, elles nous semblent pour cela sacr\u00e9ment parfaites. Mais nous n'en avons aucune id\u00e9e. ?<\/p>\n<p>[\/et_pb_text][\/et_pb_column][\/et_pb_row][et_pb_row _builder_version=&#8220;4.5.1&#8243; _module_preset=&#8220;default&#8220;][et_pb_column type=&#8220;4_4&#8243; _builder_version=&#8220;4.5.1&#8243; _module_preset=&#8220;default&#8220;][et_pb_text _builder_version=&#8220;4.5.1&#8243; _module_preset=&#8220;default&#8220; custom_padding=&#8220;0px|||||&#8220; link_option_url_new_window=&#8220;on&#8220;]<\/p>\n<h2 class=\"_7UhW9       fKFbl yUEEX   KV-D4          uL8Hv\"><span class=\"ez-toc-section\" id=\"Diga_Nicoletti_Leonforte\"><\/span><span style=\"font-size: x-large;\">Diga Nicoletti Leonforte<\/span><span class=\"ez-toc-section-end\"><\/span><\/h2>\n<p>Ce soir, nous ne trouvons pas seulement un endroit magnifique pour passer la nuit, mais aussi quelques rayons de soleil. Vite, nous accrochons le hamac. Nous profitons ainsi de notre d\u00eener avec vue sur un lac, ainsi que sur quelques moutons qui passent.<\/p>\n<p>[\/et_pb_text][\/et_pb_column][\/et_pb_row][et_pb_row _builder_version=&#8220;4.5.1&#8243; _module_preset=&#8220;default&#8220;][et_pb_column type=&#8220;4_4&#8243; _builder_version=&#8220;4.5.1&#8243; _module_preset=&#8220;default&#8220;][et_pb_text _builder_version=&#8220;4.5.1&#8243; _module_preset=&#8220;default&#8220; custom_padding=&#8220;5px|||||&#8220; link_option_url_new_window=&#8220;on&#8220;]<\/p>\n<h2><span class=\"ez-toc-section\" id=\"Siziliens_Suden_Die_Isola_delle_Correnti_Statua_del_Cristo_Redentore\"><\/span><span style=\"font-size: x-large;\">Le sud de la Sicile : L'Isola delle Correnti | Statua del Cristo Redentore<\/span><span class=\"ez-toc-section-end\"><\/span><\/h2>\n<p>Lorsque nous descendons du bus ce matin, peu avant le lever du soleil, nous avons la mer et la plage directement \u00e0 nos pieds. Notre regard se pose sur la petite \u00eele, avec son phare, situ\u00e9e \u00e0 la pointe sud-ouest de la Sicile. Nous marchons le long de la plage. Notre objectif est un petit brise-lames qui relie l'\u00eele \u00e0 la terre ferme. Nous n'avons pas seulement une vue fantastique sur le lever du soleil, mais aussi sur la ligne de partage des eaux entre la M\u00e9diterran\u00e9e et la mer Ionienne. D'un c\u00f4t\u00e9, les vagues d\u00e9ferlent sur la plage, de l'autre, la mer calme ressemble plus \u00e0 un \u00e9tang.<\/p>\n<p>Au bord du brise-lames partiellement d\u00e9truit se trouve une simple statue de Christo. Bien qu'il fasse encore tr\u00e8s froid \u00e0 cette heure, c'est un moment magique. Depuis notre position, nous voyons le soleil se d\u00e9placer jusqu'\u00e0 ce qu'il disparaisse \u00e0 son tour dans la mer sous nos yeux.<\/p>\n<p>[\/et_pb_text][\/et_pb_column][\/et_pb_row][et_pb_row _builder_version=&#8220;4.5.1&#8243; _module_preset=&#8220;default&#8220;][et_pb_column type=&#8220;4_4&#8243; _builder_version=&#8220;4.5.1&#8243; _module_preset=&#8220;default&#8220;][et_pb_text _builder_version=&#8220;4.5.1&#8243; _module_preset=&#8220;default&#8220; custom_padding=&#8220;6px|||||&#8220; link_option_url_new_window=&#8220;on&#8220;]<\/p>\n<h2 class=\"_7UhW9       fKFbl yUEEX   KV-D4          uL8Hv\"><span class=\"ez-toc-section\" id=\"Santa_Maria_del_Focallo\"><\/span><span style=\"font-size: x-large;\">Santa Maria del Focallo<\/span><span class=\"ez-toc-section-end\"><\/span><\/h2>\n<p>En fait, nous voulions aller de l'Isola delle Correnti \u00e0 Modica. Mais comme la vie fait bien les choses, nous sommes rest\u00e9s bloqu\u00e9s \u00e0 Santa Maria del Focallo. Mais qui pourrait r\u00e9sister \u00e0 cette plage de sable blanc qui s'\u00e9tend sur des kilom\u00e8tres ?<\/p>\n<p>[\/et_pb_text][\/et_pb_column][\/et_pb_row][et_pb_row _builder_version=&#8220;4.5.1&#8243; _module_preset=&#8220;default&#8220;][et_pb_column type=&#8220;4_4&#8243; _builder_version=&#8220;4.5.1&#8243; _module_preset=&#8220;default&#8220;][et_pb_text _builder_version=&#8220;4.5.1&#8243; _module_preset=&#8220;default&#8220; custom_padding=&#8220;0px|||||&#8220; link_option_url_new_window=&#8220;on&#8220;]<\/p>\n<h2><span class=\"ez-toc-section\" id=\"Flora_Fauna_Beispiel_Roter_Eukalyptus_Baume\"><\/span><span style=\"font-size: x-large;\">Flore &amp; Faune | Exemple d'arbres d'eucalyptus rouges<\/span><span class=\"ez-toc-section-end\"><\/span><\/h2>\n<p>Avec plus de 3.000 plantes diff\u00e9rentes, la flore et la faune siciliennes sont uniques et poss\u00e8dent la plus grande diversit\u00e9 biologique de tout le bassin m\u00e9diterran\u00e9en. Parmi elles, on trouve des r\u00e9fugi\u00e9s climatiques de la derni\u00e8re p\u00e9riode glaciaire. Mais toutes les plantes ne sont pas pr\u00e9sentes sur l'\u00eele depuis aussi longtemps. Aujourd'hui, nous nous trouvons dans une for\u00eat d'eucalyptus rouges. \u00c0 premi\u00e8re vue, c'est magnifique. Mais est-ce qu'il a vraiment sa place ici ?<\/p>\n<p>Ces arbres poussent tr\u00e8s vite et forment un tronc massif qui les fait ressembler \u00e0 des Mathusalems. Dans une prairie pr\u00e8s de Castel di Lucio, il y a par exemple un eucalyptus rouge avec un tronc de plus de 6,60 m de circonf\u00e9rence.<\/p>\n<p>C'est g\u00e9nial, pense-t-on. Malheureusement, ces arbres ne boivent pas, ils boivent. Avec leurs racines qui s'enfoncent jusqu'\u00e0 vingt m\u00e8tres, ils extraient du sol jusqu'\u00e0 500 litres d'eau par jour. Entre les deux, seule l'herbe de la pampa pousse. Et en raison de sa structure fibreuse et a\u00e9r\u00e9e et de ses huiles essentielles, le bois de ces arbres br\u00fble comme de l'amadou. Le risque d'incendie de for\u00eat augmente donc de mani\u00e8re disproportionn\u00e9e.<\/p>\n<p>Ainsi, nos sentiments \u00e0 l'\u00e9gard de cette for\u00eat sont partag\u00e9s. D'un c\u00f4t\u00e9, \u00e7a sent bon l'eucalyptus et j'adore les bonbons \u00e0 l'eucalyptus. Vous connaissez ces petits pains de sucre verts au go\u00fbt d'eucalyptus ? C'est merveilleux, nous en avons m\u00eame \u00e0 bord. Et visuellement, tout est bien vert. Mais ici, aujourd'hui, je suis partag\u00e9e.<\/p>\n<p>[\/et_pb_text][\/et_pb_column][\/et_pb_row][et_pb_row _builder_version=&#8220;4.5.1&#8243; _module_preset=&#8220;default&#8220;][et_pb_column type=&#8220;4_4&#8243; _builder_version=&#8220;4.5.1&#8243; _module_preset=&#8220;default&#8220;][et_pb_text _builder_version=&#8220;4.5.1&#8243; _module_preset=&#8220;default&#8220; link_option_url_new_window=&#8220;on&#8220;]<\/p>\n<h2><span class=\"ez-toc-section\" id=\"Siziliens_Seen_Lago_Santa_Rosalia\"><\/span><span style=\"font-size: x-large;\">Lacs de Sicile | Lago Santa Rosalia<\/span><span class=\"ez-toc-section-end\"><\/span><\/h2>\n<p>Les lacs de Sicile n'ont peut-\u00eatre rien \u00e0 voir avec les grands lacs connus du nord de l'Italie. En revanche, on y trouve de nombreux petits lacs qui invitent non seulement \u00e0 la baignade, \u00e0 la randonn\u00e9e ou \u00e0 la p\u00eache, mais au bord desquels on peut aussi se tenir debout librement. Nous n'avons re\u00e7u que de bons commentaires de la part des Siciliens. On ne se sentait pas seulement accept\u00e9, mais aussi bienvenu.<\/p>\n<p>&nbsp;<\/p>\n<p>[\/et_pb_text][\/et_pb_column][\/et_pb_row][et_pb_row column_structure=&#8220;1_2,1_2&#8243; _builder_version=&#8220;4.5.1&#8243; _module_preset=&#8220;default&#8220;][et_pb_column type=&#8220;1_2&#8243; _builder_version=&#8220;4.5.1&#8243; _module_preset=&#8220;default&#8220;][et_pb_image src=&#8220;https:\/\/www.planbwagen.de\/wp-content\/uploads\/2021\/06\/Siziliens-Su\u0308den-Die-Isola-delle-Correnti-Statua-del-Cristo-Redentore-1024&#215;576.jpg&#8220; alt=&#8220;Camper auf Sizilien, der S\u00fcden&#8220; title_text=&#8220;Siziliens Su\u0308den: Die Isola delle Correnti + Statua del Cristo Redentore&#8220; url=&#8220<div class=\"ikn-evt-container\">\r\n    <iframe\r\n            width=\"100%\"\r\n            class=\"ikn-evt-iframe\"\r\n            srcdoc=\"<style>\n    * {\n    padding:0;\n    margin:0;\n    overflow:hidden\n}\n\nhtml, body {\n    height:100%\n}\n\n.ikn-evt-container {\n    position: relative;\n    padding-bottom: 56.25%;\n    height: 0;\n}\n\n.ikn-evt-container iframe {\n    position: absolute;\n    top: 0;\n    left: 0;\n    width: 100%;\n    height: 100%;\n}\n\n.ikn-evt-frame {\n    display: block;\n    position: relative;\n    padding-bottom: 56.23%;\n    height: 0;\n    overflow: hidden;\n    max-width: 100%;\n    background: #000;\n}\n\n.ikn-evt-frame img.ikn-evt-thumbnail {\n    bottom: 0;\n    display: block;\n    left: 0;\n    margin: auto;\n    max-width: 100%;\n    width: 100%;\n    position: absolute;\n    right: 0;\n    top: 0;\n    border: none;\n    height: auto;\n    cursor: pointer;\n    -webkit-transition: .4s all;\n    -moz-transition: .4s all;\n    transition: .4s all;\n}\n\n.ikn-evt-frame[data-source=youtube] img.ikn-evt-thumbnail {\n    top: -63px;\n    bottom: -63px;\n}\n\n.ikn-evt-frame:hover img.ikn-evt-thumbnail {\n    -webkit-filter: brightness(75%);\n}\n\n.ikn-evt-frame .ikn-evt-play-button {\n    height: 20%;\n    width: 13%;\n    left: 44%;\n    top: 42%;\n    position: absolute;\n    cursor: pointer;\n    z-index: 1;\n    background-size: contain !important;\n}\n\n.ikn-evt-frame .ikn-evt-heading {\n    width: 100%;\n    position: absolute;\n    top: 0;\n    background: rgba(0, 0, 0, .5);\n    left: 0;\n    padding: 0.7em;\n    box-sizing: border-box;\n}\n\n.ikn-evt-frame .ikn-evt-heading .ikn-evt-heading-title {\n    font-weight: bold;\n    font-size: 1.5em;\n    color: #FFFFFF;\n    line-height: 30px;\n    margin: 0;\n    cursor: pointer;\n}.ikn-evt-frame[data-source=youtube] \r\n            .ikn-evt-play-button {background:url('https:\/\/www.planbwagen.de\/wp-content\/plugins\/embed-video-thumbnail\/assets\/images\/youtube-72-72.png') no-repeat;}.ikn-evt-frame[data-source=vimeo] \r\n            .ikn-evt-play-button {background:url('https:\/\/www.planbwagen.de\/wp-content\/plugins\/embed-video-thumbnail\/assets\/images\/play-default.png') no-repeat;}.ikn-evt-frame[data-source=dailymotion] \r\n            .ikn-evt-play-button {background:url('https:\/\/www.planbwagen.de\/wp-content\/plugins\/embed-video-thumbnail\/assets\/images\/play-default.png') no-repeat;}.ikn-evt-frame[data-source=facebook] \r\n            .ikn-evt-play-button {background:url('https:\/\/www.planbwagen.de\/wp-content\/plugins\/embed-video-thumbnail\/assets\/images\/play-default.png') no-repeat;}<\/style><div    class='ikn-evt-frame'    data-source='youtube'>    <a class='ikn-evt-link' href='\/\/www.youtube-nocookie.com\/embed\/JtYxvMDCOzk?controls=1&autoplay=1&enablejsapi=1&rel=1'>        <span class='ikn-evt-play-button'><\/span>                    <img                class='ikn-evt-thumbnail'                src='\/wp-content\/uploads\/ikana-embed-video-thumbnail\/youtube\/JtYxvMDCOzk-hqdefault.jpg'                alt='JtYxvMDCOzk'            \/>                    <\/a><\/div><script>\n    document\n        .querySelector('.ikn-evt-link')\n        .addEventListener('click', function(e) {\n                e.preventDefault();\n                e.stopPropagation();\n                window.location.replace(this.href);\n                return false;\n            }\n        )\n    ;\n<\/script>\"\r\n            frameborder=\"0\"\r\n            allow=\"accelerometer; encrypted-media; gyroscope; picture-in-picture\"\r\n            allowfullscreen\r\n title=\"JtYxvMDCOzk\"\r\n            loading=\"lazy\"\r\n            src=\"\/\/www.youtube-nocookie.com\/embed\/JtYxvMDCOzk?controls=1&autoplay=1&enablejsapi=1&rel=1\"\r\n    ><\/iframe>\r\n<\/div>8220; url_new_window=&#8220;on&#8220; _builder_version=&#8220;4.5.1&#8243; _module_preset=&#8220;default&#8220;][\/et_pb_image][\/et_pb_column][et_pb_column type=&#8220;1_2&#8243; _builder_version=&#8220;4.5.1&#8243; _module_preset=&#8220;default&#8220;][\/et_pb_column][\/et_pb_row][et_pb_row _builder_version=&#8220;4.5.1&#8243; _module_preset=&#8220;default&#8220;][et_pb_column type=&#8220;4_4&#8243; _builder_version=&#8220;4.5.1&#8243; _module_preset=&#8220;default&#8220;][et_pb_text _builder_version=&#8220;4.5.1&#8243; _module_preset=&#8220;default&#8220; link_option_url_new_window=&#8220;on&#8220;]<\/p>\n<h2><span class=\"ez-toc-section\" id=\"Die_Ostkuste_Siziliens\"><\/span><span style=\"font-size: x-large;\">La c\u00f4te est de la Sicile<\/span><span class=\"ez-toc-section-end\"><\/span><\/h2>\n<p>Si l'on souhaite visiter l'Etna, une visite de la c\u00f4te est de la Sicile s'impose, avec les villes baroques de Catane, Taormine et Syracuse, ainsi que le Val de Noto et Ragusa.<\/p>\n<h2><span class=\"ez-toc-section\" id=\"Der_Atna_Mama_Etna\"><\/span><span style=\"font-size: x-large;\">L'Etna | Mama Etna<\/span><span class=\"ez-toc-section-end\"><\/span><\/h2>\n<p>Bien que cette \u00eele offre tout ce que l'on peut esp\u00e9rer en mati\u00e8re de tourisme, rien ne nous a autant touch\u00e9 au c\u0153ur que Mama Etna.<\/p>\n<p>Ce n'est pas seulement la montagne qui nous captive au point que nous cherchons \u00e0 l'approcher depuis des semaines. Ce n'est pas seulement le volcan qui, entre-temps, crache du feu et des cendres. Il y a quelque chose d'autre que nous ne comprenons pas et que nous ressentons pourtant.<\/p>\n<p>Entre-temps, nous avons eu l'occasion de parler de leur montagne avec quelques Siciliens. Ceux-ci se contentent de sourire doucement, d'un air entendu. C'est leur montagne et il est impossible de ne pas voir \u00e0 quel point ils l'aiment.<\/p>\n<p>Ce qui est particulier, c'est que l'Etna ne donne pas seulement naissance \u00e0 des terres fertiles. On y cultive notamment du vin, des agrumes, des amandes et des olives. En raison de sa forte teneur en min\u00e9raux, le sol volcanique est consid\u00e9r\u00e9 comme particuli\u00e8rement fertile et bien a\u00e9r\u00e9.<\/p>\n<p>Mais de temps en temps, la terre est secou\u00e9e par des tremblements, le ciel est obscurci par des nuages de cendres et des maisons sont d\u00e9truites par des coul\u00e9es de lave.<\/p>\n<p>Pourtant, les Siciliens l'appellent Mama Etna ou tout simplement Mongibello, la montagne.<\/p>\n<p>Wie gewaltig dieser Berg ist, wird einem bewusst, wenn man die Zahl 100.000 liest. So viele Menschen starben beim &#8222;Beben von Messina&#8220; 1908. Dennoch zieht es uns immer wieder in Richtung dieses Berges.<\/p>\n<p>&nbsp;<\/p>\n<p>[\/et_pb_text][\/et_pb_column][\/et_pb_row][et_pb_row _builder_version=&#8220;4.5.1&#8243; _module_preset=&#8220;default&#8220;][et_pb_column type=&#8220;4_4&#8243; _builder_version=&#8220;4.5.1&#8243; _module_preset=&#8220;default&#8220;][et_pb_text _builder_version=&#8220;4.5.1&#8243; _module_preset=&#8220;default&#8220; link_option_url_new_window=&#8220;on&#8220;]<\/p>\n<h2><span class=\"ez-toc-section\" id=\"Syrakus_%E2%80%93_die_Perle_Siziliens\"><\/span><span style=\"font-size: x-large;\">Syracuse - la perle de la Sicile<\/span><span class=\"ez-toc-section-end\"><\/span><\/h2>\n<p>Siracusa, comme disent les Siciliens, se trouve sur la c\u00f4te est de la Sicile et est particuli\u00e8rement connue pour ses ruines antiques. La vieille ville se trouve sur la p\u00e9ninsule d'Ortigia. Lorsque la p\u00e9ninsule est devenue trop petite, la nouvelle ville de Syracuse s'est d\u00e9velopp\u00e9e sur la terre ferme. Ce qui s'appelle une perle a bien entendu son propre <a href=\"https:\/\/www.planbwagen.de\/fr\/italie\/syracuse-la-perle-de-la-sicile\/\">Contribution de Syracuse.<\/a><\/p>\n<p>[\/et_pb_text][\/et_pb_column][\/et_pb_row][et_pb_row _builder_version=&#8220;4.5.1&#8243; _module_preset=&#8220;default&#8220;][et_pb_column type=&#8220;4_4&#8243; _builder_version=&#8220;4.5.1&#8243; _module_preset=&#8220;default&#8220;][et_pb_text _builder_version=&#8220;4.5.1&#8243; _module_preset=&#8220;default&#8220; custom_padding=&#8220;2px|||||&#8220;]<\/p>\n<h2><span class=\"ez-toc-section\" id=\"Die_Schlucht_Cavagrande_del_Cassibile\"><\/span><span style=\"font-size: x-large;\">Les gorges de Cavagrande del Cassibile<\/span><span class=\"ez-toc-section-end\"><\/span><\/h2>\n<p>Les Siciliens appellent affectueusement ces gorges leur Grand Canyon. Comme nous avons d\u00e9j\u00e0 visit\u00e9 le Grand Canyon, nous voulons voir de quoi est capable la branche sicilienne. Nous pr\u00e9parons un petit sac \u00e0 dos avec un pique-nique, de l'eau et un maillot de bain. Juste ce qu'il faut pour changer des visites de villes, ici \u00e0 l'est. Vous trouverez ici le blog post <a href=\"https:\/\/www.planbwagen.de\/fr\/italie\/les-gorges-de-cavagrande-del-cassibile\/\">Cavagrande del Cassibile<\/a>.<\/p>\n<p>[\/et_pb_text][\/et_pb_column][\/et_pb_row][et_pb_row _builder_version=&#8220;4.5.1&#8243; _module_preset=&#8220;default&#8220;][et_pb_column type=&#8220;4_4&#8243; _builder_version=&#8220;4.5.1&#8243; _module_preset=&#8220;default&#8220;][et_pb_text _builder_version=&#8220;4.5.1&#8243; _module_preset=&#8220;default&#8220; link_option_url_new_window=&#8220;on&#8220;]<\/p>\n<h2><span class=\"ez-toc-section\" id=\"Onroad_und_offroad_von_Brucoli_nach_Noto\"><\/span><span style=\"font-size: x-large;\">Onroad et offroad de Brucoli \u00e0 Noto<\/span><span class=\"ez-toc-section-end\"><\/span><\/h2>\n<p>La Sicile pr\u00e9sente souvent des d\u00e9fis techniques. Si cela ne vous effraie pas, lisez cet article de blog O<a href=\"https:\/\/www.planbwagen.de\/fr\/italie\/de-brucoli-a-noto\/\">n- &amp; Off-Road<\/a>\u00a0 Ne passez pas \u00e0 c\u00f4t\u00e9 de cette contribution.\u00a0<\/p>\n<p>[\/et_pb_text][\/et_pb_column][\/et_pb_row][et_pb_row _builder_version=&#8220;4.5.1&#8243; _module_preset=&#8220;default&#8220;][et_pb_column type=&#8220;4_4&#8243; _builder_version=&#8220;4.5.1&#8243; _module_preset=&#8220;default&#8220;][et_pb_text _builder_version=&#8220;4.5.1&#8243; _module_preset=&#8220;default&#8220; link_option_url_new_window=&#8220;on&#8220;]<\/p>\n<h2><span class=\"ez-toc-section\" id=\"Noto_und_Noto_Antica\"><\/span><span style=\"font-size: x-large;\">Noto et Noto Antica<\/span><span class=\"ez-toc-section-end\"><\/span><\/h2>\n<p>Une visite de l'ancienne ville de Noto, d\u00e9truite par un grave tremblement de terre vers 1700, peut tr\u00e8s bien se combiner avec une visite de la nouvelle ville de Noto. Noto est plus proche de la c\u00f4te. Elle a \u00e9t\u00e9 construite dans le style baroque. C'est pourquoi il y a tant de magnifiques palais \u00e0 Noto. Aussi \u00e0 <a href=\"https:\/\/www.planbwagen.de\/fr\/italie\/noto-et-noto-antica\/\">Noto<\/a> fait l'objet d'un article de blog \u00e0 part enti\u00e8re.<\/p>\n<p>[\/et_pb_text][\/et_pb_column][\/et_pb_row][et_pb_row _builder_version=&#8220;4.5.1&#8243; _module_preset=&#8220;default&#8220;][et_pb_column type=&#8220;4_4&#8243; _builder_version=&#8220;4.5.1&#8243; _module_preset=&#8220;default&#8220;][et_pb_text _builder_version=&#8220;4.5.1&#8243; _module_preset=&#8220;default&#8220; link_option_url_new_window=&#8220;on&#8220;]<\/p>\n<h2><span class=\"ez-toc-section\" id=\"Isola_Bella\"><\/span><span style=\"font-size: x-large;\">Isola Bella<\/span><span class=\"ez-toc-section-end\"><\/span><\/h2>\n<p><span style=\"font-size: 18px;\">L'Isola Bella se trouve dans la 'Riserva Naturale Orientata Isola Bella'. Nous marchons environ 500 m\u00e8tres sur la route jusqu'\u00e0 ce que des marches descendent vers une plage de sable et l'Isola Bella. N'oubliez pas d'emporter vos affaires de bain. Tout autour de la plage, des panneaux d'information donnent des renseignements sur la faune et la flore de la r\u00e9serve naturelle. Il y a \u00e9galement de quoi se restaurer, avec deux bars de plage, dont l'un existe depuis 1965.<\/span><\/p>\n<p>En fait, l'Isola Bella n'est pas vraiment une \u00eele, mais une presqu'\u00eele, car on peut y acc\u00e9der par une langue de sable. Il est possible de visiter l'Isola Bella pour \u20ac 4,-. Le monde sous-marin autour de l'Isola Bella est cens\u00e9 \u00eatre tr\u00e8s beau. On peut louer du mat\u00e9riel de snorkeling et de plong\u00e9e \u00e0 l'\u00e9cole de plong\u00e9e Padi sur la plage.<\/p>\n<p>En 1890, Florence Trevelyan a achet\u00e9 l'\u00eele pour 15 000 \u20ac de lires. La signora Trevelyan \u00e9tait une cousine de la reine Victoria et l'\u00e9pouse du maire de Taormine. Elle y construisit une petite villa pittoresque et y am\u00e9nagea un jardin de plantes exotiques.<\/p>\n<p>Depuis 1990, l'\u00eele appartient au gouvernement sicilien et a \u00e9t\u00e9 d\u00e9clar\u00e9e r\u00e9serve naturelle en 1998. Depuis 2011, elle d\u00e9pend de l'universit\u00e9 de Catane.<\/p>\n<h2><span class=\"ez-toc-section\" id=\"Taormina\"><\/span><span style=\"font-size: x-large;\">Taormina<\/span><span class=\"ez-toc-section-end\"><\/span><\/h2>\n<p>La vieille ville pittoresque est situ\u00e9e sur le Monte Tauro, \u00e0 environ 200 m\u00e8tres au-dessus de la mer, sur la c\u00f4te est de la Sicile, entre Messine et Catane. Par beau temps, on a non seulement une vue fantastique sur l'Etna, mais on aper\u00e7oit aussi la c\u00f4te calabraise sur la terre ferme. Cette ville m\u00e9rite un article \u00e0 part enti\u00e8re, que vous pouvez lire ici. <a href=\"https:\/\/www.planbwagen.de\/fr\/italie\/taormina-et-lisola-bella\/\">ici<\/a> trouve.<\/p>\n<p>[\/et_pb_text][\/et_pb_column][\/et_pb_row][et_pb_row column_structure=&#8220;1_2,1_2&#8243; _builder_version=&#8220;4.5.1&#8243; _module_preset=&#8220;default&#8220;][et_pb_column type=&#8220;1_2&#8243; _builder_version=&#8220;4.5.1&#8243; _module_preset=&#8220;default&#8220;][et_pb_image src=&#8220;https:\/\/www.planbwagen.de\/wp-content\/uploads\/2021\/06\/Riserva-Naturale-Orientata-Isola-Bella-Kleinod-am-Fu\u00dfe-des-Etna-1024&#215;576.jpg&#8220; alt=&#8220;Taormina | Riserva Naturale Orientata Isola Bella | Kleinod am Fu\u00dfe des Etna&#8220; title_text=&#8220;Riserva Naturale Orientata Isola Bella &#8211; Kleinod am Fu\u00dfe des Etna&#8220; url=&#8220<div class=\"ikn-evt-container\">\r\n    <iframe\r\n            width=\"100%\"\r\n            class=\"ikn-evt-iframe\"\r\n            srcdoc=\"<style>\n    * {\n    padding:0;\n    margin:0;\n    overflow:hidden\n}\n\nhtml, body {\n    height:100%\n}\n\n.ikn-evt-container {\n    position: relative;\n    padding-bottom: 56.25%;\n    height: 0;\n}\n\n.ikn-evt-container iframe {\n    position: absolute;\n    top: 0;\n    left: 0;\n    width: 100%;\n    height: 100%;\n}\n\n.ikn-evt-frame {\n    display: block;\n    position: relative;\n    padding-bottom: 56.23%;\n    height: 0;\n    overflow: hidden;\n    max-width: 100%;\n    background: #000;\n}\n\n.ikn-evt-frame img.ikn-evt-thumbnail {\n    bottom: 0;\n    display: block;\n    left: 0;\n    margin: auto;\n    max-width: 100%;\n    width: 100%;\n    position: absolute;\n    right: 0;\n    top: 0;\n    border: none;\n    height: auto;\n    cursor: pointer;\n    -webkit-transition: .4s all;\n    -moz-transition: .4s all;\n    transition: .4s all;\n}\n\n.ikn-evt-frame[data-source=youtube] img.ikn-evt-thumbnail {\n    top: -63px;\n    bottom: -63px;\n}\n\n.ikn-evt-frame:hover img.ikn-evt-thumbnail {\n    -webkit-filter: brightness(75%);\n}\n\n.ikn-evt-frame .ikn-evt-play-button {\n    height: 20%;\n    width: 13%;\n    left: 44%;\n    top: 42%;\n    position: absolute;\n    cursor: pointer;\n    z-index: 1;\n    background-size: contain !important;\n}\n\n.ikn-evt-frame .ikn-evt-heading {\n    width: 100%;\n    position: absolute;\n    top: 0;\n    background: rgba(0, 0, 0, .5);\n    left: 0;\n    padding: 0.7em;\n    box-sizing: border-box;\n}\n\n.ikn-evt-frame .ikn-evt-heading .ikn-evt-heading-title {\n    font-weight: bold;\n    font-size: 1.5em;\n    color: #FFFFFF;\n    line-height: 30px;\n    margin: 0;\n    cursor: pointer;\n}.ikn-evt-frame[data-source=youtube] \r\n            .ikn-evt-play-button {background:url('https:\/\/www.planbwagen.de\/wp-content\/plugins\/embed-video-thumbnail\/assets\/images\/youtube-72-72.png') no-repeat;}.ikn-evt-frame[data-source=vimeo] \r\n            .ikn-evt-play-button {background:url('https:\/\/www.planbwagen.de\/wp-content\/plugins\/embed-video-thumbnail\/assets\/images\/play-default.png') no-repeat;}.ikn-evt-frame[data-source=dailymotion] \r\n            .ikn-evt-play-button {background:url('https:\/\/www.planbwagen.de\/wp-content\/plugins\/embed-video-thumbnail\/assets\/images\/play-default.png') no-repeat;}.ikn-evt-frame[data-source=facebook] \r\n            .ikn-evt-play-button {background:url('https:\/\/www.planbwagen.de\/wp-content\/plugins\/embed-video-thumbnail\/assets\/images\/play-default.png') no-repeat;}<\/style><div    class='ikn-evt-frame'    data-source='youtube'>    <a class='ikn-evt-link' href='\/\/www.youtube-nocookie.com\/embed\/bBg75i93j6U?controls=1&autoplay=1&enablejsapi=1&rel=1'>        <span class='ikn-evt-play-button'><\/span>                    <img                class='ikn-evt-thumbnail'                src='\/wp-content\/uploads\/ikana-embed-video-thumbnail\/youtube\/bBg75i93j6U-hqdefault.jpg'                alt='bBg75i93j6U'            \/>                    <\/a><\/div><script>\n    document\n        .querySelector('.ikn-evt-link')\n        .addEventListener('click', function(e) {\n                e.preventDefault();\n                e.stopPropagation();\n                window.location.replace(this.href);\n                return false;\n            }\n        )\n    ;\n<\/script>\"\r\n            frameborder=\"0\"\r\n            allow=\"accelerometer; encrypted-media; gyroscope; picture-in-picture\"\r\n            allowfullscreen\r\n title=\"bBg75i93j6U\"\r\n            loading=\"lazy\"\r\n            src=\"\/\/www.youtube-nocookie.com\/embed\/bBg75i93j6U?controls=1&autoplay=1&enablejsapi=1&rel=1\"\r\n    ><\/iframe>\r\n<\/div>8220; url_new_window=&#8220;on&#8220; _builder_version=&#8220;4.5.1&#8243; _module_preset=&#8220;default&#8220;][\/et_pb_image][\/et_pb_column][\/et_pb_row][et_pb_row _builder_version=&#8220;4.5.1&#8243; _module_preset=&#8220;default&#8220;][et_pb_column type=&#8220;4_4&#8243; _builder_version=&#8220;4.5.1&#8243; _module_preset=&#8220;default&#8220;][et_pb_text _builder_version=&#8220;4.5.1&#8243; _module_preset=&#8220;default&#8220; link_option_url_new_window=&#8220;on&#8220;]<\/p>\n<h2><span class=\"ez-toc-section\" id=\"Ponte_Dei_Saraceni\"><\/span><span style=\"font-size: x-large;\">Ponte Dei Saraceni\u00a0<\/span><span class=\"ez-toc-section-end\"><\/span><\/h2>\n<p>Un pont en arc normand au pied de l'Etna.\u00a0<span style=\"font-size: 18px;\">Dei Saraceni, rien que le nom sonne comme quelque chose de sp\u00e9cial, n'est-ce pas ? - Mais cela vaut-il la peine de le visiter ? Nous pensons que oui, et nous sommes r\u00e9compens\u00e9s. Bien que ce pont, qui remonte au 9e si\u00e8cle, ressemble \u00e0 un pont sarrasin, il s'agit en fait d'un ouvrage normand qui enjambe les rives du Simeto. D'un c\u00f4t\u00e9, nous profitons de la vue sur le tumultueux Simeto, le plus grand cours d'eau sicilien. Et de l'autre c\u00f4t\u00e9, l'Etna se dresse au coucher du soleil. Entre-temps, nous apercevons m\u00eame \u00e0 quelques reprises quelques nuages de cendres au-dessus du crat\u00e8re.<\/span><\/p>\n<p>[\/et_pb_text][et_pb_text _builder_version=&#8220;4.5.1&#8243; _module_preset=&#8220;default&#8220; link_option_url_new_window=&#8220;on&#8220;]<\/p>\n<h2 class=\"_7UhW9       fKFbl yUEEX   KV-D4          uL8Hv\"><span class=\"ez-toc-section\" id=\"Megaliti_di_Argimusco\"><\/span><span style=\"font-size: x-large;\">M\u00e9galiti d'Argimusco<\/span><span class=\"ez-toc-section-end\"><\/span><\/h2>\n<p>Aujourd'hui, nous nous dirigeons vers Argimusco, un haut plateau au nord de l'Etna. Nous reprenons rapidement de l'altitude. De l\u00e0-haut, c'est-\u00e0-dire \u00e0 environ 1100 m\u00e8tres, on a une vue fantastique sur l'Etna, les \u00eeles Lipari, ainsi que sur diverses montagnes et vall\u00e9es.<\/p>\n<p>Mais notre objectif du jour est une formation rocheuse, appel\u00e9e m\u00e9galithes et dolmens. On les appelle ainsi parce qu'on ne sait pas si ces formations ont \u00e9t\u00e9 cr\u00e9\u00e9es par une population pr\u00e9historique ou si elles ont une origine purement naturelle.<\/p>\n<p>Ce n'est donc pas un Stonehenge sicilien. Mais pour nous, cela valait le d\u00e9placement. D'autant plus que les \"sculptures\" en pierre sont de toute fa\u00e7on passionnantes. Pour nous, cela en valait la peine.<\/p>\n<p>[\/et_pb_text][et_pb_text _builder_version=&#8220;4.5.1&#8243; _module_preset=&#8220;default&#8220; custom_padding=&#8220;4px|||||&#8220;]<\/p>\n<h2 class=\"_7UhW9       fKFbl yUEEX   KV-D4          uL8Hv\"><span class=\"ez-toc-section\" id=\"Linguaglossa_Etna_Nord\"><\/span><span style=\"font-size: x-large;\">Linguaglossa Etna Nord<\/span><span class=\"ez-toc-section-end\"><\/span><\/h2>\n<p>Wie man sich bettet, so liegt man&#8220;, sagt der Volksmund. &#8211; Ob das Zitat auch f\u00fcr ein Leben nach dem Tod gilt?<br \/>Si c'est le cas, les propri\u00e9taires des tombes d'un petit cimeti\u00e8re italien \u00e0 Linguaglossa, au pied de l'Etna, ont tout fait correctement.<\/p>\n<p>Ce qui nous am\u00e8ne \u00e0 nous demander si tous ceux qui reposent ici ont eu un logement aussi mondain de leur vivant ?<br \/>Ne vous inqui\u00e9tez pas, m\u00eame si l'Etna fait de dr\u00f4les de bruits en arri\u00e8re-plan, nous n'avons pas peur de mourir rapidement.<br \/>Et si nous devions tout de m\u00eame y passer, la variante \"cendres dans la mer\" nous conviendrait mieux. Mais qu'est-ce qui pousse les gens \u00e0 construire des tombes aussi pompeuses ? M\u00eame si l'on croit \u00e0 la vie apr\u00e8s la mort, il n'y a ici que quelques os.<\/p>\n<p>[\/et_pb_text][\/et_pb_column][\/et_pb_row][et_pb_row _builder_version=&#8220;4.5.1&#8243; _module_preset=&#8220;default&#8220;][et_pb_column type=&#8220;4_4&#8243; _builder_version=&#8220;4.5.1&#8243; _module_preset=&#8220;default&#8220;][et_pb_text _builder_version=&#8220;4.5.1&#8243; _module_preset=&#8220;default&#8220;]<\/p>\n<h2><span class=\"ez-toc-section\" id=\"Cimitero_militare_germanico_di_Motta_SantAnastasia\"><\/span><span style=\"font-size: x-large;\">Cimitero militare germanico di Motta Sant'Anastasia<\/span><span class=\"ez-toc-section-end\"><\/span><\/h2>\n<p>Lorsque l'on \u00e9voque le \"d\u00e9barquement alli\u00e9\", presque tout le monde pense automatiquement \u00e0 l'\u00e9t\u00e9 1944, \u00e0 la Normandie et \u00e0 ce que l'on appelle le \"jour J\".<\/p>\n<p>On a de plus en plus oubli\u00e9 que les Alli\u00e9s avaient d\u00e9j\u00e0 d\u00e9barqu\u00e9 en Sicile un an auparavant. Pourtant, l'op\u00e9ration Husky, et non le D-Day, fut la plus grande op\u00e9ration amphibie de la Seconde Guerre mondiale. Pr\u00e8s de 15000 soldats, dont 4678 Allemands et 4325 Italiens, ont perdu la vie dans ce massacre insens\u00e9. Ils ne sont pas tomb\u00e9s, ils ont litt\u00e9ralement mordu la poussi\u00e8re.<\/p>\n<p>4561 soldats allemands ont trouv\u00e9 leur derni\u00e8re demeure dans le cimeti\u00e8re de guerre de Motta Sant'Anastasia. Parmi eux, mon arri\u00e8re-grand-oncle Karl-Heinz H\u00e4usgen. Ce qui devait \u00eatre un geste pour ma tante Rosemarie a touch\u00e9 mon c\u0153ur au plus profond. Ce cimeti\u00e8re de guerre n'est pas un cimeti\u00e8re militaire classique, et encore moins un cimeti\u00e8re de h\u00e9ros. Bien que situ\u00e9 dans une oliveraie et flanqu\u00e9 de la mer et de l'Etna, il n'a rien d'idyllique. De l'ext\u00e9rieur, le mausol\u00e9e semble paisible. D\u00e8s que j'ai p\u00e9n\u00e9tr\u00e9 dans les cours int\u00e9rieures, j'ai ressenti une \u00e9nergie irr\u00e9pressible.<\/p>\n<p>[\/et_pb_text][\/et_pb_column][\/et_pb_row][et_pb_row _builder_version=&#8220;4.5.1&#8243; _module_preset=&#8220;default&#8220;][et_pb_column type=&#8220;4_4&#8243; _builder_version=&#8220;4.5.1&#8243; _module_preset=&#8220;default&#8220;][et_pb_text _builder_version=&#8220;4.5.1&#8243; _module_preset=&#8220;default&#8220;]<\/p>\n<h2><span class=\"ez-toc-section\" id=\"Licht_und_Schatten\"><\/span><span style=\"font-size: x-large;\">Ombre et lumi\u00e8re<\/span><span class=\"ez-toc-section-end\"><\/span><\/h2>\n<p>Le Spiegel rapporte que des influenceurs ont \u00e9t\u00e9 expuls\u00e9s de Bali parce qu'ils ne respectaient pas seulement les r\u00e8gles en mati\u00e8re de visas et les conditions de la Corona, mais qu'ils romantisaient en outre le pays comme \"un paradis qui n'a rien \u00e0 voir avec la r\u00e9alit\u00e9\".<\/p>\n<p>Bien que nous soyons loin d'\u00eatre des influenceurs, on nous demande souvent pourquoi nous voyageons \u00e0 \"l'\u00e9poque actuelle\". \u00c9tant donn\u00e9 que nous faisons d\u00e9sormais partie du WAGENVOLK, c'est-\u00e0-dire que nous sommes des vanlifers \u00e0 plein temps, nous sommes d\u00e9j\u00e0 all\u00e9s en Sicile lorsque celle-ci est devenue le hotspot de la Corona. Nous ne pouvons recommander \u00e0 personne de venir ici en ce moment. Les possibilit\u00e9s de d\u00e9placement sont limit\u00e9es, ce qui est tout \u00e0 fait normal. C'est pour notre protection \u00e0 tous.<\/p>\n<p>Et oui, nous montrons plus de photos de la plage et de la mer que de la face cach\u00e9e de l'\u00eele. Ceux qui n'en ont pas assez des nouvelles n\u00e9gatives peuvent toujours aller voir les d\u00e9charges sauvages. Il y en a plus qu'assez. Il y en a malheureusement beaucoup trop. Et quand on fait un Beach CleanUp, on ne sait plus o\u00f9 donner de la t\u00eate avec les d\u00e9chets.<\/p>\n<p>D'un autre c\u00f4t\u00e9, il y a toujours des d\u00e9charges o\u00f9 les d\u00e9chets sont tri\u00e9s avec une propret\u00e9 que l'on ne retrouve m\u00eame pas en Allemagne.<\/p>\n<p>Nous continuerons \u00e0 montrer la v\u00e9rit\u00e9 non filtr\u00e9e. Mais cela signifie que nous n'utilisons pas de filtres. Et oui, nous aimons montrer les impressions que nous recherchons nous-m\u00eames. C'est ainsi que notre bus se retrouve \u00e0 la fin de la journ\u00e9e sur la plage et non dans une d\u00e9charge.<\/p>\n<p>Mais il n'y a pas que des ombres, il y a aussi de la lumi\u00e8re. De nombreux Siciliens profitent de cette p\u00e9riode pour faire le m\u00e9nage. Ils attendent avec impatience l'arriv\u00e9e des touristes d\u00e8s que la normalit\u00e9 sera revenue.<span><\/span><\/p>\n<p><span>La Sicile est magnifique. Il y a tant de belles choses \u00e0 d\u00e9couvrir : Nous aimons les villes baroques que nous avons connues lors de pr\u00e9c\u00e9dents voyages. De superbes monuments, dont certains sont class\u00e9s au patrimoine culturel de l'UNESCO. Nous aimons les Madonies et leur nature magnifique. Nous aimons la diversit\u00e9, tant\u00f4t une c\u00f4te accident\u00e9e, tant\u00f4t une plage de sable. Avec ce fantastique bleu turquoise de la mer. Nous aimons Cefal\u00f9, o\u00f9 nous avons pass\u00e9 quelques semaines \u00e0 No\u00ebl. J'aime le caract\u00e8re d\u00e9tendu, amical et serviable des Siciliens.<\/span><\/p>\n<p><span>Nous adorons la cuisine sicilienne, m\u00eame si les restaurants sont malheureusement ferm\u00e9s en ce moment. Mais les petits apes de fruits et l\u00e9gumes nous ont enthousiasm\u00e9s. Et de nombreux magasins de fruits et l\u00e9gumes proposent de v\u00e9ritables d\u00e9lices, tant\u00f4t le vin rouge jeune et super savoureux dans des bouteilles en plastique pour une somme modique, tant\u00f4t des artichauts au barbecue. Si vous aimez manger et boire autant que nous, vous \u00eates au bon endroit.<\/span><\/p>\n<p><span>La Sicile est comme l'Italie, mais en plus italien. Les Siciliens nous donnent une impression de fiert\u00e9, peut-\u00eatre parce qu'ils ont souffert dans le pass\u00e9 des changements de domination.<\/span><\/p>\n<p><span>Cela nous fait mal au c\u0153ur de voir que cette \u00eele magnifique a de si gros probl\u00e8mes. Pas seulement le probl\u00e8me des d\u00e9chets, mais aussi le ch\u00f4mage. De nombreux Siciliens doivent quitter leur pays parce qu'ils ne trouvent pas de travail. Nous voyons tant de maisons abandonn\u00e9es dans des endroits magnifiques. La situation \u00e9conomique ici est difficile. Et depuis Corona, c'est encore plus difficile.<\/span><\/p>\n<p><span>Ce n'est pas de la piti\u00e9, le Sicilien s'en serait bien pass\u00e9. Il est trop fier pour cela. Et c'est bien ainsi.<\/span><\/p>\n<p>[\/et_pb_text][\/et_pb_column][\/et_pb_row][et_pb_row _builder_version=&#8220;4.5.1&#8243; _module_preset=&#8220;default&#8220;][et_pb_column type=&#8220;4_4&#8243; _builder_version=&#8220;4.5.1&#8243; _module_preset=&#8220;default&#8220;][et_pb_text _builder_version=&#8220;4.5.1&#8243; _module_preset=&#8220;default&#8220;]<\/p>\n<h2><span class=\"ez-toc-section\" id=\"Fazit\"><\/span><span style=\"font-size: x-large;\">Conclusion<\/span><span class=\"ez-toc-section-end\"><\/span><\/h2>\n<p>Quel est donc le bilan apr\u00e8s cette longue p\u00e9riode, apr\u00e8s cinq mois de voyages \u00e0 travers le monde ? Sacr\u00e9ment long, non ? - C'est ce que nous avons pens\u00e9 apr\u00e8s nous \u00eatre un peu renseign\u00e9s au pr\u00e9alable. Nous sommes d\u00e9j\u00e0 all\u00e9s sur l'\u00eele et bien s\u00fbr, il y a quelques blogs. Mais en cherchant sur Google, on trouve surtout des blogs optimis\u00e9s pour le r\u00e9f\u00e9rencement. La Sicile en sept, en huit, en dix jours. Mais est-ce suffisant ? Peut-\u00eatre pour se faire une premi\u00e8re impression. Mais s'il y a bien une chose qui nous est apparue clairement sur cette \u00eele, c'est sa diversit\u00e9. Il n'y a pas qu'une seule Sicile, pas seulement les belles petites villes baroques, les villages de p\u00eacheurs et de montagne, la mer, les montagnes et les lacs.<\/p>\n<p>La Sicile, c'est plus, beaucoup plus. Bien s\u00fbr, il n'y a pas que les beaux c\u00f4t\u00e9s. Nous avons aussi parl\u00e9 un peu des c\u00f4t\u00e9s sombres. Mais souvent, ce sont justement ces sites un peu d\u00e9labr\u00e9s, ces Lost Places, ces villages abandonn\u00e9s qui ont un charme tout particulier. Et au-dessus de tout cela tr\u00f4ne Mama Etna, comme les Siciliens appellent affectueusement leur volcan.<\/p>\n<p>La Sicile a trop de choses \u00e0 offrir pour qu'on la d\u00e9couvre sous la pression du temps. Bien s\u00fbr, tout le monde ne peut pas se lib\u00e9rer cinq mois pour visiter cette \u00eele. Prenons un exemple : en fin de compte, nous pouvons dire que m\u00eame 5 mois n'ont pas suffi pour tout explorer. Mais cela a suffi pour tomber un peu amoureux de l'\u00eele. Conclusion : prends tout le temps que tu peux consacrer \u00e0 cette \u00eele. La Sicile en vaut la peine !<\/p>\n<p>[\/et_pb_text][\/et_pb_column][\/et_pb_row][\/et_pb_section]<\/p>","protected":false},"excerpt":{"rendered":"<p>[et_pb_section fb_built=&#8220;1&#8243; _builder_version=&#8220;4.5.1&#8243; _module_preset=&#8220;default&#8220; link_option_url_new_window=&#8220;on&#8220;][et_pb_row _builder_version=&#8220;4.5.1&#8243; _module_preset=&#8220;default&#8220; link_option_url_new_window=&#8220;on&#8220;][et_pb_column type=&#8220;4_4&#8243; _builder_version=&#8220;4.5.1&#8243; _module_preset=&#8220;default&#8220;][et_pb_text _builder_version=&#8220;4.5.1&#8243; _module_preset=&#8220;default&#8220; link_option_url_new_window=&#8220;on&#8220;] Sizilien Step by Step Insgesamt waren wir f\u00fcnf Monate auf Sizilien auf Tour. Folgen nun jede Menge Tipps zu Campingpl\u00e4tzen? Nein, denn wir haben keinen einzigen zu Gesicht bekommen. Zu Restaurants? Nein, auch das nicht. Denn diese waren entweder aufgrund unserer [&hellip;]<\/p>","protected":false},"author":1,"featured_media":12383,"comment_status":"open","ping_status":"open","sticky":false,"template":"","format":"standard","meta":{"_et_pb_use_builder":"on","_et_pb_old_content":"","_et_gb_content_width":"","footnotes":""},"categories":[32,39],"tags":[],"class_list":["post-12022","post","type-post","status-publish","format-standard","has-post-thumbnail","hentry","category-italien","category-sizilien"],"_links":{"self":[{"href":"https:\/\/www.planbwagen.de\/fr\/wp-json\/wp\/v2\/posts\/12022","targetHints":{"allow":["GET"]}}],"collection":[{"href":"https:\/\/www.planbwagen.de\/fr\/wp-json\/wp\/v2\/posts"}],"about":[{"href":"https:\/\/www.planbwagen.de\/fr\/wp-json\/wp\/v2\/types\/post"}],"author":[{"embeddable":true,"href":"https:\/\/www.planbwagen.de\/fr\/wp-json\/wp\/v2\/users\/1"}],"replies":[{"embeddable":true,"href":"https:\/\/www.planbwagen.de\/fr\/wp-json\/wp\/v2\/comments?post=12022"}],"version-history":[{"count":59,"href":"https:\/\/www.planbwagen.de\/fr\/wp-json\/wp\/v2\/posts\/12022\/revisions"}],"predecessor-version":[{"id":14386,"href":"https:\/\/www.planbwagen.de\/fr\/wp-json\/wp\/v2\/posts\/12022\/revisions\/14386"}],"wp:featuredmedia":[{"embeddable":true,"href":"https:\/\/www.planbwagen.de\/fr\/wp-json\/wp\/v2\/media\/12383"}],"wp:attachment":[{"href":"https:\/\/www.planbwagen.de\/fr\/wp-json\/wp\/v2\/media?parent=12022"}],"wp:term":[{"taxonomy":"category","embeddable":true,"href":"https:\/\/www.planbwagen.de\/fr\/wp-json\/wp\/v2\/categories?post=12022"},{"taxonomy":"post_tag","embeddable":true,"href":"https:\/\/www.planbwagen.de\/fr\/wp-json\/wp\/v2\/tags?post=12022"}],"curies":[{"name":"wp","href":"https:\/\/api.w.org\/{rel}","templated":true}]}}