{"id":1193,"date":"2019-12-30T19:21:59","date_gmt":"2019-12-30T19:21:59","guid":{"rendered":""},"modified":"2021-07-03T20:57:32","modified_gmt":"2021-07-03T18:57:32","slug":"tag-no-117-fur-immer-jung-parque-nacional-de-donana","status":"publish","type":"post","link":"https:\/\/www.planbwagen.de\/fr\/espagne\/jour-no-117-pour-toujours-jeune-parque-nacional-de-donana\/","title":{"rendered":"Jour No. 117 - Toujours jeune ... - Parque Nacional de Do\u00f1ana"},"content":{"rendered":"<p>[et_pb_section fb_built=&#8220;1&#8243; _builder_version=&#8220;4.5.1&#8243; _module_preset=&#8220;default&#8220;][et_pb_row _builder_version=&#8220;4.5.1&#8243; _module_preset=&#8220;default&#8220;][et_pb_column type=&#8220;4_4&#8243; _builder_version=&#8220;4.5.1&#8243; _module_preset=&#8220;default&#8220;][et_pb_text _builder_version=&#8220;4.5.1&#8243; _module_preset=&#8220;default&#8220;]<\/p>\n<p><em><strong><span>&#8222;&#8230;ein Leben lang f\u00fcr immer jung<\/span><\/strong><\/em><\/p>\n<p><em><strong><span>Tu dois te souvenir des bons moments<\/span><\/strong><\/em><\/p>\n<p><em><strong><span>Denn nichts ist f\u00fcr immer&#8220;<\/span><\/strong><\/em><\/p>\n<p>&nbsp;<\/p>\n<p>Le nouveau jour apporte \u00e9galement du soleil et un ciel bleu \u00e9clatant. - Mais il est loin d'\u00eatre aussi chaud que la veille. On pourrait m\u00eame dire que cette nuit, il faisait d\u00e9j\u00e0 un peu d'ombre. Et pourtant, nous sommes \u00e0 S\u00e9ville, ou du moins \u00e0 la p\u00e9riph\u00e9rie. Torgit n'avait-il pas affirm\u00e9 qu'il ne s'agissait pas seulement de la plus belle ville d'Espagne, mais aussi de la plus chaude ? - Pour moi, c'est trop de superlatifs. - Mais il est int\u00e9ressant de noter que la sieste y est, para\u00eet-il, la plus longue. En tout cas, les magasins font une pause de quatre \u00e0 cinq heures \u00e0 midi. Et ce, m\u00eame en hiver. Je pourrais m'y habituer.\u00a0\u00a0<\/p>\n<p>Mais nous d\u00e9cidons d'aller de l'avant. Il est donc temps de faire nos bagages. - Le propri\u00e9taire d'une VW California Ocean espagnole nous fait ses adieux et nous donne encore quelques conseils pour la route. - Les gars du club d'aviron se mettent aussi \u00e0 l'\u0153uvre.<\/p>\n<p>Doch zuerst m\u00fcssen, d\u00fcrfen wir\u00a0einkaufen. Wir ergattern eine\u00a0riesige\u00a0Ananas. Ich bin gespannt, wie sie schmeckt. Und\u00a0schon\u00a0geht es auf die Bahn, A-4 kommt mir bekannt vor. Dabei wollen wir doch gar nicht nach Aachen. \ud83d\ude09 Bei Dos Hermanas wechseln wir auf die Landstra\u00dfe. (Anm. von Torgit:\u00a0 Die Ananas hat 2,6kg. Leider vergesse ich immer wieder, dass hier s\u00e4mtliches Obst und Gem\u00fcse nach Gewicht bezahlt wird, und nicht wie bei uns pro St\u00fcck. Sonst h\u00e4tte ich eine kleinere gew\u00e4hlt)<\/p>\n<p>[\/et_pb_text][\/et_pb_column][\/et_pb_row][et_pb_row column_structure=&#8220;1_3,1_3,1_3&#8243; _builder_version=&#8220;4.5.1&#8243; _module_preset=&#8220;default&#8220;][et_pb_column type=&#8220;1_3&#8243; _builder_version=&#8220;4.5.1&#8243; _module_preset=&#8220;default&#8220;][et_pb_image src=&#8220;https:\/\/www.planbwagen.de\/wp-content\/uploads\/2020\/09\/a-1.jpg&#8220; title_text=&#8220;a&#8220; _builder_version=&#8220;4.5.1&#8243; _module_preset=&#8220;default&#8220;][\/et_pb_image][\/et_pb_column][et_pb_column type=&#8220;1_3&#8243; _builder_version=&#8220;4.5.1&#8243; _module_preset=&#8220;default&#8220;][et_pb_image src=&#8220;https:\/\/www.planbwagen.de\/wp-content\/uploads\/2020\/09\/b-1.jpg&#8220; title_text=&#8220;b&#8220; _builder_version=&#8220;4.5.1&#8243; _module_preset=&#8220;default&#8220;][\/et_pb_image][\/et_pb_column][et_pb_column type=&#8220;1_3&#8243; _builder_version=&#8220;4.5.1&#8243; _module_preset=&#8220;default&#8220;][et_pb_image src=&#8220;https:\/\/www.planbwagen.de\/wp-content\/uploads\/2020\/09\/c-1.jpg&#8220; title_text=&#8220;c&#8220; _builder_version=&#8220;4.5.1&#8243; _module_preset=&#8220;default&#8220;][\/et_pb_image][\/et_pb_column][\/et_pb_row][et_pb_row _builder_version=&#8220;4.5.1&#8243; _module_preset=&#8220;default&#8220;][et_pb_column type=&#8220;4_4&#8243; _builder_version=&#8220;4.5.1&#8243; _module_preset=&#8220;default&#8220;][et_pb_text _builder_version=&#8220;4.5.1&#8243; _module_preset=&#8220;default&#8220;]<\/p>\n<p>Als grobe Richtung ist Cadiz geplant. Doch bevor wir in die n\u00e4chste Stadt fahren, suchen wir erst einmal l\u00e4ndliches Idyll. &#8211; Gerade ruft Thiemo, ein Freund aus K\u00f6ln an. &#8211; Neben der Frage, wo wir gerade stecken kommt, ein Klassiker. &#8211; &#8222;Wo feiert ihr Silvester?&#8220; &#8211; Mir kommt die Frage bekannt vor. &#8211; Vor Weihnachten wurden wir\u00a0ebenfalls st\u00e4ndig gefragt, wo und wie wir denn feiern. &#8211; Komischerweise wussten wir dies erst am selbigen Tag. &#8211; Wir merken mehr und mehr, dass uns solche Termine weniger wichtig geworden sind. Wie sollen wir auch Silvester planen, wissen wir doch morgens meist nicht einmal, wo wir\u00a0des Abends landen. &#8211; So wie heute. (Anm. von Torgit: Morgens? Wir wissen oft nachmittags noch nicht wo wir schlafen \ud83d\ude09\u00a0 )<\/p>\n<p>Nous avons pass\u00e9 les derniers jours au bord du Guadalquivir, le cinqui\u00e8me plus long fleuve d'Espagne. Il passe devant S\u00e9ville et se jette dans le golfe de Cadix \u00e0 Sanl\u00facar de Barrameda. Il suffit donc de rester parall\u00e8le au fleuve. Comme pr\u00e9vu, la route devient de plus en plus rurale.  - \u00c0 gauche et \u00e0 droite de la route, des champs, des cultures, des canaux d'irrigation et l'une ou l'autre \u00e9olienne semblent d\u00e9filer \u00e0 l'infini. - Soudain, nous voyons au-dessus d'un des champs un grand nombre d'oiseaux qui volent en cercle vers le haut, dans des trajectoires de plus en plus grandes. L'ensemble ressemble \u00e0 une sorte de tourbillon. C'est un spectacle passionnant, mais malheureusement, nous n'avons aucune id\u00e9e de la raison de ce ph\u00e9nom\u00e8ne. S'agit-il de grues ou de cigognes ? Nous ne pouvons pas le savoir exactement. Nous le pensons, mais nous n'en sommes pas s\u00fbrs.\u00a0<\/p>\n<p>[\/et_pb_text][\/et_pb_column][\/et_pb_row][et_pb_row _builder_version=&#8220;4.5.1&#8243; _module_preset=&#8220;default&#8220;][et_pb_column type=&#8220;4_4&#8243; _builder_version=&#8220;4.5.1&#8243; _module_preset=&#8220;default&#8220;][et_pb_image src=&#8220;https:\/\/www.planbwagen.de\/wp-content\/uploads\/2020\/09\/d-1.jpg&#8220; title_text=&#8220;d&#8220; _builder_version=&#8220;4.5.1&#8243; _module_preset=&#8220;default&#8220;][\/et_pb_image][\/et_pb_column][\/et_pb_row][et_pb_row _builder_version=&#8220;4.5.1&#8243; _module_preset=&#8220;default&#8220;][et_pb_column type=&#8220;4_4&#8243; _builder_version=&#8220;4.5.1&#8243; _module_preset=&#8220;default&#8220;][et_pb_text _builder_version=&#8220;4.5.1&#8243; _module_preset=&#8220;default&#8220;]<\/p>\n<p><span>Beaucoup d'endroits ici, c'est certainement la meilleure description. Nous quittons la route et trouvons un petit coin tranquille au bord d'un canal. C'est l'heure du petit-d\u00e9jeuner, il n'est que 14 heures. - Un paysan passe par l\u00e0, visiblement irrit\u00e9 par cette nouvelle visite. - Ensuite, nous continuons notre route, la verdure alterne avec les p\u00e2turages secs. Ce que je trouve particuli\u00e8rement passionnant, c'est qu'\u00e0 un moment donn\u00e9, on a l'impression d'\u00eatre dans une r\u00e9gion plate, puis quelques minutes plus tard, on traverse un paysage vallonn\u00e9. - De temps en temps, nous rencontrons aussi une \u00e9pave de voiture. - Puis c'est \u00e0 nouveau un champ rempli d'installations photovolta\u00efques. - Nous ne pouvons pas rivaliser avec notre sac solaire.<\/span><\/p>\n<p>[\/et_pb_text][\/et_pb_column][\/et_pb_row][et_pb_row column_structure=&#8220;1_3,1_3,1_3&#8243; _builder_version=&#8220;4.5.1&#8243; _module_preset=&#8220;default&#8220;][et_pb_column type=&#8220;1_3&#8243; _builder_version=&#8220;4.5.1&#8243; _module_preset=&#8220;default&#8220;][et_pb_image src=&#8220;https:\/\/www.planbwagen.de\/wp-content\/uploads\/2020\/09\/e-1.jpg&#8220; title_text=&#8220;e&#8220; _builder_version=&#8220;4.5.1&#8243; _module_preset=&#8220;default&#8220;][\/et_pb_image][\/et_pb_column][et_pb_column type=&#8220;1_3&#8243; _builder_version=&#8220;4.5.1&#8243; _module_preset=&#8220;default&#8220;][et_pb_image src=&#8220;https:\/\/www.planbwagen.de\/wp-content\/uploads\/2020\/09\/f-1.jpg&#8220; title_text=&#8220;f&#8220; _builder_version=&#8220;4.5.1&#8243; _module_preset=&#8220;default&#8220;][\/et_pb_image][\/et_pb_column][et_pb_column type=&#8220;1_3&#8243; _builder_version=&#8220;4.5.1&#8243; _module_preset=&#8220;default&#8220;][et_pb_image src=&#8220;https:\/\/www.planbwagen.de\/wp-content\/uploads\/2020\/09\/g-1.jpg&#8220; title_text=&#8220;g&#8220; _builder_version=&#8220;4.5.1&#8243; _module_preset=&#8220;default&#8220;][\/et_pb_image][\/et_pb_column][\/et_pb_row][et_pb_row _builder_version=&#8220;4.5.1&#8243; _module_preset=&#8220;default&#8220;][et_pb_column type=&#8220;4_4&#8243; _builder_version=&#8220;4.5.1&#8243; _module_preset=&#8220;default&#8220;][et_pb_text _builder_version=&#8220;4.5.1&#8243; _module_preset=&#8220;default&#8220;]<\/p>\n<p>Wir haben die entsprechende Playlist aufgelegt, Klassiker wechseln mit Pop. Pl\u00f6tzlich l\u00e4uft &#8222;I can&#8217;t take my eyes off you\u201c &#8211; Gab es da nicht noch eine andere Variante? &#8211; So h\u00f6ren wir den selben Song von Frankie Valli, Gloria Gaynor, sowie\u00a0Lauryn Hill. &#8211; Langsam k\u00f6nnen wir mit singen. &#8211; Angeblich gibt es auch eine Version der Pet Shop Boys. Diese h\u00e4tte ich gern geh\u00f6rt. Doch leider finden wir selbige nicht.\u00a0<\/p>\n<p>Kurz drauf\u00a0folgt &#8222;Forever young&#8220;\u00a0 von Alphaville. &#8211; Hier zu\u00a0f\u00e4llt\u00a0mir sofort die deutsche Version von Bushido mit\u00a0Karel\u00a0Gott ein. Hatten wir das Thema Karel Gott nicht gerade erst. &#8211; Stimmt da war doch was . &#8211; Ich liebe dieses Duett, ist es doch Bestandteil meiner pers\u00f6nlichen Motivations Playlist. Vor allem das Video\u00a0finde ich cool. Damit verbinde\u00a0ich auch etwas pers\u00f6nliches. Wenn mich nicht alles t\u00e4uscht,\u00a0wurde dieses Video genau auf einer Strecke aufgenommen, auf der ich fr\u00fcher mit meinem Pa Rennrad gefahren bin. Richtig, ich werde schon wieder sentimental. &#8211; Als ich euch das Video verlinken will, sto\u00dfe ich direkt danach noch auf ein weiteres gutes Video meiner Motivations Playlist. &#8211; Wieder mit Bushido, doch nun als\u00a0Terzett mit Sido und Peter Maffay, &#8222;Ich wollte nie erwachsen sein&#8220;. &#8211; Wer will das schon? Man mag ja \u00fcber Bushido denken, was man m\u00f6chte, doch diese Titel sind gut.<\/p>\n<p>[\/et_pb_text][\/et_pb_column][\/et_pb_row][et_pb_row column_structure=&#8220;1_2,1_2&#8243; _builder_version=&#8220;4.5.1&#8243; _module_preset=&#8220;default&#8220;][et_pb_column type=&#8220;1_2&#8243; _builder_version=&#8220;4.5.1&#8243; _module_preset=&#8220;default&#8220;][et_pb_image src=&#8220;https:\/\/www.planbwagen.de\/wp-content\/uploads\/2019\/12\/KG-1024&#215;576.png&#8220; _builder_version=&#8220;4.5.1&#8243; _module_preset=&#8220;default&#8220; title_text=&#8220;KG&#8220; url=&#8220<div class=\"ikn-evt-container\">\r\n    <iframe\r\n            width=\"100%\"\r\n            class=\"ikn-evt-iframe\"\r\n            srcdoc=\"<style>\n    * {\n    padding:0;\n    margin:0;\n    overflow:hidden\n}\n\nhtml, body {\n    height:100%\n}\n\n.ikn-evt-container {\n    position: relative;\n    padding-bottom: 56.25%;\n    height: 0;\n}\n\n.ikn-evt-container iframe {\n    position: absolute;\n    top: 0;\n    left: 0;\n    width: 100%;\n    height: 100%;\n}\n\n.ikn-evt-frame {\n    display: block;\n    position: relative;\n    padding-bottom: 56.23%;\n    height: 0;\n    overflow: hidden;\n    max-width: 100%;\n    background: #000;\n}\n\n.ikn-evt-frame img.ikn-evt-thumbnail {\n    bottom: 0;\n    display: block;\n    left: 0;\n    margin: auto;\n    max-width: 100%;\n    width: 100%;\n    position: absolute;\n    right: 0;\n    top: 0;\n    border: none;\n    height: auto;\n    cursor: pointer;\n    -webkit-transition: .4s all;\n    -moz-transition: .4s all;\n    transition: .4s all;\n}\n\n.ikn-evt-frame[data-source=youtube] img.ikn-evt-thumbnail {\n    top: -63px;\n    bottom: -63px;\n}\n\n.ikn-evt-frame:hover img.ikn-evt-thumbnail {\n    -webkit-filter: brightness(75%);\n}\n\n.ikn-evt-frame .ikn-evt-play-button {\n    height: 20%;\n    width: 13%;\n    left: 44%;\n    top: 42%;\n    position: absolute;\n    cursor: pointer;\n    z-index: 1;\n    background-size: contain !important;\n}\n\n.ikn-evt-frame .ikn-evt-heading {\n    width: 100%;\n    position: absolute;\n    top: 0;\n    background: rgba(0, 0, 0, .5);\n    left: 0;\n    padding: 0.7em;\n    box-sizing: border-box;\n}\n\n.ikn-evt-frame .ikn-evt-heading .ikn-evt-heading-title {\n    font-weight: bold;\n    font-size: 1.5em;\n    color: #FFFFFF;\n    line-height: 30px;\n    margin: 0;\n    cursor: pointer;\n}.ikn-evt-frame[data-source=youtube] \r\n            .ikn-evt-play-button {background:url('https:\/\/www.planbwagen.de\/wp-content\/plugins\/embed-video-thumbnail\/assets\/images\/youtube-72-72.png') no-repeat;}.ikn-evt-frame[data-source=vimeo] \r\n            .ikn-evt-play-button {background:url('https:\/\/www.planbwagen.de\/wp-content\/plugins\/embed-video-thumbnail\/assets\/images\/play-default.png') no-repeat;}.ikn-evt-frame[data-source=dailymotion] \r\n            .ikn-evt-play-button {background:url('https:\/\/www.planbwagen.de\/wp-content\/plugins\/embed-video-thumbnail\/assets\/images\/play-default.png') no-repeat;}.ikn-evt-frame[data-source=facebook] \r\n            .ikn-evt-play-button {background:url('https:\/\/www.planbwagen.de\/wp-content\/plugins\/embed-video-thumbnail\/assets\/images\/play-default.png') no-repeat;}<\/style><div    class='ikn-evt-frame'    data-source='youtube'>    <a class='ikn-evt-link' href='\/\/www.youtube-nocookie.com\/embed\/4j3AOJV1J8I?controls=1&autoplay=1&enablejsapi=1&rel=1'>        <span class='ikn-evt-play-button'><\/span>                    <img                class='ikn-evt-thumbnail'                src='\/wp-content\/uploads\/ikana-embed-video-thumbnail\/youtube\/4j3AOJV1J8I-hqdefault.jpg'                alt='4j3AOJV1J8I'            \/>                    <\/a><\/div><script>\n    document\n        .querySelector('.ikn-evt-link')\n        .addEventListener('click', function(e) {\n                e.preventDefault();\n                e.stopPropagation();\n                window.location.replace(this.href);\n                return false;\n            }\n        )\n    ;\n<\/script>\"\r\n            frameborder=\"0\"\r\n            allow=\"accelerometer; encrypted-media; gyroscope; picture-in-picture\"\r\n            allowfullscreen\r\n title=\"4j3AOJV1J8I\"\r\n            loading=\"lazy\"\r\n            src=\"\/\/www.youtube-nocookie.com\/embed\/4j3AOJV1J8I?controls=1&autoplay=1&enablejsapi=1&rel=1\"\r\n    ><\/iframe>\r\n<\/div>8220; url_new_window=&#8220;on&#8220; hover_enabled=&#8220;0&#8243;][\/et_pb_image][\/et_pb_column][\/et_pb_row][et_pb_row _builder_version=&#8220;4.5.1&#8243; _module_preset=&#8220;default&#8220;][et_pb_column type=&#8220;4_4&#8243; _builder_version=&#8220;4.5.1&#8243; _module_preset=&#8220;default&#8220;][et_pb_text _builder_version=&#8220;4.5.1&#8243; _module_preset=&#8220;default&#8220;]<\/p>\n<p>Inzwischen hat sich die Landschaft ver\u00e4ndert. Zu unserer Linken ist Wasser zu sehen. Salzsalinen, ein wenig wie in unserem Bretagne Krimi. Inzwischen haben wir auch ein Ziel. &#8211; Eine Empfehlung, welche wir \u00fcber park4night gefunden haben. Angeblich gibt es\u00a0nicht weit von hier\u00a0eine M\u00f6glichkeit direkt am Guadalquivir zu n\u00e4chtigen. &#8211; Somit direkt an der Grenze des Nationalparks Coto de Do\u00f1ana, einem flachen, periodisch \u00fcberschwemmten Feuchtgebiet, den sogenannten marismas. Tausende Zugv\u00f6gel \u00fcberwintern hier. Ob wir auf unserer Seite des Flusses davon etwas mitbekommen? &#8211; Wir werden uns entsprechend vorsichtig &#8222;anschleichen&#8220; &#8211; Obwohl wir nicht im Nationalpark sind, wollen wir keine V\u00f6gel aufscheuchen.\u00a0<\/p>\n<p>[\/et_pb_text][\/et_pb_column][\/et_pb_row][et_pb_row column_structure=&#8220;1_3,1_3,1_3&#8243; _builder_version=&#8220;4.5.1&#8243; _module_preset=&#8220;default&#8220;][et_pb_column type=&#8220;1_3&#8243; _builder_version=&#8220;4.5.1&#8243; _module_preset=&#8220;default&#8220;][et_pb_image src=&#8220;https:\/\/www.planbwagen.de\/wp-content\/uploads\/2020\/09\/v.jpg&#8220; title_text=&#8220;v&#8220; _builder_version=&#8220;4.5.1&#8243; _module_preset=&#8220;default&#8220;][\/et_pb_image][\/et_pb_column][et_pb_column type=&#8220;1_3&#8243; _builder_version=&#8220;4.5.1&#8243; _module_preset=&#8220;default&#8220;][et_pb_image src=&#8220;https:\/\/www.planbwagen.de\/wp-content\/uploads\/2020\/09\/h.jpg&#8220; title_text=&#8220;h&#8220; _builder_version=&#8220;4.5.1&#8243; _module_preset=&#8220;default&#8220;][\/et_pb_image][\/et_pb_column][et_pb_column type=&#8220;1_3&#8243; _builder_version=&#8220;4.5.1&#8243; _module_preset=&#8220;default&#8220;][et_pb_image src=&#8220;https:\/\/www.planbwagen.de\/wp-content\/uploads\/2020\/09\/n.png&#8220; title_text=&#8220;n&#8220; _builder_version=&#8220;4.5.1&#8243; _module_preset=&#8220;default&#8220;][\/et_pb_image][\/et_pb_column][\/et_pb_row][et_pb_row _builder_version=&#8220;4.5.1&#8243; _module_preset=&#8220;default&#8220;][et_pb_column type=&#8220;4_4&#8243; _builder_version=&#8220;4.5.1&#8243; _module_preset=&#8220;default&#8220;][et_pb_text _builder_version=&#8220;4.5.1&#8243; _module_preset=&#8220;default&#8220;]<\/p>\n<p><span>Park4night \u00e9met cependant un autre avertissement, \u00e0 savoir que le chemin serait difficilement praticable en hiver. Mais entre-temps, j'ai pris l'habitude de me renseigner sur place. - Soudain, la route se transforme en un chemin de terre. Celui-ci serpente au milieu des salines. \u00c0 gauche et \u00e0 droite, il y a de l'eau. Le chemin devient de plus en plus boueux. \u00c0 un moment donn\u00e9, je pr\u00e9f\u00e8re descendre et nous continuons \u00e0 pied. - En fait, c'est la fin, mais la place au bout de la saline nous accueille, avec une vue magnifique sur le Guadalquivir. Je m'y risque, que peut-il arriver, si ce n'est qu'un paludier se fasse un peu d'argent en souriant. Au final, nous sommes vraiment au bord de l'eau. Un coup d'\u0153il sur l'\u00e9tat de la mar\u00e9e montre que l'eau atteindra son niveau maximum dans deux heures. Nous esp\u00e9rons n\u00e9anmoins ne pas nous mouiller les pieds. - Des bateaux passent maintenant devant nous \u00e0 distance de jet de pierre. Le coucher de soleil nous r\u00e9compense du risque que nous avons pris.<\/span><\/p>\n<p>[\/et_pb_text][\/et_pb_column][\/et_pb_row][et_pb_row column_structure=&#8220;1_2,1_2&#8243; _builder_version=&#8220;4.5.1&#8243; _module_preset=&#8220;default&#8220;][et_pb_column type=&#8220;1_2&#8243; _builder_version=&#8220;4.5.1&#8243; _module_preset=&#8220;default&#8220;][et_pb_image src=&#8220;https:\/\/www.planbwagen.de\/wp-content\/uploads\/2020\/09\/vv.jpg&#8220; title_text=&#8220;vv&#8220; force_fullwidth=&#8220;on&#8220; _builder_version=&#8220;4.5.1&#8243; _module_preset=&#8220;default&#8220;][\/et_pb_image][\/et_pb_column][et_pb_column type=&#8220;1_2&#8243; _builder_version=&#8220;4.5.1&#8243; _module_preset=&#8220;default&#8220;][et_pb_image src=&#8220;https:\/\/www.planbwagen.de\/wp-content\/uploads\/2020\/09\/nn.jpg&#8220; title_text=&#8220;nn&#8220; _builder_version=&#8220;4.5.1&#8243; _module_preset=&#8220;default&#8220;][\/et_pb_image][\/et_pb_column][\/et_pb_row][et_pb_row _builder_version=&#8220;4.5.1&#8243; _module_preset=&#8220;default&#8220;][et_pb_column type=&#8220;4_4&#8243; _builder_version=&#8220;4.5.1&#8243; _module_preset=&#8220;default&#8220;][et_pb_text _builder_version=&#8220;4.5.1&#8243; _module_preset=&#8220;default&#8220;]<\/p>\n<p>Nur eine Kleinigkeit tr\u00fcbt das Idyll. Rundherum liegt\u00a0wieder einmal M\u00fcll. Die Reifenspuren im Schlamm zeigen, dass wir hier nicht die ersten waren, die das Risiko eingegangen sind. Wir wissen nicht, ob der M\u00fcll vom Fluss stammt, ihn Anwohner oder Camper &#8222;verloren&#8220; haben. Letztendlich\u00a0ist es auch egal, wer hierf\u00fcr die Verantwortung tr\u00e4gt.\u00a0Deshalb starte ich wieder\u00a0mal\u00a0eine\u00a0M\u00fcll-Aktion.\u00a0Innerhalb von nur 5 Minuten\u00a0habe ich\u00a0eine gro\u00dfe T\u00fcte M\u00fcll zusammengetragen. Danach ist der Platz f\u00fcr uns und die uns folgen, zumindest vorerst sauber. Wenn jeder nur ein zwei Papierschnipsel mit in seinen Abfallsack stecken w\u00fcrde, w\u00e4ren solche Pl\u00e4tze sicherlich picobello sauber. Ja, ich habe mir die H\u00e4nde schmutzig gemacht. Doch diese sind schnell gewaschen. Daf\u00fcr serviert Torgit ein eiskaltes Feierabendbier. Wir haben es uns verdient.<\/p>\n<p>Le soir, nous d\u00e9gustons une bonne soupe de lentilles chaude. C'est exactement ce qu'il nous faut, car avec le soleil couchant, les temp\u00e9ratures descendent \u00e0 7 degr\u00e9s. Au moment o\u00f9 nous cuisinons, un Land Rover traverse le chemin. Maintenant, je sais au moins de qui viennent les traces de pneus. Plus tard, Torgit abat notre ananas. - Merveilleusement sucr\u00e9.<\/p>\n<p>L\u00e0 o\u00f9 le soleil a coul\u00e9 il n'y a pas si longtemps, la lune croissante se dresse maintenant en forme de croissant et se refl\u00e8te dans l'eau. Le ciel est rempli d'\u00e9toiles. Au sud, les lumi\u00e8res de Sanl\u00facar de Barrameda brillent. Il fait bon dehors. Tout simplement hyggelig, dirait le Norv\u00e9gien.<\/p>\n<p>Constatation du jour : \u00e7a ne change rien, il y a beaucoup de monde ici.<\/p>\n<p>[\/et_pb_text][\/et_pb_column][\/et_pb_row][et_pb_row column_structure=&#8220;1_3,1_3,1_3&#8243; _builder_version=&#8220;4.5.1&#8243; _module_preset=&#8220;default&#8220;][et_pb_column type=&#8220;1_3&#8243; _builder_version=&#8220;4.5.1&#8243; _module_preset=&#8220;default&#8220;][et_pb_image src=&#8220;https:\/\/www.planbwagen.de\/wp-content\/uploads\/2020\/09\/vvv.jpg&#8220; title_text=&#8220;vvv&#8220; _builder_version=&#8220;4.5.1&#8243; _module_preset=&#8220;default&#8220;][\/et_pb_image][\/et_pb_column][et_pb_column type=&#8220;1_3&#8243; _builder_version=&#8220;4.5.1&#8243; _module_preset=&#8220;default&#8220;][et_pb_image src=&#8220;https:\/\/www.planbwagen.de\/wp-content\/uploads\/2020\/09\/mmm.jpg&#8220; title_text=&#8220;mmm&#8220; _builder_version=&#8220;4.5.1&#8243; _module_preset=&#8220;default&#8220;][\/et_pb_image][\/et_pb_column][et_pb_column type=&#8220;1_3&#8243; _builder_version=&#8220;4.5.1&#8243; _module_preset=&#8220;default&#8220;][et_pb_image src=&#8220;https:\/\/www.planbwagen.de\/wp-content\/uploads\/2020\/09\/nnn.jpg&#8220; title_text=&#8220;nnn&#8220; _builder_version=&#8220;4.5.1&#8243; _module_preset=&#8220;default&#8220;][\/et_pb_image][\/et_pb_column][\/et_pb_row][et_pb_row _builder_version=&#8220;4.5.1&#8243; _module_preset=&#8220;default&#8220;][et_pb_column type=&#8220;4_4&#8243; _builder_version=&#8220;4.5.1&#8243; _module_preset=&#8220;default&#8220;][et_pb_text _builder_version=&#8220;4.5.1&#8243; _module_preset=&#8220;default&#8220;]<\/p>\n<p><span><b><i>&#8222;Ein Leben lang f\u00fcr immer jung<\/i><\/b><\/span><\/p>\n<p><span><b><i>Je donnerai toujours tout ce que j'ai<\/i><\/b><\/span><\/p>\n<p><span><b><i>Pour toujours dans la vie<\/i><\/b><\/span><\/p>\n<p><span><b><i>F\u00fcr immer, f\u00fcr immer, f\u00fcr immer jung&#8220;<\/i><\/b><\/span><\/p>\n<p>&nbsp;<\/p>\n<p>[\/et_pb_text][\/et_pb_column][\/et_pb_row][\/et_pb_section]<\/p>","protected":false},"excerpt":{"rendered":"<p>[et_pb_section fb_built=&#8220;1&#8243; _builder_version=&#8220;4.5.1&#8243; _module_preset=&#8220;default&#8220;][et_pb_row _builder_version=&#8220;4.5.1&#8243; _module_preset=&#8220;default&#8220;][et_pb_column type=&#8220;4_4&#8243; _builder_version=&#8220;4.5.1&#8243; _module_preset=&#8220;default&#8220;][et_pb_text _builder_version=&#8220;4.5.1&#8243; _module_preset=&#8220;default&#8220;] &#8222;&#8230;ein Leben lang f\u00fcr immer jung Du musst dich an die sch\u00f6ne Zeit erinnern Denn nichts ist f\u00fcr immer&#8220; &nbsp; Auch der neue Tag, bringt Sonne und strahlend blauen Himmel. &#8211; Doch es ist bei weitem nicht so warm wie am Tag zuvor. Man [&hellip;]<\/p>","protected":false},"author":1,"featured_media":4029,"comment_status":"open","ping_status":"open","sticky":false,"template":"","format":"standard","meta":{"_et_pb_use_builder":"on","_et_pb_old_content":"<div id=\"content_start\">\u00a0<\/div><article class=\"j-blog\"><div class=\"n j-blog-meta j-blog-post--header\"><div class=\"j-text j-module n\"><a class=\"j-blog-post--category\" href=\"https:\/\/www.gluecksmuskel.de\/hectors-reisen\/spain-spanien\/\"> Spain - Spanien <\/a> \u00a0\u00b7\u00a0 <span class=\"j-text j-blog-post--date\"> 30. Dezember 2019 <\/span><\/div><h1 class=\"j-blog-header j-blog-headline j-blog-post--headline\">Tag No. 117 - F\u00fcr immer jung ... - Parque Nacional de Do\u00f1ana<\/h1><\/div><div class=\"post j-blog-content\"><div id=\"cc-matrix-3604966626\"><div id=\"cc-m-12565729226\" class=\"j-module n j-text \"><p style=\"text-align: center;\"><em><strong><span style=\"font-size: 20px;\">\"...ein Leben lang f\u00fcr immer jung<\/span><\/strong><\/em><\/p><p style=\"text-align: center;\"><em><strong><span style=\"font-size: 20px;\">Du musst dich an die sch\u00f6ne Zeit erinnern<\/span><\/strong><\/em><\/p><p style=\"text-align: center;\"><em><strong><span style=\"font-size: 20px;\">Denn nichts ist f\u00fcr immer\"<\/span><\/strong><\/em><\/p><p>\u00a0<\/p><p>Auch der neue Tag, bringt Sonne und strahlend blauen Himmel. - Doch es ist bei weitem nicht so warm wie am Tag zuvor. Man k\u00f6nnte auch sagen heute Nacht war es schon ein wenig schattig. Dabei sind wir doch in Sevilla oder zumindest am Rande. Hatte Torgit nicht behauptet, dies sei nicht nur die sch\u00f6nste Stadt Spaniens, sondern auch die hei\u00dfeste? - Mir sind das zu viel der Superlativen. - Doch interessant ist schon, dass es hier, zumindest angeblich, auch die l\u00e4ngste Siesta gibt.\u00a0Auf jeden Fall machen die Gesch\u00e4fte vier bis f\u00fcnf Stunden Mittagspause. Das \u00fcbrigens auch im Winter. Daran k\u00f6nnte ich mich gew\u00f6hnen.<\/p><p>\u00a0<\/p><p>Doch wir beschlie\u00dfen weiter zu ziehen. Also geht es mal wieder an's packen. - Der Besitzer eines spanischen VW California Ocean verabschieden uns und gibt uns noch ein paar Tipps mit auf den Weg. - Die Jungs vom Ruderclub legen sich auch wieder m\u00e4chtig ins Zeug.<\/p><p>Doch zuerst m\u00fcssen, d\u00fcrfen wir\u00a0einkaufen. Wir ergattern eine\u00a0riesige\u00a0Ananas. Ich bin gespannt, wie sie schmeckt. Und\u00a0schon\u00a0geht es auf die Bahn, A-4 kommt mir bekannt vor. Dabei wollen wir doch gar nicht nach Aachen. ;-) Bei Dos Hermanas wechseln wir auf die Landstra\u00dfe. (Anm. von Torgit:\u00a0 Die Ananas hat 2,6kg. Leider vergesse ich immer wieder, dass hier s\u00e4mtliches Obst und Gem\u00fcse nach Gewicht bezahlt wird, und nicht wie bei uns pro St\u00fcck. Sonst h\u00e4tte ich eine kleinere gew\u00e4hlt)<\/p><p>\u00a0<\/p><\/div><div id=\"cc-m-12565733626\" class=\"j-module n j-gallery \"><div id=\"cc-m-gallery-12565733626\" class=\"cc-m-gallery-container cc-m-gallery-cool clearover\"><div id=\"gallery_thumb_8121462826\" class=\"cc-m-gallery-cool-item\"><div><a rel=\"lightbox[12565733626]\" data-href=\"https:\/\/planbwagen.de\/wp-content\/uploads\/attachments\/image.jpg\" data-title=\"\" data-index=\"0\"> <img style=\"height: 277px; width: 370px; margin-bottom: 3px;\" src=\"https:\/\/planbwagen.de\/wp-content\/uploads\/2020\/07\/image-4-9-1-3.jpg\" alt=\"\" data-orig-width=\"2048\" data-orig-height=\"1536\" \/> <\/a><\/div><\/div><div id=\"gallery_thumb_8121463126\" class=\"cc-m-gallery-cool-item\"><div><a rel=\"lightbox[12565733626]\" data-href=\"https:\/\/planbwagen.de\/wp-content\/uploads\/attachments\/image.jpg\" data-title=\"\" data-index=\"1\"> <img style=\"height: 176px; width: 132px; margin-bottom: 3px; margin-right: 3px;\" src=\"https:\/\/planbwagen.de\/wp-content\/uploads\/2020\/07\/image-4-9-0-1.jpg\" alt=\"\" data-orig-width=\"1536\" data-orig-height=\"2048\" \/> <\/a><\/div><\/div><div id=\"gallery_thumb_8121463226\" class=\"cc-m-gallery-cool-item\"><div><a rel=\"lightbox[12565733626]\" data-href=\"https:\/\/planbwagen.de\/wp-content\/uploads\/attachments\/image.jpg\" data-title=\"\" data-index=\"2\"> <img style=\"height: 176px; width: 235px; margin-bottom: 3px;\" src=\"https:\/\/planbwagen.de\/wp-content\/uploads\/2020\/07\/image-1-6-4-0.jpg\" alt=\"\" data-orig-width=\"2048\" data-orig-height=\"1536\" \/> <\/a><\/div><\/div><\/div><\/div><div id=\"cc-m-12565733426\" class=\"j-module n j-text \"><p>\u00a0<\/p><p>Als grobe Richtung ist Cadiz geplant. Doch bevor wir in die n\u00e4chste Stadt fahren, suchen wir erst einmal l\u00e4ndliches Idyll. - Gerade ruft Thiemo, ein Freund aus K\u00f6ln an. - Neben der Frage, wo wir gerade stecken kommt, ein Klassiker. - \"Wo feiert ihr Silvester?\" - Mir kommt die Frage bekannt vor. - Vor Weihnachten wurden wir\u00a0ebenfalls st\u00e4ndig gefragt, wo und wie wir denn feiern. - Komischerweise wussten wir dies erst am selbigen Tag. - Wir merken mehr und mehr, dass uns solche Termine weniger wichtig geworden sind. Wie sollen wir auch Silvester planen, wissen wir doch morgens meist nicht einmal, wo wir\u00a0des Abends landen. - So wie heute. (Anm. von Torgit: Morgens? Wir wissen oft nachmittags noch nicht wo wir schlafen ;-)\u00a0 )<\/p><p>\u00a0<\/p><p>Die letzten Tage haben wir ja am Guadalquivir, dem f\u00fcnftl\u00e4ngsten Fluss Spaniens verbracht. Dieser l\u00e4uft an Sevilla vorbei und m\u00fcndet bei Sanl\u00facar de Barrameda in den Golf von C\u00e1diz. Also m\u00fcssen wir uns nur parallel zum Flu\u00df halten. Wie geplant wird es auch immer l\u00e4ndlicher.\u00a0 -\u00a0Links und rechts der Stra\u00dfe ziehen, scheinbar endlos Felder, \u00c4cker, Bew\u00e4sserungskan\u00e4le und das ein oder andere Windrad vorbei. - Pl\u00f6tzlich sehen wir \u00fcber einem der Felder eine gro\u00dfe Anzahl an V\u00f6geln, welche kreisf\u00f6rmig, in immer gr\u00f6\u00dferen Bahnen nach oben fliegen. Das ganze wirkt wie eine Art Strudel.\u00a0Ein\u00a0spannender Anblick, doch leider haben wir keinerlei Ahnung, wieso oder weshalb dies geschieht.\u00a0Sind es Kraniche oder St\u00f6rche? Wir k\u00f6nnen es nicht genau erkennen. Nutzen\u00a0die V\u00f6gel\u00a0die Thermik? - Wir glaube es, doch wir sind uns dessen nicht sicher.<\/p><p>\u00a0<\/p><p>\u00a0<\/p><\/div><div id=\"cc-m-12565746226\" class=\"j-module n j-imageSubtitle \"><figure class=\"cc-imagewrapper cc-m-image-align-1 cc-m-width-maxed\"><img id=\"cc-m-imagesubtitle-image-12565746226\" class=\"\" src=\"https:\/\/planbwagen.de\/wp-content\/uploads\/2020\/07\/image-0-4-6-7.jpg\" sizes=\"(min-width: 1040px) 1040px, 100vw\" alt=\"\" data-src-width=\"11438\" data-src-height=\"3748\" data-src=\"https:\/\/planbwagen.de\/wp-content\/uploads\/2020\/07\/image-0-4-6-7.jpg\" data-image-id=\"8121466526\" data-pfsrc=\"https:\/\/planbwagen.de\/wp-content\/uploads\/2020\/07\/image-0-4-6-7.jpg\" \/><\/figure><div class=\"cc-clear\">\u00a0<\/div><\/div><div id=\"cc-m-12565746026\" class=\"j-module n j-text \"><p>\u00a0<\/p><p>Viel Gegend hier, ist sicherlich die beste Beschreibung. Wir fahren von der Stra\u00dfe ab, finden ein lauschiges Pl\u00e4tzchen an einem Kanal. Zeit f\u00fcr Fr\u00fchst\u00fcck, ist ja erst 14 Uhr. - Einmal f\u00e4hrt ein Bauer vorbei, sichtlich irritiert \u00fcber den neuen Besuch. - Danach geht es\u00a0weiter, sattes Gr\u00fcn wechselt sich ab mit trockenen Weiden. Besonders spannend find ich, dass man in einem Moment das Gef\u00fchl hat in einer flachen Gegend zu sein, um Minuten sp\u00e4ter durch eine H\u00fcgellandschaft zu fahren. -\u00a0 Zwischendurch treffen wir auch auf ein Autowrack. - Dann ist es mal wieder ein Feld voll mit Photovoltaikanlagen. - Da k\u00f6nnen wir mit unserer Solartasche nicht mithalten.<\/p><p>\u00a0<\/p><\/div><div id=\"cc-m-12565749526\" class=\"j-module n j-gallery \"><div id=\"cc-m-gallery-12565749526\" class=\"cc-m-gallery-container cc-m-gallery-cool clearover\"><div id=\"gallery_thumb_8121467826\" class=\"cc-m-gallery-cool-item\"><div><a rel=\"lightbox[12565749526]\" data-href=\"https:\/\/planbwagen.de\/wp-content\/uploads\/attachments\/image.jpg\" data-title=\"\" data-index=\"0\"> <img style=\"height: 277px; width: 370px; margin-bottom: 3px;\" src=\"https:\/\/planbwagen.de\/wp-content\/uploads\/2020\/07\/image-8-0-2-9.jpg\" alt=\"\" data-orig-width=\"2048\" data-orig-height=\"1536\" \/> <\/a><\/div><\/div><div id=\"gallery_thumb_8121467926\" class=\"cc-m-gallery-cool-item\"><div><a rel=\"lightbox[12565749526]\" data-href=\"https:\/\/planbwagen.de\/wp-content\/uploads\/attachments\/image.jpg\" data-title=\"\" data-index=\"1\"> <img style=\"height: 277px; width: 370px; margin-bottom: 3px;\" src=\"https:\/\/planbwagen.de\/wp-content\/uploads\/2020\/07\/image-0-6-4-7.jpg\" alt=\"\" data-orig-width=\"2048\" data-orig-height=\"1536\" \/> <\/a><\/div><\/div><div id=\"gallery_thumb_8121468026\" class=\"cc-m-gallery-cool-item\"><div><a rel=\"lightbox[12565749526]\" data-href=\"https:\/\/planbwagen.de\/wp-content\/uploads\/attachments\/image.jpg\" data-title=\"\" data-index=\"2\"> <img style=\"height: 277px; width: 370px; margin-bottom: 3px;\" src=\"https:\/\/planbwagen.de\/wp-content\/uploads\/2020\/07\/image-8-4-9-7.jpg\" alt=\"\" data-orig-width=\"2048\" data-orig-height=\"1536\" \/> <\/a><\/div><\/div><\/div><\/div><div id=\"cc-m-12565749426\" class=\"j-module n j-text \"><p>\u00a0<\/p><p>Wir haben die entsprechende Playlist aufgelegt, Klassiker wechseln mit Pop. Pl\u00f6tzlich l\u00e4uft \"I can't take my eyes off you\u201c - Gab es da nicht noch eine andere Variante? - So h\u00f6ren wir den selben Song von Frankie Valli, Gloria Gaynor, sowie\u00a0Lauryn Hill. - Langsam k\u00f6nnen wir mit singen. - Angeblich gibt es auch eine Version der Pet Shop Boys. Diese h\u00e4tte ich gern geh\u00f6rt. Doch leider finden wir selbige nicht.<\/p><p>\u00a0<\/p><p>Kurz drauf\u00a0folgt \"Forever young\"\u00a0 von Alphaville. - Hier zu\u00a0f\u00e4llt\u00a0mir sofort die deutsche Version von Bushido mit\u00a0Karel\u00a0Gott ein. Hatten wir das Thema Karel Gott nicht gerade erst. - Stimmt da war doch was . - Ich liebe dieses Duett, ist es doch Bestandteil meiner pers\u00f6nlichen Motivations Playlist. Vor allem das Video\u00a0finde ich cool. Damit verbinde\u00a0ich auch etwas pers\u00f6nliches. Wenn mich nicht alles t\u00e4uscht,\u00a0wurde dieses Video genau auf einer Strecke aufgenommen, auf der ich fr\u00fcher mit meinem Pa Rennrad gefahren bin. Richtig, ich werde schon wieder sentimental. - Als ich euch das Video verlinken will, sto\u00dfe ich direkt danach noch auf ein weiteres gutes Video meiner Motivations Playlist. - Wieder mit Bushido, doch nun als\u00a0Terzett mit Sido und Peter Maffay, \"Ich wollte nie erwachsen sein\". - Wer will das schon? Man mag ja \u00fcber Bushido denken, was man m\u00f6chte, doch diese Titel sind gut.<\/p><p>\u00a0<\/p><p>\u00a0<\/p><\/div><div id=\"cc-m-12565758226\" class=\"j-module n j-hgrid \"><div class=\"cc-m-hgrid-column\" style=\"width: 49%;\"><div id=\"cc-matrix-3604970926\"><div id=\"cc-m-12565759026\" class=\"j-module n j-video \"><div class=\"cc-m-video-gutter cc-m-video-align-center cc-m-video-ratio-2\" style=\"width: 504px;\"><div class=\"cc-m-video-wrapper\"><p><iframe id=\"cc-m-video-container-12565759026\" class=\"cc-m-video-container\" src=\"https:\/\/www.youtube-nocookie.com\/embed\/kxRRRkXNRcY?wmode=transparent&vq=hd1080\" frameborder=\"0\" allowfullscreen=\"allowfullscreen\">             <\/iframe><\/p><div class=\"cc-m-video-overlay\">\u00a0<\/div><\/div><\/div><div class=\"cc-clear\">\u00a0<\/div><\/div><\/div><\/div><div class=\"cc-m-hgrid-separator\" data-display=\"cms-only\"><div>\u00a0<\/div><\/div><div class=\"cc-m-hgrid-column last\" style=\"width: 49%;\"><div id=\"cc-matrix-3604971026\"><div id=\"cc-m-12565759226\" class=\"j-module n j-video \"><div class=\"cc-m-video-gutter cc-m-video-align-left cc-m-video-ratio-2\" style=\"width: 504px;\"><div class=\"cc-m-video-wrapper\"><p><iframe id=\"cc-m-video-container-12565759226\" class=\"cc-m-video-container\" src=\"https:\/\/www.youtube-nocookie.com\/embed\/4j3AOJV1J8I?wmode=transparent&vq=hd1080\" frameborder=\"0\" allowfullscreen=\"allowfullscreen\">             <\/iframe><\/p><div class=\"cc-m-video-overlay\">\u00a0<\/div><\/div><\/div><div class=\"cc-clear\">\u00a0<\/div><\/div><\/div><\/div><div class=\"cc-m-hgrid-overlay\" data-display=\"cms-only\">\u00a0<\/div><p>\u00a0<\/p><\/div><div id=\"cc-m-12565758026\" class=\"j-module n j-text \"><p>\u00a0<\/p><p>Inzwischen hat sich die Landschaft ver\u00e4ndert. Zu unserer Linken ist Wasser zu sehen. Salzsalinen, ein wenig wie in unserem Bretagne Krimi. Inzwischen haben wir auch ein Ziel. - Eine Empfehlung, welche wir \u00fcber park4night gefunden haben. Angeblich gibt es\u00a0nicht weit von hier\u00a0eine M\u00f6glichkeit direkt am Guadalquivir zu n\u00e4chtigen. - Somit direkt an der Grenze des Nationalparks Coto de Do\u00f1ana, einem flachen, periodisch \u00fcberschwemmten Feuchtgebiet, den sogenannten marismas. Tausende Zugv\u00f6gel \u00fcberwintern hier. Ob wir auf unserer Seite des Flusses davon etwas mitbekommen? - Wir werden uns entsprechend vorsichtig \"anschleichen\" - Obwohl wir nicht im Nationalpark sind, wollen wir keine V\u00f6gel aufscheuchen.<\/p><p>\u00a0<\/p><p>\u00a0<\/p><\/div><div id=\"cc-m-12565769426\" class=\"j-module n j-gallery \"><div id=\"cc-m-gallery-12565769426\" class=\"cc-m-gallery-container cc-m-gallery-cool clearover\"><div id=\"gallery_thumb_8121474126\" class=\"cc-m-gallery-cool-item\"><div><a rel=\"lightbox[12565769426]\" data-href=\"https:\/\/planbwagen.de\/wp-content\/uploads\/attachments\/image.jpg\" data-title=\"\" data-index=\"0\"> <img style=\"height: 277px; width: 370px; margin-bottom: 3px;\" src=\"https:\/\/planbwagen.de\/wp-content\/uploads\/2020\/07\/image-6-5-9-1.jpg\" alt=\"\" data-orig-width=\"2048\" data-orig-height=\"1536\" \/> <\/a><\/div><\/div><div id=\"gallery_thumb_8121474426\" class=\"cc-m-gallery-cool-item\"><div><a rel=\"lightbox[12565769426]\" data-href=\"https:\/\/planbwagen.de\/wp-content\/uploads\/attachments\/image.jpg\" data-title=\"\" data-index=\"1\"> <img style=\"height: 154px; width: 92px; margin-bottom: 3px; margin-right: 3px;\" src=\"https:\/\/planbwagen.de\/wp-content\/uploads\/2020\/07\/image-4-0-4-8.jpg\" alt=\"\" data-orig-width=\"1226\" data-orig-height=\"2048\" \/> <\/a><\/div><\/div><div id=\"gallery_thumb_8121474226\" class=\"cc-m-gallery-cool-item\"><div><a rel=\"lightbox[12565769426]\" data-href=\"https:\/\/planbwagen.de\/wp-content\/uploads\/attachments\/image.png\" data-title=\"\" data-index=\"2\"> <img style=\"height: 154px; width: 275px; margin-bottom: 3px;\" src=\"https:\/\/planbwagen.de\/wp-content\/uploads\/2020\/07\/image-9-5.png\" alt=\"\" data-orig-width=\"2048\" data-orig-height=\"1152\" \/> <\/a><\/div><\/div><\/div><\/div><div id=\"cc-m-12565770026\" class=\"j-module n j-text \"><p>\u00a0<\/p><p>Park4night spricht jedoch eine andere Warnung aus, dass\u00a0der Weg im Winter schlecht passierbar w\u00e4re. Doch inzwischen habe ich mir angew\u00f6hnt lieber die Lage vor Ort zu erkunden. - Pl\u00f6tzlich wechselt die Stra\u00dfe in einen Feldweg. Dieser schl\u00e4ngelt sich mitten durch die Salinen. Links und rechts ist nun Wasser. Der Weg wird immer schlammiger. Irgendwann steige ich lieber aus und wir gehen erst einmal zu Fu\u00df weiter. - Eigentlich w\u00e4re Ende, doch der Platz am Ende der Saline\u00a0empf\u00e4ngt\u00a0uns, mit einen wunderbaren Ausblick auf den\u00a0Guadalquivir. Ich riskiere es, was soll schon passieren, au\u00dfer dass ein Salzbauer sich grinsend etwas dazu verdient. Am Ende stehen wir wirklich am Wasser. Der Blick auf den Stand der Tide\u00a0zeigt, dass das Wasser in 2 Stunden seinen H\u00f6chststand erreichen wird. Wir hoffen dennoch keine nassen F\u00fc\u00dfe zu bekommen. - In Steinwurfentfernung fahren nun Schiffe an uns vorbei. Der Sonnenuntergang belohnt uns, f\u00fcr das eingegangene Risiko.<\/p><\/div><div id=\"cc-m-12565770126\" class=\"j-module n j-gallery \"><div id=\"cc-m-gallery-12565770126\" class=\"cc-m-gallery-container cc-m-gallery-cool clearover\"><div id=\"gallery_thumb_8121474826\" class=\"cc-m-gallery-cool-item\"><div><a rel=\"lightbox[12565770126]\" data-href=\"https:\/\/planbwagen.de\/wp-content\/uploads\/attachments\/image.jpg\" data-title=\"\" data-index=\"0\"> <img style=\"height: 132px; width: 370px; margin-bottom: 3px;\" src=\"https:\/\/planbwagen.de\/wp-content\/uploads\/2020\/07\/image-0-1-1.jpg\" alt=\"\" data-orig-width=\"2048\" data-orig-height=\"731\" \/> <\/a><\/div><\/div><div id=\"gallery_thumb_8121474926\" class=\"cc-m-gallery-cool-item\"><div><a rel=\"lightbox[12565770126]\" data-href=\"https:\/\/planbwagen.de\/wp-content\/uploads\/attachments\/image.jpg\" data-title=\"\" data-index=\"1\"> <img style=\"height: 277px; width: 370px; margin-bottom: 3px;\" src=\"https:\/\/planbwagen.de\/wp-content\/uploads\/2020\/07\/image-5-2-2.jpg\" alt=\"\" data-orig-width=\"2048\" data-orig-height=\"1536\" \/> <\/a><\/div><\/div><\/div><\/div><div id=\"cc-m-12565769326\" class=\"j-module n j-text \"><p>\u00a0<\/p><p>Nur eine Kleinigkeit tr\u00fcbt das Idyll. Rundherum liegt\u00a0wieder einmal M\u00fcll. Die Reifenspuren im Schlamm zeigen, dass wir hier nicht die ersten waren, die das Risiko eingegangen sind. Wir wissen nicht, ob der M\u00fcll vom Fluss stammt, ihn Anwohner oder Camper \"verloren\" haben. Letztendlich\u00a0ist es auch egal, wer hierf\u00fcr die Verantwortung tr\u00e4gt.\u00a0Deshalb starte ich wieder\u00a0mal\u00a0eine\u00a0M\u00fcll-Aktion.\u00a0Innerhalb von nur 5 Minuten\u00a0habe ich\u00a0eine gro\u00dfe T\u00fcte M\u00fcll zusammengetragen. Danach ist der Platz f\u00fcr uns und die uns folgen, zumindest vorerst sauber. Wenn jeder nur ein zwei Papierschnipsel mit in seinen Abfallsack stecken w\u00fcrde, w\u00e4ren solche Pl\u00e4tze sicherlich picobello sauber. Ja, ich habe mir die H\u00e4nde schmutzig gemacht. Doch diese sind schnell gewaschen. Daf\u00fcr serviert Torgit ein eiskaltes Feierabendbier. Wir haben es uns verdient.<\/p><p>\u00a0<\/p><p>Abends gibt es eine sch\u00f6ne, hei\u00dfe Linsensuppe. Genau das Richtige jetzt, denn mit der untergehenden Sonne, sinken auch die Temperaturen auf 7 Grad. Gerade als wir kochen, kommt ein Land Rover \u00fcber den Weg angefahren. Jetzt wei\u00df ich wenigstens, von wem die Reifenspuren sind. Sp\u00e4ter schlachtet Torgit unsere Ananas. - Wunderbar s\u00fc\u00df.<\/p><p>\u00a0<\/p><p>Wo vor gar nicht langer Zeit die Sonne versank, steht nun sichelf\u00f6rmig der zunehmende Mond, welcher sich im Wasser spiegelt. Der Himmel ist voller Sterne. Im S\u00fcden strahlen die Lichter von\u00a0Sanl\u00facar de Barrameda. Es ist lauschig hier drau\u00dfen. Einfach hyggelig w\u00fcrde der Norweger sagen.<\/p><p>\u00a0<\/p><p>\u00a0<\/p><p>Erkenntnis des Tages: Es bleibt dabei, ganz sch\u00f6n viel Gegend hier.<\/p><p>\u00a0<\/p><\/div><div id=\"cc-m-12565769626\" class=\"j-module n j-gallery \"><div id=\"cc-m-gallery-12565769626\" class=\"cc-m-gallery-container cc-m-gallery-cool clearover\"><div id=\"gallery_thumb_8121474626\" class=\"cc-m-gallery-cool-item\"><div><a rel=\"lightbox[12565769626]\" data-href=\"https:\/\/planbwagen.de\/wp-content\/uploads\/attachments\/image.jpg\" data-title=\"\" data-index=\"0\"> <img style=\"height: 277px; width: 370px; margin-bottom: 3px;\" src=\"https:\/\/planbwagen.de\/wp-content\/uploads\/2020\/07\/image-0-9-0.jpg\" alt=\"\" data-orig-width=\"2048\" data-orig-height=\"1536\" \/> <\/a><\/div><\/div><div id=\"gallery_thumb_8121474526\" class=\"cc-m-gallery-cool-item\"><div><a rel=\"lightbox[12565769626]\" data-href=\"https:\/\/planbwagen.de\/wp-content\/uploads\/attachments\/image.jpg\" data-title=\"\" data-index=\"1\"> <img style=\"height: 174px; width: 133px; margin-bottom: 3px; margin-right: 3px;\" src=\"https:\/\/planbwagen.de\/wp-content\/uploads\/2020\/07\/image-8-0-2-8.jpg\" alt=\"\" data-orig-width=\"952\" data-orig-height=\"1242\" \/> <\/a><\/div><\/div><div id=\"gallery_thumb_8121474726\" class=\"cc-m-gallery-cool-item\"><div><a rel=\"lightbox[12565769626]\" data-href=\"https:\/\/planbwagen.de\/wp-content\/uploads\/attachments\/image.jpg\" data-title=\"\" data-index=\"2\"> <img style=\"height: 174px; width: 234px; margin-bottom: 3px;\" src=\"https:\/\/planbwagen.de\/wp-content\/uploads\/2020\/07\/image-0-9-2.jpg\" alt=\"\" data-orig-width=\"2048\" data-orig-height=\"1536\" \/> <\/a><\/div><\/div><\/div><\/div><div id=\"cc-m-12565770726\" class=\"j-module n j-text \"><p style=\"text-align: center;\"><span style=\"font-size: 20px;\"><b><i>\"Ein Leben lang f\u00fcr immer jung<\/i><\/b><\/span><\/p><p style=\"text-align: center;\"><span style=\"font-size: 20px;\"><b><i>Ich werde einfach immer alles geben<\/i><\/b><\/span><\/p><p style=\"text-align: center;\"><span style=\"font-size: 20px;\"><b><i>F\u00fcr immer im Leben<\/i><\/b><\/span><\/p><p style=\"text-align: center;\"><span style=\"font-size: 20px;\"><b><i>F\u00fcr immer, f\u00fcr immer, f\u00fcr immer jung\"<\/i><\/b><\/span><\/p><p style=\"text-align: center;\">\u00a0<\/p><\/div><div id=\"cc-m-12572285326\" class=\"j-module n j-text \"><p style=\"text-align: right;\">\u00a0\u00a0<a class=\"j-calltoaction-link j-calltoaction-link-style-2\" style=\"font-size: 16px; background-color: #ffcc00; border-width: 2px; border-color: #ffcc00; color: #ffffff; user-select: text; padding: 10px 20px; line-height: 1.5; border-radius: 0px; -webkit-appearance: none; margin: 1em 0px;\" title=\"Tag No. 118 - \u00a0Von der See an den See ...\" href=\"\/2019\/12\/31\/tag-no-118\/\" data-action=\"button\" data-title=\"Sunny Side Up\">Sunny Side Up\u00a0 \u00a0\u00a0<\/a><\/p><p style=\"text-align: right;\"><a class=\"j-calltoaction-link j-calltoaction-link-style-2\" style=\"background-color: #ffcc00; border-width: 2px; border-color: #ffcc00; color: #ffffff; user-select: text; padding: 10px 20px; font-size: 16px; line-height: 1.5; border-radius: 0px; -webkit-appearance: none; margin: 1em 0px;\" title=\"Tag No. 116 - Sevilla - kein Grund zu stolpern\" href=\"\/2019\/12\/29\/tag-no-116-sevilla-kein-grund-zu-stolpern\/\" data-action=\"button\" data-title=\"Sunny Side Down\"> Sunny Side Down\u00a0 \u00a0\u00a0<\/a><\/p><\/div><\/div><\/div><div class=\"j-module n j-text j-blog-post--tags-wrapper\"><span class=\"j-blog-post--tags--template\" style=\"display: none;\"><a class=\"j-blog-post--tag\" href=\"https:\/\/www.gluecksmuskel.de\/hectors-reisen\/?tag=tagPlaceholder\">tagPlaceholder<\/a><\/span><span class=\"j-blog-post--tags-label\" style=\"display: none;\">Tags:<\/span><\/div><div id=\"flexsocialbuttons\" class=\"n\"><div class=\"cc-sharebuttons-element cc-sharebuttons-size-16 cc-sharebuttons-style-colored cc-sharebuttons-design-square cc-sharebuttons-align-left\">\u00a0<\/div><\/div><div class=\"n j-comment\"><div id=\"commentsModule12565727326\"><p id=\"skiptoform12565727326\" class=\"skiptoform\"><a href=\"#\" data-id=\"12565727326\" data-action=\"goToForm\">Kommentar schreiben<\/a><\/p><div id=\"numComments12565727326\" class=\"j-blog-comment-counter\">Kommentare: <i class=\"cc-comments-count\">0<\/i><\/div><ul id=\"commentOutput12565727326\" class=\"com-list-noava\"><li id=\"commentFormContainer12565727326\" class=\"commentstd clearover\"><strong class=\"number\">#1<\/strong><br \/><div class=\"com-meta\">\u00a0<\/div><p><a name=\"commentForm12565727326\"><\/a><\/p><div class=\"commententry cc-com-entry\"><form id=\"commentform12565727326\" action=\"\" enctype=\"application\/x-www-form-urlencoded\" method=\"post\"><div><label class=\"required\" for=\"name12565727326\">Name: *<\/label><br \/><input id=\"name12565727326\" class=\"single\" name=\"name\" type=\"text\" value=\"\" \/><\/div><div><label class=\"required\" for=\"comment12565727326\">Eintrag: *<\/label><br \/><textarea id=\"comment12565727326\" cols=\"80\" name=\"comment\" rows=\"6\"><\/textarea><\/div><div><label class=\"required\" for=\"privacyPolicy12565727326\">Es gilt die <a href=\"\/j\/privacy\" target=\"_blank\" rel=\"noopener noreferrer\">Datenschutzerkl\u00e4rung<\/a>. *<\/label><br \/><input name=\"privacyPolicy\" type=\"hidden\" value=\"0\" \/><input id=\"privacyPolicy12565727326\" name=\"privacyPolicy\" type=\"checkbox\" value=\"1\" \/><\/div><div><input id=\"submit12565727326\" name=\"Senden\" type=\"submit\" value=\"Senden\" \/><\/div><dl class=\"zend_form\"><dt id=\"mandFields-label\"><\/dt><\/dl><div style=\"margin-top: 4px;\">* Pflichtfelder<\/div><\/form><\/div><div class=\"c\">\u00a0<\/div><\/li><\/ul><div id=\"commentError12565727326\" class=\"message-error\" style=\"display: none;\">\u00a0<\/div><div id=\"commentSuccess12565727326\" class=\"message-ok\" style=\"display: none;\">\u00a0<\/div><\/div><p><script>\/\/ <![CDATA[ window.regModule(\"module_comment\", {\"data\":{\"id\":\"12565727326\",\"closed\":\"0\",\"captcha\":\"0cffcd033d0ef1072ae1e387f80e3c6f\",\"avatar\":false,\"lang\":{\"comment\":\"Kommentar\",\"comments\":\"Kommentare\"}}}); \/\/ ]]> <\/script><\/p><\/div><\/article>","_et_gb_content_width":"","footnotes":""},"categories":[9],"tags":[],"class_list":["post-1193","post","type-post","status-publish","format-standard","has-post-thumbnail","hentry","category-spanien"],"_links":{"self":[{"href":"https:\/\/www.planbwagen.de\/fr\/wp-json\/wp\/v2\/posts\/1193","targetHints":{"allow":["GET"]}}],"collection":[{"href":"https:\/\/www.planbwagen.de\/fr\/wp-json\/wp\/v2\/posts"}],"about":[{"href":"https:\/\/www.planbwagen.de\/fr\/wp-json\/wp\/v2\/types\/post"}],"author":[{"embeddable":true,"href":"https:\/\/www.planbwagen.de\/fr\/wp-json\/wp\/v2\/users\/1"}],"replies":[{"embeddable":true,"href":"https:\/\/www.planbwagen.de\/fr\/wp-json\/wp\/v2\/comments?post=1193"}],"version-history":[{"count":8,"href":"https:\/\/www.planbwagen.de\/fr\/wp-json\/wp\/v2\/posts\/1193\/revisions"}],"predecessor-version":[{"id":13428,"href":"https:\/\/www.planbwagen.de\/fr\/wp-json\/wp\/v2\/posts\/1193\/revisions\/13428"}],"wp:featuredmedia":[{"embeddable":true,"href":"https:\/\/www.planbwagen.de\/fr\/wp-json\/wp\/v2\/media\/4029"}],"wp:attachment":[{"href":"https:\/\/www.planbwagen.de\/fr\/wp-json\/wp\/v2\/media?parent=1193"}],"wp:term":[{"taxonomy":"category","embeddable":true,"href":"https:\/\/www.planbwagen.de\/fr\/wp-json\/wp\/v2\/categories?post=1193"},{"taxonomy":"post_tag","embeddable":true,"href":"https:\/\/www.planbwagen.de\/fr\/wp-json\/wp\/v2\/tags?post=1193"}],"curies":[{"name":"wp","href":"https:\/\/api.w.org\/{rel}","templated":true}]}}