{"id":10359,"date":"2021-01-10T14:49:00","date_gmt":"2021-01-10T14:49:00","guid":{"rendered":"https:\/\/www.planbwagen.de\/?p=10359"},"modified":"2023-03-23T15:27:25","modified_gmt":"2023-03-23T13:27:25","slug":"san-vito-lo-capo-die-wichtigsten-highlights-und-tipps-fuer-camper","status":"publish","type":"post","link":"https:\/\/www.planbwagen.de\/fr\/uncategorized\/san-vito-lo-capo-les-principaux-points-forts-et-conseils-pour-les-campeurs\/","title":{"rendered":"San Vito Lo Capo - Points forts et conseils pour les campeurs"},"content":{"rendered":"<p>[et_pb_section fb_built=&#8220;1&#8243; _builder_version=&#8220;4.5.1&#8243; _module_preset=&#8220;default&#8220;][et_pb_row _builder_version=&#8220;4.5.1&#8243; _module_preset=&#8220;default&#8220;][et_pb_column type=&#8220;4_4&#8243; _builder_version=&#8220;4.5.1&#8243; _module_preset=&#8220;default&#8220;][et_pb_text _builder_version=&#8220;4.5.1&#8243; _module_preset=&#8220;default&#8220;]<\/p>\n<div id=\"ez-toc-container\" class=\"ez-toc-v2_0_76 counter-hierarchy ez-toc-counter ez-toc-grey ez-toc-container-direction\">\n<p class=\"ez-toc-title\" style=\"cursor:inherit\">Content<\/p>\n<label for=\"ez-toc-cssicon-toggle-item-69ef28856e6dd\" class=\"ez-toc-cssicon-toggle-label\"><span class=\"\"><span class=\"eztoc-hide\" style=\"display:none;\">Toggle<\/span><span class=\"ez-toc-icon-toggle-span\"><svg style=\"fill: #999;color:#999\" xmlns=\"http:\/\/www.w3.org\/2000\/svg\" class=\"list-377408\" width=\"20px\" height=\"20px\" viewbox=\"0 0 24 24\" fill=\"none\"><path d=\"M6 6H4v2h2V6zm14 0H8v2h12V6zM4 11h2v2H4v-2zm16 0H8v2h12v-2zM4 16h2v2H4v-2zm16 0H8v2h12v-2z\" fill=\"currentColor\"><\/path><\/svg><svg style=\"fill: #999;color:#999\" class=\"arrow-unsorted-368013\" xmlns=\"http:\/\/www.w3.org\/2000\/svg\" width=\"10px\" height=\"10px\" viewbox=\"0 0 24 24\" version=\"1.2\" baseprofile=\"tiny\"><path d=\"M18.2 9.3l-6.2-6.3-6.2 6.3c-.2.2-.3.4-.3.7s.1.5.3.7c.2.2.4.3.7.3h11c.3 0 .5-.1.7-.3.2-.2.3-.5.3-.7s-.1-.5-.3-.7zM5.8 14.7l6.2 6.3 6.2-6.3c.2-.2.3-.5.3-.7s-.1-.5-.3-.7c-.2-.2-.4-.3-.7-.3h-11c-.3 0-.5.1-.7.3-.2.2-.3.5-.3.7s.1.5.3.7z\"\/><\/svg><\/span><\/span><\/label><input type=\"checkbox\"  id=\"ez-toc-cssicon-toggle-item-69ef28856e6dd\"  aria-label=\"Toggle\" \/><nav><ul class='ez-toc-list ez-toc-list-level-1' ><li class='ez-toc-page-1 ez-toc-heading-level-2'><a class=\"ez-toc-link ez-toc-heading-1\" href=\"https:\/\/www.planbwagen.de\/fr\/uncategorized\/san-vito-lo-capo-les-principaux-points-forts-et-conseils-pour-les-campeurs\/#San_Vito_Lo_Capo\" >San Vito Lo Capo<\/a><\/li><li class='ez-toc-page-1 ez-toc-heading-level-2'><a class=\"ez-toc-link ez-toc-heading-2\" href=\"https:\/\/www.planbwagen.de\/fr\/uncategorized\/san-vito-lo-capo-les-principaux-points-forts-et-conseils-pour-les-campeurs\/#Anfahrt_und_parken\" >Acc\u00e8s et parking<\/a><\/li><li class='ez-toc-page-1 ez-toc-heading-level-2'><a class=\"ez-toc-link ez-toc-heading-3\" href=\"https:\/\/www.planbwagen.de\/fr\/uncategorized\/san-vito-lo-capo-les-principaux-points-forts-et-conseils-pour-les-campeurs\/#Sehenswurdigkeiten_in_San_Vito_Lo_Capo\" >Attractions \u00e0 San Vito Lo Capo<\/a><\/li><li class='ez-toc-page-1 ez-toc-heading-level-2'><a class=\"ez-toc-link ez-toc-heading-4\" href=\"https:\/\/www.planbwagen.de\/fr\/uncategorized\/san-vito-lo-capo-les-principaux-points-forts-et-conseils-pour-les-campeurs\/#Backer_Supermarkt_Tanken\" >Boulangerie, supermarch\u00e9 &amp; essence\u00a0<\/a><\/li><li class='ez-toc-page-1 ez-toc-heading-level-2'><a class=\"ez-toc-link ez-toc-heading-5\" href=\"https:\/\/www.planbwagen.de\/fr\/uncategorized\/san-vito-lo-capo-les-principaux-points-forts-et-conseils-pour-les-campeurs\/#Wandern_klettern_und_baden_in_San_Vito_Lo_Capo\" >Randonn\u00e9e, escalade et baignade \u00e0 San Vito Lo Capo\u00a0<\/a><\/li><li class='ez-toc-page-1 ez-toc-heading-level-2'><a class=\"ez-toc-link ez-toc-heading-6\" href=\"https:\/\/www.planbwagen.de\/fr\/uncategorized\/san-vito-lo-capo-les-principaux-points-forts-et-conseils-pour-les-campeurs\/#Stellplatze_und_Wasser_in_der_Bucht_von_Macari\" >Emplacements et eau dans la baie de Macari<\/a><\/li><\/ul><\/nav><\/div>\n<h2><span class=\"ez-toc-section\" id=\"San_Vito_Lo_Capo\"><\/span><span style=\"font-size: xx-large;\">San Vito Lo Capo<\/span><span class=\"ez-toc-section-end\"><\/span><\/h2>\n<p>A la pointe d'un cap situ\u00e9 au nord-ouest de la Sicile se trouve San Vito Lo Capo.\u00a0<span style=\"font-size: 18px;\">Nous avons d\u00e9j\u00e0 entendu tellement de bien de San Vito Lo Capo, c'est pourquoi elle figurait en bonne place sur notre bucket list.  On dit que c'est ici que se trouve la plus belle plage de Sicile. L'eau turquoise et le sable blanc et fin rappelleraient les Cara\u00efbes. Les Siciliens ne sont-ils pas connus pour leur nature r\u00e9serv\u00e9e et modeste ? Dans tous les cas, nous sommes agr\u00e9ablement surpris. La plage est vraiment magnifique et, \u00e0 cette \u00e9poque de l'ann\u00e9e, elle est aussi agr\u00e9ablement vide.\u00a0<\/span><\/p>\n<p>[\/et_pb_text][\/et_pb_column][\/et_pb_row][et_pb_row column_structure=&#8220;1_2,1_2&#8243; _builder_version=&#8220;4.5.1&#8243; _module_preset=&#8220;default&#8220;][et_pb_column type=&#8220;1_2&#8243; _builder_version=&#8220;4.5.1&#8243; _module_preset=&#8220;default&#8220;][et_pb_image src=&#8220;https:\/\/www.planbwagen.de\/wp-content\/uploads\/2021\/01\/IMG_5158-1024&#215;768.jpg&#8220; alt=&#8220;Blick \u00fcber die Bucht von Macari&#8220; title_text=&#8220;IMG_5158&#8243; _builder_version=&#8220;4.5.1&#8243; _module_preset=&#8220;default&#8220;][\/et_pb_image][\/et_pb_column][et_pb_column type=&#8220;1_2&#8243; _builder_version=&#8220;4.5.1&#8243; _module_preset=&#8220;default&#8220;][et_pb_image src=&#8220;https:\/\/www.planbwagen.de\/wp-content\/uploads\/2021\/01\/IMG_4602-1024&#215;768.jpg&#8220; alt=&#8220;PlanBwagen vor der Bucht von Macari bei San Vito Lo Capo&#8220; title_text=&#8220;IMG_4602&#8243; _builder_version=&#8220;4.5.1&#8243; _module_preset=&#8220;default&#8220;][\/et_pb_image][\/et_pb_column][\/et_pb_row][et_pb_row _builder_version=&#8220;4.5.1&#8243; _module_preset=&#8220;default&#8220;][et_pb_column type=&#8220;4_4&#8243; _builder_version=&#8220;4.5.1&#8243; _module_preset=&#8220;default&#8220;][et_pb_text _builder_version=&#8220;4.5.1&#8243; _module_preset=&#8220;default&#8220;]<\/p>\n<h2><span class=\"ez-toc-section\" id=\"Anfahrt_und_parken\"><\/span><span style=\"font-size: xx-large;\">Acc\u00e8s et parking<\/span><span class=\"ez-toc-section-end\"><\/span><\/h2>\n<p><span style=\"font-size: 18px;\">Depuis Palerme, nous atteignons San Vito Lo Capo en 90 minutes par la route c\u00f4ti\u00e8re sans p\u00e9age, toujours avec vue sur la mer.<\/span><span style=\"font-size: xx-large;\"><\/span><\/p>\n<p>Juste avant San Vito Lo Capo se trouve la baie de Macari. Quelques campeurs y sont install\u00e9s. Sur la route d'acc\u00e8s \u00e0 San Vito Lo Capo, nous passons devant la chapelle de Santa Crescenzia. Magnifique de l'ext\u00e9rieur, mais un peu d\u00e9labr\u00e9e \u00e0 l'int\u00e9rieur. Pour nous, ce sont les valeurs ext\u00e9rieures qui comptent.<\/p>\n<p>Nous continuons \u00e0 entrer dans San Vito Lo Capo et voyons d\u00e9j\u00e0 la mer turquoise briller \u00e0 travers les maisons. Quelle plage ! \u00c0 l'extr\u00e9mit\u00e9 est de cette magnifique plage de sable fin et blanc, il y a un petit parking o\u00f9 notre bulli trouve une place en premi\u00e8re ligne avec vue sur la mer turquoise et le phare. Ici, c'est tellement beau que nous ne pouvons pas nous en lasser. De l\u00e0, apr\u00e8s une promenade sur la plage et un bain de soleil, nous partons \u00e0 la d\u00e9couverte du petit village.<\/p>\n<p>[\/et_pb_text][\/et_pb_column][\/et_pb_row][et_pb_row column_structure=&#8220;1_2,1_2&#8243; _builder_version=&#8220;4.5.1&#8243; _module_preset=&#8220;default&#8220;][et_pb_column type=&#8220;1_2&#8243; _builder_version=&#8220;4.5.1&#8243; _module_preset=&#8220;default&#8220;][et_pb_image src=&#8220;https:\/\/www.planbwagen.de\/wp-content\/uploads\/2021\/01\/IMG_4825-1024&#215;768.jpg&#8220; alt=&#8220;Der Hafen von San Vito Lo Capo&#8220; title_text=&#8220;IMG_4825&#8243; _builder_version=&#8220;4.5.1&#8243; _module_preset=&#8220;default&#8220;][\/et_pb_image][\/et_pb_column][et_pb_column type=&#8220;1_2&#8243; _builder_version=&#8220;4.5.1&#8243; _module_preset=&#8220;default&#8220;][et_pb_image src=&#8220;https:\/\/www.planbwagen.de\/wp-content\/uploads\/2021\/01\/IMG_4832-1024&#215;768.jpg&#8220; alt=&#8220;Der Strand von San Vito Lo Capo vor dem Monte Monaco&#8220; title_text=&#8220;IMG_4832&#8243; _builder_version=&#8220;4.5.1&#8243; _module_preset=&#8220;default&#8220;][\/et_pb_image][\/et_pb_column][\/et_pb_row][et_pb_row _builder_version=&#8220;4.5.1&#8243; _module_preset=&#8220;default&#8220;][et_pb_column type=&#8220;4_4&#8243; _builder_version=&#8220;4.5.1&#8243; _module_preset=&#8220;default&#8220;][et_pb_text _builder_version=&#8220;4.5.1&#8243; _module_preset=&#8220;default&#8220;]<\/p>\n<h2><span class=\"ez-toc-section\" id=\"Sehenswurdigkeiten_in_San_Vito_Lo_Capo\"><\/span><span style=\"font-size: xx-large;\">Attractions \u00e0 San Vito Lo Capo<\/span><span class=\"ez-toc-section-end\"><\/span><\/h2>\n<p>Au centre de San Vito Lo Capo se trouve la forteresse Santuario Di San Vito, qui fait aujourd'hui office d'\u00e9glise. Elle est l'embl\u00e8me de la ville. L'entr\u00e9e est gratuite. Aussi simple qu'elle soit, nous avons tout de m\u00eame une vue magnifique depuis le toit.<\/p>\n<p>Au point le plus au nord, le phare Faro di Capo San Vito a \u00e9t\u00e9 construit en 1859. Il est encore actif aujourd'hui. Comme il se trouve sur un terrain militaire, il ne peut malheureusement pas \u00eatre visit\u00e9. Mais la tour blanche et ronde est un bon sujet de photo avec un camping-car devant.<\/p>\n<p>Entre la plage et le phare, il y a un petit port. On y trouve aussi quelques \u00e9coles de plong\u00e9e.<\/p>\n<p><span style=\"font-size: 18px;\">Au-dessus de tout cela se dresse le Monte Monaco. J'adore cette combinaison de montagnes et de mer. Il y a ici de superbes possibilit\u00e9s de randonn\u00e9es, d'escalade, de VTT, de sports nautiques et d'excursions - \u00e9galement en quad ou \u00e0 cheval.<\/span><\/p>\n<p>San Vito Lo Capo est \u00e9galement connue pour ses festivals : le festival du couscous en septembre et le festival de l'escalade en octobre.<\/p>\n<p>[\/et_pb_text][\/et_pb_column][\/et_pb_row][et_pb_row column_structure=&#8220;1_3,1_3,1_3&#8243; _builder_version=&#8220;4.5.1&#8243; _module_preset=&#8220;default&#8220;][et_pb_column type=&#8220;1_3&#8243; _builder_version=&#8220;4.5.1&#8243; _module_preset=&#8220;default&#8220;][et_pb_image src=&#8220;https:\/\/www.planbwagen.de\/wp-content\/uploads\/2021\/01\/IMG_0493-768&#215;1024.jpg&#8220; alt=&#8220;Der Leuchtturm von San Vito Lo Capo&#8220; title_text=&#8220;IMG_0493&#8243; _builder_version=&#8220;4.5.1&#8243; _module_preset=&#8220;default&#8220;][\/et_pb_image][\/et_pb_column][et_pb_column type=&#8220;1_3&#8243; _builder_version=&#8220;4.5.1&#8243; _module_preset=&#8220;default&#8220;][et_pb_image src=&#8220;https:\/\/www.planbwagen.de\/wp-content\/uploads\/2021\/01\/IMG_0622-768&#215;1024.jpg&#8220; alt=&#8220;Sfincione, die leckere sizilianische Pizza&#8220; title_text=&#8220;IMG_0622&#8243; _builder_version=&#8220;4.5.1&#8243; _module_preset=&#8220;default&#8220;][\/et_pb_image][\/et_pb_column][et_pb_column type=&#8220;1_3&#8243; _builder_version=&#8220;4.5.1&#8243; _module_preset=&#8220;default&#8220;][et_pb_image src=&#8220;https:\/\/www.planbwagen.de\/wp-content\/uploads\/2021\/01\/IMG_4553-768&#215;1024.jpg&#8220; alt=&#8220;PlanBwagen vor dem Leuchtturm von San Vito Lo Capo&#8220; title_text=&#8220;IMG_4553&#8243; _builder_version=&#8220;4.5.1&#8243; _module_preset=&#8220;default&#8220;][\/et_pb_image][\/et_pb_column][\/et_pb_row][et_pb_row _builder_version=&#8220;4.5.1&#8243; _module_preset=&#8220;default&#8220;][et_pb_column type=&#8220;4_4&#8243; _builder_version=&#8220;4.5.1&#8243; _module_preset=&#8220;default&#8220;][et_pb_text _builder_version=&#8220;4.5.1&#8243; _module_preset=&#8220;default&#8220;]<\/p>\n<h2><span class=\"ez-toc-section\" id=\"Backer_Supermarkt_Tanken\"><\/span><span style=\"font-size: xx-large;\">Boulangerie, supermarch\u00e9 &amp; essence\u00a0<\/span><span class=\"ez-toc-section-end\"><\/span><\/h2>\n<p>C'est l'heure d'un petit d\u00e9jeuner. \u00c0 quelques pas de la plage, au 13 Via N. Maniaci, se trouve la meilleure boulangerie du village, le Panificio Plaia. Cette petite boulangerie traditionnelle avec vue sur le fournil est remplie de toutes sortes de d\u00e9lices italiens comme du pain, des petits pains, des p\u00e2tisseries sucr\u00e9es, les meilleurs croissants et m\u00eame des p\u00e2tes faites maison. Nous sommes particuli\u00e8rement enthousiasm\u00e9s par les diff\u00e9rentes sortes de focaccia et de sfincione, la pizza typiquement sicilienne. Ici, on a un d\u00e9jeuner vraiment f\u00e9odal pour une somme modique. Derri\u00e8re le comptoir se tient une vieille maman chaleureuse qui ne parle qu'italien.<\/p>\n<p>Pour les courses, nous recommandons le supermarch\u00e9 Deco sur la Via Savoia, ce petit magasin est \u00e9tonnamment bien approvisionn\u00e9. Plusieurs stands ambulants dans le village proposent des fruits et l\u00e9gumes merveilleusement frais.<\/p>\n<p><span style=\"font-size: 18px;\">M\u00eame si cela n'en a pas toujours l'air au premier abord, on y trouve tout ce dont on a besoin. Nous avions peu d'espoir lorsque nous avons demand\u00e9 de l'AdBlue \u00e0 la station-service IP sur la Via Savoia 194. Mais voil\u00e0, ils en avaient et le prix \u00e9tait correct. C'est pourquoi il faut toujours demander quand on a besoin de quelque chose. Les Siciliens sont tr\u00e8s serviables. Il y a au moins un conseil pour savoir o\u00f9 trouver ce que l'on veut.<\/span><\/p>\n<p>[\/et_pb_text][\/et_pb_column][\/et_pb_row][et_pb_row column_structure=&#8220;1_3,1_3,1_3&#8243; _builder_version=&#8220;4.5.1&#8243; _module_preset=&#8220;default&#8220;][et_pb_column type=&#8220;1_3&#8243; _builder_version=&#8220;4.5.1&#8243; _module_preset=&#8220;default&#8220;][et_pb_image src=&#8220;https:\/\/www.planbwagen.de\/wp-content\/uploads\/2021\/01\/IMG_5040.jpg&#8220; alt=&#8220;PlanBwagen an der Grotta dei Cavalli&#8220; title_text=&#8220;IMG_5040&#8243; _builder_version=&#8220;4.5.1&#8243; _module_preset=&#8220;default&#8220;][\/et_pb_image][\/et_pb_column][et_pb_column type=&#8220;1_3&#8243; _builder_version=&#8220;4.5.1&#8243; _module_preset=&#8220;default&#8220;][et_pb_image src=&#8220;https:\/\/www.planbwagen.de\/wp-content\/uploads\/2021\/01\/IMG_0641-2-768&#215;1024.jpg&#8220; alt=&#8220;Marcs Beine bei einer Rast an der Grotta dei Cavalli&#8220; title_text=&#8220;IMG_0641 2&#8243; _builder_version=&#8220;4.5.1&#8243; _module_preset=&#8220;default&#8220;][\/et_pb_image][\/et_pb_column][et_pb_column type=&#8220;1_3&#8243; _builder_version=&#8220;4.5.1&#8243; _module_preset=&#8220;default&#8220;][et_pb_image src=&#8220;https:\/\/www.planbwagen.de\/wp-content\/uploads\/2021\/01\/IMG_4897-768&#215;1024.jpg&#8220; alt=&#8220;Blick von der Grotta dei Cavalli \u00fcber das Meer und die Bucht von Macari&#8220; title_text=&#8220;IMG_4897&#8243; _builder_version=&#8220;4.5.1&#8243; _module_preset=&#8220;default&#8220;][\/et_pb_image][\/et_pb_column][\/et_pb_row][et_pb_row _builder_version=&#8220;4.5.1&#8243; _module_preset=&#8220;default&#8220;][et_pb_column type=&#8220;4_4&#8243; _builder_version=&#8220;4.5.1&#8243; _module_preset=&#8220;default&#8220;][et_pb_text _builder_version=&#8220;4.5.1&#8243; _module_preset=&#8220;default&#8220;]<\/p>\n<h2><span class=\"ez-toc-section\" id=\"Wandern_klettern_und_baden_in_San_Vito_Lo_Capo\"><\/span><span style=\"font-size: xx-large;\">Randonn\u00e9e, escalade et baignade \u00e0 San Vito Lo Capo<\/span>\u00a0<span class=\"ez-toc-section-end\"><\/span><\/h2>\n<p>A l'ouest de San Vito Lo Capo, \u00e0 seulement 20min de marche, se trouve la grotte pr\u00e9historique Grotta dei Cavalli. En chemin, nous rencontrons quelques campeurs, car c'est l'un des plus beaux sites d'escalade et de bouldering de Sicile. La grotte proprement dite n'est peut-\u00eatre pas tr\u00e8s grande (environ 500 m\u00b2), mais la vue sur le golfe de Macari vaut la peine d'y monter. Et en dessous de la grotte, nous pouvons rester tranquillement avec le bulli et passer la nuit.\u00a0<\/p>\n<p>San Vito Lo Capo est l'entr\u00e9e nord de la r\u00e9serve naturelle du Zingaro. Il s'agit de la premi\u00e8re et de la plus ancienne r\u00e9serve naturelle de Sicile. Elle couvre 1600 ha et une bande c\u00f4ti\u00e8re d'environ 7 km de long avec de petites baies sablonneuses. Une visite vaut vraiment la peine, car on peut y combiner merveilleusement randonn\u00e9e et baignade. N'oubliez donc pas d'emporter votre maillot de bain. Pour plus d'informations sur la r\u00e9serve naturelle, voir <a href=\"http:\/\/lnx.riservazingaro.it\/en\/home-3\/\">ici.<\/a><\/p>\n<p>On peut aussi se baigner au Lago di Venere. Il s'agit d'une piscine naturelle form\u00e9e par la chute de rochers de la c\u00f4te voisine.<\/p>\n<p>Avant de se baigner, une visite de la grotte Uzzo s'impose. Il s'agit d'une bulle de magma ouverte verticalement d'une hauteur libre d'environ 20 m\u00e8tres, qui est utilis\u00e9e depuis des temps imm\u00e9moriaux comme abri et \u00e9table pour les gardiens de ch\u00e8vres. Elle se trouve \u00e0 quelques centaines de m\u00e8tres \u00e0 l'int\u00e9rieur des terres \u00e0 partir de la Tonnara del Uzzo.<\/p>\n<p>Un peu plus au nord se trouve la Tonnara del Secco Cette ancienne usine de thon abandonn\u00e9e est un vestige impressionnant de l'industrie s\u00e9culaire du thon.<\/p>\n<p>[\/et_pb_text][\/et_pb_column][\/et_pb_row][et_pb_row column_structure=&#8220;1_3,1_3,1_3&#8243; _builder_version=&#8220;4.5.1&#8243; _module_preset=&#8220;default&#8220;][et_pb_column type=&#8220;1_3&#8243; _builder_version=&#8220;4.5.1&#8243; _module_preset=&#8220;default&#8220;][et_pb_image src=&#8220;https:\/\/www.planbwagen.de\/wp-content\/uploads\/2021\/01\/IMG_4565-768&#215;1024.jpg&#8220; alt=&#8220;Marc f\u00fcllt Wasser in den PlanBwagen&#8220; title_text=&#8220;IMG_4565&#8243; _builder_version=&#8220;4.5.1&#8243; _module_preset=&#8220;default&#8220;][\/et_pb_image][\/et_pb_column][et_pb_column type=&#8220;1_3&#8243; _builder_version=&#8220;4.5.1&#8243; _module_preset=&#8220;default&#8220;][et_pb_image src=&#8220;https:\/\/www.planbwagen.de\/wp-content\/uploads\/2021\/01\/IMG_5080-768&#215;1024.jpg&#8220; alt=&#8220;PlanBwagen an der Bucht von Macari&#8220; title_text=&#8220;IMG_5080&#8243; _builder_version=&#8220;4.5.1&#8243; _module_preset=&#8220;default&#8220;][\/et_pb_image][\/et_pb_column][et_pb_column type=&#8220;1_3&#8243; _builder_version=&#8220;4.5.1&#8243; _module_preset=&#8220;default&#8220;][et_pb_image src=&#8220;https:\/\/www.planbwagen.de\/wp-content\/uploads\/2021\/01\/IMG_2316-768&#215;1024.jpg&#8220; alt=&#8220;Torgit f\u00fcllt den Wassertank des PlanBwagens&#8220; title_text=&#8220;IMG_2316&#8243; _builder_version=&#8220;4.5.1&#8243; _module_preset=&#8220;default&#8220;][\/et_pb_image][\/et_pb_column][\/et_pb_row][et_pb_row _builder_version=&#8220;4.5.1&#8243; _module_preset=&#8220;default&#8220;][et_pb_column type=&#8220;4_4&#8243; _builder_version=&#8220;4.5.1&#8243; _module_preset=&#8220;default&#8220;][et_pb_text _builder_version=&#8220;4.5.1&#8243; _module_preset=&#8220;default&#8220;]<\/p>\n<h2><span class=\"ez-toc-section\" id=\"Stellplatze_und_Wasser_in_der_Bucht_von_Macari\"><\/span><span style=\"font-size: xx-large;\">Emplacements et eau dans la baie de Macari<\/span><span class=\"ez-toc-section-end\"><\/span><\/h2>\n<p>Park4night indique 2 places \u00e0 San Vito Lo Capo, qui ne nous plaisent ni l'une ni l'autre. L'un des acc\u00e8s se termine par une cl\u00f4ture. Et l'autre place est encombr\u00e9e de d\u00e9chets \u00e0 c\u00f4t\u00e9 d'une station d'\u00e9puration qui ne sent pas tr\u00e8s bon.<\/p>\n<p>En revanche, nous trouvons un endroit d'autant plus beau dans la baie de Macari. \u00c0 c\u00f4t\u00e9 d'un petit emplacement asphalt\u00e9 o\u00f9 se trouvent d\u00e9j\u00e0 quelques marchandises blanches, nous continuons \u00e0 longer la c\u00f4te par un chemin cahoteux. Et nous sommes ici merveilleusement seuls. \u00c0 part un p\u00eacheur amical de temps en temps le matin, personne ne vient troubler notre tranquillit\u00e9.\u00a0<\/p>\n<p>Auf dem Weg dorthin gibt es einen \u00f6ffentlicher Brunnen in der 99 Via dell&#8217;Acqua Macari, 91010 Macari. Lasst Euch durch den Hinweis &#8222;kein Trinkwasser&#8220; nicht irritieren. Hier zapfen die Einwohner des Dorfes ihr Selbiges. Das Wasser ist vertr\u00e4glich und lecker. Wir bunkern Wasser mit Aussicht aufs Meer\u00a0<a href=\"https:\/\/www.google.com\/maps\/place\/38%C2%B007'47.0%22N+12%C2%B044'30.1%22E\/@38.1297222,12.7416944,17z\/data=!3m1!4b1!4m5!3m4!1s0x0:0x0!8m2!3d38.1297222!4d12.7416944\">38\u00b007'47.0\u2033N 12\u00b044'30.1\u2033E<\/a><\/p>\n<p>[\/et_pb_text][\/et_pb_column][\/et_pb_row][et_pb_row column_structure=&#8220;1_3,1_3,1_3&#8243; _builder_version=&#8220;4.5.1&#8243; _module_preset=&#8220;default&#8220;][et_pb_column type=&#8220;1_3&#8243; _builder_version=&#8220;4.5.1&#8243; _module_preset=&#8220;default&#8220;][\/et_pb_column][et_pb_column type=&#8220;1_3&#8243; _builder_version=&#8220;4.5.1&#8243; _module_preset=&#8220;default&#8220;][et_pb_image src=&#8220;https:\/\/www.planbwagen.de\/wp-content\/uploads\/2021\/01\/SAN-VITO-LO-CAPO-HIGHLIGHTS-UND-TIPPS-FU\u0308R-CAMPER-683&#215;1024.png&#8220; alt=&#8220;Leuchtturm von San Vito Lo Capo | Tipps f\u00fcr Camper&#8220; title_text=&#8220;SAN VITO LO CAPO HIGHLIGHTS UND TIPPS FU\u0308R CAMPER&#8220; _builder_version=&#8220;4.5.1&#8243; _module_preset=&#8220;default&#8220;][\/et_pb_image][\/et_pb_column][et_pb_column type=&#8220;1_3&#8243; _builder_version=&#8220;4.5.1&#8243; _module_preset=&#8220;default&#8220;][\/et_pb_column][\/et_pb_row][\/et_pb_section]<\/p>","protected":false},"excerpt":{"rendered":"<p>[et_pb_section fb_built=&#8220;1&#8243; _builder_version=&#8220;4.5.1&#8243; _module_preset=&#8220;default&#8220;][et_pb_row _builder_version=&#8220;4.5.1&#8243; _module_preset=&#8220;default&#8220;][et_pb_column type=&#8220;4_4&#8243; _builder_version=&#8220;4.5.1&#8243; _module_preset=&#8220;default&#8220;][et_pb_text _builder_version=&#8220;4.5.1&#8243; _module_preset=&#8220;default&#8220;] San Vito Lo Capo An der Spitze eines Kaps, welches im Nord-Westen Siziliens gelegen ist, befindet sich San Vito Lo Capo.\u00a0Wir haben schon so viel Gutes von San Vito Lo Capo geh\u00f6rt, daher stand es weit oben auf unserer bucket list.\u00a0 Man sagt hier [&hellip;]<\/p>","protected":false},"author":1,"featured_media":10393,"comment_status":"open","ping_status":"open","sticky":false,"template":"","format":"standard","meta":{"_et_pb_use_builder":"on","_et_pb_old_content":"","_et_gb_content_width":"","footnotes":""},"categories":[32,39,1],"tags":[],"class_list":["post-10359","post","type-post","status-publish","format-standard","has-post-thumbnail","hentry","category-italien","category-sizilien","category-uncategorized"],"_links":{"self":[{"href":"https:\/\/www.planbwagen.de\/fr\/wp-json\/wp\/v2\/posts\/10359","targetHints":{"allow":["GET"]}}],"collection":[{"href":"https:\/\/www.planbwagen.de\/fr\/wp-json\/wp\/v2\/posts"}],"about":[{"href":"https:\/\/www.planbwagen.de\/fr\/wp-json\/wp\/v2\/types\/post"}],"author":[{"embeddable":true,"href":"https:\/\/www.planbwagen.de\/fr\/wp-json\/wp\/v2\/users\/1"}],"replies":[{"embeddable":true,"href":"https:\/\/www.planbwagen.de\/fr\/wp-json\/wp\/v2\/comments?post=10359"}],"version-history":[{"count":48,"href":"https:\/\/www.planbwagen.de\/fr\/wp-json\/wp\/v2\/posts\/10359\/revisions"}],"predecessor-version":[{"id":11977,"href":"https:\/\/www.planbwagen.de\/fr\/wp-json\/wp\/v2\/posts\/10359\/revisions\/11977"}],"wp:featuredmedia":[{"embeddable":true,"href":"https:\/\/www.planbwagen.de\/fr\/wp-json\/wp\/v2\/media\/10393"}],"wp:attachment":[{"href":"https:\/\/www.planbwagen.de\/fr\/wp-json\/wp\/v2\/media?parent=10359"}],"wp:term":[{"taxonomy":"category","embeddable":true,"href":"https:\/\/www.planbwagen.de\/fr\/wp-json\/wp\/v2\/categories?post=10359"},{"taxonomy":"post_tag","embeddable":true,"href":"https:\/\/www.planbwagen.de\/fr\/wp-json\/wp\/v2\/tags?post=10359"}],"curies":[{"name":"wp","href":"https:\/\/api.w.org\/{rel}","templated":true}]}}