{"id":9411,"date":"2020-10-30T15:50:57","date_gmt":"2020-10-30T15:50:57","guid":{"rendered":"https:\/\/www.planbwagen.de\/?p=9411"},"modified":"2021-03-12T10:19:58","modified_gmt":"2021-03-12T10:19:58","slug":"dune-di-piscinas-home-office-am-strand","status":"publish","type":"post","link":"https:\/\/www.planbwagen.de\/es\/italia\/dune-di-piscinas-oficina-en-casa-en-la-playa\/","title":{"rendered":"Dune di Piscinas - Oficina en casa en la playa"},"content":{"rendered":"<p>[et_pb_section fb_built=&#8220;1&#8243; admin_label=&#8220;section&#8220; _builder_version=&#8220;3.22&#8243;][et_pb_row admin_label=&#8220;row&#8220; _builder_version=&#8220;3.25&#8243; background_size=&#8220;initial&#8220; background_position=&#8220;top_left&#8220; background_repeat=&#8220;repeat&#8220;][et_pb_column type=&#8220;4_4&#8243; _builder_version=&#8220;3.25&#8243; custom_padding=&#8220;|||&#8220; custom_padding__hover=&#8220;|||&#8220;][et_pb_text _builder_version=&#8220;4.5.1&#8243; _module_preset=&#8220;default&#8220;]<\/p>\n<div id=\"ez-toc-container\" class=\"ez-toc-v2_0_76 counter-hierarchy ez-toc-counter ez-toc-grey ez-toc-container-direction\">\n<p class=\"ez-toc-title\" style=\"cursor:inherit\">Contenido<\/p>\n<label for=\"ez-toc-cssicon-toggle-item-69ede7dee46da\" class=\"ez-toc-cssicon-toggle-label\"><span class=\"\"><span class=\"eztoc-hide\" style=\"display:none;\">Toggle<\/span><span class=\"ez-toc-icon-toggle-span\"><svg style=\"fill: #999;color:#999\" xmlns=\"http:\/\/www.w3.org\/2000\/svg\" class=\"list-377408\" width=\"20px\" height=\"20px\" viewbox=\"0 0 24 24\" fill=\"none\"><path d=\"M6 6H4v2h2V6zm14 0H8v2h12V6zM4 11h2v2H4v-2zm16 0H8v2h12v-2zM4 16h2v2H4v-2zm16 0H8v2h12v-2z\" fill=\"currentColor\"><\/path><\/svg><svg style=\"fill: #999;color:#999\" class=\"arrow-unsorted-368013\" xmlns=\"http:\/\/www.w3.org\/2000\/svg\" width=\"10px\" height=\"10px\" viewbox=\"0 0 24 24\" version=\"1.2\" baseprofile=\"tiny\"><path d=\"M18.2 9.3l-6.2-6.3-6.2 6.3c-.2.2-.3.4-.3.7s.1.5.3.7c.2.2.4.3.7.3h11c.3 0 .5-.1.7-.3.2-.2.3-.5.3-.7s-.1-.5-.3-.7zM5.8 14.7l6.2 6.3 6.2-6.3c.2-.2.3-.5.3-.7s-.1-.5-.3-.7c-.2-.2-.4-.3-.7-.3h-11c-.3 0-.5.1-.7.3-.2.2-.3.5-.3.7s.1.5.3.7z\"\/><\/svg><\/span><\/span><\/label><input type=\"checkbox\"  id=\"ez-toc-cssicon-toggle-item-69ede7dee46da\"  aria-label=\"Alternar\" \/><nav><ul class='ez-toc-list ez-toc-list-level-1' ><li class='ez-toc-page-1 ez-toc-heading-level-2'><a class=\"ez-toc-link ez-toc-heading-1\" href=\"https:\/\/www.planbwagen.de\/es\/italia\/dune-di-piscinas-oficina-en-casa-en-la-playa\/#Dune_di_Piscinas\" >Duna de Piscinas<\/a><\/li><li class='ez-toc-page-1 ez-toc-heading-level-2'><a class=\"ez-toc-link ez-toc-heading-2\" href=\"https:\/\/www.planbwagen.de\/es\/italia\/dune-di-piscinas-oficina-en-casa-en-la-playa\/#Der_Strand\" >La playa<\/a><\/li><li class='ez-toc-page-1 ez-toc-heading-level-2'><a class=\"ez-toc-link ez-toc-heading-3\" href=\"https:\/\/www.planbwagen.de\/es\/italia\/dune-di-piscinas-oficina-en-casa-en-la-playa\/#Bimobil_in_Dune_di_Piscinas\" >Bimobil en Dune di Piscinas<\/a><\/li><li class='ez-toc-page-1 ez-toc-heading-level-2'><a class=\"ez-toc-link ez-toc-heading-4\" href=\"https:\/\/www.planbwagen.de\/es\/italia\/dune-di-piscinas-oficina-en-casa-en-la-playa\/#Zu_hoch_fur_Dune_di_Piscinas\" >Demasiado alto para Dune di Piscinas<\/a><\/li><li class='ez-toc-page-1 ez-toc-heading-level-2'><a class=\"ez-toc-link ez-toc-heading-5\" href=\"https:\/\/www.planbwagen.de\/es\/italia\/dune-di-piscinas-oficina-en-casa-en-la-playa\/#Real_vs_schone_Fotos\" >Fotos reales frente a fotos bonitas<\/a><\/li><\/ul><\/nav><\/div>\n<h2 style=\"text-align: justify;\"><span class=\"ez-toc-section\" id=\"Dune_di_Piscinas\"><\/span><span style=\"font-size: xx-large;\">Duna de Piscinas<\/span><span class=\"ez-toc-section-end\"><\/span><\/h2>\n<p style=\"text-align: justify;\"><span style=\"font-size: 18px;\"><\/span><\/p>\n<p style=\"text-align: justify;\"><span style=\"font-size: 18px;\">Estamos de vuelta o todav\u00eda en la playa de Dune di Piscinas. @nurmalkurzraus, Neican y Fero han viajado esta ma\u00f1ana. Su tiempo se limita a las vacaciones de oto\u00f1o, por lo que el ferry para el viaje de vuelta a casa est\u00e1 reservado de antemano. No todo el mundo puede viajar tan espont\u00e1neamente como nosotros.<\/span><\/p>\n<p style=\"text-align: justify;\">Hoy queremos ver, editar y recortar el material fotogr\u00e1fico y f\u00edlmico de los \u00faltimos d\u00edas aqu\u00ed en la oficina de casa y escribir la entrada de blog apropiada sobre<span>Duna de Piscinas\u00a0<\/span>publicar. Siempre suena muy bien, pero editar las pel\u00edculas lleva m\u00e1s tiempo del esperado. Sobre todo cuando no tienes la mejor red aqu\u00ed en la playa, lleva a\u00fan m\u00e1s tiempo. Y a veces podr\u00edas morder el borde de la mesa si se supone que la subida de la pel\u00edcula tarda 30 minutos y en el minuto 28 espont\u00e1neamente ya no hay red. Vale, lo confieso, son problemas de lujo.<\/p>\n<p style=\"text-align: justify;\">\n<h2 style=\"text-align: justify;\"><span class=\"ez-toc-section\" id=\"Der_Strand\"><\/span><span style=\"font-size: xx-large;\">La playa<\/span><span class=\"ez-toc-section-end\"><\/span><\/h2>\n<p style=\"text-align: justify;\">\n<p style=\"text-align: justify;\">El tiempo aqu\u00ed en\u00a0<span>Duna de Piscinas\u00a0<\/span>El tiempo no pod\u00eda ser mejor, 24 grados y sol con un cielo azul brillante y un ligero viento, y la playa es realmente maravillosa. Una playa de arena fina y desierta. Tambi\u00e9n hay duchas en la playa, \u00bfqu\u00e9 m\u00e1s se puede pedir? Incluso hay un chiringuito que abre unas horas por la tarde. Aqu\u00ed est\u00e1 permitido aparcar por 6 euros al d\u00eda, acampar por desgracia no, pero actualmente no est\u00e1 controlado ni siquiera tolerado. Hay incluso una ducha caliente por 1 euro, pero no la usamos. El tiempo es tan bueno que las duchas fr\u00edas son realmente agradables. \u00bfO es que nos hemos vuelto a acostumbrar?<br \/> El \u00fanico inconveniente son unas cuantas moscas molestas, pero todo para\u00edso tiene su truco.<\/p>\n<p style=\"text-align: justify;\">El d\u00eda pasa volando en nuestra oficina. A las 6 de la tarde, ya estamos sentados en nuestras sillas en la playa o delante de nuestra autocaravana, ya que estamos aparcados justo en la playa, disfrutando de una puesta de sol. La puesta de sol aqu\u00ed es m\u00e1s hermosa que en cualquier Netflix.<\/p>\n<p style=\"text-align: justify;\">Tambi\u00e9n nos quedamos aqu\u00ed al d\u00eda siguiente. Despu\u00e9s de trabajar desde casa todo el d\u00eda de ayer, nos hemos ganado un d\u00eda libre. El tiempo es fant\u00e1stico, igual que ayer.<\/p>\n<p>[\/et_pb_text][\/et_pb_column][\/et_pb_row][et_pb_row column_structure=&#8220;1_3,1_3,1_3&#8243; _builder_version=&#8220;4.5.1&#8243; _module_preset=&#8220;default&#8220;][et_pb_column type=&#8220;1_3&#8243; _builder_version=&#8220;4.5.1&#8243; _module_preset=&#8220;default&#8220;][et_pb_image src=&#8220;https:\/\/www.planbwagen.de\/wp-content\/uploads\/2020\/10\/IMG_4231-768&#215;1024.jpg&#8220; alt=&#8220;Solartasche im Sonnenschein, des planBwagen am Strand von Piscinas, Sardinien, ein, VW T6.1 SpaceCamper, mit Terranger Umbau und delta 4&#215;4 Felgen&#8220; _builder_version=&#8220;4.5.1&#8243; _module_preset=&#8220;default&#8220;][\/et_pb_image][\/et_pb_column][et_pb_column type=&#8220;1_3&#8243; _builder_version=&#8220;4.5.1&#8243; _module_preset=&#8220;default&#8220;][et_pb_image src=&#8220;https:\/\/www.planbwagen.de\/wp-content\/uploads\/2020\/10\/Fahne-Sardiniens-ha\u0308ngt-am-Bulli-IMG_4404-768&#215;1024.jpg&#8220; alt=&#8220;Flagge, Wimpel Sardiniens am Heck des planBwagen, VW T6.1 SpaceCamper&#8220; title_text=&#8220;Fahne Sardiniens ha\u0308ngt am Bulli IMG_4404&#8243; _builder_version=&#8220;4.5.1&#8243; _module_preset=&#8220;default&#8220;][\/et_pb_image][\/et_pb_column][et_pb_column type=&#8220;1_3&#8243; _builder_version=&#8220;4.5.1&#8243; _module_preset=&#8220;default&#8220;][et_pb_image src=&#8220;https:\/\/www.planbwagen.de\/wp-content\/uploads\/2020\/10\/Bulli-mit-hochgestelltem-Dach-am-Strand-IMG_4172-768&#215;1024.jpg&#8220; alt=&#8220;planBwagen am Strand von Piscinas, Sardinien, ein, VW T6.1 SpaceCamper, mit Terranger Umbau und delta 4&#215;4 Felgen&#8220; title_text=&#8220;Bulli mit hochgestelltem Dach am Strand IMG_4172&#8243; _builder_version=&#8220;4.5.1&#8243; _module_preset=&#8220;default&#8220;][\/et_pb_image][\/et_pb_column][\/et_pb_row][et_pb_row _builder_version=&#8220;4.5.1&#8243; _module_preset=&#8220;default&#8220;][et_pb_column type=&#8220;4_4&#8243; _builder_version=&#8220;4.5.1&#8243; _module_preset=&#8220;default&#8220;][et_pb_text _builder_version=&#8220;4.5.1&#8243; _module_preset=&#8220;default&#8220;]<\/p>\n<p>Despu\u00e9s del obligado caf\u00e9, colocamos la bolsa solar. Nuestra bater\u00eda s\u00f3lo muestra 60 %, por supuesto estamos de pie al rev\u00e9s otra vez, el techo plegado con los paneles solares est\u00e1 de espaldas al sol. T\u00edpica ley de Murphy. Pero tampoco queremos volver a aparcar, queremos mirar al mar a trav\u00e9s de la puerta corredera.<\/p>\n<p><span style=\"font-size: 18px;\">\u00a0<\/span><\/p>\n<h2><span class=\"ez-toc-section\" id=\"Bimobil_in_Dune_di_Piscinas\"><\/span><span style=\"font-size: xx-large;\">Bimobil en\u00a0<span>Duna de Piscinas<\/span><\/span><span class=\"ez-toc-section-end\"><\/span><\/h2>\n<p>&nbsp;<\/p>\n<p>A lo largo del d\u00eda, seguimos en contacto con nuestro vecino aqu\u00ed en\u00a0<span>Duna de Piscinas<\/span>que viaja con un Bimobil. No se ve un veh\u00edculo tan grande tan a menudo, es un Bimobil EX 480 basado en el Mercedes Atego 4\u00d74. \u00c9l mismo conduc\u00eda un SpaceCamper Classic Open, el mismo modelo que el nuestro.<\/p>\n<p>Lleg\u00f3 al Bimobil como una virgen a un ni\u00f1o. Su mujer quer\u00eda un poco m\u00e1s de comodidad despu\u00e9s de la SpaceCamper. En realidad, quer\u00eda encargar el Bimobil ahora y tenerlo dentro de 3 a\u00f1os, cuando se jubile. Los Bimobiles tienen un plazo de entrega de s\u00f3lo 3 a\u00f1os. Y nosotros que pens\u00e1bamos que hab\u00edamos esperado mucho por nuestra SpaceCamper.<br \/> Pero la vida a menudo resulta diferente de lo que uno piensa: un d\u00eda estaba junto a un gran Bimobil en la playa, entabl\u00f3 conversaci\u00f3n con el due\u00f1o y se puso a hablar de compras. Al cabo de un rato, el due\u00f1o le pregunt\u00f3 si quer\u00eda comprarlo. R\u00e1pidamente acordaron el precio y la compra se sell\u00f3 con un apret\u00f3n de manos.<\/p>\n<p>&nbsp;<\/p>\n<h2><span style=\"font-size: xx-large;\"><\/span><\/h2>\n<h2><span class=\"ez-toc-section\" id=\"Zu_hoch_fur_Dune_di_Piscinas\"><\/span><span style=\"font-size: xx-large;\">Demasiado alto para\u00a0<span>Duna de Piscinas<\/span><\/span><span class=\"ez-toc-section-end\"><\/span><\/h2>\n<p><span style=\"font-size: 18px;\"><\/span><\/p>\n<p><span style=\"font-size: 18px;\">En <a href=\"https:\/\/www.planbwagen.de\/es\/italia\/el-rio-rosso-di-piscinas-el-paraiso-offroad-con-lagrimas\/\">Sendero a lo largo del r\u00edo rojo<\/a> est\u00e1 fuera de su alcance debido a su altura, por lo que mira a nuestra SpaceCamper con pesar. El camino de acceso a esta playa conduce a trav\u00e9s de un arco, que en realidad es lo suficientemente alto para \u00e9l con sus 3,50 metros de altura, pero al tener que doblar la curva, se hab\u00eda roto los dos labios de goma de la parte exterior. No es un da\u00f1o grave, se remend\u00f3 r\u00e1pidamente con cinta de blindaje, pero deber\u00eda repararse.<\/span><\/p>\n<p>En esta playa de<span>Duna de Piscinas\u00a0<\/span>hay algunos veh\u00edculos interesantes. Como el camino de entrada es bastante arenoso, los veh\u00edculos normales sin un 4\u00d74 apenas pueden subir hasta aqu\u00ed. Esto y la proximidad al sendero que bordea el r\u00edo Rojo hacen que el sitio sea bastante interesante.<\/p>\n<p>Das Fahrzeug zwischen uns und dem Bimobil ist vernachl\u00e4ssigbar. Die wei\u00dfe Ware hat sich ins Bild geschmuggelt \ud83d\ude09<br \/>Pero respeto, porque la se\u00f1ora viaja con el veh\u00edculo por primera vez. No se dio cuenta de que su caravana no llegar\u00eda a atravesar la arena. Y he aqu\u00ed que ella est\u00e1 en primera fila. A veces es bueno no saberlo todo.\u00a0<\/p>\n<p>[\/et_pb_text][\/et_pb_column][\/et_pb_row][et_pb_row column_structure=&#8220;2_5,3_5&#8243; _builder_version=&#8220;4.5.1&#8243; _module_preset=&#8220;default&#8220;][et_pb_column type=&#8220;2_5&#8243; _builder_version=&#8220;4.5.1&#8243; _module_preset=&#8220;default&#8220;][et_pb_image src=&#8220;https:\/\/www.planbwagen.de\/wp-content\/uploads\/2020\/10\/Bulli-im-Torbogen-IMG_4295-768&#215;1024.jpg&#8220; alt=&#8220;Tordurchfahrt, mit VW T6.1 SpaceCamper vor Piscinas, Sardinien&#8220; title_text=&#8220;Bulli im Torbogen IMG_4295&#8243; _builder_version=&#8220;4.5.1&#8243; _module_preset=&#8220;default&#8220;][\/et_pb_image][\/et_pb_column][et_pb_column type=&#8220;3_5&#8243; _builder_version=&#8220;4.5.1&#8243; _module_preset=&#8220;default&#8220;][et_pb_image src=&#8220;https:\/\/www.planbwagen.de\/wp-content\/uploads\/2020\/10\/Kleiner-Bulli-T6.1-neben-gro\u00dfem-Bimobil-Ex480-IMG_4170-1024&#215;768.jpg&#8220; alt=&#8220;planBwagen, ein Bimobil Ex480, sowie wei\u00dfe Ware, am Strand von Piscinas, Sardinien, ein, VW T6.1 SpaceCamper&#8220; title_text=&#8220;Kleiner Bulli T6.1 neben gro\u00dfem Bimobil Ex480 IMG_4170&#8243; _builder_version=&#8220;4.5.1&#8243; _module_preset=&#8220;default&#8220;][\/et_pb_image][\/et_pb_column][\/et_pb_row][et_pb_row _builder_version=&#8220;4.5.1&#8243; _module_preset=&#8220;default&#8220;][et_pb_column type=&#8220;4_4&#8243; _builder_version=&#8220;4.5.1&#8243; _module_preset=&#8220;default&#8220;][et_pb_text _builder_version=&#8220;4.5.1&#8243; _module_preset=&#8220;default&#8220;]<\/p>\n<p style=\"text-align: justify;\">Lo que seguimos observando aqu\u00ed en Cerde\u00f1a son los cazas que vuelan en sus formaciones de 3 \u00f3 4 aviones 1 \u00f3 2 veces al d\u00eda. \u00bfPuede alguien decirnos qui\u00e9n vuela all\u00ed? Es decir, \u00bfde qu\u00e9 pa\u00eds? Por favor, escr\u00edbanos o comente aqu\u00ed.<\/p>\n<p style=\"text-align: justify;\">\n<h2 style=\"text-align: justify;\"><span class=\"ez-toc-section\" id=\"Real_vs_schone_Fotos\"><\/span><span style=\"font-size: xx-large;\">Fotos reales frente a fotos bonitas<\/span><span class=\"ez-toc-section-end\"><\/span><\/h2>\n<p style=\"text-align: justify;\">\n<p style=\"text-align: justify;\">A lo largo del d\u00eda, siempre hago algunas fotos cuando veo algo bonito aqu\u00ed en\u00a0<span>Duna de Piscinas\u00a0<\/span>ver. Por supuesto, tambi\u00e9n de nuestra SpaceCamper. Siempre nos re\u00edmos un poco de los influencers de Instagram con sus fotos posadas, cuyas furgonetas parecen tan recargadas y poco pr\u00e1cticas que a veces nos preguntamos si es posible conducirlas. Y, sin embargo, yo tambi\u00e9n quiero tener fotos bonitas. As\u00ed que despu\u00e9s de la primera instant\u00e1nea de nuestra caravana, quitamos las toallas de colores que cuelgan del coche para secarse. Es que queda m\u00e1s bonito en las fotos. \u00bfO qu\u00e9 te parece? Voy a subir las dos fotos aqu\u00ed - antes y despu\u00e9s. La vida real frente a la foto bonita. Por desgracia, mi primera foto siempre es m\u00e1s bonita que la segunda.<\/p>\n<p>[\/et_pb_text][\/et_pb_column][\/et_pb_row][et_pb_row column_structure=&#8220;1_2,1_2&#8243; _builder_version=&#8220;4.5.1&#8243; _module_preset=&#8220;default&#8220;][et_pb_column type=&#8220;1_2&#8243; _builder_version=&#8220;4.5.1&#8243; _module_preset=&#8220;default&#8220;][et_pb_image src=&#8220;https:\/\/www.planbwagen.de\/wp-content\/uploads\/2020\/10\/Bunte-Handtu\u0308cher-ha\u0308ngen-zum-Trocknen-am-SpaceCamper-im-Pixeltarn-Look-am-Strand-1024&#215;768.jpg&#8220; title_text=&#8220;Bunte Handtu\u0308cher ha\u0308ngen zum Trocknen am SpaceCamper im Pixeltarn-Look am Strand&#8220; _builder_version=&#8220;4.5.1&#8243; _module_preset=&#8220;default&#8220;][\/et_pb_image][\/et_pb_column][et_pb_column type=&#8220;1_2&#8243; _builder_version=&#8220;4.5.1&#8243; _module_preset=&#8220;default&#8220;][et_pb_image src=&#8220;https:\/\/www.planbwagen.de\/wp-content\/uploads\/2020\/10\/Bulli-im-Pixeltarn-Look-steht-am-Strand-re-IMG_4222-1024&#215;768.jpg&#8220; alt=&#8220;planBwagen am Strand von Piscinas, Sardinien, ein, VW T6.1 SpaceCamper, mit Terranger Umbau und delta 4&#215;4 Felgen&#8220; title_text=&#8220;Bulli im Pixeltarn-Look steht am Strand re IMG_4222&#8243; _builder_version=&#8220;4.5.1&#8243; _module_preset=&#8220;default&#8220;][\/et_pb_image][\/et_pb_column][\/et_pb_row][\/et_pb_section]<\/p>","protected":false},"excerpt":{"rendered":"<p>[et_pb_section fb_built=&#8220;1&#8243; admin_label=&#8220;section&#8220; _builder_version=&#8220;3.22&#8243;][et_pb_row admin_label=&#8220;row&#8220; _builder_version=&#8220;3.25&#8243; background_size=&#8220;initial&#8220; background_position=&#8220;top_left&#8220; background_repeat=&#8220;repeat&#8220;][et_pb_column type=&#8220;4_4&#8243; _builder_version=&#8220;3.25&#8243; custom_padding=&#8220;|||&#8220; custom_padding__hover=&#8220;|||&#8220;][et_pb_text _builder_version=&#8220;4.5.1&#8243; _module_preset=&#8220;default&#8220;] Dune di Piscinas Wir sind wieder oder immer noch am Strand Dune di Piscinas. @nurmalkurzraus, Neican und Fero sind heute morgen weiter gefahren. Ihre Zeit ist auf die Herbstferien begrenzt und die F\u00e4hre f\u00fcr die Heimreise ist deshalb vorgebucht. Nicht [&hellip;]<\/p>","protected":false},"author":1,"featured_media":9415,"comment_status":"open","ping_status":"open","sticky":false,"template":"","format":"standard","meta":{"_et_pb_use_builder":"on","_et_pb_old_content":"","_et_gb_content_width":"","footnotes":""},"categories":[32],"tags":[],"class_list":["post-9411","post","type-post","status-publish","format-standard","has-post-thumbnail","hentry","category-italien"],"_links":{"self":[{"href":"https:\/\/www.planbwagen.de\/es\/wp-json\/wp\/v2\/posts\/9411","targetHints":{"allow":["GET"]}}],"collection":[{"href":"https:\/\/www.planbwagen.de\/es\/wp-json\/wp\/v2\/posts"}],"about":[{"href":"https:\/\/www.planbwagen.de\/es\/wp-json\/wp\/v2\/types\/post"}],"author":[{"embeddable":true,"href":"https:\/\/www.planbwagen.de\/es\/wp-json\/wp\/v2\/users\/1"}],"replies":[{"embeddable":true,"href":"https:\/\/www.planbwagen.de\/es\/wp-json\/wp\/v2\/comments?post=9411"}],"version-history":[{"count":27,"href":"https:\/\/www.planbwagen.de\/es\/wp-json\/wp\/v2\/posts\/9411\/revisions"}],"predecessor-version":[{"id":10856,"href":"https:\/\/www.planbwagen.de\/es\/wp-json\/wp\/v2\/posts\/9411\/revisions\/10856"}],"wp:featuredmedia":[{"embeddable":true,"href":"https:\/\/www.planbwagen.de\/es\/wp-json\/wp\/v2\/media\/9415"}],"wp:attachment":[{"href":"https:\/\/www.planbwagen.de\/es\/wp-json\/wp\/v2\/media?parent=9411"}],"wp:term":[{"taxonomy":"category","embeddable":true,"href":"https:\/\/www.planbwagen.de\/es\/wp-json\/wp\/v2\/categories?post=9411"},{"taxonomy":"post_tag","embeddable":true,"href":"https:\/\/www.planbwagen.de\/es\/wp-json\/wp\/v2\/tags?post=9411"}],"curies":[{"name":"wp","href":"https:\/\/api.w.org\/{rel}","templated":true}]}}