{"id":9172,"date":"2020-10-13T06:35:06","date_gmt":"2020-10-13T06:35:06","guid":{"rendered":"https:\/\/www.planbwagen.de\/?p=9172"},"modified":"2020-10-17T09:50:50","modified_gmt":"2020-10-17T09:50:50","slug":"planbwagen-auf-dem-weg-nach-italien","status":"publish","type":"post","link":"https:\/\/www.planbwagen.de\/es\/italia\/vagon-cubierto-camino-de-italia\/","title":{"rendered":"Despertar en Alemania, desayunar en Francia, comer en Suiza, cenar en Italia."},"content":{"rendered":"<p>[et_pb_section fb_built=&#8220;1&#8243; _builder_version=&#8220;4.5.1&#8243; _module_preset=&#8220;default&#8220;][et_pb_row _builder_version=&#8220;4.5.1&#8243; _module_preset=&#8220;default&#8220;][et_pb_column type=&#8220;4_4&#8243; _builder_version=&#8220;4.5.1&#8243; _module_preset=&#8220;default&#8220;][et_pb_text _builder_version=&#8220;4.5.1&#8243; _module_preset=&#8220;default&#8220;]<\/p>\n<div id=\"ez-toc-container\" class=\"ez-toc-v2_0_76 counter-hierarchy ez-toc-counter ez-toc-grey ez-toc-container-direction\">\n<p class=\"ez-toc-title\" style=\"cursor:inherit\">Contenido<\/p>\n<label for=\"ez-toc-cssicon-toggle-item-69f075bacb982\" class=\"ez-toc-cssicon-toggle-label\"><span class=\"\"><span class=\"eztoc-hide\" style=\"display:none;\">Toggle<\/span><span class=\"ez-toc-icon-toggle-span\"><svg style=\"fill: #999;color:#999\" xmlns=\"http:\/\/www.w3.org\/2000\/svg\" class=\"list-377408\" width=\"20px\" height=\"20px\" viewbox=\"0 0 24 24\" fill=\"none\"><path d=\"M6 6H4v2h2V6zm14 0H8v2h12V6zM4 11h2v2H4v-2zm16 0H8v2h12v-2zM4 16h2v2H4v-2zm16 0H8v2h12v-2z\" fill=\"currentColor\"><\/path><\/svg><svg style=\"fill: #999;color:#999\" class=\"arrow-unsorted-368013\" xmlns=\"http:\/\/www.w3.org\/2000\/svg\" width=\"10px\" height=\"10px\" viewbox=\"0 0 24 24\" version=\"1.2\" baseprofile=\"tiny\"><path d=\"M18.2 9.3l-6.2-6.3-6.2 6.3c-.2.2-.3.4-.3.7s.1.5.3.7c.2.2.4.3.7.3h11c.3 0 .5-.1.7-.3.2-.2.3-.5.3-.7s-.1-.5-.3-.7zM5.8 14.7l6.2 6.3 6.2-6.3c.2-.2.3-.5.3-.7s-.1-.5-.3-.7c-.2-.2-.4-.3-.7-.3h-11c-.3 0-.5.1-.7.3-.2.2-.3.5-.3.7s.1.5.3.7z\"\/><\/svg><\/span><\/span><\/label><input type=\"checkbox\"  id=\"ez-toc-cssicon-toggle-item-69f075bacb982\"  aria-label=\"Alternar\" \/><nav><ul class='ez-toc-list ez-toc-list-level-1' ><li class='ez-toc-page-1 ez-toc-heading-level-1'><a class=\"ez-toc-link ez-toc-heading-1\" href=\"https:\/\/www.planbwagen.de\/es\/italia\/vagon-cubierto-camino-de-italia\/#%E2%80%9EHamburg_830_Uhr_wieder_mal_Regen_Perfekter_Halt_furs_Haar_%E2%80%93_Drei_Wetter_Taft%E2%80%A6%E2%80%9C\" >\"Hamburgo, 8.30 a.m., llueve de nuevo. Fijaci\u00f3n perfecta para el pelo - Three Weather Taffeta...\"<\/a><ul class='ez-toc-list-level-2' ><li class='ez-toc-heading-level-2'><a class=\"ez-toc-link ez-toc-heading-2\" href=\"https:\/\/www.planbwagen.de\/es\/italia\/vagon-cubierto-camino-de-italia\/#%E2%80%9EZwischenstopp_Munchen_es_ist_ziemlich_windig_Perfekter_Sitz_%E2%80%93_Drei_Wetter_Taft%E2%80%A6%E2%80%9C\" >\"Parada en Munich, hace bastante viento. Ajuste perfecto - tres tiempo tafet\u00e1n... \".<\/a><\/li><li class='ez-toc-page-1 ez-toc-heading-level-2'><a class=\"ez-toc-link ez-toc-heading-3\" href=\"https:\/\/www.planbwagen.de\/es\/italia\/vagon-cubierto-camino-de-italia\/#Iffezheim\" >Iffezheim<\/a><\/li><li class='ez-toc-page-1 ez-toc-heading-level-2'><a class=\"ez-toc-link ez-toc-heading-4\" href=\"https:\/\/www.planbwagen.de\/es\/italia\/vagon-cubierto-camino-de-italia\/#Castano_Primo\" >Castano Primo<\/a><\/li><li class='ez-toc-page-1 ez-toc-heading-level-2'><a class=\"ez-toc-link ez-toc-heading-5\" href=\"https:\/\/www.planbwagen.de\/es\/italia\/vagon-cubierto-camino-de-italia\/#%E2%80%9EAlle_wollen_alt_werden_aber_keiner_will_es_sein%E2%80%9C\" >&#8222;Alle wollen alt werden, aber keiner will es sein!&#8220;<\/a><\/li><li class='ez-toc-page-1 ez-toc-heading-level-2'><a class=\"ez-toc-link ez-toc-heading-6\" href=\"https:\/\/www.planbwagen.de\/es\/italia\/vagon-cubierto-camino-de-italia\/#%E2%80%9EWeiterflug_nach_Rom_die_Sonne_brennt_Perfekter_Schutz_%E2%80%93_Drei_Wetter_Taft%E2%80%9C\" >\"Vuelo hacia Roma, el sol quema. Protecci\u00f3n perfecta: tafet\u00e1n para tres climas\".<\/a><\/li><\/ul><\/li><\/ul><\/nav><\/div>\n<h1><span class=\"ez-toc-section\" id=\"%E2%80%9EHamburg_830_Uhr_wieder_mal_Regen_Perfekter_Halt_furs_Haar_%E2%80%93_Drei_Wetter_Taft%E2%80%A6%E2%80%9C\"><\/span><span style=\"font-size: xx-large;\">\"Hamburgo, 8.30 a.m., llueve de nuevo. Fijaci\u00f3n perfecta para el pelo - Three Weather Taffeta...\"<\/span><span class=\"ez-toc-section-end\"><\/span><\/h1>\n<p>Si ahora puedes continuar con este eslogan publicitario, entonces eres viejo, muy, muy viejo. Si no, es usted joven u olvidadizo. Puede elegir. Si creciste en los ochenta como nosotros, no pudiste evitar el anuncio de Taft. Una se\u00f1ora elegante en traje de negocios recorriendo el mundo en un jet privado. No importa el tiempo que haga, su peinado es perfecto. \u00bfEra esta mujer de negocios el modelo secreto de la jet set? En los a\u00f1os noventa, lleg\u00f3 a dar la vuelta al mundo en el Concorde.<\/p>\n<h2><span class=\"ez-toc-section\" id=\"%E2%80%9EZwischenstopp_Munchen_es_ist_ziemlich_windig_Perfekter_Sitz_%E2%80%93_Drei_Wetter_Taft%E2%80%A6%E2%80%9C\"><\/span>\"Parada en Munich, hace bastante viento. Ajuste perfecto - tres tiempo tafet\u00e1n... \".<span class=\"ez-toc-section-end\"><\/span><\/h2>\n<p>No s\u00f3lo el Concorde es cosa del pasado, sino que dar la vuelta al mundo en avi\u00f3n ya no se considera chic. Gracias a Corona, la mayor\u00eda de la gente se queda en casa. Las aerol\u00edneas de bajo coste ya no existen. Sin embargo, hoy me he acordado de este eslogan publicitario. No s\u00f3lo porque o aunque sea viejo, sino sobre todo porque hemos cruzado varias fronteras nacionales.<\/p>\n<p>Por fin estamos de nuevo \"en la carretera\". - Estamos de nuevo en la carretera. Llevamos alg\u00fan tiempo viviendo en el autob\u00fas. Pero hasta ahora ni hemos viajado lejos ni hemos llegado.<\/p>\n<p>Hay varias razones para ello: \u00bfSabes cuando te mudas a un piso nuevo y tardas en instalarte? - Me refiero a instalarse de verdad, para que se convierta en tu hogar.<br \/> Este tambi\u00e9n fue nuestro caso. Empezando por la rotura del eje de transmisi\u00f3n, el techo desplegable se atasc\u00f3 y hubo mucha desorganizaci\u00f3n. Y lo que es m\u00e1s, nuestras bicicletas plegables de United City Bikes, por desgracia, se fueron al traste. Pero todo ten\u00eda que ser diferente.<\/p>\n<p>Incluso en un autob\u00fas, no siempre hay sol y rosas. Hoy, por ejemplo, llueve. Pero lo m\u00e1s importante es que somos felices. Estamos en un prado verde en el l\u00edmite del Tesino, el cant\u00f3n suizo del Tesino. <a href=\"https:\/\/www.google.com\/maps\/place\/45%C2%B029'54.3%22N+8%C2%B046'17.3%22E\/@45.4984167,8.7692835,17z\/data=!3m1!4b1!4m5!3m4!1s0x0:0x0!8m2!3d45.4984167!4d8.7714722\">45\u00b029'54.3\u2033N 8\u00b046'17.3\u2033E<\/a>. Justo al borde del Parco del Ticino, que recorre el r\u00edo del mismo nombre entre Lombard\u00eda y Piamonte.<\/p>\n<p>[\/et_pb_text][\/et_pb_column][\/et_pb_row][et_pb_row column_structure=&#8220;1_2,1_6,1_6,1_6&#8243; _builder_version=&#8220;4.5.1&#8243; _module_preset=&#8220;default&#8220;][et_pb_column type=&#8220;1_2&#8243; _builder_version=&#8220;4.5.1&#8243; _module_preset=&#8220;default&#8220;][et_pb_image src=&#8220;https:\/\/www.planbwagen.de\/wp-content\/uploads\/2020\/10\/IMG_0125-1024&#215;768.jpg&#8220; alt=&#8220;Heck mit delta 4&#215;4 + Ortliebtasche des planBwagen, VW T6.1 SpaceCamper in camouflage&#8220; _builder_version=&#8220;4.5.1&#8243; _module_preset=&#8220;default&#8220;][\/et_pb_image][\/et_pb_column][et_pb_column type=&#8220;1_6&#8243; _builder_version=&#8220;4.5.1&#8243; _module_preset=&#8220;default&#8220;][et_pb_image src=&#8220;https:\/\/www.planbwagen.de\/wp-content\/uploads\/2020\/10\/IMG_0126-768&#215;1024.jpg&#8220; alt=&#8220;Heck mit delta Bags + Ortliebtasche des planBwagen, VW T6.1 SpaceCamper in camouflage&#8220; _builder_version=&#8220;4.5.1&#8243; _module_preset=&#8220;default&#8220;][\/et_pb_image][\/et_pb_column][et_pb_column type=&#8220;1_6&#8243; _builder_version=&#8220;4.5.1&#8243; _module_preset=&#8220;default&#8220;][et_pb_image src=&#8220;https:\/\/www.planbwagen.de\/wp-content\/uploads\/2020\/10\/IMG_0121.jpg&#8220; alt=&#8220;Heck mit delta4x4 Klassik B + Ortliebtasche des planBwagen, VW T6.1 SpaceCamper in camouflage&#8220; _builder_version=&#8220;4.5.1&#8243; _module_preset=&#8220;default&#8220;][\/et_pb_image][\/et_pb_column][et_pb_column type=&#8220;1_6&#8243; _builder_version=&#8220;4.5.1&#8243; _module_preset=&#8220;default&#8220;][et_pb_image src=&#8220;https:\/\/www.planbwagen.de\/wp-content\/uploads\/2020\/10\/IMG_0124-768&#215;1024.jpg&#8220; alt=&#8220;Heck mit delta4x4 Reifenh\u00fclle + Ortliebtasche des planBwagen, VW T6.1 SpaceCamper in camouflage&#8220; _builder_version=&#8220;4.5.1&#8243; _module_preset=&#8220;default&#8220;][\/et_pb_image][\/et_pb_column][\/et_pb_row][et_pb_row _builder_version=&#8220;4.5.1&#8243; _module_preset=&#8220;default&#8220; custom_padding=&#8220;0px||0px||true|&#8220;][et_pb_column type=&#8220;4_4&#8243; _builder_version=&#8220;4.5.1&#8243; _module_preset=&#8220;default&#8220;][et_pb_text _builder_version=&#8220;4.5.1&#8243; _module_preset=&#8220;default&#8220; custom_padding=&#8220;||0px|||&#8220;]<\/p>\n<p style=\"text-align: justify;\">\n<p style=\"text-align: justify;\">Esta ma\u00f1ana salimos de Wachtberg-Pech, cerca de Bonn. Nuestro destino era Italia. Debido al tr\u00e1fico, el navegador nos lleva a Francia pasando por Landau in der Pfalz. Por ello, desayunamos poco despu\u00e9s del amanecer en suelo franc\u00e9s, es decir, en un camino rural cerca de Roppenheim. Todav\u00eda hay roc\u00edo en los maizales y la bruma se extiende por el suelo. El lugar perfecto para nuestro muesli de frutas.<\/p>\n<p style=\"text-align: justify;\">Cuando hicimos una parada en Delta4x4 hace unos d\u00edas, nos regalaron una cubierta para nuestra rueda de repuesto. Este no es solo el lugar adecuado para decidir si la montamos o no, sino tambi\u00e9n para hacerle unas fotos.<\/p>\n<p>[\/et_pb_text][\/et_pb_column][\/et_pb_row][et_pb_row column_structure=&#8220;1_2,1_2&#8243; _builder_version=&#8220;4.5.1&#8243; _module_preset=&#8220;default&#8220;][et_pb_column type=&#8220;1_2&#8243; _builder_version=&#8220;4.5.1&#8243; _module_preset=&#8220;default&#8220;][et_pb_image src=&#8220;https:\/\/www.planbwagen.de\/wp-content\/uploads\/2020\/10\/IMG_0133-1024&#215;768.jpg&#8220; alt=&#8220;planBwagen am EnBW Rheinkraftwerk Iffezheim&#8220; _builder_version=&#8220;4.5.1&#8243; _module_preset=&#8220;default&#8220;][\/et_pb_image][\/et_pb_column][et_pb_column type=&#8220;1_2&#8243; _builder_version=&#8220;4.5.1&#8243; _module_preset=&#8220;default&#8220;][et_pb_image src=&#8220;https:\/\/www.planbwagen.de\/wp-content\/uploads\/2020\/10\/IMG_0132-1024&#215;768.jpg&#8220; alt=&#8220;planBwagen am EnBW Rheinkraftwerk Iffezheim&#8220; title_text=&#8220;IMG_0132&#8243; _builder_version=&#8220;4.5.1&#8243; _module_preset=&#8220;default&#8220;][\/et_pb_image][\/et_pb_column][\/et_pb_row][et_pb_row _builder_version=&#8220;4.5.1&#8243; _module_preset=&#8220;default&#8220;][et_pb_column type=&#8220;4_4&#8243; _builder_version=&#8220;4.5.1&#8243; _module_preset=&#8220;default&#8220;][et_pb_text _builder_version=&#8220;4.5.1&#8243; _module_preset=&#8220;default&#8220;]<\/p>\n<h2><span class=\"ez-toc-section\" id=\"Iffezheim\"><\/span>Iffezheim<span class=\"ez-toc-section-end\"><\/span><\/h2>\n<p>Seguimos adelante y nos detenemos brevemente en la central el\u00e9ctrica del Rin, cerca de Iffezheim, antes de cruzar el r\u00edo y la frontera con Alemania. Nuestro viaje a Francia fue corto y dulce, pero el doble de agradable.<\/p>\n<p>Seguimos la autopista, paralela al Rin. Nuestra siguiente parada es el Museo de Dise\u00f1o Vitra, cerca de Weil am Rhein, justo en la frontera suiza. Esta parada es m\u00e1s corta de lo previsto. El museo no abre hasta la tarde. Pero a\u00fan queremos llegar hoy a Italia. As\u00ed que llegamos a Suiza a tiempo para tomar un tentempi\u00e9 y cruzamos la frontera con Italia a \u00faltima hora de la tarde.<\/p>\n<p>[\/et_pb_text][\/et_pb_column][\/et_pb_row][et_pb_row column_structure=&#8220;1_5,3_5,1_5&#8243; _builder_version=&#8220;4.5.1&#8243; _module_preset=&#8220;default&#8220;][et_pb_column type=&#8220;1_5&#8243; _builder_version=&#8220;4.5.1&#8243; _module_preset=&#8220;default&#8220;][et_pb_image src=&#8220;https:\/\/www.planbwagen.de\/wp-content\/uploads\/2020\/10\/IMG_3609-768&#215;1024.jpg&#8220; alt=&#8220;planBwagen am Vitra Design Museum in Weil am Rhein&#8220; _builder_version=&#8220;4.5.1&#8243; _module_preset=&#8220;default&#8220;][\/et_pb_image][\/et_pb_column][et_pb_column type=&#8220;3_5&#8243; _builder_version=&#8220;4.5.1&#8243; _module_preset=&#8220;default&#8220;][et_pb_image src=&#8220;https:\/\/www.planbwagen.de\/wp-content\/uploads\/2020\/10\/IMG_3608-1024&#215;768.jpg&#8220; alt=&#8220;planBwagen am Vitra Design Museum in Weil am Rhein&#8220; _builder_version=&#8220;4.5.1&#8243; _module_preset=&#8220;default&#8220;][\/et_pb_image][\/et_pb_column][et_pb_column type=&#8220;1_5&#8243; _builder_version=&#8220;4.5.1&#8243; _module_preset=&#8220;default&#8220;][et_pb_image src=&#8220;https:\/\/www.planbwagen.de\/wp-content\/uploads\/2020\/10\/IMG_3605-768&#215;1024.jpg&#8220; alt=&#8220;planBwagen am Vitra Design Museum in Weil am Rhein&#8220; _builder_version=&#8220;4.5.1&#8243; _module_preset=&#8220;default&#8220;][\/et_pb_image][\/et_pb_column][\/et_pb_row][et_pb_row _builder_version=&#8220;4.5.1&#8243; _module_preset=&#8220;default&#8220; min_height=&#8220;753px&#8220; custom_margin=&#8220;|auto|-56px|auto||&#8220; custom_padding=&#8220;0px|||||&#8220;][et_pb_column type=&#8220;4_4&#8243; _builder_version=&#8220;4.5.1&#8243; _module_preset=&#8220;default&#8220;][et_pb_text _builder_version=&#8220;4.5.1&#8243; _module_preset=&#8220;default&#8220;]<\/p>\n<p>&nbsp;<\/p>\n<p><span style=\"font-size: 18px;\"><\/span><\/p>\n<p>[\/et_pb_text][et_pb_text _builder_version=&#8220;4.5.1&#8243; _module_preset=&#8220;default&#8220; custom_margin=&#8220;||-17px|||&#8220; custom_padding=&#8220;2px|||||&#8220; locked=&#8220;off&#8220;]<\/p>\n<h2 style=\"text-align: justify;\"><span class=\"ez-toc-section\" id=\"Castano_Primo\"><\/span>Castano Primo<span class=\"ez-toc-section-end\"><\/span><\/h2>\n<p style=\"text-align: justify;\">Poco despu\u00e9s, disfrutamos de nuestro primer caf\u00e9 italiano en Castano Primo, una peque\u00f1a ciudad de Lombard\u00eda. Para m\u00ed, \u00e9ste es el lugar m\u00e1s importante de nuestro viaje a Italia, por eso est\u00e1 justo al principio. Porque el hermano mayor de mi difunto pap\u00e1 vive aqu\u00ed. Quiero volver a verle.<span style=\"font-size: xx-large;\"><\/span><\/p>\n<h2 style=\"text-align: center;\"><span class=\"ez-toc-section\" id=\"%E2%80%9EAlle_wollen_alt_werden_aber_keiner_will_es_sein%E2%80%9C\"><\/span><span style=\"font-size: xx-large;\">&#8222;Alle wollen alt werden, aber keiner will es sein!&#8220;<\/span><span class=\"ez-toc-section-end\"><\/span><\/h2>\n<p>&nbsp;<\/p>\n<p style=\"text-align: justify;\">Y cuando digo mayores, lo digo en serio. Mi t\u00edo Hans se dirige diligentemente hacia los cien a\u00f1os. As\u00ed que nunca se sabe con qu\u00e9 frecuencia tendr\u00e1s la oportunidad de visitarle. Nuestro \u00faltimo encuentro fue hace tres a\u00f1os. M\u00e1s all\u00e1 de los noventa, eso es mucho tiempo. - El tiempo pasa, pero una cosa permanece: su sonrisa.<\/p>\n<p style=\"text-align: justify;\">La felicidad es ver la alegr\u00eda en los ojos de la otra persona.<\/p>\n<p style=\"text-align: justify;\">Mi t\u00edo es feliz, no te lo puedes perder. R\u00ede y llora de alegr\u00eda. Al verle tambi\u00e9n se me saltan las l\u00e1grimas. Hace muchas preguntas entre medias. Est\u00e1 asombrado de que vivamos en un autob\u00fas. Aunque ha encogido de tama\u00f1o en los \u00faltimos a\u00f1os, para m\u00ed siempre ser\u00e1 el caballero alto y guapo que era en mi infancia. Un tipo como un \u00e1rbol.<\/p>\n<p>&nbsp;<\/p>\n<p>[\/et_pb_text][\/et_pb_column][\/et_pb_row][et_pb_row column_structure=&#8220;1_3,1_3,1_3&#8243; _builder_version=&#8220;4.5.1&#8243; _module_preset=&#8220;default&#8220; custom_margin=&#8220;-293px|auto||auto||&#8220;][et_pb_column type=&#8220;1_3&#8243; _builder_version=&#8220;4.5.1&#8243; _module_preset=&#8220;default&#8220;][et_pb_image src=&#8220;https:\/\/www.planbwagen.de\/wp-content\/uploads\/2020\/10\/dia387-1024&#215;677.jpg&#8220; alt=&#8220;Italienurlaub: Karin H\u00e4usgen vor altem VW K\u00e4fer vor Agip Tankstelle&#8220; title_text=&#8220;dia387&#8243; _builder_version=&#8220;4.5.1&#8243; _module_preset=&#8220;default&#8220;][\/et_pb_image][\/et_pb_column][et_pb_column type=&#8220;1_3&#8243; _builder_version=&#8220;4.5.1&#8243; _module_preset=&#8220;default&#8220;][et_pb_image src=&#8220;https:\/\/www.planbwagen.de\/wp-content\/uploads\/2020\/10\/dia151-1024&#215;660.jpg&#8220; alt=&#8220;Alp\u00fcberquerung zum Italienurlaub mit silbernem Opel Rallye Kadett B&#8220; _builder_version=&#8220;4.5.1&#8243; _module_preset=&#8220;default&#8220;][\/et_pb_image][\/et_pb_column][et_pb_column type=&#8220;1_3&#8243; _builder_version=&#8220;4.5.1&#8243; _module_preset=&#8220;default&#8220;][et_pb_image src=&#8220;https:\/\/www.planbwagen.de\/wp-content\/uploads\/2020\/10\/dia833-777&#215;1024.jpg&#8220; alt=&#8220;Italienurlaub: Friedrich Wilhelm H\u00e4usgen neben altem VW K\u00e4fer&#8220; title_text=&#8220;dia833&#8243; _builder_version=&#8220;4.5.1&#8243; _module_preset=&#8220;default&#8220;][\/et_pb_image][\/et_pb_column][\/et_pb_row][et_pb_row _builder_version=&#8220;4.5.1&#8243; _module_preset=&#8220;default&#8220; custom_margin=&#8220;-46px|auto||auto||&#8220; custom_padding=&#8220;0px|||||&#8220;][et_pb_column type=&#8220;4_4&#8243; _builder_version=&#8220;4.5.1&#8243; _module_preset=&#8220;default&#8220;][et_pb_text _builder_version=&#8220;4.5.1&#8243; _module_preset=&#8220;default&#8220; custom_padding=&#8220;0px|||||&#8220;]<\/p>\n<p>&nbsp;<\/p>\n<p>Ha pasado mucho, mucho tiempo desde que mis padres viajaron a Italia en su VW Escarabajo y m\u00e1s tarde en un Opel Rallye Kadett B. Siempre llevaban a sus hijos con ellos. Siempre con sus hijos a cuestas. Hace el mismo tiempo que jug\u00e1bamos en el jard\u00edn de mi t\u00edo o recog\u00edamos cerezas. Mi prima Christina sigue pareciendo joven y t\u00edmida en las fotos. Hoy es una mujer segura de s\u00ed misma. Nos ayuda a traducir. El alem\u00e1n de mi t\u00edo tambi\u00e9n est\u00e1 un poco oxidado.<\/p>\n<p>M\u00e1s tarde, mis padres dejaron de viajar a Italia. Destinos m\u00e1s lejanos se hab\u00edan puesto m\u00e1s de moda. Creo que es una pena que rara vez viera a mi t\u00edo. Momentos como \u00e9ste son a\u00fan m\u00e1s importantes para m\u00ed. Cuando lo miro, veo mucho de mi padre en \u00e9l. Y \u00e9l parece verlo en m\u00ed. Por eso esta visita era tan importante para m\u00ed.<\/p>\n<p>Ich kann mich kaum noch an die Besuche in Italien erinnern. Doch auf den meisten Bildern sehe ich gl\u00fccklich aus. Au\u00dfer, wenn meine Schwester meint, auf meinem ersten Ferrari zu sitzen. Oder war es doch der meines Cousins Marco.? \ud83d\ude09<\/p>\n<h2><span class=\"ez-toc-section\" id=\"%E2%80%9EWeiterflug_nach_Rom_die_Sonne_brennt_Perfekter_Schutz_%E2%80%93_Drei_Wetter_Taft%E2%80%9C\"><\/span>\"Vuelo hacia Roma, el sol quema. Protecci\u00f3n perfecta: tafet\u00e1n para tres climas\".<span class=\"ez-toc-section-end\"><\/span><\/h2>\n<p>No hay vuelo de continuaci\u00f3n para nosotros, sino que simplemente conducimos hasta el cercano Tesino. \u00bfEst\u00e1 bien peinado? No nos importa, y esa es la libertad de hoy. El agua fluye sobre las rocas. El r\u00edo ya ha recorrido un largo camino para llegar hasta aqu\u00ed. Igual que nosotros hoy, un largo viaje a trav\u00e9s de muchos pa\u00edses y a trav\u00e9s del tiempo. - Estoy cansado, pero tambi\u00e9n muy, muy feliz.\u00a0\u00a0<\/p>\n<p>[\/et_pb_text][\/et_pb_column][\/et_pb_row][et_pb_row column_structure=&#8220;1_3,1_3,1_3&#8243; _builder_version=&#8220;4.5.1&#8243; _module_preset=&#8220;default&#8220;][et_pb_column type=&#8220;1_3&#8243; _builder_version=&#8220;4.5.1&#8243; _module_preset=&#8220;default&#8220;][et_pb_image src=&#8220;https:\/\/www.planbwagen.de\/wp-content\/uploads\/2020\/10\/dia669-668&#215;1024.jpg&#8220; alt=&#8220;Marc H\u00e4usgen 1970 in Italien&#8220; title_text=&#8220;dia669&#8243; _builder_version=&#8220;4.5.1&#8243; _module_preset=&#8220;default&#8220;][\/et_pb_image][\/et_pb_column][et_pb_column type=&#8220;1_3&#8243; _builder_version=&#8220;4.5.1&#8243; _module_preset=&#8220;default&#8220;][et_pb_image src=&#8220;https:\/\/www.planbwagen.de\/wp-content\/uploads\/2020\/10\/dia734-1024&#215;689.jpg&#8220; alt=&#8220;Italienurlaub: Familie H\u00e4usgen in den 70er in Castano Primo beim Kirschensammeln&#8220; _builder_version=&#8220;4.5.1&#8243; _module_preset=&#8220;default&#8220;][\/et_pb_image][\/et_pb_column][et_pb_column type=&#8220;1_3&#8243; _builder_version=&#8220;4.5.1&#8243; _module_preset=&#8220;default&#8220;][et_pb_image src=&#8220;https:\/\/www.planbwagen.de\/wp-content\/uploads\/2020\/10\/dia831-665&#215;1024.jpg&#8220; alt=&#8220;Italienurlaub: Marc in Ferrari&#8220; title_text=&#8220;dia831&#8243; _builder_version=&#8220;4.5.1&#8243; _module_preset=&#8220;default&#8220;][\/et_pb_image][\/et_pb_column][\/et_pb_row][\/et_pb_section]<\/p>","protected":false},"excerpt":{"rendered":"<p>[et_pb_section fb_built=&#8220;1&#8243; _builder_version=&#8220;4.5.1&#8243; _module_preset=&#8220;default&#8220;][et_pb_row _builder_version=&#8220;4.5.1&#8243; _module_preset=&#8220;default&#8220;][et_pb_column type=&#8220;4_4&#8243; _builder_version=&#8220;4.5.1&#8243; _module_preset=&#8220;default&#8220;][et_pb_text _builder_version=&#8220;4.5.1&#8243; _module_preset=&#8220;default&#8220;] \u201eHamburg, 8.30 Uhr, wieder mal Regen. Perfekter Halt f\u00fcrs Haar \u2013 Drei Wetter Taft&#8230;\u201c Wenn ihr jetzt diesen Werbespruch weitersprechen k\u00f6nnt, dann seid ihr alt, sehr, sehr alt. Falls nicht, seid ihr jung oder vergesslich. Ihr k\u00f6nnt es euch aussuchen. Wer wie wir in [&hellip;]<\/p>","protected":false},"author":1,"featured_media":9189,"comment_status":"open","ping_status":"open","sticky":false,"template":"","format":"standard","meta":{"_et_pb_use_builder":"on","_et_pb_old_content":"","_et_gb_content_width":"","footnotes":""},"categories":[32],"tags":[],"class_list":["post-9172","post","type-post","status-publish","format-standard","has-post-thumbnail","hentry","category-italien"],"_links":{"self":[{"href":"https:\/\/www.planbwagen.de\/es\/wp-json\/wp\/v2\/posts\/9172","targetHints":{"allow":["GET"]}}],"collection":[{"href":"https:\/\/www.planbwagen.de\/es\/wp-json\/wp\/v2\/posts"}],"about":[{"href":"https:\/\/www.planbwagen.de\/es\/wp-json\/wp\/v2\/types\/post"}],"author":[{"embeddable":true,"href":"https:\/\/www.planbwagen.de\/es\/wp-json\/wp\/v2\/users\/1"}],"replies":[{"embeddable":true,"href":"https:\/\/www.planbwagen.de\/es\/wp-json\/wp\/v2\/comments?post=9172"}],"version-history":[{"count":17,"href":"https:\/\/www.planbwagen.de\/es\/wp-json\/wp\/v2\/posts\/9172\/revisions"}],"predecessor-version":[{"id":9202,"href":"https:\/\/www.planbwagen.de\/es\/wp-json\/wp\/v2\/posts\/9172\/revisions\/9202"}],"wp:featuredmedia":[{"embeddable":true,"href":"https:\/\/www.planbwagen.de\/es\/wp-json\/wp\/v2\/media\/9189"}],"wp:attachment":[{"href":"https:\/\/www.planbwagen.de\/es\/wp-json\/wp\/v2\/media?parent=9172"}],"wp:term":[{"taxonomy":"category","embeddable":true,"href":"https:\/\/www.planbwagen.de\/es\/wp-json\/wp\/v2\/categories?post=9172"},{"taxonomy":"post_tag","embeddable":true,"href":"https:\/\/www.planbwagen.de\/es\/wp-json\/wp\/v2\/tags?post=9172"}],"curies":[{"name":"wp","href":"https:\/\/api.w.org\/{rel}","templated":true}]}}