{"id":8898,"date":"2020-10-02T12:48:08","date_gmt":"2020-10-02T12:48:08","guid":{"rendered":"https:\/\/www.planbwagen.de\/?p=8898"},"modified":"2021-07-03T14:18:37","modified_gmt":"2021-07-03T12:18:37","slug":"boxenstopp-bei-delta4x4-dem-spezialist-fuer-gelaendewagen-tuning","status":"publish","type":"post","link":"https:\/\/www.planbwagen.de\/es\/alemania\/parada-en-boxes-en-delta4x4-el-especialista-en-tuning-de-vehiculos-todoterreno\/","title":{"rendered":"Parada en boxes en delta4x4 | especialista en tuning de veh\u00edculos todoterreno | Video Nachlese Terranger Offroad Driver Training"},"content":{"rendered":"<p>[et_pb_section fb_built=&#8220;1&#8243; _builder_version=&#8220;4.5.1&#8243; _module_preset=&#8220;default&#8220;][et_pb_row column_structure=&#8220;1_3,1_3,1_3&#8243; _builder_version=&#8220;4.5.1&#8243; _module_preset=&#8220;default&#8220;][et_pb_column type=&#8220;1_3&#8243; _builder_version=&#8220;4.5.1&#8243; _module_preset=&#8220;default&#8220;][et_pb_image src=&#8220;https:\/\/www.planbwagen.de\/wp-content\/uploads\/2020\/09\/IMG_9977-768&#215;1024.jpg&#8220; alt=&#8220;planBwagen, T6.1 vor B\u00fcro von delta4x4 dem Spezialist f\u00fcr Gel\u00e4ndewagen Tuning&#8220; _builder_version=&#8220;4.5.1&#8243; _module_preset=&#8220;default&#8220;][\/et_pb_image][\/et_pb_column][et_pb_column type=&#8220;1_3&#8243; _builder_version=&#8220;4.5.1&#8243; _module_preset=&#8220;default&#8220;][et_pb_image src=&#8220;https:\/\/www.planbwagen.de\/wp-content\/uploads\/2020\/09\/IMG_9982-768&#215;1024.jpg&#8220; alt=&#8220;Torgit vor Plakat des delta4x4 Dakar Suzuki LJ 80 von Josef Loder&#8220; _builder_version=&#8220;4.5.1&#8243; _module_preset=&#8220;default&#8220;][\/et_pb_image][\/et_pb_column][et_pb_column type=&#8220;1_3&#8243; _builder_version=&#8220;4.5.1&#8243; _module_preset=&#8220;default&#8220;][et_pb_image src=&#8220;https:\/\/www.planbwagen.de\/wp-content\/uploads\/2020\/09\/IMG_9984-768&#215;1024.jpg&#8220; alt=&#8220;Blick in das Reifenlager von delt4x4&#8243; _builder_version=&#8220;4.5.1&#8243; _module_preset=&#8220;default&#8220;][\/et_pb_image][\/et_pb_column][\/et_pb_row][et_pb_row _builder_version=&#8220;4.5.1&#8243; _module_preset=&#8220;default&#8220; custom_padding=&#8220;11px|||||&#8220;][et_pb_column type=&#8220;4_4&#8243; _builder_version=&#8220;4.5.1&#8243; _module_preset=&#8220;default&#8220;][et_pb_text _builder_version=&#8220;4.5.1&#8243; _module_preset=&#8220;default&#8220;]<\/p>\n<p style=\"text-align: center;\"><span style=\"font-size: x-large; color: #000000;\"> \"Si la vida se vuelve aburrida, \u00a1arri\u00e9sgate!\"\u00a0\u00a0<a href=\"https:\/\/www.speedweek.com\/dakarauto\/news\/86481\/30-Todestag-von-Dakar-Gruender-Thierry-Sabine.html\" style=\"color: #000000;\">Thierry Sabine<\/a> <\/span><\/p>\n<h3><\/h3>\n<p>&nbsp;<\/p>\n<h2><\/h2>\n<div id=\"ez-toc-container\" class=\"ez-toc-v2_0_76 counter-hierarchy ez-toc-counter ez-toc-grey ez-toc-container-direction\">\n<p class=\"ez-toc-title\" style=\"cursor:inherit\">Contenido<\/p>\n<label for=\"ez-toc-cssicon-toggle-item-69f4b3e8b51c4\" class=\"ez-toc-cssicon-toggle-label\"><span class=\"\"><span class=\"eztoc-hide\" style=\"display:none;\">Toggle<\/span><span class=\"ez-toc-icon-toggle-span\"><svg style=\"fill: #999;color:#999\" xmlns=\"http:\/\/www.w3.org\/2000\/svg\" class=\"list-377408\" width=\"20px\" height=\"20px\" viewbox=\"0 0 24 24\" fill=\"none\"><path d=\"M6 6H4v2h2V6zm14 0H8v2h12V6zM4 11h2v2H4v-2zm16 0H8v2h12v-2zM4 16h2v2H4v-2zm16 0H8v2h12v-2z\" fill=\"currentColor\"><\/path><\/svg><svg style=\"fill: #999;color:#999\" class=\"arrow-unsorted-368013\" xmlns=\"http:\/\/www.w3.org\/2000\/svg\" width=\"10px\" height=\"10px\" viewbox=\"0 0 24 24\" version=\"1.2\" baseprofile=\"tiny\"><path d=\"M18.2 9.3l-6.2-6.3-6.2 6.3c-.2.2-.3.4-.3.7s.1.5.3.7c.2.2.4.3.7.3h11c.3 0 .5-.1.7-.3.2-.2.3-.5.3-.7s-.1-.5-.3-.7zM5.8 14.7l6.2 6.3 6.2-6.3c.2-.2.3-.5.3-.7s-.1-.5-.3-.7c-.2-.2-.4-.3-.7-.3h-11c-.3 0-.5.1-.7.3-.2.2-.3.5-.3.7s.1.5.3.7z\"\/><\/svg><\/span><\/span><\/label><input type=\"checkbox\"  id=\"ez-toc-cssicon-toggle-item-69f4b3e8b51c4\"  aria-label=\"Alternar\" \/><nav><ul class='ez-toc-list ez-toc-list-level-1' ><li class='ez-toc-page-1 ez-toc-heading-level-2'><a class=\"ez-toc-link ez-toc-heading-1\" href=\"https:\/\/www.planbwagen.de\/es\/alemania\/parada-en-boxes-en-delta4x4-el-especialista-en-tuning-de-vehiculos-todoterreno\/#delta4x4\" >delta4x4:<\/a><\/li><li class='ez-toc-page-1 ez-toc-heading-level-2'><a class=\"ez-toc-link ez-toc-heading-2\" href=\"https:\/\/www.planbwagen.de\/es\/alemania\/parada-en-boxes-en-delta4x4-el-especialista-en-tuning-de-vehiculos-todoterreno\/#Josef_Loder\" >Josef Loder<\/a><\/li><li class='ez-toc-page-1 ez-toc-heading-level-2'><a class=\"ez-toc-link ez-toc-heading-3\" href=\"https:\/\/www.planbwagen.de\/es\/alemania\/parada-en-boxes-en-delta4x4-el-especialista-en-tuning-de-vehiculos-todoterreno\/#Paris-Dakar\" >Par\u00eds-Dakar<\/a><\/li><li class='ez-toc-page-1 ez-toc-heading-level-2'><a class=\"ez-toc-link ez-toc-heading-4\" href=\"https:\/\/www.planbwagen.de\/es\/alemania\/parada-en-boxes-en-delta4x4-el-especialista-en-tuning-de-vehiculos-todoterreno\/#Keine_Widerrede\" >No a la charla<\/a><\/li><li class='ez-toc-page-1 ez-toc-heading-level-2'><a class=\"ez-toc-link ez-toc-heading-5\" href=\"https:\/\/www.planbwagen.de\/es\/alemania\/parada-en-boxes-en-delta4x4-el-especialista-en-tuning-de-vehiculos-todoterreno\/#Cornelia_und_Maximilian_Loder\" >Cornelia y Maximilian Loder<\/a><\/li><\/ul><\/nav><\/div>\n<h2 style=\"text-align: justify;\"><span class=\"ez-toc-section\" id=\"delta4x4\"><\/span>delta4x4:<span class=\"ez-toc-section-end\"><\/span><\/h2>\n<p style=\"text-align: justify;\">Desde Neidenstein partimos en direcci\u00f3n a M\u00fanich.\u00a0<\/p>\n<p style=\"text-align: justify;\">Ma\u00f1ana queremos aprovechar la oportunidad y hacer una parada en boxes en Unterumbach, cerca de Pfaffenhofen an der Glonn. Aqu\u00ed es donde reside delta4x4, el especialista en tuning de veh\u00edculos todoterreno \u2713 tuning de SUV \u2713 tuning de pick-up \u2713, a unos 50 kil\u00f3metros al noroeste de M\u00fanich. Pero recientemente delta4x4 tambi\u00e9n ha llamado la atenci\u00f3n como especialista para conversiones todoterreno en el campo de los autobuses todoterreno. No solo las llantas Klassik B, instaladas en BUTCH, nuestro SpaceCamper, proceden de esta legendaria forja de llantas, sino tambi\u00e9n el captador de toros, conocido como \"barra de protecci\u00f3n personal\". As\u00ed que habr\u00eda que a\u00f1adir \u2713 BUTCH Tuning a la lista.<\/p>\n<p style=\"text-align: justify;\">Pero primero pasar la noche en un hermoso <a href=\"\/es\/48\u00b034'48.0&quot;N 10\u00b012'47.6&quot;E\/\">Aparcamiento del bosque<\/a>debajo de las ruinas del castillo de Kaltenburg. Aqu\u00ed estamos directamente a los pies del Alb suabo. Pero hoy s\u00f3lo buscamos un lugar tranquilo y lo encontramos justo al lado del peque\u00f1o r\u00edo Lone. Algunos ciervos nos hacen compa\u00f1\u00eda y pastan sin ser molestados a la vista de la furgoneta. Es bueno venir a descansar. Repasamos nuestras fotos del entrenamiento todoterreno y editamos la pel\u00edcula adjunta.<\/p>\n<p style=\"text-align: justify;\">Sobre la <a href=\"https:\/\/www.planbwagen.de\/es\/spacecamper-terranger-co\/terranger-delta-4x4-vb-airsuspension-bf-goodrich\/\">Detalles de la conversi\u00f3n<\/a> del que ya informamos. Como mostramos en nuestro \u00faltimo v\u00eddeo de Instagram, nuestra barra de protecci\u00f3n personal delta4x4 no s\u00f3lo protege a las personas, sino tambi\u00e9n nuestro parachoques. Sin embargo, uno de los soportes de la barra se ha torcido un poco. Espont\u00e1neamente, se nos puede caer por delta4x4.<\/p>\n<h2 style=\"text-align: justify;\"><span class=\"ez-toc-section\" id=\"Josef_Loder\"><\/span>Josef Loder<span class=\"ez-toc-section-end\"><\/span><\/h2>\n<p style=\"text-align: justify;\">Entre los verdaderos aficionados al todoterreno, delta4x4 y su fundador Josef Loder son una leyenda. A principios de los ochenta, apenas cinco a\u00f1os despu\u00e9s de que Bill Gates fundara Microsoft en un garaje, Josef Loder puso en marcha delta Gel\u00e4ndesport und Zubeh\u00f6r Handels GmbH. Como no pod\u00eda ser de otra manera, tambi\u00e9n en un garaje. Esto convierte a delta4x4 no s\u00f3lo en la primera empresa del mercado alem\u00e1n que se dedica al tema del todoterreno, sino que incluso podr\u00eda decirse que fue la primera en dar a conocer el todoterreno en Alemania.<\/p>\n<h2 style=\"text-align: justify;\"><span class=\"ez-toc-section\" id=\"Paris-Dakar\"><\/span>Par\u00eds-Dakar<span class=\"ez-toc-section-end\"><\/span><\/h2>\n<p style=\"text-align: justify;\">La empresa no tard\u00f3 en hacerse un nombre. Ya en 1982, una Suzuki LJ80 transformada particip\u00f3 en el 4\u00ba Rally Par\u00eds-Dakar. Llegar a la meta despu\u00e9s de 13.000 kil\u00f3metros con un motor de 80 CV fue todo un \u00e9xito para el joven equipo de la \u00e9poca. El Dakar, que en aquella \u00e9poca a\u00fan se llamaba Par\u00eds-Dakar, no era ni es una carrera cualquiera. Estaba y est\u00e1 considerado como uno de los rallies m\u00e1s duros del mundo.<\/p>\n<p style=\"text-align: justify;\">Y no en \u00faltimo lugar por el elevado n\u00famero de v\u00edctimas mortales durante este rally en el desierto. No s\u00f3lo murieron m\u00e1s de treinta participantes, sino tambi\u00e9n varios periodistas, espectadores y ni\u00f1os. Pero el mito del Dakar sigue existiendo. Despu\u00e9s de recorrer \u00c1frica durante casi treinta a\u00f1os, el rally se traslad\u00f3 a Sudam\u00e9rica en 2009. En 2020, se celebr\u00f3 por primera vez en Arabia Saud\u00ed.<\/p>\n<p style=\"text-align: justify;\">Pero fueron los primeros tiempos, cuando a\u00fan era el Par\u00eds-Dakar, los que m\u00e1s me impresionaron. Por aquel entonces, cuando no exist\u00eda YouTube ni Red Bull, nombres como Jacques Bernard, conocido como \"Jacky\" Ickx, figuraban entre mis h\u00e9roes junto a Jacques Cousteau. No s\u00f3lo se sent\u00eda como en casa en varios circuitos, sino que tambi\u00e9n gan\u00f3 el Dakar en 1983. - Pero no son s\u00f3lo los grandes nombres, como el del fundador Thierry Sabine, los que hicieron el Dakar, sino sobre todo los de los numerosos participantes que disputaron el rally sin apoyo de f\u00e1brica ni presupuestos abultados. Como Josef Loder, a quien rindo homenaje. Primero hay que tener agallas.<\/p>\n<p style=\"text-align: justify;\">\n<p>[\/et_pb_text][\/et_pb_column][\/et_pb_row][et_pb_row column_structure=&#8220;3_5,2_5&#8243; _builder_version=&#8220;4.5.1&#8243; _module_preset=&#8220;default&#8220; custom_margin=&#8220;-93px|auto||auto||&#8220; custom_padding=&#8220;||0px|||&#8220;][et_pb_column type=&#8220;3_5&#8243; _builder_version=&#8220;4.5.1&#8243; _module_preset=&#8220;default&#8220;][et_pb_image src=&#8220;https:\/\/www.planbwagen.de\/wp-content\/uploads\/2021\/06\/Terranger-2-Tag-1024&#215;576.png&#8220; alt=&#8220;Terranger Offroad Training &#8211; Balance zwischen Forsch und Sanft | VW T6.1 im Einsatz&#8220; url=&#8220<div class=\"ikn-evt-container\">\r\n    <iframe\r\n            width=\"100%\"\r\n            class=\"ikn-evt-iframe\"\r\n            srcdoc=\"<style>\n    * {\n    padding:0;\n    margin:0;\n    overflow:hidden\n}\n\nhtml, body {\n    height:100%\n}\n\n.ikn-evt-container {\n    position: relative;\n    padding-bottom: 56.25%;\n    height: 0;\n}\n\n.ikn-evt-container iframe {\n    position: absolute;\n    top: 0;\n    left: 0;\n    width: 100%;\n    height: 100%;\n}\n\n.ikn-evt-frame {\n    display: block;\n    position: relative;\n    padding-bottom: 56.23%;\n    height: 0;\n    overflow: hidden;\n    max-width: 100%;\n    background: #000;\n}\n\n.ikn-evt-frame img.ikn-evt-thumbnail {\n    bottom: 0;\n    display: block;\n    left: 0;\n    margin: auto;\n    max-width: 100%;\n    width: 100%;\n    position: absolute;\n    right: 0;\n    top: 0;\n    border: none;\n    height: auto;\n    cursor: pointer;\n    -webkit-transition: .4s all;\n    -moz-transition: .4s all;\n    transition: .4s all;\n}\n\n.ikn-evt-frame[data-source=youtube] img.ikn-evt-thumbnail {\n    top: -63px;\n    bottom: -63px;\n}\n\n.ikn-evt-frame:hover img.ikn-evt-thumbnail {\n    -webkit-filter: brightness(75%);\n}\n\n.ikn-evt-frame .ikn-evt-play-button {\n    height: 20%;\n    width: 13%;\n    left: 44%;\n    top: 42%;\n    position: absolute;\n    cursor: pointer;\n    z-index: 1;\n    background-size: contain !important;\n}\n\n.ikn-evt-frame .ikn-evt-heading {\n    width: 100%;\n    position: absolute;\n    top: 0;\n    background: rgba(0, 0, 0, .5);\n    left: 0;\n    padding: 0.7em;\n    box-sizing: border-box;\n}\n\n.ikn-evt-frame .ikn-evt-heading .ikn-evt-heading-title {\n    font-weight: bold;\n    font-size: 1.5em;\n    color: #FFFFFF;\n    line-height: 30px;\n    margin: 0;\n    cursor: pointer;\n}.ikn-evt-frame[data-source=youtube] \r\n            .ikn-evt-play-button {background:url('https:\/\/www.planbwagen.de\/wp-content\/plugins\/embed-video-thumbnail\/assets\/images\/youtube-72-72.png') no-repeat;}.ikn-evt-frame[data-source=vimeo] \r\n            .ikn-evt-play-button {background:url('https:\/\/www.planbwagen.de\/wp-content\/plugins\/embed-video-thumbnail\/assets\/images\/play-default.png') no-repeat;}.ikn-evt-frame[data-source=dailymotion] \r\n            .ikn-evt-play-button {background:url('https:\/\/www.planbwagen.de\/wp-content\/plugins\/embed-video-thumbnail\/assets\/images\/play-default.png') no-repeat;}.ikn-evt-frame[data-source=facebook] \r\n            .ikn-evt-play-button {background:url('https:\/\/www.planbwagen.de\/wp-content\/plugins\/embed-video-thumbnail\/assets\/images\/play-default.png') no-repeat;}<\/style><div    class='ikn-evt-frame'    data-source='youtube'>    <a class='ikn-evt-link' href='\/\/www.youtube-nocookie.com\/embed\/h4H4WFcwGrc?controls=1&autoplay=1&enablejsapi=1&rel=1'>        <span class='ikn-evt-play-button'><\/span>                    <img                class='ikn-evt-thumbnail'                src='\/wp-content\/uploads\/ikana-embed-video-thumbnail\/youtube\/h4H4WFcwGrc-hqdefault.jpg'                alt='h4H4WFcwGrc'            \/>                    <\/a><\/div><script>\n    document\n        .querySelector('.ikn-evt-link')\n        .addEventListener('click', function(e) {\n                e.preventDefault();\n                e.stopPropagation();\n                window.location.replace(this.href);\n                return false;\n            }\n        )\n    ;\n<\/script>\"\r\n            frameborder=\"0\"\r\n            allow=\"accelerometer; encrypted-media; gyroscope; picture-in-picture\"\r\n            allowfullscreen\r\n title=\"h4H4WFcwGrc\"\r\n            loading=\"lazy\"\r\n            src=\"\/\/www.youtube-nocookie.com\/embed\/h4H4WFcwGrc?controls=1&autoplay=1&enablejsapi=1&rel=1\"\r\n    ><\/iframe>\r\n<\/div>038;t=1s&#8220; url_new_window=&#8220;on&#8220; _builder_version=&#8220;4.5.1&#8243; _module_preset=&#8220;default&#8220;][\/et_pb_image][\/et_pb_column][et_pb_column type=&#8220;2_5&#8243; _builder_version=&#8220;4.5.1&#8243; _module_preset=&#8220;default&#8220;][et_pb_image src=&#8220;https:\/\/www.planbwagen.de\/wp-content\/uploads\/2020\/09\/IMG_9991-768&#215;1024.jpg&#8220; alt=&#8220;Torgit mit delta4x4 VW Bus Prospekt, vor Prospektst\u00e4nder&#8220; _builder_version=&#8220;4.5.1&#8243; _module_preset=&#8220;default&#8220;][\/et_pb_image][\/et_pb_column][\/et_pb_row][et_pb_row _builder_version=&#8220;4.5.1&#8243; _module_preset=&#8220;default&#8220; custom_padding=&#8220;5px|||||&#8220;][et_pb_column type=&#8220;4_4&#8243; _builder_version=&#8220;4.5.1&#8243; _module_preset=&#8220;default&#8220;][et_pb_text _builder_version=&#8220;4.5.1&#8243; _module_preset=&#8220;default&#8220;]<\/p>\n<h2><span class=\"ez-toc-section\" id=\"Keine_Widerrede\"><\/span>No a la charla<span class=\"ez-toc-section-end\"><\/span><\/h2>\n<p style=\"text-align: justify;\">Cuando llegamos a delta4x4, un se\u00f1or algo canoso sale del edificio para recibirnos. Pero todo su porte, su aspecto m\u00e1s que claro, es totalmente contrario a lo que uno se imagina que es un se\u00f1or canoso. Aqu\u00ed no hay grandes discursos. R\u00e1pidamente queda claro que este hombre est\u00e1 acostumbrado a que le sigan, el ritmo est\u00e1 marcado aqu\u00ed. Eso es lo que hacemos. Nos lleva al taller de la empresa. S\u00f3lo en ese momento me doy cuenta de con qui\u00e9n estoy tratando, es el mism\u00edsimo Josef Loder. El ritmo es el adecuado, se eval\u00faan los da\u00f1os y se concierta una cita para la reparaci\u00f3n a la ma\u00f1ana siguiente. El Sr. Loder ha creado aqu\u00ed su propio imperio. Con un taller, un concesionario de coches y una gasolinera. Me recuerda un poco a Wilhelm Becker, fundador de Auto Becker en D\u00fcsseldorf, concesionario autorizado de Rolls-Royce, Ferrari, Aston Martin y otras marcas de autom\u00f3viles. Tuve la suerte de conocerle en persona una vez. - Pero volvamos a Josef Loder. Seguramente es precisamente esta combinaci\u00f3n de pragmatismo y asertividad lo que motiva a un joven fundador de empresa a aceptar el reto del Par\u00eds Dakar.<\/p>\n<p>[\/et_pb_text][\/et_pb_column][\/et_pb_row][et_pb_row column_structure=&#8220;1_3,1_3,1_3&#8243; _builder_version=&#8220;4.5.1&#8243; _module_preset=&#8220;default&#8220;][et_pb_column type=&#8220;1_3&#8243; _builder_version=&#8220;4.5.1&#8243; _module_preset=&#8220;default&#8220;][et_pb_image src=&#8220;https:\/\/www.planbwagen.de\/wp-content\/uploads\/2020\/09\/IMG_3284-1024&#215;768.jpg&#8220; alt=&#8220;Suzuki LJ 80 von Josef Loder, dem Gr\u00fcnder von delta4x4, vor dem Firmengeb\u00e4ude.&#8220; _builder_version=&#8220;4.5.1&#8243; _module_preset=&#8220;default&#8220;][\/et_pb_image][\/et_pb_column][et_pb_column type=&#8220;1_3&#8243; _builder_version=&#8220;4.5.1&#8243; _module_preset=&#8220;default&#8220;][et_pb_image src=&#8220;https:\/\/www.planbwagen.de\/wp-content\/uploads\/2020\/09\/IMG_3291-1024&#215;768.jpg&#8220; alt=&#8220;Suzuki LJ 80 von Josef Loder, dem Gr\u00fcnder von delta4x4. Davor der planBwagen, VW T6.1&#8243; _builder_version=&#8220;4.5.1&#8243; _module_preset=&#8220;default&#8220;][\/et_pb_image][\/et_pb_column][et_pb_column type=&#8220;1_3&#8243; _builder_version=&#8220;4.5.1&#8243; _module_preset=&#8220;default&#8220;][et_pb_image src=&#8220;https:\/\/www.planbwagen.de\/wp-content\/uploads\/2020\/09\/IMG_3294-1024&#215;768.jpg&#8220; alt=&#8220;Suzuki LJ 80 von Josef Loder, dem Gr\u00fcnder von delta4x4. Dahinter der planBwagen, VW T6.1&#8243; _builder_version=&#8220;4.5.1&#8243; _module_preset=&#8220;default&#8220;][\/et_pb_image][\/et_pb_column][\/et_pb_row][et_pb_row _builder_version=&#8220;4.5.1&#8243; _module_preset=&#8220;default&#8220;][et_pb_column type=&#8220;4_4&#8243; _builder_version=&#8220;4.5.1&#8243; _module_preset=&#8220;default&#8220;][et_pb_text _builder_version=&#8220;4.5.1&#8243; _module_preset=&#8220;default&#8220;]<\/p>\n<h2 style=\"text-align: justify;\"><span class=\"ez-toc-section\" id=\"Cornelia_und_Maximilian_Loder\"><\/span>Cornelia y Maximilian Loder<span class=\"ez-toc-section-end\"><\/span><\/h2>\n<p style=\"text-align: justify;\">Inzwischen haben bei delta4x4\u00a0Cornelia und Maximilian Loder die Gesch\u00e4ftsf\u00fchrung \u00fcbernommen und ein junges Team hinter sich vereint. Somit sicher beste Voraussetzungen damit diese Traditionsmarke auch in Zukunft in dem inzwischen gewachsenen Offroad-Markt\u00a0 Bestand hat. &#8211; Wir erhalten eine kleine F\u00fchrung und erfahren, dass delta4x4 nicht nur unserem Instagram Account folgt. &#8222;Einer der coolsten Offroad-Bullis auf deutschen Stra\u00dfen&#8220; &#8211; Ein solches Lob aus diesem Hause h\u00f6ren wir nat\u00fcrlich gern. &#8211; Doch viel cooler fanden wir, das es zu ein paar Aufnahmen mit einem Oldi kommt. Dem Original Rallye Fahrzeug, mit dem Josef Loder 28 Jahre vorher die Dakar bestritt. F\u00fcr uns eine Ehre. Besonders cool fand ich, dass es sich hierbei nicht, um eine aufpolierte Erneuerung handelte, sondern noch die vergilbten, Original Aufkleber vorhanden sind. Der Motor ist immer noch ziemlich knurrig.<\/p>\n<p>[\/et_pb_text][\/et_pb_column][\/et_pb_row][et_pb_row column_structure=&#8220;1_5,1_5,1_5,1_5,1_5&#8243; _builder_version=&#8220;4.5.1&#8243; _module_preset=&#8220;default&#8220;][et_pb_column type=&#8220;1_5&#8243; _builder_version=&#8220;4.5.1&#8243; _module_preset=&#8220;default&#8220;][et_pb_image src=&#8220;https:\/\/www.planbwagen.de\/wp-content\/uploads\/2020\/09\/IMG_0027-1024&#215;768.jpg&#8220; alt=&#8220;Suzuki LJ 80 von Josef Loder, dem Gr\u00fcnder von delta4x4. Dahinter der planBwagen, VW T6.1&#8243; title_text=&#8220;IMG_0027&#8243; _builder_version=&#8220;4.5.1&#8243; _module_preset=&#8220;default&#8220;][\/et_pb_image][\/et_pb_column][et_pb_column type=&#8220;1_5&#8243; _builder_version=&#8220;4.5.1&#8243; _module_preset=&#8220;default&#8220;][et_pb_image src=&#8220;https:\/\/www.planbwagen.de\/wp-content\/uploads\/2020\/09\/IMG_0029-300&#215;225.jpg&#8220; alt=&#8220;Hinterm Steuer des Suzuki LJ 80 von Josef Loder, dem Gr\u00fcnder von delta4x4. Dahinter der planBwagen, VW T6.1&#8243; title_text=&#8220;IMG_002&#8243; _builder_version=&#8220;4.5.1&#8243; _module_preset=&#8220;default&#8220;][\/et_pb_image][\/et_pb_column][et_pb_column type=&#8220;1_5&#8243; _builder_version=&#8220;4.5.1&#8243; _module_preset=&#8220;default&#8220;][et_pb_image src=&#8220;https:\/\/www.planbwagen.de\/wp-content\/uploads\/2020\/09\/IMG_0025-768&#215;1024.jpg&#8220; alt=&#8220;Reifen des Suzuki LJ 80 von Josef Loder, dem Gr\u00fcnder von delta4x4.&#8220; _builder_version=&#8220;4.5.1&#8243; _module_preset=&#8220;default&#8220;][\/et_pb_image][\/et_pb_column][et_pb_column type=&#8220;1_5&#8243; _builder_version=&#8220;4.5.1&#8243; _module_preset=&#8220;default&#8220;][et_pb_image src=&#8220;https:\/\/www.planbwagen.de\/wp-content\/uploads\/2020\/09\/IMG_0034-1024&#215;768.jpg&#8220; alt=&#8220;Original Dakar Beklebung des Suzuki LJ 80 von Josef Loder, dem Gr\u00fcnder von delta4x4. Dahinter der planBwagen, VW T6.1&#8243; _builder_version=&#8220;4.5.1&#8243; _module_preset=&#8220;default&#8220;][\/et_pb_image][\/et_pb_column][et_pb_column type=&#8220;1_5&#8243; _builder_version=&#8220;4.5.1&#8243; _module_preset=&#8220;default&#8220;][et_pb_image src=&#8220;https:\/\/www.planbwagen.de\/wp-content\/uploads\/2020\/09\/IMG_0033-768&#215;1024.jpg&#8220; alt=&#8220;Marc am Steuer des Suzuki LJ 80 von Josef Loder, dem Gr\u00fcnder von delta4x4.&#8220; _builder_version=&#8220;4.5.1&#8243; _module_preset=&#8220;default&#8220;][\/et_pb_image][\/et_pb_column][\/et_pb_row][et_pb_row _builder_version=&#8220;4.5.1&#8243; _module_preset=&#8220;default&#8220;][et_pb_column type=&#8220;4_4&#8243; _builder_version=&#8220;4.5.1&#8243; _module_preset=&#8220;default&#8220;][et_pb_text _builder_version=&#8220;4.5.1&#8243; _module_preset=&#8220;default&#8220;]<\/p>\n<p>Volvemos a pasar la tarde en un <a href=\"\/es\/48\u00b019'16.4&quot;N 11\u00b010'07.1&quot;E\/\">Aparcamiento del bosque<\/a>, diesmal nur halt in der N\u00e4he von delta4x4. Alles wirkt so ruhig und beschaulich rundherum. Doch delta macht auf uns immer noch den Eindruck wie damals, &#8222;Wolf im Schafspelz&#8220;. Der Kontakt mit dem LJ 80 hat mir wieder mal bewusst gemacht, wie schnell die Zeit vergeht. War doch das erste Auto, auf dem ich Fahrpraxis bekam, der Suzuki SJ 413. Somit das Facelift des direkten Nachfolgers des LJ 80. Damals eine verdammt coole, aber vor allem kantige Kiste. O.k. der LJ ist cooler.<\/p>\n<p>Nach diesem Boxenstop geht es f\u00fcr uns nach M\u00fcnchen. Hier ist erst einmal Familia angesagt. &#8211; Ihr habt richtig gelesen. Familia mit a, wie Itaka. &#8211; In diesem Fall keine Verunglimpfung, sondern ein Kosename. Meine Tante Rosemarie, hat vor vielen Jahren, als dieser Ausdruck noch gebr\u00e4uchlich war, einen Sizilianer geheiratet. Den beiden sei es gedankt, dass ich so in M\u00fcnchen \u00fcber vier Cousinen, zwei Cousins und weitere angeheiratete Verwandtschaft verf\u00fcge. Doch dies ist eine andere Geschichte. Hier noch ein paar Eindr\u00fccke von delta4x4 und der Dakar. &#8222;Ich komm wieder &#8211; keine Frage.&#8220;<\/p>\n<p>PD: Aqu\u00ed puedes encontrar a nuestros SpaceCampers <a href=\"https:\/\/www.planbwagen.de\/es\/spacecamper-terranger-co\/nuestra-spacecamper-classicopen\/\">Detalles del equipo<\/a>nuestra SpaceCamper <a href=\"https:\/\/www.planbwagen.de\/es\/spacecamper-terranger-co\/spacecamper-classicabrir-la-conversion-de-autocaravanas\/\">Expansi\u00f3n<\/a>el SpaceCamper <a href=\"https:\/\/www.planbwagen.de\/es\/spacecamper-terranger-co\/detalles-de-la-ultima-llamada-del-spacecamper\/\">Detailausstattung &#8222;Last Call&#8220;<\/a>y SpaceCamper<a href=\"https:\/\/www.planbwagen.de\/es\/spacecamper-terranger-co\/t5-califoria-se-encuentra-con-t6-spacecamper\/\"> Consejos de expertos<\/a>.<\/p>\n<p>Aqu\u00ed nuestro <a href=\"https:\/\/www.planbwagen.de\/es\/spacecamper-terranger-co\/tecnologia-todoterreno\/\">TERRANGER Modificaciones Offroad<\/a>Informaci\u00f3n sobre los temas<a href=\"https:\/\/www.planbwagen.de\/es\/alemania\/terranger-gelaendefahrtraining\/\">\u00a0Formaci\u00f3n en conducci\u00f3n todoterreno Terranger<\/a>, <a href=\"https:\/\/www.planbwagen.de\/es\/consejos-trucos\/gestion-de-la-energia-de-la-caravana-modulo-solar-bolsa-solar-memoria-autocomprobacion\/\">Gesti\u00f3n de la energ\u00eda<\/a>BRICOLAJE <a href=\"https:\/\/www.planbwagen.de\/es\/spacecamper-terranger-co\/ducha-de-carretera-diy-ducha-de-camping\/\">Dep\u00f3sitos de agua<\/a>BRICOLAJE <a href=\"https:\/\/www.planbwagen.de\/es\/spacecamper-terranger-co\/sistema-de-transporte-trasero-diy-u-original-terranger\/\">Sistema de soporte trasero<\/a>,\u00a0<a href=\"https:\/\/www.planbwagen.de\/es\/consejos-trucos\/seguridad-del-vehiculo-proteccion-antirrobo\/\">Seguridad y antirrobo de veh\u00edculos<\/a>,\u00a0<a href=\"https:\/\/www.planbwagen.de\/es\/spacecamper-terranger-co\/butch-va-terranger-delta-4x4-hojas-de-arena-co\/\">Placas de arena<\/a>,\u00a0<a href=\"https:\/\/www.planbwagen.de\/es\/spacecamper-terranger-co\/film-center-nrw-rotulacion-de-vehiculos-proteccion-de-pintura\/\">Embalaje de veh\u00edculos<\/a> y <a href=\"https:\/\/www.planbwagen.de\/es\/spacecamper-terranger-co\/sellado-ceramico-glanzwerk-bornheim\/\">Sellado cer\u00e1mico<\/a>.<\/p>\n<p>Para redondear el tema <a href=\"https:\/\/www.planbwagen.de\/es\/spacecamper-terranger-co\/pirateria-de-productos-falsificacion-pirateria-de-marcas-con-tuners-offroad\/\">Pirater\u00eda de productos<\/a> con sintonizadores todoterreno.<\/p>\n<p>Los temas <a href=\"https:\/\/www.planbwagen.de\/es\/lista-de-embalaje\/\">Lista de embalaje<\/a>, <a href=\"https:\/\/www.planbwagen.de\/es\/consejos-trucos\/\">Trucos y consejos<\/a>, <a href=\"https:\/\/www.planbwagen.de\/es\/amigos-marimachos\/\">BUTCH &amp; Amigos<\/a>, <a href=\"https:\/\/www.planbwagen.de\/es\/puerto-base\/\">Puerto de origen<\/a>El <a href=\"https:\/\/www.planbwagen.de\/es\/blogs-de-viajes\/\">Blogs de viajes,<\/a>\u00a0el tema <a href=\"https:\/\/www.planbwagen.de\/es\/musculo-de-la-suerte\/\">M\u00daSCULO FELIZ<\/a>\u00a0y <a href=\"https:\/\/www.planbwagen.de\/es\/acerca-de-nosotros\/\">Qui\u00e9nes somos<\/a> tienen sus propias secciones dedicadas a ellos. Puede ponerse en contacto con nosotros <a href=\"https:\/\/www.planbwagen.de\/es\/2266-2\/\">aqu\u00ed<\/a>.<\/p>\n<p>Und last but not least hier unsere Link\u00fcbersicht &#8222;<a href=\"https:\/\/www.planbwagen.de\/es\/hola\/\">Seguir al Sol<\/a>&#8222;. Damit ihr wisst wo man uns noch folgen kann.\u00a0<\/p>\n<p>Ya encontrar\u00e1s el camino. ? Si te gustan los posts, cu\u00e9ntalo y comparte, \u00a1gracias!<\/p>\n<p>&nbsp;<\/p>\n<p>[\/et_pb_text][\/et_pb_column][\/et_pb_row][et_pb_row column_structure=&#8220;1_2,1_2&#8243; _builder_version=&#8220;4.5.1&#8243; _module_preset=&#8220;default&#8220;][et_pb_column type=&#8220;1_2&#8243; _builder_version=&#8220;4.5.1&#8243; _module_preset=&#8220;default&#8220;][et_pb_image src=&#8220;https:\/\/www.planbwagen.de\/wp-content\/uploads\/2020\/10\/delta4x4-1024&#215;577.png&#8220; alt=&#8220;delta4x4 &#8211; Dakar Suzuki LJ 80 von Josef Loder&#8220; url=&#8220<div class=\"ikn-evt-container\">\r\n    <iframe\r\n            width=\"100%\"\r\n            class=\"ikn-evt-iframe\"\r\n            srcdoc=\"<style>\n    * {\n    padding:0;\n    margin:0;\n    overflow:hidden\n}\n\nhtml, body {\n    height:100%\n}\n\n.ikn-evt-container {\n    position: relative;\n    padding-bottom: 56.25%;\n    height: 0;\n}\n\n.ikn-evt-container iframe {\n    position: absolute;\n    top: 0;\n    left: 0;\n    width: 100%;\n    height: 100%;\n}\n\n.ikn-evt-frame {\n    display: block;\n    position: relative;\n    padding-bottom: 56.23%;\n    height: 0;\n    overflow: hidden;\n    max-width: 100%;\n    background: #000;\n}\n\n.ikn-evt-frame img.ikn-evt-thumbnail {\n    bottom: 0;\n    display: block;\n    left: 0;\n    margin: auto;\n    max-width: 100%;\n    width: 100%;\n    position: absolute;\n    right: 0;\n    top: 0;\n    border: none;\n    height: auto;\n    cursor: pointer;\n    -webkit-transition: .4s all;\n    -moz-transition: .4s all;\n    transition: .4s all;\n}\n\n.ikn-evt-frame[data-source=youtube] img.ikn-evt-thumbnail {\n    top: -63px;\n    bottom: -63px;\n}\n\n.ikn-evt-frame:hover img.ikn-evt-thumbnail {\n    -webkit-filter: brightness(75%);\n}\n\n.ikn-evt-frame .ikn-evt-play-button {\n    height: 20%;\n    width: 13%;\n    left: 44%;\n    top: 42%;\n    position: absolute;\n    cursor: pointer;\n    z-index: 1;\n    background-size: contain !important;\n}\n\n.ikn-evt-frame .ikn-evt-heading {\n    width: 100%;\n    position: absolute;\n    top: 0;\n    background: rgba(0, 0, 0, .5);\n    left: 0;\n    padding: 0.7em;\n    box-sizing: border-box;\n}\n\n.ikn-evt-frame .ikn-evt-heading .ikn-evt-heading-title {\n    font-weight: bold;\n    font-size: 1.5em;\n    color: #FFFFFF;\n    line-height: 30px;\n    margin: 0;\n    cursor: pointer;\n}.ikn-evt-frame[data-source=youtube] \r\n            .ikn-evt-play-button {background:url('https:\/\/www.planbwagen.de\/wp-content\/plugins\/embed-video-thumbnail\/assets\/images\/youtube-72-72.png') no-repeat;}.ikn-evt-frame[data-source=vimeo] \r\n            .ikn-evt-play-button {background:url('https:\/\/www.planbwagen.de\/wp-content\/plugins\/embed-video-thumbnail\/assets\/images\/play-default.png') no-repeat;}.ikn-evt-frame[data-source=dailymotion] \r\n            .ikn-evt-play-button {background:url('https:\/\/www.planbwagen.de\/wp-content\/plugins\/embed-video-thumbnail\/assets\/images\/play-default.png') no-repeat;}.ikn-evt-frame[data-source=facebook] \r\n            .ikn-evt-play-button {background:url('https:\/\/www.planbwagen.de\/wp-content\/plugins\/embed-video-thumbnail\/assets\/images\/play-default.png') no-repeat;}<\/style><div    class='ikn-evt-frame'    data-source='youtube'>    <a class='ikn-evt-link' href='\/\/www.youtube-nocookie.com\/embed\/QR0bXleZIgc?controls=1&autoplay=1&enablejsapi=1&rel=1'>        <span class='ikn-evt-play-button'><\/span>                    <img                class='ikn-evt-thumbnail'                src='\/wp-content\/uploads\/ikana-embed-video-thumbnail\/youtube\/QR0bXleZIgc-hqdefault.jpg'                alt='QR0bXleZIgc'            \/>                    <\/a><\/div><script>\n    document\n        .querySelector('.ikn-evt-link')\n        .addEventListener('click', function(e) {\n                e.preventDefault();\n                e.stopPropagation();\n                window.location.replace(this.href);\n                return false;\n            }\n        )\n    ;\n<\/script>\"\r\n            frameborder=\"0\"\r\n            allow=\"accelerometer; encrypted-media; gyroscope; picture-in-picture\"\r\n            allowfullscreen\r\n title=\"QR0bXleZIgc\"\r\n            loading=\"lazy\"\r\n            src=\"\/\/www.youtube-nocookie.com\/embed\/QR0bXleZIgc?controls=1&autoplay=1&enablejsapi=1&rel=1\"\r\n    ><\/iframe>\r\n<\/div>038;t=98s&#8220; url_new_window=&#8220;on&#8220; hover_enabled=&#8220;0&#8243;][\/et_pb_image][\/et_pb_column][\/et_pb_row][\/et_pb_section]<\/p>","protected":false},"excerpt":{"rendered":"<p>[et_pb_section fb_built=&#8220;1&#8243; _builder_version=&#8220;4.5.1&#8243; _module_preset=&#8220;default&#8220;][et_pb_row column_structure=&#8220;1_3,1_3,1_3&#8243; _builder_version=&#8220;4.5.1&#8243; _module_preset=&#8220;default&#8220;][et_pb_column type=&#8220;1_3&#8243; _builder_version=&#8220;4.5.1&#8243; _module_preset=&#8220;default&#8220;][et_pb_image src=&#8220;https:\/\/www.planbwagen.de\/wp-content\/uploads\/2020\/09\/IMG_9977-768&#215;1024.jpg&#8220; alt=&#8220;planBwagen, T6.1 vor B\u00fcro von delta4x4 dem Spezialist f\u00fcr Gel\u00e4ndewagen Tuning&#8220; _builder_version=&#8220;4.5.1&#8243; _module_preset=&#8220;default&#8220;][\/et_pb_image][\/et_pb_column][et_pb_column type=&#8220;1_3&#8243; _builder_version=&#8220;4.5.1&#8243; _module_preset=&#8220;default&#8220;][et_pb_image src=&#8220;https:\/\/www.planbwagen.de\/wp-content\/uploads\/2020\/09\/IMG_9982-768&#215;1024.jpg&#8220; alt=&#8220;Torgit vor Plakat des delta4x4 Dakar Suzuki LJ 80 von Josef Loder&#8220; _builder_version=&#8220;4.5.1&#8243; _module_preset=&#8220;default&#8220;][\/et_pb_image][\/et_pb_column][et_pb_column type=&#8220;1_3&#8243; _builder_version=&#8220;4.5.1&#8243; _module_preset=&#8220;default&#8220;][et_pb_image src=&#8220;https:\/\/www.planbwagen.de\/wp-content\/uploads\/2020\/09\/IMG_9984-768&#215;1024.jpg&#8220; alt=&#8220;Blick in das Reifenlager von delt4x4&#8243; _builder_version=&#8220;4.5.1&#8243; _module_preset=&#8220;default&#8220;][\/et_pb_image][\/et_pb_column][\/et_pb_row][et_pb_row _builder_version=&#8220;4.5.1&#8243; [&hellip;]<\/p>","protected":false},"author":1,"featured_media":8915,"comment_status":"open","ping_status":"open","sticky":false,"template":"","format":"standard","meta":{"_et_pb_use_builder":"on","_et_pb_old_content":"","_et_gb_content_width":"","footnotes":""},"categories":[12,17],"tags":[],"class_list":["post-8898","post","type-post","status-publish","format-standard","has-post-thumbnail","hentry","category-deutschland","category-spacecamper-terranger-co"],"_links":{"self":[{"href":"https:\/\/www.planbwagen.de\/es\/wp-json\/wp\/v2\/posts\/8898","targetHints":{"allow":["GET"]}}],"collection":[{"href":"https:\/\/www.planbwagen.de\/es\/wp-json\/wp\/v2\/posts"}],"about":[{"href":"https:\/\/www.planbwagen.de\/es\/wp-json\/wp\/v2\/types\/post"}],"author":[{"embeddable":true,"href":"https:\/\/www.planbwagen.de\/es\/wp-json\/wp\/v2\/users\/1"}],"replies":[{"embeddable":true,"href":"https:\/\/www.planbwagen.de\/es\/wp-json\/wp\/v2\/comments?post=8898"}],"version-history":[{"count":36,"href":"https:\/\/www.planbwagen.de\/es\/wp-json\/wp\/v2\/posts\/8898\/revisions"}],"predecessor-version":[{"id":13333,"href":"https:\/\/www.planbwagen.de\/es\/wp-json\/wp\/v2\/posts\/8898\/revisions\/13333"}],"wp:featuredmedia":[{"embeddable":true,"href":"https:\/\/www.planbwagen.de\/es\/wp-json\/wp\/v2\/media\/8915"}],"wp:attachment":[{"href":"https:\/\/www.planbwagen.de\/es\/wp-json\/wp\/v2\/media?parent=8898"}],"wp:term":[{"taxonomy":"category","embeddable":true,"href":"https:\/\/www.planbwagen.de\/es\/wp-json\/wp\/v2\/categories?post=8898"},{"taxonomy":"post_tag","embeddable":true,"href":"https:\/\/www.planbwagen.de\/es\/wp-json\/wp\/v2\/tags?post=8898"}],"curies":[{"name":"wp","href":"https:\/\/api.w.org\/{rel}","templated":true}]}}