{"id":801,"date":"2020-02-08T19:21:31","date_gmt":"2020-02-08T19:21:31","guid":{"rendered":""},"modified":"2020-09-15T09:08:53","modified_gmt":"2020-09-15T09:08:53","slug":"tag-no-157-alhambra-granada-der-rote-palast","status":"publish","type":"post","link":"https:\/\/www.planbwagen.de\/es\/espana\/dia-no-157-alhambra-granada-el-palacio-rojo\/","title":{"rendered":"D\u00eda n\u00ba 157 Alhambra - Granada - El Palacio Rojo"},"content":{"rendered":"<p>[et_pb_section fb_built=&#8220;1&#8243; _builder_version=&#8220;3.22&#8243;][et_pb_row _builder_version=&#8220;4.5.1&#8243; _module_preset=&#8220;default&#8220;][et_pb_column _builder_version=&#8220;4.5.1&#8243; _module_preset=&#8220;default&#8220; type=&#8220;4_4&#8243;][et_pb_image src=&#8220;https:\/\/www.planbwagen.de\/wp-content\/uploads\/2020\/09\/1-92.jpg&#8220; _builder_version=&#8220;4.5.1&#8243; _module_preset=&#8220;default&#8220; title_text=&#8220;1&#8243; hover_enabled=&#8220;0&#8243;][\/et_pb_image][et_pb_text _builder_version=&#8220;4.5.1&#8243; _module_preset=&#8220;default&#8220; hover_enabled=&#8220;0&#8243;]<\/p>\n<p>Nos levantamos relativamente temprano. Llenos de expectativas. Al fin y al cabo, tenemos grandes planes para hoy: Una visita a la Alhambra. Ayer reservamos las entradas por Internet de forma espont\u00e1nea. Aunque hab\u00edamos le\u00eddo en todas partes que hay que comprar las entradas con semanas de antelaci\u00f3n, las conseguimos espont\u00e1neamente. Tambi\u00e9n pudimos elegir nuestra hora preferida para el Palacio Nazar\u00ed, para el que hay que reservar una hora fija. Optamos por las 14.30 h. Como no somos animales de reba\u00f1o, optamos por una entrada sencilla sin visita guiada, y creo que 14 euros es bastante razonable para las entradas. Adem\u00e1s de la tarjeta de cr\u00e9dito, necesitar\u00e1s el DNI de todos para reservar.<\/p>\n<p>[\/et_pb_text][\/et_pb_column][\/et_pb_row][et_pb_row _builder_version=&#8220;4.5.1&#8243; _module_preset=&#8220;default&#8220; column_structure=&#8220;1_3,1_3,1_3&#8243;][et_pb_column _builder_version=&#8220;4.5.1&#8243; _module_preset=&#8220;default&#8220; type=&#8220;1_3&#8243;][et_pb_image src=&#8220;https:\/\/www.planbwagen.de\/wp-content\/uploads\/2020\/09\/2-88.jpg&#8220; _builder_version=&#8220;4.5.1&#8243; _module_preset=&#8220;default&#8220; title_text=&#8220;2&#8243; hover_enabled=&#8220;0&#8243;][\/et_pb_image][\/et_pb_column][et_pb_column _builder_version=&#8220;4.5.1&#8243; _module_preset=&#8220;default&#8220; type=&#8220;1_3&#8243;][et_pb_image src=&#8220;https:\/\/www.planbwagen.de\/wp-content\/uploads\/2020\/09\/3-82.jpg&#8220; _builder_version=&#8220;4.5.1&#8243; _module_preset=&#8220;default&#8220; title_text=&#8220;3&#8243; hover_enabled=&#8220;0&#8243;][\/et_pb_image][\/et_pb_column][et_pb_column _builder_version=&#8220;4.5.1&#8243; _module_preset=&#8220;default&#8220; type=&#8220;1_3&#8243;][et_pb_image src=&#8220;https:\/\/www.planbwagen.de\/wp-content\/uploads\/2020\/09\/4-72.jpg&#8220; _builder_version=&#8220;4.5.1&#8243; _module_preset=&#8220;default&#8220; title_text=&#8220;4&#8243; hover_enabled=&#8220;0&#8243;][\/et_pb_image][\/et_pb_column][\/et_pb_row][et_pb_row _builder_version=&#8220;4.5.1&#8243; _module_preset=&#8220;default&#8220;][et_pb_column _builder_version=&#8220;4.5.1&#8243; _module_preset=&#8220;default&#8220; type=&#8220;4_4&#8243;][et_pb_text _builder_version=&#8220;4.5.1&#8243; _module_preset=&#8220;default&#8220; hover_enabled=&#8220;0&#8243;]<\/p>\n<p>Puede reservar su billete aqu\u00ed. - Atenci\u00f3n, \u00a1hay muchos proveedores no oficiales! - Tuvimos que buscar durante mucho tiempo.<\/p>\n<p>[\/et_pb_text][et_pb_button button_text=&#8220;Alhambra Tickets&#8220; _builder_version=&#8220;4.5.1&#8243; _module_preset=&#8220;default&#8220; url_new_window=&#8220;on&#8220; button_url=&#8220;https:\/\/tickets.alhambra-patronato.es\/en\/&#8220; hover_enabled=&#8220;0&#8243;][\/et_pb_button][\/et_pb_column][\/et_pb_row][et_pb_row _builder_version=&#8220;4.5.1&#8243; _module_preset=&#8220;default&#8220; column_structure=&#8220;1_3,1_3,1_3&#8243;][et_pb_column _builder_version=&#8220;4.5.1&#8243; _module_preset=&#8220;default&#8220; type=&#8220;1_3&#8243;][et_pb_image src=&#8220;https:\/\/www.planbwagen.de\/wp-content\/uploads\/2020\/09\/5-61.jpg&#8220; _builder_version=&#8220;4.5.1&#8243; _module_preset=&#8220;default&#8220; title_text=&#8220;5&#8243; hover_enabled=&#8220;0&#8243;][\/et_pb_image][\/et_pb_column][et_pb_column _builder_version=&#8220;4.5.1&#8243; _module_preset=&#8220;default&#8220; type=&#8220;1_3&#8243;][et_pb_image src=&#8220;https:\/\/www.planbwagen.de\/wp-content\/uploads\/2020\/09\/6-58.jpg&#8220; _builder_version=&#8220;4.5.1&#8243; _module_preset=&#8220;default&#8220; title_text=&#8220;6&#8243; hover_enabled=&#8220;0&#8243;][\/et_pb_image][\/et_pb_column][et_pb_column _builder_version=&#8220;4.5.1&#8243; _module_preset=&#8220;default&#8220; type=&#8220;1_3&#8243;][et_pb_image src=&#8220;https:\/\/www.planbwagen.de\/wp-content\/uploads\/2020\/09\/7-40.jpg&#8220; _builder_version=&#8220;4.5.1&#8243; _module_preset=&#8220;default&#8220; title_text=&#8220;7&#8243; hover_enabled=&#8220;0&#8243;][\/et_pb_image][\/et_pb_column][\/et_pb_row][et_pb_row _builder_version=&#8220;4.5.1&#8243; _module_preset=&#8220;default&#8220;][et_pb_column _builder_version=&#8220;4.5.1&#8243; _module_preset=&#8220;default&#8220; type=&#8220;4_4&#8243;][et_pb_text _builder_version=&#8220;4.5.1&#8243; _module_preset=&#8220;default&#8220; hover_enabled=&#8220;0&#8243;]<\/p>\n<p>Despu\u00e9s de un caf\u00e9 relajado, que siempre es el comienzo del d\u00eda para nosotros, recogemos y nos despedimos del camping Alto de Vi\u00f1uelas. Me gustan estos campings peque\u00f1os. Por supuesto, prefiero ser libre, pero de vez en cuando necesito electricidad y una ducha caliente y en las ciudades me gusta la seguridad de un camping vigilado. Era bastante bonito y barato con una tarjeta ACSI, pagamos 20 con electricidad incluida. Dicen que es el mejor camping de Granada. La gente aqu\u00ed es muy amable, pero las instalaciones sanitarias son bastante b\u00e1sicas pero limpias. La ubicaci\u00f3n es buena para ir a Granada, el autob\u00fas tarda 35 minutos. Precauci\u00f3n: No hay autob\u00fas los domingos y s\u00f3lo unos pocos autobuses los s\u00e1bados. As\u00ed que si reserva un billete para la Ahambra con antelaci\u00f3n y quiere viajar en autob\u00fas, debe comprobar los horarios de salida de los autobuses de antemano.<\/p>\n<p>[\/et_pb_text][\/et_pb_column][\/et_pb_row][et_pb_row _builder_version=&#8220;4.5.1&#8243; _module_preset=&#8220;default&#8220; column_structure=&#8220;1_4,1_4,1_4,1_4&#8243;][et_pb_column _builder_version=&#8220;4.5.1&#8243; _module_preset=&#8220;default&#8220; type=&#8220;1_4&#8243;][et_pb_image src=&#8220;https:\/\/www.planbwagen.de\/wp-content\/uploads\/2020\/09\/8-36.jpg&#8220; _builder_version=&#8220;4.5.1&#8243; _module_preset=&#8220;default&#8220; title_text=&#8220;8&#8243; hover_enabled=&#8220;0&#8243;][\/et_pb_image][\/et_pb_column][et_pb_column _builder_version=&#8220;4.5.1&#8243; _module_preset=&#8220;default&#8220; type=&#8220;1_4&#8243;][et_pb_image src=&#8220;https:\/\/www.planbwagen.de\/wp-content\/uploads\/2020\/09\/9-35.jpg&#8220; _builder_version=&#8220;4.5.1&#8243; _module_preset=&#8220;default&#8220; title_text=&#8220;9&#8243; hover_enabled=&#8220;0&#8243;][\/et_pb_image][\/et_pb_column][et_pb_column _builder_version=&#8220;4.5.1&#8243; _module_preset=&#8220;default&#8220; type=&#8220;1_4&#8243;][et_pb_image src=&#8220;https:\/\/www.planbwagen.de\/wp-content\/uploads\/2020\/09\/10-24.jpg&#8220; _builder_version=&#8220;4.5.1&#8243; _module_preset=&#8220;default&#8220; title_text=&#8220;10&#8243; hover_enabled=&#8220;0&#8243;][\/et_pb_image][\/et_pb_column][et_pb_column _builder_version=&#8220;4.5.1&#8243; _module_preset=&#8220;default&#8220; type=&#8220;1_4&#8243;][et_pb_image src=&#8220;https:\/\/www.planbwagen.de\/wp-content\/uploads\/2020\/09\/11-20.jpg&#8220; _builder_version=&#8220;4.5.1&#8243; _module_preset=&#8220;default&#8220; title_text=&#8220;11&#8243; hover_enabled=&#8220;0&#8243;][\/et_pb_image][\/et_pb_column][\/et_pb_row][et_pb_row _builder_version=&#8220;4.5.1&#8243; _module_preset=&#8220;default&#8220;][et_pb_column _builder_version=&#8220;4.5.1&#8243; _module_preset=&#8220;default&#8220; type=&#8220;4_4&#8243;][et_pb_text _builder_version=&#8220;4.5.1&#8243; _module_preset=&#8220;default&#8220; hover_enabled=&#8220;0&#8243;]<\/p>\n<p>Decidimos ir en coche a la Alhambra con H\u00e9ctor de todos modos. Y fue una buena elecci\u00f3n, porque el trayecto y el aparcamiento son sorprendentemente relajados. Hab\u00eda imaginado que ser\u00eda peor, ya que la Alhambra es uno de los monumentos m\u00e1s visitados de Europa. Pero ahora, a principios de febrero, todo est\u00e1 relajado.<\/p>\n<p>La Alhabra est\u00e1 bien se\u00f1alizada desde la autopista y no tiene p\u00e9rdida ni ella ni los aparcamientos. S\u00f3lo hay una carretera de acceso. Los aparcamientos normales no tienen restricciones de altura, por lo que los veh\u00edculos peque\u00f1os m\u00e1s altos como nosotros pueden aparcar all\u00ed f\u00e1cilmente. Tambi\u00e9n hay un aparcamiento separado para caravanas para veh\u00edculos m\u00e1s grandes. Lo ver\u00e1 al llegar y podr\u00e1 aparcar all\u00ed inmediatamente. Los coches y las caravanas tambi\u00e9n pueden pernoctar. No hay sombra en los aparcamientos, los perros no pueden permanecer en el coche mientras visita la Alhambra y no se admiten perros en la Alhambra. Puede encontrar m\u00e1s informaci\u00f3n y los precios actuales de los aparcamientos aqu\u00ed:<\/p>\n<p>[\/et_pb_text][et_pb_button button_text=&#8220;Alhambra Parking&#8220; _builder_version=&#8220;4.5.1&#8243; _module_preset=&#8220;default&#8220; button_url=&#8220;https:\/\/www.lovegranada.com\/alhambra\/parking\/&#8220; url_new_window=&#8220;on&#8220; hover_enabled=&#8220;0&#8243;][\/et_pb_button][\/et_pb_column][\/et_pb_row][et_pb_row _builder_version=&#8220;4.5.1&#8243; _module_preset=&#8220;default&#8220; column_structure=&#8220;1_3,1_3,1_3&#8243;][et_pb_column _builder_version=&#8220;4.5.1&#8243; _module_preset=&#8220;default&#8220; type=&#8220;1_3&#8243;][et_pb_image src=&#8220;https:\/\/www.planbwagen.de\/wp-content\/uploads\/2020\/09\/12-17.jpg&#8220; _builder_version=&#8220;4.5.1&#8243; _module_preset=&#8220;default&#8220; title_text=&#8220;12&#8243; hover_enabled=&#8220;0&#8243;][\/et_pb_image][\/et_pb_column][et_pb_column _builder_version=&#8220;4.5.1&#8243; _module_preset=&#8220;default&#8220; type=&#8220;1_3&#8243;][et_pb_image src=&#8220;https:\/\/www.planbwagen.de\/wp-content\/uploads\/2020\/09\/13-13.jpg&#8220; _builder_version=&#8220;4.5.1&#8243; _module_preset=&#8220;default&#8220; title_text=&#8220;13&#8243; hover_enabled=&#8220;0&#8243;][\/et_pb_image][\/et_pb_column][et_pb_column _builder_version=&#8220;4.5.1&#8243; _module_preset=&#8220;default&#8220; type=&#8220;1_3&#8243;][et_pb_image src=&#8220;https:\/\/www.planbwagen.de\/wp-content\/uploads\/2020\/09\/14-10.jpg&#8220; _builder_version=&#8220;4.5.1&#8243; _module_preset=&#8220;default&#8220; title_text=&#8220;14&#8243; hover_enabled=&#8220;0&#8243;][\/et_pb_image][\/et_pb_column][\/et_pb_row][et_pb_row _builder_version=&#8220;4.5.1&#8243; _module_preset=&#8220;default&#8220;][et_pb_column _builder_version=&#8220;4.5.1&#8243; _module_preset=&#8220;default&#8220; type=&#8220;4_4&#8243;][et_pb_text _builder_version=&#8220;4.5.1&#8243; _module_preset=&#8220;default&#8220; hover_enabled=&#8220;0&#8243;]<\/p>\n<p>Nuestra entrada en l\u00ednea, que recibimos en formato pdf por correo electr\u00f3nico, debe canjearse por una entrada en taquilla. Para ello, se permite la entrada a la zona acordonada de taquillas a una persona por reserva con todos sus documentos de identidad. Las entradas van acompa\u00f1adas de un mapa general y de una nota en la que se indica que la entrada al Palacio Nazar\u00ed s\u00f3lo es posible a la hora reservada.<\/p>\n<p>[\/et_pb_text][\/et_pb_column][\/et_pb_row][et_pb_row _builder_version=&#8220;4.5.1&#8243; _module_preset=&#8220;default&#8220; column_structure=&#8220;1_3,1_3,1_3&#8243;][et_pb_column _builder_version=&#8220;4.5.1&#8243; _module_preset=&#8220;default&#8220; type=&#8220;1_3&#8243;][et_pb_image src=&#8220;https:\/\/www.planbwagen.de\/wp-content\/uploads\/2020\/09\/15-9.jpg&#8220; _builder_version=&#8220;4.5.1&#8243; _module_preset=&#8220;default&#8220; title_text=&#8220;15&#8243; hover_enabled=&#8220;0&#8243;][\/et_pb_image][\/et_pb_column][et_pb_column _builder_version=&#8220;4.5.1&#8243; _module_preset=&#8220;default&#8220; type=&#8220;1_3&#8243;][et_pb_image src=&#8220;https:\/\/www.planbwagen.de\/wp-content\/uploads\/2020\/09\/16-9.jpg&#8220; _builder_version=&#8220;4.5.1&#8243; _module_preset=&#8220;default&#8220; title_text=&#8220;16&#8243; hover_enabled=&#8220;0&#8243;][\/et_pb_image][\/et_pb_column][et_pb_column _builder_version=&#8220;4.5.1&#8243; _module_preset=&#8220;default&#8220; type=&#8220;1_3&#8243;][et_pb_image src=&#8220;https:\/\/www.planbwagen.de\/wp-content\/uploads\/2020\/09\/17-9.jpg&#8220; _builder_version=&#8220;4.5.1&#8243; _module_preset=&#8220;default&#8220; title_text=&#8220;17&#8243; hover_enabled=&#8220;0&#8243;][\/et_pb_image][\/et_pb_column][\/et_pb_row][et_pb_row _builder_version=&#8220;4.5.1&#8243; _module_preset=&#8220;default&#8220;][et_pb_column _builder_version=&#8220;4.5.1&#8243; _module_preset=&#8220;default&#8220; type=&#8220;4_4&#8243;][et_pb_text _builder_version=&#8220;4.5.1&#8243; _module_preset=&#8220;default&#8220; hover_enabled=&#8220;0&#8243;]<\/p>\n<p>A continuaci\u00f3n nos permitir\u00e1n entrar en el castillo medieval de la ciudad, situado en la colina de Granada. Es el monumento m\u00e1s visitado de Europa y Patrimonio de la Humanidad. La Alhambra consta de un parque de 740 metros de largo y 220 metros de ancho con varios palacios. La visita puede durar entre 3 y 4 horas. Pocas veces he visto algo tan maravilloso. La Alhambra me llega al coraz\u00f3n. Creo que es una pena no poder captar su belleza en fotos. Esto se debe en parte a mis modestas habilidades fotogr\u00e1ficas y a la falta de equipo fotogr\u00e1fico. Pero tambi\u00e9n se debe a los numerosos visitantes, que naturalmente quieren hacer las mismas fotos que yo. Hacer una foto sin gente es bastante dif\u00edcil. Cuando volvamos a Colonia, comprar una c\u00e1mara ser\u00e1 una de mis prioridades.<\/p>\n<p>Tambi\u00e9n encontrar\u00e1 uno o dos bancos tranquilos en los jardines para un breve descanso. Se admiten bolsos y mochilas. La \u00fanica excepci\u00f3n es el Palacio Nazar\u00ed, donde no se permiten cochecitos de ni\u00f1os. Pero hay taquillas para guardarlas delante. Tambi\u00e9n hay una o dos m\u00e1quinas expendedoras de bebidas.<\/p>\n<p>[\/et_pb_text][\/et_pb_column][\/et_pb_row][et_pb_row _builder_version=&#8220;4.5.1&#8243; _module_preset=&#8220;default&#8220; column_structure=&#8220;1_3,1_3,1_3&#8243;][et_pb_column _builder_version=&#8220;4.5.1&#8243; _module_preset=&#8220;default&#8220; type=&#8220;1_3&#8243;][et_pb_image src=&#8220;https:\/\/www.planbwagen.de\/wp-content\/uploads\/2020\/09\/18-9.jpg&#8220; _builder_version=&#8220;4.5.1&#8243; _module_preset=&#8220;default&#8220; title_text=&#8220;18&#8243; hover_enabled=&#8220;0&#8243;][\/et_pb_image][\/et_pb_column][et_pb_column _builder_version=&#8220;4.5.1&#8243; _module_preset=&#8220;default&#8220; type=&#8220;1_3&#8243;][et_pb_image src=&#8220;https:\/\/www.planbwagen.de\/wp-content\/uploads\/2020\/09\/20-4.jpg&#8220; _builder_version=&#8220;4.5.1&#8243; _module_preset=&#8220;default&#8220; title_text=&#8220;20&#8243; hover_enabled=&#8220;0&#8243;][\/et_pb_image][\/et_pb_column][et_pb_column _builder_version=&#8220;4.5.1&#8243; _module_preset=&#8220;default&#8220; type=&#8220;1_3&#8243;][et_pb_image src=&#8220;https:\/\/www.planbwagen.de\/wp-content\/uploads\/2020\/09\/21-4.jpg&#8220; _builder_version=&#8220;4.5.1&#8243; _module_preset=&#8220;default&#8220; title_text=&#8220;21&#8243; hover_enabled=&#8220;0&#8243;][\/et_pb_image][\/et_pb_column][\/et_pb_row][et_pb_row _builder_version=&#8220;4.5.1&#8243; _module_preset=&#8220;default&#8220;][et_pb_column _builder_version=&#8220;4.5.1&#8243; _module_preset=&#8220;default&#8220; type=&#8220;4_4&#8243;][et_pb_text _builder_version=&#8220;4.5.1&#8243; _module_preset=&#8220;default&#8220; hover_enabled=&#8220;0&#8243;]<\/p>\n<p>El Palacio Nazar\u00ed fue lo m\u00e1s destacado de la Alhambra para nosotros. Es sencillamente precioso. Nos record\u00f3 una maravillosa velada en Marrakech: pasamos la noche en Dar Charifa, la casa m\u00e1s antigua de Marrakech. Hoy es un restaurante con una maravillosa terraza. El tejado est\u00e1 abierto, as\u00ed que te sientas a cenar a cielo abierto, pero protegido. Tomamos una copa en la terraza y disfrutamos de las maravillosas vistas antes de bajar a cenar. Cuando de repente empez\u00f3 a llover, cubrimos r\u00e1pidamente el tejado abierto con una lona. Y entonces se convirti\u00f3 en algo m\u00e1gico: de repente revoloteaba a nuestro alrededor. Los murci\u00e9lagos no pod\u00edan salir a trav\u00e9s de la lona y revoloteaban por el patio. Fue tan hermoso que nunca lo olvidaremos.<\/p>\n<p>[\/et_pb_text][\/et_pb_column][\/et_pb_row][et_pb_row _builder_version=&#8220;4.5.1&#8243; _module_preset=&#8220;default&#8220; column_structure=&#8220;1_3,1_3,1_3&#8243;][et_pb_column _builder_version=&#8220;4.5.1&#8243; _module_preset=&#8220;default&#8220; type=&#8220;1_3&#8243;][et_pb_image src=&#8220;https:\/\/www.planbwagen.de\/wp-content\/uploads\/2020\/09\/22-6.jpg&#8220; _builder_version=&#8220;4.5.1&#8243; _module_preset=&#8220;default&#8220; title_text=&#8220;22&#8243; hover_enabled=&#8220;0&#8243;][\/et_pb_image][\/et_pb_column][et_pb_column _builder_version=&#8220;4.5.1&#8243; _module_preset=&#8220;default&#8220; type=&#8220;1_3&#8243;][et_pb_image src=&#8220;https:\/\/www.planbwagen.de\/wp-content\/uploads\/2020\/09\/23-4.jpg&#8220; _builder_version=&#8220;4.5.1&#8243; _module_preset=&#8220;default&#8220; title_text=&#8220;23&#8243; hover_enabled=&#8220;0&#8243;][\/et_pb_image][\/et_pb_column][et_pb_column _builder_version=&#8220;4.5.1&#8243; _module_preset=&#8220;default&#8220; type=&#8220;1_3&#8243;][et_pb_image src=&#8220;https:\/\/www.planbwagen.de\/wp-content\/uploads\/2020\/09\/24-4.jpg&#8220; _builder_version=&#8220;4.5.1&#8243; _module_preset=&#8220;default&#8220; title_text=&#8220;24&#8243; hover_enabled=&#8220;0&#8243;][\/et_pb_image][\/et_pb_column][\/et_pb_row][et_pb_row _builder_version=&#8220;4.5.1&#8243; _module_preset=&#8220;default&#8220;][et_pb_column _builder_version=&#8220;4.5.1&#8243; _module_preset=&#8220;default&#8220; type=&#8220;4_4&#8243;][et_pb_text _builder_version=&#8220;4.5.1&#8243; _module_preset=&#8220;default&#8220; hover_enabled=&#8220;0&#8243;]<\/p>\n<p>Lo hicimos todo bien y visitamos el Palacio Nazar\u00ed al final de nuestro recorrido. Dejamos lo mejor para el final. Ahora, despu\u00e9s de 4 horas, ya hemos tenido bastante y dirigimos a H\u00e9ctor hacia Santa Fe. Queremos ir a las termas. Encontramos un lugar tranquilo entre los olivos cercanos y estamos contentos.<\/p>\n<p>Anmerkung des Redakteurs: Zur Alhambra wurde sicherlich schon alles geschrieben, was man schreiben kann. Doch es f\u00e4llt schwer zu beschreiben welches Gef\u00fchl der Rote Palast in einem hinterl\u00e4sst. Das hat was von &#8222;Tausendundeine Nacht&#8220; &#8211; Doch Torgit hat es oben auf den Punkt gebracht, ich kenne diese Empfindung. Ich hatte sie bereits am 07. Juni 2016., knapp 900 Kilometer weiter s\u00fcdlich.<\/p>\n<p>[\/et_pb_text][\/et_pb_column][\/et_pb_row][\/et_pb_section]<\/p>","protected":false},"excerpt":{"rendered":"<p>[et_pb_section fb_built=&#8220;1&#8243; _builder_version=&#8220;3.22&#8243;][et_pb_row _builder_version=&#8220;4.5.1&#8243; _module_preset=&#8220;default&#8220;][et_pb_column _builder_version=&#8220;4.5.1&#8243; _module_preset=&#8220;default&#8220; type=&#8220;4_4&#8243;][et_pb_image src=&#8220;https:\/\/www.planbwagen.de\/wp-content\/uploads\/2020\/09\/1-92.jpg&#8220; _builder_version=&#8220;4.5.1&#8243; _module_preset=&#8220;default&#8220; title_text=&#8220;1&#8243; hover_enabled=&#8220;0&#8243;][\/et_pb_image][et_pb_text _builder_version=&#8220;4.5.1&#8243; _module_preset=&#8220;default&#8220; hover_enabled=&#8220;0&#8243;] Wir wachen relativ fr\u00fch auf. Erwartungsvoll. Schlie\u00dflich haben wir heute Gro\u00dfes vor: Die Besichtigung der Alhambra. Tickets haben wir gestern spontan online gebucht. Obwohl wir vorher \u00fcberall gelesen haben, dass man Tickets Wochen vorher kaufen muss, haben wir spontan [&hellip;]<\/p>","protected":false},"author":1,"featured_media":4098,"comment_status":"open","ping_status":"open","sticky":false,"template":"","format":"standard","meta":{"_et_pb_use_builder":"on","_et_pb_old_content":"<p>\u00a0<\/p><div id=\"content_start\">\u00a0<\/div><article class=\"j-blog\"><div class=\"n j-blog-meta j-blog-post--header\"><div class=\"j-text j-module n\"><a class=\"j-blog-post--category\" href=\"https:\/\/www.gluecksmuskel.de\/hectors-reisen\/spain-spanien\/\"> Spain - Spanien <\/a> \u00a0\u00b7\u00a0 <span class=\"j-text j-blog-post--date\"> 08. Februar 2020 <\/span><\/div><h1 class=\"j-blog-header j-blog-headline j-blog-post--headline\">Tag No. 157 Alhambra - Granada - Der rote Palast<\/h1><\/div><div class=\"post j-blog-content\"><div id=\"cc-matrix-3607151126\"><div id=\"cc-m-12576710226\" class=\"j-module n j-spacing \"><div class=\"cc-m-spacer\" style=\"height: 20px;\">\u00a0<\/div><\/div><div id=\"cc-m-12576783726\" class=\"j-module n j-imageSubtitle \"><figure class=\"cc-imagewrapper cc-m-image-align-1 cc-m-width-maxed\"><img id=\"cc-m-imagesubtitle-image-12576783726\" class=\"\" src=\"https:\/\/planbwagen.de\/wp-content\/uploads\/2020\/07\/generalife-alhambra-granada-spanien-andalusien-palast.jpg\" sizes=\"(min-width: 1020px) 1020px, 100vw\" alt=\"Generalife - Alhambra - Granada - Spanien - Andalusien - Palast\" data-src-width=\"3757\" data-src-height=\"1667\" data-src=\"https:\/\/planbwagen.de\/wp-content\/uploads\/2020\/07\/generalife-alhambra-granada-spanien-andalusien-palast.jpg\" data-image-id=\"8130648626\" data-pfsrc=\"https:\/\/planbwagen.de\/wp-content\/uploads\/2020\/07\/generalife-alhambra-granada-spanien-andalusien-palast.jpg\" \/><figcaption style=\"width: 1020px;\">Generalife - Alhambra - Granada<\/figcaption><\/figure><div class=\"cc-clear\">\u00a0<\/div><\/div><div id=\"cc-m-12576783926\" class=\"j-module n j-text \"><p>\u00a0<\/p><p>Wir wachen relativ fr\u00fch auf. Erwartungsvoll. Schlie\u00dflich haben wir heute Gro\u00dfes vor: Die Besichtigung der Alhambra. Tickets haben wir gestern spontan online gebucht. Obwohl wir vorher \u00fcberall gelesen haben, dass man Tickets Wochen vorher kaufen muss, haben wir spontan Tickets bekommen. Auch f\u00fcr den Nasriden-Palast, f\u00fcr den man eine feste Zeit buchen muss, konnten wir uns noch unsere Wunschzeit aussuchen. Wir haben uns f\u00fcr 14.30 Uhr entschieden. Da wir keine Herdentiere sind, haben wir uns f\u00fcr ein einfaches Ticket ohne F\u00fchrung entschieden, \u20ac 14,- finde ich f\u00fcr die Tickets auch recht g\u00fcnstig. Zur Buchung brauchst Du neben Deiner Kreditkarte die Personalausweise aller Personen.<\/p><p>\u00a0<\/p><\/div><div id=\"cc-m-12576712126\" class=\"j-module n j-gallery \"><div id=\"cc-m-gallery-12576712126\" class=\"cc-m-gallery-container cc-m-gallery-cool clearover\"><div id=\"gallery_thumb_8130569826\" class=\"cc-m-gallery-cool-item\"><div><a rel=\"lightbox[12576712126]\" data-href=\"https:\/\/planbwagen.de\/wp-content\/uploads\/attachments\/image.jpg\" data-title=\"Alhambra - Granada\" data-index=\"0\"> <img style=\"height: 176px; width: 132px; margin-bottom: 3px; margin-right: 3px;\" src=\"https:\/\/planbwagen.de\/wp-content\/uploads\/2020\/07\/image-2-9-6-3.jpg\" alt=\"Alhambra - Granada\" data-orig-width=\"1536\" data-orig-height=\"2048\" \/> <\/a><\/div><\/div><div id=\"gallery_thumb_8130569626\" class=\"cc-m-gallery-cool-item\"><div><a rel=\"lightbox[12576712126]\" data-href=\"https:\/\/planbwagen.de\/wp-content\/uploads\/attachments\/image.jpg\" data-title=\"Alhambra - Granada\" data-index=\"1\"> <img style=\"height: 176px; width: 235px; margin-bottom: 3px;\" src=\"https:\/\/planbwagen.de\/wp-content\/uploads\/2020\/07\/image-0-1-4-6.jpg\" alt=\"Alhambra - Granada\" data-orig-width=\"2048\" data-orig-height=\"1536\" \/> <\/a><\/div><\/div><div id=\"gallery_thumb_8130569926\" class=\"cc-m-gallery-cool-item\"><div><a rel=\"lightbox[12576712126]\" data-href=\"https:\/\/planbwagen.de\/wp-content\/uploads\/attachments\/image.jpg\" data-title=\"Generalife Alhambra - Granada\" data-index=\"2\"> <img style=\"height: 176px; width: 132px; margin-bottom: 3px;\" src=\"https:\/\/planbwagen.de\/wp-content\/uploads\/2020\/07\/image-3-9-7.jpg\" alt=\"Generalife Alhambra - Granada\" data-orig-width=\"1537\" data-orig-height=\"2048\" \/> <\/a><\/div><\/div><\/div><\/div><div id=\"cc-m-12576792126\" class=\"j-module n j-text \"><p>\u00a0<\/p><p>Hier kannst\u00a0Du Dein Ticket buchen. - Achtung, es gibt jede Menge nicht offizielle Anbieter! - Wir mussten lange suchen.<\/p><\/div><div id=\"cc-m-12576824126\" class=\"j-module n j-callToAction \"><div class=\"j-calltoaction-wrapper j-calltoaction-align-2\"><a class=\"j-calltoaction-link j-calltoaction-link-style-1\" href=\"https:\/\/tickets.alhambra-patronato.es\/en\/\" target=\"_blank\" rel=\"noopener noreferrer\" data-action=\"button\" data-title=\"Alhambra Tickets\"> Alhambra Tickets <\/a><\/div><\/div><div id=\"cc-m-12576792326\" class=\"j-module n j-gallery \"><div id=\"cc-m-gallery-12576792326\" class=\"cc-m-gallery-container cc-m-gallery-cool clearover\"><div id=\"gallery_thumb_8130655126\" class=\"cc-m-gallery-cool-item\"><div><a rel=\"lightbox[12576792326]\" data-href=\"https:\/\/planbwagen.de\/wp-content\/uploads\/attachments\/image.jpg\" data-title=\"Alhambra - Granada - voller Fotografeneinsatz :-)\" data-index=\"0\"> <img style=\"height: 277px; width: 370px; margin-bottom: 3px;\" src=\"https:\/\/planbwagen.de\/wp-content\/uploads\/2020\/07\/image-3-6-6-9.jpg\" alt=\"Alhambra - Granada - voller Fotografeneinsatz :-)\" data-orig-width=\"2048\" data-orig-height=\"1536\" \/> <\/a><\/div><\/div><div id=\"gallery_thumb_8130654926\" class=\"cc-m-gallery-cool-item\"><div><a rel=\"lightbox[12576792326]\" data-href=\"https:\/\/planbwagen.de\/wp-content\/uploads\/attachments\/image.jpg\" data-title=\"Alhambra - Granada - L\u00f6wen im Nasridenpalast\" data-index=\"1\"> <img style=\"height: 244px; width: 183px; margin-bottom: 3px; margin-right: 3px;\" src=\"https:\/\/planbwagen.de\/wp-content\/uploads\/2020\/07\/image-4-1-7.jpg\" alt=\"Alhambra - Granada - L\u00f6wen im Nasridenpalast\" data-orig-width=\"1536\" data-orig-height=\"2048\" \/> <\/a><\/div><\/div><div id=\"gallery_thumb_8130655026\" class=\"cc-m-gallery-cool-item\"><div><a rel=\"lightbox[12576792326]\" data-href=\"https:\/\/planbwagen.de\/wp-content\/uploads\/attachments\/image.jpg\" data-title=\"Alhambra - Granada - entspannt genie\u00dfen\" data-index=\"2\"> <img style=\"height: 244px; width: 184px; margin-bottom: 3px;\" src=\"https:\/\/planbwagen.de\/wp-content\/uploads\/2020\/07\/image-5-7-0.jpg\" alt=\"Alhambra - Granada - entspannt genie\u00dfen\" data-orig-width=\"1536\" data-orig-height=\"2048\" \/> <\/a><\/div><\/div><\/div><\/div><div id=\"cc-m-12576710426\" class=\"j-module n j-text \"><p>\u00a0<\/p><p>Nach einem entspannten Kaffee, der f\u00fcr uns immer den Start in den Tag bildet, packen wir zusammen und verabschieden uns vom CP Alto de Vi\u00f1uelas. Ich mag ja diese kleinen Campingpl\u00e4tze. Lieber stehe ich nat\u00fcrlich frei, aber ab und zu braucht es auch mal Strom und eine hei\u00dfe Dusche und in St\u00e4dten mag ich die Sicherheit eines bewachten Campingplatzes. Er war ganz nett und mit ACSI Card auch g\u00fcnstig, wir haben 20,- bezahlt incl Strom. Soll in Granada der beste Campingplatz sein. Die Menschen hier sind sehr freundlich, der Sanit\u00e4rbereich allerdings eher einfach, aber sauber. Die Lage ist f\u00fcr einen Citytrip nach Granada gut, der Bus f\u00e4hrt 35 Minuten. Vorsicht: Sonntags f\u00e4hrt kein Bus und Samstags auch nur wenige Busse. Wenn Du also ein Ticket f\u00fcr die Ahambra im Vorfeld buchst und mit dem Bus fahren m\u00f6chtest, solltest Du vorher die Busabfahrzeiten pr\u00fcfen.<\/p><p>\u00a0<\/p><\/div><div id=\"cc-m-12576709326\" class=\"j-module n j-gallery \"><div id=\"cc-m-gallery-12576709326\" class=\"cc-m-gallery-container cc-m-gallery-cool clearover\"><div id=\"gallery_thumb_8130648826\" class=\"cc-m-gallery-cool-item\"><div><a rel=\"lightbox[12576709326]\" data-href=\"https:\/\/planbwagen.de\/wp-content\/uploads\/attachments\/image.jpg\" data-title=\"Nasridenpalast - Alhambra - Granada\" data-index=\"0\"> <img style=\"height: 244px; width: 183px; margin-bottom: 3px; margin-right: 3px;\" src=\"https:\/\/planbwagen.de\/wp-content\/uploads\/2020\/07\/image-1-7-1.jpg\" alt=\"Nasridenpalast - Alhambra - Granada\" data-orig-width=\"1536\" data-orig-height=\"2048\" \/> <\/a><\/div><\/div><div id=\"gallery_thumb_8130573026\" class=\"cc-m-gallery-cool-item\"><div><a rel=\"lightbox[12576709326]\" data-href=\"https:\/\/planbwagen.de\/wp-content\/uploads\/attachments\/image.jpg\" data-title=\"Nasridenpalast - Alhambra - Granada\" data-index=\"1\"> <img style=\"height: 244px; width: 184px; margin-bottom: 3px;\" src=\"https:\/\/planbwagen.de\/wp-content\/uploads\/2020\/07\/image-9-0-8.jpg\" alt=\"Nasridenpalast - Alhambra - Granada\" data-orig-width=\"1536\" data-orig-height=\"2048\" \/> <\/a><\/div><\/div><div id=\"gallery_thumb_8130650426\" class=\"cc-m-gallery-cool-item\"><div><a rel=\"lightbox[12576709326]\" data-href=\"https:\/\/planbwagen.de\/wp-content\/uploads\/attachments\/image.jpg\" data-title=\"Nasridenpalast - Alhambra - Granada\" data-index=\"2\"> <img style=\"height: 196px; width: 104px; margin-bottom: 3px; margin-right: 3px;\" src=\"https:\/\/planbwagen.de\/wp-content\/uploads\/2020\/07\/image-6-7-1-1.jpg\" alt=\"Nasridenpalast - Alhambra - Granada\" data-orig-width=\"1088\" data-orig-height=\"2048\" \/> <\/a><\/div><\/div><div id=\"gallery_thumb_8130649426\" class=\"cc-m-gallery-cool-item\"><div><a rel=\"lightbox[12576709326]\" data-href=\"https:\/\/planbwagen.de\/wp-content\/uploads\/attachments\/image.jpg\" data-title=\"Nasridenpalast - Alhambra - Granada\" data-index=\"3\"> <img style=\"height: 196px; width: 263px; margin-bottom: 3px;\" src=\"https:\/\/planbwagen.de\/wp-content\/uploads\/2020\/07\/image-9-0-8-2.jpg\" alt=\"Nasridenpalast - Alhambra - Granada\" data-orig-width=\"2048\" data-orig-height=\"1536\" \/> <\/a><\/div><\/div><\/div><\/div><div id=\"cc-m-12576714026\" class=\"j-module n j-text \"><p>\u00a0<\/p><p>Wir entscheiden uns trotzdem mit Hector zur Alhambra zu fahren. Und das war eine gute Wahl, denn die Fahrt und auch das Parken ist \u00fcberraschend entspannt. Das hatte ich mir schlimmer vorgestellt, denn immerhin ist die Alhambra eine der meistbesuchten Sehensw\u00fcrdigkeiten der Europas. Aber jetzt Anfang Februar ist alles entspannt.<\/p><p>Die Alhabra ist schon von der Autobahn gut ausgeschildert, man kann sie und die Parkpl\u00e4tze nicht verfehlen. Es gibt nur eine Zufahrt. Die normalen Parkpl\u00e4tze haben keine H\u00f6henbeschr\u00e4nkung, h\u00f6here kleine Fahrzeuge wie wir k\u00f6nnen dort gut parken. F\u00fcr gr\u00f6\u00dfere Fahrzeuge gibt es auch einen separaten Caravan-Parkplatz. Diesen siehst Du als erstes bei der Anfahrt und kannst dort sofort bleiben. Autos und Caravans k\u00f6nnen auch \u00fcber Nacht stehen bleiben. Es gibt keinen Schatten auf den Parkpl\u00e4tzen, Hunde k\u00f6nnen nicht im d.h. Auto bleiben, w\u00e4hrend Du die Alhambra besuchst und Hunde haben keinen Zutritt zur Alhambra. Weitere Informationen und aktuelle Preise zu den Parkpl\u00e4tzen findest Du hier:<\/p><\/div><div id=\"cc-m-12576824526\" class=\"j-module n j-callToAction \"><div class=\"j-calltoaction-wrapper j-calltoaction-align-2\"><a class=\"j-calltoaction-link j-calltoaction-link-style-1\" href=\"https:\/\/www.lovegranada.com\/alhambra\/parking\/\" target=\"_blank\" rel=\"noopener noreferrer\" data-action=\"button\" data-title=\"Alhambra Parking\"> Alhambra Parking <\/a><\/div><\/div><div id=\"cc-m-12576715626\" class=\"j-module n j-gallery \"><div id=\"cc-m-gallery-12576715626\" class=\"cc-m-gallery-container cc-m-gallery-cool clearover\"><div id=\"gallery_thumb_8130572026\" class=\"cc-m-gallery-cool-item\"><div><a rel=\"lightbox[12576715626]\" data-href=\"https:\/\/planbwagen.de\/wp-content\/uploads\/attachments\/image.jpg\" data-title=\"\" data-index=\"0\"> <img style=\"height: 277px; width: 370px; margin-bottom: 3px;\" src=\"https:\/\/planbwagen.de\/wp-content\/uploads\/2020\/07\/image-1-9-7.jpg\" alt=\"\" data-orig-width=\"2048\" data-orig-height=\"1536\" \/> <\/a><\/div><\/div><div id=\"gallery_thumb_8130649326\" class=\"cc-m-gallery-cool-item\"><div><a rel=\"lightbox[12576715626]\" data-href=\"https:\/\/planbwagen.de\/wp-content\/uploads\/attachments\/image.jpg\" data-title=\"\" data-index=\"1\"> <img style=\"height: 176px; width: 132px; margin-bottom: 3px; margin-right: 3px;\" src=\"https:\/\/planbwagen.de\/wp-content\/uploads\/2020\/07\/image-8-2-6.jpg\" alt=\"\" data-orig-width=\"1536\" data-orig-height=\"2048\" \/> <\/a><\/div><\/div><div id=\"gallery_thumb_8130648926\" class=\"cc-m-gallery-cool-item\"><div><a rel=\"lightbox[12576715626]\" data-href=\"https:\/\/planbwagen.de\/wp-content\/uploads\/attachments\/image.jpg\" data-title=\"\" data-index=\"2\"> <img style=\"height: 176px; width: 235px; margin-bottom: 3px;\" src=\"https:\/\/planbwagen.de\/wp-content\/uploads\/2020\/07\/image-6-5-2-3.jpg\" alt=\"\" data-orig-width=\"2048\" data-orig-height=\"1536\" \/> <\/a><\/div><\/div><\/div><\/div><div id=\"cc-m-12576789026\" class=\"j-module n j-text \"><p>\u00a0<\/p><p>Unser Online-Ticket, das wir als pdf per Email erhalten haben, muss an der Kasse noch gegen ein Ticket getauscht werden. Dazu wird pro Buchung eine Person mit allen Personalausweisen in den abgesperrten Kassenbereich vorgelassen. Zu den Tickets gibt es eine \u00dcbersichtskarte und noch einmal einen Hinweis, dass der Eintritt in den Nasridenpalast nur zu der gebuchten Uhrzeit m\u00f6glich ist.<\/p><p>\u00a0<\/p><\/div><div id=\"cc-m-12576789226\" class=\"j-module n j-gallery \"><div id=\"cc-m-gallery-12576789226\" class=\"cc-m-gallery-container cc-m-gallery-cool clearover\"><div id=\"gallery_thumb_8130652026\" class=\"cc-m-gallery-cool-item\"><div><a rel=\"lightbox[12576789226]\" data-href=\"https:\/\/planbwagen.de\/wp-content\/uploads\/attachments\/image.jpg\" data-title=\"\" data-index=\"0\"> <img style=\"height: 277px; width: 370px; margin-bottom: 3px;\" src=\"https:\/\/planbwagen.de\/wp-content\/uploads\/2020\/07\/image-5-6-4-3.jpg\" alt=\"\" data-orig-width=\"2048\" data-orig-height=\"1536\" \/> <\/a><\/div><\/div><div id=\"gallery_thumb_8130651526\" class=\"cc-m-gallery-cool-item\"><div><a rel=\"lightbox[12576789226]\" data-href=\"https:\/\/planbwagen.de\/wp-content\/uploads\/attachments\/image.jpg\" data-title=\"\" data-index=\"1\"> <img style=\"height: 244px; width: 183px; margin-bottom: 3px; margin-right: 3px;\" src=\"https:\/\/planbwagen.de\/wp-content\/uploads\/2020\/07\/image-2-1-3.jpg\" alt=\"\" data-orig-width=\"1536\" data-orig-height=\"2048\" \/> <\/a><\/div><\/div><div id=\"gallery_thumb_8130651426\" class=\"cc-m-gallery-cool-item\"><div><a rel=\"lightbox[12576789226]\" data-href=\"https:\/\/planbwagen.de\/wp-content\/uploads\/attachments\/image.jpg\" data-title=\"\" data-index=\"2\"> <img style=\"height: 244px; width: 184px; margin-bottom: 3px;\" src=\"https:\/\/planbwagen.de\/wp-content\/uploads\/2020\/07\/image-4-9-5-3.jpg\" alt=\"\" data-orig-width=\"1536\" data-orig-height=\"2048\" \/> <\/a><\/div><\/div><\/div><\/div><div id=\"cc-m-12576785926\" class=\"j-module n j-text \"><p>\u00a0<\/p><p>Dann d\u00fcrfen wir hinein, in die mittelalterliche Stadtburg auf dem H\u00fcgel Granadas. Sie ist die meistbesuchte Sehensw\u00fcrdigkeit Europas und geh\u00f6rt zum Weltkulturerbe. Die Alhambra besteht aus einem 740m langen und 220 breiten park\u00e4hnlichem Gel\u00e4nde mit mehreren Pal\u00e4sten.\u00a0 Man sollte sich schon 3 - 4 Stunden Zeit nehmen, um das Gel\u00e4nde zu besichtigen. Ich habe selten etwas so Wunderbares gesehen. Die Alhambra ber\u00fchrt mein Herz. Ich finde schade, dass ich die Sch\u00f6nheit nicht auf Fotos festhalten kann. Das liegt einerseits an meinen bescheidenen Fotografierk\u00fcnsten und der nicht vorhandenen Fotoausr\u00fcstung. Allerdings auch an den vielen Besuchern, die alle nat\u00fcrlich die gleichen Fotos machen wollen wie ich. Ein Foto ohne Menschen zu machen ist recht schwierig. Wenn wir wieder in K\u00f6ln sind steht der Kauf einer Kamera ganz oben auf der Liste.<\/p><p>\u00a0<\/p><p>Du findest in den G\u00e4rten auch die ein oder andere ruhige Bank f\u00fcr eine kleine Pause. Taschen und Rucks\u00e4cke d\u00fcrfen mit gebracht werden. Die einzige Ausnahme bildet der Nasridenpalast, dort d\u00fcrfen auch keine Kinderwagen hinein. Aber davor gibt es Spinde zum wegschlie\u00dfen. Und auch den ein oder anderen Getr\u00e4nkeautomaten.<\/p><p>\u00a0<\/p><\/div><div id=\"cc-m-12576786026\" class=\"j-module n j-gallery \"><div id=\"cc-m-gallery-12576786026\" class=\"cc-m-gallery-container cc-m-gallery-cool clearover\"><div id=\"gallery_thumb_8130649526\" class=\"cc-m-gallery-cool-item\"><div><a rel=\"lightbox[12576786026]\" data-href=\"https:\/\/planbwagen.de\/wp-content\/uploads\/attachments\/image.jpg\" data-title=\"Alhambra - Granada\" data-index=\"0\"> <img style=\"height: 225px; width: 168px; margin-bottom: 3px; margin-right: 3px;\" src=\"https:\/\/planbwagen.de\/wp-content\/uploads\/2020\/07\/image-0-3-0-7.jpg\" alt=\"Alhambra - Granada\" data-orig-width=\"1536\" data-orig-height=\"2048\" \/> <\/a><\/div><\/div><div id=\"gallery_thumb_8130649626\" class=\"cc-m-gallery-cool-item\"><div><a rel=\"lightbox[12576786026]\" data-href=\"https:\/\/planbwagen.de\/wp-content\/uploads\/attachments\/image.jpg\" data-title=\"Alhambra - Granada\" data-index=\"1\"> <img style=\"height: 225px; width: 199px; margin-bottom: 3px;\" src=\"https:\/\/planbwagen.de\/wp-content\/uploads\/2020\/07\/image-5-1-6.jpg\" alt=\"Alhambra - Granada\" data-orig-width=\"1800\" data-orig-height=\"2048\" \/> <\/a><\/div><\/div><div id=\"gallery_thumb_8130649826\" class=\"cc-m-gallery-cool-item\"><div><a rel=\"lightbox[12576786026]\" data-href=\"https:\/\/planbwagen.de\/wp-content\/uploads\/attachments\/image.jpg\" data-title=\"Palacio Carlos V - Alhambra - Granada\" data-index=\"2\"> <img style=\"height: 244px; width: 183px; margin-bottom: 3px; margin-right: 3px;\" src=\"https:\/\/planbwagen.de\/wp-content\/uploads\/2020\/07\/image-5-9-9-7.jpg\" alt=\"Palacio Carlos V - Alhambra - Granada\" data-orig-width=\"1536\" data-orig-height=\"2048\" \/> <\/a><\/div><\/div><div id=\"gallery_thumb_8130649926\" class=\"cc-m-gallery-cool-item\"><div><a rel=\"lightbox[12576786026]\" data-href=\"https:\/\/planbwagen.de\/wp-content\/uploads\/attachments\/image.jpg\" data-title=\"Palacio Carlos V - Alhambra - Granada\" data-index=\"3\"> <img style=\"height: 244px; width: 184px; margin-bottom: 3px;\" src=\"https:\/\/planbwagen.de\/wp-content\/uploads\/2020\/07\/image-9-6-5.jpg\" alt=\"Palacio Carlos V - Alhambra - Granada\" data-orig-width=\"1536\" data-orig-height=\"2048\" \/> <\/a><\/div><\/div><\/div><\/div><div id=\"cc-m-12576708926\" class=\"j-module n j-text \"><p>\u00a0<\/p><p>Der Nasridenpalast war f\u00fcr uns das Highlight der Alhambra. Er ist einfach wundersch\u00f6n. Uns hat er erinnert an einen wunderbaren Abend in Marakesch: Wir waren abends im Dar Charifa, dem \u00e4lteste Haus in Marrakesch. Heute ist dort ein Restaurant mit einer wundersch\u00f6nen Dachterrasse. Das Dach ist offen, man sitzt also beim Abendessen unter freiem Himmel, aber gesch\u00fctzt. Dort haben wir erst bei einem Drink auf der Dachterasse die wunderbare Aussicht auf uns wirken lassen und sind dann zum Abendessen runter gegangen. Als eine pl\u00f6tzliche Regenschauer kam, wurde schnell das offene Dach mit einer Plane abgedeckt. Und dann wurde es magisch: Auf einmal flatterte es rings um uns rum. Durch die Plane konnten die Flederm\u00e4use nicht heraus und flatterten durch den Innenhof. Das war wo wundersch\u00f6n, dass wir das nie vergessen werden.<\/p><p>\u00a0<\/p><\/div><div id=\"cc-m-12576787126\" class=\"j-module n j-gallery \"><div id=\"cc-m-gallery-12576787126\" class=\"cc-m-gallery-container cc-m-gallery-cool clearover\"><div id=\"gallery_thumb_8130650826\" class=\"cc-m-gallery-cool-item\"><div><a rel=\"lightbox[12576787126]\" data-href=\"https:\/\/planbwagen.de\/wp-content\/uploads\/attachments\/image.jpg\" data-title=\"Alhambra - Granada\" data-index=\"0\"> <img style=\"height: 181px; width: 135px; margin-bottom: 3px; margin-right: 3px;\" src=\"https:\/\/planbwagen.de\/wp-content\/uploads\/2020\/07\/image-2-3-1.jpg\" alt=\"Alhambra - Granada\" data-orig-width=\"1536\" data-orig-height=\"2048\" \/> <\/a><\/div><\/div><div id=\"gallery_thumb_8130650726\" class=\"cc-m-gallery-cool-item\"><div><a rel=\"lightbox[12576787126]\" data-href=\"https:\/\/planbwagen.de\/wp-content\/uploads\/attachments\/image.jpg\" data-title=\"Alhambra - Granada\" data-index=\"1\"> <img style=\"height: 181px; width: 232px; margin-bottom: 3px;\" src=\"https:\/\/planbwagen.de\/wp-content\/uploads\/2020\/07\/image-8-6-5.jpg\" alt=\"Alhambra - Granada\" data-orig-width=\"2048\" data-orig-height=\"1603\" \/> <\/a><\/div><\/div><div id=\"gallery_thumb_8130651026\" class=\"cc-m-gallery-cool-item\"><div><a rel=\"lightbox[12576787126]\" data-href=\"https:\/\/planbwagen.de\/wp-content\/uploads\/attachments\/image.jpg\" data-title=\"Alhambra - Granada\" data-index=\"2\"> <img style=\"height: 181px; width: 135px; margin-bottom: 3px;\" src=\"https:\/\/planbwagen.de\/wp-content\/uploads\/2020\/07\/image-4-2-9.jpg\" alt=\"Alhambra - Granada\" data-orig-width=\"1536\" data-orig-height=\"2048\" \/> <\/a><\/div><\/div><\/div><\/div><div id=\"cc-m-12576793326\" class=\"j-module n j-text \"><p>\u00a0<\/p><p>Wir haben alles richtig gemacht und uns den Nasridenpalast zum Ende unseres Rundgangs angesehen. Nach dem Motto das Beste kommt zum Schluss. Jetzt nach 4 Stunden ist es auch genug und wir steuern Hector Richtung Santa Fe. Wir m\u00f6chten zu den hei\u00dfen Quellen. In der N\u00e4he finden wir einen ruhigen Platz zwischen Olivenb\u00e4umen und sind gl\u00fccklich.<\/p><p>\u00a0<\/p><p>Anmerkung des Redakteurs: Zur Alhambra wurde sicherlich schon alles geschrieben, was man schreiben kann. Doch es f\u00e4llt schwer zu beschreiben welches Gef\u00fchl der\u00a0Rote Palast in einem hinterl\u00e4sst. Das hat was von \"Tausendundeine Nacht\" - Doch Torgit hat es oben auf den Punkt gebracht, ich kenne diese Empfindung. Ich hatte sie bereits am 07. Juni 2016., knapp 900 Kilometer weiter s\u00fcdlich.<\/p><p>\u00a0<\/p><\/div><div id=\"cc-m-12576797326\" class=\"j-module n j-text \"><p style=\"text-align: right;\">\u00a0<a class=\"j-calltoaction-link j-calltoaction-link-style-2\" style=\"font-size: 16px; background-color: #ffcc00; border-width: 2px; border-color: #ffcc00; color: #ffffff; user-select: text; padding: 10px 20px; line-height: 1.5; border-radius: 0px; -webkit-appearance: none; margin: 1em 0px;\" title=\"Tag No. 158 und 159 - Santa Fe - Die hei\u00dfen Quellen Andalusiens\" href=\"\/2020\/02\/09\/tag-no-158\/\" data-action=\"button\" data-title=\"Sunny Side Up\">Sunny Side Up\u00a0 \u00a0\u00a0<\/a><\/p><p style=\"text-align: right;\"><a class=\"j-calltoaction-link j-calltoaction-link-style-2\" style=\"background-color: #ffcc00; border-width: 2px; border-color: #ffcc00; color: #ffffff; user-select: text; padding: 10px 20px; font-size: 16px; line-height: 1.5; border-radius: 0px; -webkit-appearance: none; margin: 1em 0px;\" title=\"Tag No. 156 - Antequera\" href=\"\/2020\/02\/07\/tag-no-156-antequera\/\" data-action=\"button\" data-title=\"Sunny Side Down\"> Sunny Side Down\u00a0 \u00a0\u00a0<\/a><\/p><\/div><\/div><\/div><div class=\"j-module n j-text j-blog-post--tags-wrapper\"><span class=\"j-blog-post--tags--template\" style=\"display: none;\"><a class=\"j-blog-post--tag\" href=\"https:\/\/www.gluecksmuskel.de\/hectors-reisen\/?tag=tagPlaceholder\">tagPlaceholder<\/a><\/span><span class=\"j-blog-post--tags-label\" style=\"display: inline;\">Tags:<\/span> <span class=\"j-blog-post--tags-list\"><a class=\"j-blog-post--tag\" href=\"https:\/\/www.gluecksmuskel.de\/hectors-reisen\/?tag=Reisetagebuch\">Reisetagebuch<\/a>, <a class=\"j-blog-post--tag\" href=\"https:\/\/www.gluecksmuskel.de\/hectors-reisen\/?tag=Reise\">Reise<\/a>, <a class=\"j-blog-post--tag\" href=\"https:\/\/www.gluecksmuskel.de\/hectors-reisen\/?tag=spanien\">spanien<\/a>, <a class=\"j-blog-post--tag\" href=\"https:\/\/www.gluecksmuskel.de\/hectors-reisen\/?tag=andalusien\">andalusien<\/a>, <a class=\"j-blog-post--tag\" href=\"https:\/\/www.gluecksmuskel.de\/hectors-reisen\/?tag=Alhambra\">Alhambra<\/a>, <a class=\"j-blog-post--tag\" href=\"https:\/\/www.gluecksmuskel.de\/hectors-reisen\/?tag=Granada\">Granada<\/a>, <a class=\"j-blog-post--tag\" href=\"https:\/\/www.gluecksmuskel.de\/hectors-reisen\/?tag=Sightseeing\">Sightseeing<\/a>, <a class=\"j-blog-post--tag\" href=\"https:\/\/www.gluecksmuskel.de\/hectors-reisen\/?tag=Sehensw%C3%BCrdigkeit\">Sehensw\u00fcrdigkeit<\/a><\/span><\/div><div id=\"flexsocialbuttons\" class=\"n\"><div class=\"cc-sharebuttons-element cc-sharebuttons-size-16 cc-sharebuttons-style-colored cc-sharebuttons-design-square cc-sharebuttons-align-left\">\u00a0<\/div><\/div><div class=\"n j-comment\"><div id=\"commentsModule12576704826\"><p id=\"skiptoform12576704826\" class=\"skiptoform\"><a href=\"#\" data-id=\"12576704826\" data-action=\"goToForm\">Kommentar schreiben<\/a><\/p><div id=\"numComments12576704826\" class=\"j-blog-comment-counter\">Kommentare: <i class=\"cc-comments-count\">0<\/i><\/div><ul id=\"commentOutput12576704826\" class=\"com-list-noava\"><li id=\"commentFormContainer12576704826\" class=\"commentstd clearover cc-m-comment-loading\"><a name=\"commentForm12576704826\"><\/a><\/li><\/ul><div id=\"commentError12576704826\" class=\"message-error\" style=\"display: none;\">\u00a0<\/div><div id=\"commentSuccess12576704826\" class=\"message-ok\" style=\"display: none;\">\u00a0<\/div><\/div><p><script>\/\/ <![CDATA[ window.regModule(\"module_comment\", {\"data\":{\"id\":\"12576704826\",\"closed\":\"0\",\"captcha\":\"4ffe871f3bc167590be8ec8383a89289\",\"avatar\":false,\"lang\":{\"comment\":\"Kommentar\",\"comments\":\"Kommentare\"}}}); \/\/ ]]> <\/script><\/p><\/div><\/article><p>\u00a0<\/p>","_et_gb_content_width":"","footnotes":""},"categories":[9],"tags":[],"class_list":["post-801","post","type-post","status-publish","format-standard","has-post-thumbnail","hentry","category-spanien"],"_links":{"self":[{"href":"https:\/\/www.planbwagen.de\/es\/wp-json\/wp\/v2\/posts\/801","targetHints":{"allow":["GET"]}}],"collection":[{"href":"https:\/\/www.planbwagen.de\/es\/wp-json\/wp\/v2\/posts"}],"about":[{"href":"https:\/\/www.planbwagen.de\/es\/wp-json\/wp\/v2\/types\/post"}],"author":[{"embeddable":true,"href":"https:\/\/www.planbwagen.de\/es\/wp-json\/wp\/v2\/users\/1"}],"replies":[{"embeddable":true,"href":"https:\/\/www.planbwagen.de\/es\/wp-json\/wp\/v2\/comments?post=801"}],"version-history":[{"count":6,"href":"https:\/\/www.planbwagen.de\/es\/wp-json\/wp\/v2\/posts\/801\/revisions"}],"predecessor-version":[{"id":7908,"href":"https:\/\/www.planbwagen.de\/es\/wp-json\/wp\/v2\/posts\/801\/revisions\/7908"}],"wp:featuredmedia":[{"embeddable":true,"href":"https:\/\/www.planbwagen.de\/es\/wp-json\/wp\/v2\/media\/4098"}],"wp:attachment":[{"href":"https:\/\/www.planbwagen.de\/es\/wp-json\/wp\/v2\/media?parent=801"}],"wp:term":[{"taxonomy":"category","embeddable":true,"href":"https:\/\/www.planbwagen.de\/es\/wp-json\/wp\/v2\/categories?post=801"},{"taxonomy":"post_tag","embeddable":true,"href":"https:\/\/www.planbwagen.de\/es\/wp-json\/wp\/v2\/tags?post=801"}],"curies":[{"name":"wp","href":"https:\/\/api.w.org\/{rel}","templated":true}]}}