{"id":4186,"date":"2020-08-07T13:46:21","date_gmt":"2020-08-07T13:46:21","guid":{"rendered":"https:\/\/planbwagen.de\/?p=4186"},"modified":"2021-07-03T14:27:44","modified_gmt":"2021-07-03T12:27:44","slug":"foliencenter-nrw-fahrzeugfolierung-lackschutz","status":"publish","type":"post","link":"https:\/\/www.planbwagen.de\/es\/spacecamper-terranger-co\/film-center-nrw-rotulacion-de-vehiculos-proteccion-de-pintura\/","title":{"rendered":"Camuflaje de p\u00edxeles en lugar de gris puro | Parada en boxes en Foliencenter-NRW | Laminado del veh\u00edculo y protecci\u00f3n de la pintura"},"content":{"rendered":"<p>[et_pb_section fb_built=&#8220;1&#8243; admin_label=&#8220;section&#8220; _builder_version=&#8220;3.22&#8243;][et_pb_row column_structure=&#8220;1_2,1_2&#8243; _builder_version=&#8220;4.5.1&#8243; _module_preset=&#8220;default&#8220;][et_pb_column type=&#8220;1_2&#8243; _builder_version=&#8220;4.5.1&#8243; _module_preset=&#8220;default&#8220;][et_pb_image src=&#8220;https:\/\/www.planbwagen.de\/wp-content\/uploads\/2020\/08\/2-20.jpg&#8220; alt=&#8220;VW T6.1 Folierung MARPART Digital urban pixeltarn&#8220; title_text=&#8220;2&#8243; _builder_version=&#8220;4.5.1&#8243; _module_preset=&#8220;default&#8220;][\/et_pb_image][\/et_pb_column][et_pb_column type=&#8220;1_2&#8243; _builder_version=&#8220;4.5.1&#8243; _module_preset=&#8220;default&#8220;][et_pb_image src=&#8220;https:\/\/www.planbwagen.de\/wp-content\/uploads\/2020\/08\/1-22.jpg&#8220; alt=&#8220;SpaceCamper foliert in MARPART Digital urban pixeltarn&#8220; title_text=&#8220;1&#8243; _builder_version=&#8220;4.5.1&#8243; _module_preset=&#8220;default&#8220; custom_margin=&#8220;||63px|||&#8220;][\/et_pb_image][\/et_pb_column][\/et_pb_row][et_pb_row _builder_version=&#8220;4.5.1&#8243; _module_preset=&#8220;default&#8220;][et_pb_column type=&#8220;4_4&#8243; _builder_version=&#8220;4.5.1&#8243; _module_preset=&#8220;default&#8220;][et_pb_text _builder_version=&#8220;4.5.1&#8243; _module_preset=&#8220;default&#8220; content__hover_enabled=&#8220;on|desktop&#8220;]<\/p>\n<div id=\"ez-toc-container\" class=\"ez-toc-v2_0_76 counter-hierarchy ez-toc-counter ez-toc-grey ez-toc-container-direction\">\n<p class=\"ez-toc-title\" style=\"cursor:inherit\">Contenido<\/p>\n<label for=\"ez-toc-cssicon-toggle-item-69f2f9ed6efa6\" class=\"ez-toc-cssicon-toggle-label\"><span class=\"\"><span class=\"eztoc-hide\" style=\"display:none;\">Toggle<\/span><span class=\"ez-toc-icon-toggle-span\"><svg style=\"fill: #999;color:#999\" xmlns=\"http:\/\/www.w3.org\/2000\/svg\" class=\"list-377408\" width=\"20px\" height=\"20px\" viewbox=\"0 0 24 24\" fill=\"none\"><path d=\"M6 6H4v2h2V6zm14 0H8v2h12V6zM4 11h2v2H4v-2zm16 0H8v2h12v-2zM4 16h2v2H4v-2zm16 0H8v2h12v-2z\" fill=\"currentColor\"><\/path><\/svg><svg style=\"fill: #999;color:#999\" class=\"arrow-unsorted-368013\" xmlns=\"http:\/\/www.w3.org\/2000\/svg\" width=\"10px\" height=\"10px\" viewbox=\"0 0 24 24\" version=\"1.2\" baseprofile=\"tiny\"><path d=\"M18.2 9.3l-6.2-6.3-6.2 6.3c-.2.2-.3.4-.3.7s.1.5.3.7c.2.2.4.3.7.3h11c.3 0 .5-.1.7-.3.2-.2.3-.5.3-.7s-.1-.5-.3-.7zM5.8 14.7l6.2 6.3 6.2-6.3c.2-.2.3-.5.3-.7s-.1-.5-.3-.7c-.2-.2-.4-.3-.7-.3h-11c-.3 0-.5.1-.7.3-.2.2-.3.5-.3.7s.1.5.3.7z\"\/><\/svg><\/span><\/span><\/label><input type=\"checkbox\"  id=\"ez-toc-cssicon-toggle-item-69f2f9ed6efa6\"  aria-label=\"Alternar\" \/><nav><ul class='ez-toc-list ez-toc-list-level-1' ><li class='ez-toc-page-1 ez-toc-heading-level-2'><a class=\"ez-toc-link ez-toc-heading-1\" href=\"https:\/\/www.planbwagen.de\/es\/spacecamper-terranger-co\/film-center-nrw-rotulacion-de-vehiculos-proteccion-de-pintura\/#Pixeltarn_statt_Tarnumhang\" >Camuflaje de p\u00edxeles en lugar de capa de camuflaje:<\/a><\/li><li class='ez-toc-page-1 ez-toc-heading-level-2'><a class=\"ez-toc-link ez-toc-heading-2\" href=\"https:\/\/www.planbwagen.de\/es\/spacecamper-terranger-co\/film-center-nrw-rotulacion-de-vehiculos-proteccion-de-pintura\/#UCP_%E2%80%93_Universal_Camo_Pattern\" >UCP - Patr\u00f3n de camuflaje universal:<\/a><\/li><li class='ez-toc-page-1 ez-toc-heading-level-2'><a class=\"ez-toc-link ez-toc-heading-3\" href=\"https:\/\/www.planbwagen.de\/es\/spacecamper-terranger-co\/film-center-nrw-rotulacion-de-vehiculos-proteccion-de-pintura\/#Urban_Camo\" >Camuflaje urbano:<\/a><\/li><li class='ez-toc-page-1 ez-toc-heading-level-2'><a class=\"ez-toc-link ez-toc-heading-4\" href=\"https:\/\/www.planbwagen.de\/es\/spacecamper-terranger-co\/film-center-nrw-rotulacion-de-vehiculos-proteccion-de-pintura\/#Mausgrau_sprich_pure_grey\" >Gris rat\u00f3n, es decir, gris puro:<\/a><\/li><\/ul><\/nav><\/div>\n<h2><span class=\"ez-toc-section\" id=\"Pixeltarn_statt_Tarnumhang\"><\/span><span style=\"font-size: xx-large;\">Camuflaje de p\u00edxeles en lugar de capa de camuflaje:<\/span><span class=\"ez-toc-section-end\"><\/span><\/h2>\n<p><span>Una capa m\u00e1gica de invisibilidad aparece una y otra vez en los libros de Harry Potter. Basta con pon\u00e9rsela para volverse invisible.<\/span><\/p>\n<p><span>\u00bfQui\u00e9n no ha deseado alguna vez una capa de camuflaje como \u00e9sta? En Alemania, el llamado verde de cazador es un firme favorito en bosques y campos. Como todos sabemos, los estadounidenses siempre van un paso m\u00e1s all\u00e1. Aqu\u00ed, la ropa de camuflaje es parte integrante de la cultura de la caza. \u00bfTodav\u00eda tenemos que tener reservas sobre los patrones de camuflaje por razones tradicionales? Creo que incluso como pacifista a veces se puede desear ser invisible. Y eso es exactamente lo que queremos. Cuando estamos en la naturaleza, queremos irritar lo menos posible a la gente y a los animales. <\/span><\/p>\n<h2><span class=\"ez-toc-section\" id=\"UCP_%E2%80%93_Universal_Camo_Pattern\"><\/span><span style=\"font-size: xx-large;\">UCP - Patr\u00f3n de camuflaje universal:<\/span><span class=\"ez-toc-section-end\"><\/span><\/h2>\n<p><span>Por eso se nos ocurrieron algunas ideas. Nos encontramos con un camuflaje universal pixelado,\u00a0<\/span>llamado UCP - Universal Camo Pattern. - Tambi\u00e9n est\u00e1 disponible en tonos grises. Nos pareci\u00f3 menos militante que el camuflaje, el camuflaje o el camuflaje de bosque.\u00a0<\/p>\n<p>[\/et_pb_text][\/et_pb_column][\/et_pb_row][et_pb_row column_structure=&#8220;1_2,1_2&#8243; _builder_version=&#8220;4.5.1&#8243; _module_preset=&#8220;default&#8220;][et_pb_column type=&#8220;1_2&#8243; _builder_version=&#8220;4.5.1&#8243; _module_preset=&#8220;default&#8220;][et_pb_image src=&#8220;https:\/\/www.planbwagen.de\/wp-content\/uploads\/2021\/06\/SpaceCamper-1024&#215;576.png&#8220; _builder_version=&#8220;4.5.1&#8243; _module_preset=&#8220;default&#8220; alt=&#8220;SpaceCamper statt California &#8211; BUTCH &#8211; VW T6.1 Overlander &#8211; Das Beste aus Terranger &#038; Delta4x4.&#8220; title_text=&#8220;SpaceCamper&#8220; url=&#8220<div class=\"ikn-evt-container\">\r\n    <iframe\r\n            width=\"100%\"\r\n            class=\"ikn-evt-iframe\"\r\n            srcdoc=\"<style>\n    * {\n    padding:0;\n    margin:0;\n    overflow:hidden\n}\n\nhtml, body {\n    height:100%\n}\n\n.ikn-evt-container {\n    position: relative;\n    padding-bottom: 56.25%;\n    height: 0;\n}\n\n.ikn-evt-container iframe {\n    position: absolute;\n    top: 0;\n    left: 0;\n    width: 100%;\n    height: 100%;\n}\n\n.ikn-evt-frame {\n    display: block;\n    position: relative;\n    padding-bottom: 56.23%;\n    height: 0;\n    overflow: hidden;\n    max-width: 100%;\n    background: #000;\n}\n\n.ikn-evt-frame img.ikn-evt-thumbnail {\n    bottom: 0;\n    display: block;\n    left: 0;\n    margin: auto;\n    max-width: 100%;\n    width: 100%;\n    position: absolute;\n    right: 0;\n    top: 0;\n    border: none;\n    height: auto;\n    cursor: pointer;\n    -webkit-transition: .4s all;\n    -moz-transition: .4s all;\n    transition: .4s all;\n}\n\n.ikn-evt-frame[data-source=youtube] img.ikn-evt-thumbnail {\n    top: -63px;\n    bottom: -63px;\n}\n\n.ikn-evt-frame:hover img.ikn-evt-thumbnail {\n    -webkit-filter: brightness(75%);\n}\n\n.ikn-evt-frame .ikn-evt-play-button {\n    height: 20%;\n    width: 13%;\n    left: 44%;\n    top: 42%;\n    position: absolute;\n    cursor: pointer;\n    z-index: 1;\n    background-size: contain !important;\n}\n\n.ikn-evt-frame .ikn-evt-heading {\n    width: 100%;\n    position: absolute;\n    top: 0;\n    background: rgba(0, 0, 0, .5);\n    left: 0;\n    padding: 0.7em;\n    box-sizing: border-box;\n}\n\n.ikn-evt-frame .ikn-evt-heading .ikn-evt-heading-title {\n    font-weight: bold;\n    font-size: 1.5em;\n    color: #FFFFFF;\n    line-height: 30px;\n    margin: 0;\n    cursor: pointer;\n}.ikn-evt-frame[data-source=youtube] \r\n            .ikn-evt-play-button {background:url('https:\/\/www.planbwagen.de\/wp-content\/plugins\/embed-video-thumbnail\/assets\/images\/youtube-72-72.png') no-repeat;}.ikn-evt-frame[data-source=vimeo] \r\n            .ikn-evt-play-button {background:url('https:\/\/www.planbwagen.de\/wp-content\/plugins\/embed-video-thumbnail\/assets\/images\/play-default.png') no-repeat;}.ikn-evt-frame[data-source=dailymotion] \r\n            .ikn-evt-play-button {background:url('https:\/\/www.planbwagen.de\/wp-content\/plugins\/embed-video-thumbnail\/assets\/images\/play-default.png') no-repeat;}.ikn-evt-frame[data-source=facebook] \r\n            .ikn-evt-play-button {background:url('https:\/\/www.planbwagen.de\/wp-content\/plugins\/embed-video-thumbnail\/assets\/images\/play-default.png') no-repeat;}<\/style><div    class='ikn-evt-frame'    data-source='youtube'>    <a class='ikn-evt-link' href='\/\/www.youtube-nocookie.com\/embed\/BPweLKFhvR8?controls=1&autoplay=1&enablejsapi=1&rel=1'>        <span class='ikn-evt-play-button'><\/span>                    <img                class='ikn-evt-thumbnail'                src='\/wp-content\/uploads\/ikana-embed-video-thumbnail\/youtube\/BPweLKFhvR8-hqdefault.jpg'                alt='BPweLKFhvR8'            \/>                    <\/a><\/div><script>\n    document\n        .querySelector('.ikn-evt-link')\n        .addEventListener('click', function(e) {\n                e.preventDefault();\n                e.stopPropagation();\n                window.location.replace(this.href);\n                return false;\n            }\n        )\n    ;\n<\/script>\"\r\n            frameborder=\"0\"\r\n            allow=\"accelerometer; encrypted-media; gyroscope; picture-in-picture\"\r\n            allowfullscreen\r\n title=\"BPweLKFhvR8\"\r\n            loading=\"lazy\"\r\n            src=\"\/\/www.youtube-nocookie.com\/embed\/BPweLKFhvR8?controls=1&autoplay=1&enablejsapi=1&rel=1\"\r\n    ><\/iframe>\r\n<\/div>8243; url_new_window=&#8220;on&#8220; hover_enabled=&#8220;0&#8243;][\/et_pb_image][\/et_pb_column][et_pb_column type=&#8220;1_2&#8243; _builder_version=&#8220;4.5.1&#8243; _module_preset=&#8220;default&#8220;][et_pb_text _builder_version=&#8220;4.5.1&#8243; _module_preset=&#8220;default&#8220;]<\/p>\n<p>La casualidad quiso que nos cruz\u00e1ramos con alguien que conduce una SpaceCamper con este tipo de camuflaje. - Nos conocimos y quedamos inmediatamente impresionados. - Gracias, Kai.\u00a0<\/p>\n<h2><span class=\"ez-toc-section\" id=\"Urban_Camo\"><\/span><span style=\"font-size: xx-large;\">Camuflaje urbano:<\/span><span class=\"ez-toc-section-end\"><\/span><\/h2>\n<p>Supuestamente, este camuflaje tambi\u00e9n funciona en zonas urbanas, cosa que dudo. Pero ese no era tanto el punto.<\/p>\n<p>Que el autob\u00fas tenga mejor aspecto es, como muchas otras cosas, cuesti\u00f3n de gustos. Un proyecto as\u00ed puede polarizar las opiniones. Incluso mi amigo Micha lo desaconsej\u00f3 vehementemente. Pero puedo ser testarudo y estar de acuerdo con Ulrich Erckenbrecht en este aspecto:<\/p>\n<p>[\/et_pb_text][\/et_pb_column][\/et_pb_row][et_pb_row _builder_version=&#8220;4.5.1&#8243; _module_preset=&#8220;default&#8220;][et_pb_column type=&#8220;4_4&#8243; _builder_version=&#8220;4.5.1&#8243; _module_preset=&#8220;default&#8220;][et_pb_text _builder_version=&#8220;4.5.1&#8243; _module_preset=&#8220;default&#8220;]<\/p>\n<p><span><em><strong>&#8222;\u00dcber Geschmack soll man nur mit jenen streiten, die welchen haben.&#8220;<\/strong><\/em><\/span><\/p>\n<p>&nbsp;<\/p>\n<p>[\/et_pb_text][\/et_pb_column][\/et_pb_row][et_pb_row column_structure=&#8220;1_3,1_3,1_3&#8243; _builder_version=&#8220;4.5.1&#8243; _module_preset=&#8220;default&#8220;][et_pb_column type=&#8220;1_3&#8243; _builder_version=&#8220;4.5.1&#8243; _module_preset=&#8220;default&#8220;][et_pb_image src=&#8220;https:\/\/www.planbwagen.de\/wp-content\/uploads\/2020\/08\/3-19.jpg&#8220; alt=&#8220;T6.1 SpaceCamper in pure gray auf Feld&#8220; _builder_version=&#8220;4.5.1&#8243; _module_preset=&#8220;default&#8220;][\/et_pb_image][\/et_pb_column][et_pb_column type=&#8220;1_3&#8243; _builder_version=&#8220;4.5.1&#8243; _module_preset=&#8220;default&#8220;][et_pb_image src=&#8220;https:\/\/www.planbwagen.de\/wp-content\/uploads\/2020\/08\/4-18.jpg&#8220; alt=&#8220;T6.1 SpaceCamper in pure gray auf Feld&#8220; _builder_version=&#8220;4.5.1&#8243; _module_preset=&#8220;default&#8220;][\/et_pb_image][\/et_pb_column][et_pb_column type=&#8220;1_3&#8243; _builder_version=&#8220;4.5.1&#8243; _module_preset=&#8220;default&#8220;][et_pb_image src=&#8220;https:\/\/www.planbwagen.de\/wp-content\/uploads\/2020\/08\/5-16.jpg&#8220; alt=&#8220;T6.1 SpaceCamper in pure gray auf Feld&#8220; _builder_version=&#8220;4.5.1&#8243; _module_preset=&#8220;default&#8220;][\/et_pb_image][\/et_pb_column][\/et_pb_row][et_pb_row _builder_version=&#8220;4.5.1&#8243; _module_preset=&#8220;default&#8220;][et_pb_column type=&#8220;4_4&#8243; _builder_version=&#8220;4.5.1&#8243; _module_preset=&#8220;default&#8220;][et_pb_text _builder_version=&#8220;4.5.1&#8243; _module_preset=&#8220;default&#8220;]<\/p>\n<h2><span class=\"ez-toc-section\" id=\"Mausgrau_sprich_pure_grey\"><\/span>Gris rat\u00f3n, es decir, gris puro:<span class=\"ez-toc-section-end\"><\/span><\/h2>\n<p>Por lo tanto, para Micha una vez m\u00e1s en gris rat\u00f3n, para VW gris puro - pero ya estamos m\u00e1s adelante. Nuestro camuflaje de p\u00edxeles fue personalizado seg\u00fan nuestros deseos. La implementaci\u00f3n como impresi\u00f3n digital, envoltura del coche, se llev\u00f3 a cabo por Foliencenter NRW en Haan. Anteriormente hab\u00eda estudiado otros dos envoltorios. Pero al final, como suele ocurrir, es cuesti\u00f3n de intuici\u00f3n. Adem\u00e1s de la amabilidad del jefe, las d\u00e9cadas de experiencia jugaron a mi favor. - Estamos definitivamente satisfechos. Queda por ver si el proyecto logra al final el efecto deseado. Pero ya podemos ver en las primeras fotos y filmaciones que funciona. Los colores no est\u00e1n claramente representados. A veces el coche parece verde en las fotos, a veces morado. \u00bfEl \u00faltimo intento? No, nos quedamos con el PlanB. Sigue siendo gris, ya no gris puro, sino m\u00e1s bien Cincuenta Sombras de Grey.<\/p>\n<p>La transformaci\u00f3n de nuestra autocaravana se encuentra en su fase final. Las cajas de almacenamiento ya est\u00e1n empaquetadas y guardadas. Informaremos de ello por separado. - S\u00f3lo nos falta terminar los dep\u00f3sitos de agua y el portaequipajes trasero. Pero llegaremos a eso la semana que viene.  - Por \u00faltimo, algunas impresiones de las distintas fases del embalaje.<\/p>\n<p>&nbsp;<\/p>\n<p>PD: Aqu\u00ed puedes encontrar a nuestros SpaceCampers <a href=\"https:\/\/www.planbwagen.de\/es\/spacecamper-terranger-co\/nuestra-spacecamper-classicopen\/\">Detalles del equipo<\/a>nuestra SpaceCamper <a href=\"https:\/\/www.planbwagen.de\/es\/spacecamper-terranger-co\/spacecamper-classicabrir-la-conversion-de-autocaravanas\/\">Expansi\u00f3n<\/a>el SpaceCamper <a href=\"https:\/\/www.planbwagen.de\/es\/spacecamper-terranger-co\/detalles-de-la-ultima-llamada-del-spacecamper\/\">Detailausstattung &#8222;Last Call&#8220;<\/a>y SpaceCamper<a href=\"https:\/\/www.planbwagen.de\/es\/spacecamper-terranger-co\/t5-califoria-se-encuentra-con-t6-spacecamper\/\"> Consejos de expertos<\/a>.<\/p>\n<p>Aqu\u00ed nuestro <a href=\"https:\/\/www.planbwagen.de\/es\/spacecamper-terranger-co\/tecnologia-todoterreno\/\">TERRANGER Modificaciones Offroad<\/a>Informaci\u00f3n sobre los temas<a href=\"https:\/\/www.planbwagen.de\/es\/alemania\/terranger-gelaendefahrtraining\/\">\u00a0Formaci\u00f3n en conducci\u00f3n todoterreno Terranger<\/a>, <a href=\"https:\/\/www.planbwagen.de\/es\/consejos-trucos\/gestion-de-la-energia-de-la-caravana-modulo-solar-bolsa-solar-memoria-autocomprobacion\/\">Gesti\u00f3n de la energ\u00eda<\/a>BRICOLAJE <a href=\"https:\/\/www.planbwagen.de\/es\/spacecamper-terranger-co\/ducha-de-carretera-diy-ducha-de-camping\/\">Dep\u00f3sitos de agua<\/a>BRICOLAJE <a href=\"https:\/\/www.planbwagen.de\/es\/spacecamper-terranger-co\/sistema-de-transporte-trasero-diy-u-original-terranger\/\">Sistema de soporte trasero<\/a>parada en boxes en\u00a0<a href=\"https:\/\/www.planbwagen.de\/es\/alemania\/parada-en-boxes-en-delta4x4-el-especialista-en-tuning-de-vehiculos-todoterreno\/\">delta4x4<\/a>, <a href=\"https:\/\/www.planbwagen.de\/es\/spacecamper-terranger-co\/butch-va-terranger-delta-4x4-hojas-de-arena-co\/\">Placas de arena<\/a>\u00a0y <a href=\"https:\/\/www.planbwagen.de\/es\/spacecamper-terranger-co\/sellado-ceramico-glanzwerk-bornheim\/\">Sellado cer\u00e1mico<\/a>.<\/p>\n<p>Para redondear el tema <a href=\"https:\/\/www.planbwagen.de\/es\/spacecamper-terranger-co\/pirateria-de-productos-falsificacion-pirateria-de-marcas-con-tuners-offroad\/\">Pirater\u00eda de productos<\/a> con sintonizadores todoterreno.<\/p>\n<p>Los temas <a href=\"https:\/\/www.planbwagen.de\/es\/lista-de-embalaje\/\">Lista de embalaje<\/a>, <a href=\"https:\/\/www.planbwagen.de\/es\/consejos-trucos\/\">Trucos y consejos<\/a>, <a href=\"https:\/\/www.planbwagen.de\/es\/amigos-marimachos\/\">BUTCH &amp; Amigos<\/a>, <a href=\"https:\/\/www.planbwagen.de\/es\/puerto-base\/\">Puerto de origen<\/a>El <a href=\"https:\/\/www.planbwagen.de\/es\/blogs-de-viajes\/\">Blogs de viajes,<\/a>\u00a0el tema <a href=\"https:\/\/www.planbwagen.de\/es\/musculo-de-la-suerte\/\">M\u00daSCULO FELIZ<\/a>\u00a0y <a href=\"https:\/\/www.planbwagen.de\/es\/acerca-de-nosotros\/\">Qui\u00e9nes somos<\/a> tienen sus propias secciones dedicadas a ellos. Puede ponerse en contacto con nosotros <a href=\"https:\/\/www.planbwagen.de\/es\/2266-2\/\">aqu\u00ed<\/a>.<\/p>\n<p>Und last but not least hier unsere Link\u00fcbersicht &#8222;<a href=\"https:\/\/www.planbwagen.de\/es\/hola\/\">Seguir al Sol<\/a>&#8222;. Damit ihr wisst wo man uns noch folgen kann.\u00a0<\/p>\n<p>Ya encontrar\u00e1s el camino. ? Si te gustan los posts, cu\u00e9ntalo y comparte, \u00a1gracias!<\/p>\n<p>[\/et_pb_text][\/et_pb_column][\/et_pb_row][et_pb_row column_structure=&#8220;1_4,1_4,1_4,1_4&#8243; _builder_version=&#8220;4.5.1&#8243; _module_preset=&#8220;default&#8220;][et_pb_column type=&#8220;1_4&#8243; _builder_version=&#8220;4.5.1&#8243; _module_preset=&#8220;default&#8220;][et_pb_image src=&#8220;https:\/\/www.planbwagen.de\/wp-content\/uploads\/2020\/08\/6-14.jpg&#8220; alt=&#8220;planbwagen beim Foliencenter-NRW Pixeltarn camouflage&#8220; title_text=&#8220;6&#8243; _builder_version=&#8220;4.5.1&#8243; _module_preset=&#8220;default&#8220;][\/et_pb_image][\/et_pb_column][et_pb_column type=&#8220;1_4&#8243; _builder_version=&#8220;4.5.1&#8243; _module_preset=&#8220;default&#8220;][et_pb_image src=&#8220;https:\/\/www.planbwagen.de\/wp-content\/uploads\/2020\/08\/7-12.jpg&#8220; alt=&#8220;planbwagen beim Foliencenter-NRW Pixeltarn camouflage&#8220; _builder_version=&#8220;4.5.1&#8243; _module_preset=&#8220;default&#8220;][\/et_pb_image][\/et_pb_column][et_pb_column type=&#8220;1_4&#8243; _builder_version=&#8220;4.5.1&#8243; _module_preset=&#8220;default&#8220;][et_pb_image src=&#8220;https:\/\/www.planbwagen.de\/wp-content\/uploads\/2020\/08\/8-11.jpg&#8220; alt=&#8220;planbwagen beim Foliencenter-NRW Pixeltarn camouflage&#8220; _builder_version=&#8220;4.5.1&#8243; _module_preset=&#8220;default&#8220;][\/et_pb_image][\/et_pb_column][et_pb_column type=&#8220;1_4&#8243; _builder_version=&#8220;4.5.1&#8243; _module_preset=&#8220;default&#8220;][et_pb_image src=&#8220;https:\/\/www.planbwagen.de\/wp-content\/uploads\/2020\/08\/9-9.jpg&#8220; alt=&#8220;planbwagen beim Foliencenter-NRW Pixeltarn camouflage&#8220; _builder_version=&#8220;4.5.1&#8243; _module_preset=&#8220;default&#8220;][\/et_pb_image][\/et_pb_column][\/et_pb_row][\/et_pb_section]<\/p>","protected":false},"excerpt":{"rendered":"<p>[et_pb_section fb_built=&#8220;1&#8243; admin_label=&#8220;section&#8220; _builder_version=&#8220;3.22&#8243;][et_pb_row column_structure=&#8220;1_2,1_2&#8243; _builder_version=&#8220;4.5.1&#8243; _module_preset=&#8220;default&#8220;][et_pb_column type=&#8220;1_2&#8243; _builder_version=&#8220;4.5.1&#8243; _module_preset=&#8220;default&#8220;][et_pb_image src=&#8220;https:\/\/www.planbwagen.de\/wp-content\/uploads\/2020\/08\/2-20.jpg&#8220; alt=&#8220;VW T6.1 Folierung MARPART Digital urban pixeltarn&#8220; title_text=&#8220;2&#8243; _builder_version=&#8220;4.5.1&#8243; _module_preset=&#8220;default&#8220;][\/et_pb_image][\/et_pb_column][et_pb_column type=&#8220;1_2&#8243; _builder_version=&#8220;4.5.1&#8243; _module_preset=&#8220;default&#8220;][et_pb_image src=&#8220;https:\/\/www.planbwagen.de\/wp-content\/uploads\/2020\/08\/1-22.jpg&#8220; alt=&#8220;SpaceCamper foliert in MARPART Digital urban pixeltarn&#8220; title_text=&#8220;1&#8243; _builder_version=&#8220;4.5.1&#8243; _module_preset=&#8220;default&#8220; custom_margin=&#8220;||63px|||&#8220;][\/et_pb_image][\/et_pb_column][\/et_pb_row][et_pb_row _builder_version=&#8220;4.5.1&#8243; _module_preset=&#8220;default&#8220;][et_pb_column type=&#8220;4_4&#8243; _builder_version=&#8220;4.5.1&#8243; _module_preset=&#8220;default&#8220;][et_pb_text _builder_version=&#8220;4.5.1&#8243; _module_preset=&#8220;default&#8220; content__hover_enabled=&#8220;on|desktop&#8220;] Pixeltarn statt Tarnumhang: In den B\u00fcchern von Harry Potter taucht immer [&hellip;]<\/p>","protected":false},"author":1,"featured_media":4187,"comment_status":"open","ping_status":"open","sticky":false,"template":"","format":"standard","meta":{"_et_pb_use_builder":"on","_et_pb_old_content":"<img class=\"alignnone size-medium wp-image-4188\" src=\"https:\/\/planbwagen.de\/wp-content\/uploads\/2020\/08\/1-2-300x169.jpg\" alt=\"\" width=\"300\" height=\"169\" \/><img class=\"alignnone size-medium wp-image-4189\" src=\"https:\/\/planbwagen.de\/wp-content\/uploads\/2020\/08\/2-1-300x219.jpg\" alt=\"\" width=\"300\" height=\"219\" \/><img class=\"alignnone size-medium wp-image-4190\" src=\"https:\/\/planbwagen.de\/wp-content\/uploads\/2020\/08\/3-300x169.jpg\" alt=\"\" width=\"300\" height=\"169\" \/>\r\n\r\nIn den B\u00fcchern von Harry Potter taucht immer wieder ein magischer Tarnumhang auf. Einfach \u00fcberziehen und schon ist man unsichtbar.\r\n\r\nWer hat sich nicht schon mal einen solchen Tarnumhang gew\u00fcnscht? In Wald und Flur hat in Deutschland das sogenannte J\u00e4gergr\u00fcn seinen festen Bestandteil. Die Amis gehen ja bekanntlich immer einen Schritt weiter. Hier ist Tarnbekleidung ein fester Bestandteil der Jagdkultur. M\u00fcssen wir immer noch aus traditionellen Gr\u00fcnden, Vorbehalte gegen\u00fcber Tarnmustern haben? Ich glaube, man darf sich auch mal als Pazifist w\u00fcnschen unsichtbar zu sein. Und genau das wollen wir. Wenn wir in der freien Wildbahn stehen, wollen wir Mensch und Tier m\u00f6glichst wenig irritieren. Und deshalb haben wir uns ein paar Anregungen geholt. Hierbei stie\u00dfen wir auf eine pixelige Universaltarnung, genannt UCP - Universal Camo Pattern. - Diese gibt es auch in Graut\u00f6nen. Wir fanden dies weniger militant, als Flecktarn, Camouflage oder Woodland bezeichneten Tarnungen.\r\n\r\n[su_youtube url=\"https:\/\/youtu.be\/BPweLKFhvR8\" title=\"BUTCH - VW T6.1 Camper - SpaceCamper statt California, sowie das Beste aus Terranger & Delta4x4\"]\r\n\r\n\u00a0\r\n<div class=\"cc-m-hgrid-column last\">\r\n<div id=\"cc-matrix-3638943026\">\r\n<div id=\"cc-m-12681752926\" class=\"j-module n j-text \">\r\n\r\nDer Zufall wollte es, dass wir auf jemanden stie\u00dfen, der einen SpaceCamper in einer solchen Tarnung f\u00e4hrt. - Wir trafen uns und waren sofort begeistert. - Danke Kai.\r\n\r\nAngeblich soll diese Tarnung auch im st\u00e4dtischen Bereich wirken, was ich bezweifeln mag. Doch\u00a0darum ging es uns\u00a0ja auch weniger.\r\n\r\nOb der Bus dadurch besser aussieht, ist sicherlich, wie vieles Geschmacksache. So ein Projekt d\u00fcrfte polarisieren. Selbst mein Freund Micha, hat vehement abgeraten. Doch ich kann ja stur sein und halte es diesbez\u00fcglich mit Ulrich Erckenbrecht:\r\n\r\n<em><strong>\"\u00dcber Geschmack soll man nur mit jenen streiten, die welchen haben.\"<\/strong><\/em>\r\n\r\n<img class=\"alignnone size-medium wp-image-4191\" src=\"https:\/\/planbwagen.de\/wp-content\/uploads\/2020\/08\/4-1-300x225.jpg\" alt=\"\" width=\"300\" height=\"225\" \/><img class=\"alignnone size-medium wp-image-4192\" src=\"https:\/\/planbwagen.de\/wp-content\/uploads\/2020\/08\/5-300x225.jpg\" alt=\"\" width=\"300\" height=\"225\" \/><img class=\"alignnone size-medium wp-image-4193\" src=\"https:\/\/planbwagen.de\/wp-content\/uploads\/2020\/08\/6-300x225.jpg\" alt=\"\" width=\"300\" height=\"225\" \/>\r\n\r\nDeshalb f\u00fcr Micha noch einmal in mausgrau, bei VW sprich pure grey.\u00a0- Doch wir sind schon weiter. Unser Pixeltarn wurde individuell nach unseren W\u00fcnschen angefertigt. Die Umsetzung als Digitaldruck, Car Wrapping, erfolgte durch das Foliencenter NRW in Haan. Ich hatte mir vorher noch zwei andere Folierer angesehen. Doch am Ende ist es wie meistens eine Bauchsache. F\u00fcr mich sprach neben der netten Art des Chefs, die jahrzehntelange Erfahrung. - Wir sind auf jeden Fall zufrieden. Ob das Projekt am Ende die gew\u00fcnschte Wirkung erzielt, wird sich zeigen. Doch dass es wirkt, sehen wir bereits bei den ersten Fotos und Filmaufnahmen. Die Farben\u00a0werden nicht klar dargestellt. Manchmal wirkt das Auto auf Bildern gr\u00fcn, manchmal violett. Der letzte Versuch? Nein, wir bleiben bei PlanB. Es ist auch weiterhin grau, nicht mehr pure grey, sondern mehr\u00a0Fifty Shades of Grey.\r\n\r\nSomit gelangt unser Camperumbau in die letzte Phase. Die Staukisten sind bereits gepackt und verstaut. Dazu berichten wir noch mal separat. - Jetzt fehlt nur noch die Vollendung unserer Wassertanks, sowie der Hecktr\u00e4ger. Doch dazu kommen wir erst in der n\u00e4chsten Woche.\u00a0 - Zum Schluss noch ein paar Eindr\u00fccke\u00a0 von den einzelnen Phasen der Folierung.\r\n\r\n<img class=\"alignnone size-medium wp-image-4194\" src=\"https:\/\/planbwagen.de\/wp-content\/uploads\/2020\/08\/7-300x225.jpg\" alt=\"\" width=\"300\" height=\"225\" \/><img class=\"alignnone size-medium wp-image-4195\" src=\"https:\/\/planbwagen.de\/wp-content\/uploads\/2020\/08\/8-300x225.jpg\" alt=\"\" width=\"300\" height=\"225\" \/><img class=\"alignnone size-medium wp-image-4196\" src=\"https:\/\/planbwagen.de\/wp-content\/uploads\/2020\/08\/9-300x225.jpg\" alt=\"\" width=\"300\" height=\"225\" \/><img class=\"alignnone size-medium wp-image-4197\" src=\"https:\/\/planbwagen.de\/wp-content\/uploads\/2020\/08\/10-300x225.jpg\" alt=\"\" width=\"300\" height=\"225\" \/>\r\n\r\n<\/div>\r\n<\/div>\r\n<\/div>","_et_gb_content_width":"","footnotes":""},"categories":[17],"tags":[],"class_list":["post-4186","post","type-post","status-publish","format-standard","has-post-thumbnail","hentry","category-spacecamper-terranger-co"],"_links":{"self":[{"href":"https:\/\/www.planbwagen.de\/es\/wp-json\/wp\/v2\/posts\/4186","targetHints":{"allow":["GET"]}}],"collection":[{"href":"https:\/\/www.planbwagen.de\/es\/wp-json\/wp\/v2\/posts"}],"about":[{"href":"https:\/\/www.planbwagen.de\/es\/wp-json\/wp\/v2\/types\/post"}],"author":[{"embeddable":true,"href":"https:\/\/www.planbwagen.de\/es\/wp-json\/wp\/v2\/users\/1"}],"replies":[{"embeddable":true,"href":"https:\/\/www.planbwagen.de\/es\/wp-json\/wp\/v2\/comments?post=4186"}],"version-history":[{"count":14,"href":"https:\/\/www.planbwagen.de\/es\/wp-json\/wp\/v2\/posts\/4186\/revisions"}],"predecessor-version":[{"id":13337,"href":"https:\/\/www.planbwagen.de\/es\/wp-json\/wp\/v2\/posts\/4186\/revisions\/13337"}],"wp:featuredmedia":[{"embeddable":true,"href":"https:\/\/www.planbwagen.de\/es\/wp-json\/wp\/v2\/media\/4187"}],"wp:attachment":[{"href":"https:\/\/www.planbwagen.de\/es\/wp-json\/wp\/v2\/media?parent=4186"}],"wp:term":[{"taxonomy":"category","embeddable":true,"href":"https:\/\/www.planbwagen.de\/es\/wp-json\/wp\/v2\/categories?post=4186"},{"taxonomy":"post_tag","embeddable":true,"href":"https:\/\/www.planbwagen.de\/es\/wp-json\/wp\/v2\/tags?post=4186"}],"curies":[{"name":"wp","href":"https:\/\/api.w.org\/{rel}","templated":true}]}}