{"id":417,"date":"2020-03-09T19:21:01","date_gmt":"2020-03-09T19:21:01","guid":{"rendered":""},"modified":"2021-07-03T19:13:32","modified_gmt":"2021-07-03T17:13:32","slug":"tag-no-187-benirras-good-vibes-only","status":"publish","type":"post","link":"https:\/\/www.planbwagen.de\/es\/espana\/tag-no-187-benirras-good-vibes-only\/","title":{"rendered":"D\u00eda n\u00ba 187 - Benirras - S\u00f3lo buenas vibraciones"},"content":{"rendered":"<p>[et_pb_section fb_built=&#8220;1&#8243; _builder_version=&#8220;3.22&#8243;][et_pb_row column_structure=&#8220;1_3,1_3,1_3&#8243; _builder_version=&#8220;4.5.1&#8243; _module_preset=&#8220;default&#8220;][et_pb_column type=&#8220;1_3&#8243; _builder_version=&#8220;4.5.1&#8243; _module_preset=&#8220;default&#8220;][et_pb_image src=&#8220;https:\/\/www.planbwagen.de\/wp-content\/uploads\/2020\/09\/1-67.jpg&#8220; alt=&#8220;Fischerh\u00fctte und Meer, Strand Benirr\u00e1s Puerto de San Miguel, Ibiza.&#8220; title_text=&#8220;1&#8243; _builder_version=&#8220;4.5.1&#8243; _module_preset=&#8220;default&#8220;][\/et_pb_image][\/et_pb_column][et_pb_column type=&#8220;1_3&#8243; _builder_version=&#8220;4.5.1&#8243; _module_preset=&#8220;default&#8220;][et_pb_image src=&#8220;https:\/\/www.planbwagen.de\/wp-content\/uploads\/2020\/09\/2-62.jpg&#8220; alt=&#8220;Fischerh\u00fctten und Meer, Strand Benirr\u00e1s Puerto de San Miguel, Ibiza.&#8220; title_text=&#8220;2&#8243; _builder_version=&#8220;4.5.1&#8243; _module_preset=&#8220;default&#8220;][\/et_pb_image][\/et_pb_column][et_pb_column type=&#8220;1_3&#8243; _builder_version=&#8220;4.5.1&#8243; _module_preset=&#8220;default&#8220;][et_pb_image src=&#8220;https:\/\/www.planbwagen.de\/wp-content\/uploads\/2020\/09\/3-57.jpg&#8220; alt=&#8220;Meer, Strand Benirr\u00e1s Puerto de San Miguel, Ibiza.&#8220; title_text=&#8220;3&#8243; _builder_version=&#8220;4.5.1&#8243; _module_preset=&#8220;default&#8220;][\/et_pb_image][\/et_pb_column][\/et_pb_row][et_pb_row _builder_version=&#8220;4.5.1&#8243; _module_preset=&#8220;default&#8220;][et_pb_column type=&#8220;4_4&#8243; _builder_version=&#8220;4.5.1&#8243; _module_preset=&#8220;default&#8220;][et_pb_text _builder_version=&#8220;4.5.1&#8243; _module_preset=&#8220;default&#8220;]<\/p>\n<p>Esta ma\u00f1ana hace fr\u00edo, poco m\u00e1s de 10 grados. Marc ya nos ha dicho que hemos cogido el h\u00e1bito de meditar por la ma\u00f1ana. Es una forma muy consciente y agradable de empezar el d\u00eda. Te das cuenta de las cosas con m\u00e1s claridad. Y no s\u00f3lo en la cabeza, sino que las interiorizas y las llevas al coraz\u00f3n. El subconsciente las absorbe. No s\u00f3lo que hoy es el d\u00eda m\u00e1s importante de nuestras vidas. Sino sobre todo que la atenci\u00f3n se centra en las cosas positivas. No somos insectos programados, tenemos la libre elecci\u00f3n de ser felices juntos y disfrutar de este d\u00eda.<\/p>\n<p>[\/et_pb_text][et_pb_button button_url=&#8220;https:\/\/www.planbwagen.de\/glueckstraining\/von-hummeln-und-mistkafern-glucksmuskel-de-reiseblog-315grad-auf-der-suche-nach-dem-gluck\/&#8220; url_new_window=&#8220;on&#8220; button_text=&#8220;Von Hummeln und Mistk\u00e4fern&#8220; _builder_version=&#8220;4.5.1&#8243; _module_preset=&#8220;default&#8220;][\/et_pb_button][et_pb_text _builder_version=&#8220;4.5.1&#8243; _module_preset=&#8220;default&#8220;]<\/p>\n<p style=\"text-align: justify;\">Tras una r\u00e1pida sesi\u00f3n de brainstorming sobre c\u00f3mo organizar el d\u00eda, empezamos con el caf\u00e9. Cu\u00e1nto seguimos disfrutando de nuestro caf\u00e9 cada ma\u00f1ana. Ayer, en el mercado de Sant Juan, tomamos un sabros\u00edsimo caf\u00e9 Meke en un puesto de caf\u00e9. Estaba preparado en una Rocket Mozzafiato Cronometro. Casi como en Colonia. - \u00a1Puro lujo! - Pero me sigo dando cuenta de que el lujo es relativo. - \u00bfPrefieres un caf\u00e9 excelente en la rueda del h\u00e1mster o uno bueno pero no excelente en la playa? - Pero no queremos ahorrar en granos, por desgracia no pudimos comprar los que tomamos. Eso significa que nuestro reto de comprar granos de caf\u00e9 volver\u00e1 a empezar pronto.<\/p>\n<p style=\"text-align: justify;\">Ach so, wundert Euch bitte nicht, wenn wir Ortsnamen mal etwas anders schreiben. Hier hat jeder Ort 2 Namen, den offiziellen spanischen und den katalanischen, das kennen wir ja schon aus der Bretagne. Ok, da war es nat\u00fcrlich nicht katalanisch \ud83d\ude09\u00a0<\/p>\n<p style=\"text-align: justify;\">Queremos volver pronto a la playa, as\u00ed que ensillamos el coche y nos ponemos en marcha. Cuando llegamos a la playa, me gustar\u00eda montar el panel solar para generar electricidad, pero por desgracia hace demasiado viento y de momento no veo el sol. Por desgracia, el yoga tambi\u00e9n se cancela porque la arena vuela horizontalmente. Nos gustar\u00eda hacer yoga como parte de nuestra rutina matutina, pero las condiciones meteorol\u00f3gicas a menudo lo hacen imposible, o cuando estamos de pie en el acantilado, el suelo simplemente no es adecuado para ello.  Llevar una vida sana durante las giras es todo un reto. Ahora nos va muy bien con la alimentaci\u00f3n sana, pero todav\u00eda nos cuesta un poco hacer ejercicio.<\/p>\n<p style=\"text-align: justify;\">Si el yoga no funciona, la fruta siempre lo hace. En cuanto tenemos el primer bocado en la boca, Sabine nos env\u00eda el correo digital desde Alemania. Menos mal que hoy no hay nada importante, as\u00ed que podemos seguir comiendo y relajarnos. Uy, eso me recuerda que ya es d\u00eda 8 y a\u00fan no hemos cerrado el mes. As\u00ed que enciendo r\u00e1pidamente el port\u00e1til y env\u00edo los datos por correo electr\u00f3nico al asesor fiscal. Suena r\u00e1pido, pero casi lo fue. Desde que viajamos, tenemos muchos menos gastos y, por tanto, muchos menos recibos.\u00a0<\/p>\n<p style=\"text-align: justify;\">Entonces empezar\u00e9 a pensar en el blog. Ah, s\u00ed, hoy es el D\u00eda Internacional de la Mujer. \u00bfDebo escribir sobre ello? No. Opt\u00e9 por un trabajo de hombre hace m\u00e1s de 30 a\u00f1os. Para los que no lo sepan: Soy ingeniero top\u00f3grafo. El tema ya no me interesa. No juzgo a la gente por su sexo y no creo haber tenido nunca problemas de diferencias salariales entre hombres y mujeres, ni en el sector p\u00fablico ni en mis trabajos de limpiadora, tumbona o camarera.\u00a0<\/p>\n<p style=\"text-align: justify;\">\n<p>[\/et_pb_text][\/et_pb_column][\/et_pb_row][et_pb_row _builder_version=&#8220;4.5.1&#8243; _module_preset=&#8220;default&#8220;][et_pb_column _builder_version=&#8220;4.5.1&#8243; _module_preset=&#8220;default&#8220; type=&#8220;4_4&#8243;][et_pb_image src=&#8220;https:\/\/www.planbwagen.de\/wp-content\/uploads\/2020\/03\/IBIZA-Hippie-Beach-Benirra\u0300s-1024&#215;574.png&#8220; _builder_version=&#8220;4.5.1&#8243; _module_preset=&#8220;default&#8220; alt=&#8220;IBIZA &#8211; Hippie Beach Benirr\u00e0s&#8220; title_text=&#8220;IBIZA &#8211; Hippie Beach Benirra\u0300s&#8220; url=&#8220<div class=\"ikn-evt-container\">\r\n    <iframe\r\n            width=\"100%\"\r\n            class=\"ikn-evt-iframe\"\r\n            srcdoc=\"<style>\n    * {\n    padding:0;\n    margin:0;\n    overflow:hidden\n}\n\nhtml, body {\n    height:100%\n}\n\n.ikn-evt-container {\n    position: relative;\n    padding-bottom: 56.25%;\n    height: 0;\n}\n\n.ikn-evt-container iframe {\n    position: absolute;\n    top: 0;\n    left: 0;\n    width: 100%;\n    height: 100%;\n}\n\n.ikn-evt-frame {\n    display: block;\n    position: relative;\n    padding-bottom: 56.23%;\n    height: 0;\n    overflow: hidden;\n    max-width: 100%;\n    background: #000;\n}\n\n.ikn-evt-frame img.ikn-evt-thumbnail {\n    bottom: 0;\n    display: block;\n    left: 0;\n    margin: auto;\n    max-width: 100%;\n    width: 100%;\n    position: absolute;\n    right: 0;\n    top: 0;\n    border: none;\n    height: auto;\n    cursor: pointer;\n    -webkit-transition: .4s all;\n    -moz-transition: .4s all;\n    transition: .4s all;\n}\n\n.ikn-evt-frame[data-source=youtube] img.ikn-evt-thumbnail {\n    top: -63px;\n    bottom: -63px;\n}\n\n.ikn-evt-frame:hover img.ikn-evt-thumbnail {\n    -webkit-filter: brightness(75%);\n}\n\n.ikn-evt-frame .ikn-evt-play-button {\n    height: 20%;\n    width: 13%;\n    left: 44%;\n    top: 42%;\n    position: absolute;\n    cursor: pointer;\n    z-index: 1;\n    background-size: contain !important;\n}\n\n.ikn-evt-frame .ikn-evt-heading {\n    width: 100%;\n    position: absolute;\n    top: 0;\n    background: rgba(0, 0, 0, .5);\n    left: 0;\n    padding: 0.7em;\n    box-sizing: border-box;\n}\n\n.ikn-evt-frame .ikn-evt-heading .ikn-evt-heading-title {\n    font-weight: bold;\n    font-size: 1.5em;\n    color: #FFFFFF;\n    line-height: 30px;\n    margin: 0;\n    cursor: pointer;\n}.ikn-evt-frame[data-source=youtube] \r\n            .ikn-evt-play-button {background:url('https:\/\/www.planbwagen.de\/wp-content\/plugins\/embed-video-thumbnail\/assets\/images\/youtube-72-72.png') no-repeat;}.ikn-evt-frame[data-source=vimeo] \r\n            .ikn-evt-play-button {background:url('https:\/\/www.planbwagen.de\/wp-content\/plugins\/embed-video-thumbnail\/assets\/images\/play-default.png') no-repeat;}.ikn-evt-frame[data-source=dailymotion] \r\n            .ikn-evt-play-button {background:url('https:\/\/www.planbwagen.de\/wp-content\/plugins\/embed-video-thumbnail\/assets\/images\/play-default.png') no-repeat;}.ikn-evt-frame[data-source=facebook] \r\n            .ikn-evt-play-button {background:url('https:\/\/www.planbwagen.de\/wp-content\/plugins\/embed-video-thumbnail\/assets\/images\/play-default.png') no-repeat;}<\/style><div    class='ikn-evt-frame'    data-source='youtube'>    <a class='ikn-evt-link' href='\/\/www.youtube-nocookie.com\/embed\/2YtcINQbjf8?controls=1&autoplay=1&enablejsapi=1&rel=1'>        <span class='ikn-evt-play-button'><\/span>                    <img                class='ikn-evt-thumbnail'                src='\/wp-content\/uploads\/ikana-embed-video-thumbnail\/youtube\/2YtcINQbjf8-hqdefault.jpg'                alt='2YtcINQbjf8'            \/>                    <\/a><\/div><script>\n    document\n        .querySelector('.ikn-evt-link')\n        .addEventListener('click', function(e) {\n                e.preventDefault();\n                e.stopPropagation();\n                window.location.replace(this.href);\n                return false;\n            }\n        )\n    ;\n<\/script>\"\r\n            frameborder=\"0\"\r\n            allow=\"accelerometer; encrypted-media; gyroscope; picture-in-picture\"\r\n            allowfullscreen\r\n title=\"2YtcINQbjf8\"\r\n            loading=\"lazy\"\r\n            src=\"\/\/www.youtube-nocookie.com\/embed\/2YtcINQbjf8?controls=1&autoplay=1&enablejsapi=1&rel=1\"\r\n    ><\/iframe>\r\n<\/div>8243; url_new_window=&#8220;on&#8220; align=&#8220;center&#8220; hover_enabled=&#8220;0&#8243;][\/et_pb_image][\/et_pb_column][\/et_pb_row][et_pb_row _builder_version=&#8220;4.5.1&#8243; _module_preset=&#8220;default&#8220;][et_pb_column _builder_version=&#8220;4.5.1&#8243; _module_preset=&#8220;default&#8220; type=&#8220;4_4&#8243;][et_pb_text _builder_version=&#8220;4.5.1&#8243; _module_preset=&#8220;default&#8220; hover_enabled=&#8220;0&#8243;]<\/p>\n<p style=\"text-align: justify;\">Irgendwann kommt Ilona vorbei und wir quatschen \u00fcber Gott und die Welt. Und schon haben wir wieder Hunger. Heute gibt es Salat. Gestern auf dem Markt haben wir tollen gr\u00fcnen Salat bekommen, richtig frisch und ohne Plastikverpackung. So etwas ist hier selten. Habe ich Euch schon einmal erz\u00e4hlt, dass Marc das weltbeste Salatdressing macht? Bei uns macht jeder das, was er gut kann. Ich kann gut essen \ud83d\ude09\u00a0<\/p>\n<p style=\"text-align: justify;\">Wir verbringen den ganzen Tag am Strand, am Nachmittag l\u00e4sst auch der Wind nach. Ein paar Trommler treffen sich wieder am Strand. Good Vibes only. Der Tag ist mein Freund \ud83d\ude42<\/p>\n<p>[\/et_pb_text][\/et_pb_column][\/et_pb_row][\/et_pb_section]<\/p>","protected":false},"excerpt":{"rendered":"<p>[et_pb_section fb_built=&#8220;1&#8243; _builder_version=&#8220;3.22&#8243;][et_pb_row column_structure=&#8220;1_3,1_3,1_3&#8243; _builder_version=&#8220;4.5.1&#8243; _module_preset=&#8220;default&#8220;][et_pb_column type=&#8220;1_3&#8243; _builder_version=&#8220;4.5.1&#8243; _module_preset=&#8220;default&#8220;][et_pb_image src=&#8220;https:\/\/www.planbwagen.de\/wp-content\/uploads\/2020\/09\/1-67.jpg&#8220; alt=&#8220;Fischerh\u00fctte und Meer, Strand Benirr\u00e1s Puerto de San Miguel, Ibiza.&#8220; title_text=&#8220;1&#8243; _builder_version=&#8220;4.5.1&#8243; _module_preset=&#8220;default&#8220;][\/et_pb_image][\/et_pb_column][et_pb_column type=&#8220;1_3&#8243; _builder_version=&#8220;4.5.1&#8243; _module_preset=&#8220;default&#8220;][et_pb_image src=&#8220;https:\/\/www.planbwagen.de\/wp-content\/uploads\/2020\/09\/2-62.jpg&#8220; alt=&#8220;Fischerh\u00fctten und Meer, Strand Benirr\u00e1s Puerto de San Miguel, Ibiza.&#8220; title_text=&#8220;2&#8243; _builder_version=&#8220;4.5.1&#8243; _module_preset=&#8220;default&#8220;][\/et_pb_image][\/et_pb_column][et_pb_column type=&#8220;1_3&#8243; _builder_version=&#8220;4.5.1&#8243; _module_preset=&#8220;default&#8220;][et_pb_image src=&#8220;https:\/\/www.planbwagen.de\/wp-content\/uploads\/2020\/09\/3-57.jpg&#8220; alt=&#8220;Meer, Strand Benirr\u00e1s Puerto de San Miguel, Ibiza.&#8220; title_text=&#8220;3&#8243; _builder_version=&#8220;4.5.1&#8243; _module_preset=&#8220;default&#8220;][\/et_pb_image][\/et_pb_column][\/et_pb_row][et_pb_row [&hellip;]<\/p>","protected":false},"author":1,"featured_media":4149,"comment_status":"open","ping_status":"open","sticky":false,"template":"","format":"standard","meta":{"_et_pb_use_builder":"on","_et_pb_old_content":"<p>\u00a0<\/p><div id=\"content_start\">\u00a0<\/div><article class=\"j-blog\"><div class=\"n j-blog-meta j-blog-post--header\"><div class=\"j-text j-module n\"><a class=\"j-blog-post--category\" href=\"https:\/\/www.gluecksmuskel.de\/hectors-reisen\/spain-spanien\/\"> Spain - Spanien <\/a> \u00a0\u00b7\u00a0 <span class=\"j-text j-blog-post--date\"> 09. M\u00e4rz 2020 <\/span><\/div><h1 class=\"j-blog-header j-blog-headline j-blog-post--headline\">Tag No. 187 - Benirras - Good Vibes only<\/h1><\/div><div class=\"post j-blog-content\"><div id=\"cc-matrix-3608497826\"><div id=\"cc-m-12583748526\" class=\"j-module n j-spacing \"><div class=\"cc-m-spacer\" style=\"height: 20px;\">\u00a0<\/div><\/div><div id=\"cc-m-12583747826\" class=\"j-module n j-gallery \"><div id=\"cc-m-gallery-12583747826\" class=\"cc-m-gallery-container cc-m-gallery-cool clearover\"><div id=\"gallery_thumb_8136710526\" class=\"cc-m-gallery-cool-item\"><div><a rel=\"lightbox[12583747826]\" data-href=\"https:\/\/planbwagen.de\/wp-content\/uploads\/attachments\/image.jpg\" data-title=\"Ibiza Benirras Strand\" data-index=\"0\"> <img style=\"height: 176px; width: 132px; margin-bottom: 3px; margin-right: 3px;\" src=\"https:\/\/planbwagen.de\/wp-content\/uploads\/2020\/07\/image-1-4-2-5.jpg\" alt=\"Ibiza Benirras Strand\" data-orig-width=\"1536\" data-orig-height=\"2048\" \/> <\/a><\/div><\/div><div id=\"gallery_thumb_8136710726\" class=\"cc-m-gallery-cool-item\"><div><a rel=\"lightbox[12583747826]\" data-href=\"https:\/\/planbwagen.de\/wp-content\/uploads\/attachments\/image.jpg\" data-title=\"Ibiza Benirras Strand\" data-index=\"1\"> <img style=\"height: 176px; width: 235px; margin-bottom: 3px;\" src=\"https:\/\/planbwagen.de\/wp-content\/uploads\/2020\/07\/image-4-8-7.jpg\" alt=\"Ibiza Benirras Strand\" data-orig-width=\"2048\" data-orig-height=\"1536\" \/> <\/a><\/div><\/div><div id=\"gallery_thumb_8136710426\" class=\"cc-m-gallery-cool-item\"><div><a rel=\"lightbox[12583747826]\" data-href=\"https:\/\/planbwagen.de\/wp-content\/uploads\/attachments\/image.jpg\" data-title=\"Ibiza Benirras Strand\" data-index=\"2\"> <img style=\"height: 176px; width: 132px; margin-bottom: 3px;\" src=\"https:\/\/planbwagen.de\/wp-content\/uploads\/2020\/07\/image-1-1-5.jpg\" alt=\"Ibiza Benirras Strand\" data-orig-width=\"1536\" data-orig-height=\"2048\" \/> <\/a><\/div><\/div><\/div><\/div><div id=\"cc-m-12584594326\" class=\"j-module n j-text \"><p style=\"text-align: justify;\">Heute morgen ist es kalt, knapp \u00fcber 10 Grad. Marc hatte ja schon berichtet, dass wir uns\u00a0seit ein paar Tagen angew\u00f6hnt haben, morgens zu meditieren. Das ist ein sehr bewusster und sch\u00f6ner Start in den Tag. Man macht sich Dinge klarer. Und das nicht nur im Kopf, sondern man verinnerlicht sie und schlie\u00dft sie in sein Herz. Das Unterbewusstsein nimmt sie auf. Nicht nur, dass heute der wichtigste Tag unseres Lebens ist.\u00a0Sondern vor allem, dass der Fokus auf den positiven Dingen liegt. Wir sind keine Insekten, die programmiert sind, wir haben die freie Wahl,\u00a0diesen Tag\u00a0 zusammen gl\u00fccklich zu sein, ihn zu genie\u00dfen.<\/p><\/div><div id=\"cc-m-12584697626\" class=\"j-module n j-callToAction \"><div class=\"j-calltoaction-wrapper j-calltoaction-align-2\"><a class=\"j-calltoaction-link j-calltoaction-link-style-3\" href=\"\/2020\/02\/22\/von-hummeln-und-mistk\u00e4fern\/\" data-action=\"button\" data-title=\"Von Hummeln und Mistk\u00e4fern\"> Von Hummeln und Mistk\u00e4fern <\/a><\/div><\/div><div id=\"cc-m-12583743826\" class=\"j-module n j-text \"><p style=\"text-align: justify;\">\u00a0Nach einem kurzen Brainstorming wie wir den Tag gestalten, gibt es erst einmal Kaffee. Wie sehr wir unseren Kaffee immer noch jeden Morgen genie\u00dfen. Gestern auf dem Markt in Sant Juan haben wir an einem Kaffee-Stand einen sehr leckeren Meke Kaffee getrunken. Dieser wurde in einer Rocket Mozzafiato Cronometro zubereitet. Fast so wie in K\u00f6ln. - Luxus pur! - Doch ich stelle immer wieder fest, dass Luxus relativ ist. - Lieber einen\u00a0exzellenten\u00a0Kaffee im Hamsterrad oder einen guten, aber eben nicht exzellenten am Beach? - Was glaubt ihr? - Doch an Bohnen wollen wir nicht sparen, die wir getrunken haben,\u00a0konnten wir leider nicht kaufen. Das hei\u00dft unsere Challenge des Kaffeebohnen Kaufens wird bald wieder starten.<\/p><p style=\"text-align: justify;\">Ach so, wundert Euch bitte nicht, wenn wir Ortsnamen mal etwas anders schreiben. Hier hat jeder Ort 2 Namen, den offiziellen spanischen und den katalanischen, das kennen wir ja schon aus der Bretagne. Ok, da war es nat\u00fcrlich nicht katalanisch ;-)<\/p><p style=\"text-align: justify;\">Wir wollen gleich wieder an den Strand, also fix das Auto gesattelt und los. Am Strand angekommen w\u00fcrde ich gerne das Solarpanel aufbauen zur Stromerzeugung, leider ist es zu windig und Sonne sehe ich gerade auch keine. Yoga f\u00e4llt so leider auch aus, der Sand fliegt gerade waagerecht. Wir w\u00fcrden gerne Yoga zu unserer Morgenroutine machen, allerdings machen es die Witterungsbedingungen oft nicht m\u00f6glich, oder wenn wir auf dem Kliff stehen, ist der Untergrund einfach nicht daf\u00fcr geeignet.\u00a0 Gesund leben auf Tour ist wirklich eine Challenge. Gesund zu essen gelingt uns mittlerweile richtig gut, nur mit dem Sport hapert es noch etwas.<\/p><p style=\"text-align: justify;\">Wenn Yoga nicht geht, Obst geht immer. Kaum haben wir den 1. Bissen im Mund, schickt Sabine unsere Post digital aus Deutschland. Gott sei Dank ist heute nichts Wichtiges dabei, wir k\u00f6nnen entspannt weiter essen. Ups, da f\u00e4llt mir ein wir haben schon den 8. und noch keinen Monatsabschluss gemacht. Also fix das Notebook an und die Daten an den Steuerberater gemailt. H\u00f6rt sich jetzt schnell an, war es auch fast. Seit wir unterwegs sind, haben wir deutlich weniger Kosten und damit auch deutlich weniger Belege.<\/p><p style=\"text-align: justify;\">Dann mache ich mir mal Gedanken \u00fcber den Blog.\u00a0Ach ja, heute ist Weltfrauentag. Soll ich dar\u00fcber schreiben? N\u00f6. Ich habe mich vor \u00fcber 30 Jahren f\u00fcr einen M\u00e4nnerberuf entschieden. F\u00fcr die, die es noch nicht wissen: Ich bin Vermessungsingenieurin. Das Thema ist bei mir nicht mehr aktuell. Ich beurteile Menschen nicht nach Geschlecht und ich hatte gef\u00fchlt auch noch nie ein Thema mit einer Gender Pay Gap, weder im \u00d6ffentlichen Dienst noch bei meinen Putz-, Sonnenbank- oder Kellnerjobs.<\/p><p style=\"text-align: justify;\">Irgendwann kommt Ilona vorbei und wir quatschen \u00fcber Gott und die Welt. Und schon haben wir wieder Hunger. Heute gibt es Salat. Gestern auf dem Markt haben wir tollen gr\u00fcnen Salat bekommen, richtig frisch und ohne Plastikverpackung. So etwas ist hier selten. Habe ich Euch schon einmal erz\u00e4hlt, dass Marc das weltbeste Salatdressing macht? Bei uns macht jeder das, was er gut kann. Ich kann gut essen ;-)<\/p><p style=\"text-align: justify;\">Wir verbringen den ganzen Tag am Strand, am Nachmittag l\u00e4sst auch der Wind nach. Ein paar Trommler treffen sich wieder am Strand. Good Vibes only. Der Tag ist mein Freund :-)<\/p><p style=\"text-align: justify;\">\u00a0<\/p><\/div><div id=\"cc-m-12583743626\" class=\"j-module n j-text \"><p style=\"text-align: right;\"><a class=\"j-calltoaction-link j-calltoaction-link-style-2\" style=\"font-size: 16px; background-color: #ffcc00; border-width: 2px; border-color: #ffcc00; color: #ffffff; user-select: text; padding: 10px 20px; line-height: 1.5; border-radius: 0px; -webkit-appearance: none; margin: 1em 0px;\" title=\"Tag No. 188 - Auf nach Ibiza Stadt\" href=\"\/2020\/03\/10\/tag-no-188-auf-nach-ibiza-stadt\/\" data-action=\"button\" data-title=\"Sunny Side Up\"> Sunny Side Up\u00a0 \u00a0\u00a0<\/a><\/p><p style=\"text-align: right;\"><a class=\"j-calltoaction-link j-calltoaction-link-style-2\" style=\"background-color: #ffcc00; border-width: 2px; border-color: #ffcc00; color: #ffffff; user-select: text; padding: 10px 20px; font-size: 16px; line-height: 1.5; border-radius: 0px; -webkit-appearance: none; margin: 1em 0px;\" title=\"Tag No. 186 - Weltfrauentag\" href=\"\/2020\/03\/08\/tag-no-186-weltfrauentag\/\" data-action=\"button\" data-title=\"Sunny Side Down\"> Sunny Side Down\u00a0 \u00a0\u00a0<\/a><\/p><\/div><\/div><\/div><div class=\"j-module n j-text j-blog-post--tags-wrapper\"><span class=\"j-blog-post--tags--template\" style=\"display: none;\"><a class=\"j-blog-post--tag\" href=\"https:\/\/www.gluecksmuskel.de\/hectors-reisen\/?tag=tagPlaceholder\">tagPlaceholder<\/a><\/span><span class=\"j-blog-post--tags-label\" style=\"display: inline;\">Tags:<\/span> <span class=\"j-blog-post--tags-list\"><a class=\"j-blog-post--tag\" href=\"https:\/\/www.gluecksmuskel.de\/hectors-reisen\/?tag=gl%C3%BCck\">gl\u00fcck<\/a>, <a class=\"j-blog-post--tag\" href=\"https:\/\/www.gluecksmuskel.de\/hectors-reisen\/?tag=bulli\">bulli<\/a>, <a class=\"j-blog-post--tag\" href=\"https:\/\/www.gluecksmuskel.de\/hectors-reisen\/?tag=Strand\">Strand<\/a>, <a class=\"j-blog-post--tag\" href=\"https:\/\/www.gluecksmuskel.de\/hectors-reisen\/?tag=Beach\">Beach<\/a>, <a class=\"j-blog-post--tag\" href=\"https:\/\/www.gluecksmuskel.de\/hectors-reisen\/?tag=VW+Bus\">VW Bus<\/a>, <a class=\"j-blog-post--tag\" href=\"https:\/\/www.gluecksmuskel.de\/hectors-reisen\/?tag=Essen+macht+gl%C3%BCcklich\">Essen macht gl\u00fccklich<\/a>, <a class=\"j-blog-post--tag\" href=\"https:\/\/www.gluecksmuskel.de\/hectors-reisen\/?tag=T5\">T5<\/a>, <a class=\"j-blog-post--tag\" href=\"https:\/\/www.gluecksmuskel.de\/hectors-reisen\/?tag=Kaffee\">Kaffee<\/a>, <a class=\"j-blog-post--tag\" href=\"https:\/\/www.gluecksmuskel.de\/hectors-reisen\/?tag=gesund+essen\">gesund essen<\/a>, <a class=\"j-blog-post--tag\" href=\"https:\/\/www.gluecksmuskel.de\/hectors-reisen\/?tag=wildcampen\">wildcampen<\/a>, <a class=\"j-blog-post--tag\" href=\"https:\/\/www.gluecksmuskel.de\/hectors-reisen\/?tag=Good+Vibes\">Good Vibes<\/a>, <a class=\"j-blog-post--tag\" href=\"https:\/\/www.gluecksmuskel.de\/hectors-reisen\/?tag=gl%C3%BCcklich\">gl\u00fccklich<\/a><\/span><\/div><div id=\"flexsocialbuttons\" class=\"n\"><div class=\"cc-sharebuttons-element cc-sharebuttons-size-16 cc-sharebuttons-style-colored cc-sharebuttons-design-square cc-sharebuttons-align-left\">\u00a0<\/div><\/div><div class=\"n j-comment\"><div id=\"commentsModule12583743226\"><p id=\"skiptoform12583743226\" class=\"skiptoform\"><a href=\"#\" data-id=\"12583743226\" data-action=\"goToForm\">Kommentar schreiben<\/a><\/p><div id=\"numComments12583743226\" class=\"j-blog-comment-counter\">Kommentare: <i class=\"cc-comments-count\">0<\/i><\/div><ul id=\"commentOutput12583743226\" class=\"com-list-noava\"><li id=\"commentFormContainer12583743226\" class=\"commentstd clearover cc-m-comment-loading\"><a name=\"commentForm12583743226\"><\/a><\/li><\/ul><div id=\"commentError12583743226\" class=\"message-error\" style=\"display: none;\">\u00a0<\/div><div id=\"commentSuccess12583743226\" class=\"message-ok\" style=\"display: none;\">\u00a0<\/div><\/div><p><script>\/\/ <![CDATA[ window.regModule(\"module_comment\", {\"data\":{\"id\":\"12583743226\",\"closed\":\"0\",\"captcha\":\"2e83424325c9e18119addb2818dd0644\",\"avatar\":false,\"lang\":{\"comment\":\"Kommentar\",\"comments\":\"Kommentare\"}}}); \/\/ ]]> <\/script><\/p><\/div><\/article><p>\u00a0<\/p>","_et_gb_content_width":"","footnotes":""},"categories":[9],"tags":[],"class_list":["post-417","post","type-post","status-publish","format-standard","has-post-thumbnail","hentry","category-spanien"],"_links":{"self":[{"href":"https:\/\/www.planbwagen.de\/es\/wp-json\/wp\/v2\/posts\/417","targetHints":{"allow":["GET"]}}],"collection":[{"href":"https:\/\/www.planbwagen.de\/es\/wp-json\/wp\/v2\/posts"}],"about":[{"href":"https:\/\/www.planbwagen.de\/es\/wp-json\/wp\/v2\/types\/post"}],"author":[{"embeddable":true,"href":"https:\/\/www.planbwagen.de\/es\/wp-json\/wp\/v2\/users\/1"}],"replies":[{"embeddable":true,"href":"https:\/\/www.planbwagen.de\/es\/wp-json\/wp\/v2\/comments?post=417"}],"version-history":[{"count":8,"href":"https:\/\/www.planbwagen.de\/es\/wp-json\/wp\/v2\/posts\/417\/revisions"}],"predecessor-version":[{"id":13388,"href":"https:\/\/www.planbwagen.de\/es\/wp-json\/wp\/v2\/posts\/417\/revisions\/13388"}],"wp:featuredmedia":[{"embeddable":true,"href":"https:\/\/www.planbwagen.de\/es\/wp-json\/wp\/v2\/media\/4149"}],"wp:attachment":[{"href":"https:\/\/www.planbwagen.de\/es\/wp-json\/wp\/v2\/media?parent=417"}],"wp:term":[{"taxonomy":"category","embeddable":true,"href":"https:\/\/www.planbwagen.de\/es\/wp-json\/wp\/v2\/categories?post=417"},{"taxonomy":"post_tag","embeddable":true,"href":"https:\/\/www.planbwagen.de\/es\/wp-json\/wp\/v2\/tags?post=417"}],"curies":[{"name":"wp","href":"https:\/\/api.w.org\/{rel}","templated":true}]}}