{"id":3691,"date":"2020-08-11T14:14:03","date_gmt":"2020-08-11T14:14:03","guid":{"rendered":"https:\/\/planbwagen.de\/?p=3691"},"modified":"2021-07-03T17:54:44","modified_gmt":"2021-07-03T15:54:44","slug":"sonntagsausflug-ins-gruene","status":"publish","type":"post","link":"https:\/\/www.planbwagen.de\/es\/alemania\/viaje-dominical-al-green\/","title":{"rendered":"Salida dominical al campo - Dos SpaceCampers se encuentran en el bosque"},"content":{"rendered":"<p>[et_pb_section fb_built=&#8220;1&#8243; _builder_version=&#8220;3.22&#8243;][et_pb_row column_structure=&#8220;1_3,1_3,1_3&#8243; _builder_version=&#8220;4.5.1&#8243; _module_preset=&#8220;default&#8220;][et_pb_column type=&#8220;1_3&#8243; _builder_version=&#8220;4.5.1&#8243; _module_preset=&#8220;default&#8220;][et_pb_image src=&#8220;https:\/\/planbwagen.de\/wp-content\/uploads\/2020\/08\/yxc.jpg&#8220; alt=&#8220;Maxtrax Sandbleche auf der Motorhaube des planbWagen &#8211; VW T6.1, Terranger Offroad, SpaceCamper, mit delta4x4 Personenschutzb\u00fcgel und Klassik B,  Beadlock Felgeper&#8220; _builder_version=&#8220;4.5.1&#8243; _module_preset=&#8220;default&#8220;][\/et_pb_image][\/et_pb_column][et_pb_column type=&#8220;1_3&#8243; _builder_version=&#8220;4.5.1&#8243; _module_preset=&#8220;default&#8220;][et_pb_image src=&#8220;https:\/\/planbwagen.de\/wp-content\/uploads\/2020\/08\/ertz-1.jpg&#8220; alt=&#8220;planbWagen &#8211; VW T6.1, Terranger Offroad, SpaceCamper, mit delta4x4 Personenschutzb\u00fcgel und Klassik B,  Beadlock Felge im Wald&#8220; title_text=&#8220;ertz&#8220; _builder_version=&#8220;4.5.1&#8243; _module_preset=&#8220;default&#8220;][\/et_pb_image][\/et_pb_column][et_pb_column type=&#8220;1_3&#8243; _builder_version=&#8220;4.5.1&#8243; _module_preset=&#8220;default&#8220;][et_pb_image src=&#8220;https:\/\/planbwagen.de\/wp-content\/uploads\/2020\/08\/dfgh.jpg&#8220; alt=&#8220;Delta4x4 Kassik_B auf planBwagen, einem VW T6.1 SpaceCamper mit Terranger Umbau&#8220; title_text=&#8220;dfgh&#8220; _builder_version=&#8220;4.5.1&#8243; _module_preset=&#8220;default&#8220;][\/et_pb_image][\/et_pb_column][\/et_pb_row][et_pb_row _builder_version=&#8220;4.5.1&#8243; _module_preset=&#8220;default&#8220;][et_pb_column type=&#8220;4_4&#8243; _builder_version=&#8220;4.5.1&#8243; _module_preset=&#8220;default&#8220;][et_pb_text _builder_version=&#8220;4.5.1&#8243; _module_preset=&#8220;default&#8220;]<\/p>\n<p style=\"text-align: center;\"><span style=\"font-size: 22px;\"><em><strong>&#8222;Wir sind die Coolsten, wenn wir cruisen<\/strong><\/em><\/span><\/p>\n<p style=\"text-align: center;\"><span style=\"font-size: 22px;\"><em><strong>Wenn wir durch die City d\u00fcsen&#8230;&#8220;<\/strong><\/em><\/span><\/p>\n<p>&nbsp;<\/p>\n<p>Antes hab\u00eda m\u00e1s espumill\u00f3n. - Todo era mejor.  \u00bfEra todo realmente diferente, todo mejor? - Los s\u00e1bados se lavaba el coche y los domingos, seg\u00fan la familia, se iba al campo de f\u00fatbol o, como en el caso de H\u00e4usgens, a dar una vuelta en coche.  - Tambi\u00e9n se le llamaba paseo de placer, paseo de recreo, paseo por el campo, excursi\u00f3n, paseo, paseo de placer, paseo por el campo.  - \u00bfConoces a\u00fan estas expresiones u otras parecidas?<\/p>\n<p>&nbsp;<\/p>\n<p>Hoy en d\u00eda, esto se llama \"salir de crucero\". - Hace mucho tiempo que no salimos al campo, sino a la ciudad. Dan vueltas de honor alrededor del caf\u00e9 m\u00e1s cercano.\u00a0<\/p>\n<p style=\"text-align: center;\"><span style=\"font-size: 22px;\"><em><strong>&#8222;&#8230;Wie lassen uns vom Bass den R\u00fccken massieren<\/strong><\/em><\/span><\/p>\n<p style=\"text-align: center;\"><span style=\"font-size: 22px;\"><em><strong>Das Blech vibrieren, w\u00e4hrend wir wie Chefs chauffieren&#8230;&#8220;<\/strong><\/em><\/span><\/p>\n<p style=\"text-align: center;\">\n<p style=\"text-align: center;\"><span style=\"font-size: 22px;\"><em><span style=\"font-size: 13px;\"><b><\/b><\/span><\/em><\/span><\/p>\n<p>[\/et_pb_text][\/et_pb_column][\/et_pb_row][et_pb_row _builder_version=&#8220;4.5.1&#8243; _module_preset=&#8220;default&#8220;][et_pb_column _builder_version=&#8220;4.5.1&#8243; _module_preset=&#8220;default&#8220; type=&#8220;4_4&#8243;][et_pb_image src=&#8220;https:\/\/www.planbwagen.de\/wp-content\/uploads\/2020\/08\/Land-Rover-Defender-2020-1024&#215;576.jpeg&#8220; _builder_version=&#8220;4.5.1&#8243; _module_preset=&#8220;default&#8220; alt=&#8220;Spacecamper VW T6.1 \/ Terranger \/ Delta4x4: Sonntagsausflug Bergisches Land &#8211; Offroad statt on Road&#8220; title_text=&#8220;Land Rover Defender 2020&#8243; url=&#8220<div class=\"ikn-evt-container\">\r\n    <iframe\r\n            width=\"100%\"\r\n            class=\"ikn-evt-iframe\"\r\n            srcdoc=\"<style>\n    * {\n    padding:0;\n    margin:0;\n    overflow:hidden\n}\n\nhtml, body {\n    height:100%\n}\n\n.ikn-evt-container {\n    position: relative;\n    padding-bottom: 56.25%;\n    height: 0;\n}\n\n.ikn-evt-container iframe {\n    position: absolute;\n    top: 0;\n    left: 0;\n    width: 100%;\n    height: 100%;\n}\n\n.ikn-evt-frame {\n    display: block;\n    position: relative;\n    padding-bottom: 56.23%;\n    height: 0;\n    overflow: hidden;\n    max-width: 100%;\n    background: #000;\n}\n\n.ikn-evt-frame img.ikn-evt-thumbnail {\n    bottom: 0;\n    display: block;\n    left: 0;\n    margin: auto;\n    max-width: 100%;\n    width: 100%;\n    position: absolute;\n    right: 0;\n    top: 0;\n    border: none;\n    height: auto;\n    cursor: pointer;\n    -webkit-transition: .4s all;\n    -moz-transition: .4s all;\n    transition: .4s all;\n}\n\n.ikn-evt-frame[data-source=youtube] img.ikn-evt-thumbnail {\n    top: -63px;\n    bottom: -63px;\n}\n\n.ikn-evt-frame:hover img.ikn-evt-thumbnail {\n    -webkit-filter: brightness(75%);\n}\n\n.ikn-evt-frame .ikn-evt-play-button {\n    height: 20%;\n    width: 13%;\n    left: 44%;\n    top: 42%;\n    position: absolute;\n    cursor: pointer;\n    z-index: 1;\n    background-size: contain !important;\n}\n\n.ikn-evt-frame .ikn-evt-heading {\n    width: 100%;\n    position: absolute;\n    top: 0;\n    background: rgba(0, 0, 0, .5);\n    left: 0;\n    padding: 0.7em;\n    box-sizing: border-box;\n}\n\n.ikn-evt-frame .ikn-evt-heading .ikn-evt-heading-title {\n    font-weight: bold;\n    font-size: 1.5em;\n    color: #FFFFFF;\n    line-height: 30px;\n    margin: 0;\n    cursor: pointer;\n}.ikn-evt-frame[data-source=youtube] \r\n            .ikn-evt-play-button {background:url('https:\/\/www.planbwagen.de\/wp-content\/plugins\/embed-video-thumbnail\/assets\/images\/youtube-72-72.png') no-repeat;}.ikn-evt-frame[data-source=vimeo] \r\n            .ikn-evt-play-button {background:url('https:\/\/www.planbwagen.de\/wp-content\/plugins\/embed-video-thumbnail\/assets\/images\/play-default.png') no-repeat;}.ikn-evt-frame[data-source=dailymotion] \r\n            .ikn-evt-play-button {background:url('https:\/\/www.planbwagen.de\/wp-content\/plugins\/embed-video-thumbnail\/assets\/images\/play-default.png') no-repeat;}.ikn-evt-frame[data-source=facebook] \r\n            .ikn-evt-play-button {background:url('https:\/\/www.planbwagen.de\/wp-content\/plugins\/embed-video-thumbnail\/assets\/images\/play-default.png') no-repeat;}<\/style><div    class='ikn-evt-frame'    data-source='youtube'>    <a class='ikn-evt-link' href='\/\/www.youtube-nocookie.com\/embed\/RtgV7oBx8fw?controls=1&autoplay=1&enablejsapi=1&rel=1'>        <span class='ikn-evt-play-button'><\/span>                    <img                class='ikn-evt-thumbnail'                src='\/wp-content\/uploads\/ikana-embed-video-thumbnail\/youtube\/RtgV7oBx8fw-hqdefault.jpg'                alt='RtgV7oBx8fw'            \/>                    <\/a><\/div><script>\n    document\n        .querySelector('.ikn-evt-link')\n        .addEventListener('click', function(e) {\n                e.preventDefault();\n                e.stopPropagation();\n                window.location.replace(this.href);\n                return false;\n            }\n        )\n    ;\n<\/script>\"\r\n            frameborder=\"0\"\r\n            allow=\"accelerometer; encrypted-media; gyroscope; picture-in-picture\"\r\n            allowfullscreen\r\n title=\"RtgV7oBx8fw\"\r\n            loading=\"lazy\"\r\n            src=\"\/\/www.youtube-nocookie.com\/embed\/RtgV7oBx8fw?controls=1&autoplay=1&enablejsapi=1&rel=1\"\r\n    ><\/iframe>\r\n<\/div>8220; url_new_window=&#8220;on&#8220; hover_enabled=&#8220;0&#8243; align=&#8220;center&#8220;][\/et_pb_image][\/et_pb_column][\/et_pb_row][et_pb_row _builder_version=&#8220;4.5.1&#8243; _module_preset=&#8220;default&#8220;][et_pb_column _builder_version=&#8220;4.5.1&#8243; _module_preset=&#8220;default&#8220; type=&#8220;4_4&#8243;][et_pb_text _builder_version=&#8220;4.5.1&#8243; _module_preset=&#8220;default&#8220; hover_enabled=&#8220;0&#8243;]<\/p>\n<p style=\"text-align: left;\"><span style=\"font-size: 22px;\"><span style=\"font-size: 16px;\">Pero no ser\u00edamos hijos de nuestros padres si no pudi\u00e9ramos hacerlo de forma cl\u00e1sica. O algo as\u00ed. Al menos nos adentramos en el campo. Pero en el Bergisches Land tambi\u00e9n se pueden encontrar rutas fuera de los caminos trillados. - As\u00ed que tambi\u00e9n fue una oportunidad para probar un poco a BUTCH. Porque mientras tanto se podr\u00eda decir que es un chico pesado. Por favor, no me malinterpreten, puede parecer un poco atrevido, pero sigue siendo un pacifista. Todo es cuesti\u00f3n de peso. Con 3,5 toneladas, ya no es un peso ligero. Ciertamente no son las condiciones ideales para dar una impresi\u00f3n \u00e1gil fuera de la carretera.\u00a0<\/span><\/span><\/p>\n<p style=\"text-align: left;\"><span style=\"font-size: 22px;\"><span style=\"font-size: 16px;\">Pero sobre grava y terreno arenoso y seco, BUTCH se comporta bien. El espacio libre adicional que proporciona la suspensi\u00f3n neum\u00e1tica se nota directamente en una carretera forestal por la que han circulado veh\u00edculos forestales. La protecci\u00f3n antiempotramiento instalada por Terranger crea una sensaci\u00f3n de seguridad. Aqu\u00ed en el bosque hay relativamente sombra. Conducir es mucho m\u00e1s divertido que en las calurosas ciudades. - Hemos recopilado algunas im\u00e1genes en movimiento. - S\u00f3lo tienes que hacer clic en la imagen de v\u00eddeo.<\/span><\/span><\/p>\n<p style=\"text-align: center;\"><span style=\"font-size: 22px;\"><em><strong>&#8222;&#8230;Wir wollen kein Stress riskieren, nur unser Revier markieren<\/strong><\/em><\/span><\/p>\n<p style=\"text-align: center;\"><span style=\"font-size: 22px;\"><em><strong>Damit alle kapieren, dass wir existieren!&#8230;&#8220;<\/strong><\/em><\/span><\/p>\n<p style=\"text-align: center;\"><span style=\"font-size: 22px;\"><em><span style=\"font-size: 13px;\"><b>- Tonos masivos -<\/b><\/span><\/em><\/span><\/p>\n<p>[\/et_pb_text][\/et_pb_column][\/et_pb_row][\/et_pb_section]<\/p>","protected":false},"excerpt":{"rendered":"<p>[et_pb_section fb_built=&#8220;1&#8243; _builder_version=&#8220;3.22&#8243;][et_pb_row column_structure=&#8220;1_3,1_3,1_3&#8243; _builder_version=&#8220;4.5.1&#8243; _module_preset=&#8220;default&#8220;][et_pb_column type=&#8220;1_3&#8243; _builder_version=&#8220;4.5.1&#8243; _module_preset=&#8220;default&#8220;][et_pb_image src=&#8220;https:\/\/planbwagen.de\/wp-content\/uploads\/2020\/08\/yxc.jpg&#8220; alt=&#8220;Maxtrax Sandbleche auf der Motorhaube des planbWagen &#8211; VW T6.1, Terranger Offroad, SpaceCamper, mit delta4x4 Personenschutzb\u00fcgel und Klassik B, Beadlock Felgeper&#8220; _builder_version=&#8220;4.5.1&#8243; _module_preset=&#8220;default&#8220;][\/et_pb_image][\/et_pb_column][et_pb_column type=&#8220;1_3&#8243; _builder_version=&#8220;4.5.1&#8243; _module_preset=&#8220;default&#8220;][et_pb_image src=&#8220;https:\/\/planbwagen.de\/wp-content\/uploads\/2020\/08\/ertz-1.jpg&#8220; alt=&#8220;planbWagen &#8211; VW T6.1, Terranger Offroad, SpaceCamper, mit delta4x4 Personenschutzb\u00fcgel und Klassik B, Beadlock Felge im Wald&#8220; title_text=&#8220;ertz&#8220; [&hellip;]<\/p>","protected":false},"author":1,"featured_media":3695,"comment_status":"open","ping_status":"open","sticky":false,"template":"","format":"standard","meta":{"_et_pb_use_builder":"on","_et_pb_old_content":"<div id=\"cc-m-12682552026\" class=\"j-module n j-text \"><p><em><strong><img class=\"size-medium wp-image-3692 alignright\" src=\"https:\/\/planbwagen.de\/wp-content\/uploads\/2020\/08\/image-300x225.jpg\" alt=\"\" width=\"300\" height=\"225\" \/><\/strong><\/em><\/p><p>\u00a0<\/p><p><em><strong>\"Wir sind die Coolsten, wenn wir cruisen<\/strong><\/em><\/p><p><em><strong>Wenn wir durch die City d\u00fcsen...\"<\/strong><\/em><\/p><\/div><p>\u00a0<\/p><p>\u00a0<\/p><div id=\"cc-m-12682552026\" class=\"j-module n j-text \"><p><img class=\"size-medium wp-image-3693 alignleft\" src=\"https:\/\/planbwagen.de\/wp-content\/uploads\/2020\/08\/imagee-225x300.jpg\" alt=\"\" width=\"225\" height=\"300\" \/>Fr\u00fcher war mehr Lametta. - Fr\u00fcher war alles besser!\u00a0 War wirklich alles anders, alles besser? - Samstags wurde\u00a0definitiv Auto gewaschen und sonntags ging es je nach Familie entweder auf den Fu\u00dfballplatz oder wie bei H\u00e4usgens auf Spazierfahrt.\u00a0 - Alternativ Vergn\u00fcgungsfahrt, Erholungsfahrt, Fahrt ins Gr\u00fcne, Exkursion, Streifzug, Spritztour, Spritzfahrt ins Gr\u00fcne genannt.\u00a0 - Kennt Ihr noch diese oder \u00e4hnliche Ausdr\u00fccke?<\/p><p>\u00a0<\/p><p>Heute hei\u00dft so was ja neudeutsch cruisen. - Es geht schon lange nicht mehr ins Gr\u00fcne, sondern in die Stadt. Da werden Ehrenrunden ums n\u00e4chste\u00a0Caf\u00e9 gedreht.<\/p><p><em><strong>\"...Wie lassen uns vom Bass den R\u00fccken massieren<\/strong><\/em><\/p><p><em><strong>Das Blech vibrieren, w\u00e4hrend wir wie Chefs chauffieren...\"<\/strong><\/em><\/p><p>\u00a0<\/p><p>Doch wir w\u00e4ren nicht die Kinder unserer Eltern, wenn wir es nicht auch klassisch k\u00f6nnten. Oder so was in der Art. Zumindest ging es ins Gr\u00fcne. Doch im Bergischen Land findet man eben auch Strecken abseits der geteerten Pisten. - Somit auch eine Chance BUTCH ein wenig zu testen. Denn inzwischen k\u00f6nnte man behaupten, er ist ein schwerer Junge. Bitte nicht falsch verstehen, er sieht vielleicht ein wenig gewagt aus, bleibt aber Pazifist. Es geht uns um das Gewicht. Mit 3,5 Tonnen ist er eben kein Leichtgewicht mehr. Sicherlich keine idealen Voraussetzungen, um abseits der Stra\u00dfen einen agilen Eindruck zu vermitteln.<\/p><p><em><strong><img class=\"size-medium wp-image-3694 alignright\" src=\"https:\/\/planbwagen.de\/wp-content\/uploads\/2020\/08\/imageee-225x300.jpg\" alt=\"\" width=\"225\" height=\"300\" \/><\/strong><\/em><\/p><p>Doch auf Schotter und sandig, trockenem Boden schl\u00e4gt sich BUTCH brav. Der zus\u00e4tzliche Freiraum durch das Luftfahrwerk macht sich, in einem\u00a0durch Forstfahrzeuge tief eingefahrenen Forstweg direkt bemerkbar. Der von Terranger eingebaute Unterfahrschutz erzeugt ein Gef\u00fchl von Sicherheit. Hier im Wald ist es verh\u00e4ltnism\u00e4\u00dfig schattig. So macht das cruisen doch viel mehr Spa\u00df, als in\u00a0den \u00fcberhitzten St\u00e4dten. - Ein paar bewegte Bilder haben wir im Anschluss zusammen geschnitten. - Einfach auf das Videobild klicken.<\/p><p>\u00a0<\/p><p><em><strong>\"...Wir wollen kein Stress riskieren, nur unser Revier markieren<\/strong><\/em><\/p><p><em><strong>Damit alle kapieren, dass wir existieren!...\"<\/strong><\/em><\/p><p><em><b>- Massive T\u00f6ne -<\/b><br \/><\/em><\/p><\/div><div id=\"cc-m-12682679726\" class=\"j-module n j-video \"><div class=\"cc-m-video-gutter cc-m-video-align-left cc-m-video-ratio-2\"><div class=\"cc-m-video-wrapper\"><iframe id=\"cc-m-video-container-12682679726\" class=\"cc-m-video-container\" src=\"https:\/\/www.youtube-nocookie.com\/embed\/RtgV7oBx8fw?wmode=transparent&vq=hd1080\" frameborder=\"0\" allowfullscreen=\"allowfullscreen\" data-mce-fragment=\"1\"><br \/><\/iframe><div class=\"cc-m-video-overlay\">\u00a0<\/div><\/div><\/div><div class=\"cc-clear\">\u00a0<\/div><\/div><div id=\"cc-m-12682765226\" class=\"j-module n j-text \">\u00a0<\/div>","_et_gb_content_width":"","footnotes":""},"categories":[12],"tags":[],"class_list":["post-3691","post","type-post","status-publish","format-standard","has-post-thumbnail","hentry","category-deutschland"],"_links":{"self":[{"href":"https:\/\/www.planbwagen.de\/es\/wp-json\/wp\/v2\/posts\/3691","targetHints":{"allow":["GET"]}}],"collection":[{"href":"https:\/\/www.planbwagen.de\/es\/wp-json\/wp\/v2\/posts"}],"about":[{"href":"https:\/\/www.planbwagen.de\/es\/wp-json\/wp\/v2\/types\/post"}],"author":[{"embeddable":true,"href":"https:\/\/www.planbwagen.de\/es\/wp-json\/wp\/v2\/users\/1"}],"replies":[{"embeddable":true,"href":"https:\/\/www.planbwagen.de\/es\/wp-json\/wp\/v2\/comments?post=3691"}],"version-history":[{"count":19,"href":"https:\/\/www.planbwagen.de\/es\/wp-json\/wp\/v2\/posts\/3691\/revisions"}],"predecessor-version":[{"id":13368,"href":"https:\/\/www.planbwagen.de\/es\/wp-json\/wp\/v2\/posts\/3691\/revisions\/13368"}],"wp:featuredmedia":[{"embeddable":true,"href":"https:\/\/www.planbwagen.de\/es\/wp-json\/wp\/v2\/media\/3695"}],"wp:attachment":[{"href":"https:\/\/www.planbwagen.de\/es\/wp-json\/wp\/v2\/media?parent=3691"}],"wp:term":[{"taxonomy":"category","embeddable":true,"href":"https:\/\/www.planbwagen.de\/es\/wp-json\/wp\/v2\/categories?post=3691"},{"taxonomy":"post_tag","embeddable":true,"href":"https:\/\/www.planbwagen.de\/es\/wp-json\/wp\/v2\/tags?post=3691"}],"curies":[{"name":"wp","href":"https:\/\/api.w.org\/{rel}","templated":true}]}}