{"id":2032,"date":"2019-09-13T19:23:08","date_gmt":"2019-09-13T19:23:08","guid":{"rendered":""},"modified":"2020-09-15T08:41:24","modified_gmt":"2020-09-15T08:41:24","slug":"tag-no-10-durchfahrt-verboten-le-mont-saint-michel","status":"publish","type":"post","link":"https:\/\/www.planbwagen.de\/es\/francia\/dia-no-10-transito-prohibido-le-mont-saint-michel\/","title":{"rendered":"D\u00eda n\u00ba 10 - Sin tr\u00e1nsito - Le Mont-Saint-Michel"},"content":{"rendered":"<p>[et_pb_section fb_built=&#8220;1&#8243; _builder_version=&#8220;3.22&#8243;][et_pb_row _builder_version=&#8220;4.5.1&#8243; _module_preset=&#8220;default&#8220; column_structure=&#8220;1_4,1_4,1_4,1_4&#8243;][et_pb_column _builder_version=&#8220;4.5.1&#8243; _module_preset=&#8220;default&#8220; type=&#8220;1_4&#8243;][et_pb_image src=&#8220;https:\/\/www.planbwagen.de\/wp-content\/uploads\/2020\/08\/1-37.jpg&#8220; _builder_version=&#8220;4.5.1&#8243; _module_preset=&#8220;default&#8220; title_text=&#8220;1&#8243; hover_enabled=&#8220;0&#8243;][\/et_pb_image][\/et_pb_column][et_pb_column _builder_version=&#8220;4.5.1&#8243; _module_preset=&#8220;default&#8220; type=&#8220;1_4&#8243;][et_pb_image src=&#8220;https:\/\/www.planbwagen.de\/wp-content\/uploads\/2020\/08\/2-35.jpg&#8220; _builder_version=&#8220;4.5.1&#8243; _module_preset=&#8220;default&#8220; title_text=&#8220;2&#8243; hover_enabled=&#8220;0&#8243;][\/et_pb_image][\/et_pb_column][et_pb_column _builder_version=&#8220;4.5.1&#8243; _module_preset=&#8220;default&#8220; type=&#8220;1_4&#8243;][et_pb_image src=&#8220;https:\/\/www.planbwagen.de\/wp-content\/uploads\/2020\/08\/3-31.jpg&#8220; _builder_version=&#8220;4.5.1&#8243; _module_preset=&#8220;default&#8220; title_text=&#8220;3&#8243; hover_enabled=&#8220;0&#8243;][\/et_pb_image][\/et_pb_column][et_pb_column _builder_version=&#8220;4.5.1&#8243; _module_preset=&#8220;default&#8220; type=&#8220;1_4&#8243;][et_pb_image src=&#8220;https:\/\/www.planbwagen.de\/wp-content\/uploads\/2020\/08\/4-30.jpg&#8220; _builder_version=&#8220;4.5.1&#8243; _module_preset=&#8220;default&#8220; title_text=&#8220;4&#8243; hover_enabled=&#8220;0&#8243;][\/et_pb_image][\/et_pb_column][\/et_pb_row][et_pb_row _builder_version=&#8220;4.5.1&#8243; _module_preset=&#8220;default&#8220;][et_pb_column _builder_version=&#8220;4.5.1&#8243; _module_preset=&#8220;default&#8220; type=&#8220;4_4&#8243;][et_pb_text _builder_version=&#8220;4.5.1&#8243; _module_preset=&#8220;default&#8220; hover_enabled=&#8220;0&#8243;]<\/p>\n<p>Hoy volvemos a Le Mont-Saint-Michel. Nos saltamos el aparcamiento con traslado en autob\u00fas y preferimos empezar en bicicleta de monta\u00f1a en 48 Route de la Rive Ardevon, 50170 Pontorson. Desde aqu\u00ed no hay monta\u00f1as, pero s\u00ed una vista fant\u00e1stica de Le Mont-Saint-Michel. Desde aqu\u00ed se puede empezar directamente por un atajo, lejos de las multitudes de turistas. Le llevar\u00e1 por caminos rurales y enormes prados de ovejas. Poco antes del puente, retomar\u00e1 el camino principal. La ciudad en s\u00ed no s\u00f3lo es hermosa, sino tambi\u00e9n bastante concurrida. Inmediatamente despu\u00e9s de cruzar la puerta de la ciudad, el flujo de turistas se agolpa junto a las tiendas para turistas. El primer callej\u00f3n parece revelar una mentira. \u00bfEl callej\u00f3n m\u00e1s estrecho del mundo est\u00e1 realmente en KRK, en Croacia? No lo sabemos. Por casualidad, giramos en la segunda callejuela a la izquierda. - A partir de aqu\u00ed, la ciudad parece otro lugar. Subimos solos hasta la antigua abad\u00eda benedictina, por caminos sinuosos, con una gran vista sobre la laguna y los tejados de la ciudad. De camino nos encontramos con una gaviota. \u00bfSoy yo o realmente hay una gaviota con el orgullo de un \u00e1guila? \u00bfLa gaviota Jonathan?<\/p>\n<p>[\/et_pb_text][\/et_pb_column][\/et_pb_row][et_pb_row _builder_version=&#8220;4.5.1&#8243; _module_preset=&#8220;default&#8220;][et_pb_column _builder_version=&#8220;4.5.1&#8243; _module_preset=&#8220;default&#8220; type=&#8220;4_4&#8243;][et_pb_image src=&#8220;https:\/\/www.planbwagen.de\/wp-content\/uploads\/2020\/08\/5-27.jpg&#8220; _builder_version=&#8220;4.5.1&#8243; _module_preset=&#8220;default&#8220; title_text=&#8220;5&#8243; hover_enabled=&#8220;0&#8243;][\/et_pb_image][et_pb_text _builder_version=&#8220;4.5.1&#8243; _module_preset=&#8220;default&#8220; hover_enabled=&#8220;0&#8243;]<\/p>\n<p>El camino de ida es el de vuelta. En Les Mares, paramos en el restaurante La Gourmandise para comer mejillones.<\/p>\n<p>Sin duda, hay que comer mejillones en Breta\u00f1a. Los nuestros son ciertamente excelentes, pero creemos que eso es \"re\u00f1ir\" por poco contenido. - Ya estamos de vuelta en la carretera o en los caminos rurales. \u00bfNo se puede pasar? Nos atenemos a las normas, al menos en la se\u00f1al de la foto. - Roz-sur-Couesnon, Saint-Marcan. En Cherrueix, la ruta vuelve a discurrir paralela al mar, Le Vivier-sur-Mer, Saint-Beno\u00eet-des-Ondes, hasta el puerto de Cancale. La marea est\u00e1 baja y los barcos encallados. Una imagen apacible, hora del primer puro de este recorrido. Y una copa de Caol Ila. A partir de ahora, Torgit puede continuar. Pero no tenemos que ir muy lejos. Acampamos en el camping Grouin, en La Pointe du Grouin, con vistas a la costa rocosa.<\/p>\n<p>&nbsp;<\/p>\n<p>*Insight of the day: No siempre hay que nadar a contracorriente, a veces est\u00e1 bien girar a la izquierda.<\/p>\n<p>[\/et_pb_text][et_pb_image src=&#8220;https:\/\/www.planbwagen.de\/wp-content\/uploads\/2020\/08\/6-22.jpg&#8220; _builder_version=&#8220;4.5.1&#8243; _module_preset=&#8220;default&#8220; title_text=&#8220;6&#8243; hover_enabled=&#8220;0&#8243;][\/et_pb_image][\/et_pb_column][\/et_pb_row][\/et_pb_section]<\/p>","protected":false},"excerpt":{"rendered":"<p>[et_pb_section fb_built=&#8220;1&#8243; _builder_version=&#8220;3.22&#8243;][et_pb_row _builder_version=&#8220;4.5.1&#8243; _module_preset=&#8220;default&#8220; column_structure=&#8220;1_4,1_4,1_4,1_4&#8243;][et_pb_column _builder_version=&#8220;4.5.1&#8243; _module_preset=&#8220;default&#8220; type=&#8220;1_4&#8243;][et_pb_image src=&#8220;https:\/\/www.planbwagen.de\/wp-content\/uploads\/2020\/08\/1-37.jpg&#8220; _builder_version=&#8220;4.5.1&#8243; _module_preset=&#8220;default&#8220; title_text=&#8220;1&#8243; hover_enabled=&#8220;0&#8243;][\/et_pb_image][\/et_pb_column][et_pb_column _builder_version=&#8220;4.5.1&#8243; _module_preset=&#8220;default&#8220; type=&#8220;1_4&#8243;][et_pb_image src=&#8220;https:\/\/www.planbwagen.de\/wp-content\/uploads\/2020\/08\/2-35.jpg&#8220; _builder_version=&#8220;4.5.1&#8243; _module_preset=&#8220;default&#8220; title_text=&#8220;2&#8243; hover_enabled=&#8220;0&#8243;][\/et_pb_image][\/et_pb_column][et_pb_column _builder_version=&#8220;4.5.1&#8243; _module_preset=&#8220;default&#8220; type=&#8220;1_4&#8243;][et_pb_image src=&#8220;https:\/\/www.planbwagen.de\/wp-content\/uploads\/2020\/08\/3-31.jpg&#8220; _builder_version=&#8220;4.5.1&#8243; _module_preset=&#8220;default&#8220; title_text=&#8220;3&#8243; hover_enabled=&#8220;0&#8243;][\/et_pb_image][\/et_pb_column][et_pb_column _builder_version=&#8220;4.5.1&#8243; _module_preset=&#8220;default&#8220; type=&#8220;1_4&#8243;][et_pb_image src=&#8220;https:\/\/www.planbwagen.de\/wp-content\/uploads\/2020\/08\/4-30.jpg&#8220; _builder_version=&#8220;4.5.1&#8243; _module_preset=&#8220;default&#8220; title_text=&#8220;4&#8243; hover_enabled=&#8220;0&#8243;][\/et_pb_image][\/et_pb_column][\/et_pb_row][et_pb_row _builder_version=&#8220;4.5.1&#8243; _module_preset=&#8220;default&#8220;][et_pb_column _builder_version=&#8220;4.5.1&#8243; _module_preset=&#8220;default&#8220; type=&#8220;4_4&#8243;][et_pb_text _builder_version=&#8220;4.5.1&#8243; _module_preset=&#8220;default&#8220; hover_enabled=&#8220;0&#8243;] Heute geht es zur\u00fcck nach Le Mont-Saint-Michel. Die Parkplatzanlage [&hellip;]<\/p>","protected":false},"author":1,"featured_media":3683,"comment_status":"open","ping_status":"open","sticky":false,"template":"","format":"standard","meta":{"_et_pb_use_builder":"on","_et_pb_old_content":"<div id=\"content_start\">\u00a0<\/div><article class=\"j-blog\"><div class=\"n j-blog-meta j-blog-post--header\"><div class=\"j-text j-module n\"><a class=\"j-blog-post--category\" href=\"https:\/\/www.gluecksmuskel.de\/hectors-reisen\/france-frankreich\/\"> France - Frankreich <\/a> \u00a0\u00b7\u00a0 <span class=\"j-text j-blog-post--date\"> 13. September 2019 <\/span><\/div><h1 class=\"j-blog-header j-blog-headline j-blog-post--headline\">Tag No. 10 - Durchfahrt verboten - Le Mont-Saint-Michel<\/h1><\/div><div class=\"post j-blog-content\"><div id=\"cc-matrix-3597092926\"><div id=\"cc-m-12572208326\" class=\"j-module n j-spacing \"><div class=\"cc-m-spacer\" style=\"height: 19px;\">\u00a0<\/div><\/div><div id=\"cc-m-12531689726\" class=\"j-module n j-gallery \"><div id=\"cc-m-gallery-12531689726\" class=\"cc-m-gallery-container cc-m-gallery-cool clearover\"><div id=\"gallery_thumb_8096237626\" class=\"cc-m-gallery-cool-item\"><div><a rel=\"lightbox[12531689726]\" data-href=\"https:\/\/planbwagen.de\/wp-content\/uploads\/attachments\/image.jpg\" data-title=\"\" data-index=\"0\"> <img style=\"height: 176px; width: 132px; margin-bottom: 3px; margin-right: 3px;\" src=\"https:\/\/planbwagen.de\/wp-content\/uploads\/2020\/07\/image-3-0-8-9.jpg\" alt=\"\" data-orig-width=\"1536\" data-orig-height=\"2048\" \/> <\/a><\/div><\/div><div id=\"gallery_thumb_8096237726\" class=\"cc-m-gallery-cool-item\"><div><a rel=\"lightbox[12531689726]\" data-href=\"https:\/\/planbwagen.de\/wp-content\/uploads\/attachments\/image.jpg\" data-title=\"\" data-index=\"1\"> <img style=\"height: 176px; width: 235px; margin-bottom: 3px;\" src=\"https:\/\/planbwagen.de\/wp-content\/uploads\/2020\/07\/image-7-9-8-7.jpg\" alt=\"\" data-orig-width=\"2048\" data-orig-height=\"1536\" \/> <\/a><\/div><\/div><div id=\"gallery_thumb_8096237826\" class=\"cc-m-gallery-cool-item\"><div><a rel=\"lightbox[12531689726]\" data-href=\"https:\/\/planbwagen.de\/wp-content\/uploads\/attachments\/image.jpg\" data-title=\"\" data-index=\"2\"> <img style=\"height: 244px; width: 183px; margin-bottom: 3px; margin-right: 3px;\" src=\"https:\/\/planbwagen.de\/wp-content\/uploads\/2020\/07\/image-6-3-3.jpg\" alt=\"\" data-orig-width=\"1536\" data-orig-height=\"2048\" \/> <\/a><\/div><\/div><div id=\"gallery_thumb_8096237926\" class=\"cc-m-gallery-cool-item\"><div><a rel=\"lightbox[12531689726]\" data-href=\"https:\/\/planbwagen.de\/wp-content\/uploads\/attachments\/image.jpg\" data-title=\"\" data-index=\"3\"> <img style=\"height: 244px; width: 184px; margin-bottom: 3px;\" src=\"https:\/\/planbwagen.de\/wp-content\/uploads\/2020\/07\/image-5-9-8.jpg\" alt=\"\" data-orig-width=\"1536\" data-orig-height=\"2048\" \/> <\/a><\/div><\/div><\/div><\/div><div id=\"cc-m-12531689426\" class=\"j-module n j-text \"><p>\u00a0<\/p><p>Heute geht es zur\u00fcck nach Le Mont-Saint-Michel. Die Parkplatzanlage mit Bustransfer lassen wir links liegen und starten lieber per Mountainbike in der 48 Route de la Rive Ardevon, 50170 Pontorson. Von hier aus hat man zwar keine Mountains, aber daf\u00fcr einen fantastischen Blick auf Le Mont-Saint-Michel.\u00a0 Ab hier k\u00f6nnt ihr direkt \u00fcber einen Schleichweg, abseits des Touristenstroms starten. Es geht \u00fcber Feldwege und riesige Schafskoppeln. Kurz vor der Br\u00fccke trifft man wieder auf den Hauptweg. Das St\u00e4dtchen selber ist nicht nur sch\u00f6n, sondern auch ziemlich \u00fcberlaufen. Der Touristenstrom quetscht sich, direkt nach dem Stadttor an Touril\u00e4den vorbei. Schon die erste Gasse scheint eine L\u00fcge aufzudecken. Ob die wohl engste Gasse der Welt wirklich auf KRK in Kroatien liegt? Wir wissen es nicht. Zuf\u00e4llig biegen wir dann in die zweite Gasse zur linken Seite ein. - Ab hier ist die Stadt wie ausgewechselt. Wir steigen ganz allein, \u00fcber verschlungene Pfade, mit tollem Blick \u00fcber die Lagune und die D\u00e4cher der Stadt, hoch zur ehemaligen Benediktiner-Abtei. Auf dem Weg dorthin treffen wir auf eine M\u00f6we. Geht es nur mir so oder gibt es da wirklich eine M\u00f6we, mit dem Stolz eines Adlers. Die M\u00f6we Jonathan?<\/p><p>\u00a0<\/p><\/div><div id=\"cc-m-12531691326\" class=\"j-module n j-imageSubtitle \"><figure class=\"cc-imagewrapper cc-m-image-align-1 cc-m-width-maxed\"><img id=\"cc-m-imagesubtitle-image-12531691326\" class=\"\" src=\"https:\/\/planbwagen.de\/wp-content\/uploads\/2020\/07\/image-0-2-9-4.jpg\" sizes=\"(min-width: 1040px) 1040px, 100vw\" alt=\"\" data-src-width=\"4032\" data-src-height=\"3024\" data-src=\"https:\/\/planbwagen.de\/wp-content\/uploads\/2020\/07\/image-0-2-9-4.jpg\" data-image-id=\"8096239026\" data-pfsrc=\"https:\/\/planbwagen.de\/wp-content\/uploads\/2020\/07\/image-0-2-9-4.jpg\" \/><\/figure><div class=\"cc-clear\">\u00a0<\/div><\/div><div id=\"cc-m-12531691226\" class=\"j-module n j-text \"><p>\u00a0<\/p><p>Wie wir gekommen sind, so geht es zur\u00fcck. In Les Mares, halten wir am Restaurant La Gourmandise, um Muscheln zu essen.<\/p><p>Sicherlich sollte man in der Bretagne Muscheln essen. Unsere sind sicherlich auch vorz\u00fcglich, doch wir finden, das ist \u201eZankerei\u201c f\u00fcr wenig Inhalt. \u2013 Schon sind wir wieder auf der Stra\u00dfe oder auf Feldwegen. Durchfahrt verboten? Wir halten uns an die Regeln, zumindest beim Schild auf dem Foto. - Roz-sur-Couesnon, Saint-Marcan. Bei Cherrueix geht es wieder parallel zum Meer, Le Vivier-sur-Mer, Saint-Beno\u00eet-des-Ondes, bis zum Hafen von Cancale. Es herrscht Ebbe und die Boote liegen auf Grund. Ein friedliches Bild, Zeit f\u00fcr die erste Zigarre auf dieser Tour. Dazu ein Glas Caol Ila. Ab jetzt darf Torgit weiterfahren. Doch wir haben es nicht mehr weit. Auf dem Camping Grouin, am La Pointe du Grouin schlagen wir unsere Schlafstelle, mit Blick auf die felsige K\u00fcste, auf.<\/p><p>\u00a0<\/p><p>*Erkenntnis des Tages: Man muss nicht immer gegen den Strom schwimmen, man darf auch ruhig mal links abbiegen.<\/p><p>\u00a0<\/p><\/div><div id=\"cc-m-12531690326\" class=\"j-module n j-imageSubtitle \"><figure class=\"cc-imagewrapper cc-m-image-align-1 cc-m-width-maxed\"><img id=\"cc-m-imagesubtitle-image-12531690326\" class=\"\" src=\"https:\/\/planbwagen.de\/wp-content\/uploads\/2020\/07\/image-5-4-7-1-6.jpg\" sizes=\"(min-width: 1040px) 1040px, 100vw\" alt=\"\" data-src-width=\"4032\" data-src-height=\"3024\" data-src=\"https:\/\/planbwagen.de\/wp-content\/uploads\/2020\/07\/image-5-4-7-1-6.jpg\" data-image-id=\"8096238026\" data-pfsrc=\"https:\/\/planbwagen.de\/wp-content\/uploads\/2020\/07\/image-5-4-7-1-6.jpg\" \/><\/figure><div class=\"cc-clear\">\u00a0<\/div><\/div><div id=\"cc-m-12572208426\" class=\"j-module n j-text \"><p style=\"text-align: right;\">\u00a0 \u00a0\u00a0<a class=\"j-calltoaction-link j-calltoaction-link-style-2\" style=\"font-size: 16px; background-color: #ffcc00; border-width: 2px; border-color: #ffcc00; color: #ffffff; user-select: text; padding: 10px 20px; line-height: 1.5; border-radius: 0px; -webkit-appearance: none; margin: 1em 0px;\" title=\"Tag No. 11 - Sunny Side up\" href=\"\/2019\/09\/14\/tag-no-11-sunny-side-up\/\" data-action=\"button\" data-title=\"Sunny Side Up\">Sunny Side Up\u00a0 \u00a0\u00a0<\/a><\/p><p style=\"text-align: right;\"><a class=\"j-calltoaction-link j-calltoaction-link-style-2\" style=\"background-color: #ffcc00; border-width: 2px; border-color: #ffcc00; color: #ffffff; user-select: text; padding: 10px 20px; font-size: 16px; line-height: 1.5; border-radius: 0px; -webkit-appearance: none; margin: 1em 0px;\" title=\"Tag No. 9 - turquoise et vert\" href=\"\/2019\/09\/12\/tag-no-9-turquoise-et-vert\/\" data-action=\"button\" data-title=\"Sunny Side Down\"> Sunny Side Down\u00a0 \u00a0\u00a0<\/a><\/p><p>\u00a0<\/p><\/div><\/div><\/div><div class=\"j-module n j-text j-blog-post--tags-wrapper\"><span class=\"j-blog-post--tags--template\" style=\"display: none;\"><a class=\"j-blog-post--tag\" href=\"https:\/\/www.gluecksmuskel.de\/hectors-reisen\/?tag=tagPlaceholder\">tagPlaceholder<\/a><\/span><span class=\"j-blog-post--tags-label\" style=\"display: none;\">Tags:<\/span><\/div><div class=\"n j-comment\"><div id=\"commentsModule12531689226\"><p id=\"skiptoform12531689226\" class=\"skiptoform\"><a href=\"#\" data-id=\"12531689226\" data-action=\"goToForm\">Kommentar schreiben<\/a><\/p><div id=\"numComments12531689226\" class=\"j-blog-comment-counter\">Kommentare: <i class=\"cc-comments-count\">0<\/i><\/div><ul id=\"commentOutput12531689226\" class=\"com-list-noava\"><li id=\"commentFormContainer12531689226\" class=\"commentstd clearover\"><strong class=\"number\">#1<\/strong><br \/><div class=\"com-meta\">\u00a0<\/div><p><a name=\"commentForm12531689226\"><\/a><\/p><div class=\"commententry cc-com-entry\"><form id=\"commentform12531689226\" action=\"\" enctype=\"application\/x-www-form-urlencoded\" method=\"post\"><div><label class=\"required\" for=\"name12531689226\">Name: *<\/label><br \/><input id=\"name12531689226\" class=\"single\" name=\"name\" type=\"text\" value=\"\" \/><\/div><div><label class=\"required\" for=\"comment12531689226\">Eintrag: *<\/label><br \/><textarea id=\"comment12531689226\" cols=\"80\" name=\"comment\" rows=\"6\"><\/textarea><\/div><div><label class=\"required\" for=\"privacyPolicy12531689226\">Es gilt die <a href=\"\/j\/privacy\" target=\"_blank\" rel=\"noopener noreferrer\">Datenschutzerkl\u00e4rung<\/a>. *<\/label><br \/><input name=\"privacyPolicy\" type=\"hidden\" value=\"0\" \/><input id=\"privacyPolicy12531689226\" name=\"privacyPolicy\" type=\"checkbox\" value=\"1\" \/><\/div><div><input id=\"submit12531689226\" name=\"Senden\" type=\"submit\" value=\"Senden\" \/><\/div><dl class=\"zend_form\"><dt id=\"mandFields-label\"><\/dt><\/dl><div style=\"margin-top: 4px;\">* Pflichtfelder<\/div><\/form><\/div><div class=\"c\">\u00a0<\/div><\/li><\/ul><div id=\"commentError12531689226\" class=\"message-error\" style=\"display: none;\">\u00a0<\/div><div id=\"commentSuccess12531689226\" class=\"message-ok\" style=\"display: none;\">\u00a0<\/div><\/div><p><script>\/\/ <![CDATA[ window.regModule(\"module_comment\", {\"data\":{\"id\":\"12531689226\",\"closed\":\"0\",\"captcha\":\"1376ff826d2af6580ec9d51d5be0f27a\",\"avatar\":false,\"lang\":{\"comment\":\"Kommentar\",\"comments\":\"Kommentare\"}}}); \/\/ ]]> <\/script><\/p><\/div><\/article>","_et_gb_content_width":"","footnotes":""},"categories":[10],"tags":[],"class_list":["post-2032","post","type-post","status-publish","format-standard","has-post-thumbnail","hentry","category-frankreich"],"_links":{"self":[{"href":"https:\/\/www.planbwagen.de\/es\/wp-json\/wp\/v2\/posts\/2032","targetHints":{"allow":["GET"]}}],"collection":[{"href":"https:\/\/www.planbwagen.de\/es\/wp-json\/wp\/v2\/posts"}],"about":[{"href":"https:\/\/www.planbwagen.de\/es\/wp-json\/wp\/v2\/types\/post"}],"author":[{"embeddable":true,"href":"https:\/\/www.planbwagen.de\/es\/wp-json\/wp\/v2\/users\/1"}],"replies":[{"embeddable":true,"href":"https:\/\/www.planbwagen.de\/es\/wp-json\/wp\/v2\/comments?post=2032"}],"version-history":[{"count":7,"href":"https:\/\/www.planbwagen.de\/es\/wp-json\/wp\/v2\/posts\/2032\/revisions"}],"predecessor-version":[{"id":7830,"href":"https:\/\/www.planbwagen.de\/es\/wp-json\/wp\/v2\/posts\/2032\/revisions\/7830"}],"wp:featuredmedia":[{"embeddable":true,"href":"https:\/\/www.planbwagen.de\/es\/wp-json\/wp\/v2\/media\/3683"}],"wp:attachment":[{"href":"https:\/\/www.planbwagen.de\/es\/wp-json\/wp\/v2\/media?parent=2032"}],"wp:term":[{"taxonomy":"category","embeddable":true,"href":"https:\/\/www.planbwagen.de\/es\/wp-json\/wp\/v2\/categories?post=2032"},{"taxonomy":"post_tag","embeddable":true,"href":"https:\/\/www.planbwagen.de\/es\/wp-json\/wp\/v2\/tags?post=2032"}],"curies":[{"name":"wp","href":"https:\/\/api.w.org\/{rel}","templated":true}]}}