{"id":1765,"date":"2019-10-15T19:22:51","date_gmt":"2019-10-15T19:22:51","guid":{"rendered":""},"modified":"2020-09-15T08:23:30","modified_gmt":"2020-09-15T08:23:30","slug":"tag-no-42-istas-garden-vila-nova-de-gaia","status":"publish","type":"post","link":"https:\/\/www.planbwagen.de\/es\/portugal\/dia-no-42-jardin-de-istas-vila-nova-de-gaia\/","title":{"rendered":"Tag No. 42 &#8211; ISTAS&#8216; GARDEN &#8211; Vila Nova de Gaia"},"content":{"rendered":"<p>[et_pb_section fb_built=&#8220;1&#8243; _builder_version=&#8220;3.22&#8243;][et_pb_row _builder_version=&#8220;4.5.1&#8243; _module_preset=&#8220;default&#8220; column_structure=&#8220;1_2,1_2&#8243;][et_pb_column _builder_version=&#8220;4.5.1&#8243; _module_preset=&#8220;default&#8220; type=&#8220;1_2&#8243;][et_pb_image src=&#8220;https:\/\/www.planbwagen.de\/wp-content\/uploads\/2020\/09\/2-8.jpg&#8220; _builder_version=&#8220;4.5.1&#8243; _module_preset=&#8220;default&#8220; title_text=&#8220;2&#8243; hover_enabled=&#8220;0&#8243;][\/et_pb_image][\/et_pb_column][et_pb_column _builder_version=&#8220;4.5.1&#8243; _module_preset=&#8220;default&#8220; type=&#8220;1_2&#8243;][et_pb_image src=&#8220;https:\/\/www.planbwagen.de\/wp-content\/uploads\/2020\/09\/3-5.jpg&#8220; _builder_version=&#8220;4.5.1&#8243; _module_preset=&#8220;default&#8220; title_text=&#8220;3&#8243; hover_enabled=&#8220;0&#8243;][\/et_pb_image][\/et_pb_column][\/et_pb_row][et_pb_row _builder_version=&#8220;4.5.1&#8243; _module_preset=&#8220;default&#8220; column_structure=&#8220;1_2,1_2&#8243;][et_pb_column _builder_version=&#8220;4.5.1&#8243; _module_preset=&#8220;default&#8220; type=&#8220;1_2&#8243;][et_pb_image src=&#8220;https:\/\/www.planbwagen.de\/wp-content\/uploads\/2020\/09\/4-5.jpg&#8220; _builder_version=&#8220;4.5.1&#8243; _module_preset=&#8220;default&#8220; title_text=&#8220;4&#8243; hover_enabled=&#8220;0&#8243;][\/et_pb_image][\/et_pb_column][et_pb_column _builder_version=&#8220;4.5.1&#8243; _module_preset=&#8220;default&#8220; type=&#8220;1_2&#8243;][et_pb_text _builder_version=&#8220;4.5.1&#8243; _module_preset=&#8220;default&#8220; hover_enabled=&#8220;0&#8243;]<\/p>\n<p>Despu\u00e9s de la lluvia y el fr\u00edo de los \u00faltimos d\u00edas, nos apetec\u00eda un poco de lujo. Por eso nos dirigimos ayer hacia Oporto. Istas' Garden es un peque\u00f1o camping familiar privado. La p\u00e1gina web del camping, situado a 8 kil\u00f3metros de Oporto, promete proximidad a la playa, parcelas con agua, electricidad, zona de barbacoa, una sala com\u00fan con cocina y lavadora, as\u00ed como una piscina cubierta y climatizada. - Esto \u00faltimo fue decisivo para nuestra elecci\u00f3n.<\/p>\n<p>&nbsp;<\/p>\n<p>[\/et_pb_text][\/et_pb_column][\/et_pb_row][et_pb_row _builder_version=&#8220;4.5.1&#8243; _module_preset=&#8220;default&#8220;][et_pb_column _builder_version=&#8220;4.5.1&#8243; _module_preset=&#8220;default&#8220; type=&#8220;4_4&#8243;][et_pb_text _builder_version=&#8220;4.5.1&#8243; _module_preset=&#8220;default&#8220; hover_enabled=&#8220;0&#8243;]<\/p>\n<p>Als wir ankommen und das Tor per Fernzugriff aufgeht, steht au\u00dfer uns &#8222;nur&#8220; ein Concorde Centurion auf dem kleinen Platz. Also Hector direkt neben einer Landyacht mit Beiboot. Oder soll ich sagen Beiboote. Denn neben dem Porsche gab es noch zwei nette BMW GS in der Garage. &#8211; Man muss sich das mal vor Augen f\u00fchren: 26 Tonnen zul\u00e4ssiges Gesamtgewicht auf 12 Metern verteilt, Fahrzeugbreite von 2,5 Metern, H\u00f6he 3,85 Metern. 6-Zylinder-Motoren mit 476 PS.<\/p>\n<p>[\/et_pb_text][et_pb_text _builder_version=&#8220;4.5.1&#8243; _module_preset=&#8220;default&#8220; hover_enabled=&#8220;0&#8243;]<\/p>\n<p>A su lado est\u00e1 H\u00e9ctor, con su modesta longitud de 4,89 metros y una anchura del veh\u00edculo de 1,90 y una altura de 1,97. No son taca\u00f1os con los n\u00fameros despu\u00e9s del punto decimal. Las 3 toneladas de peso total parecen delgadas y esbeltas, algo que ya hab\u00edamos comprobado el d\u00eda anterior. - H\u00e9ctor no necesita un navegador por sat\u00e9lite para camiones.<\/p>\n<p>Pero volvamos al Centuri\u00f3n. Uno esperar\u00eda que el Conde Coke fuera su vecino. Pero nuestros prejuicios se borran de inmediato. Nuestros vecinos de Aschaffenburg son sencillamente simp\u00e1ticos y parecen tener los pies en la tierra. S\u00f3lo son ciclomotores y campistas apasionados que se dan alg\u00fan capricho en su vejez. Seguro que han trabajado duro para conseguirlo, as\u00ed que se lo merecen.<\/p>\n<p>Entonces llegan nuestros anfitriones. Istas' Garden no s\u00f3lo nos da la bienvenida con una copa de bienvenida, sino que tambi\u00e9n nos obsequian con una botella de vino. El servicio no deja nada que desear.<\/p>\n<p>Torgit und ich genie\u00dfen einen Tag der Ruhe. Erst am Nachmittag machen wir ein kleine Radtour am Strand entlang. &#8211; Ihr habt richtig geh\u00f6rt entlang des Strandes gibt es einen h\u00f6lzernen &#8222;Fu\u00df&#8220;weg auf Stelzen. Da nur ganz selten ein Fu\u00dfg\u00e4nger zu sehen ist, trauen wir uns diesen einfach mit den Fahrr\u00e4dern zu nutzen. Die Aussicht ist einfach genial. Der Weg f\u00fchrt zwischen D\u00fcnen und teilweise direkt auf dem Strand entlang. Eine fantastische Aussicht auf den Strand, die verstreuten Felsen und vor allem auf die Wellen.<\/p>\n<p>[\/et_pb_text][\/et_pb_column][\/et_pb_row][et_pb_row _builder_version=&#8220;4.5.1&#8243; _module_preset=&#8220;default&#8220;][et_pb_column _builder_version=&#8220;4.5.1&#8243; _module_preset=&#8220;default&#8220; type=&#8220;4_4&#8243;][et_pb_image src=&#8220;https:\/\/www.planbwagen.de\/wp-content\/uploads\/2020\/09\/5-4.jpg&#8220; _builder_version=&#8220;4.5.1&#8243; _module_preset=&#8220;default&#8220; title_text=&#8220;5&#8243; hover_enabled=&#8220;0&#8243;][\/et_pb_image][et_pb_text _builder_version=&#8220;4.5.1&#8243; _module_preset=&#8220;default&#8220; hover_enabled=&#8220;0&#8243;]<\/p>\n<p>Nach etwa f\u00fcnf Kilometern kommen wir an unserem Ziel, der &#8222;Chapel of Senhor da Pedra&#8220; an. Die Kapelle Senhor da Pedra befindet sich direkt auf dem Miramar Beach , der Gemeinde Gulpilhares. Dort wurde sie im Jahre 1686 auf einem Felsen am Meer errichtet.<\/p>\n<p>El destino ideal para una escapada a la playa. Se dice que la capilla se alza en un lugar donde antes se veneraba a deidades paganas. Entonces, \u00bfse ha sustituido simplemente al dios? \u00bfEs eso posible? - Casi todas las religiones afirman que s\u00f3lo hay un Dios. - Si eso es cierto, entonces siempre es el mismo, \u00bfno? \u00bfEntonces realmente no importar\u00eda...? \u00bfQuiz\u00e1s alguien quiera darme una respuesta?<\/p>\n<p>Son este tipo de preguntas sobre la vida las que nos preocupan actualmente. - Otra pregunta sin respuesta surgi\u00f3 tambi\u00e9n en nuestro pen\u00faltimo lugar en el parque. Por la ma\u00f1ana, un caracol grande y gordo estaba sentado en nuestra alfombra, en el escal\u00f3n de la puerta corredera. - \u00bfC\u00f3mo llega ah\u00ed un caracol? No se cae de un \u00e1rbol. \u00bfPor la noche, sobre los neum\u00e1ticos, los frenos, boca abajo, por los bajos? - No lo sabemos.<\/p>\n<p>*In Bezug auf den Centurion stellt sich uns nat\u00fcrlich noch die Frage, was g\u00f6nnt man sich im Alter? Vielleicht wird einem der Bulli irgendwann doch ein wenig eng. &#8211; Wobei uns ja bereits ein Paar mit \u00fcber 80 auf dieser Strecke bewiesen hat, das es geht. Uns gef\u00e4llt die u.a. Studie von HYMER ganz gut. Das w\u00fcrde uns reichen. \ud83d\ude09<\/p>\n<p>\u00bfQu\u00e9 le parece?<\/p>\n<p>Insight del d\u00eda: Primero nos descalzamos en la playa, al fin y al cabo, eso es lo que se hace en casa.<\/p>\n<p>[\/et_pb_text][et_pb_video _builder_version=&#8220;4.5.1&#8243; _module_preset=&#8220;default&#8220; src=&#8220<div class=\"ikn-evt-container\">\r\n    <iframe\r\n            width=\"100%\"\r\n            class=\"ikn-evt-iframe\"\r\n            srcdoc=\"<style>\n    * {\n    padding:0;\n    margin:0;\n    overflow:hidden\n}\n\nhtml, body {\n    height:100%\n}\n\n.ikn-evt-container {\n    position: relative;\n    padding-bottom: 56.25%;\n    height: 0;\n}\n\n.ikn-evt-container iframe {\n    position: absolute;\n    top: 0;\n    left: 0;\n    width: 100%;\n    height: 100%;\n}\n\n.ikn-evt-frame {\n    display: block;\n    position: relative;\n    padding-bottom: 56.23%;\n    height: 0;\n    overflow: hidden;\n    max-width: 100%;\n    background: #000;\n}\n\n.ikn-evt-frame img.ikn-evt-thumbnail {\n    bottom: 0;\n    display: block;\n    left: 0;\n    margin: auto;\n    max-width: 100%;\n    width: 100%;\n    position: absolute;\n    right: 0;\n    top: 0;\n    border: none;\n    height: auto;\n    cursor: pointer;\n    -webkit-transition: .4s all;\n    -moz-transition: .4s all;\n    transition: .4s all;\n}\n\n.ikn-evt-frame[data-source=youtube] img.ikn-evt-thumbnail {\n    top: -63px;\n    bottom: -63px;\n}\n\n.ikn-evt-frame:hover img.ikn-evt-thumbnail {\n    -webkit-filter: brightness(75%);\n}\n\n.ikn-evt-frame .ikn-evt-play-button {\n    height: 20%;\n    width: 13%;\n    left: 44%;\n    top: 42%;\n    position: absolute;\n    cursor: pointer;\n    z-index: 1;\n    background-size: contain !important;\n}\n\n.ikn-evt-frame .ikn-evt-heading {\n    width: 100%;\n    position: absolute;\n    top: 0;\n    background: rgba(0, 0, 0, .5);\n    left: 0;\n    padding: 0.7em;\n    box-sizing: border-box;\n}\n\n.ikn-evt-frame .ikn-evt-heading .ikn-evt-heading-title {\n    font-weight: bold;\n    font-size: 1.5em;\n    color: #FFFFFF;\n    line-height: 30px;\n    margin: 0;\n    cursor: pointer;\n}.ikn-evt-frame[data-source=youtube] \r\n            .ikn-evt-play-button {background:url('https:\/\/www.planbwagen.de\/wp-content\/plugins\/embed-video-thumbnail\/assets\/images\/youtube-72-72.png') no-repeat;}.ikn-evt-frame[data-source=vimeo] \r\n            .ikn-evt-play-button {background:url('https:\/\/www.planbwagen.de\/wp-content\/plugins\/embed-video-thumbnail\/assets\/images\/play-default.png') no-repeat;}.ikn-evt-frame[data-source=dailymotion] \r\n            .ikn-evt-play-button {background:url('https:\/\/www.planbwagen.de\/wp-content\/plugins\/embed-video-thumbnail\/assets\/images\/play-default.png') no-repeat;}.ikn-evt-frame[data-source=facebook] \r\n            .ikn-evt-play-button {background:url('https:\/\/www.planbwagen.de\/wp-content\/plugins\/embed-video-thumbnail\/assets\/images\/play-default.png') no-repeat;}<\/style><div    class='ikn-evt-frame'    data-source='youtube'>    <a class='ikn-evt-link' href='\/\/www.youtube-nocookie.com\/embed\/gLoCHhPPC_Q?controls=1&autoplay=1&enablejsapi=1&rel=1'>        <span class='ikn-evt-play-button'><\/span>                    <img                class='ikn-evt-thumbnail'                src='\/wp-content\/uploads\/ikana-embed-video-thumbnail\/youtube\/gLoCHhPPC_Q-hqdefault.jpg'                alt='gLoCHhPPC_Q'            \/>                    <\/a><\/div><script>\n    document\n        .querySelector('.ikn-evt-link')\n        .addEventListener('click', function(e) {\n                e.preventDefault();\n                e.stopPropagation();\n                window.location.replace(this.href);\n                return false;\n            }\n        )\n    ;\n<\/script>\"\r\n            frameborder=\"0\"\r\n            allow=\"accelerometer; encrypted-media; gyroscope; picture-in-picture\"\r\n            allowfullscreen\r\n title=\"gLoCHhPPC_Q\"\r\n            loading=\"lazy\"\r\n            src=\"\/\/www.youtube-nocookie.com\/embed\/gLoCHhPPC_Q?controls=1&autoplay=1&enablejsapi=1&rel=1\"\r\n    ><\/iframe>\r\n<\/div>038;feature=emb_title&#8220; hover_enabled=&#8220;0&#8243;][\/et_pb_video][\/et_pb_column][\/et_pb_row][\/et_pb_section]<\/p>","protected":false},"excerpt":{"rendered":"<p>[et_pb_section fb_built=&#8220;1&#8243; _builder_version=&#8220;3.22&#8243;][et_pb_row _builder_version=&#8220;4.5.1&#8243; _module_preset=&#8220;default&#8220; column_structure=&#8220;1_2,1_2&#8243;][et_pb_column _builder_version=&#8220;4.5.1&#8243; _module_preset=&#8220;default&#8220; type=&#8220;1_2&#8243;][et_pb_image src=&#8220;https:\/\/www.planbwagen.de\/wp-content\/uploads\/2020\/09\/2-8.jpg&#8220; _builder_version=&#8220;4.5.1&#8243; _module_preset=&#8220;default&#8220; title_text=&#8220;2&#8243; hover_enabled=&#8220;0&#8243;][\/et_pb_image][\/et_pb_column][et_pb_column _builder_version=&#8220;4.5.1&#8243; _module_preset=&#8220;default&#8220; type=&#8220;1_2&#8243;][et_pb_image src=&#8220;https:\/\/www.planbwagen.de\/wp-content\/uploads\/2020\/09\/3-5.jpg&#8220; _builder_version=&#8220;4.5.1&#8243; _module_preset=&#8220;default&#8220; title_text=&#8220;3&#8243; hover_enabled=&#8220;0&#8243;][\/et_pb_image][\/et_pb_column][\/et_pb_row][et_pb_row _builder_version=&#8220;4.5.1&#8243; _module_preset=&#8220;default&#8220; column_structure=&#8220;1_2,1_2&#8243;][et_pb_column _builder_version=&#8220;4.5.1&#8243; _module_preset=&#8220;default&#8220; type=&#8220;1_2&#8243;][et_pb_image src=&#8220;https:\/\/www.planbwagen.de\/wp-content\/uploads\/2020\/09\/4-5.jpg&#8220; _builder_version=&#8220;4.5.1&#8243; _module_preset=&#8220;default&#8220; title_text=&#8220;4&#8243; hover_enabled=&#8220;0&#8243;][\/et_pb_image][\/et_pb_column][et_pb_column _builder_version=&#8220;4.5.1&#8243; _module_preset=&#8220;default&#8220; type=&#8220;1_2&#8243;][et_pb_text _builder_version=&#8220;4.5.1&#8243; _module_preset=&#8220;default&#8220; hover_enabled=&#8220;0&#8243;] Nach Regen und K\u00e4lte der vergangenen Tage, haben wir uns doch ein wenig nach Luxus gesehnt. [&hellip;]<\/p>","protected":false},"author":1,"featured_media":3985,"comment_status":"open","ping_status":"open","sticky":false,"template":"","format":"standard","meta":{"_et_pb_use_builder":"on","_et_pb_old_content":"<div id=\"content_start\">\u00a0<\/div><article class=\"j-blog\"><div class=\"n j-blog-meta j-blog-post--header\"><div class=\"j-text j-module n\"><a class=\"j-blog-post--category\" href=\"https:\/\/www.gluecksmuskel.de\/hectors-reisen\/portugal\/\"> Portugal <\/a> \u00a0\u00b7\u00a0 <span class=\"j-text j-blog-post--date\"> 15. Oktober 2019 <\/span><\/div><h1 class=\"j-blog-header j-blog-headline j-blog-post--headline\">Tag No. 42 - ISTAS' GARDEN - Vila Nova de Gaia<\/h1><\/div><div class=\"post j-blog-content\"><div id=\"cc-matrix-3599121726\"><div id=\"cc-m-12573492426\" class=\"j-module n j-spacing \"><div class=\"cc-m-spacer\" style=\"height: 20px;\">\u00a0<\/div><\/div><div id=\"cc-m-12541457226\" class=\"j-module n j-gallery \"><div id=\"cc-m-gallery-12541457226\" class=\"cc-m-gallery-container cc-m-gallery-cool clearover\"><div id=\"gallery_thumb_8104106726\" class=\"cc-m-gallery-cool-item\"><div><a rel=\"lightbox[12541457226]\" data-href=\"https:\/\/planbwagen.de\/wp-content\/uploads\/attachments\/image.jpg\" data-title=\"\" data-index=\"0\"> <img style=\"height: 277px; width: 370px; margin-bottom: 3px;\" src=\"https:\/\/planbwagen.de\/wp-content\/uploads\/2020\/07\/image-9-9-7-3.jpg\" alt=\"\" data-orig-width=\"2048\" data-orig-height=\"1536\" \/> <\/a><\/div><\/div><div id=\"gallery_thumb_8104106926\" class=\"cc-m-gallery-cool-item\"><div><a rel=\"lightbox[12541457226]\" data-href=\"https:\/\/planbwagen.de\/wp-content\/uploads\/attachments\/image.jpg\" data-title=\"\" data-index=\"1\"> <img style=\"height: 176px; width: 132px; margin-bottom: 3px; margin-right: 3px;\" src=\"https:\/\/planbwagen.de\/wp-content\/uploads\/2020\/07\/image-2-1-0-5.jpg\" alt=\"\" data-orig-width=\"1536\" data-orig-height=\"2048\" \/> <\/a><\/div><\/div><div id=\"gallery_thumb_8104107026\" class=\"cc-m-gallery-cool-item\"><div><a rel=\"lightbox[12541457226]\" data-href=\"https:\/\/planbwagen.de\/wp-content\/uploads\/attachments\/image.jpg\" data-title=\"\" data-index=\"2\"> <img style=\"height: 176px; width: 235px; margin-bottom: 3px;\" src=\"https:\/\/planbwagen.de\/wp-content\/uploads\/2020\/07\/image-3-8-9-3-3.jpg\" alt=\"\" data-orig-width=\"2048\" data-orig-height=\"1536\" \/> <\/a><\/div><\/div><\/div><\/div><div id=\"cc-m-12541932326\" class=\"j-module n j-spacing \"><div class=\"cc-m-spacer\" style=\"height: 28px;\">\u00a0<\/div><\/div><div id=\"cc-m-12541802626\" class=\"j-module n j-textWithImage \"><figure class=\"cc-imagewrapper cc-m-image-align-1\"><img id=\"cc-m-textwithimage-image-12541802626\" class=\"\" src=\"https:\/\/planbwagen.de\/wp-content\/uploads\/2020\/07\/image-8-5-9-2.jpg\" sizes=\"(min-width: 520px) 520px, 100vw\" alt=\"\" data-src-width=\"4032\" data-src-height=\"3024\" data-src=\"https:\/\/planbwagen.de\/wp-content\/uploads\/2020\/07\/image-8-5-9-2.jpg\" data-image-id=\"8104360926\" data-pfsrc=\"https:\/\/planbwagen.de\/wp-content\/uploads\/2020\/07\/image-8-5-9-2.jpg\" \/><\/figure><div><div id=\"cc-m-textwithimage-12541802626\" class=\"cc-m-textwithimage-inline-rte\" data-name=\"text\" data-action=\"text\"><p>Nach Regen und K\u00e4lte der\u00a0vergangenen Tage, haben wir uns doch ein wenig nach Luxus gesehnt. Deshalb haben wir uns gestern auf den Weg in Richtung Porto gemacht. Istas\u2018 Garden ist ein privater, kleiner Familiencampingplatz. Die Homepage, des 8 km von Porto entfernten Platzes, verspricht\u00a0 Strandn\u00e4he, Stellpl\u00e4tze mit Wasser, Strom, Grillplatz, einem Gemeinschaftsraum mit K\u00fcche und Waschmaschine, sowie ein beheizter und \u00fcberdachter Pool. - Letzteres war ausschlaggebend f\u00fcr unsere Wahl.<\/p><p>\u00a0<\/p><p>Als wir ankommen und das Tor per Fernzugriff aufgeht, steht au\u00dfer uns \"nur\" ein Concorde Centurion auf dem kleinen Platz. Also Hector direkt neben einer Landyacht mit Beiboot.\u00a0Oder soll ich sagen Beiboote. Denn neben dem Porsche gab es noch zwei nette BMW GS in der Garage. - Man muss sich das mal vor Augen f\u00fchren: 26 Tonnen zul\u00e4ssiges Gesamtgewicht auf 12 Metern verteilt, Fahrzeugbreite von 2,5 Metern, H\u00f6he 3,85 Metern. 6-Zylinder-Motoren mit 476 PS.<\/p><p>\u00a0<\/p><p>Daneben Hector mit seiner bescheidenen L\u00e4nge von\u00a0 4,89 Metern und einer Fahrzeugbreite von\u00a0 1,90 und H\u00f6he 1,97. Da geizt man nicht mit Zahlen hinter dem Komma. Da wirken die 3 Tonnen Gesamtgewicht doch direkt rank und schlank, was wir ja schon am Vortag bewiesen haben. - Hector braucht kein Lkw Navi.<\/p><p>\u00a0<\/p><p>Doch zur\u00fcck zum Centurion. Da erwartet man doch Graf Koks als Nachbarn. Doch unsere Vorurteile werden direkt weggewischt. Unsere Nachbarn aus Aschaffenburg sind einfach nett und wirken bodenst\u00e4ndig. Halt Mopedfahrer und Camper aus Leidenschaft, welche sich im Alter ein wenig g\u00f6nnen. Sicherlich haben sie daf\u00fcr hart gearbeitet, deshalb sei es ihnen geg\u00f6nnt.*<\/p><p>\u00a0<\/p><p>Dann kommen\u00a0auch unsere Gastgeber. Istas\u2018 Garden empf\u00e4ngt uns nicht nur mit Welcome Drink, wir bekommen auch noch eine Flasche Wein geschenkt. Der Service l\u00e4sst keine W\u00fcnsche offen.<\/p><p>\u00a0<\/p><p>Torgit und ich genie\u00dfen einen Tag der Ruhe. Erst am Nachmittag machen wir ein kleine Radtour am Strand entlang. - Ihr habt richtig geh\u00f6rt entlang des Strandes gibt es einen h\u00f6lzernen \"Fu\u00df\"weg auf Stelzen. Da nur ganz selten ein Fu\u00dfg\u00e4nger zu sehen ist, trauen wir uns diesen einfach mit den Fahrr\u00e4dern zu nutzen. Die Aussicht ist einfach genial. Der Weg f\u00fchrt zwischen D\u00fcnen und teilweise direkt auf dem Strand entlang. Eine fantastische Aussicht auf den Strand, die verstreuten Felsen und vor allem auf die Wellen.<\/p><p>\u00a0<\/p><\/div><\/div><div class=\"cc-clear\">\u00a0<\/div><\/div><div id=\"cc-m-12541931826\" class=\"j-module n j-imageSubtitle \"><figure class=\"cc-imagewrapper cc-m-image-align-1 cc-m-width-maxed\"><img id=\"cc-m-imagesubtitle-image-12541931826\" class=\"\" src=\"https:\/\/planbwagen.de\/wp-content\/uploads\/2020\/07\/image-7-9-7.jpg\" sizes=\"(min-width: 1040px) 1040px, 100vw\" alt=\"\" data-src-width=\"4056\" data-src-height=\"2280\" data-src=\"https:\/\/planbwagen.de\/wp-content\/uploads\/2020\/07\/image-7-9-7.jpg\" data-image-id=\"8104460226\" data-pfsrc=\"https:\/\/planbwagen.de\/wp-content\/uploads\/2020\/07\/image-7-9-7.jpg\" \/><\/figure><div class=\"cc-clear\">\u00a0<\/div><\/div><div id=\"cc-m-12541931426\" class=\"j-module n j-text \"><p>\u00a0<\/p><p>Nach etwa f\u00fcnf Kilometern kommen wir an unserem Ziel, der \"Chapel of Senhor da Pedra\" an.\u00a0Die Kapelle Senhor da Pedra befindet sich\u00a0direkt auf dem Miramar Beach , der Gemeinde Gulpilhares. Dort wurde sie im Jahre 1686 auf einem Felsen am Meer errichtet.<\/p><p>Das ideale Ziel f\u00fcr einen kleinen Ausflug an den Strand. Angeblich steht die Kapelle an einem Ort, an dem schon vorher heidnische Gottheiten verehrt wurden. Hat man somit einfach den Gott ausgetauscht? Geht das eigentlich? - Fast alle Religionen, behaupten doch von sich, es gibt nur einen Gott. - Wenn das stimmt, ist es doch immer derselbe, oder? Dann w\u00e4re es doch fast schon egal...? Vielleicht m\u00f6chte mir ja jemand eine Antwort geben?<\/p><p>\u00a0<\/p><p>Es sind solche Fragen des Lebens, die uns zur Zeit besch\u00e4ftigen. - Eine weitere unbeantwortete Frage ergab sich auch unserem vorletzten Platz im Park. Morgens sa\u00df eine dicke, fette Schnecke auf unserem Teppich, auf der Trittstufe der Schiebet\u00fcr. - Wie schafft es eine Schnecke dorthin? Sie f\u00e4llt ja nicht vom Baum. Nachts \u00fcber die Reifen, Bremsen, kopf\u00fcber, dem Unterboden entlang? - Wir wissen es nicht!<\/p><p>\u00a0<\/p><p>*In Bezug auf den Centurion stellt sich uns nat\u00fcrlich noch die Frage, was g\u00f6nnt man sich im Alter?\u00a0Vielleicht wird einem der Bulli irgendwann doch ein wenig eng. - Wobei uns ja bereits ein Paar mit \u00fcber 80 auf dieser Strecke bewiesen hat, das es geht. Uns gef\u00e4llt die u.a. Studie von\u00a0HYMER ganz gut. Das w\u00fcrde uns reichen. ;-)<\/p><p>\u00a0<\/p><p>Was haltet Ihr davon?<\/p><p>\u00a0<\/p><p>Erkenntnis des Tages:\u00a0Am Strand\u00a0ziehen wir erst einmal die Schuhe aus, das macht man schlie\u00dflich ZuHause.<\/p><p>\u00a0<\/p><\/div><div id=\"cc-m-12541764726\" class=\"j-module n j-video \"><div class=\"cc-m-video-gutter cc-m-video-align-left cc-m-video-ratio-2\" style=\"width: 1040px;\"><div class=\"cc-m-video-wrapper\"><p><iframe id=\"cc-m-video-container-12541764726\" class=\"cc-m-video-container\" src=\"https:\/\/www.youtube-nocookie.com\/embed\/gLoCHhPPC_Q?wmode=transparent&vq=hd1080\" frameborder=\"0\" allowfullscreen=\"allowfullscreen\">             <\/iframe><\/p><div class=\"cc-m-video-overlay\">\u00a0<\/div><\/div><\/div><div class=\"cc-clear\">\u00a0<\/div><\/div><div id=\"cc-m-12573492626\" class=\"j-module n j-text \"><p style=\"text-align: right;\"><a class=\"j-calltoaction-link j-calltoaction-link-style-2\" style=\"font-size: 16px; background-color: #ffcc00; border-width: 2px; border-color: #ffcc00; color: #ffffff; user-select: text; padding: 10px 20px; line-height: 1.5; border-radius: 0px; -webkit-appearance: none; margin: 1em 0px;\" title=\"Tag No. 43 - Porto\" href=\"\/2019\/10\/16\/tag-no-43-porto\/\" data-action=\"button\" data-title=\"Sunny Side Up\"> Sunny Side Up\u00a0 \u00a0\u00a0<\/a><\/p><p style=\"text-align: right;\"><a class=\"j-calltoaction-link j-calltoaction-link-style-2\" style=\"background-color: #ffcc00; border-width: 2px; border-color: #ffcc00; color: #ffffff; user-select: text; padding: 10px 20px; font-size: 16px; line-height: 1.5; border-radius: 0px; -webkit-appearance: none; margin: 1em 0px;\" title=\"Tag No. 41 - Jeder Tag ist ein guter Tag ...\" href=\"\/2019\/10\/14\/tag-no-41-jeder-tag-ist-ein-guter-tag\/\" data-action=\"button\" data-title=\"Sunny Side Down\"> Sunny Side Down\u00a0 \u00a0\u00a0<\/a><\/p><\/div><\/div><\/div><div class=\"j-module n j-text j-blog-post--tags-wrapper\"><span class=\"j-blog-post--tags--template\" style=\"display: none;\"><a class=\"j-blog-post--tag\" href=\"https:\/\/www.gluecksmuskel.de\/hectors-reisen\/?tag=tagPlaceholder\">tagPlaceholder<\/a><\/span><span class=\"j-blog-post--tags-label\" style=\"display: none;\">Tags:<\/span><\/div><div class=\"n j-comment\"><div id=\"commentsModule12541270226\"><p id=\"skiptoform12541270226\" class=\"skiptoform\"><a href=\"#\" data-id=\"12541270226\" data-action=\"goToForm\">Kommentar schreiben<\/a><\/p><div id=\"numComments12541270226\" class=\"j-blog-comment-counter\">Kommentare: <i class=\"cc-comments-count\">0<\/i><\/div><ul id=\"commentOutput12541270226\" class=\"com-list-noava\"><li id=\"commentFormContainer12541270226\" class=\"commentstd clearover\"><strong class=\"number\">#1<\/strong><br \/><div class=\"com-meta\">\u00a0<\/div><p><a name=\"commentForm12541270226\"><\/a><\/p><div class=\"commententry cc-com-entry\"><form id=\"commentform12541270226\" action=\"\" enctype=\"application\/x-www-form-urlencoded\" method=\"post\"><div><label class=\"required\" for=\"name12541270226\">Name: *<\/label><br \/><input id=\"name12541270226\" class=\"single\" name=\"name\" type=\"text\" value=\"\" \/><\/div><div><label class=\"required\" for=\"comment12541270226\">Eintrag: *<\/label><br \/><textarea id=\"comment12541270226\" cols=\"80\" name=\"comment\" rows=\"6\"><\/textarea><\/div><div><label class=\"required\" for=\"privacyPolicy12541270226\">Es gilt die <a href=\"\/j\/privacy\" target=\"_blank\" rel=\"noopener noreferrer\">Datenschutzerkl\u00e4rung<\/a>. *<\/label><br \/><input name=\"privacyPolicy\" type=\"hidden\" value=\"0\" \/><input id=\"privacyPolicy12541270226\" name=\"privacyPolicy\" type=\"checkbox\" value=\"1\" \/><\/div><div><input id=\"submit12541270226\" name=\"Senden\" type=\"submit\" value=\"Senden\" \/><\/div><dl class=\"zend_form\"><dt id=\"mandFields-label\"><\/dt><\/dl><div style=\"margin-top: 4px;\">* Pflichtfelder<\/div><\/form><\/div><div class=\"c\">\u00a0<\/div><\/li><\/ul><div id=\"commentError12541270226\" class=\"message-error\" style=\"display: none;\">\u00a0<\/div><div id=\"commentSuccess12541270226\" class=\"message-ok\" style=\"display: none;\">\u00a0<\/div><\/div><p><script>\/\/ <![CDATA[ window.regModule(\"module_comment\", {\"data\":{\"id\":\"12541270226\",\"closed\":\"0\",\"captcha\":\"1fa0be252e3dbf0d1622ea37b7ae38a2\",\"avatar\":false,\"lang\":{\"comment\":\"Kommentar\",\"comments\":\"Kommentare\"}}}); \/\/ ]]> <\/script><\/p><\/div><\/article>","_et_gb_content_width":"","footnotes":""},"categories":[8],"tags":[],"class_list":["post-1765","post","type-post","status-publish","format-standard","has-post-thumbnail","hentry","category-portugal"],"_links":{"self":[{"href":"https:\/\/www.planbwagen.de\/es\/wp-json\/wp\/v2\/posts\/1765","targetHints":{"allow":["GET"]}}],"collection":[{"href":"https:\/\/www.planbwagen.de\/es\/wp-json\/wp\/v2\/posts"}],"about":[{"href":"https:\/\/www.planbwagen.de\/es\/wp-json\/wp\/v2\/types\/post"}],"author":[{"embeddable":true,"href":"https:\/\/www.planbwagen.de\/es\/wp-json\/wp\/v2\/users\/1"}],"replies":[{"embeddable":true,"href":"https:\/\/www.planbwagen.de\/es\/wp-json\/wp\/v2\/comments?post=1765"}],"version-history":[{"count":7,"href":"https:\/\/www.planbwagen.de\/es\/wp-json\/wp\/v2\/posts\/1765\/revisions"}],"predecessor-version":[{"id":7819,"href":"https:\/\/www.planbwagen.de\/es\/wp-json\/wp\/v2\/posts\/1765\/revisions\/7819"}],"wp:featuredmedia":[{"embeddable":true,"href":"https:\/\/www.planbwagen.de\/es\/wp-json\/wp\/v2\/media\/3985"}],"wp:attachment":[{"href":"https:\/\/www.planbwagen.de\/es\/wp-json\/wp\/v2\/media?parent=1765"}],"wp:term":[{"taxonomy":"category","embeddable":true,"href":"https:\/\/www.planbwagen.de\/es\/wp-json\/wp\/v2\/categories?post=1765"},{"taxonomy":"post_tag","embeddable":true,"href":"https:\/\/www.planbwagen.de\/es\/wp-json\/wp\/v2\/tags?post=1765"}],"curies":[{"name":"wp","href":"https:\/\/api.w.org\/{rel}","templated":true}]}}