{"id":1732,"date":"2019-10-20T19:22:49","date_gmt":"2019-10-20T19:22:49","guid":{"rendered":""},"modified":"2020-09-15T08:22:12","modified_gmt":"2020-09-15T08:22:12","slug":"tag-no-46-und-47-obidos-und-peniche","status":"publish","type":"post","link":"https:\/\/www.planbwagen.de\/es\/portugal\/dia-no-46-y-47-obidos-y-peniche\/","title":{"rendered":"D\u00edas 46 y 47 - \u00d3bidos y Peniche"},"content":{"rendered":"<p>[et_pb_section fb_built=&#8220;1&#8243; _builder_version=&#8220;3.22&#8243;][et_pb_row _builder_version=&#8220;4.5.1&#8243; _module_preset=&#8220;default&#8220;][et_pb_column _builder_version=&#8220;4.5.1&#8243; _module_preset=&#8220;default&#8220; type=&#8220;4_4&#8243;][et_pb_text _builder_version=&#8220;4.5.1&#8243; _module_preset=&#8220;default&#8220; hover_enabled=&#8220;0&#8243;]<\/p>\n<p>Ayer fue un d\u00eda muy relajado. Como estuvo lloviendo la mayor parte del tiempo, nos limitamos a pasar un rato en la furgoneta y sus alrededores. Estoy seguro de que en el blog siempre parece que viajar signifique tom\u00e1rselo con calma o holgazanear. - Es menos de lo que nos gustar\u00eda. - Como tenemos que ahorrar energ\u00eda, nos adaptamos cada vez m\u00e1s al sol y a la luz del d\u00eda. - Aqu\u00ed el sol no sale hasta poco antes de las 8 de la ma\u00f1ana. Para poder fregar los platos de la cena a la luz del d\u00eda, intentamos haber encontrado un lugar para pasar la noche hacia las 18.00 horas. Esto se debe a que el sol ya se ha puesto a las 19.30. Aunque poco a poco vamos encontrando nuestro sistema, empaquetar y desempaquetar sigue llevando mucho tiempo. No es una queja, sino una observaci\u00f3n. Porque cada vez disfrutamos m\u00e1s de nuestro peque\u00f1o hogar.<\/p>\n<p>Hoy he tenido tiempo de escribir el blog de ayer y simplemente leerlo. En los \u00faltimos d\u00edas me he dado cuenta de que es m\u00e1s importante para m\u00ed mejorar mi ingl\u00e9s que aprender espa\u00f1ol. Por eso he vuelto a coger deliberadamente el libro \"Schieb das Schaf\" de Oliver Geiselhart.<\/p>\n<p>Aparte de eso, de vez en cuando nos preguntamos qu\u00e9 echamos de menos de casa. La verdad es que no son los muebles de dise\u00f1o, ni los trajes, corbatas y zapatos finos. Incluso s\u00f3lo echo de menos en cierta medida nuestra vieja cafetera italiana. Si tuviera que elegir entre un caf\u00e9 de nuestra Bialetti, aqu\u00ed en la playa, o del Rocket, con las prisas habituales del trabajo en casa, sabr\u00eda la respuesta.<\/p>\n<p>Cuando pens\u00e1bamos en este viaje, a Torgit le preocupaba que yo s\u00f3lo viajara por ella. Y s\u00ed, tengo que admitir que me preocupaba empezar a a\u00f1orar el trabajo al cabo de tres semanas como m\u00e1ximo. Cualquiera que, como yo, haya pasado o pase 60 o 70 horas a la semana en el trabajo sabe hasta qu\u00e9 punto todo su entorno est\u00e1 determinado por \u00e9ste. La mayor\u00eda de los coaches coinciden en una afirmaci\u00f3n: \"Eres la suma de las cinco personas que m\u00e1s te rodean\". - En mi caso, se trataba principalmente de personas de negocios que ten\u00edan tanto empuje como yo. Personas apasionadas por lo que hacen. Igual que a m\u00ed me apasion\u00f3 mi trabajo durante a\u00f1os, porque nunca fue s\u00f3lo un trabajo, era mi vocaci\u00f3n. Pero hoy me alegro de haber cambiado en el momento adecuado. Si se preguntan si H\u00e4usgen est\u00e1 agotado, gracias a Dios puedo decirles que no. Ahora le apasionan m\u00e1s las hogueras. \u00bfMe arrepiento de algo por eso? No, no me arrepiento. Todo tiene su tiempo.<\/p>\n<p>En estos momentos recibo a menudo comentarios del tipo \"si pudiera permit\u00edrmelo econ\u00f3micamente, me ir\u00eda de gira\". La independencia econ\u00f3mica ayuda. Pero la pregunta es: \u00bfqu\u00e9 necesito realmente? - Seguimos buscando una respuesta.<\/p>\n<p>Pero hoy ya sabemos que es mucho menos de lo que pensamos.<\/p>\n<p>Por fin dej\u00f3 de llover durante la noche. En su lugar, hubo una tormenta con granizo. Eso es lo que yo llamo un cambio.<\/p>\n<p>[\/et_pb_text][\/et_pb_column][\/et_pb_row][et_pb_row _builder_version=&#8220;4.5.1&#8243; _module_preset=&#8220;default&#8220; column_structure=&#8220;1_2,1_2&#8243;][et_pb_column _builder_version=&#8220;4.5.1&#8243; _module_preset=&#8220;default&#8220; type=&#8220;1_2&#8243;][et_pb_image src=&#8220;https:\/\/www.planbwagen.de\/wp-content\/uploads\/2020\/09\/1-13.jpg&#8220; _builder_version=&#8220;4.5.1&#8243; _module_preset=&#8220;default&#8220; title_text=&#8220;1&#8243; hover_enabled=&#8220;0&#8243;][\/et_pb_image][\/et_pb_column][et_pb_column _builder_version=&#8220;4.5.1&#8243; _module_preset=&#8220;default&#8220; type=&#8220;1_2&#8243;][et_pb_image src=&#8220;https:\/\/www.planbwagen.de\/wp-content\/uploads\/2020\/09\/3-9.jpg&#8220; _builder_version=&#8220;4.5.1&#8243; _module_preset=&#8220;default&#8220; title_text=&#8220;3&#8243; hover_enabled=&#8220;0&#8243;][\/et_pb_image][\/et_pb_column][\/et_pb_row][et_pb_row _builder_version=&#8220;4.5.1&#8243; _module_preset=&#8220;default&#8220;][et_pb_column _builder_version=&#8220;4.5.1&#8243; _module_preset=&#8220;default&#8220; type=&#8220;4_4&#8243;][et_pb_text _builder_version=&#8220;4.5.1&#8243; _module_preset=&#8220;default&#8220; hover_enabled=&#8220;0&#8243;]<\/p>\n<p>Hoy salimos en direcci\u00f3n a Peniche. Por el camino, descubrimos una antigua muralla. Poco despu\u00e9s, llegamos a \u00d3bidos. Esta ciudad fortificada, que data de la \u00e9poca romana, merece sin duda una visita. En un domingo como \u00e9ste, puede haber muchos turistas, pero si se aleja de la calle principal de la ciudad, encontrar\u00e1 r\u00e1pidamente lugares tranquilos. Las callejuelas est\u00e1n desiertas. - Nos llam\u00f3 especialmente la atenci\u00f3n una librer\u00eda. En un edificio parecido a un granero, hay cajas colocadas en todas las paredes exteriores a modo de estanter\u00edas. Adem\u00e1s de libros de Portugal, tambi\u00e9n hay de todo el mundo. En el centro hay una especie de fruter\u00eda ecol\u00f3gica, sencillamente encantadora. - Unos metros m\u00e1s adelante, encontramos una especie de galer\u00eda. Las obras de arte expuestas son instrumentos musicales. Entre ellos, cajas de m\u00fasica de un tipo especial. Convertidas en una especie de gram\u00f3fono, los sonidos de estos aparatos en miniatura se amplifican maravillosamente. No es s\u00f3lo para ni\u00f1os, sino para todos los j\u00f3venes de coraz\u00f3n.<\/p>\n<p>Wir lassen uns eine Zeit lang durch die kleinen Gassen treiben. Als besonders sch\u00f6n haben wir ein kleines Restaurant, direkt an einer Pforte durch die Stadtmauer empfunden. In &#8222;Bier&#8220;garten des Restaurants steht ein riesiger Limettenbaum. Wir mussten uns zusammen rei\u00dfen, um nicht gleich zu ernten. Die Festung selbst, beziehungsweise Stadtmauer sind ebenfalls spannend anzuschauen. Nach unserer Erkundungstour nutzen wir die Gelegenheit, um ausgiebig zu fr\u00fchst\u00fccken und ziehen danach weiter.<\/p>\n<p>El Campeonato Mundial de Surf se est\u00e1 celebrando actualmente en Peniche. En consecuencia, la ciudad est\u00e1 abarrotada. No hay forma de llegar al punto de surf. As\u00ed que conducimos hasta un acantilado a las afueras y disfrutamos de las \u00faltimas horas de sol. Despu\u00e9s de varios d\u00edas de lluvia, el sol nos sienta de maravilla.<\/p>\n<p>[\/et_pb_text][\/et_pb_column][\/et_pb_row][et_pb_row _builder_version=&#8220;4.5.1&#8243; _module_preset=&#8220;default&#8220; column_structure=&#8220;1_3,1_3,1_3&#8243;][et_pb_column _builder_version=&#8220;4.5.1&#8243; _module_preset=&#8220;default&#8220; type=&#8220;1_3&#8243;][et_pb_image src=&#8220;https:\/\/www.planbwagen.de\/wp-content\/uploads\/2020\/09\/4-8.jpg&#8220; _builder_version=&#8220;4.5.1&#8243; _module_preset=&#8220;default&#8220; title_text=&#8220;4&#8243; hover_enabled=&#8220;0&#8243;][\/et_pb_image][\/et_pb_column][et_pb_column _builder_version=&#8220;4.5.1&#8243; _module_preset=&#8220;default&#8220; type=&#8220;1_3&#8243;][et_pb_image src=&#8220;https:\/\/www.planbwagen.de\/wp-content\/uploads\/2020\/09\/5-7.jpg&#8220; _builder_version=&#8220;4.5.1&#8243; _module_preset=&#8220;default&#8220; title_text=&#8220;5&#8243; hover_enabled=&#8220;0&#8243;][\/et_pb_image][\/et_pb_column][et_pb_column _builder_version=&#8220;4.5.1&#8243; _module_preset=&#8220;default&#8220; type=&#8220;1_3&#8243;][et_pb_image src=&#8220;https:\/\/www.planbwagen.de\/wp-content\/uploads\/2020\/09\/6-5.jpg&#8220; _builder_version=&#8220;4.5.1&#8243; _module_preset=&#8220;default&#8220; title_text=&#8220;6&#8243; hover_enabled=&#8220;0&#8243;][\/et_pb_image][\/et_pb_column][\/et_pb_row][\/et_pb_section]<\/p>","protected":false},"excerpt":{"rendered":"<p>[et_pb_section fb_built=&#8220;1&#8243; _builder_version=&#8220;3.22&#8243;][et_pb_row _builder_version=&#8220;4.5.1&#8243; _module_preset=&#8220;default&#8220;][et_pb_column _builder_version=&#8220;4.5.1&#8243; _module_preset=&#8220;default&#8220; type=&#8220;4_4&#8243;][et_pb_text _builder_version=&#8220;4.5.1&#8243; _module_preset=&#8220;default&#8220; hover_enabled=&#8220;0&#8243;] Der gestrige Tag, war ein sehr relaxter Tag. Da es sowieso die meiste Zeit geregnet hat, haben wir uns einfach mal im und um den Bulli herum aufgehalten. Sicherlich h\u00f6rt sich das im Blog immer so an, als ob Reisen bedeutet, zur Ruhe zu [&hellip;]<\/p>","protected":false},"author":1,"featured_media":3977,"comment_status":"open","ping_status":"open","sticky":false,"template":"","format":"standard","meta":{"_et_pb_use_builder":"on","_et_pb_old_content":"<p>\u00a0<\/p><div id=\"content_start\">\u00a0<\/div><article class=\"j-blog\"><div class=\"n j-blog-meta j-blog-post--header\"><div class=\"j-text j-module n\"><a class=\"j-blog-post--category\" href=\"https:\/\/www.gluecksmuskel.de\/hectors-reisen\/portugal\/\"> Portugal <\/a> \u00a0\u00b7\u00a0 <span class=\"j-text j-blog-post--date\"> 20. Oktober 2019 <\/span><\/div><h1 class=\"j-blog-header j-blog-headline j-blog-post--headline\">Tag No. 46 und 47 - \u00d3bidos und Peniche<\/h1><\/div><div class=\"post j-blog-content\"><div id=\"cc-matrix-3599493126\"><div id=\"cc-m-12543119426\" class=\"j-module n j-text \"><p>\u00a0<\/p><p>Der gestrige Tag, war ein sehr relaxter Tag. Da es sowieso die meiste Zeit geregnet hat, haben wir uns einfach mal im und um den Bulli herum aufgehalten. Sicherlich h\u00f6rt sich das im Blog immer so an, als ob Reisen bedeutet, zur Ruhe zu kommen, bzw. zu faulenzen. - Das ist weniger der Fall, als es uns lieb w\u00e4re. - Dadurch dass es gilt Energie zu sparen,\u00a0passt man sich mehr und mehr der Sonne, bzw. dem Tageslicht an. - Die Sonne geht hier erst kurz vor 8:00 Uhr auf. Um noch bei Tageslicht das Geschirr vom Abendessen sp\u00fclen zu k\u00f6nnen, versuchen wir bis circa 18:00 Uhr einen Platz f\u00fcr die Nacht gefunden zu haben.\u00a0Denn gegen 19:30 ist die Sonne bereits untergegangen. Obwohl wir so langsam unser System finden, dauert das hin und her packen, bzw. einpacken immer noch sehr lange. Dies ist keinesfalls eine Beschwerde, sondern lediglich eine Feststellung. Denn wir genie\u00dfen unser kleines zu Hause mehr und mehr.<\/p><p>\u00a0<\/p><p>Heute blieb Zeit, den Blog von gestern zu schreiben und einfach mal zu lesen. In den letzten Tagen ist mir bewusst geworden, dass es f\u00fcr mich wichtiger ist, mein Englisch aufzubessern, statt Spanisch zu lernen. Deshalb habe ich bewusst mal wieder, das Buch: \u201cSchieb das Schaf\u201c von Oliver Geiselhart in die Hand genommen.<\/p><p>\u00a0<\/p><p>Ansonsten, stellen wir uns ab und zu die Frage, was wir von zu Hause vermissen. Fakt ist, es sind nicht die Designer M\u00f6bel, es sind auch nicht die feinen Anz\u00fcge, Krawatten und Schuhe. Selbst unsere alte italienische Kaffeemaschine vermisse ich nur zum Teil. Wenn ich w\u00e4hlen m\u00fcsste, ob einen Kaffee aus unserer Bialetti, hier am Strand oder aus der Rocket, im \u00fcblichen Arbeitsstress zu Hause, w\u00fcsste ich die Antwort.<\/p><p>\u00a0<\/p><p>Als wir \u00fcber diese Tour nachgedacht haben, hatte Torgit die Sorge, dass ich diese Reise nur\u00a0ihr zuliebe antrete. Und ja, ich muss gestehen, dass ich zwischendurch Sorge hatte, nach sp\u00e4testens drei Wochen Sehnsucht, nach der Arbeit zu bekommen. Wer wie ich, 60, 70 Stunden die Woche, mit seiner Arbeit verbracht hat oder verbringt, wei\u00df,\u00a0wie sehr\u00a0sein gesamtes Umfeld hiervon bestimmt wird. Die meisten Coaches sind sich in einer Aussage einig: \u201eDu bist die Summe der f\u00fcnf Menschen, die dich am meisten umgeben.\u201c - Bei mir waren das vor allem Business Menschen, die ebenso wie ich gepowert haben.\u00a0Menschen, die f\u00fcr das\u00a0brennen, was sie tun. Genau so, wie ich jahrelang f\u00fcr meinen Beruf gebrannt habe, denn es war nie nur ein Job, Es war meine Berufung. Doch heute bin ich froh, dass ich zur rechten Zeit, einen\u00a0Wechsel eingeleitet habe. Wer sich jetzt fragt, hat der H\u00e4usgen ein Burnout, dem kann ich gottseidank sagen, nein hat er nicht. Er brennt halt im Moment mehr, f\u00fcr Lagerfeuer. Bereue ich deshalb etwas? Nein, tue ich nicht. Alles hat seine Zeit.<\/p><p>\u00a0<\/p><p>Im Moment bekomme ich oft Feedback in die Richtung, wenn ich mir das finanziell leisten k\u00f6nnte, w\u00fcrde ich auch auf Tour gehen. Finanzielle Unabh\u00e4ngigkeit hilft sicherlich. Doch die Frage ist, was brauche ich wirklich. - Wir sind noch auf der Suche nach einer Antwort.<\/p><p>Doch wir wissen bereits heute, es ist viel weniger, als man denkt.<\/p><p>\u00a0<\/p><p>In der Nacht hat es endlich aufgeh\u00f6rt zu regnen. Stattdessen ein Gewitter samt Hagel. Das nenne ich Abwechslung.<\/p><p>\u00a0<\/p><\/div><div id=\"cc-m-12543117426\" class=\"j-module n j-gallery \"><div id=\"cc-m-gallery-12543117426\" class=\"cc-m-gallery-container cc-m-gallery-cool clearover\"><div id=\"gallery_thumb_8105441026\" class=\"cc-m-gallery-cool-item\"><div><a rel=\"lightbox[12543117426]\" data-href=\"https:\/\/planbwagen.de\/wp-content\/uploads\/attachments\/image.jpg\" data-title=\"\" data-index=\"0\"> <img style=\"height: 176px; width: 132px; margin-bottom: 3px; margin-right: 3px;\" src=\"https:\/\/planbwagen.de\/wp-content\/uploads\/2020\/07\/image-6-4-2.jpg\" alt=\"\" data-orig-width=\"1536\" data-orig-height=\"2048\" \/> <\/a><\/div><\/div><div id=\"gallery_thumb_8105441226\" class=\"cc-m-gallery-cool-item\"><div><a rel=\"lightbox[12543117426]\" data-href=\"https:\/\/planbwagen.de\/wp-content\/uploads\/attachments\/image.jpg\" data-title=\"\" data-index=\"1\"> <img style=\"height: 176px; width: 235px; margin-bottom: 3px;\" src=\"https:\/\/planbwagen.de\/wp-content\/uploads\/2020\/07\/image-4-1-5.jpg\" alt=\"\" data-orig-width=\"2048\" data-orig-height=\"1536\" \/> <\/a><\/div><\/div><div id=\"gallery_thumb_8105441426\" class=\"cc-m-gallery-cool-item\"><div><a rel=\"lightbox[12543117426]\" data-href=\"https:\/\/planbwagen.de\/wp-content\/uploads\/attachments\/image.jpg\" data-title=\"\" data-index=\"2\"> <img style=\"height: 176px; width: 132px; margin-bottom: 3px;\" src=\"https:\/\/planbwagen.de\/wp-content\/uploads\/2020\/07\/image-0-7-4-8-3.jpg\" alt=\"\" data-orig-width=\"1536\" data-orig-height=\"2048\" \/> <\/a><\/div><\/div><\/div><\/div><div id=\"cc-m-12543117326\" class=\"j-module n j-text \"><p>\u00a0<\/p><p>Heute sind wir in Richtung Peniche aufgebrochen. Unterweg haben wir eine alte Stadtmauer entdeckt. Kurz drauf\u00a0stehen wir in \u00d3bidos. Diese bereits auf die R\u00f6merzeit abstammende Festungsstadt, lohnt sich auf jeden Fall zu besichtigen. Zwar\u00a0sind an einem Sonntag, wie diesem, viele Touristen unterwegs, doch wer einmal von der Hauptstra\u00dfe des Ortes abweicht, findet schnell ruhige Pl\u00e4tze. Hier sind die\u00a0Gassen menschenleer. - Besonders\u00a0ein Buchladen hat es uns angetan. In einem\u00a0scheunenartigen Geb\u00e4ude,\u00a0sind an allen Au\u00dfenw\u00e4nden Kisten, als B\u00fccherregale platziert. Neben B\u00fcchern aus Portugal, findet man auch B\u00fccher aus aller Herren L\u00e4nder. Mittendrin eine Art Bio- Gem\u00fcseladen, einfach nett. - Ein paar Meter weiter sto\u00dfen wir auf eine Art Galerie. Die Kunstwerke, die hier ausgestellt werden, sind Musikinstrumente. Es\u00a0sind unter anderem\u00a0Spieluhren der besonderen Art.\u00a0Zu einer\u00a0Art Grammophon\u00a0umgebaut, werden die T\u00f6ne der Miniatur Ger\u00e4te wundersam verst\u00e4rkt. Sicherlich nicht nur etwas f\u00fcr Kinder, sondern f\u00fcr alle Junggebliebene, also etwas f\u00fcr mich.<\/p><p>\u00a0<\/p><p>Wir lassen uns eine Zeit lang durch die kleinen Gassen treiben.\u00a0Als besonders sch\u00f6n haben wir ein kleines Restaurant, direkt an einer Pforte durch die Stadtmauer empfunden. In \"Bier\"garten des Restaurants\u00a0steht ein riesiger Limettenbaum. Wir mussten uns zusammen rei\u00dfen, um nicht gleich zu ernten. Die Festung selbst, beziehungsweise Stadtmauer sind\u00a0ebenfalls\u00a0spannend anzuschauen. Nach unserer Erkundungstour nutzen wir die Gelegenheit, um ausgiebig zu fr\u00fchst\u00fccken und ziehen danach weiter.<\/p><p>\u00a0<\/p><p>In Peniche\u00a0findet zur Zeit der Surf World Championship statt. Entsprechendes Gedr\u00e4ngel herrscht in der Stadt. Zum Surf Hotspot durchzukommen, besteht keine M\u00f6glichkeit. Deshalb fahren wir ein wenig au\u00dferhalb auf eine Klippe und genie\u00dfen die letzten Sonnenstunden. Nach etlichen Tagen des Regens, tut uns die Sonne unendlich gut.<\/p><p>\u00a0<\/p><\/div><div id=\"cc-m-12543117526\" class=\"j-module n j-gallery \"><div id=\"cc-m-gallery-12543117526\" class=\"cc-m-gallery-container cc-m-gallery-cool clearover\"><div id=\"gallery_thumb_8105441626\" class=\"cc-m-gallery-cool-item\"><div><a rel=\"lightbox[12543117526]\" data-href=\"https:\/\/planbwagen.de\/wp-content\/uploads\/attachments\/image.jpg\" data-title=\"\" data-index=\"0\"> <img style=\"height: 176px; width: 132px; margin-bottom: 3px; margin-right: 3px;\" src=\"https:\/\/planbwagen.de\/wp-content\/uploads\/2020\/07\/image-1-0-5-5.jpg\" alt=\"\" data-orig-width=\"1536\" data-orig-height=\"2048\" \/> <\/a><\/div><\/div><div id=\"gallery_thumb_8105441826\" class=\"cc-m-gallery-cool-item\"><div><a rel=\"lightbox[12543117526]\" data-href=\"https:\/\/planbwagen.de\/wp-content\/uploads\/attachments\/image.jpg\" data-title=\"\" data-index=\"1\"> <img style=\"height: 176px; width: 235px; margin-bottom: 3px;\" src=\"https:\/\/planbwagen.de\/wp-content\/uploads\/2020\/07\/image-1-6-8-3.jpg\" alt=\"\" data-orig-width=\"2048\" data-orig-height=\"1536\" \/> <\/a><\/div><\/div><div id=\"gallery_thumb_8105441926\" class=\"cc-m-gallery-cool-item\"><div><a rel=\"lightbox[12543117526]\" data-href=\"https:\/\/planbwagen.de\/wp-content\/uploads\/attachments\/image.jpg\" data-title=\"\" data-index=\"2\"> <img style=\"height: 176px; width: 132px; margin-bottom: 3px;\" src=\"https:\/\/planbwagen.de\/wp-content\/uploads\/2020\/07\/image-4-8-2-1-9.jpg\" alt=\"\" data-orig-width=\"1536\" data-orig-height=\"2048\" \/> <\/a><\/div><\/div><\/div><\/div><div id=\"cc-m-12573490926\" class=\"j-module n j-text \"><p style=\"text-align: right;\"><a class=\"j-calltoaction-link j-calltoaction-link-style-2\" style=\"font-size: 16px; background-color: #ffcc00; border-width: 2px; border-color: #ffcc00; color: #ffffff; user-select: text; padding: 10px 20px; line-height: 1.5; border-radius: 0px; -webkit-appearance: none; margin: 1em 0px;\" title=\"Tag No. 48 - Praia da Areia Branca\" href=\"\/2019\/10\/21\/tag-no-48-praia-da-areia-branca\/\" data-action=\"button\" data-title=\"Sunny Side Up\"> Sunny Side Up\u00a0 \u00a0\u00a0<\/a><\/p><p style=\"text-align: right;\"><a class=\"j-calltoaction-link j-calltoaction-link-style-2\" style=\"background-color: #ffcc00; border-width: 2px; border-color: #ffcc00; color: #ffffff; user-select: text; padding: 10px 20px; font-size: 16px; line-height: 1.5; border-radius: 0px; -webkit-appearance: none; margin: 1em 0px;\" title=\"Tag No. 45 - Nazar\u00e9 - The Big Wave Surfer Hotspot\" href=\"\/2019\/10\/19\/tag-no-45-nazar%C3%A9-the-big-wave-surfer-hotspot\/\" data-action=\"button\" data-title=\"Sunny Side Down\"> Sunny Side Down\u00a0 \u00a0\u00a0<\/a><\/p><\/div><\/div><\/div><div class=\"j-module n j-text j-blog-post--tags-wrapper\"><span class=\"j-blog-post--tags--template\" style=\"display: none;\"><a class=\"j-blog-post--tag\" href=\"https:\/\/www.gluecksmuskel.de\/hectors-reisen\/?tag=tagPlaceholder\">tagPlaceholder<\/a><\/span><span class=\"j-blog-post--tags-label\" style=\"display: none;\">Tags:<\/span><\/div><div class=\"n j-comment\"><div id=\"commentsModule12543116926\"><p id=\"skiptoform12543116926\" class=\"skiptoform\"><a href=\"#\" data-id=\"12543116926\" data-action=\"goToForm\">Kommentar schreiben<\/a><\/p><div id=\"numComments12543116926\" class=\"j-blog-comment-counter\">Kommentare: <i class=\"cc-comments-count\">0<\/i><\/div><ul id=\"commentOutput12543116926\" class=\"com-list-noava\"><li id=\"commentFormContainer12543116926\" class=\"commentstd clearover\"><strong class=\"number\">#1<\/strong><br \/><div class=\"com-meta\">\u00a0<\/div><p><a name=\"commentForm12543116926\"><\/a><\/p><div class=\"commententry cc-com-entry\"><form id=\"commentform12543116926\" action=\"\" enctype=\"application\/x-www-form-urlencoded\" method=\"post\"><div><label class=\"required\" for=\"name12543116926\">Name: *<\/label><br \/><input id=\"name12543116926\" class=\"single\" name=\"name\" type=\"text\" value=\"\" \/><\/div><div><label class=\"required\" for=\"comment12543116926\">Eintrag: *<\/label><br \/><textarea id=\"comment12543116926\" cols=\"80\" name=\"comment\" rows=\"6\"><\/textarea><\/div><div><label class=\"required\" for=\"privacyPolicy12543116926\">Es gilt die <a href=\"\/j\/privacy\" target=\"_blank\" rel=\"noopener noreferrer\">Datenschutzerkl\u00e4rung<\/a>. *<\/label><br \/><input name=\"privacyPolicy\" type=\"hidden\" value=\"0\" \/><input id=\"privacyPolicy12543116926\" name=\"privacyPolicy\" type=\"checkbox\" value=\"1\" \/><\/div><div><input id=\"submit12543116926\" name=\"Senden\" type=\"submit\" value=\"Senden\" \/><\/div><dl class=\"zend_form\"><dt id=\"mandFields-label\"><\/dt><\/dl><div style=\"margin-top: 4px;\">* Pflichtfelder<\/div><\/form><\/div><div class=\"c\">\u00a0<\/div><\/li><\/ul><div id=\"commentError12543116926\" class=\"message-error\" style=\"display: none;\">\u00a0<\/div><div id=\"commentSuccess12543116926\" class=\"message-ok\" style=\"display: none;\">\u00a0<\/div><\/div><p><script>\/\/ <![CDATA[ window.regModule(\"module_comment\", {\"data\":{\"id\":\"12543116926\",\"closed\":\"0\",\"captcha\":\"c1baf4261047488c570a30abd6d73100\",\"avatar\":false,\"lang\":{\"comment\":\"Kommentar\",\"comments\":\"Kommentare\"}}}); \/\/ ]]> <\/script><\/p><\/div><\/article><p>\u00a0<\/p>","_et_gb_content_width":"","footnotes":""},"categories":[8],"tags":[],"class_list":["post-1732","post","type-post","status-publish","format-standard","has-post-thumbnail","hentry","category-portugal"],"_links":{"self":[{"href":"https:\/\/www.planbwagen.de\/es\/wp-json\/wp\/v2\/posts\/1732","targetHints":{"allow":["GET"]}}],"collection":[{"href":"https:\/\/www.planbwagen.de\/es\/wp-json\/wp\/v2\/posts"}],"about":[{"href":"https:\/\/www.planbwagen.de\/es\/wp-json\/wp\/v2\/types\/post"}],"author":[{"embeddable":true,"href":"https:\/\/www.planbwagen.de\/es\/wp-json\/wp\/v2\/users\/1"}],"replies":[{"embeddable":true,"href":"https:\/\/www.planbwagen.de\/es\/wp-json\/wp\/v2\/comments?post=1732"}],"version-history":[{"count":6,"href":"https:\/\/www.planbwagen.de\/es\/wp-json\/wp\/v2\/posts\/1732\/revisions"}],"predecessor-version":[{"id":7815,"href":"https:\/\/www.planbwagen.de\/es\/wp-json\/wp\/v2\/posts\/1732\/revisions\/7815"}],"wp:featuredmedia":[{"embeddable":true,"href":"https:\/\/www.planbwagen.de\/es\/wp-json\/wp\/v2\/media\/3977"}],"wp:attachment":[{"href":"https:\/\/www.planbwagen.de\/es\/wp-json\/wp\/v2\/media?parent=1732"}],"wp:term":[{"taxonomy":"category","embeddable":true,"href":"https:\/\/www.planbwagen.de\/es\/wp-json\/wp\/v2\/categories?post=1732"},{"taxonomy":"post_tag","embeddable":true,"href":"https:\/\/www.planbwagen.de\/es\/wp-json\/wp\/v2\/tags?post=1732"}],"curies":[{"name":"wp","href":"https:\/\/api.w.org\/{rel}","templated":true}]}}