{"id":167,"date":"2020-07-11T19:20:47","date_gmt":"2020-07-11T19:20:47","guid":{"rendered":""},"modified":"2023-11-22T19:11:57","modified_gmt":"2023-11-22T17:11:57","slug":"mut-mal-unuberlegtes-tun","status":"publish","type":"post","link":"https:\/\/www.planbwagen.de\/es\/formacion-para-la-felicidad\/coraje-para-cometer-la-imprudencia\/","title":{"rendered":"CORAJE - Haz lo que no debes..."},"content":{"rendered":"<p>[et_pb_section fb_built=&#8220;1&#8243; _builder_version=&#8220;3.22&#8243;][et_pb_row _builder_version=&#8220;4.5.1&#8243; _module_preset=&#8220;default&#8220;][et_pb_column type=&#8220;4_4&#8243; _builder_version=&#8220;4.5.1&#8243; _module_preset=&#8220;default&#8220;][et_pb_text _builder_version=&#8220;4.5.1&#8243; _module_preset=&#8220;default&#8220;]<\/p>\n<p style=\"text-align: left;\">S\u00f3lo nos faltaba una cosa en la carretera: tiempo con amigos, conocidos y hermanos.  En la carretera tambi\u00e9n llegas a conocer, apreciar y valorar a mucha gente. Pero la perspectiva parece ser diferente. Lo hemos notado una y otra vez en varias conversaciones durante las \u00faltimas semanas.  - Tarde o temprano, la conversaci\u00f3n gira inevitablemente en torno a nuestra gira. El tema parece moverse. Curiosamente, cristalizan tres preguntas que no esper\u00e1bamos.<\/p>\n<p style=\"text-align: left;\">Esper\u00e1bamos que la gente se preguntara si hab\u00edamos encontrado la felicidad en la gira. O qu\u00e9 nos motiva a continuar.  \u00bfY el tiempo en la carretera? - \u00bfLlega el aburrimiento? - \u00bfC\u00f3mo se vive en una autocaravana?<\/p>\n<p style=\"text-align: left;\">Pero tres cuestiones ocupan claramente el centro de la escena:<\/p>\n<p style=\"text-align: center;\"><span style=\"font-size: 16px;\"><em><strong>&#8222;<\/strong><\/em><em><strong>Wie k\u00f6nnt ihr Euch das leisten?&#8220; &#8211;\u00a0 Ist es nicht schmerzhaft\u00a0 so viel<span style=\"font-size: 12px;\">*<\/span> \u00bfRenunciar?  -\u00a0<span>Woher nehmt ihr den Mut?&#8220;\u00a0<\/span><\/strong><\/em><\/span><\/p>\n<p style=\"text-align: right;\"><span style=\"font-size: 12px;\"><em><strong>*Piso, jard\u00edn, muebles, televisi\u00f3n, ropa...<\/strong><\/em><\/span><\/p>\n<p style=\"text-align: left;\">\n<p>[\/et_pb_text][\/et_pb_column][\/et_pb_row][et_pb_row _builder_version=&#8220;4.5.1&#8243; _module_preset=&#8220;default&#8220;][et_pb_column type=&#8220;4_4&#8243; _builder_version=&#8220;4.5.1&#8243; _module_preset=&#8220;default&#8220;][et_pb_image src=&#8220;https:\/\/www.planbwagen.de\/wp-content\/uploads\/2020\/09\/1-3.jpg&#8220; alt=&#8220;Marc H\u00e4usgen von planBwagen hitner Schriftzug MUT auf M\u00fcnchner Tollwood &#8220; title_text=&#8220;1&#8243; _builder_version=&#8220;4.5.1&#8243; _module_preset=&#8220;default&#8220;][\/et_pb_image][\/et_pb_column][\/et_pb_row][et_pb_row _builder_version=&#8220;4.5.1&#8243; _module_preset=&#8220;default&#8220;][et_pb_column type=&#8220;4_4&#8243; _builder_version=&#8220;4.5.1&#8243; _module_preset=&#8220;default&#8220;][et_pb_text _builder_version=&#8220;4.5.1&#8243; _module_preset=&#8220;default&#8220;]<\/p>\n<p style=\"text-align: justify;\"><span style=\"font-size: 18px; text-align: left;\">Intentamos responder a la primera de las tres preguntas del art\u00edculo <\/span><a href=\"https:\/\/www.planbwagen.de\/es\/heimathafen\/privilegiert-oder-nur-glucklich-glucksmuskel-de-reiseblog-315grad-auf-der-suche-nach-dem-gluck\/\" title=\"Privilegiados o &quot;s\u00f3lo&quot; afortunados\" style=\"font-size: 18px; text-align: left;\">&#8222;Previligiert oder &#8222;nur&#8220; gl\u00fccklich&#8220;<span style=\"text-decoration-line: underline;\"><\/span><span style=\"text-decoration-line: underline;\"><\/span><span style=\"text-decoration-line: underline;\"><\/span><\/a><span style=\"font-size: 18px; text-align: left;\">\u00a0zu beantworten. &#8211; Dar\u00fcber hinaus haben wir ja in den letzten Wochen unseren Hausstand aufgel\u00f6st. Hierbei gab es f\u00fcr uns nur die Frage zu kl\u00e4ren, macht uns der Gegenstand gl\u00fccklich, ja oder nein. Wenn man\u00a0hierbei das &#8222;vielleicht&#8220; weg l\u00e4sst, gibt es erschreckend viel zu verkaufen oder zu verschenken. Am Ende blieben nur einige, wenige Dinge, welche wir eingelagert haben. <\/span><\/p>\n<p style=\"text-align: justify;\"><span style=\"font-size: 18px; text-align: left;\">Womit auch die Frage beantwortet sein m\u00fcsste, ob es nicht schmerzhaft ist &#8222;so viel aufzugeben&#8220;. Nein, es ist nicht schmerzhaft, denn wir geben nichts auf. Wir tauschen nur ein: M\u00f6bel gegen Geld, Wohnung, Garten, gegen Platz am Strand oder See, Fernseher gegen Sunset, Kleider gegen Freiheit.\u00a0Wir gewinnen\u00a0nicht nur Freir\u00e4ume, sondern haben das Gef\u00fchl uns von\u00a0der ein oder anderen Last zu befreien. Und apropos Verschenken, hei\u00df es nicht &#8222;Gl\u00fcck ist das einzige, was sich verdoppelt in dem man es teilt&#8220;?<\/span><\/p>\n<p style=\"text-align: left;\">Pero la pregunta m\u00e1s frecuente es y sigue siendo la del valor. - Mientras que las otras preguntas nos resultaron f\u00e1ciles de responder, \u00e9sta nos plantea un reto. Ni Torgit ni yo nos hemos considerado nunca valientes. - As\u00ed que al principio siempre dej\u00e9 de lado la pregunta. - Pero a medida que esta pregunta se hac\u00eda m\u00e1s y m\u00e1s frecuente, nos cuestion\u00e1bamos de forma natural. - \u00bfEs valiente lo que hacemos?<\/p>\n<p style=\"text-align: left;\">\u00bfC\u00f3mo se define realmente el valor? - \u00bfQu\u00e9 dice Google al respecto?<\/p>\n<p style=\"text-align: left;\"><em><strong>&#8222;F\u00e4higkeit, in einer gef\u00e4hrlichen, riskanten Situation seine Angst zu \u00fcberwinden; Furchtlosigkeit angesichts einer Situation, in der man Angst haben k\u00f6nnte. &#8211;\u00a0Bereitschaft, angesichts zu erwartender Nachteile etwas zu tun, was man f\u00fcr richtig h\u00e4lt.&#8220;<\/strong><\/em><\/p>\n<p style=\"text-align: left;\">Wikipedia: El valor, tambi\u00e9n conocido como audacia o arrojo, significa que uno se atreve y es capaz de atreverse a hacer algo, por ejemplo, entrar en una situaci\u00f3n peligrosa asociada a la incertidumbre.<\/p>\n<p style=\"text-align: left;\">Sin\u00f3nimos son: intrepidez, valent\u00eda, osad\u00eda, atrevimiento, osad\u00eda, osad\u00eda.<\/p>\n<p style=\"text-align: left;\">Encontr\u00e9 una tercera fuente, mi hermano mayor: tiene un cartel en su despacho: Normal es la ausencia de coraje. - Entonces, si somos valientes, \u00bfeso nos convierte en anormales? - Una observaci\u00f3n fascinante.<\/p>\n<p style=\"text-align: left;\">All dies nehmen wir f\u00fcr uns nicht in Anspruch. Unsere Tour ist, zumindest bisher, weder gef\u00e4hrlich, noch riskant. Es gab nicht viele Situationen in denen man Angst haben musste. Au\u00dfer vielleicht ein wenig um den Lack unseres Bullis, wenn es wieder mal darum ging eine enge Passage zu meistern. O.K. der Moment als ich den Bulli mitten in der Pampas &#8222;vergraben&#8220; habe war nicht ganz prall. Doch man, wir wachsen ja mit den Aufgaben.<\/p>\n<p style=\"text-align: left;\">No somos ni intr\u00e9pidos ni excesivamente temerarios. Tampoco nos consideramos descarados ni audaces. Si uno de los sin\u00f3nimos encaja, es audacia. - Es lo \u00fanico con lo que nos identificamos. Cuando hacemos algo, lo hacemos de todo coraz\u00f3n.<\/p>\n<p style=\"text-align: left;\">Hemos buscado m\u00e1s. \u00bfQu\u00e9 tipo de presupuestos hay?<\/p>\n<p style=\"text-align: center;\"><span style=\"font-size: 18px;\"><em><strong>&#8222;Mut ist, wenn man Todesangst hat, aber sich trotzdem in den Sattel schwingt.&#8220;\u00a0 &#8211; John Wayne<\/strong><\/em><\/span><\/p>\n<p>&nbsp;<\/p>\n<p>Lo sentimos, tenemos que decepcionarte, no hab\u00eda miedo a la muerte. Esto no es el Salvaje Oeste. Aunque era genial. El Sr. Pierna Grande.<\/p>\n<p style=\"text-align: center;\"><span style=\"font-size: 18px;\"><\/span><\/p>\n<p style=\"text-align: center;\"><span style=\"font-size: 18px;\"><em><strong>&#8222;Ganz und gar man selbst zu sein, kann schon einigen Mut erfordern.&#8220; &#8211; Sophia Loren<\/strong><\/em><\/span><\/p>\n<p style=\"text-align: center;\"><span style=\"font-size: 18px;\">\u00a0<\/span><\/p>\n<p style=\"text-align: left;\">Eso es m\u00e1s bien. Estamos intentando vivir eso, completa y totalmente. Pero ciertamente s\u00f3lo estamos en el camino, completa y totalmente, pero tambi\u00e9n muy lejos.<\/p>\n<p style=\"text-align: center;\"><span style=\"font-size: 18px;\"><em><strong>&#8222;Das gr\u00f6\u00dfte Vergn\u00fcgen im Leben besteht darin, das zu tun,<\/strong><\/em><\/span><\/p>\n<p style=\"text-align: center;\"><span style=\"font-size: 18px;\"><em><strong>von dem die Leute sagen, du k\u00f6nntest es nicht.&#8220; &#8211;\u00a0Walter Bagehot<\/strong><\/em><\/span><\/p>\n<p style=\"text-align: left;\">Das ist und war schon immer meines. &#8222;<em>No se puede<\/em>&#8220; ist eine meiner Triebfedern. &#8211; Torgit hatte schon Sorge, dass ich nur deshalb losgefahren bin, da mir etliche Menschen gesagt haben, dass ich doch nicht einfach meinen Job k\u00fcndigen k\u00f6nnte, nach drei, vier Wochen wieder daheim w\u00e4re und&#8230; &#8211; Doch ist das alles? &#8211; Nein, ganz sicher nicht. &#8211; Es macht einfach Spa\u00df zu reisen, es macht gl\u00fccklich. Doch noch einmal zur\u00fcck zum Mut.<\/p>\n<p style=\"text-align: left;\">Nos han parecido adecuadas otras dos citas. En primer lugar, nos consideramos buscadores de felicidad...<\/p>\n<p style=\"text-align: center;\"><span style=\"font-size: 18px;\"><em><strong>&#8222;Mut steht am Anfang des Handelns, Gl\u00fcck am Ende.&#8220; &#8211; Demokrit\u00a0<\/strong><\/em><\/span><\/p>\n<p>&nbsp;<\/p>\n<p>...y por otro lado...<\/p>\n<p>&nbsp;<\/p>\n<p style=\"text-align: center;\"><span style=\"font-size: 18px;\"><em><strong>&#8222;Wo k\u00e4men wir hin, wenn alle sagten, wo k\u00e4men wir hin, und niemand ginge,<\/strong><\/em><\/span><\/p>\n<p style=\"text-align: center;\"><span style=\"font-size: 18px;\"><em><strong>einmal zu schauen, wohin man k\u00e4me, wenn man ginge.&#8220; &#8211; Kurt Marti<\/strong><\/em><\/span><\/p>\n<p>&nbsp;<\/p>\n<p style=\"text-align: left;\">Hace unos a\u00f1os, cuando nuestra amiga Andrea y su pareja Craig decidieron abandonar su piso, comprar una vieja furgoneta por s\u00f3lo 3.000 euros y sencillamente mudarse al sur, me pareci\u00f3 una decisi\u00f3n valiente. - Sobre todo, me pareci\u00f3 una temeridad. - Tal vez eso sea exactamente la valent\u00eda: cometer la imprudencia. Porque tu <a href=\"https:\/\/www.planbwagen.de\/es\/butch-friends\/teneriffa-spain-glucksmuskel-de-reiseblog-315grad-auf-der-suche-nach-dem-gluck\/\">Informe Tenerife<\/a> nada en absoluto. Por eso le pregunt\u00e9. Aqu\u00ed est\u00e1 su respuesta:<\/p>\n<p style=\"text-align: left;\"><strong><em>&#8222;Das Leben beginnt, sobald man aus seiner Komfortzone rauskommt. Zweifel sind der Verstand, das Ego. Mut ist das Herz. &#8211; Uns ist es erst sp\u00e4ter klar geworden,\u00a0 das es Mut war&#8230;&#8220;<\/em> <\/strong><\/p>\n<p style=\"text-align: left;\">Andreas Feedback best\u00e4rkt mich in einer neuen Definition\u00a0&#8211; Mut ist die Abk\u00fcrzung f\u00fcr &#8222;<strong>m<\/strong>al <strong>u<\/strong>atento <strong>t<\/strong>un&#8220;.<\/p>\n<p style=\"text-align: left;\">\u00bfRecuerdas la prueba del valor en tu juventud? \u00bfEra valent\u00eda o s\u00f3lo imprudencia? Imprudente pero guay, \u00bfverdad?<\/p>\n<p>[\/et_pb_text][\/et_pb_column][\/et_pb_row][et_pb_row column_structure=&#8220;1_2,1_2&#8243; _builder_version=&#8220;4.5.1&#8243; _module_preset=&#8220;default&#8220;][et_pb_column type=&#8220;1_2&#8243; _builder_version=&#8220;4.5.1&#8243; _module_preset=&#8220;default&#8220;][et_pb_text _builder_version=&#8220;4.5.1&#8243; _module_preset=&#8220;default&#8220; width=&#8220;94.9%&#8220;]<\/p>\n<div class=\"cc-m-hgrid-column\" style=\"width: 49%;\">\n<div id=\"cc-matrix-3637369826\">\n<div id=\"cc-m-12674272126\" class=\"j-module n j-text\">\n<p style=\"text-align: left;\">Cuando hace alg\u00fan tiempo vi este v\u00eddeo de los dos rusos Vadim Makhorov y Vitaliy Raskalov, me sent\u00ed muy diferente con s\u00f3lo verlo. Los dos escalan los edificios m\u00e1s altos del mundo y se graban a s\u00ed mismos haci\u00e9ndolo. Aqu\u00ed est\u00e1 la Torre de Shanghai.<\/p>\n<\/div>\n<\/div>\n<\/div>\n<p>[\/et_pb_text][\/et_pb_column][et_pb_column type=&#8220;1_2&#8243; _builder_version=&#8220;4.5.1&#8243; _module_preset=&#8220;default&#8220;][et_pb_video src=&#8220<div class=\"ikn-evt-container\">\r\n    <iframe\r\n            width=\"100%\"\r\n            class=\"ikn-evt-iframe\"\r\n            srcdoc=\"<style>\n    * {\n    padding:0;\n    margin:0;\n    overflow:hidden\n}\n\nhtml, body {\n    height:100%\n}\n\n.ikn-evt-container {\n    position: relative;\n    padding-bottom: 56.25%;\n    height: 0;\n}\n\n.ikn-evt-container iframe {\n    position: absolute;\n    top: 0;\n    left: 0;\n    width: 100%;\n    height: 100%;\n}\n\n.ikn-evt-frame {\n    display: block;\n    position: relative;\n    padding-bottom: 56.23%;\n    height: 0;\n    overflow: hidden;\n    max-width: 100%;\n    background: #000;\n}\n\n.ikn-evt-frame img.ikn-evt-thumbnail {\n    bottom: 0;\n    display: block;\n    left: 0;\n    margin: auto;\n    max-width: 100%;\n    width: 100%;\n    position: absolute;\n    right: 0;\n    top: 0;\n    border: none;\n    height: auto;\n    cursor: pointer;\n    -webkit-transition: .4s all;\n    -moz-transition: .4s all;\n    transition: .4s all;\n}\n\n.ikn-evt-frame[data-source=youtube] img.ikn-evt-thumbnail {\n    top: -63px;\n    bottom: -63px;\n}\n\n.ikn-evt-frame:hover img.ikn-evt-thumbnail {\n    -webkit-filter: brightness(75%);\n}\n\n.ikn-evt-frame .ikn-evt-play-button {\n    height: 20%;\n    width: 13%;\n    left: 44%;\n    top: 42%;\n    position: absolute;\n    cursor: pointer;\n    z-index: 1;\n    background-size: contain !important;\n}\n\n.ikn-evt-frame .ikn-evt-heading {\n    width: 100%;\n    position: absolute;\n    top: 0;\n    background: rgba(0, 0, 0, .5);\n    left: 0;\n    padding: 0.7em;\n    box-sizing: border-box;\n}\n\n.ikn-evt-frame .ikn-evt-heading .ikn-evt-heading-title {\n    font-weight: bold;\n    font-size: 1.5em;\n    color: #FFFFFF;\n    line-height: 30px;\n    margin: 0;\n    cursor: pointer;\n}.ikn-evt-frame[data-source=youtube] \r\n            .ikn-evt-play-button {background:url('https:\/\/www.planbwagen.de\/wp-content\/plugins\/embed-video-thumbnail\/assets\/images\/youtube-72-72.png') no-repeat;}.ikn-evt-frame[data-source=vimeo] \r\n            .ikn-evt-play-button {background:url('https:\/\/www.planbwagen.de\/wp-content\/plugins\/embed-video-thumbnail\/assets\/images\/play-default.png') no-repeat;}.ikn-evt-frame[data-source=dailymotion] \r\n            .ikn-evt-play-button {background:url('https:\/\/www.planbwagen.de\/wp-content\/plugins\/embed-video-thumbnail\/assets\/images\/play-default.png') no-repeat;}.ikn-evt-frame[data-source=facebook] \r\n            .ikn-evt-play-button {background:url('https:\/\/www.planbwagen.de\/wp-content\/plugins\/embed-video-thumbnail\/assets\/images\/play-default.png') no-repeat;}<\/style><div    class='ikn-evt-frame'    data-source='youtube'>    <a class='ikn-evt-link' href='\/\/www.youtube-nocookie.com\/embed\/gLDYtH1RH-U?controls=1&autoplay=1&enablejsapi=1&rel=1'>        <span class='ikn-evt-play-button'><\/span>                    <img                class='ikn-evt-thumbnail'                src='\/wp-content\/uploads\/ikana-embed-video-thumbnail\/youtube\/gLDYtH1RH-U-hqdefault.jpg'                alt='gLDYtH1RH-U'            \/>                    <\/a><\/div><script>\n    document\n        .querySelector('.ikn-evt-link')\n        .addEventListener('click', function(e) {\n                e.preventDefault();\n                e.stopPropagation();\n                window.location.replace(this.href);\n                return false;\n            }\n        )\n    ;\n<\/script>\"\r\n            frameborder=\"0\"\r\n            allow=\"accelerometer; encrypted-media; gyroscope; picture-in-picture\"\r\n            allowfullscreen\r\n title=\"gLDYtH1RH-U\"\r\n            loading=\"lazy\"\r\n            src=\"\/\/www.youtube-nocookie.com\/embed\/gLDYtH1RH-U?controls=1&autoplay=1&enablejsapi=1&rel=1\"\r\n    ><\/iframe>\r\n<\/div>8220; _builder_version=&#8220;4.5.1&#8243; _module_preset=&#8220;default&#8220; custom_margin=&#8220;||||false|false&#8220;][\/et_pb_video][\/et_pb_column][\/et_pb_row][et_pb_row _builder_version=&#8220;4.5.1&#8243; _module_preset=&#8220;default&#8220;][et_pb_column type=&#8220;4_4&#8243; _builder_version=&#8220;4.5.1&#8243; _module_preset=&#8220;default&#8220;][et_pb_text _builder_version=&#8220;4.5.1&#8243; _module_preset=&#8220;default&#8220;]<\/p>\n<p>Nunca he subido a un rascacielos de verdad. Pero de ni\u00f1o sub\u00eda a los \u00e1rboles, de adolescente a las monta\u00f1as y de joven me sub\u00ed a una gr\u00faa de construcci\u00f3n en uno de los edificios m\u00e1s altos de Berl\u00edn. Entonces no ten\u00eda miedo a las alturas.<\/p>\n<p>[\/et_pb_text][et_pb_text _builder_version=&#8220;4.5.1&#8243; _module_preset=&#8220;default&#8220;]<\/p>\n<p><span style=\"font-size: large;\">\u00bfQu\u00e9 hacen esos rusos ah\u00ed? \u00bfValientes? - No tengo ni idea. Parece imprudente, pero tambi\u00e9n bastante guay. - Si lo piensas conscientemente, el riesgo que corren los dos es mucho menor que escalar una pendiente pronunciada. Pero la libertad que disfrutan all\u00ed arriba debe ser impresionante.\u00a0<\/span><\/p>\n<p><span style=\"font-size: large;\">War ich in anderen Situationen mutig? &#8211; War es z.B. mutig sich selbst\u00e4ndig zu machen? Damals fragte man nur abf\u00e4llig: &#8222;Warum machst du das?&#8220; &#8211; Erst viel sp\u00e4ter kam die Frage &#8222;Wie hast du das gemacht&#8220; -&#8222;Woher hattest du den Mut?&#8220; &#8211; Vielleicht ist un\u00fcberlegt die Antwort auf die Frage nach dem Mut.<\/span><\/p>\n<p>Torgit und ich haben vor einigen Tagen eine Dokumentation gesehen: &#8222;Anderswo. Allein in Afrika.&#8220;\u00a0Ein Dokumentarfilm \u00fcber den jungen Anselm, der allein mit dem Rad durch Afrika f\u00e4hrt. &#8211; Das bedeutet f\u00fcr uns Mut. Ganz allein zu sein bedeutet Mut. Ein Leben allein zu bestreiten bedeutet Mut. Allein auf Reisen zu gehen bedeutet f\u00fcr uns noch mehr Mut. &#8211; Wir haben uns, was soll uns denn da noch passieren? &#8211; zusammen sind wir stark, zusammen sind wir ein Team und ja, vielleicht sind wir sogar mutig, auf jeden Fall beherzt, mit ganzem Herzen.<\/p>\n<p>\u00a0PD: Nuestro respeto a todos los que viajan solos. Sois unos aut\u00e9nticos valientes. \u00bfO es que sois unos temerarios?<\/p>\n<p>\u00a0PPS: D\u00edganos c\u00f3mo responder\u00eda a la pregunta sobre la valent\u00eda. \u00bfQui\u00e9n de vosotros es valiente? \u00a1Un paso adelante!<\/p>\n<p>[\/et_pb_text][\/et_pb_column][\/et_pb_row][\/et_pb_section]<\/p>","protected":false},"excerpt":{"rendered":"<p>[et_pb_section fb_built=&#8220;1&#8243; _builder_version=&#8220;3.22&#8243;][et_pb_row _builder_version=&#8220;4.5.1&#8243; _module_preset=&#8220;default&#8220;][et_pb_column type=&#8220;4_4&#8243; _builder_version=&#8220;4.5.1&#8243; _module_preset=&#8220;default&#8220;][et_pb_text _builder_version=&#8220;4.5.1&#8243; _module_preset=&#8220;default&#8220;] Unterwegs hat es uns nur an einem gemangelt, Zeit mit Freunden, Bekannten, Geschwistern.\u00a0 Auch auf der Stra\u00dfe lernt man viele Menschen kennen, sch\u00e4tzen und einzusch\u00e4tzen. Doch die Perspektive ist scheinbar eine Andere. Dies haben wir in diversen Gespr\u00e4chen der letzten Wochen immer wieder gemerkt.\u00a0 &#8211; [&hellip;]<\/p>","protected":false},"author":1,"featured_media":4217,"comment_status":"open","ping_status":"open","sticky":false,"template":"","format":"standard","meta":{"_et_pb_use_builder":"on","_et_pb_old_content":"<p>\u00a0<\/p><div id=\"content_start\">\u00a0<\/div><article class=\"j-blog\"><div class=\"n j-blog-meta j-blog-post--header\"><div class=\"j-text j-module n\"><a class=\"j-blog-post--category\" href=\"https:\/\/www.gluecksmuskel.de\/hectors-reisen\/gl\u00fcckstraining\/\"> GL\u00dcCKsTRAINING <\/a> \u00a0\u00b7\u00a0 <span class=\"j-text j-blog-post--date\"> 11. Juli 2020 <\/span><\/div><h1 class=\"j-blog-header j-blog-headline j-blog-post--headline\">MUT - Mal un\u00fcberlegtes tun...<\/h1><\/div><div class=\"post j-blog-content\"><div id=\"cc-matrix-3637145526\"><div id=\"cc-m-12673477026\" class=\"j-module n j-text \"><p style=\"text-align: left;\">Unterwegs hat es uns nur an einem gemangelt, Zeit mit Freunden, Bekannten, Geschwistern.\u00a0 Auch auf der Stra\u00dfe lernt man viele Menschen kennen, sch\u00e4tzen und einzusch\u00e4tzen. Doch die Perspektive ist scheinbar eine Andere. Dies haben wir in diversen Gespr\u00e4chen der letzten Wochen immer wieder gemerkt.\u00a0 - Unweigerlich kommt das Gespr\u00e4ch fr\u00fcher oder sp\u00e4ter auf unsere Tour. Das Thema scheint zu bewegen. Hierbei kristallisieren sich\u00a0komischerweise\u00a0drei Fragen heraus, mit denen wir gar nicht gerechnet haben.<\/p><p style=\"text-align: left;\">Gerechnet h\u00e4tten\u00a0wir damit, dass man hinterfragt ob wir auf der Tour unser Gl\u00fcck gefunden haben. Oder was uns bewegt weiter zu machen.\u00a0 Wie verh\u00e4lt es sich unterwegs mit der Zeit? - Kommt Langeweile auf? - Wie lebt man in einem Bulli?<\/p><p style=\"text-align: left;\">Doch es stehen\u00a0drei Fragen klar\u00a0im Vordergrund:<\/p><p style=\"text-align: center;\"><span style=\"font-size: 16px;\"><em><strong>\"Woher nehmt ihr den Mut?\"<\/strong><\/em> <em><strong>-\u00a0Wie k\u00f6nnt ihr Euch das leisten?\" -\u00a0 Ist es nicht schmerzhaft\u00a0 so viel<span style=\"font-size: 12px;\">*<\/span> aufzugeben?<\/strong><\/em><\/span><\/p><p style=\"text-align: right;\"><span style=\"font-size: 12px;\"><em><strong>*Wohnung, Garten, M\u00f6bel, Fernseher, Kleider...<\/strong><\/em><\/span><\/p><p style=\"text-align: left;\">Die erste der\u00a0drei Fragen haben wir\u00a0versucht im Beitrag <a title=\"Privilegiert oder \"nur\" gl\u00fccklich\" href=\"\/2020\/04\/30\/privilegiert-oder-nur-gl%C3%BCcklich\/\">\"Privilegiert oder \"nur\" gl\u00fccklich\"<\/a>\u00a0zu beantworten. - Dar\u00fcber hinaus haben wir ja in den letzten Wochen unseren Hausstand aufgel\u00f6st. Hierbei gab es f\u00fcr uns nur die Frage zu kl\u00e4ren, macht uns der Gegenstand gl\u00fccklich, ja oder nein. Wenn man\u00a0hierbei das \"vielleicht\" weg l\u00e4sst, gibt es erschreckend viel zu verkaufen. Am Ende blieben nur einige, wenige Dinge, welche wir eingelagert haben. Womit auch die Frage beantwortet sein m\u00fcsste, ob es nicht schmerzhaft ist \"so viel aufzugeben\". Nein, es ist nicht schmerzhaft, denn wir geben nichts auf. Wir tauschen nur ein: M\u00f6bel gegen Geld, Wohnung, Garten, gegen Platz am Strand oder See, Fernseher gegen Sunset, Kleider gegen Freiheit.\u00a0Wir gewinnen\u00a0nicht nur Freir\u00e4ume, sondern haben das Gef\u00fchl uns von\u00a0der ein oder anderen Last zu befreien.<\/p><p style=\"text-align: left;\">Doch die h\u00e4ufigste Frage ist und bleibt die Frage nach dem Mut. - W\u00e4hrend die anderen Fragen f\u00fcr uns leicht zu beantworten waren, stellt uns diese Frage vor eine Herausforderung. Weder Torgit noch ich haben uns je als mutig betrachtet. -\u00a0So habe ich die Frage zuerst immer weggewischt. - Doch als sich diese Frage immer h\u00e4ufiger wiederholte, haben wir uns nat\u00fcrlich selbst hinterfragt. - Ist es mutig, was wir tun?<\/p><p style=\"text-align: left;\">Wie definiert sich eigentlich Mut? - Was sagt Google dazu?<\/p><p style=\"text-align: left;\"><em><strong>\"F\u00e4higkeit, in einer gef\u00e4hrlichen, riskanten Situation seine Angst zu \u00fcberwinden; Furchtlosigkeit angesichts einer Situation, in der man Angst haben k\u00f6nnte. -\u00a0Bereitschaft, angesichts zu erwartender Nachteile etwas zu tun, was man f\u00fcr richtig h\u00e4lt.\"<\/strong><\/em><\/p><p style=\"text-align: left;\">Wikipedia:\u00a0Mut, auch Wagemut oder Beherztheit, bedeutet, dass man sich traut und f\u00e4hig ist, etwas zu wagen, das hei\u00dft, sich beispielsweise in eine gefahrenhaltige, mit Unsicherheiten verbundene Situation zu begeben.<\/p><p style=\"text-align: left;\">Synonyme sind:\u00a0Furchtlosigkeit, Mumm, Waghalsigkeit, Forschheit, K\u00fchnheit, Beherztheit.<\/p><p style=\"text-align: left;\">All dies nehmen wir f\u00fcr uns nicht in Anspruch. Unsere Tour ist, zumindest bisher, weder gef\u00e4hrlich, noch riskant. Es gab nicht viele Situationen in denen man Angst haben musste. Au\u00dfer vielleicht ein wenig um den Lack unseres Bullis, wenn es wieder mal darum ging eine enge Passage zu meistern. O.K. der Moment als ich den Bulli mitten in der Pampas \"vergraben\" habe war nicht ganz prall. Doch man, wir wachsen ja mit den Aufgaben.<\/p><p style=\"text-align: left;\">Wir sind weder furchtlos, noch \u00fcbertrieben waghalsig. Wir sehen uns auch nicht als forsch oder k\u00fchn. Wenn \u00fcberhaupt eines der Synonyme passt, dann ist es Beherztheit. - Damit und nur damit k\u00f6nnen wir uns identifizieren. Wenn wir etwas machen, dann mit ganzem Herzen.<\/p><p style=\"text-align: left;\">Wir haben weiter gesucht. Was gibt es denn f\u00fcr Zitate?<\/p><p style=\"text-align: center;\"><span style=\"font-size: 18px;\">\"Mut ist, wenn man Todesangst hat, aber sich trotzdem in den Sattel schwingt.\"\u00a0 - John Wayne<\/span><\/p><p>\u00a0<\/p><p>Sorry, wir m\u00fcssen Euch entt\u00e4uschen, es gab keine Todesangst. Wir sind ja hier nicht im Wilden Westen. Wobei cool war er. Mr. Big Leggy.<\/p><p style=\"text-align: center;\"><span style=\"font-size: 18px;\">\"Ganz und gar man selbst zu sein, kann schon einigen Mut erfordern.\" - Sophia Loren<\/span><\/p><p style=\"text-align: center;\"><span style=\"font-size: 18px;\">\u00a0<\/span><\/p><p style=\"text-align: left;\">Das passt da schon eher. Das versuchen wir zu leben, ganz und gar. Doch wir sind sicherlich erst auf dem Weg dahin, ganz und gar, doch auch far away.<\/p><p style=\"text-align: center;\"><span style=\"font-size: 18px;\"><em><strong>\"Das gr\u00f6\u00dfte Vergn\u00fcgen im Leben besteht darin, das zu tun,<\/strong><\/em><\/span><\/p><p style=\"text-align: center;\"><span style=\"font-size: 18px;\"><em><strong>von dem die Leute sagen, du k\u00f6nntest es nicht.\" -\u00a0Walter Bagehot<\/strong><\/em><\/span><\/p><p style=\"text-align: left;\">Das ist und war schon immer meines. \"<em>Das kannst Du nicht<\/em>\" ist eine meiner Triebfedern. - Torgit hatte schon Sorge, dass ich nur deshalb losgefahren bin, da mir etliche Menschen gesagt haben, dass ich doch nicht einfach meinen Job k\u00fcndigen k\u00f6nnte, nach drei, vier Wochen wieder daheim w\u00e4re und... - Doch ist das alles? - Nein, ganz sicher nicht. - Es macht einfach Spa\u00df zu reisen, es macht gl\u00fccklich. Doch noch einmal zur\u00fcck zum Mut.<\/p><p style=\"text-align: left;\">Zwei weitere Zitate fanden wir noch passend. Zum Einen sehen wir uns ja als Gl\u00fcckssucher...<\/p><p style=\"text-align: center;\"><span style=\"font-size: 18px;\"><em><strong>\"Mut steht am Anfang des Handelns, Gl\u00fcck am Ende.\" - Demokrit\u00a0<\/strong><\/em><\/span><\/p><p>\u00a0<\/p><p>...und zum Anderen...<\/p><p>\u00a0<\/p><p style=\"text-align: center;\"><span style=\"font-size: 18px;\"><em><strong>\"Wo k\u00e4men wir hin, wenn alle sagten, wo k\u00e4men wir hin, und niemand ginge,<\/strong><\/em><\/span><\/p><p style=\"text-align: center;\"><span style=\"font-size: 18px;\"><em><strong>einmal zu schauen, wohin man k\u00e4me, wenn man ginge.\" - Kurt Marti<\/strong><\/em><\/span><\/p><p>\u00a0<\/p><p style=\"text-align: left;\">Als vor einigen Jahren unsere Freundin Andrea, mit Ihrem Partner Craig, beschloss Ihre Wohnung aufzul\u00f6sen, f\u00fcr nur 3.000,- \u20ac einen alten Bulli zu kaufen und einfach gen S\u00fcden zu ziehen, fand ich das vielleicht mutig. - Vor allem fand ich\u00a0es un\u00fcberlegt. - Vielleicht ist Mut genau das - mal un\u00fcberlegtes tun. Denn von Mut steht in Ihrem <a title=\"Teneriffa - Spain\" href=\"\/2020\/05\/17\/teneriffa\/\">Teneriffa Bericht\u00a0<\/a>\u00a0so gar nichts. Deshalb habe ich sie gefragt. Hier ihre Antwort: <em>\"Das Leben beginnt, sobald man aus seiner Komfortzone rauskommt. Zweifel sind der Verstand, das Ego. Mut ist das Herz. - Uns ist es erst sp\u00e4ter klar geworden,\u00a0 das es Mut war...\"<\/em> -\u00a0Andreas Feedback best\u00e4rkt mich in einer neuen Definition\u00a0- Mut ist die Abk\u00fcrzung f\u00fcr \"<strong>m<\/strong>al <strong>u<\/strong>n\u00fcberlegtes <strong>t<\/strong>un\".<\/p><p style=\"text-align: left;\">Erinnert Ihr Euch an die Mutprobe in Eurer Jugend? War das Mut oder nur\u00a0mal un\u00fcberlegtes tun? Un\u00fcberlegt aber geil oder?<\/p><p style=\"text-align: center;\">\u00a0<\/p><\/div><div id=\"cc-m-12674271726\" class=\"j-module n j-hgrid \"><div class=\"cc-m-hgrid-column\" style=\"width: 49%;\"><div id=\"cc-matrix-3637369826\"><div id=\"cc-m-12674272126\" class=\"j-module n j-text \"><p>Als ich vor einiger Zeit\u00a0dieses Video, der beiden Russen\u00a0Vadim Makhorov und Vitaliy Raskalov gesehen habe, wurde mir schon beim Zuschauen ganz anders. Die Beiden klettern auf die h\u00f6chsten Geb\u00e4ude der Welt und filmen sich dabei. Hier\u00a0der Shanghai Tower.<\/p><p>Ich war niemals auf einem echten Wolkenkratzer. Doch als Kind\u00a0waren\u00a0schon B\u00e4ume hoch, als Jugendlicher Berge und als junger Mann kletterte ich auf einen Baukran, auf einem der h\u00f6chsten Geb\u00e4ude in Berlin. H\u00f6henangst kannte ich damals noch nicht.<\/p><\/div><\/div><\/div><div class=\"cc-m-hgrid-separator\" data-display=\"cms-only\"><div>\u00a0<\/div><\/div><div class=\"cc-m-hgrid-column last\" style=\"width: 49%;\"><div id=\"cc-matrix-3637369926\"><div id=\"cc-m-12674271826\" class=\"j-module n j-video \"><div class=\"cc-m-video-gutter cc-m-video-align-center cc-m-video-ratio-2\" style=\"width: 425px;\"><div class=\"cc-m-video-wrapper\"><p><iframe id=\"cc-m-video-container-12674271826\" class=\"cc-m-video-container\" src=\"https:\/\/www.youtube-nocookie.com\/embed\/gLDYtH1RH-U?wmode=transparent&vq=hd1080\" frameborder=\"0\" allowfullscreen=\"allowfullscreen\">             <\/iframe><\/p><div class=\"cc-m-video-overlay\">\u00a0<\/div><\/div><\/div><div class=\"cc-clear\">\u00a0<\/div><\/div><\/div><\/div><div class=\"cc-m-hgrid-overlay\" data-display=\"cms-only\">\u00a0<\/div><p>\u00a0<\/p><\/div><div id=\"cc-m-12674271326\" class=\"j-module n j-text \"><p><span style=\"font-size: 14px;\"><span style=\"font-size: 16px;\">Was machen diese Russen da? - Mutig? - Keine Ahnung. Es wirkt\u00a0un\u00fcberlegt, aber auch ziemlich cool. - Wenn man bewusst dar\u00fcber nachdenkt, ist das Risiko, das die Beiden eingehen, deutlich geringer, als am Steilhang zu klettern. Doch die Freiheit, die sie dort oben genie\u00dfen, d\u00fcrfte atemberaubend sein.\u00a0<\/span><\/span><\/p><p>\u00a0<\/p><p><span style=\"font-size: 14px;\"><span style=\"font-size: 16px;\">War ich in anderen Situationen mutig? - War es z.B. mutig sich selbst\u00e4ndig zu machen? Damals fragte man nur abf\u00e4llig: \"Warum machst du das?\" - Erst viel sp\u00e4ter kam die Frage \"Wie hast du das gemacht\" -\"Woher hattest du den Mut?\" - Vielleicht ist un\u00fcberlegt die Antwort auf die Frage nach dem Mut.<\/span><\/span><\/p><p>\u00a0<\/p><p>Torgit und ich haben vor einigen Tagen eine Dokumentation gesehen: \"Anderswo. Allein in Afrika.\"\u00a0Ein Dokumentarfilm \u00fcber den jungen Anselm, der allein mit dem Rad durch Afrika f\u00e4hrt. - Das bedeutet f\u00fcr uns Mut. Ganz allein zu sein bedeutet Mut. Ein Leben allein zu bestreiten bedeutet Mut. Allein auf Reisen zu gehen bedeutet f\u00fcr uns noch mehr Mut. - Wir haben uns, was soll uns denn da noch passieren? - zusammen sind wir stark, zusammen sind wir ein Team und ja, vielleicht sind wir sogar mutig, auf jeden Fall beherzt, mit ganzem Herzen.<\/p><p>\u00a0<\/p><p>PS: All diejenigen, die allein reisen geh\u00f6rt unser Respekt! Ihr seid die wahrhaft Mutigen. Oder doch nur un\u00fcberlegt?<\/p><p>\u00a0<\/p><p>PPS: Schreibt uns gern, wie ihr die Frage nach dem Mut beantworten w\u00fcrdet. Wer von Euch ist mutig? Tretet vor!<\/p><p>\u00a0<\/p><p style=\"text-align: right;\">\u00a0<a class=\"j-calltoaction-link j-calltoaction-link-style-2\" style=\"font-size: 16px; background-color: #ffcc00; border-width: 2px; border-color: #ffcc00; color: #ffffff; user-select: text; padding: 10px 20px; line-height: 1.5; border-radius: 0px; -webkit-appearance: none; margin: 1em 0px;\" title=\"Das letzte Mal ums Horn...\" href=\"\/2020\/07\/12\/das-letzte-mal-ums-horn\/\" data-action=\"button\" data-title=\"Sunny Side Up\">Sunny Side Up\u00a0 \u00a0\u00a0<\/a><\/p><p style=\"text-align: right;\"><a class=\"j-calltoaction-link j-calltoaction-link-style-2\" style=\"background-color: #ffcc00; border-width: 2px; border-color: #ffcc00; color: #ffffff; user-select: text; padding: 10px 20px; font-size: 16px; line-height: 1.5; border-radius: 0px; -webkit-appearance: none; margin: 1em 0px;\" title=\"BUTCH - Es geht voran - Terranger, delta 4x4, Sandbleche & Co.\" href=\"\/2020\/07\/04\/butch-es-geht-voran-terranger-delta-4x4-sandbleche-co\/\" data-action=\"button\" data-title=\"Sunny Side Down\"> Sunny Side Down\u00a0 \u00a0\u00a0<\/a><\/p><\/div><div id=\"cc-m-12674284526\" class=\"j-module n j-imageSubtitle \"><figure class=\"cc-imagewrapper cc-m-image-align-1 cc-m-width-maxed\"><img id=\"cc-m-imagesubtitle-image-12674284526\" class=\"\" src=\"https:\/\/planbwagen.de\/wp-content\/uploads\/2020\/07\/image-4-6.jpg\" sizes=\"(min-width: 845px) 845px, 100vw\" alt=\"\" data-src-width=\"1023\" data-src-height=\"612\" data-src=\"https:\/\/planbwagen.de\/wp-content\/uploads\/2020\/07\/image-4-6.jpg\" data-image-id=\"8179602526\" data-pfsrc=\"https:\/\/planbwagen.de\/wp-content\/uploads\/2020\/07\/image-4-6.jpg\" \/><\/figure><div class=\"cc-clear\">\u00a0<\/div><\/div><\/div><\/div><div class=\"j-module n j-text j-blog-post--tags-wrapper\"><span class=\"j-blog-post--tags--template\" style=\"display: none;\"><a class=\"j-blog-post--tag\" href=\"https:\/\/www.gluecksmuskel.de\/hectors-reisen\/?tag=tagPlaceholder\">tagPlaceholder<\/a><\/span><span class=\"j-blog-post--tags-label\" style=\"display: inline;\">Tags:<\/span> <span class=\"j-blog-post--tags-list\"><a class=\"j-blog-post--tag\" href=\"https:\/\/www.gluecksmuskel.de\/hectors-reisen\/?tag=Reise\">Reise<\/a>, <a class=\"j-blog-post--tag\" href=\"https:\/\/www.gluecksmuskel.de\/hectors-reisen\/?tag=Teneriffa\">Teneriffa<\/a>, <a class=\"j-blog-post--tag\" href=\"https:\/\/www.gluecksmuskel.de\/hectors-reisen\/?tag=travelblog\">travelblog<\/a>, <a class=\"j-blog-post--tag\" href=\"https:\/\/www.gluecksmuskel.de\/hectors-reisen\/?tag=Reisenistsch%C3%B6n\">Reisenistsch\u00f6n<\/a>, <a class=\"j-blog-post--tag\" href=\"https:\/\/www.gluecksmuskel.de\/hectors-reisen\/?tag=reisebericht\">reisebericht<\/a>, <a class=\"j-blog-post--tag\" href=\"https:\/\/www.gluecksmuskel.de\/hectors-reisen\/?tag=travel\">travel<\/a>, <a class=\"j-blog-post--tag\" href=\"https:\/\/www.gluecksmuskel.de\/hectors-reisen\/?tag=Mut\">Mut<\/a>, <a class=\"j-blog-post--tag\" href=\"https:\/\/www.gluecksmuskel.de\/hectors-reisen\/?tag=DeutscheReiseblogger\">DeutscheReiseblogger<\/a>, <a class=\"j-blog-post--tag\" href=\"https:\/\/www.gluecksmuskel.de\/hectors-reisen\/?tag=%23selbstbestimmt\">#selbstbestimmt<\/a>, <a class=\"j-blog-post--tag\" href=\"https:\/\/www.gluecksmuskel.de\/hectors-reisen\/?tag=%23weltreise\">#weltreise<\/a>, <a class=\"j-blog-post--tag\" href=\"https:\/\/www.gluecksmuskel.de\/hectors-reisen\/?tag=digitalenomaden\">digitalenomaden<\/a>, <a class=\"j-blog-post--tag\" href=\"https:\/\/www.gluecksmuskel.de\/hectors-reisen\/?tag=deutschereisen\">deutschereisen<\/a>, <a class=\"j-blog-post--tag\" href=\"https:\/\/www.gluecksmuskel.de\/hectors-reisen\/?tag=europareise\">europareise<\/a>, <a class=\"j-blog-post--tag\" href=\"https:\/\/www.gluecksmuskel.de\/hectors-reisen\/?tag=reisecommunity\">reisecommunity<\/a>, <a class=\"j-blog-post--tag\" href=\"https:\/\/www.gluecksmuskel.de\/hectors-reisen\/?tag=reiseliebe\">reiseliebe<\/a><\/span><\/div><div id=\"flexsocialbuttons\" class=\"n\"><div class=\"cc-sharebuttons-element cc-sharebuttons-size-16 cc-sharebuttons-style-colored cc-sharebuttons-design-square cc-sharebuttons-align-left\">\u00a0<\/div><\/div><div class=\"n j-comment\"><div id=\"commentsModule12673476326\"><p id=\"skiptoform12673476326\" class=\"skiptoform\"><a href=\"#\" data-id=\"12673476326\" data-action=\"goToForm\">Kommentar schreiben<\/a><\/p><div id=\"numComments12673476326\" class=\"j-blog-comment-counter\">Kommentare: <i class=\"cc-comments-count\">0<\/i><\/div><ul id=\"commentOutput12673476326\" class=\"com-list-noava\"><li id=\"commentFormContainer12673476326\" class=\"commentstd clearover\"><strong class=\"number\">#1<\/strong><br \/><div class=\"com-meta\">\u00a0<\/div><p><a name=\"commentForm12673476326\"><\/a><\/p><div class=\"commententry cc-com-entry\"><form id=\"commentform12673476326\" action=\"\" enctype=\"application\/x-www-form-urlencoded\" method=\"post\"><div><label class=\"required\" for=\"name12673476326\">Name: *<\/label><br \/><input id=\"name12673476326\" class=\"single\" name=\"name\" type=\"text\" value=\"\" \/><\/div><div><label class=\"required\" for=\"comment12673476326\">Eintrag: *<\/label><br \/><textarea id=\"comment12673476326\" cols=\"80\" name=\"comment\" rows=\"6\"><\/textarea><\/div><div><label class=\"required\" for=\"privacyPolicy12673476326\">Es gilt die <a href=\"\/j\/privacy\" target=\"_blank\" rel=\"noopener noreferrer\">Datenschutzerkl\u00e4rung<\/a>. *<\/label><br \/><input name=\"privacyPolicy\" type=\"hidden\" value=\"0\" \/><input id=\"privacyPolicy12673476326\" name=\"privacyPolicy\" type=\"checkbox\" value=\"1\" \/><\/div><div><input id=\"submit12673476326\" name=\"Senden\" type=\"submit\" value=\"Senden\" \/><\/div><dl class=\"zend_form\"><dt id=\"mandFields-label\"><\/dt><\/dl><div style=\"margin-top: 4px;\">* Pflichtfelder<\/div><\/form><\/div><div class=\"c\">\u00a0<\/div><\/li><\/ul><div id=\"commentError12673476326\" class=\"message-error\" style=\"display: none;\">\u00a0<\/div><div id=\"commentSuccess12673476326\" class=\"message-ok\" style=\"display: none;\">\u00a0<\/div><\/div><p><script>\/\/ <![CDATA[ window.regModule(\"module_comment\", {\"data\":{\"id\":\"12673476326\",\"closed\":\"0\",\"captcha\":\"b761c22c71cf52f72ed02452e3c8bc18\",\"avatar\":false,\"lang\":{\"comment\":\"Kommentar\",\"comments\":\"Kommentare\"}}}); \/\/ ]]> <\/script><\/p><\/div><\/article><p>\u00a0<\/p>","_et_gb_content_width":"","footnotes":""},"categories":[15],"tags":[],"class_list":["post-167","post","type-post","status-publish","format-standard","has-post-thumbnail","hentry","category-glueckstraining"],"_links":{"self":[{"href":"https:\/\/www.planbwagen.de\/es\/wp-json\/wp\/v2\/posts\/167","targetHints":{"allow":["GET"]}}],"collection":[{"href":"https:\/\/www.planbwagen.de\/es\/wp-json\/wp\/v2\/posts"}],"about":[{"href":"https:\/\/www.planbwagen.de\/es\/wp-json\/wp\/v2\/types\/post"}],"author":[{"embeddable":true,"href":"https:\/\/www.planbwagen.de\/es\/wp-json\/wp\/v2\/users\/1"}],"replies":[{"embeddable":true,"href":"https:\/\/www.planbwagen.de\/es\/wp-json\/wp\/v2\/comments?post=167"}],"version-history":[{"count":14,"href":"https:\/\/www.planbwagen.de\/es\/wp-json\/wp\/v2\/posts\/167\/revisions"}],"predecessor-version":[{"id":16913,"href":"https:\/\/www.planbwagen.de\/es\/wp-json\/wp\/v2\/posts\/167\/revisions\/16913"}],"wp:featuredmedia":[{"embeddable":true,"href":"https:\/\/www.planbwagen.de\/es\/wp-json\/wp\/v2\/media\/4217"}],"wp:attachment":[{"href":"https:\/\/www.planbwagen.de\/es\/wp-json\/wp\/v2\/media?parent=167"}],"wp:term":[{"taxonomy":"category","embeddable":true,"href":"https:\/\/www.planbwagen.de\/es\/wp-json\/wp\/v2\/categories?post=167"},{"taxonomy":"post_tag","embeddable":true,"href":"https:\/\/www.planbwagen.de\/es\/wp-json\/wp\/v2\/tags?post=167"}],"curies":[{"name":"wp","href":"https:\/\/api.w.org\/{rel}","templated":true}]}}