{"id":1652,"date":"2019-11-02T19:22:44","date_gmt":"2019-11-02T19:22:44","guid":{"rendered":""},"modified":"2020-09-15T08:15:21","modified_gmt":"2020-09-15T08:15:21","slug":"tag-no-59-zambujeira-do-mar","status":"publish","type":"post","link":"https:\/\/www.planbwagen.de\/es\/portugal\/dia-no-59-zambujeira-do-mar\/","title":{"rendered":"D\u00eda n.\u00ba 59 - Zambujeira do Mar"},"content":{"rendered":"<p>[et_pb_section fb_built=&#8220;1&#8243; _builder_version=&#8220;3.22&#8243;][et_pb_row _builder_version=&#8220;4.5.1&#8243; _module_preset=&#8220;default&#8220; column_structure=&#8220;1_3,1_3,1_3&#8243;][et_pb_column _builder_version=&#8220;4.5.1&#8243; _module_preset=&#8220;default&#8220; type=&#8220;1_3&#8243;][et_pb_image src=&#8220;https:\/\/www.planbwagen.de\/wp-content\/uploads\/2020\/09\/1-24.jpg&#8220; _builder_version=&#8220;4.5.1&#8243; _module_preset=&#8220;default&#8220; title_text=&#8220;1&#8243; hover_enabled=&#8220;0&#8243;][\/et_pb_image][\/et_pb_column][et_pb_column _builder_version=&#8220;4.5.1&#8243; _module_preset=&#8220;default&#8220; type=&#8220;1_3&#8243;][et_pb_image src=&#8220;https:\/\/www.planbwagen.de\/wp-content\/uploads\/2020\/09\/2-20.jpg&#8220; _builder_version=&#8220;4.5.1&#8243; _module_preset=&#8220;default&#8220; title_text=&#8220;2&#8243; hover_enabled=&#8220;0&#8243;][\/et_pb_image][\/et_pb_column][et_pb_column _builder_version=&#8220;4.5.1&#8243; _module_preset=&#8220;default&#8220; type=&#8220;1_3&#8243;][et_pb_image src=&#8220;https:\/\/www.planbwagen.de\/wp-content\/uploads\/2020\/09\/3-16.jpg&#8220; _builder_version=&#8220;4.5.1&#8243; _module_preset=&#8220;default&#8220; title_text=&#8220;3&#8243; hover_enabled=&#8220;0&#8243;][\/et_pb_image][\/et_pb_column][\/et_pb_row][et_pb_row _builder_version=&#8220;4.5.1&#8243; _module_preset=&#8220;default&#8220;][et_pb_column _builder_version=&#8220;4.5.1&#8243; _module_preset=&#8220;default&#8220; type=&#8220;4_4&#8243;][et_pb_text _builder_version=&#8220;4.5.1&#8243; _module_preset=&#8220;default&#8220; hover_enabled=&#8220;0&#8243;]<\/p>\n<p>Esta ma\u00f1ana nos hemos despertado renovados. - Despu\u00e9s de dos noches durmiendo mal, esto es un verdadero lujo. Disfrutamos de nuestra nueva parcela, que est\u00e1 al final del camping. Aqu\u00ed estamos casi solos. S\u00f3lo hay una caravana cerca. Una pareja de Recklinghausen que nos cuenta que antes viajaban en autocaravana. Siempre es fascinante darse cuenta de que la gente se identifica tanto con una furgoneta. Que sea una T1, T4 o T6 no parece importar a este respecto.<\/p>\n<p>En nuestras comparaciones de veh\u00edculos individuales, ten\u00edamos en el punto de mira el Ford Nugget, el Mercedes Marco Polo, el VW California y, m\u00e1s recientemente, el SpaceCamper. En una inspecci\u00f3n m\u00e1s detallada, el Ford fue el primero en caer en desgracia. La mano de obra no nos parec\u00eda comparable. Adem\u00e1s, siempre record\u00e9 un dicho de los a\u00f1os 80 sobre Ford: \"Condujo un Ford y nunca volvi\u00f3\". - Qui\u00e9n sabe, quiz\u00e1 eso cambie. - El Mercedes Marco Polo ten\u00eda m\u00e1s posibilidades de entrar en la lista de finalistas. Me pareci\u00f3 especialmente sorprendente que el Mercedes, con el equipamiento adecuado, acabara costando casi lo mismo que el California. En general, tuve la sensaci\u00f3n de que VW y Mercedes eran muy similares en este mercado, por no decir que se copiaban mutuamente. Pero al fin y al cabo, un Daimler sigue siendo un Daimler y un VW sigue siendo un Volkswagen. Y aqu\u00ed es precisamente donde veo el defecto del Mercedes. Nunca se acercar\u00e1 a la identificaci\u00f3n del Volkswagen. Pero eso es precisamente lo que te ayuda cuando viajas lejos. Los conductores de Bulli son una comunidad. Por eso al final ten\u00edamos claro que quer\u00edamos un Volkswagen.<\/p>\n<p>Pero justo en el momento en que ya nos hab\u00edamos decidido por una VW California y s\u00f3lo quer\u00edamos dar una vuelta por la feria de caravanas, dimos con SpaceCamper. Desde el primer momento nos dimos cuenta de que en esta f\u00e1brica no s\u00f3lo trabajan profesionales, sino sobre todo campistas con alma y coraz\u00f3n. - Tras una conversaci\u00f3n de 20 minutos con el jefe de ventas, me dijo: \"Ya lo has comprado\". - Mi coraz\u00f3n de vendedor tuvo que darle la raz\u00f3n. - Poco despu\u00e9s, me enter\u00e9 del lavado de cara del T6.1. Est\u00e1 por ver si la espera ha merecido la pena. - Con cada lavado de cara, siempre habr\u00e1 gente que diga que el anterior era\/es mejor. Como se trata s\u00f3lo de un lavado de cara y no de una nueva serie de modelos, nos prometemos que tendremos el T5 m\u00e1s sofisticado. Pero como ya he dicho, ya veremos.<\/p>\n<p>Ya hemos visto muchas cosas en nuestro viaje. Viajar puede significar estar constantemente en movimiento de A a B*, viendo todo lo posible. Para nosotros, sin embargo, es igual de importante parar de vez en cuando. Por eso queremos quedarnos aqu\u00ed, en Zambujeira do Mar, unos d\u00edas.<\/p>\n<p>Por fin ha llegado el momento de volver a la hamaca y centrarme en el tercer caso del inspector Dupin: el oro bret\u00f3n. - Me encantan estas novelas polic\u00edacas bretonas. - Jean-Luc Bannalec, el autor, tiene una forma de expresarse incre\u00edblemente florida, a veces incluso exc\u00e9ntrica. Pero eso es precisamente lo que hace que sus novelas sean tan especiales. Adem\u00e1s, la recomendaci\u00f3n vino directamente de dos amigos m\u00edos. Uwe me recomend\u00f3 los libros, Micha los audiolibros. Al final me decid\u00ed por el libro. - A Torgit y a m\u00ed nos gustan tanto las descripciones que sin duda queremos conocer m\u00e1s a fondo los alrededores de Le Croisic. - Sin embargo, estoy disfrutando de la ventaja de estar s\u00f3lo en el volumen tres. De momento, Torgit s\u00f3lo tiene la posibilidad de esperar al siguiente volumen o volver a empezar. Entonces ser\u00e1 mejor que haga algo de yoga.<\/p>\n<p>Mientras tanto, intento configurar un poco el 6.1. Curiosamente, esto funciona mejor en la p\u00e1gina web de VW Austria que en la de VW en Alemania. Ellos ya tienen una versi\u00f3n de larga distancia entre ejes de la Caravelle en l\u00ednea. Porque nuestra SpaceCamper se basa en esto. As\u00ed que no ser\u00e1 aburrido.<\/p>\n<p>[\/et_pb_text][\/et_pb_column][\/et_pb_row][et_pb_row _builder_version=&#8220;4.5.1&#8243; _module_preset=&#8220;default&#8220; column_structure=&#8220;1_2,1_2&#8243;][et_pb_column _builder_version=&#8220;4.5.1&#8243; _module_preset=&#8220;default&#8220; type=&#8220;1_2&#8243;][et_pb_image src=&#8220;https:\/\/www.planbwagen.de\/wp-content\/uploads\/2020\/09\/4.png&#8220; _builder_version=&#8220;4.5.1&#8243; _module_preset=&#8220;default&#8220; title_text=&#8220;4&#8243; hover_enabled=&#8220;0&#8243;][\/et_pb_image][\/et_pb_column][et_pb_column _builder_version=&#8220;4.5.1&#8243; _module_preset=&#8220;default&#8220; type=&#8220;1_2&#8243;][et_pb_text _builder_version=&#8220;4.5.1&#8243; _module_preset=&#8220;default&#8220; hover_enabled=&#8220;0&#8243; min_height=&#8220;579px&#8220;]<\/p>\n<figure class=\"cc-imagewrapper cc-m-image-align-1\"><\/figure>\n<div>\n<div id=\"cc-m-textwithimage-12547678926\" data-name=\"text\" data-action=\"text\" class=\"cc-m-textwithimage-inline-rte\">\n<p>*Hablando de viajar de A a B. - Torgit y yo tuvimos otro tema hombre-mujer en el viaje desde Lisboa: siempre nos parece fascinante lo diferentes que somos no s\u00f3lo nosotros, sino muchas personas. Lo notas, por ejemplo, en la forma en que alguien te describe la ruta. Por ejemplo, yo describir\u00eda una ruta de la siguiente manera: Gire a la derecha en la siguiente carretera, siga la carretera hasta la siguiente se\u00f1al de stop, mant\u00e9ngase a la izquierda all\u00ed y a la derecha en el siguiente sem\u00e1foro, luego a la rotonda, primero a la derecha, a la izquierda despu\u00e9s de 50 metros. Torgit describir\u00eda la misma ruta as\u00ed: Gira a la derecha aqu\u00ed en la esquina junto al zapatero. Luego todo recto, antes de la farmacia, mant\u00e9ngase a la izquierda, pase por delante de la gran iglesia, luego llegar\u00e1 al cruce, pase por delante del Edeka, la Sparkasse y el Volksbank. Gire a la derecha inmediatamente despu\u00e9s del siguiente edificio amarillo. Llegar\u00e1 a una rotonda con una fuente. En cuanto llegue a la rotonda, gire a la derecha en la calle con la florister\u00eda a la izquierda. Justo despu\u00e9s del quiosco de la derecha, deber\u00eda estar en alg\u00fan sitio. -<\/p>\n<\/div>\n<\/div>\n<p>[\/et_pb_text][\/et_pb_column][\/et_pb_row][et_pb_row _builder_version=&#8220;4.5.1&#8243; _module_preset=&#8220;default&#8220;][et_pb_column _builder_version=&#8220;4.5.1&#8243; _module_preset=&#8220;default&#8220; type=&#8220;4_4&#8243;][et_pb_text _builder_version=&#8220;4.5.1&#8243; _module_preset=&#8220;default&#8220; hover_enabled=&#8220;0&#8243;]<\/p>\n<p>Lo curioso es que Torgit es sin duda el m\u00e1s objetivo de nosotros. La Edad de Piedra fue hace m\u00e1s de 2,5 millones de a\u00f1os y, sin embargo, es omnipresente. La base de nuestra conversaci\u00f3n, sin embargo, fue que en un cruce de autopista me di cuenta demasiado tarde de que deb\u00eda girar a la derecha. - Mi afirmaci\u00f3n de que me limitar\u00eda a pasar por el tr\u00e9bol fue recibida con incomprensi\u00f3n. Torgit quer\u00eda llegar hasta la siguiente salida y girar a la derecha. Por desgracia, para empeorar las cosas, faltaba el cuarto tr\u00e9bol despu\u00e9s del segundo giro. Por desgracia, no hab\u00eda farmacia, iglesia, banco ni nada necesario para explicar la situaci\u00f3n en el cruce de la autopista, lo que dio lugar a esta captura de pantalla. Te\u00f3ricamente ahora lo entendi\u00f3, creo!?!????<\/p>\n<p>(Nota de Torgit: La gran Vera F. Birkenbihl ya explic\u00f3 que los hombres tienen un mapa en la cabeza para navegar y las mujeres no. \u00bfPor eso no entiendo por qu\u00e9 faltan los puntos cardinales en la navegaci\u00f3n de Marc? Por eso no entiendo por qu\u00e9 faltan los puntos cardinales en la navegaci\u00f3n de Marc?!?!)<\/p>\n<p>Erkenntnis des Tages: Am Tag an dem ich die Frauen verstehe, werde ich nicht nur Bestsellerautor, sondern auch schwer reich. \ud83d\ude09 (Anm. von Torgit: Schatz, es ist nicht schlimm, dass Du arm bleibst \ud83d\ude09 )<\/p>\n<p>[\/et_pb_text][\/et_pb_column][\/et_pb_row][\/et_pb_section]<\/p>","protected":false},"excerpt":{"rendered":"<p>[et_pb_section fb_built=&#8220;1&#8243; _builder_version=&#8220;3.22&#8243;][et_pb_row _builder_version=&#8220;4.5.1&#8243; _module_preset=&#8220;default&#8220; column_structure=&#8220;1_3,1_3,1_3&#8243;][et_pb_column _builder_version=&#8220;4.5.1&#8243; _module_preset=&#8220;default&#8220; type=&#8220;1_3&#8243;][et_pb_image src=&#8220;https:\/\/www.planbwagen.de\/wp-content\/uploads\/2020\/09\/1-24.jpg&#8220; _builder_version=&#8220;4.5.1&#8243; _module_preset=&#8220;default&#8220; title_text=&#8220;1&#8243; hover_enabled=&#8220;0&#8243;][\/et_pb_image][\/et_pb_column][et_pb_column _builder_version=&#8220;4.5.1&#8243; _module_preset=&#8220;default&#8220; type=&#8220;1_3&#8243;][et_pb_image src=&#8220;https:\/\/www.planbwagen.de\/wp-content\/uploads\/2020\/09\/2-20.jpg&#8220; _builder_version=&#8220;4.5.1&#8243; _module_preset=&#8220;default&#8220; title_text=&#8220;2&#8243; hover_enabled=&#8220;0&#8243;][\/et_pb_image][\/et_pb_column][et_pb_column _builder_version=&#8220;4.5.1&#8243; _module_preset=&#8220;default&#8220; type=&#8220;1_3&#8243;][et_pb_image src=&#8220;https:\/\/www.planbwagen.de\/wp-content\/uploads\/2020\/09\/3-16.jpg&#8220; _builder_version=&#8220;4.5.1&#8243; _module_preset=&#8220;default&#8220; title_text=&#8220;3&#8243; hover_enabled=&#8220;0&#8243;][\/et_pb_image][\/et_pb_column][\/et_pb_row][et_pb_row _builder_version=&#8220;4.5.1&#8243; _module_preset=&#8220;default&#8220;][et_pb_column _builder_version=&#8220;4.5.1&#8243; _module_preset=&#8220;default&#8220; type=&#8220;4_4&#8243;][et_pb_text _builder_version=&#8220;4.5.1&#8243; _module_preset=&#8220;default&#8220; hover_enabled=&#8220;0&#8243;] Heute Morgen sind wir erholt aufgewacht. &#8211; Nach zwei N\u00e4chten, in denen wir schlecht geschlafen haben, ein [&hellip;]<\/p>","protected":false},"author":1,"featured_media":3956,"comment_status":"open","ping_status":"open","sticky":false,"template":"","format":"standard","meta":{"_et_pb_use_builder":"on","_et_pb_old_content":"<div id=\"content_start\">\u00a0<\/div><article class=\"j-blog\"><div class=\"n j-blog-meta j-blog-post--header\"><div class=\"j-text j-module n\"><a class=\"j-blog-post--category\" href=\"https:\/\/www.gluecksmuskel.de\/hectors-reisen\/portugal\/\"> Portugal <\/a> \u00a0\u00b7\u00a0 <span class=\"j-text j-blog-post--date\"> 02. November 2019 <\/span><\/div><h1 class=\"j-blog-header j-blog-headline j-blog-post--headline\">Tag No. 59 - Zambujeira do Mar<\/h1><\/div><div class=\"post j-blog-content\"><div id=\"cc-matrix-3600761726\"><div id=\"cc-m-12547681126\" class=\"j-module n j-spacing \"><div class=\"cc-m-spacer\" style=\"height: 19px;\">\u00a0<\/div><\/div><div id=\"cc-m-12547660326\" class=\"j-module n j-gallery \"><div id=\"cc-m-gallery-12547660326\" class=\"cc-m-gallery-container cc-m-gallery-cool clearover\"><div id=\"gallery_thumb_8108531626\" class=\"cc-m-gallery-cool-item\"><div><a rel=\"lightbox[12547660326]\" data-href=\"https:\/\/planbwagen.de\/wp-content\/uploads\/attachments\/image.jpg\" data-title=\"\" data-index=\"0\"> <img style=\"height: 176px; width: 132px; margin-bottom: 3px; margin-right: 3px;\" src=\"https:\/\/planbwagen.de\/wp-content\/uploads\/2020\/07\/image-5-4-9-2.jpg\" alt=\"\" data-orig-width=\"675\" data-orig-height=\"900\" \/> <\/a><\/div><\/div><div id=\"gallery_thumb_8108532026\" class=\"cc-m-gallery-cool-item\"><div><a rel=\"lightbox[12547660326]\" data-href=\"https:\/\/planbwagen.de\/wp-content\/uploads\/attachments\/image.jpg\" data-title=\"\" data-index=\"1\"> <img style=\"height: 176px; width: 235px; margin-bottom: 3px;\" src=\"https:\/\/planbwagen.de\/wp-content\/uploads\/2020\/07\/image-8-7-4-0.jpg\" alt=\"\" data-orig-width=\"2048\" data-orig-height=\"1536\" \/> <\/a><\/div><\/div><div id=\"gallery_thumb_8108532226\" class=\"cc-m-gallery-cool-item\"><div><a rel=\"lightbox[12547660326]\" data-href=\"https:\/\/planbwagen.de\/wp-content\/uploads\/attachments\/image.jpg\" data-title=\"\" data-index=\"2\"> <img style=\"height: 176px; width: 132px; margin-bottom: 3px;\" src=\"https:\/\/planbwagen.de\/wp-content\/uploads\/2020\/07\/image-6-7-4-9.jpg\" alt=\"\" data-orig-width=\"1536\" data-orig-height=\"2048\" \/> <\/a><\/div><\/div><\/div><\/div><div id=\"cc-m-12547505026\" class=\"j-module n j-text \"><p>\u00a0<\/p><p>Heute Morgen sind wir erholt aufgewacht. - Nach zwei N\u00e4chten, in denen wir schlecht geschlafen haben, ein wirklicher Luxus. Wir genie\u00dfen unseren neuen Platz, der sich ganz am Ende des Campingplatzes befindet. Hier sind wir fast f\u00fcr uns allein. In der N\u00e4he steht nur noch ein einzelner Caravan. Ein Paar aus Recklinghausen, welches uns bereitwillig erz\u00e4hlt, dass sie fr\u00fcher ja auch immer mit dem Bulli unterwegs gewesen seien. Immer wieder ist es faszinierend festzustellen, dass die Identifikation mit\u00a0einem\u00a0Bulli so extrem hoch ist. Ob T1, T4 oder T6 scheint diesbez\u00fcglich keine Rolle zu spielen.<\/p><p>\u00a0<\/p><p>Bei unseren Vergleichen einzelner Fahrzeuge, hatten wir unter anderem den Ford Nugget, den Mercedes Marco Polo, den VW California und zuletzt den SpaceCamper im Visier. Bei genauer Betrachtung,\u00a0fiel\u00a0der\u00a0Ford als erstes durchs Raster. Die Verarbeitung erschien uns nicht vergleichbar. Au\u00dferdem fiel mir zu Ford immer ein Sponti-Spruch der 80er ein: \u201eEr fuhr Ford und kam nie wieder\u201c - Die Option zur\u00fcck zu k\u00f6nnen, ist mir immer noch sehr wichtig. - Wer wei\u00df, vielleicht \u00e4ndert sich das ja noch.\u00a0-\u00a0 Der Mercedes Marco Polo kam da schon eher in die engere Wahl. Besonders verbl\u00fcffen fand ich, dass der Mercedes, bei entsprechender Ausstattung, am Ende fast preisgleich zum California ist. \u00dcberhaupt hatte man das Gef\u00fchl, dass VW und Mercedes sich in diesem Markt sehr vergleichen, um nicht zu sagen gegenseitig kopieren.\u00a0Doch am\u00a0Ende des Tages bleibt ein Daimler ein Daimler und ein VW ein Volkswagen. Und genau hier sehe ich das Manko des Mercedes. An die Identifikation des Volkswagens, wird er nie ran kommen. Doch genau diese hilft einem weiter, wenn man in der Ferne unterwegs ist. Bulli Fahrer sind eine Community. Deswegen war f\u00fcr uns am Ende klar, es soll ein Volkswagen werden.<\/p><p>\u00a0<\/p><p>Doch genau in dem Moment,\u00a0als wir uns eigentlich bereits f\u00fcr einen VW California entschieden hatten und nur noch ein wenig \u00fcber die Caravan Messe spazieren wollten, stie\u00dfen wir auf SpaceCamper. Vom ersten Moment an merkten wir, dass in dieser Manufaktur nicht nur Profis, sondern vor allem Camper mit Herzblut am Werk sind. - Nach einem etwa 20-min\u00fctigen Gespr\u00e4ch mit dem Verkaufsleiter sagte dieser: \u201eIhr habt doch bereits gekauft.\u201c - Mein Vertrieblerherz musste ihm Recht geben.\u00a0- Kurz drauf erfuhr ich vom Facelift\u00a0 T6.1. - Ob sich das warten lohnt, wird sich noch zeigen. - Mit jedem Facelift, wird es immer wieder Menschen geben, die sagen der \/ das Alte war \/ ist besser. Da es sich nur um ein Facelift und keine neue Modellreihe handelt, versprechen wir uns den ausgereiftesten T5 zu erhalten. Doch wie gesagt, wir werden sehen.<\/p><p>\u00a0<\/p><p>Auf unsere Reise haben wir inzwischen sehr viel gesehen. Reisen kann sicherlich bedeuten, st\u00e4ndig von A nach B* unterwegs zu sein, so viel wie m\u00f6glich zu sehen. F\u00fcr uns ist jedoch genauso wichtig, zwischendurch auch einmal anzukommen. Deshalb wollen wir hier, in\u00a0 Zambujeira do Mar, ein paar Tage bleiben.<\/p><p>\u00a0<\/p><p>Endlich mal wieder Zeit, die H\u00e4ngematte raus zu holen, die Aufmerksamkeit auf Kommissar Dupins dritten Fall - Bretonisches Gold - zu richten. - Inzwischen liebe ich diese Bretagne Krimis. - Jean-Luc Bannalec, der Autor, hat eine unheimlich blumige, zum Teil sogar verschrobene Art sich auszudr\u00fccken.\u00a0Doch genau dies macht seine Romane zu etwas ganz Besonderem. Au\u00dferdem kam die Empfehlung direkt \u00fcber zwei meiner Freunde. Uwe hat mir die B\u00fccher, Micha die H\u00f6rb\u00fccher empfohlen. Ich habe mich dann doch f\u00fcr das Buch entschieden. - Torgit und ich lieben die Beschreibungen so sehr, dass wir uns die Gegend um Le Croisic auf jeden Fall noch einmal genauer anschauen wollen. - Ich genie\u00dfe jedoch den Vorteil, erst bei Band Nummer drei zu sein. Torgit hat zur Zeit nur noch die Chance auf den n\u00e4chsten Band zu warten oder wieder von vorne zu beginnen. Dann macht sie doch lieber ein wenig Yoga.<\/p><p>\u00a0<\/p><p>Zwischendurch versuche ich schon mal ein wenig den 6.1 zu konfigurieren. Komischerweise funktioniert das\u00a0auf der Homepage von\u00a0VW \u00d6sterreich besser als VW in Deutschland. Die haben schon eine Langversion der Caravelle online. Denn auf dieser baut unser SpaceCamper auf. Es wird also nicht langweilig.<\/p><p>\u00a0<\/p><\/div><div id=\"cc-m-12547678926\" class=\"j-module n j-textWithImage \"><figure class=\"cc-imagewrapper cc-m-image-align-1\"><img id=\"cc-m-textwithimage-image-12547678926\" class=\"\" src=\"https:\/\/planbwagen.de\/wp-content\/uploads\/2020\/07\/image-5-8.png\" sizes=\"(min-width: 196px) 196px, 100vw\" alt=\"\" data-src-width=\"1242\" data-src-height=\"2688\" data-src=\"https:\/\/planbwagen.de\/wp-content\/uploads\/2020\/07\/image-5-8.png\" data-image-id=\"8108546926\" data-pfsrc=\"https:\/\/planbwagen.de\/wp-content\/uploads\/2020\/07\/image-5-8.png\" \/><\/figure><div><div id=\"cc-m-textwithimage-12547678926\" class=\"cc-m-textwithimage-inline-rte\" data-name=\"text\" data-action=\"text\"><p>*Apropos von A nach B unterwegs zu sein. - Torgit und ich hatten auf der Fahrt von Lissabon noch so ein Mann - Frau Thema: Wir finden es immer wieder spannend, wie unterschiedlich nicht nur wir, sondern viele Menschen ticken. Dies merkt man zum Beispiel an der Art wie jemand einem den Weg beschreibt. Ich w\u00fcrde einen Weg zum Beispiel wie folgt beschreiben: An der n\u00e4chsten Stra\u00dfe biegen Sie rechts ab, folgen der Stra\u00dfe bis zum n\u00e4chsten Stop Schild, dort halten Sie sich links und an der n\u00e4chsten Ampel rechts, dann bis zum Kreisverkehr, erste rechts, nach 50 m links. Torgit w\u00fcrde selbige Tour er so darstellen: Hier vorne an der Ecke beim Schuster biegen Sie rechts ab. Dann gerade aus, vor Kopf an der Apotheke, da halten Sie sich links, vorbei an der gro\u00dfen Kirche, dann kommen Sie in die Querstra\u00dfe, vorbei an dem Edeka, der Sparkasse und der Volksbank. Hinter dem n\u00e4chsten gelben Haus biegen Sie direkt rechts ab. Dann kommen sie an einem Kreisverkehr mit Brunnen. Sobald sie im Kreisverkehr sind, fahren sie direkt rechts in die Stra\u00dfe , mit dem Blumenladen auf der linken Seite. Kurz hinter dem Kiosk auf der rechten Seite, m\u00fcsste das irgendwo sein. - Das komisch daran ist, dass Torgit sicherlich der sachlichere Typ, von uns ist. Die Steinzeit ist \u00fcber 2,5 Millionen Jahre her und dennoch allgegenw\u00e4rtig. Grundlage unseres Gespr\u00e4ches war jedoch, dass ich an einem Autobahnkreuz zu sp\u00e4t erkannt habe, dass ich direkt rechts abbiegen sollte. - Meine Aussage, dann fahre ich halt durch das Kleeblatt, stie\u00df auf Unverst\u00e4ndnis. Torgit wollte bis zur n\u00e4chsten Ausfahrt und dann rechts. Leider kam erschwerend hinzu, dass nach dem zweiten Mal abbiegen das vierte Kleeblatt fehle. Leider\u00a0stand\u00a0im Autobahnkreuz keine Apotheke, Kirche, Volksbank oder Sonstiges zur Erkl\u00e4rung notwendiges\u00a0 zur Verf\u00fcgung, worauf dieses Bildschirmfoto entstand. Theoretisch hat sie es nun verstanden, glaub ich!?!???<\/p><p>(Anm von Torgit: Schon die grossartige Vera F. Birkenbihl hat erkl\u00e4rt, dass M\u00e4nner eine Karte im Kopf haben zum Navigieren und Frauen eben nicht. Darum verstehe ich jetzt gerade nicht, warum die Himmelsrichtungen in Marcs Navigation fehlen?!?!)<\/p><p>\u00a0<\/p><p>\u00a0<\/p><p>Erkenntnis des Tages: Am Tag an dem ich die Frauen verstehe, werde ich nicht nur Bestsellerautor, sondern auch\u00a0schwer reich. ;-)\u00a0 (Anm. von Torgit: Schatz, es ist nicht schlimm, dass Du arm bleibst ;-)\u00a0 \u00a0)<\/p><\/div><\/div><div class=\"cc-clear\">\u00a0<\/div><\/div><div id=\"cc-m-12573483826\" class=\"j-module n j-text \"><p style=\"text-align: right;\"><a class=\"j-calltoaction-link j-calltoaction-link-style-2\" style=\"font-size: 16px; background-color: #ffcc00; border-width: 2px; border-color: #ffcc00; color: #ffffff; user-select: text; padding: 10px 20px; line-height: 1.5; border-radius: 0px; -webkit-appearance: none; margin: 1em 0px;\" title=\"Tag No. 60 - Capri Sonne\" href=\"\/2019\/11\/03\/tag-no-60-capri-sonne\/\" data-action=\"button\" data-title=\"Sunny Side Up\"> Sunny Side Up\u00a0 \u00a0\u00a0<\/a><\/p><p style=\"text-align: right;\"><a class=\"j-calltoaction-link j-calltoaction-link-style-2\" style=\"background-color: #ffcc00; border-width: 2px; border-color: #ffcc00; color: #ffffff; user-select: text; padding: 10px 20px; font-size: 16px; line-height: 1.5; border-radius: 0px; -webkit-appearance: none; margin: 1em 0px;\" title=\"Tag No. 58 - Todos-os-Santos\" href=\"\/2019\/11\/01\/tag-no-58-todos-os-santos\/\" data-action=\"button\" data-title=\"Sunny Side Down\"> Sunny Side Down\u00a0 \u00a0\u00a0<\/a><\/p><\/div><\/div><\/div><div class=\"j-module n j-text j-blog-post--tags-wrapper\"><span class=\"j-blog-post--tags--template\" style=\"display: none;\"><a class=\"j-blog-post--tag\" href=\"https:\/\/www.gluecksmuskel.de\/hectors-reisen\/?tag=tagPlaceholder\">tagPlaceholder<\/a><\/span><span class=\"j-blog-post--tags-label\" style=\"display: none;\">Tags:<\/span><\/div><div class=\"n j-comment\"><div id=\"commentsModule12547504826\"><p id=\"skiptoform12547504826\" class=\"skiptoform\"><a href=\"#\" data-id=\"12547504826\" data-action=\"goToForm\">Kommentar schreiben<\/a><\/p><div id=\"numComments12547504826\" class=\"j-blog-comment-counter\">Kommentare: <i class=\"cc-comments-count\">0<\/i><\/div><ul id=\"commentOutput12547504826\" class=\"com-list-noava\"><li id=\"commentFormContainer12547504826\" class=\"commentstd clearover\"><strong class=\"number\">#1<\/strong><br \/><div class=\"com-meta\">\u00a0<\/div><p><a name=\"commentForm12547504826\"><\/a><\/p><div class=\"commententry cc-com-entry\"><form id=\"commentform12547504826\" action=\"\" enctype=\"application\/x-www-form-urlencoded\" method=\"post\"><div><label class=\"required\" for=\"name12547504826\">Name: *<\/label><br \/><input id=\"name12547504826\" class=\"single\" name=\"name\" type=\"text\" value=\"\" \/><\/div><div><label class=\"required\" for=\"comment12547504826\">Eintrag: *<\/label><br \/><textarea id=\"comment12547504826\" cols=\"80\" name=\"comment\" rows=\"6\"><\/textarea><\/div><div><label class=\"required\" for=\"privacyPolicy12547504826\">Es gilt die <a href=\"\/j\/privacy\" target=\"_blank\" rel=\"noopener noreferrer\">Datenschutzerkl\u00e4rung<\/a>. *<\/label><br \/><input name=\"privacyPolicy\" type=\"hidden\" value=\"0\" \/><input id=\"privacyPolicy12547504826\" name=\"privacyPolicy\" type=\"checkbox\" value=\"1\" \/><\/div><div><input id=\"submit12547504826\" name=\"Senden\" type=\"submit\" value=\"Senden\" \/><\/div><dl class=\"zend_form\"><dt id=\"mandFields-label\"><\/dt><\/dl><div style=\"margin-top: 4px;\">* Pflichtfelder<\/div><\/form><\/div><div class=\"c\">\u00a0<\/div><\/li><\/ul><div id=\"commentError12547504826\" class=\"message-error\" style=\"display: none;\">\u00a0<\/div><div id=\"commentSuccess12547504826\" class=\"message-ok\" style=\"display: none;\">\u00a0<\/div><\/div><p><script>\/\/ <![CDATA[ window.regModule(\"module_comment\", {\"data\":{\"id\":\"12547504826\",\"closed\":\"0\",\"captcha\":\"b8b3d8851730aa29a7e60151c58114c7\",\"avatar\":false,\"lang\":{\"comment\":\"Kommentar\",\"comments\":\"Kommentare\"}}}); \/\/ ]]> <\/script><\/p><\/div><\/article>","_et_gb_content_width":"","footnotes":""},"categories":[8],"tags":[],"class_list":["post-1652","post","type-post","status-publish","format-standard","has-post-thumbnail","hentry","category-portugal"],"_links":{"self":[{"href":"https:\/\/www.planbwagen.de\/es\/wp-json\/wp\/v2\/posts\/1652","targetHints":{"allow":["GET"]}}],"collection":[{"href":"https:\/\/www.planbwagen.de\/es\/wp-json\/wp\/v2\/posts"}],"about":[{"href":"https:\/\/www.planbwagen.de\/es\/wp-json\/wp\/v2\/types\/post"}],"author":[{"embeddable":true,"href":"https:\/\/www.planbwagen.de\/es\/wp-json\/wp\/v2\/users\/1"}],"replies":[{"embeddable":true,"href":"https:\/\/www.planbwagen.de\/es\/wp-json\/wp\/v2\/comments?post=1652"}],"version-history":[{"count":7,"href":"https:\/\/www.planbwagen.de\/es\/wp-json\/wp\/v2\/posts\/1652\/revisions"}],"predecessor-version":[{"id":7803,"href":"https:\/\/www.planbwagen.de\/es\/wp-json\/wp\/v2\/posts\/1652\/revisions\/7803"}],"wp:featuredmedia":[{"embeddable":true,"href":"https:\/\/www.planbwagen.de\/es\/wp-json\/wp\/v2\/media\/3956"}],"wp:attachment":[{"href":"https:\/\/www.planbwagen.de\/es\/wp-json\/wp\/v2\/media?parent=1652"}],"wp:term":[{"taxonomy":"category","embeddable":true,"href":"https:\/\/www.planbwagen.de\/es\/wp-json\/wp\/v2\/categories?post=1652"},{"taxonomy":"post_tag","embeddable":true,"href":"https:\/\/www.planbwagen.de\/es\/wp-json\/wp\/v2\/tags?post=1652"}],"curies":[{"name":"wp","href":"https:\/\/api.w.org\/{rel}","templated":true}]}}